{"id":459578,"date":"2013-12-09T00:10:41","date_gmt":"2013-12-09T01:10:41","guid":{"rendered":"http:\/\/www.eldigitaldeasturias.com\/noticias\/?p=459578"},"modified":"2013-12-09T00:10:41","modified_gmt":"2013-12-09T01:10:41","slug":"el-colombiano-rosero-lanzara-novela-sobre-juan-pablo-i-un-papa-progresista","status":"publish","type":"post","link":"https:\/\/www.eldigitaldeasturias.com\/noticias\/el-colombiano-rosero-lanzara-novela-sobre-juan-pablo-i-un-papa-progresista\/","title":{"rendered":"El colombiano Rosero lanzar\u00e1 novela sobre Juan Pablo I, un Papa \u00abprogresista\u00bb"},"content":{"rendered":"<p><img loading=\"lazy\" decoding=\"async\" class=\"alignleft size-medium wp-image-459579\" alt=\"5780397w\" src=\"https:\/\/www.eldigitaldeasturias.com\/noticias\/wp-content\/uploads\/2013\/12\/5780397w-360x239.jpg\" width=\"360\" height=\"239\" \/>Guadalajara (M\u00e9xico), 8 dic (EFE).- El escritor colombiano Evelio Rosero declar\u00f3 hoy a Efe que a principios del pr\u00f3ximo a\u00f1o lanzar\u00e1 una nueva novela titulada \u00abPlegaria por un Papa envenenado\u00bb que est\u00e1 dedicada a la figura de Juan Pablo I.<\/p>\n<p>\u00abEn 1978 fue elegido como Papa y dur\u00f3 33 d\u00edas en su pontificado. Lo envenenaron la mafia y la curia romanas\u00bb, dijo a Efe Rosero (Bogot\u00e1, 1958) en la Feria Internacional del Libro de Guadalajara (FIL).<\/p>\n<p>\u00abSale en enero de 2014, la termin\u00e9 a principios de este a\u00f1o y es sobre el papa Albino Luciani (1912-1978)\u00bb, alguien \u00abmuy especial\u00bb que tra\u00eda una visi\u00f3n progresista a la Iglesia Cat\u00f3lica incluso m\u00e1s profunda que el papa Francisco, consider\u00f3 el autor.<\/p>\n<p>\u00abInvestigu\u00e9 much\u00edsimos libros alrededor de la vida de Luciani. Se han escrito tambi\u00e9n novelas sobre su vida pero me parecieron m\u00e1s bien comerciales, buscando la venta de libros, que novelas que de verdad reflejaran un compromiso del escritor con la literatura y tambi\u00e9n con una figura hist\u00f3rica\u00bb, agreg\u00f3.<\/p>\n<p>\u00abComparado con lo que yo estudi\u00e9, investigu\u00e9 con la figura de Luciani, lo que ha propuesto el papa Francisco no es nada especial. Ojal\u00e1 s\u00ed sea un poco m\u00e1s radical con cambios que necesita la Iglesia\u00bb y \u00abno nos decepcione\u00bb, dijo Rosero.<\/p>\n<p>Nacido y educado en una familia cat\u00f3lica, Evelio Rosero ha abordado ya en \u00abLos almuerzos\u00bb (2009) problem\u00e1ticas asociadas con la Iglesia Cat\u00f3lica, en aquel caso la situaci\u00f3n de una parroquia en Bogot\u00e1 y la relaci\u00f3n de los sacerdotes con el narcotr\u00e1fico.<\/p>\n<p>En esta ocasi\u00f3n una investigaci\u00f3n seria dejar\u00e1 al descubierto una figura quiz\u00e1s no suficientemente conocida ni bien abordada desde la literatura, como la de Juan Pablo I, que planeaba \u00abcambios importantes\u00bb.<\/p>\n<p>Rosero le da cr\u00e9dito a Luciani por haber atacado \u00abdirectamente a los manejos financieros del Vaticano, que estaban lavando d\u00f3lares de la mafia\u00bb.<\/p>\n<p>Entre sus planes hab\u00eda algunos para \u00abdestituir a prelados importantes del Vaticano\u00bb y por ello \u00abla mafia y la curia lo envenenaron\u00bb, sostiene el escritor.<\/p>\n<p>Rosero respeta sobre todo la cultura de Juan Pablo I y su progresismo.<\/p>\n<p>\u00ab\u00c9l hablaba de una Iglesia de los pobres, realmente pensaba en repartir todos los tesoros de la Iglesia a los pa\u00edses en v\u00edas de desarrollo. Quer\u00eda que las mujeres pudieran llegar al sacerdocio, dar misa; estaba pensando en aceptar el aborto, que es algo a lo que la Iglesia siempre se ha negado\u00bb, indic\u00f3.<\/p>\n<p>Rosero considera que su sucesor, el cardenal Karol Wojtyla, que se convirti\u00f3 en Juan Pablo II, \u00abse dedic\u00f3 solamente a ignorar todo lo que ten\u00eda planteado y planeado Albino Luciani\u00bb, lo que consider\u00f3 una \u00abl\u00e1stima\u00bb.<\/p>\n<p>El escritor no se considera un detractor de la Iglesia Cat\u00f3lica, ni un ac\u00e9rrimo cr\u00edtico de la misma, pero s\u00ed de sus errores, entre los que destaca la pedofilia que desarrollan muchos sacerdotes debido a \u00abcierta vida enfermiza porque viven solos\u00bb.<\/p>\n<p>\u00abLa Iglesia es cuna y centro de la pedofilia m\u00e1s absurda, m\u00e1s atroz, que hay en el mundo\u00bb, asegura el escritor, quien sin embargo valora que tambi\u00e9n la instituci\u00f3n ha contribuido con \u00abseres muy importantes, como el mismo Luciani, fil\u00f3sofos, pensadores, que han aportado a la humanidad\u00bb.<\/p>\n<p>\u00abMi familia es religiosa, mi madre y mi padre eran cat\u00f3licos, apost\u00f3licos, romanos, y ese ambiente que me ha rodeado es el que tambi\u00e9n ha impulsado mis novelas\u00bb, expuso.<\/p>\n<p>Esta semana en Guadalajara, oeste de M\u00e9xico, donde se celebra la m\u00e1s importante feria del libro en espa\u00f1ol de las que se realizan en el a\u00f1o, Rosero ha presentado una reedici\u00f3n de \u00abEn el lejero\u00bb (2003), publicada en su d\u00eda por una editorial universitaria y ahora en Tusquets.<\/p>\n<p>En el libro hay un \u00abtratamiento on\u00edrico-simb\u00f3lico del secuestro\u00bb y el mismo es el \u00abantecedente literario de &#8216;Los Ej\u00e9rcitos'\u00bb (2007), un libro que aborda el mismo tema pero m\u00e1s objetivo, \u00abcasi como una investigaci\u00f3n period\u00edstica\u00bb basada \u00aben la realidad colombiana\u00bb.<\/p>\n<p>Rosero considera que el secuestro es uno de los delitos que m\u00e1s le han afectado como persona y reconoce que en su momento le cre\u00f3 \u00abuna paranoia personal\u00bb.<\/p>\n<p>No obstante, escribiendo del tema logr\u00f3 exorcizar sus temores: \u00abYo no soy el mismo porque despu\u00e9s de escribir sobre eso me di cuenta de que hab\u00eda entregado mi opini\u00f3n, que hab\u00eda hecho lo posible con el medio que yo tengo para comunicarme con el mundo, la literatura\u00bb.<\/p>\n","protected":false},"excerpt":{"rendered":"<p>Guadalajara (M\u00e9xico), 8 dic (EFE).- El escritor colombiano Evelio Rosero declar\u00f3 hoy a Efe que a principios del pr\u00f3ximo a\u00f1o lanzar\u00e1 una nueva novela titulada \u00abPlegaria por un Papa envenenado\u00bb que est\u00e1 dedicada a la figura de Juan Pablo I. \u00abEn 1978 fue elegido como Papa y dur\u00f3 33 d\u00edas en su pontificado. Lo envenenaron [&hellip;]<\/p>\n","protected":false},"author":1,"featured_media":459579,"comment_status":"closed","ping_status":"open","sticky":false,"template":"","format":"standard","meta":{"footnotes":""},"categories":[50],"tags":[],"class_list":["post-459578","post","type-post","status-publish","format-standard","has-post-thumbnail","hentry","category-revista-de-ocio"],"aioseo_notices":[],"aioseo_head":"\n\t\t<!-- All in One SEO Pro 5.0.1 - aioseo.com -->\n\t<meta name=\"description\" content=\"Guadalajara (M\u00e9xico), 8 dic (EFE).- El escritor colombiano Evelio Rosero declar\u00f3 hoy a Efe que a principios del pr\u00f3ximo a\u00f1o lanzar\u00e1 una nueva novela titulada &quot;Plegaria por un Papa envenenado&quot; que est\u00e1 dedicada a la figura de Juan Pablo I. &quot;En 1978 fue elegido como Papa y dur\u00f3 33 d\u00edas en su pontificado. Lo envenenaron\" \/>\n\t<meta name=\"robots\" content=\"max-image-preview:large\" \/>\n\t<meta name=\"author\" content=\"El Digital de Asturias\"\/>\n\t<meta name=\"google-site-verification\" content=\"UA-38556648-1\" \/>\n\t<meta name=\"msvalidate.01\" content=\"7dfe9f3f1b24437ab69f4f2559babe99\" \/>\n\t<meta name=\"keywords\" content=\"revista de ocio\" \/>\n\t<link rel=\"canonical\" href=\"https:\/\/www.eldigitaldeasturias.com\/noticias\/el-colombiano-rosero-lanzara-novela-sobre-juan-pablo-i-un-papa-progresista\/\" \/>\n\t<meta name=\"generator\" content=\"All in One SEO Pro (AIOSEO) 5.0.1\" \/>\n\t\t<meta property=\"og:locale\" content=\"es_ES\" \/>\n\t\t<meta property=\"og:site_name\" content=\"El Digital de Asturias\" \/>\n\t\t<meta property=\"og:type\" content=\"article\" \/>\n\t\t<meta property=\"og:title\" content=\"El colombiano Rosero lanzar\u00e1 novela sobre Juan Pablo I, un Papa \u00abprogresista\u00bb - El Digital de Asturias\" \/>\n\t\t<meta property=\"og:description\" content=\"Guadalajara (M\u00e9xico), 8 dic (EFE).- El escritor colombiano Evelio Rosero declar\u00f3 hoy a Efe que a principios del pr\u00f3ximo a\u00f1o lanzar\u00e1 una nueva novela titulada &quot;Plegaria por un Papa envenenado&quot; que est\u00e1 dedicada a la figura de Juan Pablo I. &quot;En 1978 fue elegido como Papa y dur\u00f3 33 d\u00edas en su pontificado. Lo envenenaron\" \/>\n\t\t<meta property=\"og:url\" content=\"https:\/\/www.eldigitaldeasturias.com\/noticias\/el-colombiano-rosero-lanzara-novela-sobre-juan-pablo-i-un-papa-progresista\/\" \/>\n\t\t<meta property=\"article:tag\" content=\"revista de ocio\" \/>\n\t\t<meta property=\"article:published_time\" content=\"2013-12-09T01:10:41+00:00\" \/>\n\t\t<meta property=\"article:modified_time\" content=\"2013-12-09T01:10:41+00:00\" \/>\n\t\t<meta property=\"article:publisher\" content=\"https:\/\/facebook.com\/eldigitaldeasturias\" \/>\n\t\t<meta name=\"twitter:card\" content=\"summary_large_image\" \/>\n\t\t<meta name=\"twitter:title\" content=\"El colombiano Rosero lanzar\u00e1 novela sobre Juan Pablo I, un Papa \u00abprogresista\u00bb - El Digital de Asturias\" \/>\n\t\t<meta name=\"twitter:description\" content=\"Guadalajara (M\u00e9xico), 8 dic (EFE).- El escritor colombiano Evelio Rosero declar\u00f3 hoy a Efe que a principios del pr\u00f3ximo a\u00f1o lanzar\u00e1 una nueva novela titulada &quot;Plegaria por un Papa envenenado&quot; que est\u00e1 dedicada a la figura de Juan Pablo I. &quot;En 1978 fue elegido como Papa y dur\u00f3 33 d\u00edas en su pontificado. Lo envenenaron\" \/>\n\t\t<meta name=\"twitter:label1\" content=\"Escrito por\" \/>\n\t\t<meta name=\"twitter:data1\" content=\"El Digital de Asturias\" \/>\n\t\t<meta name=\"twitter:label2\" content=\"Tiempo de lectura estimado\" \/>\n\t\t<meta name=\"twitter:data2\" content=\"4 minutos\" \/>\n\t\t<script type=\"application\/ld+json\" class=\"aioseo-schema\">\n\t\t\t{\"@context\":\"https:\\\/\\\/schema.org\",\"@graph\":[{\"@type\":\"BlogPosting\",\"@id\":\"https:\\\/\\\/www.eldigitaldeasturias.com\\\/noticias\\\/el-colombiano-rosero-lanzara-novela-sobre-juan-pablo-i-un-papa-progresista\\\/#blogposting\",\"name\":\"El colombiano Rosero lanzar\\u00e1 novela sobre Juan Pablo I, un Papa \\u00abprogresista\\u00bb - El Digital de Asturias\",\"headline\":\"El colombiano Rosero lanzar\\u00e1 novela sobre Juan Pablo I, un Papa \\u00abprogresista\\u00bb\",\"author\":{\"@id\":\"https:\\\/\\\/www.eldigitaldeasturias.com\\\/noticias\\\/author\\\/admin\\\/#author\"},\"publisher\":{\"@id\":\"https:\\\/\\\/www.eldigitaldeasturias.com\\\/noticias\\\/#organization\"},\"image\":{\"@type\":\"ImageObject\",\"url\":459579},\"datePublished\":\"2013-12-09T00:10:41+01:00\",\"dateModified\":\"2013-12-09T00:10:41+01:00\",\"inLanguage\":\"es-ES\",\"mainEntityOfPage\":{\"@id\":\"https:\\\/\\\/www.eldigitaldeasturias.com\\\/noticias\\\/el-colombiano-rosero-lanzara-novela-sobre-juan-pablo-i-un-papa-progresista\\\/#webpage\"},\"isPartOf\":{\"@id\":\"https:\\\/\\\/www.eldigitaldeasturias.com\\\/noticias\\\/el-colombiano-rosero-lanzara-novela-sobre-juan-pablo-i-un-papa-progresista\\\/#webpage\"},\"articleSection\":\"Revista de Ocio\"},{\"@type\":\"BreadcrumbList\",\"@id\":\"https:\\\/\\\/www.eldigitaldeasturias.com\\\/noticias\\\/el-colombiano-rosero-lanzara-novela-sobre-juan-pablo-i-un-papa-progresista\\\/#breadcrumblist\",\"itemListElement\":[{\"@type\":\"ListItem\",\"@id\":\"https:\\\/\\\/www.eldigitaldeasturias.com\\\/noticias#listItem\",\"position\":1,\"name\":\"Home\",\"item\":\"https:\\\/\\\/www.eldigitaldeasturias.com\\\/noticias\",\"nextItem\":{\"@type\":\"ListItem\",\"@id\":\"https:\\\/\\\/www.eldigitaldeasturias.com\\\/noticias\\\/category\\\/revista-de-ocio\\\/#listItem\",\"name\":\"Revista de Ocio\"}},{\"@type\":\"ListItem\",\"@id\":\"https:\\\/\\\/www.eldigitaldeasturias.com\\\/noticias\\\/category\\\/revista-de-ocio\\\/#listItem\",\"position\":2,\"name\":\"Revista de Ocio\",\"item\":\"https:\\\/\\\/www.eldigitaldeasturias.com\\\/noticias\\\/category\\\/revista-de-ocio\\\/\",\"nextItem\":{\"@type\":\"ListItem\",\"@id\":\"https:\\\/\\\/www.eldigitaldeasturias.com\\\/noticias\\\/el-colombiano-rosero-lanzara-novela-sobre-juan-pablo-i-un-papa-progresista\\\/#listItem\",\"name\":\"El colombiano Rosero lanzar\\u00e1 novela sobre Juan Pablo I, un Papa \\u00abprogresista\\u00bb\"},\"previousItem\":{\"@type\":\"ListItem\",\"@id\":\"https:\\\/\\\/www.eldigitaldeasturias.com\\\/noticias#listItem\",\"name\":\"Home\"}},{\"@type\":\"ListItem\",\"@id\":\"https:\\\/\\\/www.eldigitaldeasturias.com\\\/noticias\\\/el-colombiano-rosero-lanzara-novela-sobre-juan-pablo-i-un-papa-progresista\\\/#listItem\",\"position\":3,\"name\":\"El colombiano Rosero lanzar\\u00e1 novela sobre Juan Pablo I, un Papa \\u00abprogresista\\u00bb\",\"previousItem\":{\"@type\":\"ListItem\",\"@id\":\"https:\\\/\\\/www.eldigitaldeasturias.com\\\/noticias\\\/category\\\/revista-de-ocio\\\/#listItem\",\"name\":\"Revista de Ocio\"}}]},{\"@type\":\"Organization\",\"@id\":\"https:\\\/\\\/www.eldigitaldeasturias.com\\\/noticias\\\/#organization\",\"name\":\"El Digital de Asturias\",\"description\":\"Hemeroteca\",\"url\":\"https:\\\/\\\/www.eldigitaldeasturias.com\\\/noticias\\\/\",\"email\":\"info@eldigitaldeasturias.com\",\"telephone\":\"+34652131393\",\"logo\":{\"@type\":\"ImageObject\",\"url\":\"https:\\\/\\\/www.eldigitaldeasturias.com\\\/noticias\\\/wp-content\\\/uploads\\\/2020\\\/12\\\/EDA.jpg\",\"@id\":\"https:\\\/\\\/www.eldigitaldeasturias.com\\\/noticias\\\/el-colombiano-rosero-lanzara-novela-sobre-juan-pablo-i-un-papa-progresista\\\/#organizationLogo\"},\"image\":{\"@id\":\"https:\\\/\\\/www.eldigitaldeasturias.com\\\/noticias\\\/el-colombiano-rosero-lanzara-novela-sobre-juan-pablo-i-un-papa-progresista\\\/#organizationLogo\"},\"sameAs\":[\"https:\\\/\\\/facebook.com\\\/eldigitaldeasturias\",\"https:\\\/\\\/www.youtube.com\\\/channel\\\/UCZP-2wLEB9Rv6erhFmqVnvg\"],\"address\":{\"@id\":\"https:\\\/\\\/www.eldigitaldeasturias.com\\\/noticias\\\/#postaladdress\",\"@type\":\"PostalAddress\",\"streetAddress\":\"san antonio 4\",\"postalCode\":\"33430\",\"addressLocality\":\"Cand\\u00e1s\",\"addressRegion\":\"Asturias\",\"addressCountry\":\"ES\"}},{\"@type\":\"Person\",\"@id\":\"https:\\\/\\\/www.eldigitaldeasturias.com\\\/noticias\\\/author\\\/admin\\\/#author\",\"url\":\"https:\\\/\\\/www.eldigitaldeasturias.com\\\/noticias\\\/author\\\/admin\\\/\",\"name\":\"El Digital de Asturias\",\"image\":{\"@type\":\"ImageObject\",\"@id\":\"https:\\\/\\\/www.eldigitaldeasturias.com\\\/noticias\\\/el-colombiano-rosero-lanzara-novela-sobre-juan-pablo-i-un-papa-progresista\\\/#authorImage\",\"url\":\"https:\\\/\\\/secure.gravatar.com\\\/avatar\\\/df2aeffc32bcd13f8d26072ef8a91b623d677766deac7f97ca815868cd41bf5e?s=96&d=mm&r=g\",\"width\":96,\"height\":96,\"caption\":\"El Digital de Asturias\"}},{\"@type\":\"WebPage\",\"@id\":\"https:\\\/\\\/www.eldigitaldeasturias.com\\\/noticias\\\/el-colombiano-rosero-lanzara-novela-sobre-juan-pablo-i-un-papa-progresista\\\/#webpage\",\"url\":\"https:\\\/\\\/www.eldigitaldeasturias.com\\\/noticias\\\/el-colombiano-rosero-lanzara-novela-sobre-juan-pablo-i-un-papa-progresista\\\/\",\"name\":\"El colombiano Rosero lanzar\\u00e1 novela sobre Juan Pablo I, un Papa \\u00abprogresista\\u00bb - El Digital de Asturias\",\"description\":\"Guadalajara (M\\u00e9xico), 8 dic (EFE).- El escritor colombiano Evelio Rosero declar\\u00f3 hoy a Efe que a principios del pr\\u00f3ximo a\\u00f1o lanzar\\u00e1 una nueva novela titulada \\\"Plegaria por un Papa envenenado\\\" que est\\u00e1 dedicada a la figura de Juan Pablo I. \\\"En 1978 fue elegido como Papa y dur\\u00f3 33 d\\u00edas en su pontificado. Lo envenenaron\",\"inLanguage\":\"es-ES\",\"isPartOf\":{\"@id\":\"https:\\\/\\\/www.eldigitaldeasturias.com\\\/noticias\\\/#website\"},\"breadcrumb\":{\"@id\":\"https:\\\/\\\/www.eldigitaldeasturias.com\\\/noticias\\\/el-colombiano-rosero-lanzara-novela-sobre-juan-pablo-i-un-papa-progresista\\\/#breadcrumblist\"},\"author\":{\"@id\":\"https:\\\/\\\/www.eldigitaldeasturias.com\\\/noticias\\\/author\\\/admin\\\/#author\"},\"creator\":{\"@id\":\"https:\\\/\\\/www.eldigitaldeasturias.com\\\/noticias\\\/author\\\/admin\\\/#author\"},\"image\":{\"@type\":\"ImageObject\",\"url\":459579,\"@id\":\"https:\\\/\\\/www.eldigitaldeasturias.com\\\/noticias\\\/el-colombiano-rosero-lanzara-novela-sobre-juan-pablo-i-un-papa-progresista\\\/#mainImage\"},\"primaryImageOfPage\":{\"@id\":\"https:\\\/\\\/www.eldigitaldeasturias.com\\\/noticias\\\/el-colombiano-rosero-lanzara-novela-sobre-juan-pablo-i-un-papa-progresista\\\/#mainImage\"},\"datePublished\":\"2013-12-09T00:10:41+01:00\",\"dateModified\":\"2013-12-09T00:10:41+01:00\"},{\"@type\":\"WebSite\",\"@id\":\"https:\\\/\\\/www.eldigitaldeasturias.com\\\/noticias\\\/#website\",\"url\":\"https:\\\/\\\/www.eldigitaldeasturias.com\\\/noticias\\\/\",\"name\":\"El Digital de Asturias - Diario de actualidad y noticias\",\"alternateName\":\"El Digital de Asturias - Diario de actualidad y noticias\",\"description\":\"Hemeroteca\",\"inLanguage\":\"es-ES\",\"publisher\":{\"@id\":\"https:\\\/\\\/www.eldigitaldeasturias.com\\\/noticias\\\/#organization\"}}]}\n\t\t<\/script>\n\t\t<!-- All in One SEO Pro -->\r\n\t\t<title>El colombiano Rosero lanzar\u00e1 novela sobre Juan Pablo I, un Papa \u00abprogresista\u00bb - El Digital de Asturias<\/title>\n\n","aioseo_head_json":{"title":"El colombiano Rosero lanzar\u00e1 novela sobre Juan Pablo I, un Papa \u00abprogresista\u00bb - El Digital de Asturias","description":"Guadalajara (M\u00e9xico), 8 dic (EFE).- El escritor colombiano Evelio Rosero declar\u00f3 hoy a Efe que a principios del pr\u00f3ximo a\u00f1o lanzar\u00e1 una nueva novela titulada \"Plegaria por un Papa envenenado\" que est\u00e1 dedicada a la figura de Juan Pablo I. \"En 1978 fue elegido como Papa y dur\u00f3 33 d\u00edas en su pontificado. Lo envenenaron","canonical_url":"https:\/\/www.eldigitaldeasturias.com\/noticias\/el-colombiano-rosero-lanzara-novela-sobre-juan-pablo-i-un-papa-progresista\/","robots":"max-image-preview:large","keywords":"revista de ocio","webmasterTools":{"google-site-verification":"UA-38556648-1","msvalidate.01":"7dfe9f3f1b24437ab69f4f2559babe99","miscellaneous":""},"schema":{"@context":"https:\/\/schema.org","@graph":[{"@type":"BlogPosting","@id":"https:\/\/www.eldigitaldeasturias.com\/noticias\/el-colombiano-rosero-lanzara-novela-sobre-juan-pablo-i-un-papa-progresista\/#blogposting","name":"El colombiano Rosero lanzar\u00e1 novela sobre Juan Pablo I, un Papa \u00abprogresista\u00bb - El Digital de Asturias","headline":"El colombiano Rosero lanzar\u00e1 novela sobre Juan Pablo I, un Papa \u00abprogresista\u00bb","author":{"@id":"https:\/\/www.eldigitaldeasturias.com\/noticias\/author\/admin\/#author"},"publisher":{"@id":"https:\/\/www.eldigitaldeasturias.com\/noticias\/#organization"},"image":{"@type":"ImageObject","url":459579},"datePublished":"2013-12-09T00:10:41+01:00","dateModified":"2013-12-09T00:10:41+01:00","inLanguage":"es-ES","mainEntityOfPage":{"@id":"https:\/\/www.eldigitaldeasturias.com\/noticias\/el-colombiano-rosero-lanzara-novela-sobre-juan-pablo-i-un-papa-progresista\/#webpage"},"isPartOf":{"@id":"https:\/\/www.eldigitaldeasturias.com\/noticias\/el-colombiano-rosero-lanzara-novela-sobre-juan-pablo-i-un-papa-progresista\/#webpage"},"articleSection":"Revista de Ocio"},{"@type":"BreadcrumbList","@id":"https:\/\/www.eldigitaldeasturias.com\/noticias\/el-colombiano-rosero-lanzara-novela-sobre-juan-pablo-i-un-papa-progresista\/#breadcrumblist","itemListElement":[{"@type":"ListItem","@id":"https:\/\/www.eldigitaldeasturias.com\/noticias#listItem","position":1,"name":"Home","item":"https:\/\/www.eldigitaldeasturias.com\/noticias","nextItem":{"@type":"ListItem","@id":"https:\/\/www.eldigitaldeasturias.com\/noticias\/category\/revista-de-ocio\/#listItem","name":"Revista de Ocio"}},{"@type":"ListItem","@id":"https:\/\/www.eldigitaldeasturias.com\/noticias\/category\/revista-de-ocio\/#listItem","position":2,"name":"Revista de Ocio","item":"https:\/\/www.eldigitaldeasturias.com\/noticias\/category\/revista-de-ocio\/","nextItem":{"@type":"ListItem","@id":"https:\/\/www.eldigitaldeasturias.com\/noticias\/el-colombiano-rosero-lanzara-novela-sobre-juan-pablo-i-un-papa-progresista\/#listItem","name":"El colombiano Rosero lanzar\u00e1 novela sobre Juan Pablo I, un Papa \u00abprogresista\u00bb"},"previousItem":{"@type":"ListItem","@id":"https:\/\/www.eldigitaldeasturias.com\/noticias#listItem","name":"Home"}},{"@type":"ListItem","@id":"https:\/\/www.eldigitaldeasturias.com\/noticias\/el-colombiano-rosero-lanzara-novela-sobre-juan-pablo-i-un-papa-progresista\/#listItem","position":3,"name":"El colombiano Rosero lanzar\u00e1 novela sobre Juan Pablo I, un Papa \u00abprogresista\u00bb","previousItem":{"@type":"ListItem","@id":"https:\/\/www.eldigitaldeasturias.com\/noticias\/category\/revista-de-ocio\/#listItem","name":"Revista de Ocio"}}]},{"@type":"Organization","@id":"https:\/\/www.eldigitaldeasturias.com\/noticias\/#organization","name":"El Digital de Asturias","description":"Hemeroteca","url":"https:\/\/www.eldigitaldeasturias.com\/noticias\/","email":"info@eldigitaldeasturias.com","telephone":"+34652131393","logo":{"@type":"ImageObject","url":"https:\/\/www.eldigitaldeasturias.com\/noticias\/wp-content\/uploads\/2020\/12\/EDA.jpg","@id":"https:\/\/www.eldigitaldeasturias.com\/noticias\/el-colombiano-rosero-lanzara-novela-sobre-juan-pablo-i-un-papa-progresista\/#organizationLogo"},"image":{"@id":"https:\/\/www.eldigitaldeasturias.com\/noticias\/el-colombiano-rosero-lanzara-novela-sobre-juan-pablo-i-un-papa-progresista\/#organizationLogo"},"sameAs":["https:\/\/facebook.com\/eldigitaldeasturias","https:\/\/www.youtube.com\/channel\/UCZP-2wLEB9Rv6erhFmqVnvg"],"address":{"@id":"https:\/\/www.eldigitaldeasturias.com\/noticias\/#postaladdress","@type":"PostalAddress","streetAddress":"san antonio 4","postalCode":"33430","addressLocality":"Cand\u00e1s","addressRegion":"Asturias","addressCountry":"ES"}},{"@type":"Person","@id":"https:\/\/www.eldigitaldeasturias.com\/noticias\/author\/admin\/#author","url":"https:\/\/www.eldigitaldeasturias.com\/noticias\/author\/admin\/","name":"El Digital de Asturias","image":{"@type":"ImageObject","@id":"https:\/\/www.eldigitaldeasturias.com\/noticias\/el-colombiano-rosero-lanzara-novela-sobre-juan-pablo-i-un-papa-progresista\/#authorImage","url":"https:\/\/secure.gravatar.com\/avatar\/df2aeffc32bcd13f8d26072ef8a91b623d677766deac7f97ca815868cd41bf5e?s=96&d=mm&r=g","width":96,"height":96,"caption":"El Digital de Asturias"}},{"@type":"WebPage","@id":"https:\/\/www.eldigitaldeasturias.com\/noticias\/el-colombiano-rosero-lanzara-novela-sobre-juan-pablo-i-un-papa-progresista\/#webpage","url":"https:\/\/www.eldigitaldeasturias.com\/noticias\/el-colombiano-rosero-lanzara-novela-sobre-juan-pablo-i-un-papa-progresista\/","name":"El colombiano Rosero lanzar\u00e1 novela sobre Juan Pablo I, un Papa \u00abprogresista\u00bb - El Digital de Asturias","description":"Guadalajara (M\u00e9xico), 8 dic (EFE).- El escritor colombiano Evelio Rosero declar\u00f3 hoy a Efe que a principios del pr\u00f3ximo a\u00f1o lanzar\u00e1 una nueva novela titulada \"Plegaria por un Papa envenenado\" que est\u00e1 dedicada a la figura de Juan Pablo I. \"En 1978 fue elegido como Papa y dur\u00f3 33 d\u00edas en su pontificado. Lo envenenaron","inLanguage":"es-ES","isPartOf":{"@id":"https:\/\/www.eldigitaldeasturias.com\/noticias\/#website"},"breadcrumb":{"@id":"https:\/\/www.eldigitaldeasturias.com\/noticias\/el-colombiano-rosero-lanzara-novela-sobre-juan-pablo-i-un-papa-progresista\/#breadcrumblist"},"author":{"@id":"https:\/\/www.eldigitaldeasturias.com\/noticias\/author\/admin\/#author"},"creator":{"@id":"https:\/\/www.eldigitaldeasturias.com\/noticias\/author\/admin\/#author"},"image":{"@type":"ImageObject","url":459579,"@id":"https:\/\/www.eldigitaldeasturias.com\/noticias\/el-colombiano-rosero-lanzara-novela-sobre-juan-pablo-i-un-papa-progresista\/#mainImage"},"primaryImageOfPage":{"@id":"https:\/\/www.eldigitaldeasturias.com\/noticias\/el-colombiano-rosero-lanzara-novela-sobre-juan-pablo-i-un-papa-progresista\/#mainImage"},"datePublished":"2013-12-09T00:10:41+01:00","dateModified":"2013-12-09T00:10:41+01:00"},{"@type":"WebSite","@id":"https:\/\/www.eldigitaldeasturias.com\/noticias\/#website","url":"https:\/\/www.eldigitaldeasturias.com\/noticias\/","name":"El Digital de Asturias - Diario de actualidad y noticias","alternateName":"El Digital de Asturias - Diario de actualidad y noticias","description":"Hemeroteca","inLanguage":"es-ES","publisher":{"@id":"https:\/\/www.eldigitaldeasturias.com\/noticias\/#organization"}}]},"og:locale":"es_ES","og:site_name":"El Digital de Asturias","og:type":"article","og:title":"El colombiano Rosero lanzar\u00e1 novela sobre Juan Pablo I, un Papa \u00abprogresista\u00bb - El Digital de Asturias","og:description":"Guadalajara (M\u00e9xico), 8 dic (EFE).- El escritor colombiano Evelio Rosero declar\u00f3 hoy a Efe que a principios del pr\u00f3ximo a\u00f1o lanzar\u00e1 una nueva novela titulada &quot;Plegaria por un Papa envenenado&quot; que est\u00e1 dedicada a la figura de Juan Pablo I. &quot;En 1978 fue elegido como Papa y dur\u00f3 33 d\u00edas en su pontificado. Lo envenenaron","og:url":"https:\/\/www.eldigitaldeasturias.com\/noticias\/el-colombiano-rosero-lanzara-novela-sobre-juan-pablo-i-un-papa-progresista\/","article:tag":["revista de ocio"],"article:published_time":"2013-12-09T01:10:41+00:00","article:modified_time":"2013-12-09T01:10:41+00:00","article:publisher":"https:\/\/facebook.com\/eldigitaldeasturias","twitter:card":"summary_large_image","twitter:title":"El colombiano Rosero lanzar\u00e1 novela sobre Juan Pablo I, un Papa \u00abprogresista\u00bb - El Digital de Asturias","twitter:description":"Guadalajara (M\u00e9xico), 8 dic (EFE).- El escritor colombiano Evelio Rosero declar\u00f3 hoy a Efe que a principios del pr\u00f3ximo a\u00f1o lanzar\u00e1 una nueva novela titulada &quot;Plegaria por un Papa envenenado&quot; que est\u00e1 dedicada a la figura de Juan Pablo I. &quot;En 1978 fue elegido como Papa y dur\u00f3 33 d\u00edas en su pontificado. Lo envenenaron","twitter:label1":"Escrito por","twitter:data1":"El Digital de Asturias","twitter:label2":"Tiempo de lectura estimado","twitter:data2":"4 minutos"},"aioseo_meta_data":{"post_id":"459578","title":null,"description":null,"keywords":null,"keyphrases":null,"primary_term":null,"canonical_url":null,"og_title":null,"og_description":null,"og_object_type":"default","og_image_type":"default","og_image_url":null,"og_image_width":null,"og_image_height":null,"og_image_custom_url":null,"og_image_custom_fields":null,"og_video":null,"og_custom_url":null,"og_article_section":null,"og_article_tags":null,"twitter_use_og":true,"twitter_card":"default","twitter_image_type":"default","twitter_image_url":null,"twitter_image_custom_url":null,"twitter_image_custom_fields":null,"twitter_title":null,"twitter_description":null,"schema":{"blockGraphs":[],"customGraphs":[],"default":{"data":{"Article":[],"Course":[],"Dataset":[],"FAQPage":[],"Movie":[],"Person":[],"Product":[],"ProductReview":[],"Car":[],"Recipe":[],"Service":[],"SoftwareApplication":[],"WebPage":[]},"graphName":"","isEnabled":true},"graphs":[],"defaultGraph":"","defaultPostTypeGraph":""},"schema_type":null,"schema_type_options":null,"pillar_content":false,"robots_default":true,"robots_noindex":false,"robots_noarchive":false,"robots_nosnippet":false,"robots_nofollow":false,"robots_noimageindex":false,"robots_noodp":false,"robots_notranslate":false,"robots_max_snippet":null,"robots_max_videopreview":null,"robots_max_imagepreview":"none","priority":null,"frequency":null,"local_seo":null,"seo_analyzer_scan_date":"2026-05-30 09:48:04","breadcrumb_settings":null,"limit_modified_date":false,"open_ai":null,"ai":null,"created":"2020-11-14 22:47:36","updated":"2026-05-30 09:48:04","focus_keyword":null,"additional_keywords":null,"truseo_locale":null},"aioseo_breadcrumb":"<div class=\"aioseo-breadcrumbs\"><span class=\"aioseo-breadcrumb\">\n\t<a href=\"https:\/\/www.eldigitaldeasturias.com\/noticias\" title=\"Home\">Home<\/a>\n<\/span><span class=\"aioseo-breadcrumb-separator\">\u2013<\/span><span class=\"aioseo-breadcrumb\">\n\t<a href=\"https:\/\/www.eldigitaldeasturias.com\/noticias\/category\/revista-de-ocio\/\" title=\"Revista de Ocio\">Revista de Ocio<\/a>\n<\/span><span class=\"aioseo-breadcrumb-separator\">\u2013<\/span><span class=\"aioseo-breadcrumb\">\n\t<a href=\"https:\/\/www.eldigitaldeasturias.com\/noticias\/el-colombiano-rosero-lanzara-novela-sobre-juan-pablo-i-un-papa-progresista\/\" title=\"El colombiano Rosero lanzar\u00e1 novela sobre Juan Pablo I, un Papa \u00abprogresista\u00bb\">El colombiano Rosero lanzar\u00e1 novela sobre Juan Pablo I, un Papa \u00abprogresista\u00bb<\/a>\n<\/span><\/div>","aioseo_breadcrumb_json":[{"label":"Home","link":"https:\/\/www.eldigitaldeasturias.com\/noticias"},{"label":"Revista de Ocio","link":"https:\/\/www.eldigitaldeasturias.com\/noticias\/category\/revista-de-ocio\/"},{"label":"El colombiano Rosero lanzar\u00e1 novela sobre Juan Pablo I, un Papa \u00abprogresista\u00bb","link":"https:\/\/www.eldigitaldeasturias.com\/noticias\/el-colombiano-rosero-lanzara-novela-sobre-juan-pablo-i-un-papa-progresista\/"}],"_links":{"self":[{"href":"https:\/\/www.eldigitaldeasturias.com\/noticias\/wp-json\/wp\/v2\/posts\/459578","targetHints":{"allow":["GET"]}}],"collection":[{"href":"https:\/\/www.eldigitaldeasturias.com\/noticias\/wp-json\/wp\/v2\/posts"}],"about":[{"href":"https:\/\/www.eldigitaldeasturias.com\/noticias\/wp-json\/wp\/v2\/types\/post"}],"author":[{"embeddable":true,"href":"https:\/\/www.eldigitaldeasturias.com\/noticias\/wp-json\/wp\/v2\/users\/1"}],"replies":[{"embeddable":true,"href":"https:\/\/www.eldigitaldeasturias.com\/noticias\/wp-json\/wp\/v2\/comments?post=459578"}],"version-history":[{"count":0,"href":"https:\/\/www.eldigitaldeasturias.com\/noticias\/wp-json\/wp\/v2\/posts\/459578\/revisions"}],"wp:attachment":[{"href":"https:\/\/www.eldigitaldeasturias.com\/noticias\/wp-json\/wp\/v2\/media?parent=459578"}],"wp:term":[{"taxonomy":"category","embeddable":true,"href":"https:\/\/www.eldigitaldeasturias.com\/noticias\/wp-json\/wp\/v2\/categories?post=459578"},{"taxonomy":"post_tag","embeddable":true,"href":"https:\/\/www.eldigitaldeasturias.com\/noticias\/wp-json\/wp\/v2\/tags?post=459578"}],"curies":[{"name":"wp","href":"https:\/\/api.w.org\/{rel}","templated":true}]}}