{"id":459501,"date":"2013-12-08T22:40:36","date_gmt":"2013-12-08T23:40:36","guid":{"rendered":"http:\/\/www.eldigitaldeasturias.com\/noticias\/?p=459501"},"modified":"2013-12-08T22:40:36","modified_gmt":"2013-12-08T23:40:36","slug":"el-grafiti-se-apropia-de-cartagena-de-indias","status":"publish","type":"post","link":"https:\/\/www.eldigitaldeasturias.com\/noticias\/el-grafiti-se-apropia-de-cartagena-de-indias\/","title":{"rendered":"El grafiti se apropia de Cartagena de Indias"},"content":{"rendered":"<p><img loading=\"lazy\" decoding=\"async\" class=\"alignleft size-medium wp-image-459502\" alt=\"5780242w\" src=\"https:\/\/www.eldigitaldeasturias.com\/noticias\/wp-content\/uploads\/2013\/12\/5780242w-360x202.jpg\" width=\"360\" height=\"202\" \/>Cartagena (Colombia), 8 dic (EFE).- El barrio de Getseman\u00ed, uno de los m\u00e1s populares de Cartagena de Indias, amaneci\u00f3 hoy repleto de vistosos grafiti tras una intervenci\u00f3n art\u00edstica que busca recuperar el legado cultural de esta tur\u00edstica ciudad del Caribe colombiano.<\/p>\n<p>La iniciativa se enmarc\u00f3 en el primer Festival Internacional de Arte Urbano de Colombia, en el que durante una semana han participado reconocidos grafiteros como El Pez de Espa\u00f1a y Jade de Per\u00fa, as\u00ed como los colombianos Ospen, Dexs, Skida, Ecks, Cazdos, Zas, Yurika, Djlu, Bicromo, Chirrete, Plaga, Sem, Shot, Franco y Cero.<\/p>\n<p>Entre todos pintaron 40 muros con el prop\u00f3sito de rescatar la memoria cultural e hist\u00f3rica de esta ic\u00f3nica barriada, ubicada en los extramuros de Cartagena, una zona donde durante la Colonia viv\u00edan sirvientes y ciudadanos de segunda categor\u00eda, pero que alberga una arquitectura digna de mantener.<\/p>\n<p>La iniciativa, conocida como Ciudad Mural, se forj\u00f3 hace un a\u00f1o cuando la empresa V\u00e9rtigo Graffiti, creada en 2009 para promover el arte urbano, pint\u00f3 el grafiti m\u00e1s grande de Colombia, llamado \u00abPrisma Afro\u00bb, en un edificio del centro de Cartagena de Indias.<\/p>\n<p>\u00abEmpezamos a darnos cuenta que hab\u00eda un movimiento cultural muy importante, que hab\u00eda historias por contar y que hab\u00eda una cantidad de muros en estado de deterioro que era interesante intervenir de manera art\u00edstica\u00bb, explic\u00f3 a Efe el director de creatividad de V\u00e9rtigo Graffiti, Camilo Fidel L\u00f3pez.<\/p>\n<p>\u00abLa idea principal de los murales fue hacer un reconocimiento de lo que se est\u00e1 perdiendo en Getseman\u00ed, su historia, su legado, sus an\u00e9cdotas y lo que no se est\u00e1 oyendo, que son sus preocupaciones\u00bb, agreg\u00f3 L\u00f3pez, para destacar que \u00ablos artistas se inspiraron en las historias y vivencias de la comunidad\u00bb.<\/p>\n<p>Esos murales expresan desde nuevos procesos urban\u00edsticos que surgen en Getseman\u00ed impulsados por el creciente turismo, hasta historias de segregaci\u00f3n racial y desplazamiento a causa de la \u00abgentrificaci\u00f3n\u00bb, como se denomina al proceso de transformaci\u00f3n urbana y revalorizaci\u00f3n de un barrio hist\u00f3ricamente excluido con la llegada de ciudadanos con alto poder adquisitivo.<\/p>\n<p>En sus murales, los grafiteros representaron a sus l\u00edderes, entre ellos a Pedro Romero, quien el 11 de noviembre de 1811 impuls\u00f3 la independencia de Cartagena frente a la Corona espa\u00f1ola desde Getseman\u00ed.<\/p>\n<p>Esos murales muestran la resistencia pero tambi\u00e9n hechos hist\u00f3ricos, tales como las incursiones piratas entre los siglos XVI y XVIII y a personajes ic\u00f3nicos como las palanqueras, las vendedoras de frutas que invaden las calles de Cartagena, as\u00ed como al patrimonio natural, con la presentaci\u00f3n de tortugas, delfines, peces voladores.<\/p>\n<p>\u00abGetseman\u00ed es el para\u00edso para cualquier artista urbano porque hay muchas paredes en blanco en estado de deterioro y vimos que aqu\u00ed se daban unos procesos culturales muy interesantes que hac\u00edan propicio el ambiente para hacer un festival de arte urbano\u00bb, indic\u00f3 L\u00f3pez.<\/p>\n<p>\u00abLa comunidad nos coment\u00f3 todos sus problemas, nos comparti\u00f3 sus dilemas y las circunstancias por las que est\u00e1n atravesando\u00bb, a\u00f1adi\u00f3.<\/p>\n<p>Y los artistas afrontaron el reto de trabajar en una ciudad con un patrimonio de alto valor tangible, pero tambi\u00e9n intangible. relacionado con la cultura y las tradiciones orales: \u00abLo que hicimos fue plasmar todas esas memorias en los muros\u00bb, agreg\u00f3 L\u00f3pez.<\/p>\n<p>En los grafiti se leen mensajes que revelan realidades muy complejas. Uno de ellos contiene la frase \u00abno le pegue a la negra\u00bb, perteneciente a canci\u00f3n de Joe Arroyo que denuncia el maltrato hacia la raza y la violencia que representa la prostituci\u00f3n.<\/p>\n<p>Otro tiene la leyenda en lat\u00edn \u00abnoli me tangere\u00bb (no me toques), el t\u00edtulo del libro del filipino que forj\u00f3 la independencia de su pa\u00eds, Jos\u00e9 Rizal, contempor\u00e1neo del cubano Jos\u00e9 Mart\u00ed, \u00aben referencia al olvido de las administraciones p\u00fablicas\u00bb, apunt\u00f3 el representante de V\u00e9rtigo Graffiti.<\/p>\n<p>Se trata, matiz\u00f3, de \u00abuna invitaci\u00f3n a la reflexi\u00f3n\u00bb.<\/p>\n<p>\u00abLo que queremos es que la gente se d\u00e9 un paseo por Getseman\u00ed, tenga una clase de historia en los muros y conozca la realidad de esta comunidad afrodescendiente que por generaciones ha vivido en una constante resistencia\u00bb, concluy\u00f3 satisfecho por el trabajo realizada durante este festival llamado \u00abCiudad Mural\u00bb.<\/p>\n<p>Ricardo Maldonado Rozo<\/p>\n","protected":false},"excerpt":{"rendered":"<p>Cartagena (Colombia), 8 dic (EFE).- El barrio de Getseman\u00ed, uno de los m\u00e1s populares de Cartagena de Indias, amaneci\u00f3 hoy repleto de vistosos grafiti tras una intervenci\u00f3n art\u00edstica que busca recuperar el legado cultural de esta tur\u00edstica ciudad del Caribe colombiano. La iniciativa se enmarc\u00f3 en el primer Festival Internacional de Arte Urbano de Colombia, [&hellip;]<\/p>\n","protected":false},"author":1,"featured_media":459502,"comment_status":"closed","ping_status":"open","sticky":false,"template":"","format":"standard","meta":{"footnotes":""},"categories":[28],"tags":[],"class_list":["post-459501","post","type-post","status-publish","format-standard","has-post-thumbnail","hentry","category-sociedad"],"aioseo_notices":[],"aioseo_head":"\n\t\t<!-- All in One SEO Pro 5.0.1 - aioseo.com -->\n\t<meta name=\"description\" content=\"Cartagena (Colombia), 8 dic (EFE).- El barrio de Getseman\u00ed, uno de los m\u00e1s populares de Cartagena de Indias, amaneci\u00f3 hoy repleto de vistosos grafiti tras una intervenci\u00f3n art\u00edstica que busca recuperar el legado cultural de esta tur\u00edstica ciudad del Caribe colombiano. La iniciativa se enmarc\u00f3 en el primer Festival Internacional de Arte Urbano de Colombia,\" \/>\n\t<meta name=\"robots\" content=\"max-image-preview:large\" \/>\n\t<meta name=\"author\" content=\"El Digital de Asturias\"\/>\n\t<meta name=\"google-site-verification\" content=\"UA-38556648-1\" \/>\n\t<meta name=\"msvalidate.01\" content=\"7dfe9f3f1b24437ab69f4f2559babe99\" \/>\n\t<meta name=\"keywords\" content=\"sociedad\" \/>\n\t<link rel=\"canonical\" href=\"https:\/\/www.eldigitaldeasturias.com\/noticias\/el-grafiti-se-apropia-de-cartagena-de-indias\/\" \/>\n\t<meta name=\"generator\" content=\"All in One SEO Pro (AIOSEO) 5.0.1\" \/>\n\t\t<meta property=\"og:locale\" content=\"es_ES\" \/>\n\t\t<meta property=\"og:site_name\" content=\"El Digital de Asturias\" \/>\n\t\t<meta property=\"og:type\" content=\"article\" \/>\n\t\t<meta property=\"og:title\" content=\"El grafiti se apropia de Cartagena de Indias - El Digital de Asturias\" \/>\n\t\t<meta property=\"og:description\" content=\"Cartagena (Colombia), 8 dic (EFE).- El barrio de Getseman\u00ed, uno de los m\u00e1s populares de Cartagena de Indias, amaneci\u00f3 hoy repleto de vistosos grafiti tras una intervenci\u00f3n art\u00edstica que busca recuperar el legado cultural de esta tur\u00edstica ciudad del Caribe colombiano. La iniciativa se enmarc\u00f3 en el primer Festival Internacional de Arte Urbano de Colombia,\" \/>\n\t\t<meta property=\"og:url\" content=\"https:\/\/www.eldigitaldeasturias.com\/noticias\/el-grafiti-se-apropia-de-cartagena-de-indias\/\" \/>\n\t\t<meta property=\"article:tag\" content=\"sociedad\" \/>\n\t\t<meta property=\"article:published_time\" content=\"2013-12-08T23:40:36+00:00\" \/>\n\t\t<meta property=\"article:modified_time\" content=\"2013-12-08T23:40:36+00:00\" \/>\n\t\t<meta property=\"article:publisher\" content=\"https:\/\/facebook.com\/eldigitaldeasturias\" \/>\n\t\t<meta name=\"twitter:card\" content=\"summary_large_image\" \/>\n\t\t<meta name=\"twitter:title\" content=\"El grafiti se apropia de Cartagena de Indias - El Digital de Asturias\" \/>\n\t\t<meta name=\"twitter:description\" content=\"Cartagena (Colombia), 8 dic (EFE).- El barrio de Getseman\u00ed, uno de los m\u00e1s populares de Cartagena de Indias, amaneci\u00f3 hoy repleto de vistosos grafiti tras una intervenci\u00f3n art\u00edstica que busca recuperar el legado cultural de esta tur\u00edstica ciudad del Caribe colombiano. La iniciativa se enmarc\u00f3 en el primer Festival Internacional de Arte Urbano de Colombia,\" \/>\n\t\t<meta name=\"twitter:label1\" content=\"Escrito por\" \/>\n\t\t<meta name=\"twitter:data1\" content=\"El Digital de Asturias\" \/>\n\t\t<meta name=\"twitter:label2\" content=\"Tiempo de lectura estimado\" \/>\n\t\t<meta name=\"twitter:data2\" content=\"4 minutos\" \/>\n\t\t<script type=\"application\/ld+json\" class=\"aioseo-schema\">\n\t\t\t{\"@context\":\"https:\\\/\\\/schema.org\",\"@graph\":[{\"@type\":\"BlogPosting\",\"@id\":\"https:\\\/\\\/www.eldigitaldeasturias.com\\\/noticias\\\/el-grafiti-se-apropia-de-cartagena-de-indias\\\/#blogposting\",\"name\":\"El grafiti se apropia de Cartagena de Indias - El Digital de Asturias\",\"headline\":\"El grafiti se apropia de Cartagena de Indias\",\"author\":{\"@id\":\"https:\\\/\\\/www.eldigitaldeasturias.com\\\/noticias\\\/author\\\/admin\\\/#author\"},\"publisher\":{\"@id\":\"https:\\\/\\\/www.eldigitaldeasturias.com\\\/noticias\\\/#organization\"},\"image\":{\"@type\":\"ImageObject\",\"url\":459502},\"datePublished\":\"2013-12-08T22:40:36+01:00\",\"dateModified\":\"2013-12-08T22:40:36+01:00\",\"inLanguage\":\"es-ES\",\"mainEntityOfPage\":{\"@id\":\"https:\\\/\\\/www.eldigitaldeasturias.com\\\/noticias\\\/el-grafiti-se-apropia-de-cartagena-de-indias\\\/#webpage\"},\"isPartOf\":{\"@id\":\"https:\\\/\\\/www.eldigitaldeasturias.com\\\/noticias\\\/el-grafiti-se-apropia-de-cartagena-de-indias\\\/#webpage\"},\"articleSection\":\"Sociedad\"},{\"@type\":\"BreadcrumbList\",\"@id\":\"https:\\\/\\\/www.eldigitaldeasturias.com\\\/noticias\\\/el-grafiti-se-apropia-de-cartagena-de-indias\\\/#breadcrumblist\",\"itemListElement\":[{\"@type\":\"ListItem\",\"@id\":\"https:\\\/\\\/www.eldigitaldeasturias.com\\\/noticias#listItem\",\"position\":1,\"name\":\"Home\",\"item\":\"https:\\\/\\\/www.eldigitaldeasturias.com\\\/noticias\",\"nextItem\":{\"@type\":\"ListItem\",\"@id\":\"https:\\\/\\\/www.eldigitaldeasturias.com\\\/noticias\\\/category\\\/sociedad\\\/#listItem\",\"name\":\"Sociedad\"}},{\"@type\":\"ListItem\",\"@id\":\"https:\\\/\\\/www.eldigitaldeasturias.com\\\/noticias\\\/category\\\/sociedad\\\/#listItem\",\"position\":2,\"name\":\"Sociedad\",\"item\":\"https:\\\/\\\/www.eldigitaldeasturias.com\\\/noticias\\\/category\\\/sociedad\\\/\",\"nextItem\":{\"@type\":\"ListItem\",\"@id\":\"https:\\\/\\\/www.eldigitaldeasturias.com\\\/noticias\\\/el-grafiti-se-apropia-de-cartagena-de-indias\\\/#listItem\",\"name\":\"El grafiti se apropia de Cartagena de Indias\"},\"previousItem\":{\"@type\":\"ListItem\",\"@id\":\"https:\\\/\\\/www.eldigitaldeasturias.com\\\/noticias#listItem\",\"name\":\"Home\"}},{\"@type\":\"ListItem\",\"@id\":\"https:\\\/\\\/www.eldigitaldeasturias.com\\\/noticias\\\/el-grafiti-se-apropia-de-cartagena-de-indias\\\/#listItem\",\"position\":3,\"name\":\"El grafiti se apropia de Cartagena de Indias\",\"previousItem\":{\"@type\":\"ListItem\",\"@id\":\"https:\\\/\\\/www.eldigitaldeasturias.com\\\/noticias\\\/category\\\/sociedad\\\/#listItem\",\"name\":\"Sociedad\"}}]},{\"@type\":\"Organization\",\"@id\":\"https:\\\/\\\/www.eldigitaldeasturias.com\\\/noticias\\\/#organization\",\"name\":\"El Digital de Asturias\",\"description\":\"Hemeroteca\",\"url\":\"https:\\\/\\\/www.eldigitaldeasturias.com\\\/noticias\\\/\",\"email\":\"info@eldigitaldeasturias.com\",\"telephone\":\"+34652131393\",\"logo\":{\"@type\":\"ImageObject\",\"url\":\"https:\\\/\\\/www.eldigitaldeasturias.com\\\/noticias\\\/wp-content\\\/uploads\\\/2020\\\/12\\\/EDA.jpg\",\"@id\":\"https:\\\/\\\/www.eldigitaldeasturias.com\\\/noticias\\\/el-grafiti-se-apropia-de-cartagena-de-indias\\\/#organizationLogo\"},\"image\":{\"@id\":\"https:\\\/\\\/www.eldigitaldeasturias.com\\\/noticias\\\/el-grafiti-se-apropia-de-cartagena-de-indias\\\/#organizationLogo\"},\"sameAs\":[\"https:\\\/\\\/facebook.com\\\/eldigitaldeasturias\",\"https:\\\/\\\/www.youtube.com\\\/channel\\\/UCZP-2wLEB9Rv6erhFmqVnvg\"],\"address\":{\"@id\":\"https:\\\/\\\/www.eldigitaldeasturias.com\\\/noticias\\\/#postaladdress\",\"@type\":\"PostalAddress\",\"streetAddress\":\"san antonio 4\",\"postalCode\":\"33430\",\"addressLocality\":\"Cand\\u00e1s\",\"addressRegion\":\"Asturias\",\"addressCountry\":\"ES\"}},{\"@type\":\"Person\",\"@id\":\"https:\\\/\\\/www.eldigitaldeasturias.com\\\/noticias\\\/author\\\/admin\\\/#author\",\"url\":\"https:\\\/\\\/www.eldigitaldeasturias.com\\\/noticias\\\/author\\\/admin\\\/\",\"name\":\"El Digital de Asturias\",\"image\":{\"@type\":\"ImageObject\",\"@id\":\"https:\\\/\\\/www.eldigitaldeasturias.com\\\/noticias\\\/el-grafiti-se-apropia-de-cartagena-de-indias\\\/#authorImage\",\"url\":\"https:\\\/\\\/secure.gravatar.com\\\/avatar\\\/df2aeffc32bcd13f8d26072ef8a91b623d677766deac7f97ca815868cd41bf5e?s=96&d=mm&r=g\",\"width\":96,\"height\":96,\"caption\":\"El Digital de Asturias\"}},{\"@type\":\"WebPage\",\"@id\":\"https:\\\/\\\/www.eldigitaldeasturias.com\\\/noticias\\\/el-grafiti-se-apropia-de-cartagena-de-indias\\\/#webpage\",\"url\":\"https:\\\/\\\/www.eldigitaldeasturias.com\\\/noticias\\\/el-grafiti-se-apropia-de-cartagena-de-indias\\\/\",\"name\":\"El grafiti se apropia de Cartagena de Indias - El Digital de Asturias\",\"description\":\"Cartagena (Colombia), 8 dic (EFE).- El barrio de Getseman\\u00ed, uno de los m\\u00e1s populares de Cartagena de Indias, amaneci\\u00f3 hoy repleto de vistosos grafiti tras una intervenci\\u00f3n art\\u00edstica que busca recuperar el legado cultural de esta tur\\u00edstica ciudad del Caribe colombiano. La iniciativa se enmarc\\u00f3 en el primer Festival Internacional de Arte Urbano de Colombia,\",\"inLanguage\":\"es-ES\",\"isPartOf\":{\"@id\":\"https:\\\/\\\/www.eldigitaldeasturias.com\\\/noticias\\\/#website\"},\"breadcrumb\":{\"@id\":\"https:\\\/\\\/www.eldigitaldeasturias.com\\\/noticias\\\/el-grafiti-se-apropia-de-cartagena-de-indias\\\/#breadcrumblist\"},\"author\":{\"@id\":\"https:\\\/\\\/www.eldigitaldeasturias.com\\\/noticias\\\/author\\\/admin\\\/#author\"},\"creator\":{\"@id\":\"https:\\\/\\\/www.eldigitaldeasturias.com\\\/noticias\\\/author\\\/admin\\\/#author\"},\"image\":{\"@type\":\"ImageObject\",\"url\":459502,\"@id\":\"https:\\\/\\\/www.eldigitaldeasturias.com\\\/noticias\\\/el-grafiti-se-apropia-de-cartagena-de-indias\\\/#mainImage\"},\"primaryImageOfPage\":{\"@id\":\"https:\\\/\\\/www.eldigitaldeasturias.com\\\/noticias\\\/el-grafiti-se-apropia-de-cartagena-de-indias\\\/#mainImage\"},\"datePublished\":\"2013-12-08T22:40:36+01:00\",\"dateModified\":\"2013-12-08T22:40:36+01:00\"},{\"@type\":\"WebSite\",\"@id\":\"https:\\\/\\\/www.eldigitaldeasturias.com\\\/noticias\\\/#website\",\"url\":\"https:\\\/\\\/www.eldigitaldeasturias.com\\\/noticias\\\/\",\"name\":\"El Digital de Asturias - Diario de actualidad y noticias\",\"alternateName\":\"El Digital de Asturias - Diario de actualidad y noticias\",\"description\":\"Hemeroteca\",\"inLanguage\":\"es-ES\",\"publisher\":{\"@id\":\"https:\\\/\\\/www.eldigitaldeasturias.com\\\/noticias\\\/#organization\"}}]}\n\t\t<\/script>\n\t\t<!-- All in One SEO Pro -->\r\n\t\t<title>El grafiti se apropia de Cartagena de Indias - El Digital de Asturias<\/title>\n\n","aioseo_head_json":{"title":"El grafiti se apropia de Cartagena de Indias - El Digital de Asturias","description":"Cartagena (Colombia), 8 dic (EFE).- El barrio de Getseman\u00ed, uno de los m\u00e1s populares de Cartagena de Indias, amaneci\u00f3 hoy repleto de vistosos grafiti tras una intervenci\u00f3n art\u00edstica que busca recuperar el legado cultural de esta tur\u00edstica ciudad del Caribe colombiano. La iniciativa se enmarc\u00f3 en el primer Festival Internacional de Arte Urbano de Colombia,","canonical_url":"https:\/\/www.eldigitaldeasturias.com\/noticias\/el-grafiti-se-apropia-de-cartagena-de-indias\/","robots":"max-image-preview:large","keywords":"sociedad","webmasterTools":{"google-site-verification":"UA-38556648-1","msvalidate.01":"7dfe9f3f1b24437ab69f4f2559babe99","miscellaneous":""},"schema":{"@context":"https:\/\/schema.org","@graph":[{"@type":"BlogPosting","@id":"https:\/\/www.eldigitaldeasturias.com\/noticias\/el-grafiti-se-apropia-de-cartagena-de-indias\/#blogposting","name":"El grafiti se apropia de Cartagena de Indias - El Digital de Asturias","headline":"El grafiti se apropia de Cartagena de Indias","author":{"@id":"https:\/\/www.eldigitaldeasturias.com\/noticias\/author\/admin\/#author"},"publisher":{"@id":"https:\/\/www.eldigitaldeasturias.com\/noticias\/#organization"},"image":{"@type":"ImageObject","url":459502},"datePublished":"2013-12-08T22:40:36+01:00","dateModified":"2013-12-08T22:40:36+01:00","inLanguage":"es-ES","mainEntityOfPage":{"@id":"https:\/\/www.eldigitaldeasturias.com\/noticias\/el-grafiti-se-apropia-de-cartagena-de-indias\/#webpage"},"isPartOf":{"@id":"https:\/\/www.eldigitaldeasturias.com\/noticias\/el-grafiti-se-apropia-de-cartagena-de-indias\/#webpage"},"articleSection":"Sociedad"},{"@type":"BreadcrumbList","@id":"https:\/\/www.eldigitaldeasturias.com\/noticias\/el-grafiti-se-apropia-de-cartagena-de-indias\/#breadcrumblist","itemListElement":[{"@type":"ListItem","@id":"https:\/\/www.eldigitaldeasturias.com\/noticias#listItem","position":1,"name":"Home","item":"https:\/\/www.eldigitaldeasturias.com\/noticias","nextItem":{"@type":"ListItem","@id":"https:\/\/www.eldigitaldeasturias.com\/noticias\/category\/sociedad\/#listItem","name":"Sociedad"}},{"@type":"ListItem","@id":"https:\/\/www.eldigitaldeasturias.com\/noticias\/category\/sociedad\/#listItem","position":2,"name":"Sociedad","item":"https:\/\/www.eldigitaldeasturias.com\/noticias\/category\/sociedad\/","nextItem":{"@type":"ListItem","@id":"https:\/\/www.eldigitaldeasturias.com\/noticias\/el-grafiti-se-apropia-de-cartagena-de-indias\/#listItem","name":"El grafiti se apropia de Cartagena de Indias"},"previousItem":{"@type":"ListItem","@id":"https:\/\/www.eldigitaldeasturias.com\/noticias#listItem","name":"Home"}},{"@type":"ListItem","@id":"https:\/\/www.eldigitaldeasturias.com\/noticias\/el-grafiti-se-apropia-de-cartagena-de-indias\/#listItem","position":3,"name":"El grafiti se apropia de Cartagena de Indias","previousItem":{"@type":"ListItem","@id":"https:\/\/www.eldigitaldeasturias.com\/noticias\/category\/sociedad\/#listItem","name":"Sociedad"}}]},{"@type":"Organization","@id":"https:\/\/www.eldigitaldeasturias.com\/noticias\/#organization","name":"El Digital de Asturias","description":"Hemeroteca","url":"https:\/\/www.eldigitaldeasturias.com\/noticias\/","email":"info@eldigitaldeasturias.com","telephone":"+34652131393","logo":{"@type":"ImageObject","url":"https:\/\/www.eldigitaldeasturias.com\/noticias\/wp-content\/uploads\/2020\/12\/EDA.jpg","@id":"https:\/\/www.eldigitaldeasturias.com\/noticias\/el-grafiti-se-apropia-de-cartagena-de-indias\/#organizationLogo"},"image":{"@id":"https:\/\/www.eldigitaldeasturias.com\/noticias\/el-grafiti-se-apropia-de-cartagena-de-indias\/#organizationLogo"},"sameAs":["https:\/\/facebook.com\/eldigitaldeasturias","https:\/\/www.youtube.com\/channel\/UCZP-2wLEB9Rv6erhFmqVnvg"],"address":{"@id":"https:\/\/www.eldigitaldeasturias.com\/noticias\/#postaladdress","@type":"PostalAddress","streetAddress":"san antonio 4","postalCode":"33430","addressLocality":"Cand\u00e1s","addressRegion":"Asturias","addressCountry":"ES"}},{"@type":"Person","@id":"https:\/\/www.eldigitaldeasturias.com\/noticias\/author\/admin\/#author","url":"https:\/\/www.eldigitaldeasturias.com\/noticias\/author\/admin\/","name":"El Digital de Asturias","image":{"@type":"ImageObject","@id":"https:\/\/www.eldigitaldeasturias.com\/noticias\/el-grafiti-se-apropia-de-cartagena-de-indias\/#authorImage","url":"https:\/\/secure.gravatar.com\/avatar\/df2aeffc32bcd13f8d26072ef8a91b623d677766deac7f97ca815868cd41bf5e?s=96&d=mm&r=g","width":96,"height":96,"caption":"El Digital de Asturias"}},{"@type":"WebPage","@id":"https:\/\/www.eldigitaldeasturias.com\/noticias\/el-grafiti-se-apropia-de-cartagena-de-indias\/#webpage","url":"https:\/\/www.eldigitaldeasturias.com\/noticias\/el-grafiti-se-apropia-de-cartagena-de-indias\/","name":"El grafiti se apropia de Cartagena de Indias - El Digital de Asturias","description":"Cartagena (Colombia), 8 dic (EFE).- El barrio de Getseman\u00ed, uno de los m\u00e1s populares de Cartagena de Indias, amaneci\u00f3 hoy repleto de vistosos grafiti tras una intervenci\u00f3n art\u00edstica que busca recuperar el legado cultural de esta tur\u00edstica ciudad del Caribe colombiano. La iniciativa se enmarc\u00f3 en el primer Festival Internacional de Arte Urbano de Colombia,","inLanguage":"es-ES","isPartOf":{"@id":"https:\/\/www.eldigitaldeasturias.com\/noticias\/#website"},"breadcrumb":{"@id":"https:\/\/www.eldigitaldeasturias.com\/noticias\/el-grafiti-se-apropia-de-cartagena-de-indias\/#breadcrumblist"},"author":{"@id":"https:\/\/www.eldigitaldeasturias.com\/noticias\/author\/admin\/#author"},"creator":{"@id":"https:\/\/www.eldigitaldeasturias.com\/noticias\/author\/admin\/#author"},"image":{"@type":"ImageObject","url":459502,"@id":"https:\/\/www.eldigitaldeasturias.com\/noticias\/el-grafiti-se-apropia-de-cartagena-de-indias\/#mainImage"},"primaryImageOfPage":{"@id":"https:\/\/www.eldigitaldeasturias.com\/noticias\/el-grafiti-se-apropia-de-cartagena-de-indias\/#mainImage"},"datePublished":"2013-12-08T22:40:36+01:00","dateModified":"2013-12-08T22:40:36+01:00"},{"@type":"WebSite","@id":"https:\/\/www.eldigitaldeasturias.com\/noticias\/#website","url":"https:\/\/www.eldigitaldeasturias.com\/noticias\/","name":"El Digital de Asturias - Diario de actualidad y noticias","alternateName":"El Digital de Asturias - Diario de actualidad y noticias","description":"Hemeroteca","inLanguage":"es-ES","publisher":{"@id":"https:\/\/www.eldigitaldeasturias.com\/noticias\/#organization"}}]},"og:locale":"es_ES","og:site_name":"El Digital de Asturias","og:type":"article","og:title":"El grafiti se apropia de Cartagena de Indias - El Digital de Asturias","og:description":"Cartagena (Colombia), 8 dic (EFE).- El barrio de Getseman\u00ed, uno de los m\u00e1s populares de Cartagena de Indias, amaneci\u00f3 hoy repleto de vistosos grafiti tras una intervenci\u00f3n art\u00edstica que busca recuperar el legado cultural de esta tur\u00edstica ciudad del Caribe colombiano. La iniciativa se enmarc\u00f3 en el primer Festival Internacional de Arte Urbano de Colombia,","og:url":"https:\/\/www.eldigitaldeasturias.com\/noticias\/el-grafiti-se-apropia-de-cartagena-de-indias\/","article:tag":["sociedad"],"article:published_time":"2013-12-08T23:40:36+00:00","article:modified_time":"2013-12-08T23:40:36+00:00","article:publisher":"https:\/\/facebook.com\/eldigitaldeasturias","twitter:card":"summary_large_image","twitter:title":"El grafiti se apropia de Cartagena de Indias - El Digital de Asturias","twitter:description":"Cartagena (Colombia), 8 dic (EFE).- El barrio de Getseman\u00ed, uno de los m\u00e1s populares de Cartagena de Indias, amaneci\u00f3 hoy repleto de vistosos grafiti tras una intervenci\u00f3n art\u00edstica que busca recuperar el legado cultural de esta tur\u00edstica ciudad del Caribe colombiano. La iniciativa se enmarc\u00f3 en el primer Festival Internacional de Arte Urbano de Colombia,","twitter:label1":"Escrito por","twitter:data1":"El Digital de Asturias","twitter:label2":"Tiempo de lectura estimado","twitter:data2":"4 minutos"},"aioseo_meta_data":{"post_id":"459501","title":null,"description":null,"keywords":null,"keyphrases":null,"primary_term":null,"canonical_url":null,"og_title":null,"og_description":null,"og_object_type":"default","og_image_type":"default","og_image_url":null,"og_image_width":null,"og_image_height":null,"og_image_custom_url":null,"og_image_custom_fields":null,"og_video":null,"og_custom_url":null,"og_article_section":null,"og_article_tags":null,"twitter_use_og":true,"twitter_card":"default","twitter_image_type":"default","twitter_image_url":null,"twitter_image_custom_url":null,"twitter_image_custom_fields":null,"twitter_title":null,"twitter_description":null,"schema":{"blockGraphs":[],"customGraphs":[],"default":{"data":{"Article":[],"Course":[],"Dataset":[],"FAQPage":[],"Movie":[],"Person":[],"Product":[],"ProductReview":[],"Car":[],"Recipe":[],"Service":[],"SoftwareApplication":[],"WebPage":[]},"graphName":"","isEnabled":true},"graphs":[],"defaultGraph":"","defaultPostTypeGraph":""},"schema_type":null,"schema_type_options":null,"pillar_content":false,"robots_default":true,"robots_noindex":false,"robots_noarchive":false,"robots_nosnippet":false,"robots_nofollow":false,"robots_noimageindex":false,"robots_noodp":false,"robots_notranslate":false,"robots_max_snippet":null,"robots_max_videopreview":null,"robots_max_imagepreview":"none","priority":null,"frequency":null,"local_seo":null,"seo_analyzer_scan_date":"2026-05-30 09:33:01","breadcrumb_settings":null,"limit_modified_date":false,"open_ai":null,"ai":null,"created":"2020-11-14 22:47:36","updated":"2026-05-30 09:33:01","focus_keyword":null,"additional_keywords":null,"truseo_locale":null},"aioseo_breadcrumb":"<div class=\"aioseo-breadcrumbs\"><span class=\"aioseo-breadcrumb\">\n\t<a href=\"https:\/\/www.eldigitaldeasturias.com\/noticias\" title=\"Home\">Home<\/a>\n<\/span><span class=\"aioseo-breadcrumb-separator\">\u2013<\/span><span class=\"aioseo-breadcrumb\">\n\t<a href=\"https:\/\/www.eldigitaldeasturias.com\/noticias\/category\/sociedad\/\" title=\"Sociedad\">Sociedad<\/a>\n<\/span><span class=\"aioseo-breadcrumb-separator\">\u2013<\/span><span class=\"aioseo-breadcrumb\">\n\t<a href=\"https:\/\/www.eldigitaldeasturias.com\/noticias\/el-grafiti-se-apropia-de-cartagena-de-indias\/\" title=\"El grafiti se apropia de Cartagena de Indias\">El grafiti se apropia de Cartagena de Indias<\/a>\n<\/span><\/div>","aioseo_breadcrumb_json":[{"label":"Home","link":"https:\/\/www.eldigitaldeasturias.com\/noticias"},{"label":"Sociedad","link":"https:\/\/www.eldigitaldeasturias.com\/noticias\/category\/sociedad\/"},{"label":"El grafiti se apropia de Cartagena de Indias","link":"https:\/\/www.eldigitaldeasturias.com\/noticias\/el-grafiti-se-apropia-de-cartagena-de-indias\/"}],"_links":{"self":[{"href":"https:\/\/www.eldigitaldeasturias.com\/noticias\/wp-json\/wp\/v2\/posts\/459501","targetHints":{"allow":["GET"]}}],"collection":[{"href":"https:\/\/www.eldigitaldeasturias.com\/noticias\/wp-json\/wp\/v2\/posts"}],"about":[{"href":"https:\/\/www.eldigitaldeasturias.com\/noticias\/wp-json\/wp\/v2\/types\/post"}],"author":[{"embeddable":true,"href":"https:\/\/www.eldigitaldeasturias.com\/noticias\/wp-json\/wp\/v2\/users\/1"}],"replies":[{"embeddable":true,"href":"https:\/\/www.eldigitaldeasturias.com\/noticias\/wp-json\/wp\/v2\/comments?post=459501"}],"version-history":[{"count":0,"href":"https:\/\/www.eldigitaldeasturias.com\/noticias\/wp-json\/wp\/v2\/posts\/459501\/revisions"}],"wp:attachment":[{"href":"https:\/\/www.eldigitaldeasturias.com\/noticias\/wp-json\/wp\/v2\/media?parent=459501"}],"wp:term":[{"taxonomy":"category","embeddable":true,"href":"https:\/\/www.eldigitaldeasturias.com\/noticias\/wp-json\/wp\/v2\/categories?post=459501"},{"taxonomy":"post_tag","embeddable":true,"href":"https:\/\/www.eldigitaldeasturias.com\/noticias\/wp-json\/wp\/v2\/tags?post=459501"}],"curies":[{"name":"wp","href":"https:\/\/api.w.org\/{rel}","templated":true}]}}