{"id":459498,"date":"2013-12-08T22:38:54","date_gmt":"2013-12-08T23:38:54","guid":{"rendered":"http:\/\/www.eldigitaldeasturias.com\/noticias\/?p=459498"},"modified":"2013-12-08T22:38:54","modified_gmt":"2013-12-08T23:38:54","slug":"diez-personas-mueren-en-las-carreteras-desde-que-comenzo-el-puente","status":"publish","type":"post","link":"https:\/\/www.eldigitaldeasturias.com\/noticias\/diez-personas-mueren-en-las-carreteras-desde-que-comenzo-el-puente\/","title":{"rendered":"Diez personas mueren en las carreteras desde que comenz\u00f3 el puente"},"content":{"rendered":"<p><img loading=\"lazy\" decoding=\"async\" class=\"alignleft size-medium wp-image-459499\" alt=\"5780224w\" src=\"https:\/\/www.eldigitaldeasturias.com\/noticias\/wp-content\/uploads\/2013\/12\/5780224w-360x270.jpg\" width=\"360\" height=\"270\" \/>Madrid, 8 dic (EFE).- Diez personas han fallecido en los seis accidentes mortales ocurridos en las carreteras desde que se inici\u00f3 la operaci\u00f3n especial de tr\u00e1fico con motivo del puente de la Constituci\u00f3n y la Inmaculada y hasta las 20.00 horas, en la que se registran retenciones destacadas en las carreteras.<\/p>\n<p>En estos siniestros han resultado heridas de gravedad al menos cinco personas y una de car\u00e1cter leve, seg\u00fan fuentes de la Direcci\u00f3n General de Tr\u00e1fico (DGT), que han precisado que a \u00faltima hora de la tarde se ha producido un accidente mortal en Asturias del que tienen constancia de que han fallecido tres personas.<\/p>\n<p>La operaci\u00f3n especial de tr\u00e1fico concluir\u00e1 sobre la medianoche del lunes, ya que ma\u00f1ana es festivo en siete comunidades aut\u00f3nomas -Andaluc\u00eda, Arag\u00f3n, Asturias, Castilla y Le\u00f3n, Extremadura, Murcia y La Rioja-, de ah\u00ed que en los accesos de aquellas en las que el lunes no es fiesta se produzcan las mayores concentraciones de veh\u00edculos.<\/p>\n<p>Los problemas circulatorios m\u00e1s destacados a las 20.00 horas se concentran en las entradas de Madrid por la carretera de Burgos, con diez kil\u00f3metros de circulaci\u00f3n lenta a la altura de San Sebasti\u00e1n de los Reyes, y en la A-6 por Las Matas.<\/p>\n<p>Tambi\u00e9n en las entradas de Barcelona por la N-152 en Ripoll (Gerona), con doce kil\u00f3metros de tr\u00e1fico lento, y en diecis\u00e9is de la C-16 por las inmediaciones de Guardiola de Bergued\u00e0.<\/p>\n<p>En Cantabria tambi\u00e9n hay veinte kil\u00f3metros de circulaci\u00f3n lenta en la A-8 por Ont\u00f3n en direcci\u00f3n Bilbao, y retenciones hacia Santander en la A-67 a la altura de Boo.<\/p>\n<p>Los d\u00edas de mayor siniestralidad han sido el jueves y el domingo ya que en cada uno de los d\u00edas se registr\u00f3 un accidente mortal en el que perdieron la vida tres personas.<\/p>\n<p>El viernes se produjeron dos accidentes en los que fallecieron dos personas y una result\u00f3 herida grave.<\/p>\n<p>Y el s\u00e1bado fueron dos los accidentes mortales que se registraron con dos fallecidos, un herido grave y otro leve.<\/p>\n","protected":false},"excerpt":{"rendered":"<p>Madrid, 8 dic (EFE).- Diez personas han fallecido en los seis accidentes mortales ocurridos en las carreteras desde que se inici\u00f3 la operaci\u00f3n especial de tr\u00e1fico con motivo del puente de la Constituci\u00f3n y la Inmaculada y hasta las 20.00 horas, en la que se registran retenciones destacadas en las carreteras. En estos siniestros han [&hellip;]<\/p>\n","protected":false},"author":1,"featured_media":459499,"comment_status":"closed","ping_status":"open","sticky":false,"template":"","format":"standard","meta":{"footnotes":""},"categories":[5],"tags":[],"class_list":["post-459498","post","type-post","status-publish","format-standard","has-post-thumbnail","hentry","category-sucesos"],"aioseo_notices":[],"aioseo_head":"\n\t\t<!-- All in One SEO Pro 5.0.1 - aioseo.com -->\n\t<meta name=\"description\" content=\"Madrid, 8 dic (EFE).- Diez personas han fallecido en los seis accidentes mortales ocurridos en las carreteras desde que se inici\u00f3 la operaci\u00f3n especial de tr\u00e1fico con motivo del puente de la Constituci\u00f3n y la Inmaculada y hasta las 20.00 horas, en la que se registran retenciones destacadas en las carreteras. En estos siniestros han\" \/>\n\t<meta name=\"robots\" content=\"max-image-preview:large\" \/>\n\t<meta name=\"author\" content=\"El Digital de Asturias\"\/>\n\t<meta name=\"google-site-verification\" content=\"UA-38556648-1\" \/>\n\t<meta name=\"msvalidate.01\" content=\"7dfe9f3f1b24437ab69f4f2559babe99\" \/>\n\t<meta name=\"keywords\" content=\"sucesos\" \/>\n\t<link rel=\"canonical\" href=\"https:\/\/www.eldigitaldeasturias.com\/noticias\/diez-personas-mueren-en-las-carreteras-desde-que-comenzo-el-puente\/\" \/>\n\t<meta name=\"generator\" content=\"All in One SEO Pro (AIOSEO) 5.0.1\" \/>\n\t\t<meta property=\"og:locale\" content=\"es_ES\" \/>\n\t\t<meta property=\"og:site_name\" content=\"El Digital de Asturias\" \/>\n\t\t<meta property=\"og:type\" content=\"article\" \/>\n\t\t<meta property=\"og:title\" content=\"Diez personas mueren en las carreteras desde que comenz\u00f3 el puente - El Digital de Asturias\" \/>\n\t\t<meta property=\"og:description\" content=\"Madrid, 8 dic (EFE).- Diez personas han fallecido en los seis accidentes mortales ocurridos en las carreteras desde que se inici\u00f3 la operaci\u00f3n especial de tr\u00e1fico con motivo del puente de la Constituci\u00f3n y la Inmaculada y hasta las 20.00 horas, en la que se registran retenciones destacadas en las carreteras. En estos siniestros han\" \/>\n\t\t<meta property=\"og:url\" content=\"https:\/\/www.eldigitaldeasturias.com\/noticias\/diez-personas-mueren-en-las-carreteras-desde-que-comenzo-el-puente\/\" \/>\n\t\t<meta property=\"article:tag\" content=\"sucesos\" \/>\n\t\t<meta property=\"article:published_time\" content=\"2013-12-08T23:38:54+00:00\" \/>\n\t\t<meta property=\"article:modified_time\" content=\"2013-12-08T23:38:54+00:00\" \/>\n\t\t<meta property=\"article:publisher\" content=\"https:\/\/facebook.com\/eldigitaldeasturias\" \/>\n\t\t<meta name=\"twitter:card\" content=\"summary_large_image\" \/>\n\t\t<meta name=\"twitter:title\" content=\"Diez personas mueren en las carreteras desde que comenz\u00f3 el puente - El Digital de Asturias\" \/>\n\t\t<meta name=\"twitter:description\" content=\"Madrid, 8 dic (EFE).- Diez personas han fallecido en los seis accidentes mortales ocurridos en las carreteras desde que se inici\u00f3 la operaci\u00f3n especial de tr\u00e1fico con motivo del puente de la Constituci\u00f3n y la Inmaculada y hasta las 20.00 horas, en la que se registran retenciones destacadas en las carreteras. En estos siniestros han\" \/>\n\t\t<meta name=\"twitter:label1\" content=\"Escrito por\" \/>\n\t\t<meta name=\"twitter:data1\" content=\"El Digital de Asturias\" \/>\n\t\t<meta name=\"twitter:label2\" content=\"Tiempo de lectura estimado\" \/>\n\t\t<meta name=\"twitter:data2\" content=\"2 minutos\" \/>\n\t\t<script type=\"application\/ld+json\" class=\"aioseo-schema\">\n\t\t\t{\"@context\":\"https:\\\/\\\/schema.org\",\"@graph\":[{\"@type\":\"BlogPosting\",\"@id\":\"https:\\\/\\\/www.eldigitaldeasturias.com\\\/noticias\\\/diez-personas-mueren-en-las-carreteras-desde-que-comenzo-el-puente\\\/#blogposting\",\"name\":\"Diez personas mueren en las carreteras desde que comenz\\u00f3 el puente - El Digital de Asturias\",\"headline\":\"Diez personas mueren en las carreteras desde que comenz\\u00f3 el puente\",\"author\":{\"@id\":\"https:\\\/\\\/www.eldigitaldeasturias.com\\\/noticias\\\/author\\\/admin\\\/#author\"},\"publisher\":{\"@id\":\"https:\\\/\\\/www.eldigitaldeasturias.com\\\/noticias\\\/#organization\"},\"image\":{\"@type\":\"ImageObject\",\"url\":459499},\"datePublished\":\"2013-12-08T22:38:54+01:00\",\"dateModified\":\"2013-12-08T22:38:54+01:00\",\"inLanguage\":\"es-ES\",\"mainEntityOfPage\":{\"@id\":\"https:\\\/\\\/www.eldigitaldeasturias.com\\\/noticias\\\/diez-personas-mueren-en-las-carreteras-desde-que-comenzo-el-puente\\\/#webpage\"},\"isPartOf\":{\"@id\":\"https:\\\/\\\/www.eldigitaldeasturias.com\\\/noticias\\\/diez-personas-mueren-en-las-carreteras-desde-que-comenzo-el-puente\\\/#webpage\"},\"articleSection\":\"Sucesos\"},{\"@type\":\"BreadcrumbList\",\"@id\":\"https:\\\/\\\/www.eldigitaldeasturias.com\\\/noticias\\\/diez-personas-mueren-en-las-carreteras-desde-que-comenzo-el-puente\\\/#breadcrumblist\",\"itemListElement\":[{\"@type\":\"ListItem\",\"@id\":\"https:\\\/\\\/www.eldigitaldeasturias.com\\\/noticias#listItem\",\"position\":1,\"name\":\"Home\",\"item\":\"https:\\\/\\\/www.eldigitaldeasturias.com\\\/noticias\",\"nextItem\":{\"@type\":\"ListItem\",\"@id\":\"https:\\\/\\\/www.eldigitaldeasturias.com\\\/noticias\\\/category\\\/sucesos\\\/#listItem\",\"name\":\"Sucesos\"}},{\"@type\":\"ListItem\",\"@id\":\"https:\\\/\\\/www.eldigitaldeasturias.com\\\/noticias\\\/category\\\/sucesos\\\/#listItem\",\"position\":2,\"name\":\"Sucesos\",\"item\":\"https:\\\/\\\/www.eldigitaldeasturias.com\\\/noticias\\\/category\\\/sucesos\\\/\",\"nextItem\":{\"@type\":\"ListItem\",\"@id\":\"https:\\\/\\\/www.eldigitaldeasturias.com\\\/noticias\\\/diez-personas-mueren-en-las-carreteras-desde-que-comenzo-el-puente\\\/#listItem\",\"name\":\"Diez personas mueren en las carreteras desde que comenz\\u00f3 el puente\"},\"previousItem\":{\"@type\":\"ListItem\",\"@id\":\"https:\\\/\\\/www.eldigitaldeasturias.com\\\/noticias#listItem\",\"name\":\"Home\"}},{\"@type\":\"ListItem\",\"@id\":\"https:\\\/\\\/www.eldigitaldeasturias.com\\\/noticias\\\/diez-personas-mueren-en-las-carreteras-desde-que-comenzo-el-puente\\\/#listItem\",\"position\":3,\"name\":\"Diez personas mueren en las carreteras desde que comenz\\u00f3 el puente\",\"previousItem\":{\"@type\":\"ListItem\",\"@id\":\"https:\\\/\\\/www.eldigitaldeasturias.com\\\/noticias\\\/category\\\/sucesos\\\/#listItem\",\"name\":\"Sucesos\"}}]},{\"@type\":\"Organization\",\"@id\":\"https:\\\/\\\/www.eldigitaldeasturias.com\\\/noticias\\\/#organization\",\"name\":\"El Digital de Asturias\",\"description\":\"Hemeroteca\",\"url\":\"https:\\\/\\\/www.eldigitaldeasturias.com\\\/noticias\\\/\",\"email\":\"info@eldigitaldeasturias.com\",\"telephone\":\"+34652131393\",\"logo\":{\"@type\":\"ImageObject\",\"url\":\"https:\\\/\\\/www.eldigitaldeasturias.com\\\/noticias\\\/wp-content\\\/uploads\\\/2020\\\/12\\\/EDA.jpg\",\"@id\":\"https:\\\/\\\/www.eldigitaldeasturias.com\\\/noticias\\\/diez-personas-mueren-en-las-carreteras-desde-que-comenzo-el-puente\\\/#organizationLogo\"},\"image\":{\"@id\":\"https:\\\/\\\/www.eldigitaldeasturias.com\\\/noticias\\\/diez-personas-mueren-en-las-carreteras-desde-que-comenzo-el-puente\\\/#organizationLogo\"},\"sameAs\":[\"https:\\\/\\\/facebook.com\\\/eldigitaldeasturias\",\"https:\\\/\\\/www.youtube.com\\\/channel\\\/UCZP-2wLEB9Rv6erhFmqVnvg\"],\"address\":{\"@id\":\"https:\\\/\\\/www.eldigitaldeasturias.com\\\/noticias\\\/#postaladdress\",\"@type\":\"PostalAddress\",\"streetAddress\":\"san antonio 4\",\"postalCode\":\"33430\",\"addressLocality\":\"Cand\\u00e1s\",\"addressRegion\":\"Asturias\",\"addressCountry\":\"ES\"}},{\"@type\":\"Person\",\"@id\":\"https:\\\/\\\/www.eldigitaldeasturias.com\\\/noticias\\\/author\\\/admin\\\/#author\",\"url\":\"https:\\\/\\\/www.eldigitaldeasturias.com\\\/noticias\\\/author\\\/admin\\\/\",\"name\":\"El Digital de Asturias\",\"image\":{\"@type\":\"ImageObject\",\"@id\":\"https:\\\/\\\/www.eldigitaldeasturias.com\\\/noticias\\\/diez-personas-mueren-en-las-carreteras-desde-que-comenzo-el-puente\\\/#authorImage\",\"url\":\"https:\\\/\\\/secure.gravatar.com\\\/avatar\\\/df2aeffc32bcd13f8d26072ef8a91b623d677766deac7f97ca815868cd41bf5e?s=96&d=mm&r=g\",\"width\":96,\"height\":96,\"caption\":\"El Digital de Asturias\"}},{\"@type\":\"WebPage\",\"@id\":\"https:\\\/\\\/www.eldigitaldeasturias.com\\\/noticias\\\/diez-personas-mueren-en-las-carreteras-desde-que-comenzo-el-puente\\\/#webpage\",\"url\":\"https:\\\/\\\/www.eldigitaldeasturias.com\\\/noticias\\\/diez-personas-mueren-en-las-carreteras-desde-que-comenzo-el-puente\\\/\",\"name\":\"Diez personas mueren en las carreteras desde que comenz\\u00f3 el puente - El Digital de Asturias\",\"description\":\"Madrid, 8 dic (EFE).- Diez personas han fallecido en los seis accidentes mortales ocurridos en las carreteras desde que se inici\\u00f3 la operaci\\u00f3n especial de tr\\u00e1fico con motivo del puente de la Constituci\\u00f3n y la Inmaculada y hasta las 20.00 horas, en la que se registran retenciones destacadas en las carreteras. En estos siniestros han\",\"inLanguage\":\"es-ES\",\"isPartOf\":{\"@id\":\"https:\\\/\\\/www.eldigitaldeasturias.com\\\/noticias\\\/#website\"},\"breadcrumb\":{\"@id\":\"https:\\\/\\\/www.eldigitaldeasturias.com\\\/noticias\\\/diez-personas-mueren-en-las-carreteras-desde-que-comenzo-el-puente\\\/#breadcrumblist\"},\"author\":{\"@id\":\"https:\\\/\\\/www.eldigitaldeasturias.com\\\/noticias\\\/author\\\/admin\\\/#author\"},\"creator\":{\"@id\":\"https:\\\/\\\/www.eldigitaldeasturias.com\\\/noticias\\\/author\\\/admin\\\/#author\"},\"image\":{\"@type\":\"ImageObject\",\"url\":459499,\"@id\":\"https:\\\/\\\/www.eldigitaldeasturias.com\\\/noticias\\\/diez-personas-mueren-en-las-carreteras-desde-que-comenzo-el-puente\\\/#mainImage\"},\"primaryImageOfPage\":{\"@id\":\"https:\\\/\\\/www.eldigitaldeasturias.com\\\/noticias\\\/diez-personas-mueren-en-las-carreteras-desde-que-comenzo-el-puente\\\/#mainImage\"},\"datePublished\":\"2013-12-08T22:38:54+01:00\",\"dateModified\":\"2013-12-08T22:38:54+01:00\"},{\"@type\":\"WebSite\",\"@id\":\"https:\\\/\\\/www.eldigitaldeasturias.com\\\/noticias\\\/#website\",\"url\":\"https:\\\/\\\/www.eldigitaldeasturias.com\\\/noticias\\\/\",\"name\":\"El Digital de Asturias - Diario de actualidad y noticias\",\"alternateName\":\"El Digital de Asturias - Diario de actualidad y noticias\",\"description\":\"Hemeroteca\",\"inLanguage\":\"es-ES\",\"publisher\":{\"@id\":\"https:\\\/\\\/www.eldigitaldeasturias.com\\\/noticias\\\/#organization\"}}]}\n\t\t<\/script>\n\t\t<!-- All in One SEO Pro -->\r\n\t\t<title>Diez personas mueren en las carreteras desde que comenz\u00f3 el puente - El Digital de Asturias<\/title>\n\n","aioseo_head_json":{"title":"Diez personas mueren en las carreteras desde que comenz\u00f3 el puente - El Digital de Asturias","description":"Madrid, 8 dic (EFE).- Diez personas han fallecido en los seis accidentes mortales ocurridos en las carreteras desde que se inici\u00f3 la operaci\u00f3n especial de tr\u00e1fico con motivo del puente de la Constituci\u00f3n y la Inmaculada y hasta las 20.00 horas, en la que se registran retenciones destacadas en las carreteras. En estos siniestros han","canonical_url":"https:\/\/www.eldigitaldeasturias.com\/noticias\/diez-personas-mueren-en-las-carreteras-desde-que-comenzo-el-puente\/","robots":"max-image-preview:large","keywords":"sucesos","webmasterTools":{"google-site-verification":"UA-38556648-1","msvalidate.01":"7dfe9f3f1b24437ab69f4f2559babe99","miscellaneous":""},"schema":{"@context":"https:\/\/schema.org","@graph":[{"@type":"BlogPosting","@id":"https:\/\/www.eldigitaldeasturias.com\/noticias\/diez-personas-mueren-en-las-carreteras-desde-que-comenzo-el-puente\/#blogposting","name":"Diez personas mueren en las carreteras desde que comenz\u00f3 el puente - El Digital de Asturias","headline":"Diez personas mueren en las carreteras desde que comenz\u00f3 el puente","author":{"@id":"https:\/\/www.eldigitaldeasturias.com\/noticias\/author\/admin\/#author"},"publisher":{"@id":"https:\/\/www.eldigitaldeasturias.com\/noticias\/#organization"},"image":{"@type":"ImageObject","url":459499},"datePublished":"2013-12-08T22:38:54+01:00","dateModified":"2013-12-08T22:38:54+01:00","inLanguage":"es-ES","mainEntityOfPage":{"@id":"https:\/\/www.eldigitaldeasturias.com\/noticias\/diez-personas-mueren-en-las-carreteras-desde-que-comenzo-el-puente\/#webpage"},"isPartOf":{"@id":"https:\/\/www.eldigitaldeasturias.com\/noticias\/diez-personas-mueren-en-las-carreteras-desde-que-comenzo-el-puente\/#webpage"},"articleSection":"Sucesos"},{"@type":"BreadcrumbList","@id":"https:\/\/www.eldigitaldeasturias.com\/noticias\/diez-personas-mueren-en-las-carreteras-desde-que-comenzo-el-puente\/#breadcrumblist","itemListElement":[{"@type":"ListItem","@id":"https:\/\/www.eldigitaldeasturias.com\/noticias#listItem","position":1,"name":"Home","item":"https:\/\/www.eldigitaldeasturias.com\/noticias","nextItem":{"@type":"ListItem","@id":"https:\/\/www.eldigitaldeasturias.com\/noticias\/category\/sucesos\/#listItem","name":"Sucesos"}},{"@type":"ListItem","@id":"https:\/\/www.eldigitaldeasturias.com\/noticias\/category\/sucesos\/#listItem","position":2,"name":"Sucesos","item":"https:\/\/www.eldigitaldeasturias.com\/noticias\/category\/sucesos\/","nextItem":{"@type":"ListItem","@id":"https:\/\/www.eldigitaldeasturias.com\/noticias\/diez-personas-mueren-en-las-carreteras-desde-que-comenzo-el-puente\/#listItem","name":"Diez personas mueren en las carreteras desde que comenz\u00f3 el puente"},"previousItem":{"@type":"ListItem","@id":"https:\/\/www.eldigitaldeasturias.com\/noticias#listItem","name":"Home"}},{"@type":"ListItem","@id":"https:\/\/www.eldigitaldeasturias.com\/noticias\/diez-personas-mueren-en-las-carreteras-desde-que-comenzo-el-puente\/#listItem","position":3,"name":"Diez personas mueren en las carreteras desde que comenz\u00f3 el puente","previousItem":{"@type":"ListItem","@id":"https:\/\/www.eldigitaldeasturias.com\/noticias\/category\/sucesos\/#listItem","name":"Sucesos"}}]},{"@type":"Organization","@id":"https:\/\/www.eldigitaldeasturias.com\/noticias\/#organization","name":"El Digital de Asturias","description":"Hemeroteca","url":"https:\/\/www.eldigitaldeasturias.com\/noticias\/","email":"info@eldigitaldeasturias.com","telephone":"+34652131393","logo":{"@type":"ImageObject","url":"https:\/\/www.eldigitaldeasturias.com\/noticias\/wp-content\/uploads\/2020\/12\/EDA.jpg","@id":"https:\/\/www.eldigitaldeasturias.com\/noticias\/diez-personas-mueren-en-las-carreteras-desde-que-comenzo-el-puente\/#organizationLogo"},"image":{"@id":"https:\/\/www.eldigitaldeasturias.com\/noticias\/diez-personas-mueren-en-las-carreteras-desde-que-comenzo-el-puente\/#organizationLogo"},"sameAs":["https:\/\/facebook.com\/eldigitaldeasturias","https:\/\/www.youtube.com\/channel\/UCZP-2wLEB9Rv6erhFmqVnvg"],"address":{"@id":"https:\/\/www.eldigitaldeasturias.com\/noticias\/#postaladdress","@type":"PostalAddress","streetAddress":"san antonio 4","postalCode":"33430","addressLocality":"Cand\u00e1s","addressRegion":"Asturias","addressCountry":"ES"}},{"@type":"Person","@id":"https:\/\/www.eldigitaldeasturias.com\/noticias\/author\/admin\/#author","url":"https:\/\/www.eldigitaldeasturias.com\/noticias\/author\/admin\/","name":"El Digital de Asturias","image":{"@type":"ImageObject","@id":"https:\/\/www.eldigitaldeasturias.com\/noticias\/diez-personas-mueren-en-las-carreteras-desde-que-comenzo-el-puente\/#authorImage","url":"https:\/\/secure.gravatar.com\/avatar\/df2aeffc32bcd13f8d26072ef8a91b623d677766deac7f97ca815868cd41bf5e?s=96&d=mm&r=g","width":96,"height":96,"caption":"El Digital de Asturias"}},{"@type":"WebPage","@id":"https:\/\/www.eldigitaldeasturias.com\/noticias\/diez-personas-mueren-en-las-carreteras-desde-que-comenzo-el-puente\/#webpage","url":"https:\/\/www.eldigitaldeasturias.com\/noticias\/diez-personas-mueren-en-las-carreteras-desde-que-comenzo-el-puente\/","name":"Diez personas mueren en las carreteras desde que comenz\u00f3 el puente - El Digital de Asturias","description":"Madrid, 8 dic (EFE).- Diez personas han fallecido en los seis accidentes mortales ocurridos en las carreteras desde que se inici\u00f3 la operaci\u00f3n especial de tr\u00e1fico con motivo del puente de la Constituci\u00f3n y la Inmaculada y hasta las 20.00 horas, en la que se registran retenciones destacadas en las carreteras. En estos siniestros han","inLanguage":"es-ES","isPartOf":{"@id":"https:\/\/www.eldigitaldeasturias.com\/noticias\/#website"},"breadcrumb":{"@id":"https:\/\/www.eldigitaldeasturias.com\/noticias\/diez-personas-mueren-en-las-carreteras-desde-que-comenzo-el-puente\/#breadcrumblist"},"author":{"@id":"https:\/\/www.eldigitaldeasturias.com\/noticias\/author\/admin\/#author"},"creator":{"@id":"https:\/\/www.eldigitaldeasturias.com\/noticias\/author\/admin\/#author"},"image":{"@type":"ImageObject","url":459499,"@id":"https:\/\/www.eldigitaldeasturias.com\/noticias\/diez-personas-mueren-en-las-carreteras-desde-que-comenzo-el-puente\/#mainImage"},"primaryImageOfPage":{"@id":"https:\/\/www.eldigitaldeasturias.com\/noticias\/diez-personas-mueren-en-las-carreteras-desde-que-comenzo-el-puente\/#mainImage"},"datePublished":"2013-12-08T22:38:54+01:00","dateModified":"2013-12-08T22:38:54+01:00"},{"@type":"WebSite","@id":"https:\/\/www.eldigitaldeasturias.com\/noticias\/#website","url":"https:\/\/www.eldigitaldeasturias.com\/noticias\/","name":"El Digital de Asturias - Diario de actualidad y noticias","alternateName":"El Digital de Asturias - Diario de actualidad y noticias","description":"Hemeroteca","inLanguage":"es-ES","publisher":{"@id":"https:\/\/www.eldigitaldeasturias.com\/noticias\/#organization"}}]},"og:locale":"es_ES","og:site_name":"El Digital de Asturias","og:type":"article","og:title":"Diez personas mueren en las carreteras desde que comenz\u00f3 el puente - El Digital de Asturias","og:description":"Madrid, 8 dic (EFE).- Diez personas han fallecido en los seis accidentes mortales ocurridos en las carreteras desde que se inici\u00f3 la operaci\u00f3n especial de tr\u00e1fico con motivo del puente de la Constituci\u00f3n y la Inmaculada y hasta las 20.00 horas, en la que se registran retenciones destacadas en las carreteras. En estos siniestros han","og:url":"https:\/\/www.eldigitaldeasturias.com\/noticias\/diez-personas-mueren-en-las-carreteras-desde-que-comenzo-el-puente\/","article:tag":["sucesos"],"article:published_time":"2013-12-08T23:38:54+00:00","article:modified_time":"2013-12-08T23:38:54+00:00","article:publisher":"https:\/\/facebook.com\/eldigitaldeasturias","twitter:card":"summary_large_image","twitter:title":"Diez personas mueren en las carreteras desde que comenz\u00f3 el puente - El Digital de Asturias","twitter:description":"Madrid, 8 dic (EFE).- Diez personas han fallecido en los seis accidentes mortales ocurridos en las carreteras desde que se inici\u00f3 la operaci\u00f3n especial de tr\u00e1fico con motivo del puente de la Constituci\u00f3n y la Inmaculada y hasta las 20.00 horas, en la que se registran retenciones destacadas en las carreteras. En estos siniestros han","twitter:label1":"Escrito por","twitter:data1":"El Digital de Asturias","twitter:label2":"Tiempo de lectura estimado","twitter:data2":"2 minutos"},"aioseo_meta_data":{"post_id":"459498","title":null,"description":null,"keywords":null,"keyphrases":null,"primary_term":null,"canonical_url":null,"og_title":null,"og_description":null,"og_object_type":"default","og_image_type":"default","og_image_url":null,"og_image_width":null,"og_image_height":null,"og_image_custom_url":null,"og_image_custom_fields":null,"og_video":null,"og_custom_url":null,"og_article_section":null,"og_article_tags":null,"twitter_use_og":true,"twitter_card":"default","twitter_image_type":"default","twitter_image_url":null,"twitter_image_custom_url":null,"twitter_image_custom_fields":null,"twitter_title":null,"twitter_description":null,"schema":{"blockGraphs":[],"customGraphs":[],"default":{"data":{"Article":[],"Course":[],"Dataset":[],"FAQPage":[],"Movie":[],"Person":[],"Product":[],"ProductReview":[],"Car":[],"Recipe":[],"Service":[],"SoftwareApplication":[],"WebPage":[]},"graphName":"","isEnabled":true},"graphs":[],"defaultGraph":"","defaultPostTypeGraph":""},"schema_type":null,"schema_type_options":null,"pillar_content":false,"robots_default":true,"robots_noindex":false,"robots_noarchive":false,"robots_nosnippet":false,"robots_nofollow":false,"robots_noimageindex":false,"robots_noodp":false,"robots_notranslate":false,"robots_max_snippet":null,"robots_max_videopreview":null,"robots_max_imagepreview":"none","priority":null,"frequency":null,"local_seo":null,"seo_analyzer_scan_date":"2026-05-30 09:33:00","breadcrumb_settings":null,"limit_modified_date":false,"open_ai":null,"ai":null,"created":"2020-11-14 22:47:36","updated":"2026-05-30 09:33:00","focus_keyword":null,"additional_keywords":null,"truseo_locale":null},"aioseo_breadcrumb":"<div class=\"aioseo-breadcrumbs\"><span class=\"aioseo-breadcrumb\">\n\t<a href=\"https:\/\/www.eldigitaldeasturias.com\/noticias\" title=\"Home\">Home<\/a>\n<\/span><span class=\"aioseo-breadcrumb-separator\">\u2013<\/span><span class=\"aioseo-breadcrumb\">\n\t<a href=\"https:\/\/www.eldigitaldeasturias.com\/noticias\/category\/sucesos\/\" title=\"Sucesos\">Sucesos<\/a>\n<\/span><span class=\"aioseo-breadcrumb-separator\">\u2013<\/span><span class=\"aioseo-breadcrumb\">\n\t<a href=\"https:\/\/www.eldigitaldeasturias.com\/noticias\/diez-personas-mueren-en-las-carreteras-desde-que-comenzo-el-puente\/\" title=\"Diez personas mueren en las carreteras desde que comenz\u00f3 el puente\">Diez personas mueren en las carreteras desde que comenz\u00f3 el puente<\/a>\n<\/span><\/div>","aioseo_breadcrumb_json":[{"label":"Home","link":"https:\/\/www.eldigitaldeasturias.com\/noticias"},{"label":"Sucesos","link":"https:\/\/www.eldigitaldeasturias.com\/noticias\/category\/sucesos\/"},{"label":"Diez personas mueren en las carreteras desde que comenz\u00f3 el puente","link":"https:\/\/www.eldigitaldeasturias.com\/noticias\/diez-personas-mueren-en-las-carreteras-desde-que-comenzo-el-puente\/"}],"_links":{"self":[{"href":"https:\/\/www.eldigitaldeasturias.com\/noticias\/wp-json\/wp\/v2\/posts\/459498","targetHints":{"allow":["GET"]}}],"collection":[{"href":"https:\/\/www.eldigitaldeasturias.com\/noticias\/wp-json\/wp\/v2\/posts"}],"about":[{"href":"https:\/\/www.eldigitaldeasturias.com\/noticias\/wp-json\/wp\/v2\/types\/post"}],"author":[{"embeddable":true,"href":"https:\/\/www.eldigitaldeasturias.com\/noticias\/wp-json\/wp\/v2\/users\/1"}],"replies":[{"embeddable":true,"href":"https:\/\/www.eldigitaldeasturias.com\/noticias\/wp-json\/wp\/v2\/comments?post=459498"}],"version-history":[{"count":0,"href":"https:\/\/www.eldigitaldeasturias.com\/noticias\/wp-json\/wp\/v2\/posts\/459498\/revisions"}],"wp:attachment":[{"href":"https:\/\/www.eldigitaldeasturias.com\/noticias\/wp-json\/wp\/v2\/media?parent=459498"}],"wp:term":[{"taxonomy":"category","embeddable":true,"href":"https:\/\/www.eldigitaldeasturias.com\/noticias\/wp-json\/wp\/v2\/categories?post=459498"},{"taxonomy":"post_tag","embeddable":true,"href":"https:\/\/www.eldigitaldeasturias.com\/noticias\/wp-json\/wp\/v2\/tags?post=459498"}],"curies":[{"name":"wp","href":"https:\/\/api.w.org\/{rel}","templated":true}]}}