{"id":459490,"date":"2013-12-08T22:32:47","date_gmt":"2013-12-08T23:32:47","guid":{"rendered":"http:\/\/www.eldigitaldeasturias.com\/noticias\/?p=459490"},"modified":"2013-12-08T22:32:47","modified_gmt":"2013-12-08T23:32:47","slug":"la-generalitat-reactiva-manana-el-protocolo-por-contaminacion-en-el-area-de-barcelona","status":"publish","type":"post","link":"https:\/\/www.eldigitaldeasturias.com\/noticias\/la-generalitat-reactiva-manana-el-protocolo-por-contaminacion-en-el-area-de-barcelona\/","title":{"rendered":"La Generalitat reactiva ma\u00f1ana el protocolo por contaminaci\u00f3n en el \u00e1rea de Barcelona"},"content":{"rendered":"<p><img loading=\"lazy\" decoding=\"async\" class=\"alignleft size-medium wp-image-459491\" alt=\"5780194w\" src=\"https:\/\/www.eldigitaldeasturias.com\/noticias\/wp-content\/uploads\/2013\/12\/5780194w-360x214.jpg\" width=\"360\" height=\"214\" \/>Barcelona, 8 dic (EFE).- La Generalitat reactivar\u00e1 ma\u00f1ana lunes el protocolo por contaminaci\u00f3n atmosf\u00e9rica, que, entre otras medidas, limita la velocidad en los accesos de Barcelona e insta a las empresas a reducir sus emisiones, ante la elevada concentraci\u00f3n de di\u00f3xido de nitr\u00f3geno (NO2) en toda el \u00e1rea de Barcelona.<\/p>\n<p>Dicho protocolo, que ya estuvo activo los pasados d\u00edas 4 y 5 de diciembre, volver\u00e1 a reanudarse ma\u00f1ana \u00abtras la pausa de este largo fin de semana, en el que las actividades y las emisiones en el \u00e1rea m\u00e1s afectada por los altos \u00edndices de di\u00f3xido de nitr\u00f3geno se han reducido notablemente\u00bb.<\/p>\n<p>Seg\u00fan ha informado la Generalitat en un comunicado, el Departamento de Territorio y Sostenibilidad reactivar\u00e1 a partir de las 6:00 horas el protocolo anticontaminaci\u00f3n en diecisiete municipios del \u00e1rea metropolitana de Barcelona.<\/p>\n<p>Son Barcelona, Badalona, L&#8217;Hospitalet de Llobregat, Sant Adri\u00e0 de Bes\u00f2s, Santa Coloma de Gramenet, Castelldefels, Cornell\u00e0 de Llobregat, Esplugues de Llobregat, Gav\u00e0, Molins de Rei, el Prat de Llobregat, Sant Feliu de Llobregat, Sant Joan Desp\u00ed, Sant Just Desvern, Sant Vicen\u00e7 dels Horts y Viladecans.<\/p>\n<p>Una decisi\u00f3n basada en \u00abla previsi\u00f3n de que las emisiones generadas por la movilidad cotidiana en tr\u00e1fico urbano, interurbano y actividad industrial aumenten, al ser d\u00eda laborable, y las condiciones atmosf\u00e9ricas contin\u00faen siendo desfavorables a la dispersi\u00f3n\u00bb.<\/p>\n<p>Una circunstancia que ya estaba prevista por la Direcci\u00f3n General de Calidad Ambiental, despu\u00e9s de la pausa en el protocolo en los \u00faltimos tres d\u00edas.<\/p>\n<p>Respecto al Camp de Tarragona, la Generalitat avisar\u00e1 a la Asociaci\u00f3n Empresarial Qu\u00edmica de Tarragona (AEQT) para que eviten las maniobras no urgentes que puedan empeorar la calidad del aire, y las puedan aplazar a d\u00edas posteriores.<\/p>\n<p>La activaci\u00f3n de episodios ambientales de contaminaci\u00f3n es una medida prevista dentro el Plan de Mejora de la Calidad del Aire, para cumplir con los l\u00edmites de contaminantes exigidos por la normativa comunitaria.<\/p>\n<p>Adem\u00e1s de reducir la velocidad en las v\u00edas r\u00e1pidas de la conurbaci\u00f3n barcelonesa, el protocolo tambi\u00e9n obliga a informar a la poblaci\u00f3n para que utilice los transportes p\u00fablicos si se ha de desplazar y a emitir consejos generales a trav\u00e9s del CECAT y de la ATM (Autoridad del Transporte Metropolitano), y se ha instado tambi\u00e9n a compa\u00f1\u00edas el\u00e9ctricas y cementeras a reducir sus emisiones.<\/p>\n","protected":false},"excerpt":{"rendered":"<p>Barcelona, 8 dic (EFE).- La Generalitat reactivar\u00e1 ma\u00f1ana lunes el protocolo por contaminaci\u00f3n atmosf\u00e9rica, que, entre otras medidas, limita la velocidad en los accesos de Barcelona e insta a las empresas a reducir sus emisiones, ante la elevada concentraci\u00f3n de di\u00f3xido de nitr\u00f3geno (NO2) en toda el \u00e1rea de Barcelona. Dicho protocolo, que ya estuvo [&hellip;]<\/p>\n","protected":false},"author":1,"featured_media":459491,"comment_status":"closed","ping_status":"open","sticky":false,"template":"","format":"standard","meta":{"footnotes":""},"categories":[28],"tags":[],"class_list":["post-459490","post","type-post","status-publish","format-standard","has-post-thumbnail","hentry","category-sociedad"],"aioseo_notices":[],"aioseo_head":"\n\t\t<!-- All in One SEO Pro 5.0.1 - aioseo.com -->\n\t<meta name=\"description\" content=\"Barcelona, 8 dic (EFE).- La Generalitat reactivar\u00e1 ma\u00f1ana lunes el protocolo por contaminaci\u00f3n atmosf\u00e9rica, que, entre otras medidas, limita la velocidad en los accesos de Barcelona e insta a las empresas a reducir sus emisiones, ante la elevada concentraci\u00f3n de di\u00f3xido de nitr\u00f3geno (NO2) en toda el \u00e1rea de Barcelona. Dicho protocolo, que ya estuvo\" \/>\n\t<meta name=\"robots\" content=\"max-image-preview:large\" \/>\n\t<meta name=\"author\" content=\"El Digital de Asturias\"\/>\n\t<meta name=\"google-site-verification\" content=\"UA-38556648-1\" \/>\n\t<meta name=\"msvalidate.01\" content=\"7dfe9f3f1b24437ab69f4f2559babe99\" \/>\n\t<meta name=\"keywords\" content=\"sociedad\" \/>\n\t<link rel=\"canonical\" href=\"https:\/\/www.eldigitaldeasturias.com\/noticias\/la-generalitat-reactiva-manana-el-protocolo-por-contaminacion-en-el-area-de-barcelona\/\" \/>\n\t<meta name=\"generator\" content=\"All in One SEO Pro (AIOSEO) 5.0.1\" \/>\n\t\t<meta property=\"og:locale\" content=\"es_ES\" \/>\n\t\t<meta property=\"og:site_name\" content=\"El Digital de Asturias\" \/>\n\t\t<meta property=\"og:type\" content=\"article\" \/>\n\t\t<meta property=\"og:title\" content=\"La Generalitat reactiva ma\u00f1ana el protocolo por contaminaci\u00f3n en el \u00e1rea de Barcelona - El Digital de Asturias\" \/>\n\t\t<meta property=\"og:description\" content=\"Barcelona, 8 dic (EFE).- La Generalitat reactivar\u00e1 ma\u00f1ana lunes el protocolo por contaminaci\u00f3n atmosf\u00e9rica, que, entre otras medidas, limita la velocidad en los accesos de Barcelona e insta a las empresas a reducir sus emisiones, ante la elevada concentraci\u00f3n de di\u00f3xido de nitr\u00f3geno (NO2) en toda el \u00e1rea de Barcelona. Dicho protocolo, que ya estuvo\" \/>\n\t\t<meta property=\"og:url\" content=\"https:\/\/www.eldigitaldeasturias.com\/noticias\/la-generalitat-reactiva-manana-el-protocolo-por-contaminacion-en-el-area-de-barcelona\/\" \/>\n\t\t<meta property=\"article:tag\" content=\"sociedad\" \/>\n\t\t<meta property=\"article:published_time\" content=\"2013-12-08T23:32:47+00:00\" \/>\n\t\t<meta property=\"article:modified_time\" content=\"2013-12-08T23:32:47+00:00\" \/>\n\t\t<meta property=\"article:publisher\" content=\"https:\/\/facebook.com\/eldigitaldeasturias\" \/>\n\t\t<meta name=\"twitter:card\" content=\"summary_large_image\" \/>\n\t\t<meta name=\"twitter:title\" content=\"La Generalitat reactiva ma\u00f1ana el protocolo por contaminaci\u00f3n en el \u00e1rea de Barcelona - El Digital de Asturias\" \/>\n\t\t<meta name=\"twitter:description\" content=\"Barcelona, 8 dic (EFE).- La Generalitat reactivar\u00e1 ma\u00f1ana lunes el protocolo por contaminaci\u00f3n atmosf\u00e9rica, que, entre otras medidas, limita la velocidad en los accesos de Barcelona e insta a las empresas a reducir sus emisiones, ante la elevada concentraci\u00f3n de di\u00f3xido de nitr\u00f3geno (NO2) en toda el \u00e1rea de Barcelona. Dicho protocolo, que ya estuvo\" \/>\n\t\t<meta name=\"twitter:label1\" content=\"Escrito por\" \/>\n\t\t<meta name=\"twitter:data1\" content=\"El Digital de Asturias\" \/>\n\t\t<meta name=\"twitter:label2\" content=\"Tiempo de lectura estimado\" \/>\n\t\t<meta name=\"twitter:data2\" content=\"2 minutos\" \/>\n\t\t<script type=\"application\/ld+json\" class=\"aioseo-schema\">\n\t\t\t{\"@context\":\"https:\\\/\\\/schema.org\",\"@graph\":[{\"@type\":\"BlogPosting\",\"@id\":\"https:\\\/\\\/www.eldigitaldeasturias.com\\\/noticias\\\/la-generalitat-reactiva-manana-el-protocolo-por-contaminacion-en-el-area-de-barcelona\\\/#blogposting\",\"name\":\"La Generalitat reactiva ma\\u00f1ana el protocolo por contaminaci\\u00f3n en el \\u00e1rea de Barcelona - El Digital de Asturias\",\"headline\":\"La Generalitat reactiva ma\\u00f1ana el protocolo por contaminaci\\u00f3n en el \\u00e1rea de Barcelona\",\"author\":{\"@id\":\"https:\\\/\\\/www.eldigitaldeasturias.com\\\/noticias\\\/author\\\/admin\\\/#author\"},\"publisher\":{\"@id\":\"https:\\\/\\\/www.eldigitaldeasturias.com\\\/noticias\\\/#organization\"},\"image\":{\"@type\":\"ImageObject\",\"url\":459491},\"datePublished\":\"2013-12-08T22:32:47+01:00\",\"dateModified\":\"2013-12-08T22:32:47+01:00\",\"inLanguage\":\"es-ES\",\"mainEntityOfPage\":{\"@id\":\"https:\\\/\\\/www.eldigitaldeasturias.com\\\/noticias\\\/la-generalitat-reactiva-manana-el-protocolo-por-contaminacion-en-el-area-de-barcelona\\\/#webpage\"},\"isPartOf\":{\"@id\":\"https:\\\/\\\/www.eldigitaldeasturias.com\\\/noticias\\\/la-generalitat-reactiva-manana-el-protocolo-por-contaminacion-en-el-area-de-barcelona\\\/#webpage\"},\"articleSection\":\"Sociedad\"},{\"@type\":\"BreadcrumbList\",\"@id\":\"https:\\\/\\\/www.eldigitaldeasturias.com\\\/noticias\\\/la-generalitat-reactiva-manana-el-protocolo-por-contaminacion-en-el-area-de-barcelona\\\/#breadcrumblist\",\"itemListElement\":[{\"@type\":\"ListItem\",\"@id\":\"https:\\\/\\\/www.eldigitaldeasturias.com\\\/noticias#listItem\",\"position\":1,\"name\":\"Home\",\"item\":\"https:\\\/\\\/www.eldigitaldeasturias.com\\\/noticias\",\"nextItem\":{\"@type\":\"ListItem\",\"@id\":\"https:\\\/\\\/www.eldigitaldeasturias.com\\\/noticias\\\/category\\\/sociedad\\\/#listItem\",\"name\":\"Sociedad\"}},{\"@type\":\"ListItem\",\"@id\":\"https:\\\/\\\/www.eldigitaldeasturias.com\\\/noticias\\\/category\\\/sociedad\\\/#listItem\",\"position\":2,\"name\":\"Sociedad\",\"item\":\"https:\\\/\\\/www.eldigitaldeasturias.com\\\/noticias\\\/category\\\/sociedad\\\/\",\"nextItem\":{\"@type\":\"ListItem\",\"@id\":\"https:\\\/\\\/www.eldigitaldeasturias.com\\\/noticias\\\/la-generalitat-reactiva-manana-el-protocolo-por-contaminacion-en-el-area-de-barcelona\\\/#listItem\",\"name\":\"La Generalitat reactiva ma\\u00f1ana el protocolo por contaminaci\\u00f3n en el \\u00e1rea de Barcelona\"},\"previousItem\":{\"@type\":\"ListItem\",\"@id\":\"https:\\\/\\\/www.eldigitaldeasturias.com\\\/noticias#listItem\",\"name\":\"Home\"}},{\"@type\":\"ListItem\",\"@id\":\"https:\\\/\\\/www.eldigitaldeasturias.com\\\/noticias\\\/la-generalitat-reactiva-manana-el-protocolo-por-contaminacion-en-el-area-de-barcelona\\\/#listItem\",\"position\":3,\"name\":\"La Generalitat reactiva ma\\u00f1ana el protocolo por contaminaci\\u00f3n en el \\u00e1rea de Barcelona\",\"previousItem\":{\"@type\":\"ListItem\",\"@id\":\"https:\\\/\\\/www.eldigitaldeasturias.com\\\/noticias\\\/category\\\/sociedad\\\/#listItem\",\"name\":\"Sociedad\"}}]},{\"@type\":\"Organization\",\"@id\":\"https:\\\/\\\/www.eldigitaldeasturias.com\\\/noticias\\\/#organization\",\"name\":\"El Digital de Asturias\",\"description\":\"Hemeroteca\",\"url\":\"https:\\\/\\\/www.eldigitaldeasturias.com\\\/noticias\\\/\",\"email\":\"info@eldigitaldeasturias.com\",\"telephone\":\"+34652131393\",\"logo\":{\"@type\":\"ImageObject\",\"url\":\"https:\\\/\\\/www.eldigitaldeasturias.com\\\/noticias\\\/wp-content\\\/uploads\\\/2020\\\/12\\\/EDA.jpg\",\"@id\":\"https:\\\/\\\/www.eldigitaldeasturias.com\\\/noticias\\\/la-generalitat-reactiva-manana-el-protocolo-por-contaminacion-en-el-area-de-barcelona\\\/#organizationLogo\"},\"image\":{\"@id\":\"https:\\\/\\\/www.eldigitaldeasturias.com\\\/noticias\\\/la-generalitat-reactiva-manana-el-protocolo-por-contaminacion-en-el-area-de-barcelona\\\/#organizationLogo\"},\"sameAs\":[\"https:\\\/\\\/facebook.com\\\/eldigitaldeasturias\",\"https:\\\/\\\/www.youtube.com\\\/channel\\\/UCZP-2wLEB9Rv6erhFmqVnvg\"],\"address\":{\"@id\":\"https:\\\/\\\/www.eldigitaldeasturias.com\\\/noticias\\\/#postaladdress\",\"@type\":\"PostalAddress\",\"streetAddress\":\"san antonio 4\",\"postalCode\":\"33430\",\"addressLocality\":\"Cand\\u00e1s\",\"addressRegion\":\"Asturias\",\"addressCountry\":\"ES\"}},{\"@type\":\"Person\",\"@id\":\"https:\\\/\\\/www.eldigitaldeasturias.com\\\/noticias\\\/author\\\/admin\\\/#author\",\"url\":\"https:\\\/\\\/www.eldigitaldeasturias.com\\\/noticias\\\/author\\\/admin\\\/\",\"name\":\"El Digital de Asturias\",\"image\":{\"@type\":\"ImageObject\",\"@id\":\"https:\\\/\\\/www.eldigitaldeasturias.com\\\/noticias\\\/la-generalitat-reactiva-manana-el-protocolo-por-contaminacion-en-el-area-de-barcelona\\\/#authorImage\",\"url\":\"https:\\\/\\\/secure.gravatar.com\\\/avatar\\\/df2aeffc32bcd13f8d26072ef8a91b623d677766deac7f97ca815868cd41bf5e?s=96&d=mm&r=g\",\"width\":96,\"height\":96,\"caption\":\"El Digital de Asturias\"}},{\"@type\":\"WebPage\",\"@id\":\"https:\\\/\\\/www.eldigitaldeasturias.com\\\/noticias\\\/la-generalitat-reactiva-manana-el-protocolo-por-contaminacion-en-el-area-de-barcelona\\\/#webpage\",\"url\":\"https:\\\/\\\/www.eldigitaldeasturias.com\\\/noticias\\\/la-generalitat-reactiva-manana-el-protocolo-por-contaminacion-en-el-area-de-barcelona\\\/\",\"name\":\"La Generalitat reactiva ma\\u00f1ana el protocolo por contaminaci\\u00f3n en el \\u00e1rea de Barcelona - El Digital de Asturias\",\"description\":\"Barcelona, 8 dic (EFE).- La Generalitat reactivar\\u00e1 ma\\u00f1ana lunes el protocolo por contaminaci\\u00f3n atmosf\\u00e9rica, que, entre otras medidas, limita la velocidad en los accesos de Barcelona e insta a las empresas a reducir sus emisiones, ante la elevada concentraci\\u00f3n de di\\u00f3xido de nitr\\u00f3geno (NO2) en toda el \\u00e1rea de Barcelona. Dicho protocolo, que ya estuvo\",\"inLanguage\":\"es-ES\",\"isPartOf\":{\"@id\":\"https:\\\/\\\/www.eldigitaldeasturias.com\\\/noticias\\\/#website\"},\"breadcrumb\":{\"@id\":\"https:\\\/\\\/www.eldigitaldeasturias.com\\\/noticias\\\/la-generalitat-reactiva-manana-el-protocolo-por-contaminacion-en-el-area-de-barcelona\\\/#breadcrumblist\"},\"author\":{\"@id\":\"https:\\\/\\\/www.eldigitaldeasturias.com\\\/noticias\\\/author\\\/admin\\\/#author\"},\"creator\":{\"@id\":\"https:\\\/\\\/www.eldigitaldeasturias.com\\\/noticias\\\/author\\\/admin\\\/#author\"},\"image\":{\"@type\":\"ImageObject\",\"url\":459491,\"@id\":\"https:\\\/\\\/www.eldigitaldeasturias.com\\\/noticias\\\/la-generalitat-reactiva-manana-el-protocolo-por-contaminacion-en-el-area-de-barcelona\\\/#mainImage\"},\"primaryImageOfPage\":{\"@id\":\"https:\\\/\\\/www.eldigitaldeasturias.com\\\/noticias\\\/la-generalitat-reactiva-manana-el-protocolo-por-contaminacion-en-el-area-de-barcelona\\\/#mainImage\"},\"datePublished\":\"2013-12-08T22:32:47+01:00\",\"dateModified\":\"2013-12-08T22:32:47+01:00\"},{\"@type\":\"WebSite\",\"@id\":\"https:\\\/\\\/www.eldigitaldeasturias.com\\\/noticias\\\/#website\",\"url\":\"https:\\\/\\\/www.eldigitaldeasturias.com\\\/noticias\\\/\",\"name\":\"El Digital de Asturias - Diario de actualidad y noticias\",\"alternateName\":\"El Digital de Asturias - Diario de actualidad y noticias\",\"description\":\"Hemeroteca\",\"inLanguage\":\"es-ES\",\"publisher\":{\"@id\":\"https:\\\/\\\/www.eldigitaldeasturias.com\\\/noticias\\\/#organization\"}}]}\n\t\t<\/script>\n\t\t<!-- All in One SEO Pro -->\r\n\t\t<title>La Generalitat reactiva ma\u00f1ana el protocolo por contaminaci\u00f3n en el \u00e1rea de Barcelona - El Digital de Asturias<\/title>\n\n","aioseo_head_json":{"title":"La Generalitat reactiva ma\u00f1ana el protocolo por contaminaci\u00f3n en el \u00e1rea de Barcelona - El Digital de Asturias","description":"Barcelona, 8 dic (EFE).- La Generalitat reactivar\u00e1 ma\u00f1ana lunes el protocolo por contaminaci\u00f3n atmosf\u00e9rica, que, entre otras medidas, limita la velocidad en los accesos de Barcelona e insta a las empresas a reducir sus emisiones, ante la elevada concentraci\u00f3n de di\u00f3xido de nitr\u00f3geno (NO2) en toda el \u00e1rea de Barcelona. Dicho protocolo, que ya estuvo","canonical_url":"https:\/\/www.eldigitaldeasturias.com\/noticias\/la-generalitat-reactiva-manana-el-protocolo-por-contaminacion-en-el-area-de-barcelona\/","robots":"max-image-preview:large","keywords":"sociedad","webmasterTools":{"google-site-verification":"UA-38556648-1","msvalidate.01":"7dfe9f3f1b24437ab69f4f2559babe99","miscellaneous":""},"schema":{"@context":"https:\/\/schema.org","@graph":[{"@type":"BlogPosting","@id":"https:\/\/www.eldigitaldeasturias.com\/noticias\/la-generalitat-reactiva-manana-el-protocolo-por-contaminacion-en-el-area-de-barcelona\/#blogposting","name":"La Generalitat reactiva ma\u00f1ana el protocolo por contaminaci\u00f3n en el \u00e1rea de Barcelona - El Digital de Asturias","headline":"La Generalitat reactiva ma\u00f1ana el protocolo por contaminaci\u00f3n en el \u00e1rea de Barcelona","author":{"@id":"https:\/\/www.eldigitaldeasturias.com\/noticias\/author\/admin\/#author"},"publisher":{"@id":"https:\/\/www.eldigitaldeasturias.com\/noticias\/#organization"},"image":{"@type":"ImageObject","url":459491},"datePublished":"2013-12-08T22:32:47+01:00","dateModified":"2013-12-08T22:32:47+01:00","inLanguage":"es-ES","mainEntityOfPage":{"@id":"https:\/\/www.eldigitaldeasturias.com\/noticias\/la-generalitat-reactiva-manana-el-protocolo-por-contaminacion-en-el-area-de-barcelona\/#webpage"},"isPartOf":{"@id":"https:\/\/www.eldigitaldeasturias.com\/noticias\/la-generalitat-reactiva-manana-el-protocolo-por-contaminacion-en-el-area-de-barcelona\/#webpage"},"articleSection":"Sociedad"},{"@type":"BreadcrumbList","@id":"https:\/\/www.eldigitaldeasturias.com\/noticias\/la-generalitat-reactiva-manana-el-protocolo-por-contaminacion-en-el-area-de-barcelona\/#breadcrumblist","itemListElement":[{"@type":"ListItem","@id":"https:\/\/www.eldigitaldeasturias.com\/noticias#listItem","position":1,"name":"Home","item":"https:\/\/www.eldigitaldeasturias.com\/noticias","nextItem":{"@type":"ListItem","@id":"https:\/\/www.eldigitaldeasturias.com\/noticias\/category\/sociedad\/#listItem","name":"Sociedad"}},{"@type":"ListItem","@id":"https:\/\/www.eldigitaldeasturias.com\/noticias\/category\/sociedad\/#listItem","position":2,"name":"Sociedad","item":"https:\/\/www.eldigitaldeasturias.com\/noticias\/category\/sociedad\/","nextItem":{"@type":"ListItem","@id":"https:\/\/www.eldigitaldeasturias.com\/noticias\/la-generalitat-reactiva-manana-el-protocolo-por-contaminacion-en-el-area-de-barcelona\/#listItem","name":"La Generalitat reactiva ma\u00f1ana el protocolo por contaminaci\u00f3n en el \u00e1rea de Barcelona"},"previousItem":{"@type":"ListItem","@id":"https:\/\/www.eldigitaldeasturias.com\/noticias#listItem","name":"Home"}},{"@type":"ListItem","@id":"https:\/\/www.eldigitaldeasturias.com\/noticias\/la-generalitat-reactiva-manana-el-protocolo-por-contaminacion-en-el-area-de-barcelona\/#listItem","position":3,"name":"La Generalitat reactiva ma\u00f1ana el protocolo por contaminaci\u00f3n en el \u00e1rea de Barcelona","previousItem":{"@type":"ListItem","@id":"https:\/\/www.eldigitaldeasturias.com\/noticias\/category\/sociedad\/#listItem","name":"Sociedad"}}]},{"@type":"Organization","@id":"https:\/\/www.eldigitaldeasturias.com\/noticias\/#organization","name":"El Digital de Asturias","description":"Hemeroteca","url":"https:\/\/www.eldigitaldeasturias.com\/noticias\/","email":"info@eldigitaldeasturias.com","telephone":"+34652131393","logo":{"@type":"ImageObject","url":"https:\/\/www.eldigitaldeasturias.com\/noticias\/wp-content\/uploads\/2020\/12\/EDA.jpg","@id":"https:\/\/www.eldigitaldeasturias.com\/noticias\/la-generalitat-reactiva-manana-el-protocolo-por-contaminacion-en-el-area-de-barcelona\/#organizationLogo"},"image":{"@id":"https:\/\/www.eldigitaldeasturias.com\/noticias\/la-generalitat-reactiva-manana-el-protocolo-por-contaminacion-en-el-area-de-barcelona\/#organizationLogo"},"sameAs":["https:\/\/facebook.com\/eldigitaldeasturias","https:\/\/www.youtube.com\/channel\/UCZP-2wLEB9Rv6erhFmqVnvg"],"address":{"@id":"https:\/\/www.eldigitaldeasturias.com\/noticias\/#postaladdress","@type":"PostalAddress","streetAddress":"san antonio 4","postalCode":"33430","addressLocality":"Cand\u00e1s","addressRegion":"Asturias","addressCountry":"ES"}},{"@type":"Person","@id":"https:\/\/www.eldigitaldeasturias.com\/noticias\/author\/admin\/#author","url":"https:\/\/www.eldigitaldeasturias.com\/noticias\/author\/admin\/","name":"El Digital de Asturias","image":{"@type":"ImageObject","@id":"https:\/\/www.eldigitaldeasturias.com\/noticias\/la-generalitat-reactiva-manana-el-protocolo-por-contaminacion-en-el-area-de-barcelona\/#authorImage","url":"https:\/\/secure.gravatar.com\/avatar\/df2aeffc32bcd13f8d26072ef8a91b623d677766deac7f97ca815868cd41bf5e?s=96&d=mm&r=g","width":96,"height":96,"caption":"El Digital de Asturias"}},{"@type":"WebPage","@id":"https:\/\/www.eldigitaldeasturias.com\/noticias\/la-generalitat-reactiva-manana-el-protocolo-por-contaminacion-en-el-area-de-barcelona\/#webpage","url":"https:\/\/www.eldigitaldeasturias.com\/noticias\/la-generalitat-reactiva-manana-el-protocolo-por-contaminacion-en-el-area-de-barcelona\/","name":"La Generalitat reactiva ma\u00f1ana el protocolo por contaminaci\u00f3n en el \u00e1rea de Barcelona - El Digital de Asturias","description":"Barcelona, 8 dic (EFE).- La Generalitat reactivar\u00e1 ma\u00f1ana lunes el protocolo por contaminaci\u00f3n atmosf\u00e9rica, que, entre otras medidas, limita la velocidad en los accesos de Barcelona e insta a las empresas a reducir sus emisiones, ante la elevada concentraci\u00f3n de di\u00f3xido de nitr\u00f3geno (NO2) en toda el \u00e1rea de Barcelona. Dicho protocolo, que ya estuvo","inLanguage":"es-ES","isPartOf":{"@id":"https:\/\/www.eldigitaldeasturias.com\/noticias\/#website"},"breadcrumb":{"@id":"https:\/\/www.eldigitaldeasturias.com\/noticias\/la-generalitat-reactiva-manana-el-protocolo-por-contaminacion-en-el-area-de-barcelona\/#breadcrumblist"},"author":{"@id":"https:\/\/www.eldigitaldeasturias.com\/noticias\/author\/admin\/#author"},"creator":{"@id":"https:\/\/www.eldigitaldeasturias.com\/noticias\/author\/admin\/#author"},"image":{"@type":"ImageObject","url":459491,"@id":"https:\/\/www.eldigitaldeasturias.com\/noticias\/la-generalitat-reactiva-manana-el-protocolo-por-contaminacion-en-el-area-de-barcelona\/#mainImage"},"primaryImageOfPage":{"@id":"https:\/\/www.eldigitaldeasturias.com\/noticias\/la-generalitat-reactiva-manana-el-protocolo-por-contaminacion-en-el-area-de-barcelona\/#mainImage"},"datePublished":"2013-12-08T22:32:47+01:00","dateModified":"2013-12-08T22:32:47+01:00"},{"@type":"WebSite","@id":"https:\/\/www.eldigitaldeasturias.com\/noticias\/#website","url":"https:\/\/www.eldigitaldeasturias.com\/noticias\/","name":"El Digital de Asturias - Diario de actualidad y noticias","alternateName":"El Digital de Asturias - Diario de actualidad y noticias","description":"Hemeroteca","inLanguage":"es-ES","publisher":{"@id":"https:\/\/www.eldigitaldeasturias.com\/noticias\/#organization"}}]},"og:locale":"es_ES","og:site_name":"El Digital de Asturias","og:type":"article","og:title":"La Generalitat reactiva ma\u00f1ana el protocolo por contaminaci\u00f3n en el \u00e1rea de Barcelona - El Digital de Asturias","og:description":"Barcelona, 8 dic (EFE).- La Generalitat reactivar\u00e1 ma\u00f1ana lunes el protocolo por contaminaci\u00f3n atmosf\u00e9rica, que, entre otras medidas, limita la velocidad en los accesos de Barcelona e insta a las empresas a reducir sus emisiones, ante la elevada concentraci\u00f3n de di\u00f3xido de nitr\u00f3geno (NO2) en toda el \u00e1rea de Barcelona. Dicho protocolo, que ya estuvo","og:url":"https:\/\/www.eldigitaldeasturias.com\/noticias\/la-generalitat-reactiva-manana-el-protocolo-por-contaminacion-en-el-area-de-barcelona\/","article:tag":["sociedad"],"article:published_time":"2013-12-08T23:32:47+00:00","article:modified_time":"2013-12-08T23:32:47+00:00","article:publisher":"https:\/\/facebook.com\/eldigitaldeasturias","twitter:card":"summary_large_image","twitter:title":"La Generalitat reactiva ma\u00f1ana el protocolo por contaminaci\u00f3n en el \u00e1rea de Barcelona - El Digital de Asturias","twitter:description":"Barcelona, 8 dic (EFE).- La Generalitat reactivar\u00e1 ma\u00f1ana lunes el protocolo por contaminaci\u00f3n atmosf\u00e9rica, que, entre otras medidas, limita la velocidad en los accesos de Barcelona e insta a las empresas a reducir sus emisiones, ante la elevada concentraci\u00f3n de di\u00f3xido de nitr\u00f3geno (NO2) en toda el \u00e1rea de Barcelona. Dicho protocolo, que ya estuvo","twitter:label1":"Escrito por","twitter:data1":"El Digital de Asturias","twitter:label2":"Tiempo de lectura estimado","twitter:data2":"2 minutos"},"aioseo_meta_data":{"post_id":"459490","title":null,"description":null,"keywords":null,"keyphrases":null,"primary_term":null,"canonical_url":null,"og_title":null,"og_description":null,"og_object_type":"default","og_image_type":"default","og_image_url":null,"og_image_width":null,"og_image_height":null,"og_image_custom_url":null,"og_image_custom_fields":null,"og_video":null,"og_custom_url":null,"og_article_section":null,"og_article_tags":null,"twitter_use_og":true,"twitter_card":"default","twitter_image_type":"default","twitter_image_url":null,"twitter_image_custom_url":null,"twitter_image_custom_fields":null,"twitter_title":null,"twitter_description":null,"schema":{"blockGraphs":[],"customGraphs":[],"default":{"data":{"Article":[],"Course":[],"Dataset":[],"FAQPage":[],"Movie":[],"Person":[],"Product":[],"ProductReview":[],"Car":[],"Recipe":[],"Service":[],"SoftwareApplication":[],"WebPage":[]},"graphName":"","isEnabled":true},"graphs":[],"defaultGraph":"","defaultPostTypeGraph":""},"schema_type":null,"schema_type_options":null,"pillar_content":false,"robots_default":true,"robots_noindex":false,"robots_noarchive":false,"robots_nosnippet":false,"robots_nofollow":false,"robots_noimageindex":false,"robots_noodp":false,"robots_notranslate":false,"robots_max_snippet":null,"robots_max_videopreview":null,"robots_max_imagepreview":"none","priority":null,"frequency":null,"local_seo":null,"seo_analyzer_scan_date":"2026-05-30 09:31:08","breadcrumb_settings":null,"limit_modified_date":false,"open_ai":null,"ai":null,"created":"2020-11-14 22:47:36","updated":"2026-05-30 09:31:08","focus_keyword":null,"additional_keywords":null,"truseo_locale":null},"aioseo_breadcrumb":"<div class=\"aioseo-breadcrumbs\"><span class=\"aioseo-breadcrumb\">\n\t<a href=\"https:\/\/www.eldigitaldeasturias.com\/noticias\" title=\"Home\">Home<\/a>\n<\/span><span class=\"aioseo-breadcrumb-separator\">\u2013<\/span><span class=\"aioseo-breadcrumb\">\n\t<a href=\"https:\/\/www.eldigitaldeasturias.com\/noticias\/category\/sociedad\/\" title=\"Sociedad\">Sociedad<\/a>\n<\/span><span class=\"aioseo-breadcrumb-separator\">\u2013<\/span><span class=\"aioseo-breadcrumb\">\n\t<a href=\"https:\/\/www.eldigitaldeasturias.com\/noticias\/la-generalitat-reactiva-manana-el-protocolo-por-contaminacion-en-el-area-de-barcelona\/\" title=\"La Generalitat reactiva ma\u00f1ana el protocolo por contaminaci\u00f3n en el \u00e1rea de Barcelona\">La Generalitat reactiva ma\u00f1ana el protocolo por contaminaci\u00f3n en el \u00e1rea de Barcelona<\/a>\n<\/span><\/div>","aioseo_breadcrumb_json":[{"label":"Home","link":"https:\/\/www.eldigitaldeasturias.com\/noticias"},{"label":"Sociedad","link":"https:\/\/www.eldigitaldeasturias.com\/noticias\/category\/sociedad\/"},{"label":"La Generalitat reactiva ma\u00f1ana el protocolo por contaminaci\u00f3n en el \u00e1rea de Barcelona","link":"https:\/\/www.eldigitaldeasturias.com\/noticias\/la-generalitat-reactiva-manana-el-protocolo-por-contaminacion-en-el-area-de-barcelona\/"}],"_links":{"self":[{"href":"https:\/\/www.eldigitaldeasturias.com\/noticias\/wp-json\/wp\/v2\/posts\/459490","targetHints":{"allow":["GET"]}}],"collection":[{"href":"https:\/\/www.eldigitaldeasturias.com\/noticias\/wp-json\/wp\/v2\/posts"}],"about":[{"href":"https:\/\/www.eldigitaldeasturias.com\/noticias\/wp-json\/wp\/v2\/types\/post"}],"author":[{"embeddable":true,"href":"https:\/\/www.eldigitaldeasturias.com\/noticias\/wp-json\/wp\/v2\/users\/1"}],"replies":[{"embeddable":true,"href":"https:\/\/www.eldigitaldeasturias.com\/noticias\/wp-json\/wp\/v2\/comments?post=459490"}],"version-history":[{"count":0,"href":"https:\/\/www.eldigitaldeasturias.com\/noticias\/wp-json\/wp\/v2\/posts\/459490\/revisions"}],"wp:attachment":[{"href":"https:\/\/www.eldigitaldeasturias.com\/noticias\/wp-json\/wp\/v2\/media?parent=459490"}],"wp:term":[{"taxonomy":"category","embeddable":true,"href":"https:\/\/www.eldigitaldeasturias.com\/noticias\/wp-json\/wp\/v2\/categories?post=459490"},{"taxonomy":"post_tag","embeddable":true,"href":"https:\/\/www.eldigitaldeasturias.com\/noticias\/wp-json\/wp\/v2\/tags?post=459490"}],"curies":[{"name":"wp","href":"https:\/\/api.w.org\/{rel}","templated":true}]}}