{"id":459478,"date":"2013-12-08T22:27:14","date_gmt":"2013-12-08T23:27:14","guid":{"rendered":"http:\/\/www.eldigitaldeasturias.com\/noticias\/?p=459478"},"modified":"2013-12-08T22:27:14","modified_gmt":"2013-12-08T23:27:14","slug":"siete-muertos-y-nueve-desaparecidos-deja-un-aluvion-en-el-estado-brasileno-de-bahia","status":"publish","type":"post","link":"https:\/\/www.eldigitaldeasturias.com\/noticias\/siete-muertos-y-nueve-desaparecidos-deja-un-aluvion-en-el-estado-brasileno-de-bahia\/","title":{"rendered":"Siete muertos y nueve desaparecidos deja un aluvi\u00f3n en el estado brasile\u00f1o de Bah\u00eda"},"content":{"rendered":"<p><img loading=\"lazy\" decoding=\"async\" class=\"alignleft size-medium wp-image-459479\" alt=\"5780090w\" src=\"https:\/\/www.eldigitaldeasturias.com\/noticias\/wp-content\/uploads\/2013\/12\/5780090w-360x239.jpg\" width=\"360\" height=\"239\" \/>R\u00edo de Janeiro, 8 dic (EFE).- Al menos siete personas murieron y otras nueve est\u00e1n desaparecidas tras el aluvi\u00f3n provocado por un fuerte temporal que arrastr\u00f3 anoche una veintena de viviendas en Lajedinho, ciudad en el interior del estado brasile\u00f1o de Bah\u00eda (noreste de Brasil), informaron hoy los bomberos.<\/p>\n<p>Una tromba de agua que se precipit\u00f3 durante casi dos horas fue suficiente para provocar aluviones, destruir varias casas y dejar a cerca de 100 personas sin vivienda, seg\u00fan la Defensa Civil de Bah\u00eda.<\/p>\n<p>Los bomberos confirmaron haber rescatado siete cuerpos en Lajedinho, un municipio de la Chapada Diamantina ubicado a unos 355 kil\u00f3metros de Salvador, la capital del Estado, y prosiguen las b\u00fasquedas en los escombros de nueve personas declaradas como desaparecidas.<\/p>\n<p>Seg\u00fan habitantes de la ciudad, por estar ubicada en una depresi\u00f3n en el fondo de un valle, Lajedinho tiene constantes problemas con las lluvias.<\/p>\n","protected":false},"excerpt":{"rendered":"<p>R\u00edo de Janeiro, 8 dic (EFE).- Al menos siete personas murieron y otras nueve est\u00e1n desaparecidas tras el aluvi\u00f3n provocado por un fuerte temporal que arrastr\u00f3 anoche una veintena de viviendas en Lajedinho, ciudad en el interior del estado brasile\u00f1o de Bah\u00eda (noreste de Brasil), informaron hoy los bomberos. Una tromba de agua que se [&hellip;]<\/p>\n","protected":false},"author":1,"featured_media":459479,"comment_status":"closed","ping_status":"open","sticky":false,"template":"","format":"standard","meta":{"footnotes":""},"categories":[5],"tags":[],"class_list":["post-459478","post","type-post","status-publish","format-standard","has-post-thumbnail","hentry","category-sucesos"],"aioseo_notices":[],"aioseo_head":"\n\t\t<!-- All in One SEO Pro 5.0.1 - aioseo.com -->\n\t<meta name=\"description\" content=\"R\u00edo de Janeiro, 8 dic (EFE).- Al menos siete personas murieron y otras nueve est\u00e1n desaparecidas tras el aluvi\u00f3n provocado por un fuerte temporal que arrastr\u00f3 anoche una veintena de viviendas en Lajedinho, ciudad en el interior del estado brasile\u00f1o de Bah\u00eda (noreste de Brasil), informaron hoy los bomberos. Una tromba de agua que se\" \/>\n\t<meta name=\"robots\" content=\"max-image-preview:large\" \/>\n\t<meta name=\"author\" content=\"El Digital de Asturias\"\/>\n\t<meta name=\"google-site-verification\" content=\"UA-38556648-1\" \/>\n\t<meta name=\"msvalidate.01\" content=\"7dfe9f3f1b24437ab69f4f2559babe99\" \/>\n\t<meta name=\"keywords\" content=\"sucesos\" \/>\n\t<link rel=\"canonical\" href=\"https:\/\/www.eldigitaldeasturias.com\/noticias\/siete-muertos-y-nueve-desaparecidos-deja-un-aluvion-en-el-estado-brasileno-de-bahia\/\" \/>\n\t<meta name=\"generator\" content=\"All in One SEO Pro (AIOSEO) 5.0.1\" \/>\n\t\t<meta property=\"og:locale\" content=\"es_ES\" \/>\n\t\t<meta property=\"og:site_name\" content=\"El Digital de Asturias\" \/>\n\t\t<meta property=\"og:type\" content=\"article\" \/>\n\t\t<meta property=\"og:title\" content=\"Siete muertos y nueve desaparecidos deja un aluvi\u00f3n en el estado brasile\u00f1o de Bah\u00eda - El Digital de Asturias\" \/>\n\t\t<meta property=\"og:description\" content=\"R\u00edo de Janeiro, 8 dic (EFE).- Al menos siete personas murieron y otras nueve est\u00e1n desaparecidas tras el aluvi\u00f3n provocado por un fuerte temporal que arrastr\u00f3 anoche una veintena de viviendas en Lajedinho, ciudad en el interior del estado brasile\u00f1o de Bah\u00eda (noreste de Brasil), informaron hoy los bomberos. Una tromba de agua que se\" \/>\n\t\t<meta property=\"og:url\" content=\"https:\/\/www.eldigitaldeasturias.com\/noticias\/siete-muertos-y-nueve-desaparecidos-deja-un-aluvion-en-el-estado-brasileno-de-bahia\/\" \/>\n\t\t<meta property=\"article:tag\" content=\"sucesos\" \/>\n\t\t<meta property=\"article:published_time\" content=\"2013-12-08T23:27:14+00:00\" \/>\n\t\t<meta property=\"article:modified_time\" content=\"2013-12-08T23:27:14+00:00\" \/>\n\t\t<meta property=\"article:publisher\" content=\"https:\/\/facebook.com\/eldigitaldeasturias\" \/>\n\t\t<meta name=\"twitter:card\" content=\"summary_large_image\" \/>\n\t\t<meta name=\"twitter:title\" content=\"Siete muertos y nueve desaparecidos deja un aluvi\u00f3n en el estado brasile\u00f1o de Bah\u00eda - El Digital de Asturias\" \/>\n\t\t<meta name=\"twitter:description\" content=\"R\u00edo de Janeiro, 8 dic (EFE).- Al menos siete personas murieron y otras nueve est\u00e1n desaparecidas tras el aluvi\u00f3n provocado por un fuerte temporal que arrastr\u00f3 anoche una veintena de viviendas en Lajedinho, ciudad en el interior del estado brasile\u00f1o de Bah\u00eda (noreste de Brasil), informaron hoy los bomberos. Una tromba de agua que se\" \/>\n\t\t<meta name=\"twitter:label1\" content=\"Escrito por\" \/>\n\t\t<meta name=\"twitter:data1\" content=\"El Digital de Asturias\" \/>\n\t\t<meta name=\"twitter:label2\" content=\"Tiempo de lectura estimado\" \/>\n\t\t<meta name=\"twitter:data2\" content=\"1 minuto\" \/>\n\t\t<script type=\"application\/ld+json\" class=\"aioseo-schema\">\n\t\t\t{\"@context\":\"https:\\\/\\\/schema.org\",\"@graph\":[{\"@type\":\"BlogPosting\",\"@id\":\"https:\\\/\\\/www.eldigitaldeasturias.com\\\/noticias\\\/siete-muertos-y-nueve-desaparecidos-deja-un-aluvion-en-el-estado-brasileno-de-bahia\\\/#blogposting\",\"name\":\"Siete muertos y nueve desaparecidos deja un aluvi\\u00f3n en el estado brasile\\u00f1o de Bah\\u00eda - El Digital de Asturias\",\"headline\":\"Siete muertos y nueve desaparecidos deja un aluvi\\u00f3n en el estado brasile\\u00f1o de Bah\\u00eda\",\"author\":{\"@id\":\"https:\\\/\\\/www.eldigitaldeasturias.com\\\/noticias\\\/author\\\/admin\\\/#author\"},\"publisher\":{\"@id\":\"https:\\\/\\\/www.eldigitaldeasturias.com\\\/noticias\\\/#organization\"},\"image\":{\"@type\":\"ImageObject\",\"url\":459479},\"datePublished\":\"2013-12-08T22:27:14+01:00\",\"dateModified\":\"2013-12-08T22:27:14+01:00\",\"inLanguage\":\"es-ES\",\"mainEntityOfPage\":{\"@id\":\"https:\\\/\\\/www.eldigitaldeasturias.com\\\/noticias\\\/siete-muertos-y-nueve-desaparecidos-deja-un-aluvion-en-el-estado-brasileno-de-bahia\\\/#webpage\"},\"isPartOf\":{\"@id\":\"https:\\\/\\\/www.eldigitaldeasturias.com\\\/noticias\\\/siete-muertos-y-nueve-desaparecidos-deja-un-aluvion-en-el-estado-brasileno-de-bahia\\\/#webpage\"},\"articleSection\":\"Sucesos\"},{\"@type\":\"BreadcrumbList\",\"@id\":\"https:\\\/\\\/www.eldigitaldeasturias.com\\\/noticias\\\/siete-muertos-y-nueve-desaparecidos-deja-un-aluvion-en-el-estado-brasileno-de-bahia\\\/#breadcrumblist\",\"itemListElement\":[{\"@type\":\"ListItem\",\"@id\":\"https:\\\/\\\/www.eldigitaldeasturias.com\\\/noticias#listItem\",\"position\":1,\"name\":\"Home\",\"item\":\"https:\\\/\\\/www.eldigitaldeasturias.com\\\/noticias\",\"nextItem\":{\"@type\":\"ListItem\",\"@id\":\"https:\\\/\\\/www.eldigitaldeasturias.com\\\/noticias\\\/category\\\/sucesos\\\/#listItem\",\"name\":\"Sucesos\"}},{\"@type\":\"ListItem\",\"@id\":\"https:\\\/\\\/www.eldigitaldeasturias.com\\\/noticias\\\/category\\\/sucesos\\\/#listItem\",\"position\":2,\"name\":\"Sucesos\",\"item\":\"https:\\\/\\\/www.eldigitaldeasturias.com\\\/noticias\\\/category\\\/sucesos\\\/\",\"nextItem\":{\"@type\":\"ListItem\",\"@id\":\"https:\\\/\\\/www.eldigitaldeasturias.com\\\/noticias\\\/siete-muertos-y-nueve-desaparecidos-deja-un-aluvion-en-el-estado-brasileno-de-bahia\\\/#listItem\",\"name\":\"Siete muertos y nueve desaparecidos deja un aluvi\\u00f3n en el estado brasile\\u00f1o de Bah\\u00eda\"},\"previousItem\":{\"@type\":\"ListItem\",\"@id\":\"https:\\\/\\\/www.eldigitaldeasturias.com\\\/noticias#listItem\",\"name\":\"Home\"}},{\"@type\":\"ListItem\",\"@id\":\"https:\\\/\\\/www.eldigitaldeasturias.com\\\/noticias\\\/siete-muertos-y-nueve-desaparecidos-deja-un-aluvion-en-el-estado-brasileno-de-bahia\\\/#listItem\",\"position\":3,\"name\":\"Siete muertos y nueve desaparecidos deja un aluvi\\u00f3n en el estado brasile\\u00f1o de Bah\\u00eda\",\"previousItem\":{\"@type\":\"ListItem\",\"@id\":\"https:\\\/\\\/www.eldigitaldeasturias.com\\\/noticias\\\/category\\\/sucesos\\\/#listItem\",\"name\":\"Sucesos\"}}]},{\"@type\":\"Organization\",\"@id\":\"https:\\\/\\\/www.eldigitaldeasturias.com\\\/noticias\\\/#organization\",\"name\":\"El Digital de Asturias\",\"description\":\"Hemeroteca\",\"url\":\"https:\\\/\\\/www.eldigitaldeasturias.com\\\/noticias\\\/\",\"email\":\"info@eldigitaldeasturias.com\",\"telephone\":\"+34652131393\",\"logo\":{\"@type\":\"ImageObject\",\"url\":\"https:\\\/\\\/www.eldigitaldeasturias.com\\\/noticias\\\/wp-content\\\/uploads\\\/2020\\\/12\\\/EDA.jpg\",\"@id\":\"https:\\\/\\\/www.eldigitaldeasturias.com\\\/noticias\\\/siete-muertos-y-nueve-desaparecidos-deja-un-aluvion-en-el-estado-brasileno-de-bahia\\\/#organizationLogo\"},\"image\":{\"@id\":\"https:\\\/\\\/www.eldigitaldeasturias.com\\\/noticias\\\/siete-muertos-y-nueve-desaparecidos-deja-un-aluvion-en-el-estado-brasileno-de-bahia\\\/#organizationLogo\"},\"sameAs\":[\"https:\\\/\\\/facebook.com\\\/eldigitaldeasturias\",\"https:\\\/\\\/www.youtube.com\\\/channel\\\/UCZP-2wLEB9Rv6erhFmqVnvg\"],\"address\":{\"@id\":\"https:\\\/\\\/www.eldigitaldeasturias.com\\\/noticias\\\/#postaladdress\",\"@type\":\"PostalAddress\",\"streetAddress\":\"san antonio 4\",\"postalCode\":\"33430\",\"addressLocality\":\"Cand\\u00e1s\",\"addressRegion\":\"Asturias\",\"addressCountry\":\"ES\"}},{\"@type\":\"Person\",\"@id\":\"https:\\\/\\\/www.eldigitaldeasturias.com\\\/noticias\\\/author\\\/admin\\\/#author\",\"url\":\"https:\\\/\\\/www.eldigitaldeasturias.com\\\/noticias\\\/author\\\/admin\\\/\",\"name\":\"El Digital de Asturias\",\"image\":{\"@type\":\"ImageObject\",\"@id\":\"https:\\\/\\\/www.eldigitaldeasturias.com\\\/noticias\\\/siete-muertos-y-nueve-desaparecidos-deja-un-aluvion-en-el-estado-brasileno-de-bahia\\\/#authorImage\",\"url\":\"https:\\\/\\\/secure.gravatar.com\\\/avatar\\\/df2aeffc32bcd13f8d26072ef8a91b623d677766deac7f97ca815868cd41bf5e?s=96&d=mm&r=g\",\"width\":96,\"height\":96,\"caption\":\"El Digital de Asturias\"}},{\"@type\":\"WebPage\",\"@id\":\"https:\\\/\\\/www.eldigitaldeasturias.com\\\/noticias\\\/siete-muertos-y-nueve-desaparecidos-deja-un-aluvion-en-el-estado-brasileno-de-bahia\\\/#webpage\",\"url\":\"https:\\\/\\\/www.eldigitaldeasturias.com\\\/noticias\\\/siete-muertos-y-nueve-desaparecidos-deja-un-aluvion-en-el-estado-brasileno-de-bahia\\\/\",\"name\":\"Siete muertos y nueve desaparecidos deja un aluvi\\u00f3n en el estado brasile\\u00f1o de Bah\\u00eda - El Digital de Asturias\",\"description\":\"R\\u00edo de Janeiro, 8 dic (EFE).- Al menos siete personas murieron y otras nueve est\\u00e1n desaparecidas tras el aluvi\\u00f3n provocado por un fuerte temporal que arrastr\\u00f3 anoche una veintena de viviendas en Lajedinho, ciudad en el interior del estado brasile\\u00f1o de Bah\\u00eda (noreste de Brasil), informaron hoy los bomberos. Una tromba de agua que se\",\"inLanguage\":\"es-ES\",\"isPartOf\":{\"@id\":\"https:\\\/\\\/www.eldigitaldeasturias.com\\\/noticias\\\/#website\"},\"breadcrumb\":{\"@id\":\"https:\\\/\\\/www.eldigitaldeasturias.com\\\/noticias\\\/siete-muertos-y-nueve-desaparecidos-deja-un-aluvion-en-el-estado-brasileno-de-bahia\\\/#breadcrumblist\"},\"author\":{\"@id\":\"https:\\\/\\\/www.eldigitaldeasturias.com\\\/noticias\\\/author\\\/admin\\\/#author\"},\"creator\":{\"@id\":\"https:\\\/\\\/www.eldigitaldeasturias.com\\\/noticias\\\/author\\\/admin\\\/#author\"},\"image\":{\"@type\":\"ImageObject\",\"url\":459479,\"@id\":\"https:\\\/\\\/www.eldigitaldeasturias.com\\\/noticias\\\/siete-muertos-y-nueve-desaparecidos-deja-un-aluvion-en-el-estado-brasileno-de-bahia\\\/#mainImage\"},\"primaryImageOfPage\":{\"@id\":\"https:\\\/\\\/www.eldigitaldeasturias.com\\\/noticias\\\/siete-muertos-y-nueve-desaparecidos-deja-un-aluvion-en-el-estado-brasileno-de-bahia\\\/#mainImage\"},\"datePublished\":\"2013-12-08T22:27:14+01:00\",\"dateModified\":\"2013-12-08T22:27:14+01:00\"},{\"@type\":\"WebSite\",\"@id\":\"https:\\\/\\\/www.eldigitaldeasturias.com\\\/noticias\\\/#website\",\"url\":\"https:\\\/\\\/www.eldigitaldeasturias.com\\\/noticias\\\/\",\"name\":\"El Digital de Asturias - Diario de actualidad y noticias\",\"alternateName\":\"El Digital de Asturias - Diario de actualidad y noticias\",\"description\":\"Hemeroteca\",\"inLanguage\":\"es-ES\",\"publisher\":{\"@id\":\"https:\\\/\\\/www.eldigitaldeasturias.com\\\/noticias\\\/#organization\"}}]}\n\t\t<\/script>\n\t\t<!-- All in One SEO Pro -->\r\n\t\t<title>Siete muertos y nueve desaparecidos deja un aluvi\u00f3n en el estado brasile\u00f1o de Bah\u00eda - El Digital de Asturias<\/title>\n\n","aioseo_head_json":{"title":"Siete muertos y nueve desaparecidos deja un aluvi\u00f3n en el estado brasile\u00f1o de Bah\u00eda - El Digital de Asturias","description":"R\u00edo de Janeiro, 8 dic (EFE).- Al menos siete personas murieron y otras nueve est\u00e1n desaparecidas tras el aluvi\u00f3n provocado por un fuerte temporal que arrastr\u00f3 anoche una veintena de viviendas en Lajedinho, ciudad en el interior del estado brasile\u00f1o de Bah\u00eda (noreste de Brasil), informaron hoy los bomberos. Una tromba de agua que se","canonical_url":"https:\/\/www.eldigitaldeasturias.com\/noticias\/siete-muertos-y-nueve-desaparecidos-deja-un-aluvion-en-el-estado-brasileno-de-bahia\/","robots":"max-image-preview:large","keywords":"sucesos","webmasterTools":{"google-site-verification":"UA-38556648-1","msvalidate.01":"7dfe9f3f1b24437ab69f4f2559babe99","miscellaneous":""},"schema":{"@context":"https:\/\/schema.org","@graph":[{"@type":"BlogPosting","@id":"https:\/\/www.eldigitaldeasturias.com\/noticias\/siete-muertos-y-nueve-desaparecidos-deja-un-aluvion-en-el-estado-brasileno-de-bahia\/#blogposting","name":"Siete muertos y nueve desaparecidos deja un aluvi\u00f3n en el estado brasile\u00f1o de Bah\u00eda - El Digital de Asturias","headline":"Siete muertos y nueve desaparecidos deja un aluvi\u00f3n en el estado brasile\u00f1o de Bah\u00eda","author":{"@id":"https:\/\/www.eldigitaldeasturias.com\/noticias\/author\/admin\/#author"},"publisher":{"@id":"https:\/\/www.eldigitaldeasturias.com\/noticias\/#organization"},"image":{"@type":"ImageObject","url":459479},"datePublished":"2013-12-08T22:27:14+01:00","dateModified":"2013-12-08T22:27:14+01:00","inLanguage":"es-ES","mainEntityOfPage":{"@id":"https:\/\/www.eldigitaldeasturias.com\/noticias\/siete-muertos-y-nueve-desaparecidos-deja-un-aluvion-en-el-estado-brasileno-de-bahia\/#webpage"},"isPartOf":{"@id":"https:\/\/www.eldigitaldeasturias.com\/noticias\/siete-muertos-y-nueve-desaparecidos-deja-un-aluvion-en-el-estado-brasileno-de-bahia\/#webpage"},"articleSection":"Sucesos"},{"@type":"BreadcrumbList","@id":"https:\/\/www.eldigitaldeasturias.com\/noticias\/siete-muertos-y-nueve-desaparecidos-deja-un-aluvion-en-el-estado-brasileno-de-bahia\/#breadcrumblist","itemListElement":[{"@type":"ListItem","@id":"https:\/\/www.eldigitaldeasturias.com\/noticias#listItem","position":1,"name":"Home","item":"https:\/\/www.eldigitaldeasturias.com\/noticias","nextItem":{"@type":"ListItem","@id":"https:\/\/www.eldigitaldeasturias.com\/noticias\/category\/sucesos\/#listItem","name":"Sucesos"}},{"@type":"ListItem","@id":"https:\/\/www.eldigitaldeasturias.com\/noticias\/category\/sucesos\/#listItem","position":2,"name":"Sucesos","item":"https:\/\/www.eldigitaldeasturias.com\/noticias\/category\/sucesos\/","nextItem":{"@type":"ListItem","@id":"https:\/\/www.eldigitaldeasturias.com\/noticias\/siete-muertos-y-nueve-desaparecidos-deja-un-aluvion-en-el-estado-brasileno-de-bahia\/#listItem","name":"Siete muertos y nueve desaparecidos deja un aluvi\u00f3n en el estado brasile\u00f1o de Bah\u00eda"},"previousItem":{"@type":"ListItem","@id":"https:\/\/www.eldigitaldeasturias.com\/noticias#listItem","name":"Home"}},{"@type":"ListItem","@id":"https:\/\/www.eldigitaldeasturias.com\/noticias\/siete-muertos-y-nueve-desaparecidos-deja-un-aluvion-en-el-estado-brasileno-de-bahia\/#listItem","position":3,"name":"Siete muertos y nueve desaparecidos deja un aluvi\u00f3n en el estado brasile\u00f1o de Bah\u00eda","previousItem":{"@type":"ListItem","@id":"https:\/\/www.eldigitaldeasturias.com\/noticias\/category\/sucesos\/#listItem","name":"Sucesos"}}]},{"@type":"Organization","@id":"https:\/\/www.eldigitaldeasturias.com\/noticias\/#organization","name":"El Digital de Asturias","description":"Hemeroteca","url":"https:\/\/www.eldigitaldeasturias.com\/noticias\/","email":"info@eldigitaldeasturias.com","telephone":"+34652131393","logo":{"@type":"ImageObject","url":"https:\/\/www.eldigitaldeasturias.com\/noticias\/wp-content\/uploads\/2020\/12\/EDA.jpg","@id":"https:\/\/www.eldigitaldeasturias.com\/noticias\/siete-muertos-y-nueve-desaparecidos-deja-un-aluvion-en-el-estado-brasileno-de-bahia\/#organizationLogo"},"image":{"@id":"https:\/\/www.eldigitaldeasturias.com\/noticias\/siete-muertos-y-nueve-desaparecidos-deja-un-aluvion-en-el-estado-brasileno-de-bahia\/#organizationLogo"},"sameAs":["https:\/\/facebook.com\/eldigitaldeasturias","https:\/\/www.youtube.com\/channel\/UCZP-2wLEB9Rv6erhFmqVnvg"],"address":{"@id":"https:\/\/www.eldigitaldeasturias.com\/noticias\/#postaladdress","@type":"PostalAddress","streetAddress":"san antonio 4","postalCode":"33430","addressLocality":"Cand\u00e1s","addressRegion":"Asturias","addressCountry":"ES"}},{"@type":"Person","@id":"https:\/\/www.eldigitaldeasturias.com\/noticias\/author\/admin\/#author","url":"https:\/\/www.eldigitaldeasturias.com\/noticias\/author\/admin\/","name":"El Digital de Asturias","image":{"@type":"ImageObject","@id":"https:\/\/www.eldigitaldeasturias.com\/noticias\/siete-muertos-y-nueve-desaparecidos-deja-un-aluvion-en-el-estado-brasileno-de-bahia\/#authorImage","url":"https:\/\/secure.gravatar.com\/avatar\/df2aeffc32bcd13f8d26072ef8a91b623d677766deac7f97ca815868cd41bf5e?s=96&d=mm&r=g","width":96,"height":96,"caption":"El Digital de Asturias"}},{"@type":"WebPage","@id":"https:\/\/www.eldigitaldeasturias.com\/noticias\/siete-muertos-y-nueve-desaparecidos-deja-un-aluvion-en-el-estado-brasileno-de-bahia\/#webpage","url":"https:\/\/www.eldigitaldeasturias.com\/noticias\/siete-muertos-y-nueve-desaparecidos-deja-un-aluvion-en-el-estado-brasileno-de-bahia\/","name":"Siete muertos y nueve desaparecidos deja un aluvi\u00f3n en el estado brasile\u00f1o de Bah\u00eda - El Digital de Asturias","description":"R\u00edo de Janeiro, 8 dic (EFE).- Al menos siete personas murieron y otras nueve est\u00e1n desaparecidas tras el aluvi\u00f3n provocado por un fuerte temporal que arrastr\u00f3 anoche una veintena de viviendas en Lajedinho, ciudad en el interior del estado brasile\u00f1o de Bah\u00eda (noreste de Brasil), informaron hoy los bomberos. Una tromba de agua que se","inLanguage":"es-ES","isPartOf":{"@id":"https:\/\/www.eldigitaldeasturias.com\/noticias\/#website"},"breadcrumb":{"@id":"https:\/\/www.eldigitaldeasturias.com\/noticias\/siete-muertos-y-nueve-desaparecidos-deja-un-aluvion-en-el-estado-brasileno-de-bahia\/#breadcrumblist"},"author":{"@id":"https:\/\/www.eldigitaldeasturias.com\/noticias\/author\/admin\/#author"},"creator":{"@id":"https:\/\/www.eldigitaldeasturias.com\/noticias\/author\/admin\/#author"},"image":{"@type":"ImageObject","url":459479,"@id":"https:\/\/www.eldigitaldeasturias.com\/noticias\/siete-muertos-y-nueve-desaparecidos-deja-un-aluvion-en-el-estado-brasileno-de-bahia\/#mainImage"},"primaryImageOfPage":{"@id":"https:\/\/www.eldigitaldeasturias.com\/noticias\/siete-muertos-y-nueve-desaparecidos-deja-un-aluvion-en-el-estado-brasileno-de-bahia\/#mainImage"},"datePublished":"2013-12-08T22:27:14+01:00","dateModified":"2013-12-08T22:27:14+01:00"},{"@type":"WebSite","@id":"https:\/\/www.eldigitaldeasturias.com\/noticias\/#website","url":"https:\/\/www.eldigitaldeasturias.com\/noticias\/","name":"El Digital de Asturias - Diario de actualidad y noticias","alternateName":"El Digital de Asturias - Diario de actualidad y noticias","description":"Hemeroteca","inLanguage":"es-ES","publisher":{"@id":"https:\/\/www.eldigitaldeasturias.com\/noticias\/#organization"}}]},"og:locale":"es_ES","og:site_name":"El Digital de Asturias","og:type":"article","og:title":"Siete muertos y nueve desaparecidos deja un aluvi\u00f3n en el estado brasile\u00f1o de Bah\u00eda - El Digital de Asturias","og:description":"R\u00edo de Janeiro, 8 dic (EFE).- Al menos siete personas murieron y otras nueve est\u00e1n desaparecidas tras el aluvi\u00f3n provocado por un fuerte temporal que arrastr\u00f3 anoche una veintena de viviendas en Lajedinho, ciudad en el interior del estado brasile\u00f1o de Bah\u00eda (noreste de Brasil), informaron hoy los bomberos. Una tromba de agua que se","og:url":"https:\/\/www.eldigitaldeasturias.com\/noticias\/siete-muertos-y-nueve-desaparecidos-deja-un-aluvion-en-el-estado-brasileno-de-bahia\/","article:tag":["sucesos"],"article:published_time":"2013-12-08T23:27:14+00:00","article:modified_time":"2013-12-08T23:27:14+00:00","article:publisher":"https:\/\/facebook.com\/eldigitaldeasturias","twitter:card":"summary_large_image","twitter:title":"Siete muertos y nueve desaparecidos deja un aluvi\u00f3n en el estado brasile\u00f1o de Bah\u00eda - El Digital de Asturias","twitter:description":"R\u00edo de Janeiro, 8 dic (EFE).- Al menos siete personas murieron y otras nueve est\u00e1n desaparecidas tras el aluvi\u00f3n provocado por un fuerte temporal que arrastr\u00f3 anoche una veintena de viviendas en Lajedinho, ciudad en el interior del estado brasile\u00f1o de Bah\u00eda (noreste de Brasil), informaron hoy los bomberos. Una tromba de agua que se","twitter:label1":"Escrito por","twitter:data1":"El Digital de Asturias","twitter:label2":"Tiempo de lectura estimado","twitter:data2":"1 minuto"},"aioseo_meta_data":{"post_id":"459478","title":null,"description":null,"keywords":null,"keyphrases":null,"primary_term":null,"canonical_url":null,"og_title":null,"og_description":null,"og_object_type":"default","og_image_type":"default","og_image_url":null,"og_image_width":null,"og_image_height":null,"og_image_custom_url":null,"og_image_custom_fields":null,"og_video":null,"og_custom_url":null,"og_article_section":null,"og_article_tags":null,"twitter_use_og":true,"twitter_card":"default","twitter_image_type":"default","twitter_image_url":null,"twitter_image_custom_url":null,"twitter_image_custom_fields":null,"twitter_title":null,"twitter_description":null,"schema":{"blockGraphs":[],"customGraphs":[],"default":{"data":{"Article":[],"Course":[],"Dataset":[],"FAQPage":[],"Movie":[],"Person":[],"Product":[],"ProductReview":[],"Car":[],"Recipe":[],"Service":[],"SoftwareApplication":[],"WebPage":[]},"graphName":"","isEnabled":true},"graphs":[],"defaultGraph":"","defaultPostTypeGraph":""},"schema_type":null,"schema_type_options":null,"pillar_content":false,"robots_default":true,"robots_noindex":false,"robots_noarchive":false,"robots_nosnippet":false,"robots_nofollow":false,"robots_noimageindex":false,"robots_noodp":false,"robots_notranslate":false,"robots_max_snippet":null,"robots_max_videopreview":null,"robots_max_imagepreview":"none","priority":null,"frequency":null,"local_seo":null,"seo_analyzer_scan_date":"2026-05-30 09:28:48","breadcrumb_settings":null,"limit_modified_date":false,"open_ai":null,"ai":null,"created":"2020-11-14 22:47:36","updated":"2026-05-30 09:28:48","focus_keyword":null,"additional_keywords":null,"truseo_locale":null},"aioseo_breadcrumb":"<div class=\"aioseo-breadcrumbs\"><span class=\"aioseo-breadcrumb\">\n\t<a href=\"https:\/\/www.eldigitaldeasturias.com\/noticias\" title=\"Home\">Home<\/a>\n<\/span><span class=\"aioseo-breadcrumb-separator\">\u2013<\/span><span class=\"aioseo-breadcrumb\">\n\t<a href=\"https:\/\/www.eldigitaldeasturias.com\/noticias\/category\/sucesos\/\" title=\"Sucesos\">Sucesos<\/a>\n<\/span><span class=\"aioseo-breadcrumb-separator\">\u2013<\/span><span class=\"aioseo-breadcrumb\">\n\t<a href=\"https:\/\/www.eldigitaldeasturias.com\/noticias\/siete-muertos-y-nueve-desaparecidos-deja-un-aluvion-en-el-estado-brasileno-de-bahia\/\" title=\"Siete muertos y nueve desaparecidos deja un aluvi\u00f3n en el estado brasile\u00f1o de Bah\u00eda\">Siete muertos y nueve desaparecidos deja un aluvi\u00f3n en el estado brasile\u00f1o de Bah\u00eda<\/a>\n<\/span><\/div>","aioseo_breadcrumb_json":[{"label":"Home","link":"https:\/\/www.eldigitaldeasturias.com\/noticias"},{"label":"Sucesos","link":"https:\/\/www.eldigitaldeasturias.com\/noticias\/category\/sucesos\/"},{"label":"Siete muertos y nueve desaparecidos deja un aluvi\u00f3n en el estado brasile\u00f1o de Bah\u00eda","link":"https:\/\/www.eldigitaldeasturias.com\/noticias\/siete-muertos-y-nueve-desaparecidos-deja-un-aluvion-en-el-estado-brasileno-de-bahia\/"}],"_links":{"self":[{"href":"https:\/\/www.eldigitaldeasturias.com\/noticias\/wp-json\/wp\/v2\/posts\/459478","targetHints":{"allow":["GET"]}}],"collection":[{"href":"https:\/\/www.eldigitaldeasturias.com\/noticias\/wp-json\/wp\/v2\/posts"}],"about":[{"href":"https:\/\/www.eldigitaldeasturias.com\/noticias\/wp-json\/wp\/v2\/types\/post"}],"author":[{"embeddable":true,"href":"https:\/\/www.eldigitaldeasturias.com\/noticias\/wp-json\/wp\/v2\/users\/1"}],"replies":[{"embeddable":true,"href":"https:\/\/www.eldigitaldeasturias.com\/noticias\/wp-json\/wp\/v2\/comments?post=459478"}],"version-history":[{"count":0,"href":"https:\/\/www.eldigitaldeasturias.com\/noticias\/wp-json\/wp\/v2\/posts\/459478\/revisions"}],"wp:attachment":[{"href":"https:\/\/www.eldigitaldeasturias.com\/noticias\/wp-json\/wp\/v2\/media?parent=459478"}],"wp:term":[{"taxonomy":"category","embeddable":true,"href":"https:\/\/www.eldigitaldeasturias.com\/noticias\/wp-json\/wp\/v2\/categories?post=459478"},{"taxonomy":"post_tag","embeddable":true,"href":"https:\/\/www.eldigitaldeasturias.com\/noticias\/wp-json\/wp\/v2\/tags?post=459478"}],"curies":[{"name":"wp","href":"https:\/\/api.w.org\/{rel}","templated":true}]}}