{"id":459410,"date":"2013-12-08T21:33:40","date_gmt":"2013-12-08T22:33:40","guid":{"rendered":"http:\/\/www.eldigitaldeasturias.com\/noticias\/?p=459410"},"modified":"2013-12-08T21:33:40","modified_gmt":"2013-12-08T22:33:40","slug":"identifican-en-argentina-una-nueva-especie-de-roedor-que-lleva-el-nombre-de-kirchner","status":"publish","type":"post","link":"https:\/\/www.eldigitaldeasturias.com\/noticias\/identifican-en-argentina-una-nueva-especie-de-roedor-que-lleva-el-nombre-de-kirchner\/","title":{"rendered":"Identifican en Argentina una nueva especie de roedor que lleva el nombre de Kirchner"},"content":{"rendered":"<p><img loading=\"lazy\" decoding=\"async\" class=\"alignleft size-medium wp-image-459411\" alt=\"5779931w\" src=\"https:\/\/www.eldigitaldeasturias.com\/noticias\/wp-content\/uploads\/2013\/12\/5779931w-360x232.jpg\" width=\"360\" height=\"232\" \/>Buenos Aires, 8 dic (EFE).- Investigadores de Argentina identificaron en la sure\u00f1a provincia de Chubut una nueva especie de mam\u00edfero, un roedor al que denominaron \u00abTympanoctomys Kirchnerorum\u00bb en homenaje al fallecido expresidente N\u00e9stor Kirchner.<\/p>\n<p>Esta rata vizcachera patag\u00f3nica fue identificada por cient\u00edficos y veterinarios del Centro Nacional Patag\u00f3nico (Cenpat) en la localidad de Los Adobes, en la meseta central de Chubut.<\/p>\n<p>\u00abLa detecci\u00f3n en s\u00ed se produce en 2005. Pero durante bastante tiempo pensamos que era otra especie que vive ampliamente en otras zonas del pa\u00eds\u00bb, dijo Ulyses Pardi\u00f1as, uno de los investigadores, en declaraciones publicadas hoy en el portal del Gobierno argentino.<\/p>\n<p>Tras varios a\u00f1os de estudio, los expertos lograron determinar de que se trata de \u00abuna especie nueva, singular\u00bb, a\u00f1adi\u00f3 Pardi\u00f1as.<\/p>\n<p>Los expertos a cargo del descubrimiento decidieron imponer como nombre cient\u00edfico a esta nueva especie el de \u00abTympanoctomys Kirchnerorum\u00bb, en homenaje al fallecido exmandatario argentino N\u00e9stor Kirchner (2003-2007) y a su esposa y sucesora, la actual presidenta Cristina Fern\u00e1ndez.<\/p>\n<p>\u00abLa idea de este homenaje surge como resultado de que los gobiernos de ambos presidentes se caracterizaron por una pol\u00edtica activa de promoci\u00f3n de la ciencia, la repatriaci\u00f3n de cient\u00edficos, y sobre todo, por la creaci\u00f3n de un Ministerio de Ciencia, Tecnolog\u00eda en Innovaci\u00f3n Productiva\u00bb, explic\u00f3 Pablo Teta, otro de los miembros del grupo de investigaci\u00f3n.<\/p>\n<p>La rata vizcachera patag\u00f3nica est\u00e1 emparentada con otros roedores, como las maras y los cuises, y habita ambientes extremos como desiertos y salares.<\/p>\n<p>Los individuos de esta especie han desarrollado distintas adaptaciones para poder vivir en estos climas.<\/p>\n<p>\u00abUna de ellas es que tienen un gran o\u00eddo, que es una adaptaci\u00f3n antidepredatoria\u00bb, explicaron los especialistas.<\/p>\n<p>Adem\u00e1s, seg\u00fan precisaron, estos roedores \u00abse alimentan de plantas que tienen un alto contenido de sal, que es un recurso que siempre est\u00e1 disponible, pero a la vez le impone algunas condiciones, porque el alto contenido de sal no es bueno para nadie\u00bb.<\/p>\n<p>\u00abLo que hacen estos animales es pelar las hojas de las plantas que consumen con unos pelos que tienen antes de los dientes, y viven en cuevas complejas que tienen varios niveles que les permiten modular las temperaturas extremas\u00bb, indicaron.<\/p>\n","protected":false},"excerpt":{"rendered":"<p>Buenos Aires, 8 dic (EFE).- Investigadores de Argentina identificaron en la sure\u00f1a provincia de Chubut una nueva especie de mam\u00edfero, un roedor al que denominaron \u00abTympanoctomys Kirchnerorum\u00bb en homenaje al fallecido expresidente N\u00e9stor Kirchner. Esta rata vizcachera patag\u00f3nica fue identificada por cient\u00edficos y veterinarios del Centro Nacional Patag\u00f3nico (Cenpat) en la localidad de Los Adobes, [&hellip;]<\/p>\n","protected":false},"author":1,"featured_media":459411,"comment_status":"closed","ping_status":"open","sticky":false,"template":"","format":"standard","meta":{"footnotes":""},"categories":[28],"tags":[],"class_list":["post-459410","post","type-post","status-publish","format-standard","has-post-thumbnail","hentry","category-sociedad"],"aioseo_notices":[],"aioseo_head":"\n\t\t<!-- All in One SEO Pro 5.0.1 - aioseo.com -->\n\t<meta name=\"description\" content=\"Buenos Aires, 8 dic (EFE).- Investigadores de Argentina identificaron en la sure\u00f1a provincia de Chubut una nueva especie de mam\u00edfero, un roedor al que denominaron &quot;Tympanoctomys Kirchnerorum&quot; en homenaje al fallecido expresidente N\u00e9stor Kirchner. Esta rata vizcachera patag\u00f3nica fue identificada por cient\u00edficos y veterinarios del Centro Nacional Patag\u00f3nico (Cenpat) en la localidad de Los Adobes,\" \/>\n\t<meta name=\"robots\" content=\"max-image-preview:large\" \/>\n\t<meta name=\"author\" content=\"El Digital de Asturias\"\/>\n\t<meta name=\"google-site-verification\" content=\"UA-38556648-1\" \/>\n\t<meta name=\"msvalidate.01\" content=\"7dfe9f3f1b24437ab69f4f2559babe99\" \/>\n\t<meta name=\"keywords\" content=\"sociedad\" \/>\n\t<link rel=\"canonical\" href=\"https:\/\/www.eldigitaldeasturias.com\/noticias\/identifican-en-argentina-una-nueva-especie-de-roedor-que-lleva-el-nombre-de-kirchner\/\" \/>\n\t<meta name=\"generator\" content=\"All in One SEO Pro (AIOSEO) 5.0.1\" \/>\n\t\t<meta property=\"og:locale\" content=\"es_ES\" \/>\n\t\t<meta property=\"og:site_name\" content=\"El Digital de Asturias\" \/>\n\t\t<meta property=\"og:type\" content=\"article\" \/>\n\t\t<meta property=\"og:title\" content=\"Identifican en Argentina una nueva especie de roedor que lleva el nombre de Kirchner - El Digital de Asturias\" \/>\n\t\t<meta property=\"og:description\" content=\"Buenos Aires, 8 dic (EFE).- Investigadores de Argentina identificaron en la sure\u00f1a provincia de Chubut una nueva especie de mam\u00edfero, un roedor al que denominaron &quot;Tympanoctomys Kirchnerorum&quot; en homenaje al fallecido expresidente N\u00e9stor Kirchner. Esta rata vizcachera patag\u00f3nica fue identificada por cient\u00edficos y veterinarios del Centro Nacional Patag\u00f3nico (Cenpat) en la localidad de Los Adobes,\" \/>\n\t\t<meta property=\"og:url\" content=\"https:\/\/www.eldigitaldeasturias.com\/noticias\/identifican-en-argentina-una-nueva-especie-de-roedor-que-lleva-el-nombre-de-kirchner\/\" \/>\n\t\t<meta property=\"article:tag\" content=\"sociedad\" \/>\n\t\t<meta property=\"article:published_time\" content=\"2013-12-08T22:33:40+00:00\" \/>\n\t\t<meta property=\"article:modified_time\" content=\"2013-12-08T22:33:40+00:00\" \/>\n\t\t<meta property=\"article:publisher\" content=\"https:\/\/facebook.com\/eldigitaldeasturias\" \/>\n\t\t<meta name=\"twitter:card\" content=\"summary_large_image\" \/>\n\t\t<meta name=\"twitter:title\" content=\"Identifican en Argentina una nueva especie de roedor que lleva el nombre de Kirchner - El Digital de Asturias\" \/>\n\t\t<meta name=\"twitter:description\" content=\"Buenos Aires, 8 dic (EFE).- Investigadores de Argentina identificaron en la sure\u00f1a provincia de Chubut una nueva especie de mam\u00edfero, un roedor al que denominaron &quot;Tympanoctomys Kirchnerorum&quot; en homenaje al fallecido expresidente N\u00e9stor Kirchner. Esta rata vizcachera patag\u00f3nica fue identificada por cient\u00edficos y veterinarios del Centro Nacional Patag\u00f3nico (Cenpat) en la localidad de Los Adobes,\" \/>\n\t\t<meta name=\"twitter:label1\" content=\"Escrito por\" \/>\n\t\t<meta name=\"twitter:data1\" content=\"El Digital de Asturias\" \/>\n\t\t<meta name=\"twitter:label2\" content=\"Tiempo de lectura estimado\" \/>\n\t\t<meta name=\"twitter:data2\" content=\"2 minutos\" \/>\n\t\t<script type=\"application\/ld+json\" class=\"aioseo-schema\">\n\t\t\t{\"@context\":\"https:\\\/\\\/schema.org\",\"@graph\":[{\"@type\":\"BlogPosting\",\"@id\":\"https:\\\/\\\/www.eldigitaldeasturias.com\\\/noticias\\\/identifican-en-argentina-una-nueva-especie-de-roedor-que-lleva-el-nombre-de-kirchner\\\/#blogposting\",\"name\":\"Identifican en Argentina una nueva especie de roedor que lleva el nombre de Kirchner - El Digital de Asturias\",\"headline\":\"Identifican en Argentina una nueva especie de roedor que lleva el nombre de Kirchner\",\"author\":{\"@id\":\"https:\\\/\\\/www.eldigitaldeasturias.com\\\/noticias\\\/author\\\/admin\\\/#author\"},\"publisher\":{\"@id\":\"https:\\\/\\\/www.eldigitaldeasturias.com\\\/noticias\\\/#organization\"},\"image\":{\"@type\":\"ImageObject\",\"url\":459411},\"datePublished\":\"2013-12-08T21:33:40+01:00\",\"dateModified\":\"2013-12-08T21:33:40+01:00\",\"inLanguage\":\"es-ES\",\"mainEntityOfPage\":{\"@id\":\"https:\\\/\\\/www.eldigitaldeasturias.com\\\/noticias\\\/identifican-en-argentina-una-nueva-especie-de-roedor-que-lleva-el-nombre-de-kirchner\\\/#webpage\"},\"isPartOf\":{\"@id\":\"https:\\\/\\\/www.eldigitaldeasturias.com\\\/noticias\\\/identifican-en-argentina-una-nueva-especie-de-roedor-que-lleva-el-nombre-de-kirchner\\\/#webpage\"},\"articleSection\":\"Sociedad\"},{\"@type\":\"BreadcrumbList\",\"@id\":\"https:\\\/\\\/www.eldigitaldeasturias.com\\\/noticias\\\/identifican-en-argentina-una-nueva-especie-de-roedor-que-lleva-el-nombre-de-kirchner\\\/#breadcrumblist\",\"itemListElement\":[{\"@type\":\"ListItem\",\"@id\":\"https:\\\/\\\/www.eldigitaldeasturias.com\\\/noticias#listItem\",\"position\":1,\"name\":\"Home\",\"item\":\"https:\\\/\\\/www.eldigitaldeasturias.com\\\/noticias\",\"nextItem\":{\"@type\":\"ListItem\",\"@id\":\"https:\\\/\\\/www.eldigitaldeasturias.com\\\/noticias\\\/category\\\/sociedad\\\/#listItem\",\"name\":\"Sociedad\"}},{\"@type\":\"ListItem\",\"@id\":\"https:\\\/\\\/www.eldigitaldeasturias.com\\\/noticias\\\/category\\\/sociedad\\\/#listItem\",\"position\":2,\"name\":\"Sociedad\",\"item\":\"https:\\\/\\\/www.eldigitaldeasturias.com\\\/noticias\\\/category\\\/sociedad\\\/\",\"nextItem\":{\"@type\":\"ListItem\",\"@id\":\"https:\\\/\\\/www.eldigitaldeasturias.com\\\/noticias\\\/identifican-en-argentina-una-nueva-especie-de-roedor-que-lleva-el-nombre-de-kirchner\\\/#listItem\",\"name\":\"Identifican en Argentina una nueva especie de roedor que lleva el nombre de Kirchner\"},\"previousItem\":{\"@type\":\"ListItem\",\"@id\":\"https:\\\/\\\/www.eldigitaldeasturias.com\\\/noticias#listItem\",\"name\":\"Home\"}},{\"@type\":\"ListItem\",\"@id\":\"https:\\\/\\\/www.eldigitaldeasturias.com\\\/noticias\\\/identifican-en-argentina-una-nueva-especie-de-roedor-que-lleva-el-nombre-de-kirchner\\\/#listItem\",\"position\":3,\"name\":\"Identifican en Argentina una nueva especie de roedor que lleva el nombre de Kirchner\",\"previousItem\":{\"@type\":\"ListItem\",\"@id\":\"https:\\\/\\\/www.eldigitaldeasturias.com\\\/noticias\\\/category\\\/sociedad\\\/#listItem\",\"name\":\"Sociedad\"}}]},{\"@type\":\"Organization\",\"@id\":\"https:\\\/\\\/www.eldigitaldeasturias.com\\\/noticias\\\/#organization\",\"name\":\"El Digital de Asturias\",\"description\":\"Hemeroteca\",\"url\":\"https:\\\/\\\/www.eldigitaldeasturias.com\\\/noticias\\\/\",\"email\":\"info@eldigitaldeasturias.com\",\"telephone\":\"+34652131393\",\"logo\":{\"@type\":\"ImageObject\",\"url\":\"https:\\\/\\\/www.eldigitaldeasturias.com\\\/noticias\\\/wp-content\\\/uploads\\\/2020\\\/12\\\/EDA.jpg\",\"@id\":\"https:\\\/\\\/www.eldigitaldeasturias.com\\\/noticias\\\/identifican-en-argentina-una-nueva-especie-de-roedor-que-lleva-el-nombre-de-kirchner\\\/#organizationLogo\"},\"image\":{\"@id\":\"https:\\\/\\\/www.eldigitaldeasturias.com\\\/noticias\\\/identifican-en-argentina-una-nueva-especie-de-roedor-que-lleva-el-nombre-de-kirchner\\\/#organizationLogo\"},\"sameAs\":[\"https:\\\/\\\/facebook.com\\\/eldigitaldeasturias\",\"https:\\\/\\\/www.youtube.com\\\/channel\\\/UCZP-2wLEB9Rv6erhFmqVnvg\"],\"address\":{\"@id\":\"https:\\\/\\\/www.eldigitaldeasturias.com\\\/noticias\\\/#postaladdress\",\"@type\":\"PostalAddress\",\"streetAddress\":\"san antonio 4\",\"postalCode\":\"33430\",\"addressLocality\":\"Cand\\u00e1s\",\"addressRegion\":\"Asturias\",\"addressCountry\":\"ES\"}},{\"@type\":\"Person\",\"@id\":\"https:\\\/\\\/www.eldigitaldeasturias.com\\\/noticias\\\/author\\\/admin\\\/#author\",\"url\":\"https:\\\/\\\/www.eldigitaldeasturias.com\\\/noticias\\\/author\\\/admin\\\/\",\"name\":\"El Digital de Asturias\",\"image\":{\"@type\":\"ImageObject\",\"@id\":\"https:\\\/\\\/www.eldigitaldeasturias.com\\\/noticias\\\/identifican-en-argentina-una-nueva-especie-de-roedor-que-lleva-el-nombre-de-kirchner\\\/#authorImage\",\"url\":\"https:\\\/\\\/secure.gravatar.com\\\/avatar\\\/df2aeffc32bcd13f8d26072ef8a91b623d677766deac7f97ca815868cd41bf5e?s=96&d=mm&r=g\",\"width\":96,\"height\":96,\"caption\":\"El Digital de Asturias\"}},{\"@type\":\"WebPage\",\"@id\":\"https:\\\/\\\/www.eldigitaldeasturias.com\\\/noticias\\\/identifican-en-argentina-una-nueva-especie-de-roedor-que-lleva-el-nombre-de-kirchner\\\/#webpage\",\"url\":\"https:\\\/\\\/www.eldigitaldeasturias.com\\\/noticias\\\/identifican-en-argentina-una-nueva-especie-de-roedor-que-lleva-el-nombre-de-kirchner\\\/\",\"name\":\"Identifican en Argentina una nueva especie de roedor que lleva el nombre de Kirchner - El Digital de Asturias\",\"description\":\"Buenos Aires, 8 dic (EFE).- Investigadores de Argentina identificaron en la sure\\u00f1a provincia de Chubut una nueva especie de mam\\u00edfero, un roedor al que denominaron \\\"Tympanoctomys Kirchnerorum\\\" en homenaje al fallecido expresidente N\\u00e9stor Kirchner. Esta rata vizcachera patag\\u00f3nica fue identificada por cient\\u00edficos y veterinarios del Centro Nacional Patag\\u00f3nico (Cenpat) en la localidad de Los Adobes,\",\"inLanguage\":\"es-ES\",\"isPartOf\":{\"@id\":\"https:\\\/\\\/www.eldigitaldeasturias.com\\\/noticias\\\/#website\"},\"breadcrumb\":{\"@id\":\"https:\\\/\\\/www.eldigitaldeasturias.com\\\/noticias\\\/identifican-en-argentina-una-nueva-especie-de-roedor-que-lleva-el-nombre-de-kirchner\\\/#breadcrumblist\"},\"author\":{\"@id\":\"https:\\\/\\\/www.eldigitaldeasturias.com\\\/noticias\\\/author\\\/admin\\\/#author\"},\"creator\":{\"@id\":\"https:\\\/\\\/www.eldigitaldeasturias.com\\\/noticias\\\/author\\\/admin\\\/#author\"},\"image\":{\"@type\":\"ImageObject\",\"url\":459411,\"@id\":\"https:\\\/\\\/www.eldigitaldeasturias.com\\\/noticias\\\/identifican-en-argentina-una-nueva-especie-de-roedor-que-lleva-el-nombre-de-kirchner\\\/#mainImage\"},\"primaryImageOfPage\":{\"@id\":\"https:\\\/\\\/www.eldigitaldeasturias.com\\\/noticias\\\/identifican-en-argentina-una-nueva-especie-de-roedor-que-lleva-el-nombre-de-kirchner\\\/#mainImage\"},\"datePublished\":\"2013-12-08T21:33:40+01:00\",\"dateModified\":\"2013-12-08T21:33:40+01:00\"},{\"@type\":\"WebSite\",\"@id\":\"https:\\\/\\\/www.eldigitaldeasturias.com\\\/noticias\\\/#website\",\"url\":\"https:\\\/\\\/www.eldigitaldeasturias.com\\\/noticias\\\/\",\"name\":\"El Digital de Asturias - Diario de actualidad y noticias\",\"alternateName\":\"El Digital de Asturias - Diario de actualidad y noticias\",\"description\":\"Hemeroteca\",\"inLanguage\":\"es-ES\",\"publisher\":{\"@id\":\"https:\\\/\\\/www.eldigitaldeasturias.com\\\/noticias\\\/#organization\"}}]}\n\t\t<\/script>\n\t\t<!-- All in One SEO Pro -->\r\n\t\t<title>Identifican en Argentina una nueva especie de roedor que lleva el nombre de Kirchner - El Digital de Asturias<\/title>\n\n","aioseo_head_json":{"title":"Identifican en Argentina una nueva especie de roedor que lleva el nombre de Kirchner - El Digital de Asturias","description":"Buenos Aires, 8 dic (EFE).- Investigadores de Argentina identificaron en la sure\u00f1a provincia de Chubut una nueva especie de mam\u00edfero, un roedor al que denominaron \"Tympanoctomys Kirchnerorum\" en homenaje al fallecido expresidente N\u00e9stor Kirchner. Esta rata vizcachera patag\u00f3nica fue identificada por cient\u00edficos y veterinarios del Centro Nacional Patag\u00f3nico (Cenpat) en la localidad de Los Adobes,","canonical_url":"https:\/\/www.eldigitaldeasturias.com\/noticias\/identifican-en-argentina-una-nueva-especie-de-roedor-que-lleva-el-nombre-de-kirchner\/","robots":"max-image-preview:large","keywords":"sociedad","webmasterTools":{"google-site-verification":"UA-38556648-1","msvalidate.01":"7dfe9f3f1b24437ab69f4f2559babe99","miscellaneous":""},"schema":{"@context":"https:\/\/schema.org","@graph":[{"@type":"BlogPosting","@id":"https:\/\/www.eldigitaldeasturias.com\/noticias\/identifican-en-argentina-una-nueva-especie-de-roedor-que-lleva-el-nombre-de-kirchner\/#blogposting","name":"Identifican en Argentina una nueva especie de roedor que lleva el nombre de Kirchner - El Digital de Asturias","headline":"Identifican en Argentina una nueva especie de roedor que lleva el nombre de Kirchner","author":{"@id":"https:\/\/www.eldigitaldeasturias.com\/noticias\/author\/admin\/#author"},"publisher":{"@id":"https:\/\/www.eldigitaldeasturias.com\/noticias\/#organization"},"image":{"@type":"ImageObject","url":459411},"datePublished":"2013-12-08T21:33:40+01:00","dateModified":"2013-12-08T21:33:40+01:00","inLanguage":"es-ES","mainEntityOfPage":{"@id":"https:\/\/www.eldigitaldeasturias.com\/noticias\/identifican-en-argentina-una-nueva-especie-de-roedor-que-lleva-el-nombre-de-kirchner\/#webpage"},"isPartOf":{"@id":"https:\/\/www.eldigitaldeasturias.com\/noticias\/identifican-en-argentina-una-nueva-especie-de-roedor-que-lleva-el-nombre-de-kirchner\/#webpage"},"articleSection":"Sociedad"},{"@type":"BreadcrumbList","@id":"https:\/\/www.eldigitaldeasturias.com\/noticias\/identifican-en-argentina-una-nueva-especie-de-roedor-que-lleva-el-nombre-de-kirchner\/#breadcrumblist","itemListElement":[{"@type":"ListItem","@id":"https:\/\/www.eldigitaldeasturias.com\/noticias#listItem","position":1,"name":"Home","item":"https:\/\/www.eldigitaldeasturias.com\/noticias","nextItem":{"@type":"ListItem","@id":"https:\/\/www.eldigitaldeasturias.com\/noticias\/category\/sociedad\/#listItem","name":"Sociedad"}},{"@type":"ListItem","@id":"https:\/\/www.eldigitaldeasturias.com\/noticias\/category\/sociedad\/#listItem","position":2,"name":"Sociedad","item":"https:\/\/www.eldigitaldeasturias.com\/noticias\/category\/sociedad\/","nextItem":{"@type":"ListItem","@id":"https:\/\/www.eldigitaldeasturias.com\/noticias\/identifican-en-argentina-una-nueva-especie-de-roedor-que-lleva-el-nombre-de-kirchner\/#listItem","name":"Identifican en Argentina una nueva especie de roedor que lleva el nombre de Kirchner"},"previousItem":{"@type":"ListItem","@id":"https:\/\/www.eldigitaldeasturias.com\/noticias#listItem","name":"Home"}},{"@type":"ListItem","@id":"https:\/\/www.eldigitaldeasturias.com\/noticias\/identifican-en-argentina-una-nueva-especie-de-roedor-que-lleva-el-nombre-de-kirchner\/#listItem","position":3,"name":"Identifican en Argentina una nueva especie de roedor que lleva el nombre de Kirchner","previousItem":{"@type":"ListItem","@id":"https:\/\/www.eldigitaldeasturias.com\/noticias\/category\/sociedad\/#listItem","name":"Sociedad"}}]},{"@type":"Organization","@id":"https:\/\/www.eldigitaldeasturias.com\/noticias\/#organization","name":"El Digital de Asturias","description":"Hemeroteca","url":"https:\/\/www.eldigitaldeasturias.com\/noticias\/","email":"info@eldigitaldeasturias.com","telephone":"+34652131393","logo":{"@type":"ImageObject","url":"https:\/\/www.eldigitaldeasturias.com\/noticias\/wp-content\/uploads\/2020\/12\/EDA.jpg","@id":"https:\/\/www.eldigitaldeasturias.com\/noticias\/identifican-en-argentina-una-nueva-especie-de-roedor-que-lleva-el-nombre-de-kirchner\/#organizationLogo"},"image":{"@id":"https:\/\/www.eldigitaldeasturias.com\/noticias\/identifican-en-argentina-una-nueva-especie-de-roedor-que-lleva-el-nombre-de-kirchner\/#organizationLogo"},"sameAs":["https:\/\/facebook.com\/eldigitaldeasturias","https:\/\/www.youtube.com\/channel\/UCZP-2wLEB9Rv6erhFmqVnvg"],"address":{"@id":"https:\/\/www.eldigitaldeasturias.com\/noticias\/#postaladdress","@type":"PostalAddress","streetAddress":"san antonio 4","postalCode":"33430","addressLocality":"Cand\u00e1s","addressRegion":"Asturias","addressCountry":"ES"}},{"@type":"Person","@id":"https:\/\/www.eldigitaldeasturias.com\/noticias\/author\/admin\/#author","url":"https:\/\/www.eldigitaldeasturias.com\/noticias\/author\/admin\/","name":"El Digital de Asturias","image":{"@type":"ImageObject","@id":"https:\/\/www.eldigitaldeasturias.com\/noticias\/identifican-en-argentina-una-nueva-especie-de-roedor-que-lleva-el-nombre-de-kirchner\/#authorImage","url":"https:\/\/secure.gravatar.com\/avatar\/df2aeffc32bcd13f8d26072ef8a91b623d677766deac7f97ca815868cd41bf5e?s=96&d=mm&r=g","width":96,"height":96,"caption":"El Digital de Asturias"}},{"@type":"WebPage","@id":"https:\/\/www.eldigitaldeasturias.com\/noticias\/identifican-en-argentina-una-nueva-especie-de-roedor-que-lleva-el-nombre-de-kirchner\/#webpage","url":"https:\/\/www.eldigitaldeasturias.com\/noticias\/identifican-en-argentina-una-nueva-especie-de-roedor-que-lleva-el-nombre-de-kirchner\/","name":"Identifican en Argentina una nueva especie de roedor que lleva el nombre de Kirchner - El Digital de Asturias","description":"Buenos Aires, 8 dic (EFE).- Investigadores de Argentina identificaron en la sure\u00f1a provincia de Chubut una nueva especie de mam\u00edfero, un roedor al que denominaron \"Tympanoctomys Kirchnerorum\" en homenaje al fallecido expresidente N\u00e9stor Kirchner. Esta rata vizcachera patag\u00f3nica fue identificada por cient\u00edficos y veterinarios del Centro Nacional Patag\u00f3nico (Cenpat) en la localidad de Los Adobes,","inLanguage":"es-ES","isPartOf":{"@id":"https:\/\/www.eldigitaldeasturias.com\/noticias\/#website"},"breadcrumb":{"@id":"https:\/\/www.eldigitaldeasturias.com\/noticias\/identifican-en-argentina-una-nueva-especie-de-roedor-que-lleva-el-nombre-de-kirchner\/#breadcrumblist"},"author":{"@id":"https:\/\/www.eldigitaldeasturias.com\/noticias\/author\/admin\/#author"},"creator":{"@id":"https:\/\/www.eldigitaldeasturias.com\/noticias\/author\/admin\/#author"},"image":{"@type":"ImageObject","url":459411,"@id":"https:\/\/www.eldigitaldeasturias.com\/noticias\/identifican-en-argentina-una-nueva-especie-de-roedor-que-lleva-el-nombre-de-kirchner\/#mainImage"},"primaryImageOfPage":{"@id":"https:\/\/www.eldigitaldeasturias.com\/noticias\/identifican-en-argentina-una-nueva-especie-de-roedor-que-lleva-el-nombre-de-kirchner\/#mainImage"},"datePublished":"2013-12-08T21:33:40+01:00","dateModified":"2013-12-08T21:33:40+01:00"},{"@type":"WebSite","@id":"https:\/\/www.eldigitaldeasturias.com\/noticias\/#website","url":"https:\/\/www.eldigitaldeasturias.com\/noticias\/","name":"El Digital de Asturias - Diario de actualidad y noticias","alternateName":"El Digital de Asturias - Diario de actualidad y noticias","description":"Hemeroteca","inLanguage":"es-ES","publisher":{"@id":"https:\/\/www.eldigitaldeasturias.com\/noticias\/#organization"}}]},"og:locale":"es_ES","og:site_name":"El Digital de Asturias","og:type":"article","og:title":"Identifican en Argentina una nueva especie de roedor que lleva el nombre de Kirchner - El Digital de Asturias","og:description":"Buenos Aires, 8 dic (EFE).- Investigadores de Argentina identificaron en la sure\u00f1a provincia de Chubut una nueva especie de mam\u00edfero, un roedor al que denominaron &quot;Tympanoctomys Kirchnerorum&quot; en homenaje al fallecido expresidente N\u00e9stor Kirchner. Esta rata vizcachera patag\u00f3nica fue identificada por cient\u00edficos y veterinarios del Centro Nacional Patag\u00f3nico (Cenpat) en la localidad de Los Adobes,","og:url":"https:\/\/www.eldigitaldeasturias.com\/noticias\/identifican-en-argentina-una-nueva-especie-de-roedor-que-lleva-el-nombre-de-kirchner\/","article:tag":["sociedad"],"article:published_time":"2013-12-08T22:33:40+00:00","article:modified_time":"2013-12-08T22:33:40+00:00","article:publisher":"https:\/\/facebook.com\/eldigitaldeasturias","twitter:card":"summary_large_image","twitter:title":"Identifican en Argentina una nueva especie de roedor que lleva el nombre de Kirchner - El Digital de Asturias","twitter:description":"Buenos Aires, 8 dic (EFE).- Investigadores de Argentina identificaron en la sure\u00f1a provincia de Chubut una nueva especie de mam\u00edfero, un roedor al que denominaron &quot;Tympanoctomys Kirchnerorum&quot; en homenaje al fallecido expresidente N\u00e9stor Kirchner. Esta rata vizcachera patag\u00f3nica fue identificada por cient\u00edficos y veterinarios del Centro Nacional Patag\u00f3nico (Cenpat) en la localidad de Los Adobes,","twitter:label1":"Escrito por","twitter:data1":"El Digital de Asturias","twitter:label2":"Tiempo de lectura estimado","twitter:data2":"2 minutos"},"aioseo_meta_data":{"post_id":"459410","title":null,"description":null,"keywords":null,"keyphrases":null,"primary_term":null,"canonical_url":null,"og_title":null,"og_description":null,"og_object_type":"default","og_image_type":"default","og_image_url":null,"og_image_width":null,"og_image_height":null,"og_image_custom_url":null,"og_image_custom_fields":null,"og_video":null,"og_custom_url":null,"og_article_section":null,"og_article_tags":null,"twitter_use_og":true,"twitter_card":"default","twitter_image_type":"default","twitter_image_url":null,"twitter_image_custom_url":null,"twitter_image_custom_fields":null,"twitter_title":null,"twitter_description":null,"schema":{"blockGraphs":[],"customGraphs":[],"default":{"data":{"Article":[],"Course":[],"Dataset":[],"FAQPage":[],"Movie":[],"Person":[],"Product":[],"ProductReview":[],"Car":[],"Recipe":[],"Service":[],"SoftwareApplication":[],"WebPage":[]},"graphName":"","isEnabled":true},"graphs":[],"defaultGraph":"","defaultPostTypeGraph":""},"schema_type":null,"schema_type_options":null,"pillar_content":false,"robots_default":true,"robots_noindex":false,"robots_noarchive":false,"robots_nosnippet":false,"robots_nofollow":false,"robots_noimageindex":false,"robots_noodp":false,"robots_notranslate":false,"robots_max_snippet":null,"robots_max_videopreview":null,"robots_max_imagepreview":"none","priority":null,"frequency":null,"local_seo":null,"seo_analyzer_scan_date":"2026-05-30 09:13:08","breadcrumb_settings":null,"limit_modified_date":false,"open_ai":null,"ai":null,"created":"2020-11-14 22:47:35","updated":"2026-05-30 09:13:08","focus_keyword":null,"additional_keywords":null,"truseo_locale":null},"aioseo_breadcrumb":"<div class=\"aioseo-breadcrumbs\"><span class=\"aioseo-breadcrumb\">\n\t<a href=\"https:\/\/www.eldigitaldeasturias.com\/noticias\" title=\"Home\">Home<\/a>\n<\/span><span class=\"aioseo-breadcrumb-separator\">\u2013<\/span><span class=\"aioseo-breadcrumb\">\n\t<a href=\"https:\/\/www.eldigitaldeasturias.com\/noticias\/category\/sociedad\/\" title=\"Sociedad\">Sociedad<\/a>\n<\/span><span class=\"aioseo-breadcrumb-separator\">\u2013<\/span><span class=\"aioseo-breadcrumb\">\n\t<a href=\"https:\/\/www.eldigitaldeasturias.com\/noticias\/identifican-en-argentina-una-nueva-especie-de-roedor-que-lleva-el-nombre-de-kirchner\/\" title=\"Identifican en Argentina una nueva especie de roedor que lleva el nombre de Kirchner\">Identifican en Argentina una nueva especie de roedor que lleva el nombre de Kirchner<\/a>\n<\/span><\/div>","aioseo_breadcrumb_json":[{"label":"Home","link":"https:\/\/www.eldigitaldeasturias.com\/noticias"},{"label":"Sociedad","link":"https:\/\/www.eldigitaldeasturias.com\/noticias\/category\/sociedad\/"},{"label":"Identifican en Argentina una nueva especie de roedor que lleva el nombre de Kirchner","link":"https:\/\/www.eldigitaldeasturias.com\/noticias\/identifican-en-argentina-una-nueva-especie-de-roedor-que-lleva-el-nombre-de-kirchner\/"}],"_links":{"self":[{"href":"https:\/\/www.eldigitaldeasturias.com\/noticias\/wp-json\/wp\/v2\/posts\/459410","targetHints":{"allow":["GET"]}}],"collection":[{"href":"https:\/\/www.eldigitaldeasturias.com\/noticias\/wp-json\/wp\/v2\/posts"}],"about":[{"href":"https:\/\/www.eldigitaldeasturias.com\/noticias\/wp-json\/wp\/v2\/types\/post"}],"author":[{"embeddable":true,"href":"https:\/\/www.eldigitaldeasturias.com\/noticias\/wp-json\/wp\/v2\/users\/1"}],"replies":[{"embeddable":true,"href":"https:\/\/www.eldigitaldeasturias.com\/noticias\/wp-json\/wp\/v2\/comments?post=459410"}],"version-history":[{"count":0,"href":"https:\/\/www.eldigitaldeasturias.com\/noticias\/wp-json\/wp\/v2\/posts\/459410\/revisions"}],"wp:attachment":[{"href":"https:\/\/www.eldigitaldeasturias.com\/noticias\/wp-json\/wp\/v2\/media?parent=459410"}],"wp:term":[{"taxonomy":"category","embeddable":true,"href":"https:\/\/www.eldigitaldeasturias.com\/noticias\/wp-json\/wp\/v2\/categories?post=459410"},{"taxonomy":"post_tag","embeddable":true,"href":"https:\/\/www.eldigitaldeasturias.com\/noticias\/wp-json\/wp\/v2\/tags?post=459410"}],"curies":[{"name":"wp","href":"https:\/\/api.w.org\/{rel}","templated":true}]}}