{"id":459407,"date":"2013-12-08T21:32:17","date_gmt":"2013-12-08T22:32:17","guid":{"rendered":"http:\/\/www.eldigitaldeasturias.com\/noticias\/?p=459407"},"modified":"2013-12-08T21:32:17","modified_gmt":"2013-12-08T22:32:17","slug":"los-habitantes-de-newtown-piden-privacidad-para-el-primer-aniversario-de-la-matanza","status":"publish","type":"post","link":"https:\/\/www.eldigitaldeasturias.com\/noticias\/los-habitantes-de-newtown-piden-privacidad-para-el-primer-aniversario-de-la-matanza\/","title":{"rendered":"Los habitantes de Newtown piden privacidad para el primer aniversario de la matanza"},"content":{"rendered":"<p><img loading=\"lazy\" decoding=\"async\" class=\"alignleft size-medium wp-image-459408\" alt=\"5779930w\" src=\"https:\/\/www.eldigitaldeasturias.com\/noticias\/wp-content\/uploads\/2013\/12\/5779930w-360x239.jpg\" width=\"360\" height=\"239\" \/>Washington, 8 dic (EFE).- Los habitantes de Newtown, en cuya escuela Adam Lanza mat\u00f3 en diciembre del a\u00f1o pasado a 20 ni\u00f1os y seis adultos, quieren privacidad y mantener alejados a los medios en el primer aniversario de la matanza, que se cumple el pr\u00f3ximo s\u00e1bado, seg\u00fan publica hoy The New York Times.<\/p>\n<p>La ciudad, ubicada en Connecticut (Estados Unidos) y de unos 28.000 habitantes, no prev\u00e9 realizar ning\u00fan acto p\u00fablico con motivo del primer aniversario de la tragedia, ocurrida el 14 de diciembre de 2012.<\/p>\n<p>Los funcionarios de la ciudad est\u00e1n instando a empresas, iglesias y otras instituciones a que no permitan a las camionetas de las televisiones usar sus aparcamientos, y la polic\u00eda tambi\u00e9n estar\u00e1 alerta para impedirlo.<\/p>\n<p>\u00abEste recordatorio de tristeza tiene que parar. Es por eso que queremos que los medios de comunicaci\u00f3n se mantengan alejados\u00bb, explic\u00f3 al diario Maria Ruggiero, habitante de Newtown.<\/p>\n<p>Una portavoz de NBC dijo que la cadena \u00abrespeta\u00bb los deseos de los habitantes de la ciudad y no prev\u00e9 hacer transmisiones desde Newtown el d\u00eda del aniversario, mientras que CBS s\u00ed planea desplazar hasta all\u00ed a un peque\u00f1o equipo.<\/p>\n<p>\u00abNo somos v\u00edctimas (&#8230;) Queremos ser capaces de tener un futuro positivo\u00bb, defendi\u00f3, por su parte, la alcaldesa de Newtown, Patricia Llodra, en alusi\u00f3n a que la ciudad no quiere permanecer para siempre marcada por la tragedia.<\/p>\n<p>El mayor s\u00edmbolo de la tragedia, la escuela Sandy Hook, fue demolida hace algunas semanas.<\/p>\n<p>Mientras, muchos de los padres de los ni\u00f1os asesinados, as\u00ed como otros vecinos, contin\u00faan con sus proyectos filantr\u00f3picos en memoria de sus hijos y apoyan la decisi\u00f3n de la ciudad de marcar el aniversario del modo m\u00e1s silencioso posible.<\/p>\n<p>\u00abYa es bastante dif\u00edcil tener que pasar por esto y nadie deber\u00eda; es muy importante para todas las familias ser due\u00f1as de su propio proceso de duelo\u00bb, coment\u00f3 Michele Gay, que perdi\u00f3 a su hija de siete a\u00f1os en la matanza.<\/p>\n<p>El 14 de diciembre de 2012 Adam Lanza, de 20 a\u00f1os, mat\u00f3 a su madre a tiros y luego acudi\u00f3 a la escuela Sandy Hook armado con tres armas semiautom\u00e1ticas, un fusil de asalto y dos pistolas, y abundante munici\u00f3n.<\/p>\n<p>Lanza entr\u00f3 en la escuela disparando contra el cristal de una ventana y a continuaci\u00f3n mat\u00f3 a la directora y una psic\u00f3loga antes de entrar en dos clases para atacar a sus ocupantes, con el resultado final de 26 muertos (veinte ni\u00f1os de seis y siete a\u00f1os, y seis adultos). A continuaci\u00f3n se suicid\u00f3.<\/p>\n<p>El informe de la investigaci\u00f3n divulgado recientemente por la fiscal\u00eda estatal indic\u00f3 que no se conocen los motivos por los que Lanza cometi\u00f3 la matanza, y confirm\u00f3 tambi\u00e9n que actu\u00f3 solo y que ten\u00eda una gran fascinaci\u00f3n por los videojuegos violentos, as\u00ed como f\u00e1cil acceso a las numerosas armas que su madre hab\u00eda comprado legalmente.<\/p>\n","protected":false},"excerpt":{"rendered":"<p>Washington, 8 dic (EFE).- Los habitantes de Newtown, en cuya escuela Adam Lanza mat\u00f3 en diciembre del a\u00f1o pasado a 20 ni\u00f1os y seis adultos, quieren privacidad y mantener alejados a los medios en el primer aniversario de la matanza, que se cumple el pr\u00f3ximo s\u00e1bado, seg\u00fan publica hoy The New York Times. La ciudad, [&hellip;]<\/p>\n","protected":false},"author":1,"featured_media":459408,"comment_status":"closed","ping_status":"open","sticky":false,"template":"","format":"standard","meta":{"footnotes":""},"categories":[5],"tags":[],"class_list":["post-459407","post","type-post","status-publish","format-standard","has-post-thumbnail","hentry","category-sucesos"],"aioseo_notices":[],"aioseo_head":"\n\t\t<!-- All in One SEO Pro 5.0.1 - aioseo.com -->\n\t<meta name=\"description\" content=\"Washington, 8 dic (EFE).- Los habitantes de Newtown, en cuya escuela Adam Lanza mat\u00f3 en diciembre del a\u00f1o pasado a 20 ni\u00f1os y seis adultos, quieren privacidad y mantener alejados a los medios en el primer aniversario de la matanza, que se cumple el pr\u00f3ximo s\u00e1bado, seg\u00fan publica hoy The New York Times. La ciudad,\" \/>\n\t<meta name=\"robots\" content=\"max-image-preview:large\" \/>\n\t<meta name=\"author\" content=\"El Digital de Asturias\"\/>\n\t<meta name=\"google-site-verification\" content=\"UA-38556648-1\" \/>\n\t<meta name=\"msvalidate.01\" content=\"7dfe9f3f1b24437ab69f4f2559babe99\" \/>\n\t<meta name=\"keywords\" content=\"sucesos\" \/>\n\t<link rel=\"canonical\" href=\"https:\/\/www.eldigitaldeasturias.com\/noticias\/los-habitantes-de-newtown-piden-privacidad-para-el-primer-aniversario-de-la-matanza\/\" \/>\n\t<meta name=\"generator\" content=\"All in One SEO Pro (AIOSEO) 5.0.1\" \/>\n\t\t<meta property=\"og:locale\" content=\"es_ES\" \/>\n\t\t<meta property=\"og:site_name\" content=\"El Digital de Asturias\" \/>\n\t\t<meta property=\"og:type\" content=\"article\" \/>\n\t\t<meta property=\"og:title\" content=\"Los habitantes de Newtown piden privacidad para el primer aniversario de la matanza - El Digital de Asturias\" \/>\n\t\t<meta property=\"og:description\" content=\"Washington, 8 dic (EFE).- Los habitantes de Newtown, en cuya escuela Adam Lanza mat\u00f3 en diciembre del a\u00f1o pasado a 20 ni\u00f1os y seis adultos, quieren privacidad y mantener alejados a los medios en el primer aniversario de la matanza, que se cumple el pr\u00f3ximo s\u00e1bado, seg\u00fan publica hoy The New York Times. La ciudad,\" \/>\n\t\t<meta property=\"og:url\" content=\"https:\/\/www.eldigitaldeasturias.com\/noticias\/los-habitantes-de-newtown-piden-privacidad-para-el-primer-aniversario-de-la-matanza\/\" \/>\n\t\t<meta property=\"article:tag\" content=\"sucesos\" \/>\n\t\t<meta property=\"article:published_time\" content=\"2013-12-08T22:32:17+00:00\" \/>\n\t\t<meta property=\"article:modified_time\" content=\"2013-12-08T22:32:17+00:00\" \/>\n\t\t<meta property=\"article:publisher\" content=\"https:\/\/facebook.com\/eldigitaldeasturias\" \/>\n\t\t<meta name=\"twitter:card\" content=\"summary_large_image\" \/>\n\t\t<meta name=\"twitter:title\" content=\"Los habitantes de Newtown piden privacidad para el primer aniversario de la matanza - El Digital de Asturias\" \/>\n\t\t<meta name=\"twitter:description\" content=\"Washington, 8 dic (EFE).- Los habitantes de Newtown, en cuya escuela Adam Lanza mat\u00f3 en diciembre del a\u00f1o pasado a 20 ni\u00f1os y seis adultos, quieren privacidad y mantener alejados a los medios en el primer aniversario de la matanza, que se cumple el pr\u00f3ximo s\u00e1bado, seg\u00fan publica hoy The New York Times. La ciudad,\" \/>\n\t\t<meta name=\"twitter:label1\" content=\"Escrito por\" \/>\n\t\t<meta name=\"twitter:data1\" content=\"El Digital de Asturias\" \/>\n\t\t<meta name=\"twitter:label2\" content=\"Tiempo de lectura estimado\" \/>\n\t\t<meta name=\"twitter:data2\" content=\"3 minutos\" \/>\n\t\t<script type=\"application\/ld+json\" class=\"aioseo-schema\">\n\t\t\t{\"@context\":\"https:\\\/\\\/schema.org\",\"@graph\":[{\"@type\":\"BlogPosting\",\"@id\":\"https:\\\/\\\/www.eldigitaldeasturias.com\\\/noticias\\\/los-habitantes-de-newtown-piden-privacidad-para-el-primer-aniversario-de-la-matanza\\\/#blogposting\",\"name\":\"Los habitantes de Newtown piden privacidad para el primer aniversario de la matanza - El Digital de Asturias\",\"headline\":\"Los habitantes de Newtown piden privacidad para el primer aniversario de la matanza\",\"author\":{\"@id\":\"https:\\\/\\\/www.eldigitaldeasturias.com\\\/noticias\\\/author\\\/admin\\\/#author\"},\"publisher\":{\"@id\":\"https:\\\/\\\/www.eldigitaldeasturias.com\\\/noticias\\\/#organization\"},\"image\":{\"@type\":\"ImageObject\",\"url\":459408},\"datePublished\":\"2013-12-08T21:32:17+01:00\",\"dateModified\":\"2013-12-08T21:32:17+01:00\",\"inLanguage\":\"es-ES\",\"mainEntityOfPage\":{\"@id\":\"https:\\\/\\\/www.eldigitaldeasturias.com\\\/noticias\\\/los-habitantes-de-newtown-piden-privacidad-para-el-primer-aniversario-de-la-matanza\\\/#webpage\"},\"isPartOf\":{\"@id\":\"https:\\\/\\\/www.eldigitaldeasturias.com\\\/noticias\\\/los-habitantes-de-newtown-piden-privacidad-para-el-primer-aniversario-de-la-matanza\\\/#webpage\"},\"articleSection\":\"Sucesos\"},{\"@type\":\"BreadcrumbList\",\"@id\":\"https:\\\/\\\/www.eldigitaldeasturias.com\\\/noticias\\\/los-habitantes-de-newtown-piden-privacidad-para-el-primer-aniversario-de-la-matanza\\\/#breadcrumblist\",\"itemListElement\":[{\"@type\":\"ListItem\",\"@id\":\"https:\\\/\\\/www.eldigitaldeasturias.com\\\/noticias#listItem\",\"position\":1,\"name\":\"Home\",\"item\":\"https:\\\/\\\/www.eldigitaldeasturias.com\\\/noticias\",\"nextItem\":{\"@type\":\"ListItem\",\"@id\":\"https:\\\/\\\/www.eldigitaldeasturias.com\\\/noticias\\\/category\\\/sucesos\\\/#listItem\",\"name\":\"Sucesos\"}},{\"@type\":\"ListItem\",\"@id\":\"https:\\\/\\\/www.eldigitaldeasturias.com\\\/noticias\\\/category\\\/sucesos\\\/#listItem\",\"position\":2,\"name\":\"Sucesos\",\"item\":\"https:\\\/\\\/www.eldigitaldeasturias.com\\\/noticias\\\/category\\\/sucesos\\\/\",\"nextItem\":{\"@type\":\"ListItem\",\"@id\":\"https:\\\/\\\/www.eldigitaldeasturias.com\\\/noticias\\\/los-habitantes-de-newtown-piden-privacidad-para-el-primer-aniversario-de-la-matanza\\\/#listItem\",\"name\":\"Los habitantes de Newtown piden privacidad para el primer aniversario de la matanza\"},\"previousItem\":{\"@type\":\"ListItem\",\"@id\":\"https:\\\/\\\/www.eldigitaldeasturias.com\\\/noticias#listItem\",\"name\":\"Home\"}},{\"@type\":\"ListItem\",\"@id\":\"https:\\\/\\\/www.eldigitaldeasturias.com\\\/noticias\\\/los-habitantes-de-newtown-piden-privacidad-para-el-primer-aniversario-de-la-matanza\\\/#listItem\",\"position\":3,\"name\":\"Los habitantes de Newtown piden privacidad para el primer aniversario de la matanza\",\"previousItem\":{\"@type\":\"ListItem\",\"@id\":\"https:\\\/\\\/www.eldigitaldeasturias.com\\\/noticias\\\/category\\\/sucesos\\\/#listItem\",\"name\":\"Sucesos\"}}]},{\"@type\":\"Organization\",\"@id\":\"https:\\\/\\\/www.eldigitaldeasturias.com\\\/noticias\\\/#organization\",\"name\":\"El Digital de Asturias\",\"description\":\"Hemeroteca\",\"url\":\"https:\\\/\\\/www.eldigitaldeasturias.com\\\/noticias\\\/\",\"email\":\"info@eldigitaldeasturias.com\",\"telephone\":\"+34652131393\",\"logo\":{\"@type\":\"ImageObject\",\"url\":\"https:\\\/\\\/www.eldigitaldeasturias.com\\\/noticias\\\/wp-content\\\/uploads\\\/2020\\\/12\\\/EDA.jpg\",\"@id\":\"https:\\\/\\\/www.eldigitaldeasturias.com\\\/noticias\\\/los-habitantes-de-newtown-piden-privacidad-para-el-primer-aniversario-de-la-matanza\\\/#organizationLogo\"},\"image\":{\"@id\":\"https:\\\/\\\/www.eldigitaldeasturias.com\\\/noticias\\\/los-habitantes-de-newtown-piden-privacidad-para-el-primer-aniversario-de-la-matanza\\\/#organizationLogo\"},\"sameAs\":[\"https:\\\/\\\/facebook.com\\\/eldigitaldeasturias\",\"https:\\\/\\\/www.youtube.com\\\/channel\\\/UCZP-2wLEB9Rv6erhFmqVnvg\"],\"address\":{\"@id\":\"https:\\\/\\\/www.eldigitaldeasturias.com\\\/noticias\\\/#postaladdress\",\"@type\":\"PostalAddress\",\"streetAddress\":\"san antonio 4\",\"postalCode\":\"33430\",\"addressLocality\":\"Cand\\u00e1s\",\"addressRegion\":\"Asturias\",\"addressCountry\":\"ES\"}},{\"@type\":\"Person\",\"@id\":\"https:\\\/\\\/www.eldigitaldeasturias.com\\\/noticias\\\/author\\\/admin\\\/#author\",\"url\":\"https:\\\/\\\/www.eldigitaldeasturias.com\\\/noticias\\\/author\\\/admin\\\/\",\"name\":\"El Digital de Asturias\",\"image\":{\"@type\":\"ImageObject\",\"@id\":\"https:\\\/\\\/www.eldigitaldeasturias.com\\\/noticias\\\/los-habitantes-de-newtown-piden-privacidad-para-el-primer-aniversario-de-la-matanza\\\/#authorImage\",\"url\":\"https:\\\/\\\/secure.gravatar.com\\\/avatar\\\/df2aeffc32bcd13f8d26072ef8a91b623d677766deac7f97ca815868cd41bf5e?s=96&d=mm&r=g\",\"width\":96,\"height\":96,\"caption\":\"El Digital de Asturias\"}},{\"@type\":\"WebPage\",\"@id\":\"https:\\\/\\\/www.eldigitaldeasturias.com\\\/noticias\\\/los-habitantes-de-newtown-piden-privacidad-para-el-primer-aniversario-de-la-matanza\\\/#webpage\",\"url\":\"https:\\\/\\\/www.eldigitaldeasturias.com\\\/noticias\\\/los-habitantes-de-newtown-piden-privacidad-para-el-primer-aniversario-de-la-matanza\\\/\",\"name\":\"Los habitantes de Newtown piden privacidad para el primer aniversario de la matanza - El Digital de Asturias\",\"description\":\"Washington, 8 dic (EFE).- Los habitantes de Newtown, en cuya escuela Adam Lanza mat\\u00f3 en diciembre del a\\u00f1o pasado a 20 ni\\u00f1os y seis adultos, quieren privacidad y mantener alejados a los medios en el primer aniversario de la matanza, que se cumple el pr\\u00f3ximo s\\u00e1bado, seg\\u00fan publica hoy The New York Times. La ciudad,\",\"inLanguage\":\"es-ES\",\"isPartOf\":{\"@id\":\"https:\\\/\\\/www.eldigitaldeasturias.com\\\/noticias\\\/#website\"},\"breadcrumb\":{\"@id\":\"https:\\\/\\\/www.eldigitaldeasturias.com\\\/noticias\\\/los-habitantes-de-newtown-piden-privacidad-para-el-primer-aniversario-de-la-matanza\\\/#breadcrumblist\"},\"author\":{\"@id\":\"https:\\\/\\\/www.eldigitaldeasturias.com\\\/noticias\\\/author\\\/admin\\\/#author\"},\"creator\":{\"@id\":\"https:\\\/\\\/www.eldigitaldeasturias.com\\\/noticias\\\/author\\\/admin\\\/#author\"},\"image\":{\"@type\":\"ImageObject\",\"url\":459408,\"@id\":\"https:\\\/\\\/www.eldigitaldeasturias.com\\\/noticias\\\/los-habitantes-de-newtown-piden-privacidad-para-el-primer-aniversario-de-la-matanza\\\/#mainImage\"},\"primaryImageOfPage\":{\"@id\":\"https:\\\/\\\/www.eldigitaldeasturias.com\\\/noticias\\\/los-habitantes-de-newtown-piden-privacidad-para-el-primer-aniversario-de-la-matanza\\\/#mainImage\"},\"datePublished\":\"2013-12-08T21:32:17+01:00\",\"dateModified\":\"2013-12-08T21:32:17+01:00\"},{\"@type\":\"WebSite\",\"@id\":\"https:\\\/\\\/www.eldigitaldeasturias.com\\\/noticias\\\/#website\",\"url\":\"https:\\\/\\\/www.eldigitaldeasturias.com\\\/noticias\\\/\",\"name\":\"El Digital de Asturias - Diario de actualidad y noticias\",\"alternateName\":\"El Digital de Asturias - Diario de actualidad y noticias\",\"description\":\"Hemeroteca\",\"inLanguage\":\"es-ES\",\"publisher\":{\"@id\":\"https:\\\/\\\/www.eldigitaldeasturias.com\\\/noticias\\\/#organization\"}}]}\n\t\t<\/script>\n\t\t<!-- All in One SEO Pro -->\r\n\t\t<title>Los habitantes de Newtown piden privacidad para el primer aniversario de la matanza - El Digital de Asturias<\/title>\n\n","aioseo_head_json":{"title":"Los habitantes de Newtown piden privacidad para el primer aniversario de la matanza - El Digital de Asturias","description":"Washington, 8 dic (EFE).- Los habitantes de Newtown, en cuya escuela Adam Lanza mat\u00f3 en diciembre del a\u00f1o pasado a 20 ni\u00f1os y seis adultos, quieren privacidad y mantener alejados a los medios en el primer aniversario de la matanza, que se cumple el pr\u00f3ximo s\u00e1bado, seg\u00fan publica hoy The New York Times. La ciudad,","canonical_url":"https:\/\/www.eldigitaldeasturias.com\/noticias\/los-habitantes-de-newtown-piden-privacidad-para-el-primer-aniversario-de-la-matanza\/","robots":"max-image-preview:large","keywords":"sucesos","webmasterTools":{"google-site-verification":"UA-38556648-1","msvalidate.01":"7dfe9f3f1b24437ab69f4f2559babe99","miscellaneous":""},"schema":{"@context":"https:\/\/schema.org","@graph":[{"@type":"BlogPosting","@id":"https:\/\/www.eldigitaldeasturias.com\/noticias\/los-habitantes-de-newtown-piden-privacidad-para-el-primer-aniversario-de-la-matanza\/#blogposting","name":"Los habitantes de Newtown piden privacidad para el primer aniversario de la matanza - El Digital de Asturias","headline":"Los habitantes de Newtown piden privacidad para el primer aniversario de la matanza","author":{"@id":"https:\/\/www.eldigitaldeasturias.com\/noticias\/author\/admin\/#author"},"publisher":{"@id":"https:\/\/www.eldigitaldeasturias.com\/noticias\/#organization"},"image":{"@type":"ImageObject","url":459408},"datePublished":"2013-12-08T21:32:17+01:00","dateModified":"2013-12-08T21:32:17+01:00","inLanguage":"es-ES","mainEntityOfPage":{"@id":"https:\/\/www.eldigitaldeasturias.com\/noticias\/los-habitantes-de-newtown-piden-privacidad-para-el-primer-aniversario-de-la-matanza\/#webpage"},"isPartOf":{"@id":"https:\/\/www.eldigitaldeasturias.com\/noticias\/los-habitantes-de-newtown-piden-privacidad-para-el-primer-aniversario-de-la-matanza\/#webpage"},"articleSection":"Sucesos"},{"@type":"BreadcrumbList","@id":"https:\/\/www.eldigitaldeasturias.com\/noticias\/los-habitantes-de-newtown-piden-privacidad-para-el-primer-aniversario-de-la-matanza\/#breadcrumblist","itemListElement":[{"@type":"ListItem","@id":"https:\/\/www.eldigitaldeasturias.com\/noticias#listItem","position":1,"name":"Home","item":"https:\/\/www.eldigitaldeasturias.com\/noticias","nextItem":{"@type":"ListItem","@id":"https:\/\/www.eldigitaldeasturias.com\/noticias\/category\/sucesos\/#listItem","name":"Sucesos"}},{"@type":"ListItem","@id":"https:\/\/www.eldigitaldeasturias.com\/noticias\/category\/sucesos\/#listItem","position":2,"name":"Sucesos","item":"https:\/\/www.eldigitaldeasturias.com\/noticias\/category\/sucesos\/","nextItem":{"@type":"ListItem","@id":"https:\/\/www.eldigitaldeasturias.com\/noticias\/los-habitantes-de-newtown-piden-privacidad-para-el-primer-aniversario-de-la-matanza\/#listItem","name":"Los habitantes de Newtown piden privacidad para el primer aniversario de la matanza"},"previousItem":{"@type":"ListItem","@id":"https:\/\/www.eldigitaldeasturias.com\/noticias#listItem","name":"Home"}},{"@type":"ListItem","@id":"https:\/\/www.eldigitaldeasturias.com\/noticias\/los-habitantes-de-newtown-piden-privacidad-para-el-primer-aniversario-de-la-matanza\/#listItem","position":3,"name":"Los habitantes de Newtown piden privacidad para el primer aniversario de la matanza","previousItem":{"@type":"ListItem","@id":"https:\/\/www.eldigitaldeasturias.com\/noticias\/category\/sucesos\/#listItem","name":"Sucesos"}}]},{"@type":"Organization","@id":"https:\/\/www.eldigitaldeasturias.com\/noticias\/#organization","name":"El Digital de Asturias","description":"Hemeroteca","url":"https:\/\/www.eldigitaldeasturias.com\/noticias\/","email":"info@eldigitaldeasturias.com","telephone":"+34652131393","logo":{"@type":"ImageObject","url":"https:\/\/www.eldigitaldeasturias.com\/noticias\/wp-content\/uploads\/2020\/12\/EDA.jpg","@id":"https:\/\/www.eldigitaldeasturias.com\/noticias\/los-habitantes-de-newtown-piden-privacidad-para-el-primer-aniversario-de-la-matanza\/#organizationLogo"},"image":{"@id":"https:\/\/www.eldigitaldeasturias.com\/noticias\/los-habitantes-de-newtown-piden-privacidad-para-el-primer-aniversario-de-la-matanza\/#organizationLogo"},"sameAs":["https:\/\/facebook.com\/eldigitaldeasturias","https:\/\/www.youtube.com\/channel\/UCZP-2wLEB9Rv6erhFmqVnvg"],"address":{"@id":"https:\/\/www.eldigitaldeasturias.com\/noticias\/#postaladdress","@type":"PostalAddress","streetAddress":"san antonio 4","postalCode":"33430","addressLocality":"Cand\u00e1s","addressRegion":"Asturias","addressCountry":"ES"}},{"@type":"Person","@id":"https:\/\/www.eldigitaldeasturias.com\/noticias\/author\/admin\/#author","url":"https:\/\/www.eldigitaldeasturias.com\/noticias\/author\/admin\/","name":"El Digital de Asturias","image":{"@type":"ImageObject","@id":"https:\/\/www.eldigitaldeasturias.com\/noticias\/los-habitantes-de-newtown-piden-privacidad-para-el-primer-aniversario-de-la-matanza\/#authorImage","url":"https:\/\/secure.gravatar.com\/avatar\/df2aeffc32bcd13f8d26072ef8a91b623d677766deac7f97ca815868cd41bf5e?s=96&d=mm&r=g","width":96,"height":96,"caption":"El Digital de Asturias"}},{"@type":"WebPage","@id":"https:\/\/www.eldigitaldeasturias.com\/noticias\/los-habitantes-de-newtown-piden-privacidad-para-el-primer-aniversario-de-la-matanza\/#webpage","url":"https:\/\/www.eldigitaldeasturias.com\/noticias\/los-habitantes-de-newtown-piden-privacidad-para-el-primer-aniversario-de-la-matanza\/","name":"Los habitantes de Newtown piden privacidad para el primer aniversario de la matanza - El Digital de Asturias","description":"Washington, 8 dic (EFE).- Los habitantes de Newtown, en cuya escuela Adam Lanza mat\u00f3 en diciembre del a\u00f1o pasado a 20 ni\u00f1os y seis adultos, quieren privacidad y mantener alejados a los medios en el primer aniversario de la matanza, que se cumple el pr\u00f3ximo s\u00e1bado, seg\u00fan publica hoy The New York Times. La ciudad,","inLanguage":"es-ES","isPartOf":{"@id":"https:\/\/www.eldigitaldeasturias.com\/noticias\/#website"},"breadcrumb":{"@id":"https:\/\/www.eldigitaldeasturias.com\/noticias\/los-habitantes-de-newtown-piden-privacidad-para-el-primer-aniversario-de-la-matanza\/#breadcrumblist"},"author":{"@id":"https:\/\/www.eldigitaldeasturias.com\/noticias\/author\/admin\/#author"},"creator":{"@id":"https:\/\/www.eldigitaldeasturias.com\/noticias\/author\/admin\/#author"},"image":{"@type":"ImageObject","url":459408,"@id":"https:\/\/www.eldigitaldeasturias.com\/noticias\/los-habitantes-de-newtown-piden-privacidad-para-el-primer-aniversario-de-la-matanza\/#mainImage"},"primaryImageOfPage":{"@id":"https:\/\/www.eldigitaldeasturias.com\/noticias\/los-habitantes-de-newtown-piden-privacidad-para-el-primer-aniversario-de-la-matanza\/#mainImage"},"datePublished":"2013-12-08T21:32:17+01:00","dateModified":"2013-12-08T21:32:17+01:00"},{"@type":"WebSite","@id":"https:\/\/www.eldigitaldeasturias.com\/noticias\/#website","url":"https:\/\/www.eldigitaldeasturias.com\/noticias\/","name":"El Digital de Asturias - Diario de actualidad y noticias","alternateName":"El Digital de Asturias - Diario de actualidad y noticias","description":"Hemeroteca","inLanguage":"es-ES","publisher":{"@id":"https:\/\/www.eldigitaldeasturias.com\/noticias\/#organization"}}]},"og:locale":"es_ES","og:site_name":"El Digital de Asturias","og:type":"article","og:title":"Los habitantes de Newtown piden privacidad para el primer aniversario de la matanza - El Digital de Asturias","og:description":"Washington, 8 dic (EFE).- Los habitantes de Newtown, en cuya escuela Adam Lanza mat\u00f3 en diciembre del a\u00f1o pasado a 20 ni\u00f1os y seis adultos, quieren privacidad y mantener alejados a los medios en el primer aniversario de la matanza, que se cumple el pr\u00f3ximo s\u00e1bado, seg\u00fan publica hoy The New York Times. La ciudad,","og:url":"https:\/\/www.eldigitaldeasturias.com\/noticias\/los-habitantes-de-newtown-piden-privacidad-para-el-primer-aniversario-de-la-matanza\/","article:tag":["sucesos"],"article:published_time":"2013-12-08T22:32:17+00:00","article:modified_time":"2013-12-08T22:32:17+00:00","article:publisher":"https:\/\/facebook.com\/eldigitaldeasturias","twitter:card":"summary_large_image","twitter:title":"Los habitantes de Newtown piden privacidad para el primer aniversario de la matanza - El Digital de Asturias","twitter:description":"Washington, 8 dic (EFE).- Los habitantes de Newtown, en cuya escuela Adam Lanza mat\u00f3 en diciembre del a\u00f1o pasado a 20 ni\u00f1os y seis adultos, quieren privacidad y mantener alejados a los medios en el primer aniversario de la matanza, que se cumple el pr\u00f3ximo s\u00e1bado, seg\u00fan publica hoy The New York Times. La ciudad,","twitter:label1":"Escrito por","twitter:data1":"El Digital de Asturias","twitter:label2":"Tiempo de lectura estimado","twitter:data2":"3 minutos"},"aioseo_meta_data":{"post_id":"459407","title":null,"description":null,"keywords":null,"keyphrases":null,"primary_term":null,"canonical_url":null,"og_title":null,"og_description":null,"og_object_type":"default","og_image_type":"default","og_image_url":null,"og_image_width":null,"og_image_height":null,"og_image_custom_url":null,"og_image_custom_fields":null,"og_video":null,"og_custom_url":null,"og_article_section":null,"og_article_tags":null,"twitter_use_og":true,"twitter_card":"default","twitter_image_type":"default","twitter_image_url":null,"twitter_image_custom_url":null,"twitter_image_custom_fields":null,"twitter_title":null,"twitter_description":null,"schema":{"blockGraphs":[],"customGraphs":[],"default":{"data":{"Article":[],"Course":[],"Dataset":[],"FAQPage":[],"Movie":[],"Person":[],"Product":[],"ProductReview":[],"Car":[],"Recipe":[],"Service":[],"SoftwareApplication":[],"WebPage":[]},"graphName":"","isEnabled":true},"graphs":[],"defaultGraph":"","defaultPostTypeGraph":""},"schema_type":null,"schema_type_options":null,"pillar_content":false,"robots_default":true,"robots_noindex":false,"robots_noarchive":false,"robots_nosnippet":false,"robots_nofollow":false,"robots_noimageindex":false,"robots_noodp":false,"robots_notranslate":false,"robots_max_snippet":null,"robots_max_videopreview":null,"robots_max_imagepreview":"none","priority":null,"frequency":null,"local_seo":null,"seo_analyzer_scan_date":"2026-05-30 09:13:07","breadcrumb_settings":null,"limit_modified_date":false,"open_ai":null,"ai":null,"created":"2020-11-14 22:47:35","updated":"2026-05-30 09:13:07","focus_keyword":null,"additional_keywords":null,"truseo_locale":null},"aioseo_breadcrumb":"<div class=\"aioseo-breadcrumbs\"><span class=\"aioseo-breadcrumb\">\n\t<a href=\"https:\/\/www.eldigitaldeasturias.com\/noticias\" title=\"Home\">Home<\/a>\n<\/span><span class=\"aioseo-breadcrumb-separator\">\u2013<\/span><span class=\"aioseo-breadcrumb\">\n\t<a href=\"https:\/\/www.eldigitaldeasturias.com\/noticias\/category\/sucesos\/\" title=\"Sucesos\">Sucesos<\/a>\n<\/span><span class=\"aioseo-breadcrumb-separator\">\u2013<\/span><span class=\"aioseo-breadcrumb\">\n\t<a href=\"https:\/\/www.eldigitaldeasturias.com\/noticias\/los-habitantes-de-newtown-piden-privacidad-para-el-primer-aniversario-de-la-matanza\/\" title=\"Los habitantes de Newtown piden privacidad para el primer aniversario de la matanza\">Los habitantes de Newtown piden privacidad para el primer aniversario de la matanza<\/a>\n<\/span><\/div>","aioseo_breadcrumb_json":[{"label":"Home","link":"https:\/\/www.eldigitaldeasturias.com\/noticias"},{"label":"Sucesos","link":"https:\/\/www.eldigitaldeasturias.com\/noticias\/category\/sucesos\/"},{"label":"Los habitantes de Newtown piden privacidad para el primer aniversario de la matanza","link":"https:\/\/www.eldigitaldeasturias.com\/noticias\/los-habitantes-de-newtown-piden-privacidad-para-el-primer-aniversario-de-la-matanza\/"}],"_links":{"self":[{"href":"https:\/\/www.eldigitaldeasturias.com\/noticias\/wp-json\/wp\/v2\/posts\/459407","targetHints":{"allow":["GET"]}}],"collection":[{"href":"https:\/\/www.eldigitaldeasturias.com\/noticias\/wp-json\/wp\/v2\/posts"}],"about":[{"href":"https:\/\/www.eldigitaldeasturias.com\/noticias\/wp-json\/wp\/v2\/types\/post"}],"author":[{"embeddable":true,"href":"https:\/\/www.eldigitaldeasturias.com\/noticias\/wp-json\/wp\/v2\/users\/1"}],"replies":[{"embeddable":true,"href":"https:\/\/www.eldigitaldeasturias.com\/noticias\/wp-json\/wp\/v2\/comments?post=459407"}],"version-history":[{"count":0,"href":"https:\/\/www.eldigitaldeasturias.com\/noticias\/wp-json\/wp\/v2\/posts\/459407\/revisions"}],"wp:attachment":[{"href":"https:\/\/www.eldigitaldeasturias.com\/noticias\/wp-json\/wp\/v2\/media?parent=459407"}],"wp:term":[{"taxonomy":"category","embeddable":true,"href":"https:\/\/www.eldigitaldeasturias.com\/noticias\/wp-json\/wp\/v2\/categories?post=459407"},{"taxonomy":"post_tag","embeddable":true,"href":"https:\/\/www.eldigitaldeasturias.com\/noticias\/wp-json\/wp\/v2\/tags?post=459407"}],"curies":[{"name":"wp","href":"https:\/\/api.w.org\/{rel}","templated":true}]}}