{"id":459395,"date":"2013-12-08T21:24:04","date_gmt":"2013-12-08T22:24:04","guid":{"rendered":"http:\/\/www.eldigitaldeasturias.com\/noticias\/?p=459395"},"modified":"2013-12-08T21:24:04","modified_gmt":"2013-12-08T22:24:04","slug":"mundo-belen-con-482-nacimientos-sigue-la-tradicion-de-la-orden-del-carmelo","status":"publish","type":"post","link":"https:\/\/www.eldigitaldeasturias.com\/noticias\/mundo-belen-con-482-nacimientos-sigue-la-tradicion-de-la-orden-del-carmelo\/","title":{"rendered":"\u00abMundo Bel\u00e9n\u00bb, con 482 nacimientos sigue la tradici\u00f3n de la orden del Carmelo"},"content":{"rendered":"<p><img loading=\"lazy\" decoding=\"async\" class=\"alignleft size-medium wp-image-459396\" alt=\"5779849w\" src=\"https:\/\/www.eldigitaldeasturias.com\/noticias\/wp-content\/uploads\/2013\/12\/5779849w-360x239.jpg\" width=\"360\" height=\"239\" \/>\u00c1vila, 8 dic (EFE).- La orden del Carmelo siempre ha querido mantener intacta la tradici\u00f3n de los belenes, siguiendo tambi\u00e9n el ejemplo de los m\u00edsticos abulenses Santa Teresa de Jes\u00fas y San Juan de la Cruz.<\/p>\n<p>Como ejemplo de ello, desde hace cuatro a\u00f1os el Centro Internacional Teresiano-Sanjuanista (CITeS), ubicado en \u00c1vila, viene acogiendo una exposici\u00f3n internacional bajo el nombre de \u00abMundo Bel\u00e9n\u00bb, que hoy ha abierto sus puertas con 482 nacimientos y misterios procedentes por primera vez de los cinco continentes.<\/p>\n<p>La incorporaci\u00f3n de Australia ha permitido que los organizadores completen un recorrido por Europa, Asia, \u00c1frica, Am\u00e9rica y Ocean\u00eda, disfrutando de aut\u00e9nticas obras de arte realizadas en madera, piedra, jab\u00f3n, arcilla, gomaespuma, seda&#8230;<\/p>\n<p>M\u00e1s de 3.000 piezas reunidas durante la \u00faltima d\u00e9cada por parte de los responsables del CITeS durante sus viajes por el mundo, han contribuido a &#8216;construir&#8217; esta peque\u00f1a ciudad en el interior de este edificio que alberga la Universidad de la M\u00edstica y que, adem\u00e1s, tiene forma de estrella.<\/p>\n<p>La complejidad del montaje y el hecho de que cada vez haya un n\u00famero mayor de figuras llegadas al CITeS a modo de regalo desde todo el planeta ha hecho que los trabajos se hayan desarrollado durante m\u00e1s de un mes, aunque incluso con anterioridad se comenzaron a montar las estructuras.<\/p>\n<p>El ambiente navide\u00f1o impregna cada rinc\u00f3n de un recorrido en el que la m\u00fasica navide\u00f1a de los cinco continentes est\u00e1 presente de principio a fin, para dar m\u00e1s colorido a\u00fan a una exposici\u00f3n que el a\u00f1o pasado fue contemplada por m\u00e1s de 5.000 personas.<\/p>\n<p>\u00abMundo Bel\u00e9n\u00bb arranca con una especie de p\u00f3rtico, con el que la Universidad de la M\u00edstica da la bienvenida al p\u00fablico antes de adentrarse por un itinerario sorprendente que comienza con nacimientos y misterios espa\u00f1oles llegados de diferentes comunidades aut\u00f3nomas.<\/p>\n<p>Entre los m\u00e1s llamativos figuran un Bel\u00e9n pay\u00e9s procedente de Ibiza o un simp\u00e1tico Bel\u00e9n llegado desde el Pa\u00eds Vasco, en el que el ni\u00f1o Jes\u00fas se encuentra acostado en una peque\u00f1a cama con la chapela puesta.<\/p>\n<p>Estos nacimientos espa\u00f1oles sirven para dar la bienvenida al visitante a las diferentes maneras de concebir el nacimiento de Jesucristo en los diferentes pa\u00edses de Europa.<\/p>\n<p>As\u00ed, pueden verse desde un pesebre realizado en sal procedente de Polonia, hasta una interpretaci\u00f3n rusa del portal con figuras a modo de matrioska, pasando por un Bel\u00e9n llegado desde Finlandia y realizado con felpa u otro que recrea la plaza del Vaticano con un pesebre en el centro, hecho de gomaespuma.<\/p>\n<p>Tras recorrer el viejo continente, llega el turno de Asia, donde existen originales misterios del T\u00edbet, Mongolia, Bangladesh, India, Taiwan, Corea, Filipinas, China o Jap\u00f3n, desde donde ha llegado un delicado cuadro realizado sobre seda por monjas, que adem\u00e1s han recreado como fondo el escudo del CITeS.<\/p>\n<p>Tras pasar por el \u00abRinc\u00f3n \u00c1rabe\u00bb, con belenes procedentes de Palestina, L\u00edbano o Dubai, se llega a \u00c1frica, donde destacan aut\u00e9nticas obras de arte procedentes de Kenia, Burkina Faso, Congo, Mali, Nigeria, Etiop\u00eda o Madagascar, que aporta un singular Misterio tallado en el tronco de un \u00e1rbol.<\/p>\n<p>Junto a otros belenes realizados en arena, sorprenden al visitante dos cuadros que recrean el nacimiento de Jes\u00fas a base de alas de mariposa de diferentes colores.<\/p>\n<p>Finalmente le llega el turno a Am\u00e9rica, con un Bel\u00e9n apache de Estados Unidos, junto a otros de tribus como los mapuches, o aimaras, llegados desde Chile, junto a los andinos, procedentes de Per\u00fa.<\/p>\n<p>Tambi\u00e9n pueden verse belenes realizados en piedra de jab\u00f3n -Brasil-, adem\u00e1s de otros hechos con la semilla de una palmera -Colombia- o peque\u00f1as joyas de miniatura que incluyen un Misterio en un pistacho -Colombia-, en granos de caf\u00e9 o en huevos de codorniz.<\/p>\n<p>El visitante se despide del CITeS con un peque\u00f1o nacimiento australiano, cuyas piezas principales son koalas y canguros.<\/p>\n","protected":false},"excerpt":{"rendered":"<p>\u00c1vila, 8 dic (EFE).- La orden del Carmelo siempre ha querido mantener intacta la tradici\u00f3n de los belenes, siguiendo tambi\u00e9n el ejemplo de los m\u00edsticos abulenses Santa Teresa de Jes\u00fas y San Juan de la Cruz. Como ejemplo de ello, desde hace cuatro a\u00f1os el Centro Internacional Teresiano-Sanjuanista (CITeS), ubicado en \u00c1vila, viene acogiendo una [&hellip;]<\/p>\n","protected":false},"author":1,"featured_media":459396,"comment_status":"closed","ping_status":"open","sticky":false,"template":"","format":"standard","meta":{"footnotes":""},"categories":[50],"tags":[],"class_list":["post-459395","post","type-post","status-publish","format-standard","has-post-thumbnail","hentry","category-revista-de-ocio"],"aioseo_notices":[],"aioseo_head":"\n\t\t<!-- All in One SEO Pro 5.0.1 - aioseo.com -->\n\t<meta name=\"description\" content=\"\u00c1vila, 8 dic (EFE).- La orden del Carmelo siempre ha querido mantener intacta la tradici\u00f3n de los belenes, siguiendo tambi\u00e9n el ejemplo de los m\u00edsticos abulenses Santa Teresa de Jes\u00fas y San Juan de la Cruz. Como ejemplo de ello, desde hace cuatro a\u00f1os el Centro Internacional Teresiano-Sanjuanista (CITeS), ubicado en \u00c1vila, viene acogiendo una\" \/>\n\t<meta name=\"robots\" content=\"max-image-preview:large\" \/>\n\t<meta name=\"author\" content=\"El Digital de Asturias\"\/>\n\t<meta name=\"google-site-verification\" content=\"UA-38556648-1\" \/>\n\t<meta name=\"msvalidate.01\" content=\"7dfe9f3f1b24437ab69f4f2559babe99\" \/>\n\t<meta name=\"keywords\" content=\"revista de ocio\" \/>\n\t<link rel=\"canonical\" href=\"https:\/\/www.eldigitaldeasturias.com\/noticias\/mundo-belen-con-482-nacimientos-sigue-la-tradicion-de-la-orden-del-carmelo\/\" \/>\n\t<meta name=\"generator\" content=\"All in One SEO Pro (AIOSEO) 5.0.1\" \/>\n\t\t<meta property=\"og:locale\" content=\"es_ES\" \/>\n\t\t<meta property=\"og:site_name\" content=\"El Digital de Asturias\" \/>\n\t\t<meta property=\"og:type\" content=\"article\" \/>\n\t\t<meta property=\"og:title\" content=\"\u00abMundo Bel\u00e9n\u00bb, con 482 nacimientos sigue la tradici\u00f3n de la orden del Carmelo - El Digital de Asturias\" \/>\n\t\t<meta property=\"og:description\" content=\"\u00c1vila, 8 dic (EFE).- La orden del Carmelo siempre ha querido mantener intacta la tradici\u00f3n de los belenes, siguiendo tambi\u00e9n el ejemplo de los m\u00edsticos abulenses Santa Teresa de Jes\u00fas y San Juan de la Cruz. Como ejemplo de ello, desde hace cuatro a\u00f1os el Centro Internacional Teresiano-Sanjuanista (CITeS), ubicado en \u00c1vila, viene acogiendo una\" \/>\n\t\t<meta property=\"og:url\" content=\"https:\/\/www.eldigitaldeasturias.com\/noticias\/mundo-belen-con-482-nacimientos-sigue-la-tradicion-de-la-orden-del-carmelo\/\" \/>\n\t\t<meta property=\"article:tag\" content=\"revista de ocio\" \/>\n\t\t<meta property=\"article:published_time\" content=\"2013-12-08T22:24:04+00:00\" \/>\n\t\t<meta property=\"article:modified_time\" content=\"2013-12-08T22:24:04+00:00\" \/>\n\t\t<meta property=\"article:publisher\" content=\"https:\/\/facebook.com\/eldigitaldeasturias\" \/>\n\t\t<meta name=\"twitter:card\" content=\"summary_large_image\" \/>\n\t\t<meta name=\"twitter:title\" content=\"\u00abMundo Bel\u00e9n\u00bb, con 482 nacimientos sigue la tradici\u00f3n de la orden del Carmelo - El Digital de Asturias\" \/>\n\t\t<meta name=\"twitter:description\" content=\"\u00c1vila, 8 dic (EFE).- La orden del Carmelo siempre ha querido mantener intacta la tradici\u00f3n de los belenes, siguiendo tambi\u00e9n el ejemplo de los m\u00edsticos abulenses Santa Teresa de Jes\u00fas y San Juan de la Cruz. Como ejemplo de ello, desde hace cuatro a\u00f1os el Centro Internacional Teresiano-Sanjuanista (CITeS), ubicado en \u00c1vila, viene acogiendo una\" \/>\n\t\t<meta name=\"twitter:label1\" content=\"Escrito por\" \/>\n\t\t<meta name=\"twitter:data1\" content=\"El Digital de Asturias\" \/>\n\t\t<meta name=\"twitter:label2\" content=\"Tiempo de lectura estimado\" \/>\n\t\t<meta name=\"twitter:data2\" content=\"3 minutos\" \/>\n\t\t<script type=\"application\/ld+json\" class=\"aioseo-schema\">\n\t\t\t{\"@context\":\"https:\\\/\\\/schema.org\",\"@graph\":[{\"@type\":\"BlogPosting\",\"@id\":\"https:\\\/\\\/www.eldigitaldeasturias.com\\\/noticias\\\/mundo-belen-con-482-nacimientos-sigue-la-tradicion-de-la-orden-del-carmelo\\\/#blogposting\",\"name\":\"\\u00abMundo Bel\\u00e9n\\u00bb, con 482 nacimientos sigue la tradici\\u00f3n de la orden del Carmelo - El Digital de Asturias\",\"headline\":\"\\u00abMundo Bel\\u00e9n\\u00bb, con 482 nacimientos sigue la tradici\\u00f3n de la orden del Carmelo\",\"author\":{\"@id\":\"https:\\\/\\\/www.eldigitaldeasturias.com\\\/noticias\\\/author\\\/admin\\\/#author\"},\"publisher\":{\"@id\":\"https:\\\/\\\/www.eldigitaldeasturias.com\\\/noticias\\\/#organization\"},\"image\":{\"@type\":\"ImageObject\",\"url\":459396},\"datePublished\":\"2013-12-08T21:24:04+01:00\",\"dateModified\":\"2013-12-08T21:24:04+01:00\",\"inLanguage\":\"es-ES\",\"mainEntityOfPage\":{\"@id\":\"https:\\\/\\\/www.eldigitaldeasturias.com\\\/noticias\\\/mundo-belen-con-482-nacimientos-sigue-la-tradicion-de-la-orden-del-carmelo\\\/#webpage\"},\"isPartOf\":{\"@id\":\"https:\\\/\\\/www.eldigitaldeasturias.com\\\/noticias\\\/mundo-belen-con-482-nacimientos-sigue-la-tradicion-de-la-orden-del-carmelo\\\/#webpage\"},\"articleSection\":\"Revista de Ocio\"},{\"@type\":\"BreadcrumbList\",\"@id\":\"https:\\\/\\\/www.eldigitaldeasturias.com\\\/noticias\\\/mundo-belen-con-482-nacimientos-sigue-la-tradicion-de-la-orden-del-carmelo\\\/#breadcrumblist\",\"itemListElement\":[{\"@type\":\"ListItem\",\"@id\":\"https:\\\/\\\/www.eldigitaldeasturias.com\\\/noticias#listItem\",\"position\":1,\"name\":\"Home\",\"item\":\"https:\\\/\\\/www.eldigitaldeasturias.com\\\/noticias\",\"nextItem\":{\"@type\":\"ListItem\",\"@id\":\"https:\\\/\\\/www.eldigitaldeasturias.com\\\/noticias\\\/category\\\/revista-de-ocio\\\/#listItem\",\"name\":\"Revista de Ocio\"}},{\"@type\":\"ListItem\",\"@id\":\"https:\\\/\\\/www.eldigitaldeasturias.com\\\/noticias\\\/category\\\/revista-de-ocio\\\/#listItem\",\"position\":2,\"name\":\"Revista de Ocio\",\"item\":\"https:\\\/\\\/www.eldigitaldeasturias.com\\\/noticias\\\/category\\\/revista-de-ocio\\\/\",\"nextItem\":{\"@type\":\"ListItem\",\"@id\":\"https:\\\/\\\/www.eldigitaldeasturias.com\\\/noticias\\\/mundo-belen-con-482-nacimientos-sigue-la-tradicion-de-la-orden-del-carmelo\\\/#listItem\",\"name\":\"\\u00abMundo Bel\\u00e9n\\u00bb, con 482 nacimientos sigue la tradici\\u00f3n de la orden del Carmelo\"},\"previousItem\":{\"@type\":\"ListItem\",\"@id\":\"https:\\\/\\\/www.eldigitaldeasturias.com\\\/noticias#listItem\",\"name\":\"Home\"}},{\"@type\":\"ListItem\",\"@id\":\"https:\\\/\\\/www.eldigitaldeasturias.com\\\/noticias\\\/mundo-belen-con-482-nacimientos-sigue-la-tradicion-de-la-orden-del-carmelo\\\/#listItem\",\"position\":3,\"name\":\"\\u00abMundo Bel\\u00e9n\\u00bb, con 482 nacimientos sigue la tradici\\u00f3n de la orden del Carmelo\",\"previousItem\":{\"@type\":\"ListItem\",\"@id\":\"https:\\\/\\\/www.eldigitaldeasturias.com\\\/noticias\\\/category\\\/revista-de-ocio\\\/#listItem\",\"name\":\"Revista de Ocio\"}}]},{\"@type\":\"Organization\",\"@id\":\"https:\\\/\\\/www.eldigitaldeasturias.com\\\/noticias\\\/#organization\",\"name\":\"El Digital de Asturias\",\"description\":\"Hemeroteca\",\"url\":\"https:\\\/\\\/www.eldigitaldeasturias.com\\\/noticias\\\/\",\"email\":\"info@eldigitaldeasturias.com\",\"telephone\":\"+34652131393\",\"logo\":{\"@type\":\"ImageObject\",\"url\":\"https:\\\/\\\/www.eldigitaldeasturias.com\\\/noticias\\\/wp-content\\\/uploads\\\/2020\\\/12\\\/EDA.jpg\",\"@id\":\"https:\\\/\\\/www.eldigitaldeasturias.com\\\/noticias\\\/mundo-belen-con-482-nacimientos-sigue-la-tradicion-de-la-orden-del-carmelo\\\/#organizationLogo\"},\"image\":{\"@id\":\"https:\\\/\\\/www.eldigitaldeasturias.com\\\/noticias\\\/mundo-belen-con-482-nacimientos-sigue-la-tradicion-de-la-orden-del-carmelo\\\/#organizationLogo\"},\"sameAs\":[\"https:\\\/\\\/facebook.com\\\/eldigitaldeasturias\",\"https:\\\/\\\/www.youtube.com\\\/channel\\\/UCZP-2wLEB9Rv6erhFmqVnvg\"],\"address\":{\"@id\":\"https:\\\/\\\/www.eldigitaldeasturias.com\\\/noticias\\\/#postaladdress\",\"@type\":\"PostalAddress\",\"streetAddress\":\"san antonio 4\",\"postalCode\":\"33430\",\"addressLocality\":\"Cand\\u00e1s\",\"addressRegion\":\"Asturias\",\"addressCountry\":\"ES\"}},{\"@type\":\"Person\",\"@id\":\"https:\\\/\\\/www.eldigitaldeasturias.com\\\/noticias\\\/author\\\/admin\\\/#author\",\"url\":\"https:\\\/\\\/www.eldigitaldeasturias.com\\\/noticias\\\/author\\\/admin\\\/\",\"name\":\"El Digital de Asturias\",\"image\":{\"@type\":\"ImageObject\",\"@id\":\"https:\\\/\\\/www.eldigitaldeasturias.com\\\/noticias\\\/mundo-belen-con-482-nacimientos-sigue-la-tradicion-de-la-orden-del-carmelo\\\/#authorImage\",\"url\":\"https:\\\/\\\/secure.gravatar.com\\\/avatar\\\/df2aeffc32bcd13f8d26072ef8a91b623d677766deac7f97ca815868cd41bf5e?s=96&d=mm&r=g\",\"width\":96,\"height\":96,\"caption\":\"El Digital de Asturias\"}},{\"@type\":\"WebPage\",\"@id\":\"https:\\\/\\\/www.eldigitaldeasturias.com\\\/noticias\\\/mundo-belen-con-482-nacimientos-sigue-la-tradicion-de-la-orden-del-carmelo\\\/#webpage\",\"url\":\"https:\\\/\\\/www.eldigitaldeasturias.com\\\/noticias\\\/mundo-belen-con-482-nacimientos-sigue-la-tradicion-de-la-orden-del-carmelo\\\/\",\"name\":\"\\u00abMundo Bel\\u00e9n\\u00bb, con 482 nacimientos sigue la tradici\\u00f3n de la orden del Carmelo - El Digital de Asturias\",\"description\":\"\\u00c1vila, 8 dic (EFE).- La orden del Carmelo siempre ha querido mantener intacta la tradici\\u00f3n de los belenes, siguiendo tambi\\u00e9n el ejemplo de los m\\u00edsticos abulenses Santa Teresa de Jes\\u00fas y San Juan de la Cruz. Como ejemplo de ello, desde hace cuatro a\\u00f1os el Centro Internacional Teresiano-Sanjuanista (CITeS), ubicado en \\u00c1vila, viene acogiendo una\",\"inLanguage\":\"es-ES\",\"isPartOf\":{\"@id\":\"https:\\\/\\\/www.eldigitaldeasturias.com\\\/noticias\\\/#website\"},\"breadcrumb\":{\"@id\":\"https:\\\/\\\/www.eldigitaldeasturias.com\\\/noticias\\\/mundo-belen-con-482-nacimientos-sigue-la-tradicion-de-la-orden-del-carmelo\\\/#breadcrumblist\"},\"author\":{\"@id\":\"https:\\\/\\\/www.eldigitaldeasturias.com\\\/noticias\\\/author\\\/admin\\\/#author\"},\"creator\":{\"@id\":\"https:\\\/\\\/www.eldigitaldeasturias.com\\\/noticias\\\/author\\\/admin\\\/#author\"},\"image\":{\"@type\":\"ImageObject\",\"url\":459396,\"@id\":\"https:\\\/\\\/www.eldigitaldeasturias.com\\\/noticias\\\/mundo-belen-con-482-nacimientos-sigue-la-tradicion-de-la-orden-del-carmelo\\\/#mainImage\"},\"primaryImageOfPage\":{\"@id\":\"https:\\\/\\\/www.eldigitaldeasturias.com\\\/noticias\\\/mundo-belen-con-482-nacimientos-sigue-la-tradicion-de-la-orden-del-carmelo\\\/#mainImage\"},\"datePublished\":\"2013-12-08T21:24:04+01:00\",\"dateModified\":\"2013-12-08T21:24:04+01:00\"},{\"@type\":\"WebSite\",\"@id\":\"https:\\\/\\\/www.eldigitaldeasturias.com\\\/noticias\\\/#website\",\"url\":\"https:\\\/\\\/www.eldigitaldeasturias.com\\\/noticias\\\/\",\"name\":\"El Digital de Asturias - Diario de actualidad y noticias\",\"alternateName\":\"El Digital de Asturias - Diario de actualidad y noticias\",\"description\":\"Hemeroteca\",\"inLanguage\":\"es-ES\",\"publisher\":{\"@id\":\"https:\\\/\\\/www.eldigitaldeasturias.com\\\/noticias\\\/#organization\"}}]}\n\t\t<\/script>\n\t\t<!-- All in One SEO Pro -->\r\n\t\t<title>\u00abMundo Bel\u00e9n\u00bb, con 482 nacimientos sigue la tradici\u00f3n de la orden del Carmelo - El Digital de Asturias<\/title>\n\n","aioseo_head_json":{"title":"\u00abMundo Bel\u00e9n\u00bb, con 482 nacimientos sigue la tradici\u00f3n de la orden del Carmelo - El Digital de Asturias","description":"\u00c1vila, 8 dic (EFE).- La orden del Carmelo siempre ha querido mantener intacta la tradici\u00f3n de los belenes, siguiendo tambi\u00e9n el ejemplo de los m\u00edsticos abulenses Santa Teresa de Jes\u00fas y San Juan de la Cruz. Como ejemplo de ello, desde hace cuatro a\u00f1os el Centro Internacional Teresiano-Sanjuanista (CITeS), ubicado en \u00c1vila, viene acogiendo una","canonical_url":"https:\/\/www.eldigitaldeasturias.com\/noticias\/mundo-belen-con-482-nacimientos-sigue-la-tradicion-de-la-orden-del-carmelo\/","robots":"max-image-preview:large","keywords":"revista de ocio","webmasterTools":{"google-site-verification":"UA-38556648-1","msvalidate.01":"7dfe9f3f1b24437ab69f4f2559babe99","miscellaneous":""},"schema":{"@context":"https:\/\/schema.org","@graph":[{"@type":"BlogPosting","@id":"https:\/\/www.eldigitaldeasturias.com\/noticias\/mundo-belen-con-482-nacimientos-sigue-la-tradicion-de-la-orden-del-carmelo\/#blogposting","name":"\u00abMundo Bel\u00e9n\u00bb, con 482 nacimientos sigue la tradici\u00f3n de la orden del Carmelo - El Digital de Asturias","headline":"\u00abMundo Bel\u00e9n\u00bb, con 482 nacimientos sigue la tradici\u00f3n de la orden del Carmelo","author":{"@id":"https:\/\/www.eldigitaldeasturias.com\/noticias\/author\/admin\/#author"},"publisher":{"@id":"https:\/\/www.eldigitaldeasturias.com\/noticias\/#organization"},"image":{"@type":"ImageObject","url":459396},"datePublished":"2013-12-08T21:24:04+01:00","dateModified":"2013-12-08T21:24:04+01:00","inLanguage":"es-ES","mainEntityOfPage":{"@id":"https:\/\/www.eldigitaldeasturias.com\/noticias\/mundo-belen-con-482-nacimientos-sigue-la-tradicion-de-la-orden-del-carmelo\/#webpage"},"isPartOf":{"@id":"https:\/\/www.eldigitaldeasturias.com\/noticias\/mundo-belen-con-482-nacimientos-sigue-la-tradicion-de-la-orden-del-carmelo\/#webpage"},"articleSection":"Revista de Ocio"},{"@type":"BreadcrumbList","@id":"https:\/\/www.eldigitaldeasturias.com\/noticias\/mundo-belen-con-482-nacimientos-sigue-la-tradicion-de-la-orden-del-carmelo\/#breadcrumblist","itemListElement":[{"@type":"ListItem","@id":"https:\/\/www.eldigitaldeasturias.com\/noticias#listItem","position":1,"name":"Home","item":"https:\/\/www.eldigitaldeasturias.com\/noticias","nextItem":{"@type":"ListItem","@id":"https:\/\/www.eldigitaldeasturias.com\/noticias\/category\/revista-de-ocio\/#listItem","name":"Revista de Ocio"}},{"@type":"ListItem","@id":"https:\/\/www.eldigitaldeasturias.com\/noticias\/category\/revista-de-ocio\/#listItem","position":2,"name":"Revista de Ocio","item":"https:\/\/www.eldigitaldeasturias.com\/noticias\/category\/revista-de-ocio\/","nextItem":{"@type":"ListItem","@id":"https:\/\/www.eldigitaldeasturias.com\/noticias\/mundo-belen-con-482-nacimientos-sigue-la-tradicion-de-la-orden-del-carmelo\/#listItem","name":"\u00abMundo Bel\u00e9n\u00bb, con 482 nacimientos sigue la tradici\u00f3n de la orden del Carmelo"},"previousItem":{"@type":"ListItem","@id":"https:\/\/www.eldigitaldeasturias.com\/noticias#listItem","name":"Home"}},{"@type":"ListItem","@id":"https:\/\/www.eldigitaldeasturias.com\/noticias\/mundo-belen-con-482-nacimientos-sigue-la-tradicion-de-la-orden-del-carmelo\/#listItem","position":3,"name":"\u00abMundo Bel\u00e9n\u00bb, con 482 nacimientos sigue la tradici\u00f3n de la orden del Carmelo","previousItem":{"@type":"ListItem","@id":"https:\/\/www.eldigitaldeasturias.com\/noticias\/category\/revista-de-ocio\/#listItem","name":"Revista de Ocio"}}]},{"@type":"Organization","@id":"https:\/\/www.eldigitaldeasturias.com\/noticias\/#organization","name":"El Digital de Asturias","description":"Hemeroteca","url":"https:\/\/www.eldigitaldeasturias.com\/noticias\/","email":"info@eldigitaldeasturias.com","telephone":"+34652131393","logo":{"@type":"ImageObject","url":"https:\/\/www.eldigitaldeasturias.com\/noticias\/wp-content\/uploads\/2020\/12\/EDA.jpg","@id":"https:\/\/www.eldigitaldeasturias.com\/noticias\/mundo-belen-con-482-nacimientos-sigue-la-tradicion-de-la-orden-del-carmelo\/#organizationLogo"},"image":{"@id":"https:\/\/www.eldigitaldeasturias.com\/noticias\/mundo-belen-con-482-nacimientos-sigue-la-tradicion-de-la-orden-del-carmelo\/#organizationLogo"},"sameAs":["https:\/\/facebook.com\/eldigitaldeasturias","https:\/\/www.youtube.com\/channel\/UCZP-2wLEB9Rv6erhFmqVnvg"],"address":{"@id":"https:\/\/www.eldigitaldeasturias.com\/noticias\/#postaladdress","@type":"PostalAddress","streetAddress":"san antonio 4","postalCode":"33430","addressLocality":"Cand\u00e1s","addressRegion":"Asturias","addressCountry":"ES"}},{"@type":"Person","@id":"https:\/\/www.eldigitaldeasturias.com\/noticias\/author\/admin\/#author","url":"https:\/\/www.eldigitaldeasturias.com\/noticias\/author\/admin\/","name":"El Digital de Asturias","image":{"@type":"ImageObject","@id":"https:\/\/www.eldigitaldeasturias.com\/noticias\/mundo-belen-con-482-nacimientos-sigue-la-tradicion-de-la-orden-del-carmelo\/#authorImage","url":"https:\/\/secure.gravatar.com\/avatar\/df2aeffc32bcd13f8d26072ef8a91b623d677766deac7f97ca815868cd41bf5e?s=96&d=mm&r=g","width":96,"height":96,"caption":"El Digital de Asturias"}},{"@type":"WebPage","@id":"https:\/\/www.eldigitaldeasturias.com\/noticias\/mundo-belen-con-482-nacimientos-sigue-la-tradicion-de-la-orden-del-carmelo\/#webpage","url":"https:\/\/www.eldigitaldeasturias.com\/noticias\/mundo-belen-con-482-nacimientos-sigue-la-tradicion-de-la-orden-del-carmelo\/","name":"\u00abMundo Bel\u00e9n\u00bb, con 482 nacimientos sigue la tradici\u00f3n de la orden del Carmelo - El Digital de Asturias","description":"\u00c1vila, 8 dic (EFE).- La orden del Carmelo siempre ha querido mantener intacta la tradici\u00f3n de los belenes, siguiendo tambi\u00e9n el ejemplo de los m\u00edsticos abulenses Santa Teresa de Jes\u00fas y San Juan de la Cruz. Como ejemplo de ello, desde hace cuatro a\u00f1os el Centro Internacional Teresiano-Sanjuanista (CITeS), ubicado en \u00c1vila, viene acogiendo una","inLanguage":"es-ES","isPartOf":{"@id":"https:\/\/www.eldigitaldeasturias.com\/noticias\/#website"},"breadcrumb":{"@id":"https:\/\/www.eldigitaldeasturias.com\/noticias\/mundo-belen-con-482-nacimientos-sigue-la-tradicion-de-la-orden-del-carmelo\/#breadcrumblist"},"author":{"@id":"https:\/\/www.eldigitaldeasturias.com\/noticias\/author\/admin\/#author"},"creator":{"@id":"https:\/\/www.eldigitaldeasturias.com\/noticias\/author\/admin\/#author"},"image":{"@type":"ImageObject","url":459396,"@id":"https:\/\/www.eldigitaldeasturias.com\/noticias\/mundo-belen-con-482-nacimientos-sigue-la-tradicion-de-la-orden-del-carmelo\/#mainImage"},"primaryImageOfPage":{"@id":"https:\/\/www.eldigitaldeasturias.com\/noticias\/mundo-belen-con-482-nacimientos-sigue-la-tradicion-de-la-orden-del-carmelo\/#mainImage"},"datePublished":"2013-12-08T21:24:04+01:00","dateModified":"2013-12-08T21:24:04+01:00"},{"@type":"WebSite","@id":"https:\/\/www.eldigitaldeasturias.com\/noticias\/#website","url":"https:\/\/www.eldigitaldeasturias.com\/noticias\/","name":"El Digital de Asturias - Diario de actualidad y noticias","alternateName":"El Digital de Asturias - Diario de actualidad y noticias","description":"Hemeroteca","inLanguage":"es-ES","publisher":{"@id":"https:\/\/www.eldigitaldeasturias.com\/noticias\/#organization"}}]},"og:locale":"es_ES","og:site_name":"El Digital de Asturias","og:type":"article","og:title":"\u00abMundo Bel\u00e9n\u00bb, con 482 nacimientos sigue la tradici\u00f3n de la orden del Carmelo - El Digital de Asturias","og:description":"\u00c1vila, 8 dic (EFE).- La orden del Carmelo siempre ha querido mantener intacta la tradici\u00f3n de los belenes, siguiendo tambi\u00e9n el ejemplo de los m\u00edsticos abulenses Santa Teresa de Jes\u00fas y San Juan de la Cruz. Como ejemplo de ello, desde hace cuatro a\u00f1os el Centro Internacional Teresiano-Sanjuanista (CITeS), ubicado en \u00c1vila, viene acogiendo una","og:url":"https:\/\/www.eldigitaldeasturias.com\/noticias\/mundo-belen-con-482-nacimientos-sigue-la-tradicion-de-la-orden-del-carmelo\/","article:tag":["revista de ocio"],"article:published_time":"2013-12-08T22:24:04+00:00","article:modified_time":"2013-12-08T22:24:04+00:00","article:publisher":"https:\/\/facebook.com\/eldigitaldeasturias","twitter:card":"summary_large_image","twitter:title":"\u00abMundo Bel\u00e9n\u00bb, con 482 nacimientos sigue la tradici\u00f3n de la orden del Carmelo - El Digital de Asturias","twitter:description":"\u00c1vila, 8 dic (EFE).- La orden del Carmelo siempre ha querido mantener intacta la tradici\u00f3n de los belenes, siguiendo tambi\u00e9n el ejemplo de los m\u00edsticos abulenses Santa Teresa de Jes\u00fas y San Juan de la Cruz. Como ejemplo de ello, desde hace cuatro a\u00f1os el Centro Internacional Teresiano-Sanjuanista (CITeS), ubicado en \u00c1vila, viene acogiendo una","twitter:label1":"Escrito por","twitter:data1":"El Digital de Asturias","twitter:label2":"Tiempo de lectura estimado","twitter:data2":"3 minutos"},"aioseo_meta_data":{"post_id":"459395","title":null,"description":null,"keywords":null,"keyphrases":null,"primary_term":null,"canonical_url":null,"og_title":null,"og_description":null,"og_object_type":"default","og_image_type":"default","og_image_url":null,"og_image_width":null,"og_image_height":null,"og_image_custom_url":null,"og_image_custom_fields":null,"og_video":null,"og_custom_url":null,"og_article_section":null,"og_article_tags":null,"twitter_use_og":true,"twitter_card":"default","twitter_image_type":"default","twitter_image_url":null,"twitter_image_custom_url":null,"twitter_image_custom_fields":null,"twitter_title":null,"twitter_description":null,"schema":{"blockGraphs":[],"customGraphs":[],"default":{"data":{"Article":[],"Course":[],"Dataset":[],"FAQPage":[],"Movie":[],"Person":[],"Product":[],"ProductReview":[],"Car":[],"Recipe":[],"Service":[],"SoftwareApplication":[],"WebPage":[]},"graphName":"","isEnabled":true},"graphs":[],"defaultGraph":"","defaultPostTypeGraph":""},"schema_type":null,"schema_type_options":null,"pillar_content":false,"robots_default":true,"robots_noindex":false,"robots_noarchive":false,"robots_nosnippet":false,"robots_nofollow":false,"robots_noimageindex":false,"robots_noodp":false,"robots_notranslate":false,"robots_max_snippet":null,"robots_max_videopreview":null,"robots_max_imagepreview":"none","priority":null,"frequency":null,"local_seo":null,"seo_analyzer_scan_date":"2026-05-30 09:11:00","breadcrumb_settings":null,"limit_modified_date":false,"open_ai":null,"ai":null,"created":"2020-11-14 22:47:35","updated":"2026-05-30 09:11:00","focus_keyword":null,"additional_keywords":null,"truseo_locale":null},"aioseo_breadcrumb":"<div class=\"aioseo-breadcrumbs\"><span class=\"aioseo-breadcrumb\">\n\t<a href=\"https:\/\/www.eldigitaldeasturias.com\/noticias\" title=\"Home\">Home<\/a>\n<\/span><span class=\"aioseo-breadcrumb-separator\">\u2013<\/span><span class=\"aioseo-breadcrumb\">\n\t<a href=\"https:\/\/www.eldigitaldeasturias.com\/noticias\/category\/revista-de-ocio\/\" title=\"Revista de Ocio\">Revista de Ocio<\/a>\n<\/span><span class=\"aioseo-breadcrumb-separator\">\u2013<\/span><span class=\"aioseo-breadcrumb\">\n\t<a href=\"https:\/\/www.eldigitaldeasturias.com\/noticias\/mundo-belen-con-482-nacimientos-sigue-la-tradicion-de-la-orden-del-carmelo\/\" title=\"\u00abMundo Bel\u00e9n\u00bb, con 482 nacimientos sigue la tradici\u00f3n de la orden del Carmelo\">\u00abMundo Bel\u00e9n\u00bb, con 482 nacimientos sigue la tradici\u00f3n de la orden del Carmelo<\/a>\n<\/span><\/div>","aioseo_breadcrumb_json":[{"label":"Home","link":"https:\/\/www.eldigitaldeasturias.com\/noticias"},{"label":"Revista de Ocio","link":"https:\/\/www.eldigitaldeasturias.com\/noticias\/category\/revista-de-ocio\/"},{"label":"\u00abMundo Bel\u00e9n\u00bb, con 482 nacimientos sigue la tradici\u00f3n de la orden del Carmelo","link":"https:\/\/www.eldigitaldeasturias.com\/noticias\/mundo-belen-con-482-nacimientos-sigue-la-tradicion-de-la-orden-del-carmelo\/"}],"_links":{"self":[{"href":"https:\/\/www.eldigitaldeasturias.com\/noticias\/wp-json\/wp\/v2\/posts\/459395","targetHints":{"allow":["GET"]}}],"collection":[{"href":"https:\/\/www.eldigitaldeasturias.com\/noticias\/wp-json\/wp\/v2\/posts"}],"about":[{"href":"https:\/\/www.eldigitaldeasturias.com\/noticias\/wp-json\/wp\/v2\/types\/post"}],"author":[{"embeddable":true,"href":"https:\/\/www.eldigitaldeasturias.com\/noticias\/wp-json\/wp\/v2\/users\/1"}],"replies":[{"embeddable":true,"href":"https:\/\/www.eldigitaldeasturias.com\/noticias\/wp-json\/wp\/v2\/comments?post=459395"}],"version-history":[{"count":0,"href":"https:\/\/www.eldigitaldeasturias.com\/noticias\/wp-json\/wp\/v2\/posts\/459395\/revisions"}],"wp:attachment":[{"href":"https:\/\/www.eldigitaldeasturias.com\/noticias\/wp-json\/wp\/v2\/media?parent=459395"}],"wp:term":[{"taxonomy":"category","embeddable":true,"href":"https:\/\/www.eldigitaldeasturias.com\/noticias\/wp-json\/wp\/v2\/categories?post=459395"},{"taxonomy":"post_tag","embeddable":true,"href":"https:\/\/www.eldigitaldeasturias.com\/noticias\/wp-json\/wp\/v2\/tags?post=459395"}],"curies":[{"name":"wp","href":"https:\/\/api.w.org\/{rel}","templated":true}]}}