{"id":459386,"date":"2013-12-08T21:19:46","date_gmt":"2013-12-08T22:19:46","guid":{"rendered":"http:\/\/www.eldigitaldeasturias.com\/noticias\/?p=459386"},"modified":"2013-12-08T21:19:46","modified_gmt":"2013-12-08T22:19:46","slug":"susan-boyle-revela-que-padece-el-sindrome-de-asperger","status":"publish","type":"post","link":"https:\/\/www.eldigitaldeasturias.com\/noticias\/susan-boyle-revela-que-padece-el-sindrome-de-asperger\/","title":{"rendered":"Susan Boyle revela que padece el s\u00edndrome de Asperger"},"content":{"rendered":"<p><img loading=\"lazy\" decoding=\"async\" class=\"alignleft size-medium wp-image-459387\" alt=\"5779827w\" src=\"https:\/\/www.eldigitaldeasturias.com\/noticias\/wp-content\/uploads\/2013\/12\/5779827w-360x244.jpg\" width=\"360\" height=\"244\" \/>Londres, 8 dic (EFE).- La cantante escocesa Susan Boyle, que salt\u00f3 a la fama en 2009 tras participar en el programa televisivo de cazatalentos \u00abBritain&#8217;s Got Talent\u00bb (Gran Breta\u00f1a tiene talento), ha revelado que padece el s\u00edndrome de Asperger, una forma de autismo.<\/p>\n<p>En una entrevista publicada hoy en la p\u00e1gina digital de \u00abThe Observer\u00bb, Boyle, de 52 a\u00f1os, confes\u00f3 que le diagnosticaron Asperger hace un a\u00f1o y que se siente \u00abaliviada\u00bb y \u00abrelajada\u00bb de saberlo.<\/p>\n<p>Seg\u00fan explic\u00f3, de peque\u00f1a le hicieron un diagn\u00f3stico equivocado al decirle que sufri\u00f3 un da\u00f1o cerebral por complicaciones al nacer.<\/p>\n<p>\u00abFue un diagn\u00f3stico incorrecto cuando era una ni\u00f1a. Me dijeron que ten\u00eda da\u00f1o cerebral. Yo siempre supe que era una &#8216;etiqueta&#8217; injusta. Ahora entiendo mejor lo que estaba mal y me siento aliviada y un poco m\u00e1s relajada conmigo misma\u00bb, afirm\u00f3 la cantante.<\/p>\n<p>Boyle se hizo famosa en pocas semanas tras causar gran sensaci\u00f3n entre los televidentes cuando cant\u00f3 \u00abI Dreamed a Dream\u00bb (so\u00f1\u00e9 un sue\u00f1o), pero su \u00e9xito se vio empe\u00f1ado en algunas ocasiones por un comportamiento vol\u00e1til y explosivo.<\/p>\n<p>El trastorno de Asperger afecta la interacci\u00f3n social de los que lo padecen y tienen problemas de comunicaci\u00f3n.<\/p>\n<p>Seg\u00fan \u00abThe Observer\u00bb, a Boyle le llamaban de peque\u00f1a \u00abSusie la simple\u00bb en su localidad escocesa de Blackburn y fue v\u00edctima de acosos de los compa\u00f1eros porque era diferente.<\/p>\n<p>Al explicar su visita al m\u00e9dico el a\u00f1o pasado, la cantante dijo: \u00abFui en busca del diagn\u00f3stico de un especialista escoc\u00e9s. Nadie me dijo que lo hiciera. Pens\u00e9 que ten\u00eda una enfermedad m\u00e1s seria pues no me comportaba bien\u00bb.<\/p>\n<p>Durante su visita al especialista, la cantante fue sometida a una serie de pruebas simples, que mostraron, adem\u00e1s, que su coeficiente intelectual est\u00e1 por encima del nivel promedio y que no tiene relaci\u00f3n con el s\u00edndrome de Asperger.<\/p>\n<p>Boyle admiti\u00f3 que su problema no cambiar\u00e1 su vida, pues se trata de una situaci\u00f3n con la que tendr\u00e1 \u00abque vivir\u00bb.<\/p>\n","protected":false},"excerpt":{"rendered":"<p>Londres, 8 dic (EFE).- La cantante escocesa Susan Boyle, que salt\u00f3 a la fama en 2009 tras participar en el programa televisivo de cazatalentos \u00abBritain&#8217;s Got Talent\u00bb (Gran Breta\u00f1a tiene talento), ha revelado que padece el s\u00edndrome de Asperger, una forma de autismo. En una entrevista publicada hoy en la p\u00e1gina digital de \u00abThe Observer\u00bb, [&hellip;]<\/p>\n","protected":false},"author":1,"featured_media":459387,"comment_status":"closed","ping_status":"open","sticky":false,"template":"","format":"standard","meta":{"footnotes":""},"categories":[28],"tags":[],"class_list":["post-459386","post","type-post","status-publish","format-standard","has-post-thumbnail","hentry","category-sociedad"],"aioseo_notices":[],"aioseo_head":"\n\t\t<!-- All in One SEO Pro 5.0.1 - aioseo.com -->\n\t<meta name=\"description\" content=\"Londres, 8 dic (EFE).- La cantante escocesa Susan Boyle, que salt\u00f3 a la fama en 2009 tras participar en el programa televisivo de cazatalentos &quot;Britain&#039;s Got Talent&quot; (Gran Breta\u00f1a tiene talento), ha revelado que padece el s\u00edndrome de Asperger, una forma de autismo. En una entrevista publicada hoy en la p\u00e1gina digital de &quot;The Observer&quot;,\" \/>\n\t<meta name=\"robots\" content=\"max-image-preview:large\" \/>\n\t<meta name=\"author\" content=\"El Digital de Asturias\"\/>\n\t<meta name=\"google-site-verification\" content=\"UA-38556648-1\" \/>\n\t<meta name=\"msvalidate.01\" content=\"7dfe9f3f1b24437ab69f4f2559babe99\" \/>\n\t<meta name=\"keywords\" content=\"sociedad\" \/>\n\t<link rel=\"canonical\" href=\"https:\/\/www.eldigitaldeasturias.com\/noticias\/susan-boyle-revela-que-padece-el-sindrome-de-asperger\/\" \/>\n\t<meta name=\"generator\" content=\"All in One SEO Pro (AIOSEO) 5.0.1\" \/>\n\t\t<meta property=\"og:locale\" content=\"es_ES\" \/>\n\t\t<meta property=\"og:site_name\" content=\"El Digital de Asturias\" \/>\n\t\t<meta property=\"og:type\" content=\"article\" \/>\n\t\t<meta property=\"og:title\" content=\"Susan Boyle revela que padece el s\u00edndrome de Asperger - El Digital de Asturias\" \/>\n\t\t<meta property=\"og:description\" content=\"Londres, 8 dic (EFE).- La cantante escocesa Susan Boyle, que salt\u00f3 a la fama en 2009 tras participar en el programa televisivo de cazatalentos &quot;Britain&#039;s Got Talent&quot; (Gran Breta\u00f1a tiene talento), ha revelado que padece el s\u00edndrome de Asperger, una forma de autismo. En una entrevista publicada hoy en la p\u00e1gina digital de &quot;The Observer&quot;,\" \/>\n\t\t<meta property=\"og:url\" content=\"https:\/\/www.eldigitaldeasturias.com\/noticias\/susan-boyle-revela-que-padece-el-sindrome-de-asperger\/\" \/>\n\t\t<meta property=\"article:tag\" content=\"sociedad\" \/>\n\t\t<meta property=\"article:published_time\" content=\"2013-12-08T22:19:46+00:00\" \/>\n\t\t<meta property=\"article:modified_time\" content=\"2013-12-08T22:19:46+00:00\" \/>\n\t\t<meta property=\"article:publisher\" content=\"https:\/\/facebook.com\/eldigitaldeasturias\" \/>\n\t\t<meta name=\"twitter:card\" content=\"summary_large_image\" \/>\n\t\t<meta name=\"twitter:title\" content=\"Susan Boyle revela que padece el s\u00edndrome de Asperger - El Digital de Asturias\" \/>\n\t\t<meta name=\"twitter:description\" content=\"Londres, 8 dic (EFE).- La cantante escocesa Susan Boyle, que salt\u00f3 a la fama en 2009 tras participar en el programa televisivo de cazatalentos &quot;Britain&#039;s Got Talent&quot; (Gran Breta\u00f1a tiene talento), ha revelado que padece el s\u00edndrome de Asperger, una forma de autismo. En una entrevista publicada hoy en la p\u00e1gina digital de &quot;The Observer&quot;,\" \/>\n\t\t<meta name=\"twitter:label1\" content=\"Escrito por\" \/>\n\t\t<meta name=\"twitter:data1\" content=\"El Digital de Asturias\" \/>\n\t\t<meta name=\"twitter:label2\" content=\"Tiempo de lectura estimado\" \/>\n\t\t<meta name=\"twitter:data2\" content=\"2 minutos\" \/>\n\t\t<script type=\"application\/ld+json\" class=\"aioseo-schema\">\n\t\t\t{\"@context\":\"https:\\\/\\\/schema.org\",\"@graph\":[{\"@type\":\"BlogPosting\",\"@id\":\"https:\\\/\\\/www.eldigitaldeasturias.com\\\/noticias\\\/susan-boyle-revela-que-padece-el-sindrome-de-asperger\\\/#blogposting\",\"name\":\"Susan Boyle revela que padece el s\\u00edndrome de Asperger - El Digital de Asturias\",\"headline\":\"Susan Boyle revela que padece el s\\u00edndrome de Asperger\",\"author\":{\"@id\":\"https:\\\/\\\/www.eldigitaldeasturias.com\\\/noticias\\\/author\\\/admin\\\/#author\"},\"publisher\":{\"@id\":\"https:\\\/\\\/www.eldigitaldeasturias.com\\\/noticias\\\/#organization\"},\"image\":{\"@type\":\"ImageObject\",\"url\":459387},\"datePublished\":\"2013-12-08T21:19:46+01:00\",\"dateModified\":\"2013-12-08T21:19:46+01:00\",\"inLanguage\":\"es-ES\",\"mainEntityOfPage\":{\"@id\":\"https:\\\/\\\/www.eldigitaldeasturias.com\\\/noticias\\\/susan-boyle-revela-que-padece-el-sindrome-de-asperger\\\/#webpage\"},\"isPartOf\":{\"@id\":\"https:\\\/\\\/www.eldigitaldeasturias.com\\\/noticias\\\/susan-boyle-revela-que-padece-el-sindrome-de-asperger\\\/#webpage\"},\"articleSection\":\"Sociedad\"},{\"@type\":\"BreadcrumbList\",\"@id\":\"https:\\\/\\\/www.eldigitaldeasturias.com\\\/noticias\\\/susan-boyle-revela-que-padece-el-sindrome-de-asperger\\\/#breadcrumblist\",\"itemListElement\":[{\"@type\":\"ListItem\",\"@id\":\"https:\\\/\\\/www.eldigitaldeasturias.com\\\/noticias#listItem\",\"position\":1,\"name\":\"Home\",\"item\":\"https:\\\/\\\/www.eldigitaldeasturias.com\\\/noticias\",\"nextItem\":{\"@type\":\"ListItem\",\"@id\":\"https:\\\/\\\/www.eldigitaldeasturias.com\\\/noticias\\\/category\\\/sociedad\\\/#listItem\",\"name\":\"Sociedad\"}},{\"@type\":\"ListItem\",\"@id\":\"https:\\\/\\\/www.eldigitaldeasturias.com\\\/noticias\\\/category\\\/sociedad\\\/#listItem\",\"position\":2,\"name\":\"Sociedad\",\"item\":\"https:\\\/\\\/www.eldigitaldeasturias.com\\\/noticias\\\/category\\\/sociedad\\\/\",\"nextItem\":{\"@type\":\"ListItem\",\"@id\":\"https:\\\/\\\/www.eldigitaldeasturias.com\\\/noticias\\\/susan-boyle-revela-que-padece-el-sindrome-de-asperger\\\/#listItem\",\"name\":\"Susan Boyle revela que padece el s\\u00edndrome de Asperger\"},\"previousItem\":{\"@type\":\"ListItem\",\"@id\":\"https:\\\/\\\/www.eldigitaldeasturias.com\\\/noticias#listItem\",\"name\":\"Home\"}},{\"@type\":\"ListItem\",\"@id\":\"https:\\\/\\\/www.eldigitaldeasturias.com\\\/noticias\\\/susan-boyle-revela-que-padece-el-sindrome-de-asperger\\\/#listItem\",\"position\":3,\"name\":\"Susan Boyle revela que padece el s\\u00edndrome de Asperger\",\"previousItem\":{\"@type\":\"ListItem\",\"@id\":\"https:\\\/\\\/www.eldigitaldeasturias.com\\\/noticias\\\/category\\\/sociedad\\\/#listItem\",\"name\":\"Sociedad\"}}]},{\"@type\":\"Organization\",\"@id\":\"https:\\\/\\\/www.eldigitaldeasturias.com\\\/noticias\\\/#organization\",\"name\":\"El Digital de Asturias\",\"description\":\"Hemeroteca\",\"url\":\"https:\\\/\\\/www.eldigitaldeasturias.com\\\/noticias\\\/\",\"email\":\"info@eldigitaldeasturias.com\",\"telephone\":\"+34652131393\",\"logo\":{\"@type\":\"ImageObject\",\"url\":\"https:\\\/\\\/www.eldigitaldeasturias.com\\\/noticias\\\/wp-content\\\/uploads\\\/2020\\\/12\\\/EDA.jpg\",\"@id\":\"https:\\\/\\\/www.eldigitaldeasturias.com\\\/noticias\\\/susan-boyle-revela-que-padece-el-sindrome-de-asperger\\\/#organizationLogo\"},\"image\":{\"@id\":\"https:\\\/\\\/www.eldigitaldeasturias.com\\\/noticias\\\/susan-boyle-revela-que-padece-el-sindrome-de-asperger\\\/#organizationLogo\"},\"sameAs\":[\"https:\\\/\\\/facebook.com\\\/eldigitaldeasturias\",\"https:\\\/\\\/www.youtube.com\\\/channel\\\/UCZP-2wLEB9Rv6erhFmqVnvg\"],\"address\":{\"@id\":\"https:\\\/\\\/www.eldigitaldeasturias.com\\\/noticias\\\/#postaladdress\",\"@type\":\"PostalAddress\",\"streetAddress\":\"san antonio 4\",\"postalCode\":\"33430\",\"addressLocality\":\"Cand\\u00e1s\",\"addressRegion\":\"Asturias\",\"addressCountry\":\"ES\"}},{\"@type\":\"Person\",\"@id\":\"https:\\\/\\\/www.eldigitaldeasturias.com\\\/noticias\\\/author\\\/admin\\\/#author\",\"url\":\"https:\\\/\\\/www.eldigitaldeasturias.com\\\/noticias\\\/author\\\/admin\\\/\",\"name\":\"El Digital de Asturias\",\"image\":{\"@type\":\"ImageObject\",\"@id\":\"https:\\\/\\\/www.eldigitaldeasturias.com\\\/noticias\\\/susan-boyle-revela-que-padece-el-sindrome-de-asperger\\\/#authorImage\",\"url\":\"https:\\\/\\\/secure.gravatar.com\\\/avatar\\\/df2aeffc32bcd13f8d26072ef8a91b623d677766deac7f97ca815868cd41bf5e?s=96&d=mm&r=g\",\"width\":96,\"height\":96,\"caption\":\"El Digital de Asturias\"}},{\"@type\":\"WebPage\",\"@id\":\"https:\\\/\\\/www.eldigitaldeasturias.com\\\/noticias\\\/susan-boyle-revela-que-padece-el-sindrome-de-asperger\\\/#webpage\",\"url\":\"https:\\\/\\\/www.eldigitaldeasturias.com\\\/noticias\\\/susan-boyle-revela-que-padece-el-sindrome-de-asperger\\\/\",\"name\":\"Susan Boyle revela que padece el s\\u00edndrome de Asperger - El Digital de Asturias\",\"description\":\"Londres, 8 dic (EFE).- La cantante escocesa Susan Boyle, que salt\\u00f3 a la fama en 2009 tras participar en el programa televisivo de cazatalentos \\\"Britain's Got Talent\\\" (Gran Breta\\u00f1a tiene talento), ha revelado que padece el s\\u00edndrome de Asperger, una forma de autismo. En una entrevista publicada hoy en la p\\u00e1gina digital de \\\"The Observer\\\",\",\"inLanguage\":\"es-ES\",\"isPartOf\":{\"@id\":\"https:\\\/\\\/www.eldigitaldeasturias.com\\\/noticias\\\/#website\"},\"breadcrumb\":{\"@id\":\"https:\\\/\\\/www.eldigitaldeasturias.com\\\/noticias\\\/susan-boyle-revela-que-padece-el-sindrome-de-asperger\\\/#breadcrumblist\"},\"author\":{\"@id\":\"https:\\\/\\\/www.eldigitaldeasturias.com\\\/noticias\\\/author\\\/admin\\\/#author\"},\"creator\":{\"@id\":\"https:\\\/\\\/www.eldigitaldeasturias.com\\\/noticias\\\/author\\\/admin\\\/#author\"},\"image\":{\"@type\":\"ImageObject\",\"url\":459387,\"@id\":\"https:\\\/\\\/www.eldigitaldeasturias.com\\\/noticias\\\/susan-boyle-revela-que-padece-el-sindrome-de-asperger\\\/#mainImage\"},\"primaryImageOfPage\":{\"@id\":\"https:\\\/\\\/www.eldigitaldeasturias.com\\\/noticias\\\/susan-boyle-revela-que-padece-el-sindrome-de-asperger\\\/#mainImage\"},\"datePublished\":\"2013-12-08T21:19:46+01:00\",\"dateModified\":\"2013-12-08T21:19:46+01:00\"},{\"@type\":\"WebSite\",\"@id\":\"https:\\\/\\\/www.eldigitaldeasturias.com\\\/noticias\\\/#website\",\"url\":\"https:\\\/\\\/www.eldigitaldeasturias.com\\\/noticias\\\/\",\"name\":\"El Digital de Asturias - Diario de actualidad y noticias\",\"alternateName\":\"El Digital de Asturias - Diario de actualidad y noticias\",\"description\":\"Hemeroteca\",\"inLanguage\":\"es-ES\",\"publisher\":{\"@id\":\"https:\\\/\\\/www.eldigitaldeasturias.com\\\/noticias\\\/#organization\"}}]}\n\t\t<\/script>\n\t\t<!-- All in One SEO Pro -->\r\n\t\t<title>Susan Boyle revela que padece el s\u00edndrome de Asperger - El Digital de Asturias<\/title>\n\n","aioseo_head_json":{"title":"Susan Boyle revela que padece el s\u00edndrome de Asperger - El Digital de Asturias","description":"Londres, 8 dic (EFE).- La cantante escocesa Susan Boyle, que salt\u00f3 a la fama en 2009 tras participar en el programa televisivo de cazatalentos \"Britain's Got Talent\" (Gran Breta\u00f1a tiene talento), ha revelado que padece el s\u00edndrome de Asperger, una forma de autismo. En una entrevista publicada hoy en la p\u00e1gina digital de \"The Observer\",","canonical_url":"https:\/\/www.eldigitaldeasturias.com\/noticias\/susan-boyle-revela-que-padece-el-sindrome-de-asperger\/","robots":"max-image-preview:large","keywords":"sociedad","webmasterTools":{"google-site-verification":"UA-38556648-1","msvalidate.01":"7dfe9f3f1b24437ab69f4f2559babe99","miscellaneous":""},"schema":{"@context":"https:\/\/schema.org","@graph":[{"@type":"BlogPosting","@id":"https:\/\/www.eldigitaldeasturias.com\/noticias\/susan-boyle-revela-que-padece-el-sindrome-de-asperger\/#blogposting","name":"Susan Boyle revela que padece el s\u00edndrome de Asperger - El Digital de Asturias","headline":"Susan Boyle revela que padece el s\u00edndrome de Asperger","author":{"@id":"https:\/\/www.eldigitaldeasturias.com\/noticias\/author\/admin\/#author"},"publisher":{"@id":"https:\/\/www.eldigitaldeasturias.com\/noticias\/#organization"},"image":{"@type":"ImageObject","url":459387},"datePublished":"2013-12-08T21:19:46+01:00","dateModified":"2013-12-08T21:19:46+01:00","inLanguage":"es-ES","mainEntityOfPage":{"@id":"https:\/\/www.eldigitaldeasturias.com\/noticias\/susan-boyle-revela-que-padece-el-sindrome-de-asperger\/#webpage"},"isPartOf":{"@id":"https:\/\/www.eldigitaldeasturias.com\/noticias\/susan-boyle-revela-que-padece-el-sindrome-de-asperger\/#webpage"},"articleSection":"Sociedad"},{"@type":"BreadcrumbList","@id":"https:\/\/www.eldigitaldeasturias.com\/noticias\/susan-boyle-revela-que-padece-el-sindrome-de-asperger\/#breadcrumblist","itemListElement":[{"@type":"ListItem","@id":"https:\/\/www.eldigitaldeasturias.com\/noticias#listItem","position":1,"name":"Home","item":"https:\/\/www.eldigitaldeasturias.com\/noticias","nextItem":{"@type":"ListItem","@id":"https:\/\/www.eldigitaldeasturias.com\/noticias\/category\/sociedad\/#listItem","name":"Sociedad"}},{"@type":"ListItem","@id":"https:\/\/www.eldigitaldeasturias.com\/noticias\/category\/sociedad\/#listItem","position":2,"name":"Sociedad","item":"https:\/\/www.eldigitaldeasturias.com\/noticias\/category\/sociedad\/","nextItem":{"@type":"ListItem","@id":"https:\/\/www.eldigitaldeasturias.com\/noticias\/susan-boyle-revela-que-padece-el-sindrome-de-asperger\/#listItem","name":"Susan Boyle revela que padece el s\u00edndrome de Asperger"},"previousItem":{"@type":"ListItem","@id":"https:\/\/www.eldigitaldeasturias.com\/noticias#listItem","name":"Home"}},{"@type":"ListItem","@id":"https:\/\/www.eldigitaldeasturias.com\/noticias\/susan-boyle-revela-que-padece-el-sindrome-de-asperger\/#listItem","position":3,"name":"Susan Boyle revela que padece el s\u00edndrome de Asperger","previousItem":{"@type":"ListItem","@id":"https:\/\/www.eldigitaldeasturias.com\/noticias\/category\/sociedad\/#listItem","name":"Sociedad"}}]},{"@type":"Organization","@id":"https:\/\/www.eldigitaldeasturias.com\/noticias\/#organization","name":"El Digital de Asturias","description":"Hemeroteca","url":"https:\/\/www.eldigitaldeasturias.com\/noticias\/","email":"info@eldigitaldeasturias.com","telephone":"+34652131393","logo":{"@type":"ImageObject","url":"https:\/\/www.eldigitaldeasturias.com\/noticias\/wp-content\/uploads\/2020\/12\/EDA.jpg","@id":"https:\/\/www.eldigitaldeasturias.com\/noticias\/susan-boyle-revela-que-padece-el-sindrome-de-asperger\/#organizationLogo"},"image":{"@id":"https:\/\/www.eldigitaldeasturias.com\/noticias\/susan-boyle-revela-que-padece-el-sindrome-de-asperger\/#organizationLogo"},"sameAs":["https:\/\/facebook.com\/eldigitaldeasturias","https:\/\/www.youtube.com\/channel\/UCZP-2wLEB9Rv6erhFmqVnvg"],"address":{"@id":"https:\/\/www.eldigitaldeasturias.com\/noticias\/#postaladdress","@type":"PostalAddress","streetAddress":"san antonio 4","postalCode":"33430","addressLocality":"Cand\u00e1s","addressRegion":"Asturias","addressCountry":"ES"}},{"@type":"Person","@id":"https:\/\/www.eldigitaldeasturias.com\/noticias\/author\/admin\/#author","url":"https:\/\/www.eldigitaldeasturias.com\/noticias\/author\/admin\/","name":"El Digital de Asturias","image":{"@type":"ImageObject","@id":"https:\/\/www.eldigitaldeasturias.com\/noticias\/susan-boyle-revela-que-padece-el-sindrome-de-asperger\/#authorImage","url":"https:\/\/secure.gravatar.com\/avatar\/df2aeffc32bcd13f8d26072ef8a91b623d677766deac7f97ca815868cd41bf5e?s=96&d=mm&r=g","width":96,"height":96,"caption":"El Digital de Asturias"}},{"@type":"WebPage","@id":"https:\/\/www.eldigitaldeasturias.com\/noticias\/susan-boyle-revela-que-padece-el-sindrome-de-asperger\/#webpage","url":"https:\/\/www.eldigitaldeasturias.com\/noticias\/susan-boyle-revela-que-padece-el-sindrome-de-asperger\/","name":"Susan Boyle revela que padece el s\u00edndrome de Asperger - El Digital de Asturias","description":"Londres, 8 dic (EFE).- La cantante escocesa Susan Boyle, que salt\u00f3 a la fama en 2009 tras participar en el programa televisivo de cazatalentos \"Britain's Got Talent\" (Gran Breta\u00f1a tiene talento), ha revelado que padece el s\u00edndrome de Asperger, una forma de autismo. En una entrevista publicada hoy en la p\u00e1gina digital de \"The Observer\",","inLanguage":"es-ES","isPartOf":{"@id":"https:\/\/www.eldigitaldeasturias.com\/noticias\/#website"},"breadcrumb":{"@id":"https:\/\/www.eldigitaldeasturias.com\/noticias\/susan-boyle-revela-que-padece-el-sindrome-de-asperger\/#breadcrumblist"},"author":{"@id":"https:\/\/www.eldigitaldeasturias.com\/noticias\/author\/admin\/#author"},"creator":{"@id":"https:\/\/www.eldigitaldeasturias.com\/noticias\/author\/admin\/#author"},"image":{"@type":"ImageObject","url":459387,"@id":"https:\/\/www.eldigitaldeasturias.com\/noticias\/susan-boyle-revela-que-padece-el-sindrome-de-asperger\/#mainImage"},"primaryImageOfPage":{"@id":"https:\/\/www.eldigitaldeasturias.com\/noticias\/susan-boyle-revela-que-padece-el-sindrome-de-asperger\/#mainImage"},"datePublished":"2013-12-08T21:19:46+01:00","dateModified":"2013-12-08T21:19:46+01:00"},{"@type":"WebSite","@id":"https:\/\/www.eldigitaldeasturias.com\/noticias\/#website","url":"https:\/\/www.eldigitaldeasturias.com\/noticias\/","name":"El Digital de Asturias - Diario de actualidad y noticias","alternateName":"El Digital de Asturias - Diario de actualidad y noticias","description":"Hemeroteca","inLanguage":"es-ES","publisher":{"@id":"https:\/\/www.eldigitaldeasturias.com\/noticias\/#organization"}}]},"og:locale":"es_ES","og:site_name":"El Digital de Asturias","og:type":"article","og:title":"Susan Boyle revela que padece el s\u00edndrome de Asperger - El Digital de Asturias","og:description":"Londres, 8 dic (EFE).- La cantante escocesa Susan Boyle, que salt\u00f3 a la fama en 2009 tras participar en el programa televisivo de cazatalentos &quot;Britain's Got Talent&quot; (Gran Breta\u00f1a tiene talento), ha revelado que padece el s\u00edndrome de Asperger, una forma de autismo. En una entrevista publicada hoy en la p\u00e1gina digital de &quot;The Observer&quot;,","og:url":"https:\/\/www.eldigitaldeasturias.com\/noticias\/susan-boyle-revela-que-padece-el-sindrome-de-asperger\/","article:tag":["sociedad"],"article:published_time":"2013-12-08T22:19:46+00:00","article:modified_time":"2013-12-08T22:19:46+00:00","article:publisher":"https:\/\/facebook.com\/eldigitaldeasturias","twitter:card":"summary_large_image","twitter:title":"Susan Boyle revela que padece el s\u00edndrome de Asperger - El Digital de Asturias","twitter:description":"Londres, 8 dic (EFE).- La cantante escocesa Susan Boyle, que salt\u00f3 a la fama en 2009 tras participar en el programa televisivo de cazatalentos &quot;Britain's Got Talent&quot; (Gran Breta\u00f1a tiene talento), ha revelado que padece el s\u00edndrome de Asperger, una forma de autismo. En una entrevista publicada hoy en la p\u00e1gina digital de &quot;The Observer&quot;,","twitter:label1":"Escrito por","twitter:data1":"El Digital de Asturias","twitter:label2":"Tiempo de lectura estimado","twitter:data2":"2 minutos"},"aioseo_meta_data":{"post_id":"459386","title":null,"description":null,"keywords":null,"keyphrases":null,"primary_term":null,"canonical_url":null,"og_title":null,"og_description":null,"og_object_type":"default","og_image_type":"default","og_image_url":null,"og_image_width":null,"og_image_height":null,"og_image_custom_url":null,"og_image_custom_fields":null,"og_video":null,"og_custom_url":null,"og_article_section":null,"og_article_tags":null,"twitter_use_og":true,"twitter_card":"default","twitter_image_type":"default","twitter_image_url":null,"twitter_image_custom_url":null,"twitter_image_custom_fields":null,"twitter_title":null,"twitter_description":null,"schema":{"blockGraphs":[],"customGraphs":[],"default":{"data":{"Article":[],"Course":[],"Dataset":[],"FAQPage":[],"Movie":[],"Person":[],"Product":[],"ProductReview":[],"Car":[],"Recipe":[],"Service":[],"SoftwareApplication":[],"WebPage":[]},"graphName":"","isEnabled":true},"graphs":[],"defaultGraph":"","defaultPostTypeGraph":""},"schema_type":null,"schema_type_options":null,"pillar_content":false,"robots_default":true,"robots_noindex":false,"robots_noarchive":false,"robots_nosnippet":false,"robots_nofollow":false,"robots_noimageindex":false,"robots_noodp":false,"robots_notranslate":false,"robots_max_snippet":null,"robots_max_videopreview":null,"robots_max_imagepreview":"none","priority":null,"frequency":null,"local_seo":null,"seo_analyzer_scan_date":"2026-05-30 09:08:03","breadcrumb_settings":null,"limit_modified_date":false,"open_ai":null,"ai":null,"created":"2020-11-14 22:47:35","updated":"2026-05-30 09:08:03","focus_keyword":null,"additional_keywords":null,"truseo_locale":null},"aioseo_breadcrumb":"<div class=\"aioseo-breadcrumbs\"><span class=\"aioseo-breadcrumb\">\n\t<a href=\"https:\/\/www.eldigitaldeasturias.com\/noticias\" title=\"Home\">Home<\/a>\n<\/span><span class=\"aioseo-breadcrumb-separator\">\u2013<\/span><span class=\"aioseo-breadcrumb\">\n\t<a href=\"https:\/\/www.eldigitaldeasturias.com\/noticias\/category\/sociedad\/\" title=\"Sociedad\">Sociedad<\/a>\n<\/span><span class=\"aioseo-breadcrumb-separator\">\u2013<\/span><span class=\"aioseo-breadcrumb\">\n\t<a href=\"https:\/\/www.eldigitaldeasturias.com\/noticias\/susan-boyle-revela-que-padece-el-sindrome-de-asperger\/\" title=\"Susan Boyle revela que padece el s\u00edndrome de Asperger\">Susan Boyle revela que padece el s\u00edndrome de Asperger<\/a>\n<\/span><\/div>","aioseo_breadcrumb_json":[{"label":"Home","link":"https:\/\/www.eldigitaldeasturias.com\/noticias"},{"label":"Sociedad","link":"https:\/\/www.eldigitaldeasturias.com\/noticias\/category\/sociedad\/"},{"label":"Susan Boyle revela que padece el s\u00edndrome de Asperger","link":"https:\/\/www.eldigitaldeasturias.com\/noticias\/susan-boyle-revela-que-padece-el-sindrome-de-asperger\/"}],"_links":{"self":[{"href":"https:\/\/www.eldigitaldeasturias.com\/noticias\/wp-json\/wp\/v2\/posts\/459386","targetHints":{"allow":["GET"]}}],"collection":[{"href":"https:\/\/www.eldigitaldeasturias.com\/noticias\/wp-json\/wp\/v2\/posts"}],"about":[{"href":"https:\/\/www.eldigitaldeasturias.com\/noticias\/wp-json\/wp\/v2\/types\/post"}],"author":[{"embeddable":true,"href":"https:\/\/www.eldigitaldeasturias.com\/noticias\/wp-json\/wp\/v2\/users\/1"}],"replies":[{"embeddable":true,"href":"https:\/\/www.eldigitaldeasturias.com\/noticias\/wp-json\/wp\/v2\/comments?post=459386"}],"version-history":[{"count":0,"href":"https:\/\/www.eldigitaldeasturias.com\/noticias\/wp-json\/wp\/v2\/posts\/459386\/revisions"}],"wp:attachment":[{"href":"https:\/\/www.eldigitaldeasturias.com\/noticias\/wp-json\/wp\/v2\/media?parent=459386"}],"wp:term":[{"taxonomy":"category","embeddable":true,"href":"https:\/\/www.eldigitaldeasturias.com\/noticias\/wp-json\/wp\/v2\/categories?post=459386"},{"taxonomy":"post_tag","embeddable":true,"href":"https:\/\/www.eldigitaldeasturias.com\/noticias\/wp-json\/wp\/v2\/tags?post=459386"}],"curies":[{"name":"wp","href":"https:\/\/api.w.org\/{rel}","templated":true}]}}