{"id":459362,"date":"2013-12-08T20:58:16","date_gmt":"2013-12-08T21:58:16","guid":{"rendered":"http:\/\/www.eldigitaldeasturias.com\/noticias\/?p=459362"},"modified":"2013-12-08T20:58:16","modified_gmt":"2013-12-08T21:58:16","slug":"una-edicion-ilustrada-retoma-la-poesia-del-monstruo-en-la-bella-y-la-bestia","status":"publish","type":"post","link":"https:\/\/www.eldigitaldeasturias.com\/noticias\/una-edicion-ilustrada-retoma-la-poesia-del-monstruo-en-la-bella-y-la-bestia\/","title":{"rendered":"Una edici\u00f3n ilustrada retoma la poes\u00eda del monstruo en \u00abLa Bella y la Bestia\u00bb"},"content":{"rendered":"<p><img loading=\"lazy\" decoding=\"async\" class=\"alignleft size-medium wp-image-459363\" alt=\"5779739w\" src=\"https:\/\/www.eldigitaldeasturias.com\/noticias\/wp-content\/uploads\/2013\/12\/5779739w-360x288.jpg\" width=\"360\" height=\"288\" \/>Madrid, 8 dic (EFE).- Sin teteras parlanchinas, candelabros bailarines ni relojes de p\u00e9ndulo cascarrabias. \u00abLa Bella y la Bestia\u00bb regresa en su versi\u00f3n m\u00e1s cl\u00e1sica, tal y como la adapt\u00f3 del cuento popular Jeanne-Marie Leprince de Beaumont, en una nueva edici\u00f3n ilustrada por Nicole Claveloux.<\/p>\n<p>La obra, editada por Libros del Zorro Rojo, presenta una de las traducciones m\u00e1s fieles al original firmada por Gabriel L\u00f3pez Guix. Un libro que aborda con inmensos dibujos la historia de la Bella, quien para salvar la vida de su padre se compromete a vivir en un castillo habitado por la horrenda Bestia, que se enamorar\u00e1 de ella y tratar\u00e1 de conquistarla pese a su fealdad.<\/p>\n<p>Los trazos de Claveloux suponen im\u00e1genes oscuras en las que en ocasiones destaca una luz radiante, en torno al hermoso rostro de Bella; una colecci\u00f3n de dibujos pesadillescos vertebrados en torno a los tenebrosos interiores de la residencia de la l\u00fagubre Bestia que, en palabras del editor Thierry Magnier, \u00abdestacan la poes\u00eda y la crueldad de la historia\u00bb.<\/p>\n<p>Pese a que la primera versi\u00f3n de esta historia vino escrita por Gabrielle-Suzanne Villeneuve en 1740, un texto de m\u00e1s de cien p\u00e1ginas lleno de matices y tramas secundarias, fue Beaumont, una maestra de canto, quien perfeccion\u00f3 la trama hasta convertirla en la f\u00e1bula de amor verdadero que ha persistido hasta nuestros d\u00edas.<\/p>\n<p>La trama incluye los elementos m\u00e1s reconocibles de los cuentos cl\u00e1sicos del primer milenio: hermanas malvadas, maldiciones \u00fanicamente salvables por el amor verdadero y una atm\u00f3sfera fr\u00eda y opresiva, que apuesta por infundir un miedo inicial para que la moraleja final calara mejor en el oyente del relato.<\/p>\n<p>En el caso de \u00abLa Bella y la Bestia\u00bb, tal y como relata Michael Coleman en \u00abLos 10 mejores cuentos de hadas\u00bb, para las primeras personas que escuchaban la historia, \u00aben especial para las muchachas\u00bb, significaba mucho m\u00e1s, porque ve\u00edan en Bella a \u00abla mujer perfecta, hermosa por dentro y por fuera\u00bb, y en la Bestia al \u00abt\u00edpico hombre trag\u00f3n, bebedor, ignorante que eructaba y dec\u00eda palabrotas, al que estaban atadas\u00bb.<\/p>\n<p>El cuento aportaba una cierta esperanza a las vidas de estas mujeres, prosigue el autor, quienes contaban que \u00abcon la bondad y la paciencia podr\u00edan convertir a sus maridos groseros y maleducados en algo parecido a un ser humano\u00bb.<\/p>\n<p>Gracias a la tradici\u00f3n oral, en la gran mayor\u00eda de las versiones del cuento, la Bestia es apenas descrita, de modo que cada uno pueda imaginarse el aspecto del monstruo de la manera m\u00e1s espeluznante posible; si bien los dibujos de Claveloux recogen una bestia con morro de animal salvaje, orejas puntiagudas, piel cubierta de espeso pelo negro y ojos inyectados en fuego.<\/p>\n<p>Pese a todo han sido muchos los que han intentado concretar un aspecto terror\u00edfico est\u00e1ndar y animalesco a la Bestia, que van desde una trompa de elefante a la semblanza de b\u00fafalo con capa suntuosa que caracteriz\u00f3 su adaptaci\u00f3n a la gran pantalla de la mano de Walt Disney.<\/p>\n<p>Si bien el cuento ya hab\u00eda sido llevado al cine anteriormente varias veces, de la mano de prestigiosos directores como el franc\u00e9s Jean Cocteau, la cinta supuso un hito en la historia del cine, hasta el punto de convertirse en el primer filme de animaci\u00f3n nominado a Mejor Pel\u00edcula en los \u00d3scar; un premio que finalmente se llev\u00f3 otro \u00abmonstruo\u00bb, el can\u00edbal Hannibal Lecter.<\/p>\n<p>Sobre esta popular adaptaci\u00f3n cinematogr\u00e1fica, Michael Coleman destaca que, para evitar sustos a los m\u00e1s peque\u00f1os, el trazado final del monstruo result\u00f3 ser \u00abdesafortunadamente\u00bb apuesto; cuando la Bella le daba el beso final y lo convert\u00eda en un pr\u00edncipe humano, \u00ablos ni\u00f1os del p\u00fablico se llevaban una gran decepci\u00f3n, porque prefer\u00edan a la Bestia\u00bb.<\/p>\n<p>Samuel Regueira.<\/p>\n","protected":false},"excerpt":{"rendered":"<p>Madrid, 8 dic (EFE).- Sin teteras parlanchinas, candelabros bailarines ni relojes de p\u00e9ndulo cascarrabias. \u00abLa Bella y la Bestia\u00bb regresa en su versi\u00f3n m\u00e1s cl\u00e1sica, tal y como la adapt\u00f3 del cuento popular Jeanne-Marie Leprince de Beaumont, en una nueva edici\u00f3n ilustrada por Nicole Claveloux. La obra, editada por Libros del Zorro Rojo, presenta una [&hellip;]<\/p>\n","protected":false},"author":1,"featured_media":459363,"comment_status":"closed","ping_status":"open","sticky":false,"template":"","format":"standard","meta":{"footnotes":""},"categories":[50],"tags":[],"class_list":["post-459362","post","type-post","status-publish","format-standard","has-post-thumbnail","hentry","category-revista-de-ocio"],"aioseo_notices":[],"aioseo_head":"\n\t\t<!-- All in One SEO Pro 5.0.1 - aioseo.com -->\n\t<meta name=\"description\" content=\"Madrid, 8 dic (EFE).- Sin teteras parlanchinas, candelabros bailarines ni relojes de p\u00e9ndulo cascarrabias. &quot;La Bella y la Bestia&quot; regresa en su versi\u00f3n m\u00e1s cl\u00e1sica, tal y como la adapt\u00f3 del cuento popular Jeanne-Marie Leprince de Beaumont, en una nueva edici\u00f3n ilustrada por Nicole Claveloux. La obra, editada por Libros del Zorro Rojo, presenta una\" \/>\n\t<meta name=\"robots\" content=\"max-image-preview:large\" \/>\n\t<meta name=\"author\" content=\"El Digital de Asturias\"\/>\n\t<meta name=\"google-site-verification\" content=\"UA-38556648-1\" \/>\n\t<meta name=\"msvalidate.01\" content=\"7dfe9f3f1b24437ab69f4f2559babe99\" \/>\n\t<meta name=\"keywords\" content=\"revista de ocio\" \/>\n\t<link rel=\"canonical\" href=\"https:\/\/www.eldigitaldeasturias.com\/noticias\/una-edicion-ilustrada-retoma-la-poesia-del-monstruo-en-la-bella-y-la-bestia\/\" \/>\n\t<meta name=\"generator\" content=\"All in One SEO Pro (AIOSEO) 5.0.1\" \/>\n\t\t<meta property=\"og:locale\" content=\"es_ES\" \/>\n\t\t<meta property=\"og:site_name\" content=\"El Digital de Asturias\" \/>\n\t\t<meta property=\"og:type\" content=\"article\" \/>\n\t\t<meta property=\"og:title\" content=\"Una edici\u00f3n ilustrada retoma la poes\u00eda del monstruo en \u00abLa Bella y la Bestia\u00bb - El Digital de Asturias\" \/>\n\t\t<meta property=\"og:description\" content=\"Madrid, 8 dic (EFE).- Sin teteras parlanchinas, candelabros bailarines ni relojes de p\u00e9ndulo cascarrabias. &quot;La Bella y la Bestia&quot; regresa en su versi\u00f3n m\u00e1s cl\u00e1sica, tal y como la adapt\u00f3 del cuento popular Jeanne-Marie Leprince de Beaumont, en una nueva edici\u00f3n ilustrada por Nicole Claveloux. La obra, editada por Libros del Zorro Rojo, presenta una\" \/>\n\t\t<meta property=\"og:url\" content=\"https:\/\/www.eldigitaldeasturias.com\/noticias\/una-edicion-ilustrada-retoma-la-poesia-del-monstruo-en-la-bella-y-la-bestia\/\" \/>\n\t\t<meta property=\"article:tag\" content=\"revista de ocio\" \/>\n\t\t<meta property=\"article:published_time\" content=\"2013-12-08T21:58:16+00:00\" \/>\n\t\t<meta property=\"article:modified_time\" content=\"2013-12-08T21:58:16+00:00\" \/>\n\t\t<meta property=\"article:publisher\" content=\"https:\/\/facebook.com\/eldigitaldeasturias\" \/>\n\t\t<meta name=\"twitter:card\" content=\"summary_large_image\" \/>\n\t\t<meta name=\"twitter:title\" content=\"Una edici\u00f3n ilustrada retoma la poes\u00eda del monstruo en \u00abLa Bella y la Bestia\u00bb - El Digital de Asturias\" \/>\n\t\t<meta name=\"twitter:description\" content=\"Madrid, 8 dic (EFE).- Sin teteras parlanchinas, candelabros bailarines ni relojes de p\u00e9ndulo cascarrabias. &quot;La Bella y la Bestia&quot; regresa en su versi\u00f3n m\u00e1s cl\u00e1sica, tal y como la adapt\u00f3 del cuento popular Jeanne-Marie Leprince de Beaumont, en una nueva edici\u00f3n ilustrada por Nicole Claveloux. La obra, editada por Libros del Zorro Rojo, presenta una\" \/>\n\t\t<meta name=\"twitter:label1\" content=\"Escrito por\" \/>\n\t\t<meta name=\"twitter:data1\" content=\"El Digital de Asturias\" \/>\n\t\t<meta name=\"twitter:label2\" content=\"Tiempo de lectura estimado\" \/>\n\t\t<meta name=\"twitter:data2\" content=\"3 minutos\" \/>\n\t\t<script type=\"application\/ld+json\" class=\"aioseo-schema\">\n\t\t\t{\"@context\":\"https:\\\/\\\/schema.org\",\"@graph\":[{\"@type\":\"BlogPosting\",\"@id\":\"https:\\\/\\\/www.eldigitaldeasturias.com\\\/noticias\\\/una-edicion-ilustrada-retoma-la-poesia-del-monstruo-en-la-bella-y-la-bestia\\\/#blogposting\",\"name\":\"Una edici\\u00f3n ilustrada retoma la poes\\u00eda del monstruo en \\u00abLa Bella y la Bestia\\u00bb - El Digital de Asturias\",\"headline\":\"Una edici\\u00f3n ilustrada retoma la poes\\u00eda del monstruo en \\u00abLa Bella y la Bestia\\u00bb\",\"author\":{\"@id\":\"https:\\\/\\\/www.eldigitaldeasturias.com\\\/noticias\\\/author\\\/admin\\\/#author\"},\"publisher\":{\"@id\":\"https:\\\/\\\/www.eldigitaldeasturias.com\\\/noticias\\\/#organization\"},\"image\":{\"@type\":\"ImageObject\",\"url\":459363},\"datePublished\":\"2013-12-08T20:58:16+01:00\",\"dateModified\":\"2013-12-08T20:58:16+01:00\",\"inLanguage\":\"es-ES\",\"mainEntityOfPage\":{\"@id\":\"https:\\\/\\\/www.eldigitaldeasturias.com\\\/noticias\\\/una-edicion-ilustrada-retoma-la-poesia-del-monstruo-en-la-bella-y-la-bestia\\\/#webpage\"},\"isPartOf\":{\"@id\":\"https:\\\/\\\/www.eldigitaldeasturias.com\\\/noticias\\\/una-edicion-ilustrada-retoma-la-poesia-del-monstruo-en-la-bella-y-la-bestia\\\/#webpage\"},\"articleSection\":\"Revista de Ocio\"},{\"@type\":\"BreadcrumbList\",\"@id\":\"https:\\\/\\\/www.eldigitaldeasturias.com\\\/noticias\\\/una-edicion-ilustrada-retoma-la-poesia-del-monstruo-en-la-bella-y-la-bestia\\\/#breadcrumblist\",\"itemListElement\":[{\"@type\":\"ListItem\",\"@id\":\"https:\\\/\\\/www.eldigitaldeasturias.com\\\/noticias#listItem\",\"position\":1,\"name\":\"Home\",\"item\":\"https:\\\/\\\/www.eldigitaldeasturias.com\\\/noticias\",\"nextItem\":{\"@type\":\"ListItem\",\"@id\":\"https:\\\/\\\/www.eldigitaldeasturias.com\\\/noticias\\\/category\\\/revista-de-ocio\\\/#listItem\",\"name\":\"Revista de Ocio\"}},{\"@type\":\"ListItem\",\"@id\":\"https:\\\/\\\/www.eldigitaldeasturias.com\\\/noticias\\\/category\\\/revista-de-ocio\\\/#listItem\",\"position\":2,\"name\":\"Revista de Ocio\",\"item\":\"https:\\\/\\\/www.eldigitaldeasturias.com\\\/noticias\\\/category\\\/revista-de-ocio\\\/\",\"nextItem\":{\"@type\":\"ListItem\",\"@id\":\"https:\\\/\\\/www.eldigitaldeasturias.com\\\/noticias\\\/una-edicion-ilustrada-retoma-la-poesia-del-monstruo-en-la-bella-y-la-bestia\\\/#listItem\",\"name\":\"Una edici\\u00f3n ilustrada retoma la poes\\u00eda del monstruo en \\u00abLa Bella y la Bestia\\u00bb\"},\"previousItem\":{\"@type\":\"ListItem\",\"@id\":\"https:\\\/\\\/www.eldigitaldeasturias.com\\\/noticias#listItem\",\"name\":\"Home\"}},{\"@type\":\"ListItem\",\"@id\":\"https:\\\/\\\/www.eldigitaldeasturias.com\\\/noticias\\\/una-edicion-ilustrada-retoma-la-poesia-del-monstruo-en-la-bella-y-la-bestia\\\/#listItem\",\"position\":3,\"name\":\"Una edici\\u00f3n ilustrada retoma la poes\\u00eda del monstruo en \\u00abLa Bella y la Bestia\\u00bb\",\"previousItem\":{\"@type\":\"ListItem\",\"@id\":\"https:\\\/\\\/www.eldigitaldeasturias.com\\\/noticias\\\/category\\\/revista-de-ocio\\\/#listItem\",\"name\":\"Revista de Ocio\"}}]},{\"@type\":\"Organization\",\"@id\":\"https:\\\/\\\/www.eldigitaldeasturias.com\\\/noticias\\\/#organization\",\"name\":\"El Digital de Asturias\",\"description\":\"Hemeroteca\",\"url\":\"https:\\\/\\\/www.eldigitaldeasturias.com\\\/noticias\\\/\",\"email\":\"info@eldigitaldeasturias.com\",\"telephone\":\"+34652131393\",\"logo\":{\"@type\":\"ImageObject\",\"url\":\"https:\\\/\\\/www.eldigitaldeasturias.com\\\/noticias\\\/wp-content\\\/uploads\\\/2020\\\/12\\\/EDA.jpg\",\"@id\":\"https:\\\/\\\/www.eldigitaldeasturias.com\\\/noticias\\\/una-edicion-ilustrada-retoma-la-poesia-del-monstruo-en-la-bella-y-la-bestia\\\/#organizationLogo\"},\"image\":{\"@id\":\"https:\\\/\\\/www.eldigitaldeasturias.com\\\/noticias\\\/una-edicion-ilustrada-retoma-la-poesia-del-monstruo-en-la-bella-y-la-bestia\\\/#organizationLogo\"},\"sameAs\":[\"https:\\\/\\\/facebook.com\\\/eldigitaldeasturias\",\"https:\\\/\\\/www.youtube.com\\\/channel\\\/UCZP-2wLEB9Rv6erhFmqVnvg\"],\"address\":{\"@id\":\"https:\\\/\\\/www.eldigitaldeasturias.com\\\/noticias\\\/#postaladdress\",\"@type\":\"PostalAddress\",\"streetAddress\":\"san antonio 4\",\"postalCode\":\"33430\",\"addressLocality\":\"Cand\\u00e1s\",\"addressRegion\":\"Asturias\",\"addressCountry\":\"ES\"}},{\"@type\":\"Person\",\"@id\":\"https:\\\/\\\/www.eldigitaldeasturias.com\\\/noticias\\\/author\\\/admin\\\/#author\",\"url\":\"https:\\\/\\\/www.eldigitaldeasturias.com\\\/noticias\\\/author\\\/admin\\\/\",\"name\":\"El Digital de Asturias\",\"image\":{\"@type\":\"ImageObject\",\"@id\":\"https:\\\/\\\/www.eldigitaldeasturias.com\\\/noticias\\\/una-edicion-ilustrada-retoma-la-poesia-del-monstruo-en-la-bella-y-la-bestia\\\/#authorImage\",\"url\":\"https:\\\/\\\/secure.gravatar.com\\\/avatar\\\/df2aeffc32bcd13f8d26072ef8a91b623d677766deac7f97ca815868cd41bf5e?s=96&d=mm&r=g\",\"width\":96,\"height\":96,\"caption\":\"El Digital de Asturias\"}},{\"@type\":\"WebPage\",\"@id\":\"https:\\\/\\\/www.eldigitaldeasturias.com\\\/noticias\\\/una-edicion-ilustrada-retoma-la-poesia-del-monstruo-en-la-bella-y-la-bestia\\\/#webpage\",\"url\":\"https:\\\/\\\/www.eldigitaldeasturias.com\\\/noticias\\\/una-edicion-ilustrada-retoma-la-poesia-del-monstruo-en-la-bella-y-la-bestia\\\/\",\"name\":\"Una edici\\u00f3n ilustrada retoma la poes\\u00eda del monstruo en \\u00abLa Bella y la Bestia\\u00bb - El Digital de Asturias\",\"description\":\"Madrid, 8 dic (EFE).- Sin teteras parlanchinas, candelabros bailarines ni relojes de p\\u00e9ndulo cascarrabias. \\\"La Bella y la Bestia\\\" regresa en su versi\\u00f3n m\\u00e1s cl\\u00e1sica, tal y como la adapt\\u00f3 del cuento popular Jeanne-Marie Leprince de Beaumont, en una nueva edici\\u00f3n ilustrada por Nicole Claveloux. La obra, editada por Libros del Zorro Rojo, presenta una\",\"inLanguage\":\"es-ES\",\"isPartOf\":{\"@id\":\"https:\\\/\\\/www.eldigitaldeasturias.com\\\/noticias\\\/#website\"},\"breadcrumb\":{\"@id\":\"https:\\\/\\\/www.eldigitaldeasturias.com\\\/noticias\\\/una-edicion-ilustrada-retoma-la-poesia-del-monstruo-en-la-bella-y-la-bestia\\\/#breadcrumblist\"},\"author\":{\"@id\":\"https:\\\/\\\/www.eldigitaldeasturias.com\\\/noticias\\\/author\\\/admin\\\/#author\"},\"creator\":{\"@id\":\"https:\\\/\\\/www.eldigitaldeasturias.com\\\/noticias\\\/author\\\/admin\\\/#author\"},\"image\":{\"@type\":\"ImageObject\",\"url\":459363,\"@id\":\"https:\\\/\\\/www.eldigitaldeasturias.com\\\/noticias\\\/una-edicion-ilustrada-retoma-la-poesia-del-monstruo-en-la-bella-y-la-bestia\\\/#mainImage\"},\"primaryImageOfPage\":{\"@id\":\"https:\\\/\\\/www.eldigitaldeasturias.com\\\/noticias\\\/una-edicion-ilustrada-retoma-la-poesia-del-monstruo-en-la-bella-y-la-bestia\\\/#mainImage\"},\"datePublished\":\"2013-12-08T20:58:16+01:00\",\"dateModified\":\"2013-12-08T20:58:16+01:00\"},{\"@type\":\"WebSite\",\"@id\":\"https:\\\/\\\/www.eldigitaldeasturias.com\\\/noticias\\\/#website\",\"url\":\"https:\\\/\\\/www.eldigitaldeasturias.com\\\/noticias\\\/\",\"name\":\"El Digital de Asturias - Diario de actualidad y noticias\",\"alternateName\":\"El Digital de Asturias - Diario de actualidad y noticias\",\"description\":\"Hemeroteca\",\"inLanguage\":\"es-ES\",\"publisher\":{\"@id\":\"https:\\\/\\\/www.eldigitaldeasturias.com\\\/noticias\\\/#organization\"}}]}\n\t\t<\/script>\n\t\t<!-- All in One SEO Pro -->\r\n\t\t<title>Una edici\u00f3n ilustrada retoma la poes\u00eda del monstruo en \u00abLa Bella y la Bestia\u00bb - El Digital de Asturias<\/title>\n\n","aioseo_head_json":{"title":"Una edici\u00f3n ilustrada retoma la poes\u00eda del monstruo en \u00abLa Bella y la Bestia\u00bb - El Digital de Asturias","description":"Madrid, 8 dic (EFE).- Sin teteras parlanchinas, candelabros bailarines ni relojes de p\u00e9ndulo cascarrabias. \"La Bella y la Bestia\" regresa en su versi\u00f3n m\u00e1s cl\u00e1sica, tal y como la adapt\u00f3 del cuento popular Jeanne-Marie Leprince de Beaumont, en una nueva edici\u00f3n ilustrada por Nicole Claveloux. La obra, editada por Libros del Zorro Rojo, presenta una","canonical_url":"https:\/\/www.eldigitaldeasturias.com\/noticias\/una-edicion-ilustrada-retoma-la-poesia-del-monstruo-en-la-bella-y-la-bestia\/","robots":"max-image-preview:large","keywords":"revista de ocio","webmasterTools":{"google-site-verification":"UA-38556648-1","msvalidate.01":"7dfe9f3f1b24437ab69f4f2559babe99","miscellaneous":""},"schema":{"@context":"https:\/\/schema.org","@graph":[{"@type":"BlogPosting","@id":"https:\/\/www.eldigitaldeasturias.com\/noticias\/una-edicion-ilustrada-retoma-la-poesia-del-monstruo-en-la-bella-y-la-bestia\/#blogposting","name":"Una edici\u00f3n ilustrada retoma la poes\u00eda del monstruo en \u00abLa Bella y la Bestia\u00bb - El Digital de Asturias","headline":"Una edici\u00f3n ilustrada retoma la poes\u00eda del monstruo en \u00abLa Bella y la Bestia\u00bb","author":{"@id":"https:\/\/www.eldigitaldeasturias.com\/noticias\/author\/admin\/#author"},"publisher":{"@id":"https:\/\/www.eldigitaldeasturias.com\/noticias\/#organization"},"image":{"@type":"ImageObject","url":459363},"datePublished":"2013-12-08T20:58:16+01:00","dateModified":"2013-12-08T20:58:16+01:00","inLanguage":"es-ES","mainEntityOfPage":{"@id":"https:\/\/www.eldigitaldeasturias.com\/noticias\/una-edicion-ilustrada-retoma-la-poesia-del-monstruo-en-la-bella-y-la-bestia\/#webpage"},"isPartOf":{"@id":"https:\/\/www.eldigitaldeasturias.com\/noticias\/una-edicion-ilustrada-retoma-la-poesia-del-monstruo-en-la-bella-y-la-bestia\/#webpage"},"articleSection":"Revista de Ocio"},{"@type":"BreadcrumbList","@id":"https:\/\/www.eldigitaldeasturias.com\/noticias\/una-edicion-ilustrada-retoma-la-poesia-del-monstruo-en-la-bella-y-la-bestia\/#breadcrumblist","itemListElement":[{"@type":"ListItem","@id":"https:\/\/www.eldigitaldeasturias.com\/noticias#listItem","position":1,"name":"Home","item":"https:\/\/www.eldigitaldeasturias.com\/noticias","nextItem":{"@type":"ListItem","@id":"https:\/\/www.eldigitaldeasturias.com\/noticias\/category\/revista-de-ocio\/#listItem","name":"Revista de Ocio"}},{"@type":"ListItem","@id":"https:\/\/www.eldigitaldeasturias.com\/noticias\/category\/revista-de-ocio\/#listItem","position":2,"name":"Revista de Ocio","item":"https:\/\/www.eldigitaldeasturias.com\/noticias\/category\/revista-de-ocio\/","nextItem":{"@type":"ListItem","@id":"https:\/\/www.eldigitaldeasturias.com\/noticias\/una-edicion-ilustrada-retoma-la-poesia-del-monstruo-en-la-bella-y-la-bestia\/#listItem","name":"Una edici\u00f3n ilustrada retoma la poes\u00eda del monstruo en \u00abLa Bella y la Bestia\u00bb"},"previousItem":{"@type":"ListItem","@id":"https:\/\/www.eldigitaldeasturias.com\/noticias#listItem","name":"Home"}},{"@type":"ListItem","@id":"https:\/\/www.eldigitaldeasturias.com\/noticias\/una-edicion-ilustrada-retoma-la-poesia-del-monstruo-en-la-bella-y-la-bestia\/#listItem","position":3,"name":"Una edici\u00f3n ilustrada retoma la poes\u00eda del monstruo en \u00abLa Bella y la Bestia\u00bb","previousItem":{"@type":"ListItem","@id":"https:\/\/www.eldigitaldeasturias.com\/noticias\/category\/revista-de-ocio\/#listItem","name":"Revista de Ocio"}}]},{"@type":"Organization","@id":"https:\/\/www.eldigitaldeasturias.com\/noticias\/#organization","name":"El Digital de Asturias","description":"Hemeroteca","url":"https:\/\/www.eldigitaldeasturias.com\/noticias\/","email":"info@eldigitaldeasturias.com","telephone":"+34652131393","logo":{"@type":"ImageObject","url":"https:\/\/www.eldigitaldeasturias.com\/noticias\/wp-content\/uploads\/2020\/12\/EDA.jpg","@id":"https:\/\/www.eldigitaldeasturias.com\/noticias\/una-edicion-ilustrada-retoma-la-poesia-del-monstruo-en-la-bella-y-la-bestia\/#organizationLogo"},"image":{"@id":"https:\/\/www.eldigitaldeasturias.com\/noticias\/una-edicion-ilustrada-retoma-la-poesia-del-monstruo-en-la-bella-y-la-bestia\/#organizationLogo"},"sameAs":["https:\/\/facebook.com\/eldigitaldeasturias","https:\/\/www.youtube.com\/channel\/UCZP-2wLEB9Rv6erhFmqVnvg"],"address":{"@id":"https:\/\/www.eldigitaldeasturias.com\/noticias\/#postaladdress","@type":"PostalAddress","streetAddress":"san antonio 4","postalCode":"33430","addressLocality":"Cand\u00e1s","addressRegion":"Asturias","addressCountry":"ES"}},{"@type":"Person","@id":"https:\/\/www.eldigitaldeasturias.com\/noticias\/author\/admin\/#author","url":"https:\/\/www.eldigitaldeasturias.com\/noticias\/author\/admin\/","name":"El Digital de Asturias","image":{"@type":"ImageObject","@id":"https:\/\/www.eldigitaldeasturias.com\/noticias\/una-edicion-ilustrada-retoma-la-poesia-del-monstruo-en-la-bella-y-la-bestia\/#authorImage","url":"https:\/\/secure.gravatar.com\/avatar\/df2aeffc32bcd13f8d26072ef8a91b623d677766deac7f97ca815868cd41bf5e?s=96&d=mm&r=g","width":96,"height":96,"caption":"El Digital de Asturias"}},{"@type":"WebPage","@id":"https:\/\/www.eldigitaldeasturias.com\/noticias\/una-edicion-ilustrada-retoma-la-poesia-del-monstruo-en-la-bella-y-la-bestia\/#webpage","url":"https:\/\/www.eldigitaldeasturias.com\/noticias\/una-edicion-ilustrada-retoma-la-poesia-del-monstruo-en-la-bella-y-la-bestia\/","name":"Una edici\u00f3n ilustrada retoma la poes\u00eda del monstruo en \u00abLa Bella y la Bestia\u00bb - El Digital de Asturias","description":"Madrid, 8 dic (EFE).- Sin teteras parlanchinas, candelabros bailarines ni relojes de p\u00e9ndulo cascarrabias. \"La Bella y la Bestia\" regresa en su versi\u00f3n m\u00e1s cl\u00e1sica, tal y como la adapt\u00f3 del cuento popular Jeanne-Marie Leprince de Beaumont, en una nueva edici\u00f3n ilustrada por Nicole Claveloux. La obra, editada por Libros del Zorro Rojo, presenta una","inLanguage":"es-ES","isPartOf":{"@id":"https:\/\/www.eldigitaldeasturias.com\/noticias\/#website"},"breadcrumb":{"@id":"https:\/\/www.eldigitaldeasturias.com\/noticias\/una-edicion-ilustrada-retoma-la-poesia-del-monstruo-en-la-bella-y-la-bestia\/#breadcrumblist"},"author":{"@id":"https:\/\/www.eldigitaldeasturias.com\/noticias\/author\/admin\/#author"},"creator":{"@id":"https:\/\/www.eldigitaldeasturias.com\/noticias\/author\/admin\/#author"},"image":{"@type":"ImageObject","url":459363,"@id":"https:\/\/www.eldigitaldeasturias.com\/noticias\/una-edicion-ilustrada-retoma-la-poesia-del-monstruo-en-la-bella-y-la-bestia\/#mainImage"},"primaryImageOfPage":{"@id":"https:\/\/www.eldigitaldeasturias.com\/noticias\/una-edicion-ilustrada-retoma-la-poesia-del-monstruo-en-la-bella-y-la-bestia\/#mainImage"},"datePublished":"2013-12-08T20:58:16+01:00","dateModified":"2013-12-08T20:58:16+01:00"},{"@type":"WebSite","@id":"https:\/\/www.eldigitaldeasturias.com\/noticias\/#website","url":"https:\/\/www.eldigitaldeasturias.com\/noticias\/","name":"El Digital de Asturias - Diario de actualidad y noticias","alternateName":"El Digital de Asturias - Diario de actualidad y noticias","description":"Hemeroteca","inLanguage":"es-ES","publisher":{"@id":"https:\/\/www.eldigitaldeasturias.com\/noticias\/#organization"}}]},"og:locale":"es_ES","og:site_name":"El Digital de Asturias","og:type":"article","og:title":"Una edici\u00f3n ilustrada retoma la poes\u00eda del monstruo en \u00abLa Bella y la Bestia\u00bb - El Digital de Asturias","og:description":"Madrid, 8 dic (EFE).- Sin teteras parlanchinas, candelabros bailarines ni relojes de p\u00e9ndulo cascarrabias. &quot;La Bella y la Bestia&quot; regresa en su versi\u00f3n m\u00e1s cl\u00e1sica, tal y como la adapt\u00f3 del cuento popular Jeanne-Marie Leprince de Beaumont, en una nueva edici\u00f3n ilustrada por Nicole Claveloux. La obra, editada por Libros del Zorro Rojo, presenta una","og:url":"https:\/\/www.eldigitaldeasturias.com\/noticias\/una-edicion-ilustrada-retoma-la-poesia-del-monstruo-en-la-bella-y-la-bestia\/","article:tag":["revista de ocio"],"article:published_time":"2013-12-08T21:58:16+00:00","article:modified_time":"2013-12-08T21:58:16+00:00","article:publisher":"https:\/\/facebook.com\/eldigitaldeasturias","twitter:card":"summary_large_image","twitter:title":"Una edici\u00f3n ilustrada retoma la poes\u00eda del monstruo en \u00abLa Bella y la Bestia\u00bb - El Digital de Asturias","twitter:description":"Madrid, 8 dic (EFE).- Sin teteras parlanchinas, candelabros bailarines ni relojes de p\u00e9ndulo cascarrabias. &quot;La Bella y la Bestia&quot; regresa en su versi\u00f3n m\u00e1s cl\u00e1sica, tal y como la adapt\u00f3 del cuento popular Jeanne-Marie Leprince de Beaumont, en una nueva edici\u00f3n ilustrada por Nicole Claveloux. La obra, editada por Libros del Zorro Rojo, presenta una","twitter:label1":"Escrito por","twitter:data1":"El Digital de Asturias","twitter:label2":"Tiempo de lectura estimado","twitter:data2":"3 minutos"},"aioseo_meta_data":{"post_id":"459362","title":null,"description":null,"keywords":null,"keyphrases":null,"primary_term":null,"canonical_url":null,"og_title":null,"og_description":null,"og_object_type":"default","og_image_type":"default","og_image_url":null,"og_image_width":null,"og_image_height":null,"og_image_custom_url":null,"og_image_custom_fields":null,"og_video":null,"og_custom_url":null,"og_article_section":null,"og_article_tags":null,"twitter_use_og":true,"twitter_card":"default","twitter_image_type":"default","twitter_image_url":null,"twitter_image_custom_url":null,"twitter_image_custom_fields":null,"twitter_title":null,"twitter_description":null,"schema":{"blockGraphs":[],"customGraphs":[],"default":{"data":{"Article":[],"Course":[],"Dataset":[],"FAQPage":[],"Movie":[],"Person":[],"Product":[],"ProductReview":[],"Car":[],"Recipe":[],"Service":[],"SoftwareApplication":[],"WebPage":[]},"graphName":"","isEnabled":true},"graphs":[],"defaultGraph":"","defaultPostTypeGraph":""},"schema_type":null,"schema_type_options":null,"pillar_content":false,"robots_default":true,"robots_noindex":false,"robots_noarchive":false,"robots_nosnippet":false,"robots_nofollow":false,"robots_noimageindex":false,"robots_noodp":false,"robots_notranslate":false,"robots_max_snippet":null,"robots_max_videopreview":null,"robots_max_imagepreview":"none","priority":null,"frequency":null,"local_seo":null,"seo_analyzer_scan_date":"2026-05-30 09:04:11","breadcrumb_settings":null,"limit_modified_date":false,"open_ai":null,"ai":null,"created":"2020-11-14 22:47:35","updated":"2026-05-30 09:04:11","focus_keyword":null,"additional_keywords":null,"truseo_locale":null},"aioseo_breadcrumb":"<div class=\"aioseo-breadcrumbs\"><span class=\"aioseo-breadcrumb\">\n\t<a href=\"https:\/\/www.eldigitaldeasturias.com\/noticias\" title=\"Home\">Home<\/a>\n<\/span><span class=\"aioseo-breadcrumb-separator\">\u2013<\/span><span class=\"aioseo-breadcrumb\">\n\t<a href=\"https:\/\/www.eldigitaldeasturias.com\/noticias\/category\/revista-de-ocio\/\" title=\"Revista de Ocio\">Revista de Ocio<\/a>\n<\/span><span class=\"aioseo-breadcrumb-separator\">\u2013<\/span><span class=\"aioseo-breadcrumb\">\n\t<a href=\"https:\/\/www.eldigitaldeasturias.com\/noticias\/una-edicion-ilustrada-retoma-la-poesia-del-monstruo-en-la-bella-y-la-bestia\/\" title=\"Una edici\u00f3n ilustrada retoma la poes\u00eda del monstruo en \u00abLa Bella y la Bestia\u00bb\">Una edici\u00f3n ilustrada retoma la poes\u00eda del monstruo en \u00abLa Bella y la Bestia\u00bb<\/a>\n<\/span><\/div>","aioseo_breadcrumb_json":[{"label":"Home","link":"https:\/\/www.eldigitaldeasturias.com\/noticias"},{"label":"Revista de Ocio","link":"https:\/\/www.eldigitaldeasturias.com\/noticias\/category\/revista-de-ocio\/"},{"label":"Una edici\u00f3n ilustrada retoma la poes\u00eda del monstruo en \u00abLa Bella y la Bestia\u00bb","link":"https:\/\/www.eldigitaldeasturias.com\/noticias\/una-edicion-ilustrada-retoma-la-poesia-del-monstruo-en-la-bella-y-la-bestia\/"}],"_links":{"self":[{"href":"https:\/\/www.eldigitaldeasturias.com\/noticias\/wp-json\/wp\/v2\/posts\/459362","targetHints":{"allow":["GET"]}}],"collection":[{"href":"https:\/\/www.eldigitaldeasturias.com\/noticias\/wp-json\/wp\/v2\/posts"}],"about":[{"href":"https:\/\/www.eldigitaldeasturias.com\/noticias\/wp-json\/wp\/v2\/types\/post"}],"author":[{"embeddable":true,"href":"https:\/\/www.eldigitaldeasturias.com\/noticias\/wp-json\/wp\/v2\/users\/1"}],"replies":[{"embeddable":true,"href":"https:\/\/www.eldigitaldeasturias.com\/noticias\/wp-json\/wp\/v2\/comments?post=459362"}],"version-history":[{"count":0,"href":"https:\/\/www.eldigitaldeasturias.com\/noticias\/wp-json\/wp\/v2\/posts\/459362\/revisions"}],"wp:attachment":[{"href":"https:\/\/www.eldigitaldeasturias.com\/noticias\/wp-json\/wp\/v2\/media?parent=459362"}],"wp:term":[{"taxonomy":"category","embeddable":true,"href":"https:\/\/www.eldigitaldeasturias.com\/noticias\/wp-json\/wp\/v2\/categories?post=459362"},{"taxonomy":"post_tag","embeddable":true,"href":"https:\/\/www.eldigitaldeasturias.com\/noticias\/wp-json\/wp\/v2\/tags?post=459362"}],"curies":[{"name":"wp","href":"https:\/\/api.w.org\/{rel}","templated":true}]}}