{"id":459356,"date":"2013-12-08T20:54:52","date_gmt":"2013-12-08T21:54:52","guid":{"rendered":"http:\/\/www.eldigitaldeasturias.com\/noticias\/?p=459356"},"modified":"2013-12-08T20:54:52","modified_gmt":"2013-12-08T21:54:52","slug":"el-brillo-de-las-joyas-ilumina-el-museo-del-traje","status":"publish","type":"post","link":"https:\/\/www.eldigitaldeasturias.com\/noticias\/el-brillo-de-las-joyas-ilumina-el-museo-del-traje\/","title":{"rendered":"El brillo de las joyas ilumina el Museo del Traje"},"content":{"rendered":"<p><img loading=\"lazy\" decoding=\"async\" class=\"alignleft size-medium wp-image-459357\" alt=\"5779738w\" src=\"https:\/\/www.eldigitaldeasturias.com\/noticias\/wp-content\/uploads\/2013\/12\/5779738w-360x247.jpg\" width=\"360\" height=\"247\" \/>Madrid, 8 dic (EFE).- El Museo del Traje abre al p\u00fablico su colecci\u00f3n de joyas con \u00abVestir las joyas: Modas y modelos\u00bb, una muestra que narra hasta el 30 de marzo de 2014 distintas etapas de la historia a trav\u00e9s de pendientes, collares, pulseras, botones, alfileres, broches y un sinf\u00edn de valiosas joyas.<\/p>\n<p>\u00abUna joya indica muchas cosas m\u00e1s all\u00e1 de su valor econ\u00f3mico\u00bb, explica a Efe Estilo la comisaria de la muestra, Mar\u00eda Antonia Herrad\u00f3n.<\/p>\n<p>Esta apasionada de la historia de las joyer\u00eda se encarga de la conservaci\u00f3n de la colecci\u00f3n de joyas del Museo del Traje, una de las m\u00e1s \u00absingulares y ricas\u00bb de Espa\u00f1a, que comenz\u00f3 a crearse antes de 1934 y que supera las 4.000 piezas.<\/p>\n<p>Su intenci\u00f3n ha sido abordar \u00abla dicotom\u00eda entre joyer\u00eda culta\u00bb, o de alto valor econ\u00f3mico, y \u00abla tradicional, o asociada al traje popular, que hasta ahora ha permanecido en la oscuridad\u00bb, explica.<\/p>\n<p>Una joya, a\u00f1ade, puede tener muchas implicaciones, no solo es una \u00abmuestra de poder\u00edo\u00bb y de capacidad econ\u00f3mica, sino tambi\u00e9n una manera de \u00absignificarse\u00bb y de decir \u00ab\u00a1Aqu\u00ed estoy yo!\u00bb.<\/p>\n<p>Entre otros cap\u00edtulos hist\u00f3ricos de los que \u00abhablan\u00bb estas joyas se encuentran, por ejemplo, los botones hechos con reales que forman parte del chaleco de numerosos trajes regionales espa\u00f1oles.<\/p>\n<p>Una curiosidad que cuenta a trav\u00e9s del tiempo c\u00f3mo la vestimenta masculina \u00abse hizo m\u00e1s sobria\u00bb en el siglo XIXz, por lo que este tipo de adornos qued\u00f3 relegado al excepcional traje regional, y tambi\u00e9n relata el paso del real de plata en pos de la joven peseta.<\/p>\n<p>A partir del siglo XIX tambi\u00e9n es cuando las joyas de filigrana hecha en plata se pintan en dorado, una t\u00e9cnica que demuestra \u00abla importancia de la apariencia\u00bb en una sociedad sumida en la verg\u00fcenza internacional tras perder todas sus colonias, argumenta Herrad\u00f3n se\u00f1alando un abanico de filigrana dorada perteneciente a la Reina Vitoria Eugenia, hecho en China.<\/p>\n<p>Las piezas de joyer\u00eda tambi\u00e9n hablan del siglo de las luces, una \u00e9poca de grandes revoluciones, que se reflej\u00f3 en el brillo fulgurante de piedras preciosas y otras t\u00e9cnicas: \u00abComienzan a llegar los diamantes de las Indias, y aparecen las primeras imitaciones como el &#8216;strass&#8217;, una novedosa t\u00e9cnica de talla de cristal, y tambi\u00e9n el acero pulido y los espejos cortados\u00bb, detalla.<\/p>\n<p>A este apartado pertenecen piezas como una peineta hecha con apliques de acero pulido, que solo se aprecian de cerca, y que es la pieza preferida de la seleccionada por la comisaria.<\/p>\n<p>Ya entrado el siglo XIX, la eclosi\u00f3n de modas y t\u00e9cnicas del universo de la joyer\u00eda reflejan el descubrimiento de los nuevos m\u00e9todos industriales, que estandarizan la producci\u00f3n, incorporan materiales y popularizan los objetos de valor como son las joyas.<\/p>\n<p>\u00abEl pendiente es de las joyas que m\u00e1s fantas\u00eda ha desarrollado\u00bb, argumenta la conservadora ante un complemento que ha ido cambiando con la moda de los peinados y escotes.<\/p>\n<p>El \u00faltimo apartado de la muestra est\u00e1 dedicado a la belleza de este tipo de art\u00edculos, y que quiere hacer reflexionar sobre \u00ablos par\u00e1metros que delimitan lo que llamamos belleza\u00bb.<\/p>\n<p>En esta vitrina se comparar collares similares y que responde a distintas \u00e9pocas y estilos como un collar de vidrio visigodo con unos pendientes junto a un exquisito collar de Dior y un par de pendientes de Yves Sanit Laurent, o un moderno collar de oro del traje regional de Menorca en comparaci\u00f3n con otro de metal de una artista contempor\u00e1nea alemana.<\/p>\n","protected":false},"excerpt":{"rendered":"<p>Madrid, 8 dic (EFE).- El Museo del Traje abre al p\u00fablico su colecci\u00f3n de joyas con \u00abVestir las joyas: Modas y modelos\u00bb, una muestra que narra hasta el 30 de marzo de 2014 distintas etapas de la historia a trav\u00e9s de pendientes, collares, pulseras, botones, alfileres, broches y un sinf\u00edn de valiosas joyas. \u00abUna joya [&hellip;]<\/p>\n","protected":false},"author":1,"featured_media":459357,"comment_status":"closed","ping_status":"open","sticky":false,"template":"","format":"standard","meta":{"footnotes":""},"categories":[50],"tags":[],"class_list":["post-459356","post","type-post","status-publish","format-standard","has-post-thumbnail","hentry","category-revista-de-ocio"],"aioseo_notices":[],"aioseo_head":"\n\t\t<!-- All in One SEO Pro 5.0.1 - aioseo.com -->\n\t<meta name=\"description\" content=\"Madrid, 8 dic (EFE).- El Museo del Traje abre al p\u00fablico su colecci\u00f3n de joyas con &quot;Vestir las joyas: Modas y modelos&quot;, una muestra que narra hasta el 30 de marzo de 2014 distintas etapas de la historia a trav\u00e9s de pendientes, collares, pulseras, botones, alfileres, broches y un sinf\u00edn de valiosas joyas. &quot;Una joya\" \/>\n\t<meta name=\"robots\" content=\"max-image-preview:large\" \/>\n\t<meta name=\"author\" content=\"El Digital de Asturias\"\/>\n\t<meta name=\"google-site-verification\" content=\"UA-38556648-1\" \/>\n\t<meta name=\"msvalidate.01\" content=\"7dfe9f3f1b24437ab69f4f2559babe99\" \/>\n\t<meta name=\"keywords\" content=\"revista de ocio\" \/>\n\t<link rel=\"canonical\" href=\"https:\/\/www.eldigitaldeasturias.com\/noticias\/el-brillo-de-las-joyas-ilumina-el-museo-del-traje\/\" \/>\n\t<meta name=\"generator\" content=\"All in One SEO Pro (AIOSEO) 5.0.1\" \/>\n\t\t<meta property=\"og:locale\" content=\"es_ES\" \/>\n\t\t<meta property=\"og:site_name\" content=\"El Digital de Asturias\" \/>\n\t\t<meta property=\"og:type\" content=\"article\" \/>\n\t\t<meta property=\"og:title\" content=\"El brillo de las joyas ilumina el Museo del Traje - El Digital de Asturias\" \/>\n\t\t<meta property=\"og:description\" content=\"Madrid, 8 dic (EFE).- El Museo del Traje abre al p\u00fablico su colecci\u00f3n de joyas con &quot;Vestir las joyas: Modas y modelos&quot;, una muestra que narra hasta el 30 de marzo de 2014 distintas etapas de la historia a trav\u00e9s de pendientes, collares, pulseras, botones, alfileres, broches y un sinf\u00edn de valiosas joyas. &quot;Una joya\" \/>\n\t\t<meta property=\"og:url\" content=\"https:\/\/www.eldigitaldeasturias.com\/noticias\/el-brillo-de-las-joyas-ilumina-el-museo-del-traje\/\" \/>\n\t\t<meta property=\"article:tag\" content=\"revista de ocio\" \/>\n\t\t<meta property=\"article:published_time\" content=\"2013-12-08T21:54:52+00:00\" \/>\n\t\t<meta property=\"article:modified_time\" content=\"2013-12-08T21:54:52+00:00\" \/>\n\t\t<meta property=\"article:publisher\" content=\"https:\/\/facebook.com\/eldigitaldeasturias\" \/>\n\t\t<meta name=\"twitter:card\" content=\"summary_large_image\" \/>\n\t\t<meta name=\"twitter:title\" content=\"El brillo de las joyas ilumina el Museo del Traje - El Digital de Asturias\" \/>\n\t\t<meta name=\"twitter:description\" content=\"Madrid, 8 dic (EFE).- El Museo del Traje abre al p\u00fablico su colecci\u00f3n de joyas con &quot;Vestir las joyas: Modas y modelos&quot;, una muestra que narra hasta el 30 de marzo de 2014 distintas etapas de la historia a trav\u00e9s de pendientes, collares, pulseras, botones, alfileres, broches y un sinf\u00edn de valiosas joyas. &quot;Una joya\" \/>\n\t\t<meta name=\"twitter:label1\" content=\"Escrito por\" \/>\n\t\t<meta name=\"twitter:data1\" content=\"El Digital de Asturias\" \/>\n\t\t<meta name=\"twitter:label2\" content=\"Tiempo de lectura estimado\" \/>\n\t\t<meta name=\"twitter:data2\" content=\"3 minutos\" \/>\n\t\t<script type=\"application\/ld+json\" class=\"aioseo-schema\">\n\t\t\t{\"@context\":\"https:\\\/\\\/schema.org\",\"@graph\":[{\"@type\":\"BlogPosting\",\"@id\":\"https:\\\/\\\/www.eldigitaldeasturias.com\\\/noticias\\\/el-brillo-de-las-joyas-ilumina-el-museo-del-traje\\\/#blogposting\",\"name\":\"El brillo de las joyas ilumina el Museo del Traje - El Digital de Asturias\",\"headline\":\"El brillo de las joyas ilumina el Museo del Traje\",\"author\":{\"@id\":\"https:\\\/\\\/www.eldigitaldeasturias.com\\\/noticias\\\/author\\\/admin\\\/#author\"},\"publisher\":{\"@id\":\"https:\\\/\\\/www.eldigitaldeasturias.com\\\/noticias\\\/#organization\"},\"image\":{\"@type\":\"ImageObject\",\"url\":459357},\"datePublished\":\"2013-12-08T20:54:52+01:00\",\"dateModified\":\"2013-12-08T20:54:52+01:00\",\"inLanguage\":\"es-ES\",\"mainEntityOfPage\":{\"@id\":\"https:\\\/\\\/www.eldigitaldeasturias.com\\\/noticias\\\/el-brillo-de-las-joyas-ilumina-el-museo-del-traje\\\/#webpage\"},\"isPartOf\":{\"@id\":\"https:\\\/\\\/www.eldigitaldeasturias.com\\\/noticias\\\/el-brillo-de-las-joyas-ilumina-el-museo-del-traje\\\/#webpage\"},\"articleSection\":\"Revista de Ocio\"},{\"@type\":\"BreadcrumbList\",\"@id\":\"https:\\\/\\\/www.eldigitaldeasturias.com\\\/noticias\\\/el-brillo-de-las-joyas-ilumina-el-museo-del-traje\\\/#breadcrumblist\",\"itemListElement\":[{\"@type\":\"ListItem\",\"@id\":\"https:\\\/\\\/www.eldigitaldeasturias.com\\\/noticias#listItem\",\"position\":1,\"name\":\"Home\",\"item\":\"https:\\\/\\\/www.eldigitaldeasturias.com\\\/noticias\",\"nextItem\":{\"@type\":\"ListItem\",\"@id\":\"https:\\\/\\\/www.eldigitaldeasturias.com\\\/noticias\\\/category\\\/revista-de-ocio\\\/#listItem\",\"name\":\"Revista de Ocio\"}},{\"@type\":\"ListItem\",\"@id\":\"https:\\\/\\\/www.eldigitaldeasturias.com\\\/noticias\\\/category\\\/revista-de-ocio\\\/#listItem\",\"position\":2,\"name\":\"Revista de Ocio\",\"item\":\"https:\\\/\\\/www.eldigitaldeasturias.com\\\/noticias\\\/category\\\/revista-de-ocio\\\/\",\"nextItem\":{\"@type\":\"ListItem\",\"@id\":\"https:\\\/\\\/www.eldigitaldeasturias.com\\\/noticias\\\/el-brillo-de-las-joyas-ilumina-el-museo-del-traje\\\/#listItem\",\"name\":\"El brillo de las joyas ilumina el Museo del Traje\"},\"previousItem\":{\"@type\":\"ListItem\",\"@id\":\"https:\\\/\\\/www.eldigitaldeasturias.com\\\/noticias#listItem\",\"name\":\"Home\"}},{\"@type\":\"ListItem\",\"@id\":\"https:\\\/\\\/www.eldigitaldeasturias.com\\\/noticias\\\/el-brillo-de-las-joyas-ilumina-el-museo-del-traje\\\/#listItem\",\"position\":3,\"name\":\"El brillo de las joyas ilumina el Museo del Traje\",\"previousItem\":{\"@type\":\"ListItem\",\"@id\":\"https:\\\/\\\/www.eldigitaldeasturias.com\\\/noticias\\\/category\\\/revista-de-ocio\\\/#listItem\",\"name\":\"Revista de Ocio\"}}]},{\"@type\":\"Organization\",\"@id\":\"https:\\\/\\\/www.eldigitaldeasturias.com\\\/noticias\\\/#organization\",\"name\":\"El Digital de Asturias\",\"description\":\"Hemeroteca\",\"url\":\"https:\\\/\\\/www.eldigitaldeasturias.com\\\/noticias\\\/\",\"email\":\"info@eldigitaldeasturias.com\",\"telephone\":\"+34652131393\",\"logo\":{\"@type\":\"ImageObject\",\"url\":\"https:\\\/\\\/www.eldigitaldeasturias.com\\\/noticias\\\/wp-content\\\/uploads\\\/2020\\\/12\\\/EDA.jpg\",\"@id\":\"https:\\\/\\\/www.eldigitaldeasturias.com\\\/noticias\\\/el-brillo-de-las-joyas-ilumina-el-museo-del-traje\\\/#organizationLogo\"},\"image\":{\"@id\":\"https:\\\/\\\/www.eldigitaldeasturias.com\\\/noticias\\\/el-brillo-de-las-joyas-ilumina-el-museo-del-traje\\\/#organizationLogo\"},\"sameAs\":[\"https:\\\/\\\/facebook.com\\\/eldigitaldeasturias\",\"https:\\\/\\\/www.youtube.com\\\/channel\\\/UCZP-2wLEB9Rv6erhFmqVnvg\"],\"address\":{\"@id\":\"https:\\\/\\\/www.eldigitaldeasturias.com\\\/noticias\\\/#postaladdress\",\"@type\":\"PostalAddress\",\"streetAddress\":\"san antonio 4\",\"postalCode\":\"33430\",\"addressLocality\":\"Cand\\u00e1s\",\"addressRegion\":\"Asturias\",\"addressCountry\":\"ES\"}},{\"@type\":\"Person\",\"@id\":\"https:\\\/\\\/www.eldigitaldeasturias.com\\\/noticias\\\/author\\\/admin\\\/#author\",\"url\":\"https:\\\/\\\/www.eldigitaldeasturias.com\\\/noticias\\\/author\\\/admin\\\/\",\"name\":\"El Digital de Asturias\",\"image\":{\"@type\":\"ImageObject\",\"@id\":\"https:\\\/\\\/www.eldigitaldeasturias.com\\\/noticias\\\/el-brillo-de-las-joyas-ilumina-el-museo-del-traje\\\/#authorImage\",\"url\":\"https:\\\/\\\/secure.gravatar.com\\\/avatar\\\/df2aeffc32bcd13f8d26072ef8a91b623d677766deac7f97ca815868cd41bf5e?s=96&d=mm&r=g\",\"width\":96,\"height\":96,\"caption\":\"El Digital de Asturias\"}},{\"@type\":\"WebPage\",\"@id\":\"https:\\\/\\\/www.eldigitaldeasturias.com\\\/noticias\\\/el-brillo-de-las-joyas-ilumina-el-museo-del-traje\\\/#webpage\",\"url\":\"https:\\\/\\\/www.eldigitaldeasturias.com\\\/noticias\\\/el-brillo-de-las-joyas-ilumina-el-museo-del-traje\\\/\",\"name\":\"El brillo de las joyas ilumina el Museo del Traje - El Digital de Asturias\",\"description\":\"Madrid, 8 dic (EFE).- El Museo del Traje abre al p\\u00fablico su colecci\\u00f3n de joyas con \\\"Vestir las joyas: Modas y modelos\\\", una muestra que narra hasta el 30 de marzo de 2014 distintas etapas de la historia a trav\\u00e9s de pendientes, collares, pulseras, botones, alfileres, broches y un sinf\\u00edn de valiosas joyas. \\\"Una joya\",\"inLanguage\":\"es-ES\",\"isPartOf\":{\"@id\":\"https:\\\/\\\/www.eldigitaldeasturias.com\\\/noticias\\\/#website\"},\"breadcrumb\":{\"@id\":\"https:\\\/\\\/www.eldigitaldeasturias.com\\\/noticias\\\/el-brillo-de-las-joyas-ilumina-el-museo-del-traje\\\/#breadcrumblist\"},\"author\":{\"@id\":\"https:\\\/\\\/www.eldigitaldeasturias.com\\\/noticias\\\/author\\\/admin\\\/#author\"},\"creator\":{\"@id\":\"https:\\\/\\\/www.eldigitaldeasturias.com\\\/noticias\\\/author\\\/admin\\\/#author\"},\"image\":{\"@type\":\"ImageObject\",\"url\":459357,\"@id\":\"https:\\\/\\\/www.eldigitaldeasturias.com\\\/noticias\\\/el-brillo-de-las-joyas-ilumina-el-museo-del-traje\\\/#mainImage\"},\"primaryImageOfPage\":{\"@id\":\"https:\\\/\\\/www.eldigitaldeasturias.com\\\/noticias\\\/el-brillo-de-las-joyas-ilumina-el-museo-del-traje\\\/#mainImage\"},\"datePublished\":\"2013-12-08T20:54:52+01:00\",\"dateModified\":\"2013-12-08T20:54:52+01:00\"},{\"@type\":\"WebSite\",\"@id\":\"https:\\\/\\\/www.eldigitaldeasturias.com\\\/noticias\\\/#website\",\"url\":\"https:\\\/\\\/www.eldigitaldeasturias.com\\\/noticias\\\/\",\"name\":\"El Digital de Asturias - Diario de actualidad y noticias\",\"alternateName\":\"El Digital de Asturias - Diario de actualidad y noticias\",\"description\":\"Hemeroteca\",\"inLanguage\":\"es-ES\",\"publisher\":{\"@id\":\"https:\\\/\\\/www.eldigitaldeasturias.com\\\/noticias\\\/#organization\"}}]}\n\t\t<\/script>\n\t\t<!-- All in One SEO Pro -->\r\n\t\t<title>El brillo de las joyas ilumina el Museo del Traje - El Digital de Asturias<\/title>\n\n","aioseo_head_json":{"title":"El brillo de las joyas ilumina el Museo del Traje - El Digital de Asturias","description":"Madrid, 8 dic (EFE).- El Museo del Traje abre al p\u00fablico su colecci\u00f3n de joyas con \"Vestir las joyas: Modas y modelos\", una muestra que narra hasta el 30 de marzo de 2014 distintas etapas de la historia a trav\u00e9s de pendientes, collares, pulseras, botones, alfileres, broches y un sinf\u00edn de valiosas joyas. \"Una joya","canonical_url":"https:\/\/www.eldigitaldeasturias.com\/noticias\/el-brillo-de-las-joyas-ilumina-el-museo-del-traje\/","robots":"max-image-preview:large","keywords":"revista de ocio","webmasterTools":{"google-site-verification":"UA-38556648-1","msvalidate.01":"7dfe9f3f1b24437ab69f4f2559babe99","miscellaneous":""},"schema":{"@context":"https:\/\/schema.org","@graph":[{"@type":"BlogPosting","@id":"https:\/\/www.eldigitaldeasturias.com\/noticias\/el-brillo-de-las-joyas-ilumina-el-museo-del-traje\/#blogposting","name":"El brillo de las joyas ilumina el Museo del Traje - El Digital de Asturias","headline":"El brillo de las joyas ilumina el Museo del Traje","author":{"@id":"https:\/\/www.eldigitaldeasturias.com\/noticias\/author\/admin\/#author"},"publisher":{"@id":"https:\/\/www.eldigitaldeasturias.com\/noticias\/#organization"},"image":{"@type":"ImageObject","url":459357},"datePublished":"2013-12-08T20:54:52+01:00","dateModified":"2013-12-08T20:54:52+01:00","inLanguage":"es-ES","mainEntityOfPage":{"@id":"https:\/\/www.eldigitaldeasturias.com\/noticias\/el-brillo-de-las-joyas-ilumina-el-museo-del-traje\/#webpage"},"isPartOf":{"@id":"https:\/\/www.eldigitaldeasturias.com\/noticias\/el-brillo-de-las-joyas-ilumina-el-museo-del-traje\/#webpage"},"articleSection":"Revista de Ocio"},{"@type":"BreadcrumbList","@id":"https:\/\/www.eldigitaldeasturias.com\/noticias\/el-brillo-de-las-joyas-ilumina-el-museo-del-traje\/#breadcrumblist","itemListElement":[{"@type":"ListItem","@id":"https:\/\/www.eldigitaldeasturias.com\/noticias#listItem","position":1,"name":"Home","item":"https:\/\/www.eldigitaldeasturias.com\/noticias","nextItem":{"@type":"ListItem","@id":"https:\/\/www.eldigitaldeasturias.com\/noticias\/category\/revista-de-ocio\/#listItem","name":"Revista de Ocio"}},{"@type":"ListItem","@id":"https:\/\/www.eldigitaldeasturias.com\/noticias\/category\/revista-de-ocio\/#listItem","position":2,"name":"Revista de Ocio","item":"https:\/\/www.eldigitaldeasturias.com\/noticias\/category\/revista-de-ocio\/","nextItem":{"@type":"ListItem","@id":"https:\/\/www.eldigitaldeasturias.com\/noticias\/el-brillo-de-las-joyas-ilumina-el-museo-del-traje\/#listItem","name":"El brillo de las joyas ilumina el Museo del Traje"},"previousItem":{"@type":"ListItem","@id":"https:\/\/www.eldigitaldeasturias.com\/noticias#listItem","name":"Home"}},{"@type":"ListItem","@id":"https:\/\/www.eldigitaldeasturias.com\/noticias\/el-brillo-de-las-joyas-ilumina-el-museo-del-traje\/#listItem","position":3,"name":"El brillo de las joyas ilumina el Museo del Traje","previousItem":{"@type":"ListItem","@id":"https:\/\/www.eldigitaldeasturias.com\/noticias\/category\/revista-de-ocio\/#listItem","name":"Revista de Ocio"}}]},{"@type":"Organization","@id":"https:\/\/www.eldigitaldeasturias.com\/noticias\/#organization","name":"El Digital de Asturias","description":"Hemeroteca","url":"https:\/\/www.eldigitaldeasturias.com\/noticias\/","email":"info@eldigitaldeasturias.com","telephone":"+34652131393","logo":{"@type":"ImageObject","url":"https:\/\/www.eldigitaldeasturias.com\/noticias\/wp-content\/uploads\/2020\/12\/EDA.jpg","@id":"https:\/\/www.eldigitaldeasturias.com\/noticias\/el-brillo-de-las-joyas-ilumina-el-museo-del-traje\/#organizationLogo"},"image":{"@id":"https:\/\/www.eldigitaldeasturias.com\/noticias\/el-brillo-de-las-joyas-ilumina-el-museo-del-traje\/#organizationLogo"},"sameAs":["https:\/\/facebook.com\/eldigitaldeasturias","https:\/\/www.youtube.com\/channel\/UCZP-2wLEB9Rv6erhFmqVnvg"],"address":{"@id":"https:\/\/www.eldigitaldeasturias.com\/noticias\/#postaladdress","@type":"PostalAddress","streetAddress":"san antonio 4","postalCode":"33430","addressLocality":"Cand\u00e1s","addressRegion":"Asturias","addressCountry":"ES"}},{"@type":"Person","@id":"https:\/\/www.eldigitaldeasturias.com\/noticias\/author\/admin\/#author","url":"https:\/\/www.eldigitaldeasturias.com\/noticias\/author\/admin\/","name":"El Digital de Asturias","image":{"@type":"ImageObject","@id":"https:\/\/www.eldigitaldeasturias.com\/noticias\/el-brillo-de-las-joyas-ilumina-el-museo-del-traje\/#authorImage","url":"https:\/\/secure.gravatar.com\/avatar\/df2aeffc32bcd13f8d26072ef8a91b623d677766deac7f97ca815868cd41bf5e?s=96&d=mm&r=g","width":96,"height":96,"caption":"El Digital de Asturias"}},{"@type":"WebPage","@id":"https:\/\/www.eldigitaldeasturias.com\/noticias\/el-brillo-de-las-joyas-ilumina-el-museo-del-traje\/#webpage","url":"https:\/\/www.eldigitaldeasturias.com\/noticias\/el-brillo-de-las-joyas-ilumina-el-museo-del-traje\/","name":"El brillo de las joyas ilumina el Museo del Traje - El Digital de Asturias","description":"Madrid, 8 dic (EFE).- El Museo del Traje abre al p\u00fablico su colecci\u00f3n de joyas con \"Vestir las joyas: Modas y modelos\", una muestra que narra hasta el 30 de marzo de 2014 distintas etapas de la historia a trav\u00e9s de pendientes, collares, pulseras, botones, alfileres, broches y un sinf\u00edn de valiosas joyas. \"Una joya","inLanguage":"es-ES","isPartOf":{"@id":"https:\/\/www.eldigitaldeasturias.com\/noticias\/#website"},"breadcrumb":{"@id":"https:\/\/www.eldigitaldeasturias.com\/noticias\/el-brillo-de-las-joyas-ilumina-el-museo-del-traje\/#breadcrumblist"},"author":{"@id":"https:\/\/www.eldigitaldeasturias.com\/noticias\/author\/admin\/#author"},"creator":{"@id":"https:\/\/www.eldigitaldeasturias.com\/noticias\/author\/admin\/#author"},"image":{"@type":"ImageObject","url":459357,"@id":"https:\/\/www.eldigitaldeasturias.com\/noticias\/el-brillo-de-las-joyas-ilumina-el-museo-del-traje\/#mainImage"},"primaryImageOfPage":{"@id":"https:\/\/www.eldigitaldeasturias.com\/noticias\/el-brillo-de-las-joyas-ilumina-el-museo-del-traje\/#mainImage"},"datePublished":"2013-12-08T20:54:52+01:00","dateModified":"2013-12-08T20:54:52+01:00"},{"@type":"WebSite","@id":"https:\/\/www.eldigitaldeasturias.com\/noticias\/#website","url":"https:\/\/www.eldigitaldeasturias.com\/noticias\/","name":"El Digital de Asturias - Diario de actualidad y noticias","alternateName":"El Digital de Asturias - Diario de actualidad y noticias","description":"Hemeroteca","inLanguage":"es-ES","publisher":{"@id":"https:\/\/www.eldigitaldeasturias.com\/noticias\/#organization"}}]},"og:locale":"es_ES","og:site_name":"El Digital de Asturias","og:type":"article","og:title":"El brillo de las joyas ilumina el Museo del Traje - El Digital de Asturias","og:description":"Madrid, 8 dic (EFE).- El Museo del Traje abre al p\u00fablico su colecci\u00f3n de joyas con &quot;Vestir las joyas: Modas y modelos&quot;, una muestra que narra hasta el 30 de marzo de 2014 distintas etapas de la historia a trav\u00e9s de pendientes, collares, pulseras, botones, alfileres, broches y un sinf\u00edn de valiosas joyas. &quot;Una joya","og:url":"https:\/\/www.eldigitaldeasturias.com\/noticias\/el-brillo-de-las-joyas-ilumina-el-museo-del-traje\/","article:tag":["revista de ocio"],"article:published_time":"2013-12-08T21:54:52+00:00","article:modified_time":"2013-12-08T21:54:52+00:00","article:publisher":"https:\/\/facebook.com\/eldigitaldeasturias","twitter:card":"summary_large_image","twitter:title":"El brillo de las joyas ilumina el Museo del Traje - El Digital de Asturias","twitter:description":"Madrid, 8 dic (EFE).- El Museo del Traje abre al p\u00fablico su colecci\u00f3n de joyas con &quot;Vestir las joyas: Modas y modelos&quot;, una muestra que narra hasta el 30 de marzo de 2014 distintas etapas de la historia a trav\u00e9s de pendientes, collares, pulseras, botones, alfileres, broches y un sinf\u00edn de valiosas joyas. &quot;Una joya","twitter:label1":"Escrito por","twitter:data1":"El Digital de Asturias","twitter:label2":"Tiempo de lectura estimado","twitter:data2":"3 minutos"},"aioseo_meta_data":{"post_id":"459356","title":null,"description":null,"keywords":null,"keyphrases":null,"primary_term":null,"canonical_url":null,"og_title":null,"og_description":null,"og_object_type":"default","og_image_type":"default","og_image_url":null,"og_image_width":null,"og_image_height":null,"og_image_custom_url":null,"og_image_custom_fields":null,"og_video":null,"og_custom_url":null,"og_article_section":null,"og_article_tags":null,"twitter_use_og":true,"twitter_card":"default","twitter_image_type":"default","twitter_image_url":null,"twitter_image_custom_url":null,"twitter_image_custom_fields":null,"twitter_title":null,"twitter_description":null,"schema":{"blockGraphs":[],"customGraphs":[],"default":{"data":{"Article":[],"Course":[],"Dataset":[],"FAQPage":[],"Movie":[],"Person":[],"Product":[],"ProductReview":[],"Car":[],"Recipe":[],"Service":[],"SoftwareApplication":[],"WebPage":[]},"graphName":"","isEnabled":true},"graphs":[],"defaultGraph":"","defaultPostTypeGraph":""},"schema_type":null,"schema_type_options":null,"pillar_content":false,"robots_default":true,"robots_noindex":false,"robots_noarchive":false,"robots_nosnippet":false,"robots_nofollow":false,"robots_noimageindex":false,"robots_noodp":false,"robots_notranslate":false,"robots_max_snippet":null,"robots_max_videopreview":null,"robots_max_imagepreview":"none","priority":null,"frequency":null,"local_seo":null,"seo_analyzer_scan_date":"2026-05-30 09:04:10","breadcrumb_settings":null,"limit_modified_date":false,"open_ai":null,"ai":null,"created":"2020-11-14 22:47:35","updated":"2026-05-30 09:04:10","focus_keyword":null,"additional_keywords":null,"truseo_locale":null},"aioseo_breadcrumb":"<div class=\"aioseo-breadcrumbs\"><span class=\"aioseo-breadcrumb\">\n\t<a href=\"https:\/\/www.eldigitaldeasturias.com\/noticias\" title=\"Home\">Home<\/a>\n<\/span><span class=\"aioseo-breadcrumb-separator\">\u2013<\/span><span class=\"aioseo-breadcrumb\">\n\t<a href=\"https:\/\/www.eldigitaldeasturias.com\/noticias\/category\/revista-de-ocio\/\" title=\"Revista de Ocio\">Revista de Ocio<\/a>\n<\/span><span class=\"aioseo-breadcrumb-separator\">\u2013<\/span><span class=\"aioseo-breadcrumb\">\n\t<a href=\"https:\/\/www.eldigitaldeasturias.com\/noticias\/el-brillo-de-las-joyas-ilumina-el-museo-del-traje\/\" title=\"El brillo de las joyas ilumina el Museo del Traje\">El brillo de las joyas ilumina el Museo del Traje<\/a>\n<\/span><\/div>","aioseo_breadcrumb_json":[{"label":"Home","link":"https:\/\/www.eldigitaldeasturias.com\/noticias"},{"label":"Revista de Ocio","link":"https:\/\/www.eldigitaldeasturias.com\/noticias\/category\/revista-de-ocio\/"},{"label":"El brillo de las joyas ilumina el Museo del Traje","link":"https:\/\/www.eldigitaldeasturias.com\/noticias\/el-brillo-de-las-joyas-ilumina-el-museo-del-traje\/"}],"_links":{"self":[{"href":"https:\/\/www.eldigitaldeasturias.com\/noticias\/wp-json\/wp\/v2\/posts\/459356","targetHints":{"allow":["GET"]}}],"collection":[{"href":"https:\/\/www.eldigitaldeasturias.com\/noticias\/wp-json\/wp\/v2\/posts"}],"about":[{"href":"https:\/\/www.eldigitaldeasturias.com\/noticias\/wp-json\/wp\/v2\/types\/post"}],"author":[{"embeddable":true,"href":"https:\/\/www.eldigitaldeasturias.com\/noticias\/wp-json\/wp\/v2\/users\/1"}],"replies":[{"embeddable":true,"href":"https:\/\/www.eldigitaldeasturias.com\/noticias\/wp-json\/wp\/v2\/comments?post=459356"}],"version-history":[{"count":0,"href":"https:\/\/www.eldigitaldeasturias.com\/noticias\/wp-json\/wp\/v2\/posts\/459356\/revisions"}],"wp:attachment":[{"href":"https:\/\/www.eldigitaldeasturias.com\/noticias\/wp-json\/wp\/v2\/media?parent=459356"}],"wp:term":[{"taxonomy":"category","embeddable":true,"href":"https:\/\/www.eldigitaldeasturias.com\/noticias\/wp-json\/wp\/v2\/categories?post=459356"},{"taxonomy":"post_tag","embeddable":true,"href":"https:\/\/www.eldigitaldeasturias.com\/noticias\/wp-json\/wp\/v2\/tags?post=459356"}],"curies":[{"name":"wp","href":"https:\/\/api.w.org\/{rel}","templated":true}]}}