{"id":459353,"date":"2013-12-08T20:49:42","date_gmt":"2013-12-08T21:49:42","guid":{"rendered":"http:\/\/www.eldigitaldeasturias.com\/noticias\/?p=459353"},"modified":"2013-12-08T20:49:42","modified_gmt":"2013-12-08T21:49:42","slug":"el-carajillo-regresa-a-las-mesas-en-su-version-mas-sofisticada","status":"publish","type":"post","link":"https:\/\/www.eldigitaldeasturias.com\/noticias\/el-carajillo-regresa-a-las-mesas-en-su-version-mas-sofisticada\/","title":{"rendered":"El carajillo regresa a las mesas en su versi\u00f3n m\u00e1s sofisticada"},"content":{"rendered":"<p><img loading=\"lazy\" decoding=\"async\" class=\"alignleft size-medium wp-image-459354\" alt=\"5779724w\" src=\"https:\/\/www.eldigitaldeasturias.com\/noticias\/wp-content\/uploads\/2013\/12\/5779724w-360x238.jpg\" width=\"360\" height=\"238\" \/>Madrid, 8 dic (EFE).- Al carajillo, esa espa\u00f1ol\u00edsima combinaci\u00f3n de caf\u00e9 y brandy que reconfortaba a Luis Bu\u00f1uel en los rodajes de \u00abViridiana\u00bb, le cantaron Sabina, Nacha Pop y Los Rodr\u00edguez como bebida de inspiraci\u00f3n de la Movida. Despu\u00e9s de unos lustros de cierto olvido, regresa a las mesas envuelto en sofisticaci\u00f3n.<\/p>\n<p>Incluso protagoniza la Ruta del Carajillo, en la que participan 227 caf\u00e9s de Madrid, Barcelona, Valencia y A Coru\u00f1a que quieren recuperar este cl\u00e1sico en una versi\u00f3n renovada para los paladares j\u00f3venes.<\/p>\n<p>En esta ruta se servir\u00e1 hasta fin de a\u00f1o y al precio de un caf\u00e9 la que se considera la mejor receta de Espa\u00f1a, que se elabora en la comarca del Maestrazgo: brandy a\u00f1ejo flambeado, un buen caf\u00e9 expresso, granos de caf\u00e9, un trozo de corteza de lim\u00f3n, az\u00facar moreno y canela en rama.<\/p>\n<p>Se trata de una versi\u00f3n mucho m\u00e1s elaborada que la original, que se atribuye a los soldados espa\u00f1oles que lucharon en la Guerra de Cuba a finales del XIX. \u00abMezclaban brandy espa\u00f1ol con caf\u00e9 de la isla y los cubanos lo llaman &#8216;coraje o corajillo espa\u00f1ol&#8217; porque cre\u00edan que sus enemigos lo tomaban para insuflarse valor\u00bb, explica a Efe Ricardo Hierro, gerente de Marketing de Osborne.<\/p>\n<p>Aunque estuvo \u00abmuy anclado a la cultura espa\u00f1ola desde los a\u00f1os cincuenta\u00bb, en los setenta se le dio un halo de rebeld\u00eda tomando su nombre dos fanzines alternativos de la \u00e9poca: El Carajillo y el Carajillo Vacil\u00f3n.<\/p>\n<p>Tambi\u00e9n tuvo un especial protagonismo durante la Movida: \u00abEra el combinado caliente espa\u00f1ol por excelencia, t\u00edpico en los rodajes y los locales de ensayo, muy asociado a la noche canalla porque aporta la energ\u00eda del caf\u00e9 e incrementa la creatividad con el punto de brandy\u00bb, recuerda Hierro.<\/p>\n<p>Sabina fue \u00abun gran aficionado\u00bb a esta bebida, a la que le cant\u00f3 en \u00abPur\u00edsima y Oro\u00bb, tal como hicieron en \u00abNo estoy borracho\u00bb Los Rodr\u00edguez y, m\u00e1s tarde, Facto Defal\u00e9, que en sus letras \u00abahondan en todo el imaginario de nostalgia que la rodea\u00bb.<\/p>\n<p>Y si bien en Espa\u00f1a su consumo descendi\u00f3 con la extinci\u00f3n de ese movimiento cultural, se ha mantenido en las cartas de caf\u00e9s de B\u00e9lgica y Suiza, adonde llegaron con la inmigraci\u00f3n espa\u00f1ola y, en la actualidad, en Colombia \u00abes una bebida &#8216;cool&#8217; y de moda\u00bb, a\u00f1ade Hierro.<\/p>\n<p>Siguiendo la estela del \u00abvin chaude\u00bb (vino caliente) franc\u00e9s, el \u00abgl\u00fchwein\u00bb alem\u00e1n o el \u00abgl\u00f6gg\u00bb escandinavo, que mantienen su vigencia en sus respectivos pa\u00edses, el carajillo se reivindica como \u00abel \u00fanico combinado caliente espa\u00f1ol reconfortante para el fr\u00edo\u00bb y como bebida que busca retomar su protagonismo en una \u00e9poca en la que \u00ablo aut\u00e9ntico y lo retro\u00bb ganan adeptos.<\/p>\n<p>El secreto pasa por \u00abcuidar los ingredientes, como se hace por ejemplo en el gin-t\u00f3nic, con ginebras y t\u00f3nicas premium\u00bb, dice Hierro, y elegir el momento adecuado para tomarlo, ya que \u00abse convierte en el aliado perfecto de la charla, de la tertulia\u00bb.<\/p>\n<p>Por ello, la Ruta del Carajillo incorpora locales \u00abde momento caf\u00e9 m\u00e1s que de copa\u00bb, distribuidos en los madrile\u00f1os barrios de Malasa\u00f1a, Lavapi\u00e9s y Triball, y los barceloneses Raval, el Borne, G\u00f3tico y Gracia, con clientela de \u00abtreinta\u00f1eros a quienes les gustan las tendencias y lo vintage\u00bb.<\/p>\n<p>Valencia se ha incluido porque \u00abes la zona de m\u00e1s consumo hist\u00f3rico de carajillo\u00bb y A Coru\u00f1a \u00abporque en la Costa de la Muerte siempre se ha preparado muy bien y tiene una hosteler\u00eda muy cuidada\u00bb, se\u00f1ala.<\/p>\n<p>Con esta f\u00f3rmula, este combinado caliente busca conquistar a un nuevo p\u00fablico: \u00abHombres y mujeres treinta\u00f1eros, con cierto punto de sofisticaci\u00f3n y que valore las cosas de aqu\u00ed. Si defendemos la literatura y el cine espa\u00f1oles, tambi\u00e9n los combinados del pa\u00eds\u00bb.<\/p>\n","protected":false},"excerpt":{"rendered":"<p>Madrid, 8 dic (EFE).- Al carajillo, esa espa\u00f1ol\u00edsima combinaci\u00f3n de caf\u00e9 y brandy que reconfortaba a Luis Bu\u00f1uel en los rodajes de \u00abViridiana\u00bb, le cantaron Sabina, Nacha Pop y Los Rodr\u00edguez como bebida de inspiraci\u00f3n de la Movida. Despu\u00e9s de unos lustros de cierto olvido, regresa a las mesas envuelto en sofisticaci\u00f3n. Incluso protagoniza la [&hellip;]<\/p>\n","protected":false},"author":1,"featured_media":459354,"comment_status":"closed","ping_status":"open","sticky":false,"template":"","format":"standard","meta":{"footnotes":""},"categories":[50],"tags":[],"class_list":["post-459353","post","type-post","status-publish","format-standard","has-post-thumbnail","hentry","category-revista-de-ocio"],"aioseo_notices":[],"aioseo_head":"\n\t\t<!-- All in One SEO Pro 5.0.1 - aioseo.com -->\n\t<meta name=\"description\" content=\"Madrid, 8 dic (EFE).- Al carajillo, esa espa\u00f1ol\u00edsima combinaci\u00f3n de caf\u00e9 y brandy que reconfortaba a Luis Bu\u00f1uel en los rodajes de &quot;Viridiana&quot;, le cantaron Sabina, Nacha Pop y Los Rodr\u00edguez como bebida de inspiraci\u00f3n de la Movida. Despu\u00e9s de unos lustros de cierto olvido, regresa a las mesas envuelto en sofisticaci\u00f3n. Incluso protagoniza la\" \/>\n\t<meta name=\"robots\" content=\"max-image-preview:large\" \/>\n\t<meta name=\"author\" content=\"El Digital de Asturias\"\/>\n\t<meta name=\"google-site-verification\" content=\"UA-38556648-1\" \/>\n\t<meta name=\"msvalidate.01\" content=\"7dfe9f3f1b24437ab69f4f2559babe99\" \/>\n\t<meta name=\"keywords\" content=\"revista de ocio\" \/>\n\t<link rel=\"canonical\" href=\"https:\/\/www.eldigitaldeasturias.com\/noticias\/el-carajillo-regresa-a-las-mesas-en-su-version-mas-sofisticada\/\" \/>\n\t<meta name=\"generator\" content=\"All in One SEO Pro (AIOSEO) 5.0.1\" \/>\n\t\t<meta property=\"og:locale\" content=\"es_ES\" \/>\n\t\t<meta property=\"og:site_name\" content=\"El Digital de Asturias\" \/>\n\t\t<meta property=\"og:type\" content=\"article\" \/>\n\t\t<meta property=\"og:title\" content=\"El carajillo regresa a las mesas en su versi\u00f3n m\u00e1s sofisticada - El Digital de Asturias\" \/>\n\t\t<meta property=\"og:description\" content=\"Madrid, 8 dic (EFE).- Al carajillo, esa espa\u00f1ol\u00edsima combinaci\u00f3n de caf\u00e9 y brandy que reconfortaba a Luis Bu\u00f1uel en los rodajes de &quot;Viridiana&quot;, le cantaron Sabina, Nacha Pop y Los Rodr\u00edguez como bebida de inspiraci\u00f3n de la Movida. Despu\u00e9s de unos lustros de cierto olvido, regresa a las mesas envuelto en sofisticaci\u00f3n. Incluso protagoniza la\" \/>\n\t\t<meta property=\"og:url\" content=\"https:\/\/www.eldigitaldeasturias.com\/noticias\/el-carajillo-regresa-a-las-mesas-en-su-version-mas-sofisticada\/\" \/>\n\t\t<meta property=\"article:tag\" content=\"revista de ocio\" \/>\n\t\t<meta property=\"article:published_time\" content=\"2013-12-08T21:49:42+00:00\" \/>\n\t\t<meta property=\"article:modified_time\" content=\"2013-12-08T21:49:42+00:00\" \/>\n\t\t<meta property=\"article:publisher\" content=\"https:\/\/facebook.com\/eldigitaldeasturias\" \/>\n\t\t<meta name=\"twitter:card\" content=\"summary_large_image\" \/>\n\t\t<meta name=\"twitter:title\" content=\"El carajillo regresa a las mesas en su versi\u00f3n m\u00e1s sofisticada - El Digital de Asturias\" \/>\n\t\t<meta name=\"twitter:description\" content=\"Madrid, 8 dic (EFE).- Al carajillo, esa espa\u00f1ol\u00edsima combinaci\u00f3n de caf\u00e9 y brandy que reconfortaba a Luis Bu\u00f1uel en los rodajes de &quot;Viridiana&quot;, le cantaron Sabina, Nacha Pop y Los Rodr\u00edguez como bebida de inspiraci\u00f3n de la Movida. Despu\u00e9s de unos lustros de cierto olvido, regresa a las mesas envuelto en sofisticaci\u00f3n. Incluso protagoniza la\" \/>\n\t\t<meta name=\"twitter:label1\" content=\"Escrito por\" \/>\n\t\t<meta name=\"twitter:data1\" content=\"El Digital de Asturias\" \/>\n\t\t<meta name=\"twitter:label2\" content=\"Tiempo de lectura estimado\" \/>\n\t\t<meta name=\"twitter:data2\" content=\"3 minutos\" \/>\n\t\t<script type=\"application\/ld+json\" class=\"aioseo-schema\">\n\t\t\t{\"@context\":\"https:\\\/\\\/schema.org\",\"@graph\":[{\"@type\":\"BlogPosting\",\"@id\":\"https:\\\/\\\/www.eldigitaldeasturias.com\\\/noticias\\\/el-carajillo-regresa-a-las-mesas-en-su-version-mas-sofisticada\\\/#blogposting\",\"name\":\"El carajillo regresa a las mesas en su versi\\u00f3n m\\u00e1s sofisticada - El Digital de Asturias\",\"headline\":\"El carajillo regresa a las mesas en su versi\\u00f3n m\\u00e1s sofisticada\",\"author\":{\"@id\":\"https:\\\/\\\/www.eldigitaldeasturias.com\\\/noticias\\\/author\\\/admin\\\/#author\"},\"publisher\":{\"@id\":\"https:\\\/\\\/www.eldigitaldeasturias.com\\\/noticias\\\/#organization\"},\"image\":{\"@type\":\"ImageObject\",\"url\":459354},\"datePublished\":\"2013-12-08T20:49:42+01:00\",\"dateModified\":\"2013-12-08T20:49:42+01:00\",\"inLanguage\":\"es-ES\",\"mainEntityOfPage\":{\"@id\":\"https:\\\/\\\/www.eldigitaldeasturias.com\\\/noticias\\\/el-carajillo-regresa-a-las-mesas-en-su-version-mas-sofisticada\\\/#webpage\"},\"isPartOf\":{\"@id\":\"https:\\\/\\\/www.eldigitaldeasturias.com\\\/noticias\\\/el-carajillo-regresa-a-las-mesas-en-su-version-mas-sofisticada\\\/#webpage\"},\"articleSection\":\"Revista de Ocio\"},{\"@type\":\"BreadcrumbList\",\"@id\":\"https:\\\/\\\/www.eldigitaldeasturias.com\\\/noticias\\\/el-carajillo-regresa-a-las-mesas-en-su-version-mas-sofisticada\\\/#breadcrumblist\",\"itemListElement\":[{\"@type\":\"ListItem\",\"@id\":\"https:\\\/\\\/www.eldigitaldeasturias.com\\\/noticias#listItem\",\"position\":1,\"name\":\"Home\",\"item\":\"https:\\\/\\\/www.eldigitaldeasturias.com\\\/noticias\",\"nextItem\":{\"@type\":\"ListItem\",\"@id\":\"https:\\\/\\\/www.eldigitaldeasturias.com\\\/noticias\\\/category\\\/revista-de-ocio\\\/#listItem\",\"name\":\"Revista de Ocio\"}},{\"@type\":\"ListItem\",\"@id\":\"https:\\\/\\\/www.eldigitaldeasturias.com\\\/noticias\\\/category\\\/revista-de-ocio\\\/#listItem\",\"position\":2,\"name\":\"Revista de Ocio\",\"item\":\"https:\\\/\\\/www.eldigitaldeasturias.com\\\/noticias\\\/category\\\/revista-de-ocio\\\/\",\"nextItem\":{\"@type\":\"ListItem\",\"@id\":\"https:\\\/\\\/www.eldigitaldeasturias.com\\\/noticias\\\/el-carajillo-regresa-a-las-mesas-en-su-version-mas-sofisticada\\\/#listItem\",\"name\":\"El carajillo regresa a las mesas en su versi\\u00f3n m\\u00e1s sofisticada\"},\"previousItem\":{\"@type\":\"ListItem\",\"@id\":\"https:\\\/\\\/www.eldigitaldeasturias.com\\\/noticias#listItem\",\"name\":\"Home\"}},{\"@type\":\"ListItem\",\"@id\":\"https:\\\/\\\/www.eldigitaldeasturias.com\\\/noticias\\\/el-carajillo-regresa-a-las-mesas-en-su-version-mas-sofisticada\\\/#listItem\",\"position\":3,\"name\":\"El carajillo regresa a las mesas en su versi\\u00f3n m\\u00e1s sofisticada\",\"previousItem\":{\"@type\":\"ListItem\",\"@id\":\"https:\\\/\\\/www.eldigitaldeasturias.com\\\/noticias\\\/category\\\/revista-de-ocio\\\/#listItem\",\"name\":\"Revista de Ocio\"}}]},{\"@type\":\"Organization\",\"@id\":\"https:\\\/\\\/www.eldigitaldeasturias.com\\\/noticias\\\/#organization\",\"name\":\"El Digital de Asturias\",\"description\":\"Hemeroteca\",\"url\":\"https:\\\/\\\/www.eldigitaldeasturias.com\\\/noticias\\\/\",\"email\":\"info@eldigitaldeasturias.com\",\"telephone\":\"+34652131393\",\"logo\":{\"@type\":\"ImageObject\",\"url\":\"https:\\\/\\\/www.eldigitaldeasturias.com\\\/noticias\\\/wp-content\\\/uploads\\\/2020\\\/12\\\/EDA.jpg\",\"@id\":\"https:\\\/\\\/www.eldigitaldeasturias.com\\\/noticias\\\/el-carajillo-regresa-a-las-mesas-en-su-version-mas-sofisticada\\\/#organizationLogo\"},\"image\":{\"@id\":\"https:\\\/\\\/www.eldigitaldeasturias.com\\\/noticias\\\/el-carajillo-regresa-a-las-mesas-en-su-version-mas-sofisticada\\\/#organizationLogo\"},\"sameAs\":[\"https:\\\/\\\/facebook.com\\\/eldigitaldeasturias\",\"https:\\\/\\\/www.youtube.com\\\/channel\\\/UCZP-2wLEB9Rv6erhFmqVnvg\"],\"address\":{\"@id\":\"https:\\\/\\\/www.eldigitaldeasturias.com\\\/noticias\\\/#postaladdress\",\"@type\":\"PostalAddress\",\"streetAddress\":\"san antonio 4\",\"postalCode\":\"33430\",\"addressLocality\":\"Cand\\u00e1s\",\"addressRegion\":\"Asturias\",\"addressCountry\":\"ES\"}},{\"@type\":\"Person\",\"@id\":\"https:\\\/\\\/www.eldigitaldeasturias.com\\\/noticias\\\/author\\\/admin\\\/#author\",\"url\":\"https:\\\/\\\/www.eldigitaldeasturias.com\\\/noticias\\\/author\\\/admin\\\/\",\"name\":\"El Digital de Asturias\",\"image\":{\"@type\":\"ImageObject\",\"@id\":\"https:\\\/\\\/www.eldigitaldeasturias.com\\\/noticias\\\/el-carajillo-regresa-a-las-mesas-en-su-version-mas-sofisticada\\\/#authorImage\",\"url\":\"https:\\\/\\\/secure.gravatar.com\\\/avatar\\\/df2aeffc32bcd13f8d26072ef8a91b623d677766deac7f97ca815868cd41bf5e?s=96&d=mm&r=g\",\"width\":96,\"height\":96,\"caption\":\"El Digital de Asturias\"}},{\"@type\":\"WebPage\",\"@id\":\"https:\\\/\\\/www.eldigitaldeasturias.com\\\/noticias\\\/el-carajillo-regresa-a-las-mesas-en-su-version-mas-sofisticada\\\/#webpage\",\"url\":\"https:\\\/\\\/www.eldigitaldeasturias.com\\\/noticias\\\/el-carajillo-regresa-a-las-mesas-en-su-version-mas-sofisticada\\\/\",\"name\":\"El carajillo regresa a las mesas en su versi\\u00f3n m\\u00e1s sofisticada - El Digital de Asturias\",\"description\":\"Madrid, 8 dic (EFE).- Al carajillo, esa espa\\u00f1ol\\u00edsima combinaci\\u00f3n de caf\\u00e9 y brandy que reconfortaba a Luis Bu\\u00f1uel en los rodajes de \\\"Viridiana\\\", le cantaron Sabina, Nacha Pop y Los Rodr\\u00edguez como bebida de inspiraci\\u00f3n de la Movida. Despu\\u00e9s de unos lustros de cierto olvido, regresa a las mesas envuelto en sofisticaci\\u00f3n. Incluso protagoniza la\",\"inLanguage\":\"es-ES\",\"isPartOf\":{\"@id\":\"https:\\\/\\\/www.eldigitaldeasturias.com\\\/noticias\\\/#website\"},\"breadcrumb\":{\"@id\":\"https:\\\/\\\/www.eldigitaldeasturias.com\\\/noticias\\\/el-carajillo-regresa-a-las-mesas-en-su-version-mas-sofisticada\\\/#breadcrumblist\"},\"author\":{\"@id\":\"https:\\\/\\\/www.eldigitaldeasturias.com\\\/noticias\\\/author\\\/admin\\\/#author\"},\"creator\":{\"@id\":\"https:\\\/\\\/www.eldigitaldeasturias.com\\\/noticias\\\/author\\\/admin\\\/#author\"},\"image\":{\"@type\":\"ImageObject\",\"url\":459354,\"@id\":\"https:\\\/\\\/www.eldigitaldeasturias.com\\\/noticias\\\/el-carajillo-regresa-a-las-mesas-en-su-version-mas-sofisticada\\\/#mainImage\"},\"primaryImageOfPage\":{\"@id\":\"https:\\\/\\\/www.eldigitaldeasturias.com\\\/noticias\\\/el-carajillo-regresa-a-las-mesas-en-su-version-mas-sofisticada\\\/#mainImage\"},\"datePublished\":\"2013-12-08T20:49:42+01:00\",\"dateModified\":\"2013-12-08T20:49:42+01:00\"},{\"@type\":\"WebSite\",\"@id\":\"https:\\\/\\\/www.eldigitaldeasturias.com\\\/noticias\\\/#website\",\"url\":\"https:\\\/\\\/www.eldigitaldeasturias.com\\\/noticias\\\/\",\"name\":\"El Digital de Asturias - Diario de actualidad y noticias\",\"alternateName\":\"El Digital de Asturias - Diario de actualidad y noticias\",\"description\":\"Hemeroteca\",\"inLanguage\":\"es-ES\",\"publisher\":{\"@id\":\"https:\\\/\\\/www.eldigitaldeasturias.com\\\/noticias\\\/#organization\"}}]}\n\t\t<\/script>\n\t\t<!-- All in One SEO Pro -->\r\n\t\t<title>El carajillo regresa a las mesas en su versi\u00f3n m\u00e1s sofisticada - El Digital de Asturias<\/title>\n\n","aioseo_head_json":{"title":"El carajillo regresa a las mesas en su versi\u00f3n m\u00e1s sofisticada - El Digital de Asturias","description":"Madrid, 8 dic (EFE).- Al carajillo, esa espa\u00f1ol\u00edsima combinaci\u00f3n de caf\u00e9 y brandy que reconfortaba a Luis Bu\u00f1uel en los rodajes de \"Viridiana\", le cantaron Sabina, Nacha Pop y Los Rodr\u00edguez como bebida de inspiraci\u00f3n de la Movida. Despu\u00e9s de unos lustros de cierto olvido, regresa a las mesas envuelto en sofisticaci\u00f3n. Incluso protagoniza la","canonical_url":"https:\/\/www.eldigitaldeasturias.com\/noticias\/el-carajillo-regresa-a-las-mesas-en-su-version-mas-sofisticada\/","robots":"max-image-preview:large","keywords":"revista de ocio","webmasterTools":{"google-site-verification":"UA-38556648-1","msvalidate.01":"7dfe9f3f1b24437ab69f4f2559babe99","miscellaneous":""},"schema":{"@context":"https:\/\/schema.org","@graph":[{"@type":"BlogPosting","@id":"https:\/\/www.eldigitaldeasturias.com\/noticias\/el-carajillo-regresa-a-las-mesas-en-su-version-mas-sofisticada\/#blogposting","name":"El carajillo regresa a las mesas en su versi\u00f3n m\u00e1s sofisticada - El Digital de Asturias","headline":"El carajillo regresa a las mesas en su versi\u00f3n m\u00e1s sofisticada","author":{"@id":"https:\/\/www.eldigitaldeasturias.com\/noticias\/author\/admin\/#author"},"publisher":{"@id":"https:\/\/www.eldigitaldeasturias.com\/noticias\/#organization"},"image":{"@type":"ImageObject","url":459354},"datePublished":"2013-12-08T20:49:42+01:00","dateModified":"2013-12-08T20:49:42+01:00","inLanguage":"es-ES","mainEntityOfPage":{"@id":"https:\/\/www.eldigitaldeasturias.com\/noticias\/el-carajillo-regresa-a-las-mesas-en-su-version-mas-sofisticada\/#webpage"},"isPartOf":{"@id":"https:\/\/www.eldigitaldeasturias.com\/noticias\/el-carajillo-regresa-a-las-mesas-en-su-version-mas-sofisticada\/#webpage"},"articleSection":"Revista de Ocio"},{"@type":"BreadcrumbList","@id":"https:\/\/www.eldigitaldeasturias.com\/noticias\/el-carajillo-regresa-a-las-mesas-en-su-version-mas-sofisticada\/#breadcrumblist","itemListElement":[{"@type":"ListItem","@id":"https:\/\/www.eldigitaldeasturias.com\/noticias#listItem","position":1,"name":"Home","item":"https:\/\/www.eldigitaldeasturias.com\/noticias","nextItem":{"@type":"ListItem","@id":"https:\/\/www.eldigitaldeasturias.com\/noticias\/category\/revista-de-ocio\/#listItem","name":"Revista de Ocio"}},{"@type":"ListItem","@id":"https:\/\/www.eldigitaldeasturias.com\/noticias\/category\/revista-de-ocio\/#listItem","position":2,"name":"Revista de Ocio","item":"https:\/\/www.eldigitaldeasturias.com\/noticias\/category\/revista-de-ocio\/","nextItem":{"@type":"ListItem","@id":"https:\/\/www.eldigitaldeasturias.com\/noticias\/el-carajillo-regresa-a-las-mesas-en-su-version-mas-sofisticada\/#listItem","name":"El carajillo regresa a las mesas en su versi\u00f3n m\u00e1s sofisticada"},"previousItem":{"@type":"ListItem","@id":"https:\/\/www.eldigitaldeasturias.com\/noticias#listItem","name":"Home"}},{"@type":"ListItem","@id":"https:\/\/www.eldigitaldeasturias.com\/noticias\/el-carajillo-regresa-a-las-mesas-en-su-version-mas-sofisticada\/#listItem","position":3,"name":"El carajillo regresa a las mesas en su versi\u00f3n m\u00e1s sofisticada","previousItem":{"@type":"ListItem","@id":"https:\/\/www.eldigitaldeasturias.com\/noticias\/category\/revista-de-ocio\/#listItem","name":"Revista de Ocio"}}]},{"@type":"Organization","@id":"https:\/\/www.eldigitaldeasturias.com\/noticias\/#organization","name":"El Digital de Asturias","description":"Hemeroteca","url":"https:\/\/www.eldigitaldeasturias.com\/noticias\/","email":"info@eldigitaldeasturias.com","telephone":"+34652131393","logo":{"@type":"ImageObject","url":"https:\/\/www.eldigitaldeasturias.com\/noticias\/wp-content\/uploads\/2020\/12\/EDA.jpg","@id":"https:\/\/www.eldigitaldeasturias.com\/noticias\/el-carajillo-regresa-a-las-mesas-en-su-version-mas-sofisticada\/#organizationLogo"},"image":{"@id":"https:\/\/www.eldigitaldeasturias.com\/noticias\/el-carajillo-regresa-a-las-mesas-en-su-version-mas-sofisticada\/#organizationLogo"},"sameAs":["https:\/\/facebook.com\/eldigitaldeasturias","https:\/\/www.youtube.com\/channel\/UCZP-2wLEB9Rv6erhFmqVnvg"],"address":{"@id":"https:\/\/www.eldigitaldeasturias.com\/noticias\/#postaladdress","@type":"PostalAddress","streetAddress":"san antonio 4","postalCode":"33430","addressLocality":"Cand\u00e1s","addressRegion":"Asturias","addressCountry":"ES"}},{"@type":"Person","@id":"https:\/\/www.eldigitaldeasturias.com\/noticias\/author\/admin\/#author","url":"https:\/\/www.eldigitaldeasturias.com\/noticias\/author\/admin\/","name":"El Digital de Asturias","image":{"@type":"ImageObject","@id":"https:\/\/www.eldigitaldeasturias.com\/noticias\/el-carajillo-regresa-a-las-mesas-en-su-version-mas-sofisticada\/#authorImage","url":"https:\/\/secure.gravatar.com\/avatar\/df2aeffc32bcd13f8d26072ef8a91b623d677766deac7f97ca815868cd41bf5e?s=96&d=mm&r=g","width":96,"height":96,"caption":"El Digital de Asturias"}},{"@type":"WebPage","@id":"https:\/\/www.eldigitaldeasturias.com\/noticias\/el-carajillo-regresa-a-las-mesas-en-su-version-mas-sofisticada\/#webpage","url":"https:\/\/www.eldigitaldeasturias.com\/noticias\/el-carajillo-regresa-a-las-mesas-en-su-version-mas-sofisticada\/","name":"El carajillo regresa a las mesas en su versi\u00f3n m\u00e1s sofisticada - El Digital de Asturias","description":"Madrid, 8 dic (EFE).- Al carajillo, esa espa\u00f1ol\u00edsima combinaci\u00f3n de caf\u00e9 y brandy que reconfortaba a Luis Bu\u00f1uel en los rodajes de \"Viridiana\", le cantaron Sabina, Nacha Pop y Los Rodr\u00edguez como bebida de inspiraci\u00f3n de la Movida. Despu\u00e9s de unos lustros de cierto olvido, regresa a las mesas envuelto en sofisticaci\u00f3n. Incluso protagoniza la","inLanguage":"es-ES","isPartOf":{"@id":"https:\/\/www.eldigitaldeasturias.com\/noticias\/#website"},"breadcrumb":{"@id":"https:\/\/www.eldigitaldeasturias.com\/noticias\/el-carajillo-regresa-a-las-mesas-en-su-version-mas-sofisticada\/#breadcrumblist"},"author":{"@id":"https:\/\/www.eldigitaldeasturias.com\/noticias\/author\/admin\/#author"},"creator":{"@id":"https:\/\/www.eldigitaldeasturias.com\/noticias\/author\/admin\/#author"},"image":{"@type":"ImageObject","url":459354,"@id":"https:\/\/www.eldigitaldeasturias.com\/noticias\/el-carajillo-regresa-a-las-mesas-en-su-version-mas-sofisticada\/#mainImage"},"primaryImageOfPage":{"@id":"https:\/\/www.eldigitaldeasturias.com\/noticias\/el-carajillo-regresa-a-las-mesas-en-su-version-mas-sofisticada\/#mainImage"},"datePublished":"2013-12-08T20:49:42+01:00","dateModified":"2013-12-08T20:49:42+01:00"},{"@type":"WebSite","@id":"https:\/\/www.eldigitaldeasturias.com\/noticias\/#website","url":"https:\/\/www.eldigitaldeasturias.com\/noticias\/","name":"El Digital de Asturias - Diario de actualidad y noticias","alternateName":"El Digital de Asturias - Diario de actualidad y noticias","description":"Hemeroteca","inLanguage":"es-ES","publisher":{"@id":"https:\/\/www.eldigitaldeasturias.com\/noticias\/#organization"}}]},"og:locale":"es_ES","og:site_name":"El Digital de Asturias","og:type":"article","og:title":"El carajillo regresa a las mesas en su versi\u00f3n m\u00e1s sofisticada - El Digital de Asturias","og:description":"Madrid, 8 dic (EFE).- Al carajillo, esa espa\u00f1ol\u00edsima combinaci\u00f3n de caf\u00e9 y brandy que reconfortaba a Luis Bu\u00f1uel en los rodajes de &quot;Viridiana&quot;, le cantaron Sabina, Nacha Pop y Los Rodr\u00edguez como bebida de inspiraci\u00f3n de la Movida. Despu\u00e9s de unos lustros de cierto olvido, regresa a las mesas envuelto en sofisticaci\u00f3n. Incluso protagoniza la","og:url":"https:\/\/www.eldigitaldeasturias.com\/noticias\/el-carajillo-regresa-a-las-mesas-en-su-version-mas-sofisticada\/","article:tag":["revista de ocio"],"article:published_time":"2013-12-08T21:49:42+00:00","article:modified_time":"2013-12-08T21:49:42+00:00","article:publisher":"https:\/\/facebook.com\/eldigitaldeasturias","twitter:card":"summary_large_image","twitter:title":"El carajillo regresa a las mesas en su versi\u00f3n m\u00e1s sofisticada - El Digital de Asturias","twitter:description":"Madrid, 8 dic (EFE).- Al carajillo, esa espa\u00f1ol\u00edsima combinaci\u00f3n de caf\u00e9 y brandy que reconfortaba a Luis Bu\u00f1uel en los rodajes de &quot;Viridiana&quot;, le cantaron Sabina, Nacha Pop y Los Rodr\u00edguez como bebida de inspiraci\u00f3n de la Movida. Despu\u00e9s de unos lustros de cierto olvido, regresa a las mesas envuelto en sofisticaci\u00f3n. Incluso protagoniza la","twitter:label1":"Escrito por","twitter:data1":"El Digital de Asturias","twitter:label2":"Tiempo de lectura estimado","twitter:data2":"3 minutos"},"aioseo_meta_data":{"post_id":"459353","title":null,"description":null,"keywords":null,"keyphrases":null,"primary_term":null,"canonical_url":null,"og_title":null,"og_description":null,"og_object_type":"default","og_image_type":"default","og_image_url":null,"og_image_width":null,"og_image_height":null,"og_image_custom_url":null,"og_image_custom_fields":null,"og_video":null,"og_custom_url":null,"og_article_section":null,"og_article_tags":null,"twitter_use_og":true,"twitter_card":"default","twitter_image_type":"default","twitter_image_url":null,"twitter_image_custom_url":null,"twitter_image_custom_fields":null,"twitter_title":null,"twitter_description":null,"schema":{"blockGraphs":[],"customGraphs":[],"default":{"data":{"Article":[],"Course":[],"Dataset":[],"FAQPage":[],"Movie":[],"Person":[],"Product":[],"ProductReview":[],"Car":[],"Recipe":[],"Service":[],"SoftwareApplication":[],"WebPage":[]},"graphName":"","isEnabled":true},"graphs":[],"defaultGraph":"","defaultPostTypeGraph":""},"schema_type":null,"schema_type_options":null,"pillar_content":false,"robots_default":true,"robots_noindex":false,"robots_noarchive":false,"robots_nosnippet":false,"robots_nofollow":false,"robots_noimageindex":false,"robots_noodp":false,"robots_notranslate":false,"robots_max_snippet":null,"robots_max_videopreview":null,"robots_max_imagepreview":"none","priority":null,"frequency":null,"local_seo":null,"seo_analyzer_scan_date":"2026-05-30 09:04:09","breadcrumb_settings":null,"limit_modified_date":false,"open_ai":null,"ai":null,"created":"2020-11-14 22:47:35","updated":"2026-05-30 09:04:09","focus_keyword":null,"additional_keywords":null,"truseo_locale":null},"aioseo_breadcrumb":"<div class=\"aioseo-breadcrumbs\"><span class=\"aioseo-breadcrumb\">\n\t<a href=\"https:\/\/www.eldigitaldeasturias.com\/noticias\" title=\"Home\">Home<\/a>\n<\/span><span class=\"aioseo-breadcrumb-separator\">\u2013<\/span><span class=\"aioseo-breadcrumb\">\n\t<a href=\"https:\/\/www.eldigitaldeasturias.com\/noticias\/category\/revista-de-ocio\/\" title=\"Revista de Ocio\">Revista de Ocio<\/a>\n<\/span><span class=\"aioseo-breadcrumb-separator\">\u2013<\/span><span class=\"aioseo-breadcrumb\">\n\t<a href=\"https:\/\/www.eldigitaldeasturias.com\/noticias\/el-carajillo-regresa-a-las-mesas-en-su-version-mas-sofisticada\/\" title=\"El carajillo regresa a las mesas en su versi\u00f3n m\u00e1s sofisticada\">El carajillo regresa a las mesas en su versi\u00f3n m\u00e1s sofisticada<\/a>\n<\/span><\/div>","aioseo_breadcrumb_json":[{"label":"Home","link":"https:\/\/www.eldigitaldeasturias.com\/noticias"},{"label":"Revista de Ocio","link":"https:\/\/www.eldigitaldeasturias.com\/noticias\/category\/revista-de-ocio\/"},{"label":"El carajillo regresa a las mesas en su versi\u00f3n m\u00e1s sofisticada","link":"https:\/\/www.eldigitaldeasturias.com\/noticias\/el-carajillo-regresa-a-las-mesas-en-su-version-mas-sofisticada\/"}],"_links":{"self":[{"href":"https:\/\/www.eldigitaldeasturias.com\/noticias\/wp-json\/wp\/v2\/posts\/459353","targetHints":{"allow":["GET"]}}],"collection":[{"href":"https:\/\/www.eldigitaldeasturias.com\/noticias\/wp-json\/wp\/v2\/posts"}],"about":[{"href":"https:\/\/www.eldigitaldeasturias.com\/noticias\/wp-json\/wp\/v2\/types\/post"}],"author":[{"embeddable":true,"href":"https:\/\/www.eldigitaldeasturias.com\/noticias\/wp-json\/wp\/v2\/users\/1"}],"replies":[{"embeddable":true,"href":"https:\/\/www.eldigitaldeasturias.com\/noticias\/wp-json\/wp\/v2\/comments?post=459353"}],"version-history":[{"count":0,"href":"https:\/\/www.eldigitaldeasturias.com\/noticias\/wp-json\/wp\/v2\/posts\/459353\/revisions"}],"wp:attachment":[{"href":"https:\/\/www.eldigitaldeasturias.com\/noticias\/wp-json\/wp\/v2\/media?parent=459353"}],"wp:term":[{"taxonomy":"category","embeddable":true,"href":"https:\/\/www.eldigitaldeasturias.com\/noticias\/wp-json\/wp\/v2\/categories?post=459353"},{"taxonomy":"post_tag","embeddable":true,"href":"https:\/\/www.eldigitaldeasturias.com\/noticias\/wp-json\/wp\/v2\/tags?post=459353"}],"curies":[{"name":"wp","href":"https:\/\/api.w.org\/{rel}","templated":true}]}}