{"id":459344,"date":"2013-12-08T20:45:32","date_gmt":"2013-12-08T21:45:32","guid":{"rendered":"http:\/\/www.eldigitaldeasturias.com\/noticias\/?p=459344"},"modified":"2013-12-08T20:45:32","modified_gmt":"2013-12-08T21:45:32","slug":"la-iglesia-de-suria-se-abarrota-para-despedir-a-los-2-mineros-muertos-el-viernes","status":"publish","type":"post","link":"https:\/\/www.eldigitaldeasturias.com\/noticias\/la-iglesia-de-suria-se-abarrota-para-despedir-a-los-2-mineros-muertos-el-viernes\/","title":{"rendered":"La iglesia de S\u00faria se abarrota para despedir a los 2 mineros muertos el viernes"},"content":{"rendered":"<p><img loading=\"lazy\" decoding=\"async\" class=\"alignleft size-medium wp-image-459345\" alt=\"5779699w\" src=\"https:\/\/www.eldigitaldeasturias.com\/noticias\/wp-content\/uploads\/2013\/12\/5779699w-360x239.jpg\" width=\"360\" height=\"239\" \/>Barcelona, 8 dic (EFE).- Los dos mineros fallecidos el pasado viernes al desprenderse el techo de la galer\u00eda de una mina de Iberpotash en S\u00faria (Barcelona) han sido despedidos por sus familiares, amigos y vecinos en un multitudinario funeral que ha dejado peque\u00f1a la iglesia de Sant Crist\u00f2fol de esta localidad.<\/p>\n<p>Los f\u00e9retros con los cuerpos de Joan Ramon Mitjans, de 49 a\u00f1os, e Isaac Closa, de 37 a\u00f1os, a los que atrap\u00f3 el desprendimiento cuando realizaban tareas de mantenimiento en una m\u00e1quina de extracci\u00f3n, han sido llevado a hombros por sus compa\u00f1eros recorriendo los m\u00e1s de 600 metros que separan el tanatorio, situado en las afueras del pueblo, de la iglesia en la que se ha celebrado el funeral.<\/p>\n<p>Cientos de personas han acompa\u00f1ado en silencio al s\u00e9quito por las calles de S\u00faria hasta la parroquia de Sant Crist\u00f2fol que no ha podido albergar a todos los que se han acercado a despedir a los dos fallecidos ambos vecinos de S\u00faria y pertenecientes a familias de tradici\u00f3n minera.<\/p>\n<p>Muchos allegados y vecinos han seguido la misa desde el exterior del templo aguantando los poco m\u00e1s de cero grados que marcaba el term\u00f3metro en S\u00faria a la 10.30 horas.<\/p>\n<p>Entre los asistentes al funeral han estado el conseller de Empresa y Ocupaci\u00f3n, Felip Puig y el secretario general de UGT-Catalunya, Josep Maria \u00c1lvarez.<\/p>\n<p>A la salida de la iglesia, los f\u00e9retros que portaban sobre ellos una camiseta de minero han sido despedidos con un emocionado y prolongado aplauso por los presentes.<\/p>\n<p>En muestra de duelo y respeto hacia los fallecidos todos los comercios y establecimientos de la localidad han cerrado durante la ceremonia de despedida y la mayor\u00eda de ellos mostraba en su puerta un cresp\u00f3n negro<\/p>\n<p>Juan Ram\u00f3n Mitjans estaba casado y ten\u00eda un hijo adolescente e Isaac Closa, tambi\u00e9n casado y padre de una ni\u00f1a de doce a\u00f1os, estaba esperando un segundo hijo.<\/p>\n<p>El accidente que acab\u00f3 con la vida de lo dos mineros se produjo en el pozo Cabanasses sobre las cuatro de la madrugada del viernes al quedar sepultados por el desprendimiento de una placa de gran tama\u00f1o.<\/p>\n<p>Los dos operarios se encontraban con otros compa\u00f1eros en una zona del frente de extracci\u00f3n del mineral haciendo tareas de reparaci\u00f3n y mantenimiento de la m\u00e1quina cuando se produjo el desprendimiento del techo de la galer\u00eda minera que los sepult\u00f3.<\/p>\n<p>Los dem\u00e1s mineros y personal de mantenimiento que se encontraban en el lugar del suceso resultaron ilesos.<\/p>\n<p>El siniestro, cuyas causas se est\u00e1n investigando se produjo en una \u00e1rea de la mina con un techo bastante reciente.<\/p>\n<p>Las minas de S\u00faria y Sallent interrumpieron su actividad el mismo viernes en se\u00f1al de duelo y la empresa inform\u00f3 de que no se reanudar\u00eda hasta despu\u00e9s del entierro.<\/p>\n","protected":false},"excerpt":{"rendered":"<p>Barcelona, 8 dic (EFE).- Los dos mineros fallecidos el pasado viernes al desprenderse el techo de la galer\u00eda de una mina de Iberpotash en S\u00faria (Barcelona) han sido despedidos por sus familiares, amigos y vecinos en un multitudinario funeral que ha dejado peque\u00f1a la iglesia de Sant Crist\u00f2fol de esta localidad. Los f\u00e9retros con los [&hellip;]<\/p>\n","protected":false},"author":1,"featured_media":459345,"comment_status":"closed","ping_status":"open","sticky":false,"template":"","format":"standard","meta":{"footnotes":""},"categories":[5],"tags":[],"class_list":["post-459344","post","type-post","status-publish","format-standard","has-post-thumbnail","hentry","category-sucesos"],"aioseo_notices":[],"aioseo_head":"\n\t\t<!-- All in One SEO Pro 5.0.1 - aioseo.com -->\n\t<meta name=\"description\" content=\"Barcelona, 8 dic (EFE).- Los dos mineros fallecidos el pasado viernes al desprenderse el techo de la galer\u00eda de una mina de Iberpotash en S\u00faria (Barcelona) han sido despedidos por sus familiares, amigos y vecinos en un multitudinario funeral que ha dejado peque\u00f1a la iglesia de Sant Crist\u00f2fol de esta localidad. Los f\u00e9retros con los\" \/>\n\t<meta name=\"robots\" content=\"max-image-preview:large\" \/>\n\t<meta name=\"author\" content=\"El Digital de Asturias\"\/>\n\t<meta name=\"google-site-verification\" content=\"UA-38556648-1\" \/>\n\t<meta name=\"msvalidate.01\" content=\"7dfe9f3f1b24437ab69f4f2559babe99\" \/>\n\t<meta name=\"keywords\" content=\"sucesos\" \/>\n\t<link rel=\"canonical\" href=\"https:\/\/www.eldigitaldeasturias.com\/noticias\/la-iglesia-de-suria-se-abarrota-para-despedir-a-los-2-mineros-muertos-el-viernes\/\" \/>\n\t<meta name=\"generator\" content=\"All in One SEO Pro (AIOSEO) 5.0.1\" \/>\n\t\t<meta property=\"og:locale\" content=\"es_ES\" \/>\n\t\t<meta property=\"og:site_name\" content=\"El Digital de Asturias\" \/>\n\t\t<meta property=\"og:type\" content=\"article\" \/>\n\t\t<meta property=\"og:title\" content=\"La iglesia de S\u00faria se abarrota para despedir a los 2 mineros muertos el viernes - El Digital de Asturias\" \/>\n\t\t<meta property=\"og:description\" content=\"Barcelona, 8 dic (EFE).- Los dos mineros fallecidos el pasado viernes al desprenderse el techo de la galer\u00eda de una mina de Iberpotash en S\u00faria (Barcelona) han sido despedidos por sus familiares, amigos y vecinos en un multitudinario funeral que ha dejado peque\u00f1a la iglesia de Sant Crist\u00f2fol de esta localidad. Los f\u00e9retros con los\" \/>\n\t\t<meta property=\"og:url\" content=\"https:\/\/www.eldigitaldeasturias.com\/noticias\/la-iglesia-de-suria-se-abarrota-para-despedir-a-los-2-mineros-muertos-el-viernes\/\" \/>\n\t\t<meta property=\"article:tag\" content=\"sucesos\" \/>\n\t\t<meta property=\"article:published_time\" content=\"2013-12-08T21:45:32+00:00\" \/>\n\t\t<meta property=\"article:modified_time\" content=\"2013-12-08T21:45:32+00:00\" \/>\n\t\t<meta property=\"article:publisher\" content=\"https:\/\/facebook.com\/eldigitaldeasturias\" \/>\n\t\t<meta name=\"twitter:card\" content=\"summary_large_image\" \/>\n\t\t<meta name=\"twitter:title\" content=\"La iglesia de S\u00faria se abarrota para despedir a los 2 mineros muertos el viernes - El Digital de Asturias\" \/>\n\t\t<meta name=\"twitter:description\" content=\"Barcelona, 8 dic (EFE).- Los dos mineros fallecidos el pasado viernes al desprenderse el techo de la galer\u00eda de una mina de Iberpotash en S\u00faria (Barcelona) han sido despedidos por sus familiares, amigos y vecinos en un multitudinario funeral que ha dejado peque\u00f1a la iglesia de Sant Crist\u00f2fol de esta localidad. Los f\u00e9retros con los\" \/>\n\t\t<meta name=\"twitter:label1\" content=\"Escrito por\" \/>\n\t\t<meta name=\"twitter:data1\" content=\"El Digital de Asturias\" \/>\n\t\t<meta name=\"twitter:label2\" content=\"Tiempo de lectura estimado\" \/>\n\t\t<meta name=\"twitter:data2\" content=\"2 minutos\" \/>\n\t\t<script type=\"application\/ld+json\" class=\"aioseo-schema\">\n\t\t\t{\"@context\":\"https:\\\/\\\/schema.org\",\"@graph\":[{\"@type\":\"BlogPosting\",\"@id\":\"https:\\\/\\\/www.eldigitaldeasturias.com\\\/noticias\\\/la-iglesia-de-suria-se-abarrota-para-despedir-a-los-2-mineros-muertos-el-viernes\\\/#blogposting\",\"name\":\"La iglesia de S\\u00faria se abarrota para despedir a los 2 mineros muertos el viernes - El Digital de Asturias\",\"headline\":\"La iglesia de S\\u00faria se abarrota para despedir a los 2 mineros muertos el viernes\",\"author\":{\"@id\":\"https:\\\/\\\/www.eldigitaldeasturias.com\\\/noticias\\\/author\\\/admin\\\/#author\"},\"publisher\":{\"@id\":\"https:\\\/\\\/www.eldigitaldeasturias.com\\\/noticias\\\/#organization\"},\"image\":{\"@type\":\"ImageObject\",\"url\":459345},\"datePublished\":\"2013-12-08T20:45:32+01:00\",\"dateModified\":\"2013-12-08T20:45:32+01:00\",\"inLanguage\":\"es-ES\",\"mainEntityOfPage\":{\"@id\":\"https:\\\/\\\/www.eldigitaldeasturias.com\\\/noticias\\\/la-iglesia-de-suria-se-abarrota-para-despedir-a-los-2-mineros-muertos-el-viernes\\\/#webpage\"},\"isPartOf\":{\"@id\":\"https:\\\/\\\/www.eldigitaldeasturias.com\\\/noticias\\\/la-iglesia-de-suria-se-abarrota-para-despedir-a-los-2-mineros-muertos-el-viernes\\\/#webpage\"},\"articleSection\":\"Sucesos\"},{\"@type\":\"BreadcrumbList\",\"@id\":\"https:\\\/\\\/www.eldigitaldeasturias.com\\\/noticias\\\/la-iglesia-de-suria-se-abarrota-para-despedir-a-los-2-mineros-muertos-el-viernes\\\/#breadcrumblist\",\"itemListElement\":[{\"@type\":\"ListItem\",\"@id\":\"https:\\\/\\\/www.eldigitaldeasturias.com\\\/noticias#listItem\",\"position\":1,\"name\":\"Home\",\"item\":\"https:\\\/\\\/www.eldigitaldeasturias.com\\\/noticias\",\"nextItem\":{\"@type\":\"ListItem\",\"@id\":\"https:\\\/\\\/www.eldigitaldeasturias.com\\\/noticias\\\/category\\\/sucesos\\\/#listItem\",\"name\":\"Sucesos\"}},{\"@type\":\"ListItem\",\"@id\":\"https:\\\/\\\/www.eldigitaldeasturias.com\\\/noticias\\\/category\\\/sucesos\\\/#listItem\",\"position\":2,\"name\":\"Sucesos\",\"item\":\"https:\\\/\\\/www.eldigitaldeasturias.com\\\/noticias\\\/category\\\/sucesos\\\/\",\"nextItem\":{\"@type\":\"ListItem\",\"@id\":\"https:\\\/\\\/www.eldigitaldeasturias.com\\\/noticias\\\/la-iglesia-de-suria-se-abarrota-para-despedir-a-los-2-mineros-muertos-el-viernes\\\/#listItem\",\"name\":\"La iglesia de S\\u00faria se abarrota para despedir a los 2 mineros muertos el viernes\"},\"previousItem\":{\"@type\":\"ListItem\",\"@id\":\"https:\\\/\\\/www.eldigitaldeasturias.com\\\/noticias#listItem\",\"name\":\"Home\"}},{\"@type\":\"ListItem\",\"@id\":\"https:\\\/\\\/www.eldigitaldeasturias.com\\\/noticias\\\/la-iglesia-de-suria-se-abarrota-para-despedir-a-los-2-mineros-muertos-el-viernes\\\/#listItem\",\"position\":3,\"name\":\"La iglesia de S\\u00faria se abarrota para despedir a los 2 mineros muertos el viernes\",\"previousItem\":{\"@type\":\"ListItem\",\"@id\":\"https:\\\/\\\/www.eldigitaldeasturias.com\\\/noticias\\\/category\\\/sucesos\\\/#listItem\",\"name\":\"Sucesos\"}}]},{\"@type\":\"Organization\",\"@id\":\"https:\\\/\\\/www.eldigitaldeasturias.com\\\/noticias\\\/#organization\",\"name\":\"El Digital de Asturias\",\"description\":\"Hemeroteca\",\"url\":\"https:\\\/\\\/www.eldigitaldeasturias.com\\\/noticias\\\/\",\"email\":\"info@eldigitaldeasturias.com\",\"telephone\":\"+34652131393\",\"logo\":{\"@type\":\"ImageObject\",\"url\":\"https:\\\/\\\/www.eldigitaldeasturias.com\\\/noticias\\\/wp-content\\\/uploads\\\/2020\\\/12\\\/EDA.jpg\",\"@id\":\"https:\\\/\\\/www.eldigitaldeasturias.com\\\/noticias\\\/la-iglesia-de-suria-se-abarrota-para-despedir-a-los-2-mineros-muertos-el-viernes\\\/#organizationLogo\"},\"image\":{\"@id\":\"https:\\\/\\\/www.eldigitaldeasturias.com\\\/noticias\\\/la-iglesia-de-suria-se-abarrota-para-despedir-a-los-2-mineros-muertos-el-viernes\\\/#organizationLogo\"},\"sameAs\":[\"https:\\\/\\\/facebook.com\\\/eldigitaldeasturias\",\"https:\\\/\\\/www.youtube.com\\\/channel\\\/UCZP-2wLEB9Rv6erhFmqVnvg\"],\"address\":{\"@id\":\"https:\\\/\\\/www.eldigitaldeasturias.com\\\/noticias\\\/#postaladdress\",\"@type\":\"PostalAddress\",\"streetAddress\":\"san antonio 4\",\"postalCode\":\"33430\",\"addressLocality\":\"Cand\\u00e1s\",\"addressRegion\":\"Asturias\",\"addressCountry\":\"ES\"}},{\"@type\":\"Person\",\"@id\":\"https:\\\/\\\/www.eldigitaldeasturias.com\\\/noticias\\\/author\\\/admin\\\/#author\",\"url\":\"https:\\\/\\\/www.eldigitaldeasturias.com\\\/noticias\\\/author\\\/admin\\\/\",\"name\":\"El Digital de Asturias\",\"image\":{\"@type\":\"ImageObject\",\"@id\":\"https:\\\/\\\/www.eldigitaldeasturias.com\\\/noticias\\\/la-iglesia-de-suria-se-abarrota-para-despedir-a-los-2-mineros-muertos-el-viernes\\\/#authorImage\",\"url\":\"https:\\\/\\\/secure.gravatar.com\\\/avatar\\\/df2aeffc32bcd13f8d26072ef8a91b623d677766deac7f97ca815868cd41bf5e?s=96&d=mm&r=g\",\"width\":96,\"height\":96,\"caption\":\"El Digital de Asturias\"}},{\"@type\":\"WebPage\",\"@id\":\"https:\\\/\\\/www.eldigitaldeasturias.com\\\/noticias\\\/la-iglesia-de-suria-se-abarrota-para-despedir-a-los-2-mineros-muertos-el-viernes\\\/#webpage\",\"url\":\"https:\\\/\\\/www.eldigitaldeasturias.com\\\/noticias\\\/la-iglesia-de-suria-se-abarrota-para-despedir-a-los-2-mineros-muertos-el-viernes\\\/\",\"name\":\"La iglesia de S\\u00faria se abarrota para despedir a los 2 mineros muertos el viernes - El Digital de Asturias\",\"description\":\"Barcelona, 8 dic (EFE).- Los dos mineros fallecidos el pasado viernes al desprenderse el techo de la galer\\u00eda de una mina de Iberpotash en S\\u00faria (Barcelona) han sido despedidos por sus familiares, amigos y vecinos en un multitudinario funeral que ha dejado peque\\u00f1a la iglesia de Sant Crist\\u00f2fol de esta localidad. Los f\\u00e9retros con los\",\"inLanguage\":\"es-ES\",\"isPartOf\":{\"@id\":\"https:\\\/\\\/www.eldigitaldeasturias.com\\\/noticias\\\/#website\"},\"breadcrumb\":{\"@id\":\"https:\\\/\\\/www.eldigitaldeasturias.com\\\/noticias\\\/la-iglesia-de-suria-se-abarrota-para-despedir-a-los-2-mineros-muertos-el-viernes\\\/#breadcrumblist\"},\"author\":{\"@id\":\"https:\\\/\\\/www.eldigitaldeasturias.com\\\/noticias\\\/author\\\/admin\\\/#author\"},\"creator\":{\"@id\":\"https:\\\/\\\/www.eldigitaldeasturias.com\\\/noticias\\\/author\\\/admin\\\/#author\"},\"image\":{\"@type\":\"ImageObject\",\"url\":459345,\"@id\":\"https:\\\/\\\/www.eldigitaldeasturias.com\\\/noticias\\\/la-iglesia-de-suria-se-abarrota-para-despedir-a-los-2-mineros-muertos-el-viernes\\\/#mainImage\"},\"primaryImageOfPage\":{\"@id\":\"https:\\\/\\\/www.eldigitaldeasturias.com\\\/noticias\\\/la-iglesia-de-suria-se-abarrota-para-despedir-a-los-2-mineros-muertos-el-viernes\\\/#mainImage\"},\"datePublished\":\"2013-12-08T20:45:32+01:00\",\"dateModified\":\"2013-12-08T20:45:32+01:00\"},{\"@type\":\"WebSite\",\"@id\":\"https:\\\/\\\/www.eldigitaldeasturias.com\\\/noticias\\\/#website\",\"url\":\"https:\\\/\\\/www.eldigitaldeasturias.com\\\/noticias\\\/\",\"name\":\"El Digital de Asturias - Diario de actualidad y noticias\",\"alternateName\":\"El Digital de Asturias - Diario de actualidad y noticias\",\"description\":\"Hemeroteca\",\"inLanguage\":\"es-ES\",\"publisher\":{\"@id\":\"https:\\\/\\\/www.eldigitaldeasturias.com\\\/noticias\\\/#organization\"}}]}\n\t\t<\/script>\n\t\t<!-- All in One SEO Pro -->\r\n\t\t<title>La iglesia de S\u00faria se abarrota para despedir a los 2 mineros muertos el viernes - El Digital de Asturias<\/title>\n\n","aioseo_head_json":{"title":"La iglesia de S\u00faria se abarrota para despedir a los 2 mineros muertos el viernes - El Digital de Asturias","description":"Barcelona, 8 dic (EFE).- Los dos mineros fallecidos el pasado viernes al desprenderse el techo de la galer\u00eda de una mina de Iberpotash en S\u00faria (Barcelona) han sido despedidos por sus familiares, amigos y vecinos en un multitudinario funeral que ha dejado peque\u00f1a la iglesia de Sant Crist\u00f2fol de esta localidad. Los f\u00e9retros con los","canonical_url":"https:\/\/www.eldigitaldeasturias.com\/noticias\/la-iglesia-de-suria-se-abarrota-para-despedir-a-los-2-mineros-muertos-el-viernes\/","robots":"max-image-preview:large","keywords":"sucesos","webmasterTools":{"google-site-verification":"UA-38556648-1","msvalidate.01":"7dfe9f3f1b24437ab69f4f2559babe99","miscellaneous":""},"schema":{"@context":"https:\/\/schema.org","@graph":[{"@type":"BlogPosting","@id":"https:\/\/www.eldigitaldeasturias.com\/noticias\/la-iglesia-de-suria-se-abarrota-para-despedir-a-los-2-mineros-muertos-el-viernes\/#blogposting","name":"La iglesia de S\u00faria se abarrota para despedir a los 2 mineros muertos el viernes - El Digital de Asturias","headline":"La iglesia de S\u00faria se abarrota para despedir a los 2 mineros muertos el viernes","author":{"@id":"https:\/\/www.eldigitaldeasturias.com\/noticias\/author\/admin\/#author"},"publisher":{"@id":"https:\/\/www.eldigitaldeasturias.com\/noticias\/#organization"},"image":{"@type":"ImageObject","url":459345},"datePublished":"2013-12-08T20:45:32+01:00","dateModified":"2013-12-08T20:45:32+01:00","inLanguage":"es-ES","mainEntityOfPage":{"@id":"https:\/\/www.eldigitaldeasturias.com\/noticias\/la-iglesia-de-suria-se-abarrota-para-despedir-a-los-2-mineros-muertos-el-viernes\/#webpage"},"isPartOf":{"@id":"https:\/\/www.eldigitaldeasturias.com\/noticias\/la-iglesia-de-suria-se-abarrota-para-despedir-a-los-2-mineros-muertos-el-viernes\/#webpage"},"articleSection":"Sucesos"},{"@type":"BreadcrumbList","@id":"https:\/\/www.eldigitaldeasturias.com\/noticias\/la-iglesia-de-suria-se-abarrota-para-despedir-a-los-2-mineros-muertos-el-viernes\/#breadcrumblist","itemListElement":[{"@type":"ListItem","@id":"https:\/\/www.eldigitaldeasturias.com\/noticias#listItem","position":1,"name":"Home","item":"https:\/\/www.eldigitaldeasturias.com\/noticias","nextItem":{"@type":"ListItem","@id":"https:\/\/www.eldigitaldeasturias.com\/noticias\/category\/sucesos\/#listItem","name":"Sucesos"}},{"@type":"ListItem","@id":"https:\/\/www.eldigitaldeasturias.com\/noticias\/category\/sucesos\/#listItem","position":2,"name":"Sucesos","item":"https:\/\/www.eldigitaldeasturias.com\/noticias\/category\/sucesos\/","nextItem":{"@type":"ListItem","@id":"https:\/\/www.eldigitaldeasturias.com\/noticias\/la-iglesia-de-suria-se-abarrota-para-despedir-a-los-2-mineros-muertos-el-viernes\/#listItem","name":"La iglesia de S\u00faria se abarrota para despedir a los 2 mineros muertos el viernes"},"previousItem":{"@type":"ListItem","@id":"https:\/\/www.eldigitaldeasturias.com\/noticias#listItem","name":"Home"}},{"@type":"ListItem","@id":"https:\/\/www.eldigitaldeasturias.com\/noticias\/la-iglesia-de-suria-se-abarrota-para-despedir-a-los-2-mineros-muertos-el-viernes\/#listItem","position":3,"name":"La iglesia de S\u00faria se abarrota para despedir a los 2 mineros muertos el viernes","previousItem":{"@type":"ListItem","@id":"https:\/\/www.eldigitaldeasturias.com\/noticias\/category\/sucesos\/#listItem","name":"Sucesos"}}]},{"@type":"Organization","@id":"https:\/\/www.eldigitaldeasturias.com\/noticias\/#organization","name":"El Digital de Asturias","description":"Hemeroteca","url":"https:\/\/www.eldigitaldeasturias.com\/noticias\/","email":"info@eldigitaldeasturias.com","telephone":"+34652131393","logo":{"@type":"ImageObject","url":"https:\/\/www.eldigitaldeasturias.com\/noticias\/wp-content\/uploads\/2020\/12\/EDA.jpg","@id":"https:\/\/www.eldigitaldeasturias.com\/noticias\/la-iglesia-de-suria-se-abarrota-para-despedir-a-los-2-mineros-muertos-el-viernes\/#organizationLogo"},"image":{"@id":"https:\/\/www.eldigitaldeasturias.com\/noticias\/la-iglesia-de-suria-se-abarrota-para-despedir-a-los-2-mineros-muertos-el-viernes\/#organizationLogo"},"sameAs":["https:\/\/facebook.com\/eldigitaldeasturias","https:\/\/www.youtube.com\/channel\/UCZP-2wLEB9Rv6erhFmqVnvg"],"address":{"@id":"https:\/\/www.eldigitaldeasturias.com\/noticias\/#postaladdress","@type":"PostalAddress","streetAddress":"san antonio 4","postalCode":"33430","addressLocality":"Cand\u00e1s","addressRegion":"Asturias","addressCountry":"ES"}},{"@type":"Person","@id":"https:\/\/www.eldigitaldeasturias.com\/noticias\/author\/admin\/#author","url":"https:\/\/www.eldigitaldeasturias.com\/noticias\/author\/admin\/","name":"El Digital de Asturias","image":{"@type":"ImageObject","@id":"https:\/\/www.eldigitaldeasturias.com\/noticias\/la-iglesia-de-suria-se-abarrota-para-despedir-a-los-2-mineros-muertos-el-viernes\/#authorImage","url":"https:\/\/secure.gravatar.com\/avatar\/df2aeffc32bcd13f8d26072ef8a91b623d677766deac7f97ca815868cd41bf5e?s=96&d=mm&r=g","width":96,"height":96,"caption":"El Digital de Asturias"}},{"@type":"WebPage","@id":"https:\/\/www.eldigitaldeasturias.com\/noticias\/la-iglesia-de-suria-se-abarrota-para-despedir-a-los-2-mineros-muertos-el-viernes\/#webpage","url":"https:\/\/www.eldigitaldeasturias.com\/noticias\/la-iglesia-de-suria-se-abarrota-para-despedir-a-los-2-mineros-muertos-el-viernes\/","name":"La iglesia de S\u00faria se abarrota para despedir a los 2 mineros muertos el viernes - El Digital de Asturias","description":"Barcelona, 8 dic (EFE).- Los dos mineros fallecidos el pasado viernes al desprenderse el techo de la galer\u00eda de una mina de Iberpotash en S\u00faria (Barcelona) han sido despedidos por sus familiares, amigos y vecinos en un multitudinario funeral que ha dejado peque\u00f1a la iglesia de Sant Crist\u00f2fol de esta localidad. Los f\u00e9retros con los","inLanguage":"es-ES","isPartOf":{"@id":"https:\/\/www.eldigitaldeasturias.com\/noticias\/#website"},"breadcrumb":{"@id":"https:\/\/www.eldigitaldeasturias.com\/noticias\/la-iglesia-de-suria-se-abarrota-para-despedir-a-los-2-mineros-muertos-el-viernes\/#breadcrumblist"},"author":{"@id":"https:\/\/www.eldigitaldeasturias.com\/noticias\/author\/admin\/#author"},"creator":{"@id":"https:\/\/www.eldigitaldeasturias.com\/noticias\/author\/admin\/#author"},"image":{"@type":"ImageObject","url":459345,"@id":"https:\/\/www.eldigitaldeasturias.com\/noticias\/la-iglesia-de-suria-se-abarrota-para-despedir-a-los-2-mineros-muertos-el-viernes\/#mainImage"},"primaryImageOfPage":{"@id":"https:\/\/www.eldigitaldeasturias.com\/noticias\/la-iglesia-de-suria-se-abarrota-para-despedir-a-los-2-mineros-muertos-el-viernes\/#mainImage"},"datePublished":"2013-12-08T20:45:32+01:00","dateModified":"2013-12-08T20:45:32+01:00"},{"@type":"WebSite","@id":"https:\/\/www.eldigitaldeasturias.com\/noticias\/#website","url":"https:\/\/www.eldigitaldeasturias.com\/noticias\/","name":"El Digital de Asturias - Diario de actualidad y noticias","alternateName":"El Digital de Asturias - Diario de actualidad y noticias","description":"Hemeroteca","inLanguage":"es-ES","publisher":{"@id":"https:\/\/www.eldigitaldeasturias.com\/noticias\/#organization"}}]},"og:locale":"es_ES","og:site_name":"El Digital de Asturias","og:type":"article","og:title":"La iglesia de S\u00faria se abarrota para despedir a los 2 mineros muertos el viernes - El Digital de Asturias","og:description":"Barcelona, 8 dic (EFE).- Los dos mineros fallecidos el pasado viernes al desprenderse el techo de la galer\u00eda de una mina de Iberpotash en S\u00faria (Barcelona) han sido despedidos por sus familiares, amigos y vecinos en un multitudinario funeral que ha dejado peque\u00f1a la iglesia de Sant Crist\u00f2fol de esta localidad. Los f\u00e9retros con los","og:url":"https:\/\/www.eldigitaldeasturias.com\/noticias\/la-iglesia-de-suria-se-abarrota-para-despedir-a-los-2-mineros-muertos-el-viernes\/","article:tag":["sucesos"],"article:published_time":"2013-12-08T21:45:32+00:00","article:modified_time":"2013-12-08T21:45:32+00:00","article:publisher":"https:\/\/facebook.com\/eldigitaldeasturias","twitter:card":"summary_large_image","twitter:title":"La iglesia de S\u00faria se abarrota para despedir a los 2 mineros muertos el viernes - El Digital de Asturias","twitter:description":"Barcelona, 8 dic (EFE).- Los dos mineros fallecidos el pasado viernes al desprenderse el techo de la galer\u00eda de una mina de Iberpotash en S\u00faria (Barcelona) han sido despedidos por sus familiares, amigos y vecinos en un multitudinario funeral que ha dejado peque\u00f1a la iglesia de Sant Crist\u00f2fol de esta localidad. Los f\u00e9retros con los","twitter:label1":"Escrito por","twitter:data1":"El Digital de Asturias","twitter:label2":"Tiempo de lectura estimado","twitter:data2":"2 minutos"},"aioseo_meta_data":{"post_id":"459344","title":null,"description":null,"keywords":null,"keyphrases":null,"primary_term":null,"canonical_url":null,"og_title":null,"og_description":null,"og_object_type":"default","og_image_type":"default","og_image_url":null,"og_image_width":null,"og_image_height":null,"og_image_custom_url":null,"og_image_custom_fields":null,"og_video":null,"og_custom_url":null,"og_article_section":null,"og_article_tags":null,"twitter_use_og":true,"twitter_card":"default","twitter_image_type":"default","twitter_image_url":null,"twitter_image_custom_url":null,"twitter_image_custom_fields":null,"twitter_title":null,"twitter_description":null,"schema":{"blockGraphs":[],"customGraphs":[],"default":{"data":{"Article":[],"Course":[],"Dataset":[],"FAQPage":[],"Movie":[],"Person":[],"Product":[],"ProductReview":[],"Car":[],"Recipe":[],"Service":[],"SoftwareApplication":[],"WebPage":[]},"graphName":"","isEnabled":true},"graphs":[],"defaultGraph":"","defaultPostTypeGraph":""},"schema_type":null,"schema_type_options":null,"pillar_content":false,"robots_default":true,"robots_noindex":false,"robots_noarchive":false,"robots_nosnippet":false,"robots_nofollow":false,"robots_noimageindex":false,"robots_noodp":false,"robots_notranslate":false,"robots_max_snippet":null,"robots_max_videopreview":null,"robots_max_imagepreview":"none","priority":null,"frequency":null,"local_seo":null,"seo_analyzer_scan_date":"2026-05-30 09:01:26","breadcrumb_settings":null,"limit_modified_date":false,"open_ai":null,"ai":null,"created":"2020-11-14 22:47:35","updated":"2026-05-30 09:01:26","focus_keyword":null,"additional_keywords":null,"truseo_locale":null},"aioseo_breadcrumb":"<div class=\"aioseo-breadcrumbs\"><span class=\"aioseo-breadcrumb\">\n\t<a href=\"https:\/\/www.eldigitaldeasturias.com\/noticias\" title=\"Home\">Home<\/a>\n<\/span><span class=\"aioseo-breadcrumb-separator\">\u2013<\/span><span class=\"aioseo-breadcrumb\">\n\t<a href=\"https:\/\/www.eldigitaldeasturias.com\/noticias\/category\/sucesos\/\" title=\"Sucesos\">Sucesos<\/a>\n<\/span><span class=\"aioseo-breadcrumb-separator\">\u2013<\/span><span class=\"aioseo-breadcrumb\">\n\t<a href=\"https:\/\/www.eldigitaldeasturias.com\/noticias\/la-iglesia-de-suria-se-abarrota-para-despedir-a-los-2-mineros-muertos-el-viernes\/\" title=\"La iglesia de S\u00faria se abarrota para despedir a los 2 mineros muertos el viernes\">La iglesia de S\u00faria se abarrota para despedir a los 2 mineros muertos el viernes<\/a>\n<\/span><\/div>","aioseo_breadcrumb_json":[{"label":"Home","link":"https:\/\/www.eldigitaldeasturias.com\/noticias"},{"label":"Sucesos","link":"https:\/\/www.eldigitaldeasturias.com\/noticias\/category\/sucesos\/"},{"label":"La iglesia de S\u00faria se abarrota para despedir a los 2 mineros muertos el viernes","link":"https:\/\/www.eldigitaldeasturias.com\/noticias\/la-iglesia-de-suria-se-abarrota-para-despedir-a-los-2-mineros-muertos-el-viernes\/"}],"_links":{"self":[{"href":"https:\/\/www.eldigitaldeasturias.com\/noticias\/wp-json\/wp\/v2\/posts\/459344","targetHints":{"allow":["GET"]}}],"collection":[{"href":"https:\/\/www.eldigitaldeasturias.com\/noticias\/wp-json\/wp\/v2\/posts"}],"about":[{"href":"https:\/\/www.eldigitaldeasturias.com\/noticias\/wp-json\/wp\/v2\/types\/post"}],"author":[{"embeddable":true,"href":"https:\/\/www.eldigitaldeasturias.com\/noticias\/wp-json\/wp\/v2\/users\/1"}],"replies":[{"embeddable":true,"href":"https:\/\/www.eldigitaldeasturias.com\/noticias\/wp-json\/wp\/v2\/comments?post=459344"}],"version-history":[{"count":0,"href":"https:\/\/www.eldigitaldeasturias.com\/noticias\/wp-json\/wp\/v2\/posts\/459344\/revisions"}],"wp:attachment":[{"href":"https:\/\/www.eldigitaldeasturias.com\/noticias\/wp-json\/wp\/v2\/media?parent=459344"}],"wp:term":[{"taxonomy":"category","embeddable":true,"href":"https:\/\/www.eldigitaldeasturias.com\/noticias\/wp-json\/wp\/v2\/categories?post=459344"},{"taxonomy":"post_tag","embeddable":true,"href":"https:\/\/www.eldigitaldeasturias.com\/noticias\/wp-json\/wp\/v2\/tags?post=459344"}],"curies":[{"name":"wp","href":"https:\/\/api.w.org\/{rel}","templated":true}]}}