{"id":459341,"date":"2013-12-08T20:38:32","date_gmt":"2013-12-08T21:38:32","guid":{"rendered":"http:\/\/www.eldigitaldeasturias.com\/noticias\/?p=459341"},"modified":"2013-12-08T20:38:32","modified_gmt":"2013-12-08T21:38:32","slug":"el-mazapan-y-el-greco-dos-simbolos-de-toledo-que-conmemoran-su-iv-centenario","status":"publish","type":"post","link":"https:\/\/www.eldigitaldeasturias.com\/noticias\/el-mazapan-y-el-greco-dos-simbolos-de-toledo-que-conmemoran-su-iv-centenario\/","title":{"rendered":"El mazap\u00e1n y el Greco, dos s\u00edmbolos de Toledo que conmemoran su IV centenario"},"content":{"rendered":"<p><img loading=\"lazy\" decoding=\"async\" class=\"alignleft size-medium wp-image-459342\" alt=\"5779669w\" src=\"https:\/\/www.eldigitaldeasturias.com\/noticias\/wp-content\/uploads\/2013\/12\/5779669w-360x239.jpg\" width=\"360\" height=\"239\" \/>Toledo, 8 dic (EFE).- Toledo conmemora este inminente 2014 el cuarto centenario de la muerte del Greco. Pero tambi\u00e9n se cumplen ahora cuatro siglos de las primeras ordenanzas del gremio del mazap\u00e1n toledano, que tambi\u00e9n es un s\u00edmbolo de la ciudad imperial.<\/p>\n<p>Hace ahora cuatrocientos a\u00f1os ocho confiteros toledanos decidieron pedir unas ordenanzas que regularan su oficio y estuvieron batallando m\u00e1s de un a\u00f1o hasta lograrlo, seg\u00fan los documentos consultados por Efe en el Archivo Municipal de Toledo y la informaci\u00f3n aportada por el director del Archivo, Mariano Garc\u00eda-Ruip\u00e9rez.<\/p>\n<p>No les fue sencillo conseguir unas ordenanzas que, entre otros aspectos, recog\u00edan la formaci\u00f3n que deb\u00edan tener los futuros confiteros y qu\u00e9 materias primas deb\u00edan utilizarse para que el producto tuviera calidad, ya fueran mermeladas o mazap\u00e1n.<\/p>\n<p>El 23 de octubre de 1613, ocho confiteros presentaron al corregidor de Toledo una solicitud para tener unas ordenanzas \u00abpara el buen uso\u00bb de su oficio y para que \u00abse labren las confituras y conservas, que son regalo y medicina de los enfermos, con la fineza y aprovechamiento que se requiere\u00bb.<\/p>\n<p>Los maestros reposteros que promovieron su reglamento fueron Bernardino D\u00edaz, Luis de Villatobas, Juan L\u00f3pez de Quintana, Mateo Hern\u00e1ndez, Crist\u00f3bal Jim\u00e9nez, Juan Y\u00e1\u00f1ez, Francisco S\u00e1nchez y Pardo Atienza.<\/p>\n<p>Los informes de los t\u00e9cnicos municipales, fechados en junio de 1614, se\u00f1alaron que no ve\u00edan impedimento \u00abni cosa da\u00f1osa\u00bb en las ordenanzas, sino que m\u00e1s bien las ve\u00edan \u00ab\u00fatiles y convenientes\u00bb, y, por tanto, ped\u00edan al Consejo de Castilla que las ratificara.<\/p>\n<p>Uno de los juristas que firm\u00f3 este informe era Alonso de Narbona, uno de los \u00abgrandes\u00bb letrados de la \u00e9poca, afirma Garc\u00eda-Ruip\u00e9rez.<\/p>\n<p>Al mes siguiente, el rey Felipe III pide al corregir de Toledo que informe sobre las citadas ordenanzas y el corregidor inicia un periodo de consultas durante el cual se encontr\u00f3 con el rechazo del cabildo del jurado, que era un \u00f3rgano de elecci\u00f3n popular y representaba a los parroquianos.<\/p>\n<p>As\u00ed, en el mes de agosto de 1614 el cabildo firma un escrito oponi\u00e9ndose a las ordenanzas de los confiteros \u00abporque de tiempo inmemorial los confiteros han usado sus oficios y hecho sus confituras sin haberse gobernado por ordenanzas\u00bb y deben seguir de este modo.<\/p>\n<p>Adem\u00e1s, pide al corregidor que no apruebe las ordenanzas porque ir\u00e1n en \u00abperjuicio\u00bb de los vecinos ya que habr\u00e1 menos competencia y se elevar\u00e1 el precio de los productos. Y apuntan que a m\u00e1s establecimientos habr\u00e1 \u00abmejores y m\u00e1s acomodados precios\u00bb y, por contra, \u00abhabiendo menos n\u00famero de tratantes es cosa clara que se subir\u00e1n los precios\u00bb.<\/p>\n<p>Sin embargo, los letrados se reafirmaron en su informe positivo y Felipe III aprob\u00f3 las ordenanzas, que incluyen catorce art\u00edculos, el 21 de enero de 1615.<\/p>\n<p>Tres art\u00edculos hacen referencia expresa al mazap\u00e1n, que debe hacerse con almendras de Valencia y az\u00facar blanco y con el enrejado de almendra pelada, y fija la pena por no elaborarlo as\u00ed, que ascend\u00eda a mil maraved\u00edes.<\/p>\n<p>El Archivo Municipal de Toledo tambi\u00e9n alberga un t\u00edtulo que el gremio otorg\u00f3 a un alumno examinado para ser repostero. Se trata de Alfonso del Val y Heredia, vecino de Alc\u00e1zar de San Juan (Ciudad Real) de 24 a\u00f1os, que respondi\u00f3 correctamente a las cuestiones y a quien se concedi\u00f3 el t\u00edtulo aunque por alguna desconocida raz\u00f3n nunca lo recogi\u00f3 y a\u00fan permanece en el Archivo.<\/p>\n<p>Antes de presentarse al examen, el futuro repostero deb\u00eda pasar tres a\u00f1os de aprendizaje en casa del maestro del gremio.<\/p>\n<p>El director del Archivo Municipal destaca el hecho de que confiteros de otros municipios acudieran a examinarse a Toledo, porque los gremios \u00fanicamente estaban reconocidos en pocos y muy determinados municipios.<\/p>\n<p>Cuatrocientos a\u00f1os despu\u00e9s, Toledo mantiene su tradici\u00f3n en la elaboraci\u00f3n del mazap\u00e1n. La provincia produce unos tres millones de kilogramos de mazap\u00e1n al a\u00f1o y aglutina a dos mil trabajadores, seg\u00fan datos de la Asociaci\u00f3n Provincial de Fabricantes de Turrones y Mazapanes.<\/p>\n<p>Lidia Yanel<\/p>\n","protected":false},"excerpt":{"rendered":"<p>Toledo, 8 dic (EFE).- Toledo conmemora este inminente 2014 el cuarto centenario de la muerte del Greco. Pero tambi\u00e9n se cumplen ahora cuatro siglos de las primeras ordenanzas del gremio del mazap\u00e1n toledano, que tambi\u00e9n es un s\u00edmbolo de la ciudad imperial. Hace ahora cuatrocientos a\u00f1os ocho confiteros toledanos decidieron pedir unas ordenanzas que regularan [&hellip;]<\/p>\n","protected":false},"author":1,"featured_media":459342,"comment_status":"closed","ping_status":"open","sticky":false,"template":"","format":"standard","meta":{"footnotes":""},"categories":[50],"tags":[],"class_list":["post-459341","post","type-post","status-publish","format-standard","has-post-thumbnail","hentry","category-revista-de-ocio"],"aioseo_notices":[],"aioseo_head":"\n\t\t<!-- All in One SEO Pro 5.0.1 - aioseo.com -->\n\t<meta name=\"description\" content=\"Toledo, 8 dic (EFE).- Toledo conmemora este inminente 2014 el cuarto centenario de la muerte del Greco. Pero tambi\u00e9n se cumplen ahora cuatro siglos de las primeras ordenanzas del gremio del mazap\u00e1n toledano, que tambi\u00e9n es un s\u00edmbolo de la ciudad imperial. Hace ahora cuatrocientos a\u00f1os ocho confiteros toledanos decidieron pedir unas ordenanzas que regularan\" \/>\n\t<meta name=\"robots\" content=\"max-image-preview:large\" \/>\n\t<meta name=\"author\" content=\"El Digital de Asturias\"\/>\n\t<meta name=\"google-site-verification\" content=\"UA-38556648-1\" \/>\n\t<meta name=\"msvalidate.01\" content=\"7dfe9f3f1b24437ab69f4f2559babe99\" \/>\n\t<meta name=\"keywords\" content=\"revista de ocio\" \/>\n\t<link rel=\"canonical\" href=\"https:\/\/www.eldigitaldeasturias.com\/noticias\/el-mazapan-y-el-greco-dos-simbolos-de-toledo-que-conmemoran-su-iv-centenario\/\" \/>\n\t<meta name=\"generator\" content=\"All in One SEO Pro (AIOSEO) 5.0.1\" \/>\n\t\t<meta property=\"og:locale\" content=\"es_ES\" \/>\n\t\t<meta property=\"og:site_name\" content=\"El Digital de Asturias\" \/>\n\t\t<meta property=\"og:type\" content=\"article\" \/>\n\t\t<meta property=\"og:title\" content=\"El mazap\u00e1n y el Greco, dos s\u00edmbolos de Toledo que conmemoran su IV centenario - El Digital de Asturias\" \/>\n\t\t<meta property=\"og:description\" content=\"Toledo, 8 dic (EFE).- Toledo conmemora este inminente 2014 el cuarto centenario de la muerte del Greco. Pero tambi\u00e9n se cumplen ahora cuatro siglos de las primeras ordenanzas del gremio del mazap\u00e1n toledano, que tambi\u00e9n es un s\u00edmbolo de la ciudad imperial. Hace ahora cuatrocientos a\u00f1os ocho confiteros toledanos decidieron pedir unas ordenanzas que regularan\" \/>\n\t\t<meta property=\"og:url\" content=\"https:\/\/www.eldigitaldeasturias.com\/noticias\/el-mazapan-y-el-greco-dos-simbolos-de-toledo-que-conmemoran-su-iv-centenario\/\" \/>\n\t\t<meta property=\"article:tag\" content=\"revista de ocio\" \/>\n\t\t<meta property=\"article:published_time\" content=\"2013-12-08T21:38:32+00:00\" \/>\n\t\t<meta property=\"article:modified_time\" content=\"2013-12-08T21:38:32+00:00\" \/>\n\t\t<meta property=\"article:publisher\" content=\"https:\/\/facebook.com\/eldigitaldeasturias\" \/>\n\t\t<meta name=\"twitter:card\" content=\"summary_large_image\" \/>\n\t\t<meta name=\"twitter:title\" content=\"El mazap\u00e1n y el Greco, dos s\u00edmbolos de Toledo que conmemoran su IV centenario - El Digital de Asturias\" \/>\n\t\t<meta name=\"twitter:description\" content=\"Toledo, 8 dic (EFE).- Toledo conmemora este inminente 2014 el cuarto centenario de la muerte del Greco. Pero tambi\u00e9n se cumplen ahora cuatro siglos de las primeras ordenanzas del gremio del mazap\u00e1n toledano, que tambi\u00e9n es un s\u00edmbolo de la ciudad imperial. Hace ahora cuatrocientos a\u00f1os ocho confiteros toledanos decidieron pedir unas ordenanzas que regularan\" \/>\n\t\t<meta name=\"twitter:label1\" content=\"Escrito por\" \/>\n\t\t<meta name=\"twitter:data1\" content=\"El Digital de Asturias\" \/>\n\t\t<meta name=\"twitter:label2\" content=\"Tiempo de lectura estimado\" \/>\n\t\t<meta name=\"twitter:data2\" content=\"4 minutos\" \/>\n\t\t<script type=\"application\/ld+json\" class=\"aioseo-schema\">\n\t\t\t{\"@context\":\"https:\\\/\\\/schema.org\",\"@graph\":[{\"@type\":\"BlogPosting\",\"@id\":\"https:\\\/\\\/www.eldigitaldeasturias.com\\\/noticias\\\/el-mazapan-y-el-greco-dos-simbolos-de-toledo-que-conmemoran-su-iv-centenario\\\/#blogposting\",\"name\":\"El mazap\\u00e1n y el Greco, dos s\\u00edmbolos de Toledo que conmemoran su IV centenario - El Digital de Asturias\",\"headline\":\"El mazap\\u00e1n y el Greco, dos s\\u00edmbolos de Toledo que conmemoran su IV centenario\",\"author\":{\"@id\":\"https:\\\/\\\/www.eldigitaldeasturias.com\\\/noticias\\\/author\\\/admin\\\/#author\"},\"publisher\":{\"@id\":\"https:\\\/\\\/www.eldigitaldeasturias.com\\\/noticias\\\/#organization\"},\"image\":{\"@type\":\"ImageObject\",\"url\":459342},\"datePublished\":\"2013-12-08T20:38:32+01:00\",\"dateModified\":\"2013-12-08T20:38:32+01:00\",\"inLanguage\":\"es-ES\",\"mainEntityOfPage\":{\"@id\":\"https:\\\/\\\/www.eldigitaldeasturias.com\\\/noticias\\\/el-mazapan-y-el-greco-dos-simbolos-de-toledo-que-conmemoran-su-iv-centenario\\\/#webpage\"},\"isPartOf\":{\"@id\":\"https:\\\/\\\/www.eldigitaldeasturias.com\\\/noticias\\\/el-mazapan-y-el-greco-dos-simbolos-de-toledo-que-conmemoran-su-iv-centenario\\\/#webpage\"},\"articleSection\":\"Revista de Ocio\"},{\"@type\":\"BreadcrumbList\",\"@id\":\"https:\\\/\\\/www.eldigitaldeasturias.com\\\/noticias\\\/el-mazapan-y-el-greco-dos-simbolos-de-toledo-que-conmemoran-su-iv-centenario\\\/#breadcrumblist\",\"itemListElement\":[{\"@type\":\"ListItem\",\"@id\":\"https:\\\/\\\/www.eldigitaldeasturias.com\\\/noticias#listItem\",\"position\":1,\"name\":\"Home\",\"item\":\"https:\\\/\\\/www.eldigitaldeasturias.com\\\/noticias\",\"nextItem\":{\"@type\":\"ListItem\",\"@id\":\"https:\\\/\\\/www.eldigitaldeasturias.com\\\/noticias\\\/category\\\/revista-de-ocio\\\/#listItem\",\"name\":\"Revista de Ocio\"}},{\"@type\":\"ListItem\",\"@id\":\"https:\\\/\\\/www.eldigitaldeasturias.com\\\/noticias\\\/category\\\/revista-de-ocio\\\/#listItem\",\"position\":2,\"name\":\"Revista de Ocio\",\"item\":\"https:\\\/\\\/www.eldigitaldeasturias.com\\\/noticias\\\/category\\\/revista-de-ocio\\\/\",\"nextItem\":{\"@type\":\"ListItem\",\"@id\":\"https:\\\/\\\/www.eldigitaldeasturias.com\\\/noticias\\\/el-mazapan-y-el-greco-dos-simbolos-de-toledo-que-conmemoran-su-iv-centenario\\\/#listItem\",\"name\":\"El mazap\\u00e1n y el Greco, dos s\\u00edmbolos de Toledo que conmemoran su IV centenario\"},\"previousItem\":{\"@type\":\"ListItem\",\"@id\":\"https:\\\/\\\/www.eldigitaldeasturias.com\\\/noticias#listItem\",\"name\":\"Home\"}},{\"@type\":\"ListItem\",\"@id\":\"https:\\\/\\\/www.eldigitaldeasturias.com\\\/noticias\\\/el-mazapan-y-el-greco-dos-simbolos-de-toledo-que-conmemoran-su-iv-centenario\\\/#listItem\",\"position\":3,\"name\":\"El mazap\\u00e1n y el Greco, dos s\\u00edmbolos de Toledo que conmemoran su IV centenario\",\"previousItem\":{\"@type\":\"ListItem\",\"@id\":\"https:\\\/\\\/www.eldigitaldeasturias.com\\\/noticias\\\/category\\\/revista-de-ocio\\\/#listItem\",\"name\":\"Revista de Ocio\"}}]},{\"@type\":\"Organization\",\"@id\":\"https:\\\/\\\/www.eldigitaldeasturias.com\\\/noticias\\\/#organization\",\"name\":\"El Digital de Asturias\",\"description\":\"Hemeroteca\",\"url\":\"https:\\\/\\\/www.eldigitaldeasturias.com\\\/noticias\\\/\",\"email\":\"info@eldigitaldeasturias.com\",\"telephone\":\"+34652131393\",\"logo\":{\"@type\":\"ImageObject\",\"url\":\"https:\\\/\\\/www.eldigitaldeasturias.com\\\/noticias\\\/wp-content\\\/uploads\\\/2020\\\/12\\\/EDA.jpg\",\"@id\":\"https:\\\/\\\/www.eldigitaldeasturias.com\\\/noticias\\\/el-mazapan-y-el-greco-dos-simbolos-de-toledo-que-conmemoran-su-iv-centenario\\\/#organizationLogo\"},\"image\":{\"@id\":\"https:\\\/\\\/www.eldigitaldeasturias.com\\\/noticias\\\/el-mazapan-y-el-greco-dos-simbolos-de-toledo-que-conmemoran-su-iv-centenario\\\/#organizationLogo\"},\"sameAs\":[\"https:\\\/\\\/facebook.com\\\/eldigitaldeasturias\",\"https:\\\/\\\/www.youtube.com\\\/channel\\\/UCZP-2wLEB9Rv6erhFmqVnvg\"],\"address\":{\"@id\":\"https:\\\/\\\/www.eldigitaldeasturias.com\\\/noticias\\\/#postaladdress\",\"@type\":\"PostalAddress\",\"streetAddress\":\"san antonio 4\",\"postalCode\":\"33430\",\"addressLocality\":\"Cand\\u00e1s\",\"addressRegion\":\"Asturias\",\"addressCountry\":\"ES\"}},{\"@type\":\"Person\",\"@id\":\"https:\\\/\\\/www.eldigitaldeasturias.com\\\/noticias\\\/author\\\/admin\\\/#author\",\"url\":\"https:\\\/\\\/www.eldigitaldeasturias.com\\\/noticias\\\/author\\\/admin\\\/\",\"name\":\"El Digital de Asturias\",\"image\":{\"@type\":\"ImageObject\",\"@id\":\"https:\\\/\\\/www.eldigitaldeasturias.com\\\/noticias\\\/el-mazapan-y-el-greco-dos-simbolos-de-toledo-que-conmemoran-su-iv-centenario\\\/#authorImage\",\"url\":\"https:\\\/\\\/secure.gravatar.com\\\/avatar\\\/df2aeffc32bcd13f8d26072ef8a91b623d677766deac7f97ca815868cd41bf5e?s=96&d=mm&r=g\",\"width\":96,\"height\":96,\"caption\":\"El Digital de Asturias\"}},{\"@type\":\"WebPage\",\"@id\":\"https:\\\/\\\/www.eldigitaldeasturias.com\\\/noticias\\\/el-mazapan-y-el-greco-dos-simbolos-de-toledo-que-conmemoran-su-iv-centenario\\\/#webpage\",\"url\":\"https:\\\/\\\/www.eldigitaldeasturias.com\\\/noticias\\\/el-mazapan-y-el-greco-dos-simbolos-de-toledo-que-conmemoran-su-iv-centenario\\\/\",\"name\":\"El mazap\\u00e1n y el Greco, dos s\\u00edmbolos de Toledo que conmemoran su IV centenario - El Digital de Asturias\",\"description\":\"Toledo, 8 dic (EFE).- Toledo conmemora este inminente 2014 el cuarto centenario de la muerte del Greco. Pero tambi\\u00e9n se cumplen ahora cuatro siglos de las primeras ordenanzas del gremio del mazap\\u00e1n toledano, que tambi\\u00e9n es un s\\u00edmbolo de la ciudad imperial. Hace ahora cuatrocientos a\\u00f1os ocho confiteros toledanos decidieron pedir unas ordenanzas que regularan\",\"inLanguage\":\"es-ES\",\"isPartOf\":{\"@id\":\"https:\\\/\\\/www.eldigitaldeasturias.com\\\/noticias\\\/#website\"},\"breadcrumb\":{\"@id\":\"https:\\\/\\\/www.eldigitaldeasturias.com\\\/noticias\\\/el-mazapan-y-el-greco-dos-simbolos-de-toledo-que-conmemoran-su-iv-centenario\\\/#breadcrumblist\"},\"author\":{\"@id\":\"https:\\\/\\\/www.eldigitaldeasturias.com\\\/noticias\\\/author\\\/admin\\\/#author\"},\"creator\":{\"@id\":\"https:\\\/\\\/www.eldigitaldeasturias.com\\\/noticias\\\/author\\\/admin\\\/#author\"},\"image\":{\"@type\":\"ImageObject\",\"url\":459342,\"@id\":\"https:\\\/\\\/www.eldigitaldeasturias.com\\\/noticias\\\/el-mazapan-y-el-greco-dos-simbolos-de-toledo-que-conmemoran-su-iv-centenario\\\/#mainImage\"},\"primaryImageOfPage\":{\"@id\":\"https:\\\/\\\/www.eldigitaldeasturias.com\\\/noticias\\\/el-mazapan-y-el-greco-dos-simbolos-de-toledo-que-conmemoran-su-iv-centenario\\\/#mainImage\"},\"datePublished\":\"2013-12-08T20:38:32+01:00\",\"dateModified\":\"2013-12-08T20:38:32+01:00\"},{\"@type\":\"WebSite\",\"@id\":\"https:\\\/\\\/www.eldigitaldeasturias.com\\\/noticias\\\/#website\",\"url\":\"https:\\\/\\\/www.eldigitaldeasturias.com\\\/noticias\\\/\",\"name\":\"El Digital de Asturias - Diario de actualidad y noticias\",\"alternateName\":\"El Digital de Asturias - Diario de actualidad y noticias\",\"description\":\"Hemeroteca\",\"inLanguage\":\"es-ES\",\"publisher\":{\"@id\":\"https:\\\/\\\/www.eldigitaldeasturias.com\\\/noticias\\\/#organization\"}}]}\n\t\t<\/script>\n\t\t<!-- All in One SEO Pro -->\r\n\t\t<title>El mazap\u00e1n y el Greco, dos s\u00edmbolos de Toledo que conmemoran su IV centenario - El Digital de Asturias<\/title>\n\n","aioseo_head_json":{"title":"El mazap\u00e1n y el Greco, dos s\u00edmbolos de Toledo que conmemoran su IV centenario - El Digital de Asturias","description":"Toledo, 8 dic (EFE).- Toledo conmemora este inminente 2014 el cuarto centenario de la muerte del Greco. Pero tambi\u00e9n se cumplen ahora cuatro siglos de las primeras ordenanzas del gremio del mazap\u00e1n toledano, que tambi\u00e9n es un s\u00edmbolo de la ciudad imperial. Hace ahora cuatrocientos a\u00f1os ocho confiteros toledanos decidieron pedir unas ordenanzas que regularan","canonical_url":"https:\/\/www.eldigitaldeasturias.com\/noticias\/el-mazapan-y-el-greco-dos-simbolos-de-toledo-que-conmemoran-su-iv-centenario\/","robots":"max-image-preview:large","keywords":"revista de ocio","webmasterTools":{"google-site-verification":"UA-38556648-1","msvalidate.01":"7dfe9f3f1b24437ab69f4f2559babe99","miscellaneous":""},"schema":{"@context":"https:\/\/schema.org","@graph":[{"@type":"BlogPosting","@id":"https:\/\/www.eldigitaldeasturias.com\/noticias\/el-mazapan-y-el-greco-dos-simbolos-de-toledo-que-conmemoran-su-iv-centenario\/#blogposting","name":"El mazap\u00e1n y el Greco, dos s\u00edmbolos de Toledo que conmemoran su IV centenario - El Digital de Asturias","headline":"El mazap\u00e1n y el Greco, dos s\u00edmbolos de Toledo que conmemoran su IV centenario","author":{"@id":"https:\/\/www.eldigitaldeasturias.com\/noticias\/author\/admin\/#author"},"publisher":{"@id":"https:\/\/www.eldigitaldeasturias.com\/noticias\/#organization"},"image":{"@type":"ImageObject","url":459342},"datePublished":"2013-12-08T20:38:32+01:00","dateModified":"2013-12-08T20:38:32+01:00","inLanguage":"es-ES","mainEntityOfPage":{"@id":"https:\/\/www.eldigitaldeasturias.com\/noticias\/el-mazapan-y-el-greco-dos-simbolos-de-toledo-que-conmemoran-su-iv-centenario\/#webpage"},"isPartOf":{"@id":"https:\/\/www.eldigitaldeasturias.com\/noticias\/el-mazapan-y-el-greco-dos-simbolos-de-toledo-que-conmemoran-su-iv-centenario\/#webpage"},"articleSection":"Revista de Ocio"},{"@type":"BreadcrumbList","@id":"https:\/\/www.eldigitaldeasturias.com\/noticias\/el-mazapan-y-el-greco-dos-simbolos-de-toledo-que-conmemoran-su-iv-centenario\/#breadcrumblist","itemListElement":[{"@type":"ListItem","@id":"https:\/\/www.eldigitaldeasturias.com\/noticias#listItem","position":1,"name":"Home","item":"https:\/\/www.eldigitaldeasturias.com\/noticias","nextItem":{"@type":"ListItem","@id":"https:\/\/www.eldigitaldeasturias.com\/noticias\/category\/revista-de-ocio\/#listItem","name":"Revista de Ocio"}},{"@type":"ListItem","@id":"https:\/\/www.eldigitaldeasturias.com\/noticias\/category\/revista-de-ocio\/#listItem","position":2,"name":"Revista de Ocio","item":"https:\/\/www.eldigitaldeasturias.com\/noticias\/category\/revista-de-ocio\/","nextItem":{"@type":"ListItem","@id":"https:\/\/www.eldigitaldeasturias.com\/noticias\/el-mazapan-y-el-greco-dos-simbolos-de-toledo-que-conmemoran-su-iv-centenario\/#listItem","name":"El mazap\u00e1n y el Greco, dos s\u00edmbolos de Toledo que conmemoran su IV centenario"},"previousItem":{"@type":"ListItem","@id":"https:\/\/www.eldigitaldeasturias.com\/noticias#listItem","name":"Home"}},{"@type":"ListItem","@id":"https:\/\/www.eldigitaldeasturias.com\/noticias\/el-mazapan-y-el-greco-dos-simbolos-de-toledo-que-conmemoran-su-iv-centenario\/#listItem","position":3,"name":"El mazap\u00e1n y el Greco, dos s\u00edmbolos de Toledo que conmemoran su IV centenario","previousItem":{"@type":"ListItem","@id":"https:\/\/www.eldigitaldeasturias.com\/noticias\/category\/revista-de-ocio\/#listItem","name":"Revista de Ocio"}}]},{"@type":"Organization","@id":"https:\/\/www.eldigitaldeasturias.com\/noticias\/#organization","name":"El Digital de Asturias","description":"Hemeroteca","url":"https:\/\/www.eldigitaldeasturias.com\/noticias\/","email":"info@eldigitaldeasturias.com","telephone":"+34652131393","logo":{"@type":"ImageObject","url":"https:\/\/www.eldigitaldeasturias.com\/noticias\/wp-content\/uploads\/2020\/12\/EDA.jpg","@id":"https:\/\/www.eldigitaldeasturias.com\/noticias\/el-mazapan-y-el-greco-dos-simbolos-de-toledo-que-conmemoran-su-iv-centenario\/#organizationLogo"},"image":{"@id":"https:\/\/www.eldigitaldeasturias.com\/noticias\/el-mazapan-y-el-greco-dos-simbolos-de-toledo-que-conmemoran-su-iv-centenario\/#organizationLogo"},"sameAs":["https:\/\/facebook.com\/eldigitaldeasturias","https:\/\/www.youtube.com\/channel\/UCZP-2wLEB9Rv6erhFmqVnvg"],"address":{"@id":"https:\/\/www.eldigitaldeasturias.com\/noticias\/#postaladdress","@type":"PostalAddress","streetAddress":"san antonio 4","postalCode":"33430","addressLocality":"Cand\u00e1s","addressRegion":"Asturias","addressCountry":"ES"}},{"@type":"Person","@id":"https:\/\/www.eldigitaldeasturias.com\/noticias\/author\/admin\/#author","url":"https:\/\/www.eldigitaldeasturias.com\/noticias\/author\/admin\/","name":"El Digital de Asturias","image":{"@type":"ImageObject","@id":"https:\/\/www.eldigitaldeasturias.com\/noticias\/el-mazapan-y-el-greco-dos-simbolos-de-toledo-que-conmemoran-su-iv-centenario\/#authorImage","url":"https:\/\/secure.gravatar.com\/avatar\/df2aeffc32bcd13f8d26072ef8a91b623d677766deac7f97ca815868cd41bf5e?s=96&d=mm&r=g","width":96,"height":96,"caption":"El Digital de Asturias"}},{"@type":"WebPage","@id":"https:\/\/www.eldigitaldeasturias.com\/noticias\/el-mazapan-y-el-greco-dos-simbolos-de-toledo-que-conmemoran-su-iv-centenario\/#webpage","url":"https:\/\/www.eldigitaldeasturias.com\/noticias\/el-mazapan-y-el-greco-dos-simbolos-de-toledo-que-conmemoran-su-iv-centenario\/","name":"El mazap\u00e1n y el Greco, dos s\u00edmbolos de Toledo que conmemoran su IV centenario - El Digital de Asturias","description":"Toledo, 8 dic (EFE).- Toledo conmemora este inminente 2014 el cuarto centenario de la muerte del Greco. Pero tambi\u00e9n se cumplen ahora cuatro siglos de las primeras ordenanzas del gremio del mazap\u00e1n toledano, que tambi\u00e9n es un s\u00edmbolo de la ciudad imperial. Hace ahora cuatrocientos a\u00f1os ocho confiteros toledanos decidieron pedir unas ordenanzas que regularan","inLanguage":"es-ES","isPartOf":{"@id":"https:\/\/www.eldigitaldeasturias.com\/noticias\/#website"},"breadcrumb":{"@id":"https:\/\/www.eldigitaldeasturias.com\/noticias\/el-mazapan-y-el-greco-dos-simbolos-de-toledo-que-conmemoran-su-iv-centenario\/#breadcrumblist"},"author":{"@id":"https:\/\/www.eldigitaldeasturias.com\/noticias\/author\/admin\/#author"},"creator":{"@id":"https:\/\/www.eldigitaldeasturias.com\/noticias\/author\/admin\/#author"},"image":{"@type":"ImageObject","url":459342,"@id":"https:\/\/www.eldigitaldeasturias.com\/noticias\/el-mazapan-y-el-greco-dos-simbolos-de-toledo-que-conmemoran-su-iv-centenario\/#mainImage"},"primaryImageOfPage":{"@id":"https:\/\/www.eldigitaldeasturias.com\/noticias\/el-mazapan-y-el-greco-dos-simbolos-de-toledo-que-conmemoran-su-iv-centenario\/#mainImage"},"datePublished":"2013-12-08T20:38:32+01:00","dateModified":"2013-12-08T20:38:32+01:00"},{"@type":"WebSite","@id":"https:\/\/www.eldigitaldeasturias.com\/noticias\/#website","url":"https:\/\/www.eldigitaldeasturias.com\/noticias\/","name":"El Digital de Asturias - Diario de actualidad y noticias","alternateName":"El Digital de Asturias - Diario de actualidad y noticias","description":"Hemeroteca","inLanguage":"es-ES","publisher":{"@id":"https:\/\/www.eldigitaldeasturias.com\/noticias\/#organization"}}]},"og:locale":"es_ES","og:site_name":"El Digital de Asturias","og:type":"article","og:title":"El mazap\u00e1n y el Greco, dos s\u00edmbolos de Toledo que conmemoran su IV centenario - El Digital de Asturias","og:description":"Toledo, 8 dic (EFE).- Toledo conmemora este inminente 2014 el cuarto centenario de la muerte del Greco. Pero tambi\u00e9n se cumplen ahora cuatro siglos de las primeras ordenanzas del gremio del mazap\u00e1n toledano, que tambi\u00e9n es un s\u00edmbolo de la ciudad imperial. Hace ahora cuatrocientos a\u00f1os ocho confiteros toledanos decidieron pedir unas ordenanzas que regularan","og:url":"https:\/\/www.eldigitaldeasturias.com\/noticias\/el-mazapan-y-el-greco-dos-simbolos-de-toledo-que-conmemoran-su-iv-centenario\/","article:tag":["revista de ocio"],"article:published_time":"2013-12-08T21:38:32+00:00","article:modified_time":"2013-12-08T21:38:32+00:00","article:publisher":"https:\/\/facebook.com\/eldigitaldeasturias","twitter:card":"summary_large_image","twitter:title":"El mazap\u00e1n y el Greco, dos s\u00edmbolos de Toledo que conmemoran su IV centenario - El Digital de Asturias","twitter:description":"Toledo, 8 dic (EFE).- Toledo conmemora este inminente 2014 el cuarto centenario de la muerte del Greco. Pero tambi\u00e9n se cumplen ahora cuatro siglos de las primeras ordenanzas del gremio del mazap\u00e1n toledano, que tambi\u00e9n es un s\u00edmbolo de la ciudad imperial. Hace ahora cuatrocientos a\u00f1os ocho confiteros toledanos decidieron pedir unas ordenanzas que regularan","twitter:label1":"Escrito por","twitter:data1":"El Digital de Asturias","twitter:label2":"Tiempo de lectura estimado","twitter:data2":"4 minutos"},"aioseo_meta_data":{"post_id":"459341","title":null,"description":null,"keywords":null,"keyphrases":null,"primary_term":null,"canonical_url":null,"og_title":null,"og_description":null,"og_object_type":"default","og_image_type":"default","og_image_url":null,"og_image_width":null,"og_image_height":null,"og_image_custom_url":null,"og_image_custom_fields":null,"og_video":null,"og_custom_url":null,"og_article_section":null,"og_article_tags":null,"twitter_use_og":true,"twitter_card":"default","twitter_image_type":"default","twitter_image_url":null,"twitter_image_custom_url":null,"twitter_image_custom_fields":null,"twitter_title":null,"twitter_description":null,"schema":{"blockGraphs":[],"customGraphs":[],"default":{"data":{"Article":[],"Course":[],"Dataset":[],"FAQPage":[],"Movie":[],"Person":[],"Product":[],"ProductReview":[],"Car":[],"Recipe":[],"Service":[],"SoftwareApplication":[],"WebPage":[]},"graphName":"","isEnabled":true},"graphs":[],"defaultGraph":"","defaultPostTypeGraph":""},"schema_type":null,"schema_type_options":null,"pillar_content":false,"robots_default":true,"robots_noindex":false,"robots_noarchive":false,"robots_nosnippet":false,"robots_nofollow":false,"robots_noimageindex":false,"robots_noodp":false,"robots_notranslate":false,"robots_max_snippet":null,"robots_max_videopreview":null,"robots_max_imagepreview":"none","priority":null,"frequency":null,"local_seo":null,"seo_analyzer_scan_date":"2026-05-30 09:01:25","breadcrumb_settings":null,"limit_modified_date":false,"open_ai":null,"ai":null,"created":"2020-11-14 22:47:35","updated":"2026-05-30 09:01:25","focus_keyword":null,"additional_keywords":null,"truseo_locale":null},"aioseo_breadcrumb":"<div class=\"aioseo-breadcrumbs\"><span class=\"aioseo-breadcrumb\">\n\t<a href=\"https:\/\/www.eldigitaldeasturias.com\/noticias\" title=\"Home\">Home<\/a>\n<\/span><span class=\"aioseo-breadcrumb-separator\">\u2013<\/span><span class=\"aioseo-breadcrumb\">\n\t<a href=\"https:\/\/www.eldigitaldeasturias.com\/noticias\/category\/revista-de-ocio\/\" title=\"Revista de Ocio\">Revista de Ocio<\/a>\n<\/span><span class=\"aioseo-breadcrumb-separator\">\u2013<\/span><span class=\"aioseo-breadcrumb\">\n\t<a href=\"https:\/\/www.eldigitaldeasturias.com\/noticias\/el-mazapan-y-el-greco-dos-simbolos-de-toledo-que-conmemoran-su-iv-centenario\/\" title=\"El mazap\u00e1n y el Greco, dos s\u00edmbolos de Toledo que conmemoran su IV centenario\">El mazap\u00e1n y el Greco, dos s\u00edmbolos de Toledo que conmemoran su IV centenario<\/a>\n<\/span><\/div>","aioseo_breadcrumb_json":[{"label":"Home","link":"https:\/\/www.eldigitaldeasturias.com\/noticias"},{"label":"Revista de Ocio","link":"https:\/\/www.eldigitaldeasturias.com\/noticias\/category\/revista-de-ocio\/"},{"label":"El mazap\u00e1n y el Greco, dos s\u00edmbolos de Toledo que conmemoran su IV centenario","link":"https:\/\/www.eldigitaldeasturias.com\/noticias\/el-mazapan-y-el-greco-dos-simbolos-de-toledo-que-conmemoran-su-iv-centenario\/"}],"_links":{"self":[{"href":"https:\/\/www.eldigitaldeasturias.com\/noticias\/wp-json\/wp\/v2\/posts\/459341","targetHints":{"allow":["GET"]}}],"collection":[{"href":"https:\/\/www.eldigitaldeasturias.com\/noticias\/wp-json\/wp\/v2\/posts"}],"about":[{"href":"https:\/\/www.eldigitaldeasturias.com\/noticias\/wp-json\/wp\/v2\/types\/post"}],"author":[{"embeddable":true,"href":"https:\/\/www.eldigitaldeasturias.com\/noticias\/wp-json\/wp\/v2\/users\/1"}],"replies":[{"embeddable":true,"href":"https:\/\/www.eldigitaldeasturias.com\/noticias\/wp-json\/wp\/v2\/comments?post=459341"}],"version-history":[{"count":0,"href":"https:\/\/www.eldigitaldeasturias.com\/noticias\/wp-json\/wp\/v2\/posts\/459341\/revisions"}],"wp:attachment":[{"href":"https:\/\/www.eldigitaldeasturias.com\/noticias\/wp-json\/wp\/v2\/media?parent=459341"}],"wp:term":[{"taxonomy":"category","embeddable":true,"href":"https:\/\/www.eldigitaldeasturias.com\/noticias\/wp-json\/wp\/v2\/categories?post=459341"},{"taxonomy":"post_tag","embeddable":true,"href":"https:\/\/www.eldigitaldeasturias.com\/noticias\/wp-json\/wp\/v2\/tags?post=459341"}],"curies":[{"name":"wp","href":"https:\/\/api.w.org\/{rel}","templated":true}]}}