{"id":459329,"date":"2013-12-08T20:33:10","date_gmt":"2013-12-08T21:33:10","guid":{"rendered":"http:\/\/www.eldigitaldeasturias.com\/noticias\/?p=459329"},"modified":"2013-12-08T20:33:10","modified_gmt":"2013-12-08T21:33:10","slug":"dos-empleadas-agredidas-en-el-metro-cuando-reprendian-a-viajeros-sin-billete","status":"publish","type":"post","link":"https:\/\/www.eldigitaldeasturias.com\/noticias\/dos-empleadas-agredidas-en-el-metro-cuando-reprendian-a-viajeros-sin-billete\/","title":{"rendered":"Dos empleadas, agredidas en el Metro cuando reprend\u00edan a viajeros sin billete"},"content":{"rendered":"<p><img loading=\"lazy\" decoding=\"async\" class=\"alignleft size-medium wp-image-459330\" alt=\"5779606w\" src=\"https:\/\/www.eldigitaldeasturias.com\/noticias\/wp-content\/uploads\/2013\/12\/5779606w-360x239.jpg\" width=\"360\" height=\"239\" \/>Madrid, 8 dic (EFE).- Una vigilante de seguridad del Metro de Madrid y una supervisora, que est\u00e1 embarazada, fueron agredidas en la tarde de ayer en la estaci\u00f3n de Ciudad de los \u00c1ngeles, perteneciente a la l\u00ednea 3 de metro, por cinco personas a las que reprendieron cuando trataban de colarse en el Metro sin billete.<\/p>\n<p>Desde Metro Madrid han explicado a EFE que la agresi\u00f3n se produjo alrededor de las 16.00 horas y que hasta el lugar se desplaz\u00f3 una unidad del Samu, que dio el alta a la vigilante en la misma estaci\u00f3n y traslad\u00f3 al Hospital 12 de Octubre a la supervisora por precauci\u00f3n porque est\u00e1 embarazada y presentaba un cuadro de ansiedad.<\/p>\n<p>La supervisora fue dada de alta sobre las 18.00 horas y se fue a su casa desde el hospital, han indicado las mismas fuentes.<\/p>\n<p>El sindicato Alternativa Sindical de Trabajadores de la Seguridad Privada asegura en una nota de prensa que la vigilante de seguridad se encontraba \u00abfichando\u00bb en los andenes del metro en el momento en que la supervisora, en estado de gestaci\u00f3n, llam\u00f3 la atenci\u00f3n de las personas que trataban de colarse, que inmediatamente la agredieron.<\/p>\n<p>\u00abAl escuchar los gritos, la vigilante acudi\u00f3 en su ayuda\u00bb, indica el sindicato, que asegura adem\u00e1s que si la responsable de seguridad hubiese estado en la entrada de la estaci\u00f3n en lugar de en los andenes \u00abesta agresi\u00f3n no se hubiera llevado a cabo\u00bb.<\/p>\n<p>El sindicato denuncia que, como consecuencia de la entrada en vigor del nuevo contrato de Metro Madrid el pasado 1 de agosto, hay \u00ab700 vigilantes de seguridad menos en la red del suburbano\u00bb madrile\u00f1o, que se est\u00e1 convirtiendo en \u00abuna de las m\u00e1s inseguras de Europa\u00bb.<\/p>\n<p>Apunta adem\u00e1s esta organizaci\u00f3n que las agresiones a vigilantes y personal del metro \u00abse han triplicado\u00bb desde el mes de agosto, y que a la rebaja presupuestaria del contrato se suma el incumplimiento por parte de las empresas adjudicatarias de la ley de Seguridad Privada.<\/p>\n<p>\u00abLos vigilantes que prestan servicios en las estaciones fijas tienen que estar a lo largo de su jornada efectuando rondas y fichando por los andenes, y mientras est\u00e1n haciendo eso dejan los vest\u00edbulos y a los trabajadores desguarnecidos\u00bb, reprochan en su nota de prensa.<\/p>\n","protected":false},"excerpt":{"rendered":"<p>Madrid, 8 dic (EFE).- Una vigilante de seguridad del Metro de Madrid y una supervisora, que est\u00e1 embarazada, fueron agredidas en la tarde de ayer en la estaci\u00f3n de Ciudad de los \u00c1ngeles, perteneciente a la l\u00ednea 3 de metro, por cinco personas a las que reprendieron cuando trataban de colarse en el Metro sin [&hellip;]<\/p>\n","protected":false},"author":1,"featured_media":459330,"comment_status":"closed","ping_status":"open","sticky":false,"template":"","format":"standard","meta":{"footnotes":""},"categories":[5],"tags":[],"class_list":["post-459329","post","type-post","status-publish","format-standard","has-post-thumbnail","hentry","category-sucesos"],"aioseo_notices":[],"aioseo_head":"\n\t\t<!-- All in One SEO Pro 5.0.1 - aioseo.com -->\n\t<meta name=\"description\" content=\"Madrid, 8 dic (EFE).- Una vigilante de seguridad del Metro de Madrid y una supervisora, que est\u00e1 embarazada, fueron agredidas en la tarde de ayer en la estaci\u00f3n de Ciudad de los \u00c1ngeles, perteneciente a la l\u00ednea 3 de metro, por cinco personas a las que reprendieron cuando trataban de colarse en el Metro sin\" \/>\n\t<meta name=\"robots\" content=\"max-image-preview:large\" \/>\n\t<meta name=\"author\" content=\"El Digital de Asturias\"\/>\n\t<meta name=\"google-site-verification\" content=\"UA-38556648-1\" \/>\n\t<meta name=\"msvalidate.01\" content=\"7dfe9f3f1b24437ab69f4f2559babe99\" \/>\n\t<meta name=\"keywords\" content=\"sucesos\" \/>\n\t<link rel=\"canonical\" href=\"https:\/\/www.eldigitaldeasturias.com\/noticias\/dos-empleadas-agredidas-en-el-metro-cuando-reprendian-a-viajeros-sin-billete\/\" \/>\n\t<meta name=\"generator\" content=\"All in One SEO Pro (AIOSEO) 5.0.1\" \/>\n\t\t<meta property=\"og:locale\" content=\"es_ES\" \/>\n\t\t<meta property=\"og:site_name\" content=\"El Digital de Asturias\" \/>\n\t\t<meta property=\"og:type\" content=\"article\" \/>\n\t\t<meta property=\"og:title\" content=\"Dos empleadas, agredidas en el Metro cuando reprend\u00edan a viajeros sin billete - El Digital de Asturias\" \/>\n\t\t<meta property=\"og:description\" content=\"Madrid, 8 dic (EFE).- Una vigilante de seguridad del Metro de Madrid y una supervisora, que est\u00e1 embarazada, fueron agredidas en la tarde de ayer en la estaci\u00f3n de Ciudad de los \u00c1ngeles, perteneciente a la l\u00ednea 3 de metro, por cinco personas a las que reprendieron cuando trataban de colarse en el Metro sin\" \/>\n\t\t<meta property=\"og:url\" content=\"https:\/\/www.eldigitaldeasturias.com\/noticias\/dos-empleadas-agredidas-en-el-metro-cuando-reprendian-a-viajeros-sin-billete\/\" \/>\n\t\t<meta property=\"article:tag\" content=\"sucesos\" \/>\n\t\t<meta property=\"article:published_time\" content=\"2013-12-08T21:33:10+00:00\" \/>\n\t\t<meta property=\"article:modified_time\" content=\"2013-12-08T21:33:10+00:00\" \/>\n\t\t<meta property=\"article:publisher\" content=\"https:\/\/facebook.com\/eldigitaldeasturias\" \/>\n\t\t<meta name=\"twitter:card\" content=\"summary_large_image\" \/>\n\t\t<meta name=\"twitter:title\" content=\"Dos empleadas, agredidas en el Metro cuando reprend\u00edan a viajeros sin billete - El Digital de Asturias\" \/>\n\t\t<meta name=\"twitter:description\" content=\"Madrid, 8 dic (EFE).- Una vigilante de seguridad del Metro de Madrid y una supervisora, que est\u00e1 embarazada, fueron agredidas en la tarde de ayer en la estaci\u00f3n de Ciudad de los \u00c1ngeles, perteneciente a la l\u00ednea 3 de metro, por cinco personas a las que reprendieron cuando trataban de colarse en el Metro sin\" \/>\n\t\t<meta name=\"twitter:label1\" content=\"Escrito por\" \/>\n\t\t<meta name=\"twitter:data1\" content=\"El Digital de Asturias\" \/>\n\t\t<meta name=\"twitter:label2\" content=\"Tiempo de lectura estimado\" \/>\n\t\t<meta name=\"twitter:data2\" content=\"2 minutos\" \/>\n\t\t<script type=\"application\/ld+json\" class=\"aioseo-schema\">\n\t\t\t{\"@context\":\"https:\\\/\\\/schema.org\",\"@graph\":[{\"@type\":\"BlogPosting\",\"@id\":\"https:\\\/\\\/www.eldigitaldeasturias.com\\\/noticias\\\/dos-empleadas-agredidas-en-el-metro-cuando-reprendian-a-viajeros-sin-billete\\\/#blogposting\",\"name\":\"Dos empleadas, agredidas en el Metro cuando reprend\\u00edan a viajeros sin billete - El Digital de Asturias\",\"headline\":\"Dos empleadas, agredidas en el Metro cuando reprend\\u00edan a viajeros sin billete\",\"author\":{\"@id\":\"https:\\\/\\\/www.eldigitaldeasturias.com\\\/noticias\\\/author\\\/admin\\\/#author\"},\"publisher\":{\"@id\":\"https:\\\/\\\/www.eldigitaldeasturias.com\\\/noticias\\\/#organization\"},\"image\":{\"@type\":\"ImageObject\",\"url\":459330},\"datePublished\":\"2013-12-08T20:33:10+01:00\",\"dateModified\":\"2013-12-08T20:33:10+01:00\",\"inLanguage\":\"es-ES\",\"mainEntityOfPage\":{\"@id\":\"https:\\\/\\\/www.eldigitaldeasturias.com\\\/noticias\\\/dos-empleadas-agredidas-en-el-metro-cuando-reprendian-a-viajeros-sin-billete\\\/#webpage\"},\"isPartOf\":{\"@id\":\"https:\\\/\\\/www.eldigitaldeasturias.com\\\/noticias\\\/dos-empleadas-agredidas-en-el-metro-cuando-reprendian-a-viajeros-sin-billete\\\/#webpage\"},\"articleSection\":\"Sucesos\"},{\"@type\":\"BreadcrumbList\",\"@id\":\"https:\\\/\\\/www.eldigitaldeasturias.com\\\/noticias\\\/dos-empleadas-agredidas-en-el-metro-cuando-reprendian-a-viajeros-sin-billete\\\/#breadcrumblist\",\"itemListElement\":[{\"@type\":\"ListItem\",\"@id\":\"https:\\\/\\\/www.eldigitaldeasturias.com\\\/noticias#listItem\",\"position\":1,\"name\":\"Home\",\"item\":\"https:\\\/\\\/www.eldigitaldeasturias.com\\\/noticias\",\"nextItem\":{\"@type\":\"ListItem\",\"@id\":\"https:\\\/\\\/www.eldigitaldeasturias.com\\\/noticias\\\/category\\\/sucesos\\\/#listItem\",\"name\":\"Sucesos\"}},{\"@type\":\"ListItem\",\"@id\":\"https:\\\/\\\/www.eldigitaldeasturias.com\\\/noticias\\\/category\\\/sucesos\\\/#listItem\",\"position\":2,\"name\":\"Sucesos\",\"item\":\"https:\\\/\\\/www.eldigitaldeasturias.com\\\/noticias\\\/category\\\/sucesos\\\/\",\"nextItem\":{\"@type\":\"ListItem\",\"@id\":\"https:\\\/\\\/www.eldigitaldeasturias.com\\\/noticias\\\/dos-empleadas-agredidas-en-el-metro-cuando-reprendian-a-viajeros-sin-billete\\\/#listItem\",\"name\":\"Dos empleadas, agredidas en el Metro cuando reprend\\u00edan a viajeros sin billete\"},\"previousItem\":{\"@type\":\"ListItem\",\"@id\":\"https:\\\/\\\/www.eldigitaldeasturias.com\\\/noticias#listItem\",\"name\":\"Home\"}},{\"@type\":\"ListItem\",\"@id\":\"https:\\\/\\\/www.eldigitaldeasturias.com\\\/noticias\\\/dos-empleadas-agredidas-en-el-metro-cuando-reprendian-a-viajeros-sin-billete\\\/#listItem\",\"position\":3,\"name\":\"Dos empleadas, agredidas en el Metro cuando reprend\\u00edan a viajeros sin billete\",\"previousItem\":{\"@type\":\"ListItem\",\"@id\":\"https:\\\/\\\/www.eldigitaldeasturias.com\\\/noticias\\\/category\\\/sucesos\\\/#listItem\",\"name\":\"Sucesos\"}}]},{\"@type\":\"Organization\",\"@id\":\"https:\\\/\\\/www.eldigitaldeasturias.com\\\/noticias\\\/#organization\",\"name\":\"El Digital de Asturias\",\"description\":\"Hemeroteca\",\"url\":\"https:\\\/\\\/www.eldigitaldeasturias.com\\\/noticias\\\/\",\"email\":\"info@eldigitaldeasturias.com\",\"telephone\":\"+34652131393\",\"logo\":{\"@type\":\"ImageObject\",\"url\":\"https:\\\/\\\/www.eldigitaldeasturias.com\\\/noticias\\\/wp-content\\\/uploads\\\/2020\\\/12\\\/EDA.jpg\",\"@id\":\"https:\\\/\\\/www.eldigitaldeasturias.com\\\/noticias\\\/dos-empleadas-agredidas-en-el-metro-cuando-reprendian-a-viajeros-sin-billete\\\/#organizationLogo\"},\"image\":{\"@id\":\"https:\\\/\\\/www.eldigitaldeasturias.com\\\/noticias\\\/dos-empleadas-agredidas-en-el-metro-cuando-reprendian-a-viajeros-sin-billete\\\/#organizationLogo\"},\"sameAs\":[\"https:\\\/\\\/facebook.com\\\/eldigitaldeasturias\",\"https:\\\/\\\/www.youtube.com\\\/channel\\\/UCZP-2wLEB9Rv6erhFmqVnvg\"],\"address\":{\"@id\":\"https:\\\/\\\/www.eldigitaldeasturias.com\\\/noticias\\\/#postaladdress\",\"@type\":\"PostalAddress\",\"streetAddress\":\"san antonio 4\",\"postalCode\":\"33430\",\"addressLocality\":\"Cand\\u00e1s\",\"addressRegion\":\"Asturias\",\"addressCountry\":\"ES\"}},{\"@type\":\"Person\",\"@id\":\"https:\\\/\\\/www.eldigitaldeasturias.com\\\/noticias\\\/author\\\/admin\\\/#author\",\"url\":\"https:\\\/\\\/www.eldigitaldeasturias.com\\\/noticias\\\/author\\\/admin\\\/\",\"name\":\"El Digital de Asturias\",\"image\":{\"@type\":\"ImageObject\",\"@id\":\"https:\\\/\\\/www.eldigitaldeasturias.com\\\/noticias\\\/dos-empleadas-agredidas-en-el-metro-cuando-reprendian-a-viajeros-sin-billete\\\/#authorImage\",\"url\":\"https:\\\/\\\/secure.gravatar.com\\\/avatar\\\/df2aeffc32bcd13f8d26072ef8a91b623d677766deac7f97ca815868cd41bf5e?s=96&d=mm&r=g\",\"width\":96,\"height\":96,\"caption\":\"El Digital de Asturias\"}},{\"@type\":\"WebPage\",\"@id\":\"https:\\\/\\\/www.eldigitaldeasturias.com\\\/noticias\\\/dos-empleadas-agredidas-en-el-metro-cuando-reprendian-a-viajeros-sin-billete\\\/#webpage\",\"url\":\"https:\\\/\\\/www.eldigitaldeasturias.com\\\/noticias\\\/dos-empleadas-agredidas-en-el-metro-cuando-reprendian-a-viajeros-sin-billete\\\/\",\"name\":\"Dos empleadas, agredidas en el Metro cuando reprend\\u00edan a viajeros sin billete - El Digital de Asturias\",\"description\":\"Madrid, 8 dic (EFE).- Una vigilante de seguridad del Metro de Madrid y una supervisora, que est\\u00e1 embarazada, fueron agredidas en la tarde de ayer en la estaci\\u00f3n de Ciudad de los \\u00c1ngeles, perteneciente a la l\\u00ednea 3 de metro, por cinco personas a las que reprendieron cuando trataban de colarse en el Metro sin\",\"inLanguage\":\"es-ES\",\"isPartOf\":{\"@id\":\"https:\\\/\\\/www.eldigitaldeasturias.com\\\/noticias\\\/#website\"},\"breadcrumb\":{\"@id\":\"https:\\\/\\\/www.eldigitaldeasturias.com\\\/noticias\\\/dos-empleadas-agredidas-en-el-metro-cuando-reprendian-a-viajeros-sin-billete\\\/#breadcrumblist\"},\"author\":{\"@id\":\"https:\\\/\\\/www.eldigitaldeasturias.com\\\/noticias\\\/author\\\/admin\\\/#author\"},\"creator\":{\"@id\":\"https:\\\/\\\/www.eldigitaldeasturias.com\\\/noticias\\\/author\\\/admin\\\/#author\"},\"image\":{\"@type\":\"ImageObject\",\"url\":459330,\"@id\":\"https:\\\/\\\/www.eldigitaldeasturias.com\\\/noticias\\\/dos-empleadas-agredidas-en-el-metro-cuando-reprendian-a-viajeros-sin-billete\\\/#mainImage\"},\"primaryImageOfPage\":{\"@id\":\"https:\\\/\\\/www.eldigitaldeasturias.com\\\/noticias\\\/dos-empleadas-agredidas-en-el-metro-cuando-reprendian-a-viajeros-sin-billete\\\/#mainImage\"},\"datePublished\":\"2013-12-08T20:33:10+01:00\",\"dateModified\":\"2013-12-08T20:33:10+01:00\"},{\"@type\":\"WebSite\",\"@id\":\"https:\\\/\\\/www.eldigitaldeasturias.com\\\/noticias\\\/#website\",\"url\":\"https:\\\/\\\/www.eldigitaldeasturias.com\\\/noticias\\\/\",\"name\":\"El Digital de Asturias - Diario de actualidad y noticias\",\"alternateName\":\"El Digital de Asturias - Diario de actualidad y noticias\",\"description\":\"Hemeroteca\",\"inLanguage\":\"es-ES\",\"publisher\":{\"@id\":\"https:\\\/\\\/www.eldigitaldeasturias.com\\\/noticias\\\/#organization\"}}]}\n\t\t<\/script>\n\t\t<!-- All in One SEO Pro -->\r\n\t\t<title>Dos empleadas, agredidas en el Metro cuando reprend\u00edan a viajeros sin billete - El Digital de Asturias<\/title>\n\n","aioseo_head_json":{"title":"Dos empleadas, agredidas en el Metro cuando reprend\u00edan a viajeros sin billete - El Digital de Asturias","description":"Madrid, 8 dic (EFE).- Una vigilante de seguridad del Metro de Madrid y una supervisora, que est\u00e1 embarazada, fueron agredidas en la tarde de ayer en la estaci\u00f3n de Ciudad de los \u00c1ngeles, perteneciente a la l\u00ednea 3 de metro, por cinco personas a las que reprendieron cuando trataban de colarse en el Metro sin","canonical_url":"https:\/\/www.eldigitaldeasturias.com\/noticias\/dos-empleadas-agredidas-en-el-metro-cuando-reprendian-a-viajeros-sin-billete\/","robots":"max-image-preview:large","keywords":"sucesos","webmasterTools":{"google-site-verification":"UA-38556648-1","msvalidate.01":"7dfe9f3f1b24437ab69f4f2559babe99","miscellaneous":""},"schema":{"@context":"https:\/\/schema.org","@graph":[{"@type":"BlogPosting","@id":"https:\/\/www.eldigitaldeasturias.com\/noticias\/dos-empleadas-agredidas-en-el-metro-cuando-reprendian-a-viajeros-sin-billete\/#blogposting","name":"Dos empleadas, agredidas en el Metro cuando reprend\u00edan a viajeros sin billete - El Digital de Asturias","headline":"Dos empleadas, agredidas en el Metro cuando reprend\u00edan a viajeros sin billete","author":{"@id":"https:\/\/www.eldigitaldeasturias.com\/noticias\/author\/admin\/#author"},"publisher":{"@id":"https:\/\/www.eldigitaldeasturias.com\/noticias\/#organization"},"image":{"@type":"ImageObject","url":459330},"datePublished":"2013-12-08T20:33:10+01:00","dateModified":"2013-12-08T20:33:10+01:00","inLanguage":"es-ES","mainEntityOfPage":{"@id":"https:\/\/www.eldigitaldeasturias.com\/noticias\/dos-empleadas-agredidas-en-el-metro-cuando-reprendian-a-viajeros-sin-billete\/#webpage"},"isPartOf":{"@id":"https:\/\/www.eldigitaldeasturias.com\/noticias\/dos-empleadas-agredidas-en-el-metro-cuando-reprendian-a-viajeros-sin-billete\/#webpage"},"articleSection":"Sucesos"},{"@type":"BreadcrumbList","@id":"https:\/\/www.eldigitaldeasturias.com\/noticias\/dos-empleadas-agredidas-en-el-metro-cuando-reprendian-a-viajeros-sin-billete\/#breadcrumblist","itemListElement":[{"@type":"ListItem","@id":"https:\/\/www.eldigitaldeasturias.com\/noticias#listItem","position":1,"name":"Home","item":"https:\/\/www.eldigitaldeasturias.com\/noticias","nextItem":{"@type":"ListItem","@id":"https:\/\/www.eldigitaldeasturias.com\/noticias\/category\/sucesos\/#listItem","name":"Sucesos"}},{"@type":"ListItem","@id":"https:\/\/www.eldigitaldeasturias.com\/noticias\/category\/sucesos\/#listItem","position":2,"name":"Sucesos","item":"https:\/\/www.eldigitaldeasturias.com\/noticias\/category\/sucesos\/","nextItem":{"@type":"ListItem","@id":"https:\/\/www.eldigitaldeasturias.com\/noticias\/dos-empleadas-agredidas-en-el-metro-cuando-reprendian-a-viajeros-sin-billete\/#listItem","name":"Dos empleadas, agredidas en el Metro cuando reprend\u00edan a viajeros sin billete"},"previousItem":{"@type":"ListItem","@id":"https:\/\/www.eldigitaldeasturias.com\/noticias#listItem","name":"Home"}},{"@type":"ListItem","@id":"https:\/\/www.eldigitaldeasturias.com\/noticias\/dos-empleadas-agredidas-en-el-metro-cuando-reprendian-a-viajeros-sin-billete\/#listItem","position":3,"name":"Dos empleadas, agredidas en el Metro cuando reprend\u00edan a viajeros sin billete","previousItem":{"@type":"ListItem","@id":"https:\/\/www.eldigitaldeasturias.com\/noticias\/category\/sucesos\/#listItem","name":"Sucesos"}}]},{"@type":"Organization","@id":"https:\/\/www.eldigitaldeasturias.com\/noticias\/#organization","name":"El Digital de Asturias","description":"Hemeroteca","url":"https:\/\/www.eldigitaldeasturias.com\/noticias\/","email":"info@eldigitaldeasturias.com","telephone":"+34652131393","logo":{"@type":"ImageObject","url":"https:\/\/www.eldigitaldeasturias.com\/noticias\/wp-content\/uploads\/2020\/12\/EDA.jpg","@id":"https:\/\/www.eldigitaldeasturias.com\/noticias\/dos-empleadas-agredidas-en-el-metro-cuando-reprendian-a-viajeros-sin-billete\/#organizationLogo"},"image":{"@id":"https:\/\/www.eldigitaldeasturias.com\/noticias\/dos-empleadas-agredidas-en-el-metro-cuando-reprendian-a-viajeros-sin-billete\/#organizationLogo"},"sameAs":["https:\/\/facebook.com\/eldigitaldeasturias","https:\/\/www.youtube.com\/channel\/UCZP-2wLEB9Rv6erhFmqVnvg"],"address":{"@id":"https:\/\/www.eldigitaldeasturias.com\/noticias\/#postaladdress","@type":"PostalAddress","streetAddress":"san antonio 4","postalCode":"33430","addressLocality":"Cand\u00e1s","addressRegion":"Asturias","addressCountry":"ES"}},{"@type":"Person","@id":"https:\/\/www.eldigitaldeasturias.com\/noticias\/author\/admin\/#author","url":"https:\/\/www.eldigitaldeasturias.com\/noticias\/author\/admin\/","name":"El Digital de Asturias","image":{"@type":"ImageObject","@id":"https:\/\/www.eldigitaldeasturias.com\/noticias\/dos-empleadas-agredidas-en-el-metro-cuando-reprendian-a-viajeros-sin-billete\/#authorImage","url":"https:\/\/secure.gravatar.com\/avatar\/df2aeffc32bcd13f8d26072ef8a91b623d677766deac7f97ca815868cd41bf5e?s=96&d=mm&r=g","width":96,"height":96,"caption":"El Digital de Asturias"}},{"@type":"WebPage","@id":"https:\/\/www.eldigitaldeasturias.com\/noticias\/dos-empleadas-agredidas-en-el-metro-cuando-reprendian-a-viajeros-sin-billete\/#webpage","url":"https:\/\/www.eldigitaldeasturias.com\/noticias\/dos-empleadas-agredidas-en-el-metro-cuando-reprendian-a-viajeros-sin-billete\/","name":"Dos empleadas, agredidas en el Metro cuando reprend\u00edan a viajeros sin billete - El Digital de Asturias","description":"Madrid, 8 dic (EFE).- Una vigilante de seguridad del Metro de Madrid y una supervisora, que est\u00e1 embarazada, fueron agredidas en la tarde de ayer en la estaci\u00f3n de Ciudad de los \u00c1ngeles, perteneciente a la l\u00ednea 3 de metro, por cinco personas a las que reprendieron cuando trataban de colarse en el Metro sin","inLanguage":"es-ES","isPartOf":{"@id":"https:\/\/www.eldigitaldeasturias.com\/noticias\/#website"},"breadcrumb":{"@id":"https:\/\/www.eldigitaldeasturias.com\/noticias\/dos-empleadas-agredidas-en-el-metro-cuando-reprendian-a-viajeros-sin-billete\/#breadcrumblist"},"author":{"@id":"https:\/\/www.eldigitaldeasturias.com\/noticias\/author\/admin\/#author"},"creator":{"@id":"https:\/\/www.eldigitaldeasturias.com\/noticias\/author\/admin\/#author"},"image":{"@type":"ImageObject","url":459330,"@id":"https:\/\/www.eldigitaldeasturias.com\/noticias\/dos-empleadas-agredidas-en-el-metro-cuando-reprendian-a-viajeros-sin-billete\/#mainImage"},"primaryImageOfPage":{"@id":"https:\/\/www.eldigitaldeasturias.com\/noticias\/dos-empleadas-agredidas-en-el-metro-cuando-reprendian-a-viajeros-sin-billete\/#mainImage"},"datePublished":"2013-12-08T20:33:10+01:00","dateModified":"2013-12-08T20:33:10+01:00"},{"@type":"WebSite","@id":"https:\/\/www.eldigitaldeasturias.com\/noticias\/#website","url":"https:\/\/www.eldigitaldeasturias.com\/noticias\/","name":"El Digital de Asturias - Diario de actualidad y noticias","alternateName":"El Digital de Asturias - Diario de actualidad y noticias","description":"Hemeroteca","inLanguage":"es-ES","publisher":{"@id":"https:\/\/www.eldigitaldeasturias.com\/noticias\/#organization"}}]},"og:locale":"es_ES","og:site_name":"El Digital de Asturias","og:type":"article","og:title":"Dos empleadas, agredidas en el Metro cuando reprend\u00edan a viajeros sin billete - El Digital de Asturias","og:description":"Madrid, 8 dic (EFE).- Una vigilante de seguridad del Metro de Madrid y una supervisora, que est\u00e1 embarazada, fueron agredidas en la tarde de ayer en la estaci\u00f3n de Ciudad de los \u00c1ngeles, perteneciente a la l\u00ednea 3 de metro, por cinco personas a las que reprendieron cuando trataban de colarse en el Metro sin","og:url":"https:\/\/www.eldigitaldeasturias.com\/noticias\/dos-empleadas-agredidas-en-el-metro-cuando-reprendian-a-viajeros-sin-billete\/","article:tag":["sucesos"],"article:published_time":"2013-12-08T21:33:10+00:00","article:modified_time":"2013-12-08T21:33:10+00:00","article:publisher":"https:\/\/facebook.com\/eldigitaldeasturias","twitter:card":"summary_large_image","twitter:title":"Dos empleadas, agredidas en el Metro cuando reprend\u00edan a viajeros sin billete - El Digital de Asturias","twitter:description":"Madrid, 8 dic (EFE).- Una vigilante de seguridad del Metro de Madrid y una supervisora, que est\u00e1 embarazada, fueron agredidas en la tarde de ayer en la estaci\u00f3n de Ciudad de los \u00c1ngeles, perteneciente a la l\u00ednea 3 de metro, por cinco personas a las que reprendieron cuando trataban de colarse en el Metro sin","twitter:label1":"Escrito por","twitter:data1":"El Digital de Asturias","twitter:label2":"Tiempo de lectura estimado","twitter:data2":"2 minutos"},"aioseo_meta_data":{"post_id":"459329","title":null,"description":null,"keywords":null,"keyphrases":null,"primary_term":null,"canonical_url":null,"og_title":null,"og_description":null,"og_object_type":"default","og_image_type":"default","og_image_url":null,"og_image_width":null,"og_image_height":null,"og_image_custom_url":null,"og_image_custom_fields":null,"og_video":null,"og_custom_url":null,"og_article_section":null,"og_article_tags":null,"twitter_use_og":true,"twitter_card":"default","twitter_image_type":"default","twitter_image_url":null,"twitter_image_custom_url":null,"twitter_image_custom_fields":null,"twitter_title":null,"twitter_description":null,"schema":{"blockGraphs":[],"customGraphs":[],"default":{"data":{"Article":[],"Course":[],"Dataset":[],"FAQPage":[],"Movie":[],"Person":[],"Product":[],"ProductReview":[],"Car":[],"Recipe":[],"Service":[],"SoftwareApplication":[],"WebPage":[]},"graphName":"","isEnabled":true},"graphs":[],"defaultGraph":"","defaultPostTypeGraph":""},"schema_type":null,"schema_type_options":null,"pillar_content":false,"robots_default":true,"robots_noindex":false,"robots_noarchive":false,"robots_nosnippet":false,"robots_nofollow":false,"robots_noimageindex":false,"robots_noodp":false,"robots_notranslate":false,"robots_max_snippet":null,"robots_max_videopreview":null,"robots_max_imagepreview":"none","priority":null,"frequency":null,"local_seo":null,"seo_analyzer_scan_date":"2026-05-30 08:59:00","breadcrumb_settings":null,"limit_modified_date":false,"open_ai":null,"ai":null,"created":"2020-11-14 22:47:35","updated":"2026-05-30 08:59:00","focus_keyword":null,"additional_keywords":null,"truseo_locale":null},"aioseo_breadcrumb":"<div class=\"aioseo-breadcrumbs\"><span class=\"aioseo-breadcrumb\">\n\t<a href=\"https:\/\/www.eldigitaldeasturias.com\/noticias\" title=\"Home\">Home<\/a>\n<\/span><span class=\"aioseo-breadcrumb-separator\">\u2013<\/span><span class=\"aioseo-breadcrumb\">\n\t<a href=\"https:\/\/www.eldigitaldeasturias.com\/noticias\/category\/sucesos\/\" title=\"Sucesos\">Sucesos<\/a>\n<\/span><span class=\"aioseo-breadcrumb-separator\">\u2013<\/span><span class=\"aioseo-breadcrumb\">\n\t<a href=\"https:\/\/www.eldigitaldeasturias.com\/noticias\/dos-empleadas-agredidas-en-el-metro-cuando-reprendian-a-viajeros-sin-billete\/\" title=\"Dos empleadas, agredidas en el Metro cuando reprend\u00edan a viajeros sin billete\">Dos empleadas, agredidas en el Metro cuando reprend\u00edan a viajeros sin billete<\/a>\n<\/span><\/div>","aioseo_breadcrumb_json":[{"label":"Home","link":"https:\/\/www.eldigitaldeasturias.com\/noticias"},{"label":"Sucesos","link":"https:\/\/www.eldigitaldeasturias.com\/noticias\/category\/sucesos\/"},{"label":"Dos empleadas, agredidas en el Metro cuando reprend\u00edan a viajeros sin billete","link":"https:\/\/www.eldigitaldeasturias.com\/noticias\/dos-empleadas-agredidas-en-el-metro-cuando-reprendian-a-viajeros-sin-billete\/"}],"_links":{"self":[{"href":"https:\/\/www.eldigitaldeasturias.com\/noticias\/wp-json\/wp\/v2\/posts\/459329","targetHints":{"allow":["GET"]}}],"collection":[{"href":"https:\/\/www.eldigitaldeasturias.com\/noticias\/wp-json\/wp\/v2\/posts"}],"about":[{"href":"https:\/\/www.eldigitaldeasturias.com\/noticias\/wp-json\/wp\/v2\/types\/post"}],"author":[{"embeddable":true,"href":"https:\/\/www.eldigitaldeasturias.com\/noticias\/wp-json\/wp\/v2\/users\/1"}],"replies":[{"embeddable":true,"href":"https:\/\/www.eldigitaldeasturias.com\/noticias\/wp-json\/wp\/v2\/comments?post=459329"}],"version-history":[{"count":0,"href":"https:\/\/www.eldigitaldeasturias.com\/noticias\/wp-json\/wp\/v2\/posts\/459329\/revisions"}],"wp:attachment":[{"href":"https:\/\/www.eldigitaldeasturias.com\/noticias\/wp-json\/wp\/v2\/media?parent=459329"}],"wp:term":[{"taxonomy":"category","embeddable":true,"href":"https:\/\/www.eldigitaldeasturias.com\/noticias\/wp-json\/wp\/v2\/categories?post=459329"},{"taxonomy":"post_tag","embeddable":true,"href":"https:\/\/www.eldigitaldeasturias.com\/noticias\/wp-json\/wp\/v2\/tags?post=459329"}],"curies":[{"name":"wp","href":"https:\/\/api.w.org\/{rel}","templated":true}]}}