{"id":459323,"date":"2013-12-08T20:29:09","date_gmt":"2013-12-08T21:29:09","guid":{"rendered":"http:\/\/www.eldigitaldeasturias.com\/noticias\/?p=459323"},"modified":"2013-12-08T20:29:09","modified_gmt":"2013-12-08T21:29:09","slug":"entrevista-con-julio-ruiz-se-ha-hecho-mucho-dano-desde-que-el-periodismo-se-pone-camiseta","status":"publish","type":"post","link":"https:\/\/www.eldigitaldeasturias.com\/noticias\/entrevista-con-julio-ruiz-se-ha-hecho-mucho-dano-desde-que-el-periodismo-se-pone-camiseta\/","title":{"rendered":"Entrevista con Julio Ruiz : Se ha hecho mucho da\u00f1o desde que el periodismo se pone camiseta"},"content":{"rendered":"<p><img loading=\"lazy\" decoding=\"async\" class=\"alignleft size-medium wp-image-459324\" alt=\"5779598w\" src=\"https:\/\/www.eldigitaldeasturias.com\/noticias\/wp-content\/uploads\/2013\/12\/5779598w-360x238.jpg\" width=\"360\" height=\"238\" \/>Madrid, 8 dic (EFE).- Un 27 de marzo de 1971 Julio Ruiz irrumpi\u00f3 por primera vez en antena con su \u00abDisco grande\u00bb, un programa que, desde entonces, ha prestado atenci\u00f3n a los sonidos m\u00e1s actuales e independientes de la m\u00fasica en Espa\u00f1a, donde, seg\u00fan su creador, el periodismo musical juega \u00aben tercera divisi\u00f3n\u00bb.<\/p>\n<p>Ruiz (Madrid, 1952) reconoce sentir envidia de c\u00f3mo se respeta a los periodistas musicales en la vecina Francia, en Reino Unido o al otro lado del charco, y asegura que aunque existe intrusismo en la profesi\u00f3n, hay otros \u00e1mbitos en los que \u00abfastidia\u00bb mucho m\u00e1s.<\/p>\n<p>En una entrevista con Efe, se muestra orgulloso y satisfecho del Premio Ondas que hace unos d\u00edas ha recibido en Barcelona por el mejor programa musical en la categor\u00eda de radio, y confiesa que 42 a\u00f1os despu\u00e9s siente \u00abla misma chispa\u00bb cuando se sienta en el estudio de Radio 3 que el primer d\u00eda que se puso delante del micr\u00f3fono.<\/p>\n<p><strong><em>PREGUNTA: \u00bfQu\u00e9 supone recibir el Premio Ondas despu\u00e9s de tantos a\u00f1os con \u00abDisco grande\u00bb?<\/em><\/strong><\/p>\n<p>RESPUESTA: Es un reconocimiento (para m\u00ed) a toda una carrera, pero en realidad ese galard\u00f3n a \u00abmejor programa musical\u00bb es un premio de este a\u00f1o, que me podr\u00eda haber llegado el a\u00f1o que viene o hace cinco o hace diez&#8230; Indudablemente, es una satisfacci\u00f3n verse en el Liceo o en la recepci\u00f3n del alcalde de Barcelona al lado de tanto ilustre del micr\u00f3fono y las ondas.<\/p>\n<p><strong><em>P: Transgresor e innovador son dos de las cualidades que ha valorado el jurado. \u00bfD\u00f3nde radica el \u00e9xito de \u00abDisco grande\u00bb para ser el programa m\u00e1s longevo de m\u00fasica en la radio espa\u00f1ola?<\/em><\/strong><\/p>\n<p>R: Si transgresor es algo as\u00ed como poner una maqueta de alg\u00fan artista novel que apunta maneras y que da sus primeros pasos en la radio en mi programa (v\u00e9ase Los Planetas, Dover, Facto delaf\u00e9 y las Flores Azules y antes Tos\/Los Secretos, Radio Futura y dem\u00e1s&#8230;), lo soy. Es maravilloso por obligaci\u00f3n -somos radio p\u00fablica- y devoci\u00f3n -me gusta- ejercer esa misi\u00f3n. Y adem\u00e1s, desde el momento en que est\u00e1s poniendo lo \u00faltimo que se hace en un local de ensayo se puede decir que est\u00e1s innovando.<\/p>\n<p><strong><em>P: Usted ha contado en alguna ocasi\u00f3n que ha estado 23 a\u00f1os al frente del programa siendo colaborador de Radio Nacional. En esas condiciones, que \u00abDisco Grande\u00bb siga vivo en 2013, \u00bfpodr\u00eda decirse que es una cuesti\u00f3n de cabezoner\u00eda y amor por la m\u00fasica de Julio Ruiz?.<\/em><\/strong><\/p>\n<p>R: Desde luego. Mi oficio de periodista musical ha sido durante muchos a\u00f1os aut\u00e9ntica vocaci\u00f3n amateur -y estoy orgulloso de ello-, que ha ido desde trabajar por hobby a una m\u00ednima recompensa monetaria, hasta que desde 2007 soy fijo en RTVE despu\u00e9s, eso s\u00ed, de 23 a\u00f1os de colaborador. Hubiera sido igual de apasionado mi programa con buena soldada o sin ella. Esto es sentir la misma chispa que el primer d\u00eda que me puse delante del micr\u00f3fono. Efectivamente, amo la m\u00fasica y el periodismo.<\/p>\n<p><strong><em>P: El papel del periodista en las emisoras musicales parece cada vez m\u00e1s limitado a presentar al autor y t\u00edtulo de la canci\u00f3n. \u00bfCree que la labor del profesional como prescriptor tiene los d\u00edas contados?<\/em><\/strong><\/p>\n<p>R: Hace ya un tiempo que el oyente de a pie tiene el autoservicio a su disposici\u00f3n para meterse en la red y descubrir a ese grupo maravilloso de C\u00f3rdoba, Bilbao o ruso o belga (por hablar de dos de los \u00faltimos visitantes que he tenido en \u00abDisco Grande\u00bb), pero a\u00fan con esa facilidad para autoabastecerse, la figura del prescriptor no va a caducar. Tenemos la suerte de que mucho oyente aguarda a que Radio 3 le gu\u00ede el camino y le reafirme en sus ideas o le descubra nuevas maravillas musicales.<\/p>\n<p><strong><em>P: Usted es de los que considera que de unos a\u00f1os a esta parte el intrusismo en el periodismo musical es \u00absalvaje\u00bb. \u00bfHa mejorado algo el panorama?<\/em><\/strong><\/p>\n<p>R: \u00bfIntrusismo? Cualquiera que tenga un blog y buen gusto puede ejercer de recomendador y no ser periodista&#8230; El intrusismo se nota, pero yo no me quejo, porque en otros \u00e1mbitos m\u00e1s elevados del periodismo s\u00ed que fastidia. Aparte, aqu\u00ed en Espa\u00f1a, el periodismo musical es de tercera divisi\u00f3n. No somos nada respetados en comparaci\u00f3n con Reino Unido, Estado Unidos o (m\u00e1s envidia me da) la propia Francia, que la tenemos al lado.<\/p>\n<p><strong><em>P: \u00bfConsidera que la cultura de la radio se est\u00e1 perdiendo en beneficio de otros medios?<\/em><\/strong><\/p>\n<p>R: La radio es m\u00e1gica y no se la ha cargado ni la televisi\u00f3n ni los v\u00eddeos. Y nuestra radio musical -la de la camiseta que llevo puesta- es la de escuchar m\u00fasica y grapar al lado la an\u00e9cdota o dato pertinente m\u00e1s all\u00e1 de la soser\u00eda de t\u00edtulo e int\u00e9rprete.<\/p>\n<p><strong><em>P: \u00bfEn la radio queda algo por inventar?<\/em><\/strong><\/p>\n<p>R: Siempre habr\u00e1 algo nuevo a la vuelta de la esquina. Pero con todo estar\u00e1s tu aqu\u00ed esperando que se encienda la luz roja y el oyente (lo m\u00e1s valioso, y no es frase hecha) al otro lado.<\/p>\n<p><strong><em>P: \u00bfC\u00f3mo se garantiza la independencia de la informaci\u00f3n en la radio p\u00fablica?<\/em><\/strong><\/p>\n<p>R: Muy sencillo. Te marcas una l\u00ednea de trabajo seria e impenetrable y eludes que te seduzcan con palabras vac\u00edas. Nunca, nunca, he puesto en mi programa -para ejercer el efecto contagio con mis oyentes- algo que no me haya gustado m\u00ednimamente.<\/p>\n<p><strong><em>P: \u00bfQu\u00e9 radiograf\u00eda hace de la situaci\u00f3n actual del periodismo?<\/em><\/strong><\/p>\n<p>R: El periodismo, en general, est\u00e1 mal. Y hay muy buenos pre-profesionales del periodismo. Se cierran medios y en algunos otros, sean potentes o no tanto, las cantidades a pagar son irrisorias. Puedo decir muy alto que en los \u00faltimos tiempos, aparte de lo que tengo en casa (mis dos hijos son periodistas), he constatado lo v\u00e1lidos y excelentes profesionales que son quienes vienen detr\u00e1s.<\/p>\n<p><strong><em>P: \u00bfHacia d\u00f3nde van los medios de comunicaci\u00f3n?<\/em><\/strong><\/p>\n<p>R: Pues&#8230; hacia la informaci\u00f3n m\u00e1s instant\u00e1nea de usar y tirar. El d\u00eda que desaparezca el papel, ese peri\u00f3dico de cada d\u00eda, me va a dar una pena&#8230;<\/p>\n<p><strong><em>P: Parece que el periodismo vive las horas m\u00e1s bajas de valoraci\u00f3n de los espa\u00f1oles. \u00bfPor qu\u00e9?<\/em><\/strong><\/p>\n<p>R: Se ha hecho mucho da\u00f1o desde que el periodismo se pone camiseta. Yo estuve trece a\u00f1os -como lo musical era hobby hab\u00eda que trabajar en otras cosas para equilibrar el presupuesto- en un peri\u00f3dico deportivo (Marca) y nadie supo de qu\u00e9 pie cojeaba (soy del Atleti). Hoy en deportes y pol\u00edtica, la afiliaci\u00f3n est\u00e1 m\u00e1s que cantada. Y claro el espectador, oyente o lector no valora tanto las opiniones porque sabe que vienen mediatizadas.<\/p>\n<p><strong><em>P: \u00bfQu\u00e9 consejos dar\u00eda a futuros periodistas?<\/em><\/strong><\/p>\n<p>R: Que no se dejen vencer por los malos tiempos. Siempre habr\u00e1 algo que contar y quien lo cuente quiz\u00e1s est\u00e9 ahora en un pupitre de la Facultad. Esto es como la m\u00fasica, la nueva banda que tocar\u00e1 la gloria ma\u00f1ana, seguro que hoy est\u00e1 en un local de ensayo trabajando sus canciones.<\/p>\n<p><strong><em>P: Siempre ha estado vinculado a la radio musical. \u00bfLe hubiera gustado hacer otras cosas?<\/em><\/strong><\/p>\n<p>R: Las he hecho. He sido periodista deportivo y he escrito cr\u00f3nicas y en RNE he hecho en plan &#8216;guadianesco&#8217; un programa de entrevistas donde las m\u00fasicas las pon\u00edan los invitados. Me gusta mucho el g\u00e9nero entrevistas.<\/p>\n<p><strong><em>P: De los personajes a los que ha entrevistado \u00bftiene alguna predilecci\u00f3n?<\/em><\/strong><\/p>\n<p>R: Volviendo a mi target de periodista musical, me lo pas\u00e9 muy bien entrevistando a Bryan Ferry, Bjork, Keith Richards&#8230; Me falta sentarme enfrente de un &#8216;beatle&#8217; y s\u00f3lo hay ya dos opciones: o Paul o Ringo.<\/p>\n<p>Raquel de Blas<\/p>\n","protected":false},"excerpt":{"rendered":"<p>Madrid, 8 dic (EFE).- Un 27 de marzo de 1971 Julio Ruiz irrumpi\u00f3 por primera vez en antena con su \u00abDisco grande\u00bb, un programa que, desde entonces, ha prestado atenci\u00f3n a los sonidos m\u00e1s actuales e independientes de la m\u00fasica en Espa\u00f1a, donde, seg\u00fan su creador, el periodismo musical juega \u00aben tercera divisi\u00f3n\u00bb. Ruiz (Madrid, [&hellip;]<\/p>\n","protected":false},"author":1,"featured_media":459324,"comment_status":"closed","ping_status":"open","sticky":false,"template":"","format":"standard","meta":{"footnotes":""},"categories":[28],"tags":[],"class_list":["post-459323","post","type-post","status-publish","format-standard","has-post-thumbnail","hentry","category-sociedad"],"aioseo_notices":[],"aioseo_head":"\n\t\t<!-- All in One SEO Pro 5.0.1 - aioseo.com -->\n\t<meta name=\"description\" content=\"Madrid, 8 dic (EFE).- Un 27 de marzo de 1971 Julio Ruiz irrumpi\u00f3 por primera vez en antena con su &quot;Disco grande&quot;, un programa que, desde entonces, ha prestado atenci\u00f3n a los sonidos m\u00e1s actuales e independientes de la m\u00fasica en Espa\u00f1a, donde, seg\u00fan su creador, el periodismo musical juega &quot;en tercera divisi\u00f3n&quot;. Ruiz (Madrid,\" \/>\n\t<meta name=\"robots\" content=\"max-image-preview:large\" \/>\n\t<meta name=\"author\" content=\"El Digital de Asturias\"\/>\n\t<meta name=\"google-site-verification\" content=\"UA-38556648-1\" \/>\n\t<meta name=\"msvalidate.01\" content=\"7dfe9f3f1b24437ab69f4f2559babe99\" \/>\n\t<meta name=\"keywords\" content=\"sociedad\" \/>\n\t<link rel=\"canonical\" href=\"https:\/\/www.eldigitaldeasturias.com\/noticias\/entrevista-con-julio-ruiz-se-ha-hecho-mucho-dano-desde-que-el-periodismo-se-pone-camiseta\/\" \/>\n\t<meta name=\"generator\" content=\"All in One SEO Pro (AIOSEO) 5.0.1\" \/>\n\t\t<meta property=\"og:locale\" content=\"es_ES\" \/>\n\t\t<meta property=\"og:site_name\" content=\"El Digital de Asturias\" \/>\n\t\t<meta property=\"og:type\" content=\"article\" \/>\n\t\t<meta property=\"og:title\" content=\"Entrevista con Julio Ruiz : Se ha hecho mucho da\u00f1o desde que el periodismo se pone camiseta - El Digital de Asturias\" \/>\n\t\t<meta property=\"og:description\" content=\"Madrid, 8 dic (EFE).- Un 27 de marzo de 1971 Julio Ruiz irrumpi\u00f3 por primera vez en antena con su &quot;Disco grande&quot;, un programa que, desde entonces, ha prestado atenci\u00f3n a los sonidos m\u00e1s actuales e independientes de la m\u00fasica en Espa\u00f1a, donde, seg\u00fan su creador, el periodismo musical juega &quot;en tercera divisi\u00f3n&quot;. Ruiz (Madrid,\" \/>\n\t\t<meta property=\"og:url\" content=\"https:\/\/www.eldigitaldeasturias.com\/noticias\/entrevista-con-julio-ruiz-se-ha-hecho-mucho-dano-desde-que-el-periodismo-se-pone-camiseta\/\" \/>\n\t\t<meta property=\"article:tag\" content=\"sociedad\" \/>\n\t\t<meta property=\"article:published_time\" content=\"2013-12-08T21:29:09+00:00\" \/>\n\t\t<meta property=\"article:modified_time\" content=\"2013-12-08T21:29:09+00:00\" \/>\n\t\t<meta property=\"article:publisher\" content=\"https:\/\/facebook.com\/eldigitaldeasturias\" \/>\n\t\t<meta name=\"twitter:card\" content=\"summary_large_image\" \/>\n\t\t<meta name=\"twitter:title\" content=\"Entrevista con Julio Ruiz : Se ha hecho mucho da\u00f1o desde que el periodismo se pone camiseta - El Digital de Asturias\" \/>\n\t\t<meta name=\"twitter:description\" content=\"Madrid, 8 dic (EFE).- Un 27 de marzo de 1971 Julio Ruiz irrumpi\u00f3 por primera vez en antena con su &quot;Disco grande&quot;, un programa que, desde entonces, ha prestado atenci\u00f3n a los sonidos m\u00e1s actuales e independientes de la m\u00fasica en Espa\u00f1a, donde, seg\u00fan su creador, el periodismo musical juega &quot;en tercera divisi\u00f3n&quot;. Ruiz (Madrid,\" \/>\n\t\t<meta name=\"twitter:label1\" content=\"Escrito por\" \/>\n\t\t<meta name=\"twitter:data1\" content=\"El Digital de Asturias\" \/>\n\t\t<meta name=\"twitter:label2\" content=\"Tiempo de lectura estimado\" \/>\n\t\t<meta name=\"twitter:data2\" content=\"7 minutos\" \/>\n\t\t<script type=\"application\/ld+json\" class=\"aioseo-schema\">\n\t\t\t{\"@context\":\"https:\\\/\\\/schema.org\",\"@graph\":[{\"@type\":\"BlogPosting\",\"@id\":\"https:\\\/\\\/www.eldigitaldeasturias.com\\\/noticias\\\/entrevista-con-julio-ruiz-se-ha-hecho-mucho-dano-desde-que-el-periodismo-se-pone-camiseta\\\/#blogposting\",\"name\":\"Entrevista con Julio Ruiz : Se ha hecho mucho da\\u00f1o desde que el periodismo se pone camiseta - El Digital de Asturias\",\"headline\":\"Entrevista con Julio Ruiz : Se ha hecho mucho da\\u00f1o desde que el periodismo se pone camiseta\",\"author\":{\"@id\":\"https:\\\/\\\/www.eldigitaldeasturias.com\\\/noticias\\\/author\\\/admin\\\/#author\"},\"publisher\":{\"@id\":\"https:\\\/\\\/www.eldigitaldeasturias.com\\\/noticias\\\/#organization\"},\"image\":{\"@type\":\"ImageObject\",\"url\":459324},\"datePublished\":\"2013-12-08T20:29:09+01:00\",\"dateModified\":\"2013-12-08T20:29:09+01:00\",\"inLanguage\":\"es-ES\",\"mainEntityOfPage\":{\"@id\":\"https:\\\/\\\/www.eldigitaldeasturias.com\\\/noticias\\\/entrevista-con-julio-ruiz-se-ha-hecho-mucho-dano-desde-que-el-periodismo-se-pone-camiseta\\\/#webpage\"},\"isPartOf\":{\"@id\":\"https:\\\/\\\/www.eldigitaldeasturias.com\\\/noticias\\\/entrevista-con-julio-ruiz-se-ha-hecho-mucho-dano-desde-que-el-periodismo-se-pone-camiseta\\\/#webpage\"},\"articleSection\":\"Sociedad\"},{\"@type\":\"BreadcrumbList\",\"@id\":\"https:\\\/\\\/www.eldigitaldeasturias.com\\\/noticias\\\/entrevista-con-julio-ruiz-se-ha-hecho-mucho-dano-desde-que-el-periodismo-se-pone-camiseta\\\/#breadcrumblist\",\"itemListElement\":[{\"@type\":\"ListItem\",\"@id\":\"https:\\\/\\\/www.eldigitaldeasturias.com\\\/noticias#listItem\",\"position\":1,\"name\":\"Home\",\"item\":\"https:\\\/\\\/www.eldigitaldeasturias.com\\\/noticias\",\"nextItem\":{\"@type\":\"ListItem\",\"@id\":\"https:\\\/\\\/www.eldigitaldeasturias.com\\\/noticias\\\/category\\\/sociedad\\\/#listItem\",\"name\":\"Sociedad\"}},{\"@type\":\"ListItem\",\"@id\":\"https:\\\/\\\/www.eldigitaldeasturias.com\\\/noticias\\\/category\\\/sociedad\\\/#listItem\",\"position\":2,\"name\":\"Sociedad\",\"item\":\"https:\\\/\\\/www.eldigitaldeasturias.com\\\/noticias\\\/category\\\/sociedad\\\/\",\"nextItem\":{\"@type\":\"ListItem\",\"@id\":\"https:\\\/\\\/www.eldigitaldeasturias.com\\\/noticias\\\/entrevista-con-julio-ruiz-se-ha-hecho-mucho-dano-desde-que-el-periodismo-se-pone-camiseta\\\/#listItem\",\"name\":\"Entrevista con Julio Ruiz : Se ha hecho mucho da\\u00f1o desde que el periodismo se pone camiseta\"},\"previousItem\":{\"@type\":\"ListItem\",\"@id\":\"https:\\\/\\\/www.eldigitaldeasturias.com\\\/noticias#listItem\",\"name\":\"Home\"}},{\"@type\":\"ListItem\",\"@id\":\"https:\\\/\\\/www.eldigitaldeasturias.com\\\/noticias\\\/entrevista-con-julio-ruiz-se-ha-hecho-mucho-dano-desde-que-el-periodismo-se-pone-camiseta\\\/#listItem\",\"position\":3,\"name\":\"Entrevista con Julio Ruiz : Se ha hecho mucho da\\u00f1o desde que el periodismo se pone camiseta\",\"previousItem\":{\"@type\":\"ListItem\",\"@id\":\"https:\\\/\\\/www.eldigitaldeasturias.com\\\/noticias\\\/category\\\/sociedad\\\/#listItem\",\"name\":\"Sociedad\"}}]},{\"@type\":\"Organization\",\"@id\":\"https:\\\/\\\/www.eldigitaldeasturias.com\\\/noticias\\\/#organization\",\"name\":\"El Digital de Asturias\",\"description\":\"Hemeroteca\",\"url\":\"https:\\\/\\\/www.eldigitaldeasturias.com\\\/noticias\\\/\",\"email\":\"info@eldigitaldeasturias.com\",\"telephone\":\"+34652131393\",\"logo\":{\"@type\":\"ImageObject\",\"url\":\"https:\\\/\\\/www.eldigitaldeasturias.com\\\/noticias\\\/wp-content\\\/uploads\\\/2020\\\/12\\\/EDA.jpg\",\"@id\":\"https:\\\/\\\/www.eldigitaldeasturias.com\\\/noticias\\\/entrevista-con-julio-ruiz-se-ha-hecho-mucho-dano-desde-que-el-periodismo-se-pone-camiseta\\\/#organizationLogo\"},\"image\":{\"@id\":\"https:\\\/\\\/www.eldigitaldeasturias.com\\\/noticias\\\/entrevista-con-julio-ruiz-se-ha-hecho-mucho-dano-desde-que-el-periodismo-se-pone-camiseta\\\/#organizationLogo\"},\"sameAs\":[\"https:\\\/\\\/facebook.com\\\/eldigitaldeasturias\",\"https:\\\/\\\/www.youtube.com\\\/channel\\\/UCZP-2wLEB9Rv6erhFmqVnvg\"],\"address\":{\"@id\":\"https:\\\/\\\/www.eldigitaldeasturias.com\\\/noticias\\\/#postaladdress\",\"@type\":\"PostalAddress\",\"streetAddress\":\"san antonio 4\",\"postalCode\":\"33430\",\"addressLocality\":\"Cand\\u00e1s\",\"addressRegion\":\"Asturias\",\"addressCountry\":\"ES\"}},{\"@type\":\"Person\",\"@id\":\"https:\\\/\\\/www.eldigitaldeasturias.com\\\/noticias\\\/author\\\/admin\\\/#author\",\"url\":\"https:\\\/\\\/www.eldigitaldeasturias.com\\\/noticias\\\/author\\\/admin\\\/\",\"name\":\"El Digital de Asturias\",\"image\":{\"@type\":\"ImageObject\",\"@id\":\"https:\\\/\\\/www.eldigitaldeasturias.com\\\/noticias\\\/entrevista-con-julio-ruiz-se-ha-hecho-mucho-dano-desde-que-el-periodismo-se-pone-camiseta\\\/#authorImage\",\"url\":\"https:\\\/\\\/secure.gravatar.com\\\/avatar\\\/df2aeffc32bcd13f8d26072ef8a91b623d677766deac7f97ca815868cd41bf5e?s=96&d=mm&r=g\",\"width\":96,\"height\":96,\"caption\":\"El Digital de Asturias\"}},{\"@type\":\"WebPage\",\"@id\":\"https:\\\/\\\/www.eldigitaldeasturias.com\\\/noticias\\\/entrevista-con-julio-ruiz-se-ha-hecho-mucho-dano-desde-que-el-periodismo-se-pone-camiseta\\\/#webpage\",\"url\":\"https:\\\/\\\/www.eldigitaldeasturias.com\\\/noticias\\\/entrevista-con-julio-ruiz-se-ha-hecho-mucho-dano-desde-que-el-periodismo-se-pone-camiseta\\\/\",\"name\":\"Entrevista con Julio Ruiz : Se ha hecho mucho da\\u00f1o desde que el periodismo se pone camiseta - El Digital de Asturias\",\"description\":\"Madrid, 8 dic (EFE).- Un 27 de marzo de 1971 Julio Ruiz irrumpi\\u00f3 por primera vez en antena con su \\\"Disco grande\\\", un programa que, desde entonces, ha prestado atenci\\u00f3n a los sonidos m\\u00e1s actuales e independientes de la m\\u00fasica en Espa\\u00f1a, donde, seg\\u00fan su creador, el periodismo musical juega \\\"en tercera divisi\\u00f3n\\\". Ruiz (Madrid,\",\"inLanguage\":\"es-ES\",\"isPartOf\":{\"@id\":\"https:\\\/\\\/www.eldigitaldeasturias.com\\\/noticias\\\/#website\"},\"breadcrumb\":{\"@id\":\"https:\\\/\\\/www.eldigitaldeasturias.com\\\/noticias\\\/entrevista-con-julio-ruiz-se-ha-hecho-mucho-dano-desde-que-el-periodismo-se-pone-camiseta\\\/#breadcrumblist\"},\"author\":{\"@id\":\"https:\\\/\\\/www.eldigitaldeasturias.com\\\/noticias\\\/author\\\/admin\\\/#author\"},\"creator\":{\"@id\":\"https:\\\/\\\/www.eldigitaldeasturias.com\\\/noticias\\\/author\\\/admin\\\/#author\"},\"image\":{\"@type\":\"ImageObject\",\"url\":459324,\"@id\":\"https:\\\/\\\/www.eldigitaldeasturias.com\\\/noticias\\\/entrevista-con-julio-ruiz-se-ha-hecho-mucho-dano-desde-que-el-periodismo-se-pone-camiseta\\\/#mainImage\"},\"primaryImageOfPage\":{\"@id\":\"https:\\\/\\\/www.eldigitaldeasturias.com\\\/noticias\\\/entrevista-con-julio-ruiz-se-ha-hecho-mucho-dano-desde-que-el-periodismo-se-pone-camiseta\\\/#mainImage\"},\"datePublished\":\"2013-12-08T20:29:09+01:00\",\"dateModified\":\"2013-12-08T20:29:09+01:00\"},{\"@type\":\"WebSite\",\"@id\":\"https:\\\/\\\/www.eldigitaldeasturias.com\\\/noticias\\\/#website\",\"url\":\"https:\\\/\\\/www.eldigitaldeasturias.com\\\/noticias\\\/\",\"name\":\"El Digital de Asturias - Diario de actualidad y noticias\",\"alternateName\":\"El Digital de Asturias - Diario de actualidad y noticias\",\"description\":\"Hemeroteca\",\"inLanguage\":\"es-ES\",\"publisher\":{\"@id\":\"https:\\\/\\\/www.eldigitaldeasturias.com\\\/noticias\\\/#organization\"}}]}\n\t\t<\/script>\n\t\t<!-- All in One SEO Pro -->\r\n\t\t<title>Entrevista con Julio Ruiz : Se ha hecho mucho da\u00f1o desde que el periodismo se pone camiseta - El Digital de Asturias<\/title>\n\n","aioseo_head_json":{"title":"Entrevista con Julio Ruiz : Se ha hecho mucho da\u00f1o desde que el periodismo se pone camiseta - El Digital de Asturias","description":"Madrid, 8 dic (EFE).- Un 27 de marzo de 1971 Julio Ruiz irrumpi\u00f3 por primera vez en antena con su \"Disco grande\", un programa que, desde entonces, ha prestado atenci\u00f3n a los sonidos m\u00e1s actuales e independientes de la m\u00fasica en Espa\u00f1a, donde, seg\u00fan su creador, el periodismo musical juega \"en tercera divisi\u00f3n\". Ruiz (Madrid,","canonical_url":"https:\/\/www.eldigitaldeasturias.com\/noticias\/entrevista-con-julio-ruiz-se-ha-hecho-mucho-dano-desde-que-el-periodismo-se-pone-camiseta\/","robots":"max-image-preview:large","keywords":"sociedad","webmasterTools":{"google-site-verification":"UA-38556648-1","msvalidate.01":"7dfe9f3f1b24437ab69f4f2559babe99","miscellaneous":""},"schema":{"@context":"https:\/\/schema.org","@graph":[{"@type":"BlogPosting","@id":"https:\/\/www.eldigitaldeasturias.com\/noticias\/entrevista-con-julio-ruiz-se-ha-hecho-mucho-dano-desde-que-el-periodismo-se-pone-camiseta\/#blogposting","name":"Entrevista con Julio Ruiz : Se ha hecho mucho da\u00f1o desde que el periodismo se pone camiseta - El Digital de Asturias","headline":"Entrevista con Julio Ruiz : Se ha hecho mucho da\u00f1o desde que el periodismo se pone camiseta","author":{"@id":"https:\/\/www.eldigitaldeasturias.com\/noticias\/author\/admin\/#author"},"publisher":{"@id":"https:\/\/www.eldigitaldeasturias.com\/noticias\/#organization"},"image":{"@type":"ImageObject","url":459324},"datePublished":"2013-12-08T20:29:09+01:00","dateModified":"2013-12-08T20:29:09+01:00","inLanguage":"es-ES","mainEntityOfPage":{"@id":"https:\/\/www.eldigitaldeasturias.com\/noticias\/entrevista-con-julio-ruiz-se-ha-hecho-mucho-dano-desde-que-el-periodismo-se-pone-camiseta\/#webpage"},"isPartOf":{"@id":"https:\/\/www.eldigitaldeasturias.com\/noticias\/entrevista-con-julio-ruiz-se-ha-hecho-mucho-dano-desde-que-el-periodismo-se-pone-camiseta\/#webpage"},"articleSection":"Sociedad"},{"@type":"BreadcrumbList","@id":"https:\/\/www.eldigitaldeasturias.com\/noticias\/entrevista-con-julio-ruiz-se-ha-hecho-mucho-dano-desde-que-el-periodismo-se-pone-camiseta\/#breadcrumblist","itemListElement":[{"@type":"ListItem","@id":"https:\/\/www.eldigitaldeasturias.com\/noticias#listItem","position":1,"name":"Home","item":"https:\/\/www.eldigitaldeasturias.com\/noticias","nextItem":{"@type":"ListItem","@id":"https:\/\/www.eldigitaldeasturias.com\/noticias\/category\/sociedad\/#listItem","name":"Sociedad"}},{"@type":"ListItem","@id":"https:\/\/www.eldigitaldeasturias.com\/noticias\/category\/sociedad\/#listItem","position":2,"name":"Sociedad","item":"https:\/\/www.eldigitaldeasturias.com\/noticias\/category\/sociedad\/","nextItem":{"@type":"ListItem","@id":"https:\/\/www.eldigitaldeasturias.com\/noticias\/entrevista-con-julio-ruiz-se-ha-hecho-mucho-dano-desde-que-el-periodismo-se-pone-camiseta\/#listItem","name":"Entrevista con Julio Ruiz : Se ha hecho mucho da\u00f1o desde que el periodismo se pone camiseta"},"previousItem":{"@type":"ListItem","@id":"https:\/\/www.eldigitaldeasturias.com\/noticias#listItem","name":"Home"}},{"@type":"ListItem","@id":"https:\/\/www.eldigitaldeasturias.com\/noticias\/entrevista-con-julio-ruiz-se-ha-hecho-mucho-dano-desde-que-el-periodismo-se-pone-camiseta\/#listItem","position":3,"name":"Entrevista con Julio Ruiz : Se ha hecho mucho da\u00f1o desde que el periodismo se pone camiseta","previousItem":{"@type":"ListItem","@id":"https:\/\/www.eldigitaldeasturias.com\/noticias\/category\/sociedad\/#listItem","name":"Sociedad"}}]},{"@type":"Organization","@id":"https:\/\/www.eldigitaldeasturias.com\/noticias\/#organization","name":"El Digital de Asturias","description":"Hemeroteca","url":"https:\/\/www.eldigitaldeasturias.com\/noticias\/","email":"info@eldigitaldeasturias.com","telephone":"+34652131393","logo":{"@type":"ImageObject","url":"https:\/\/www.eldigitaldeasturias.com\/noticias\/wp-content\/uploads\/2020\/12\/EDA.jpg","@id":"https:\/\/www.eldigitaldeasturias.com\/noticias\/entrevista-con-julio-ruiz-se-ha-hecho-mucho-dano-desde-que-el-periodismo-se-pone-camiseta\/#organizationLogo"},"image":{"@id":"https:\/\/www.eldigitaldeasturias.com\/noticias\/entrevista-con-julio-ruiz-se-ha-hecho-mucho-dano-desde-que-el-periodismo-se-pone-camiseta\/#organizationLogo"},"sameAs":["https:\/\/facebook.com\/eldigitaldeasturias","https:\/\/www.youtube.com\/channel\/UCZP-2wLEB9Rv6erhFmqVnvg"],"address":{"@id":"https:\/\/www.eldigitaldeasturias.com\/noticias\/#postaladdress","@type":"PostalAddress","streetAddress":"san antonio 4","postalCode":"33430","addressLocality":"Cand\u00e1s","addressRegion":"Asturias","addressCountry":"ES"}},{"@type":"Person","@id":"https:\/\/www.eldigitaldeasturias.com\/noticias\/author\/admin\/#author","url":"https:\/\/www.eldigitaldeasturias.com\/noticias\/author\/admin\/","name":"El Digital de Asturias","image":{"@type":"ImageObject","@id":"https:\/\/www.eldigitaldeasturias.com\/noticias\/entrevista-con-julio-ruiz-se-ha-hecho-mucho-dano-desde-que-el-periodismo-se-pone-camiseta\/#authorImage","url":"https:\/\/secure.gravatar.com\/avatar\/df2aeffc32bcd13f8d26072ef8a91b623d677766deac7f97ca815868cd41bf5e?s=96&d=mm&r=g","width":96,"height":96,"caption":"El Digital de Asturias"}},{"@type":"WebPage","@id":"https:\/\/www.eldigitaldeasturias.com\/noticias\/entrevista-con-julio-ruiz-se-ha-hecho-mucho-dano-desde-que-el-periodismo-se-pone-camiseta\/#webpage","url":"https:\/\/www.eldigitaldeasturias.com\/noticias\/entrevista-con-julio-ruiz-se-ha-hecho-mucho-dano-desde-que-el-periodismo-se-pone-camiseta\/","name":"Entrevista con Julio Ruiz : Se ha hecho mucho da\u00f1o desde que el periodismo se pone camiseta - El Digital de Asturias","description":"Madrid, 8 dic (EFE).- Un 27 de marzo de 1971 Julio Ruiz irrumpi\u00f3 por primera vez en antena con su \"Disco grande\", un programa que, desde entonces, ha prestado atenci\u00f3n a los sonidos m\u00e1s actuales e independientes de la m\u00fasica en Espa\u00f1a, donde, seg\u00fan su creador, el periodismo musical juega \"en tercera divisi\u00f3n\". Ruiz (Madrid,","inLanguage":"es-ES","isPartOf":{"@id":"https:\/\/www.eldigitaldeasturias.com\/noticias\/#website"},"breadcrumb":{"@id":"https:\/\/www.eldigitaldeasturias.com\/noticias\/entrevista-con-julio-ruiz-se-ha-hecho-mucho-dano-desde-que-el-periodismo-se-pone-camiseta\/#breadcrumblist"},"author":{"@id":"https:\/\/www.eldigitaldeasturias.com\/noticias\/author\/admin\/#author"},"creator":{"@id":"https:\/\/www.eldigitaldeasturias.com\/noticias\/author\/admin\/#author"},"image":{"@type":"ImageObject","url":459324,"@id":"https:\/\/www.eldigitaldeasturias.com\/noticias\/entrevista-con-julio-ruiz-se-ha-hecho-mucho-dano-desde-que-el-periodismo-se-pone-camiseta\/#mainImage"},"primaryImageOfPage":{"@id":"https:\/\/www.eldigitaldeasturias.com\/noticias\/entrevista-con-julio-ruiz-se-ha-hecho-mucho-dano-desde-que-el-periodismo-se-pone-camiseta\/#mainImage"},"datePublished":"2013-12-08T20:29:09+01:00","dateModified":"2013-12-08T20:29:09+01:00"},{"@type":"WebSite","@id":"https:\/\/www.eldigitaldeasturias.com\/noticias\/#website","url":"https:\/\/www.eldigitaldeasturias.com\/noticias\/","name":"El Digital de Asturias - Diario de actualidad y noticias","alternateName":"El Digital de Asturias - Diario de actualidad y noticias","description":"Hemeroteca","inLanguage":"es-ES","publisher":{"@id":"https:\/\/www.eldigitaldeasturias.com\/noticias\/#organization"}}]},"og:locale":"es_ES","og:site_name":"El Digital de Asturias","og:type":"article","og:title":"Entrevista con Julio Ruiz : Se ha hecho mucho da\u00f1o desde que el periodismo se pone camiseta - El Digital de Asturias","og:description":"Madrid, 8 dic (EFE).- Un 27 de marzo de 1971 Julio Ruiz irrumpi\u00f3 por primera vez en antena con su &quot;Disco grande&quot;, un programa que, desde entonces, ha prestado atenci\u00f3n a los sonidos m\u00e1s actuales e independientes de la m\u00fasica en Espa\u00f1a, donde, seg\u00fan su creador, el periodismo musical juega &quot;en tercera divisi\u00f3n&quot;. Ruiz (Madrid,","og:url":"https:\/\/www.eldigitaldeasturias.com\/noticias\/entrevista-con-julio-ruiz-se-ha-hecho-mucho-dano-desde-que-el-periodismo-se-pone-camiseta\/","article:tag":["sociedad"],"article:published_time":"2013-12-08T21:29:09+00:00","article:modified_time":"2013-12-08T21:29:09+00:00","article:publisher":"https:\/\/facebook.com\/eldigitaldeasturias","twitter:card":"summary_large_image","twitter:title":"Entrevista con Julio Ruiz : Se ha hecho mucho da\u00f1o desde que el periodismo se pone camiseta - El Digital de Asturias","twitter:description":"Madrid, 8 dic (EFE).- Un 27 de marzo de 1971 Julio Ruiz irrumpi\u00f3 por primera vez en antena con su &quot;Disco grande&quot;, un programa que, desde entonces, ha prestado atenci\u00f3n a los sonidos m\u00e1s actuales e independientes de la m\u00fasica en Espa\u00f1a, donde, seg\u00fan su creador, el periodismo musical juega &quot;en tercera divisi\u00f3n&quot;. Ruiz (Madrid,","twitter:label1":"Escrito por","twitter:data1":"El Digital de Asturias","twitter:label2":"Tiempo de lectura estimado","twitter:data2":"7 minutos"},"aioseo_meta_data":{"post_id":"459323","title":null,"description":null,"keywords":null,"keyphrases":null,"primary_term":null,"canonical_url":null,"og_title":null,"og_description":null,"og_object_type":"default","og_image_type":"default","og_image_url":null,"og_image_width":null,"og_image_height":null,"og_image_custom_url":null,"og_image_custom_fields":null,"og_video":null,"og_custom_url":null,"og_article_section":null,"og_article_tags":null,"twitter_use_og":true,"twitter_card":"default","twitter_image_type":"default","twitter_image_url":null,"twitter_image_custom_url":null,"twitter_image_custom_fields":null,"twitter_title":null,"twitter_description":null,"schema":{"blockGraphs":[],"customGraphs":[],"default":{"data":{"Article":[],"Course":[],"Dataset":[],"FAQPage":[],"Movie":[],"Person":[],"Product":[],"ProductReview":[],"Car":[],"Recipe":[],"Service":[],"SoftwareApplication":[],"WebPage":[]},"graphName":"","isEnabled":true},"graphs":[],"defaultGraph":"","defaultPostTypeGraph":""},"schema_type":null,"schema_type_options":null,"pillar_content":false,"robots_default":true,"robots_noindex":false,"robots_noarchive":false,"robots_nosnippet":false,"robots_nofollow":false,"robots_noimageindex":false,"robots_noodp":false,"robots_notranslate":false,"robots_max_snippet":null,"robots_max_videopreview":null,"robots_max_imagepreview":"none","priority":null,"frequency":null,"local_seo":null,"seo_analyzer_scan_date":"2026-05-30 08:56:33","breadcrumb_settings":null,"limit_modified_date":false,"open_ai":null,"ai":null,"created":"2020-11-14 22:47:35","updated":"2026-05-30 08:56:33","focus_keyword":null,"additional_keywords":null,"truseo_locale":null},"aioseo_breadcrumb":"<div class=\"aioseo-breadcrumbs\"><span class=\"aioseo-breadcrumb\">\n\t<a href=\"https:\/\/www.eldigitaldeasturias.com\/noticias\" title=\"Home\">Home<\/a>\n<\/span><span class=\"aioseo-breadcrumb-separator\">\u2013<\/span><span class=\"aioseo-breadcrumb\">\n\t<a href=\"https:\/\/www.eldigitaldeasturias.com\/noticias\/category\/sociedad\/\" title=\"Sociedad\">Sociedad<\/a>\n<\/span><span class=\"aioseo-breadcrumb-separator\">\u2013<\/span><span class=\"aioseo-breadcrumb\">\n\t<a href=\"https:\/\/www.eldigitaldeasturias.com\/noticias\/entrevista-con-julio-ruiz-se-ha-hecho-mucho-dano-desde-que-el-periodismo-se-pone-camiseta\/\" title=\"Entrevista con Julio Ruiz : Se ha hecho mucho da\u00f1o desde que el periodismo se pone camiseta\">Entrevista con Julio Ruiz : Se ha hecho mucho da\u00f1o desde que el periodismo se pone camiseta<\/a>\n<\/span><\/div>","aioseo_breadcrumb_json":[{"label":"Home","link":"https:\/\/www.eldigitaldeasturias.com\/noticias"},{"label":"Sociedad","link":"https:\/\/www.eldigitaldeasturias.com\/noticias\/category\/sociedad\/"},{"label":"Entrevista con Julio Ruiz : Se ha hecho mucho da\u00f1o desde que el periodismo se pone camiseta","link":"https:\/\/www.eldigitaldeasturias.com\/noticias\/entrevista-con-julio-ruiz-se-ha-hecho-mucho-dano-desde-que-el-periodismo-se-pone-camiseta\/"}],"_links":{"self":[{"href":"https:\/\/www.eldigitaldeasturias.com\/noticias\/wp-json\/wp\/v2\/posts\/459323","targetHints":{"allow":["GET"]}}],"collection":[{"href":"https:\/\/www.eldigitaldeasturias.com\/noticias\/wp-json\/wp\/v2\/posts"}],"about":[{"href":"https:\/\/www.eldigitaldeasturias.com\/noticias\/wp-json\/wp\/v2\/types\/post"}],"author":[{"embeddable":true,"href":"https:\/\/www.eldigitaldeasturias.com\/noticias\/wp-json\/wp\/v2\/users\/1"}],"replies":[{"embeddable":true,"href":"https:\/\/www.eldigitaldeasturias.com\/noticias\/wp-json\/wp\/v2\/comments?post=459323"}],"version-history":[{"count":0,"href":"https:\/\/www.eldigitaldeasturias.com\/noticias\/wp-json\/wp\/v2\/posts\/459323\/revisions"}],"wp:attachment":[{"href":"https:\/\/www.eldigitaldeasturias.com\/noticias\/wp-json\/wp\/v2\/media?parent=459323"}],"wp:term":[{"taxonomy":"category","embeddable":true,"href":"https:\/\/www.eldigitaldeasturias.com\/noticias\/wp-json\/wp\/v2\/categories?post=459323"},{"taxonomy":"post_tag","embeddable":true,"href":"https:\/\/www.eldigitaldeasturias.com\/noticias\/wp-json\/wp\/v2\/tags?post=459323"}],"curies":[{"name":"wp","href":"https:\/\/api.w.org\/{rel}","templated":true}]}}