{"id":459317,"date":"2013-12-08T20:22:08","date_gmt":"2013-12-08T21:22:08","guid":{"rendered":"http:\/\/www.eldigitaldeasturias.com\/noticias\/?p=459317"},"modified":"2013-12-08T20:22:08","modified_gmt":"2013-12-08T21:22:08","slug":"diez-detenidos-e-incautados-586-kilos-de-cocaina-en-el-puerto-de-valencia","status":"publish","type":"post","link":"https:\/\/www.eldigitaldeasturias.com\/noticias\/diez-detenidos-e-incautados-586-kilos-de-cocaina-en-el-puerto-de-valencia\/","title":{"rendered":"Diez detenidos e incautados 58,6 kilos de coca\u00edna en el puerto de Valencia"},"content":{"rendered":"<p><img loading=\"lazy\" decoding=\"async\" class=\"alignleft size-medium wp-image-459318\" alt=\"5779579w\" src=\"https:\/\/www.eldigitaldeasturias.com\/noticias\/wp-content\/uploads\/2013\/12\/5779579w-360x183.jpg\" width=\"360\" height=\"183\" \/>Madrid, 8 dic (EFE).- La Polic\u00eda Nacional ha detenido a diez personas en una operaci\u00f3n contra el tr\u00e1fico de drogas y ha incautado 58,6 kilos de coca\u00edna en el puerto de Valencia, procedentes de Brasil y con destino a Italia.<\/p>\n<p>Seg\u00fan informa la Direcci\u00f3n General de la Polic\u00eda, en la operaci\u00f3n, desarrollada en colaboraci\u00f3n con la Agencia Tributaria, los agentes han confiscado dos grandes bolsas deportivas ocultas en dos contenedores de carga diferentes que escond\u00edan 36 y 22,6 kilos de coca\u00edna, respectivamente.<\/p>\n<p>La droga era introducida en Espa\u00f1a mediante la t\u00e9cnica del \u00abgancho ciego\u00bb, que consiste en infiltrar la mercanc\u00eda il\u00edcita en un contenedor de transporte, sin el conocimiento ni de la empresa exportadora ni importadora, para luego retirarla en el puerto de destino.<\/p>\n<p>Para que la operaci\u00f3n finalizara con \u00e9xito, la organizaci\u00f3n contaba con la colaboraci\u00f3n de tres trabajadores del puerto, conocidos como \u00abrescatadores\u00bb y tambi\u00e9n detenidos, que eran los encargados de extraer la droga de los contenedores antes de que \u00e9stos fueran vaciados para evitar los controles policiales.<\/p>\n<p>Adem\u00e1s, se ha realizado un registro en el domicilio del cabecilla en la provincia de Castell\u00f3n, donde se han hallado 15.000 euros en efectivo, una pistola, 30 tel\u00e9fonos m\u00f3viles, material inform\u00e1tico, diversa documentaci\u00f3n, cizallas y precintos destinados a la apertura y cierre de los contenedores.<\/p>\n","protected":false},"excerpt":{"rendered":"<p>Madrid, 8 dic (EFE).- La Polic\u00eda Nacional ha detenido a diez personas en una operaci\u00f3n contra el tr\u00e1fico de drogas y ha incautado 58,6 kilos de coca\u00edna en el puerto de Valencia, procedentes de Brasil y con destino a Italia. Seg\u00fan informa la Direcci\u00f3n General de la Polic\u00eda, en la operaci\u00f3n, desarrollada en colaboraci\u00f3n con [&hellip;]<\/p>\n","protected":false},"author":1,"featured_media":459318,"comment_status":"closed","ping_status":"open","sticky":false,"template":"","format":"standard","meta":{"footnotes":""},"categories":[5],"tags":[],"class_list":["post-459317","post","type-post","status-publish","format-standard","has-post-thumbnail","hentry","category-sucesos"],"aioseo_notices":[],"aioseo_head":"\n\t\t<!-- All in One SEO Pro 5.0.1 - aioseo.com -->\n\t<meta name=\"description\" content=\"Madrid, 8 dic (EFE).- La Polic\u00eda Nacional ha detenido a diez personas en una operaci\u00f3n contra el tr\u00e1fico de drogas y ha incautado 58,6 kilos de coca\u00edna en el puerto de Valencia, procedentes de Brasil y con destino a Italia. Seg\u00fan informa la Direcci\u00f3n General de la Polic\u00eda, en la operaci\u00f3n, desarrollada en colaboraci\u00f3n con\" \/>\n\t<meta name=\"robots\" content=\"max-image-preview:large\" \/>\n\t<meta name=\"author\" content=\"El Digital de Asturias\"\/>\n\t<meta name=\"google-site-verification\" content=\"UA-38556648-1\" \/>\n\t<meta name=\"msvalidate.01\" content=\"7dfe9f3f1b24437ab69f4f2559babe99\" \/>\n\t<meta name=\"keywords\" content=\"sucesos\" \/>\n\t<link rel=\"canonical\" href=\"https:\/\/www.eldigitaldeasturias.com\/noticias\/diez-detenidos-e-incautados-586-kilos-de-cocaina-en-el-puerto-de-valencia\/\" \/>\n\t<meta name=\"generator\" content=\"All in One SEO Pro (AIOSEO) 5.0.1\" \/>\n\t\t<meta property=\"og:locale\" content=\"es_ES\" \/>\n\t\t<meta property=\"og:site_name\" content=\"El Digital de Asturias\" \/>\n\t\t<meta property=\"og:type\" content=\"article\" \/>\n\t\t<meta property=\"og:title\" content=\"Diez detenidos e incautados 58,6 kilos de coca\u00edna en el puerto de Valencia - El Digital de Asturias\" \/>\n\t\t<meta property=\"og:description\" content=\"Madrid, 8 dic (EFE).- La Polic\u00eda Nacional ha detenido a diez personas en una operaci\u00f3n contra el tr\u00e1fico de drogas y ha incautado 58,6 kilos de coca\u00edna en el puerto de Valencia, procedentes de Brasil y con destino a Italia. Seg\u00fan informa la Direcci\u00f3n General de la Polic\u00eda, en la operaci\u00f3n, desarrollada en colaboraci\u00f3n con\" \/>\n\t\t<meta property=\"og:url\" content=\"https:\/\/www.eldigitaldeasturias.com\/noticias\/diez-detenidos-e-incautados-586-kilos-de-cocaina-en-el-puerto-de-valencia\/\" \/>\n\t\t<meta property=\"article:tag\" content=\"sucesos\" \/>\n\t\t<meta property=\"article:published_time\" content=\"2013-12-08T21:22:08+00:00\" \/>\n\t\t<meta property=\"article:modified_time\" content=\"2013-12-08T21:22:08+00:00\" \/>\n\t\t<meta property=\"article:publisher\" content=\"https:\/\/facebook.com\/eldigitaldeasturias\" \/>\n\t\t<meta name=\"twitter:card\" content=\"summary_large_image\" \/>\n\t\t<meta name=\"twitter:title\" content=\"Diez detenidos e incautados 58,6 kilos de coca\u00edna en el puerto de Valencia - El Digital de Asturias\" \/>\n\t\t<meta name=\"twitter:description\" content=\"Madrid, 8 dic (EFE).- La Polic\u00eda Nacional ha detenido a diez personas en una operaci\u00f3n contra el tr\u00e1fico de drogas y ha incautado 58,6 kilos de coca\u00edna en el puerto de Valencia, procedentes de Brasil y con destino a Italia. Seg\u00fan informa la Direcci\u00f3n General de la Polic\u00eda, en la operaci\u00f3n, desarrollada en colaboraci\u00f3n con\" \/>\n\t\t<meta name=\"twitter:label1\" content=\"Escrito por\" \/>\n\t\t<meta name=\"twitter:data1\" content=\"El Digital de Asturias\" \/>\n\t\t<meta name=\"twitter:label2\" content=\"Tiempo de lectura estimado\" \/>\n\t\t<meta name=\"twitter:data2\" content=\"1 minuto\" \/>\n\t\t<script type=\"application\/ld+json\" class=\"aioseo-schema\">\n\t\t\t{\"@context\":\"https:\\\/\\\/schema.org\",\"@graph\":[{\"@type\":\"BlogPosting\",\"@id\":\"https:\\\/\\\/www.eldigitaldeasturias.com\\\/noticias\\\/diez-detenidos-e-incautados-586-kilos-de-cocaina-en-el-puerto-de-valencia\\\/#blogposting\",\"name\":\"Diez detenidos e incautados 58,6 kilos de coca\\u00edna en el puerto de Valencia - El Digital de Asturias\",\"headline\":\"Diez detenidos e incautados 58,6 kilos de coca\\u00edna en el puerto de Valencia\",\"author\":{\"@id\":\"https:\\\/\\\/www.eldigitaldeasturias.com\\\/noticias\\\/author\\\/admin\\\/#author\"},\"publisher\":{\"@id\":\"https:\\\/\\\/www.eldigitaldeasturias.com\\\/noticias\\\/#organization\"},\"image\":{\"@type\":\"ImageObject\",\"url\":459318},\"datePublished\":\"2013-12-08T20:22:08+01:00\",\"dateModified\":\"2013-12-08T20:22:08+01:00\",\"inLanguage\":\"es-ES\",\"mainEntityOfPage\":{\"@id\":\"https:\\\/\\\/www.eldigitaldeasturias.com\\\/noticias\\\/diez-detenidos-e-incautados-586-kilos-de-cocaina-en-el-puerto-de-valencia\\\/#webpage\"},\"isPartOf\":{\"@id\":\"https:\\\/\\\/www.eldigitaldeasturias.com\\\/noticias\\\/diez-detenidos-e-incautados-586-kilos-de-cocaina-en-el-puerto-de-valencia\\\/#webpage\"},\"articleSection\":\"Sucesos\"},{\"@type\":\"BreadcrumbList\",\"@id\":\"https:\\\/\\\/www.eldigitaldeasturias.com\\\/noticias\\\/diez-detenidos-e-incautados-586-kilos-de-cocaina-en-el-puerto-de-valencia\\\/#breadcrumblist\",\"itemListElement\":[{\"@type\":\"ListItem\",\"@id\":\"https:\\\/\\\/www.eldigitaldeasturias.com\\\/noticias#listItem\",\"position\":1,\"name\":\"Home\",\"item\":\"https:\\\/\\\/www.eldigitaldeasturias.com\\\/noticias\",\"nextItem\":{\"@type\":\"ListItem\",\"@id\":\"https:\\\/\\\/www.eldigitaldeasturias.com\\\/noticias\\\/category\\\/sucesos\\\/#listItem\",\"name\":\"Sucesos\"}},{\"@type\":\"ListItem\",\"@id\":\"https:\\\/\\\/www.eldigitaldeasturias.com\\\/noticias\\\/category\\\/sucesos\\\/#listItem\",\"position\":2,\"name\":\"Sucesos\",\"item\":\"https:\\\/\\\/www.eldigitaldeasturias.com\\\/noticias\\\/category\\\/sucesos\\\/\",\"nextItem\":{\"@type\":\"ListItem\",\"@id\":\"https:\\\/\\\/www.eldigitaldeasturias.com\\\/noticias\\\/diez-detenidos-e-incautados-586-kilos-de-cocaina-en-el-puerto-de-valencia\\\/#listItem\",\"name\":\"Diez detenidos e incautados 58,6 kilos de coca\\u00edna en el puerto de Valencia\"},\"previousItem\":{\"@type\":\"ListItem\",\"@id\":\"https:\\\/\\\/www.eldigitaldeasturias.com\\\/noticias#listItem\",\"name\":\"Home\"}},{\"@type\":\"ListItem\",\"@id\":\"https:\\\/\\\/www.eldigitaldeasturias.com\\\/noticias\\\/diez-detenidos-e-incautados-586-kilos-de-cocaina-en-el-puerto-de-valencia\\\/#listItem\",\"position\":3,\"name\":\"Diez detenidos e incautados 58,6 kilos de coca\\u00edna en el puerto de Valencia\",\"previousItem\":{\"@type\":\"ListItem\",\"@id\":\"https:\\\/\\\/www.eldigitaldeasturias.com\\\/noticias\\\/category\\\/sucesos\\\/#listItem\",\"name\":\"Sucesos\"}}]},{\"@type\":\"Organization\",\"@id\":\"https:\\\/\\\/www.eldigitaldeasturias.com\\\/noticias\\\/#organization\",\"name\":\"El Digital de Asturias\",\"description\":\"Hemeroteca\",\"url\":\"https:\\\/\\\/www.eldigitaldeasturias.com\\\/noticias\\\/\",\"email\":\"info@eldigitaldeasturias.com\",\"telephone\":\"+34652131393\",\"logo\":{\"@type\":\"ImageObject\",\"url\":\"https:\\\/\\\/www.eldigitaldeasturias.com\\\/noticias\\\/wp-content\\\/uploads\\\/2020\\\/12\\\/EDA.jpg\",\"@id\":\"https:\\\/\\\/www.eldigitaldeasturias.com\\\/noticias\\\/diez-detenidos-e-incautados-586-kilos-de-cocaina-en-el-puerto-de-valencia\\\/#organizationLogo\"},\"image\":{\"@id\":\"https:\\\/\\\/www.eldigitaldeasturias.com\\\/noticias\\\/diez-detenidos-e-incautados-586-kilos-de-cocaina-en-el-puerto-de-valencia\\\/#organizationLogo\"},\"sameAs\":[\"https:\\\/\\\/facebook.com\\\/eldigitaldeasturias\",\"https:\\\/\\\/www.youtube.com\\\/channel\\\/UCZP-2wLEB9Rv6erhFmqVnvg\"],\"address\":{\"@id\":\"https:\\\/\\\/www.eldigitaldeasturias.com\\\/noticias\\\/#postaladdress\",\"@type\":\"PostalAddress\",\"streetAddress\":\"san antonio 4\",\"postalCode\":\"33430\",\"addressLocality\":\"Cand\\u00e1s\",\"addressRegion\":\"Asturias\",\"addressCountry\":\"ES\"}},{\"@type\":\"Person\",\"@id\":\"https:\\\/\\\/www.eldigitaldeasturias.com\\\/noticias\\\/author\\\/admin\\\/#author\",\"url\":\"https:\\\/\\\/www.eldigitaldeasturias.com\\\/noticias\\\/author\\\/admin\\\/\",\"name\":\"El Digital de Asturias\",\"image\":{\"@type\":\"ImageObject\",\"@id\":\"https:\\\/\\\/www.eldigitaldeasturias.com\\\/noticias\\\/diez-detenidos-e-incautados-586-kilos-de-cocaina-en-el-puerto-de-valencia\\\/#authorImage\",\"url\":\"https:\\\/\\\/secure.gravatar.com\\\/avatar\\\/df2aeffc32bcd13f8d26072ef8a91b623d677766deac7f97ca815868cd41bf5e?s=96&d=mm&r=g\",\"width\":96,\"height\":96,\"caption\":\"El Digital de Asturias\"}},{\"@type\":\"WebPage\",\"@id\":\"https:\\\/\\\/www.eldigitaldeasturias.com\\\/noticias\\\/diez-detenidos-e-incautados-586-kilos-de-cocaina-en-el-puerto-de-valencia\\\/#webpage\",\"url\":\"https:\\\/\\\/www.eldigitaldeasturias.com\\\/noticias\\\/diez-detenidos-e-incautados-586-kilos-de-cocaina-en-el-puerto-de-valencia\\\/\",\"name\":\"Diez detenidos e incautados 58,6 kilos de coca\\u00edna en el puerto de Valencia - El Digital de Asturias\",\"description\":\"Madrid, 8 dic (EFE).- La Polic\\u00eda Nacional ha detenido a diez personas en una operaci\\u00f3n contra el tr\\u00e1fico de drogas y ha incautado 58,6 kilos de coca\\u00edna en el puerto de Valencia, procedentes de Brasil y con destino a Italia. Seg\\u00fan informa la Direcci\\u00f3n General de la Polic\\u00eda, en la operaci\\u00f3n, desarrollada en colaboraci\\u00f3n con\",\"inLanguage\":\"es-ES\",\"isPartOf\":{\"@id\":\"https:\\\/\\\/www.eldigitaldeasturias.com\\\/noticias\\\/#website\"},\"breadcrumb\":{\"@id\":\"https:\\\/\\\/www.eldigitaldeasturias.com\\\/noticias\\\/diez-detenidos-e-incautados-586-kilos-de-cocaina-en-el-puerto-de-valencia\\\/#breadcrumblist\"},\"author\":{\"@id\":\"https:\\\/\\\/www.eldigitaldeasturias.com\\\/noticias\\\/author\\\/admin\\\/#author\"},\"creator\":{\"@id\":\"https:\\\/\\\/www.eldigitaldeasturias.com\\\/noticias\\\/author\\\/admin\\\/#author\"},\"image\":{\"@type\":\"ImageObject\",\"url\":459318,\"@id\":\"https:\\\/\\\/www.eldigitaldeasturias.com\\\/noticias\\\/diez-detenidos-e-incautados-586-kilos-de-cocaina-en-el-puerto-de-valencia\\\/#mainImage\"},\"primaryImageOfPage\":{\"@id\":\"https:\\\/\\\/www.eldigitaldeasturias.com\\\/noticias\\\/diez-detenidos-e-incautados-586-kilos-de-cocaina-en-el-puerto-de-valencia\\\/#mainImage\"},\"datePublished\":\"2013-12-08T20:22:08+01:00\",\"dateModified\":\"2013-12-08T20:22:08+01:00\"},{\"@type\":\"WebSite\",\"@id\":\"https:\\\/\\\/www.eldigitaldeasturias.com\\\/noticias\\\/#website\",\"url\":\"https:\\\/\\\/www.eldigitaldeasturias.com\\\/noticias\\\/\",\"name\":\"El Digital de Asturias - Diario de actualidad y noticias\",\"alternateName\":\"El Digital de Asturias - Diario de actualidad y noticias\",\"description\":\"Hemeroteca\",\"inLanguage\":\"es-ES\",\"publisher\":{\"@id\":\"https:\\\/\\\/www.eldigitaldeasturias.com\\\/noticias\\\/#organization\"}}]}\n\t\t<\/script>\n\t\t<!-- All in One SEO Pro -->\r\n\t\t<title>Diez detenidos e incautados 58,6 kilos de coca\u00edna en el puerto de Valencia - El Digital de Asturias<\/title>\n\n","aioseo_head_json":{"title":"Diez detenidos e incautados 58,6 kilos de coca\u00edna en el puerto de Valencia - El Digital de Asturias","description":"Madrid, 8 dic (EFE).- La Polic\u00eda Nacional ha detenido a diez personas en una operaci\u00f3n contra el tr\u00e1fico de drogas y ha incautado 58,6 kilos de coca\u00edna en el puerto de Valencia, procedentes de Brasil y con destino a Italia. Seg\u00fan informa la Direcci\u00f3n General de la Polic\u00eda, en la operaci\u00f3n, desarrollada en colaboraci\u00f3n con","canonical_url":"https:\/\/www.eldigitaldeasturias.com\/noticias\/diez-detenidos-e-incautados-586-kilos-de-cocaina-en-el-puerto-de-valencia\/","robots":"max-image-preview:large","keywords":"sucesos","webmasterTools":{"google-site-verification":"UA-38556648-1","msvalidate.01":"7dfe9f3f1b24437ab69f4f2559babe99","miscellaneous":""},"schema":{"@context":"https:\/\/schema.org","@graph":[{"@type":"BlogPosting","@id":"https:\/\/www.eldigitaldeasturias.com\/noticias\/diez-detenidos-e-incautados-586-kilos-de-cocaina-en-el-puerto-de-valencia\/#blogposting","name":"Diez detenidos e incautados 58,6 kilos de coca\u00edna en el puerto de Valencia - El Digital de Asturias","headline":"Diez detenidos e incautados 58,6 kilos de coca\u00edna en el puerto de Valencia","author":{"@id":"https:\/\/www.eldigitaldeasturias.com\/noticias\/author\/admin\/#author"},"publisher":{"@id":"https:\/\/www.eldigitaldeasturias.com\/noticias\/#organization"},"image":{"@type":"ImageObject","url":459318},"datePublished":"2013-12-08T20:22:08+01:00","dateModified":"2013-12-08T20:22:08+01:00","inLanguage":"es-ES","mainEntityOfPage":{"@id":"https:\/\/www.eldigitaldeasturias.com\/noticias\/diez-detenidos-e-incautados-586-kilos-de-cocaina-en-el-puerto-de-valencia\/#webpage"},"isPartOf":{"@id":"https:\/\/www.eldigitaldeasturias.com\/noticias\/diez-detenidos-e-incautados-586-kilos-de-cocaina-en-el-puerto-de-valencia\/#webpage"},"articleSection":"Sucesos"},{"@type":"BreadcrumbList","@id":"https:\/\/www.eldigitaldeasturias.com\/noticias\/diez-detenidos-e-incautados-586-kilos-de-cocaina-en-el-puerto-de-valencia\/#breadcrumblist","itemListElement":[{"@type":"ListItem","@id":"https:\/\/www.eldigitaldeasturias.com\/noticias#listItem","position":1,"name":"Home","item":"https:\/\/www.eldigitaldeasturias.com\/noticias","nextItem":{"@type":"ListItem","@id":"https:\/\/www.eldigitaldeasturias.com\/noticias\/category\/sucesos\/#listItem","name":"Sucesos"}},{"@type":"ListItem","@id":"https:\/\/www.eldigitaldeasturias.com\/noticias\/category\/sucesos\/#listItem","position":2,"name":"Sucesos","item":"https:\/\/www.eldigitaldeasturias.com\/noticias\/category\/sucesos\/","nextItem":{"@type":"ListItem","@id":"https:\/\/www.eldigitaldeasturias.com\/noticias\/diez-detenidos-e-incautados-586-kilos-de-cocaina-en-el-puerto-de-valencia\/#listItem","name":"Diez detenidos e incautados 58,6 kilos de coca\u00edna en el puerto de Valencia"},"previousItem":{"@type":"ListItem","@id":"https:\/\/www.eldigitaldeasturias.com\/noticias#listItem","name":"Home"}},{"@type":"ListItem","@id":"https:\/\/www.eldigitaldeasturias.com\/noticias\/diez-detenidos-e-incautados-586-kilos-de-cocaina-en-el-puerto-de-valencia\/#listItem","position":3,"name":"Diez detenidos e incautados 58,6 kilos de coca\u00edna en el puerto de Valencia","previousItem":{"@type":"ListItem","@id":"https:\/\/www.eldigitaldeasturias.com\/noticias\/category\/sucesos\/#listItem","name":"Sucesos"}}]},{"@type":"Organization","@id":"https:\/\/www.eldigitaldeasturias.com\/noticias\/#organization","name":"El Digital de Asturias","description":"Hemeroteca","url":"https:\/\/www.eldigitaldeasturias.com\/noticias\/","email":"info@eldigitaldeasturias.com","telephone":"+34652131393","logo":{"@type":"ImageObject","url":"https:\/\/www.eldigitaldeasturias.com\/noticias\/wp-content\/uploads\/2020\/12\/EDA.jpg","@id":"https:\/\/www.eldigitaldeasturias.com\/noticias\/diez-detenidos-e-incautados-586-kilos-de-cocaina-en-el-puerto-de-valencia\/#organizationLogo"},"image":{"@id":"https:\/\/www.eldigitaldeasturias.com\/noticias\/diez-detenidos-e-incautados-586-kilos-de-cocaina-en-el-puerto-de-valencia\/#organizationLogo"},"sameAs":["https:\/\/facebook.com\/eldigitaldeasturias","https:\/\/www.youtube.com\/channel\/UCZP-2wLEB9Rv6erhFmqVnvg"],"address":{"@id":"https:\/\/www.eldigitaldeasturias.com\/noticias\/#postaladdress","@type":"PostalAddress","streetAddress":"san antonio 4","postalCode":"33430","addressLocality":"Cand\u00e1s","addressRegion":"Asturias","addressCountry":"ES"}},{"@type":"Person","@id":"https:\/\/www.eldigitaldeasturias.com\/noticias\/author\/admin\/#author","url":"https:\/\/www.eldigitaldeasturias.com\/noticias\/author\/admin\/","name":"El Digital de Asturias","image":{"@type":"ImageObject","@id":"https:\/\/www.eldigitaldeasturias.com\/noticias\/diez-detenidos-e-incautados-586-kilos-de-cocaina-en-el-puerto-de-valencia\/#authorImage","url":"https:\/\/secure.gravatar.com\/avatar\/df2aeffc32bcd13f8d26072ef8a91b623d677766deac7f97ca815868cd41bf5e?s=96&d=mm&r=g","width":96,"height":96,"caption":"El Digital de Asturias"}},{"@type":"WebPage","@id":"https:\/\/www.eldigitaldeasturias.com\/noticias\/diez-detenidos-e-incautados-586-kilos-de-cocaina-en-el-puerto-de-valencia\/#webpage","url":"https:\/\/www.eldigitaldeasturias.com\/noticias\/diez-detenidos-e-incautados-586-kilos-de-cocaina-en-el-puerto-de-valencia\/","name":"Diez detenidos e incautados 58,6 kilos de coca\u00edna en el puerto de Valencia - El Digital de Asturias","description":"Madrid, 8 dic (EFE).- La Polic\u00eda Nacional ha detenido a diez personas en una operaci\u00f3n contra el tr\u00e1fico de drogas y ha incautado 58,6 kilos de coca\u00edna en el puerto de Valencia, procedentes de Brasil y con destino a Italia. Seg\u00fan informa la Direcci\u00f3n General de la Polic\u00eda, en la operaci\u00f3n, desarrollada en colaboraci\u00f3n con","inLanguage":"es-ES","isPartOf":{"@id":"https:\/\/www.eldigitaldeasturias.com\/noticias\/#website"},"breadcrumb":{"@id":"https:\/\/www.eldigitaldeasturias.com\/noticias\/diez-detenidos-e-incautados-586-kilos-de-cocaina-en-el-puerto-de-valencia\/#breadcrumblist"},"author":{"@id":"https:\/\/www.eldigitaldeasturias.com\/noticias\/author\/admin\/#author"},"creator":{"@id":"https:\/\/www.eldigitaldeasturias.com\/noticias\/author\/admin\/#author"},"image":{"@type":"ImageObject","url":459318,"@id":"https:\/\/www.eldigitaldeasturias.com\/noticias\/diez-detenidos-e-incautados-586-kilos-de-cocaina-en-el-puerto-de-valencia\/#mainImage"},"primaryImageOfPage":{"@id":"https:\/\/www.eldigitaldeasturias.com\/noticias\/diez-detenidos-e-incautados-586-kilos-de-cocaina-en-el-puerto-de-valencia\/#mainImage"},"datePublished":"2013-12-08T20:22:08+01:00","dateModified":"2013-12-08T20:22:08+01:00"},{"@type":"WebSite","@id":"https:\/\/www.eldigitaldeasturias.com\/noticias\/#website","url":"https:\/\/www.eldigitaldeasturias.com\/noticias\/","name":"El Digital de Asturias - Diario de actualidad y noticias","alternateName":"El Digital de Asturias - Diario de actualidad y noticias","description":"Hemeroteca","inLanguage":"es-ES","publisher":{"@id":"https:\/\/www.eldigitaldeasturias.com\/noticias\/#organization"}}]},"og:locale":"es_ES","og:site_name":"El Digital de Asturias","og:type":"article","og:title":"Diez detenidos e incautados 58,6 kilos de coca\u00edna en el puerto de Valencia - El Digital de Asturias","og:description":"Madrid, 8 dic (EFE).- La Polic\u00eda Nacional ha detenido a diez personas en una operaci\u00f3n contra el tr\u00e1fico de drogas y ha incautado 58,6 kilos de coca\u00edna en el puerto de Valencia, procedentes de Brasil y con destino a Italia. Seg\u00fan informa la Direcci\u00f3n General de la Polic\u00eda, en la operaci\u00f3n, desarrollada en colaboraci\u00f3n con","og:url":"https:\/\/www.eldigitaldeasturias.com\/noticias\/diez-detenidos-e-incautados-586-kilos-de-cocaina-en-el-puerto-de-valencia\/","article:tag":["sucesos"],"article:published_time":"2013-12-08T21:22:08+00:00","article:modified_time":"2013-12-08T21:22:08+00:00","article:publisher":"https:\/\/facebook.com\/eldigitaldeasturias","twitter:card":"summary_large_image","twitter:title":"Diez detenidos e incautados 58,6 kilos de coca\u00edna en el puerto de Valencia - El Digital de Asturias","twitter:description":"Madrid, 8 dic (EFE).- La Polic\u00eda Nacional ha detenido a diez personas en una operaci\u00f3n contra el tr\u00e1fico de drogas y ha incautado 58,6 kilos de coca\u00edna en el puerto de Valencia, procedentes de Brasil y con destino a Italia. Seg\u00fan informa la Direcci\u00f3n General de la Polic\u00eda, en la operaci\u00f3n, desarrollada en colaboraci\u00f3n con","twitter:label1":"Escrito por","twitter:data1":"El Digital de Asturias","twitter:label2":"Tiempo de lectura estimado","twitter:data2":"1 minuto"},"aioseo_meta_data":{"post_id":"459317","title":null,"description":null,"keywords":null,"keyphrases":null,"primary_term":null,"canonical_url":null,"og_title":null,"og_description":null,"og_object_type":"default","og_image_type":"default","og_image_url":null,"og_image_width":null,"og_image_height":null,"og_image_custom_url":null,"og_image_custom_fields":null,"og_video":null,"og_custom_url":null,"og_article_section":null,"og_article_tags":null,"twitter_use_og":true,"twitter_card":"default","twitter_image_type":"default","twitter_image_url":null,"twitter_image_custom_url":null,"twitter_image_custom_fields":null,"twitter_title":null,"twitter_description":null,"schema":{"blockGraphs":[],"customGraphs":[],"default":{"data":{"Article":[],"Course":[],"Dataset":[],"FAQPage":[],"Movie":[],"Person":[],"Product":[],"ProductReview":[],"Car":[],"Recipe":[],"Service":[],"SoftwareApplication":[],"WebPage":[]},"graphName":"","isEnabled":true},"graphs":[],"defaultGraph":"","defaultPostTypeGraph":""},"schema_type":null,"schema_type_options":null,"pillar_content":false,"robots_default":true,"robots_noindex":false,"robots_noarchive":false,"robots_nosnippet":false,"robots_nofollow":false,"robots_noimageindex":false,"robots_noodp":false,"robots_notranslate":false,"robots_max_snippet":null,"robots_max_videopreview":null,"robots_max_imagepreview":"none","priority":null,"frequency":null,"local_seo":null,"seo_analyzer_scan_date":"2026-05-30 08:56:29","breadcrumb_settings":null,"limit_modified_date":false,"open_ai":null,"ai":null,"created":"2020-11-14 22:47:35","updated":"2026-05-30 08:56:29","focus_keyword":null,"additional_keywords":null,"truseo_locale":null},"aioseo_breadcrumb":"<div class=\"aioseo-breadcrumbs\"><span class=\"aioseo-breadcrumb\">\n\t<a href=\"https:\/\/www.eldigitaldeasturias.com\/noticias\" title=\"Home\">Home<\/a>\n<\/span><span class=\"aioseo-breadcrumb-separator\">\u2013<\/span><span class=\"aioseo-breadcrumb\">\n\t<a href=\"https:\/\/www.eldigitaldeasturias.com\/noticias\/category\/sucesos\/\" title=\"Sucesos\">Sucesos<\/a>\n<\/span><span class=\"aioseo-breadcrumb-separator\">\u2013<\/span><span class=\"aioseo-breadcrumb\">\n\t<a href=\"https:\/\/www.eldigitaldeasturias.com\/noticias\/diez-detenidos-e-incautados-586-kilos-de-cocaina-en-el-puerto-de-valencia\/\" title=\"Diez detenidos e incautados 58,6 kilos de coca\u00edna en el puerto de Valencia\">Diez detenidos e incautados 58,6 kilos de coca\u00edna en el puerto de Valencia<\/a>\n<\/span><\/div>","aioseo_breadcrumb_json":[{"label":"Home","link":"https:\/\/www.eldigitaldeasturias.com\/noticias"},{"label":"Sucesos","link":"https:\/\/www.eldigitaldeasturias.com\/noticias\/category\/sucesos\/"},{"label":"Diez detenidos e incautados 58,6 kilos de coca\u00edna en el puerto de Valencia","link":"https:\/\/www.eldigitaldeasturias.com\/noticias\/diez-detenidos-e-incautados-586-kilos-de-cocaina-en-el-puerto-de-valencia\/"}],"_links":{"self":[{"href":"https:\/\/www.eldigitaldeasturias.com\/noticias\/wp-json\/wp\/v2\/posts\/459317","targetHints":{"allow":["GET"]}}],"collection":[{"href":"https:\/\/www.eldigitaldeasturias.com\/noticias\/wp-json\/wp\/v2\/posts"}],"about":[{"href":"https:\/\/www.eldigitaldeasturias.com\/noticias\/wp-json\/wp\/v2\/types\/post"}],"author":[{"embeddable":true,"href":"https:\/\/www.eldigitaldeasturias.com\/noticias\/wp-json\/wp\/v2\/users\/1"}],"replies":[{"embeddable":true,"href":"https:\/\/www.eldigitaldeasturias.com\/noticias\/wp-json\/wp\/v2\/comments?post=459317"}],"version-history":[{"count":0,"href":"https:\/\/www.eldigitaldeasturias.com\/noticias\/wp-json\/wp\/v2\/posts\/459317\/revisions"}],"wp:attachment":[{"href":"https:\/\/www.eldigitaldeasturias.com\/noticias\/wp-json\/wp\/v2\/media?parent=459317"}],"wp:term":[{"taxonomy":"category","embeddable":true,"href":"https:\/\/www.eldigitaldeasturias.com\/noticias\/wp-json\/wp\/v2\/categories?post=459317"},{"taxonomy":"post_tag","embeddable":true,"href":"https:\/\/www.eldigitaldeasturias.com\/noticias\/wp-json\/wp\/v2\/tags?post=459317"}],"curies":[{"name":"wp","href":"https:\/\/api.w.org\/{rel}","templated":true}]}}