{"id":459290,"date":"2013-12-08T20:09:24","date_gmt":"2013-12-08T21:09:24","guid":{"rendered":"http:\/\/www.eldigitaldeasturias.com\/noticias\/?p=459290"},"modified":"2013-12-08T20:09:24","modified_gmt":"2013-12-08T21:09:24","slug":"exconcejal-de-pozuelo-declara-esta-semana-como-imputado-ante-el-juez-ruz-por-el-caso-gurtel","status":"publish","type":"post","link":"https:\/\/www.eldigitaldeasturias.com\/noticias\/exconcejal-de-pozuelo-declara-esta-semana-como-imputado-ante-el-juez-ruz-por-el-caso-gurtel\/","title":{"rendered":"Exconcejal de Pozuelo declara esta semana como imputado ante el juez Ruz por el caso G\u00fcrtel"},"content":{"rendered":"<p><img loading=\"lazy\" decoding=\"async\" class=\"alignleft size-medium wp-image-459291\" alt=\"5779503w\" src=\"https:\/\/www.eldigitaldeasturias.com\/noticias\/wp-content\/uploads\/2013\/12\/5779503w-360x248.jpg\" width=\"360\" height=\"248\" \/>Madrid 8 dic (EFE).- El juez del caso G\u00fcrtel Pablo Ruz ha citado a declarar como imputado el pr\u00f3ximo jueves al exconcejal de Medio Ambiente de Pozuelo de Alarc\u00f3n (Madrid) Jos\u00e9 Antonio Sa\u00e9nz Jim\u00e9nez por una adjudicaci\u00f3n, supuestamente irregular, a una empresa pantalla de la trama liderada por Francisco Correa.<\/p>\n<p>En una providencia, Ruz tambi\u00e9n ha citado a declarar ese d\u00eda como imputada a la propietaria de la empresa pantalla de G\u00fcrtel, MR&amp;Asociados, a la que el consistorio madrile\u00f1o adjudic\u00f3 la organizaci\u00f3n del Congreso Nacional de Parques y Jardines P\u00fablicos (PARJAP) en 2004.<\/p>\n<p>Se trata de Mar\u00eda del Mar Rodr\u00edguez Alonso, a quien imputa, al igual que a S\u00e1enz, delitos de prevaricaci\u00f3n y malversaci\u00f3n de caudales p\u00fablicos.<\/p>\n<p>Tambi\u00e9n acudir\u00e1 a declarar, en calidad de testigo, Ra\u00fal Gasc\u00f3n Alonso por su presunta relaci\u00f3n con una de las sociedades investigadas en esta trama de corrupci\u00f3n.<\/p>\n<p>Para adoptar esta decisi\u00f3n, el juez se basa en un informe policial y en otro de la Fiscal\u00eda Anticorrupci\u00f3n, que concluyen que la \u00fanica empresa que se present\u00f3 al concurso y que result\u00f3 adjudicataria, MR &amp; Asociados SL, \u00abhabr\u00eda actuado como simple pantalla de las empresas del se\u00f1or Correa de acuerdo con los indicios obrantes en la causa\u00bb.<\/p>\n<p>Por esta actuaci\u00f3n, la empresa, gestionada por Rodr\u00edguez Alonso, cobr\u00f3 una comisi\u00f3n de 2.599 euros que se contabiliz\u00f3 como coste y se incluy\u00f3 en la facturaci\u00f3n finalmente abonada por el Ayuntamiento de Pozuelo, del que entonces era alcalde el tambi\u00e9n imputado Jes\u00fas Sep\u00falveda, exesposo de la ministra de Sanidad, Ana Mato.<\/p>\n<p>De este modo, seg\u00fan lo investigado, se encareci\u00f3 \u00abindebida e il\u00edcitamente el precio abonado por esta entidad por los servicios relacionados con el Congreso PARJAP 2004\u00bb.<\/p>\n<p>Adem\u00e1s, seg\u00fan indica en su informe la Unidad de Delincuencia Econ\u00f3mica y Fiscal (UDEF) de la Polic\u00eda, si bien desde 2002 se conoc\u00eda la designaci\u00f3n de Pozuelo como sede del XXXI Congreso PARJAP y ya desde julio de 2003 se estaba preparando, no es hasta el 15 de marzo de 2004 cuando se propone la contrataci\u00f3n de servicios complementarios para la celebraci\u00f3n del mismo como concurso de tramitaci\u00f3n urgente.<\/p>\n<p>De ese modo se impidi\u00f3 a las empresas interesadas en el concurso formular a tiempo sus ofertas y preparar la prestaci\u00f3n de los servicios correspondientes, \u00abpropiciando que \u00fanicamente pudieran presentarse sociedades vinculadas a Francisco Correa S\u00e1nchez al conocer con anterioridad el pliego de prescripciones t\u00e9cnicas del concurso\u00bb, seg\u00fan recoge el auto.<\/p>\n<p>Adem\u00e1s, los informes destacan que en la elaboraci\u00f3n de esos pliegos habr\u00edan intervenido personas del entorno de Correa S\u00e1nchez que se habr\u00edan reunido con anterioridad a la publicaci\u00f3n oficial del concurso con los funcionarios encargados de esta funci\u00f3n, \u00abcoincidiendo el comienzo de esas reuniones con el nombramiento como alcalde\u00bb de Sep\u00falveda.<\/p>\n<p>Entre esos funcionarios, seg\u00fan el juez, habr\u00eda tenido un papel relevante Jos\u00e9 Antonio S\u00e1enz Jim\u00e9nez, en aquellas fechas concejal de Medio Ambiente.<\/p>\n","protected":false},"excerpt":{"rendered":"<p>Madrid 8 dic (EFE).- El juez del caso G\u00fcrtel Pablo Ruz ha citado a declarar como imputado el pr\u00f3ximo jueves al exconcejal de Medio Ambiente de Pozuelo de Alarc\u00f3n (Madrid) Jos\u00e9 Antonio Sa\u00e9nz Jim\u00e9nez por una adjudicaci\u00f3n, supuestamente irregular, a una empresa pantalla de la trama liderada por Francisco Correa. En una providencia, Ruz tambi\u00e9n [&hellip;]<\/p>\n","protected":false},"author":1,"featured_media":459291,"comment_status":"closed","ping_status":"open","sticky":false,"template":"","format":"standard","meta":{"footnotes":""},"categories":[5],"tags":[],"class_list":["post-459290","post","type-post","status-publish","format-standard","has-post-thumbnail","hentry","category-sucesos"],"aioseo_notices":[],"aioseo_head":"\n\t\t<!-- All in One SEO Pro 5.0.1 - aioseo.com -->\n\t<meta name=\"description\" content=\"Madrid 8 dic (EFE).- El juez del caso G\u00fcrtel Pablo Ruz ha citado a declarar como imputado el pr\u00f3ximo jueves al exconcejal de Medio Ambiente de Pozuelo de Alarc\u00f3n (Madrid) Jos\u00e9 Antonio Sa\u00e9nz Jim\u00e9nez por una adjudicaci\u00f3n, supuestamente irregular, a una empresa pantalla de la trama liderada por Francisco Correa. En una providencia, Ruz tambi\u00e9n\" \/>\n\t<meta name=\"robots\" content=\"max-image-preview:large\" \/>\n\t<meta name=\"author\" content=\"El Digital de Asturias\"\/>\n\t<meta name=\"google-site-verification\" content=\"UA-38556648-1\" \/>\n\t<meta name=\"msvalidate.01\" content=\"7dfe9f3f1b24437ab69f4f2559babe99\" \/>\n\t<meta name=\"keywords\" content=\"sucesos\" \/>\n\t<link rel=\"canonical\" href=\"https:\/\/www.eldigitaldeasturias.com\/noticias\/exconcejal-de-pozuelo-declara-esta-semana-como-imputado-ante-el-juez-ruz-por-el-caso-gurtel\/\" \/>\n\t<meta name=\"generator\" content=\"All in One SEO Pro (AIOSEO) 5.0.1\" \/>\n\t\t<meta property=\"og:locale\" content=\"es_ES\" \/>\n\t\t<meta property=\"og:site_name\" content=\"El Digital de Asturias\" \/>\n\t\t<meta property=\"og:type\" content=\"article\" \/>\n\t\t<meta property=\"og:title\" content=\"Exconcejal de Pozuelo declara esta semana como imputado ante el juez Ruz por el caso G\u00fcrtel - El Digital de Asturias\" \/>\n\t\t<meta property=\"og:description\" content=\"Madrid 8 dic (EFE).- El juez del caso G\u00fcrtel Pablo Ruz ha citado a declarar como imputado el pr\u00f3ximo jueves al exconcejal de Medio Ambiente de Pozuelo de Alarc\u00f3n (Madrid) Jos\u00e9 Antonio Sa\u00e9nz Jim\u00e9nez por una adjudicaci\u00f3n, supuestamente irregular, a una empresa pantalla de la trama liderada por Francisco Correa. En una providencia, Ruz tambi\u00e9n\" \/>\n\t\t<meta property=\"og:url\" content=\"https:\/\/www.eldigitaldeasturias.com\/noticias\/exconcejal-de-pozuelo-declara-esta-semana-como-imputado-ante-el-juez-ruz-por-el-caso-gurtel\/\" \/>\n\t\t<meta property=\"article:tag\" content=\"sucesos\" \/>\n\t\t<meta property=\"article:published_time\" content=\"2013-12-08T21:09:24+00:00\" \/>\n\t\t<meta property=\"article:modified_time\" content=\"2013-12-08T21:09:24+00:00\" \/>\n\t\t<meta property=\"article:publisher\" content=\"https:\/\/facebook.com\/eldigitaldeasturias\" \/>\n\t\t<meta name=\"twitter:card\" content=\"summary_large_image\" \/>\n\t\t<meta name=\"twitter:title\" content=\"Exconcejal de Pozuelo declara esta semana como imputado ante el juez Ruz por el caso G\u00fcrtel - El Digital de Asturias\" \/>\n\t\t<meta name=\"twitter:description\" content=\"Madrid 8 dic (EFE).- El juez del caso G\u00fcrtel Pablo Ruz ha citado a declarar como imputado el pr\u00f3ximo jueves al exconcejal de Medio Ambiente de Pozuelo de Alarc\u00f3n (Madrid) Jos\u00e9 Antonio Sa\u00e9nz Jim\u00e9nez por una adjudicaci\u00f3n, supuestamente irregular, a una empresa pantalla de la trama liderada por Francisco Correa. En una providencia, Ruz tambi\u00e9n\" \/>\n\t\t<meta name=\"twitter:label1\" content=\"Escrito por\" \/>\n\t\t<meta name=\"twitter:data1\" content=\"El Digital de Asturias\" \/>\n\t\t<meta name=\"twitter:label2\" content=\"Tiempo de lectura estimado\" \/>\n\t\t<meta name=\"twitter:data2\" content=\"3 minutos\" \/>\n\t\t<script type=\"application\/ld+json\" class=\"aioseo-schema\">\n\t\t\t{\"@context\":\"https:\\\/\\\/schema.org\",\"@graph\":[{\"@type\":\"BlogPosting\",\"@id\":\"https:\\\/\\\/www.eldigitaldeasturias.com\\\/noticias\\\/exconcejal-de-pozuelo-declara-esta-semana-como-imputado-ante-el-juez-ruz-por-el-caso-gurtel\\\/#blogposting\",\"name\":\"Exconcejal de Pozuelo declara esta semana como imputado ante el juez Ruz por el caso G\\u00fcrtel - El Digital de Asturias\",\"headline\":\"Exconcejal de Pozuelo declara esta semana como imputado ante el juez Ruz por el caso G\\u00fcrtel\",\"author\":{\"@id\":\"https:\\\/\\\/www.eldigitaldeasturias.com\\\/noticias\\\/author\\\/admin\\\/#author\"},\"publisher\":{\"@id\":\"https:\\\/\\\/www.eldigitaldeasturias.com\\\/noticias\\\/#organization\"},\"image\":{\"@type\":\"ImageObject\",\"url\":459291},\"datePublished\":\"2013-12-08T20:09:24+01:00\",\"dateModified\":\"2013-12-08T20:09:24+01:00\",\"inLanguage\":\"es-ES\",\"mainEntityOfPage\":{\"@id\":\"https:\\\/\\\/www.eldigitaldeasturias.com\\\/noticias\\\/exconcejal-de-pozuelo-declara-esta-semana-como-imputado-ante-el-juez-ruz-por-el-caso-gurtel\\\/#webpage\"},\"isPartOf\":{\"@id\":\"https:\\\/\\\/www.eldigitaldeasturias.com\\\/noticias\\\/exconcejal-de-pozuelo-declara-esta-semana-como-imputado-ante-el-juez-ruz-por-el-caso-gurtel\\\/#webpage\"},\"articleSection\":\"Sucesos\"},{\"@type\":\"BreadcrumbList\",\"@id\":\"https:\\\/\\\/www.eldigitaldeasturias.com\\\/noticias\\\/exconcejal-de-pozuelo-declara-esta-semana-como-imputado-ante-el-juez-ruz-por-el-caso-gurtel\\\/#breadcrumblist\",\"itemListElement\":[{\"@type\":\"ListItem\",\"@id\":\"https:\\\/\\\/www.eldigitaldeasturias.com\\\/noticias#listItem\",\"position\":1,\"name\":\"Home\",\"item\":\"https:\\\/\\\/www.eldigitaldeasturias.com\\\/noticias\",\"nextItem\":{\"@type\":\"ListItem\",\"@id\":\"https:\\\/\\\/www.eldigitaldeasturias.com\\\/noticias\\\/category\\\/sucesos\\\/#listItem\",\"name\":\"Sucesos\"}},{\"@type\":\"ListItem\",\"@id\":\"https:\\\/\\\/www.eldigitaldeasturias.com\\\/noticias\\\/category\\\/sucesos\\\/#listItem\",\"position\":2,\"name\":\"Sucesos\",\"item\":\"https:\\\/\\\/www.eldigitaldeasturias.com\\\/noticias\\\/category\\\/sucesos\\\/\",\"nextItem\":{\"@type\":\"ListItem\",\"@id\":\"https:\\\/\\\/www.eldigitaldeasturias.com\\\/noticias\\\/exconcejal-de-pozuelo-declara-esta-semana-como-imputado-ante-el-juez-ruz-por-el-caso-gurtel\\\/#listItem\",\"name\":\"Exconcejal de Pozuelo declara esta semana como imputado ante el juez Ruz por el caso G\\u00fcrtel\"},\"previousItem\":{\"@type\":\"ListItem\",\"@id\":\"https:\\\/\\\/www.eldigitaldeasturias.com\\\/noticias#listItem\",\"name\":\"Home\"}},{\"@type\":\"ListItem\",\"@id\":\"https:\\\/\\\/www.eldigitaldeasturias.com\\\/noticias\\\/exconcejal-de-pozuelo-declara-esta-semana-como-imputado-ante-el-juez-ruz-por-el-caso-gurtel\\\/#listItem\",\"position\":3,\"name\":\"Exconcejal de Pozuelo declara esta semana como imputado ante el juez Ruz por el caso G\\u00fcrtel\",\"previousItem\":{\"@type\":\"ListItem\",\"@id\":\"https:\\\/\\\/www.eldigitaldeasturias.com\\\/noticias\\\/category\\\/sucesos\\\/#listItem\",\"name\":\"Sucesos\"}}]},{\"@type\":\"Organization\",\"@id\":\"https:\\\/\\\/www.eldigitaldeasturias.com\\\/noticias\\\/#organization\",\"name\":\"El Digital de Asturias\",\"description\":\"Hemeroteca\",\"url\":\"https:\\\/\\\/www.eldigitaldeasturias.com\\\/noticias\\\/\",\"email\":\"info@eldigitaldeasturias.com\",\"telephone\":\"+34652131393\",\"logo\":{\"@type\":\"ImageObject\",\"url\":\"https:\\\/\\\/www.eldigitaldeasturias.com\\\/noticias\\\/wp-content\\\/uploads\\\/2020\\\/12\\\/EDA.jpg\",\"@id\":\"https:\\\/\\\/www.eldigitaldeasturias.com\\\/noticias\\\/exconcejal-de-pozuelo-declara-esta-semana-como-imputado-ante-el-juez-ruz-por-el-caso-gurtel\\\/#organizationLogo\"},\"image\":{\"@id\":\"https:\\\/\\\/www.eldigitaldeasturias.com\\\/noticias\\\/exconcejal-de-pozuelo-declara-esta-semana-como-imputado-ante-el-juez-ruz-por-el-caso-gurtel\\\/#organizationLogo\"},\"sameAs\":[\"https:\\\/\\\/facebook.com\\\/eldigitaldeasturias\",\"https:\\\/\\\/www.youtube.com\\\/channel\\\/UCZP-2wLEB9Rv6erhFmqVnvg\"],\"address\":{\"@id\":\"https:\\\/\\\/www.eldigitaldeasturias.com\\\/noticias\\\/#postaladdress\",\"@type\":\"PostalAddress\",\"streetAddress\":\"san antonio 4\",\"postalCode\":\"33430\",\"addressLocality\":\"Cand\\u00e1s\",\"addressRegion\":\"Asturias\",\"addressCountry\":\"ES\"}},{\"@type\":\"Person\",\"@id\":\"https:\\\/\\\/www.eldigitaldeasturias.com\\\/noticias\\\/author\\\/admin\\\/#author\",\"url\":\"https:\\\/\\\/www.eldigitaldeasturias.com\\\/noticias\\\/author\\\/admin\\\/\",\"name\":\"El Digital de Asturias\",\"image\":{\"@type\":\"ImageObject\",\"@id\":\"https:\\\/\\\/www.eldigitaldeasturias.com\\\/noticias\\\/exconcejal-de-pozuelo-declara-esta-semana-como-imputado-ante-el-juez-ruz-por-el-caso-gurtel\\\/#authorImage\",\"url\":\"https:\\\/\\\/secure.gravatar.com\\\/avatar\\\/df2aeffc32bcd13f8d26072ef8a91b623d677766deac7f97ca815868cd41bf5e?s=96&d=mm&r=g\",\"width\":96,\"height\":96,\"caption\":\"El Digital de Asturias\"}},{\"@type\":\"WebPage\",\"@id\":\"https:\\\/\\\/www.eldigitaldeasturias.com\\\/noticias\\\/exconcejal-de-pozuelo-declara-esta-semana-como-imputado-ante-el-juez-ruz-por-el-caso-gurtel\\\/#webpage\",\"url\":\"https:\\\/\\\/www.eldigitaldeasturias.com\\\/noticias\\\/exconcejal-de-pozuelo-declara-esta-semana-como-imputado-ante-el-juez-ruz-por-el-caso-gurtel\\\/\",\"name\":\"Exconcejal de Pozuelo declara esta semana como imputado ante el juez Ruz por el caso G\\u00fcrtel - El Digital de Asturias\",\"description\":\"Madrid 8 dic (EFE).- El juez del caso G\\u00fcrtel Pablo Ruz ha citado a declarar como imputado el pr\\u00f3ximo jueves al exconcejal de Medio Ambiente de Pozuelo de Alarc\\u00f3n (Madrid) Jos\\u00e9 Antonio Sa\\u00e9nz Jim\\u00e9nez por una adjudicaci\\u00f3n, supuestamente irregular, a una empresa pantalla de la trama liderada por Francisco Correa. En una providencia, Ruz tambi\\u00e9n\",\"inLanguage\":\"es-ES\",\"isPartOf\":{\"@id\":\"https:\\\/\\\/www.eldigitaldeasturias.com\\\/noticias\\\/#website\"},\"breadcrumb\":{\"@id\":\"https:\\\/\\\/www.eldigitaldeasturias.com\\\/noticias\\\/exconcejal-de-pozuelo-declara-esta-semana-como-imputado-ante-el-juez-ruz-por-el-caso-gurtel\\\/#breadcrumblist\"},\"author\":{\"@id\":\"https:\\\/\\\/www.eldigitaldeasturias.com\\\/noticias\\\/author\\\/admin\\\/#author\"},\"creator\":{\"@id\":\"https:\\\/\\\/www.eldigitaldeasturias.com\\\/noticias\\\/author\\\/admin\\\/#author\"},\"image\":{\"@type\":\"ImageObject\",\"url\":459291,\"@id\":\"https:\\\/\\\/www.eldigitaldeasturias.com\\\/noticias\\\/exconcejal-de-pozuelo-declara-esta-semana-como-imputado-ante-el-juez-ruz-por-el-caso-gurtel\\\/#mainImage\"},\"primaryImageOfPage\":{\"@id\":\"https:\\\/\\\/www.eldigitaldeasturias.com\\\/noticias\\\/exconcejal-de-pozuelo-declara-esta-semana-como-imputado-ante-el-juez-ruz-por-el-caso-gurtel\\\/#mainImage\"},\"datePublished\":\"2013-12-08T20:09:24+01:00\",\"dateModified\":\"2013-12-08T20:09:24+01:00\"},{\"@type\":\"WebSite\",\"@id\":\"https:\\\/\\\/www.eldigitaldeasturias.com\\\/noticias\\\/#website\",\"url\":\"https:\\\/\\\/www.eldigitaldeasturias.com\\\/noticias\\\/\",\"name\":\"El Digital de Asturias - Diario de actualidad y noticias\",\"alternateName\":\"El Digital de Asturias - Diario de actualidad y noticias\",\"description\":\"Hemeroteca\",\"inLanguage\":\"es-ES\",\"publisher\":{\"@id\":\"https:\\\/\\\/www.eldigitaldeasturias.com\\\/noticias\\\/#organization\"}}]}\n\t\t<\/script>\n\t\t<!-- All in One SEO Pro -->\r\n\t\t<title>Exconcejal de Pozuelo declara esta semana como imputado ante el juez Ruz por el caso G\u00fcrtel - El Digital de Asturias<\/title>\n\n","aioseo_head_json":{"title":"Exconcejal de Pozuelo declara esta semana como imputado ante el juez Ruz por el caso G\u00fcrtel - El Digital de Asturias","description":"Madrid 8 dic (EFE).- El juez del caso G\u00fcrtel Pablo Ruz ha citado a declarar como imputado el pr\u00f3ximo jueves al exconcejal de Medio Ambiente de Pozuelo de Alarc\u00f3n (Madrid) Jos\u00e9 Antonio Sa\u00e9nz Jim\u00e9nez por una adjudicaci\u00f3n, supuestamente irregular, a una empresa pantalla de la trama liderada por Francisco Correa. En una providencia, Ruz tambi\u00e9n","canonical_url":"https:\/\/www.eldigitaldeasturias.com\/noticias\/exconcejal-de-pozuelo-declara-esta-semana-como-imputado-ante-el-juez-ruz-por-el-caso-gurtel\/","robots":"max-image-preview:large","keywords":"sucesos","webmasterTools":{"google-site-verification":"UA-38556648-1","msvalidate.01":"7dfe9f3f1b24437ab69f4f2559babe99","miscellaneous":""},"schema":{"@context":"https:\/\/schema.org","@graph":[{"@type":"BlogPosting","@id":"https:\/\/www.eldigitaldeasturias.com\/noticias\/exconcejal-de-pozuelo-declara-esta-semana-como-imputado-ante-el-juez-ruz-por-el-caso-gurtel\/#blogposting","name":"Exconcejal de Pozuelo declara esta semana como imputado ante el juez Ruz por el caso G\u00fcrtel - El Digital de Asturias","headline":"Exconcejal de Pozuelo declara esta semana como imputado ante el juez Ruz por el caso G\u00fcrtel","author":{"@id":"https:\/\/www.eldigitaldeasturias.com\/noticias\/author\/admin\/#author"},"publisher":{"@id":"https:\/\/www.eldigitaldeasturias.com\/noticias\/#organization"},"image":{"@type":"ImageObject","url":459291},"datePublished":"2013-12-08T20:09:24+01:00","dateModified":"2013-12-08T20:09:24+01:00","inLanguage":"es-ES","mainEntityOfPage":{"@id":"https:\/\/www.eldigitaldeasturias.com\/noticias\/exconcejal-de-pozuelo-declara-esta-semana-como-imputado-ante-el-juez-ruz-por-el-caso-gurtel\/#webpage"},"isPartOf":{"@id":"https:\/\/www.eldigitaldeasturias.com\/noticias\/exconcejal-de-pozuelo-declara-esta-semana-como-imputado-ante-el-juez-ruz-por-el-caso-gurtel\/#webpage"},"articleSection":"Sucesos"},{"@type":"BreadcrumbList","@id":"https:\/\/www.eldigitaldeasturias.com\/noticias\/exconcejal-de-pozuelo-declara-esta-semana-como-imputado-ante-el-juez-ruz-por-el-caso-gurtel\/#breadcrumblist","itemListElement":[{"@type":"ListItem","@id":"https:\/\/www.eldigitaldeasturias.com\/noticias#listItem","position":1,"name":"Home","item":"https:\/\/www.eldigitaldeasturias.com\/noticias","nextItem":{"@type":"ListItem","@id":"https:\/\/www.eldigitaldeasturias.com\/noticias\/category\/sucesos\/#listItem","name":"Sucesos"}},{"@type":"ListItem","@id":"https:\/\/www.eldigitaldeasturias.com\/noticias\/category\/sucesos\/#listItem","position":2,"name":"Sucesos","item":"https:\/\/www.eldigitaldeasturias.com\/noticias\/category\/sucesos\/","nextItem":{"@type":"ListItem","@id":"https:\/\/www.eldigitaldeasturias.com\/noticias\/exconcejal-de-pozuelo-declara-esta-semana-como-imputado-ante-el-juez-ruz-por-el-caso-gurtel\/#listItem","name":"Exconcejal de Pozuelo declara esta semana como imputado ante el juez Ruz por el caso G\u00fcrtel"},"previousItem":{"@type":"ListItem","@id":"https:\/\/www.eldigitaldeasturias.com\/noticias#listItem","name":"Home"}},{"@type":"ListItem","@id":"https:\/\/www.eldigitaldeasturias.com\/noticias\/exconcejal-de-pozuelo-declara-esta-semana-como-imputado-ante-el-juez-ruz-por-el-caso-gurtel\/#listItem","position":3,"name":"Exconcejal de Pozuelo declara esta semana como imputado ante el juez Ruz por el caso G\u00fcrtel","previousItem":{"@type":"ListItem","@id":"https:\/\/www.eldigitaldeasturias.com\/noticias\/category\/sucesos\/#listItem","name":"Sucesos"}}]},{"@type":"Organization","@id":"https:\/\/www.eldigitaldeasturias.com\/noticias\/#organization","name":"El Digital de Asturias","description":"Hemeroteca","url":"https:\/\/www.eldigitaldeasturias.com\/noticias\/","email":"info@eldigitaldeasturias.com","telephone":"+34652131393","logo":{"@type":"ImageObject","url":"https:\/\/www.eldigitaldeasturias.com\/noticias\/wp-content\/uploads\/2020\/12\/EDA.jpg","@id":"https:\/\/www.eldigitaldeasturias.com\/noticias\/exconcejal-de-pozuelo-declara-esta-semana-como-imputado-ante-el-juez-ruz-por-el-caso-gurtel\/#organizationLogo"},"image":{"@id":"https:\/\/www.eldigitaldeasturias.com\/noticias\/exconcejal-de-pozuelo-declara-esta-semana-como-imputado-ante-el-juez-ruz-por-el-caso-gurtel\/#organizationLogo"},"sameAs":["https:\/\/facebook.com\/eldigitaldeasturias","https:\/\/www.youtube.com\/channel\/UCZP-2wLEB9Rv6erhFmqVnvg"],"address":{"@id":"https:\/\/www.eldigitaldeasturias.com\/noticias\/#postaladdress","@type":"PostalAddress","streetAddress":"san antonio 4","postalCode":"33430","addressLocality":"Cand\u00e1s","addressRegion":"Asturias","addressCountry":"ES"}},{"@type":"Person","@id":"https:\/\/www.eldigitaldeasturias.com\/noticias\/author\/admin\/#author","url":"https:\/\/www.eldigitaldeasturias.com\/noticias\/author\/admin\/","name":"El Digital de Asturias","image":{"@type":"ImageObject","@id":"https:\/\/www.eldigitaldeasturias.com\/noticias\/exconcejal-de-pozuelo-declara-esta-semana-como-imputado-ante-el-juez-ruz-por-el-caso-gurtel\/#authorImage","url":"https:\/\/secure.gravatar.com\/avatar\/df2aeffc32bcd13f8d26072ef8a91b623d677766deac7f97ca815868cd41bf5e?s=96&d=mm&r=g","width":96,"height":96,"caption":"El Digital de Asturias"}},{"@type":"WebPage","@id":"https:\/\/www.eldigitaldeasturias.com\/noticias\/exconcejal-de-pozuelo-declara-esta-semana-como-imputado-ante-el-juez-ruz-por-el-caso-gurtel\/#webpage","url":"https:\/\/www.eldigitaldeasturias.com\/noticias\/exconcejal-de-pozuelo-declara-esta-semana-como-imputado-ante-el-juez-ruz-por-el-caso-gurtel\/","name":"Exconcejal de Pozuelo declara esta semana como imputado ante el juez Ruz por el caso G\u00fcrtel - El Digital de Asturias","description":"Madrid 8 dic (EFE).- El juez del caso G\u00fcrtel Pablo Ruz ha citado a declarar como imputado el pr\u00f3ximo jueves al exconcejal de Medio Ambiente de Pozuelo de Alarc\u00f3n (Madrid) Jos\u00e9 Antonio Sa\u00e9nz Jim\u00e9nez por una adjudicaci\u00f3n, supuestamente irregular, a una empresa pantalla de la trama liderada por Francisco Correa. En una providencia, Ruz tambi\u00e9n","inLanguage":"es-ES","isPartOf":{"@id":"https:\/\/www.eldigitaldeasturias.com\/noticias\/#website"},"breadcrumb":{"@id":"https:\/\/www.eldigitaldeasturias.com\/noticias\/exconcejal-de-pozuelo-declara-esta-semana-como-imputado-ante-el-juez-ruz-por-el-caso-gurtel\/#breadcrumblist"},"author":{"@id":"https:\/\/www.eldigitaldeasturias.com\/noticias\/author\/admin\/#author"},"creator":{"@id":"https:\/\/www.eldigitaldeasturias.com\/noticias\/author\/admin\/#author"},"image":{"@type":"ImageObject","url":459291,"@id":"https:\/\/www.eldigitaldeasturias.com\/noticias\/exconcejal-de-pozuelo-declara-esta-semana-como-imputado-ante-el-juez-ruz-por-el-caso-gurtel\/#mainImage"},"primaryImageOfPage":{"@id":"https:\/\/www.eldigitaldeasturias.com\/noticias\/exconcejal-de-pozuelo-declara-esta-semana-como-imputado-ante-el-juez-ruz-por-el-caso-gurtel\/#mainImage"},"datePublished":"2013-12-08T20:09:24+01:00","dateModified":"2013-12-08T20:09:24+01:00"},{"@type":"WebSite","@id":"https:\/\/www.eldigitaldeasturias.com\/noticias\/#website","url":"https:\/\/www.eldigitaldeasturias.com\/noticias\/","name":"El Digital de Asturias - Diario de actualidad y noticias","alternateName":"El Digital de Asturias - Diario de actualidad y noticias","description":"Hemeroteca","inLanguage":"es-ES","publisher":{"@id":"https:\/\/www.eldigitaldeasturias.com\/noticias\/#organization"}}]},"og:locale":"es_ES","og:site_name":"El Digital de Asturias","og:type":"article","og:title":"Exconcejal de Pozuelo declara esta semana como imputado ante el juez Ruz por el caso G\u00fcrtel - El Digital de Asturias","og:description":"Madrid 8 dic (EFE).- El juez del caso G\u00fcrtel Pablo Ruz ha citado a declarar como imputado el pr\u00f3ximo jueves al exconcejal de Medio Ambiente de Pozuelo de Alarc\u00f3n (Madrid) Jos\u00e9 Antonio Sa\u00e9nz Jim\u00e9nez por una adjudicaci\u00f3n, supuestamente irregular, a una empresa pantalla de la trama liderada por Francisco Correa. En una providencia, Ruz tambi\u00e9n","og:url":"https:\/\/www.eldigitaldeasturias.com\/noticias\/exconcejal-de-pozuelo-declara-esta-semana-como-imputado-ante-el-juez-ruz-por-el-caso-gurtel\/","article:tag":["sucesos"],"article:published_time":"2013-12-08T21:09:24+00:00","article:modified_time":"2013-12-08T21:09:24+00:00","article:publisher":"https:\/\/facebook.com\/eldigitaldeasturias","twitter:card":"summary_large_image","twitter:title":"Exconcejal de Pozuelo declara esta semana como imputado ante el juez Ruz por el caso G\u00fcrtel - El Digital de Asturias","twitter:description":"Madrid 8 dic (EFE).- El juez del caso G\u00fcrtel Pablo Ruz ha citado a declarar como imputado el pr\u00f3ximo jueves al exconcejal de Medio Ambiente de Pozuelo de Alarc\u00f3n (Madrid) Jos\u00e9 Antonio Sa\u00e9nz Jim\u00e9nez por una adjudicaci\u00f3n, supuestamente irregular, a una empresa pantalla de la trama liderada por Francisco Correa. En una providencia, Ruz tambi\u00e9n","twitter:label1":"Escrito por","twitter:data1":"El Digital de Asturias","twitter:label2":"Tiempo de lectura estimado","twitter:data2":"3 minutos"},"aioseo_meta_data":{"post_id":"459290","title":null,"description":null,"keywords":null,"keyphrases":null,"primary_term":null,"canonical_url":null,"og_title":null,"og_description":null,"og_object_type":"default","og_image_type":"default","og_image_url":null,"og_image_width":null,"og_image_height":null,"og_image_custom_url":null,"og_image_custom_fields":null,"og_video":null,"og_custom_url":null,"og_article_section":null,"og_article_tags":null,"twitter_use_og":true,"twitter_card":"default","twitter_image_type":"default","twitter_image_url":null,"twitter_image_custom_url":null,"twitter_image_custom_fields":null,"twitter_title":null,"twitter_description":null,"schema":{"blockGraphs":[],"customGraphs":[],"default":{"data":{"Article":[],"Course":[],"Dataset":[],"FAQPage":[],"Movie":[],"Person":[],"Product":[],"ProductReview":[],"Car":[],"Recipe":[],"Service":[],"SoftwareApplication":[],"WebPage":[]},"graphName":"","isEnabled":true},"graphs":[],"defaultGraph":"","defaultPostTypeGraph":""},"schema_type":null,"schema_type_options":null,"pillar_content":false,"robots_default":true,"robots_noindex":false,"robots_noarchive":false,"robots_nosnippet":false,"robots_nofollow":false,"robots_noimageindex":false,"robots_noodp":false,"robots_notranslate":false,"robots_max_snippet":null,"robots_max_videopreview":null,"robots_max_imagepreview":"none","priority":null,"frequency":null,"local_seo":null,"seo_analyzer_scan_date":"2026-05-30 08:48:55","breadcrumb_settings":null,"limit_modified_date":false,"open_ai":null,"ai":null,"created":"2020-11-14 22:47:32","updated":"2026-05-30 08:48:55","focus_keyword":null,"additional_keywords":null,"truseo_locale":null},"aioseo_breadcrumb":"<div class=\"aioseo-breadcrumbs\"><span class=\"aioseo-breadcrumb\">\n\t<a href=\"https:\/\/www.eldigitaldeasturias.com\/noticias\" title=\"Home\">Home<\/a>\n<\/span><span class=\"aioseo-breadcrumb-separator\">\u2013<\/span><span class=\"aioseo-breadcrumb\">\n\t<a href=\"https:\/\/www.eldigitaldeasturias.com\/noticias\/category\/sucesos\/\" title=\"Sucesos\">Sucesos<\/a>\n<\/span><span class=\"aioseo-breadcrumb-separator\">\u2013<\/span><span class=\"aioseo-breadcrumb\">\n\t<a href=\"https:\/\/www.eldigitaldeasturias.com\/noticias\/exconcejal-de-pozuelo-declara-esta-semana-como-imputado-ante-el-juez-ruz-por-el-caso-gurtel\/\" title=\"Exconcejal de Pozuelo declara esta semana como imputado ante el juez Ruz por el caso G\u00fcrtel\">Exconcejal de Pozuelo declara esta semana como imputado ante el juez Ruz por el caso G\u00fcrtel<\/a>\n<\/span><\/div>","aioseo_breadcrumb_json":[{"label":"Home","link":"https:\/\/www.eldigitaldeasturias.com\/noticias"},{"label":"Sucesos","link":"https:\/\/www.eldigitaldeasturias.com\/noticias\/category\/sucesos\/"},{"label":"Exconcejal de Pozuelo declara esta semana como imputado ante el juez Ruz por el caso G\u00fcrtel","link":"https:\/\/www.eldigitaldeasturias.com\/noticias\/exconcejal-de-pozuelo-declara-esta-semana-como-imputado-ante-el-juez-ruz-por-el-caso-gurtel\/"}],"_links":{"self":[{"href":"https:\/\/www.eldigitaldeasturias.com\/noticias\/wp-json\/wp\/v2\/posts\/459290","targetHints":{"allow":["GET"]}}],"collection":[{"href":"https:\/\/www.eldigitaldeasturias.com\/noticias\/wp-json\/wp\/v2\/posts"}],"about":[{"href":"https:\/\/www.eldigitaldeasturias.com\/noticias\/wp-json\/wp\/v2\/types\/post"}],"author":[{"embeddable":true,"href":"https:\/\/www.eldigitaldeasturias.com\/noticias\/wp-json\/wp\/v2\/users\/1"}],"replies":[{"embeddable":true,"href":"https:\/\/www.eldigitaldeasturias.com\/noticias\/wp-json\/wp\/v2\/comments?post=459290"}],"version-history":[{"count":0,"href":"https:\/\/www.eldigitaldeasturias.com\/noticias\/wp-json\/wp\/v2\/posts\/459290\/revisions"}],"wp:attachment":[{"href":"https:\/\/www.eldigitaldeasturias.com\/noticias\/wp-json\/wp\/v2\/media?parent=459290"}],"wp:term":[{"taxonomy":"category","embeddable":true,"href":"https:\/\/www.eldigitaldeasturias.com\/noticias\/wp-json\/wp\/v2\/categories?post=459290"},{"taxonomy":"post_tag","embeddable":true,"href":"https:\/\/www.eldigitaldeasturias.com\/noticias\/wp-json\/wp\/v2\/tags?post=459290"}],"curies":[{"name":"wp","href":"https:\/\/api.w.org\/{rel}","templated":true}]}}