{"id":459278,"date":"2013-12-08T19:59:33","date_gmt":"2013-12-08T20:59:33","guid":{"rendered":"http:\/\/www.eldigitaldeasturias.com\/noticias\/?p=459278"},"modified":"2013-12-08T19:59:33","modified_gmt":"2013-12-08T20:59:33","slug":"los-parrocos-mexicanos-no-dejaran-su-lucha-por-la-paz-por-miedo-a-la-violencia","status":"publish","type":"post","link":"https:\/\/www.eldigitaldeasturias.com\/noticias\/los-parrocos-mexicanos-no-dejaran-su-lucha-por-la-paz-por-miedo-a-la-violencia\/","title":{"rendered":"Los p\u00e1rrocos mexicanos no dejar\u00e1n su lucha por la paz por miedo a la violencia"},"content":{"rendered":"<p><img loading=\"lazy\" decoding=\"async\" class=\"alignleft size-medium wp-image-459279\" alt=\"5779482w\" src=\"https:\/\/www.eldigitaldeasturias.com\/noticias\/wp-content\/uploads\/2013\/12\/5779482w-360x288.jpg\" width=\"360\" height=\"288\" \/>M\u00e9xico, 8 dic (EFE).- Viven predicando la paz en entornos complicados, poniendo en riesgo sus vidas por sermones que hablan de realidad, pero los p\u00e1rrocos del estado mexicano de Michoac\u00e1n no piensan dejar su lucha, pues son muchas veces la \u00fanica autoridad moral confiable en los pueblos asediados por la violencia.<\/p>\n<p>\u00abAguantamos, no nos vamos, por nuestra fe y vocaci\u00f3n (&#8230;). Adem\u00e1s, \u00bfqui\u00e9n va a ayudar a las personas en esta zona, si no hay jueces, ni ministerios, si no hay nada? \u00bfcu\u00e1l es la \u00fanica autoridad moral para poder hacer algo? \u00a1El sacerdote!\u00bb.<\/p>\n<p>Es el padre Jos\u00e9 Luis Espinosa, p\u00e1rroco del municipio de Buenavista Tomatl\u00e1n, ubicado en la ya popular zona de \u00abTierra Caliente\u00bb (en el oeste de M\u00e9xico), cuyo nombre viene de las altas temperaturas, pero ahora hace honor a la realidad, a lo caliente del clima de violencia que respiran sus calles.<\/p>\n<p>Hace seis meses que lleg\u00f3 al municipio de Michoac\u00e1n, poco despu\u00e9s de que un grupo de narcotraficantes intentara atacar el pueblo y fuera repelido por las autodefensas que desde entonces mantienen el orden.<\/p>\n<p>En una conversaci\u00f3n telef\u00f3nica con Efe, el padre asegura que desde entonces las cosas est\u00e1n \u00abm\u00e1s tranquilas\u00bb y habla sobre los \u00abdos tipos de Cristianismo\u00bb que hay, el \u00abheroico de la otra mejilla\u00bb y \u00abel de la defensa propia\u00bb, por el que acaba decant\u00e1ndose.<\/p>\n<p>\u00abNo le podemos pedir a las personas que sean h\u00e9roes y santos, sino que sean cristianos normales, y toda persona tiene derecho a defenderse\u00bb, se\u00f1ala.<\/p>\n<p>En sus sermones, el padre Espinosa podr\u00eda limitarse solo a hablar de pasajes de la Biblia, pero no puede evitar hablar de lo que le rodea porque \u00absi hay asesinatos y otras cosas se tiene que decir\u00bb.<\/p>\n<p>\u00abAnimo a que el pueblo se una. En este pueblo hay mucha gente que ten\u00eda familiares criminales y entonces hubo una divisi\u00f3n. Ahora hay que hacer borr\u00f3n y cuenta nueva y que no haya venganzas, porque no es correcto reparar las injusticias con otras injusticias\u00bb, afirma.<\/p>\n<p>En la misma situaci\u00f3n est\u00e1 el padre Miguel L\u00f3pez, p\u00e1rroco de Tepalcatepec, otro municipio regido por las autodefensas, a quienes el padre respeta.<\/p>\n<p>\u00abQuien ha tomado la iniciativa de hacer una defensa propia se respeta, es gente de aqu\u00ed, que conozco\u00bb, dice el cura, quien a\u00f1ade que \u00abahora se respira un ambiente de paz\u00bb y se ha puesto \u00abun coto al miedo\u00bb.<\/p>\n<p>Pese a que de vez en cuando ocupan portadas cuando alg\u00fan jerarca de la Iglesia alerta de la situaci\u00f3n de violencia como sucediera con el obispo de Apatzing\u00e1n, Miguel Pati\u00f1o, quien denunci\u00f3 amenazas del narco, en la mayor\u00eda de los casos sufren la violencia como un habitante m\u00e1s.<\/p>\n<p>\u00abNosotros estamos en el centro de todo, pero no somos objetivos. A pesar de las denuncias, a pesar de que alguien te habla pidiendo dinero, no me siento amenazado\u00bb, asegura L\u00f3pez.<\/p>\n<p>Tampoco se siente objetivo el padre Patricio Madrigal del municipio de Nueva Italia, pese a que reconoce que tiene que \u00abandar con muchas precauciones en cuanto a la hora que sale y cuando hay anuncio de que va a haber desencuentros\u00bb, es decir, \u00abcuando los delincuentes anuncian que hay que cerrar comercios, todo el mundo obedece\u00bb.<\/p>\n<p>A alguno de sus compa\u00f1eros, cuenta, le ha tocado celebrar sacramentos obligados y \u00e9l ha recibido alguna extorsi\u00f3n telef\u00f3nica y peticiones de que no celebre alguna fiesta religiosa, pero no les ha hecho caso.<\/p>\n<p>Madrigal es rebelde y terco y habla en sus sermones de los conflictos existentes, pese a los ruegos de sus atemorizados fieles.<\/p>\n<p>\u00abLa gente sale muy preocupada porque hablo de que no tenemos autoridad, de que necesitamos un d\u00eda recuperar la paz y desconocer a los que nos gobiernan (&#8230;) y me dicen &#8216;padre, no diga nada, ah\u00ed ten\u00eda a unos junto a m\u00ed&#8217;. La gente los identifica bien\u00bb, apunta.<\/p>\n<p>En Nueva Italia, asegura, \u00ablos delincuentes tienen el control\u00bb, pues es uno de esos pueblos que ha vivido en los \u00faltimos meses un recrudecimiento de la violencia por la lucha entre los c\u00e1rteles Los Caballeros Templarios y Jalisco Nueva Generaci\u00f3n y la reacci\u00f3n de los grupos de civiles armados denominados autodefensas.<\/p>\n<p>La convivencia con los delincuentes es constante hasta el punto de que algunos van a misa para escuchar lo que dice el cura. Tambi\u00e9n acuden a pedir consuelo, con las manos manchadas de sangre.<\/p>\n<p>\u00abLos ejecutores a veces llegan desesperados y quieren platicar, que uno los escuche. Ellos ya est\u00e1n experimentando las consecuencias de una vida equivocada y sencillamente se les dice eso\u00bb, se\u00f1ala Madrigal.<\/p>\n<p>Uno le dijo un d\u00eda \u00absi usted cree que voy a llegar a mi casa contento, a gusto, a besar a mis hijos cuando le desbarat\u00e9 la cabeza a otro hace poco tiempo&#8230;\u00bb.<\/p>\n<p>Son asesinos, pero algunos \u00abse sienten cat\u00f3licos\u00bb, asegura por su parte el padre L\u00f3pez, quien cuenta que \u00abel templo siempre est\u00e1 abierto\u00bb y cada cual \u00abllega frente a frente y de cara al se\u00f1or\u00bb.<\/p>\n<p>Tienen sangre en las manos pero siempre, recuerda el sacerdote, est\u00e1 la posibilidad de redenci\u00f3n.<\/p>\n<p>\u00abLa Iglesia pide la conversi\u00f3n para todos, nadie est\u00e1 excluido y eso es lo que se les dice (&#8230;) todos tenemos esa oportunidad y yo creo que hemos olvidado eso desde el discurso evang\u00e9lico\u00bb, comenta.<\/p>\n<p>Adem\u00e1s de sus sermones diarios, algunos padres est\u00e1n trabajando en la reconstrucci\u00f3n de la paz con grupos de laicos, apunta Madrigal.<\/p>\n<p>Asediados por los narcotraficantes o protegidos por las inciertas autodefensas, lo importante es reconstruir \u00ablas buenas relaciones\u00bb entre los habitantes y sembrar la convicci\u00f3n de que la violencia es \u00abun camino inadecuado\u00bb.<\/p>\n<p>Paula Escalada Medrano<\/p>\n","protected":false},"excerpt":{"rendered":"<p>M\u00e9xico, 8 dic (EFE).- Viven predicando la paz en entornos complicados, poniendo en riesgo sus vidas por sermones que hablan de realidad, pero los p\u00e1rrocos del estado mexicano de Michoac\u00e1n no piensan dejar su lucha, pues son muchas veces la \u00fanica autoridad moral confiable en los pueblos asediados por la violencia. \u00abAguantamos, no nos vamos, [&hellip;]<\/p>\n","protected":false},"author":1,"featured_media":459279,"comment_status":"closed","ping_status":"open","sticky":false,"template":"","format":"standard","meta":{"footnotes":""},"categories":[28],"tags":[],"class_list":["post-459278","post","type-post","status-publish","format-standard","has-post-thumbnail","hentry","category-sociedad"],"aioseo_notices":[],"aioseo_head":"\n\t\t<!-- All in One SEO Pro 5.0.1 - aioseo.com -->\n\t<meta name=\"description\" content=\"M\u00e9xico, 8 dic (EFE).- Viven predicando la paz en entornos complicados, poniendo en riesgo sus vidas por sermones que hablan de realidad, pero los p\u00e1rrocos del estado mexicano de Michoac\u00e1n no piensan dejar su lucha, pues son muchas veces la \u00fanica autoridad moral confiable en los pueblos asediados por la violencia. &quot;Aguantamos, no nos vamos,\" \/>\n\t<meta name=\"robots\" content=\"max-image-preview:large\" \/>\n\t<meta name=\"author\" content=\"El Digital de Asturias\"\/>\n\t<meta name=\"google-site-verification\" content=\"UA-38556648-1\" \/>\n\t<meta name=\"msvalidate.01\" content=\"7dfe9f3f1b24437ab69f4f2559babe99\" \/>\n\t<meta name=\"keywords\" content=\"sociedad\" \/>\n\t<link rel=\"canonical\" href=\"https:\/\/www.eldigitaldeasturias.com\/noticias\/los-parrocos-mexicanos-no-dejaran-su-lucha-por-la-paz-por-miedo-a-la-violencia\/\" \/>\n\t<meta name=\"generator\" content=\"All in One SEO Pro (AIOSEO) 5.0.1\" \/>\n\t\t<meta property=\"og:locale\" content=\"es_ES\" \/>\n\t\t<meta property=\"og:site_name\" content=\"El Digital de Asturias\" \/>\n\t\t<meta property=\"og:type\" content=\"article\" \/>\n\t\t<meta property=\"og:title\" content=\"Los p\u00e1rrocos mexicanos no dejar\u00e1n su lucha por la paz por miedo a la violencia - El Digital de Asturias\" \/>\n\t\t<meta property=\"og:description\" content=\"M\u00e9xico, 8 dic (EFE).- Viven predicando la paz en entornos complicados, poniendo en riesgo sus vidas por sermones que hablan de realidad, pero los p\u00e1rrocos del estado mexicano de Michoac\u00e1n no piensan dejar su lucha, pues son muchas veces la \u00fanica autoridad moral confiable en los pueblos asediados por la violencia. &quot;Aguantamos, no nos vamos,\" \/>\n\t\t<meta property=\"og:url\" content=\"https:\/\/www.eldigitaldeasturias.com\/noticias\/los-parrocos-mexicanos-no-dejaran-su-lucha-por-la-paz-por-miedo-a-la-violencia\/\" \/>\n\t\t<meta property=\"article:tag\" content=\"sociedad\" \/>\n\t\t<meta property=\"article:published_time\" content=\"2013-12-08T20:59:33+00:00\" \/>\n\t\t<meta property=\"article:modified_time\" content=\"2013-12-08T20:59:33+00:00\" \/>\n\t\t<meta property=\"article:publisher\" content=\"https:\/\/facebook.com\/eldigitaldeasturias\" \/>\n\t\t<meta name=\"twitter:card\" content=\"summary_large_image\" \/>\n\t\t<meta name=\"twitter:title\" content=\"Los p\u00e1rrocos mexicanos no dejar\u00e1n su lucha por la paz por miedo a la violencia - El Digital de Asturias\" \/>\n\t\t<meta name=\"twitter:description\" content=\"M\u00e9xico, 8 dic (EFE).- Viven predicando la paz en entornos complicados, poniendo en riesgo sus vidas por sermones que hablan de realidad, pero los p\u00e1rrocos del estado mexicano de Michoac\u00e1n no piensan dejar su lucha, pues son muchas veces la \u00fanica autoridad moral confiable en los pueblos asediados por la violencia. &quot;Aguantamos, no nos vamos,\" \/>\n\t\t<meta name=\"twitter:label1\" content=\"Escrito por\" \/>\n\t\t<meta name=\"twitter:data1\" content=\"El Digital de Asturias\" \/>\n\t\t<meta name=\"twitter:label2\" content=\"Tiempo de lectura estimado\" \/>\n\t\t<meta name=\"twitter:data2\" content=\"5 minutos\" \/>\n\t\t<script type=\"application\/ld+json\" class=\"aioseo-schema\">\n\t\t\t{\"@context\":\"https:\\\/\\\/schema.org\",\"@graph\":[{\"@type\":\"BlogPosting\",\"@id\":\"https:\\\/\\\/www.eldigitaldeasturias.com\\\/noticias\\\/los-parrocos-mexicanos-no-dejaran-su-lucha-por-la-paz-por-miedo-a-la-violencia\\\/#blogposting\",\"name\":\"Los p\\u00e1rrocos mexicanos no dejar\\u00e1n su lucha por la paz por miedo a la violencia - El Digital de Asturias\",\"headline\":\"Los p\\u00e1rrocos mexicanos no dejar\\u00e1n su lucha por la paz por miedo a la violencia\",\"author\":{\"@id\":\"https:\\\/\\\/www.eldigitaldeasturias.com\\\/noticias\\\/author\\\/admin\\\/#author\"},\"publisher\":{\"@id\":\"https:\\\/\\\/www.eldigitaldeasturias.com\\\/noticias\\\/#organization\"},\"image\":{\"@type\":\"ImageObject\",\"url\":459279},\"datePublished\":\"2013-12-08T19:59:33+01:00\",\"dateModified\":\"2013-12-08T19:59:33+01:00\",\"inLanguage\":\"es-ES\",\"mainEntityOfPage\":{\"@id\":\"https:\\\/\\\/www.eldigitaldeasturias.com\\\/noticias\\\/los-parrocos-mexicanos-no-dejaran-su-lucha-por-la-paz-por-miedo-a-la-violencia\\\/#webpage\"},\"isPartOf\":{\"@id\":\"https:\\\/\\\/www.eldigitaldeasturias.com\\\/noticias\\\/los-parrocos-mexicanos-no-dejaran-su-lucha-por-la-paz-por-miedo-a-la-violencia\\\/#webpage\"},\"articleSection\":\"Sociedad\"},{\"@type\":\"BreadcrumbList\",\"@id\":\"https:\\\/\\\/www.eldigitaldeasturias.com\\\/noticias\\\/los-parrocos-mexicanos-no-dejaran-su-lucha-por-la-paz-por-miedo-a-la-violencia\\\/#breadcrumblist\",\"itemListElement\":[{\"@type\":\"ListItem\",\"@id\":\"https:\\\/\\\/www.eldigitaldeasturias.com\\\/noticias#listItem\",\"position\":1,\"name\":\"Home\",\"item\":\"https:\\\/\\\/www.eldigitaldeasturias.com\\\/noticias\",\"nextItem\":{\"@type\":\"ListItem\",\"@id\":\"https:\\\/\\\/www.eldigitaldeasturias.com\\\/noticias\\\/category\\\/sociedad\\\/#listItem\",\"name\":\"Sociedad\"}},{\"@type\":\"ListItem\",\"@id\":\"https:\\\/\\\/www.eldigitaldeasturias.com\\\/noticias\\\/category\\\/sociedad\\\/#listItem\",\"position\":2,\"name\":\"Sociedad\",\"item\":\"https:\\\/\\\/www.eldigitaldeasturias.com\\\/noticias\\\/category\\\/sociedad\\\/\",\"nextItem\":{\"@type\":\"ListItem\",\"@id\":\"https:\\\/\\\/www.eldigitaldeasturias.com\\\/noticias\\\/los-parrocos-mexicanos-no-dejaran-su-lucha-por-la-paz-por-miedo-a-la-violencia\\\/#listItem\",\"name\":\"Los p\\u00e1rrocos mexicanos no dejar\\u00e1n su lucha por la paz por miedo a la violencia\"},\"previousItem\":{\"@type\":\"ListItem\",\"@id\":\"https:\\\/\\\/www.eldigitaldeasturias.com\\\/noticias#listItem\",\"name\":\"Home\"}},{\"@type\":\"ListItem\",\"@id\":\"https:\\\/\\\/www.eldigitaldeasturias.com\\\/noticias\\\/los-parrocos-mexicanos-no-dejaran-su-lucha-por-la-paz-por-miedo-a-la-violencia\\\/#listItem\",\"position\":3,\"name\":\"Los p\\u00e1rrocos mexicanos no dejar\\u00e1n su lucha por la paz por miedo a la violencia\",\"previousItem\":{\"@type\":\"ListItem\",\"@id\":\"https:\\\/\\\/www.eldigitaldeasturias.com\\\/noticias\\\/category\\\/sociedad\\\/#listItem\",\"name\":\"Sociedad\"}}]},{\"@type\":\"Organization\",\"@id\":\"https:\\\/\\\/www.eldigitaldeasturias.com\\\/noticias\\\/#organization\",\"name\":\"El Digital de Asturias\",\"description\":\"Hemeroteca\",\"url\":\"https:\\\/\\\/www.eldigitaldeasturias.com\\\/noticias\\\/\",\"email\":\"info@eldigitaldeasturias.com\",\"telephone\":\"+34652131393\",\"logo\":{\"@type\":\"ImageObject\",\"url\":\"https:\\\/\\\/www.eldigitaldeasturias.com\\\/noticias\\\/wp-content\\\/uploads\\\/2020\\\/12\\\/EDA.jpg\",\"@id\":\"https:\\\/\\\/www.eldigitaldeasturias.com\\\/noticias\\\/los-parrocos-mexicanos-no-dejaran-su-lucha-por-la-paz-por-miedo-a-la-violencia\\\/#organizationLogo\"},\"image\":{\"@id\":\"https:\\\/\\\/www.eldigitaldeasturias.com\\\/noticias\\\/los-parrocos-mexicanos-no-dejaran-su-lucha-por-la-paz-por-miedo-a-la-violencia\\\/#organizationLogo\"},\"sameAs\":[\"https:\\\/\\\/facebook.com\\\/eldigitaldeasturias\",\"https:\\\/\\\/www.youtube.com\\\/channel\\\/UCZP-2wLEB9Rv6erhFmqVnvg\"],\"address\":{\"@id\":\"https:\\\/\\\/www.eldigitaldeasturias.com\\\/noticias\\\/#postaladdress\",\"@type\":\"PostalAddress\",\"streetAddress\":\"san antonio 4\",\"postalCode\":\"33430\",\"addressLocality\":\"Cand\\u00e1s\",\"addressRegion\":\"Asturias\",\"addressCountry\":\"ES\"}},{\"@type\":\"Person\",\"@id\":\"https:\\\/\\\/www.eldigitaldeasturias.com\\\/noticias\\\/author\\\/admin\\\/#author\",\"url\":\"https:\\\/\\\/www.eldigitaldeasturias.com\\\/noticias\\\/author\\\/admin\\\/\",\"name\":\"El Digital de Asturias\",\"image\":{\"@type\":\"ImageObject\",\"@id\":\"https:\\\/\\\/www.eldigitaldeasturias.com\\\/noticias\\\/los-parrocos-mexicanos-no-dejaran-su-lucha-por-la-paz-por-miedo-a-la-violencia\\\/#authorImage\",\"url\":\"https:\\\/\\\/secure.gravatar.com\\\/avatar\\\/df2aeffc32bcd13f8d26072ef8a91b623d677766deac7f97ca815868cd41bf5e?s=96&d=mm&r=g\",\"width\":96,\"height\":96,\"caption\":\"El Digital de Asturias\"}},{\"@type\":\"WebPage\",\"@id\":\"https:\\\/\\\/www.eldigitaldeasturias.com\\\/noticias\\\/los-parrocos-mexicanos-no-dejaran-su-lucha-por-la-paz-por-miedo-a-la-violencia\\\/#webpage\",\"url\":\"https:\\\/\\\/www.eldigitaldeasturias.com\\\/noticias\\\/los-parrocos-mexicanos-no-dejaran-su-lucha-por-la-paz-por-miedo-a-la-violencia\\\/\",\"name\":\"Los p\\u00e1rrocos mexicanos no dejar\\u00e1n su lucha por la paz por miedo a la violencia - El Digital de Asturias\",\"description\":\"M\\u00e9xico, 8 dic (EFE).- Viven predicando la paz en entornos complicados, poniendo en riesgo sus vidas por sermones que hablan de realidad, pero los p\\u00e1rrocos del estado mexicano de Michoac\\u00e1n no piensan dejar su lucha, pues son muchas veces la \\u00fanica autoridad moral confiable en los pueblos asediados por la violencia. \\\"Aguantamos, no nos vamos,\",\"inLanguage\":\"es-ES\",\"isPartOf\":{\"@id\":\"https:\\\/\\\/www.eldigitaldeasturias.com\\\/noticias\\\/#website\"},\"breadcrumb\":{\"@id\":\"https:\\\/\\\/www.eldigitaldeasturias.com\\\/noticias\\\/los-parrocos-mexicanos-no-dejaran-su-lucha-por-la-paz-por-miedo-a-la-violencia\\\/#breadcrumblist\"},\"author\":{\"@id\":\"https:\\\/\\\/www.eldigitaldeasturias.com\\\/noticias\\\/author\\\/admin\\\/#author\"},\"creator\":{\"@id\":\"https:\\\/\\\/www.eldigitaldeasturias.com\\\/noticias\\\/author\\\/admin\\\/#author\"},\"image\":{\"@type\":\"ImageObject\",\"url\":459279,\"@id\":\"https:\\\/\\\/www.eldigitaldeasturias.com\\\/noticias\\\/los-parrocos-mexicanos-no-dejaran-su-lucha-por-la-paz-por-miedo-a-la-violencia\\\/#mainImage\"},\"primaryImageOfPage\":{\"@id\":\"https:\\\/\\\/www.eldigitaldeasturias.com\\\/noticias\\\/los-parrocos-mexicanos-no-dejaran-su-lucha-por-la-paz-por-miedo-a-la-violencia\\\/#mainImage\"},\"datePublished\":\"2013-12-08T19:59:33+01:00\",\"dateModified\":\"2013-12-08T19:59:33+01:00\"},{\"@type\":\"WebSite\",\"@id\":\"https:\\\/\\\/www.eldigitaldeasturias.com\\\/noticias\\\/#website\",\"url\":\"https:\\\/\\\/www.eldigitaldeasturias.com\\\/noticias\\\/\",\"name\":\"El Digital de Asturias - Diario de actualidad y noticias\",\"alternateName\":\"El Digital de Asturias - Diario de actualidad y noticias\",\"description\":\"Hemeroteca\",\"inLanguage\":\"es-ES\",\"publisher\":{\"@id\":\"https:\\\/\\\/www.eldigitaldeasturias.com\\\/noticias\\\/#organization\"}}]}\n\t\t<\/script>\n\t\t<!-- All in One SEO Pro -->\r\n\t\t<title>Los p\u00e1rrocos mexicanos no dejar\u00e1n su lucha por la paz por miedo a la violencia - El Digital de Asturias<\/title>\n\n","aioseo_head_json":{"title":"Los p\u00e1rrocos mexicanos no dejar\u00e1n su lucha por la paz por miedo a la violencia - El Digital de Asturias","description":"M\u00e9xico, 8 dic (EFE).- Viven predicando la paz en entornos complicados, poniendo en riesgo sus vidas por sermones que hablan de realidad, pero los p\u00e1rrocos del estado mexicano de Michoac\u00e1n no piensan dejar su lucha, pues son muchas veces la \u00fanica autoridad moral confiable en los pueblos asediados por la violencia. \"Aguantamos, no nos vamos,","canonical_url":"https:\/\/www.eldigitaldeasturias.com\/noticias\/los-parrocos-mexicanos-no-dejaran-su-lucha-por-la-paz-por-miedo-a-la-violencia\/","robots":"max-image-preview:large","keywords":"sociedad","webmasterTools":{"google-site-verification":"UA-38556648-1","msvalidate.01":"7dfe9f3f1b24437ab69f4f2559babe99","miscellaneous":""},"schema":{"@context":"https:\/\/schema.org","@graph":[{"@type":"BlogPosting","@id":"https:\/\/www.eldigitaldeasturias.com\/noticias\/los-parrocos-mexicanos-no-dejaran-su-lucha-por-la-paz-por-miedo-a-la-violencia\/#blogposting","name":"Los p\u00e1rrocos mexicanos no dejar\u00e1n su lucha por la paz por miedo a la violencia - El Digital de Asturias","headline":"Los p\u00e1rrocos mexicanos no dejar\u00e1n su lucha por la paz por miedo a la violencia","author":{"@id":"https:\/\/www.eldigitaldeasturias.com\/noticias\/author\/admin\/#author"},"publisher":{"@id":"https:\/\/www.eldigitaldeasturias.com\/noticias\/#organization"},"image":{"@type":"ImageObject","url":459279},"datePublished":"2013-12-08T19:59:33+01:00","dateModified":"2013-12-08T19:59:33+01:00","inLanguage":"es-ES","mainEntityOfPage":{"@id":"https:\/\/www.eldigitaldeasturias.com\/noticias\/los-parrocos-mexicanos-no-dejaran-su-lucha-por-la-paz-por-miedo-a-la-violencia\/#webpage"},"isPartOf":{"@id":"https:\/\/www.eldigitaldeasturias.com\/noticias\/los-parrocos-mexicanos-no-dejaran-su-lucha-por-la-paz-por-miedo-a-la-violencia\/#webpage"},"articleSection":"Sociedad"},{"@type":"BreadcrumbList","@id":"https:\/\/www.eldigitaldeasturias.com\/noticias\/los-parrocos-mexicanos-no-dejaran-su-lucha-por-la-paz-por-miedo-a-la-violencia\/#breadcrumblist","itemListElement":[{"@type":"ListItem","@id":"https:\/\/www.eldigitaldeasturias.com\/noticias#listItem","position":1,"name":"Home","item":"https:\/\/www.eldigitaldeasturias.com\/noticias","nextItem":{"@type":"ListItem","@id":"https:\/\/www.eldigitaldeasturias.com\/noticias\/category\/sociedad\/#listItem","name":"Sociedad"}},{"@type":"ListItem","@id":"https:\/\/www.eldigitaldeasturias.com\/noticias\/category\/sociedad\/#listItem","position":2,"name":"Sociedad","item":"https:\/\/www.eldigitaldeasturias.com\/noticias\/category\/sociedad\/","nextItem":{"@type":"ListItem","@id":"https:\/\/www.eldigitaldeasturias.com\/noticias\/los-parrocos-mexicanos-no-dejaran-su-lucha-por-la-paz-por-miedo-a-la-violencia\/#listItem","name":"Los p\u00e1rrocos mexicanos no dejar\u00e1n su lucha por la paz por miedo a la violencia"},"previousItem":{"@type":"ListItem","@id":"https:\/\/www.eldigitaldeasturias.com\/noticias#listItem","name":"Home"}},{"@type":"ListItem","@id":"https:\/\/www.eldigitaldeasturias.com\/noticias\/los-parrocos-mexicanos-no-dejaran-su-lucha-por-la-paz-por-miedo-a-la-violencia\/#listItem","position":3,"name":"Los p\u00e1rrocos mexicanos no dejar\u00e1n su lucha por la paz por miedo a la violencia","previousItem":{"@type":"ListItem","@id":"https:\/\/www.eldigitaldeasturias.com\/noticias\/category\/sociedad\/#listItem","name":"Sociedad"}}]},{"@type":"Organization","@id":"https:\/\/www.eldigitaldeasturias.com\/noticias\/#organization","name":"El Digital de Asturias","description":"Hemeroteca","url":"https:\/\/www.eldigitaldeasturias.com\/noticias\/","email":"info@eldigitaldeasturias.com","telephone":"+34652131393","logo":{"@type":"ImageObject","url":"https:\/\/www.eldigitaldeasturias.com\/noticias\/wp-content\/uploads\/2020\/12\/EDA.jpg","@id":"https:\/\/www.eldigitaldeasturias.com\/noticias\/los-parrocos-mexicanos-no-dejaran-su-lucha-por-la-paz-por-miedo-a-la-violencia\/#organizationLogo"},"image":{"@id":"https:\/\/www.eldigitaldeasturias.com\/noticias\/los-parrocos-mexicanos-no-dejaran-su-lucha-por-la-paz-por-miedo-a-la-violencia\/#organizationLogo"},"sameAs":["https:\/\/facebook.com\/eldigitaldeasturias","https:\/\/www.youtube.com\/channel\/UCZP-2wLEB9Rv6erhFmqVnvg"],"address":{"@id":"https:\/\/www.eldigitaldeasturias.com\/noticias\/#postaladdress","@type":"PostalAddress","streetAddress":"san antonio 4","postalCode":"33430","addressLocality":"Cand\u00e1s","addressRegion":"Asturias","addressCountry":"ES"}},{"@type":"Person","@id":"https:\/\/www.eldigitaldeasturias.com\/noticias\/author\/admin\/#author","url":"https:\/\/www.eldigitaldeasturias.com\/noticias\/author\/admin\/","name":"El Digital de Asturias","image":{"@type":"ImageObject","@id":"https:\/\/www.eldigitaldeasturias.com\/noticias\/los-parrocos-mexicanos-no-dejaran-su-lucha-por-la-paz-por-miedo-a-la-violencia\/#authorImage","url":"https:\/\/secure.gravatar.com\/avatar\/df2aeffc32bcd13f8d26072ef8a91b623d677766deac7f97ca815868cd41bf5e?s=96&d=mm&r=g","width":96,"height":96,"caption":"El Digital de Asturias"}},{"@type":"WebPage","@id":"https:\/\/www.eldigitaldeasturias.com\/noticias\/los-parrocos-mexicanos-no-dejaran-su-lucha-por-la-paz-por-miedo-a-la-violencia\/#webpage","url":"https:\/\/www.eldigitaldeasturias.com\/noticias\/los-parrocos-mexicanos-no-dejaran-su-lucha-por-la-paz-por-miedo-a-la-violencia\/","name":"Los p\u00e1rrocos mexicanos no dejar\u00e1n su lucha por la paz por miedo a la violencia - El Digital de Asturias","description":"M\u00e9xico, 8 dic (EFE).- Viven predicando la paz en entornos complicados, poniendo en riesgo sus vidas por sermones que hablan de realidad, pero los p\u00e1rrocos del estado mexicano de Michoac\u00e1n no piensan dejar su lucha, pues son muchas veces la \u00fanica autoridad moral confiable en los pueblos asediados por la violencia. \"Aguantamos, no nos vamos,","inLanguage":"es-ES","isPartOf":{"@id":"https:\/\/www.eldigitaldeasturias.com\/noticias\/#website"},"breadcrumb":{"@id":"https:\/\/www.eldigitaldeasturias.com\/noticias\/los-parrocos-mexicanos-no-dejaran-su-lucha-por-la-paz-por-miedo-a-la-violencia\/#breadcrumblist"},"author":{"@id":"https:\/\/www.eldigitaldeasturias.com\/noticias\/author\/admin\/#author"},"creator":{"@id":"https:\/\/www.eldigitaldeasturias.com\/noticias\/author\/admin\/#author"},"image":{"@type":"ImageObject","url":459279,"@id":"https:\/\/www.eldigitaldeasturias.com\/noticias\/los-parrocos-mexicanos-no-dejaran-su-lucha-por-la-paz-por-miedo-a-la-violencia\/#mainImage"},"primaryImageOfPage":{"@id":"https:\/\/www.eldigitaldeasturias.com\/noticias\/los-parrocos-mexicanos-no-dejaran-su-lucha-por-la-paz-por-miedo-a-la-violencia\/#mainImage"},"datePublished":"2013-12-08T19:59:33+01:00","dateModified":"2013-12-08T19:59:33+01:00"},{"@type":"WebSite","@id":"https:\/\/www.eldigitaldeasturias.com\/noticias\/#website","url":"https:\/\/www.eldigitaldeasturias.com\/noticias\/","name":"El Digital de Asturias - Diario de actualidad y noticias","alternateName":"El Digital de Asturias - Diario de actualidad y noticias","description":"Hemeroteca","inLanguage":"es-ES","publisher":{"@id":"https:\/\/www.eldigitaldeasturias.com\/noticias\/#organization"}}]},"og:locale":"es_ES","og:site_name":"El Digital de Asturias","og:type":"article","og:title":"Los p\u00e1rrocos mexicanos no dejar\u00e1n su lucha por la paz por miedo a la violencia - El Digital de Asturias","og:description":"M\u00e9xico, 8 dic (EFE).- Viven predicando la paz en entornos complicados, poniendo en riesgo sus vidas por sermones que hablan de realidad, pero los p\u00e1rrocos del estado mexicano de Michoac\u00e1n no piensan dejar su lucha, pues son muchas veces la \u00fanica autoridad moral confiable en los pueblos asediados por la violencia. &quot;Aguantamos, no nos vamos,","og:url":"https:\/\/www.eldigitaldeasturias.com\/noticias\/los-parrocos-mexicanos-no-dejaran-su-lucha-por-la-paz-por-miedo-a-la-violencia\/","article:tag":["sociedad"],"article:published_time":"2013-12-08T20:59:33+00:00","article:modified_time":"2013-12-08T20:59:33+00:00","article:publisher":"https:\/\/facebook.com\/eldigitaldeasturias","twitter:card":"summary_large_image","twitter:title":"Los p\u00e1rrocos mexicanos no dejar\u00e1n su lucha por la paz por miedo a la violencia - El Digital de Asturias","twitter:description":"M\u00e9xico, 8 dic (EFE).- Viven predicando la paz en entornos complicados, poniendo en riesgo sus vidas por sermones que hablan de realidad, pero los p\u00e1rrocos del estado mexicano de Michoac\u00e1n no piensan dejar su lucha, pues son muchas veces la \u00fanica autoridad moral confiable en los pueblos asediados por la violencia. &quot;Aguantamos, no nos vamos,","twitter:label1":"Escrito por","twitter:data1":"El Digital de Asturias","twitter:label2":"Tiempo de lectura estimado","twitter:data2":"5 minutos"},"aioseo_meta_data":{"post_id":"459278","title":null,"description":null,"keywords":null,"keyphrases":null,"primary_term":null,"canonical_url":null,"og_title":null,"og_description":null,"og_object_type":"default","og_image_type":"default","og_image_url":null,"og_image_width":null,"og_image_height":null,"og_image_custom_url":null,"og_image_custom_fields":null,"og_video":null,"og_custom_url":null,"og_article_section":null,"og_article_tags":null,"twitter_use_og":true,"twitter_card":"default","twitter_image_type":"default","twitter_image_url":null,"twitter_image_custom_url":null,"twitter_image_custom_fields":null,"twitter_title":null,"twitter_description":null,"schema":{"blockGraphs":[],"customGraphs":[],"default":{"data":{"Article":[],"Course":[],"Dataset":[],"FAQPage":[],"Movie":[],"Person":[],"Product":[],"ProductReview":[],"Car":[],"Recipe":[],"Service":[],"SoftwareApplication":[],"WebPage":[]},"graphName":"","isEnabled":true},"graphs":[],"defaultGraph":"","defaultPostTypeGraph":""},"schema_type":null,"schema_type_options":null,"pillar_content":false,"robots_default":true,"robots_noindex":false,"robots_noarchive":false,"robots_nosnippet":false,"robots_nofollow":false,"robots_noimageindex":false,"robots_noodp":false,"robots_notranslate":false,"robots_max_snippet":null,"robots_max_videopreview":null,"robots_max_imagepreview":"none","priority":null,"frequency":null,"local_seo":null,"seo_analyzer_scan_date":"2026-05-30 08:47:01","breadcrumb_settings":null,"limit_modified_date":false,"open_ai":null,"ai":null,"created":"2020-11-14 22:47:32","updated":"2026-05-30 08:47:01","focus_keyword":null,"additional_keywords":null,"truseo_locale":null},"aioseo_breadcrumb":"<div class=\"aioseo-breadcrumbs\"><span class=\"aioseo-breadcrumb\">\n\t<a href=\"https:\/\/www.eldigitaldeasturias.com\/noticias\" title=\"Home\">Home<\/a>\n<\/span><span class=\"aioseo-breadcrumb-separator\">\u2013<\/span><span class=\"aioseo-breadcrumb\">\n\t<a href=\"https:\/\/www.eldigitaldeasturias.com\/noticias\/category\/sociedad\/\" title=\"Sociedad\">Sociedad<\/a>\n<\/span><span class=\"aioseo-breadcrumb-separator\">\u2013<\/span><span class=\"aioseo-breadcrumb\">\n\t<a href=\"https:\/\/www.eldigitaldeasturias.com\/noticias\/los-parrocos-mexicanos-no-dejaran-su-lucha-por-la-paz-por-miedo-a-la-violencia\/\" title=\"Los p\u00e1rrocos mexicanos no dejar\u00e1n su lucha por la paz por miedo a la violencia\">Los p\u00e1rrocos mexicanos no dejar\u00e1n su lucha por la paz por miedo a la violencia<\/a>\n<\/span><\/div>","aioseo_breadcrumb_json":[{"label":"Home","link":"https:\/\/www.eldigitaldeasturias.com\/noticias"},{"label":"Sociedad","link":"https:\/\/www.eldigitaldeasturias.com\/noticias\/category\/sociedad\/"},{"label":"Los p\u00e1rrocos mexicanos no dejar\u00e1n su lucha por la paz por miedo a la violencia","link":"https:\/\/www.eldigitaldeasturias.com\/noticias\/los-parrocos-mexicanos-no-dejaran-su-lucha-por-la-paz-por-miedo-a-la-violencia\/"}],"_links":{"self":[{"href":"https:\/\/www.eldigitaldeasturias.com\/noticias\/wp-json\/wp\/v2\/posts\/459278","targetHints":{"allow":["GET"]}}],"collection":[{"href":"https:\/\/www.eldigitaldeasturias.com\/noticias\/wp-json\/wp\/v2\/posts"}],"about":[{"href":"https:\/\/www.eldigitaldeasturias.com\/noticias\/wp-json\/wp\/v2\/types\/post"}],"author":[{"embeddable":true,"href":"https:\/\/www.eldigitaldeasturias.com\/noticias\/wp-json\/wp\/v2\/users\/1"}],"replies":[{"embeddable":true,"href":"https:\/\/www.eldigitaldeasturias.com\/noticias\/wp-json\/wp\/v2\/comments?post=459278"}],"version-history":[{"count":0,"href":"https:\/\/www.eldigitaldeasturias.com\/noticias\/wp-json\/wp\/v2\/posts\/459278\/revisions"}],"wp:attachment":[{"href":"https:\/\/www.eldigitaldeasturias.com\/noticias\/wp-json\/wp\/v2\/media?parent=459278"}],"wp:term":[{"taxonomy":"category","embeddable":true,"href":"https:\/\/www.eldigitaldeasturias.com\/noticias\/wp-json\/wp\/v2\/categories?post=459278"},{"taxonomy":"post_tag","embeddable":true,"href":"https:\/\/www.eldigitaldeasturias.com\/noticias\/wp-json\/wp\/v2\/tags?post=459278"}],"curies":[{"name":"wp","href":"https:\/\/api.w.org\/{rel}","templated":true}]}}