{"id":459275,"date":"2013-12-08T19:58:22","date_gmt":"2013-12-08T20:58:22","guid":{"rendered":"http:\/\/www.eldigitaldeasturias.com\/noticias\/?p=459275"},"modified":"2013-12-08T19:58:22","modified_gmt":"2013-12-08T20:58:22","slug":"los-colombianos-iluminan-sus-hogares-en-la-noche-de-las-velitas","status":"publish","type":"post","link":"https:\/\/www.eldigitaldeasturias.com\/noticias\/los-colombianos-iluminan-sus-hogares-en-la-noche-de-las-velitas\/","title":{"rendered":"Los colombianos iluminan sus hogares en la \u00abnoche de las velitas\u00bb"},"content":{"rendered":"<p><img loading=\"lazy\" decoding=\"async\" class=\"alignleft size-medium wp-image-459276\" alt=\"5779439w\" src=\"https:\/\/www.eldigitaldeasturias.com\/noticias\/wp-content\/uploads\/2013\/12\/5779439w-360x223.jpg\" width=\"360\" height=\"223\" \/>Bogot\u00e1,\u00a08 dic (EFE).- Los colombianos iluminaron hoy sus hogares en la \u00abnoche de las velitas\u00bb, una tradici\u00f3n de la v\u00edspera del d\u00eda de la Inmaculada Concepci\u00f3n con la cual se da comienzo en el pa\u00eds a la temporada navide\u00f1a.<\/p>\n<p>En pueblos y ciudades, las familias encendieron velas y faroles de colores en la fachada de casas y edificios, una actividad en la que suelen compartir con los vecinos y en la que los ni\u00f1os tienen un lugar especial como centro de la celebraci\u00f3n.<\/p>\n<p>La iluminaci\u00f3n de los hogares con velas suele prolongarse hasta la madrugada del 8 de diciembre al ritmo de m\u00fasica y baile, principalmente en las ciudades de la costa atl\u00e1ntica, donde el clima es c\u00e1lido.<\/p>\n<p>La Conferencia Episcopal Colombiana invit\u00f3 a la poblaci\u00f3n a sumarse en esta ocasi\u00f3n a la campa\u00f1a \u00abEncienda una luz por la paz\u00bb encendiendo una vela para pedir a la Inmaculada Concepci\u00f3n por la reconciliaci\u00f3n nacional.<\/p>\n<p>En el parque Sim\u00f3n Bol\u00edvar de la capital colombiana las autoridades organizaron un espect\u00e1culo de pirotecnia y la presentaci\u00f3n de un coro navide\u00f1o, mientras que en el centro de la ciudad la Alcald\u00eda autoriz\u00f3 el cierre de las principales avenidas al tr\u00e1fico de veh\u00edculos para facilitar la circulaci\u00f3n de personas en esta noche de luces.<\/p>\n<p>En la Torre Colpatria, la m\u00e1s alta del pa\u00eds, la celebraci\u00f3n incluy\u00f3 el encendido del \u00e1rbol de Navidad m\u00e1s grande de Colombia, formado por 12,2 kil\u00f3metros de nodos LED sobre la fachada del edificio de 48 pisos.<\/p>\n<p>Unas 20.000 personas, seg\u00fan los organizadores, eran esperadas para asistir al espect\u00e1culo que incluy\u00f3 m\u00fasica, villancicos y juegos pirot\u00e9cnicos.<\/p>\n<p>En Medell\u00edn, la segunda ciudad del pa\u00eds, que celebra el \u00abFestival de las luces\u00bb, la \u00abnoche de las velitas\u00bb incluy\u00f3 recorridos especiales por la Avenida la Playa para observar la iluminaci\u00f3n navide\u00f1a y espect\u00e1culos art\u00edsticos en diferentes lugares p\u00fablicos.<\/p>\n<p>Para evitar accidentes con p\u00f3lvora, en muchos municipios las alcald\u00edas prohibieron el uso de fuegos pirot\u00e9cnicos por parte de la poblaci\u00f3n, pues estos artefactos s\u00f3lo pueden ser manipulados por personas autorizadas como parte de espect\u00e1culos p\u00fablicos<\/p>\n","protected":false},"excerpt":{"rendered":"<p>Bogot\u00e1,\u00a08 dic (EFE).- Los colombianos iluminaron hoy sus hogares en la \u00abnoche de las velitas\u00bb, una tradici\u00f3n de la v\u00edspera del d\u00eda de la Inmaculada Concepci\u00f3n con la cual se da comienzo en el pa\u00eds a la temporada navide\u00f1a. En pueblos y ciudades, las familias encendieron velas y faroles de colores en la fachada de [&hellip;]<\/p>\n","protected":false},"author":1,"featured_media":459276,"comment_status":"closed","ping_status":"open","sticky":false,"template":"","format":"standard","meta":{"footnotes":""},"categories":[50],"tags":[],"class_list":["post-459275","post","type-post","status-publish","format-standard","has-post-thumbnail","hentry","category-revista-de-ocio"],"aioseo_notices":[],"aioseo_head":"\n\t\t<!-- All in One SEO Pro 5.0.1 - aioseo.com -->\n\t<meta name=\"description\" content=\"Bogot\u00e1, 8 dic (EFE).- Los colombianos iluminaron hoy sus hogares en la &quot;noche de las velitas&quot;, una tradici\u00f3n de la v\u00edspera del d\u00eda de la Inmaculada Concepci\u00f3n con la cual se da comienzo en el pa\u00eds a la temporada navide\u00f1a. En pueblos y ciudades, las familias encendieron velas y faroles de colores en la fachada de\" \/>\n\t<meta name=\"robots\" content=\"max-image-preview:large\" \/>\n\t<meta name=\"author\" content=\"El Digital de Asturias\"\/>\n\t<meta name=\"google-site-verification\" content=\"UA-38556648-1\" \/>\n\t<meta name=\"msvalidate.01\" content=\"7dfe9f3f1b24437ab69f4f2559babe99\" \/>\n\t<meta name=\"keywords\" content=\"revista de ocio\" \/>\n\t<link rel=\"canonical\" href=\"https:\/\/www.eldigitaldeasturias.com\/noticias\/los-colombianos-iluminan-sus-hogares-en-la-noche-de-las-velitas\/\" \/>\n\t<meta name=\"generator\" content=\"All in One SEO Pro (AIOSEO) 5.0.1\" \/>\n\t\t<meta property=\"og:locale\" content=\"es_ES\" \/>\n\t\t<meta property=\"og:site_name\" content=\"El Digital de Asturias\" \/>\n\t\t<meta property=\"og:type\" content=\"article\" \/>\n\t\t<meta property=\"og:title\" content=\"Los colombianos iluminan sus hogares en la \u00abnoche de las velitas\u00bb - El Digital de Asturias\" \/>\n\t\t<meta property=\"og:description\" content=\"Bogot\u00e1, 8 dic (EFE).- Los colombianos iluminaron hoy sus hogares en la &quot;noche de las velitas&quot;, una tradici\u00f3n de la v\u00edspera del d\u00eda de la Inmaculada Concepci\u00f3n con la cual se da comienzo en el pa\u00eds a la temporada navide\u00f1a. En pueblos y ciudades, las familias encendieron velas y faroles de colores en la fachada de\" \/>\n\t\t<meta property=\"og:url\" content=\"https:\/\/www.eldigitaldeasturias.com\/noticias\/los-colombianos-iluminan-sus-hogares-en-la-noche-de-las-velitas\/\" \/>\n\t\t<meta property=\"article:tag\" content=\"revista de ocio\" \/>\n\t\t<meta property=\"article:published_time\" content=\"2013-12-08T20:58:22+00:00\" \/>\n\t\t<meta property=\"article:modified_time\" content=\"2013-12-08T20:58:22+00:00\" \/>\n\t\t<meta property=\"article:publisher\" content=\"https:\/\/facebook.com\/eldigitaldeasturias\" \/>\n\t\t<meta name=\"twitter:card\" content=\"summary_large_image\" \/>\n\t\t<meta name=\"twitter:title\" content=\"Los colombianos iluminan sus hogares en la \u00abnoche de las velitas\u00bb - El Digital de Asturias\" \/>\n\t\t<meta name=\"twitter:description\" content=\"Bogot\u00e1, 8 dic (EFE).- Los colombianos iluminaron hoy sus hogares en la &quot;noche de las velitas&quot;, una tradici\u00f3n de la v\u00edspera del d\u00eda de la Inmaculada Concepci\u00f3n con la cual se da comienzo en el pa\u00eds a la temporada navide\u00f1a. En pueblos y ciudades, las familias encendieron velas y faroles de colores en la fachada de\" \/>\n\t\t<meta name=\"twitter:label1\" content=\"Escrito por\" \/>\n\t\t<meta name=\"twitter:data1\" content=\"El Digital de Asturias\" \/>\n\t\t<meta name=\"twitter:label2\" content=\"Tiempo de lectura estimado\" \/>\n\t\t<meta name=\"twitter:data2\" content=\"2 minutos\" \/>\n\t\t<script type=\"application\/ld+json\" class=\"aioseo-schema\">\n\t\t\t{\"@context\":\"https:\\\/\\\/schema.org\",\"@graph\":[{\"@type\":\"BlogPosting\",\"@id\":\"https:\\\/\\\/www.eldigitaldeasturias.com\\\/noticias\\\/los-colombianos-iluminan-sus-hogares-en-la-noche-de-las-velitas\\\/#blogposting\",\"name\":\"Los colombianos iluminan sus hogares en la \\u00abnoche de las velitas\\u00bb - El Digital de Asturias\",\"headline\":\"Los colombianos iluminan sus hogares en la \\u00abnoche de las velitas\\u00bb\",\"author\":{\"@id\":\"https:\\\/\\\/www.eldigitaldeasturias.com\\\/noticias\\\/author\\\/admin\\\/#author\"},\"publisher\":{\"@id\":\"https:\\\/\\\/www.eldigitaldeasturias.com\\\/noticias\\\/#organization\"},\"image\":{\"@type\":\"ImageObject\",\"url\":459276},\"datePublished\":\"2013-12-08T19:58:22+01:00\",\"dateModified\":\"2013-12-08T19:58:22+01:00\",\"inLanguage\":\"es-ES\",\"mainEntityOfPage\":{\"@id\":\"https:\\\/\\\/www.eldigitaldeasturias.com\\\/noticias\\\/los-colombianos-iluminan-sus-hogares-en-la-noche-de-las-velitas\\\/#webpage\"},\"isPartOf\":{\"@id\":\"https:\\\/\\\/www.eldigitaldeasturias.com\\\/noticias\\\/los-colombianos-iluminan-sus-hogares-en-la-noche-de-las-velitas\\\/#webpage\"},\"articleSection\":\"Revista de Ocio\"},{\"@type\":\"BreadcrumbList\",\"@id\":\"https:\\\/\\\/www.eldigitaldeasturias.com\\\/noticias\\\/los-colombianos-iluminan-sus-hogares-en-la-noche-de-las-velitas\\\/#breadcrumblist\",\"itemListElement\":[{\"@type\":\"ListItem\",\"@id\":\"https:\\\/\\\/www.eldigitaldeasturias.com\\\/noticias#listItem\",\"position\":1,\"name\":\"Home\",\"item\":\"https:\\\/\\\/www.eldigitaldeasturias.com\\\/noticias\",\"nextItem\":{\"@type\":\"ListItem\",\"@id\":\"https:\\\/\\\/www.eldigitaldeasturias.com\\\/noticias\\\/category\\\/revista-de-ocio\\\/#listItem\",\"name\":\"Revista de Ocio\"}},{\"@type\":\"ListItem\",\"@id\":\"https:\\\/\\\/www.eldigitaldeasturias.com\\\/noticias\\\/category\\\/revista-de-ocio\\\/#listItem\",\"position\":2,\"name\":\"Revista de Ocio\",\"item\":\"https:\\\/\\\/www.eldigitaldeasturias.com\\\/noticias\\\/category\\\/revista-de-ocio\\\/\",\"nextItem\":{\"@type\":\"ListItem\",\"@id\":\"https:\\\/\\\/www.eldigitaldeasturias.com\\\/noticias\\\/los-colombianos-iluminan-sus-hogares-en-la-noche-de-las-velitas\\\/#listItem\",\"name\":\"Los colombianos iluminan sus hogares en la \\u00abnoche de las velitas\\u00bb\"},\"previousItem\":{\"@type\":\"ListItem\",\"@id\":\"https:\\\/\\\/www.eldigitaldeasturias.com\\\/noticias#listItem\",\"name\":\"Home\"}},{\"@type\":\"ListItem\",\"@id\":\"https:\\\/\\\/www.eldigitaldeasturias.com\\\/noticias\\\/los-colombianos-iluminan-sus-hogares-en-la-noche-de-las-velitas\\\/#listItem\",\"position\":3,\"name\":\"Los colombianos iluminan sus hogares en la \\u00abnoche de las velitas\\u00bb\",\"previousItem\":{\"@type\":\"ListItem\",\"@id\":\"https:\\\/\\\/www.eldigitaldeasturias.com\\\/noticias\\\/category\\\/revista-de-ocio\\\/#listItem\",\"name\":\"Revista de Ocio\"}}]},{\"@type\":\"Organization\",\"@id\":\"https:\\\/\\\/www.eldigitaldeasturias.com\\\/noticias\\\/#organization\",\"name\":\"El Digital de Asturias\",\"description\":\"Hemeroteca\",\"url\":\"https:\\\/\\\/www.eldigitaldeasturias.com\\\/noticias\\\/\",\"email\":\"info@eldigitaldeasturias.com\",\"telephone\":\"+34652131393\",\"logo\":{\"@type\":\"ImageObject\",\"url\":\"https:\\\/\\\/www.eldigitaldeasturias.com\\\/noticias\\\/wp-content\\\/uploads\\\/2020\\\/12\\\/EDA.jpg\",\"@id\":\"https:\\\/\\\/www.eldigitaldeasturias.com\\\/noticias\\\/los-colombianos-iluminan-sus-hogares-en-la-noche-de-las-velitas\\\/#organizationLogo\"},\"image\":{\"@id\":\"https:\\\/\\\/www.eldigitaldeasturias.com\\\/noticias\\\/los-colombianos-iluminan-sus-hogares-en-la-noche-de-las-velitas\\\/#organizationLogo\"},\"sameAs\":[\"https:\\\/\\\/facebook.com\\\/eldigitaldeasturias\",\"https:\\\/\\\/www.youtube.com\\\/channel\\\/UCZP-2wLEB9Rv6erhFmqVnvg\"],\"address\":{\"@id\":\"https:\\\/\\\/www.eldigitaldeasturias.com\\\/noticias\\\/#postaladdress\",\"@type\":\"PostalAddress\",\"streetAddress\":\"san antonio 4\",\"postalCode\":\"33430\",\"addressLocality\":\"Cand\\u00e1s\",\"addressRegion\":\"Asturias\",\"addressCountry\":\"ES\"}},{\"@type\":\"Person\",\"@id\":\"https:\\\/\\\/www.eldigitaldeasturias.com\\\/noticias\\\/author\\\/admin\\\/#author\",\"url\":\"https:\\\/\\\/www.eldigitaldeasturias.com\\\/noticias\\\/author\\\/admin\\\/\",\"name\":\"El Digital de Asturias\",\"image\":{\"@type\":\"ImageObject\",\"@id\":\"https:\\\/\\\/www.eldigitaldeasturias.com\\\/noticias\\\/los-colombianos-iluminan-sus-hogares-en-la-noche-de-las-velitas\\\/#authorImage\",\"url\":\"https:\\\/\\\/secure.gravatar.com\\\/avatar\\\/df2aeffc32bcd13f8d26072ef8a91b623d677766deac7f97ca815868cd41bf5e?s=96&d=mm&r=g\",\"width\":96,\"height\":96,\"caption\":\"El Digital de Asturias\"}},{\"@type\":\"WebPage\",\"@id\":\"https:\\\/\\\/www.eldigitaldeasturias.com\\\/noticias\\\/los-colombianos-iluminan-sus-hogares-en-la-noche-de-las-velitas\\\/#webpage\",\"url\":\"https:\\\/\\\/www.eldigitaldeasturias.com\\\/noticias\\\/los-colombianos-iluminan-sus-hogares-en-la-noche-de-las-velitas\\\/\",\"name\":\"Los colombianos iluminan sus hogares en la \\u00abnoche de las velitas\\u00bb - El Digital de Asturias\",\"description\":\"Bogot\\u00e1, 8 dic (EFE).- Los colombianos iluminaron hoy sus hogares en la \\\"noche de las velitas\\\", una tradici\\u00f3n de la v\\u00edspera del d\\u00eda de la Inmaculada Concepci\\u00f3n con la cual se da comienzo en el pa\\u00eds a la temporada navide\\u00f1a. En pueblos y ciudades, las familias encendieron velas y faroles de colores en la fachada de\",\"inLanguage\":\"es-ES\",\"isPartOf\":{\"@id\":\"https:\\\/\\\/www.eldigitaldeasturias.com\\\/noticias\\\/#website\"},\"breadcrumb\":{\"@id\":\"https:\\\/\\\/www.eldigitaldeasturias.com\\\/noticias\\\/los-colombianos-iluminan-sus-hogares-en-la-noche-de-las-velitas\\\/#breadcrumblist\"},\"author\":{\"@id\":\"https:\\\/\\\/www.eldigitaldeasturias.com\\\/noticias\\\/author\\\/admin\\\/#author\"},\"creator\":{\"@id\":\"https:\\\/\\\/www.eldigitaldeasturias.com\\\/noticias\\\/author\\\/admin\\\/#author\"},\"image\":{\"@type\":\"ImageObject\",\"url\":459276,\"@id\":\"https:\\\/\\\/www.eldigitaldeasturias.com\\\/noticias\\\/los-colombianos-iluminan-sus-hogares-en-la-noche-de-las-velitas\\\/#mainImage\"},\"primaryImageOfPage\":{\"@id\":\"https:\\\/\\\/www.eldigitaldeasturias.com\\\/noticias\\\/los-colombianos-iluminan-sus-hogares-en-la-noche-de-las-velitas\\\/#mainImage\"},\"datePublished\":\"2013-12-08T19:58:22+01:00\",\"dateModified\":\"2013-12-08T19:58:22+01:00\"},{\"@type\":\"WebSite\",\"@id\":\"https:\\\/\\\/www.eldigitaldeasturias.com\\\/noticias\\\/#website\",\"url\":\"https:\\\/\\\/www.eldigitaldeasturias.com\\\/noticias\\\/\",\"name\":\"El Digital de Asturias - Diario de actualidad y noticias\",\"alternateName\":\"El Digital de Asturias - Diario de actualidad y noticias\",\"description\":\"Hemeroteca\",\"inLanguage\":\"es-ES\",\"publisher\":{\"@id\":\"https:\\\/\\\/www.eldigitaldeasturias.com\\\/noticias\\\/#organization\"}}]}\n\t\t<\/script>\n\t\t<!-- All in One SEO Pro -->\r\n\t\t<title>Los colombianos iluminan sus hogares en la \u00abnoche de las velitas\u00bb - El Digital de Asturias<\/title>\n\n","aioseo_head_json":{"title":"Los colombianos iluminan sus hogares en la \u00abnoche de las velitas\u00bb - El Digital de Asturias","description":"Bogot\u00e1, 8 dic (EFE).- Los colombianos iluminaron hoy sus hogares en la \"noche de las velitas\", una tradici\u00f3n de la v\u00edspera del d\u00eda de la Inmaculada Concepci\u00f3n con la cual se da comienzo en el pa\u00eds a la temporada navide\u00f1a. En pueblos y ciudades, las familias encendieron velas y faroles de colores en la fachada de","canonical_url":"https:\/\/www.eldigitaldeasturias.com\/noticias\/los-colombianos-iluminan-sus-hogares-en-la-noche-de-las-velitas\/","robots":"max-image-preview:large","keywords":"revista de ocio","webmasterTools":{"google-site-verification":"UA-38556648-1","msvalidate.01":"7dfe9f3f1b24437ab69f4f2559babe99","miscellaneous":""},"schema":{"@context":"https:\/\/schema.org","@graph":[{"@type":"BlogPosting","@id":"https:\/\/www.eldigitaldeasturias.com\/noticias\/los-colombianos-iluminan-sus-hogares-en-la-noche-de-las-velitas\/#blogposting","name":"Los colombianos iluminan sus hogares en la \u00abnoche de las velitas\u00bb - El Digital de Asturias","headline":"Los colombianos iluminan sus hogares en la \u00abnoche de las velitas\u00bb","author":{"@id":"https:\/\/www.eldigitaldeasturias.com\/noticias\/author\/admin\/#author"},"publisher":{"@id":"https:\/\/www.eldigitaldeasturias.com\/noticias\/#organization"},"image":{"@type":"ImageObject","url":459276},"datePublished":"2013-12-08T19:58:22+01:00","dateModified":"2013-12-08T19:58:22+01:00","inLanguage":"es-ES","mainEntityOfPage":{"@id":"https:\/\/www.eldigitaldeasturias.com\/noticias\/los-colombianos-iluminan-sus-hogares-en-la-noche-de-las-velitas\/#webpage"},"isPartOf":{"@id":"https:\/\/www.eldigitaldeasturias.com\/noticias\/los-colombianos-iluminan-sus-hogares-en-la-noche-de-las-velitas\/#webpage"},"articleSection":"Revista de Ocio"},{"@type":"BreadcrumbList","@id":"https:\/\/www.eldigitaldeasturias.com\/noticias\/los-colombianos-iluminan-sus-hogares-en-la-noche-de-las-velitas\/#breadcrumblist","itemListElement":[{"@type":"ListItem","@id":"https:\/\/www.eldigitaldeasturias.com\/noticias#listItem","position":1,"name":"Home","item":"https:\/\/www.eldigitaldeasturias.com\/noticias","nextItem":{"@type":"ListItem","@id":"https:\/\/www.eldigitaldeasturias.com\/noticias\/category\/revista-de-ocio\/#listItem","name":"Revista de Ocio"}},{"@type":"ListItem","@id":"https:\/\/www.eldigitaldeasturias.com\/noticias\/category\/revista-de-ocio\/#listItem","position":2,"name":"Revista de Ocio","item":"https:\/\/www.eldigitaldeasturias.com\/noticias\/category\/revista-de-ocio\/","nextItem":{"@type":"ListItem","@id":"https:\/\/www.eldigitaldeasturias.com\/noticias\/los-colombianos-iluminan-sus-hogares-en-la-noche-de-las-velitas\/#listItem","name":"Los colombianos iluminan sus hogares en la \u00abnoche de las velitas\u00bb"},"previousItem":{"@type":"ListItem","@id":"https:\/\/www.eldigitaldeasturias.com\/noticias#listItem","name":"Home"}},{"@type":"ListItem","@id":"https:\/\/www.eldigitaldeasturias.com\/noticias\/los-colombianos-iluminan-sus-hogares-en-la-noche-de-las-velitas\/#listItem","position":3,"name":"Los colombianos iluminan sus hogares en la \u00abnoche de las velitas\u00bb","previousItem":{"@type":"ListItem","@id":"https:\/\/www.eldigitaldeasturias.com\/noticias\/category\/revista-de-ocio\/#listItem","name":"Revista de Ocio"}}]},{"@type":"Organization","@id":"https:\/\/www.eldigitaldeasturias.com\/noticias\/#organization","name":"El Digital de Asturias","description":"Hemeroteca","url":"https:\/\/www.eldigitaldeasturias.com\/noticias\/","email":"info@eldigitaldeasturias.com","telephone":"+34652131393","logo":{"@type":"ImageObject","url":"https:\/\/www.eldigitaldeasturias.com\/noticias\/wp-content\/uploads\/2020\/12\/EDA.jpg","@id":"https:\/\/www.eldigitaldeasturias.com\/noticias\/los-colombianos-iluminan-sus-hogares-en-la-noche-de-las-velitas\/#organizationLogo"},"image":{"@id":"https:\/\/www.eldigitaldeasturias.com\/noticias\/los-colombianos-iluminan-sus-hogares-en-la-noche-de-las-velitas\/#organizationLogo"},"sameAs":["https:\/\/facebook.com\/eldigitaldeasturias","https:\/\/www.youtube.com\/channel\/UCZP-2wLEB9Rv6erhFmqVnvg"],"address":{"@id":"https:\/\/www.eldigitaldeasturias.com\/noticias\/#postaladdress","@type":"PostalAddress","streetAddress":"san antonio 4","postalCode":"33430","addressLocality":"Cand\u00e1s","addressRegion":"Asturias","addressCountry":"ES"}},{"@type":"Person","@id":"https:\/\/www.eldigitaldeasturias.com\/noticias\/author\/admin\/#author","url":"https:\/\/www.eldigitaldeasturias.com\/noticias\/author\/admin\/","name":"El Digital de Asturias","image":{"@type":"ImageObject","@id":"https:\/\/www.eldigitaldeasturias.com\/noticias\/los-colombianos-iluminan-sus-hogares-en-la-noche-de-las-velitas\/#authorImage","url":"https:\/\/secure.gravatar.com\/avatar\/df2aeffc32bcd13f8d26072ef8a91b623d677766deac7f97ca815868cd41bf5e?s=96&d=mm&r=g","width":96,"height":96,"caption":"El Digital de Asturias"}},{"@type":"WebPage","@id":"https:\/\/www.eldigitaldeasturias.com\/noticias\/los-colombianos-iluminan-sus-hogares-en-la-noche-de-las-velitas\/#webpage","url":"https:\/\/www.eldigitaldeasturias.com\/noticias\/los-colombianos-iluminan-sus-hogares-en-la-noche-de-las-velitas\/","name":"Los colombianos iluminan sus hogares en la \u00abnoche de las velitas\u00bb - El Digital de Asturias","description":"Bogot\u00e1, 8 dic (EFE).- Los colombianos iluminaron hoy sus hogares en la \"noche de las velitas\", una tradici\u00f3n de la v\u00edspera del d\u00eda de la Inmaculada Concepci\u00f3n con la cual se da comienzo en el pa\u00eds a la temporada navide\u00f1a. En pueblos y ciudades, las familias encendieron velas y faroles de colores en la fachada de","inLanguage":"es-ES","isPartOf":{"@id":"https:\/\/www.eldigitaldeasturias.com\/noticias\/#website"},"breadcrumb":{"@id":"https:\/\/www.eldigitaldeasturias.com\/noticias\/los-colombianos-iluminan-sus-hogares-en-la-noche-de-las-velitas\/#breadcrumblist"},"author":{"@id":"https:\/\/www.eldigitaldeasturias.com\/noticias\/author\/admin\/#author"},"creator":{"@id":"https:\/\/www.eldigitaldeasturias.com\/noticias\/author\/admin\/#author"},"image":{"@type":"ImageObject","url":459276,"@id":"https:\/\/www.eldigitaldeasturias.com\/noticias\/los-colombianos-iluminan-sus-hogares-en-la-noche-de-las-velitas\/#mainImage"},"primaryImageOfPage":{"@id":"https:\/\/www.eldigitaldeasturias.com\/noticias\/los-colombianos-iluminan-sus-hogares-en-la-noche-de-las-velitas\/#mainImage"},"datePublished":"2013-12-08T19:58:22+01:00","dateModified":"2013-12-08T19:58:22+01:00"},{"@type":"WebSite","@id":"https:\/\/www.eldigitaldeasturias.com\/noticias\/#website","url":"https:\/\/www.eldigitaldeasturias.com\/noticias\/","name":"El Digital de Asturias - Diario de actualidad y noticias","alternateName":"El Digital de Asturias - Diario de actualidad y noticias","description":"Hemeroteca","inLanguage":"es-ES","publisher":{"@id":"https:\/\/www.eldigitaldeasturias.com\/noticias\/#organization"}}]},"og:locale":"es_ES","og:site_name":"El Digital de Asturias","og:type":"article","og:title":"Los colombianos iluminan sus hogares en la \u00abnoche de las velitas\u00bb - El Digital de Asturias","og:description":"Bogot\u00e1, 8 dic (EFE).- Los colombianos iluminaron hoy sus hogares en la &quot;noche de las velitas&quot;, una tradici\u00f3n de la v\u00edspera del d\u00eda de la Inmaculada Concepci\u00f3n con la cual se da comienzo en el pa\u00eds a la temporada navide\u00f1a. En pueblos y ciudades, las familias encendieron velas y faroles de colores en la fachada de","og:url":"https:\/\/www.eldigitaldeasturias.com\/noticias\/los-colombianos-iluminan-sus-hogares-en-la-noche-de-las-velitas\/","article:tag":["revista de ocio"],"article:published_time":"2013-12-08T20:58:22+00:00","article:modified_time":"2013-12-08T20:58:22+00:00","article:publisher":"https:\/\/facebook.com\/eldigitaldeasturias","twitter:card":"summary_large_image","twitter:title":"Los colombianos iluminan sus hogares en la \u00abnoche de las velitas\u00bb - El Digital de Asturias","twitter:description":"Bogot\u00e1, 8 dic (EFE).- Los colombianos iluminaron hoy sus hogares en la &quot;noche de las velitas&quot;, una tradici\u00f3n de la v\u00edspera del d\u00eda de la Inmaculada Concepci\u00f3n con la cual se da comienzo en el pa\u00eds a la temporada navide\u00f1a. En pueblos y ciudades, las familias encendieron velas y faroles de colores en la fachada de","twitter:label1":"Escrito por","twitter:data1":"El Digital de Asturias","twitter:label2":"Tiempo de lectura estimado","twitter:data2":"2 minutos"},"aioseo_meta_data":{"post_id":"459275","title":null,"description":null,"keywords":null,"keyphrases":null,"primary_term":null,"canonical_url":null,"og_title":null,"og_description":null,"og_object_type":"default","og_image_type":"default","og_image_url":null,"og_image_width":null,"og_image_height":null,"og_image_custom_url":null,"og_image_custom_fields":null,"og_video":null,"og_custom_url":null,"og_article_section":null,"og_article_tags":null,"twitter_use_og":true,"twitter_card":"default","twitter_image_type":"default","twitter_image_url":null,"twitter_image_custom_url":null,"twitter_image_custom_fields":null,"twitter_title":null,"twitter_description":null,"schema":{"blockGraphs":[],"customGraphs":[],"default":{"data":{"Article":[],"Course":[],"Dataset":[],"FAQPage":[],"Movie":[],"Person":[],"Product":[],"ProductReview":[],"Car":[],"Recipe":[],"Service":[],"SoftwareApplication":[],"WebPage":[]},"graphName":"","isEnabled":true},"graphs":[],"defaultGraph":"","defaultPostTypeGraph":""},"schema_type":null,"schema_type_options":null,"pillar_content":false,"robots_default":true,"robots_noindex":false,"robots_noarchive":false,"robots_nosnippet":false,"robots_nofollow":false,"robots_noimageindex":false,"robots_noodp":false,"robots_notranslate":false,"robots_max_snippet":null,"robots_max_videopreview":null,"robots_max_imagepreview":"none","priority":null,"frequency":null,"local_seo":null,"seo_analyzer_scan_date":"2026-05-30 08:47:00","breadcrumb_settings":null,"limit_modified_date":false,"open_ai":null,"ai":null,"created":"2020-11-14 22:47:32","updated":"2026-05-30 08:47:00","focus_keyword":null,"additional_keywords":null,"truseo_locale":null},"aioseo_breadcrumb":"<div class=\"aioseo-breadcrumbs\"><span class=\"aioseo-breadcrumb\">\n\t<a href=\"https:\/\/www.eldigitaldeasturias.com\/noticias\" title=\"Home\">Home<\/a>\n<\/span><span class=\"aioseo-breadcrumb-separator\">\u2013<\/span><span class=\"aioseo-breadcrumb\">\n\t<a href=\"https:\/\/www.eldigitaldeasturias.com\/noticias\/category\/revista-de-ocio\/\" title=\"Revista de Ocio\">Revista de Ocio<\/a>\n<\/span><span class=\"aioseo-breadcrumb-separator\">\u2013<\/span><span class=\"aioseo-breadcrumb\">\n\t<a href=\"https:\/\/www.eldigitaldeasturias.com\/noticias\/los-colombianos-iluminan-sus-hogares-en-la-noche-de-las-velitas\/\" title=\"Los colombianos iluminan sus hogares en la \u00abnoche de las velitas\u00bb\">Los colombianos iluminan sus hogares en la \u00abnoche de las velitas\u00bb<\/a>\n<\/span><\/div>","aioseo_breadcrumb_json":[{"label":"Home","link":"https:\/\/www.eldigitaldeasturias.com\/noticias"},{"label":"Revista de Ocio","link":"https:\/\/www.eldigitaldeasturias.com\/noticias\/category\/revista-de-ocio\/"},{"label":"Los colombianos iluminan sus hogares en la \u00abnoche de las velitas\u00bb","link":"https:\/\/www.eldigitaldeasturias.com\/noticias\/los-colombianos-iluminan-sus-hogares-en-la-noche-de-las-velitas\/"}],"_links":{"self":[{"href":"https:\/\/www.eldigitaldeasturias.com\/noticias\/wp-json\/wp\/v2\/posts\/459275","targetHints":{"allow":["GET"]}}],"collection":[{"href":"https:\/\/www.eldigitaldeasturias.com\/noticias\/wp-json\/wp\/v2\/posts"}],"about":[{"href":"https:\/\/www.eldigitaldeasturias.com\/noticias\/wp-json\/wp\/v2\/types\/post"}],"author":[{"embeddable":true,"href":"https:\/\/www.eldigitaldeasturias.com\/noticias\/wp-json\/wp\/v2\/users\/1"}],"replies":[{"embeddable":true,"href":"https:\/\/www.eldigitaldeasturias.com\/noticias\/wp-json\/wp\/v2\/comments?post=459275"}],"version-history":[{"count":0,"href":"https:\/\/www.eldigitaldeasturias.com\/noticias\/wp-json\/wp\/v2\/posts\/459275\/revisions"}],"wp:attachment":[{"href":"https:\/\/www.eldigitaldeasturias.com\/noticias\/wp-json\/wp\/v2\/media?parent=459275"}],"wp:term":[{"taxonomy":"category","embeddable":true,"href":"https:\/\/www.eldigitaldeasturias.com\/noticias\/wp-json\/wp\/v2\/categories?post=459275"},{"taxonomy":"post_tag","embeddable":true,"href":"https:\/\/www.eldigitaldeasturias.com\/noticias\/wp-json\/wp\/v2\/tags?post=459275"}],"curies":[{"name":"wp","href":"https:\/\/api.w.org\/{rel}","templated":true}]}}