{"id":459224,"date":"2013-12-07T22:35:29","date_gmt":"2013-12-07T23:35:29","guid":{"rendered":"http:\/\/www.eldigitaldeasturias.com\/noticias\/?p=459224"},"modified":"2013-12-07T22:35:29","modified_gmt":"2013-12-07T23:35:29","slug":"brasil-amplia-la-ensenanza-formal-sobre-las-comunidades-afrodescendientes","status":"publish","type":"post","link":"https:\/\/www.eldigitaldeasturias.com\/noticias\/brasil-amplia-la-ensenanza-formal-sobre-las-comunidades-afrodescendientes\/","title":{"rendered":"Brasil ampl\u00eda la ense\u00f1anza formal sobre las comunidades afrodescendientes"},"content":{"rendered":"<p><img loading=\"lazy\" decoding=\"async\" class=\"alignleft size-medium wp-image-459225\" alt=\"5778540w\" src=\"https:\/\/www.eldigitaldeasturias.com\/noticias\/wp-content\/uploads\/2013\/12\/5778540w-360x239.jpg\" width=\"360\" height=\"239\" \/>Sao Paulo, 7 dic (EFE).- La historia y cultura de las comunidades descendientes de esclavos africanos en Brasil, los quilombos, comenzar\u00e1n a ganar un mayor espacio en la pol\u00edtica educativa del pa\u00eds suramericano tras varios siglos de tratamiento superficial en las escuelas.<\/p>\n<p>Aunque la presencia de los quilombos fue fundamental para escribir el pasado y presente del pa\u00eds, su historia muchas veces no es conocida en profundidad ni tan siquiera por sus propias comunidades, distribuidas en el interior de Brasil, sobre todo en el nordeste y sudeste.<\/p>\n<p>Por este motivo, el Gobierno Federal y los diferentes regionales decidieron prestar una mayor atenci\u00f3n al respecto, sobre todo a partir de 2012, con la aprobaci\u00f3n de las directrices para educaci\u00f3n \u00abquilombola\u00bb, que comenzaron a ser implementadas este a\u00f1o con el objetivo de dar valor a la cultura afrobrasile\u00f1a en estas comunidades.<\/p>\n<p>En 2013, las escuelas p\u00fablicas en territorios quilombos -comunidades en donde se reun\u00edan los esclavos pr\u00f3fugos- llegaron a las 2.238, una cifra un 32 % superior a la registrada en 2009, seg\u00fan datos del Censo Escolar de este a\u00f1o.<\/p>\n<p>La pedagoga e investigadora en Historia y Cultura afrobrasile\u00f1a de la Universidad de Campinas (Unicamp), Caroline Jango Feitosa, se\u00f1al\u00f3 a Efe que este tipo de medidas son importantes para contraponer la educaci\u00f3n tradicional \u00abeuroc\u00e9ntrica\u00bb.<\/p>\n<p>Esa educaci\u00f3n, en su opini\u00f3n, \u00abmargina todos los aspectos que envuelven la cultura africana y afrobrasile\u00f1a\u00bb.<\/p>\n<p>\u00abEn mis investigaciones recientes constato que los ni\u00f1os negros se identifican con los patrones blancos de belleza y est\u00e9tica de forma que la construcci\u00f3n de la identidad negra queda extremadamente perjudicada. Esto es por que los mismos (ni\u00f1os) no tienen ninguna representaci\u00f3n de valor de la cultura de la que descienden\u00bb, apunt\u00f3.<\/p>\n<p>En Sao Paulo, el estado m\u00e1s rico y poblado del pa\u00eds, por ejemplo, el Gobierno regional anunci\u00f3 durante la semana que rindi\u00f3 homenaje a Zumb\u00ed dos Palmares, un negro que gobern\u00f3 un quilombo de esclavos libres en el noreste de Brasil, el primer Consejo de Educaci\u00f3n Quilombola del pa\u00eds.<\/p>\n<p>El \u00f3rgano, que cuenta con la participaci\u00f3n de l\u00edderes de comunidades de quilombos y especialistas de las principales universidades, tiene como objetivo incrementar el peso de la cultura negra en la educaci\u00f3n, teniendo en cuenta que el 50,7 % de la poblaci\u00f3n del pa\u00eds est\u00e1 formado por negros y mulatos, seg\u00fan el censo.<\/p>\n<p>De acuerdo con el director del consejo, S\u00e9rgio Cardoso, la ense\u00f1anza quilombola no va a dejar de transmitir lo que ya se estudia en las escuelas regulares, pero va a intensificar la historia de \u00e9stas comunidades en su programa educativo.<\/p>\n<p>\u00abEl programa de educaci\u00f3n escolar de los quilombos va a tener en cuenta todo el contenido oficial de Sao Paulo, pero lo que va a ense\u00f1ar es adem\u00e1s el valor de esas personas, el amor por la tierra, por la religi\u00f3n, por la cultura de los antepasados y por las ense\u00f1anzas populares\u00bb, subray\u00f3 a Efe Cardoso.<\/p>\n<p>Seg\u00fan explic\u00f3, el consejo tendr\u00e1 una actuaci\u00f3n \u00abm\u00e1s espec\u00edfica\u00bb junto a las comunidades de los quilombos, aunque tambi\u00e9n trabajar\u00e1 con otras minor\u00edas.<\/p>\n<p>La programaci\u00f3n estar\u00e1 centrada en las relaciones \u00e9tnico-raciales con un enfoque \u00abtransversal\u00bb, que abordar\u00e1 tambi\u00e9n disciplinas como lengua portuguesa, arte e historia.<\/p>\n<p>Cardoso apunt\u00f3 que el programa de Sao Paulo, en concreto, pretende ir m\u00e1s all\u00e1 contemplando las disciplinas de filosof\u00eda, sociolog\u00eda, adem\u00e1s de convertir los temas de bibliograf\u00eda en una materia obligatoria para los profesores que deseen ingresar en la red regional.<\/p>\n<p>La investigadora Jango Feitosa record\u00f3 que es fundamental la expansi\u00f3n de este tipo de educaci\u00f3n para otras escuelas que est\u00e9n fuera del contexto como forma de dar acceso \u00abal derecho asegurado por ley de aprender los contenidos sobre la cultura africana\u00bb.<\/p>\n<p>\u00abNo podemos olvidar que la educaci\u00f3n quilombola no habla acerca de los contenidos ense\u00f1ados y s\u00ed de una manera diferente de educar, enfocada en la perspectiva del africanismo, que posibilita un espacio m\u00e1s democr\u00e1tico y rico\u00bb, explic\u00f3 Feitosa.<\/p>\n<p>Cleyton Vilarino<\/p>\n","protected":false},"excerpt":{"rendered":"<p>Sao Paulo, 7 dic (EFE).- La historia y cultura de las comunidades descendientes de esclavos africanos en Brasil, los quilombos, comenzar\u00e1n a ganar un mayor espacio en la pol\u00edtica educativa del pa\u00eds suramericano tras varios siglos de tratamiento superficial en las escuelas. Aunque la presencia de los quilombos fue fundamental para escribir el pasado y [&hellip;]<\/p>\n","protected":false},"author":1,"featured_media":459225,"comment_status":"closed","ping_status":"open","sticky":false,"template":"","format":"standard","meta":{"footnotes":""},"categories":[28],"tags":[],"class_list":["post-459224","post","type-post","status-publish","format-standard","has-post-thumbnail","hentry","category-sociedad"],"aioseo_notices":[],"aioseo_head":"\n\t\t<!-- All in One SEO Pro 5.0.1 - aioseo.com -->\n\t<meta name=\"description\" content=\"Sao Paulo, 7 dic (EFE).- La historia y cultura de las comunidades descendientes de esclavos africanos en Brasil, los quilombos, comenzar\u00e1n a ganar un mayor espacio en la pol\u00edtica educativa del pa\u00eds suramericano tras varios siglos de tratamiento superficial en las escuelas. Aunque la presencia de los quilombos fue fundamental para escribir el pasado y\" \/>\n\t<meta name=\"robots\" content=\"max-image-preview:large\" \/>\n\t<meta name=\"author\" content=\"El Digital de Asturias\"\/>\n\t<meta name=\"google-site-verification\" content=\"UA-38556648-1\" \/>\n\t<meta name=\"msvalidate.01\" content=\"7dfe9f3f1b24437ab69f4f2559babe99\" \/>\n\t<meta name=\"keywords\" content=\"sociedad\" \/>\n\t<link rel=\"canonical\" href=\"https:\/\/www.eldigitaldeasturias.com\/noticias\/brasil-amplia-la-ensenanza-formal-sobre-las-comunidades-afrodescendientes\/\" \/>\n\t<meta name=\"generator\" content=\"All in One SEO Pro (AIOSEO) 5.0.1\" \/>\n\t\t<meta property=\"og:locale\" content=\"es_ES\" \/>\n\t\t<meta property=\"og:site_name\" content=\"El Digital de Asturias\" \/>\n\t\t<meta property=\"og:type\" content=\"article\" \/>\n\t\t<meta property=\"og:title\" content=\"Brasil ampl\u00eda la ense\u00f1anza formal sobre las comunidades afrodescendientes - El Digital de Asturias\" \/>\n\t\t<meta property=\"og:description\" content=\"Sao Paulo, 7 dic (EFE).- La historia y cultura de las comunidades descendientes de esclavos africanos en Brasil, los quilombos, comenzar\u00e1n a ganar un mayor espacio en la pol\u00edtica educativa del pa\u00eds suramericano tras varios siglos de tratamiento superficial en las escuelas. Aunque la presencia de los quilombos fue fundamental para escribir el pasado y\" \/>\n\t\t<meta property=\"og:url\" content=\"https:\/\/www.eldigitaldeasturias.com\/noticias\/brasil-amplia-la-ensenanza-formal-sobre-las-comunidades-afrodescendientes\/\" \/>\n\t\t<meta property=\"article:tag\" content=\"sociedad\" \/>\n\t\t<meta property=\"article:published_time\" content=\"2013-12-07T23:35:29+00:00\" \/>\n\t\t<meta property=\"article:modified_time\" content=\"2013-12-07T23:35:29+00:00\" \/>\n\t\t<meta property=\"article:publisher\" content=\"https:\/\/facebook.com\/eldigitaldeasturias\" \/>\n\t\t<meta name=\"twitter:card\" content=\"summary_large_image\" \/>\n\t\t<meta name=\"twitter:title\" content=\"Brasil ampl\u00eda la ense\u00f1anza formal sobre las comunidades afrodescendientes - El Digital de Asturias\" \/>\n\t\t<meta name=\"twitter:description\" content=\"Sao Paulo, 7 dic (EFE).- La historia y cultura de las comunidades descendientes de esclavos africanos en Brasil, los quilombos, comenzar\u00e1n a ganar un mayor espacio en la pol\u00edtica educativa del pa\u00eds suramericano tras varios siglos de tratamiento superficial en las escuelas. Aunque la presencia de los quilombos fue fundamental para escribir el pasado y\" \/>\n\t\t<meta name=\"twitter:label1\" content=\"Escrito por\" \/>\n\t\t<meta name=\"twitter:data1\" content=\"El Digital de Asturias\" \/>\n\t\t<meta name=\"twitter:label2\" content=\"Tiempo de lectura estimado\" \/>\n\t\t<meta name=\"twitter:data2\" content=\"3 minutos\" \/>\n\t\t<script type=\"application\/ld+json\" class=\"aioseo-schema\">\n\t\t\t{\"@context\":\"https:\\\/\\\/schema.org\",\"@graph\":[{\"@type\":\"BlogPosting\",\"@id\":\"https:\\\/\\\/www.eldigitaldeasturias.com\\\/noticias\\\/brasil-amplia-la-ensenanza-formal-sobre-las-comunidades-afrodescendientes\\\/#blogposting\",\"name\":\"Brasil ampl\\u00eda la ense\\u00f1anza formal sobre las comunidades afrodescendientes - El Digital de Asturias\",\"headline\":\"Brasil ampl\\u00eda la ense\\u00f1anza formal sobre las comunidades afrodescendientes\",\"author\":{\"@id\":\"https:\\\/\\\/www.eldigitaldeasturias.com\\\/noticias\\\/author\\\/admin\\\/#author\"},\"publisher\":{\"@id\":\"https:\\\/\\\/www.eldigitaldeasturias.com\\\/noticias\\\/#organization\"},\"image\":{\"@type\":\"ImageObject\",\"url\":459225},\"datePublished\":\"2013-12-07T22:35:29+01:00\",\"dateModified\":\"2013-12-07T22:35:29+01:00\",\"inLanguage\":\"es-ES\",\"mainEntityOfPage\":{\"@id\":\"https:\\\/\\\/www.eldigitaldeasturias.com\\\/noticias\\\/brasil-amplia-la-ensenanza-formal-sobre-las-comunidades-afrodescendientes\\\/#webpage\"},\"isPartOf\":{\"@id\":\"https:\\\/\\\/www.eldigitaldeasturias.com\\\/noticias\\\/brasil-amplia-la-ensenanza-formal-sobre-las-comunidades-afrodescendientes\\\/#webpage\"},\"articleSection\":\"Sociedad\"},{\"@type\":\"BreadcrumbList\",\"@id\":\"https:\\\/\\\/www.eldigitaldeasturias.com\\\/noticias\\\/brasil-amplia-la-ensenanza-formal-sobre-las-comunidades-afrodescendientes\\\/#breadcrumblist\",\"itemListElement\":[{\"@type\":\"ListItem\",\"@id\":\"https:\\\/\\\/www.eldigitaldeasturias.com\\\/noticias#listItem\",\"position\":1,\"name\":\"Home\",\"item\":\"https:\\\/\\\/www.eldigitaldeasturias.com\\\/noticias\",\"nextItem\":{\"@type\":\"ListItem\",\"@id\":\"https:\\\/\\\/www.eldigitaldeasturias.com\\\/noticias\\\/category\\\/sociedad\\\/#listItem\",\"name\":\"Sociedad\"}},{\"@type\":\"ListItem\",\"@id\":\"https:\\\/\\\/www.eldigitaldeasturias.com\\\/noticias\\\/category\\\/sociedad\\\/#listItem\",\"position\":2,\"name\":\"Sociedad\",\"item\":\"https:\\\/\\\/www.eldigitaldeasturias.com\\\/noticias\\\/category\\\/sociedad\\\/\",\"nextItem\":{\"@type\":\"ListItem\",\"@id\":\"https:\\\/\\\/www.eldigitaldeasturias.com\\\/noticias\\\/brasil-amplia-la-ensenanza-formal-sobre-las-comunidades-afrodescendientes\\\/#listItem\",\"name\":\"Brasil ampl\\u00eda la ense\\u00f1anza formal sobre las comunidades afrodescendientes\"},\"previousItem\":{\"@type\":\"ListItem\",\"@id\":\"https:\\\/\\\/www.eldigitaldeasturias.com\\\/noticias#listItem\",\"name\":\"Home\"}},{\"@type\":\"ListItem\",\"@id\":\"https:\\\/\\\/www.eldigitaldeasturias.com\\\/noticias\\\/brasil-amplia-la-ensenanza-formal-sobre-las-comunidades-afrodescendientes\\\/#listItem\",\"position\":3,\"name\":\"Brasil ampl\\u00eda la ense\\u00f1anza formal sobre las comunidades afrodescendientes\",\"previousItem\":{\"@type\":\"ListItem\",\"@id\":\"https:\\\/\\\/www.eldigitaldeasturias.com\\\/noticias\\\/category\\\/sociedad\\\/#listItem\",\"name\":\"Sociedad\"}}]},{\"@type\":\"Organization\",\"@id\":\"https:\\\/\\\/www.eldigitaldeasturias.com\\\/noticias\\\/#organization\",\"name\":\"El Digital de Asturias\",\"description\":\"Hemeroteca\",\"url\":\"https:\\\/\\\/www.eldigitaldeasturias.com\\\/noticias\\\/\",\"email\":\"info@eldigitaldeasturias.com\",\"telephone\":\"+34652131393\",\"logo\":{\"@type\":\"ImageObject\",\"url\":\"https:\\\/\\\/www.eldigitaldeasturias.com\\\/noticias\\\/wp-content\\\/uploads\\\/2020\\\/12\\\/EDA.jpg\",\"@id\":\"https:\\\/\\\/www.eldigitaldeasturias.com\\\/noticias\\\/brasil-amplia-la-ensenanza-formal-sobre-las-comunidades-afrodescendientes\\\/#organizationLogo\"},\"image\":{\"@id\":\"https:\\\/\\\/www.eldigitaldeasturias.com\\\/noticias\\\/brasil-amplia-la-ensenanza-formal-sobre-las-comunidades-afrodescendientes\\\/#organizationLogo\"},\"sameAs\":[\"https:\\\/\\\/facebook.com\\\/eldigitaldeasturias\",\"https:\\\/\\\/www.youtube.com\\\/channel\\\/UCZP-2wLEB9Rv6erhFmqVnvg\"],\"address\":{\"@id\":\"https:\\\/\\\/www.eldigitaldeasturias.com\\\/noticias\\\/#postaladdress\",\"@type\":\"PostalAddress\",\"streetAddress\":\"san antonio 4\",\"postalCode\":\"33430\",\"addressLocality\":\"Cand\\u00e1s\",\"addressRegion\":\"Asturias\",\"addressCountry\":\"ES\"}},{\"@type\":\"Person\",\"@id\":\"https:\\\/\\\/www.eldigitaldeasturias.com\\\/noticias\\\/author\\\/admin\\\/#author\",\"url\":\"https:\\\/\\\/www.eldigitaldeasturias.com\\\/noticias\\\/author\\\/admin\\\/\",\"name\":\"El Digital de Asturias\",\"image\":{\"@type\":\"ImageObject\",\"@id\":\"https:\\\/\\\/www.eldigitaldeasturias.com\\\/noticias\\\/brasil-amplia-la-ensenanza-formal-sobre-las-comunidades-afrodescendientes\\\/#authorImage\",\"url\":\"https:\\\/\\\/secure.gravatar.com\\\/avatar\\\/df2aeffc32bcd13f8d26072ef8a91b623d677766deac7f97ca815868cd41bf5e?s=96&d=mm&r=g\",\"width\":96,\"height\":96,\"caption\":\"El Digital de Asturias\"}},{\"@type\":\"WebPage\",\"@id\":\"https:\\\/\\\/www.eldigitaldeasturias.com\\\/noticias\\\/brasil-amplia-la-ensenanza-formal-sobre-las-comunidades-afrodescendientes\\\/#webpage\",\"url\":\"https:\\\/\\\/www.eldigitaldeasturias.com\\\/noticias\\\/brasil-amplia-la-ensenanza-formal-sobre-las-comunidades-afrodescendientes\\\/\",\"name\":\"Brasil ampl\\u00eda la ense\\u00f1anza formal sobre las comunidades afrodescendientes - El Digital de Asturias\",\"description\":\"Sao Paulo, 7 dic (EFE).- La historia y cultura de las comunidades descendientes de esclavos africanos en Brasil, los quilombos, comenzar\\u00e1n a ganar un mayor espacio en la pol\\u00edtica educativa del pa\\u00eds suramericano tras varios siglos de tratamiento superficial en las escuelas. Aunque la presencia de los quilombos fue fundamental para escribir el pasado y\",\"inLanguage\":\"es-ES\",\"isPartOf\":{\"@id\":\"https:\\\/\\\/www.eldigitaldeasturias.com\\\/noticias\\\/#website\"},\"breadcrumb\":{\"@id\":\"https:\\\/\\\/www.eldigitaldeasturias.com\\\/noticias\\\/brasil-amplia-la-ensenanza-formal-sobre-las-comunidades-afrodescendientes\\\/#breadcrumblist\"},\"author\":{\"@id\":\"https:\\\/\\\/www.eldigitaldeasturias.com\\\/noticias\\\/author\\\/admin\\\/#author\"},\"creator\":{\"@id\":\"https:\\\/\\\/www.eldigitaldeasturias.com\\\/noticias\\\/author\\\/admin\\\/#author\"},\"image\":{\"@type\":\"ImageObject\",\"url\":459225,\"@id\":\"https:\\\/\\\/www.eldigitaldeasturias.com\\\/noticias\\\/brasil-amplia-la-ensenanza-formal-sobre-las-comunidades-afrodescendientes\\\/#mainImage\"},\"primaryImageOfPage\":{\"@id\":\"https:\\\/\\\/www.eldigitaldeasturias.com\\\/noticias\\\/brasil-amplia-la-ensenanza-formal-sobre-las-comunidades-afrodescendientes\\\/#mainImage\"},\"datePublished\":\"2013-12-07T22:35:29+01:00\",\"dateModified\":\"2013-12-07T22:35:29+01:00\"},{\"@type\":\"WebSite\",\"@id\":\"https:\\\/\\\/www.eldigitaldeasturias.com\\\/noticias\\\/#website\",\"url\":\"https:\\\/\\\/www.eldigitaldeasturias.com\\\/noticias\\\/\",\"name\":\"El Digital de Asturias - Diario de actualidad y noticias\",\"alternateName\":\"El Digital de Asturias - Diario de actualidad y noticias\",\"description\":\"Hemeroteca\",\"inLanguage\":\"es-ES\",\"publisher\":{\"@id\":\"https:\\\/\\\/www.eldigitaldeasturias.com\\\/noticias\\\/#organization\"}}]}\n\t\t<\/script>\n\t\t<!-- All in One SEO Pro -->\r\n\t\t<title>Brasil ampl\u00eda la ense\u00f1anza formal sobre las comunidades afrodescendientes - El Digital de Asturias<\/title>\n\n","aioseo_head_json":{"title":"Brasil ampl\u00eda la ense\u00f1anza formal sobre las comunidades afrodescendientes - El Digital de Asturias","description":"Sao Paulo, 7 dic (EFE).- La historia y cultura de las comunidades descendientes de esclavos africanos en Brasil, los quilombos, comenzar\u00e1n a ganar un mayor espacio en la pol\u00edtica educativa del pa\u00eds suramericano tras varios siglos de tratamiento superficial en las escuelas. Aunque la presencia de los quilombos fue fundamental para escribir el pasado y","canonical_url":"https:\/\/www.eldigitaldeasturias.com\/noticias\/brasil-amplia-la-ensenanza-formal-sobre-las-comunidades-afrodescendientes\/","robots":"max-image-preview:large","keywords":"sociedad","webmasterTools":{"google-site-verification":"UA-38556648-1","msvalidate.01":"7dfe9f3f1b24437ab69f4f2559babe99","miscellaneous":""},"schema":{"@context":"https:\/\/schema.org","@graph":[{"@type":"BlogPosting","@id":"https:\/\/www.eldigitaldeasturias.com\/noticias\/brasil-amplia-la-ensenanza-formal-sobre-las-comunidades-afrodescendientes\/#blogposting","name":"Brasil ampl\u00eda la ense\u00f1anza formal sobre las comunidades afrodescendientes - El Digital de Asturias","headline":"Brasil ampl\u00eda la ense\u00f1anza formal sobre las comunidades afrodescendientes","author":{"@id":"https:\/\/www.eldigitaldeasturias.com\/noticias\/author\/admin\/#author"},"publisher":{"@id":"https:\/\/www.eldigitaldeasturias.com\/noticias\/#organization"},"image":{"@type":"ImageObject","url":459225},"datePublished":"2013-12-07T22:35:29+01:00","dateModified":"2013-12-07T22:35:29+01:00","inLanguage":"es-ES","mainEntityOfPage":{"@id":"https:\/\/www.eldigitaldeasturias.com\/noticias\/brasil-amplia-la-ensenanza-formal-sobre-las-comunidades-afrodescendientes\/#webpage"},"isPartOf":{"@id":"https:\/\/www.eldigitaldeasturias.com\/noticias\/brasil-amplia-la-ensenanza-formal-sobre-las-comunidades-afrodescendientes\/#webpage"},"articleSection":"Sociedad"},{"@type":"BreadcrumbList","@id":"https:\/\/www.eldigitaldeasturias.com\/noticias\/brasil-amplia-la-ensenanza-formal-sobre-las-comunidades-afrodescendientes\/#breadcrumblist","itemListElement":[{"@type":"ListItem","@id":"https:\/\/www.eldigitaldeasturias.com\/noticias#listItem","position":1,"name":"Home","item":"https:\/\/www.eldigitaldeasturias.com\/noticias","nextItem":{"@type":"ListItem","@id":"https:\/\/www.eldigitaldeasturias.com\/noticias\/category\/sociedad\/#listItem","name":"Sociedad"}},{"@type":"ListItem","@id":"https:\/\/www.eldigitaldeasturias.com\/noticias\/category\/sociedad\/#listItem","position":2,"name":"Sociedad","item":"https:\/\/www.eldigitaldeasturias.com\/noticias\/category\/sociedad\/","nextItem":{"@type":"ListItem","@id":"https:\/\/www.eldigitaldeasturias.com\/noticias\/brasil-amplia-la-ensenanza-formal-sobre-las-comunidades-afrodescendientes\/#listItem","name":"Brasil ampl\u00eda la ense\u00f1anza formal sobre las comunidades afrodescendientes"},"previousItem":{"@type":"ListItem","@id":"https:\/\/www.eldigitaldeasturias.com\/noticias#listItem","name":"Home"}},{"@type":"ListItem","@id":"https:\/\/www.eldigitaldeasturias.com\/noticias\/brasil-amplia-la-ensenanza-formal-sobre-las-comunidades-afrodescendientes\/#listItem","position":3,"name":"Brasil ampl\u00eda la ense\u00f1anza formal sobre las comunidades afrodescendientes","previousItem":{"@type":"ListItem","@id":"https:\/\/www.eldigitaldeasturias.com\/noticias\/category\/sociedad\/#listItem","name":"Sociedad"}}]},{"@type":"Organization","@id":"https:\/\/www.eldigitaldeasturias.com\/noticias\/#organization","name":"El Digital de Asturias","description":"Hemeroteca","url":"https:\/\/www.eldigitaldeasturias.com\/noticias\/","email":"info@eldigitaldeasturias.com","telephone":"+34652131393","logo":{"@type":"ImageObject","url":"https:\/\/www.eldigitaldeasturias.com\/noticias\/wp-content\/uploads\/2020\/12\/EDA.jpg","@id":"https:\/\/www.eldigitaldeasturias.com\/noticias\/brasil-amplia-la-ensenanza-formal-sobre-las-comunidades-afrodescendientes\/#organizationLogo"},"image":{"@id":"https:\/\/www.eldigitaldeasturias.com\/noticias\/brasil-amplia-la-ensenanza-formal-sobre-las-comunidades-afrodescendientes\/#organizationLogo"},"sameAs":["https:\/\/facebook.com\/eldigitaldeasturias","https:\/\/www.youtube.com\/channel\/UCZP-2wLEB9Rv6erhFmqVnvg"],"address":{"@id":"https:\/\/www.eldigitaldeasturias.com\/noticias\/#postaladdress","@type":"PostalAddress","streetAddress":"san antonio 4","postalCode":"33430","addressLocality":"Cand\u00e1s","addressRegion":"Asturias","addressCountry":"ES"}},{"@type":"Person","@id":"https:\/\/www.eldigitaldeasturias.com\/noticias\/author\/admin\/#author","url":"https:\/\/www.eldigitaldeasturias.com\/noticias\/author\/admin\/","name":"El Digital de Asturias","image":{"@type":"ImageObject","@id":"https:\/\/www.eldigitaldeasturias.com\/noticias\/brasil-amplia-la-ensenanza-formal-sobre-las-comunidades-afrodescendientes\/#authorImage","url":"https:\/\/secure.gravatar.com\/avatar\/df2aeffc32bcd13f8d26072ef8a91b623d677766deac7f97ca815868cd41bf5e?s=96&d=mm&r=g","width":96,"height":96,"caption":"El Digital de Asturias"}},{"@type":"WebPage","@id":"https:\/\/www.eldigitaldeasturias.com\/noticias\/brasil-amplia-la-ensenanza-formal-sobre-las-comunidades-afrodescendientes\/#webpage","url":"https:\/\/www.eldigitaldeasturias.com\/noticias\/brasil-amplia-la-ensenanza-formal-sobre-las-comunidades-afrodescendientes\/","name":"Brasil ampl\u00eda la ense\u00f1anza formal sobre las comunidades afrodescendientes - El Digital de Asturias","description":"Sao Paulo, 7 dic (EFE).- La historia y cultura de las comunidades descendientes de esclavos africanos en Brasil, los quilombos, comenzar\u00e1n a ganar un mayor espacio en la pol\u00edtica educativa del pa\u00eds suramericano tras varios siglos de tratamiento superficial en las escuelas. Aunque la presencia de los quilombos fue fundamental para escribir el pasado y","inLanguage":"es-ES","isPartOf":{"@id":"https:\/\/www.eldigitaldeasturias.com\/noticias\/#website"},"breadcrumb":{"@id":"https:\/\/www.eldigitaldeasturias.com\/noticias\/brasil-amplia-la-ensenanza-formal-sobre-las-comunidades-afrodescendientes\/#breadcrumblist"},"author":{"@id":"https:\/\/www.eldigitaldeasturias.com\/noticias\/author\/admin\/#author"},"creator":{"@id":"https:\/\/www.eldigitaldeasturias.com\/noticias\/author\/admin\/#author"},"image":{"@type":"ImageObject","url":459225,"@id":"https:\/\/www.eldigitaldeasturias.com\/noticias\/brasil-amplia-la-ensenanza-formal-sobre-las-comunidades-afrodescendientes\/#mainImage"},"primaryImageOfPage":{"@id":"https:\/\/www.eldigitaldeasturias.com\/noticias\/brasil-amplia-la-ensenanza-formal-sobre-las-comunidades-afrodescendientes\/#mainImage"},"datePublished":"2013-12-07T22:35:29+01:00","dateModified":"2013-12-07T22:35:29+01:00"},{"@type":"WebSite","@id":"https:\/\/www.eldigitaldeasturias.com\/noticias\/#website","url":"https:\/\/www.eldigitaldeasturias.com\/noticias\/","name":"El Digital de Asturias - Diario de actualidad y noticias","alternateName":"El Digital de Asturias - Diario de actualidad y noticias","description":"Hemeroteca","inLanguage":"es-ES","publisher":{"@id":"https:\/\/www.eldigitaldeasturias.com\/noticias\/#organization"}}]},"og:locale":"es_ES","og:site_name":"El Digital de Asturias","og:type":"article","og:title":"Brasil ampl\u00eda la ense\u00f1anza formal sobre las comunidades afrodescendientes - El Digital de Asturias","og:description":"Sao Paulo, 7 dic (EFE).- La historia y cultura de las comunidades descendientes de esclavos africanos en Brasil, los quilombos, comenzar\u00e1n a ganar un mayor espacio en la pol\u00edtica educativa del pa\u00eds suramericano tras varios siglos de tratamiento superficial en las escuelas. Aunque la presencia de los quilombos fue fundamental para escribir el pasado y","og:url":"https:\/\/www.eldigitaldeasturias.com\/noticias\/brasil-amplia-la-ensenanza-formal-sobre-las-comunidades-afrodescendientes\/","article:tag":["sociedad"],"article:published_time":"2013-12-07T23:35:29+00:00","article:modified_time":"2013-12-07T23:35:29+00:00","article:publisher":"https:\/\/facebook.com\/eldigitaldeasturias","twitter:card":"summary_large_image","twitter:title":"Brasil ampl\u00eda la ense\u00f1anza formal sobre las comunidades afrodescendientes - El Digital de Asturias","twitter:description":"Sao Paulo, 7 dic (EFE).- La historia y cultura de las comunidades descendientes de esclavos africanos en Brasil, los quilombos, comenzar\u00e1n a ganar un mayor espacio en la pol\u00edtica educativa del pa\u00eds suramericano tras varios siglos de tratamiento superficial en las escuelas. Aunque la presencia de los quilombos fue fundamental para escribir el pasado y","twitter:label1":"Escrito por","twitter:data1":"El Digital de Asturias","twitter:label2":"Tiempo de lectura estimado","twitter:data2":"3 minutos"},"aioseo_meta_data":{"post_id":"459224","title":null,"description":null,"keywords":null,"keyphrases":null,"primary_term":null,"canonical_url":null,"og_title":null,"og_description":null,"og_object_type":"default","og_image_type":"default","og_image_url":null,"og_image_width":null,"og_image_height":null,"og_image_custom_url":null,"og_image_custom_fields":null,"og_video":null,"og_custom_url":null,"og_article_section":null,"og_article_tags":null,"twitter_use_og":true,"twitter_card":"default","twitter_image_type":"default","twitter_image_url":null,"twitter_image_custom_url":null,"twitter_image_custom_fields":null,"twitter_title":null,"twitter_description":null,"schema":{"blockGraphs":[],"customGraphs":[],"default":{"data":{"Article":[],"Course":[],"Dataset":[],"FAQPage":[],"Movie":[],"Person":[],"Product":[],"ProductReview":[],"Car":[],"Recipe":[],"Service":[],"SoftwareApplication":[],"WebPage":[]},"graphName":"","isEnabled":true},"graphs":[],"defaultGraph":"","defaultPostTypeGraph":""},"schema_type":null,"schema_type_options":null,"pillar_content":false,"robots_default":true,"robots_noindex":false,"robots_noarchive":false,"robots_nosnippet":false,"robots_nofollow":false,"robots_noimageindex":false,"robots_noodp":false,"robots_notranslate":false,"robots_max_snippet":null,"robots_max_videopreview":null,"robots_max_imagepreview":"none","priority":null,"frequency":null,"local_seo":null,"seo_analyzer_scan_date":"2026-05-30 08:32:00","breadcrumb_settings":null,"limit_modified_date":false,"open_ai":null,"ai":null,"created":"2020-11-14 22:47:32","updated":"2026-05-30 08:32:00","focus_keyword":null,"additional_keywords":null,"truseo_locale":null},"aioseo_breadcrumb":"<div class=\"aioseo-breadcrumbs\"><span class=\"aioseo-breadcrumb\">\n\t<a href=\"https:\/\/www.eldigitaldeasturias.com\/noticias\" title=\"Home\">Home<\/a>\n<\/span><span class=\"aioseo-breadcrumb-separator\">\u2013<\/span><span class=\"aioseo-breadcrumb\">\n\t<a href=\"https:\/\/www.eldigitaldeasturias.com\/noticias\/category\/sociedad\/\" title=\"Sociedad\">Sociedad<\/a>\n<\/span><span class=\"aioseo-breadcrumb-separator\">\u2013<\/span><span class=\"aioseo-breadcrumb\">\n\t<a href=\"https:\/\/www.eldigitaldeasturias.com\/noticias\/brasil-amplia-la-ensenanza-formal-sobre-las-comunidades-afrodescendientes\/\" title=\"Brasil ampl\u00eda la ense\u00f1anza formal sobre las comunidades afrodescendientes\">Brasil ampl\u00eda la ense\u00f1anza formal sobre las comunidades afrodescendientes<\/a>\n<\/span><\/div>","aioseo_breadcrumb_json":[{"label":"Home","link":"https:\/\/www.eldigitaldeasturias.com\/noticias"},{"label":"Sociedad","link":"https:\/\/www.eldigitaldeasturias.com\/noticias\/category\/sociedad\/"},{"label":"Brasil ampl\u00eda la ense\u00f1anza formal sobre las comunidades afrodescendientes","link":"https:\/\/www.eldigitaldeasturias.com\/noticias\/brasil-amplia-la-ensenanza-formal-sobre-las-comunidades-afrodescendientes\/"}],"_links":{"self":[{"href":"https:\/\/www.eldigitaldeasturias.com\/noticias\/wp-json\/wp\/v2\/posts\/459224","targetHints":{"allow":["GET"]}}],"collection":[{"href":"https:\/\/www.eldigitaldeasturias.com\/noticias\/wp-json\/wp\/v2\/posts"}],"about":[{"href":"https:\/\/www.eldigitaldeasturias.com\/noticias\/wp-json\/wp\/v2\/types\/post"}],"author":[{"embeddable":true,"href":"https:\/\/www.eldigitaldeasturias.com\/noticias\/wp-json\/wp\/v2\/users\/1"}],"replies":[{"embeddable":true,"href":"https:\/\/www.eldigitaldeasturias.com\/noticias\/wp-json\/wp\/v2\/comments?post=459224"}],"version-history":[{"count":0,"href":"https:\/\/www.eldigitaldeasturias.com\/noticias\/wp-json\/wp\/v2\/posts\/459224\/revisions"}],"wp:attachment":[{"href":"https:\/\/www.eldigitaldeasturias.com\/noticias\/wp-json\/wp\/v2\/media?parent=459224"}],"wp:term":[{"taxonomy":"category","embeddable":true,"href":"https:\/\/www.eldigitaldeasturias.com\/noticias\/wp-json\/wp\/v2\/categories?post=459224"},{"taxonomy":"post_tag","embeddable":true,"href":"https:\/\/www.eldigitaldeasturias.com\/noticias\/wp-json\/wp\/v2\/tags?post=459224"}],"curies":[{"name":"wp","href":"https:\/\/api.w.org\/{rel}","templated":true}]}}