{"id":459221,"date":"2013-12-07T22:16:59","date_gmt":"2013-12-07T23:16:59","guid":{"rendered":"http:\/\/www.eldigitaldeasturias.com\/noticias\/?p=459221"},"modified":"2013-12-07T22:16:59","modified_gmt":"2013-12-07T23:16:59","slug":"siete-personas-pierden-la-vida-en-las-carreteras-desde-el-inicio-del-puente","status":"publish","type":"post","link":"https:\/\/www.eldigitaldeasturias.com\/noticias\/siete-personas-pierden-la-vida-en-las-carreteras-desde-el-inicio-del-puente\/","title":{"rendered":"Siete personas pierden la vida en las carreteras desde el inicio del puente"},"content":{"rendered":"<p><img loading=\"lazy\" decoding=\"async\" class=\"alignleft size-medium wp-image-459222\" alt=\"5779189w\" src=\"https:\/\/www.eldigitaldeasturias.com\/noticias\/wp-content\/uploads\/2013\/12\/5779189w-360x211.jpg\" width=\"360\" height=\"211\" \/>Madrid, 7 dic (EFE).- Siete personas han perdido la vida en los cinco accidentes mortales ocurridos en las carreteras desde las tres de la tarde del jueves, cuando se inici\u00f3 la operaci\u00f3n especial de tr\u00e1fico con motivo del puente de la Constituci\u00f3n y la Inmaculada, y hasta las 20:00 horas de hoy.<\/p>\n<p>En estos siniestros han resultado heridas de gravedad cinco personas y una de car\u00e1cter leve.<\/p>\n<p>El d\u00eda m\u00e1s tr\u00e1gico en las carreteras fue el jueves ya que se registr\u00f3 un accidente mortal en el que perdieron la vida tres personas y otras tantas resultaron heridas de gravedad.<\/p>\n<p>El accidente tuvo lugar sobre las 16:30 horas en el kil\u00f3metro 20 de la carretera A-364, que une las localidades sevillanas de Marchena y \u00c9cija<\/p>\n<p>Ayer viernes se produjeron dos accidentes en los que fallecieron dos personas y una result\u00f3 herida grave.<\/p>\n<p>Desde las cero horas de hoy y hasta las ocho de esta tarde se han contabilizado dos accidentes mortales con dos fallecidos, un herido grave y uno leve.<\/p>\n<p>Durante la operaci\u00f3n especial de tr\u00e1fico se prev\u00e9n cinco millones de desplazamientos de veh\u00edculos en un largo fin de semana que en siete comunidades -Andaluc\u00eda, Arag\u00f3n, Asturias, Castilla y Le\u00f3n, Extremadura, Murcia y La Rioja- se extender\u00e1 tambi\u00e9n al lunes al coincidir al festividad de la Inmaculada en domingo.<\/p>\n","protected":false},"excerpt":{"rendered":"<p>Madrid, 7 dic (EFE).- Siete personas han perdido la vida en los cinco accidentes mortales ocurridos en las carreteras desde las tres de la tarde del jueves, cuando se inici\u00f3 la operaci\u00f3n especial de tr\u00e1fico con motivo del puente de la Constituci\u00f3n y la Inmaculada, y hasta las 20:00 horas de hoy. En estos siniestros [&hellip;]<\/p>\n","protected":false},"author":1,"featured_media":459222,"comment_status":"closed","ping_status":"open","sticky":false,"template":"","format":"standard","meta":{"footnotes":""},"categories":[5],"tags":[],"class_list":["post-459221","post","type-post","status-publish","format-standard","has-post-thumbnail","hentry","category-sucesos"],"aioseo_notices":[],"aioseo_head":"\n\t\t<!-- All in One SEO Pro 5.0.1 - aioseo.com -->\n\t<meta name=\"description\" content=\"Madrid, 7 dic (EFE).- Siete personas han perdido la vida en los cinco accidentes mortales ocurridos en las carreteras desde las tres de la tarde del jueves, cuando se inici\u00f3 la operaci\u00f3n especial de tr\u00e1fico con motivo del puente de la Constituci\u00f3n y la Inmaculada, y hasta las 20:00 horas de hoy. En estos siniestros\" \/>\n\t<meta name=\"robots\" content=\"max-image-preview:large\" \/>\n\t<meta name=\"author\" content=\"El Digital de Asturias\"\/>\n\t<meta name=\"google-site-verification\" content=\"UA-38556648-1\" \/>\n\t<meta name=\"msvalidate.01\" content=\"7dfe9f3f1b24437ab69f4f2559babe99\" \/>\n\t<meta name=\"keywords\" content=\"sucesos\" \/>\n\t<link rel=\"canonical\" href=\"https:\/\/www.eldigitaldeasturias.com\/noticias\/siete-personas-pierden-la-vida-en-las-carreteras-desde-el-inicio-del-puente\/\" \/>\n\t<meta name=\"generator\" content=\"All in One SEO Pro (AIOSEO) 5.0.1\" \/>\n\t\t<meta property=\"og:locale\" content=\"es_ES\" \/>\n\t\t<meta property=\"og:site_name\" content=\"El Digital de Asturias\" \/>\n\t\t<meta property=\"og:type\" content=\"article\" \/>\n\t\t<meta property=\"og:title\" content=\"Siete personas pierden la vida en las carreteras desde el inicio del puente - El Digital de Asturias\" \/>\n\t\t<meta property=\"og:description\" content=\"Madrid, 7 dic (EFE).- Siete personas han perdido la vida en los cinco accidentes mortales ocurridos en las carreteras desde las tres de la tarde del jueves, cuando se inici\u00f3 la operaci\u00f3n especial de tr\u00e1fico con motivo del puente de la Constituci\u00f3n y la Inmaculada, y hasta las 20:00 horas de hoy. En estos siniestros\" \/>\n\t\t<meta property=\"og:url\" content=\"https:\/\/www.eldigitaldeasturias.com\/noticias\/siete-personas-pierden-la-vida-en-las-carreteras-desde-el-inicio-del-puente\/\" \/>\n\t\t<meta property=\"article:tag\" content=\"sucesos\" \/>\n\t\t<meta property=\"article:published_time\" content=\"2013-12-07T23:16:59+00:00\" \/>\n\t\t<meta property=\"article:modified_time\" content=\"2013-12-07T23:16:59+00:00\" \/>\n\t\t<meta property=\"article:publisher\" content=\"https:\/\/facebook.com\/eldigitaldeasturias\" \/>\n\t\t<meta name=\"twitter:card\" content=\"summary_large_image\" \/>\n\t\t<meta name=\"twitter:title\" content=\"Siete personas pierden la vida en las carreteras desde el inicio del puente - El Digital de Asturias\" \/>\n\t\t<meta name=\"twitter:description\" content=\"Madrid, 7 dic (EFE).- Siete personas han perdido la vida en los cinco accidentes mortales ocurridos en las carreteras desde las tres de la tarde del jueves, cuando se inici\u00f3 la operaci\u00f3n especial de tr\u00e1fico con motivo del puente de la Constituci\u00f3n y la Inmaculada, y hasta las 20:00 horas de hoy. En estos siniestros\" \/>\n\t\t<meta name=\"twitter:label1\" content=\"Escrito por\" \/>\n\t\t<meta name=\"twitter:data1\" content=\"El Digital de Asturias\" \/>\n\t\t<meta name=\"twitter:label2\" content=\"Tiempo de lectura estimado\" \/>\n\t\t<meta name=\"twitter:data2\" content=\"1 minuto\" \/>\n\t\t<script type=\"application\/ld+json\" class=\"aioseo-schema\">\n\t\t\t{\"@context\":\"https:\\\/\\\/schema.org\",\"@graph\":[{\"@type\":\"BlogPosting\",\"@id\":\"https:\\\/\\\/www.eldigitaldeasturias.com\\\/noticias\\\/siete-personas-pierden-la-vida-en-las-carreteras-desde-el-inicio-del-puente\\\/#blogposting\",\"name\":\"Siete personas pierden la vida en las carreteras desde el inicio del puente - El Digital de Asturias\",\"headline\":\"Siete personas pierden la vida en las carreteras desde el inicio del puente\",\"author\":{\"@id\":\"https:\\\/\\\/www.eldigitaldeasturias.com\\\/noticias\\\/author\\\/admin\\\/#author\"},\"publisher\":{\"@id\":\"https:\\\/\\\/www.eldigitaldeasturias.com\\\/noticias\\\/#organization\"},\"image\":{\"@type\":\"ImageObject\",\"url\":459222},\"datePublished\":\"2013-12-07T22:16:59+01:00\",\"dateModified\":\"2013-12-07T22:16:59+01:00\",\"inLanguage\":\"es-ES\",\"mainEntityOfPage\":{\"@id\":\"https:\\\/\\\/www.eldigitaldeasturias.com\\\/noticias\\\/siete-personas-pierden-la-vida-en-las-carreteras-desde-el-inicio-del-puente\\\/#webpage\"},\"isPartOf\":{\"@id\":\"https:\\\/\\\/www.eldigitaldeasturias.com\\\/noticias\\\/siete-personas-pierden-la-vida-en-las-carreteras-desde-el-inicio-del-puente\\\/#webpage\"},\"articleSection\":\"Sucesos\"},{\"@type\":\"BreadcrumbList\",\"@id\":\"https:\\\/\\\/www.eldigitaldeasturias.com\\\/noticias\\\/siete-personas-pierden-la-vida-en-las-carreteras-desde-el-inicio-del-puente\\\/#breadcrumblist\",\"itemListElement\":[{\"@type\":\"ListItem\",\"@id\":\"https:\\\/\\\/www.eldigitaldeasturias.com\\\/noticias#listItem\",\"position\":1,\"name\":\"Home\",\"item\":\"https:\\\/\\\/www.eldigitaldeasturias.com\\\/noticias\",\"nextItem\":{\"@type\":\"ListItem\",\"@id\":\"https:\\\/\\\/www.eldigitaldeasturias.com\\\/noticias\\\/category\\\/sucesos\\\/#listItem\",\"name\":\"Sucesos\"}},{\"@type\":\"ListItem\",\"@id\":\"https:\\\/\\\/www.eldigitaldeasturias.com\\\/noticias\\\/category\\\/sucesos\\\/#listItem\",\"position\":2,\"name\":\"Sucesos\",\"item\":\"https:\\\/\\\/www.eldigitaldeasturias.com\\\/noticias\\\/category\\\/sucesos\\\/\",\"nextItem\":{\"@type\":\"ListItem\",\"@id\":\"https:\\\/\\\/www.eldigitaldeasturias.com\\\/noticias\\\/siete-personas-pierden-la-vida-en-las-carreteras-desde-el-inicio-del-puente\\\/#listItem\",\"name\":\"Siete personas pierden la vida en las carreteras desde el inicio del puente\"},\"previousItem\":{\"@type\":\"ListItem\",\"@id\":\"https:\\\/\\\/www.eldigitaldeasturias.com\\\/noticias#listItem\",\"name\":\"Home\"}},{\"@type\":\"ListItem\",\"@id\":\"https:\\\/\\\/www.eldigitaldeasturias.com\\\/noticias\\\/siete-personas-pierden-la-vida-en-las-carreteras-desde-el-inicio-del-puente\\\/#listItem\",\"position\":3,\"name\":\"Siete personas pierden la vida en las carreteras desde el inicio del puente\",\"previousItem\":{\"@type\":\"ListItem\",\"@id\":\"https:\\\/\\\/www.eldigitaldeasturias.com\\\/noticias\\\/category\\\/sucesos\\\/#listItem\",\"name\":\"Sucesos\"}}]},{\"@type\":\"Organization\",\"@id\":\"https:\\\/\\\/www.eldigitaldeasturias.com\\\/noticias\\\/#organization\",\"name\":\"El Digital de Asturias\",\"description\":\"Hemeroteca\",\"url\":\"https:\\\/\\\/www.eldigitaldeasturias.com\\\/noticias\\\/\",\"email\":\"info@eldigitaldeasturias.com\",\"telephone\":\"+34652131393\",\"logo\":{\"@type\":\"ImageObject\",\"url\":\"https:\\\/\\\/www.eldigitaldeasturias.com\\\/noticias\\\/wp-content\\\/uploads\\\/2020\\\/12\\\/EDA.jpg\",\"@id\":\"https:\\\/\\\/www.eldigitaldeasturias.com\\\/noticias\\\/siete-personas-pierden-la-vida-en-las-carreteras-desde-el-inicio-del-puente\\\/#organizationLogo\"},\"image\":{\"@id\":\"https:\\\/\\\/www.eldigitaldeasturias.com\\\/noticias\\\/siete-personas-pierden-la-vida-en-las-carreteras-desde-el-inicio-del-puente\\\/#organizationLogo\"},\"sameAs\":[\"https:\\\/\\\/facebook.com\\\/eldigitaldeasturias\",\"https:\\\/\\\/www.youtube.com\\\/channel\\\/UCZP-2wLEB9Rv6erhFmqVnvg\"],\"address\":{\"@id\":\"https:\\\/\\\/www.eldigitaldeasturias.com\\\/noticias\\\/#postaladdress\",\"@type\":\"PostalAddress\",\"streetAddress\":\"san antonio 4\",\"postalCode\":\"33430\",\"addressLocality\":\"Cand\\u00e1s\",\"addressRegion\":\"Asturias\",\"addressCountry\":\"ES\"}},{\"@type\":\"Person\",\"@id\":\"https:\\\/\\\/www.eldigitaldeasturias.com\\\/noticias\\\/author\\\/admin\\\/#author\",\"url\":\"https:\\\/\\\/www.eldigitaldeasturias.com\\\/noticias\\\/author\\\/admin\\\/\",\"name\":\"El Digital de Asturias\",\"image\":{\"@type\":\"ImageObject\",\"@id\":\"https:\\\/\\\/www.eldigitaldeasturias.com\\\/noticias\\\/siete-personas-pierden-la-vida-en-las-carreteras-desde-el-inicio-del-puente\\\/#authorImage\",\"url\":\"https:\\\/\\\/secure.gravatar.com\\\/avatar\\\/df2aeffc32bcd13f8d26072ef8a91b623d677766deac7f97ca815868cd41bf5e?s=96&d=mm&r=g\",\"width\":96,\"height\":96,\"caption\":\"El Digital de Asturias\"}},{\"@type\":\"WebPage\",\"@id\":\"https:\\\/\\\/www.eldigitaldeasturias.com\\\/noticias\\\/siete-personas-pierden-la-vida-en-las-carreteras-desde-el-inicio-del-puente\\\/#webpage\",\"url\":\"https:\\\/\\\/www.eldigitaldeasturias.com\\\/noticias\\\/siete-personas-pierden-la-vida-en-las-carreteras-desde-el-inicio-del-puente\\\/\",\"name\":\"Siete personas pierden la vida en las carreteras desde el inicio del puente - El Digital de Asturias\",\"description\":\"Madrid, 7 dic (EFE).- Siete personas han perdido la vida en los cinco accidentes mortales ocurridos en las carreteras desde las tres de la tarde del jueves, cuando se inici\\u00f3 la operaci\\u00f3n especial de tr\\u00e1fico con motivo del puente de la Constituci\\u00f3n y la Inmaculada, y hasta las 20:00 horas de hoy. En estos siniestros\",\"inLanguage\":\"es-ES\",\"isPartOf\":{\"@id\":\"https:\\\/\\\/www.eldigitaldeasturias.com\\\/noticias\\\/#website\"},\"breadcrumb\":{\"@id\":\"https:\\\/\\\/www.eldigitaldeasturias.com\\\/noticias\\\/siete-personas-pierden-la-vida-en-las-carreteras-desde-el-inicio-del-puente\\\/#breadcrumblist\"},\"author\":{\"@id\":\"https:\\\/\\\/www.eldigitaldeasturias.com\\\/noticias\\\/author\\\/admin\\\/#author\"},\"creator\":{\"@id\":\"https:\\\/\\\/www.eldigitaldeasturias.com\\\/noticias\\\/author\\\/admin\\\/#author\"},\"image\":{\"@type\":\"ImageObject\",\"url\":459222,\"@id\":\"https:\\\/\\\/www.eldigitaldeasturias.com\\\/noticias\\\/siete-personas-pierden-la-vida-en-las-carreteras-desde-el-inicio-del-puente\\\/#mainImage\"},\"primaryImageOfPage\":{\"@id\":\"https:\\\/\\\/www.eldigitaldeasturias.com\\\/noticias\\\/siete-personas-pierden-la-vida-en-las-carreteras-desde-el-inicio-del-puente\\\/#mainImage\"},\"datePublished\":\"2013-12-07T22:16:59+01:00\",\"dateModified\":\"2013-12-07T22:16:59+01:00\"},{\"@type\":\"WebSite\",\"@id\":\"https:\\\/\\\/www.eldigitaldeasturias.com\\\/noticias\\\/#website\",\"url\":\"https:\\\/\\\/www.eldigitaldeasturias.com\\\/noticias\\\/\",\"name\":\"El Digital de Asturias - Diario de actualidad y noticias\",\"alternateName\":\"El Digital de Asturias - Diario de actualidad y noticias\",\"description\":\"Hemeroteca\",\"inLanguage\":\"es-ES\",\"publisher\":{\"@id\":\"https:\\\/\\\/www.eldigitaldeasturias.com\\\/noticias\\\/#organization\"}}]}\n\t\t<\/script>\n\t\t<!-- All in One SEO Pro -->\r\n\t\t<title>Siete personas pierden la vida en las carreteras desde el inicio del puente - El Digital de Asturias<\/title>\n\n","aioseo_head_json":{"title":"Siete personas pierden la vida en las carreteras desde el inicio del puente - El Digital de Asturias","description":"Madrid, 7 dic (EFE).- Siete personas han perdido la vida en los cinco accidentes mortales ocurridos en las carreteras desde las tres de la tarde del jueves, cuando se inici\u00f3 la operaci\u00f3n especial de tr\u00e1fico con motivo del puente de la Constituci\u00f3n y la Inmaculada, y hasta las 20:00 horas de hoy. En estos siniestros","canonical_url":"https:\/\/www.eldigitaldeasturias.com\/noticias\/siete-personas-pierden-la-vida-en-las-carreteras-desde-el-inicio-del-puente\/","robots":"max-image-preview:large","keywords":"sucesos","webmasterTools":{"google-site-verification":"UA-38556648-1","msvalidate.01":"7dfe9f3f1b24437ab69f4f2559babe99","miscellaneous":""},"schema":{"@context":"https:\/\/schema.org","@graph":[{"@type":"BlogPosting","@id":"https:\/\/www.eldigitaldeasturias.com\/noticias\/siete-personas-pierden-la-vida-en-las-carreteras-desde-el-inicio-del-puente\/#blogposting","name":"Siete personas pierden la vida en las carreteras desde el inicio del puente - El Digital de Asturias","headline":"Siete personas pierden la vida en las carreteras desde el inicio del puente","author":{"@id":"https:\/\/www.eldigitaldeasturias.com\/noticias\/author\/admin\/#author"},"publisher":{"@id":"https:\/\/www.eldigitaldeasturias.com\/noticias\/#organization"},"image":{"@type":"ImageObject","url":459222},"datePublished":"2013-12-07T22:16:59+01:00","dateModified":"2013-12-07T22:16:59+01:00","inLanguage":"es-ES","mainEntityOfPage":{"@id":"https:\/\/www.eldigitaldeasturias.com\/noticias\/siete-personas-pierden-la-vida-en-las-carreteras-desde-el-inicio-del-puente\/#webpage"},"isPartOf":{"@id":"https:\/\/www.eldigitaldeasturias.com\/noticias\/siete-personas-pierden-la-vida-en-las-carreteras-desde-el-inicio-del-puente\/#webpage"},"articleSection":"Sucesos"},{"@type":"BreadcrumbList","@id":"https:\/\/www.eldigitaldeasturias.com\/noticias\/siete-personas-pierden-la-vida-en-las-carreteras-desde-el-inicio-del-puente\/#breadcrumblist","itemListElement":[{"@type":"ListItem","@id":"https:\/\/www.eldigitaldeasturias.com\/noticias#listItem","position":1,"name":"Home","item":"https:\/\/www.eldigitaldeasturias.com\/noticias","nextItem":{"@type":"ListItem","@id":"https:\/\/www.eldigitaldeasturias.com\/noticias\/category\/sucesos\/#listItem","name":"Sucesos"}},{"@type":"ListItem","@id":"https:\/\/www.eldigitaldeasturias.com\/noticias\/category\/sucesos\/#listItem","position":2,"name":"Sucesos","item":"https:\/\/www.eldigitaldeasturias.com\/noticias\/category\/sucesos\/","nextItem":{"@type":"ListItem","@id":"https:\/\/www.eldigitaldeasturias.com\/noticias\/siete-personas-pierden-la-vida-en-las-carreteras-desde-el-inicio-del-puente\/#listItem","name":"Siete personas pierden la vida en las carreteras desde el inicio del puente"},"previousItem":{"@type":"ListItem","@id":"https:\/\/www.eldigitaldeasturias.com\/noticias#listItem","name":"Home"}},{"@type":"ListItem","@id":"https:\/\/www.eldigitaldeasturias.com\/noticias\/siete-personas-pierden-la-vida-en-las-carreteras-desde-el-inicio-del-puente\/#listItem","position":3,"name":"Siete personas pierden la vida en las carreteras desde el inicio del puente","previousItem":{"@type":"ListItem","@id":"https:\/\/www.eldigitaldeasturias.com\/noticias\/category\/sucesos\/#listItem","name":"Sucesos"}}]},{"@type":"Organization","@id":"https:\/\/www.eldigitaldeasturias.com\/noticias\/#organization","name":"El Digital de Asturias","description":"Hemeroteca","url":"https:\/\/www.eldigitaldeasturias.com\/noticias\/","email":"info@eldigitaldeasturias.com","telephone":"+34652131393","logo":{"@type":"ImageObject","url":"https:\/\/www.eldigitaldeasturias.com\/noticias\/wp-content\/uploads\/2020\/12\/EDA.jpg","@id":"https:\/\/www.eldigitaldeasturias.com\/noticias\/siete-personas-pierden-la-vida-en-las-carreteras-desde-el-inicio-del-puente\/#organizationLogo"},"image":{"@id":"https:\/\/www.eldigitaldeasturias.com\/noticias\/siete-personas-pierden-la-vida-en-las-carreteras-desde-el-inicio-del-puente\/#organizationLogo"},"sameAs":["https:\/\/facebook.com\/eldigitaldeasturias","https:\/\/www.youtube.com\/channel\/UCZP-2wLEB9Rv6erhFmqVnvg"],"address":{"@id":"https:\/\/www.eldigitaldeasturias.com\/noticias\/#postaladdress","@type":"PostalAddress","streetAddress":"san antonio 4","postalCode":"33430","addressLocality":"Cand\u00e1s","addressRegion":"Asturias","addressCountry":"ES"}},{"@type":"Person","@id":"https:\/\/www.eldigitaldeasturias.com\/noticias\/author\/admin\/#author","url":"https:\/\/www.eldigitaldeasturias.com\/noticias\/author\/admin\/","name":"El Digital de Asturias","image":{"@type":"ImageObject","@id":"https:\/\/www.eldigitaldeasturias.com\/noticias\/siete-personas-pierden-la-vida-en-las-carreteras-desde-el-inicio-del-puente\/#authorImage","url":"https:\/\/secure.gravatar.com\/avatar\/df2aeffc32bcd13f8d26072ef8a91b623d677766deac7f97ca815868cd41bf5e?s=96&d=mm&r=g","width":96,"height":96,"caption":"El Digital de Asturias"}},{"@type":"WebPage","@id":"https:\/\/www.eldigitaldeasturias.com\/noticias\/siete-personas-pierden-la-vida-en-las-carreteras-desde-el-inicio-del-puente\/#webpage","url":"https:\/\/www.eldigitaldeasturias.com\/noticias\/siete-personas-pierden-la-vida-en-las-carreteras-desde-el-inicio-del-puente\/","name":"Siete personas pierden la vida en las carreteras desde el inicio del puente - El Digital de Asturias","description":"Madrid, 7 dic (EFE).- Siete personas han perdido la vida en los cinco accidentes mortales ocurridos en las carreteras desde las tres de la tarde del jueves, cuando se inici\u00f3 la operaci\u00f3n especial de tr\u00e1fico con motivo del puente de la Constituci\u00f3n y la Inmaculada, y hasta las 20:00 horas de hoy. En estos siniestros","inLanguage":"es-ES","isPartOf":{"@id":"https:\/\/www.eldigitaldeasturias.com\/noticias\/#website"},"breadcrumb":{"@id":"https:\/\/www.eldigitaldeasturias.com\/noticias\/siete-personas-pierden-la-vida-en-las-carreteras-desde-el-inicio-del-puente\/#breadcrumblist"},"author":{"@id":"https:\/\/www.eldigitaldeasturias.com\/noticias\/author\/admin\/#author"},"creator":{"@id":"https:\/\/www.eldigitaldeasturias.com\/noticias\/author\/admin\/#author"},"image":{"@type":"ImageObject","url":459222,"@id":"https:\/\/www.eldigitaldeasturias.com\/noticias\/siete-personas-pierden-la-vida-en-las-carreteras-desde-el-inicio-del-puente\/#mainImage"},"primaryImageOfPage":{"@id":"https:\/\/www.eldigitaldeasturias.com\/noticias\/siete-personas-pierden-la-vida-en-las-carreteras-desde-el-inicio-del-puente\/#mainImage"},"datePublished":"2013-12-07T22:16:59+01:00","dateModified":"2013-12-07T22:16:59+01:00"},{"@type":"WebSite","@id":"https:\/\/www.eldigitaldeasturias.com\/noticias\/#website","url":"https:\/\/www.eldigitaldeasturias.com\/noticias\/","name":"El Digital de Asturias - Diario de actualidad y noticias","alternateName":"El Digital de Asturias - Diario de actualidad y noticias","description":"Hemeroteca","inLanguage":"es-ES","publisher":{"@id":"https:\/\/www.eldigitaldeasturias.com\/noticias\/#organization"}}]},"og:locale":"es_ES","og:site_name":"El Digital de Asturias","og:type":"article","og:title":"Siete personas pierden la vida en las carreteras desde el inicio del puente - El Digital de Asturias","og:description":"Madrid, 7 dic (EFE).- Siete personas han perdido la vida en los cinco accidentes mortales ocurridos en las carreteras desde las tres de la tarde del jueves, cuando se inici\u00f3 la operaci\u00f3n especial de tr\u00e1fico con motivo del puente de la Constituci\u00f3n y la Inmaculada, y hasta las 20:00 horas de hoy. En estos siniestros","og:url":"https:\/\/www.eldigitaldeasturias.com\/noticias\/siete-personas-pierden-la-vida-en-las-carreteras-desde-el-inicio-del-puente\/","article:tag":["sucesos"],"article:published_time":"2013-12-07T23:16:59+00:00","article:modified_time":"2013-12-07T23:16:59+00:00","article:publisher":"https:\/\/facebook.com\/eldigitaldeasturias","twitter:card":"summary_large_image","twitter:title":"Siete personas pierden la vida en las carreteras desde el inicio del puente - El Digital de Asturias","twitter:description":"Madrid, 7 dic (EFE).- Siete personas han perdido la vida en los cinco accidentes mortales ocurridos en las carreteras desde las tres de la tarde del jueves, cuando se inici\u00f3 la operaci\u00f3n especial de tr\u00e1fico con motivo del puente de la Constituci\u00f3n y la Inmaculada, y hasta las 20:00 horas de hoy. En estos siniestros","twitter:label1":"Escrito por","twitter:data1":"El Digital de Asturias","twitter:label2":"Tiempo de lectura estimado","twitter:data2":"1 minuto"},"aioseo_meta_data":{"post_id":"459221","title":null,"description":null,"keywords":null,"keyphrases":null,"primary_term":null,"canonical_url":null,"og_title":null,"og_description":null,"og_object_type":"default","og_image_type":"default","og_image_url":null,"og_image_width":null,"og_image_height":null,"og_image_custom_url":null,"og_image_custom_fields":null,"og_video":null,"og_custom_url":null,"og_article_section":null,"og_article_tags":null,"twitter_use_og":true,"twitter_card":"default","twitter_image_type":"default","twitter_image_url":null,"twitter_image_custom_url":null,"twitter_image_custom_fields":null,"twitter_title":null,"twitter_description":null,"schema":{"blockGraphs":[],"customGraphs":[],"default":{"data":{"Article":[],"Course":[],"Dataset":[],"FAQPage":[],"Movie":[],"Person":[],"Product":[],"ProductReview":[],"Car":[],"Recipe":[],"Service":[],"SoftwareApplication":[],"WebPage":[]},"graphName":"","isEnabled":true},"graphs":[],"defaultGraph":"","defaultPostTypeGraph":""},"schema_type":null,"schema_type_options":null,"pillar_content":false,"robots_default":true,"robots_noindex":false,"robots_noarchive":false,"robots_nosnippet":false,"robots_nofollow":false,"robots_noimageindex":false,"robots_noodp":false,"robots_notranslate":false,"robots_max_snippet":null,"robots_max_videopreview":null,"robots_max_imagepreview":"none","priority":null,"frequency":null,"local_seo":null,"seo_analyzer_scan_date":"2026-05-30 08:32:01","breadcrumb_settings":null,"limit_modified_date":false,"open_ai":null,"ai":null,"created":"2020-11-14 22:47:32","updated":"2026-05-30 08:32:01","focus_keyword":null,"additional_keywords":null,"truseo_locale":null},"aioseo_breadcrumb":"<div class=\"aioseo-breadcrumbs\"><span class=\"aioseo-breadcrumb\">\n\t<a href=\"https:\/\/www.eldigitaldeasturias.com\/noticias\" title=\"Home\">Home<\/a>\n<\/span><span class=\"aioseo-breadcrumb-separator\">\u2013<\/span><span class=\"aioseo-breadcrumb\">\n\t<a href=\"https:\/\/www.eldigitaldeasturias.com\/noticias\/category\/sucesos\/\" title=\"Sucesos\">Sucesos<\/a>\n<\/span><span class=\"aioseo-breadcrumb-separator\">\u2013<\/span><span class=\"aioseo-breadcrumb\">\n\t<a href=\"https:\/\/www.eldigitaldeasturias.com\/noticias\/siete-personas-pierden-la-vida-en-las-carreteras-desde-el-inicio-del-puente\/\" title=\"Siete personas pierden la vida en las carreteras desde el inicio del puente\">Siete personas pierden la vida en las carreteras desde el inicio del puente<\/a>\n<\/span><\/div>","aioseo_breadcrumb_json":[{"label":"Home","link":"https:\/\/www.eldigitaldeasturias.com\/noticias"},{"label":"Sucesos","link":"https:\/\/www.eldigitaldeasturias.com\/noticias\/category\/sucesos\/"},{"label":"Siete personas pierden la vida en las carreteras desde el inicio del puente","link":"https:\/\/www.eldigitaldeasturias.com\/noticias\/siete-personas-pierden-la-vida-en-las-carreteras-desde-el-inicio-del-puente\/"}],"_links":{"self":[{"href":"https:\/\/www.eldigitaldeasturias.com\/noticias\/wp-json\/wp\/v2\/posts\/459221","targetHints":{"allow":["GET"]}}],"collection":[{"href":"https:\/\/www.eldigitaldeasturias.com\/noticias\/wp-json\/wp\/v2\/posts"}],"about":[{"href":"https:\/\/www.eldigitaldeasturias.com\/noticias\/wp-json\/wp\/v2\/types\/post"}],"author":[{"embeddable":true,"href":"https:\/\/www.eldigitaldeasturias.com\/noticias\/wp-json\/wp\/v2\/users\/1"}],"replies":[{"embeddable":true,"href":"https:\/\/www.eldigitaldeasturias.com\/noticias\/wp-json\/wp\/v2\/comments?post=459221"}],"version-history":[{"count":0,"href":"https:\/\/www.eldigitaldeasturias.com\/noticias\/wp-json\/wp\/v2\/posts\/459221\/revisions"}],"wp:attachment":[{"href":"https:\/\/www.eldigitaldeasturias.com\/noticias\/wp-json\/wp\/v2\/media?parent=459221"}],"wp:term":[{"taxonomy":"category","embeddable":true,"href":"https:\/\/www.eldigitaldeasturias.com\/noticias\/wp-json\/wp\/v2\/categories?post=459221"},{"taxonomy":"post_tag","embeddable":true,"href":"https:\/\/www.eldigitaldeasturias.com\/noticias\/wp-json\/wp\/v2\/tags?post=459221"}],"curies":[{"name":"wp","href":"https:\/\/api.w.org\/{rel}","templated":true}]}}