{"id":459205,"date":"2013-12-07T21:34:26","date_gmt":"2013-12-07T22:34:26","guid":{"rendered":"http:\/\/www.eldigitaldeasturias.com\/noticias\/?p=459205"},"modified":"2013-12-07T21:34:26","modified_gmt":"2013-12-07T22:34:26","slug":"almodovar-recibe-el-premio-de-honor-europeo-por-su-contribucion-al-cine-mundial","status":"publish","type":"post","link":"https:\/\/www.eldigitaldeasturias.com\/noticias\/almodovar-recibe-el-premio-de-honor-europeo-por-su-contribucion-al-cine-mundial\/","title":{"rendered":"Almod\u00f3var recibe el premio de honor europeo por su contribuci\u00f3n al cine mundial"},"content":{"rendered":"<p><img loading=\"lazy\" decoding=\"async\" class=\"alignleft size-large wp-image-459206\" alt=\"5779097w\" src=\"https:\/\/www.eldigitaldeasturias.com\/noticias\/wp-content\/uploads\/2013\/12\/5779097w-650x443.jpg\" width=\"650\" height=\"443\" \/>Berl\u00edn, 7 dic (EFE).- El director espa\u00f1ol Pedro Almod\u00f3var recibi\u00f3 hoy en Berl\u00edn el premio de honor de la Academia del Cine Europeo, de manos de la actriz sueca Noomi Rapace, por su contribuci\u00f3n al cine mundial y como exponente de realizador \u00abir\u00f3nico\u00bb y \u00absensible\u00bb.<\/p>\n","protected":false},"excerpt":{"rendered":"<p>Berl\u00edn, 7 dic (EFE).- El director espa\u00f1ol Pedro Almod\u00f3var recibi\u00f3 hoy en Berl\u00edn el premio de honor de la Academia del Cine Europeo, de manos de la actriz sueca Noomi Rapace, por su contribuci\u00f3n al cine mundial y como exponente de realizador \u00abir\u00f3nico\u00bb y \u00absensible\u00bb.<\/p>\n","protected":false},"author":1,"featured_media":459206,"comment_status":"closed","ping_status":"open","sticky":false,"template":"","format":"standard","meta":{"footnotes":""},"categories":[50],"tags":[],"class_list":["post-459205","post","type-post","status-publish","format-standard","has-post-thumbnail","hentry","category-revista-de-ocio"],"aioseo_notices":[],"aioseo_head":"\n\t\t<!-- All in One SEO Pro 5.0.1 - aioseo.com -->\n\t<meta name=\"description\" content=\"Berl\u00edn, 7 dic (EFE).- El director espa\u00f1ol Pedro Almod\u00f3var recibi\u00f3 hoy en Berl\u00edn el premio de honor de la Academia del Cine Europeo, de manos de la actriz sueca Noomi Rapace, por su contribuci\u00f3n al cine mundial y como exponente de realizador &quot;ir\u00f3nico&quot; y &quot;sensible&quot;.\" \/>\n\t<meta name=\"robots\" content=\"max-image-preview:large\" \/>\n\t<meta name=\"author\" content=\"El Digital de Asturias\"\/>\n\t<meta name=\"google-site-verification\" content=\"UA-38556648-1\" \/>\n\t<meta name=\"msvalidate.01\" content=\"7dfe9f3f1b24437ab69f4f2559babe99\" \/>\n\t<meta name=\"keywords\" content=\"revista de ocio\" \/>\n\t<link rel=\"canonical\" href=\"https:\/\/www.eldigitaldeasturias.com\/noticias\/almodovar-recibe-el-premio-de-honor-europeo-por-su-contribucion-al-cine-mundial\/\" \/>\n\t<meta name=\"generator\" content=\"All in One SEO Pro (AIOSEO) 5.0.1\" \/>\n\t\t<meta property=\"og:locale\" content=\"es_ES\" \/>\n\t\t<meta property=\"og:site_name\" content=\"El Digital de Asturias\" \/>\n\t\t<meta property=\"og:type\" content=\"article\" \/>\n\t\t<meta property=\"og:title\" content=\"Almod\u00f3var recibe el premio de honor europeo por su contribuci\u00f3n al cine mundial - El Digital de Asturias\" \/>\n\t\t<meta property=\"og:description\" content=\"Berl\u00edn, 7 dic (EFE).- El director espa\u00f1ol Pedro Almod\u00f3var recibi\u00f3 hoy en Berl\u00edn el premio de honor de la Academia del Cine Europeo, de manos de la actriz sueca Noomi Rapace, por su contribuci\u00f3n al cine mundial y como exponente de realizador &quot;ir\u00f3nico&quot; y &quot;sensible&quot;.\" \/>\n\t\t<meta property=\"og:url\" content=\"https:\/\/www.eldigitaldeasturias.com\/noticias\/almodovar-recibe-el-premio-de-honor-europeo-por-su-contribucion-al-cine-mundial\/\" \/>\n\t\t<meta property=\"article:tag\" content=\"revista de ocio\" \/>\n\t\t<meta property=\"article:published_time\" content=\"2013-12-07T22:34:26+00:00\" \/>\n\t\t<meta property=\"article:modified_time\" content=\"2013-12-07T22:34:26+00:00\" \/>\n\t\t<meta property=\"article:publisher\" content=\"https:\/\/facebook.com\/eldigitaldeasturias\" \/>\n\t\t<meta name=\"twitter:card\" content=\"summary_large_image\" \/>\n\t\t<meta name=\"twitter:title\" content=\"Almod\u00f3var recibe el premio de honor europeo por su contribuci\u00f3n al cine mundial - El Digital de Asturias\" \/>\n\t\t<meta name=\"twitter:description\" content=\"Berl\u00edn, 7 dic (EFE).- El director espa\u00f1ol Pedro Almod\u00f3var recibi\u00f3 hoy en Berl\u00edn el premio de honor de la Academia del Cine Europeo, de manos de la actriz sueca Noomi Rapace, por su contribuci\u00f3n al cine mundial y como exponente de realizador &quot;ir\u00f3nico&quot; y &quot;sensible&quot;.\" \/>\n\t\t<meta name=\"twitter:label1\" content=\"Escrito por\" \/>\n\t\t<meta name=\"twitter:data1\" content=\"El Digital de Asturias\" \/>\n\t\t<script type=\"application\/ld+json\" class=\"aioseo-schema\">\n\t\t\t{\"@context\":\"https:\\\/\\\/schema.org\",\"@graph\":[{\"@type\":\"BlogPosting\",\"@id\":\"https:\\\/\\\/www.eldigitaldeasturias.com\\\/noticias\\\/almodovar-recibe-el-premio-de-honor-europeo-por-su-contribucion-al-cine-mundial\\\/#blogposting\",\"name\":\"Almod\\u00f3var recibe el premio de honor europeo por su contribuci\\u00f3n al cine mundial - El Digital de Asturias\",\"headline\":\"Almod\\u00f3var recibe el premio de honor europeo por su contribuci\\u00f3n al cine mundial\",\"author\":{\"@id\":\"https:\\\/\\\/www.eldigitaldeasturias.com\\\/noticias\\\/author\\\/admin\\\/#author\"},\"publisher\":{\"@id\":\"https:\\\/\\\/www.eldigitaldeasturias.com\\\/noticias\\\/#organization\"},\"image\":{\"@type\":\"ImageObject\",\"url\":459206},\"datePublished\":\"2013-12-07T21:34:26+01:00\",\"dateModified\":\"2013-12-07T21:34:26+01:00\",\"inLanguage\":\"es-ES\",\"mainEntityOfPage\":{\"@id\":\"https:\\\/\\\/www.eldigitaldeasturias.com\\\/noticias\\\/almodovar-recibe-el-premio-de-honor-europeo-por-su-contribucion-al-cine-mundial\\\/#webpage\"},\"isPartOf\":{\"@id\":\"https:\\\/\\\/www.eldigitaldeasturias.com\\\/noticias\\\/almodovar-recibe-el-premio-de-honor-europeo-por-su-contribucion-al-cine-mundial\\\/#webpage\"},\"articleSection\":\"Revista de Ocio\"},{\"@type\":\"BreadcrumbList\",\"@id\":\"https:\\\/\\\/www.eldigitaldeasturias.com\\\/noticias\\\/almodovar-recibe-el-premio-de-honor-europeo-por-su-contribucion-al-cine-mundial\\\/#breadcrumblist\",\"itemListElement\":[{\"@type\":\"ListItem\",\"@id\":\"https:\\\/\\\/www.eldigitaldeasturias.com\\\/noticias#listItem\",\"position\":1,\"name\":\"Home\",\"item\":\"https:\\\/\\\/www.eldigitaldeasturias.com\\\/noticias\",\"nextItem\":{\"@type\":\"ListItem\",\"@id\":\"https:\\\/\\\/www.eldigitaldeasturias.com\\\/noticias\\\/category\\\/revista-de-ocio\\\/#listItem\",\"name\":\"Revista de Ocio\"}},{\"@type\":\"ListItem\",\"@id\":\"https:\\\/\\\/www.eldigitaldeasturias.com\\\/noticias\\\/category\\\/revista-de-ocio\\\/#listItem\",\"position\":2,\"name\":\"Revista de Ocio\",\"item\":\"https:\\\/\\\/www.eldigitaldeasturias.com\\\/noticias\\\/category\\\/revista-de-ocio\\\/\",\"nextItem\":{\"@type\":\"ListItem\",\"@id\":\"https:\\\/\\\/www.eldigitaldeasturias.com\\\/noticias\\\/almodovar-recibe-el-premio-de-honor-europeo-por-su-contribucion-al-cine-mundial\\\/#listItem\",\"name\":\"Almod\\u00f3var recibe el premio de honor europeo por su contribuci\\u00f3n al cine mundial\"},\"previousItem\":{\"@type\":\"ListItem\",\"@id\":\"https:\\\/\\\/www.eldigitaldeasturias.com\\\/noticias#listItem\",\"name\":\"Home\"}},{\"@type\":\"ListItem\",\"@id\":\"https:\\\/\\\/www.eldigitaldeasturias.com\\\/noticias\\\/almodovar-recibe-el-premio-de-honor-europeo-por-su-contribucion-al-cine-mundial\\\/#listItem\",\"position\":3,\"name\":\"Almod\\u00f3var recibe el premio de honor europeo por su contribuci\\u00f3n al cine mundial\",\"previousItem\":{\"@type\":\"ListItem\",\"@id\":\"https:\\\/\\\/www.eldigitaldeasturias.com\\\/noticias\\\/category\\\/revista-de-ocio\\\/#listItem\",\"name\":\"Revista de Ocio\"}}]},{\"@type\":\"Organization\",\"@id\":\"https:\\\/\\\/www.eldigitaldeasturias.com\\\/noticias\\\/#organization\",\"name\":\"El Digital de Asturias\",\"description\":\"Hemeroteca\",\"url\":\"https:\\\/\\\/www.eldigitaldeasturias.com\\\/noticias\\\/\",\"email\":\"info@eldigitaldeasturias.com\",\"telephone\":\"+34652131393\",\"logo\":{\"@type\":\"ImageObject\",\"url\":\"https:\\\/\\\/www.eldigitaldeasturias.com\\\/noticias\\\/wp-content\\\/uploads\\\/2020\\\/12\\\/EDA.jpg\",\"@id\":\"https:\\\/\\\/www.eldigitaldeasturias.com\\\/noticias\\\/almodovar-recibe-el-premio-de-honor-europeo-por-su-contribucion-al-cine-mundial\\\/#organizationLogo\"},\"image\":{\"@id\":\"https:\\\/\\\/www.eldigitaldeasturias.com\\\/noticias\\\/almodovar-recibe-el-premio-de-honor-europeo-por-su-contribucion-al-cine-mundial\\\/#organizationLogo\"},\"sameAs\":[\"https:\\\/\\\/facebook.com\\\/eldigitaldeasturias\",\"https:\\\/\\\/www.youtube.com\\\/channel\\\/UCZP-2wLEB9Rv6erhFmqVnvg\"],\"address\":{\"@id\":\"https:\\\/\\\/www.eldigitaldeasturias.com\\\/noticias\\\/#postaladdress\",\"@type\":\"PostalAddress\",\"streetAddress\":\"san antonio 4\",\"postalCode\":\"33430\",\"addressLocality\":\"Cand\\u00e1s\",\"addressRegion\":\"Asturias\",\"addressCountry\":\"ES\"}},{\"@type\":\"Person\",\"@id\":\"https:\\\/\\\/www.eldigitaldeasturias.com\\\/noticias\\\/author\\\/admin\\\/#author\",\"url\":\"https:\\\/\\\/www.eldigitaldeasturias.com\\\/noticias\\\/author\\\/admin\\\/\",\"name\":\"El Digital de Asturias\",\"image\":{\"@type\":\"ImageObject\",\"@id\":\"https:\\\/\\\/www.eldigitaldeasturias.com\\\/noticias\\\/almodovar-recibe-el-premio-de-honor-europeo-por-su-contribucion-al-cine-mundial\\\/#authorImage\",\"url\":\"https:\\\/\\\/secure.gravatar.com\\\/avatar\\\/df2aeffc32bcd13f8d26072ef8a91b623d677766deac7f97ca815868cd41bf5e?s=96&d=mm&r=g\",\"width\":96,\"height\":96,\"caption\":\"El Digital de Asturias\"}},{\"@type\":\"WebPage\",\"@id\":\"https:\\\/\\\/www.eldigitaldeasturias.com\\\/noticias\\\/almodovar-recibe-el-premio-de-honor-europeo-por-su-contribucion-al-cine-mundial\\\/#webpage\",\"url\":\"https:\\\/\\\/www.eldigitaldeasturias.com\\\/noticias\\\/almodovar-recibe-el-premio-de-honor-europeo-por-su-contribucion-al-cine-mundial\\\/\",\"name\":\"Almod\\u00f3var recibe el premio de honor europeo por su contribuci\\u00f3n al cine mundial - El Digital de Asturias\",\"description\":\"Berl\\u00edn, 7 dic (EFE).- El director espa\\u00f1ol Pedro Almod\\u00f3var recibi\\u00f3 hoy en Berl\\u00edn el premio de honor de la Academia del Cine Europeo, de manos de la actriz sueca Noomi Rapace, por su contribuci\\u00f3n al cine mundial y como exponente de realizador \\\"ir\\u00f3nico\\\" y \\\"sensible\\\".\",\"inLanguage\":\"es-ES\",\"isPartOf\":{\"@id\":\"https:\\\/\\\/www.eldigitaldeasturias.com\\\/noticias\\\/#website\"},\"breadcrumb\":{\"@id\":\"https:\\\/\\\/www.eldigitaldeasturias.com\\\/noticias\\\/almodovar-recibe-el-premio-de-honor-europeo-por-su-contribucion-al-cine-mundial\\\/#breadcrumblist\"},\"author\":{\"@id\":\"https:\\\/\\\/www.eldigitaldeasturias.com\\\/noticias\\\/author\\\/admin\\\/#author\"},\"creator\":{\"@id\":\"https:\\\/\\\/www.eldigitaldeasturias.com\\\/noticias\\\/author\\\/admin\\\/#author\"},\"image\":{\"@type\":\"ImageObject\",\"url\":459206,\"@id\":\"https:\\\/\\\/www.eldigitaldeasturias.com\\\/noticias\\\/almodovar-recibe-el-premio-de-honor-europeo-por-su-contribucion-al-cine-mundial\\\/#mainImage\"},\"primaryImageOfPage\":{\"@id\":\"https:\\\/\\\/www.eldigitaldeasturias.com\\\/noticias\\\/almodovar-recibe-el-premio-de-honor-europeo-por-su-contribucion-al-cine-mundial\\\/#mainImage\"},\"datePublished\":\"2013-12-07T21:34:26+01:00\",\"dateModified\":\"2013-12-07T21:34:26+01:00\"},{\"@type\":\"WebSite\",\"@id\":\"https:\\\/\\\/www.eldigitaldeasturias.com\\\/noticias\\\/#website\",\"url\":\"https:\\\/\\\/www.eldigitaldeasturias.com\\\/noticias\\\/\",\"name\":\"El Digital de Asturias - Diario de actualidad y noticias\",\"alternateName\":\"El Digital de Asturias - Diario de actualidad y noticias\",\"description\":\"Hemeroteca\",\"inLanguage\":\"es-ES\",\"publisher\":{\"@id\":\"https:\\\/\\\/www.eldigitaldeasturias.com\\\/noticias\\\/#organization\"}}]}\n\t\t<\/script>\n\t\t<!-- All in One SEO Pro -->\r\n\t\t<title>Almod\u00f3var recibe el premio de honor europeo por su contribuci\u00f3n al cine mundial - El Digital de Asturias<\/title>\n\n","aioseo_head_json":{"title":"Almod\u00f3var recibe el premio de honor europeo por su contribuci\u00f3n al cine mundial - El Digital de Asturias","description":"Berl\u00edn, 7 dic (EFE).- El director espa\u00f1ol Pedro Almod\u00f3var recibi\u00f3 hoy en Berl\u00edn el premio de honor de la Academia del Cine Europeo, de manos de la actriz sueca Noomi Rapace, por su contribuci\u00f3n al cine mundial y como exponente de realizador \"ir\u00f3nico\" y \"sensible\".","canonical_url":"https:\/\/www.eldigitaldeasturias.com\/noticias\/almodovar-recibe-el-premio-de-honor-europeo-por-su-contribucion-al-cine-mundial\/","robots":"max-image-preview:large","keywords":"revista de ocio","webmasterTools":{"google-site-verification":"UA-38556648-1","msvalidate.01":"7dfe9f3f1b24437ab69f4f2559babe99","miscellaneous":""},"schema":{"@context":"https:\/\/schema.org","@graph":[{"@type":"BlogPosting","@id":"https:\/\/www.eldigitaldeasturias.com\/noticias\/almodovar-recibe-el-premio-de-honor-europeo-por-su-contribucion-al-cine-mundial\/#blogposting","name":"Almod\u00f3var recibe el premio de honor europeo por su contribuci\u00f3n al cine mundial - El Digital de Asturias","headline":"Almod\u00f3var recibe el premio de honor europeo por su contribuci\u00f3n al cine mundial","author":{"@id":"https:\/\/www.eldigitaldeasturias.com\/noticias\/author\/admin\/#author"},"publisher":{"@id":"https:\/\/www.eldigitaldeasturias.com\/noticias\/#organization"},"image":{"@type":"ImageObject","url":459206},"datePublished":"2013-12-07T21:34:26+01:00","dateModified":"2013-12-07T21:34:26+01:00","inLanguage":"es-ES","mainEntityOfPage":{"@id":"https:\/\/www.eldigitaldeasturias.com\/noticias\/almodovar-recibe-el-premio-de-honor-europeo-por-su-contribucion-al-cine-mundial\/#webpage"},"isPartOf":{"@id":"https:\/\/www.eldigitaldeasturias.com\/noticias\/almodovar-recibe-el-premio-de-honor-europeo-por-su-contribucion-al-cine-mundial\/#webpage"},"articleSection":"Revista de Ocio"},{"@type":"BreadcrumbList","@id":"https:\/\/www.eldigitaldeasturias.com\/noticias\/almodovar-recibe-el-premio-de-honor-europeo-por-su-contribucion-al-cine-mundial\/#breadcrumblist","itemListElement":[{"@type":"ListItem","@id":"https:\/\/www.eldigitaldeasturias.com\/noticias#listItem","position":1,"name":"Home","item":"https:\/\/www.eldigitaldeasturias.com\/noticias","nextItem":{"@type":"ListItem","@id":"https:\/\/www.eldigitaldeasturias.com\/noticias\/category\/revista-de-ocio\/#listItem","name":"Revista de Ocio"}},{"@type":"ListItem","@id":"https:\/\/www.eldigitaldeasturias.com\/noticias\/category\/revista-de-ocio\/#listItem","position":2,"name":"Revista de Ocio","item":"https:\/\/www.eldigitaldeasturias.com\/noticias\/category\/revista-de-ocio\/","nextItem":{"@type":"ListItem","@id":"https:\/\/www.eldigitaldeasturias.com\/noticias\/almodovar-recibe-el-premio-de-honor-europeo-por-su-contribucion-al-cine-mundial\/#listItem","name":"Almod\u00f3var recibe el premio de honor europeo por su contribuci\u00f3n al cine mundial"},"previousItem":{"@type":"ListItem","@id":"https:\/\/www.eldigitaldeasturias.com\/noticias#listItem","name":"Home"}},{"@type":"ListItem","@id":"https:\/\/www.eldigitaldeasturias.com\/noticias\/almodovar-recibe-el-premio-de-honor-europeo-por-su-contribucion-al-cine-mundial\/#listItem","position":3,"name":"Almod\u00f3var recibe el premio de honor europeo por su contribuci\u00f3n al cine mundial","previousItem":{"@type":"ListItem","@id":"https:\/\/www.eldigitaldeasturias.com\/noticias\/category\/revista-de-ocio\/#listItem","name":"Revista de Ocio"}}]},{"@type":"Organization","@id":"https:\/\/www.eldigitaldeasturias.com\/noticias\/#organization","name":"El Digital de Asturias","description":"Hemeroteca","url":"https:\/\/www.eldigitaldeasturias.com\/noticias\/","email":"info@eldigitaldeasturias.com","telephone":"+34652131393","logo":{"@type":"ImageObject","url":"https:\/\/www.eldigitaldeasturias.com\/noticias\/wp-content\/uploads\/2020\/12\/EDA.jpg","@id":"https:\/\/www.eldigitaldeasturias.com\/noticias\/almodovar-recibe-el-premio-de-honor-europeo-por-su-contribucion-al-cine-mundial\/#organizationLogo"},"image":{"@id":"https:\/\/www.eldigitaldeasturias.com\/noticias\/almodovar-recibe-el-premio-de-honor-europeo-por-su-contribucion-al-cine-mundial\/#organizationLogo"},"sameAs":["https:\/\/facebook.com\/eldigitaldeasturias","https:\/\/www.youtube.com\/channel\/UCZP-2wLEB9Rv6erhFmqVnvg"],"address":{"@id":"https:\/\/www.eldigitaldeasturias.com\/noticias\/#postaladdress","@type":"PostalAddress","streetAddress":"san antonio 4","postalCode":"33430","addressLocality":"Cand\u00e1s","addressRegion":"Asturias","addressCountry":"ES"}},{"@type":"Person","@id":"https:\/\/www.eldigitaldeasturias.com\/noticias\/author\/admin\/#author","url":"https:\/\/www.eldigitaldeasturias.com\/noticias\/author\/admin\/","name":"El Digital de Asturias","image":{"@type":"ImageObject","@id":"https:\/\/www.eldigitaldeasturias.com\/noticias\/almodovar-recibe-el-premio-de-honor-europeo-por-su-contribucion-al-cine-mundial\/#authorImage","url":"https:\/\/secure.gravatar.com\/avatar\/df2aeffc32bcd13f8d26072ef8a91b623d677766deac7f97ca815868cd41bf5e?s=96&d=mm&r=g","width":96,"height":96,"caption":"El Digital de Asturias"}},{"@type":"WebPage","@id":"https:\/\/www.eldigitaldeasturias.com\/noticias\/almodovar-recibe-el-premio-de-honor-europeo-por-su-contribucion-al-cine-mundial\/#webpage","url":"https:\/\/www.eldigitaldeasturias.com\/noticias\/almodovar-recibe-el-premio-de-honor-europeo-por-su-contribucion-al-cine-mundial\/","name":"Almod\u00f3var recibe el premio de honor europeo por su contribuci\u00f3n al cine mundial - El Digital de Asturias","description":"Berl\u00edn, 7 dic (EFE).- El director espa\u00f1ol Pedro Almod\u00f3var recibi\u00f3 hoy en Berl\u00edn el premio de honor de la Academia del Cine Europeo, de manos de la actriz sueca Noomi Rapace, por su contribuci\u00f3n al cine mundial y como exponente de realizador \"ir\u00f3nico\" y \"sensible\".","inLanguage":"es-ES","isPartOf":{"@id":"https:\/\/www.eldigitaldeasturias.com\/noticias\/#website"},"breadcrumb":{"@id":"https:\/\/www.eldigitaldeasturias.com\/noticias\/almodovar-recibe-el-premio-de-honor-europeo-por-su-contribucion-al-cine-mundial\/#breadcrumblist"},"author":{"@id":"https:\/\/www.eldigitaldeasturias.com\/noticias\/author\/admin\/#author"},"creator":{"@id":"https:\/\/www.eldigitaldeasturias.com\/noticias\/author\/admin\/#author"},"image":{"@type":"ImageObject","url":459206,"@id":"https:\/\/www.eldigitaldeasturias.com\/noticias\/almodovar-recibe-el-premio-de-honor-europeo-por-su-contribucion-al-cine-mundial\/#mainImage"},"primaryImageOfPage":{"@id":"https:\/\/www.eldigitaldeasturias.com\/noticias\/almodovar-recibe-el-premio-de-honor-europeo-por-su-contribucion-al-cine-mundial\/#mainImage"},"datePublished":"2013-12-07T21:34:26+01:00","dateModified":"2013-12-07T21:34:26+01:00"},{"@type":"WebSite","@id":"https:\/\/www.eldigitaldeasturias.com\/noticias\/#website","url":"https:\/\/www.eldigitaldeasturias.com\/noticias\/","name":"El Digital de Asturias - Diario de actualidad y noticias","alternateName":"El Digital de Asturias - Diario de actualidad y noticias","description":"Hemeroteca","inLanguage":"es-ES","publisher":{"@id":"https:\/\/www.eldigitaldeasturias.com\/noticias\/#organization"}}]},"og:locale":"es_ES","og:site_name":"El Digital de Asturias","og:type":"article","og:title":"Almod\u00f3var recibe el premio de honor europeo por su contribuci\u00f3n al cine mundial - El Digital de Asturias","og:description":"Berl\u00edn, 7 dic (EFE).- El director espa\u00f1ol Pedro Almod\u00f3var recibi\u00f3 hoy en Berl\u00edn el premio de honor de la Academia del Cine Europeo, de manos de la actriz sueca Noomi Rapace, por su contribuci\u00f3n al cine mundial y como exponente de realizador &quot;ir\u00f3nico&quot; y &quot;sensible&quot;.","og:url":"https:\/\/www.eldigitaldeasturias.com\/noticias\/almodovar-recibe-el-premio-de-honor-europeo-por-su-contribucion-al-cine-mundial\/","article:tag":["revista de ocio"],"article:published_time":"2013-12-07T22:34:26+00:00","article:modified_time":"2013-12-07T22:34:26+00:00","article:publisher":"https:\/\/facebook.com\/eldigitaldeasturias","twitter:card":"summary_large_image","twitter:title":"Almod\u00f3var recibe el premio de honor europeo por su contribuci\u00f3n al cine mundial - El Digital de Asturias","twitter:description":"Berl\u00edn, 7 dic (EFE).- El director espa\u00f1ol Pedro Almod\u00f3var recibi\u00f3 hoy en Berl\u00edn el premio de honor de la Academia del Cine Europeo, de manos de la actriz sueca Noomi Rapace, por su contribuci\u00f3n al cine mundial y como exponente de realizador &quot;ir\u00f3nico&quot; y &quot;sensible&quot;.","twitter:label1":"Escrito por","twitter:data1":"El Digital de Asturias"},"aioseo_meta_data":{"post_id":"459205","title":null,"description":null,"keywords":null,"keyphrases":null,"primary_term":null,"canonical_url":null,"og_title":null,"og_description":null,"og_object_type":"default","og_image_type":"default","og_image_url":null,"og_image_width":null,"og_image_height":null,"og_image_custom_url":null,"og_image_custom_fields":null,"og_video":null,"og_custom_url":null,"og_article_section":null,"og_article_tags":null,"twitter_use_og":true,"twitter_card":"default","twitter_image_type":"default","twitter_image_url":null,"twitter_image_custom_url":null,"twitter_image_custom_fields":null,"twitter_title":null,"twitter_description":null,"schema":{"blockGraphs":[],"customGraphs":[],"default":{"data":{"Article":[],"Course":[],"Dataset":[],"FAQPage":[],"Movie":[],"Person":[],"Product":[],"ProductReview":[],"Car":[],"Recipe":[],"Service":[],"SoftwareApplication":[],"WebPage":[]},"graphName":"","isEnabled":true},"graphs":[],"defaultGraph":"","defaultPostTypeGraph":""},"schema_type":null,"schema_type_options":null,"pillar_content":false,"robots_default":true,"robots_noindex":false,"robots_noarchive":false,"robots_nosnippet":false,"robots_nofollow":false,"robots_noimageindex":false,"robots_noodp":false,"robots_notranslate":false,"robots_max_snippet":null,"robots_max_videopreview":null,"robots_max_imagepreview":"none","priority":null,"frequency":null,"local_seo":null,"seo_analyzer_scan_date":"2026-05-30 08:27:53","breadcrumb_settings":null,"limit_modified_date":false,"open_ai":null,"ai":null,"created":"2020-11-14 22:47:32","updated":"2026-05-30 08:27:53","focus_keyword":null,"additional_keywords":null,"truseo_locale":null},"aioseo_breadcrumb":"<div class=\"aioseo-breadcrumbs\"><span class=\"aioseo-breadcrumb\">\n\t<a href=\"https:\/\/www.eldigitaldeasturias.com\/noticias\" title=\"Home\">Home<\/a>\n<\/span><span class=\"aioseo-breadcrumb-separator\">\u2013<\/span><span class=\"aioseo-breadcrumb\">\n\t<a href=\"https:\/\/www.eldigitaldeasturias.com\/noticias\/category\/revista-de-ocio\/\" title=\"Revista de Ocio\">Revista de Ocio<\/a>\n<\/span><span class=\"aioseo-breadcrumb-separator\">\u2013<\/span><span class=\"aioseo-breadcrumb\">\n\t<a href=\"https:\/\/www.eldigitaldeasturias.com\/noticias\/almodovar-recibe-el-premio-de-honor-europeo-por-su-contribucion-al-cine-mundial\/\" title=\"Almod\u00f3var recibe el premio de honor europeo por su contribuci\u00f3n al cine mundial\">Almod\u00f3var recibe el premio de honor europeo por su contribuci\u00f3n al cine mundial<\/a>\n<\/span><\/div>","aioseo_breadcrumb_json":[{"label":"Home","link":"https:\/\/www.eldigitaldeasturias.com\/noticias"},{"label":"Revista de Ocio","link":"https:\/\/www.eldigitaldeasturias.com\/noticias\/category\/revista-de-ocio\/"},{"label":"Almod\u00f3var recibe el premio de honor europeo por su contribuci\u00f3n al cine mundial","link":"https:\/\/www.eldigitaldeasturias.com\/noticias\/almodovar-recibe-el-premio-de-honor-europeo-por-su-contribucion-al-cine-mundial\/"}],"_links":{"self":[{"href":"https:\/\/www.eldigitaldeasturias.com\/noticias\/wp-json\/wp\/v2\/posts\/459205","targetHints":{"allow":["GET"]}}],"collection":[{"href":"https:\/\/www.eldigitaldeasturias.com\/noticias\/wp-json\/wp\/v2\/posts"}],"about":[{"href":"https:\/\/www.eldigitaldeasturias.com\/noticias\/wp-json\/wp\/v2\/types\/post"}],"author":[{"embeddable":true,"href":"https:\/\/www.eldigitaldeasturias.com\/noticias\/wp-json\/wp\/v2\/users\/1"}],"replies":[{"embeddable":true,"href":"https:\/\/www.eldigitaldeasturias.com\/noticias\/wp-json\/wp\/v2\/comments?post=459205"}],"version-history":[{"count":0,"href":"https:\/\/www.eldigitaldeasturias.com\/noticias\/wp-json\/wp\/v2\/posts\/459205\/revisions"}],"wp:attachment":[{"href":"https:\/\/www.eldigitaldeasturias.com\/noticias\/wp-json\/wp\/v2\/media?parent=459205"}],"wp:term":[{"taxonomy":"category","embeddable":true,"href":"https:\/\/www.eldigitaldeasturias.com\/noticias\/wp-json\/wp\/v2\/categories?post=459205"},{"taxonomy":"post_tag","embeddable":true,"href":"https:\/\/www.eldigitaldeasturias.com\/noticias\/wp-json\/wp\/v2\/tags?post=459205"}],"curies":[{"name":"wp","href":"https:\/\/api.w.org\/{rel}","templated":true}]}}