{"id":459190,"date":"2013-12-07T21:18:26","date_gmt":"2013-12-07T22:18:26","guid":{"rendered":"http:\/\/www.eldigitaldeasturias.com\/noticias\/?p=459190"},"modified":"2013-12-07T21:18:26","modified_gmt":"2013-12-07T22:18:26","slug":"biciclown-recorre-centroamerica-en-su-viaje-por-el-mundo","status":"publish","type":"post","link":"https:\/\/www.eldigitaldeasturias.com\/noticias\/biciclown-recorre-centroamerica-en-su-viaje-por-el-mundo\/","title":{"rendered":"Biciclown recorre Centroam\u00e9rica en su viaje por el mundo"},"content":{"rendered":"<p><img loading=\"lazy\" decoding=\"async\" class=\"alignleft size-medium wp-image-459191\" alt=\"5778903w\" src=\"https:\/\/www.eldigitaldeasturias.com\/noticias\/wp-content\/uploads\/2013\/12\/5778903w-360x270.jpg\" width=\"360\" height=\"270\" \/>San Salvador, 7 dic (EFE).- El aventurero espa\u00f1ol \u00c1lvaro Neil, conocido como \u00abel Biciclown\u00bb o ciclista-payaso, recorre Centroam\u00e9rica estos d\u00edas en una nueva etapa de un viaje alrededor del mundo que ya lleva nueve a\u00f1os, unos 70 pa\u00edses y m\u00e1s de 100.000 kil\u00f3metros.<\/p>\n<p>\u00abEstoy viviendo mi sue\u00f1o\u00bb, dijo el tambi\u00e9n llamado \u00abbici-payaso\u00bb a Efe a su paso por El Salvador, a donde lleg\u00f3 procedente de Guatemala tras haber visitado M\u00e9xico y Cuba.<\/p>\n<p>Neil, natural de Oviedo (Espa\u00f1a) y licenciado en Derecho, inici\u00f3 su aventura en 2004, a los 37 a\u00f1os, tras dejar su trabajo en una notar\u00eda de Madrid y espera volver a su pa\u00eds \u00aben bicicleta\u00bb en 2017, con medio siglo de edad a cuestas.<\/p>\n<p>Comenz\u00f3 su periplo en \u00c1frica, sigui\u00f3 por Asia y Ocean\u00eda, y en junio del a\u00f1o pasado entr\u00f3 al continente americano por Alaska para comenzar una ruta por Canad\u00e1 y Estados Unidos hasta M\u00e9xico y, ahora, Centroam\u00e9rica.<\/p>\n<p>Ha pedaleado m\u00e1s de 100.000 kil\u00f3metros y tras recorrer 66 pa\u00edses lleg\u00f3 en mayo pasado a M\u00e9xico, de donde vol\u00f3 a Cuba y regres\u00f3 para continuar en bicicleta hasta Guatemala; esta semana ha estado en El Salvador para seguir, por el sur de Honduras, hacia Nicaragua.<\/p>\n<p>Neil indic\u00f3 que pasar\u00e1 las fiestas navide\u00f1as y recibir\u00e1 al a\u00f1o nuevo en Nicaragua; luego seguir\u00e1 hasta Costa Rica y Panam\u00e1, donde va a \u00abbuscar un barco para pasar a Colombia y volver a hacer Am\u00e9rica del Sur\u00bb, que ya recorri\u00f3 por primera vez.<\/p>\n<p>En El Salvador, el ciclista y payaso espa\u00f1ol ofreci\u00f3 su espect\u00e1culo de magia, humor y diversi\u00f3n ante unas 350 personas en Comasagua (centro), unos 28 kil\u00f3metros al suroeste de San Salvador.<\/p>\n<p>Relat\u00f3 que \u00abeste espect\u00e1culo s\u00ed que fue un milagro\u00bb porque fue montado en poco tiempo con el apoyo de la organizaci\u00f3n no gubernamental Socorro Popular y la Alcald\u00eda de Comasagua.<\/p>\n<p>Neil tambi\u00e9n dict\u00f3 una charla sobre su aventura ante estudiantes del Liceo Franc\u00e9s en la capital salvadore\u00f1a.<\/p>\n<p>Seg\u00fan dijo a Efe, en Centroam\u00e9rica, adem\u00e1s de lo \u00abamable\u00bb que es la gente, se ha encontrado con el problema de la violencia, que le ha obligado a andar con \u00abbastante precauci\u00f3n\u00bb.<\/p>\n<p>\u00abEl Biciclown\u00bb relat\u00f3 que en Guatemala unos vecinos le advirtieron que no durmiera en el jard\u00edn de una iglesia porque recientemente en la zona hab\u00edan linchado y quemado a dos hombres, suceso cuyo v\u00eddeo le mostr\u00f3 un polic\u00eda en su tel\u00e9fono m\u00f3vil.<\/p>\n<p>Coment\u00f3 que los salvadore\u00f1os son \u00abmuy trabajadores\u00bb y que el pa\u00eds es muy vulnerable, con mucha actividad s\u00edsmica, y sufre por la actividad de las pandillas.<\/p>\n<p>Adem\u00e1s, \u00aben estos pa\u00edses la diferencia entre el pobre y el rico es abismal, al no haber una clase media fuerte; el que es rico es muy rico y el que es pobre es muy pobre\u00bb, se\u00f1al\u00f3 Neil.<\/p>\n<p>Nueve a\u00f1os despu\u00e9s, \u00abeste viaje me ha cambiado en darme m\u00e1s seguridad en m\u00ed mismo, m\u00e1s paciencia para entender al ser humano y al mismo tiempo soy m\u00e1s intransigente con la burocracia\u00bb, manifest\u00f3.<\/p>\n<p>Asimismo, coment\u00f3 que ha descubierto que \u00aberan injustificados (&#8230;) los miedos que ten\u00eda al principio de empezar este viaje\u00bb.<\/p>\n<p>Para el caso, ya no le preocupa d\u00f3nde vivir\u00e1 o en qu\u00e9 trabajar\u00e1 cuando regrese a Espa\u00f1a: \u00abSigo sin tener respuesta, pero lo m\u00e1s m\u00e1gico es que la pregunta ha desaparecido. No me importa, no me despierto por la noche pensando qu\u00e9 voy a hacer ma\u00f1ana\u00bb.<\/p>\n<p>Relat\u00f3 que durante su viaje por el mundo tambi\u00e9n ha escrito cinco libros y producido cinco documentales, adem\u00e1s de \u00abinspirar a otras personas\u00bb.<\/p>\n<p>Esto \u00abes m\u00e1s de lo que yo pensaba y estoy vivo. He superado el objetivo\u00bb planteado al iniciar el viaje en 2004, que \u00abera escuchar la voz que me dec\u00eda: &#8216;vive tu sue\u00f1o&#8217;; estoy viviendo mi sue\u00f1o\u00bb, puntualiz\u00f3 el \u00abbici-payaso\u00bb.<\/p>\n<p>Entre las mil y un peripecias que ha vivido, relat\u00f3 que en Cuba estuvo a punto de ser deportado a Espa\u00f1a por intentar dormir en su hamaca en una playa cerca de Guant\u00e1namo, que es un lugar \u00absensible\u00bb por la presencia de una base estadounidense.<\/p>\n<p>Pero \u00absi yo supiera antes de empezar el viaje los problemas que iba a tener tal vez no lo hubiera iniciado; simplemente uno tiene que vivir y los problemas son juegos de habilidad\u00bb, consider\u00f3.<\/p>\n<p>Y en 2017, si no \u00abdoy la vuelta\u00bb en la frontera, \u00abllegar\u00e9 a Espa\u00f1a con 50 a\u00f1os y con una sonrisa de oreja a oreja porque he cumplido mi sue\u00f1o\u00bb, expres\u00f3 \u00abel Biciclown\u00bb.<\/p>\n<p>Luis Alfredo Mart\u00ednez<\/p>\n","protected":false},"excerpt":{"rendered":"<p>San Salvador, 7 dic (EFE).- El aventurero espa\u00f1ol \u00c1lvaro Neil, conocido como \u00abel Biciclown\u00bb o ciclista-payaso, recorre Centroam\u00e9rica estos d\u00edas en una nueva etapa de un viaje alrededor del mundo que ya lleva nueve a\u00f1os, unos 70 pa\u00edses y m\u00e1s de 100.000 kil\u00f3metros. \u00abEstoy viviendo mi sue\u00f1o\u00bb, dijo el tambi\u00e9n llamado \u00abbici-payaso\u00bb a Efe a [&hellip;]<\/p>\n","protected":false},"author":1,"featured_media":459191,"comment_status":"closed","ping_status":"open","sticky":false,"template":"","format":"standard","meta":{"footnotes":""},"categories":[28],"tags":[],"class_list":["post-459190","post","type-post","status-publish","format-standard","has-post-thumbnail","hentry","category-sociedad"],"aioseo_notices":[],"aioseo_head":"\n\t\t<!-- All in One SEO Pro 5.0.1 - aioseo.com -->\n\t<meta name=\"description\" content=\"San Salvador, 7 dic (EFE).- El aventurero espa\u00f1ol \u00c1lvaro Neil, conocido como &quot;el Biciclown&quot; o ciclista-payaso, recorre Centroam\u00e9rica estos d\u00edas en una nueva etapa de un viaje alrededor del mundo que ya lleva nueve a\u00f1os, unos 70 pa\u00edses y m\u00e1s de 100.000 kil\u00f3metros. &quot;Estoy viviendo mi sue\u00f1o&quot;, dijo el tambi\u00e9n llamado &quot;bici-payaso&quot; a Efe a\" \/>\n\t<meta name=\"robots\" content=\"max-image-preview:large\" \/>\n\t<meta name=\"author\" content=\"El Digital de Asturias\"\/>\n\t<meta name=\"google-site-verification\" content=\"UA-38556648-1\" \/>\n\t<meta name=\"msvalidate.01\" content=\"7dfe9f3f1b24437ab69f4f2559babe99\" \/>\n\t<meta name=\"keywords\" content=\"sociedad\" \/>\n\t<link rel=\"canonical\" href=\"https:\/\/www.eldigitaldeasturias.com\/noticias\/biciclown-recorre-centroamerica-en-su-viaje-por-el-mundo\/\" \/>\n\t<meta name=\"generator\" content=\"All in One SEO Pro (AIOSEO) 5.0.1\" \/>\n\t\t<meta property=\"og:locale\" content=\"es_ES\" \/>\n\t\t<meta property=\"og:site_name\" content=\"El Digital de Asturias\" \/>\n\t\t<meta property=\"og:type\" content=\"article\" \/>\n\t\t<meta property=\"og:title\" content=\"Biciclown recorre Centroam\u00e9rica en su viaje por el mundo - El Digital de Asturias\" \/>\n\t\t<meta property=\"og:description\" content=\"San Salvador, 7 dic (EFE).- El aventurero espa\u00f1ol \u00c1lvaro Neil, conocido como &quot;el Biciclown&quot; o ciclista-payaso, recorre Centroam\u00e9rica estos d\u00edas en una nueva etapa de un viaje alrededor del mundo que ya lleva nueve a\u00f1os, unos 70 pa\u00edses y m\u00e1s de 100.000 kil\u00f3metros. &quot;Estoy viviendo mi sue\u00f1o&quot;, dijo el tambi\u00e9n llamado &quot;bici-payaso&quot; a Efe a\" \/>\n\t\t<meta property=\"og:url\" content=\"https:\/\/www.eldigitaldeasturias.com\/noticias\/biciclown-recorre-centroamerica-en-su-viaje-por-el-mundo\/\" \/>\n\t\t<meta property=\"article:tag\" content=\"sociedad\" \/>\n\t\t<meta property=\"article:published_time\" content=\"2013-12-07T22:18:26+00:00\" \/>\n\t\t<meta property=\"article:modified_time\" content=\"2013-12-07T22:18:26+00:00\" \/>\n\t\t<meta property=\"article:publisher\" content=\"https:\/\/facebook.com\/eldigitaldeasturias\" \/>\n\t\t<meta name=\"twitter:card\" content=\"summary_large_image\" \/>\n\t\t<meta name=\"twitter:title\" content=\"Biciclown recorre Centroam\u00e9rica en su viaje por el mundo - El Digital de Asturias\" \/>\n\t\t<meta name=\"twitter:description\" content=\"San Salvador, 7 dic (EFE).- El aventurero espa\u00f1ol \u00c1lvaro Neil, conocido como &quot;el Biciclown&quot; o ciclista-payaso, recorre Centroam\u00e9rica estos d\u00edas en una nueva etapa de un viaje alrededor del mundo que ya lleva nueve a\u00f1os, unos 70 pa\u00edses y m\u00e1s de 100.000 kil\u00f3metros. &quot;Estoy viviendo mi sue\u00f1o&quot;, dijo el tambi\u00e9n llamado &quot;bici-payaso&quot; a Efe a\" \/>\n\t\t<meta name=\"twitter:label1\" content=\"Escrito por\" \/>\n\t\t<meta name=\"twitter:data1\" content=\"El Digital de Asturias\" \/>\n\t\t<meta name=\"twitter:label2\" content=\"Tiempo de lectura estimado\" \/>\n\t\t<meta name=\"twitter:data2\" content=\"4 minutos\" \/>\n\t\t<script type=\"application\/ld+json\" class=\"aioseo-schema\">\n\t\t\t{\"@context\":\"https:\\\/\\\/schema.org\",\"@graph\":[{\"@type\":\"BlogPosting\",\"@id\":\"https:\\\/\\\/www.eldigitaldeasturias.com\\\/noticias\\\/biciclown-recorre-centroamerica-en-su-viaje-por-el-mundo\\\/#blogposting\",\"name\":\"Biciclown recorre Centroam\\u00e9rica en su viaje por el mundo - El Digital de Asturias\",\"headline\":\"Biciclown recorre Centroam\\u00e9rica en su viaje por el mundo\",\"author\":{\"@id\":\"https:\\\/\\\/www.eldigitaldeasturias.com\\\/noticias\\\/author\\\/admin\\\/#author\"},\"publisher\":{\"@id\":\"https:\\\/\\\/www.eldigitaldeasturias.com\\\/noticias\\\/#organization\"},\"image\":{\"@type\":\"ImageObject\",\"url\":459191},\"datePublished\":\"2013-12-07T21:18:26+01:00\",\"dateModified\":\"2013-12-07T21:18:26+01:00\",\"inLanguage\":\"es-ES\",\"mainEntityOfPage\":{\"@id\":\"https:\\\/\\\/www.eldigitaldeasturias.com\\\/noticias\\\/biciclown-recorre-centroamerica-en-su-viaje-por-el-mundo\\\/#webpage\"},\"isPartOf\":{\"@id\":\"https:\\\/\\\/www.eldigitaldeasturias.com\\\/noticias\\\/biciclown-recorre-centroamerica-en-su-viaje-por-el-mundo\\\/#webpage\"},\"articleSection\":\"Sociedad\"},{\"@type\":\"BreadcrumbList\",\"@id\":\"https:\\\/\\\/www.eldigitaldeasturias.com\\\/noticias\\\/biciclown-recorre-centroamerica-en-su-viaje-por-el-mundo\\\/#breadcrumblist\",\"itemListElement\":[{\"@type\":\"ListItem\",\"@id\":\"https:\\\/\\\/www.eldigitaldeasturias.com\\\/noticias#listItem\",\"position\":1,\"name\":\"Home\",\"item\":\"https:\\\/\\\/www.eldigitaldeasturias.com\\\/noticias\",\"nextItem\":{\"@type\":\"ListItem\",\"@id\":\"https:\\\/\\\/www.eldigitaldeasturias.com\\\/noticias\\\/category\\\/sociedad\\\/#listItem\",\"name\":\"Sociedad\"}},{\"@type\":\"ListItem\",\"@id\":\"https:\\\/\\\/www.eldigitaldeasturias.com\\\/noticias\\\/category\\\/sociedad\\\/#listItem\",\"position\":2,\"name\":\"Sociedad\",\"item\":\"https:\\\/\\\/www.eldigitaldeasturias.com\\\/noticias\\\/category\\\/sociedad\\\/\",\"nextItem\":{\"@type\":\"ListItem\",\"@id\":\"https:\\\/\\\/www.eldigitaldeasturias.com\\\/noticias\\\/biciclown-recorre-centroamerica-en-su-viaje-por-el-mundo\\\/#listItem\",\"name\":\"Biciclown recorre Centroam\\u00e9rica en su viaje por el mundo\"},\"previousItem\":{\"@type\":\"ListItem\",\"@id\":\"https:\\\/\\\/www.eldigitaldeasturias.com\\\/noticias#listItem\",\"name\":\"Home\"}},{\"@type\":\"ListItem\",\"@id\":\"https:\\\/\\\/www.eldigitaldeasturias.com\\\/noticias\\\/biciclown-recorre-centroamerica-en-su-viaje-por-el-mundo\\\/#listItem\",\"position\":3,\"name\":\"Biciclown recorre Centroam\\u00e9rica en su viaje por el mundo\",\"previousItem\":{\"@type\":\"ListItem\",\"@id\":\"https:\\\/\\\/www.eldigitaldeasturias.com\\\/noticias\\\/category\\\/sociedad\\\/#listItem\",\"name\":\"Sociedad\"}}]},{\"@type\":\"Organization\",\"@id\":\"https:\\\/\\\/www.eldigitaldeasturias.com\\\/noticias\\\/#organization\",\"name\":\"El Digital de Asturias\",\"description\":\"Hemeroteca\",\"url\":\"https:\\\/\\\/www.eldigitaldeasturias.com\\\/noticias\\\/\",\"email\":\"info@eldigitaldeasturias.com\",\"telephone\":\"+34652131393\",\"logo\":{\"@type\":\"ImageObject\",\"url\":\"https:\\\/\\\/www.eldigitaldeasturias.com\\\/noticias\\\/wp-content\\\/uploads\\\/2020\\\/12\\\/EDA.jpg\",\"@id\":\"https:\\\/\\\/www.eldigitaldeasturias.com\\\/noticias\\\/biciclown-recorre-centroamerica-en-su-viaje-por-el-mundo\\\/#organizationLogo\"},\"image\":{\"@id\":\"https:\\\/\\\/www.eldigitaldeasturias.com\\\/noticias\\\/biciclown-recorre-centroamerica-en-su-viaje-por-el-mundo\\\/#organizationLogo\"},\"sameAs\":[\"https:\\\/\\\/facebook.com\\\/eldigitaldeasturias\",\"https:\\\/\\\/www.youtube.com\\\/channel\\\/UCZP-2wLEB9Rv6erhFmqVnvg\"],\"address\":{\"@id\":\"https:\\\/\\\/www.eldigitaldeasturias.com\\\/noticias\\\/#postaladdress\",\"@type\":\"PostalAddress\",\"streetAddress\":\"san antonio 4\",\"postalCode\":\"33430\",\"addressLocality\":\"Cand\\u00e1s\",\"addressRegion\":\"Asturias\",\"addressCountry\":\"ES\"}},{\"@type\":\"Person\",\"@id\":\"https:\\\/\\\/www.eldigitaldeasturias.com\\\/noticias\\\/author\\\/admin\\\/#author\",\"url\":\"https:\\\/\\\/www.eldigitaldeasturias.com\\\/noticias\\\/author\\\/admin\\\/\",\"name\":\"El Digital de Asturias\",\"image\":{\"@type\":\"ImageObject\",\"@id\":\"https:\\\/\\\/www.eldigitaldeasturias.com\\\/noticias\\\/biciclown-recorre-centroamerica-en-su-viaje-por-el-mundo\\\/#authorImage\",\"url\":\"https:\\\/\\\/secure.gravatar.com\\\/avatar\\\/df2aeffc32bcd13f8d26072ef8a91b623d677766deac7f97ca815868cd41bf5e?s=96&d=mm&r=g\",\"width\":96,\"height\":96,\"caption\":\"El Digital de Asturias\"}},{\"@type\":\"WebPage\",\"@id\":\"https:\\\/\\\/www.eldigitaldeasturias.com\\\/noticias\\\/biciclown-recorre-centroamerica-en-su-viaje-por-el-mundo\\\/#webpage\",\"url\":\"https:\\\/\\\/www.eldigitaldeasturias.com\\\/noticias\\\/biciclown-recorre-centroamerica-en-su-viaje-por-el-mundo\\\/\",\"name\":\"Biciclown recorre Centroam\\u00e9rica en su viaje por el mundo - El Digital de Asturias\",\"description\":\"San Salvador, 7 dic (EFE).- El aventurero espa\\u00f1ol \\u00c1lvaro Neil, conocido como \\\"el Biciclown\\\" o ciclista-payaso, recorre Centroam\\u00e9rica estos d\\u00edas en una nueva etapa de un viaje alrededor del mundo que ya lleva nueve a\\u00f1os, unos 70 pa\\u00edses y m\\u00e1s de 100.000 kil\\u00f3metros. \\\"Estoy viviendo mi sue\\u00f1o\\\", dijo el tambi\\u00e9n llamado \\\"bici-payaso\\\" a Efe a\",\"inLanguage\":\"es-ES\",\"isPartOf\":{\"@id\":\"https:\\\/\\\/www.eldigitaldeasturias.com\\\/noticias\\\/#website\"},\"breadcrumb\":{\"@id\":\"https:\\\/\\\/www.eldigitaldeasturias.com\\\/noticias\\\/biciclown-recorre-centroamerica-en-su-viaje-por-el-mundo\\\/#breadcrumblist\"},\"author\":{\"@id\":\"https:\\\/\\\/www.eldigitaldeasturias.com\\\/noticias\\\/author\\\/admin\\\/#author\"},\"creator\":{\"@id\":\"https:\\\/\\\/www.eldigitaldeasturias.com\\\/noticias\\\/author\\\/admin\\\/#author\"},\"image\":{\"@type\":\"ImageObject\",\"url\":459191,\"@id\":\"https:\\\/\\\/www.eldigitaldeasturias.com\\\/noticias\\\/biciclown-recorre-centroamerica-en-su-viaje-por-el-mundo\\\/#mainImage\"},\"primaryImageOfPage\":{\"@id\":\"https:\\\/\\\/www.eldigitaldeasturias.com\\\/noticias\\\/biciclown-recorre-centroamerica-en-su-viaje-por-el-mundo\\\/#mainImage\"},\"datePublished\":\"2013-12-07T21:18:26+01:00\",\"dateModified\":\"2013-12-07T21:18:26+01:00\"},{\"@type\":\"WebSite\",\"@id\":\"https:\\\/\\\/www.eldigitaldeasturias.com\\\/noticias\\\/#website\",\"url\":\"https:\\\/\\\/www.eldigitaldeasturias.com\\\/noticias\\\/\",\"name\":\"El Digital de Asturias - Diario de actualidad y noticias\",\"alternateName\":\"El Digital de Asturias - Diario de actualidad y noticias\",\"description\":\"Hemeroteca\",\"inLanguage\":\"es-ES\",\"publisher\":{\"@id\":\"https:\\\/\\\/www.eldigitaldeasturias.com\\\/noticias\\\/#organization\"}}]}\n\t\t<\/script>\n\t\t<!-- All in One SEO Pro -->\r\n\t\t<title>Biciclown recorre Centroam\u00e9rica en su viaje por el mundo - El Digital de Asturias<\/title>\n\n","aioseo_head_json":{"title":"Biciclown recorre Centroam\u00e9rica en su viaje por el mundo - El Digital de Asturias","description":"San Salvador, 7 dic (EFE).- El aventurero espa\u00f1ol \u00c1lvaro Neil, conocido como \"el Biciclown\" o ciclista-payaso, recorre Centroam\u00e9rica estos d\u00edas en una nueva etapa de un viaje alrededor del mundo que ya lleva nueve a\u00f1os, unos 70 pa\u00edses y m\u00e1s de 100.000 kil\u00f3metros. \"Estoy viviendo mi sue\u00f1o\", dijo el tambi\u00e9n llamado \"bici-payaso\" a Efe a","canonical_url":"https:\/\/www.eldigitaldeasturias.com\/noticias\/biciclown-recorre-centroamerica-en-su-viaje-por-el-mundo\/","robots":"max-image-preview:large","keywords":"sociedad","webmasterTools":{"google-site-verification":"UA-38556648-1","msvalidate.01":"7dfe9f3f1b24437ab69f4f2559babe99","miscellaneous":""},"schema":{"@context":"https:\/\/schema.org","@graph":[{"@type":"BlogPosting","@id":"https:\/\/www.eldigitaldeasturias.com\/noticias\/biciclown-recorre-centroamerica-en-su-viaje-por-el-mundo\/#blogposting","name":"Biciclown recorre Centroam\u00e9rica en su viaje por el mundo - El Digital de Asturias","headline":"Biciclown recorre Centroam\u00e9rica en su viaje por el mundo","author":{"@id":"https:\/\/www.eldigitaldeasturias.com\/noticias\/author\/admin\/#author"},"publisher":{"@id":"https:\/\/www.eldigitaldeasturias.com\/noticias\/#organization"},"image":{"@type":"ImageObject","url":459191},"datePublished":"2013-12-07T21:18:26+01:00","dateModified":"2013-12-07T21:18:26+01:00","inLanguage":"es-ES","mainEntityOfPage":{"@id":"https:\/\/www.eldigitaldeasturias.com\/noticias\/biciclown-recorre-centroamerica-en-su-viaje-por-el-mundo\/#webpage"},"isPartOf":{"@id":"https:\/\/www.eldigitaldeasturias.com\/noticias\/biciclown-recorre-centroamerica-en-su-viaje-por-el-mundo\/#webpage"},"articleSection":"Sociedad"},{"@type":"BreadcrumbList","@id":"https:\/\/www.eldigitaldeasturias.com\/noticias\/biciclown-recorre-centroamerica-en-su-viaje-por-el-mundo\/#breadcrumblist","itemListElement":[{"@type":"ListItem","@id":"https:\/\/www.eldigitaldeasturias.com\/noticias#listItem","position":1,"name":"Home","item":"https:\/\/www.eldigitaldeasturias.com\/noticias","nextItem":{"@type":"ListItem","@id":"https:\/\/www.eldigitaldeasturias.com\/noticias\/category\/sociedad\/#listItem","name":"Sociedad"}},{"@type":"ListItem","@id":"https:\/\/www.eldigitaldeasturias.com\/noticias\/category\/sociedad\/#listItem","position":2,"name":"Sociedad","item":"https:\/\/www.eldigitaldeasturias.com\/noticias\/category\/sociedad\/","nextItem":{"@type":"ListItem","@id":"https:\/\/www.eldigitaldeasturias.com\/noticias\/biciclown-recorre-centroamerica-en-su-viaje-por-el-mundo\/#listItem","name":"Biciclown recorre Centroam\u00e9rica en su viaje por el mundo"},"previousItem":{"@type":"ListItem","@id":"https:\/\/www.eldigitaldeasturias.com\/noticias#listItem","name":"Home"}},{"@type":"ListItem","@id":"https:\/\/www.eldigitaldeasturias.com\/noticias\/biciclown-recorre-centroamerica-en-su-viaje-por-el-mundo\/#listItem","position":3,"name":"Biciclown recorre Centroam\u00e9rica en su viaje por el mundo","previousItem":{"@type":"ListItem","@id":"https:\/\/www.eldigitaldeasturias.com\/noticias\/category\/sociedad\/#listItem","name":"Sociedad"}}]},{"@type":"Organization","@id":"https:\/\/www.eldigitaldeasturias.com\/noticias\/#organization","name":"El Digital de Asturias","description":"Hemeroteca","url":"https:\/\/www.eldigitaldeasturias.com\/noticias\/","email":"info@eldigitaldeasturias.com","telephone":"+34652131393","logo":{"@type":"ImageObject","url":"https:\/\/www.eldigitaldeasturias.com\/noticias\/wp-content\/uploads\/2020\/12\/EDA.jpg","@id":"https:\/\/www.eldigitaldeasturias.com\/noticias\/biciclown-recorre-centroamerica-en-su-viaje-por-el-mundo\/#organizationLogo"},"image":{"@id":"https:\/\/www.eldigitaldeasturias.com\/noticias\/biciclown-recorre-centroamerica-en-su-viaje-por-el-mundo\/#organizationLogo"},"sameAs":["https:\/\/facebook.com\/eldigitaldeasturias","https:\/\/www.youtube.com\/channel\/UCZP-2wLEB9Rv6erhFmqVnvg"],"address":{"@id":"https:\/\/www.eldigitaldeasturias.com\/noticias\/#postaladdress","@type":"PostalAddress","streetAddress":"san antonio 4","postalCode":"33430","addressLocality":"Cand\u00e1s","addressRegion":"Asturias","addressCountry":"ES"}},{"@type":"Person","@id":"https:\/\/www.eldigitaldeasturias.com\/noticias\/author\/admin\/#author","url":"https:\/\/www.eldigitaldeasturias.com\/noticias\/author\/admin\/","name":"El Digital de Asturias","image":{"@type":"ImageObject","@id":"https:\/\/www.eldigitaldeasturias.com\/noticias\/biciclown-recorre-centroamerica-en-su-viaje-por-el-mundo\/#authorImage","url":"https:\/\/secure.gravatar.com\/avatar\/df2aeffc32bcd13f8d26072ef8a91b623d677766deac7f97ca815868cd41bf5e?s=96&d=mm&r=g","width":96,"height":96,"caption":"El Digital de Asturias"}},{"@type":"WebPage","@id":"https:\/\/www.eldigitaldeasturias.com\/noticias\/biciclown-recorre-centroamerica-en-su-viaje-por-el-mundo\/#webpage","url":"https:\/\/www.eldigitaldeasturias.com\/noticias\/biciclown-recorre-centroamerica-en-su-viaje-por-el-mundo\/","name":"Biciclown recorre Centroam\u00e9rica en su viaje por el mundo - El Digital de Asturias","description":"San Salvador, 7 dic (EFE).- El aventurero espa\u00f1ol \u00c1lvaro Neil, conocido como \"el Biciclown\" o ciclista-payaso, recorre Centroam\u00e9rica estos d\u00edas en una nueva etapa de un viaje alrededor del mundo que ya lleva nueve a\u00f1os, unos 70 pa\u00edses y m\u00e1s de 100.000 kil\u00f3metros. \"Estoy viviendo mi sue\u00f1o\", dijo el tambi\u00e9n llamado \"bici-payaso\" a Efe a","inLanguage":"es-ES","isPartOf":{"@id":"https:\/\/www.eldigitaldeasturias.com\/noticias\/#website"},"breadcrumb":{"@id":"https:\/\/www.eldigitaldeasturias.com\/noticias\/biciclown-recorre-centroamerica-en-su-viaje-por-el-mundo\/#breadcrumblist"},"author":{"@id":"https:\/\/www.eldigitaldeasturias.com\/noticias\/author\/admin\/#author"},"creator":{"@id":"https:\/\/www.eldigitaldeasturias.com\/noticias\/author\/admin\/#author"},"image":{"@type":"ImageObject","url":459191,"@id":"https:\/\/www.eldigitaldeasturias.com\/noticias\/biciclown-recorre-centroamerica-en-su-viaje-por-el-mundo\/#mainImage"},"primaryImageOfPage":{"@id":"https:\/\/www.eldigitaldeasturias.com\/noticias\/biciclown-recorre-centroamerica-en-su-viaje-por-el-mundo\/#mainImage"},"datePublished":"2013-12-07T21:18:26+01:00","dateModified":"2013-12-07T21:18:26+01:00"},{"@type":"WebSite","@id":"https:\/\/www.eldigitaldeasturias.com\/noticias\/#website","url":"https:\/\/www.eldigitaldeasturias.com\/noticias\/","name":"El Digital de Asturias - Diario de actualidad y noticias","alternateName":"El Digital de Asturias - Diario de actualidad y noticias","description":"Hemeroteca","inLanguage":"es-ES","publisher":{"@id":"https:\/\/www.eldigitaldeasturias.com\/noticias\/#organization"}}]},"og:locale":"es_ES","og:site_name":"El Digital de Asturias","og:type":"article","og:title":"Biciclown recorre Centroam\u00e9rica en su viaje por el mundo - El Digital de Asturias","og:description":"San Salvador, 7 dic (EFE).- El aventurero espa\u00f1ol \u00c1lvaro Neil, conocido como &quot;el Biciclown&quot; o ciclista-payaso, recorre Centroam\u00e9rica estos d\u00edas en una nueva etapa de un viaje alrededor del mundo que ya lleva nueve a\u00f1os, unos 70 pa\u00edses y m\u00e1s de 100.000 kil\u00f3metros. &quot;Estoy viviendo mi sue\u00f1o&quot;, dijo el tambi\u00e9n llamado &quot;bici-payaso&quot; a Efe a","og:url":"https:\/\/www.eldigitaldeasturias.com\/noticias\/biciclown-recorre-centroamerica-en-su-viaje-por-el-mundo\/","article:tag":["sociedad"],"article:published_time":"2013-12-07T22:18:26+00:00","article:modified_time":"2013-12-07T22:18:26+00:00","article:publisher":"https:\/\/facebook.com\/eldigitaldeasturias","twitter:card":"summary_large_image","twitter:title":"Biciclown recorre Centroam\u00e9rica en su viaje por el mundo - El Digital de Asturias","twitter:description":"San Salvador, 7 dic (EFE).- El aventurero espa\u00f1ol \u00c1lvaro Neil, conocido como &quot;el Biciclown&quot; o ciclista-payaso, recorre Centroam\u00e9rica estos d\u00edas en una nueva etapa de un viaje alrededor del mundo que ya lleva nueve a\u00f1os, unos 70 pa\u00edses y m\u00e1s de 100.000 kil\u00f3metros. &quot;Estoy viviendo mi sue\u00f1o&quot;, dijo el tambi\u00e9n llamado &quot;bici-payaso&quot; a Efe a","twitter:label1":"Escrito por","twitter:data1":"El Digital de Asturias","twitter:label2":"Tiempo de lectura estimado","twitter:data2":"4 minutos"},"aioseo_meta_data":{"post_id":"459190","title":null,"description":null,"keywords":null,"keyphrases":null,"primary_term":null,"canonical_url":null,"og_title":null,"og_description":null,"og_object_type":"default","og_image_type":"default","og_image_url":null,"og_image_width":null,"og_image_height":null,"og_image_custom_url":null,"og_image_custom_fields":null,"og_video":null,"og_custom_url":null,"og_article_section":null,"og_article_tags":null,"twitter_use_og":true,"twitter_card":"default","twitter_image_type":"default","twitter_image_url":null,"twitter_image_custom_url":null,"twitter_image_custom_fields":null,"twitter_title":null,"twitter_description":null,"schema":{"blockGraphs":[],"customGraphs":[],"default":{"data":{"Article":[],"Course":[],"Dataset":[],"FAQPage":[],"Movie":[],"Person":[],"Product":[],"ProductReview":[],"Car":[],"Recipe":[],"Service":[],"SoftwareApplication":[],"WebPage":[]},"graphName":"","isEnabled":true},"graphs":[],"defaultGraph":"","defaultPostTypeGraph":""},"schema_type":null,"schema_type_options":null,"pillar_content":false,"robots_default":true,"robots_noindex":false,"robots_noarchive":false,"robots_nosnippet":false,"robots_nofollow":false,"robots_noimageindex":false,"robots_noodp":false,"robots_notranslate":false,"robots_max_snippet":null,"robots_max_videopreview":null,"robots_max_imagepreview":"none","priority":null,"frequency":null,"local_seo":null,"seo_analyzer_scan_date":"2026-05-30 08:24:19","breadcrumb_settings":null,"limit_modified_date":false,"open_ai":null,"ai":null,"created":"2020-11-14 22:47:32","updated":"2026-05-30 08:24:19","focus_keyword":null,"additional_keywords":null,"truseo_locale":null},"aioseo_breadcrumb":"<div class=\"aioseo-breadcrumbs\"><span class=\"aioseo-breadcrumb\">\n\t<a href=\"https:\/\/www.eldigitaldeasturias.com\/noticias\" title=\"Home\">Home<\/a>\n<\/span><span class=\"aioseo-breadcrumb-separator\">\u2013<\/span><span class=\"aioseo-breadcrumb\">\n\t<a href=\"https:\/\/www.eldigitaldeasturias.com\/noticias\/category\/sociedad\/\" title=\"Sociedad\">Sociedad<\/a>\n<\/span><span class=\"aioseo-breadcrumb-separator\">\u2013<\/span><span class=\"aioseo-breadcrumb\">\n\t<a href=\"https:\/\/www.eldigitaldeasturias.com\/noticias\/biciclown-recorre-centroamerica-en-su-viaje-por-el-mundo\/\" title=\"Biciclown recorre Centroam\u00e9rica en su viaje por el mundo\">Biciclown recorre Centroam\u00e9rica en su viaje por el mundo<\/a>\n<\/span><\/div>","aioseo_breadcrumb_json":[{"label":"Home","link":"https:\/\/www.eldigitaldeasturias.com\/noticias"},{"label":"Sociedad","link":"https:\/\/www.eldigitaldeasturias.com\/noticias\/category\/sociedad\/"},{"label":"Biciclown recorre Centroam\u00e9rica en su viaje por el mundo","link":"https:\/\/www.eldigitaldeasturias.com\/noticias\/biciclown-recorre-centroamerica-en-su-viaje-por-el-mundo\/"}],"_links":{"self":[{"href":"https:\/\/www.eldigitaldeasturias.com\/noticias\/wp-json\/wp\/v2\/posts\/459190","targetHints":{"allow":["GET"]}}],"collection":[{"href":"https:\/\/www.eldigitaldeasturias.com\/noticias\/wp-json\/wp\/v2\/posts"}],"about":[{"href":"https:\/\/www.eldigitaldeasturias.com\/noticias\/wp-json\/wp\/v2\/types\/post"}],"author":[{"embeddable":true,"href":"https:\/\/www.eldigitaldeasturias.com\/noticias\/wp-json\/wp\/v2\/users\/1"}],"replies":[{"embeddable":true,"href":"https:\/\/www.eldigitaldeasturias.com\/noticias\/wp-json\/wp\/v2\/comments?post=459190"}],"version-history":[{"count":0,"href":"https:\/\/www.eldigitaldeasturias.com\/noticias\/wp-json\/wp\/v2\/posts\/459190\/revisions"}],"wp:attachment":[{"href":"https:\/\/www.eldigitaldeasturias.com\/noticias\/wp-json\/wp\/v2\/media?parent=459190"}],"wp:term":[{"taxonomy":"category","embeddable":true,"href":"https:\/\/www.eldigitaldeasturias.com\/noticias\/wp-json\/wp\/v2\/categories?post=459190"},{"taxonomy":"post_tag","embeddable":true,"href":"https:\/\/www.eldigitaldeasturias.com\/noticias\/wp-json\/wp\/v2\/tags?post=459190"}],"curies":[{"name":"wp","href":"https:\/\/api.w.org\/{rel}","templated":true}]}}