{"id":459175,"date":"2013-12-07T21:07:30","date_gmt":"2013-12-07T22:07:30","guid":{"rendered":"http:\/\/www.eldigitaldeasturias.com\/noticias\/?p=459175"},"modified":"2013-12-07T21:07:30","modified_gmt":"2013-12-07T22:07:30","slug":"cristiano-ronaldo-conoce-a-su-replica-en-el-museo-de-cera","status":"publish","type":"post","link":"https:\/\/www.eldigitaldeasturias.com\/noticias\/cristiano-ronaldo-conoce-a-su-replica-en-el-museo-de-cera\/","title":{"rendered":"Cristiano Ronaldo conoce a su r\u00e9plica en el Museo de Cera"},"content":{"rendered":"<p><img loading=\"lazy\" decoding=\"async\" class=\"alignleft size-large wp-image-459176\" alt=\"5778809w\" src=\"https:\/\/www.eldigitaldeasturias.com\/noticias\/wp-content\/uploads\/2013\/12\/5778809w-650x433.jpg\" width=\"650\" height=\"433\" \/>Madrid, 7 dic (EFE).- El jugador del Real Madrid y de la selecci\u00f3n portuguesa Cristiano Ronaldo ha acudido esta ma\u00f1ana al Museo de Cera de la capital de Espa\u00f1a para descubrir la escultura que se ha realizado en su honor.<\/p>\n<p>Cristiano, al que se le tomaron las medidas a finales del pasado mes de mayo, se mostr\u00f3 sorprendido con el trabajo realizado y alab\u00f3 el resultado final: \u00abPara m\u00ed es un placer. Es casi igual que yo\u00bb, indic\u00f3 tras posar junto a su r\u00e9plica.<\/p>\n<p>A finales de mayo dos escultores tomaron medidas de su anatom\u00eda durante casi una hora, el primer paso para inmortalizar en cera su figura.<\/p>\n<p>El acto de hoy, que se celebr\u00f3 en el exterior del museo, cont\u00f3 con la presencia de numerosos visitantes que quisieron ver de cerca a las dos figuras, la de carne y hueso y la de cera. Esta \u00faltima representa al atacante vestido con la el\u00e1stica del combinado luso, de pie, con las piernas separadas y mirando al frente.<\/p>\n","protected":false},"excerpt":{"rendered":"<p>Madrid, 7 dic (EFE).- El jugador del Real Madrid y de la selecci\u00f3n portuguesa Cristiano Ronaldo ha acudido esta ma\u00f1ana al Museo de Cera de la capital de Espa\u00f1a para descubrir la escultura que se ha realizado en su honor. Cristiano, al que se le tomaron las medidas a finales del pasado mes de mayo, [&hellip;]<\/p>\n","protected":false},"author":1,"featured_media":459176,"comment_status":"closed","ping_status":"open","sticky":false,"template":"","format":"standard","meta":{"footnotes":""},"categories":[28],"tags":[],"class_list":["post-459175","post","type-post","status-publish","format-standard","has-post-thumbnail","hentry","category-sociedad"],"aioseo_notices":[],"aioseo_head":"\n\t\t<!-- All in One SEO Pro 5.0.1 - aioseo.com -->\n\t<meta name=\"description\" content=\"Madrid, 7 dic (EFE).- El jugador del Real Madrid y de la selecci\u00f3n portuguesa Cristiano Ronaldo ha acudido esta ma\u00f1ana al Museo de Cera de la capital de Espa\u00f1a para descubrir la escultura que se ha realizado en su honor. Cristiano, al que se le tomaron las medidas a finales del pasado mes de mayo,\" \/>\n\t<meta name=\"robots\" content=\"max-image-preview:large\" \/>\n\t<meta name=\"author\" content=\"El Digital de Asturias\"\/>\n\t<meta name=\"google-site-verification\" content=\"UA-38556648-1\" \/>\n\t<meta name=\"msvalidate.01\" content=\"7dfe9f3f1b24437ab69f4f2559babe99\" \/>\n\t<meta name=\"keywords\" content=\"sociedad\" \/>\n\t<link rel=\"canonical\" href=\"https:\/\/www.eldigitaldeasturias.com\/noticias\/cristiano-ronaldo-conoce-a-su-replica-en-el-museo-de-cera\/\" \/>\n\t<meta name=\"generator\" content=\"All in One SEO Pro (AIOSEO) 5.0.1\" \/>\n\t\t<meta property=\"og:locale\" content=\"es_ES\" \/>\n\t\t<meta property=\"og:site_name\" content=\"El Digital de Asturias\" \/>\n\t\t<meta property=\"og:type\" content=\"article\" \/>\n\t\t<meta property=\"og:title\" content=\"Cristiano Ronaldo conoce a su r\u00e9plica en el Museo de Cera - El Digital de Asturias\" \/>\n\t\t<meta property=\"og:description\" content=\"Madrid, 7 dic (EFE).- El jugador del Real Madrid y de la selecci\u00f3n portuguesa Cristiano Ronaldo ha acudido esta ma\u00f1ana al Museo de Cera de la capital de Espa\u00f1a para descubrir la escultura que se ha realizado en su honor. Cristiano, al que se le tomaron las medidas a finales del pasado mes de mayo,\" \/>\n\t\t<meta property=\"og:url\" content=\"https:\/\/www.eldigitaldeasturias.com\/noticias\/cristiano-ronaldo-conoce-a-su-replica-en-el-museo-de-cera\/\" \/>\n\t\t<meta property=\"article:tag\" content=\"sociedad\" \/>\n\t\t<meta property=\"article:published_time\" content=\"2013-12-07T22:07:30+00:00\" \/>\n\t\t<meta property=\"article:modified_time\" content=\"2013-12-07T22:07:30+00:00\" \/>\n\t\t<meta property=\"article:publisher\" content=\"https:\/\/facebook.com\/eldigitaldeasturias\" \/>\n\t\t<meta name=\"twitter:card\" content=\"summary_large_image\" \/>\n\t\t<meta name=\"twitter:title\" content=\"Cristiano Ronaldo conoce a su r\u00e9plica en el Museo de Cera - El Digital de Asturias\" \/>\n\t\t<meta name=\"twitter:description\" content=\"Madrid, 7 dic (EFE).- El jugador del Real Madrid y de la selecci\u00f3n portuguesa Cristiano Ronaldo ha acudido esta ma\u00f1ana al Museo de Cera de la capital de Espa\u00f1a para descubrir la escultura que se ha realizado en su honor. Cristiano, al que se le tomaron las medidas a finales del pasado mes de mayo,\" \/>\n\t\t<meta name=\"twitter:label1\" content=\"Escrito por\" \/>\n\t\t<meta name=\"twitter:data1\" content=\"El Digital de Asturias\" \/>\n\t\t<meta name=\"twitter:label2\" content=\"Tiempo de lectura estimado\" \/>\n\t\t<meta name=\"twitter:data2\" content=\"1 minuto\" \/>\n\t\t<script type=\"application\/ld+json\" class=\"aioseo-schema\">\n\t\t\t{\"@context\":\"https:\\\/\\\/schema.org\",\"@graph\":[{\"@type\":\"BlogPosting\",\"@id\":\"https:\\\/\\\/www.eldigitaldeasturias.com\\\/noticias\\\/cristiano-ronaldo-conoce-a-su-replica-en-el-museo-de-cera\\\/#blogposting\",\"name\":\"Cristiano Ronaldo conoce a su r\\u00e9plica en el Museo de Cera - El Digital de Asturias\",\"headline\":\"Cristiano Ronaldo conoce a su r\\u00e9plica en el Museo de Cera\",\"author\":{\"@id\":\"https:\\\/\\\/www.eldigitaldeasturias.com\\\/noticias\\\/author\\\/admin\\\/#author\"},\"publisher\":{\"@id\":\"https:\\\/\\\/www.eldigitaldeasturias.com\\\/noticias\\\/#organization\"},\"image\":{\"@type\":\"ImageObject\",\"url\":459176},\"datePublished\":\"2013-12-07T21:07:30+01:00\",\"dateModified\":\"2013-12-07T21:07:30+01:00\",\"inLanguage\":\"es-ES\",\"mainEntityOfPage\":{\"@id\":\"https:\\\/\\\/www.eldigitaldeasturias.com\\\/noticias\\\/cristiano-ronaldo-conoce-a-su-replica-en-el-museo-de-cera\\\/#webpage\"},\"isPartOf\":{\"@id\":\"https:\\\/\\\/www.eldigitaldeasturias.com\\\/noticias\\\/cristiano-ronaldo-conoce-a-su-replica-en-el-museo-de-cera\\\/#webpage\"},\"articleSection\":\"Sociedad\"},{\"@type\":\"BreadcrumbList\",\"@id\":\"https:\\\/\\\/www.eldigitaldeasturias.com\\\/noticias\\\/cristiano-ronaldo-conoce-a-su-replica-en-el-museo-de-cera\\\/#breadcrumblist\",\"itemListElement\":[{\"@type\":\"ListItem\",\"@id\":\"https:\\\/\\\/www.eldigitaldeasturias.com\\\/noticias#listItem\",\"position\":1,\"name\":\"Home\",\"item\":\"https:\\\/\\\/www.eldigitaldeasturias.com\\\/noticias\",\"nextItem\":{\"@type\":\"ListItem\",\"@id\":\"https:\\\/\\\/www.eldigitaldeasturias.com\\\/noticias\\\/category\\\/sociedad\\\/#listItem\",\"name\":\"Sociedad\"}},{\"@type\":\"ListItem\",\"@id\":\"https:\\\/\\\/www.eldigitaldeasturias.com\\\/noticias\\\/category\\\/sociedad\\\/#listItem\",\"position\":2,\"name\":\"Sociedad\",\"item\":\"https:\\\/\\\/www.eldigitaldeasturias.com\\\/noticias\\\/category\\\/sociedad\\\/\",\"nextItem\":{\"@type\":\"ListItem\",\"@id\":\"https:\\\/\\\/www.eldigitaldeasturias.com\\\/noticias\\\/cristiano-ronaldo-conoce-a-su-replica-en-el-museo-de-cera\\\/#listItem\",\"name\":\"Cristiano Ronaldo conoce a su r\\u00e9plica en el Museo de Cera\"},\"previousItem\":{\"@type\":\"ListItem\",\"@id\":\"https:\\\/\\\/www.eldigitaldeasturias.com\\\/noticias#listItem\",\"name\":\"Home\"}},{\"@type\":\"ListItem\",\"@id\":\"https:\\\/\\\/www.eldigitaldeasturias.com\\\/noticias\\\/cristiano-ronaldo-conoce-a-su-replica-en-el-museo-de-cera\\\/#listItem\",\"position\":3,\"name\":\"Cristiano Ronaldo conoce a su r\\u00e9plica en el Museo de Cera\",\"previousItem\":{\"@type\":\"ListItem\",\"@id\":\"https:\\\/\\\/www.eldigitaldeasturias.com\\\/noticias\\\/category\\\/sociedad\\\/#listItem\",\"name\":\"Sociedad\"}}]},{\"@type\":\"Organization\",\"@id\":\"https:\\\/\\\/www.eldigitaldeasturias.com\\\/noticias\\\/#organization\",\"name\":\"El Digital de Asturias\",\"description\":\"Hemeroteca\",\"url\":\"https:\\\/\\\/www.eldigitaldeasturias.com\\\/noticias\\\/\",\"email\":\"info@eldigitaldeasturias.com\",\"telephone\":\"+34652131393\",\"logo\":{\"@type\":\"ImageObject\",\"url\":\"https:\\\/\\\/www.eldigitaldeasturias.com\\\/noticias\\\/wp-content\\\/uploads\\\/2020\\\/12\\\/EDA.jpg\",\"@id\":\"https:\\\/\\\/www.eldigitaldeasturias.com\\\/noticias\\\/cristiano-ronaldo-conoce-a-su-replica-en-el-museo-de-cera\\\/#organizationLogo\"},\"image\":{\"@id\":\"https:\\\/\\\/www.eldigitaldeasturias.com\\\/noticias\\\/cristiano-ronaldo-conoce-a-su-replica-en-el-museo-de-cera\\\/#organizationLogo\"},\"sameAs\":[\"https:\\\/\\\/facebook.com\\\/eldigitaldeasturias\",\"https:\\\/\\\/www.youtube.com\\\/channel\\\/UCZP-2wLEB9Rv6erhFmqVnvg\"],\"address\":{\"@id\":\"https:\\\/\\\/www.eldigitaldeasturias.com\\\/noticias\\\/#postaladdress\",\"@type\":\"PostalAddress\",\"streetAddress\":\"san antonio 4\",\"postalCode\":\"33430\",\"addressLocality\":\"Cand\\u00e1s\",\"addressRegion\":\"Asturias\",\"addressCountry\":\"ES\"}},{\"@type\":\"Person\",\"@id\":\"https:\\\/\\\/www.eldigitaldeasturias.com\\\/noticias\\\/author\\\/admin\\\/#author\",\"url\":\"https:\\\/\\\/www.eldigitaldeasturias.com\\\/noticias\\\/author\\\/admin\\\/\",\"name\":\"El Digital de Asturias\",\"image\":{\"@type\":\"ImageObject\",\"@id\":\"https:\\\/\\\/www.eldigitaldeasturias.com\\\/noticias\\\/cristiano-ronaldo-conoce-a-su-replica-en-el-museo-de-cera\\\/#authorImage\",\"url\":\"https:\\\/\\\/secure.gravatar.com\\\/avatar\\\/df2aeffc32bcd13f8d26072ef8a91b623d677766deac7f97ca815868cd41bf5e?s=96&d=mm&r=g\",\"width\":96,\"height\":96,\"caption\":\"El Digital de Asturias\"}},{\"@type\":\"WebPage\",\"@id\":\"https:\\\/\\\/www.eldigitaldeasturias.com\\\/noticias\\\/cristiano-ronaldo-conoce-a-su-replica-en-el-museo-de-cera\\\/#webpage\",\"url\":\"https:\\\/\\\/www.eldigitaldeasturias.com\\\/noticias\\\/cristiano-ronaldo-conoce-a-su-replica-en-el-museo-de-cera\\\/\",\"name\":\"Cristiano Ronaldo conoce a su r\\u00e9plica en el Museo de Cera - El Digital de Asturias\",\"description\":\"Madrid, 7 dic (EFE).- El jugador del Real Madrid y de la selecci\\u00f3n portuguesa Cristiano Ronaldo ha acudido esta ma\\u00f1ana al Museo de Cera de la capital de Espa\\u00f1a para descubrir la escultura que se ha realizado en su honor. Cristiano, al que se le tomaron las medidas a finales del pasado mes de mayo,\",\"inLanguage\":\"es-ES\",\"isPartOf\":{\"@id\":\"https:\\\/\\\/www.eldigitaldeasturias.com\\\/noticias\\\/#website\"},\"breadcrumb\":{\"@id\":\"https:\\\/\\\/www.eldigitaldeasturias.com\\\/noticias\\\/cristiano-ronaldo-conoce-a-su-replica-en-el-museo-de-cera\\\/#breadcrumblist\"},\"author\":{\"@id\":\"https:\\\/\\\/www.eldigitaldeasturias.com\\\/noticias\\\/author\\\/admin\\\/#author\"},\"creator\":{\"@id\":\"https:\\\/\\\/www.eldigitaldeasturias.com\\\/noticias\\\/author\\\/admin\\\/#author\"},\"image\":{\"@type\":\"ImageObject\",\"url\":459176,\"@id\":\"https:\\\/\\\/www.eldigitaldeasturias.com\\\/noticias\\\/cristiano-ronaldo-conoce-a-su-replica-en-el-museo-de-cera\\\/#mainImage\"},\"primaryImageOfPage\":{\"@id\":\"https:\\\/\\\/www.eldigitaldeasturias.com\\\/noticias\\\/cristiano-ronaldo-conoce-a-su-replica-en-el-museo-de-cera\\\/#mainImage\"},\"datePublished\":\"2013-12-07T21:07:30+01:00\",\"dateModified\":\"2013-12-07T21:07:30+01:00\"},{\"@type\":\"WebSite\",\"@id\":\"https:\\\/\\\/www.eldigitaldeasturias.com\\\/noticias\\\/#website\",\"url\":\"https:\\\/\\\/www.eldigitaldeasturias.com\\\/noticias\\\/\",\"name\":\"El Digital de Asturias - Diario de actualidad y noticias\",\"alternateName\":\"El Digital de Asturias - Diario de actualidad y noticias\",\"description\":\"Hemeroteca\",\"inLanguage\":\"es-ES\",\"publisher\":{\"@id\":\"https:\\\/\\\/www.eldigitaldeasturias.com\\\/noticias\\\/#organization\"}}]}\n\t\t<\/script>\n\t\t<!-- All in One SEO Pro -->\r\n\t\t<title>Cristiano Ronaldo conoce a su r\u00e9plica en el Museo de Cera - El Digital de Asturias<\/title>\n\n","aioseo_head_json":{"title":"Cristiano Ronaldo conoce a su r\u00e9plica en el Museo de Cera - El Digital de Asturias","description":"Madrid, 7 dic (EFE).- El jugador del Real Madrid y de la selecci\u00f3n portuguesa Cristiano Ronaldo ha acudido esta ma\u00f1ana al Museo de Cera de la capital de Espa\u00f1a para descubrir la escultura que se ha realizado en su honor. Cristiano, al que se le tomaron las medidas a finales del pasado mes de mayo,","canonical_url":"https:\/\/www.eldigitaldeasturias.com\/noticias\/cristiano-ronaldo-conoce-a-su-replica-en-el-museo-de-cera\/","robots":"max-image-preview:large","keywords":"sociedad","webmasterTools":{"google-site-verification":"UA-38556648-1","msvalidate.01":"7dfe9f3f1b24437ab69f4f2559babe99","miscellaneous":""},"schema":{"@context":"https:\/\/schema.org","@graph":[{"@type":"BlogPosting","@id":"https:\/\/www.eldigitaldeasturias.com\/noticias\/cristiano-ronaldo-conoce-a-su-replica-en-el-museo-de-cera\/#blogposting","name":"Cristiano Ronaldo conoce a su r\u00e9plica en el Museo de Cera - El Digital de Asturias","headline":"Cristiano Ronaldo conoce a su r\u00e9plica en el Museo de Cera","author":{"@id":"https:\/\/www.eldigitaldeasturias.com\/noticias\/author\/admin\/#author"},"publisher":{"@id":"https:\/\/www.eldigitaldeasturias.com\/noticias\/#organization"},"image":{"@type":"ImageObject","url":459176},"datePublished":"2013-12-07T21:07:30+01:00","dateModified":"2013-12-07T21:07:30+01:00","inLanguage":"es-ES","mainEntityOfPage":{"@id":"https:\/\/www.eldigitaldeasturias.com\/noticias\/cristiano-ronaldo-conoce-a-su-replica-en-el-museo-de-cera\/#webpage"},"isPartOf":{"@id":"https:\/\/www.eldigitaldeasturias.com\/noticias\/cristiano-ronaldo-conoce-a-su-replica-en-el-museo-de-cera\/#webpage"},"articleSection":"Sociedad"},{"@type":"BreadcrumbList","@id":"https:\/\/www.eldigitaldeasturias.com\/noticias\/cristiano-ronaldo-conoce-a-su-replica-en-el-museo-de-cera\/#breadcrumblist","itemListElement":[{"@type":"ListItem","@id":"https:\/\/www.eldigitaldeasturias.com\/noticias#listItem","position":1,"name":"Home","item":"https:\/\/www.eldigitaldeasturias.com\/noticias","nextItem":{"@type":"ListItem","@id":"https:\/\/www.eldigitaldeasturias.com\/noticias\/category\/sociedad\/#listItem","name":"Sociedad"}},{"@type":"ListItem","@id":"https:\/\/www.eldigitaldeasturias.com\/noticias\/category\/sociedad\/#listItem","position":2,"name":"Sociedad","item":"https:\/\/www.eldigitaldeasturias.com\/noticias\/category\/sociedad\/","nextItem":{"@type":"ListItem","@id":"https:\/\/www.eldigitaldeasturias.com\/noticias\/cristiano-ronaldo-conoce-a-su-replica-en-el-museo-de-cera\/#listItem","name":"Cristiano Ronaldo conoce a su r\u00e9plica en el Museo de Cera"},"previousItem":{"@type":"ListItem","@id":"https:\/\/www.eldigitaldeasturias.com\/noticias#listItem","name":"Home"}},{"@type":"ListItem","@id":"https:\/\/www.eldigitaldeasturias.com\/noticias\/cristiano-ronaldo-conoce-a-su-replica-en-el-museo-de-cera\/#listItem","position":3,"name":"Cristiano Ronaldo conoce a su r\u00e9plica en el Museo de Cera","previousItem":{"@type":"ListItem","@id":"https:\/\/www.eldigitaldeasturias.com\/noticias\/category\/sociedad\/#listItem","name":"Sociedad"}}]},{"@type":"Organization","@id":"https:\/\/www.eldigitaldeasturias.com\/noticias\/#organization","name":"El Digital de Asturias","description":"Hemeroteca","url":"https:\/\/www.eldigitaldeasturias.com\/noticias\/","email":"info@eldigitaldeasturias.com","telephone":"+34652131393","logo":{"@type":"ImageObject","url":"https:\/\/www.eldigitaldeasturias.com\/noticias\/wp-content\/uploads\/2020\/12\/EDA.jpg","@id":"https:\/\/www.eldigitaldeasturias.com\/noticias\/cristiano-ronaldo-conoce-a-su-replica-en-el-museo-de-cera\/#organizationLogo"},"image":{"@id":"https:\/\/www.eldigitaldeasturias.com\/noticias\/cristiano-ronaldo-conoce-a-su-replica-en-el-museo-de-cera\/#organizationLogo"},"sameAs":["https:\/\/facebook.com\/eldigitaldeasturias","https:\/\/www.youtube.com\/channel\/UCZP-2wLEB9Rv6erhFmqVnvg"],"address":{"@id":"https:\/\/www.eldigitaldeasturias.com\/noticias\/#postaladdress","@type":"PostalAddress","streetAddress":"san antonio 4","postalCode":"33430","addressLocality":"Cand\u00e1s","addressRegion":"Asturias","addressCountry":"ES"}},{"@type":"Person","@id":"https:\/\/www.eldigitaldeasturias.com\/noticias\/author\/admin\/#author","url":"https:\/\/www.eldigitaldeasturias.com\/noticias\/author\/admin\/","name":"El Digital de Asturias","image":{"@type":"ImageObject","@id":"https:\/\/www.eldigitaldeasturias.com\/noticias\/cristiano-ronaldo-conoce-a-su-replica-en-el-museo-de-cera\/#authorImage","url":"https:\/\/secure.gravatar.com\/avatar\/df2aeffc32bcd13f8d26072ef8a91b623d677766deac7f97ca815868cd41bf5e?s=96&d=mm&r=g","width":96,"height":96,"caption":"El Digital de Asturias"}},{"@type":"WebPage","@id":"https:\/\/www.eldigitaldeasturias.com\/noticias\/cristiano-ronaldo-conoce-a-su-replica-en-el-museo-de-cera\/#webpage","url":"https:\/\/www.eldigitaldeasturias.com\/noticias\/cristiano-ronaldo-conoce-a-su-replica-en-el-museo-de-cera\/","name":"Cristiano Ronaldo conoce a su r\u00e9plica en el Museo de Cera - El Digital de Asturias","description":"Madrid, 7 dic (EFE).- El jugador del Real Madrid y de la selecci\u00f3n portuguesa Cristiano Ronaldo ha acudido esta ma\u00f1ana al Museo de Cera de la capital de Espa\u00f1a para descubrir la escultura que se ha realizado en su honor. Cristiano, al que se le tomaron las medidas a finales del pasado mes de mayo,","inLanguage":"es-ES","isPartOf":{"@id":"https:\/\/www.eldigitaldeasturias.com\/noticias\/#website"},"breadcrumb":{"@id":"https:\/\/www.eldigitaldeasturias.com\/noticias\/cristiano-ronaldo-conoce-a-su-replica-en-el-museo-de-cera\/#breadcrumblist"},"author":{"@id":"https:\/\/www.eldigitaldeasturias.com\/noticias\/author\/admin\/#author"},"creator":{"@id":"https:\/\/www.eldigitaldeasturias.com\/noticias\/author\/admin\/#author"},"image":{"@type":"ImageObject","url":459176,"@id":"https:\/\/www.eldigitaldeasturias.com\/noticias\/cristiano-ronaldo-conoce-a-su-replica-en-el-museo-de-cera\/#mainImage"},"primaryImageOfPage":{"@id":"https:\/\/www.eldigitaldeasturias.com\/noticias\/cristiano-ronaldo-conoce-a-su-replica-en-el-museo-de-cera\/#mainImage"},"datePublished":"2013-12-07T21:07:30+01:00","dateModified":"2013-12-07T21:07:30+01:00"},{"@type":"WebSite","@id":"https:\/\/www.eldigitaldeasturias.com\/noticias\/#website","url":"https:\/\/www.eldigitaldeasturias.com\/noticias\/","name":"El Digital de Asturias - Diario de actualidad y noticias","alternateName":"El Digital de Asturias - Diario de actualidad y noticias","description":"Hemeroteca","inLanguage":"es-ES","publisher":{"@id":"https:\/\/www.eldigitaldeasturias.com\/noticias\/#organization"}}]},"og:locale":"es_ES","og:site_name":"El Digital de Asturias","og:type":"article","og:title":"Cristiano Ronaldo conoce a su r\u00e9plica en el Museo de Cera - El Digital de Asturias","og:description":"Madrid, 7 dic (EFE).- El jugador del Real Madrid y de la selecci\u00f3n portuguesa Cristiano Ronaldo ha acudido esta ma\u00f1ana al Museo de Cera de la capital de Espa\u00f1a para descubrir la escultura que se ha realizado en su honor. Cristiano, al que se le tomaron las medidas a finales del pasado mes de mayo,","og:url":"https:\/\/www.eldigitaldeasturias.com\/noticias\/cristiano-ronaldo-conoce-a-su-replica-en-el-museo-de-cera\/","article:tag":["sociedad"],"article:published_time":"2013-12-07T22:07:30+00:00","article:modified_time":"2013-12-07T22:07:30+00:00","article:publisher":"https:\/\/facebook.com\/eldigitaldeasturias","twitter:card":"summary_large_image","twitter:title":"Cristiano Ronaldo conoce a su r\u00e9plica en el Museo de Cera - El Digital de Asturias","twitter:description":"Madrid, 7 dic (EFE).- El jugador del Real Madrid y de la selecci\u00f3n portuguesa Cristiano Ronaldo ha acudido esta ma\u00f1ana al Museo de Cera de la capital de Espa\u00f1a para descubrir la escultura que se ha realizado en su honor. Cristiano, al que se le tomaron las medidas a finales del pasado mes de mayo,","twitter:label1":"Escrito por","twitter:data1":"El Digital de Asturias","twitter:label2":"Tiempo de lectura estimado","twitter:data2":"1 minuto"},"aioseo_meta_data":{"post_id":"459175","title":null,"description":null,"keywords":null,"keyphrases":null,"primary_term":null,"canonical_url":null,"og_title":null,"og_description":null,"og_object_type":"default","og_image_type":"default","og_image_url":null,"og_image_width":null,"og_image_height":null,"og_image_custom_url":null,"og_image_custom_fields":null,"og_video":null,"og_custom_url":null,"og_article_section":null,"og_article_tags":null,"twitter_use_og":true,"twitter_card":"default","twitter_image_type":"default","twitter_image_url":null,"twitter_image_custom_url":null,"twitter_image_custom_fields":null,"twitter_title":null,"twitter_description":null,"schema":{"blockGraphs":[],"customGraphs":[],"default":{"data":{"Article":[],"Course":[],"Dataset":[],"FAQPage":[],"Movie":[],"Person":[],"Product":[],"ProductReview":[],"Car":[],"Recipe":[],"Service":[],"SoftwareApplication":[],"WebPage":[]},"graphName":"","isEnabled":true},"graphs":[],"defaultGraph":"","defaultPostTypeGraph":""},"schema_type":null,"schema_type_options":null,"pillar_content":false,"robots_default":true,"robots_noindex":false,"robots_noarchive":false,"robots_nosnippet":false,"robots_nofollow":false,"robots_noimageindex":false,"robots_noodp":false,"robots_notranslate":false,"robots_max_snippet":null,"robots_max_videopreview":null,"robots_max_imagepreview":"none","priority":null,"frequency":null,"local_seo":null,"seo_analyzer_scan_date":"2026-05-30 08:20:00","breadcrumb_settings":null,"limit_modified_date":false,"open_ai":null,"ai":null,"created":"2020-11-14 22:47:32","updated":"2026-05-30 08:20:00","focus_keyword":null,"additional_keywords":null,"truseo_locale":null},"aioseo_breadcrumb":"<div class=\"aioseo-breadcrumbs\"><span class=\"aioseo-breadcrumb\">\n\t<a href=\"https:\/\/www.eldigitaldeasturias.com\/noticias\" title=\"Home\">Home<\/a>\n<\/span><span class=\"aioseo-breadcrumb-separator\">\u2013<\/span><span class=\"aioseo-breadcrumb\">\n\t<a href=\"https:\/\/www.eldigitaldeasturias.com\/noticias\/category\/sociedad\/\" title=\"Sociedad\">Sociedad<\/a>\n<\/span><span class=\"aioseo-breadcrumb-separator\">\u2013<\/span><span class=\"aioseo-breadcrumb\">\n\t<a href=\"https:\/\/www.eldigitaldeasturias.com\/noticias\/cristiano-ronaldo-conoce-a-su-replica-en-el-museo-de-cera\/\" title=\"Cristiano Ronaldo conoce a su r\u00e9plica en el Museo de Cera\">Cristiano Ronaldo conoce a su r\u00e9plica en el Museo de Cera<\/a>\n<\/span><\/div>","aioseo_breadcrumb_json":[{"label":"Home","link":"https:\/\/www.eldigitaldeasturias.com\/noticias"},{"label":"Sociedad","link":"https:\/\/www.eldigitaldeasturias.com\/noticias\/category\/sociedad\/"},{"label":"Cristiano Ronaldo conoce a su r\u00e9plica en el Museo de Cera","link":"https:\/\/www.eldigitaldeasturias.com\/noticias\/cristiano-ronaldo-conoce-a-su-replica-en-el-museo-de-cera\/"}],"_links":{"self":[{"href":"https:\/\/www.eldigitaldeasturias.com\/noticias\/wp-json\/wp\/v2\/posts\/459175","targetHints":{"allow":["GET"]}}],"collection":[{"href":"https:\/\/www.eldigitaldeasturias.com\/noticias\/wp-json\/wp\/v2\/posts"}],"about":[{"href":"https:\/\/www.eldigitaldeasturias.com\/noticias\/wp-json\/wp\/v2\/types\/post"}],"author":[{"embeddable":true,"href":"https:\/\/www.eldigitaldeasturias.com\/noticias\/wp-json\/wp\/v2\/users\/1"}],"replies":[{"embeddable":true,"href":"https:\/\/www.eldigitaldeasturias.com\/noticias\/wp-json\/wp\/v2\/comments?post=459175"}],"version-history":[{"count":0,"href":"https:\/\/www.eldigitaldeasturias.com\/noticias\/wp-json\/wp\/v2\/posts\/459175\/revisions"}],"wp:attachment":[{"href":"https:\/\/www.eldigitaldeasturias.com\/noticias\/wp-json\/wp\/v2\/media?parent=459175"}],"wp:term":[{"taxonomy":"category","embeddable":true,"href":"https:\/\/www.eldigitaldeasturias.com\/noticias\/wp-json\/wp\/v2\/categories?post=459175"},{"taxonomy":"post_tag","embeddable":true,"href":"https:\/\/www.eldigitaldeasturias.com\/noticias\/wp-json\/wp\/v2\/tags?post=459175"}],"curies":[{"name":"wp","href":"https:\/\/api.w.org\/{rel}","templated":true}]}}