{"id":459163,"date":"2013-12-07T20:59:12","date_gmt":"2013-12-07T21:59:12","guid":{"rendered":"http:\/\/www.eldigitaldeasturias.com\/noticias\/?p=459163"},"modified":"2013-12-07T20:59:12","modified_gmt":"2013-12-07T21:59:12","slug":"ni-los-super-heroes-se-salvan-de-la-crisis","status":"publish","type":"post","link":"https:\/\/www.eldigitaldeasturias.com\/noticias\/ni-los-super-heroes-se-salvan-de-la-crisis\/","title":{"rendered":"Ni los s\u00faper h\u00e9roes se salvan de la crisis"},"content":{"rendered":"<p><img loading=\"lazy\" decoding=\"async\" class=\"alignleft size-medium wp-image-459164\" alt=\"5778731w\" src=\"https:\/\/www.eldigitaldeasturias.com\/noticias\/wp-content\/uploads\/2013\/12\/5778731w-213x320.jpg\" width=\"213\" height=\"320\" \/>Vigo, 7 dic (EFE).- La crisis econ\u00f3mica ha extendido sus tent\u00e1culos al universo del c\u00f3mic, donde, al igual que sucede en la vida real, hasta el menos pensado ha acabado padeciendo sus estragos.<\/p>\n<p>Y si no que se lo pregunten a \u00abSharp Avenger\u00bb, un s\u00faper h\u00e9roe sin blanca y desahuciado que ha sido creado por el dibujante de Vilagarc\u00eda de Arousa David Buceta.<\/p>\n<p>Un grupo de 40 artistas coordinado por el propio Buceta y por el guionista vigu\u00e9s David Bra\u00f1a narra la historia de supervivencia de este antih\u00e9roe en un c\u00f3mic coral que busca financiaci\u00f3n para ver la luz.<\/p>\n<p>A tal efecto hay en marcha una campa\u00f1a de micro mecenazgo a trav\u00e9s de la plataforma \u00abVerkami\u00bb, que por el momento ha recaudado 1.300 euros de los 6.000 que se necesitan para llevar el c\u00f3mic a imprenta.<\/p>\n<p>Todo lo que se recaude a partir de esa cifra ser\u00e1 donado al Banco de Alimentos de Vigo.<\/p>\n<p>En una entrevista con Efe, el guionista David Bra\u00f1a explica que \u00abSharp Avenger\u00bb es un s\u00faper h\u00e9roe venido a menos que, por los avatares de la vida, ha acabado separado de su pareja, viviendo en la calle, en cualquier lugar de Espa\u00f1a; \u00abenganchado al vino\u00bb y apenas tiene para comer.<\/p>\n<p>Pese a sus actuales circunstancias, este personaje con capa y m\u00e1scara amarillas, otrora relucientes pero ahora hechas andrajos, y que luce en el pecho el s\u00edmbolo de la almohadilla de los teclados de ordenador, no puede con su condici\u00f3n.<\/p>\n<p>Se sigue rebelando ante las injusticias que fueron y siguen siendo \u00absu raz\u00f3n de ser\u00bb, pero ahora que est\u00e1 d\u00e9bil \u00abrecibe m\u00e1s de lo que da\u00bb, apostilla Bra\u00f1a, quien apunta que no es el tipo de personaje de ficci\u00f3n al uso con poderes sobrenaturales.<\/p>\n<p>En las 120 p\u00e1ginas del proyecto \u00abSharp Avenger vive en la calle\u00bb, los artistas colaboradores narran un d\u00eda en la vida de este personaje, en el que cada hora que pasa toma el relevo un equipo creativo diferente, a semejanza del modelo del c\u00f3mic participativo \u00abCad\u00e1ver exquisito\u00bb.<\/p>\n<p>En ese escaso margen de un d\u00eda \u00able pasa un poco de todo\u00bb a \u00abSharp Avenger\u00bb, que como todo s\u00faper h\u00e9roe tiene su ant\u00edtesis en un villano: en su caso, \u00abun millonario que se est\u00e1 aprovechando de la crisis para amasar m\u00e1s dinero y explotar a la gente\u00bb.<\/p>\n<p>Este c\u00f3mic, explica Bra\u00f1a, \u00abtiene un trasfondo de cr\u00edtica social\u00bb al contextualizar la trama en un ambiente de manifestaciones y protestas por los recortes del gobierno de turno, mezclando \u00abtoques de humor con dosis de drama\u00bb.<\/p>\n<p>Sin pretensiones moralizantes, este \u00abproducto de entretenimiento con el lenguaje propio del c\u00f3mic\u00bb intenta \u00ablevantar la voz\u00bb a trav\u00e9s de las vi\u00f1etas y transmitir \u00abun mensaje de apoyo a la gente que lo est\u00e1 pasando mal\u00bb, detalla Bra\u00f1a, autor del gui\u00f3n de dos historietas y coordinador del proyecto.<\/p>\n<p>En la lista de 40 artistas colaboradores, entre guionistas, dibujantes, coloristas e ilustradores, se cuentan varios gallegos como Norberto Fern\u00e1ndez, Van Dur\u00e1n, Jos\u00e9 A. Ares, Jorge F. Peral, Adolfo Taboada, Sergio Covelo, Gabi Iglesias y Gabriel Romero.<\/p>\n<p>Adem\u00e1s de las aventuras y desventuras de \u00abSharp Avenger\u00bb, el vigu\u00e9s David Bra\u00f1a est\u00e1 involucrado en otro proyecto que acaba de ver la luz, el c\u00f3mic \u00abMercury\u00bb, en el que colabora como guionista junto al dibujante Abel Cicero.<\/p>\n<p>Esta obra \u00abde g\u00e9nero negro en un entorno futurista\u00bb, seg\u00fan la describe Bra\u00f1a, narra las peripecias de un asesino profesional (Mercury) que en un hipot\u00e9tico futuro busca vengarse de alguien que intent\u00f3 asesinarlo y acab\u00f3 matando a su novia embarazada.<\/p>\n<p>Jorge Morales<\/p>\n","protected":false},"excerpt":{"rendered":"<p>Vigo, 7 dic (EFE).- La crisis econ\u00f3mica ha extendido sus tent\u00e1culos al universo del c\u00f3mic, donde, al igual que sucede en la vida real, hasta el menos pensado ha acabado padeciendo sus estragos. Y si no que se lo pregunten a \u00abSharp Avenger\u00bb, un s\u00faper h\u00e9roe sin blanca y desahuciado que ha sido creado por [&hellip;]<\/p>\n","protected":false},"author":1,"featured_media":459164,"comment_status":"closed","ping_status":"open","sticky":false,"template":"","format":"standard","meta":{"footnotes":""},"categories":[50],"tags":[],"class_list":["post-459163","post","type-post","status-publish","format-standard","has-post-thumbnail","hentry","category-revista-de-ocio"],"aioseo_notices":[],"aioseo_head":"\n\t\t<!-- All in One SEO Pro 5.0.1 - aioseo.com -->\n\t<meta name=\"description\" content=\"Vigo, 7 dic (EFE).- La crisis econ\u00f3mica ha extendido sus tent\u00e1culos al universo del c\u00f3mic, donde, al igual que sucede en la vida real, hasta el menos pensado ha acabado padeciendo sus estragos. Y si no que se lo pregunten a &quot;Sharp Avenger&quot;, un s\u00faper h\u00e9roe sin blanca y desahuciado que ha sido creado por\" \/>\n\t<meta name=\"robots\" content=\"max-image-preview:large\" \/>\n\t<meta name=\"author\" content=\"El Digital de Asturias\"\/>\n\t<meta name=\"google-site-verification\" content=\"UA-38556648-1\" \/>\n\t<meta name=\"msvalidate.01\" content=\"7dfe9f3f1b24437ab69f4f2559babe99\" \/>\n\t<meta name=\"keywords\" content=\"revista de ocio\" \/>\n\t<link rel=\"canonical\" href=\"https:\/\/www.eldigitaldeasturias.com\/noticias\/ni-los-super-heroes-se-salvan-de-la-crisis\/\" \/>\n\t<meta name=\"generator\" content=\"All in One SEO Pro (AIOSEO) 5.0.1\" \/>\n\t\t<meta property=\"og:locale\" content=\"es_ES\" \/>\n\t\t<meta property=\"og:site_name\" content=\"El Digital de Asturias\" \/>\n\t\t<meta property=\"og:type\" content=\"article\" \/>\n\t\t<meta property=\"og:title\" content=\"Ni los s\u00faper h\u00e9roes se salvan de la crisis - El Digital de Asturias\" \/>\n\t\t<meta property=\"og:description\" content=\"Vigo, 7 dic (EFE).- La crisis econ\u00f3mica ha extendido sus tent\u00e1culos al universo del c\u00f3mic, donde, al igual que sucede en la vida real, hasta el menos pensado ha acabado padeciendo sus estragos. Y si no que se lo pregunten a &quot;Sharp Avenger&quot;, un s\u00faper h\u00e9roe sin blanca y desahuciado que ha sido creado por\" \/>\n\t\t<meta property=\"og:url\" content=\"https:\/\/www.eldigitaldeasturias.com\/noticias\/ni-los-super-heroes-se-salvan-de-la-crisis\/\" \/>\n\t\t<meta property=\"article:tag\" content=\"revista de ocio\" \/>\n\t\t<meta property=\"article:published_time\" content=\"2013-12-07T21:59:12+00:00\" \/>\n\t\t<meta property=\"article:modified_time\" content=\"2013-12-07T21:59:12+00:00\" \/>\n\t\t<meta property=\"article:publisher\" content=\"https:\/\/facebook.com\/eldigitaldeasturias\" \/>\n\t\t<meta name=\"twitter:card\" content=\"summary_large_image\" \/>\n\t\t<meta name=\"twitter:title\" content=\"Ni los s\u00faper h\u00e9roes se salvan de la crisis - El Digital de Asturias\" \/>\n\t\t<meta name=\"twitter:description\" content=\"Vigo, 7 dic (EFE).- La crisis econ\u00f3mica ha extendido sus tent\u00e1culos al universo del c\u00f3mic, donde, al igual que sucede en la vida real, hasta el menos pensado ha acabado padeciendo sus estragos. Y si no que se lo pregunten a &quot;Sharp Avenger&quot;, un s\u00faper h\u00e9roe sin blanca y desahuciado que ha sido creado por\" \/>\n\t\t<meta name=\"twitter:label1\" content=\"Escrito por\" \/>\n\t\t<meta name=\"twitter:data1\" content=\"El Digital de Asturias\" \/>\n\t\t<meta name=\"twitter:label2\" content=\"Tiempo de lectura estimado\" \/>\n\t\t<meta name=\"twitter:data2\" content=\"3 minutos\" \/>\n\t\t<script type=\"application\/ld+json\" class=\"aioseo-schema\">\n\t\t\t{\"@context\":\"https:\\\/\\\/schema.org\",\"@graph\":[{\"@type\":\"BlogPosting\",\"@id\":\"https:\\\/\\\/www.eldigitaldeasturias.com\\\/noticias\\\/ni-los-super-heroes-se-salvan-de-la-crisis\\\/#blogposting\",\"name\":\"Ni los s\\u00faper h\\u00e9roes se salvan de la crisis - El Digital de Asturias\",\"headline\":\"Ni los s\\u00faper h\\u00e9roes se salvan de la crisis\",\"author\":{\"@id\":\"https:\\\/\\\/www.eldigitaldeasturias.com\\\/noticias\\\/author\\\/admin\\\/#author\"},\"publisher\":{\"@id\":\"https:\\\/\\\/www.eldigitaldeasturias.com\\\/noticias\\\/#organization\"},\"image\":{\"@type\":\"ImageObject\",\"url\":459164},\"datePublished\":\"2013-12-07T20:59:12+01:00\",\"dateModified\":\"2013-12-07T20:59:12+01:00\",\"inLanguage\":\"es-ES\",\"mainEntityOfPage\":{\"@id\":\"https:\\\/\\\/www.eldigitaldeasturias.com\\\/noticias\\\/ni-los-super-heroes-se-salvan-de-la-crisis\\\/#webpage\"},\"isPartOf\":{\"@id\":\"https:\\\/\\\/www.eldigitaldeasturias.com\\\/noticias\\\/ni-los-super-heroes-se-salvan-de-la-crisis\\\/#webpage\"},\"articleSection\":\"Revista de Ocio\"},{\"@type\":\"BreadcrumbList\",\"@id\":\"https:\\\/\\\/www.eldigitaldeasturias.com\\\/noticias\\\/ni-los-super-heroes-se-salvan-de-la-crisis\\\/#breadcrumblist\",\"itemListElement\":[{\"@type\":\"ListItem\",\"@id\":\"https:\\\/\\\/www.eldigitaldeasturias.com\\\/noticias#listItem\",\"position\":1,\"name\":\"Home\",\"item\":\"https:\\\/\\\/www.eldigitaldeasturias.com\\\/noticias\",\"nextItem\":{\"@type\":\"ListItem\",\"@id\":\"https:\\\/\\\/www.eldigitaldeasturias.com\\\/noticias\\\/category\\\/revista-de-ocio\\\/#listItem\",\"name\":\"Revista de Ocio\"}},{\"@type\":\"ListItem\",\"@id\":\"https:\\\/\\\/www.eldigitaldeasturias.com\\\/noticias\\\/category\\\/revista-de-ocio\\\/#listItem\",\"position\":2,\"name\":\"Revista de Ocio\",\"item\":\"https:\\\/\\\/www.eldigitaldeasturias.com\\\/noticias\\\/category\\\/revista-de-ocio\\\/\",\"nextItem\":{\"@type\":\"ListItem\",\"@id\":\"https:\\\/\\\/www.eldigitaldeasturias.com\\\/noticias\\\/ni-los-super-heroes-se-salvan-de-la-crisis\\\/#listItem\",\"name\":\"Ni los s\\u00faper h\\u00e9roes se salvan de la crisis\"},\"previousItem\":{\"@type\":\"ListItem\",\"@id\":\"https:\\\/\\\/www.eldigitaldeasturias.com\\\/noticias#listItem\",\"name\":\"Home\"}},{\"@type\":\"ListItem\",\"@id\":\"https:\\\/\\\/www.eldigitaldeasturias.com\\\/noticias\\\/ni-los-super-heroes-se-salvan-de-la-crisis\\\/#listItem\",\"position\":3,\"name\":\"Ni los s\\u00faper h\\u00e9roes se salvan de la crisis\",\"previousItem\":{\"@type\":\"ListItem\",\"@id\":\"https:\\\/\\\/www.eldigitaldeasturias.com\\\/noticias\\\/category\\\/revista-de-ocio\\\/#listItem\",\"name\":\"Revista de Ocio\"}}]},{\"@type\":\"Organization\",\"@id\":\"https:\\\/\\\/www.eldigitaldeasturias.com\\\/noticias\\\/#organization\",\"name\":\"El Digital de Asturias\",\"description\":\"Hemeroteca\",\"url\":\"https:\\\/\\\/www.eldigitaldeasturias.com\\\/noticias\\\/\",\"email\":\"info@eldigitaldeasturias.com\",\"telephone\":\"+34652131393\",\"logo\":{\"@type\":\"ImageObject\",\"url\":\"https:\\\/\\\/www.eldigitaldeasturias.com\\\/noticias\\\/wp-content\\\/uploads\\\/2020\\\/12\\\/EDA.jpg\",\"@id\":\"https:\\\/\\\/www.eldigitaldeasturias.com\\\/noticias\\\/ni-los-super-heroes-se-salvan-de-la-crisis\\\/#organizationLogo\"},\"image\":{\"@id\":\"https:\\\/\\\/www.eldigitaldeasturias.com\\\/noticias\\\/ni-los-super-heroes-se-salvan-de-la-crisis\\\/#organizationLogo\"},\"sameAs\":[\"https:\\\/\\\/facebook.com\\\/eldigitaldeasturias\",\"https:\\\/\\\/www.youtube.com\\\/channel\\\/UCZP-2wLEB9Rv6erhFmqVnvg\"],\"address\":{\"@id\":\"https:\\\/\\\/www.eldigitaldeasturias.com\\\/noticias\\\/#postaladdress\",\"@type\":\"PostalAddress\",\"streetAddress\":\"san antonio 4\",\"postalCode\":\"33430\",\"addressLocality\":\"Cand\\u00e1s\",\"addressRegion\":\"Asturias\",\"addressCountry\":\"ES\"}},{\"@type\":\"Person\",\"@id\":\"https:\\\/\\\/www.eldigitaldeasturias.com\\\/noticias\\\/author\\\/admin\\\/#author\",\"url\":\"https:\\\/\\\/www.eldigitaldeasturias.com\\\/noticias\\\/author\\\/admin\\\/\",\"name\":\"El Digital de Asturias\",\"image\":{\"@type\":\"ImageObject\",\"@id\":\"https:\\\/\\\/www.eldigitaldeasturias.com\\\/noticias\\\/ni-los-super-heroes-se-salvan-de-la-crisis\\\/#authorImage\",\"url\":\"https:\\\/\\\/secure.gravatar.com\\\/avatar\\\/df2aeffc32bcd13f8d26072ef8a91b623d677766deac7f97ca815868cd41bf5e?s=96&d=mm&r=g\",\"width\":96,\"height\":96,\"caption\":\"El Digital de Asturias\"}},{\"@type\":\"WebPage\",\"@id\":\"https:\\\/\\\/www.eldigitaldeasturias.com\\\/noticias\\\/ni-los-super-heroes-se-salvan-de-la-crisis\\\/#webpage\",\"url\":\"https:\\\/\\\/www.eldigitaldeasturias.com\\\/noticias\\\/ni-los-super-heroes-se-salvan-de-la-crisis\\\/\",\"name\":\"Ni los s\\u00faper h\\u00e9roes se salvan de la crisis - El Digital de Asturias\",\"description\":\"Vigo, 7 dic (EFE).- La crisis econ\\u00f3mica ha extendido sus tent\\u00e1culos al universo del c\\u00f3mic, donde, al igual que sucede en la vida real, hasta el menos pensado ha acabado padeciendo sus estragos. Y si no que se lo pregunten a \\\"Sharp Avenger\\\", un s\\u00faper h\\u00e9roe sin blanca y desahuciado que ha sido creado por\",\"inLanguage\":\"es-ES\",\"isPartOf\":{\"@id\":\"https:\\\/\\\/www.eldigitaldeasturias.com\\\/noticias\\\/#website\"},\"breadcrumb\":{\"@id\":\"https:\\\/\\\/www.eldigitaldeasturias.com\\\/noticias\\\/ni-los-super-heroes-se-salvan-de-la-crisis\\\/#breadcrumblist\"},\"author\":{\"@id\":\"https:\\\/\\\/www.eldigitaldeasturias.com\\\/noticias\\\/author\\\/admin\\\/#author\"},\"creator\":{\"@id\":\"https:\\\/\\\/www.eldigitaldeasturias.com\\\/noticias\\\/author\\\/admin\\\/#author\"},\"image\":{\"@type\":\"ImageObject\",\"url\":459164,\"@id\":\"https:\\\/\\\/www.eldigitaldeasturias.com\\\/noticias\\\/ni-los-super-heroes-se-salvan-de-la-crisis\\\/#mainImage\"},\"primaryImageOfPage\":{\"@id\":\"https:\\\/\\\/www.eldigitaldeasturias.com\\\/noticias\\\/ni-los-super-heroes-se-salvan-de-la-crisis\\\/#mainImage\"},\"datePublished\":\"2013-12-07T20:59:12+01:00\",\"dateModified\":\"2013-12-07T20:59:12+01:00\"},{\"@type\":\"WebSite\",\"@id\":\"https:\\\/\\\/www.eldigitaldeasturias.com\\\/noticias\\\/#website\",\"url\":\"https:\\\/\\\/www.eldigitaldeasturias.com\\\/noticias\\\/\",\"name\":\"El Digital de Asturias - Diario de actualidad y noticias\",\"alternateName\":\"El Digital de Asturias - Diario de actualidad y noticias\",\"description\":\"Hemeroteca\",\"inLanguage\":\"es-ES\",\"publisher\":{\"@id\":\"https:\\\/\\\/www.eldigitaldeasturias.com\\\/noticias\\\/#organization\"}}]}\n\t\t<\/script>\n\t\t<!-- All in One SEO Pro -->\r\n\t\t<title>Ni los s\u00faper h\u00e9roes se salvan de la crisis - El Digital de Asturias<\/title>\n\n","aioseo_head_json":{"title":"Ni los s\u00faper h\u00e9roes se salvan de la crisis - El Digital de Asturias","description":"Vigo, 7 dic (EFE).- La crisis econ\u00f3mica ha extendido sus tent\u00e1culos al universo del c\u00f3mic, donde, al igual que sucede en la vida real, hasta el menos pensado ha acabado padeciendo sus estragos. Y si no que se lo pregunten a \"Sharp Avenger\", un s\u00faper h\u00e9roe sin blanca y desahuciado que ha sido creado por","canonical_url":"https:\/\/www.eldigitaldeasturias.com\/noticias\/ni-los-super-heroes-se-salvan-de-la-crisis\/","robots":"max-image-preview:large","keywords":"revista de ocio","webmasterTools":{"google-site-verification":"UA-38556648-1","msvalidate.01":"7dfe9f3f1b24437ab69f4f2559babe99","miscellaneous":""},"schema":{"@context":"https:\/\/schema.org","@graph":[{"@type":"BlogPosting","@id":"https:\/\/www.eldigitaldeasturias.com\/noticias\/ni-los-super-heroes-se-salvan-de-la-crisis\/#blogposting","name":"Ni los s\u00faper h\u00e9roes se salvan de la crisis - El Digital de Asturias","headline":"Ni los s\u00faper h\u00e9roes se salvan de la crisis","author":{"@id":"https:\/\/www.eldigitaldeasturias.com\/noticias\/author\/admin\/#author"},"publisher":{"@id":"https:\/\/www.eldigitaldeasturias.com\/noticias\/#organization"},"image":{"@type":"ImageObject","url":459164},"datePublished":"2013-12-07T20:59:12+01:00","dateModified":"2013-12-07T20:59:12+01:00","inLanguage":"es-ES","mainEntityOfPage":{"@id":"https:\/\/www.eldigitaldeasturias.com\/noticias\/ni-los-super-heroes-se-salvan-de-la-crisis\/#webpage"},"isPartOf":{"@id":"https:\/\/www.eldigitaldeasturias.com\/noticias\/ni-los-super-heroes-se-salvan-de-la-crisis\/#webpage"},"articleSection":"Revista de Ocio"},{"@type":"BreadcrumbList","@id":"https:\/\/www.eldigitaldeasturias.com\/noticias\/ni-los-super-heroes-se-salvan-de-la-crisis\/#breadcrumblist","itemListElement":[{"@type":"ListItem","@id":"https:\/\/www.eldigitaldeasturias.com\/noticias#listItem","position":1,"name":"Home","item":"https:\/\/www.eldigitaldeasturias.com\/noticias","nextItem":{"@type":"ListItem","@id":"https:\/\/www.eldigitaldeasturias.com\/noticias\/category\/revista-de-ocio\/#listItem","name":"Revista de Ocio"}},{"@type":"ListItem","@id":"https:\/\/www.eldigitaldeasturias.com\/noticias\/category\/revista-de-ocio\/#listItem","position":2,"name":"Revista de Ocio","item":"https:\/\/www.eldigitaldeasturias.com\/noticias\/category\/revista-de-ocio\/","nextItem":{"@type":"ListItem","@id":"https:\/\/www.eldigitaldeasturias.com\/noticias\/ni-los-super-heroes-se-salvan-de-la-crisis\/#listItem","name":"Ni los s\u00faper h\u00e9roes se salvan de la crisis"},"previousItem":{"@type":"ListItem","@id":"https:\/\/www.eldigitaldeasturias.com\/noticias#listItem","name":"Home"}},{"@type":"ListItem","@id":"https:\/\/www.eldigitaldeasturias.com\/noticias\/ni-los-super-heroes-se-salvan-de-la-crisis\/#listItem","position":3,"name":"Ni los s\u00faper h\u00e9roes se salvan de la crisis","previousItem":{"@type":"ListItem","@id":"https:\/\/www.eldigitaldeasturias.com\/noticias\/category\/revista-de-ocio\/#listItem","name":"Revista de Ocio"}}]},{"@type":"Organization","@id":"https:\/\/www.eldigitaldeasturias.com\/noticias\/#organization","name":"El Digital de Asturias","description":"Hemeroteca","url":"https:\/\/www.eldigitaldeasturias.com\/noticias\/","email":"info@eldigitaldeasturias.com","telephone":"+34652131393","logo":{"@type":"ImageObject","url":"https:\/\/www.eldigitaldeasturias.com\/noticias\/wp-content\/uploads\/2020\/12\/EDA.jpg","@id":"https:\/\/www.eldigitaldeasturias.com\/noticias\/ni-los-super-heroes-se-salvan-de-la-crisis\/#organizationLogo"},"image":{"@id":"https:\/\/www.eldigitaldeasturias.com\/noticias\/ni-los-super-heroes-se-salvan-de-la-crisis\/#organizationLogo"},"sameAs":["https:\/\/facebook.com\/eldigitaldeasturias","https:\/\/www.youtube.com\/channel\/UCZP-2wLEB9Rv6erhFmqVnvg"],"address":{"@id":"https:\/\/www.eldigitaldeasturias.com\/noticias\/#postaladdress","@type":"PostalAddress","streetAddress":"san antonio 4","postalCode":"33430","addressLocality":"Cand\u00e1s","addressRegion":"Asturias","addressCountry":"ES"}},{"@type":"Person","@id":"https:\/\/www.eldigitaldeasturias.com\/noticias\/author\/admin\/#author","url":"https:\/\/www.eldigitaldeasturias.com\/noticias\/author\/admin\/","name":"El Digital de Asturias","image":{"@type":"ImageObject","@id":"https:\/\/www.eldigitaldeasturias.com\/noticias\/ni-los-super-heroes-se-salvan-de-la-crisis\/#authorImage","url":"https:\/\/secure.gravatar.com\/avatar\/df2aeffc32bcd13f8d26072ef8a91b623d677766deac7f97ca815868cd41bf5e?s=96&d=mm&r=g","width":96,"height":96,"caption":"El Digital de Asturias"}},{"@type":"WebPage","@id":"https:\/\/www.eldigitaldeasturias.com\/noticias\/ni-los-super-heroes-se-salvan-de-la-crisis\/#webpage","url":"https:\/\/www.eldigitaldeasturias.com\/noticias\/ni-los-super-heroes-se-salvan-de-la-crisis\/","name":"Ni los s\u00faper h\u00e9roes se salvan de la crisis - El Digital de Asturias","description":"Vigo, 7 dic (EFE).- La crisis econ\u00f3mica ha extendido sus tent\u00e1culos al universo del c\u00f3mic, donde, al igual que sucede en la vida real, hasta el menos pensado ha acabado padeciendo sus estragos. Y si no que se lo pregunten a \"Sharp Avenger\", un s\u00faper h\u00e9roe sin blanca y desahuciado que ha sido creado por","inLanguage":"es-ES","isPartOf":{"@id":"https:\/\/www.eldigitaldeasturias.com\/noticias\/#website"},"breadcrumb":{"@id":"https:\/\/www.eldigitaldeasturias.com\/noticias\/ni-los-super-heroes-se-salvan-de-la-crisis\/#breadcrumblist"},"author":{"@id":"https:\/\/www.eldigitaldeasturias.com\/noticias\/author\/admin\/#author"},"creator":{"@id":"https:\/\/www.eldigitaldeasturias.com\/noticias\/author\/admin\/#author"},"image":{"@type":"ImageObject","url":459164,"@id":"https:\/\/www.eldigitaldeasturias.com\/noticias\/ni-los-super-heroes-se-salvan-de-la-crisis\/#mainImage"},"primaryImageOfPage":{"@id":"https:\/\/www.eldigitaldeasturias.com\/noticias\/ni-los-super-heroes-se-salvan-de-la-crisis\/#mainImage"},"datePublished":"2013-12-07T20:59:12+01:00","dateModified":"2013-12-07T20:59:12+01:00"},{"@type":"WebSite","@id":"https:\/\/www.eldigitaldeasturias.com\/noticias\/#website","url":"https:\/\/www.eldigitaldeasturias.com\/noticias\/","name":"El Digital de Asturias - Diario de actualidad y noticias","alternateName":"El Digital de Asturias - Diario de actualidad y noticias","description":"Hemeroteca","inLanguage":"es-ES","publisher":{"@id":"https:\/\/www.eldigitaldeasturias.com\/noticias\/#organization"}}]},"og:locale":"es_ES","og:site_name":"El Digital de Asturias","og:type":"article","og:title":"Ni los s\u00faper h\u00e9roes se salvan de la crisis - El Digital de Asturias","og:description":"Vigo, 7 dic (EFE).- La crisis econ\u00f3mica ha extendido sus tent\u00e1culos al universo del c\u00f3mic, donde, al igual que sucede en la vida real, hasta el menos pensado ha acabado padeciendo sus estragos. Y si no que se lo pregunten a &quot;Sharp Avenger&quot;, un s\u00faper h\u00e9roe sin blanca y desahuciado que ha sido creado por","og:url":"https:\/\/www.eldigitaldeasturias.com\/noticias\/ni-los-super-heroes-se-salvan-de-la-crisis\/","article:tag":["revista de ocio"],"article:published_time":"2013-12-07T21:59:12+00:00","article:modified_time":"2013-12-07T21:59:12+00:00","article:publisher":"https:\/\/facebook.com\/eldigitaldeasturias","twitter:card":"summary_large_image","twitter:title":"Ni los s\u00faper h\u00e9roes se salvan de la crisis - El Digital de Asturias","twitter:description":"Vigo, 7 dic (EFE).- La crisis econ\u00f3mica ha extendido sus tent\u00e1culos al universo del c\u00f3mic, donde, al igual que sucede en la vida real, hasta el menos pensado ha acabado padeciendo sus estragos. Y si no que se lo pregunten a &quot;Sharp Avenger&quot;, un s\u00faper h\u00e9roe sin blanca y desahuciado que ha sido creado por","twitter:label1":"Escrito por","twitter:data1":"El Digital de Asturias","twitter:label2":"Tiempo de lectura estimado","twitter:data2":"3 minutos"},"aioseo_meta_data":{"post_id":"459163","title":null,"description":null,"keywords":null,"keyphrases":null,"primary_term":null,"canonical_url":null,"og_title":null,"og_description":null,"og_object_type":"default","og_image_type":"default","og_image_url":null,"og_image_width":null,"og_image_height":null,"og_image_custom_url":null,"og_image_custom_fields":null,"og_video":null,"og_custom_url":null,"og_article_section":null,"og_article_tags":null,"twitter_use_og":true,"twitter_card":"default","twitter_image_type":"default","twitter_image_url":null,"twitter_image_custom_url":null,"twitter_image_custom_fields":null,"twitter_title":null,"twitter_description":null,"schema":{"blockGraphs":[],"customGraphs":[],"default":{"data":{"Article":[],"Course":[],"Dataset":[],"FAQPage":[],"Movie":[],"Person":[],"Product":[],"ProductReview":[],"Car":[],"Recipe":[],"Service":[],"SoftwareApplication":[],"WebPage":[]},"graphName":"","isEnabled":true},"graphs":[],"defaultGraph":"","defaultPostTypeGraph":""},"schema_type":null,"schema_type_options":null,"pillar_content":false,"robots_default":true,"robots_noindex":false,"robots_noarchive":false,"robots_nosnippet":false,"robots_nofollow":false,"robots_noimageindex":false,"robots_noodp":false,"robots_notranslate":false,"robots_max_snippet":null,"robots_max_videopreview":null,"robots_max_imagepreview":"none","priority":null,"frequency":null,"local_seo":null,"seo_analyzer_scan_date":"2026-05-30 08:16:52","breadcrumb_settings":null,"limit_modified_date":false,"open_ai":null,"ai":null,"created":"2020-11-14 22:47:32","updated":"2026-05-30 08:16:52","focus_keyword":null,"additional_keywords":null,"truseo_locale":null},"aioseo_breadcrumb":"<div class=\"aioseo-breadcrumbs\"><span class=\"aioseo-breadcrumb\">\n\t<a href=\"https:\/\/www.eldigitaldeasturias.com\/noticias\" title=\"Home\">Home<\/a>\n<\/span><span class=\"aioseo-breadcrumb-separator\">\u2013<\/span><span class=\"aioseo-breadcrumb\">\n\t<a href=\"https:\/\/www.eldigitaldeasturias.com\/noticias\/category\/revista-de-ocio\/\" title=\"Revista de Ocio\">Revista de Ocio<\/a>\n<\/span><span class=\"aioseo-breadcrumb-separator\">\u2013<\/span><span class=\"aioseo-breadcrumb\">\n\t<a href=\"https:\/\/www.eldigitaldeasturias.com\/noticias\/ni-los-super-heroes-se-salvan-de-la-crisis\/\" title=\"Ni los s\u00faper h\u00e9roes se salvan de la crisis\">Ni los s\u00faper h\u00e9roes se salvan de la crisis<\/a>\n<\/span><\/div>","aioseo_breadcrumb_json":[{"label":"Home","link":"https:\/\/www.eldigitaldeasturias.com\/noticias"},{"label":"Revista de Ocio","link":"https:\/\/www.eldigitaldeasturias.com\/noticias\/category\/revista-de-ocio\/"},{"label":"Ni los s\u00faper h\u00e9roes se salvan de la crisis","link":"https:\/\/www.eldigitaldeasturias.com\/noticias\/ni-los-super-heroes-se-salvan-de-la-crisis\/"}],"_links":{"self":[{"href":"https:\/\/www.eldigitaldeasturias.com\/noticias\/wp-json\/wp\/v2\/posts\/459163","targetHints":{"allow":["GET"]}}],"collection":[{"href":"https:\/\/www.eldigitaldeasturias.com\/noticias\/wp-json\/wp\/v2\/posts"}],"about":[{"href":"https:\/\/www.eldigitaldeasturias.com\/noticias\/wp-json\/wp\/v2\/types\/post"}],"author":[{"embeddable":true,"href":"https:\/\/www.eldigitaldeasturias.com\/noticias\/wp-json\/wp\/v2\/users\/1"}],"replies":[{"embeddable":true,"href":"https:\/\/www.eldigitaldeasturias.com\/noticias\/wp-json\/wp\/v2\/comments?post=459163"}],"version-history":[{"count":0,"href":"https:\/\/www.eldigitaldeasturias.com\/noticias\/wp-json\/wp\/v2\/posts\/459163\/revisions"}],"wp:attachment":[{"href":"https:\/\/www.eldigitaldeasturias.com\/noticias\/wp-json\/wp\/v2\/media?parent=459163"}],"wp:term":[{"taxonomy":"category","embeddable":true,"href":"https:\/\/www.eldigitaldeasturias.com\/noticias\/wp-json\/wp\/v2\/categories?post=459163"},{"taxonomy":"post_tag","embeddable":true,"href":"https:\/\/www.eldigitaldeasturias.com\/noticias\/wp-json\/wp\/v2\/tags?post=459163"}],"curies":[{"name":"wp","href":"https:\/\/api.w.org\/{rel}","templated":true}]}}