{"id":459131,"date":"2013-12-07T20:13:07","date_gmt":"2013-12-07T21:13:07","guid":{"rendered":"http:\/\/www.eldigitaldeasturias.com\/noticias\/?p=459131"},"modified":"2013-12-07T20:13:07","modified_gmt":"2013-12-07T21:13:07","slug":"antonio-banderas-habria-llegado-a-colombia-para-grabar-los-33","status":"publish","type":"post","link":"https:\/\/www.eldigitaldeasturias.com\/noticias\/antonio-banderas-habria-llegado-a-colombia-para-grabar-los-33\/","title":{"rendered":"Antonio Banderas habr\u00eda llegado a Colombia para grabar \u00abLos 33\u00bb"},"content":{"rendered":"<p><img loading=\"lazy\" decoding=\"async\" class=\"alignleft size-medium wp-image-438158\" alt=\"UK premiere of 'Justin and the Knights of Valour'\" src=\"https:\/\/www.eldigitaldeasturias.com\/noticias\/wp-content\/uploads\/2013\/10\/Antonio-Banderas-no-entiende-la-vida-sin-sentido-del-humor-320x320.jpg\" width=\"320\" height=\"320\" \/>(dpa) \u2013 El actor espa\u00f1ol Antonio Banderas habr\u00eda llegado en las \u00faltimas horas a Colombia para grabar un filme titulado \u00abLos 33\u00bb, en la que se narrar\u00e1 la historia del rescate de los mineros que en 2010 quedaron atrapados por 70 d\u00edas en un yacimiento del norte de Chile, informaron hoy medios locales.<\/p>\n<p>Aunque no se ha podido confirmar la estad\u00eda del artista, reconocido por sus protag\u00f3nicos en pel\u00edculas como \u00abEl mariachi\u00bb y \u00abLa m\u00e1scara del zorro\u00bb, medios locales han publicado im\u00e1genes en las que supuestamente aparece Banderas vestido de minero leyendo.<\/p>\n<p>Seg\u00fan el noticiero de televisi\u00f3n Noticias Caracol, varios habitantes del municipio de Nemoc\u00f3n, en el departamento de Cundinamarca (centro), donde se desarrolla el rodaje de la pel\u00edcula, han asegurado que a Banderas \u00abya se le ha visto por las calles del poblado\u00bb con otros actores y la directora mexicana Patricia Riggen.<\/p>\n<p>Asimismo, la cadena radial RCN indic\u00f3 que presuntamente el espa\u00f1ol ser\u00e1 recibido por el presidente Juan Manuel Santos este fin de semana en su sede de Gobierno en Bogot\u00e1, para discutir \u00absobre la proyecci\u00f3n de Colombia como para\u00edso cinematogr\u00e1fico\u00bb.<\/p>\n<p>\u00abLos 33\u00bb, dirigida por el estadounidense Mike Medavoy y escrita por Jos\u00e9 Rivera, ser\u00e1 la primera pel\u00edcula que se rodar\u00e1 en el pa\u00eds sudamericano bajo una nueva ley de cine que genera est\u00edmulos a productoras internacionales para que desarrollen sus largometrajes en el pa\u00eds.<\/p>\n","protected":false},"excerpt":{"rendered":"<p>(dpa) \u2013 El actor espa\u00f1ol Antonio Banderas habr\u00eda llegado en las \u00faltimas horas a Colombia para grabar un filme titulado \u00abLos 33\u00bb, en la que se narrar\u00e1 la historia del rescate de los mineros que en 2010 quedaron atrapados por 70 d\u00edas en un yacimiento del norte de Chile, informaron hoy medios locales. Aunque no [&hellip;]<\/p>\n","protected":false},"author":1,"featured_media":1132184,"comment_status":"closed","ping_status":"open","sticky":false,"template":"","format":"standard","meta":{"footnotes":""},"categories":[50],"tags":[],"class_list":["post-459131","post","type-post","status-publish","format-standard","has-post-thumbnail","hentry","category-revista-de-ocio"],"aioseo_notices":[],"aioseo_head":"\n\t\t<!-- All in One SEO Pro 5.0.1 - aioseo.com -->\n\t<meta name=\"description\" content=\"(dpa) \u2013 El actor espa\u00f1ol Antonio Banderas habr\u00eda llegado en las \u00faltimas horas a Colombia para grabar un filme titulado &quot;Los 33&quot;, en la que se narrar\u00e1 la historia del rescate de los mineros que en 2010 quedaron atrapados por 70 d\u00edas en un yacimiento del norte de Chile, informaron hoy medios locales. Aunque no\" \/>\n\t<meta name=\"robots\" content=\"max-image-preview:large\" \/>\n\t<meta name=\"author\" content=\"El Digital de Asturias\"\/>\n\t<meta name=\"google-site-verification\" content=\"UA-38556648-1\" \/>\n\t<meta name=\"msvalidate.01\" content=\"7dfe9f3f1b24437ab69f4f2559babe99\" \/>\n\t<meta name=\"keywords\" content=\"revista de ocio\" \/>\n\t<link rel=\"canonical\" href=\"https:\/\/www.eldigitaldeasturias.com\/noticias\/antonio-banderas-habria-llegado-a-colombia-para-grabar-los-33\/\" \/>\n\t<meta name=\"generator\" content=\"All in One SEO Pro (AIOSEO) 5.0.1\" \/>\n\t\t<meta property=\"og:locale\" content=\"es_ES\" \/>\n\t\t<meta property=\"og:site_name\" content=\"El Digital de Asturias\" \/>\n\t\t<meta property=\"og:type\" content=\"article\" \/>\n\t\t<meta property=\"og:title\" content=\"Antonio Banderas habr\u00eda llegado a Colombia para grabar \u00abLos 33\u00bb - El Digital de Asturias\" \/>\n\t\t<meta property=\"og:description\" content=\"(dpa) \u2013 El actor espa\u00f1ol Antonio Banderas habr\u00eda llegado en las \u00faltimas horas a Colombia para grabar un filme titulado &quot;Los 33&quot;, en la que se narrar\u00e1 la historia del rescate de los mineros que en 2010 quedaron atrapados por 70 d\u00edas en un yacimiento del norte de Chile, informaron hoy medios locales. Aunque no\" \/>\n\t\t<meta property=\"og:url\" content=\"https:\/\/www.eldigitaldeasturias.com\/noticias\/antonio-banderas-habria-llegado-a-colombia-para-grabar-los-33\/\" \/>\n\t\t<meta property=\"og:image\" content=\"https:\/\/www.eldigitaldeasturias.com\/noticias\/wp-content\/uploads\/2026\/06\/Contenidos.jpg\" \/>\n\t\t<meta property=\"og:image:secure_url\" content=\"https:\/\/www.eldigitaldeasturias.com\/noticias\/wp-content\/uploads\/2026\/06\/Contenidos.jpg\" \/>\n\t\t<meta property=\"og:image:width\" content=\"1265\" \/>\n\t\t<meta property=\"og:image:height\" content=\"697\" \/>\n\t\t<meta property=\"article:tag\" content=\"revista de ocio\" \/>\n\t\t<meta property=\"article:published_time\" content=\"2013-12-07T21:13:07+00:00\" \/>\n\t\t<meta property=\"article:modified_time\" content=\"2013-12-07T21:13:07+00:00\" \/>\n\t\t<meta property=\"article:publisher\" content=\"https:\/\/facebook.com\/eldigitaldeasturias\" \/>\n\t\t<meta name=\"twitter:card\" content=\"summary_large_image\" \/>\n\t\t<meta name=\"twitter:title\" content=\"Antonio Banderas habr\u00eda llegado a Colombia para grabar \u00abLos 33\u00bb - El Digital de Asturias\" \/>\n\t\t<meta name=\"twitter:description\" content=\"(dpa) \u2013 El actor espa\u00f1ol Antonio Banderas habr\u00eda llegado en las \u00faltimas horas a Colombia para grabar un filme titulado &quot;Los 33&quot;, en la que se narrar\u00e1 la historia del rescate de los mineros que en 2010 quedaron atrapados por 70 d\u00edas en un yacimiento del norte de Chile, informaron hoy medios locales. Aunque no\" \/>\n\t\t<meta name=\"twitter:image\" content=\"https:\/\/www.eldigitaldeasturias.com\/noticias\/wp-content\/uploads\/2026\/06\/Contenidos.jpg\" \/>\n\t\t<meta name=\"twitter:label1\" content=\"Escrito por\" \/>\n\t\t<meta name=\"twitter:data1\" content=\"El Digital de Asturias\" \/>\n\t\t<meta name=\"twitter:label2\" content=\"Tiempo de lectura estimado\" \/>\n\t\t<meta name=\"twitter:data2\" content=\"1 minuto\" \/>\n\t\t<script type=\"application\/ld+json\" class=\"aioseo-schema\">\n\t\t\t{\"@context\":\"https:\\\/\\\/schema.org\",\"@graph\":[{\"@type\":\"BlogPosting\",\"@id\":\"https:\\\/\\\/www.eldigitaldeasturias.com\\\/noticias\\\/antonio-banderas-habria-llegado-a-colombia-para-grabar-los-33\\\/#blogposting\",\"name\":\"Antonio Banderas habr\\u00eda llegado a Colombia para grabar \\u00abLos 33\\u00bb - El Digital de Asturias\",\"headline\":\"Antonio Banderas habr\\u00eda llegado a Colombia para grabar \\u00abLos 33\\u00bb\",\"author\":{\"@id\":\"https:\\\/\\\/www.eldigitaldeasturias.com\\\/noticias\\\/author\\\/admin\\\/#author\"},\"publisher\":{\"@id\":\"https:\\\/\\\/www.eldigitaldeasturias.com\\\/noticias\\\/#organization\"},\"image\":{\"@type\":\"ImageObject\",\"url\":\"https:\\\/\\\/www.eldigitaldeasturias.com\\\/noticias\\\/wp-content\\\/uploads\\\/2026\\\/06\\\/Contenidos.jpg\",\"width\":1265,\"height\":697,\"caption\":\"Contenidos\"},\"datePublished\":\"2013-12-07T20:13:07+01:00\",\"dateModified\":\"2013-12-07T20:13:07+01:00\",\"inLanguage\":\"es-ES\",\"mainEntityOfPage\":{\"@id\":\"https:\\\/\\\/www.eldigitaldeasturias.com\\\/noticias\\\/antonio-banderas-habria-llegado-a-colombia-para-grabar-los-33\\\/#webpage\"},\"isPartOf\":{\"@id\":\"https:\\\/\\\/www.eldigitaldeasturias.com\\\/noticias\\\/antonio-banderas-habria-llegado-a-colombia-para-grabar-los-33\\\/#webpage\"},\"articleSection\":\"Revista de Ocio\"},{\"@type\":\"BreadcrumbList\",\"@id\":\"https:\\\/\\\/www.eldigitaldeasturias.com\\\/noticias\\\/antonio-banderas-habria-llegado-a-colombia-para-grabar-los-33\\\/#breadcrumblist\",\"itemListElement\":[{\"@type\":\"ListItem\",\"@id\":\"https:\\\/\\\/www.eldigitaldeasturias.com\\\/noticias#listItem\",\"position\":1,\"name\":\"Home\",\"item\":\"https:\\\/\\\/www.eldigitaldeasturias.com\\\/noticias\",\"nextItem\":{\"@type\":\"ListItem\",\"@id\":\"https:\\\/\\\/www.eldigitaldeasturias.com\\\/noticias\\\/category\\\/revista-de-ocio\\\/#listItem\",\"name\":\"Revista de Ocio\"}},{\"@type\":\"ListItem\",\"@id\":\"https:\\\/\\\/www.eldigitaldeasturias.com\\\/noticias\\\/category\\\/revista-de-ocio\\\/#listItem\",\"position\":2,\"name\":\"Revista de Ocio\",\"item\":\"https:\\\/\\\/www.eldigitaldeasturias.com\\\/noticias\\\/category\\\/revista-de-ocio\\\/\",\"nextItem\":{\"@type\":\"ListItem\",\"@id\":\"https:\\\/\\\/www.eldigitaldeasturias.com\\\/noticias\\\/antonio-banderas-habria-llegado-a-colombia-para-grabar-los-33\\\/#listItem\",\"name\":\"Antonio Banderas habr\\u00eda llegado a Colombia para grabar \\u00abLos 33\\u00bb\"},\"previousItem\":{\"@type\":\"ListItem\",\"@id\":\"https:\\\/\\\/www.eldigitaldeasturias.com\\\/noticias#listItem\",\"name\":\"Home\"}},{\"@type\":\"ListItem\",\"@id\":\"https:\\\/\\\/www.eldigitaldeasturias.com\\\/noticias\\\/antonio-banderas-habria-llegado-a-colombia-para-grabar-los-33\\\/#listItem\",\"position\":3,\"name\":\"Antonio Banderas habr\\u00eda llegado a Colombia para grabar \\u00abLos 33\\u00bb\",\"previousItem\":{\"@type\":\"ListItem\",\"@id\":\"https:\\\/\\\/www.eldigitaldeasturias.com\\\/noticias\\\/category\\\/revista-de-ocio\\\/#listItem\",\"name\":\"Revista de Ocio\"}}]},{\"@type\":\"Organization\",\"@id\":\"https:\\\/\\\/www.eldigitaldeasturias.com\\\/noticias\\\/#organization\",\"name\":\"El Digital de Asturias\",\"description\":\"Hemeroteca\",\"url\":\"https:\\\/\\\/www.eldigitaldeasturias.com\\\/noticias\\\/\",\"email\":\"info@eldigitaldeasturias.com\",\"telephone\":\"+34652131393\",\"logo\":{\"@type\":\"ImageObject\",\"url\":\"https:\\\/\\\/www.eldigitaldeasturias.com\\\/noticias\\\/wp-content\\\/uploads\\\/2020\\\/12\\\/EDA.jpg\",\"@id\":\"https:\\\/\\\/www.eldigitaldeasturias.com\\\/noticias\\\/antonio-banderas-habria-llegado-a-colombia-para-grabar-los-33\\\/#organizationLogo\"},\"image\":{\"@id\":\"https:\\\/\\\/www.eldigitaldeasturias.com\\\/noticias\\\/antonio-banderas-habria-llegado-a-colombia-para-grabar-los-33\\\/#organizationLogo\"},\"sameAs\":[\"https:\\\/\\\/facebook.com\\\/eldigitaldeasturias\",\"https:\\\/\\\/www.youtube.com\\\/channel\\\/UCZP-2wLEB9Rv6erhFmqVnvg\"],\"address\":{\"@id\":\"https:\\\/\\\/www.eldigitaldeasturias.com\\\/noticias\\\/#postaladdress\",\"@type\":\"PostalAddress\",\"streetAddress\":\"san antonio 4\",\"postalCode\":\"33430\",\"addressLocality\":\"Cand\\u00e1s\",\"addressRegion\":\"Asturias\",\"addressCountry\":\"ES\"}},{\"@type\":\"Person\",\"@id\":\"https:\\\/\\\/www.eldigitaldeasturias.com\\\/noticias\\\/author\\\/admin\\\/#author\",\"url\":\"https:\\\/\\\/www.eldigitaldeasturias.com\\\/noticias\\\/author\\\/admin\\\/\",\"name\":\"El Digital de Asturias\",\"image\":{\"@type\":\"ImageObject\",\"@id\":\"https:\\\/\\\/www.eldigitaldeasturias.com\\\/noticias\\\/antonio-banderas-habria-llegado-a-colombia-para-grabar-los-33\\\/#authorImage\",\"url\":\"https:\\\/\\\/secure.gravatar.com\\\/avatar\\\/df2aeffc32bcd13f8d26072ef8a91b623d677766deac7f97ca815868cd41bf5e?s=96&d=mm&r=g\",\"width\":96,\"height\":96,\"caption\":\"El Digital de Asturias\"}},{\"@type\":\"WebPage\",\"@id\":\"https:\\\/\\\/www.eldigitaldeasturias.com\\\/noticias\\\/antonio-banderas-habria-llegado-a-colombia-para-grabar-los-33\\\/#webpage\",\"url\":\"https:\\\/\\\/www.eldigitaldeasturias.com\\\/noticias\\\/antonio-banderas-habria-llegado-a-colombia-para-grabar-los-33\\\/\",\"name\":\"Antonio Banderas habr\\u00eda llegado a Colombia para grabar \\u00abLos 33\\u00bb - El Digital de Asturias\",\"description\":\"(dpa) \\u2013 El actor espa\\u00f1ol Antonio Banderas habr\\u00eda llegado en las \\u00faltimas horas a Colombia para grabar un filme titulado \\\"Los 33\\\", en la que se narrar\\u00e1 la historia del rescate de los mineros que en 2010 quedaron atrapados por 70 d\\u00edas en un yacimiento del norte de Chile, informaron hoy medios locales. Aunque no\",\"inLanguage\":\"es-ES\",\"isPartOf\":{\"@id\":\"https:\\\/\\\/www.eldigitaldeasturias.com\\\/noticias\\\/#website\"},\"breadcrumb\":{\"@id\":\"https:\\\/\\\/www.eldigitaldeasturias.com\\\/noticias\\\/antonio-banderas-habria-llegado-a-colombia-para-grabar-los-33\\\/#breadcrumblist\"},\"author\":{\"@id\":\"https:\\\/\\\/www.eldigitaldeasturias.com\\\/noticias\\\/author\\\/admin\\\/#author\"},\"creator\":{\"@id\":\"https:\\\/\\\/www.eldigitaldeasturias.com\\\/noticias\\\/author\\\/admin\\\/#author\"},\"image\":{\"@type\":\"ImageObject\",\"url\":\"https:\\\/\\\/www.eldigitaldeasturias.com\\\/noticias\\\/wp-content\\\/uploads\\\/2026\\\/06\\\/Contenidos.jpg\",\"@id\":\"https:\\\/\\\/www.eldigitaldeasturias.com\\\/noticias\\\/antonio-banderas-habria-llegado-a-colombia-para-grabar-los-33\\\/#mainImage\",\"width\":1265,\"height\":697,\"caption\":\"Contenidos\"},\"primaryImageOfPage\":{\"@id\":\"https:\\\/\\\/www.eldigitaldeasturias.com\\\/noticias\\\/antonio-banderas-habria-llegado-a-colombia-para-grabar-los-33\\\/#mainImage\"},\"datePublished\":\"2013-12-07T20:13:07+01:00\",\"dateModified\":\"2013-12-07T20:13:07+01:00\"},{\"@type\":\"WebSite\",\"@id\":\"https:\\\/\\\/www.eldigitaldeasturias.com\\\/noticias\\\/#website\",\"url\":\"https:\\\/\\\/www.eldigitaldeasturias.com\\\/noticias\\\/\",\"name\":\"El Digital de Asturias - Diario de actualidad y noticias\",\"alternateName\":\"El Digital de Asturias - Diario de actualidad y noticias\",\"description\":\"Hemeroteca\",\"inLanguage\":\"es-ES\",\"publisher\":{\"@id\":\"https:\\\/\\\/www.eldigitaldeasturias.com\\\/noticias\\\/#organization\"}}]}\n\t\t<\/script>\n\t\t<!-- All in One SEO Pro -->\r\n\t\t<title>Antonio Banderas habr\u00eda llegado a Colombia para grabar \u00abLos 33\u00bb - El Digital de Asturias<\/title>\n\n","aioseo_head_json":{"title":"Antonio Banderas habr\u00eda llegado a Colombia para grabar \u00abLos 33\u00bb - El Digital de Asturias","description":"(dpa) \u2013 El actor espa\u00f1ol Antonio Banderas habr\u00eda llegado en las \u00faltimas horas a Colombia para grabar un filme titulado \"Los 33\", en la que se narrar\u00e1 la historia del rescate de los mineros que en 2010 quedaron atrapados por 70 d\u00edas en un yacimiento del norte de Chile, informaron hoy medios locales. Aunque no","canonical_url":"https:\/\/www.eldigitaldeasturias.com\/noticias\/antonio-banderas-habria-llegado-a-colombia-para-grabar-los-33\/","robots":"max-image-preview:large","keywords":"revista de ocio","webmasterTools":{"google-site-verification":"UA-38556648-1","msvalidate.01":"7dfe9f3f1b24437ab69f4f2559babe99","miscellaneous":""},"schema":{"@context":"https:\/\/schema.org","@graph":[{"@type":"BlogPosting","@id":"https:\/\/www.eldigitaldeasturias.com\/noticias\/antonio-banderas-habria-llegado-a-colombia-para-grabar-los-33\/#blogposting","name":"Antonio Banderas habr\u00eda llegado a Colombia para grabar \u00abLos 33\u00bb - El Digital de Asturias","headline":"Antonio Banderas habr\u00eda llegado a Colombia para grabar \u00abLos 33\u00bb","author":{"@id":"https:\/\/www.eldigitaldeasturias.com\/noticias\/author\/admin\/#author"},"publisher":{"@id":"https:\/\/www.eldigitaldeasturias.com\/noticias\/#organization"},"image":{"@type":"ImageObject","url":"https:\/\/www.eldigitaldeasturias.com\/noticias\/wp-content\/uploads\/2026\/06\/Contenidos.jpg","width":1265,"height":697,"caption":"Contenidos"},"datePublished":"2013-12-07T20:13:07+01:00","dateModified":"2013-12-07T20:13:07+01:00","inLanguage":"es-ES","mainEntityOfPage":{"@id":"https:\/\/www.eldigitaldeasturias.com\/noticias\/antonio-banderas-habria-llegado-a-colombia-para-grabar-los-33\/#webpage"},"isPartOf":{"@id":"https:\/\/www.eldigitaldeasturias.com\/noticias\/antonio-banderas-habria-llegado-a-colombia-para-grabar-los-33\/#webpage"},"articleSection":"Revista de Ocio"},{"@type":"BreadcrumbList","@id":"https:\/\/www.eldigitaldeasturias.com\/noticias\/antonio-banderas-habria-llegado-a-colombia-para-grabar-los-33\/#breadcrumblist","itemListElement":[{"@type":"ListItem","@id":"https:\/\/www.eldigitaldeasturias.com\/noticias#listItem","position":1,"name":"Home","item":"https:\/\/www.eldigitaldeasturias.com\/noticias","nextItem":{"@type":"ListItem","@id":"https:\/\/www.eldigitaldeasturias.com\/noticias\/category\/revista-de-ocio\/#listItem","name":"Revista de Ocio"}},{"@type":"ListItem","@id":"https:\/\/www.eldigitaldeasturias.com\/noticias\/category\/revista-de-ocio\/#listItem","position":2,"name":"Revista de Ocio","item":"https:\/\/www.eldigitaldeasturias.com\/noticias\/category\/revista-de-ocio\/","nextItem":{"@type":"ListItem","@id":"https:\/\/www.eldigitaldeasturias.com\/noticias\/antonio-banderas-habria-llegado-a-colombia-para-grabar-los-33\/#listItem","name":"Antonio Banderas habr\u00eda llegado a Colombia para grabar \u00abLos 33\u00bb"},"previousItem":{"@type":"ListItem","@id":"https:\/\/www.eldigitaldeasturias.com\/noticias#listItem","name":"Home"}},{"@type":"ListItem","@id":"https:\/\/www.eldigitaldeasturias.com\/noticias\/antonio-banderas-habria-llegado-a-colombia-para-grabar-los-33\/#listItem","position":3,"name":"Antonio Banderas habr\u00eda llegado a Colombia para grabar \u00abLos 33\u00bb","previousItem":{"@type":"ListItem","@id":"https:\/\/www.eldigitaldeasturias.com\/noticias\/category\/revista-de-ocio\/#listItem","name":"Revista de Ocio"}}]},{"@type":"Organization","@id":"https:\/\/www.eldigitaldeasturias.com\/noticias\/#organization","name":"El Digital de Asturias","description":"Hemeroteca","url":"https:\/\/www.eldigitaldeasturias.com\/noticias\/","email":"info@eldigitaldeasturias.com","telephone":"+34652131393","logo":{"@type":"ImageObject","url":"https:\/\/www.eldigitaldeasturias.com\/noticias\/wp-content\/uploads\/2020\/12\/EDA.jpg","@id":"https:\/\/www.eldigitaldeasturias.com\/noticias\/antonio-banderas-habria-llegado-a-colombia-para-grabar-los-33\/#organizationLogo"},"image":{"@id":"https:\/\/www.eldigitaldeasturias.com\/noticias\/antonio-banderas-habria-llegado-a-colombia-para-grabar-los-33\/#organizationLogo"},"sameAs":["https:\/\/facebook.com\/eldigitaldeasturias","https:\/\/www.youtube.com\/channel\/UCZP-2wLEB9Rv6erhFmqVnvg"],"address":{"@id":"https:\/\/www.eldigitaldeasturias.com\/noticias\/#postaladdress","@type":"PostalAddress","streetAddress":"san antonio 4","postalCode":"33430","addressLocality":"Cand\u00e1s","addressRegion":"Asturias","addressCountry":"ES"}},{"@type":"Person","@id":"https:\/\/www.eldigitaldeasturias.com\/noticias\/author\/admin\/#author","url":"https:\/\/www.eldigitaldeasturias.com\/noticias\/author\/admin\/","name":"El Digital de Asturias","image":{"@type":"ImageObject","@id":"https:\/\/www.eldigitaldeasturias.com\/noticias\/antonio-banderas-habria-llegado-a-colombia-para-grabar-los-33\/#authorImage","url":"https:\/\/secure.gravatar.com\/avatar\/df2aeffc32bcd13f8d26072ef8a91b623d677766deac7f97ca815868cd41bf5e?s=96&d=mm&r=g","width":96,"height":96,"caption":"El Digital de Asturias"}},{"@type":"WebPage","@id":"https:\/\/www.eldigitaldeasturias.com\/noticias\/antonio-banderas-habria-llegado-a-colombia-para-grabar-los-33\/#webpage","url":"https:\/\/www.eldigitaldeasturias.com\/noticias\/antonio-banderas-habria-llegado-a-colombia-para-grabar-los-33\/","name":"Antonio Banderas habr\u00eda llegado a Colombia para grabar \u00abLos 33\u00bb - El Digital de Asturias","description":"(dpa) \u2013 El actor espa\u00f1ol Antonio Banderas habr\u00eda llegado en las \u00faltimas horas a Colombia para grabar un filme titulado \"Los 33\", en la que se narrar\u00e1 la historia del rescate de los mineros que en 2010 quedaron atrapados por 70 d\u00edas en un yacimiento del norte de Chile, informaron hoy medios locales. Aunque no","inLanguage":"es-ES","isPartOf":{"@id":"https:\/\/www.eldigitaldeasturias.com\/noticias\/#website"},"breadcrumb":{"@id":"https:\/\/www.eldigitaldeasturias.com\/noticias\/antonio-banderas-habria-llegado-a-colombia-para-grabar-los-33\/#breadcrumblist"},"author":{"@id":"https:\/\/www.eldigitaldeasturias.com\/noticias\/author\/admin\/#author"},"creator":{"@id":"https:\/\/www.eldigitaldeasturias.com\/noticias\/author\/admin\/#author"},"image":{"@type":"ImageObject","url":"https:\/\/www.eldigitaldeasturias.com\/noticias\/wp-content\/uploads\/2026\/06\/Contenidos.jpg","@id":"https:\/\/www.eldigitaldeasturias.com\/noticias\/antonio-banderas-habria-llegado-a-colombia-para-grabar-los-33\/#mainImage","width":1265,"height":697,"caption":"Contenidos"},"primaryImageOfPage":{"@id":"https:\/\/www.eldigitaldeasturias.com\/noticias\/antonio-banderas-habria-llegado-a-colombia-para-grabar-los-33\/#mainImage"},"datePublished":"2013-12-07T20:13:07+01:00","dateModified":"2013-12-07T20:13:07+01:00"},{"@type":"WebSite","@id":"https:\/\/www.eldigitaldeasturias.com\/noticias\/#website","url":"https:\/\/www.eldigitaldeasturias.com\/noticias\/","name":"El Digital de Asturias - Diario de actualidad y noticias","alternateName":"El Digital de Asturias - Diario de actualidad y noticias","description":"Hemeroteca","inLanguage":"es-ES","publisher":{"@id":"https:\/\/www.eldigitaldeasturias.com\/noticias\/#organization"}}]},"og:locale":"es_ES","og:site_name":"El Digital de Asturias","og:type":"article","og:title":"Antonio Banderas habr\u00eda llegado a Colombia para grabar \u00abLos 33\u00bb - El Digital de Asturias","og:description":"(dpa) \u2013 El actor espa\u00f1ol Antonio Banderas habr\u00eda llegado en las \u00faltimas horas a Colombia para grabar un filme titulado &quot;Los 33&quot;, en la que se narrar\u00e1 la historia del rescate de los mineros que en 2010 quedaron atrapados por 70 d\u00edas en un yacimiento del norte de Chile, informaron hoy medios locales. Aunque no","og:url":"https:\/\/www.eldigitaldeasturias.com\/noticias\/antonio-banderas-habria-llegado-a-colombia-para-grabar-los-33\/","og:image":"https:\/\/www.eldigitaldeasturias.com\/noticias\/wp-content\/uploads\/2026\/06\/Contenidos.jpg","og:image:secure_url":"https:\/\/www.eldigitaldeasturias.com\/noticias\/wp-content\/uploads\/2026\/06\/Contenidos.jpg","og:image:width":1265,"og:image:height":697,"article:tag":["revista de ocio"],"article:published_time":"2013-12-07T21:13:07+00:00","article:modified_time":"2013-12-07T21:13:07+00:00","article:publisher":"https:\/\/facebook.com\/eldigitaldeasturias","twitter:card":"summary_large_image","twitter:title":"Antonio Banderas habr\u00eda llegado a Colombia para grabar \u00abLos 33\u00bb - El Digital de Asturias","twitter:description":"(dpa) \u2013 El actor espa\u00f1ol Antonio Banderas habr\u00eda llegado en las \u00faltimas horas a Colombia para grabar un filme titulado &quot;Los 33&quot;, en la que se narrar\u00e1 la historia del rescate de los mineros que en 2010 quedaron atrapados por 70 d\u00edas en un yacimiento del norte de Chile, informaron hoy medios locales. Aunque no","twitter:image":"https:\/\/www.eldigitaldeasturias.com\/noticias\/wp-content\/uploads\/2026\/06\/Contenidos.jpg","twitter:label1":"Escrito por","twitter:data1":"El Digital de Asturias","twitter:label2":"Tiempo de lectura estimado","twitter:data2":"1 minuto"},"aioseo_meta_data":{"post_id":"459131","title":null,"description":null,"keywords":null,"keyphrases":null,"primary_term":null,"canonical_url":null,"og_title":null,"og_description":null,"og_object_type":"default","og_image_type":"default","og_image_url":null,"og_image_width":null,"og_image_height":null,"og_image_custom_url":null,"og_image_custom_fields":null,"og_video":null,"og_custom_url":null,"og_article_section":null,"og_article_tags":null,"twitter_use_og":true,"twitter_card":"default","twitter_image_type":"default","twitter_image_url":null,"twitter_image_custom_url":null,"twitter_image_custom_fields":null,"twitter_title":null,"twitter_description":null,"schema":{"blockGraphs":[],"customGraphs":[],"default":{"data":{"Article":[],"Course":[],"Dataset":[],"FAQPage":[],"Movie":[],"Person":[],"Product":[],"ProductReview":[],"Car":[],"Recipe":[],"Service":[],"SoftwareApplication":[],"WebPage":[]},"graphName":"","isEnabled":true},"graphs":[],"defaultGraph":"","defaultPostTypeGraph":""},"schema_type":null,"schema_type_options":null,"pillar_content":false,"robots_default":true,"robots_noindex":false,"robots_noarchive":false,"robots_nosnippet":false,"robots_nofollow":false,"robots_noimageindex":false,"robots_noodp":false,"robots_notranslate":false,"robots_max_snippet":null,"robots_max_videopreview":null,"robots_max_imagepreview":"none","priority":null,"frequency":null,"local_seo":null,"seo_analyzer_scan_date":"2026-05-30 08:08:59","breadcrumb_settings":null,"limit_modified_date":false,"open_ai":null,"ai":null,"created":"2020-11-14 22:47:32","updated":"2026-05-30 08:08:59","focus_keyword":null,"additional_keywords":null,"truseo_locale":null},"aioseo_breadcrumb":"<div class=\"aioseo-breadcrumbs\"><span class=\"aioseo-breadcrumb\">\n\t<a href=\"https:\/\/www.eldigitaldeasturias.com\/noticias\" title=\"Home\">Home<\/a>\n<\/span><span class=\"aioseo-breadcrumb-separator\">\u2013<\/span><span class=\"aioseo-breadcrumb\">\n\t<a href=\"https:\/\/www.eldigitaldeasturias.com\/noticias\/category\/revista-de-ocio\/\" title=\"Revista de Ocio\">Revista de Ocio<\/a>\n<\/span><span class=\"aioseo-breadcrumb-separator\">\u2013<\/span><span class=\"aioseo-breadcrumb\">\n\t<a href=\"https:\/\/www.eldigitaldeasturias.com\/noticias\/antonio-banderas-habria-llegado-a-colombia-para-grabar-los-33\/\" title=\"Antonio Banderas habr\u00eda llegado a Colombia para grabar \u00abLos 33\u00bb\">Antonio Banderas habr\u00eda llegado a Colombia para grabar \u00abLos 33\u00bb<\/a>\n<\/span><\/div>","aioseo_breadcrumb_json":[{"label":"Home","link":"https:\/\/www.eldigitaldeasturias.com\/noticias"},{"label":"Revista de Ocio","link":"https:\/\/www.eldigitaldeasturias.com\/noticias\/category\/revista-de-ocio\/"},{"label":"Antonio Banderas habr\u00eda llegado a Colombia para grabar \u00abLos 33\u00bb","link":"https:\/\/www.eldigitaldeasturias.com\/noticias\/antonio-banderas-habria-llegado-a-colombia-para-grabar-los-33\/"}],"_links":{"self":[{"href":"https:\/\/www.eldigitaldeasturias.com\/noticias\/wp-json\/wp\/v2\/posts\/459131","targetHints":{"allow":["GET"]}}],"collection":[{"href":"https:\/\/www.eldigitaldeasturias.com\/noticias\/wp-json\/wp\/v2\/posts"}],"about":[{"href":"https:\/\/www.eldigitaldeasturias.com\/noticias\/wp-json\/wp\/v2\/types\/post"}],"author":[{"embeddable":true,"href":"https:\/\/www.eldigitaldeasturias.com\/noticias\/wp-json\/wp\/v2\/users\/1"}],"replies":[{"embeddable":true,"href":"https:\/\/www.eldigitaldeasturias.com\/noticias\/wp-json\/wp\/v2\/comments?post=459131"}],"version-history":[{"count":0,"href":"https:\/\/www.eldigitaldeasturias.com\/noticias\/wp-json\/wp\/v2\/posts\/459131\/revisions"}],"wp:featuredmedia":[{"embeddable":true,"href":"https:\/\/www.eldigitaldeasturias.com\/noticias\/wp-json\/wp\/v2\/media\/1132184"}],"wp:attachment":[{"href":"https:\/\/www.eldigitaldeasturias.com\/noticias\/wp-json\/wp\/v2\/media?parent=459131"}],"wp:term":[{"taxonomy":"category","embeddable":true,"href":"https:\/\/www.eldigitaldeasturias.com\/noticias\/wp-json\/wp\/v2\/categories?post=459131"},{"taxonomy":"post_tag","embeddable":true,"href":"https:\/\/www.eldigitaldeasturias.com\/noticias\/wp-json\/wp\/v2\/tags?post=459131"}],"curies":[{"name":"wp","href":"https:\/\/api.w.org\/{rel}","templated":true}]}}