{"id":459119,"date":"2013-12-07T20:04:25","date_gmt":"2013-12-07T21:04:25","guid":{"rendered":"http:\/\/www.eldigitaldeasturias.com\/noticias\/?p=459119"},"modified":"2013-12-07T20:04:25","modified_gmt":"2013-12-07T21:04:25","slug":"van-rompuy-recibira-el-premio-carlomagno-2014-por-su-papel-en-la-ue","status":"publish","type":"post","link":"https:\/\/www.eldigitaldeasturias.com\/noticias\/van-rompuy-recibira-el-premio-carlomagno-2014-por-su-papel-en-la-ue\/","title":{"rendered":"Van Rompuy recibir\u00e1 el premio Carlomagno 2014 por su papel en la UE"},"content":{"rendered":"<p><img loading=\"lazy\" decoding=\"async\" class=\"alignleft size-medium wp-image-459120\" alt=\"5778576w\" src=\"https:\/\/www.eldigitaldeasturias.com\/noticias\/wp-content\/uploads\/2013\/12\/5778576w-360x239.jpg\" width=\"360\" height=\"239\" \/>Berl\u00edn, 7 dic (EFE).- El presidente del Consejo Europeo, Herman Van Rompuy, recibir\u00e1 el premio Carlomagno 2014 por su papel en la consolidaci\u00f3n de la Uni\u00f3n Europea (UE), inform\u00f3 hoy el directorio de esos prestigiosos galardones, que se entregan en Aquisgr\u00e1n (oeste de Alemania).<\/p>\n<p>Van Rompuy recoger\u00e1 dicha distinci\u00f3n por su \u00abincansable trabajo\u00bb en la \u00abb\u00fasqueda de consensos\u00bb dentro de la UE, se\u00f1ala el comunicado hecho p\u00fablico por el directorio.<\/p>\n<p>Los premios Carlomagno se entregan desde 1950 a personalidades o instituciones que se hayan destacado por los m\u00e9ritos en favor de la unidad europea.<\/p>\n<p>De acuerdo con la tradici\u00f3n, la ceremonia de entrega del galard\u00f3n tendr\u00e1 lugar en el Ayuntamiento de Aquisgr\u00e1n el D\u00eda de la Ascensi\u00f3n de Jesucristo, el pr\u00f3ximo 29 de mayo.<\/p>\n<p>En 2013, recibi\u00f3 el premio la presidenta lituana, Dalia Grybauskaite, como representante de las rep\u00fablicas b\u00e1lticas, despu\u00e9s de que en 2012 lo recibiera el ministro alem\u00e1n de Finanzas, Wolfgang Sch\u00e4uble, y en 2011 el entonces presidente del Banco Central Europeo, Jean-Claude Trichet.<\/p>\n<p>En la n\u00f3mina de galardonados con el Carlomagno est\u00e1n asimismo la canciller alemana Angela Merkel (2008), el ex secretario general de la OTAN Javier Solana (2007), el ex presidente del gobierno espa\u00f1ol Felipe Gonz\u00e1lez (1993) y el rey Juan Carlos (1982).<\/p>\n","protected":false},"excerpt":{"rendered":"<p>Berl\u00edn, 7 dic (EFE).- El presidente del Consejo Europeo, Herman Van Rompuy, recibir\u00e1 el premio Carlomagno 2014 por su papel en la consolidaci\u00f3n de la Uni\u00f3n Europea (UE), inform\u00f3 hoy el directorio de esos prestigiosos galardones, que se entregan en Aquisgr\u00e1n (oeste de Alemania). Van Rompuy recoger\u00e1 dicha distinci\u00f3n por su \u00abincansable trabajo\u00bb en la [&hellip;]<\/p>\n","protected":false},"author":1,"featured_media":459120,"comment_status":"closed","ping_status":"open","sticky":false,"template":"","format":"standard","meta":{"footnotes":""},"categories":[28],"tags":[],"class_list":["post-459119","post","type-post","status-publish","format-standard","has-post-thumbnail","hentry","category-sociedad"],"aioseo_notices":[],"aioseo_head":"\n\t\t<!-- All in One SEO Pro 5.0.1 - aioseo.com -->\n\t<meta name=\"description\" content=\"Berl\u00edn, 7 dic (EFE).- El presidente del Consejo Europeo, Herman Van Rompuy, recibir\u00e1 el premio Carlomagno 2014 por su papel en la consolidaci\u00f3n de la Uni\u00f3n Europea (UE), inform\u00f3 hoy el directorio de esos prestigiosos galardones, que se entregan en Aquisgr\u00e1n (oeste de Alemania). Van Rompuy recoger\u00e1 dicha distinci\u00f3n por su &quot;incansable trabajo&quot; en la\" \/>\n\t<meta name=\"robots\" content=\"max-image-preview:large\" \/>\n\t<meta name=\"author\" content=\"El Digital de Asturias\"\/>\n\t<meta name=\"google-site-verification\" content=\"UA-38556648-1\" \/>\n\t<meta name=\"msvalidate.01\" content=\"7dfe9f3f1b24437ab69f4f2559babe99\" \/>\n\t<meta name=\"keywords\" content=\"sociedad\" \/>\n\t<link rel=\"canonical\" href=\"https:\/\/www.eldigitaldeasturias.com\/noticias\/van-rompuy-recibira-el-premio-carlomagno-2014-por-su-papel-en-la-ue\/\" \/>\n\t<meta name=\"generator\" content=\"All in One SEO Pro (AIOSEO) 5.0.1\" \/>\n\t\t<meta property=\"og:locale\" content=\"es_ES\" \/>\n\t\t<meta property=\"og:site_name\" content=\"El Digital de Asturias\" \/>\n\t\t<meta property=\"og:type\" content=\"article\" \/>\n\t\t<meta property=\"og:title\" content=\"Van Rompuy recibir\u00e1 el premio Carlomagno 2014 por su papel en la UE - El Digital de Asturias\" \/>\n\t\t<meta property=\"og:description\" content=\"Berl\u00edn, 7 dic (EFE).- El presidente del Consejo Europeo, Herman Van Rompuy, recibir\u00e1 el premio Carlomagno 2014 por su papel en la consolidaci\u00f3n de la Uni\u00f3n Europea (UE), inform\u00f3 hoy el directorio de esos prestigiosos galardones, que se entregan en Aquisgr\u00e1n (oeste de Alemania). Van Rompuy recoger\u00e1 dicha distinci\u00f3n por su &quot;incansable trabajo&quot; en la\" \/>\n\t\t<meta property=\"og:url\" content=\"https:\/\/www.eldigitaldeasturias.com\/noticias\/van-rompuy-recibira-el-premio-carlomagno-2014-por-su-papel-en-la-ue\/\" \/>\n\t\t<meta property=\"article:tag\" content=\"sociedad\" \/>\n\t\t<meta property=\"article:published_time\" content=\"2013-12-07T21:04:25+00:00\" \/>\n\t\t<meta property=\"article:modified_time\" content=\"2013-12-07T21:04:25+00:00\" \/>\n\t\t<meta property=\"article:publisher\" content=\"https:\/\/facebook.com\/eldigitaldeasturias\" \/>\n\t\t<meta name=\"twitter:card\" content=\"summary_large_image\" \/>\n\t\t<meta name=\"twitter:title\" content=\"Van Rompuy recibir\u00e1 el premio Carlomagno 2014 por su papel en la UE - El Digital de Asturias\" \/>\n\t\t<meta name=\"twitter:description\" content=\"Berl\u00edn, 7 dic (EFE).- El presidente del Consejo Europeo, Herman Van Rompuy, recibir\u00e1 el premio Carlomagno 2014 por su papel en la consolidaci\u00f3n de la Uni\u00f3n Europea (UE), inform\u00f3 hoy el directorio de esos prestigiosos galardones, que se entregan en Aquisgr\u00e1n (oeste de Alemania). Van Rompuy recoger\u00e1 dicha distinci\u00f3n por su &quot;incansable trabajo&quot; en la\" \/>\n\t\t<meta name=\"twitter:label1\" content=\"Escrito por\" \/>\n\t\t<meta name=\"twitter:data1\" content=\"El Digital de Asturias\" \/>\n\t\t<meta name=\"twitter:label2\" content=\"Tiempo de lectura estimado\" \/>\n\t\t<meta name=\"twitter:data2\" content=\"1 minuto\" \/>\n\t\t<script type=\"application\/ld+json\" class=\"aioseo-schema\">\n\t\t\t{\"@context\":\"https:\\\/\\\/schema.org\",\"@graph\":[{\"@type\":\"BlogPosting\",\"@id\":\"https:\\\/\\\/www.eldigitaldeasturias.com\\\/noticias\\\/van-rompuy-recibira-el-premio-carlomagno-2014-por-su-papel-en-la-ue\\\/#blogposting\",\"name\":\"Van Rompuy recibir\\u00e1 el premio Carlomagno 2014 por su papel en la UE - El Digital de Asturias\",\"headline\":\"Van Rompuy recibir\\u00e1 el premio Carlomagno 2014 por su papel en la UE\",\"author\":{\"@id\":\"https:\\\/\\\/www.eldigitaldeasturias.com\\\/noticias\\\/author\\\/admin\\\/#author\"},\"publisher\":{\"@id\":\"https:\\\/\\\/www.eldigitaldeasturias.com\\\/noticias\\\/#organization\"},\"image\":{\"@type\":\"ImageObject\",\"url\":459120},\"datePublished\":\"2013-12-07T20:04:25+01:00\",\"dateModified\":\"2013-12-07T20:04:25+01:00\",\"inLanguage\":\"es-ES\",\"mainEntityOfPage\":{\"@id\":\"https:\\\/\\\/www.eldigitaldeasturias.com\\\/noticias\\\/van-rompuy-recibira-el-premio-carlomagno-2014-por-su-papel-en-la-ue\\\/#webpage\"},\"isPartOf\":{\"@id\":\"https:\\\/\\\/www.eldigitaldeasturias.com\\\/noticias\\\/van-rompuy-recibira-el-premio-carlomagno-2014-por-su-papel-en-la-ue\\\/#webpage\"},\"articleSection\":\"Sociedad\"},{\"@type\":\"BreadcrumbList\",\"@id\":\"https:\\\/\\\/www.eldigitaldeasturias.com\\\/noticias\\\/van-rompuy-recibira-el-premio-carlomagno-2014-por-su-papel-en-la-ue\\\/#breadcrumblist\",\"itemListElement\":[{\"@type\":\"ListItem\",\"@id\":\"https:\\\/\\\/www.eldigitaldeasturias.com\\\/noticias#listItem\",\"position\":1,\"name\":\"Home\",\"item\":\"https:\\\/\\\/www.eldigitaldeasturias.com\\\/noticias\",\"nextItem\":{\"@type\":\"ListItem\",\"@id\":\"https:\\\/\\\/www.eldigitaldeasturias.com\\\/noticias\\\/category\\\/sociedad\\\/#listItem\",\"name\":\"Sociedad\"}},{\"@type\":\"ListItem\",\"@id\":\"https:\\\/\\\/www.eldigitaldeasturias.com\\\/noticias\\\/category\\\/sociedad\\\/#listItem\",\"position\":2,\"name\":\"Sociedad\",\"item\":\"https:\\\/\\\/www.eldigitaldeasturias.com\\\/noticias\\\/category\\\/sociedad\\\/\",\"nextItem\":{\"@type\":\"ListItem\",\"@id\":\"https:\\\/\\\/www.eldigitaldeasturias.com\\\/noticias\\\/van-rompuy-recibira-el-premio-carlomagno-2014-por-su-papel-en-la-ue\\\/#listItem\",\"name\":\"Van Rompuy recibir\\u00e1 el premio Carlomagno 2014 por su papel en la UE\"},\"previousItem\":{\"@type\":\"ListItem\",\"@id\":\"https:\\\/\\\/www.eldigitaldeasturias.com\\\/noticias#listItem\",\"name\":\"Home\"}},{\"@type\":\"ListItem\",\"@id\":\"https:\\\/\\\/www.eldigitaldeasturias.com\\\/noticias\\\/van-rompuy-recibira-el-premio-carlomagno-2014-por-su-papel-en-la-ue\\\/#listItem\",\"position\":3,\"name\":\"Van Rompuy recibir\\u00e1 el premio Carlomagno 2014 por su papel en la UE\",\"previousItem\":{\"@type\":\"ListItem\",\"@id\":\"https:\\\/\\\/www.eldigitaldeasturias.com\\\/noticias\\\/category\\\/sociedad\\\/#listItem\",\"name\":\"Sociedad\"}}]},{\"@type\":\"Organization\",\"@id\":\"https:\\\/\\\/www.eldigitaldeasturias.com\\\/noticias\\\/#organization\",\"name\":\"El Digital de Asturias\",\"description\":\"Hemeroteca\",\"url\":\"https:\\\/\\\/www.eldigitaldeasturias.com\\\/noticias\\\/\",\"email\":\"info@eldigitaldeasturias.com\",\"telephone\":\"+34652131393\",\"logo\":{\"@type\":\"ImageObject\",\"url\":\"https:\\\/\\\/www.eldigitaldeasturias.com\\\/noticias\\\/wp-content\\\/uploads\\\/2020\\\/12\\\/EDA.jpg\",\"@id\":\"https:\\\/\\\/www.eldigitaldeasturias.com\\\/noticias\\\/van-rompuy-recibira-el-premio-carlomagno-2014-por-su-papel-en-la-ue\\\/#organizationLogo\"},\"image\":{\"@id\":\"https:\\\/\\\/www.eldigitaldeasturias.com\\\/noticias\\\/van-rompuy-recibira-el-premio-carlomagno-2014-por-su-papel-en-la-ue\\\/#organizationLogo\"},\"sameAs\":[\"https:\\\/\\\/facebook.com\\\/eldigitaldeasturias\",\"https:\\\/\\\/www.youtube.com\\\/channel\\\/UCZP-2wLEB9Rv6erhFmqVnvg\"],\"address\":{\"@id\":\"https:\\\/\\\/www.eldigitaldeasturias.com\\\/noticias\\\/#postaladdress\",\"@type\":\"PostalAddress\",\"streetAddress\":\"san antonio 4\",\"postalCode\":\"33430\",\"addressLocality\":\"Cand\\u00e1s\",\"addressRegion\":\"Asturias\",\"addressCountry\":\"ES\"}},{\"@type\":\"Person\",\"@id\":\"https:\\\/\\\/www.eldigitaldeasturias.com\\\/noticias\\\/author\\\/admin\\\/#author\",\"url\":\"https:\\\/\\\/www.eldigitaldeasturias.com\\\/noticias\\\/author\\\/admin\\\/\",\"name\":\"El Digital de Asturias\",\"image\":{\"@type\":\"ImageObject\",\"@id\":\"https:\\\/\\\/www.eldigitaldeasturias.com\\\/noticias\\\/van-rompuy-recibira-el-premio-carlomagno-2014-por-su-papel-en-la-ue\\\/#authorImage\",\"url\":\"https:\\\/\\\/secure.gravatar.com\\\/avatar\\\/df2aeffc32bcd13f8d26072ef8a91b623d677766deac7f97ca815868cd41bf5e?s=96&d=mm&r=g\",\"width\":96,\"height\":96,\"caption\":\"El Digital de Asturias\"}},{\"@type\":\"WebPage\",\"@id\":\"https:\\\/\\\/www.eldigitaldeasturias.com\\\/noticias\\\/van-rompuy-recibira-el-premio-carlomagno-2014-por-su-papel-en-la-ue\\\/#webpage\",\"url\":\"https:\\\/\\\/www.eldigitaldeasturias.com\\\/noticias\\\/van-rompuy-recibira-el-premio-carlomagno-2014-por-su-papel-en-la-ue\\\/\",\"name\":\"Van Rompuy recibir\\u00e1 el premio Carlomagno 2014 por su papel en la UE - El Digital de Asturias\",\"description\":\"Berl\\u00edn, 7 dic (EFE).- El presidente del Consejo Europeo, Herman Van Rompuy, recibir\\u00e1 el premio Carlomagno 2014 por su papel en la consolidaci\\u00f3n de la Uni\\u00f3n Europea (UE), inform\\u00f3 hoy el directorio de esos prestigiosos galardones, que se entregan en Aquisgr\\u00e1n (oeste de Alemania). Van Rompuy recoger\\u00e1 dicha distinci\\u00f3n por su \\\"incansable trabajo\\\" en la\",\"inLanguage\":\"es-ES\",\"isPartOf\":{\"@id\":\"https:\\\/\\\/www.eldigitaldeasturias.com\\\/noticias\\\/#website\"},\"breadcrumb\":{\"@id\":\"https:\\\/\\\/www.eldigitaldeasturias.com\\\/noticias\\\/van-rompuy-recibira-el-premio-carlomagno-2014-por-su-papel-en-la-ue\\\/#breadcrumblist\"},\"author\":{\"@id\":\"https:\\\/\\\/www.eldigitaldeasturias.com\\\/noticias\\\/author\\\/admin\\\/#author\"},\"creator\":{\"@id\":\"https:\\\/\\\/www.eldigitaldeasturias.com\\\/noticias\\\/author\\\/admin\\\/#author\"},\"image\":{\"@type\":\"ImageObject\",\"url\":459120,\"@id\":\"https:\\\/\\\/www.eldigitaldeasturias.com\\\/noticias\\\/van-rompuy-recibira-el-premio-carlomagno-2014-por-su-papel-en-la-ue\\\/#mainImage\"},\"primaryImageOfPage\":{\"@id\":\"https:\\\/\\\/www.eldigitaldeasturias.com\\\/noticias\\\/van-rompuy-recibira-el-premio-carlomagno-2014-por-su-papel-en-la-ue\\\/#mainImage\"},\"datePublished\":\"2013-12-07T20:04:25+01:00\",\"dateModified\":\"2013-12-07T20:04:25+01:00\"},{\"@type\":\"WebSite\",\"@id\":\"https:\\\/\\\/www.eldigitaldeasturias.com\\\/noticias\\\/#website\",\"url\":\"https:\\\/\\\/www.eldigitaldeasturias.com\\\/noticias\\\/\",\"name\":\"El Digital de Asturias - Diario de actualidad y noticias\",\"alternateName\":\"El Digital de Asturias - Diario de actualidad y noticias\",\"description\":\"Hemeroteca\",\"inLanguage\":\"es-ES\",\"publisher\":{\"@id\":\"https:\\\/\\\/www.eldigitaldeasturias.com\\\/noticias\\\/#organization\"}}]}\n\t\t<\/script>\n\t\t<!-- All in One SEO Pro -->\r\n\t\t<title>Van Rompuy recibir\u00e1 el premio Carlomagno 2014 por su papel en la UE - El Digital de Asturias<\/title>\n\n","aioseo_head_json":{"title":"Van Rompuy recibir\u00e1 el premio Carlomagno 2014 por su papel en la UE - El Digital de Asturias","description":"Berl\u00edn, 7 dic (EFE).- El presidente del Consejo Europeo, Herman Van Rompuy, recibir\u00e1 el premio Carlomagno 2014 por su papel en la consolidaci\u00f3n de la Uni\u00f3n Europea (UE), inform\u00f3 hoy el directorio de esos prestigiosos galardones, que se entregan en Aquisgr\u00e1n (oeste de Alemania). Van Rompuy recoger\u00e1 dicha distinci\u00f3n por su \"incansable trabajo\" en la","canonical_url":"https:\/\/www.eldigitaldeasturias.com\/noticias\/van-rompuy-recibira-el-premio-carlomagno-2014-por-su-papel-en-la-ue\/","robots":"max-image-preview:large","keywords":"sociedad","webmasterTools":{"google-site-verification":"UA-38556648-1","msvalidate.01":"7dfe9f3f1b24437ab69f4f2559babe99","miscellaneous":""},"schema":{"@context":"https:\/\/schema.org","@graph":[{"@type":"BlogPosting","@id":"https:\/\/www.eldigitaldeasturias.com\/noticias\/van-rompuy-recibira-el-premio-carlomagno-2014-por-su-papel-en-la-ue\/#blogposting","name":"Van Rompuy recibir\u00e1 el premio Carlomagno 2014 por su papel en la UE - El Digital de Asturias","headline":"Van Rompuy recibir\u00e1 el premio Carlomagno 2014 por su papel en la UE","author":{"@id":"https:\/\/www.eldigitaldeasturias.com\/noticias\/author\/admin\/#author"},"publisher":{"@id":"https:\/\/www.eldigitaldeasturias.com\/noticias\/#organization"},"image":{"@type":"ImageObject","url":459120},"datePublished":"2013-12-07T20:04:25+01:00","dateModified":"2013-12-07T20:04:25+01:00","inLanguage":"es-ES","mainEntityOfPage":{"@id":"https:\/\/www.eldigitaldeasturias.com\/noticias\/van-rompuy-recibira-el-premio-carlomagno-2014-por-su-papel-en-la-ue\/#webpage"},"isPartOf":{"@id":"https:\/\/www.eldigitaldeasturias.com\/noticias\/van-rompuy-recibira-el-premio-carlomagno-2014-por-su-papel-en-la-ue\/#webpage"},"articleSection":"Sociedad"},{"@type":"BreadcrumbList","@id":"https:\/\/www.eldigitaldeasturias.com\/noticias\/van-rompuy-recibira-el-premio-carlomagno-2014-por-su-papel-en-la-ue\/#breadcrumblist","itemListElement":[{"@type":"ListItem","@id":"https:\/\/www.eldigitaldeasturias.com\/noticias#listItem","position":1,"name":"Home","item":"https:\/\/www.eldigitaldeasturias.com\/noticias","nextItem":{"@type":"ListItem","@id":"https:\/\/www.eldigitaldeasturias.com\/noticias\/category\/sociedad\/#listItem","name":"Sociedad"}},{"@type":"ListItem","@id":"https:\/\/www.eldigitaldeasturias.com\/noticias\/category\/sociedad\/#listItem","position":2,"name":"Sociedad","item":"https:\/\/www.eldigitaldeasturias.com\/noticias\/category\/sociedad\/","nextItem":{"@type":"ListItem","@id":"https:\/\/www.eldigitaldeasturias.com\/noticias\/van-rompuy-recibira-el-premio-carlomagno-2014-por-su-papel-en-la-ue\/#listItem","name":"Van Rompuy recibir\u00e1 el premio Carlomagno 2014 por su papel en la UE"},"previousItem":{"@type":"ListItem","@id":"https:\/\/www.eldigitaldeasturias.com\/noticias#listItem","name":"Home"}},{"@type":"ListItem","@id":"https:\/\/www.eldigitaldeasturias.com\/noticias\/van-rompuy-recibira-el-premio-carlomagno-2014-por-su-papel-en-la-ue\/#listItem","position":3,"name":"Van Rompuy recibir\u00e1 el premio Carlomagno 2014 por su papel en la UE","previousItem":{"@type":"ListItem","@id":"https:\/\/www.eldigitaldeasturias.com\/noticias\/category\/sociedad\/#listItem","name":"Sociedad"}}]},{"@type":"Organization","@id":"https:\/\/www.eldigitaldeasturias.com\/noticias\/#organization","name":"El Digital de Asturias","description":"Hemeroteca","url":"https:\/\/www.eldigitaldeasturias.com\/noticias\/","email":"info@eldigitaldeasturias.com","telephone":"+34652131393","logo":{"@type":"ImageObject","url":"https:\/\/www.eldigitaldeasturias.com\/noticias\/wp-content\/uploads\/2020\/12\/EDA.jpg","@id":"https:\/\/www.eldigitaldeasturias.com\/noticias\/van-rompuy-recibira-el-premio-carlomagno-2014-por-su-papel-en-la-ue\/#organizationLogo"},"image":{"@id":"https:\/\/www.eldigitaldeasturias.com\/noticias\/van-rompuy-recibira-el-premio-carlomagno-2014-por-su-papel-en-la-ue\/#organizationLogo"},"sameAs":["https:\/\/facebook.com\/eldigitaldeasturias","https:\/\/www.youtube.com\/channel\/UCZP-2wLEB9Rv6erhFmqVnvg"],"address":{"@id":"https:\/\/www.eldigitaldeasturias.com\/noticias\/#postaladdress","@type":"PostalAddress","streetAddress":"san antonio 4","postalCode":"33430","addressLocality":"Cand\u00e1s","addressRegion":"Asturias","addressCountry":"ES"}},{"@type":"Person","@id":"https:\/\/www.eldigitaldeasturias.com\/noticias\/author\/admin\/#author","url":"https:\/\/www.eldigitaldeasturias.com\/noticias\/author\/admin\/","name":"El Digital de Asturias","image":{"@type":"ImageObject","@id":"https:\/\/www.eldigitaldeasturias.com\/noticias\/van-rompuy-recibira-el-premio-carlomagno-2014-por-su-papel-en-la-ue\/#authorImage","url":"https:\/\/secure.gravatar.com\/avatar\/df2aeffc32bcd13f8d26072ef8a91b623d677766deac7f97ca815868cd41bf5e?s=96&d=mm&r=g","width":96,"height":96,"caption":"El Digital de Asturias"}},{"@type":"WebPage","@id":"https:\/\/www.eldigitaldeasturias.com\/noticias\/van-rompuy-recibira-el-premio-carlomagno-2014-por-su-papel-en-la-ue\/#webpage","url":"https:\/\/www.eldigitaldeasturias.com\/noticias\/van-rompuy-recibira-el-premio-carlomagno-2014-por-su-papel-en-la-ue\/","name":"Van Rompuy recibir\u00e1 el premio Carlomagno 2014 por su papel en la UE - El Digital de Asturias","description":"Berl\u00edn, 7 dic (EFE).- El presidente del Consejo Europeo, Herman Van Rompuy, recibir\u00e1 el premio Carlomagno 2014 por su papel en la consolidaci\u00f3n de la Uni\u00f3n Europea (UE), inform\u00f3 hoy el directorio de esos prestigiosos galardones, que se entregan en Aquisgr\u00e1n (oeste de Alemania). Van Rompuy recoger\u00e1 dicha distinci\u00f3n por su \"incansable trabajo\" en la","inLanguage":"es-ES","isPartOf":{"@id":"https:\/\/www.eldigitaldeasturias.com\/noticias\/#website"},"breadcrumb":{"@id":"https:\/\/www.eldigitaldeasturias.com\/noticias\/van-rompuy-recibira-el-premio-carlomagno-2014-por-su-papel-en-la-ue\/#breadcrumblist"},"author":{"@id":"https:\/\/www.eldigitaldeasturias.com\/noticias\/author\/admin\/#author"},"creator":{"@id":"https:\/\/www.eldigitaldeasturias.com\/noticias\/author\/admin\/#author"},"image":{"@type":"ImageObject","url":459120,"@id":"https:\/\/www.eldigitaldeasturias.com\/noticias\/van-rompuy-recibira-el-premio-carlomagno-2014-por-su-papel-en-la-ue\/#mainImage"},"primaryImageOfPage":{"@id":"https:\/\/www.eldigitaldeasturias.com\/noticias\/van-rompuy-recibira-el-premio-carlomagno-2014-por-su-papel-en-la-ue\/#mainImage"},"datePublished":"2013-12-07T20:04:25+01:00","dateModified":"2013-12-07T20:04:25+01:00"},{"@type":"WebSite","@id":"https:\/\/www.eldigitaldeasturias.com\/noticias\/#website","url":"https:\/\/www.eldigitaldeasturias.com\/noticias\/","name":"El Digital de Asturias - Diario de actualidad y noticias","alternateName":"El Digital de Asturias - Diario de actualidad y noticias","description":"Hemeroteca","inLanguage":"es-ES","publisher":{"@id":"https:\/\/www.eldigitaldeasturias.com\/noticias\/#organization"}}]},"og:locale":"es_ES","og:site_name":"El Digital de Asturias","og:type":"article","og:title":"Van Rompuy recibir\u00e1 el premio Carlomagno 2014 por su papel en la UE - El Digital de Asturias","og:description":"Berl\u00edn, 7 dic (EFE).- El presidente del Consejo Europeo, Herman Van Rompuy, recibir\u00e1 el premio Carlomagno 2014 por su papel en la consolidaci\u00f3n de la Uni\u00f3n Europea (UE), inform\u00f3 hoy el directorio de esos prestigiosos galardones, que se entregan en Aquisgr\u00e1n (oeste de Alemania). Van Rompuy recoger\u00e1 dicha distinci\u00f3n por su &quot;incansable trabajo&quot; en la","og:url":"https:\/\/www.eldigitaldeasturias.com\/noticias\/van-rompuy-recibira-el-premio-carlomagno-2014-por-su-papel-en-la-ue\/","article:tag":["sociedad"],"article:published_time":"2013-12-07T21:04:25+00:00","article:modified_time":"2013-12-07T21:04:25+00:00","article:publisher":"https:\/\/facebook.com\/eldigitaldeasturias","twitter:card":"summary_large_image","twitter:title":"Van Rompuy recibir\u00e1 el premio Carlomagno 2014 por su papel en la UE - El Digital de Asturias","twitter:description":"Berl\u00edn, 7 dic (EFE).- El presidente del Consejo Europeo, Herman Van Rompuy, recibir\u00e1 el premio Carlomagno 2014 por su papel en la consolidaci\u00f3n de la Uni\u00f3n Europea (UE), inform\u00f3 hoy el directorio de esos prestigiosos galardones, que se entregan en Aquisgr\u00e1n (oeste de Alemania). Van Rompuy recoger\u00e1 dicha distinci\u00f3n por su &quot;incansable trabajo&quot; en la","twitter:label1":"Escrito por","twitter:data1":"El Digital de Asturias","twitter:label2":"Tiempo de lectura estimado","twitter:data2":"1 minuto"},"aioseo_meta_data":{"post_id":"459119","title":null,"description":null,"keywords":null,"keyphrases":null,"primary_term":null,"canonical_url":null,"og_title":null,"og_description":null,"og_object_type":"default","og_image_type":"default","og_image_url":null,"og_image_width":null,"og_image_height":null,"og_image_custom_url":null,"og_image_custom_fields":null,"og_video":null,"og_custom_url":null,"og_article_section":null,"og_article_tags":null,"twitter_use_og":true,"twitter_card":"default","twitter_image_type":"default","twitter_image_url":null,"twitter_image_custom_url":null,"twitter_image_custom_fields":null,"twitter_title":null,"twitter_description":null,"schema":{"blockGraphs":[],"customGraphs":[],"default":{"data":{"Article":[],"Course":[],"Dataset":[],"FAQPage":[],"Movie":[],"Person":[],"Product":[],"ProductReview":[],"Car":[],"Recipe":[],"Service":[],"SoftwareApplication":[],"WebPage":[]},"graphName":"","isEnabled":true},"graphs":[],"defaultGraph":"","defaultPostTypeGraph":""},"schema_type":null,"schema_type_options":null,"pillar_content":false,"robots_default":true,"robots_noindex":false,"robots_noarchive":false,"robots_nosnippet":false,"robots_nofollow":false,"robots_noimageindex":false,"robots_noodp":false,"robots_notranslate":false,"robots_max_snippet":null,"robots_max_videopreview":null,"robots_max_imagepreview":"none","priority":null,"frequency":null,"local_seo":null,"seo_analyzer_scan_date":"2026-05-30 08:07:00","breadcrumb_settings":null,"limit_modified_date":false,"open_ai":null,"ai":null,"created":"2020-11-14 22:47:32","updated":"2026-05-30 08:07:00","focus_keyword":null,"additional_keywords":null,"truseo_locale":null},"aioseo_breadcrumb":"<div class=\"aioseo-breadcrumbs\"><span class=\"aioseo-breadcrumb\">\n\t<a href=\"https:\/\/www.eldigitaldeasturias.com\/noticias\" title=\"Home\">Home<\/a>\n<\/span><span class=\"aioseo-breadcrumb-separator\">\u2013<\/span><span class=\"aioseo-breadcrumb\">\n\t<a href=\"https:\/\/www.eldigitaldeasturias.com\/noticias\/category\/sociedad\/\" title=\"Sociedad\">Sociedad<\/a>\n<\/span><span class=\"aioseo-breadcrumb-separator\">\u2013<\/span><span class=\"aioseo-breadcrumb\">\n\t<a href=\"https:\/\/www.eldigitaldeasturias.com\/noticias\/van-rompuy-recibira-el-premio-carlomagno-2014-por-su-papel-en-la-ue\/\" title=\"Van Rompuy recibir\u00e1 el premio Carlomagno 2014 por su papel en la UE\">Van Rompuy recibir\u00e1 el premio Carlomagno 2014 por su papel en la UE<\/a>\n<\/span><\/div>","aioseo_breadcrumb_json":[{"label":"Home","link":"https:\/\/www.eldigitaldeasturias.com\/noticias"},{"label":"Sociedad","link":"https:\/\/www.eldigitaldeasturias.com\/noticias\/category\/sociedad\/"},{"label":"Van Rompuy recibir\u00e1 el premio Carlomagno 2014 por su papel en la UE","link":"https:\/\/www.eldigitaldeasturias.com\/noticias\/van-rompuy-recibira-el-premio-carlomagno-2014-por-su-papel-en-la-ue\/"}],"_links":{"self":[{"href":"https:\/\/www.eldigitaldeasturias.com\/noticias\/wp-json\/wp\/v2\/posts\/459119","targetHints":{"allow":["GET"]}}],"collection":[{"href":"https:\/\/www.eldigitaldeasturias.com\/noticias\/wp-json\/wp\/v2\/posts"}],"about":[{"href":"https:\/\/www.eldigitaldeasturias.com\/noticias\/wp-json\/wp\/v2\/types\/post"}],"author":[{"embeddable":true,"href":"https:\/\/www.eldigitaldeasturias.com\/noticias\/wp-json\/wp\/v2\/users\/1"}],"replies":[{"embeddable":true,"href":"https:\/\/www.eldigitaldeasturias.com\/noticias\/wp-json\/wp\/v2\/comments?post=459119"}],"version-history":[{"count":0,"href":"https:\/\/www.eldigitaldeasturias.com\/noticias\/wp-json\/wp\/v2\/posts\/459119\/revisions"}],"wp:attachment":[{"href":"https:\/\/www.eldigitaldeasturias.com\/noticias\/wp-json\/wp\/v2\/media?parent=459119"}],"wp:term":[{"taxonomy":"category","embeddable":true,"href":"https:\/\/www.eldigitaldeasturias.com\/noticias\/wp-json\/wp\/v2\/categories?post=459119"},{"taxonomy":"post_tag","embeddable":true,"href":"https:\/\/www.eldigitaldeasturias.com\/noticias\/wp-json\/wp\/v2\/tags?post=459119"}],"curies":[{"name":"wp","href":"https:\/\/api.w.org\/{rel}","templated":true}]}}