{"id":459104,"date":"2013-12-07T19:08:56","date_gmt":"2013-12-07T20:08:56","guid":{"rendered":"http:\/\/www.eldigitaldeasturias.com\/noticias\/?p=459104"},"modified":"2013-12-07T19:08:56","modified_gmt":"2013-12-07T20:08:56","slug":"pompeya-la-segunda-destruccion","status":"publish","type":"post","link":"https:\/\/www.eldigitaldeasturias.com\/noticias\/pompeya-la-segunda-destruccion\/","title":{"rendered":"Pompeya, la segunda destrucci\u00f3n"},"content":{"rendered":"<p><img loading=\"lazy\" decoding=\"async\" class=\"alignleft size-medium wp-image-459105\" alt=\"5778619w\" src=\"https:\/\/www.eldigitaldeasturias.com\/noticias\/wp-content\/uploads\/2013\/12\/5778619w-360x202.jpg\" width=\"360\" height=\"202\" \/>Roma, 7 dic (EFE).- Pompeya, la antigua residencia de verano de los nobles romanos y una de las paradas m\u00e1s importantes de la vieja Via Apia, sufre de forma imparable la destrucci\u00f3n de su \u00e1rea arqueol\u00f3gica a la que no llega la ayuda prometida, como tampoco lleg\u00f3 el aviso de la erupci\u00f3n del volc\u00e1n que la sepult\u00f3.<\/p>\n<p>A lo largo de la historia, los vestigios de la ciudad romana situada cerca de N\u00e1poles, en la regi\u00f3n italiana de la Campania, han estado amenazados con desaparecer para siempre.<\/p>\n<p>Pompeya, asentada en una zona de actividad s\u00edsmica y volc\u00e1nica, sobrevivi\u00f3 primero a un terremoto y a\u00f1os m\u00e1s tarde, en el a\u00f1o 79 de nuestra era, qued\u00f3 sepultada bajo una gruesa capa de lava y bajo ella qued\u00f3 durante siglos.<\/p>\n<p>Pompeya fue redescubierta en 1550, cuando el arquitecto renacentista, Domenico Fontana, realizaba unas excavaciones, aunque hubo que esperar casi dos siglos para que Pompeya fuese desenterrada bajo las \u00f3rdenes del rey Carlos VII de N\u00e1poles.<\/p>\n<p>El redescubrimiento de la Pompeya signific\u00f3 una gran revoluci\u00f3n para el mundo civilizado pues sus ruinas se convirtieron en una de las fuentes de informaci\u00f3n m\u00e1s importantes que se ten\u00eda hasta el momento de la antigua Roma.<\/p>\n<p>Ahora, sin embargo, la principal causa del deterioro de las ruinas de Pompeya es la aparente inacci\u00f3n del Gobierno italiano.<\/p>\n<p>Pompeya, que fue declarada Patrimonio de la Humanidad por la Unesco en 1997, no ha sido prioridad de los sucesivos Gobiernos italianos y tambi\u00e9n ha sufrido las injerencias de la mafia, ya que detr\u00e1s de estas ruinas se mueven cantidades ingentes de dinero provenientes del turismo.<\/p>\n<p>Los \u00faltimos derrumbes, que han afectado a las termas centrales, que son las m\u00e1s importantes, a la Casa del Torello de Bronce y al muro de una tienda en Via Stabiana, han alzado la voz de los arque\u00f3logos que tildan de dejadez al Gobierno italiano que, tras estos \u00faltimas p\u00e9rdidas, prometi\u00f3 iniciar los trabajos de restauraci\u00f3n a mediados de este mes de diciembre.<\/p>\n<p>As\u00ed lo anunci\u00f3 el pasado lunes la Superintendencia de Patrimonio Cultural de N\u00e1poles y Pompeya, dependiente del Ministerio de Cultura, que asegur\u00f3 que los trabajos de recuperaci\u00f3n comenzar\u00e1n con car\u00e1cter de urgencia.<\/p>\n<p>Asimismo, se inform\u00f3 de que el ministro de Bienes Culturales, Massimo Brey, designar\u00e1 al equipo que dirigir\u00e1 el llamado \u00abGran Proyecto Pompeya\u00bb, ideado en 2012 por el entonces primer ministro Mario Monti en el que se contemplaba la conservaci\u00f3n y relanzamiento del \u00e1rea arqueol\u00f3gica y contaba con un total de 105 millones de euros de financiaci\u00f3n (unos 143,5 millones de d\u00f3lares), tanto nacional como proveniente de fondos de la Uni\u00f3n Europea.<\/p>\n<p>Sin embargo, el t\u00e9cnico del Observatorio del Patrimonio Cultural, organismo dedicado a la conservaci\u00f3n de las excavaciones arqueol\u00f3gicas de Pompeya, Dario Sautto, denunci\u00f3 a Efe que si se hubiera puesto en marcha la restauraci\u00f3n prometida por Monti se hubieran evitado estos \u00faltimos derrumbes.<\/p>\n<p>\u00abDesde el ministerio de Bienes Culturales no est\u00e1n informando de todos los derrumbes ocurridos estos \u00faltimos d\u00edas. Oficialmente han dicho que ha habido dos desplomes pero han habido muchos m\u00e1s\u00bb, relat\u00f3 Sautto.<\/p>\n<p>Adem\u00e1s, Sautto se mostr\u00f3 un tanto esc\u00e9ptico con los plazos para la puesta en marcha del Gran Proyecto que restaurar\u00e1 Pompeya, ya que falta por designar al director que orquestar\u00e1 los trabajos de recuperaci\u00f3n.<\/p>\n<p>Han tenido que pasar casi dos a\u00f1os, numerosos derrumbes de gran valor y varias amenazas de la Unesco para que el Gobierno italiano responda y ponga en marcha, seg\u00fan dijo, el Gran Proyecto Pompeya.<\/p>\n<p>Quiz\u00e1, ha pasado demasiado tiempo para salvar restos de gran valor que a\u00f1os atr\u00e1s permitieron responder a ese imaginario colectivo siempre curioso por saber c\u00f3mo era la antigua Roma, c\u00f3mo se relacionaban sus ciudadanos y que finalmente gracias a las excavaciones se supo con exactitud c\u00f3mo vivieron e incluso c\u00f3mo murieron los ciudadanos de Pompeya.<\/p>\n<p>De seguir as\u00ed, dijo Sautto, Pompeya que fue destruida a causa de un volc\u00e1n, est\u00e1 sufriendo una segunda destrucci\u00f3n, simplemente, por la desidia de los hombres.<\/p>\n<p>Amparo Puerto.<\/p>\n","protected":false},"excerpt":{"rendered":"<p>Roma, 7 dic (EFE).- Pompeya, la antigua residencia de verano de los nobles romanos y una de las paradas m\u00e1s importantes de la vieja Via Apia, sufre de forma imparable la destrucci\u00f3n de su \u00e1rea arqueol\u00f3gica a la que no llega la ayuda prometida, como tampoco lleg\u00f3 el aviso de la erupci\u00f3n del volc\u00e1n que [&hellip;]<\/p>\n","protected":false},"author":1,"featured_media":459105,"comment_status":"closed","ping_status":"open","sticky":false,"template":"","format":"standard","meta":{"footnotes":""},"categories":[28],"tags":[],"class_list":["post-459104","post","type-post","status-publish","format-standard","has-post-thumbnail","hentry","category-sociedad"],"aioseo_notices":[],"aioseo_head":"\n\t\t<!-- All in One SEO Pro 5.0.1 - aioseo.com -->\n\t<meta name=\"description\" content=\"Roma, 7 dic (EFE).- Pompeya, la antigua residencia de verano de los nobles romanos y una de las paradas m\u00e1s importantes de la vieja Via Apia, sufre de forma imparable la destrucci\u00f3n de su \u00e1rea arqueol\u00f3gica a la que no llega la ayuda prometida, como tampoco lleg\u00f3 el aviso de la erupci\u00f3n del volc\u00e1n que\" \/>\n\t<meta name=\"robots\" content=\"max-image-preview:large\" \/>\n\t<meta name=\"author\" content=\"El Digital de Asturias\"\/>\n\t<meta name=\"google-site-verification\" content=\"UA-38556648-1\" \/>\n\t<meta name=\"msvalidate.01\" content=\"7dfe9f3f1b24437ab69f4f2559babe99\" \/>\n\t<meta name=\"keywords\" content=\"sociedad\" \/>\n\t<link rel=\"canonical\" href=\"https:\/\/www.eldigitaldeasturias.com\/noticias\/pompeya-la-segunda-destruccion\/\" \/>\n\t<meta name=\"generator\" content=\"All in One SEO Pro (AIOSEO) 5.0.1\" \/>\n\t\t<meta property=\"og:locale\" content=\"es_ES\" \/>\n\t\t<meta property=\"og:site_name\" content=\"El Digital de Asturias\" \/>\n\t\t<meta property=\"og:type\" content=\"article\" \/>\n\t\t<meta property=\"og:title\" content=\"Pompeya, la segunda destrucci\u00f3n - El Digital de Asturias\" \/>\n\t\t<meta property=\"og:description\" content=\"Roma, 7 dic (EFE).- Pompeya, la antigua residencia de verano de los nobles romanos y una de las paradas m\u00e1s importantes de la vieja Via Apia, sufre de forma imparable la destrucci\u00f3n de su \u00e1rea arqueol\u00f3gica a la que no llega la ayuda prometida, como tampoco lleg\u00f3 el aviso de la erupci\u00f3n del volc\u00e1n que\" \/>\n\t\t<meta property=\"og:url\" content=\"https:\/\/www.eldigitaldeasturias.com\/noticias\/pompeya-la-segunda-destruccion\/\" \/>\n\t\t<meta property=\"article:tag\" content=\"sociedad\" \/>\n\t\t<meta property=\"article:published_time\" content=\"2013-12-07T20:08:56+00:00\" \/>\n\t\t<meta property=\"article:modified_time\" content=\"2013-12-07T20:08:56+00:00\" \/>\n\t\t<meta property=\"article:publisher\" content=\"https:\/\/facebook.com\/eldigitaldeasturias\" \/>\n\t\t<meta name=\"twitter:card\" content=\"summary_large_image\" \/>\n\t\t<meta name=\"twitter:title\" content=\"Pompeya, la segunda destrucci\u00f3n - El Digital de Asturias\" \/>\n\t\t<meta name=\"twitter:description\" content=\"Roma, 7 dic (EFE).- Pompeya, la antigua residencia de verano de los nobles romanos y una de las paradas m\u00e1s importantes de la vieja Via Apia, sufre de forma imparable la destrucci\u00f3n de su \u00e1rea arqueol\u00f3gica a la que no llega la ayuda prometida, como tampoco lleg\u00f3 el aviso de la erupci\u00f3n del volc\u00e1n que\" \/>\n\t\t<meta name=\"twitter:label1\" content=\"Escrito por\" \/>\n\t\t<meta name=\"twitter:data1\" content=\"El Digital de Asturias\" \/>\n\t\t<meta name=\"twitter:label2\" content=\"Tiempo de lectura estimado\" \/>\n\t\t<meta name=\"twitter:data2\" content=\"4 minutos\" \/>\n\t\t<script type=\"application\/ld+json\" class=\"aioseo-schema\">\n\t\t\t{\"@context\":\"https:\\\/\\\/schema.org\",\"@graph\":[{\"@type\":\"BlogPosting\",\"@id\":\"https:\\\/\\\/www.eldigitaldeasturias.com\\\/noticias\\\/pompeya-la-segunda-destruccion\\\/#blogposting\",\"name\":\"Pompeya, la segunda destrucci\\u00f3n - El Digital de Asturias\",\"headline\":\"Pompeya, la segunda destrucci\\u00f3n\",\"author\":{\"@id\":\"https:\\\/\\\/www.eldigitaldeasturias.com\\\/noticias\\\/author\\\/admin\\\/#author\"},\"publisher\":{\"@id\":\"https:\\\/\\\/www.eldigitaldeasturias.com\\\/noticias\\\/#organization\"},\"image\":{\"@type\":\"ImageObject\",\"url\":459105},\"datePublished\":\"2013-12-07T19:08:56+01:00\",\"dateModified\":\"2013-12-07T19:08:56+01:00\",\"inLanguage\":\"es-ES\",\"mainEntityOfPage\":{\"@id\":\"https:\\\/\\\/www.eldigitaldeasturias.com\\\/noticias\\\/pompeya-la-segunda-destruccion\\\/#webpage\"},\"isPartOf\":{\"@id\":\"https:\\\/\\\/www.eldigitaldeasturias.com\\\/noticias\\\/pompeya-la-segunda-destruccion\\\/#webpage\"},\"articleSection\":\"Sociedad\"},{\"@type\":\"BreadcrumbList\",\"@id\":\"https:\\\/\\\/www.eldigitaldeasturias.com\\\/noticias\\\/pompeya-la-segunda-destruccion\\\/#breadcrumblist\",\"itemListElement\":[{\"@type\":\"ListItem\",\"@id\":\"https:\\\/\\\/www.eldigitaldeasturias.com\\\/noticias#listItem\",\"position\":1,\"name\":\"Home\",\"item\":\"https:\\\/\\\/www.eldigitaldeasturias.com\\\/noticias\",\"nextItem\":{\"@type\":\"ListItem\",\"@id\":\"https:\\\/\\\/www.eldigitaldeasturias.com\\\/noticias\\\/category\\\/sociedad\\\/#listItem\",\"name\":\"Sociedad\"}},{\"@type\":\"ListItem\",\"@id\":\"https:\\\/\\\/www.eldigitaldeasturias.com\\\/noticias\\\/category\\\/sociedad\\\/#listItem\",\"position\":2,\"name\":\"Sociedad\",\"item\":\"https:\\\/\\\/www.eldigitaldeasturias.com\\\/noticias\\\/category\\\/sociedad\\\/\",\"nextItem\":{\"@type\":\"ListItem\",\"@id\":\"https:\\\/\\\/www.eldigitaldeasturias.com\\\/noticias\\\/pompeya-la-segunda-destruccion\\\/#listItem\",\"name\":\"Pompeya, la segunda destrucci\\u00f3n\"},\"previousItem\":{\"@type\":\"ListItem\",\"@id\":\"https:\\\/\\\/www.eldigitaldeasturias.com\\\/noticias#listItem\",\"name\":\"Home\"}},{\"@type\":\"ListItem\",\"@id\":\"https:\\\/\\\/www.eldigitaldeasturias.com\\\/noticias\\\/pompeya-la-segunda-destruccion\\\/#listItem\",\"position\":3,\"name\":\"Pompeya, la segunda destrucci\\u00f3n\",\"previousItem\":{\"@type\":\"ListItem\",\"@id\":\"https:\\\/\\\/www.eldigitaldeasturias.com\\\/noticias\\\/category\\\/sociedad\\\/#listItem\",\"name\":\"Sociedad\"}}]},{\"@type\":\"Organization\",\"@id\":\"https:\\\/\\\/www.eldigitaldeasturias.com\\\/noticias\\\/#organization\",\"name\":\"El Digital de Asturias\",\"description\":\"Hemeroteca\",\"url\":\"https:\\\/\\\/www.eldigitaldeasturias.com\\\/noticias\\\/\",\"email\":\"info@eldigitaldeasturias.com\",\"telephone\":\"+34652131393\",\"logo\":{\"@type\":\"ImageObject\",\"url\":\"https:\\\/\\\/www.eldigitaldeasturias.com\\\/noticias\\\/wp-content\\\/uploads\\\/2020\\\/12\\\/EDA.jpg\",\"@id\":\"https:\\\/\\\/www.eldigitaldeasturias.com\\\/noticias\\\/pompeya-la-segunda-destruccion\\\/#organizationLogo\"},\"image\":{\"@id\":\"https:\\\/\\\/www.eldigitaldeasturias.com\\\/noticias\\\/pompeya-la-segunda-destruccion\\\/#organizationLogo\"},\"sameAs\":[\"https:\\\/\\\/facebook.com\\\/eldigitaldeasturias\",\"https:\\\/\\\/www.youtube.com\\\/channel\\\/UCZP-2wLEB9Rv6erhFmqVnvg\"],\"address\":{\"@id\":\"https:\\\/\\\/www.eldigitaldeasturias.com\\\/noticias\\\/#postaladdress\",\"@type\":\"PostalAddress\",\"streetAddress\":\"san antonio 4\",\"postalCode\":\"33430\",\"addressLocality\":\"Cand\\u00e1s\",\"addressRegion\":\"Asturias\",\"addressCountry\":\"ES\"}},{\"@type\":\"Person\",\"@id\":\"https:\\\/\\\/www.eldigitaldeasturias.com\\\/noticias\\\/author\\\/admin\\\/#author\",\"url\":\"https:\\\/\\\/www.eldigitaldeasturias.com\\\/noticias\\\/author\\\/admin\\\/\",\"name\":\"El Digital de Asturias\",\"image\":{\"@type\":\"ImageObject\",\"@id\":\"https:\\\/\\\/www.eldigitaldeasturias.com\\\/noticias\\\/pompeya-la-segunda-destruccion\\\/#authorImage\",\"url\":\"https:\\\/\\\/secure.gravatar.com\\\/avatar\\\/df2aeffc32bcd13f8d26072ef8a91b623d677766deac7f97ca815868cd41bf5e?s=96&d=mm&r=g\",\"width\":96,\"height\":96,\"caption\":\"El Digital de Asturias\"}},{\"@type\":\"WebPage\",\"@id\":\"https:\\\/\\\/www.eldigitaldeasturias.com\\\/noticias\\\/pompeya-la-segunda-destruccion\\\/#webpage\",\"url\":\"https:\\\/\\\/www.eldigitaldeasturias.com\\\/noticias\\\/pompeya-la-segunda-destruccion\\\/\",\"name\":\"Pompeya, la segunda destrucci\\u00f3n - El Digital de Asturias\",\"description\":\"Roma, 7 dic (EFE).- Pompeya, la antigua residencia de verano de los nobles romanos y una de las paradas m\\u00e1s importantes de la vieja Via Apia, sufre de forma imparable la destrucci\\u00f3n de su \\u00e1rea arqueol\\u00f3gica a la que no llega la ayuda prometida, como tampoco lleg\\u00f3 el aviso de la erupci\\u00f3n del volc\\u00e1n que\",\"inLanguage\":\"es-ES\",\"isPartOf\":{\"@id\":\"https:\\\/\\\/www.eldigitaldeasturias.com\\\/noticias\\\/#website\"},\"breadcrumb\":{\"@id\":\"https:\\\/\\\/www.eldigitaldeasturias.com\\\/noticias\\\/pompeya-la-segunda-destruccion\\\/#breadcrumblist\"},\"author\":{\"@id\":\"https:\\\/\\\/www.eldigitaldeasturias.com\\\/noticias\\\/author\\\/admin\\\/#author\"},\"creator\":{\"@id\":\"https:\\\/\\\/www.eldigitaldeasturias.com\\\/noticias\\\/author\\\/admin\\\/#author\"},\"image\":{\"@type\":\"ImageObject\",\"url\":459105,\"@id\":\"https:\\\/\\\/www.eldigitaldeasturias.com\\\/noticias\\\/pompeya-la-segunda-destruccion\\\/#mainImage\"},\"primaryImageOfPage\":{\"@id\":\"https:\\\/\\\/www.eldigitaldeasturias.com\\\/noticias\\\/pompeya-la-segunda-destruccion\\\/#mainImage\"},\"datePublished\":\"2013-12-07T19:08:56+01:00\",\"dateModified\":\"2013-12-07T19:08:56+01:00\"},{\"@type\":\"WebSite\",\"@id\":\"https:\\\/\\\/www.eldigitaldeasturias.com\\\/noticias\\\/#website\",\"url\":\"https:\\\/\\\/www.eldigitaldeasturias.com\\\/noticias\\\/\",\"name\":\"El Digital de Asturias - Diario de actualidad y noticias\",\"alternateName\":\"El Digital de Asturias - Diario de actualidad y noticias\",\"description\":\"Hemeroteca\",\"inLanguage\":\"es-ES\",\"publisher\":{\"@id\":\"https:\\\/\\\/www.eldigitaldeasturias.com\\\/noticias\\\/#organization\"}}]}\n\t\t<\/script>\n\t\t<!-- All in One SEO Pro -->\r\n\t\t<title>Pompeya, la segunda destrucci\u00f3n - El Digital de Asturias<\/title>\n\n","aioseo_head_json":{"title":"Pompeya, la segunda destrucci\u00f3n - El Digital de Asturias","description":"Roma, 7 dic (EFE).- Pompeya, la antigua residencia de verano de los nobles romanos y una de las paradas m\u00e1s importantes de la vieja Via Apia, sufre de forma imparable la destrucci\u00f3n de su \u00e1rea arqueol\u00f3gica a la que no llega la ayuda prometida, como tampoco lleg\u00f3 el aviso de la erupci\u00f3n del volc\u00e1n que","canonical_url":"https:\/\/www.eldigitaldeasturias.com\/noticias\/pompeya-la-segunda-destruccion\/","robots":"max-image-preview:large","keywords":"sociedad","webmasterTools":{"google-site-verification":"UA-38556648-1","msvalidate.01":"7dfe9f3f1b24437ab69f4f2559babe99","miscellaneous":""},"schema":{"@context":"https:\/\/schema.org","@graph":[{"@type":"BlogPosting","@id":"https:\/\/www.eldigitaldeasturias.com\/noticias\/pompeya-la-segunda-destruccion\/#blogposting","name":"Pompeya, la segunda destrucci\u00f3n - El Digital de Asturias","headline":"Pompeya, la segunda destrucci\u00f3n","author":{"@id":"https:\/\/www.eldigitaldeasturias.com\/noticias\/author\/admin\/#author"},"publisher":{"@id":"https:\/\/www.eldigitaldeasturias.com\/noticias\/#organization"},"image":{"@type":"ImageObject","url":459105},"datePublished":"2013-12-07T19:08:56+01:00","dateModified":"2013-12-07T19:08:56+01:00","inLanguage":"es-ES","mainEntityOfPage":{"@id":"https:\/\/www.eldigitaldeasturias.com\/noticias\/pompeya-la-segunda-destruccion\/#webpage"},"isPartOf":{"@id":"https:\/\/www.eldigitaldeasturias.com\/noticias\/pompeya-la-segunda-destruccion\/#webpage"},"articleSection":"Sociedad"},{"@type":"BreadcrumbList","@id":"https:\/\/www.eldigitaldeasturias.com\/noticias\/pompeya-la-segunda-destruccion\/#breadcrumblist","itemListElement":[{"@type":"ListItem","@id":"https:\/\/www.eldigitaldeasturias.com\/noticias#listItem","position":1,"name":"Home","item":"https:\/\/www.eldigitaldeasturias.com\/noticias","nextItem":{"@type":"ListItem","@id":"https:\/\/www.eldigitaldeasturias.com\/noticias\/category\/sociedad\/#listItem","name":"Sociedad"}},{"@type":"ListItem","@id":"https:\/\/www.eldigitaldeasturias.com\/noticias\/category\/sociedad\/#listItem","position":2,"name":"Sociedad","item":"https:\/\/www.eldigitaldeasturias.com\/noticias\/category\/sociedad\/","nextItem":{"@type":"ListItem","@id":"https:\/\/www.eldigitaldeasturias.com\/noticias\/pompeya-la-segunda-destruccion\/#listItem","name":"Pompeya, la segunda destrucci\u00f3n"},"previousItem":{"@type":"ListItem","@id":"https:\/\/www.eldigitaldeasturias.com\/noticias#listItem","name":"Home"}},{"@type":"ListItem","@id":"https:\/\/www.eldigitaldeasturias.com\/noticias\/pompeya-la-segunda-destruccion\/#listItem","position":3,"name":"Pompeya, la segunda destrucci\u00f3n","previousItem":{"@type":"ListItem","@id":"https:\/\/www.eldigitaldeasturias.com\/noticias\/category\/sociedad\/#listItem","name":"Sociedad"}}]},{"@type":"Organization","@id":"https:\/\/www.eldigitaldeasturias.com\/noticias\/#organization","name":"El Digital de Asturias","description":"Hemeroteca","url":"https:\/\/www.eldigitaldeasturias.com\/noticias\/","email":"info@eldigitaldeasturias.com","telephone":"+34652131393","logo":{"@type":"ImageObject","url":"https:\/\/www.eldigitaldeasturias.com\/noticias\/wp-content\/uploads\/2020\/12\/EDA.jpg","@id":"https:\/\/www.eldigitaldeasturias.com\/noticias\/pompeya-la-segunda-destruccion\/#organizationLogo"},"image":{"@id":"https:\/\/www.eldigitaldeasturias.com\/noticias\/pompeya-la-segunda-destruccion\/#organizationLogo"},"sameAs":["https:\/\/facebook.com\/eldigitaldeasturias","https:\/\/www.youtube.com\/channel\/UCZP-2wLEB9Rv6erhFmqVnvg"],"address":{"@id":"https:\/\/www.eldigitaldeasturias.com\/noticias\/#postaladdress","@type":"PostalAddress","streetAddress":"san antonio 4","postalCode":"33430","addressLocality":"Cand\u00e1s","addressRegion":"Asturias","addressCountry":"ES"}},{"@type":"Person","@id":"https:\/\/www.eldigitaldeasturias.com\/noticias\/author\/admin\/#author","url":"https:\/\/www.eldigitaldeasturias.com\/noticias\/author\/admin\/","name":"El Digital de Asturias","image":{"@type":"ImageObject","@id":"https:\/\/www.eldigitaldeasturias.com\/noticias\/pompeya-la-segunda-destruccion\/#authorImage","url":"https:\/\/secure.gravatar.com\/avatar\/df2aeffc32bcd13f8d26072ef8a91b623d677766deac7f97ca815868cd41bf5e?s=96&d=mm&r=g","width":96,"height":96,"caption":"El Digital de Asturias"}},{"@type":"WebPage","@id":"https:\/\/www.eldigitaldeasturias.com\/noticias\/pompeya-la-segunda-destruccion\/#webpage","url":"https:\/\/www.eldigitaldeasturias.com\/noticias\/pompeya-la-segunda-destruccion\/","name":"Pompeya, la segunda destrucci\u00f3n - El Digital de Asturias","description":"Roma, 7 dic (EFE).- Pompeya, la antigua residencia de verano de los nobles romanos y una de las paradas m\u00e1s importantes de la vieja Via Apia, sufre de forma imparable la destrucci\u00f3n de su \u00e1rea arqueol\u00f3gica a la que no llega la ayuda prometida, como tampoco lleg\u00f3 el aviso de la erupci\u00f3n del volc\u00e1n que","inLanguage":"es-ES","isPartOf":{"@id":"https:\/\/www.eldigitaldeasturias.com\/noticias\/#website"},"breadcrumb":{"@id":"https:\/\/www.eldigitaldeasturias.com\/noticias\/pompeya-la-segunda-destruccion\/#breadcrumblist"},"author":{"@id":"https:\/\/www.eldigitaldeasturias.com\/noticias\/author\/admin\/#author"},"creator":{"@id":"https:\/\/www.eldigitaldeasturias.com\/noticias\/author\/admin\/#author"},"image":{"@type":"ImageObject","url":459105,"@id":"https:\/\/www.eldigitaldeasturias.com\/noticias\/pompeya-la-segunda-destruccion\/#mainImage"},"primaryImageOfPage":{"@id":"https:\/\/www.eldigitaldeasturias.com\/noticias\/pompeya-la-segunda-destruccion\/#mainImage"},"datePublished":"2013-12-07T19:08:56+01:00","dateModified":"2013-12-07T19:08:56+01:00"},{"@type":"WebSite","@id":"https:\/\/www.eldigitaldeasturias.com\/noticias\/#website","url":"https:\/\/www.eldigitaldeasturias.com\/noticias\/","name":"El Digital de Asturias - Diario de actualidad y noticias","alternateName":"El Digital de Asturias - Diario de actualidad y noticias","description":"Hemeroteca","inLanguage":"es-ES","publisher":{"@id":"https:\/\/www.eldigitaldeasturias.com\/noticias\/#organization"}}]},"og:locale":"es_ES","og:site_name":"El Digital de Asturias","og:type":"article","og:title":"Pompeya, la segunda destrucci\u00f3n - El Digital de Asturias","og:description":"Roma, 7 dic (EFE).- Pompeya, la antigua residencia de verano de los nobles romanos y una de las paradas m\u00e1s importantes de la vieja Via Apia, sufre de forma imparable la destrucci\u00f3n de su \u00e1rea arqueol\u00f3gica a la que no llega la ayuda prometida, como tampoco lleg\u00f3 el aviso de la erupci\u00f3n del volc\u00e1n que","og:url":"https:\/\/www.eldigitaldeasturias.com\/noticias\/pompeya-la-segunda-destruccion\/","article:tag":["sociedad"],"article:published_time":"2013-12-07T20:08:56+00:00","article:modified_time":"2013-12-07T20:08:56+00:00","article:publisher":"https:\/\/facebook.com\/eldigitaldeasturias","twitter:card":"summary_large_image","twitter:title":"Pompeya, la segunda destrucci\u00f3n - El Digital de Asturias","twitter:description":"Roma, 7 dic (EFE).- Pompeya, la antigua residencia de verano de los nobles romanos y una de las paradas m\u00e1s importantes de la vieja Via Apia, sufre de forma imparable la destrucci\u00f3n de su \u00e1rea arqueol\u00f3gica a la que no llega la ayuda prometida, como tampoco lleg\u00f3 el aviso de la erupci\u00f3n del volc\u00e1n que","twitter:label1":"Escrito por","twitter:data1":"El Digital de Asturias","twitter:label2":"Tiempo de lectura estimado","twitter:data2":"4 minutos"},"aioseo_meta_data":{"post_id":"459104","title":null,"description":null,"keywords":null,"keyphrases":null,"primary_term":null,"canonical_url":null,"og_title":null,"og_description":null,"og_object_type":"default","og_image_type":"default","og_image_url":null,"og_image_width":null,"og_image_height":null,"og_image_custom_url":null,"og_image_custom_fields":null,"og_video":null,"og_custom_url":null,"og_article_section":null,"og_article_tags":null,"twitter_use_og":true,"twitter_card":"default","twitter_image_type":"default","twitter_image_url":null,"twitter_image_custom_url":null,"twitter_image_custom_fields":null,"twitter_title":null,"twitter_description":null,"schema":{"blockGraphs":[],"customGraphs":[],"default":{"data":{"Article":[],"Course":[],"Dataset":[],"FAQPage":[],"Movie":[],"Person":[],"Product":[],"ProductReview":[],"Car":[],"Recipe":[],"Service":[],"SoftwareApplication":[],"WebPage":[]},"graphName":"","isEnabled":true},"graphs":[],"defaultGraph":"","defaultPostTypeGraph":""},"schema_type":null,"schema_type_options":null,"pillar_content":false,"robots_default":true,"robots_noindex":false,"robots_noarchive":false,"robots_nosnippet":false,"robots_nofollow":false,"robots_noimageindex":false,"robots_noodp":false,"robots_notranslate":false,"robots_max_snippet":null,"robots_max_videopreview":null,"robots_max_imagepreview":"none","priority":null,"frequency":null,"local_seo":null,"seo_analyzer_scan_date":"2026-05-30 08:04:04","breadcrumb_settings":null,"limit_modified_date":false,"open_ai":null,"ai":null,"created":"2020-11-14 22:47:32","updated":"2026-05-30 08:04:04","focus_keyword":null,"additional_keywords":null,"truseo_locale":null},"aioseo_breadcrumb":"<div class=\"aioseo-breadcrumbs\"><span class=\"aioseo-breadcrumb\">\n\t<a href=\"https:\/\/www.eldigitaldeasturias.com\/noticias\" title=\"Home\">Home<\/a>\n<\/span><span class=\"aioseo-breadcrumb-separator\">\u2013<\/span><span class=\"aioseo-breadcrumb\">\n\t<a href=\"https:\/\/www.eldigitaldeasturias.com\/noticias\/category\/sociedad\/\" title=\"Sociedad\">Sociedad<\/a>\n<\/span><span class=\"aioseo-breadcrumb-separator\">\u2013<\/span><span class=\"aioseo-breadcrumb\">\n\t<a href=\"https:\/\/www.eldigitaldeasturias.com\/noticias\/pompeya-la-segunda-destruccion\/\" title=\"Pompeya, la segunda destrucci\u00f3n\">Pompeya, la segunda destrucci\u00f3n<\/a>\n<\/span><\/div>","aioseo_breadcrumb_json":[{"label":"Home","link":"https:\/\/www.eldigitaldeasturias.com\/noticias"},{"label":"Sociedad","link":"https:\/\/www.eldigitaldeasturias.com\/noticias\/category\/sociedad\/"},{"label":"Pompeya, la segunda destrucci\u00f3n","link":"https:\/\/www.eldigitaldeasturias.com\/noticias\/pompeya-la-segunda-destruccion\/"}],"_links":{"self":[{"href":"https:\/\/www.eldigitaldeasturias.com\/noticias\/wp-json\/wp\/v2\/posts\/459104","targetHints":{"allow":["GET"]}}],"collection":[{"href":"https:\/\/www.eldigitaldeasturias.com\/noticias\/wp-json\/wp\/v2\/posts"}],"about":[{"href":"https:\/\/www.eldigitaldeasturias.com\/noticias\/wp-json\/wp\/v2\/types\/post"}],"author":[{"embeddable":true,"href":"https:\/\/www.eldigitaldeasturias.com\/noticias\/wp-json\/wp\/v2\/users\/1"}],"replies":[{"embeddable":true,"href":"https:\/\/www.eldigitaldeasturias.com\/noticias\/wp-json\/wp\/v2\/comments?post=459104"}],"version-history":[{"count":0,"href":"https:\/\/www.eldigitaldeasturias.com\/noticias\/wp-json\/wp\/v2\/posts\/459104\/revisions"}],"wp:attachment":[{"href":"https:\/\/www.eldigitaldeasturias.com\/noticias\/wp-json\/wp\/v2\/media?parent=459104"}],"wp:term":[{"taxonomy":"category","embeddable":true,"href":"https:\/\/www.eldigitaldeasturias.com\/noticias\/wp-json\/wp\/v2\/categories?post=459104"},{"taxonomy":"post_tag","embeddable":true,"href":"https:\/\/www.eldigitaldeasturias.com\/noticias\/wp-json\/wp\/v2\/tags?post=459104"}],"curies":[{"name":"wp","href":"https:\/\/api.w.org\/{rel}","templated":true}]}}