{"id":459101,"date":"2013-12-07T19:07:42","date_gmt":"2013-12-07T20:07:42","guid":{"rendered":"http:\/\/www.eldigitaldeasturias.com\/noticias\/?p=459101"},"modified":"2013-12-07T19:07:42","modified_gmt":"2013-12-07T20:07:42","slug":"la-basilica-de-san-francisco-el-grande-acogera-el-martes-la-misa-por-mandela","status":"publish","type":"post","link":"https:\/\/www.eldigitaldeasturias.com\/noticias\/la-basilica-de-san-francisco-el-grande-acogera-el-martes-la-misa-por-mandela\/","title":{"rendered":"La bas\u00edlica de San Francisco el Grande acoger\u00e1 el martes la misa por Mandela"},"content":{"rendered":"<p><img loading=\"lazy\" decoding=\"async\" class=\"alignleft size-medium wp-image-459102\" alt=\"5778556w\" src=\"https:\/\/www.eldigitaldeasturias.com\/noticias\/wp-content\/uploads\/2013\/12\/5778556w-360x237.jpg\" width=\"360\" height=\"237\" \/>Madrid, 7 dic (EFE).- La misa en honor a Nelson Mandela en Espa\u00f1a se celebrar\u00e1 el pr\u00f3ximo martes, d\u00eda 10, a las ocho de la tarde en la madrile\u00f1a bas\u00edlica de San Francisco el Grande, seg\u00fan han confirmado a Efe fuentes del cuerpo diplom\u00e1tico sudafricano en Madrid.<\/p>\n<p>El homenaje, al que se espera que acudan diferentes representantes diplom\u00e1ticos e institucionales, ser\u00e1 oficiado por Juan Antonio Mart\u00ednez Camino, antiguo secretario general de la Conferencia Episcopal.<\/p>\n<p>De igual modo, la diplomacia sudafricana en Espa\u00f1a ha trasladado el libro de condolencias, que se abri\u00f3 ayer por la tarde en la Embajada, hasta la residencia oficial de la embajadora, en el n\u00famero cinco de la calle Fuente de Molino del distrito madrile\u00f1o de Aravaca.<\/p>\n<p>Todo aquel que quiera despedirse de Nelson Mandela podr\u00e1 acercarse al domicilio de la diplom\u00e1tica en horario de 10 de la ma\u00f1ana a 5 de la tarde desde hoy y hasta el pr\u00f3ximo d\u00eda 15 de diciembre.<\/p>\n<p>All\u00ed encontrar\u00e1 el libro posado en una gran mesa de madera presidida por una imagen de un sonriente Mandela, flanqueado por dos grandes centros de flores blancas y un cirio con la llama prendida.<\/p>\n<p>La embajadora de Sud\u00e1frica en Espa\u00f1a, Fikile Magubane, ha querido recordar frente a esta imagen y a Efe al \u00abhijo m\u00e1s ilustre\u00bb de su pa\u00eds, que tras morir se ha convertido en \u00abs\u00edmbolo de perd\u00f3n, esperanza y optimismo\u00bb e inspiraci\u00f3n para todos los que pretenden \u00abforjar un mundo mejor para las generaciones futuras\u00bb.<\/p>\n<p>La diplom\u00e1tica tambi\u00e9n ha recalcado la \u00abprofunda gratitud\u00bb que el pueblo sudafricano le profesa a Mandela despu\u00e9s de que \u00e9ste contribuyera con \u00absu llamada a la reconciliaci\u00f3n con los antiguos opresores\u00bb a mejorar la justicia social en Sud\u00e1frica.<\/p>\n<p>Una de las primeras en llegar esta ma\u00f1ana a la residencia de la embajadora ha sido Fernanda Lichale, la m\u00e1xima representante de Mozambique en Espa\u00f1a, que tambi\u00e9n ha dejado su r\u00fabrica en el libro de condolencias.<\/p>\n<p>\u00abMe he despedido de \u00e9l dici\u00e9ndole que era un icono de la libertad y la dignidad\u00bb, ha comentado Lichale en relaci\u00f3n a las l\u00edneas que ha dedicado a Mandela.<\/p>\n<p>Tambi\u00e9n ha destacado el legado de Madiba tras su muerte. \u00abFue un hombre digno que incluso supo perdonar a los que le hicieron da\u00f1o\u00bb, ha expresado la diplom\u00e1tica, que ha elevado la figura del sudafricano al nivel de \u00abicono de la dignidad y libertad en \u00c1frica y el mundo\u00bb.<\/p>\n<p>De entre todos los firmantes que ya han despedido a Madiba, tambi\u00e9n encontramos estudiantes, compatriotas, hombres de negocios e incluso diplom\u00e1ticos.<\/p>\n<p>Las firmas ir\u00e1n completando las p\u00e1ginas el libro con el paso de los d\u00edas pero precisamente fue el embajador de Palestina quien tuvo el honor de inaugurarlo con su dedicatoria, en la que destacaba el \u00ablegado\u00bb que deja Mandela al mundo, adem\u00e1s de asegurarle que \u00abluchar\u00edan por su libertad\u00bb.<\/p>\n","protected":false},"excerpt":{"rendered":"<p>Madrid, 7 dic (EFE).- La misa en honor a Nelson Mandela en Espa\u00f1a se celebrar\u00e1 el pr\u00f3ximo martes, d\u00eda 10, a las ocho de la tarde en la madrile\u00f1a bas\u00edlica de San Francisco el Grande, seg\u00fan han confirmado a Efe fuentes del cuerpo diplom\u00e1tico sudafricano en Madrid. El homenaje, al que se espera que acudan [&hellip;]<\/p>\n","protected":false},"author":1,"featured_media":459102,"comment_status":"closed","ping_status":"open","sticky":false,"template":"","format":"standard","meta":{"footnotes":""},"categories":[28],"tags":[],"class_list":["post-459101","post","type-post","status-publish","format-standard","has-post-thumbnail","hentry","category-sociedad"],"aioseo_notices":[],"aioseo_head":"\n\t\t<!-- All in One SEO Pro 5.0.1 - aioseo.com -->\n\t<meta name=\"description\" content=\"Madrid, 7 dic (EFE).- La misa en honor a Nelson Mandela en Espa\u00f1a se celebrar\u00e1 el pr\u00f3ximo martes, d\u00eda 10, a las ocho de la tarde en la madrile\u00f1a bas\u00edlica de San Francisco el Grande, seg\u00fan han confirmado a Efe fuentes del cuerpo diplom\u00e1tico sudafricano en Madrid. El homenaje, al que se espera que acudan\" \/>\n\t<meta name=\"robots\" content=\"max-image-preview:large\" \/>\n\t<meta name=\"author\" content=\"El Digital de Asturias\"\/>\n\t<meta name=\"google-site-verification\" content=\"UA-38556648-1\" \/>\n\t<meta name=\"msvalidate.01\" content=\"7dfe9f3f1b24437ab69f4f2559babe99\" \/>\n\t<meta name=\"keywords\" content=\"sociedad\" \/>\n\t<link rel=\"canonical\" href=\"https:\/\/www.eldigitaldeasturias.com\/noticias\/la-basilica-de-san-francisco-el-grande-acogera-el-martes-la-misa-por-mandela\/\" \/>\n\t<meta name=\"generator\" content=\"All in One SEO Pro (AIOSEO) 5.0.1\" \/>\n\t\t<meta property=\"og:locale\" content=\"es_ES\" \/>\n\t\t<meta property=\"og:site_name\" content=\"El Digital de Asturias\" \/>\n\t\t<meta property=\"og:type\" content=\"article\" \/>\n\t\t<meta property=\"og:title\" content=\"La bas\u00edlica de San Francisco el Grande acoger\u00e1 el martes la misa por Mandela - El Digital de Asturias\" \/>\n\t\t<meta property=\"og:description\" content=\"Madrid, 7 dic (EFE).- La misa en honor a Nelson Mandela en Espa\u00f1a se celebrar\u00e1 el pr\u00f3ximo martes, d\u00eda 10, a las ocho de la tarde en la madrile\u00f1a bas\u00edlica de San Francisco el Grande, seg\u00fan han confirmado a Efe fuentes del cuerpo diplom\u00e1tico sudafricano en Madrid. El homenaje, al que se espera que acudan\" \/>\n\t\t<meta property=\"og:url\" content=\"https:\/\/www.eldigitaldeasturias.com\/noticias\/la-basilica-de-san-francisco-el-grande-acogera-el-martes-la-misa-por-mandela\/\" \/>\n\t\t<meta property=\"article:tag\" content=\"sociedad\" \/>\n\t\t<meta property=\"article:published_time\" content=\"2013-12-07T20:07:42+00:00\" \/>\n\t\t<meta property=\"article:modified_time\" content=\"2013-12-07T20:07:42+00:00\" \/>\n\t\t<meta property=\"article:publisher\" content=\"https:\/\/facebook.com\/eldigitaldeasturias\" \/>\n\t\t<meta name=\"twitter:card\" content=\"summary_large_image\" \/>\n\t\t<meta name=\"twitter:title\" content=\"La bas\u00edlica de San Francisco el Grande acoger\u00e1 el martes la misa por Mandela - El Digital de Asturias\" \/>\n\t\t<meta name=\"twitter:description\" content=\"Madrid, 7 dic (EFE).- La misa en honor a Nelson Mandela en Espa\u00f1a se celebrar\u00e1 el pr\u00f3ximo martes, d\u00eda 10, a las ocho de la tarde en la madrile\u00f1a bas\u00edlica de San Francisco el Grande, seg\u00fan han confirmado a Efe fuentes del cuerpo diplom\u00e1tico sudafricano en Madrid. El homenaje, al que se espera que acudan\" \/>\n\t\t<meta name=\"twitter:label1\" content=\"Escrito por\" \/>\n\t\t<meta name=\"twitter:data1\" content=\"El Digital de Asturias\" \/>\n\t\t<meta name=\"twitter:label2\" content=\"Tiempo de lectura estimado\" \/>\n\t\t<meta name=\"twitter:data2\" content=\"3 minutos\" \/>\n\t\t<script type=\"application\/ld+json\" class=\"aioseo-schema\">\n\t\t\t{\"@context\":\"https:\\\/\\\/schema.org\",\"@graph\":[{\"@type\":\"BlogPosting\",\"@id\":\"https:\\\/\\\/www.eldigitaldeasturias.com\\\/noticias\\\/la-basilica-de-san-francisco-el-grande-acogera-el-martes-la-misa-por-mandela\\\/#blogposting\",\"name\":\"La bas\\u00edlica de San Francisco el Grande acoger\\u00e1 el martes la misa por Mandela - El Digital de Asturias\",\"headline\":\"La bas\\u00edlica de San Francisco el Grande acoger\\u00e1 el martes la misa por Mandela\",\"author\":{\"@id\":\"https:\\\/\\\/www.eldigitaldeasturias.com\\\/noticias\\\/author\\\/admin\\\/#author\"},\"publisher\":{\"@id\":\"https:\\\/\\\/www.eldigitaldeasturias.com\\\/noticias\\\/#organization\"},\"image\":{\"@type\":\"ImageObject\",\"url\":459102},\"datePublished\":\"2013-12-07T19:07:42+01:00\",\"dateModified\":\"2013-12-07T19:07:42+01:00\",\"inLanguage\":\"es-ES\",\"mainEntityOfPage\":{\"@id\":\"https:\\\/\\\/www.eldigitaldeasturias.com\\\/noticias\\\/la-basilica-de-san-francisco-el-grande-acogera-el-martes-la-misa-por-mandela\\\/#webpage\"},\"isPartOf\":{\"@id\":\"https:\\\/\\\/www.eldigitaldeasturias.com\\\/noticias\\\/la-basilica-de-san-francisco-el-grande-acogera-el-martes-la-misa-por-mandela\\\/#webpage\"},\"articleSection\":\"Sociedad\"},{\"@type\":\"BreadcrumbList\",\"@id\":\"https:\\\/\\\/www.eldigitaldeasturias.com\\\/noticias\\\/la-basilica-de-san-francisco-el-grande-acogera-el-martes-la-misa-por-mandela\\\/#breadcrumblist\",\"itemListElement\":[{\"@type\":\"ListItem\",\"@id\":\"https:\\\/\\\/www.eldigitaldeasturias.com\\\/noticias#listItem\",\"position\":1,\"name\":\"Home\",\"item\":\"https:\\\/\\\/www.eldigitaldeasturias.com\\\/noticias\",\"nextItem\":{\"@type\":\"ListItem\",\"@id\":\"https:\\\/\\\/www.eldigitaldeasturias.com\\\/noticias\\\/category\\\/sociedad\\\/#listItem\",\"name\":\"Sociedad\"}},{\"@type\":\"ListItem\",\"@id\":\"https:\\\/\\\/www.eldigitaldeasturias.com\\\/noticias\\\/category\\\/sociedad\\\/#listItem\",\"position\":2,\"name\":\"Sociedad\",\"item\":\"https:\\\/\\\/www.eldigitaldeasturias.com\\\/noticias\\\/category\\\/sociedad\\\/\",\"nextItem\":{\"@type\":\"ListItem\",\"@id\":\"https:\\\/\\\/www.eldigitaldeasturias.com\\\/noticias\\\/la-basilica-de-san-francisco-el-grande-acogera-el-martes-la-misa-por-mandela\\\/#listItem\",\"name\":\"La bas\\u00edlica de San Francisco el Grande acoger\\u00e1 el martes la misa por Mandela\"},\"previousItem\":{\"@type\":\"ListItem\",\"@id\":\"https:\\\/\\\/www.eldigitaldeasturias.com\\\/noticias#listItem\",\"name\":\"Home\"}},{\"@type\":\"ListItem\",\"@id\":\"https:\\\/\\\/www.eldigitaldeasturias.com\\\/noticias\\\/la-basilica-de-san-francisco-el-grande-acogera-el-martes-la-misa-por-mandela\\\/#listItem\",\"position\":3,\"name\":\"La bas\\u00edlica de San Francisco el Grande acoger\\u00e1 el martes la misa por Mandela\",\"previousItem\":{\"@type\":\"ListItem\",\"@id\":\"https:\\\/\\\/www.eldigitaldeasturias.com\\\/noticias\\\/category\\\/sociedad\\\/#listItem\",\"name\":\"Sociedad\"}}]},{\"@type\":\"Organization\",\"@id\":\"https:\\\/\\\/www.eldigitaldeasturias.com\\\/noticias\\\/#organization\",\"name\":\"El Digital de Asturias\",\"description\":\"Hemeroteca\",\"url\":\"https:\\\/\\\/www.eldigitaldeasturias.com\\\/noticias\\\/\",\"email\":\"info@eldigitaldeasturias.com\",\"telephone\":\"+34652131393\",\"logo\":{\"@type\":\"ImageObject\",\"url\":\"https:\\\/\\\/www.eldigitaldeasturias.com\\\/noticias\\\/wp-content\\\/uploads\\\/2020\\\/12\\\/EDA.jpg\",\"@id\":\"https:\\\/\\\/www.eldigitaldeasturias.com\\\/noticias\\\/la-basilica-de-san-francisco-el-grande-acogera-el-martes-la-misa-por-mandela\\\/#organizationLogo\"},\"image\":{\"@id\":\"https:\\\/\\\/www.eldigitaldeasturias.com\\\/noticias\\\/la-basilica-de-san-francisco-el-grande-acogera-el-martes-la-misa-por-mandela\\\/#organizationLogo\"},\"sameAs\":[\"https:\\\/\\\/facebook.com\\\/eldigitaldeasturias\",\"https:\\\/\\\/www.youtube.com\\\/channel\\\/UCZP-2wLEB9Rv6erhFmqVnvg\"],\"address\":{\"@id\":\"https:\\\/\\\/www.eldigitaldeasturias.com\\\/noticias\\\/#postaladdress\",\"@type\":\"PostalAddress\",\"streetAddress\":\"san antonio 4\",\"postalCode\":\"33430\",\"addressLocality\":\"Cand\\u00e1s\",\"addressRegion\":\"Asturias\",\"addressCountry\":\"ES\"}},{\"@type\":\"Person\",\"@id\":\"https:\\\/\\\/www.eldigitaldeasturias.com\\\/noticias\\\/author\\\/admin\\\/#author\",\"url\":\"https:\\\/\\\/www.eldigitaldeasturias.com\\\/noticias\\\/author\\\/admin\\\/\",\"name\":\"El Digital de Asturias\",\"image\":{\"@type\":\"ImageObject\",\"@id\":\"https:\\\/\\\/www.eldigitaldeasturias.com\\\/noticias\\\/la-basilica-de-san-francisco-el-grande-acogera-el-martes-la-misa-por-mandela\\\/#authorImage\",\"url\":\"https:\\\/\\\/secure.gravatar.com\\\/avatar\\\/df2aeffc32bcd13f8d26072ef8a91b623d677766deac7f97ca815868cd41bf5e?s=96&d=mm&r=g\",\"width\":96,\"height\":96,\"caption\":\"El Digital de Asturias\"}},{\"@type\":\"WebPage\",\"@id\":\"https:\\\/\\\/www.eldigitaldeasturias.com\\\/noticias\\\/la-basilica-de-san-francisco-el-grande-acogera-el-martes-la-misa-por-mandela\\\/#webpage\",\"url\":\"https:\\\/\\\/www.eldigitaldeasturias.com\\\/noticias\\\/la-basilica-de-san-francisco-el-grande-acogera-el-martes-la-misa-por-mandela\\\/\",\"name\":\"La bas\\u00edlica de San Francisco el Grande acoger\\u00e1 el martes la misa por Mandela - El Digital de Asturias\",\"description\":\"Madrid, 7 dic (EFE).- La misa en honor a Nelson Mandela en Espa\\u00f1a se celebrar\\u00e1 el pr\\u00f3ximo martes, d\\u00eda 10, a las ocho de la tarde en la madrile\\u00f1a bas\\u00edlica de San Francisco el Grande, seg\\u00fan han confirmado a Efe fuentes del cuerpo diplom\\u00e1tico sudafricano en Madrid. El homenaje, al que se espera que acudan\",\"inLanguage\":\"es-ES\",\"isPartOf\":{\"@id\":\"https:\\\/\\\/www.eldigitaldeasturias.com\\\/noticias\\\/#website\"},\"breadcrumb\":{\"@id\":\"https:\\\/\\\/www.eldigitaldeasturias.com\\\/noticias\\\/la-basilica-de-san-francisco-el-grande-acogera-el-martes-la-misa-por-mandela\\\/#breadcrumblist\"},\"author\":{\"@id\":\"https:\\\/\\\/www.eldigitaldeasturias.com\\\/noticias\\\/author\\\/admin\\\/#author\"},\"creator\":{\"@id\":\"https:\\\/\\\/www.eldigitaldeasturias.com\\\/noticias\\\/author\\\/admin\\\/#author\"},\"image\":{\"@type\":\"ImageObject\",\"url\":459102,\"@id\":\"https:\\\/\\\/www.eldigitaldeasturias.com\\\/noticias\\\/la-basilica-de-san-francisco-el-grande-acogera-el-martes-la-misa-por-mandela\\\/#mainImage\"},\"primaryImageOfPage\":{\"@id\":\"https:\\\/\\\/www.eldigitaldeasturias.com\\\/noticias\\\/la-basilica-de-san-francisco-el-grande-acogera-el-martes-la-misa-por-mandela\\\/#mainImage\"},\"datePublished\":\"2013-12-07T19:07:42+01:00\",\"dateModified\":\"2013-12-07T19:07:42+01:00\"},{\"@type\":\"WebSite\",\"@id\":\"https:\\\/\\\/www.eldigitaldeasturias.com\\\/noticias\\\/#website\",\"url\":\"https:\\\/\\\/www.eldigitaldeasturias.com\\\/noticias\\\/\",\"name\":\"El Digital de Asturias - Diario de actualidad y noticias\",\"alternateName\":\"El Digital de Asturias - Diario de actualidad y noticias\",\"description\":\"Hemeroteca\",\"inLanguage\":\"es-ES\",\"publisher\":{\"@id\":\"https:\\\/\\\/www.eldigitaldeasturias.com\\\/noticias\\\/#organization\"}}]}\n\t\t<\/script>\n\t\t<!-- All in One SEO Pro -->\r\n\t\t<title>La bas\u00edlica de San Francisco el Grande acoger\u00e1 el martes la misa por Mandela - El Digital de Asturias<\/title>\n\n","aioseo_head_json":{"title":"La bas\u00edlica de San Francisco el Grande acoger\u00e1 el martes la misa por Mandela - El Digital de Asturias","description":"Madrid, 7 dic (EFE).- La misa en honor a Nelson Mandela en Espa\u00f1a se celebrar\u00e1 el pr\u00f3ximo martes, d\u00eda 10, a las ocho de la tarde en la madrile\u00f1a bas\u00edlica de San Francisco el Grande, seg\u00fan han confirmado a Efe fuentes del cuerpo diplom\u00e1tico sudafricano en Madrid. El homenaje, al que se espera que acudan","canonical_url":"https:\/\/www.eldigitaldeasturias.com\/noticias\/la-basilica-de-san-francisco-el-grande-acogera-el-martes-la-misa-por-mandela\/","robots":"max-image-preview:large","keywords":"sociedad","webmasterTools":{"google-site-verification":"UA-38556648-1","msvalidate.01":"7dfe9f3f1b24437ab69f4f2559babe99","miscellaneous":""},"schema":{"@context":"https:\/\/schema.org","@graph":[{"@type":"BlogPosting","@id":"https:\/\/www.eldigitaldeasturias.com\/noticias\/la-basilica-de-san-francisco-el-grande-acogera-el-martes-la-misa-por-mandela\/#blogposting","name":"La bas\u00edlica de San Francisco el Grande acoger\u00e1 el martes la misa por Mandela - El Digital de Asturias","headline":"La bas\u00edlica de San Francisco el Grande acoger\u00e1 el martes la misa por Mandela","author":{"@id":"https:\/\/www.eldigitaldeasturias.com\/noticias\/author\/admin\/#author"},"publisher":{"@id":"https:\/\/www.eldigitaldeasturias.com\/noticias\/#organization"},"image":{"@type":"ImageObject","url":459102},"datePublished":"2013-12-07T19:07:42+01:00","dateModified":"2013-12-07T19:07:42+01:00","inLanguage":"es-ES","mainEntityOfPage":{"@id":"https:\/\/www.eldigitaldeasturias.com\/noticias\/la-basilica-de-san-francisco-el-grande-acogera-el-martes-la-misa-por-mandela\/#webpage"},"isPartOf":{"@id":"https:\/\/www.eldigitaldeasturias.com\/noticias\/la-basilica-de-san-francisco-el-grande-acogera-el-martes-la-misa-por-mandela\/#webpage"},"articleSection":"Sociedad"},{"@type":"BreadcrumbList","@id":"https:\/\/www.eldigitaldeasturias.com\/noticias\/la-basilica-de-san-francisco-el-grande-acogera-el-martes-la-misa-por-mandela\/#breadcrumblist","itemListElement":[{"@type":"ListItem","@id":"https:\/\/www.eldigitaldeasturias.com\/noticias#listItem","position":1,"name":"Home","item":"https:\/\/www.eldigitaldeasturias.com\/noticias","nextItem":{"@type":"ListItem","@id":"https:\/\/www.eldigitaldeasturias.com\/noticias\/category\/sociedad\/#listItem","name":"Sociedad"}},{"@type":"ListItem","@id":"https:\/\/www.eldigitaldeasturias.com\/noticias\/category\/sociedad\/#listItem","position":2,"name":"Sociedad","item":"https:\/\/www.eldigitaldeasturias.com\/noticias\/category\/sociedad\/","nextItem":{"@type":"ListItem","@id":"https:\/\/www.eldigitaldeasturias.com\/noticias\/la-basilica-de-san-francisco-el-grande-acogera-el-martes-la-misa-por-mandela\/#listItem","name":"La bas\u00edlica de San Francisco el Grande acoger\u00e1 el martes la misa por Mandela"},"previousItem":{"@type":"ListItem","@id":"https:\/\/www.eldigitaldeasturias.com\/noticias#listItem","name":"Home"}},{"@type":"ListItem","@id":"https:\/\/www.eldigitaldeasturias.com\/noticias\/la-basilica-de-san-francisco-el-grande-acogera-el-martes-la-misa-por-mandela\/#listItem","position":3,"name":"La bas\u00edlica de San Francisco el Grande acoger\u00e1 el martes la misa por Mandela","previousItem":{"@type":"ListItem","@id":"https:\/\/www.eldigitaldeasturias.com\/noticias\/category\/sociedad\/#listItem","name":"Sociedad"}}]},{"@type":"Organization","@id":"https:\/\/www.eldigitaldeasturias.com\/noticias\/#organization","name":"El Digital de Asturias","description":"Hemeroteca","url":"https:\/\/www.eldigitaldeasturias.com\/noticias\/","email":"info@eldigitaldeasturias.com","telephone":"+34652131393","logo":{"@type":"ImageObject","url":"https:\/\/www.eldigitaldeasturias.com\/noticias\/wp-content\/uploads\/2020\/12\/EDA.jpg","@id":"https:\/\/www.eldigitaldeasturias.com\/noticias\/la-basilica-de-san-francisco-el-grande-acogera-el-martes-la-misa-por-mandela\/#organizationLogo"},"image":{"@id":"https:\/\/www.eldigitaldeasturias.com\/noticias\/la-basilica-de-san-francisco-el-grande-acogera-el-martes-la-misa-por-mandela\/#organizationLogo"},"sameAs":["https:\/\/facebook.com\/eldigitaldeasturias","https:\/\/www.youtube.com\/channel\/UCZP-2wLEB9Rv6erhFmqVnvg"],"address":{"@id":"https:\/\/www.eldigitaldeasturias.com\/noticias\/#postaladdress","@type":"PostalAddress","streetAddress":"san antonio 4","postalCode":"33430","addressLocality":"Cand\u00e1s","addressRegion":"Asturias","addressCountry":"ES"}},{"@type":"Person","@id":"https:\/\/www.eldigitaldeasturias.com\/noticias\/author\/admin\/#author","url":"https:\/\/www.eldigitaldeasturias.com\/noticias\/author\/admin\/","name":"El Digital de Asturias","image":{"@type":"ImageObject","@id":"https:\/\/www.eldigitaldeasturias.com\/noticias\/la-basilica-de-san-francisco-el-grande-acogera-el-martes-la-misa-por-mandela\/#authorImage","url":"https:\/\/secure.gravatar.com\/avatar\/df2aeffc32bcd13f8d26072ef8a91b623d677766deac7f97ca815868cd41bf5e?s=96&d=mm&r=g","width":96,"height":96,"caption":"El Digital de Asturias"}},{"@type":"WebPage","@id":"https:\/\/www.eldigitaldeasturias.com\/noticias\/la-basilica-de-san-francisco-el-grande-acogera-el-martes-la-misa-por-mandela\/#webpage","url":"https:\/\/www.eldigitaldeasturias.com\/noticias\/la-basilica-de-san-francisco-el-grande-acogera-el-martes-la-misa-por-mandela\/","name":"La bas\u00edlica de San Francisco el Grande acoger\u00e1 el martes la misa por Mandela - El Digital de Asturias","description":"Madrid, 7 dic (EFE).- La misa en honor a Nelson Mandela en Espa\u00f1a se celebrar\u00e1 el pr\u00f3ximo martes, d\u00eda 10, a las ocho de la tarde en la madrile\u00f1a bas\u00edlica de San Francisco el Grande, seg\u00fan han confirmado a Efe fuentes del cuerpo diplom\u00e1tico sudafricano en Madrid. El homenaje, al que se espera que acudan","inLanguage":"es-ES","isPartOf":{"@id":"https:\/\/www.eldigitaldeasturias.com\/noticias\/#website"},"breadcrumb":{"@id":"https:\/\/www.eldigitaldeasturias.com\/noticias\/la-basilica-de-san-francisco-el-grande-acogera-el-martes-la-misa-por-mandela\/#breadcrumblist"},"author":{"@id":"https:\/\/www.eldigitaldeasturias.com\/noticias\/author\/admin\/#author"},"creator":{"@id":"https:\/\/www.eldigitaldeasturias.com\/noticias\/author\/admin\/#author"},"image":{"@type":"ImageObject","url":459102,"@id":"https:\/\/www.eldigitaldeasturias.com\/noticias\/la-basilica-de-san-francisco-el-grande-acogera-el-martes-la-misa-por-mandela\/#mainImage"},"primaryImageOfPage":{"@id":"https:\/\/www.eldigitaldeasturias.com\/noticias\/la-basilica-de-san-francisco-el-grande-acogera-el-martes-la-misa-por-mandela\/#mainImage"},"datePublished":"2013-12-07T19:07:42+01:00","dateModified":"2013-12-07T19:07:42+01:00"},{"@type":"WebSite","@id":"https:\/\/www.eldigitaldeasturias.com\/noticias\/#website","url":"https:\/\/www.eldigitaldeasturias.com\/noticias\/","name":"El Digital de Asturias - Diario de actualidad y noticias","alternateName":"El Digital de Asturias - Diario de actualidad y noticias","description":"Hemeroteca","inLanguage":"es-ES","publisher":{"@id":"https:\/\/www.eldigitaldeasturias.com\/noticias\/#organization"}}]},"og:locale":"es_ES","og:site_name":"El Digital de Asturias","og:type":"article","og:title":"La bas\u00edlica de San Francisco el Grande acoger\u00e1 el martes la misa por Mandela - El Digital de Asturias","og:description":"Madrid, 7 dic (EFE).- La misa en honor a Nelson Mandela en Espa\u00f1a se celebrar\u00e1 el pr\u00f3ximo martes, d\u00eda 10, a las ocho de la tarde en la madrile\u00f1a bas\u00edlica de San Francisco el Grande, seg\u00fan han confirmado a Efe fuentes del cuerpo diplom\u00e1tico sudafricano en Madrid. El homenaje, al que se espera que acudan","og:url":"https:\/\/www.eldigitaldeasturias.com\/noticias\/la-basilica-de-san-francisco-el-grande-acogera-el-martes-la-misa-por-mandela\/","article:tag":["sociedad"],"article:published_time":"2013-12-07T20:07:42+00:00","article:modified_time":"2013-12-07T20:07:42+00:00","article:publisher":"https:\/\/facebook.com\/eldigitaldeasturias","twitter:card":"summary_large_image","twitter:title":"La bas\u00edlica de San Francisco el Grande acoger\u00e1 el martes la misa por Mandela - El Digital de Asturias","twitter:description":"Madrid, 7 dic (EFE).- La misa en honor a Nelson Mandela en Espa\u00f1a se celebrar\u00e1 el pr\u00f3ximo martes, d\u00eda 10, a las ocho de la tarde en la madrile\u00f1a bas\u00edlica de San Francisco el Grande, seg\u00fan han confirmado a Efe fuentes del cuerpo diplom\u00e1tico sudafricano en Madrid. El homenaje, al que se espera que acudan","twitter:label1":"Escrito por","twitter:data1":"El Digital de Asturias","twitter:label2":"Tiempo de lectura estimado","twitter:data2":"3 minutos"},"aioseo_meta_data":{"post_id":"459101","title":null,"description":null,"keywords":null,"keyphrases":null,"primary_term":null,"canonical_url":null,"og_title":null,"og_description":null,"og_object_type":"default","og_image_type":"default","og_image_url":null,"og_image_width":null,"og_image_height":null,"og_image_custom_url":null,"og_image_custom_fields":null,"og_video":null,"og_custom_url":null,"og_article_section":null,"og_article_tags":null,"twitter_use_og":true,"twitter_card":"default","twitter_image_type":"default","twitter_image_url":null,"twitter_image_custom_url":null,"twitter_image_custom_fields":null,"twitter_title":null,"twitter_description":null,"schema":{"blockGraphs":[],"customGraphs":[],"default":{"data":{"Article":[],"Course":[],"Dataset":[],"FAQPage":[],"Movie":[],"Person":[],"Product":[],"ProductReview":[],"Car":[],"Recipe":[],"Service":[],"SoftwareApplication":[],"WebPage":[]},"graphName":"","isEnabled":true},"graphs":[],"defaultGraph":"","defaultPostTypeGraph":""},"schema_type":null,"schema_type_options":null,"pillar_content":false,"robots_default":true,"robots_noindex":false,"robots_noarchive":false,"robots_nosnippet":false,"robots_nofollow":false,"robots_noimageindex":false,"robots_noodp":false,"robots_notranslate":false,"robots_max_snippet":null,"robots_max_videopreview":null,"robots_max_imagepreview":"none","priority":null,"frequency":null,"local_seo":null,"seo_analyzer_scan_date":"2026-05-30 08:01:24","breadcrumb_settings":null,"limit_modified_date":false,"open_ai":null,"ai":null,"created":"2020-11-14 22:47:32","updated":"2026-05-30 08:01:24","focus_keyword":null,"additional_keywords":null,"truseo_locale":null},"aioseo_breadcrumb":"<div class=\"aioseo-breadcrumbs\"><span class=\"aioseo-breadcrumb\">\n\t<a href=\"https:\/\/www.eldigitaldeasturias.com\/noticias\" title=\"Home\">Home<\/a>\n<\/span><span class=\"aioseo-breadcrumb-separator\">\u2013<\/span><span class=\"aioseo-breadcrumb\">\n\t<a href=\"https:\/\/www.eldigitaldeasturias.com\/noticias\/category\/sociedad\/\" title=\"Sociedad\">Sociedad<\/a>\n<\/span><span class=\"aioseo-breadcrumb-separator\">\u2013<\/span><span class=\"aioseo-breadcrumb\">\n\t<a href=\"https:\/\/www.eldigitaldeasturias.com\/noticias\/la-basilica-de-san-francisco-el-grande-acogera-el-martes-la-misa-por-mandela\/\" title=\"La bas\u00edlica de San Francisco el Grande acoger\u00e1 el martes la misa por Mandela\">La bas\u00edlica de San Francisco el Grande acoger\u00e1 el martes la misa por Mandela<\/a>\n<\/span><\/div>","aioseo_breadcrumb_json":[{"label":"Home","link":"https:\/\/www.eldigitaldeasturias.com\/noticias"},{"label":"Sociedad","link":"https:\/\/www.eldigitaldeasturias.com\/noticias\/category\/sociedad\/"},{"label":"La bas\u00edlica de San Francisco el Grande acoger\u00e1 el martes la misa por Mandela","link":"https:\/\/www.eldigitaldeasturias.com\/noticias\/la-basilica-de-san-francisco-el-grande-acogera-el-martes-la-misa-por-mandela\/"}],"_links":{"self":[{"href":"https:\/\/www.eldigitaldeasturias.com\/noticias\/wp-json\/wp\/v2\/posts\/459101","targetHints":{"allow":["GET"]}}],"collection":[{"href":"https:\/\/www.eldigitaldeasturias.com\/noticias\/wp-json\/wp\/v2\/posts"}],"about":[{"href":"https:\/\/www.eldigitaldeasturias.com\/noticias\/wp-json\/wp\/v2\/types\/post"}],"author":[{"embeddable":true,"href":"https:\/\/www.eldigitaldeasturias.com\/noticias\/wp-json\/wp\/v2\/users\/1"}],"replies":[{"embeddable":true,"href":"https:\/\/www.eldigitaldeasturias.com\/noticias\/wp-json\/wp\/v2\/comments?post=459101"}],"version-history":[{"count":0,"href":"https:\/\/www.eldigitaldeasturias.com\/noticias\/wp-json\/wp\/v2\/posts\/459101\/revisions"}],"wp:attachment":[{"href":"https:\/\/www.eldigitaldeasturias.com\/noticias\/wp-json\/wp\/v2\/media?parent=459101"}],"wp:term":[{"taxonomy":"category","embeddable":true,"href":"https:\/\/www.eldigitaldeasturias.com\/noticias\/wp-json\/wp\/v2\/categories?post=459101"},{"taxonomy":"post_tag","embeddable":true,"href":"https:\/\/www.eldigitaldeasturias.com\/noticias\/wp-json\/wp\/v2\/tags?post=459101"}],"curies":[{"name":"wp","href":"https:\/\/api.w.org\/{rel}","templated":true}]}}