{"id":459089,"date":"2013-12-07T19:00:40","date_gmt":"2013-12-07T20:00:40","guid":{"rendered":"http:\/\/www.eldigitaldeasturias.com\/noticias\/?p=459089"},"modified":"2013-12-07T19:00:40","modified_gmt":"2013-12-07T20:00:40","slug":"jenni-rivera-un-ano-de-suenos-rentabilizados-y-sin-causas-del-accidente","status":"publish","type":"post","link":"https:\/\/www.eldigitaldeasturias.com\/noticias\/jenni-rivera-un-ano-de-suenos-rentabilizados-y-sin-causas-del-accidente\/","title":{"rendered":"Jenni Rivera, un a\u00f1o de sue\u00f1os rentabilizados y sin causas del accidente"},"content":{"rendered":"<p><img loading=\"lazy\" decoding=\"async\" class=\"alignleft size-medium wp-image-459090\" alt=\"5778584w\" src=\"https:\/\/www.eldigitaldeasturias.com\/noticias\/wp-content\/uploads\/2013\/12\/5778584w-360x239.jpg\" width=\"360\" height=\"239\" \/>M\u00e9xico, 7 dic (EFE).- En el primer aniversario de la muerte de la cantante estadounidense de origen mexicano Jenni Rivera a\u00fan se desconocen las causas del accidente a\u00e9reo que acab\u00f3 con su vida, pero no con sus sue\u00f1os, ahora materializados por sus familiares.<\/p>\n<p>La noche del 8 de diciembre de 2012, tras un concierto en Monterrey (Nuevo Le\u00f3n, norte de M\u00e9xico), \u00abLa diva de la banda\u00bb perdi\u00f3 la vida al estrellarse el avi\u00f3n en el que viajaba junto con su publicista, su maquillador, su estilista, su abogado y los dos pilotos.<\/p>\n<p>Seg\u00fan el informe de la Direcci\u00f3n General de Aeron\u00e1utica Civil de la Secretar\u00eda de Comunicaciones y Transportes de M\u00e9xico (SCT), los dos pilotos del avi\u00f3n en el que falleci\u00f3 la cantante no cumpl\u00edan los requisitos necesarios para volar la nave.<\/p>\n<p>Pese a numerosas irregularidades, como un piloto de 78 a\u00f1os y un avi\u00f3n de 1969, las autoridades no han podido establecer \u00abde manera indubitable\u00bb la causa del accidente a\u00e9reo.<\/p>\n<p>Abuela de dos nietos a sus 43 a\u00f1os y madre de cinco hijos, Rivera era considerada una de las artistas femeninas m\u00e1s importantes de la m\u00fasica regional mexicana desde que debutara en 1999 con el disco \u00abReina de reinas\u00bb.<\/p>\n<p>En el momento de su muerte estaba en pleno apogeo de su carrera art\u00edstica y en M\u00e9xico su presencia era cotidiana al participar como entrenadora de artistas en el popular concurso televisivo \u00abLa Voz\u00bb.<\/p>\n<p>La victoria de la concursante a la que entrenaba Rivera fue la primera de muchas tras la muerte de la cantante, cuya familia acudi\u00f3 en el \u00faltimo a\u00f1o a varias galas para recoger galardones como Lo Nuestro (se llev\u00f3 cinco) o los Billboard de la M\u00fasica Mexicana (siete).<\/p>\n<p>Pero recoger premios no es lo \u00fanico que ha hecho la familia de la artista, cuyos hermanos, padre o hijos han estado presentes e involucrados en los negocios que han salido a su alrededor, siempre defendi\u00e9ndose de las acusaciones de un supuesto lucro con su imagen.<\/p>\n<p>Seg\u00fan ellos, todos los productos que han sacado a la venta de la la artista son parte de los sue\u00f1os y de los planes que ten\u00eda \u00abLa diva de la banda\u00bb.<\/p>\n<p>En octubre la revista Forbes indic\u00f3 que Rivera entr\u00f3 en la lista de las celebridades fallecidas que m\u00e1s ingresos genera, pues seg\u00fan sus c\u00e1lculos sum\u00f3 7 millones de d\u00f3lares entre junio de 2012 y el mismo mes de 2013.<\/p>\n<p>Desde su desaparici\u00f3n vendi\u00f3 m\u00e1s de 880.000 discos, casi los mismos que durante toda su trayectoria, aunque las ganancias no solo llegaron de \u00e1lbumes vendidos.<\/p>\n<p>En abril, el canal de televisi\u00f3n Mun2 estrenaba la tercera temporada del reality show \u00abI love Jenni\u00bb con im\u00e1genes in\u00e9ditas de la artista y episodios que recogen la vida diaria de su familia y su adaptaci\u00f3n a la p\u00e9rdida de la cantante.<\/p>\n<p>En mayo se inaugur\u00f3 \u00abJenni Rivera, la Gran Se\u00f1ora\u00bb, una exhibici\u00f3n de recuerdos y de detalles de su vida en el Museo de los Grammy.<\/p>\n<p>Poco despu\u00e9s llegaba a los cines estadounidenses y mexicanos la pel\u00edcula \u00abFilly Brown\u00bb, bajo una gran expectaci\u00f3n por ser la primera y \u00fanica actuaci\u00f3n en la pantalla grande de la artista, que apareci\u00f3 en s\u00f3lo cuatro escenas.<\/p>\n<p>Y tambi\u00e9n el libro autobiogr\u00e1fico \u00abInquebrantable: mi historia, a mi manera\u00bb sali\u00f3 a la venta el 2 de julio, el mismo d\u00eda en que su autora hubiera cumplido 44 a\u00f1os.<\/p>\n<p>Rivera tiene incluso un tequila p\u00f3stumo, \u00abLa Gran Se\u00f1ora\u00bb, en el que la int\u00e9rprete ayud\u00f3 a escoger la botella, el dise\u00f1o del nombre y el sabor.<\/p>\n<p>Hace unas semanas se inauguraba en Los \u00c1ngeles una boutique en la que se venden sus discos, camisetas, jeans y hasta sus perfumes.<\/p>\n<p>Y la pasada semana sali\u00f3 a la venta el \u00e1lbum \u00ab1969-siempre. En vivo desde Monterrey, Parte 1\u00bb, el disco que est\u00e1 integrado por temas norte\u00f1o-banda y ac\u00fasticos que fueron parte del repertorio que la artista interpret\u00f3 durante su \u00faltima actuaci\u00f3n.<\/p>\n<p>Este lugar en el que actu\u00f3 \u00abLa Diva de la banda\u00bb por \u00faltima vez tambi\u00e9n ser\u00e1 el escenario del homenaje que le ha preparado su familia para el pr\u00f3ximo lunes, en el que participar\u00e1n varios artistas de m\u00fasica regional.<\/p>\n<p>Pero con el aniversario no se acabar\u00e1 el legado de la artista, pues entre otras cosas est\u00e1 previsto que en el mes de abril comience a rodarse una pel\u00edcula sobre la vida de la estadounidense.<\/p>\n<p>Y otro libro se publicar\u00e1, esta vez escrito por la periodista Laura Lucio, amiga personal de la artista, que llevar\u00e1 el t\u00edtulo de \u00abMi vida loca: \u00cdntimas conversaciones con mi amiga Jenni Rivera\u00bb.<\/p>\n<p>Paula Escalada Medrano.<\/p>\n","protected":false},"excerpt":{"rendered":"<p>M\u00e9xico, 7 dic (EFE).- En el primer aniversario de la muerte de la cantante estadounidense de origen mexicano Jenni Rivera a\u00fan se desconocen las causas del accidente a\u00e9reo que acab\u00f3 con su vida, pero no con sus sue\u00f1os, ahora materializados por sus familiares. La noche del 8 de diciembre de 2012, tras un concierto en [&hellip;]<\/p>\n","protected":false},"author":1,"featured_media":459090,"comment_status":"closed","ping_status":"open","sticky":false,"template":"","format":"standard","meta":{"footnotes":""},"categories":[28],"tags":[],"class_list":["post-459089","post","type-post","status-publish","format-standard","has-post-thumbnail","hentry","category-sociedad"],"aioseo_notices":[],"aioseo_head":"\n\t\t<!-- All in One SEO Pro 5.0.1 - aioseo.com -->\n\t<meta name=\"description\" content=\"M\u00e9xico, 7 dic (EFE).- En el primer aniversario de la muerte de la cantante estadounidense de origen mexicano Jenni Rivera a\u00fan se desconocen las causas del accidente a\u00e9reo que acab\u00f3 con su vida, pero no con sus sue\u00f1os, ahora materializados por sus familiares. La noche del 8 de diciembre de 2012, tras un concierto en\" \/>\n\t<meta name=\"robots\" content=\"max-image-preview:large\" \/>\n\t<meta name=\"author\" content=\"El Digital de Asturias\"\/>\n\t<meta name=\"google-site-verification\" content=\"UA-38556648-1\" \/>\n\t<meta name=\"msvalidate.01\" content=\"7dfe9f3f1b24437ab69f4f2559babe99\" \/>\n\t<meta name=\"keywords\" content=\"sociedad\" \/>\n\t<link rel=\"canonical\" href=\"https:\/\/www.eldigitaldeasturias.com\/noticias\/jenni-rivera-un-ano-de-suenos-rentabilizados-y-sin-causas-del-accidente\/\" \/>\n\t<meta name=\"generator\" content=\"All in One SEO Pro (AIOSEO) 5.0.1\" \/>\n\t\t<meta property=\"og:locale\" content=\"es_ES\" \/>\n\t\t<meta property=\"og:site_name\" content=\"El Digital de Asturias\" \/>\n\t\t<meta property=\"og:type\" content=\"article\" \/>\n\t\t<meta property=\"og:title\" content=\"Jenni Rivera, un a\u00f1o de sue\u00f1os rentabilizados y sin causas del accidente - El Digital de Asturias\" \/>\n\t\t<meta property=\"og:description\" content=\"M\u00e9xico, 7 dic (EFE).- En el primer aniversario de la muerte de la cantante estadounidense de origen mexicano Jenni Rivera a\u00fan se desconocen las causas del accidente a\u00e9reo que acab\u00f3 con su vida, pero no con sus sue\u00f1os, ahora materializados por sus familiares. La noche del 8 de diciembre de 2012, tras un concierto en\" \/>\n\t\t<meta property=\"og:url\" content=\"https:\/\/www.eldigitaldeasturias.com\/noticias\/jenni-rivera-un-ano-de-suenos-rentabilizados-y-sin-causas-del-accidente\/\" \/>\n\t\t<meta property=\"article:tag\" content=\"sociedad\" \/>\n\t\t<meta property=\"article:published_time\" content=\"2013-12-07T20:00:40+00:00\" \/>\n\t\t<meta property=\"article:modified_time\" content=\"2013-12-07T20:00:40+00:00\" \/>\n\t\t<meta property=\"article:publisher\" content=\"https:\/\/facebook.com\/eldigitaldeasturias\" \/>\n\t\t<meta name=\"twitter:card\" content=\"summary_large_image\" \/>\n\t\t<meta name=\"twitter:title\" content=\"Jenni Rivera, un a\u00f1o de sue\u00f1os rentabilizados y sin causas del accidente - El Digital de Asturias\" \/>\n\t\t<meta name=\"twitter:description\" content=\"M\u00e9xico, 7 dic (EFE).- En el primer aniversario de la muerte de la cantante estadounidense de origen mexicano Jenni Rivera a\u00fan se desconocen las causas del accidente a\u00e9reo que acab\u00f3 con su vida, pero no con sus sue\u00f1os, ahora materializados por sus familiares. La noche del 8 de diciembre de 2012, tras un concierto en\" \/>\n\t\t<meta name=\"twitter:label1\" content=\"Escrito por\" \/>\n\t\t<meta name=\"twitter:data1\" content=\"El Digital de Asturias\" \/>\n\t\t<meta name=\"twitter:label2\" content=\"Tiempo de lectura estimado\" \/>\n\t\t<meta name=\"twitter:data2\" content=\"4 minutos\" \/>\n\t\t<script type=\"application\/ld+json\" class=\"aioseo-schema\">\n\t\t\t{\"@context\":\"https:\\\/\\\/schema.org\",\"@graph\":[{\"@type\":\"BlogPosting\",\"@id\":\"https:\\\/\\\/www.eldigitaldeasturias.com\\\/noticias\\\/jenni-rivera-un-ano-de-suenos-rentabilizados-y-sin-causas-del-accidente\\\/#blogposting\",\"name\":\"Jenni Rivera, un a\\u00f1o de sue\\u00f1os rentabilizados y sin causas del accidente - El Digital de Asturias\",\"headline\":\"Jenni Rivera, un a\\u00f1o de sue\\u00f1os rentabilizados y sin causas del accidente\",\"author\":{\"@id\":\"https:\\\/\\\/www.eldigitaldeasturias.com\\\/noticias\\\/author\\\/admin\\\/#author\"},\"publisher\":{\"@id\":\"https:\\\/\\\/www.eldigitaldeasturias.com\\\/noticias\\\/#organization\"},\"image\":{\"@type\":\"ImageObject\",\"url\":459090},\"datePublished\":\"2013-12-07T19:00:40+01:00\",\"dateModified\":\"2013-12-07T19:00:40+01:00\",\"inLanguage\":\"es-ES\",\"mainEntityOfPage\":{\"@id\":\"https:\\\/\\\/www.eldigitaldeasturias.com\\\/noticias\\\/jenni-rivera-un-ano-de-suenos-rentabilizados-y-sin-causas-del-accidente\\\/#webpage\"},\"isPartOf\":{\"@id\":\"https:\\\/\\\/www.eldigitaldeasturias.com\\\/noticias\\\/jenni-rivera-un-ano-de-suenos-rentabilizados-y-sin-causas-del-accidente\\\/#webpage\"},\"articleSection\":\"Sociedad\"},{\"@type\":\"BreadcrumbList\",\"@id\":\"https:\\\/\\\/www.eldigitaldeasturias.com\\\/noticias\\\/jenni-rivera-un-ano-de-suenos-rentabilizados-y-sin-causas-del-accidente\\\/#breadcrumblist\",\"itemListElement\":[{\"@type\":\"ListItem\",\"@id\":\"https:\\\/\\\/www.eldigitaldeasturias.com\\\/noticias#listItem\",\"position\":1,\"name\":\"Home\",\"item\":\"https:\\\/\\\/www.eldigitaldeasturias.com\\\/noticias\",\"nextItem\":{\"@type\":\"ListItem\",\"@id\":\"https:\\\/\\\/www.eldigitaldeasturias.com\\\/noticias\\\/category\\\/sociedad\\\/#listItem\",\"name\":\"Sociedad\"}},{\"@type\":\"ListItem\",\"@id\":\"https:\\\/\\\/www.eldigitaldeasturias.com\\\/noticias\\\/category\\\/sociedad\\\/#listItem\",\"position\":2,\"name\":\"Sociedad\",\"item\":\"https:\\\/\\\/www.eldigitaldeasturias.com\\\/noticias\\\/category\\\/sociedad\\\/\",\"nextItem\":{\"@type\":\"ListItem\",\"@id\":\"https:\\\/\\\/www.eldigitaldeasturias.com\\\/noticias\\\/jenni-rivera-un-ano-de-suenos-rentabilizados-y-sin-causas-del-accidente\\\/#listItem\",\"name\":\"Jenni Rivera, un a\\u00f1o de sue\\u00f1os rentabilizados y sin causas del accidente\"},\"previousItem\":{\"@type\":\"ListItem\",\"@id\":\"https:\\\/\\\/www.eldigitaldeasturias.com\\\/noticias#listItem\",\"name\":\"Home\"}},{\"@type\":\"ListItem\",\"@id\":\"https:\\\/\\\/www.eldigitaldeasturias.com\\\/noticias\\\/jenni-rivera-un-ano-de-suenos-rentabilizados-y-sin-causas-del-accidente\\\/#listItem\",\"position\":3,\"name\":\"Jenni Rivera, un a\\u00f1o de sue\\u00f1os rentabilizados y sin causas del accidente\",\"previousItem\":{\"@type\":\"ListItem\",\"@id\":\"https:\\\/\\\/www.eldigitaldeasturias.com\\\/noticias\\\/category\\\/sociedad\\\/#listItem\",\"name\":\"Sociedad\"}}]},{\"@type\":\"Organization\",\"@id\":\"https:\\\/\\\/www.eldigitaldeasturias.com\\\/noticias\\\/#organization\",\"name\":\"El Digital de Asturias\",\"description\":\"Hemeroteca\",\"url\":\"https:\\\/\\\/www.eldigitaldeasturias.com\\\/noticias\\\/\",\"email\":\"info@eldigitaldeasturias.com\",\"telephone\":\"+34652131393\",\"logo\":{\"@type\":\"ImageObject\",\"url\":\"https:\\\/\\\/www.eldigitaldeasturias.com\\\/noticias\\\/wp-content\\\/uploads\\\/2020\\\/12\\\/EDA.jpg\",\"@id\":\"https:\\\/\\\/www.eldigitaldeasturias.com\\\/noticias\\\/jenni-rivera-un-ano-de-suenos-rentabilizados-y-sin-causas-del-accidente\\\/#organizationLogo\"},\"image\":{\"@id\":\"https:\\\/\\\/www.eldigitaldeasturias.com\\\/noticias\\\/jenni-rivera-un-ano-de-suenos-rentabilizados-y-sin-causas-del-accidente\\\/#organizationLogo\"},\"sameAs\":[\"https:\\\/\\\/facebook.com\\\/eldigitaldeasturias\",\"https:\\\/\\\/www.youtube.com\\\/channel\\\/UCZP-2wLEB9Rv6erhFmqVnvg\"],\"address\":{\"@id\":\"https:\\\/\\\/www.eldigitaldeasturias.com\\\/noticias\\\/#postaladdress\",\"@type\":\"PostalAddress\",\"streetAddress\":\"san antonio 4\",\"postalCode\":\"33430\",\"addressLocality\":\"Cand\\u00e1s\",\"addressRegion\":\"Asturias\",\"addressCountry\":\"ES\"}},{\"@type\":\"Person\",\"@id\":\"https:\\\/\\\/www.eldigitaldeasturias.com\\\/noticias\\\/author\\\/admin\\\/#author\",\"url\":\"https:\\\/\\\/www.eldigitaldeasturias.com\\\/noticias\\\/author\\\/admin\\\/\",\"name\":\"El Digital de Asturias\",\"image\":{\"@type\":\"ImageObject\",\"@id\":\"https:\\\/\\\/www.eldigitaldeasturias.com\\\/noticias\\\/jenni-rivera-un-ano-de-suenos-rentabilizados-y-sin-causas-del-accidente\\\/#authorImage\",\"url\":\"https:\\\/\\\/secure.gravatar.com\\\/avatar\\\/df2aeffc32bcd13f8d26072ef8a91b623d677766deac7f97ca815868cd41bf5e?s=96&d=mm&r=g\",\"width\":96,\"height\":96,\"caption\":\"El Digital de Asturias\"}},{\"@type\":\"WebPage\",\"@id\":\"https:\\\/\\\/www.eldigitaldeasturias.com\\\/noticias\\\/jenni-rivera-un-ano-de-suenos-rentabilizados-y-sin-causas-del-accidente\\\/#webpage\",\"url\":\"https:\\\/\\\/www.eldigitaldeasturias.com\\\/noticias\\\/jenni-rivera-un-ano-de-suenos-rentabilizados-y-sin-causas-del-accidente\\\/\",\"name\":\"Jenni Rivera, un a\\u00f1o de sue\\u00f1os rentabilizados y sin causas del accidente - El Digital de Asturias\",\"description\":\"M\\u00e9xico, 7 dic (EFE).- En el primer aniversario de la muerte de la cantante estadounidense de origen mexicano Jenni Rivera a\\u00fan se desconocen las causas del accidente a\\u00e9reo que acab\\u00f3 con su vida, pero no con sus sue\\u00f1os, ahora materializados por sus familiares. La noche del 8 de diciembre de 2012, tras un concierto en\",\"inLanguage\":\"es-ES\",\"isPartOf\":{\"@id\":\"https:\\\/\\\/www.eldigitaldeasturias.com\\\/noticias\\\/#website\"},\"breadcrumb\":{\"@id\":\"https:\\\/\\\/www.eldigitaldeasturias.com\\\/noticias\\\/jenni-rivera-un-ano-de-suenos-rentabilizados-y-sin-causas-del-accidente\\\/#breadcrumblist\"},\"author\":{\"@id\":\"https:\\\/\\\/www.eldigitaldeasturias.com\\\/noticias\\\/author\\\/admin\\\/#author\"},\"creator\":{\"@id\":\"https:\\\/\\\/www.eldigitaldeasturias.com\\\/noticias\\\/author\\\/admin\\\/#author\"},\"image\":{\"@type\":\"ImageObject\",\"url\":459090,\"@id\":\"https:\\\/\\\/www.eldigitaldeasturias.com\\\/noticias\\\/jenni-rivera-un-ano-de-suenos-rentabilizados-y-sin-causas-del-accidente\\\/#mainImage\"},\"primaryImageOfPage\":{\"@id\":\"https:\\\/\\\/www.eldigitaldeasturias.com\\\/noticias\\\/jenni-rivera-un-ano-de-suenos-rentabilizados-y-sin-causas-del-accidente\\\/#mainImage\"},\"datePublished\":\"2013-12-07T19:00:40+01:00\",\"dateModified\":\"2013-12-07T19:00:40+01:00\"},{\"@type\":\"WebSite\",\"@id\":\"https:\\\/\\\/www.eldigitaldeasturias.com\\\/noticias\\\/#website\",\"url\":\"https:\\\/\\\/www.eldigitaldeasturias.com\\\/noticias\\\/\",\"name\":\"El Digital de Asturias - Diario de actualidad y noticias\",\"alternateName\":\"El Digital de Asturias - Diario de actualidad y noticias\",\"description\":\"Hemeroteca\",\"inLanguage\":\"es-ES\",\"publisher\":{\"@id\":\"https:\\\/\\\/www.eldigitaldeasturias.com\\\/noticias\\\/#organization\"}}]}\n\t\t<\/script>\n\t\t<!-- All in One SEO Pro -->\r\n\t\t<title>Jenni Rivera, un a\u00f1o de sue\u00f1os rentabilizados y sin causas del accidente - El Digital de Asturias<\/title>\n\n","aioseo_head_json":{"title":"Jenni Rivera, un a\u00f1o de sue\u00f1os rentabilizados y sin causas del accidente - El Digital de Asturias","description":"M\u00e9xico, 7 dic (EFE).- En el primer aniversario de la muerte de la cantante estadounidense de origen mexicano Jenni Rivera a\u00fan se desconocen las causas del accidente a\u00e9reo que acab\u00f3 con su vida, pero no con sus sue\u00f1os, ahora materializados por sus familiares. La noche del 8 de diciembre de 2012, tras un concierto en","canonical_url":"https:\/\/www.eldigitaldeasturias.com\/noticias\/jenni-rivera-un-ano-de-suenos-rentabilizados-y-sin-causas-del-accidente\/","robots":"max-image-preview:large","keywords":"sociedad","webmasterTools":{"google-site-verification":"UA-38556648-1","msvalidate.01":"7dfe9f3f1b24437ab69f4f2559babe99","miscellaneous":""},"schema":{"@context":"https:\/\/schema.org","@graph":[{"@type":"BlogPosting","@id":"https:\/\/www.eldigitaldeasturias.com\/noticias\/jenni-rivera-un-ano-de-suenos-rentabilizados-y-sin-causas-del-accidente\/#blogposting","name":"Jenni Rivera, un a\u00f1o de sue\u00f1os rentabilizados y sin causas del accidente - El Digital de Asturias","headline":"Jenni Rivera, un a\u00f1o de sue\u00f1os rentabilizados y sin causas del accidente","author":{"@id":"https:\/\/www.eldigitaldeasturias.com\/noticias\/author\/admin\/#author"},"publisher":{"@id":"https:\/\/www.eldigitaldeasturias.com\/noticias\/#organization"},"image":{"@type":"ImageObject","url":459090},"datePublished":"2013-12-07T19:00:40+01:00","dateModified":"2013-12-07T19:00:40+01:00","inLanguage":"es-ES","mainEntityOfPage":{"@id":"https:\/\/www.eldigitaldeasturias.com\/noticias\/jenni-rivera-un-ano-de-suenos-rentabilizados-y-sin-causas-del-accidente\/#webpage"},"isPartOf":{"@id":"https:\/\/www.eldigitaldeasturias.com\/noticias\/jenni-rivera-un-ano-de-suenos-rentabilizados-y-sin-causas-del-accidente\/#webpage"},"articleSection":"Sociedad"},{"@type":"BreadcrumbList","@id":"https:\/\/www.eldigitaldeasturias.com\/noticias\/jenni-rivera-un-ano-de-suenos-rentabilizados-y-sin-causas-del-accidente\/#breadcrumblist","itemListElement":[{"@type":"ListItem","@id":"https:\/\/www.eldigitaldeasturias.com\/noticias#listItem","position":1,"name":"Home","item":"https:\/\/www.eldigitaldeasturias.com\/noticias","nextItem":{"@type":"ListItem","@id":"https:\/\/www.eldigitaldeasturias.com\/noticias\/category\/sociedad\/#listItem","name":"Sociedad"}},{"@type":"ListItem","@id":"https:\/\/www.eldigitaldeasturias.com\/noticias\/category\/sociedad\/#listItem","position":2,"name":"Sociedad","item":"https:\/\/www.eldigitaldeasturias.com\/noticias\/category\/sociedad\/","nextItem":{"@type":"ListItem","@id":"https:\/\/www.eldigitaldeasturias.com\/noticias\/jenni-rivera-un-ano-de-suenos-rentabilizados-y-sin-causas-del-accidente\/#listItem","name":"Jenni Rivera, un a\u00f1o de sue\u00f1os rentabilizados y sin causas del accidente"},"previousItem":{"@type":"ListItem","@id":"https:\/\/www.eldigitaldeasturias.com\/noticias#listItem","name":"Home"}},{"@type":"ListItem","@id":"https:\/\/www.eldigitaldeasturias.com\/noticias\/jenni-rivera-un-ano-de-suenos-rentabilizados-y-sin-causas-del-accidente\/#listItem","position":3,"name":"Jenni Rivera, un a\u00f1o de sue\u00f1os rentabilizados y sin causas del accidente","previousItem":{"@type":"ListItem","@id":"https:\/\/www.eldigitaldeasturias.com\/noticias\/category\/sociedad\/#listItem","name":"Sociedad"}}]},{"@type":"Organization","@id":"https:\/\/www.eldigitaldeasturias.com\/noticias\/#organization","name":"El Digital de Asturias","description":"Hemeroteca","url":"https:\/\/www.eldigitaldeasturias.com\/noticias\/","email":"info@eldigitaldeasturias.com","telephone":"+34652131393","logo":{"@type":"ImageObject","url":"https:\/\/www.eldigitaldeasturias.com\/noticias\/wp-content\/uploads\/2020\/12\/EDA.jpg","@id":"https:\/\/www.eldigitaldeasturias.com\/noticias\/jenni-rivera-un-ano-de-suenos-rentabilizados-y-sin-causas-del-accidente\/#organizationLogo"},"image":{"@id":"https:\/\/www.eldigitaldeasturias.com\/noticias\/jenni-rivera-un-ano-de-suenos-rentabilizados-y-sin-causas-del-accidente\/#organizationLogo"},"sameAs":["https:\/\/facebook.com\/eldigitaldeasturias","https:\/\/www.youtube.com\/channel\/UCZP-2wLEB9Rv6erhFmqVnvg"],"address":{"@id":"https:\/\/www.eldigitaldeasturias.com\/noticias\/#postaladdress","@type":"PostalAddress","streetAddress":"san antonio 4","postalCode":"33430","addressLocality":"Cand\u00e1s","addressRegion":"Asturias","addressCountry":"ES"}},{"@type":"Person","@id":"https:\/\/www.eldigitaldeasturias.com\/noticias\/author\/admin\/#author","url":"https:\/\/www.eldigitaldeasturias.com\/noticias\/author\/admin\/","name":"El Digital de Asturias","image":{"@type":"ImageObject","@id":"https:\/\/www.eldigitaldeasturias.com\/noticias\/jenni-rivera-un-ano-de-suenos-rentabilizados-y-sin-causas-del-accidente\/#authorImage","url":"https:\/\/secure.gravatar.com\/avatar\/df2aeffc32bcd13f8d26072ef8a91b623d677766deac7f97ca815868cd41bf5e?s=96&d=mm&r=g","width":96,"height":96,"caption":"El Digital de Asturias"}},{"@type":"WebPage","@id":"https:\/\/www.eldigitaldeasturias.com\/noticias\/jenni-rivera-un-ano-de-suenos-rentabilizados-y-sin-causas-del-accidente\/#webpage","url":"https:\/\/www.eldigitaldeasturias.com\/noticias\/jenni-rivera-un-ano-de-suenos-rentabilizados-y-sin-causas-del-accidente\/","name":"Jenni Rivera, un a\u00f1o de sue\u00f1os rentabilizados y sin causas del accidente - El Digital de Asturias","description":"M\u00e9xico, 7 dic (EFE).- En el primer aniversario de la muerte de la cantante estadounidense de origen mexicano Jenni Rivera a\u00fan se desconocen las causas del accidente a\u00e9reo que acab\u00f3 con su vida, pero no con sus sue\u00f1os, ahora materializados por sus familiares. La noche del 8 de diciembre de 2012, tras un concierto en","inLanguage":"es-ES","isPartOf":{"@id":"https:\/\/www.eldigitaldeasturias.com\/noticias\/#website"},"breadcrumb":{"@id":"https:\/\/www.eldigitaldeasturias.com\/noticias\/jenni-rivera-un-ano-de-suenos-rentabilizados-y-sin-causas-del-accidente\/#breadcrumblist"},"author":{"@id":"https:\/\/www.eldigitaldeasturias.com\/noticias\/author\/admin\/#author"},"creator":{"@id":"https:\/\/www.eldigitaldeasturias.com\/noticias\/author\/admin\/#author"},"image":{"@type":"ImageObject","url":459090,"@id":"https:\/\/www.eldigitaldeasturias.com\/noticias\/jenni-rivera-un-ano-de-suenos-rentabilizados-y-sin-causas-del-accidente\/#mainImage"},"primaryImageOfPage":{"@id":"https:\/\/www.eldigitaldeasturias.com\/noticias\/jenni-rivera-un-ano-de-suenos-rentabilizados-y-sin-causas-del-accidente\/#mainImage"},"datePublished":"2013-12-07T19:00:40+01:00","dateModified":"2013-12-07T19:00:40+01:00"},{"@type":"WebSite","@id":"https:\/\/www.eldigitaldeasturias.com\/noticias\/#website","url":"https:\/\/www.eldigitaldeasturias.com\/noticias\/","name":"El Digital de Asturias - Diario de actualidad y noticias","alternateName":"El Digital de Asturias - Diario de actualidad y noticias","description":"Hemeroteca","inLanguage":"es-ES","publisher":{"@id":"https:\/\/www.eldigitaldeasturias.com\/noticias\/#organization"}}]},"og:locale":"es_ES","og:site_name":"El Digital de Asturias","og:type":"article","og:title":"Jenni Rivera, un a\u00f1o de sue\u00f1os rentabilizados y sin causas del accidente - El Digital de Asturias","og:description":"M\u00e9xico, 7 dic (EFE).- En el primer aniversario de la muerte de la cantante estadounidense de origen mexicano Jenni Rivera a\u00fan se desconocen las causas del accidente a\u00e9reo que acab\u00f3 con su vida, pero no con sus sue\u00f1os, ahora materializados por sus familiares. La noche del 8 de diciembre de 2012, tras un concierto en","og:url":"https:\/\/www.eldigitaldeasturias.com\/noticias\/jenni-rivera-un-ano-de-suenos-rentabilizados-y-sin-causas-del-accidente\/","article:tag":["sociedad"],"article:published_time":"2013-12-07T20:00:40+00:00","article:modified_time":"2013-12-07T20:00:40+00:00","article:publisher":"https:\/\/facebook.com\/eldigitaldeasturias","twitter:card":"summary_large_image","twitter:title":"Jenni Rivera, un a\u00f1o de sue\u00f1os rentabilizados y sin causas del accidente - El Digital de Asturias","twitter:description":"M\u00e9xico, 7 dic (EFE).- En el primer aniversario de la muerte de la cantante estadounidense de origen mexicano Jenni Rivera a\u00fan se desconocen las causas del accidente a\u00e9reo que acab\u00f3 con su vida, pero no con sus sue\u00f1os, ahora materializados por sus familiares. La noche del 8 de diciembre de 2012, tras un concierto en","twitter:label1":"Escrito por","twitter:data1":"El Digital de Asturias","twitter:label2":"Tiempo de lectura estimado","twitter:data2":"4 minutos"},"aioseo_meta_data":{"post_id":"459089","title":null,"description":null,"keywords":null,"keyphrases":null,"primary_term":null,"canonical_url":null,"og_title":null,"og_description":null,"og_object_type":"default","og_image_type":"default","og_image_url":null,"og_image_width":null,"og_image_height":null,"og_image_custom_url":null,"og_image_custom_fields":null,"og_video":null,"og_custom_url":null,"og_article_section":null,"og_article_tags":null,"twitter_use_og":true,"twitter_card":"default","twitter_image_type":"default","twitter_image_url":null,"twitter_image_custom_url":null,"twitter_image_custom_fields":null,"twitter_title":null,"twitter_description":null,"schema":{"blockGraphs":[],"customGraphs":[],"default":{"data":{"Article":[],"Course":[],"Dataset":[],"FAQPage":[],"Movie":[],"Person":[],"Product":[],"ProductReview":[],"Car":[],"Recipe":[],"Service":[],"SoftwareApplication":[],"WebPage":[]},"graphName":"","isEnabled":true},"graphs":[],"defaultGraph":"","defaultPostTypeGraph":""},"schema_type":null,"schema_type_options":null,"pillar_content":false,"robots_default":true,"robots_noindex":false,"robots_noarchive":false,"robots_nosnippet":false,"robots_nofollow":false,"robots_noimageindex":false,"robots_noodp":false,"robots_notranslate":false,"robots_max_snippet":null,"robots_max_videopreview":null,"robots_max_imagepreview":"none","priority":null,"frequency":null,"local_seo":null,"seo_analyzer_scan_date":"2026-05-30 07:58:37","breadcrumb_settings":null,"limit_modified_date":false,"open_ai":null,"ai":null,"created":"2020-11-14 22:47:32","updated":"2026-05-30 07:58:37","focus_keyword":null,"additional_keywords":null,"truseo_locale":null},"aioseo_breadcrumb":"<div class=\"aioseo-breadcrumbs\"><span class=\"aioseo-breadcrumb\">\n\t<a href=\"https:\/\/www.eldigitaldeasturias.com\/noticias\" title=\"Home\">Home<\/a>\n<\/span><span class=\"aioseo-breadcrumb-separator\">\u2013<\/span><span class=\"aioseo-breadcrumb\">\n\t<a href=\"https:\/\/www.eldigitaldeasturias.com\/noticias\/category\/sociedad\/\" title=\"Sociedad\">Sociedad<\/a>\n<\/span><span class=\"aioseo-breadcrumb-separator\">\u2013<\/span><span class=\"aioseo-breadcrumb\">\n\t<a href=\"https:\/\/www.eldigitaldeasturias.com\/noticias\/jenni-rivera-un-ano-de-suenos-rentabilizados-y-sin-causas-del-accidente\/\" title=\"Jenni Rivera, un a\u00f1o de sue\u00f1os rentabilizados y sin causas del accidente\">Jenni Rivera, un a\u00f1o de sue\u00f1os rentabilizados y sin causas del accidente<\/a>\n<\/span><\/div>","aioseo_breadcrumb_json":[{"label":"Home","link":"https:\/\/www.eldigitaldeasturias.com\/noticias"},{"label":"Sociedad","link":"https:\/\/www.eldigitaldeasturias.com\/noticias\/category\/sociedad\/"},{"label":"Jenni Rivera, un a\u00f1o de sue\u00f1os rentabilizados y sin causas del accidente","link":"https:\/\/www.eldigitaldeasturias.com\/noticias\/jenni-rivera-un-ano-de-suenos-rentabilizados-y-sin-causas-del-accidente\/"}],"_links":{"self":[{"href":"https:\/\/www.eldigitaldeasturias.com\/noticias\/wp-json\/wp\/v2\/posts\/459089","targetHints":{"allow":["GET"]}}],"collection":[{"href":"https:\/\/www.eldigitaldeasturias.com\/noticias\/wp-json\/wp\/v2\/posts"}],"about":[{"href":"https:\/\/www.eldigitaldeasturias.com\/noticias\/wp-json\/wp\/v2\/types\/post"}],"author":[{"embeddable":true,"href":"https:\/\/www.eldigitaldeasturias.com\/noticias\/wp-json\/wp\/v2\/users\/1"}],"replies":[{"embeddable":true,"href":"https:\/\/www.eldigitaldeasturias.com\/noticias\/wp-json\/wp\/v2\/comments?post=459089"}],"version-history":[{"count":0,"href":"https:\/\/www.eldigitaldeasturias.com\/noticias\/wp-json\/wp\/v2\/posts\/459089\/revisions"}],"wp:attachment":[{"href":"https:\/\/www.eldigitaldeasturias.com\/noticias\/wp-json\/wp\/v2\/media?parent=459089"}],"wp:term":[{"taxonomy":"category","embeddable":true,"href":"https:\/\/www.eldigitaldeasturias.com\/noticias\/wp-json\/wp\/v2\/categories?post=459089"},{"taxonomy":"post_tag","embeddable":true,"href":"https:\/\/www.eldigitaldeasturias.com\/noticias\/wp-json\/wp\/v2\/tags?post=459089"}],"curies":[{"name":"wp","href":"https:\/\/api.w.org\/{rel}","templated":true}]}}