{"id":459078,"date":"2013-12-07T18:33:28","date_gmt":"2013-12-07T19:33:28","guid":{"rendered":"http:\/\/www.eldigitaldeasturias.com\/noticias\/?p=459078"},"modified":"2013-12-07T18:33:28","modified_gmt":"2013-12-07T19:33:28","slug":"el-cocinero-ricard-camarena-continua-su-expansion-empresarial","status":"publish","type":"post","link":"https:\/\/www.eldigitaldeasturias.com\/noticias\/el-cocinero-ricard-camarena-continua-su-expansion-empresarial\/","title":{"rendered":"El cocinero Ricard Camarena contin\u00faa su expansi\u00f3n empresarial"},"content":{"rendered":"<p><img loading=\"lazy\" decoding=\"async\" class=\"alignleft size-medium wp-image-459079\" alt=\"5778557w\" src=\"https:\/\/www.eldigitaldeasturias.com\/noticias\/wp-content\/uploads\/2013\/12\/5778557w-360x236.jpg\" width=\"360\" height=\"236\" \/>Madrid, 7 dic (EFE).- El cocinero Ricard Camarena contin\u00faa su expansi\u00f3n empresarial con la creaci\u00f3n en Valencia de un espacio dedicado al I+D culinario, donde tambi\u00e9n ofrecer\u00e1 cursos de cocina para aficionados, y otro para acoger eventos para grupos que no tienen cabida en sus restaurantes.<\/p>\n<p>Camarena, con una estrella Michelin y dos soles Repsol en el restaurante gastron\u00f3mico que lleva su nombre en Valencia, se ha convertido en un ejemplo de modelo empresarial sostenible econ\u00f3micamente, ya que compagina la alta cocina con locales m\u00e1s informales como el Central Bar del Mercado Central valenciano y Canalla Bistr\u00f3.<\/p>\n<p>Para su nuevo proyecto ha alquilado en el Mercado de Col\u00f3n un espacio de \u00abunos 1.200 metros cuadrados\u00bb donde, explica a Efe, ha ubicado un comedor privado \u00abpara eventos de grupos que, por tama\u00f1o, no se pueden atender en los restaurantes\u00bb y la \u00abzona multifuncional\u00bb dedicada a formaci\u00f3n de su equipo, investigaci\u00f3n y desarrollo, cursos de cocina para aficionados y presentaci\u00f3n de productos.<\/p>\n<p>\u00abEste \u00faltimo espacio surge por necesidad interna nuestra, ya que en el restaurante no pod\u00edamos desarrollar bien nuestra creatividad, y a partir de ah\u00ed para hacer viable nuestro proyecto, que sea sostenible y que amorticemos los gastos\u00bb, apunta.<\/p>\n<p>Camarena ya tiene \u00abfechas cerradas\u00bb para el comedor para grupos y pondr\u00e1 en marcha el laboratorio de I+D en enero, que contar\u00e1 con cocina, biblioteca y un aula \u00abmuy bien dotada donde, adem\u00e1s de cursos de cocina para aficionados se pueden organizar presentaciones de productos y reuniones de trabajo\u00bb.<\/p>\n<p>El cocinero valenciano, que adem\u00e1s lleva la asesor\u00eda gastron\u00f3mica de Rams\u00e9s, uno de los restaurantes de moda de Madrid decorado por Philippe Stark, conf\u00eda en que este taller de creatividad d\u00e9 \u00abmayor coherencia si cabe\u00bb a sus elaboraciones y mejore la formaci\u00f3n del equipo de 40 personas que trabaja en sus tres establecimientos.<\/p>\n","protected":false},"excerpt":{"rendered":"<p>Madrid, 7 dic (EFE).- El cocinero Ricard Camarena contin\u00faa su expansi\u00f3n empresarial con la creaci\u00f3n en Valencia de un espacio dedicado al I+D culinario, donde tambi\u00e9n ofrecer\u00e1 cursos de cocina para aficionados, y otro para acoger eventos para grupos que no tienen cabida en sus restaurantes. Camarena, con una estrella Michelin y dos soles Repsol [&hellip;]<\/p>\n","protected":false},"author":1,"featured_media":459079,"comment_status":"closed","ping_status":"open","sticky":false,"template":"","format":"standard","meta":{"footnotes":""},"categories":[50],"tags":[],"class_list":["post-459078","post","type-post","status-publish","format-standard","has-post-thumbnail","hentry","category-revista-de-ocio"],"aioseo_notices":[],"aioseo_head":"\n\t\t<!-- All in One SEO Pro 5.0.1 - aioseo.com -->\n\t<meta name=\"description\" content=\"Madrid, 7 dic (EFE).- El cocinero Ricard Camarena contin\u00faa su expansi\u00f3n empresarial con la creaci\u00f3n en Valencia de un espacio dedicado al I+D culinario, donde tambi\u00e9n ofrecer\u00e1 cursos de cocina para aficionados, y otro para acoger eventos para grupos que no tienen cabida en sus restaurantes. Camarena, con una estrella Michelin y dos soles Repsol\" \/>\n\t<meta name=\"robots\" content=\"max-image-preview:large\" \/>\n\t<meta name=\"author\" content=\"El Digital de Asturias\"\/>\n\t<meta name=\"google-site-verification\" content=\"UA-38556648-1\" \/>\n\t<meta name=\"msvalidate.01\" content=\"7dfe9f3f1b24437ab69f4f2559babe99\" \/>\n\t<meta name=\"keywords\" content=\"revista de ocio\" \/>\n\t<link rel=\"canonical\" href=\"https:\/\/www.eldigitaldeasturias.com\/noticias\/el-cocinero-ricard-camarena-continua-su-expansion-empresarial\/\" \/>\n\t<meta name=\"generator\" content=\"All in One SEO Pro (AIOSEO) 5.0.1\" \/>\n\t\t<meta property=\"og:locale\" content=\"es_ES\" \/>\n\t\t<meta property=\"og:site_name\" content=\"El Digital de Asturias\" \/>\n\t\t<meta property=\"og:type\" content=\"article\" \/>\n\t\t<meta property=\"og:title\" content=\"El cocinero Ricard Camarena contin\u00faa su expansi\u00f3n empresarial - El Digital de Asturias\" \/>\n\t\t<meta property=\"og:description\" content=\"Madrid, 7 dic (EFE).- El cocinero Ricard Camarena contin\u00faa su expansi\u00f3n empresarial con la creaci\u00f3n en Valencia de un espacio dedicado al I+D culinario, donde tambi\u00e9n ofrecer\u00e1 cursos de cocina para aficionados, y otro para acoger eventos para grupos que no tienen cabida en sus restaurantes. Camarena, con una estrella Michelin y dos soles Repsol\" \/>\n\t\t<meta property=\"og:url\" content=\"https:\/\/www.eldigitaldeasturias.com\/noticias\/el-cocinero-ricard-camarena-continua-su-expansion-empresarial\/\" \/>\n\t\t<meta property=\"article:tag\" content=\"revista de ocio\" \/>\n\t\t<meta property=\"article:published_time\" content=\"2013-12-07T19:33:28+00:00\" \/>\n\t\t<meta property=\"article:modified_time\" content=\"2013-12-07T19:33:28+00:00\" \/>\n\t\t<meta property=\"article:publisher\" content=\"https:\/\/facebook.com\/eldigitaldeasturias\" \/>\n\t\t<meta name=\"twitter:card\" content=\"summary_large_image\" \/>\n\t\t<meta name=\"twitter:title\" content=\"El cocinero Ricard Camarena contin\u00faa su expansi\u00f3n empresarial - El Digital de Asturias\" \/>\n\t\t<meta name=\"twitter:description\" content=\"Madrid, 7 dic (EFE).- El cocinero Ricard Camarena contin\u00faa su expansi\u00f3n empresarial con la creaci\u00f3n en Valencia de un espacio dedicado al I+D culinario, donde tambi\u00e9n ofrecer\u00e1 cursos de cocina para aficionados, y otro para acoger eventos para grupos que no tienen cabida en sus restaurantes. Camarena, con una estrella Michelin y dos soles Repsol\" \/>\n\t\t<meta name=\"twitter:label1\" content=\"Escrito por\" \/>\n\t\t<meta name=\"twitter:data1\" content=\"El Digital de Asturias\" \/>\n\t\t<meta name=\"twitter:label2\" content=\"Tiempo de lectura estimado\" \/>\n\t\t<meta name=\"twitter:data2\" content=\"2 minutos\" \/>\n\t\t<script type=\"application\/ld+json\" class=\"aioseo-schema\">\n\t\t\t{\"@context\":\"https:\\\/\\\/schema.org\",\"@graph\":[{\"@type\":\"BlogPosting\",\"@id\":\"https:\\\/\\\/www.eldigitaldeasturias.com\\\/noticias\\\/el-cocinero-ricard-camarena-continua-su-expansion-empresarial\\\/#blogposting\",\"name\":\"El cocinero Ricard Camarena contin\\u00faa su expansi\\u00f3n empresarial - El Digital de Asturias\",\"headline\":\"El cocinero Ricard Camarena contin\\u00faa su expansi\\u00f3n empresarial\",\"author\":{\"@id\":\"https:\\\/\\\/www.eldigitaldeasturias.com\\\/noticias\\\/author\\\/admin\\\/#author\"},\"publisher\":{\"@id\":\"https:\\\/\\\/www.eldigitaldeasturias.com\\\/noticias\\\/#organization\"},\"image\":{\"@type\":\"ImageObject\",\"url\":459079},\"datePublished\":\"2013-12-07T18:33:28+01:00\",\"dateModified\":\"2013-12-07T18:33:28+01:00\",\"inLanguage\":\"es-ES\",\"mainEntityOfPage\":{\"@id\":\"https:\\\/\\\/www.eldigitaldeasturias.com\\\/noticias\\\/el-cocinero-ricard-camarena-continua-su-expansion-empresarial\\\/#webpage\"},\"isPartOf\":{\"@id\":\"https:\\\/\\\/www.eldigitaldeasturias.com\\\/noticias\\\/el-cocinero-ricard-camarena-continua-su-expansion-empresarial\\\/#webpage\"},\"articleSection\":\"Revista de Ocio\"},{\"@type\":\"BreadcrumbList\",\"@id\":\"https:\\\/\\\/www.eldigitaldeasturias.com\\\/noticias\\\/el-cocinero-ricard-camarena-continua-su-expansion-empresarial\\\/#breadcrumblist\",\"itemListElement\":[{\"@type\":\"ListItem\",\"@id\":\"https:\\\/\\\/www.eldigitaldeasturias.com\\\/noticias#listItem\",\"position\":1,\"name\":\"Home\",\"item\":\"https:\\\/\\\/www.eldigitaldeasturias.com\\\/noticias\",\"nextItem\":{\"@type\":\"ListItem\",\"@id\":\"https:\\\/\\\/www.eldigitaldeasturias.com\\\/noticias\\\/category\\\/revista-de-ocio\\\/#listItem\",\"name\":\"Revista de Ocio\"}},{\"@type\":\"ListItem\",\"@id\":\"https:\\\/\\\/www.eldigitaldeasturias.com\\\/noticias\\\/category\\\/revista-de-ocio\\\/#listItem\",\"position\":2,\"name\":\"Revista de Ocio\",\"item\":\"https:\\\/\\\/www.eldigitaldeasturias.com\\\/noticias\\\/category\\\/revista-de-ocio\\\/\",\"nextItem\":{\"@type\":\"ListItem\",\"@id\":\"https:\\\/\\\/www.eldigitaldeasturias.com\\\/noticias\\\/el-cocinero-ricard-camarena-continua-su-expansion-empresarial\\\/#listItem\",\"name\":\"El cocinero Ricard Camarena contin\\u00faa su expansi\\u00f3n empresarial\"},\"previousItem\":{\"@type\":\"ListItem\",\"@id\":\"https:\\\/\\\/www.eldigitaldeasturias.com\\\/noticias#listItem\",\"name\":\"Home\"}},{\"@type\":\"ListItem\",\"@id\":\"https:\\\/\\\/www.eldigitaldeasturias.com\\\/noticias\\\/el-cocinero-ricard-camarena-continua-su-expansion-empresarial\\\/#listItem\",\"position\":3,\"name\":\"El cocinero Ricard Camarena contin\\u00faa su expansi\\u00f3n empresarial\",\"previousItem\":{\"@type\":\"ListItem\",\"@id\":\"https:\\\/\\\/www.eldigitaldeasturias.com\\\/noticias\\\/category\\\/revista-de-ocio\\\/#listItem\",\"name\":\"Revista de Ocio\"}}]},{\"@type\":\"Organization\",\"@id\":\"https:\\\/\\\/www.eldigitaldeasturias.com\\\/noticias\\\/#organization\",\"name\":\"El Digital de Asturias\",\"description\":\"Hemeroteca\",\"url\":\"https:\\\/\\\/www.eldigitaldeasturias.com\\\/noticias\\\/\",\"email\":\"info@eldigitaldeasturias.com\",\"telephone\":\"+34652131393\",\"logo\":{\"@type\":\"ImageObject\",\"url\":\"https:\\\/\\\/www.eldigitaldeasturias.com\\\/noticias\\\/wp-content\\\/uploads\\\/2020\\\/12\\\/EDA.jpg\",\"@id\":\"https:\\\/\\\/www.eldigitaldeasturias.com\\\/noticias\\\/el-cocinero-ricard-camarena-continua-su-expansion-empresarial\\\/#organizationLogo\"},\"image\":{\"@id\":\"https:\\\/\\\/www.eldigitaldeasturias.com\\\/noticias\\\/el-cocinero-ricard-camarena-continua-su-expansion-empresarial\\\/#organizationLogo\"},\"sameAs\":[\"https:\\\/\\\/facebook.com\\\/eldigitaldeasturias\",\"https:\\\/\\\/www.youtube.com\\\/channel\\\/UCZP-2wLEB9Rv6erhFmqVnvg\"],\"address\":{\"@id\":\"https:\\\/\\\/www.eldigitaldeasturias.com\\\/noticias\\\/#postaladdress\",\"@type\":\"PostalAddress\",\"streetAddress\":\"san antonio 4\",\"postalCode\":\"33430\",\"addressLocality\":\"Cand\\u00e1s\",\"addressRegion\":\"Asturias\",\"addressCountry\":\"ES\"}},{\"@type\":\"Person\",\"@id\":\"https:\\\/\\\/www.eldigitaldeasturias.com\\\/noticias\\\/author\\\/admin\\\/#author\",\"url\":\"https:\\\/\\\/www.eldigitaldeasturias.com\\\/noticias\\\/author\\\/admin\\\/\",\"name\":\"El Digital de Asturias\",\"image\":{\"@type\":\"ImageObject\",\"@id\":\"https:\\\/\\\/www.eldigitaldeasturias.com\\\/noticias\\\/el-cocinero-ricard-camarena-continua-su-expansion-empresarial\\\/#authorImage\",\"url\":\"https:\\\/\\\/secure.gravatar.com\\\/avatar\\\/df2aeffc32bcd13f8d26072ef8a91b623d677766deac7f97ca815868cd41bf5e?s=96&d=mm&r=g\",\"width\":96,\"height\":96,\"caption\":\"El Digital de Asturias\"}},{\"@type\":\"WebPage\",\"@id\":\"https:\\\/\\\/www.eldigitaldeasturias.com\\\/noticias\\\/el-cocinero-ricard-camarena-continua-su-expansion-empresarial\\\/#webpage\",\"url\":\"https:\\\/\\\/www.eldigitaldeasturias.com\\\/noticias\\\/el-cocinero-ricard-camarena-continua-su-expansion-empresarial\\\/\",\"name\":\"El cocinero Ricard Camarena contin\\u00faa su expansi\\u00f3n empresarial - El Digital de Asturias\",\"description\":\"Madrid, 7 dic (EFE).- El cocinero Ricard Camarena contin\\u00faa su expansi\\u00f3n empresarial con la creaci\\u00f3n en Valencia de un espacio dedicado al I+D culinario, donde tambi\\u00e9n ofrecer\\u00e1 cursos de cocina para aficionados, y otro para acoger eventos para grupos que no tienen cabida en sus restaurantes. Camarena, con una estrella Michelin y dos soles Repsol\",\"inLanguage\":\"es-ES\",\"isPartOf\":{\"@id\":\"https:\\\/\\\/www.eldigitaldeasturias.com\\\/noticias\\\/#website\"},\"breadcrumb\":{\"@id\":\"https:\\\/\\\/www.eldigitaldeasturias.com\\\/noticias\\\/el-cocinero-ricard-camarena-continua-su-expansion-empresarial\\\/#breadcrumblist\"},\"author\":{\"@id\":\"https:\\\/\\\/www.eldigitaldeasturias.com\\\/noticias\\\/author\\\/admin\\\/#author\"},\"creator\":{\"@id\":\"https:\\\/\\\/www.eldigitaldeasturias.com\\\/noticias\\\/author\\\/admin\\\/#author\"},\"image\":{\"@type\":\"ImageObject\",\"url\":459079,\"@id\":\"https:\\\/\\\/www.eldigitaldeasturias.com\\\/noticias\\\/el-cocinero-ricard-camarena-continua-su-expansion-empresarial\\\/#mainImage\"},\"primaryImageOfPage\":{\"@id\":\"https:\\\/\\\/www.eldigitaldeasturias.com\\\/noticias\\\/el-cocinero-ricard-camarena-continua-su-expansion-empresarial\\\/#mainImage\"},\"datePublished\":\"2013-12-07T18:33:28+01:00\",\"dateModified\":\"2013-12-07T18:33:28+01:00\"},{\"@type\":\"WebSite\",\"@id\":\"https:\\\/\\\/www.eldigitaldeasturias.com\\\/noticias\\\/#website\",\"url\":\"https:\\\/\\\/www.eldigitaldeasturias.com\\\/noticias\\\/\",\"name\":\"El Digital de Asturias - Diario de actualidad y noticias\",\"alternateName\":\"El Digital de Asturias - Diario de actualidad y noticias\",\"description\":\"Hemeroteca\",\"inLanguage\":\"es-ES\",\"publisher\":{\"@id\":\"https:\\\/\\\/www.eldigitaldeasturias.com\\\/noticias\\\/#organization\"}}]}\n\t\t<\/script>\n\t\t<!-- All in One SEO Pro -->\r\n\t\t<title>El cocinero Ricard Camarena contin\u00faa su expansi\u00f3n empresarial - El Digital de Asturias<\/title>\n\n","aioseo_head_json":{"title":"El cocinero Ricard Camarena contin\u00faa su expansi\u00f3n empresarial - El Digital de Asturias","description":"Madrid, 7 dic (EFE).- El cocinero Ricard Camarena contin\u00faa su expansi\u00f3n empresarial con la creaci\u00f3n en Valencia de un espacio dedicado al I+D culinario, donde tambi\u00e9n ofrecer\u00e1 cursos de cocina para aficionados, y otro para acoger eventos para grupos que no tienen cabida en sus restaurantes. Camarena, con una estrella Michelin y dos soles Repsol","canonical_url":"https:\/\/www.eldigitaldeasturias.com\/noticias\/el-cocinero-ricard-camarena-continua-su-expansion-empresarial\/","robots":"max-image-preview:large","keywords":"revista de ocio","webmasterTools":{"google-site-verification":"UA-38556648-1","msvalidate.01":"7dfe9f3f1b24437ab69f4f2559babe99","miscellaneous":""},"schema":{"@context":"https:\/\/schema.org","@graph":[{"@type":"BlogPosting","@id":"https:\/\/www.eldigitaldeasturias.com\/noticias\/el-cocinero-ricard-camarena-continua-su-expansion-empresarial\/#blogposting","name":"El cocinero Ricard Camarena contin\u00faa su expansi\u00f3n empresarial - El Digital de Asturias","headline":"El cocinero Ricard Camarena contin\u00faa su expansi\u00f3n empresarial","author":{"@id":"https:\/\/www.eldigitaldeasturias.com\/noticias\/author\/admin\/#author"},"publisher":{"@id":"https:\/\/www.eldigitaldeasturias.com\/noticias\/#organization"},"image":{"@type":"ImageObject","url":459079},"datePublished":"2013-12-07T18:33:28+01:00","dateModified":"2013-12-07T18:33:28+01:00","inLanguage":"es-ES","mainEntityOfPage":{"@id":"https:\/\/www.eldigitaldeasturias.com\/noticias\/el-cocinero-ricard-camarena-continua-su-expansion-empresarial\/#webpage"},"isPartOf":{"@id":"https:\/\/www.eldigitaldeasturias.com\/noticias\/el-cocinero-ricard-camarena-continua-su-expansion-empresarial\/#webpage"},"articleSection":"Revista de Ocio"},{"@type":"BreadcrumbList","@id":"https:\/\/www.eldigitaldeasturias.com\/noticias\/el-cocinero-ricard-camarena-continua-su-expansion-empresarial\/#breadcrumblist","itemListElement":[{"@type":"ListItem","@id":"https:\/\/www.eldigitaldeasturias.com\/noticias#listItem","position":1,"name":"Home","item":"https:\/\/www.eldigitaldeasturias.com\/noticias","nextItem":{"@type":"ListItem","@id":"https:\/\/www.eldigitaldeasturias.com\/noticias\/category\/revista-de-ocio\/#listItem","name":"Revista de Ocio"}},{"@type":"ListItem","@id":"https:\/\/www.eldigitaldeasturias.com\/noticias\/category\/revista-de-ocio\/#listItem","position":2,"name":"Revista de Ocio","item":"https:\/\/www.eldigitaldeasturias.com\/noticias\/category\/revista-de-ocio\/","nextItem":{"@type":"ListItem","@id":"https:\/\/www.eldigitaldeasturias.com\/noticias\/el-cocinero-ricard-camarena-continua-su-expansion-empresarial\/#listItem","name":"El cocinero Ricard Camarena contin\u00faa su expansi\u00f3n empresarial"},"previousItem":{"@type":"ListItem","@id":"https:\/\/www.eldigitaldeasturias.com\/noticias#listItem","name":"Home"}},{"@type":"ListItem","@id":"https:\/\/www.eldigitaldeasturias.com\/noticias\/el-cocinero-ricard-camarena-continua-su-expansion-empresarial\/#listItem","position":3,"name":"El cocinero Ricard Camarena contin\u00faa su expansi\u00f3n empresarial","previousItem":{"@type":"ListItem","@id":"https:\/\/www.eldigitaldeasturias.com\/noticias\/category\/revista-de-ocio\/#listItem","name":"Revista de Ocio"}}]},{"@type":"Organization","@id":"https:\/\/www.eldigitaldeasturias.com\/noticias\/#organization","name":"El Digital de Asturias","description":"Hemeroteca","url":"https:\/\/www.eldigitaldeasturias.com\/noticias\/","email":"info@eldigitaldeasturias.com","telephone":"+34652131393","logo":{"@type":"ImageObject","url":"https:\/\/www.eldigitaldeasturias.com\/noticias\/wp-content\/uploads\/2020\/12\/EDA.jpg","@id":"https:\/\/www.eldigitaldeasturias.com\/noticias\/el-cocinero-ricard-camarena-continua-su-expansion-empresarial\/#organizationLogo"},"image":{"@id":"https:\/\/www.eldigitaldeasturias.com\/noticias\/el-cocinero-ricard-camarena-continua-su-expansion-empresarial\/#organizationLogo"},"sameAs":["https:\/\/facebook.com\/eldigitaldeasturias","https:\/\/www.youtube.com\/channel\/UCZP-2wLEB9Rv6erhFmqVnvg"],"address":{"@id":"https:\/\/www.eldigitaldeasturias.com\/noticias\/#postaladdress","@type":"PostalAddress","streetAddress":"san antonio 4","postalCode":"33430","addressLocality":"Cand\u00e1s","addressRegion":"Asturias","addressCountry":"ES"}},{"@type":"Person","@id":"https:\/\/www.eldigitaldeasturias.com\/noticias\/author\/admin\/#author","url":"https:\/\/www.eldigitaldeasturias.com\/noticias\/author\/admin\/","name":"El Digital de Asturias","image":{"@type":"ImageObject","@id":"https:\/\/www.eldigitaldeasturias.com\/noticias\/el-cocinero-ricard-camarena-continua-su-expansion-empresarial\/#authorImage","url":"https:\/\/secure.gravatar.com\/avatar\/df2aeffc32bcd13f8d26072ef8a91b623d677766deac7f97ca815868cd41bf5e?s=96&d=mm&r=g","width":96,"height":96,"caption":"El Digital de Asturias"}},{"@type":"WebPage","@id":"https:\/\/www.eldigitaldeasturias.com\/noticias\/el-cocinero-ricard-camarena-continua-su-expansion-empresarial\/#webpage","url":"https:\/\/www.eldigitaldeasturias.com\/noticias\/el-cocinero-ricard-camarena-continua-su-expansion-empresarial\/","name":"El cocinero Ricard Camarena contin\u00faa su expansi\u00f3n empresarial - El Digital de Asturias","description":"Madrid, 7 dic (EFE).- El cocinero Ricard Camarena contin\u00faa su expansi\u00f3n empresarial con la creaci\u00f3n en Valencia de un espacio dedicado al I+D culinario, donde tambi\u00e9n ofrecer\u00e1 cursos de cocina para aficionados, y otro para acoger eventos para grupos que no tienen cabida en sus restaurantes. Camarena, con una estrella Michelin y dos soles Repsol","inLanguage":"es-ES","isPartOf":{"@id":"https:\/\/www.eldigitaldeasturias.com\/noticias\/#website"},"breadcrumb":{"@id":"https:\/\/www.eldigitaldeasturias.com\/noticias\/el-cocinero-ricard-camarena-continua-su-expansion-empresarial\/#breadcrumblist"},"author":{"@id":"https:\/\/www.eldigitaldeasturias.com\/noticias\/author\/admin\/#author"},"creator":{"@id":"https:\/\/www.eldigitaldeasturias.com\/noticias\/author\/admin\/#author"},"image":{"@type":"ImageObject","url":459079,"@id":"https:\/\/www.eldigitaldeasturias.com\/noticias\/el-cocinero-ricard-camarena-continua-su-expansion-empresarial\/#mainImage"},"primaryImageOfPage":{"@id":"https:\/\/www.eldigitaldeasturias.com\/noticias\/el-cocinero-ricard-camarena-continua-su-expansion-empresarial\/#mainImage"},"datePublished":"2013-12-07T18:33:28+01:00","dateModified":"2013-12-07T18:33:28+01:00"},{"@type":"WebSite","@id":"https:\/\/www.eldigitaldeasturias.com\/noticias\/#website","url":"https:\/\/www.eldigitaldeasturias.com\/noticias\/","name":"El Digital de Asturias - Diario de actualidad y noticias","alternateName":"El Digital de Asturias - Diario de actualidad y noticias","description":"Hemeroteca","inLanguage":"es-ES","publisher":{"@id":"https:\/\/www.eldigitaldeasturias.com\/noticias\/#organization"}}]},"og:locale":"es_ES","og:site_name":"El Digital de Asturias","og:type":"article","og:title":"El cocinero Ricard Camarena contin\u00faa su expansi\u00f3n empresarial - El Digital de Asturias","og:description":"Madrid, 7 dic (EFE).- El cocinero Ricard Camarena contin\u00faa su expansi\u00f3n empresarial con la creaci\u00f3n en Valencia de un espacio dedicado al I+D culinario, donde tambi\u00e9n ofrecer\u00e1 cursos de cocina para aficionados, y otro para acoger eventos para grupos que no tienen cabida en sus restaurantes. Camarena, con una estrella Michelin y dos soles Repsol","og:url":"https:\/\/www.eldigitaldeasturias.com\/noticias\/el-cocinero-ricard-camarena-continua-su-expansion-empresarial\/","article:tag":["revista de ocio"],"article:published_time":"2013-12-07T19:33:28+00:00","article:modified_time":"2013-12-07T19:33:28+00:00","article:publisher":"https:\/\/facebook.com\/eldigitaldeasturias","twitter:card":"summary_large_image","twitter:title":"El cocinero Ricard Camarena contin\u00faa su expansi\u00f3n empresarial - El Digital de Asturias","twitter:description":"Madrid, 7 dic (EFE).- El cocinero Ricard Camarena contin\u00faa su expansi\u00f3n empresarial con la creaci\u00f3n en Valencia de un espacio dedicado al I+D culinario, donde tambi\u00e9n ofrecer\u00e1 cursos de cocina para aficionados, y otro para acoger eventos para grupos que no tienen cabida en sus restaurantes. Camarena, con una estrella Michelin y dos soles Repsol","twitter:label1":"Escrito por","twitter:data1":"El Digital de Asturias","twitter:label2":"Tiempo de lectura estimado","twitter:data2":"2 minutos"},"aioseo_meta_data":{"post_id":"459078","title":null,"description":null,"keywords":null,"keyphrases":null,"primary_term":null,"canonical_url":null,"og_title":null,"og_description":null,"og_object_type":"default","og_image_type":"default","og_image_url":null,"og_image_width":null,"og_image_height":null,"og_image_custom_url":null,"og_image_custom_fields":null,"og_video":null,"og_custom_url":null,"og_article_section":null,"og_article_tags":null,"twitter_use_og":true,"twitter_card":"default","twitter_image_type":"default","twitter_image_url":null,"twitter_image_custom_url":null,"twitter_image_custom_fields":null,"twitter_title":null,"twitter_description":null,"schema":{"blockGraphs":[],"customGraphs":[],"default":{"data":{"Article":[],"Course":[],"Dataset":[],"FAQPage":[],"Movie":[],"Person":[],"Product":[],"ProductReview":[],"Car":[],"Recipe":[],"Service":[],"SoftwareApplication":[],"WebPage":[]},"graphName":"","isEnabled":true},"graphs":[],"defaultGraph":"","defaultPostTypeGraph":""},"schema_type":null,"schema_type_options":null,"pillar_content":false,"robots_default":true,"robots_noindex":false,"robots_noarchive":false,"robots_nosnippet":false,"robots_nofollow":false,"robots_noimageindex":false,"robots_noodp":false,"robots_notranslate":false,"robots_max_snippet":null,"robots_max_videopreview":null,"robots_max_imagepreview":"none","priority":null,"frequency":null,"local_seo":null,"seo_analyzer_scan_date":"2026-05-30 07:55:16","breadcrumb_settings":null,"limit_modified_date":false,"open_ai":null,"ai":null,"created":"2020-11-14 22:47:32","updated":"2026-05-30 07:55:16","focus_keyword":null,"additional_keywords":null,"truseo_locale":null},"aioseo_breadcrumb":"<div class=\"aioseo-breadcrumbs\"><span class=\"aioseo-breadcrumb\">\n\t<a href=\"https:\/\/www.eldigitaldeasturias.com\/noticias\" title=\"Home\">Home<\/a>\n<\/span><span class=\"aioseo-breadcrumb-separator\">\u2013<\/span><span class=\"aioseo-breadcrumb\">\n\t<a href=\"https:\/\/www.eldigitaldeasturias.com\/noticias\/category\/revista-de-ocio\/\" title=\"Revista de Ocio\">Revista de Ocio<\/a>\n<\/span><span class=\"aioseo-breadcrumb-separator\">\u2013<\/span><span class=\"aioseo-breadcrumb\">\n\t<a href=\"https:\/\/www.eldigitaldeasturias.com\/noticias\/el-cocinero-ricard-camarena-continua-su-expansion-empresarial\/\" title=\"El cocinero Ricard Camarena contin\u00faa su expansi\u00f3n empresarial\">El cocinero Ricard Camarena contin\u00faa su expansi\u00f3n empresarial<\/a>\n<\/span><\/div>","aioseo_breadcrumb_json":[{"label":"Home","link":"https:\/\/www.eldigitaldeasturias.com\/noticias"},{"label":"Revista de Ocio","link":"https:\/\/www.eldigitaldeasturias.com\/noticias\/category\/revista-de-ocio\/"},{"label":"El cocinero Ricard Camarena contin\u00faa su expansi\u00f3n empresarial","link":"https:\/\/www.eldigitaldeasturias.com\/noticias\/el-cocinero-ricard-camarena-continua-su-expansion-empresarial\/"}],"_links":{"self":[{"href":"https:\/\/www.eldigitaldeasturias.com\/noticias\/wp-json\/wp\/v2\/posts\/459078","targetHints":{"allow":["GET"]}}],"collection":[{"href":"https:\/\/www.eldigitaldeasturias.com\/noticias\/wp-json\/wp\/v2\/posts"}],"about":[{"href":"https:\/\/www.eldigitaldeasturias.com\/noticias\/wp-json\/wp\/v2\/types\/post"}],"author":[{"embeddable":true,"href":"https:\/\/www.eldigitaldeasturias.com\/noticias\/wp-json\/wp\/v2\/users\/1"}],"replies":[{"embeddable":true,"href":"https:\/\/www.eldigitaldeasturias.com\/noticias\/wp-json\/wp\/v2\/comments?post=459078"}],"version-history":[{"count":0,"href":"https:\/\/www.eldigitaldeasturias.com\/noticias\/wp-json\/wp\/v2\/posts\/459078\/revisions"}],"wp:attachment":[{"href":"https:\/\/www.eldigitaldeasturias.com\/noticias\/wp-json\/wp\/v2\/media?parent=459078"}],"wp:term":[{"taxonomy":"category","embeddable":true,"href":"https:\/\/www.eldigitaldeasturias.com\/noticias\/wp-json\/wp\/v2\/categories?post=459078"},{"taxonomy":"post_tag","embeddable":true,"href":"https:\/\/www.eldigitaldeasturias.com\/noticias\/wp-json\/wp\/v2\/tags?post=459078"}],"curies":[{"name":"wp","href":"https:\/\/api.w.org\/{rel}","templated":true}]}}