{"id":459075,"date":"2013-12-07T18:32:06","date_gmt":"2013-12-07T19:32:06","guid":{"rendered":"http:\/\/www.eldigitaldeasturias.com\/noticias\/?p=459075"},"modified":"2013-12-07T18:32:06","modified_gmt":"2013-12-07T19:32:06","slug":"fernando-tejero-cree-que-la-television-es-un-escaparate-brutal","status":"publish","type":"post","link":"https:\/\/www.eldigitaldeasturias.com\/noticias\/fernando-tejero-cree-que-la-television-es-un-escaparate-brutal\/","title":{"rendered":"Fernando Tejero cree que la televisi\u00f3n \u00abes un escaparate brutal\u00bb"},"content":{"rendered":"<p><img loading=\"lazy\" decoding=\"async\" class=\"alignleft size-medium wp-image-459076\" alt=\"5778554w\" src=\"https:\/\/www.eldigitaldeasturias.com\/noticias\/wp-content\/uploads\/2013\/12\/5778554w-213x320.jpg\" width=\"213\" height=\"320\" \/>Madrid, 7 dic (EFE).- Fernando Tejero ha regresado con su personaje de Ferm\u00edn, \u00abun trilero de buen coraz\u00f3n\u00bb para instalarse en la alocada urbanizaci\u00f3n de Montepinar de \u00abLa que se avecina\u00bb, junto a otros actores con los que estuvo en \u00abAqu\u00ed no hay quien viva\u00bb, una serie que todav\u00eda le da fama y trabajo en Am\u00e9rica Latina.<\/p>\n<p>\u00abLa televisi\u00f3n es un escaparate brutal\u00bb, confesaba el actor cordob\u00e9s a un grupo de periodistas en la presentaci\u00f3n de \u00abLa que se avecina\u00bb, serie en la que apareci\u00f3 durante tres cap\u00edtulos en la anterior temporada, y la que ha regresado porque estuvo \u00abmuy agusto\u00bb en ella.<\/p>\n<p>Y es que el actor se considera \u00abmuy afortunado\u00bb porque no le falta el trabajo y puede \u00abelegir\u00bb. \u00abA estas alturas de la pel\u00edcula, tango claro que trabajar para pasarlo mal no es necesario\u00bb, asegura y aclara que en agosto pasado dej\u00f3 la obra de teatro \u00abMitad y mitad\u00bb, que interpretaba con Pep\u00f3n Nieto, por \u00abagotamiento\u00bb.<\/p>\n<p>\u00abLlevaba cinco meses compagin\u00e1ndolo con el rodaje de &#8216;La que se avecina&#8217; y lo tuve que dejar, aunque me sabe mal, tal y como est\u00e1 el trabajo\u00bb, asegura, y afirma, no obstante, que est\u00e1 preparando otro proyecto teatral junto a otras dos compa\u00f1eras de la serie, Isabel Ordaz y Mar\u00eda Ad\u00e1nez, esta \u00faltima tambi\u00e9n nueva en el vecindario de Montepinar.<\/p>\n<p>El estreno de la s\u00e9ptima temporada de \u00abLa que se avecina\u00bb se situ\u00f3 como la emisi\u00f3n m\u00e1s vista del pasado lunes, con casi 5 millones de espectadores y un 23,6 % de cuota de pantalla.<\/p>\n<p>Sobre las diferencias entre \u00abAqu\u00ed no hay quien viva\u00bb, que emiti\u00f3 Antena 3 entre 2003 y 2006, y \u00abLa que se avecina\u00bb, explica que esta lleva sus tramas \u00abm\u00e1s al l\u00edmite, se acerca m\u00e1s al c\u00f3mic\u00bb, mientras la primera \u00abera algo m\u00e1s realista, sobre todo al principio\u00bb.<\/p>\n<p>\u00abAqu\u00ed no hay quien viva&#8217; rompi\u00f3 moldes\u00bb, asegura, y recuerda que \u00abnunca\u00bb ha dejado \u00abla popularidad\u00bb porque no ha parado de hacer cine, un medio en el que ha conseguido premios como la Biznaga de Plata al mejor int\u00e9rprete en el Festival de M\u00e1laga por la cinta \u00abCinco metros cuadrados\u00bb (2011), o el Goya como mejor actor revelaci\u00f3n en 2004 por \u00abD\u00edas de f\u00fatbol\u00bb.<\/p>\n<p>\u00abEs dif\u00edcil que la gente se olvide de m\u00ed\u00bb, asegura, y a\u00f1ade que rodar\u00e1 una pel\u00edcula en la primavera pr\u00f3xima en Colombia titulada \u00abFuera de lugar\u00bb, una comedia rom\u00e1ntica \u00abdistinta\u00bb a lo que ha hecho hasta ahora.<\/p>\n<p>\u00abHago el papel de especie de gal\u00e1n al que plantan en la altar y decide hacer la luna de miel \u00e9l solo; me han visto con otros ojos&#8230;\u00bb, a\u00f1ade.<\/p>\n<p>Adem\u00e1s de pel\u00edculas, la popularidad de la televisi\u00f3n le ha procurado incluso ofertas de publicidad en Venezuela, donde asegura que Malena Alterio, su compa\u00f1era de reparto en \u00abAqu\u00ed no hay quien viva\u00bb, y \u00e9l mismo son \u00abmuy famosos\u00bb, aunque rechaz\u00f3 el ofrecimiento porque quer\u00eda descansar una temporada.<\/p>\n<p>\u00abPrefiero trabajar menos y variar m\u00e1s\u00bb, explica, y apostilla: \u00abNo estoy en esta profesi\u00f3n para parecer un funcionario, cuando siento que no me pasan cosas con un personaje, pruebo con otro proyecto\u00bb.<\/p>\n<p>Por ahora, su trabajo m\u00e1s inmediato, mientras espera el rodaje de la octava temporada de \u00abLa que se avecina\u00bb, ser\u00e1 la anunciada serie con Jos\u00e9 Mota para Telecinco, que ya est\u00e1 en fase de escritura de guion.<\/p>\n<p>\u00abNo s\u00e9 si har\u00eda dos series a la vez, ni quiero quemarme ni cansar a la gente. Espero poder compaginarlo\u00bb, concluye el actor sobre esta trayectoria televisiva que le espera.<\/p>\n","protected":false},"excerpt":{"rendered":"<p>Madrid, 7 dic (EFE).- Fernando Tejero ha regresado con su personaje de Ferm\u00edn, \u00abun trilero de buen coraz\u00f3n\u00bb para instalarse en la alocada urbanizaci\u00f3n de Montepinar de \u00abLa que se avecina\u00bb, junto a otros actores con los que estuvo en \u00abAqu\u00ed no hay quien viva\u00bb, una serie que todav\u00eda le da fama y trabajo en [&hellip;]<\/p>\n","protected":false},"author":1,"featured_media":459076,"comment_status":"closed","ping_status":"open","sticky":false,"template":"","format":"standard","meta":{"footnotes":""},"categories":[50],"tags":[],"class_list":["post-459075","post","type-post","status-publish","format-standard","has-post-thumbnail","hentry","category-revista-de-ocio"],"aioseo_notices":[],"aioseo_head":"\n\t\t<!-- All in One SEO Pro 5.0.1 - aioseo.com -->\n\t<meta name=\"description\" content=\"Madrid, 7 dic (EFE).- Fernando Tejero ha regresado con su personaje de Ferm\u00edn, &quot;un trilero de buen coraz\u00f3n&quot; para instalarse en la alocada urbanizaci\u00f3n de Montepinar de &quot;La que se avecina&quot;, junto a otros actores con los que estuvo en &quot;Aqu\u00ed no hay quien viva&quot;, una serie que todav\u00eda le da fama y trabajo en\" \/>\n\t<meta name=\"robots\" content=\"max-image-preview:large\" \/>\n\t<meta name=\"author\" content=\"El Digital de Asturias\"\/>\n\t<meta name=\"google-site-verification\" content=\"UA-38556648-1\" \/>\n\t<meta name=\"msvalidate.01\" content=\"7dfe9f3f1b24437ab69f4f2559babe99\" \/>\n\t<meta name=\"keywords\" content=\"revista de ocio\" \/>\n\t<link rel=\"canonical\" href=\"https:\/\/www.eldigitaldeasturias.com\/noticias\/fernando-tejero-cree-que-la-television-es-un-escaparate-brutal\/\" \/>\n\t<meta name=\"generator\" content=\"All in One SEO Pro (AIOSEO) 5.0.1\" \/>\n\t\t<meta property=\"og:locale\" content=\"es_ES\" \/>\n\t\t<meta property=\"og:site_name\" content=\"El Digital de Asturias\" \/>\n\t\t<meta property=\"og:type\" content=\"article\" \/>\n\t\t<meta property=\"og:title\" content=\"Fernando Tejero cree que la televisi\u00f3n \u00abes un escaparate brutal\u00bb - El Digital de Asturias\" \/>\n\t\t<meta property=\"og:description\" content=\"Madrid, 7 dic (EFE).- Fernando Tejero ha regresado con su personaje de Ferm\u00edn, &quot;un trilero de buen coraz\u00f3n&quot; para instalarse en la alocada urbanizaci\u00f3n de Montepinar de &quot;La que se avecina&quot;, junto a otros actores con los que estuvo en &quot;Aqu\u00ed no hay quien viva&quot;, una serie que todav\u00eda le da fama y trabajo en\" \/>\n\t\t<meta property=\"og:url\" content=\"https:\/\/www.eldigitaldeasturias.com\/noticias\/fernando-tejero-cree-que-la-television-es-un-escaparate-brutal\/\" \/>\n\t\t<meta property=\"article:tag\" content=\"revista de ocio\" \/>\n\t\t<meta property=\"article:published_time\" content=\"2013-12-07T19:32:06+00:00\" \/>\n\t\t<meta property=\"article:modified_time\" content=\"2013-12-07T19:32:06+00:00\" \/>\n\t\t<meta property=\"article:publisher\" content=\"https:\/\/facebook.com\/eldigitaldeasturias\" \/>\n\t\t<meta name=\"twitter:card\" content=\"summary_large_image\" \/>\n\t\t<meta name=\"twitter:title\" content=\"Fernando Tejero cree que la televisi\u00f3n \u00abes un escaparate brutal\u00bb - El Digital de Asturias\" \/>\n\t\t<meta name=\"twitter:description\" content=\"Madrid, 7 dic (EFE).- Fernando Tejero ha regresado con su personaje de Ferm\u00edn, &quot;un trilero de buen coraz\u00f3n&quot; para instalarse en la alocada urbanizaci\u00f3n de Montepinar de &quot;La que se avecina&quot;, junto a otros actores con los que estuvo en &quot;Aqu\u00ed no hay quien viva&quot;, una serie que todav\u00eda le da fama y trabajo en\" \/>\n\t\t<meta name=\"twitter:label1\" content=\"Escrito por\" \/>\n\t\t<meta name=\"twitter:data1\" content=\"El Digital de Asturias\" \/>\n\t\t<meta name=\"twitter:label2\" content=\"Tiempo de lectura estimado\" \/>\n\t\t<meta name=\"twitter:data2\" content=\"3 minutos\" \/>\n\t\t<script type=\"application\/ld+json\" class=\"aioseo-schema\">\n\t\t\t{\"@context\":\"https:\\\/\\\/schema.org\",\"@graph\":[{\"@type\":\"BlogPosting\",\"@id\":\"https:\\\/\\\/www.eldigitaldeasturias.com\\\/noticias\\\/fernando-tejero-cree-que-la-television-es-un-escaparate-brutal\\\/#blogposting\",\"name\":\"Fernando Tejero cree que la televisi\\u00f3n \\u00abes un escaparate brutal\\u00bb - El Digital de Asturias\",\"headline\":\"Fernando Tejero cree que la televisi\\u00f3n \\u00abes un escaparate brutal\\u00bb\",\"author\":{\"@id\":\"https:\\\/\\\/www.eldigitaldeasturias.com\\\/noticias\\\/author\\\/admin\\\/#author\"},\"publisher\":{\"@id\":\"https:\\\/\\\/www.eldigitaldeasturias.com\\\/noticias\\\/#organization\"},\"image\":{\"@type\":\"ImageObject\",\"url\":459076},\"datePublished\":\"2013-12-07T18:32:06+01:00\",\"dateModified\":\"2013-12-07T18:32:06+01:00\",\"inLanguage\":\"es-ES\",\"mainEntityOfPage\":{\"@id\":\"https:\\\/\\\/www.eldigitaldeasturias.com\\\/noticias\\\/fernando-tejero-cree-que-la-television-es-un-escaparate-brutal\\\/#webpage\"},\"isPartOf\":{\"@id\":\"https:\\\/\\\/www.eldigitaldeasturias.com\\\/noticias\\\/fernando-tejero-cree-que-la-television-es-un-escaparate-brutal\\\/#webpage\"},\"articleSection\":\"Revista de Ocio\"},{\"@type\":\"BreadcrumbList\",\"@id\":\"https:\\\/\\\/www.eldigitaldeasturias.com\\\/noticias\\\/fernando-tejero-cree-que-la-television-es-un-escaparate-brutal\\\/#breadcrumblist\",\"itemListElement\":[{\"@type\":\"ListItem\",\"@id\":\"https:\\\/\\\/www.eldigitaldeasturias.com\\\/noticias#listItem\",\"position\":1,\"name\":\"Home\",\"item\":\"https:\\\/\\\/www.eldigitaldeasturias.com\\\/noticias\",\"nextItem\":{\"@type\":\"ListItem\",\"@id\":\"https:\\\/\\\/www.eldigitaldeasturias.com\\\/noticias\\\/category\\\/revista-de-ocio\\\/#listItem\",\"name\":\"Revista de Ocio\"}},{\"@type\":\"ListItem\",\"@id\":\"https:\\\/\\\/www.eldigitaldeasturias.com\\\/noticias\\\/category\\\/revista-de-ocio\\\/#listItem\",\"position\":2,\"name\":\"Revista de Ocio\",\"item\":\"https:\\\/\\\/www.eldigitaldeasturias.com\\\/noticias\\\/category\\\/revista-de-ocio\\\/\",\"nextItem\":{\"@type\":\"ListItem\",\"@id\":\"https:\\\/\\\/www.eldigitaldeasturias.com\\\/noticias\\\/fernando-tejero-cree-que-la-television-es-un-escaparate-brutal\\\/#listItem\",\"name\":\"Fernando Tejero cree que la televisi\\u00f3n \\u00abes un escaparate brutal\\u00bb\"},\"previousItem\":{\"@type\":\"ListItem\",\"@id\":\"https:\\\/\\\/www.eldigitaldeasturias.com\\\/noticias#listItem\",\"name\":\"Home\"}},{\"@type\":\"ListItem\",\"@id\":\"https:\\\/\\\/www.eldigitaldeasturias.com\\\/noticias\\\/fernando-tejero-cree-que-la-television-es-un-escaparate-brutal\\\/#listItem\",\"position\":3,\"name\":\"Fernando Tejero cree que la televisi\\u00f3n \\u00abes un escaparate brutal\\u00bb\",\"previousItem\":{\"@type\":\"ListItem\",\"@id\":\"https:\\\/\\\/www.eldigitaldeasturias.com\\\/noticias\\\/category\\\/revista-de-ocio\\\/#listItem\",\"name\":\"Revista de Ocio\"}}]},{\"@type\":\"Organization\",\"@id\":\"https:\\\/\\\/www.eldigitaldeasturias.com\\\/noticias\\\/#organization\",\"name\":\"El Digital de Asturias\",\"description\":\"Hemeroteca\",\"url\":\"https:\\\/\\\/www.eldigitaldeasturias.com\\\/noticias\\\/\",\"email\":\"info@eldigitaldeasturias.com\",\"telephone\":\"+34652131393\",\"logo\":{\"@type\":\"ImageObject\",\"url\":\"https:\\\/\\\/www.eldigitaldeasturias.com\\\/noticias\\\/wp-content\\\/uploads\\\/2020\\\/12\\\/EDA.jpg\",\"@id\":\"https:\\\/\\\/www.eldigitaldeasturias.com\\\/noticias\\\/fernando-tejero-cree-que-la-television-es-un-escaparate-brutal\\\/#organizationLogo\"},\"image\":{\"@id\":\"https:\\\/\\\/www.eldigitaldeasturias.com\\\/noticias\\\/fernando-tejero-cree-que-la-television-es-un-escaparate-brutal\\\/#organizationLogo\"},\"sameAs\":[\"https:\\\/\\\/facebook.com\\\/eldigitaldeasturias\",\"https:\\\/\\\/www.youtube.com\\\/channel\\\/UCZP-2wLEB9Rv6erhFmqVnvg\"],\"address\":{\"@id\":\"https:\\\/\\\/www.eldigitaldeasturias.com\\\/noticias\\\/#postaladdress\",\"@type\":\"PostalAddress\",\"streetAddress\":\"san antonio 4\",\"postalCode\":\"33430\",\"addressLocality\":\"Cand\\u00e1s\",\"addressRegion\":\"Asturias\",\"addressCountry\":\"ES\"}},{\"@type\":\"Person\",\"@id\":\"https:\\\/\\\/www.eldigitaldeasturias.com\\\/noticias\\\/author\\\/admin\\\/#author\",\"url\":\"https:\\\/\\\/www.eldigitaldeasturias.com\\\/noticias\\\/author\\\/admin\\\/\",\"name\":\"El Digital de Asturias\",\"image\":{\"@type\":\"ImageObject\",\"@id\":\"https:\\\/\\\/www.eldigitaldeasturias.com\\\/noticias\\\/fernando-tejero-cree-que-la-television-es-un-escaparate-brutal\\\/#authorImage\",\"url\":\"https:\\\/\\\/secure.gravatar.com\\\/avatar\\\/df2aeffc32bcd13f8d26072ef8a91b623d677766deac7f97ca815868cd41bf5e?s=96&d=mm&r=g\",\"width\":96,\"height\":96,\"caption\":\"El Digital de Asturias\"}},{\"@type\":\"WebPage\",\"@id\":\"https:\\\/\\\/www.eldigitaldeasturias.com\\\/noticias\\\/fernando-tejero-cree-que-la-television-es-un-escaparate-brutal\\\/#webpage\",\"url\":\"https:\\\/\\\/www.eldigitaldeasturias.com\\\/noticias\\\/fernando-tejero-cree-que-la-television-es-un-escaparate-brutal\\\/\",\"name\":\"Fernando Tejero cree que la televisi\\u00f3n \\u00abes un escaparate brutal\\u00bb - El Digital de Asturias\",\"description\":\"Madrid, 7 dic (EFE).- Fernando Tejero ha regresado con su personaje de Ferm\\u00edn, \\\"un trilero de buen coraz\\u00f3n\\\" para instalarse en la alocada urbanizaci\\u00f3n de Montepinar de \\\"La que se avecina\\\", junto a otros actores con los que estuvo en \\\"Aqu\\u00ed no hay quien viva\\\", una serie que todav\\u00eda le da fama y trabajo en\",\"inLanguage\":\"es-ES\",\"isPartOf\":{\"@id\":\"https:\\\/\\\/www.eldigitaldeasturias.com\\\/noticias\\\/#website\"},\"breadcrumb\":{\"@id\":\"https:\\\/\\\/www.eldigitaldeasturias.com\\\/noticias\\\/fernando-tejero-cree-que-la-television-es-un-escaparate-brutal\\\/#breadcrumblist\"},\"author\":{\"@id\":\"https:\\\/\\\/www.eldigitaldeasturias.com\\\/noticias\\\/author\\\/admin\\\/#author\"},\"creator\":{\"@id\":\"https:\\\/\\\/www.eldigitaldeasturias.com\\\/noticias\\\/author\\\/admin\\\/#author\"},\"image\":{\"@type\":\"ImageObject\",\"url\":459076,\"@id\":\"https:\\\/\\\/www.eldigitaldeasturias.com\\\/noticias\\\/fernando-tejero-cree-que-la-television-es-un-escaparate-brutal\\\/#mainImage\"},\"primaryImageOfPage\":{\"@id\":\"https:\\\/\\\/www.eldigitaldeasturias.com\\\/noticias\\\/fernando-tejero-cree-que-la-television-es-un-escaparate-brutal\\\/#mainImage\"},\"datePublished\":\"2013-12-07T18:32:06+01:00\",\"dateModified\":\"2013-12-07T18:32:06+01:00\"},{\"@type\":\"WebSite\",\"@id\":\"https:\\\/\\\/www.eldigitaldeasturias.com\\\/noticias\\\/#website\",\"url\":\"https:\\\/\\\/www.eldigitaldeasturias.com\\\/noticias\\\/\",\"name\":\"El Digital de Asturias - Diario de actualidad y noticias\",\"alternateName\":\"El Digital de Asturias - Diario de actualidad y noticias\",\"description\":\"Hemeroteca\",\"inLanguage\":\"es-ES\",\"publisher\":{\"@id\":\"https:\\\/\\\/www.eldigitaldeasturias.com\\\/noticias\\\/#organization\"}}]}\n\t\t<\/script>\n\t\t<!-- All in One SEO Pro -->\r\n\t\t<title>Fernando Tejero cree que la televisi\u00f3n \u00abes un escaparate brutal\u00bb - El Digital de Asturias<\/title>\n\n","aioseo_head_json":{"title":"Fernando Tejero cree que la televisi\u00f3n \u00abes un escaparate brutal\u00bb - El Digital de Asturias","description":"Madrid, 7 dic (EFE).- Fernando Tejero ha regresado con su personaje de Ferm\u00edn, \"un trilero de buen coraz\u00f3n\" para instalarse en la alocada urbanizaci\u00f3n de Montepinar de \"La que se avecina\", junto a otros actores con los que estuvo en \"Aqu\u00ed no hay quien viva\", una serie que todav\u00eda le da fama y trabajo en","canonical_url":"https:\/\/www.eldigitaldeasturias.com\/noticias\/fernando-tejero-cree-que-la-television-es-un-escaparate-brutal\/","robots":"max-image-preview:large","keywords":"revista de ocio","webmasterTools":{"google-site-verification":"UA-38556648-1","msvalidate.01":"7dfe9f3f1b24437ab69f4f2559babe99","miscellaneous":""},"schema":{"@context":"https:\/\/schema.org","@graph":[{"@type":"BlogPosting","@id":"https:\/\/www.eldigitaldeasturias.com\/noticias\/fernando-tejero-cree-que-la-television-es-un-escaparate-brutal\/#blogposting","name":"Fernando Tejero cree que la televisi\u00f3n \u00abes un escaparate brutal\u00bb - El Digital de Asturias","headline":"Fernando Tejero cree que la televisi\u00f3n \u00abes un escaparate brutal\u00bb","author":{"@id":"https:\/\/www.eldigitaldeasturias.com\/noticias\/author\/admin\/#author"},"publisher":{"@id":"https:\/\/www.eldigitaldeasturias.com\/noticias\/#organization"},"image":{"@type":"ImageObject","url":459076},"datePublished":"2013-12-07T18:32:06+01:00","dateModified":"2013-12-07T18:32:06+01:00","inLanguage":"es-ES","mainEntityOfPage":{"@id":"https:\/\/www.eldigitaldeasturias.com\/noticias\/fernando-tejero-cree-que-la-television-es-un-escaparate-brutal\/#webpage"},"isPartOf":{"@id":"https:\/\/www.eldigitaldeasturias.com\/noticias\/fernando-tejero-cree-que-la-television-es-un-escaparate-brutal\/#webpage"},"articleSection":"Revista de Ocio"},{"@type":"BreadcrumbList","@id":"https:\/\/www.eldigitaldeasturias.com\/noticias\/fernando-tejero-cree-que-la-television-es-un-escaparate-brutal\/#breadcrumblist","itemListElement":[{"@type":"ListItem","@id":"https:\/\/www.eldigitaldeasturias.com\/noticias#listItem","position":1,"name":"Home","item":"https:\/\/www.eldigitaldeasturias.com\/noticias","nextItem":{"@type":"ListItem","@id":"https:\/\/www.eldigitaldeasturias.com\/noticias\/category\/revista-de-ocio\/#listItem","name":"Revista de Ocio"}},{"@type":"ListItem","@id":"https:\/\/www.eldigitaldeasturias.com\/noticias\/category\/revista-de-ocio\/#listItem","position":2,"name":"Revista de Ocio","item":"https:\/\/www.eldigitaldeasturias.com\/noticias\/category\/revista-de-ocio\/","nextItem":{"@type":"ListItem","@id":"https:\/\/www.eldigitaldeasturias.com\/noticias\/fernando-tejero-cree-que-la-television-es-un-escaparate-brutal\/#listItem","name":"Fernando Tejero cree que la televisi\u00f3n \u00abes un escaparate brutal\u00bb"},"previousItem":{"@type":"ListItem","@id":"https:\/\/www.eldigitaldeasturias.com\/noticias#listItem","name":"Home"}},{"@type":"ListItem","@id":"https:\/\/www.eldigitaldeasturias.com\/noticias\/fernando-tejero-cree-que-la-television-es-un-escaparate-brutal\/#listItem","position":3,"name":"Fernando Tejero cree que la televisi\u00f3n \u00abes un escaparate brutal\u00bb","previousItem":{"@type":"ListItem","@id":"https:\/\/www.eldigitaldeasturias.com\/noticias\/category\/revista-de-ocio\/#listItem","name":"Revista de Ocio"}}]},{"@type":"Organization","@id":"https:\/\/www.eldigitaldeasturias.com\/noticias\/#organization","name":"El Digital de Asturias","description":"Hemeroteca","url":"https:\/\/www.eldigitaldeasturias.com\/noticias\/","email":"info@eldigitaldeasturias.com","telephone":"+34652131393","logo":{"@type":"ImageObject","url":"https:\/\/www.eldigitaldeasturias.com\/noticias\/wp-content\/uploads\/2020\/12\/EDA.jpg","@id":"https:\/\/www.eldigitaldeasturias.com\/noticias\/fernando-tejero-cree-que-la-television-es-un-escaparate-brutal\/#organizationLogo"},"image":{"@id":"https:\/\/www.eldigitaldeasturias.com\/noticias\/fernando-tejero-cree-que-la-television-es-un-escaparate-brutal\/#organizationLogo"},"sameAs":["https:\/\/facebook.com\/eldigitaldeasturias","https:\/\/www.youtube.com\/channel\/UCZP-2wLEB9Rv6erhFmqVnvg"],"address":{"@id":"https:\/\/www.eldigitaldeasturias.com\/noticias\/#postaladdress","@type":"PostalAddress","streetAddress":"san antonio 4","postalCode":"33430","addressLocality":"Cand\u00e1s","addressRegion":"Asturias","addressCountry":"ES"}},{"@type":"Person","@id":"https:\/\/www.eldigitaldeasturias.com\/noticias\/author\/admin\/#author","url":"https:\/\/www.eldigitaldeasturias.com\/noticias\/author\/admin\/","name":"El Digital de Asturias","image":{"@type":"ImageObject","@id":"https:\/\/www.eldigitaldeasturias.com\/noticias\/fernando-tejero-cree-que-la-television-es-un-escaparate-brutal\/#authorImage","url":"https:\/\/secure.gravatar.com\/avatar\/df2aeffc32bcd13f8d26072ef8a91b623d677766deac7f97ca815868cd41bf5e?s=96&d=mm&r=g","width":96,"height":96,"caption":"El Digital de Asturias"}},{"@type":"WebPage","@id":"https:\/\/www.eldigitaldeasturias.com\/noticias\/fernando-tejero-cree-que-la-television-es-un-escaparate-brutal\/#webpage","url":"https:\/\/www.eldigitaldeasturias.com\/noticias\/fernando-tejero-cree-que-la-television-es-un-escaparate-brutal\/","name":"Fernando Tejero cree que la televisi\u00f3n \u00abes un escaparate brutal\u00bb - El Digital de Asturias","description":"Madrid, 7 dic (EFE).- Fernando Tejero ha regresado con su personaje de Ferm\u00edn, \"un trilero de buen coraz\u00f3n\" para instalarse en la alocada urbanizaci\u00f3n de Montepinar de \"La que se avecina\", junto a otros actores con los que estuvo en \"Aqu\u00ed no hay quien viva\", una serie que todav\u00eda le da fama y trabajo en","inLanguage":"es-ES","isPartOf":{"@id":"https:\/\/www.eldigitaldeasturias.com\/noticias\/#website"},"breadcrumb":{"@id":"https:\/\/www.eldigitaldeasturias.com\/noticias\/fernando-tejero-cree-que-la-television-es-un-escaparate-brutal\/#breadcrumblist"},"author":{"@id":"https:\/\/www.eldigitaldeasturias.com\/noticias\/author\/admin\/#author"},"creator":{"@id":"https:\/\/www.eldigitaldeasturias.com\/noticias\/author\/admin\/#author"},"image":{"@type":"ImageObject","url":459076,"@id":"https:\/\/www.eldigitaldeasturias.com\/noticias\/fernando-tejero-cree-que-la-television-es-un-escaparate-brutal\/#mainImage"},"primaryImageOfPage":{"@id":"https:\/\/www.eldigitaldeasturias.com\/noticias\/fernando-tejero-cree-que-la-television-es-un-escaparate-brutal\/#mainImage"},"datePublished":"2013-12-07T18:32:06+01:00","dateModified":"2013-12-07T18:32:06+01:00"},{"@type":"WebSite","@id":"https:\/\/www.eldigitaldeasturias.com\/noticias\/#website","url":"https:\/\/www.eldigitaldeasturias.com\/noticias\/","name":"El Digital de Asturias - Diario de actualidad y noticias","alternateName":"El Digital de Asturias - Diario de actualidad y noticias","description":"Hemeroteca","inLanguage":"es-ES","publisher":{"@id":"https:\/\/www.eldigitaldeasturias.com\/noticias\/#organization"}}]},"og:locale":"es_ES","og:site_name":"El Digital de Asturias","og:type":"article","og:title":"Fernando Tejero cree que la televisi\u00f3n \u00abes un escaparate brutal\u00bb - El Digital de Asturias","og:description":"Madrid, 7 dic (EFE).- Fernando Tejero ha regresado con su personaje de Ferm\u00edn, &quot;un trilero de buen coraz\u00f3n&quot; para instalarse en la alocada urbanizaci\u00f3n de Montepinar de &quot;La que se avecina&quot;, junto a otros actores con los que estuvo en &quot;Aqu\u00ed no hay quien viva&quot;, una serie que todav\u00eda le da fama y trabajo en","og:url":"https:\/\/www.eldigitaldeasturias.com\/noticias\/fernando-tejero-cree-que-la-television-es-un-escaparate-brutal\/","article:tag":["revista de ocio"],"article:published_time":"2013-12-07T19:32:06+00:00","article:modified_time":"2013-12-07T19:32:06+00:00","article:publisher":"https:\/\/facebook.com\/eldigitaldeasturias","twitter:card":"summary_large_image","twitter:title":"Fernando Tejero cree que la televisi\u00f3n \u00abes un escaparate brutal\u00bb - El Digital de Asturias","twitter:description":"Madrid, 7 dic (EFE).- Fernando Tejero ha regresado con su personaje de Ferm\u00edn, &quot;un trilero de buen coraz\u00f3n&quot; para instalarse en la alocada urbanizaci\u00f3n de Montepinar de &quot;La que se avecina&quot;, junto a otros actores con los que estuvo en &quot;Aqu\u00ed no hay quien viva&quot;, una serie que todav\u00eda le da fama y trabajo en","twitter:label1":"Escrito por","twitter:data1":"El Digital de Asturias","twitter:label2":"Tiempo de lectura estimado","twitter:data2":"3 minutos"},"aioseo_meta_data":{"post_id":"459075","title":null,"description":null,"keywords":null,"keyphrases":null,"primary_term":null,"canonical_url":null,"og_title":null,"og_description":null,"og_object_type":"default","og_image_type":"default","og_image_url":null,"og_image_width":null,"og_image_height":null,"og_image_custom_url":null,"og_image_custom_fields":null,"og_video":null,"og_custom_url":null,"og_article_section":null,"og_article_tags":null,"twitter_use_og":true,"twitter_card":"default","twitter_image_type":"default","twitter_image_url":null,"twitter_image_custom_url":null,"twitter_image_custom_fields":null,"twitter_title":null,"twitter_description":null,"schema":{"blockGraphs":[],"customGraphs":[],"default":{"data":{"Article":[],"Course":[],"Dataset":[],"FAQPage":[],"Movie":[],"Person":[],"Product":[],"ProductReview":[],"Car":[],"Recipe":[],"Service":[],"SoftwareApplication":[],"WebPage":[]},"graphName":"","isEnabled":true},"graphs":[],"defaultGraph":"","defaultPostTypeGraph":""},"schema_type":null,"schema_type_options":null,"pillar_content":false,"robots_default":true,"robots_noindex":false,"robots_noarchive":false,"robots_nosnippet":false,"robots_nofollow":false,"robots_noimageindex":false,"robots_noodp":false,"robots_notranslate":false,"robots_max_snippet":null,"robots_max_videopreview":null,"robots_max_imagepreview":"none","priority":null,"frequency":null,"local_seo":null,"seo_analyzer_scan_date":"2026-05-30 07:55:15","breadcrumb_settings":null,"limit_modified_date":false,"open_ai":null,"ai":null,"created":"2020-11-14 22:47:32","updated":"2026-05-30 07:55:15","focus_keyword":null,"additional_keywords":null,"truseo_locale":null},"aioseo_breadcrumb":"<div class=\"aioseo-breadcrumbs\"><span class=\"aioseo-breadcrumb\">\n\t<a href=\"https:\/\/www.eldigitaldeasturias.com\/noticias\" title=\"Home\">Home<\/a>\n<\/span><span class=\"aioseo-breadcrumb-separator\">\u2013<\/span><span class=\"aioseo-breadcrumb\">\n\t<a href=\"https:\/\/www.eldigitaldeasturias.com\/noticias\/category\/revista-de-ocio\/\" title=\"Revista de Ocio\">Revista de Ocio<\/a>\n<\/span><span class=\"aioseo-breadcrumb-separator\">\u2013<\/span><span class=\"aioseo-breadcrumb\">\n\t<a href=\"https:\/\/www.eldigitaldeasturias.com\/noticias\/fernando-tejero-cree-que-la-television-es-un-escaparate-brutal\/\" title=\"Fernando Tejero cree que la televisi\u00f3n \u00abes un escaparate brutal\u00bb\">Fernando Tejero cree que la televisi\u00f3n \u00abes un escaparate brutal\u00bb<\/a>\n<\/span><\/div>","aioseo_breadcrumb_json":[{"label":"Home","link":"https:\/\/www.eldigitaldeasturias.com\/noticias"},{"label":"Revista de Ocio","link":"https:\/\/www.eldigitaldeasturias.com\/noticias\/category\/revista-de-ocio\/"},{"label":"Fernando Tejero cree que la televisi\u00f3n \u00abes un escaparate brutal\u00bb","link":"https:\/\/www.eldigitaldeasturias.com\/noticias\/fernando-tejero-cree-que-la-television-es-un-escaparate-brutal\/"}],"_links":{"self":[{"href":"https:\/\/www.eldigitaldeasturias.com\/noticias\/wp-json\/wp\/v2\/posts\/459075","targetHints":{"allow":["GET"]}}],"collection":[{"href":"https:\/\/www.eldigitaldeasturias.com\/noticias\/wp-json\/wp\/v2\/posts"}],"about":[{"href":"https:\/\/www.eldigitaldeasturias.com\/noticias\/wp-json\/wp\/v2\/types\/post"}],"author":[{"embeddable":true,"href":"https:\/\/www.eldigitaldeasturias.com\/noticias\/wp-json\/wp\/v2\/users\/1"}],"replies":[{"embeddable":true,"href":"https:\/\/www.eldigitaldeasturias.com\/noticias\/wp-json\/wp\/v2\/comments?post=459075"}],"version-history":[{"count":0,"href":"https:\/\/www.eldigitaldeasturias.com\/noticias\/wp-json\/wp\/v2\/posts\/459075\/revisions"}],"wp:attachment":[{"href":"https:\/\/www.eldigitaldeasturias.com\/noticias\/wp-json\/wp\/v2\/media?parent=459075"}],"wp:term":[{"taxonomy":"category","embeddable":true,"href":"https:\/\/www.eldigitaldeasturias.com\/noticias\/wp-json\/wp\/v2\/categories?post=459075"},{"taxonomy":"post_tag","embeddable":true,"href":"https:\/\/www.eldigitaldeasturias.com\/noticias\/wp-json\/wp\/v2\/tags?post=459075"}],"curies":[{"name":"wp","href":"https:\/\/api.w.org\/{rel}","templated":true}]}}