{"id":459054,"date":"2013-12-07T17:48:54","date_gmt":"2013-12-07T18:48:54","guid":{"rendered":"http:\/\/www.eldigitaldeasturias.com\/noticias\/?p=459054"},"modified":"2013-12-07T17:48:54","modified_gmt":"2013-12-07T18:48:54","slug":"el-papa-francisco-cree-que-internet-no-es-suficiente-para-el-anuncio-del-evangelio","status":"publish","type":"post","link":"https:\/\/www.eldigitaldeasturias.com\/noticias\/el-papa-francisco-cree-que-internet-no-es-suficiente-para-el-anuncio-del-evangelio\/","title":{"rendered":"El papa Francisco cree que \u00abInternet no es suficiente para el anuncio del Evangelio\u00bb"},"content":{"rendered":"<p><img loading=\"lazy\" decoding=\"async\" class=\"alignleft size-medium wp-image-459055\" alt=\"5778504w\" src=\"https:\/\/www.eldigitaldeasturias.com\/noticias\/wp-content\/uploads\/2013\/12\/5778504w-360x243.jpg\" width=\"360\" height=\"243\" \/>Ciudad del Vaticano, 7 dic (EFE).- El papa Francisco asegur\u00f3 hoy que internet no es suficiente para el anuncio del Evangelio sino que la evangelizaci\u00f3n precisa del contacto directo y personal con personas reales, \u00aba veces heridos o dolidos\u00bb para ofrecerles \u00abreales razones de esperanza\u00bb.<\/p>\n<p>En un encuentro con el Pontificio Consejo para los Laicos, que en los \u00faltimos d\u00edas ha celebrado el simposio \u00abAnunciar a Cristo en la era digital\u00bb, el papa argentino calific\u00f3 a internet como una \u00abrealidad difusa, compleja y en continua evoluci\u00f3n\u00bb que propone \u00abde nuevo\u00bb la cuesti\u00f3n siempre actual de la relaci\u00f3n entre la fe y la cultura.<\/p>\n<p>\u00abEntre las posibilidades que ofrece la comunicaci\u00f3n digital, la m\u00e1s importante es la Evangelizaci\u00f3n. El anuncio se basa en relaciones humanas aut\u00e9nticas y directas para desembocar en un encuentro personal con el Se\u00f1or\u00bb, asegur\u00f3 el pont\u00edfice.<\/p>\n<p>Pese a esta afirmaci\u00f3n, el pont\u00edfice argentino advirti\u00f3 de que, no obstante, \u00abno se puede decir que la presencia de la Iglesia en internet sea in\u00fatil\u00bb.<\/p>\n<p>\u00abEs indispensable estar presentes, siempre con estilo evang\u00e9lico, en esto (internet) que, sobre todo para los j\u00f3venes, se ha convertido en una especie de forma de vida, el lugar en el que las preguntas que llevan en el coraz\u00f3n sobre el sentido de la existencia despiertan, por lo que hay que explicar que el camino que lleva a Jes\u00fas es la respuesta\u00bb, a\u00f1adi\u00f3.<\/p>\n<p>Adem\u00e1s, Bergoglio advirti\u00f3 de que los cristianos pueden desilusionarse y toparse con peligros y \u00abmonedas falsas\u00bb en internet pero les record\u00f3 que con ayuda del Esp\u00edritu Santo habr\u00e1 \u00abpreciosas posibilidades para guiar a los hombres hacia el rostro luminoso de Jes\u00fas\u00bb.<\/p>\n<p>El papa Bergoglio tambi\u00e9n habl\u00f3 ante los asistentes a este encuentro de la \u00abcrisis cultural\u00bb y del papel de la mujer en la sociedad actual.<\/p>\n<p>\u00abEn la crisis cultural de nuestro tiempo, la mujer se encuentra en la primera l\u00ednea de batalla para la salvaguardia del ser humano\u00bb, explic\u00f3 el papa en alusi\u00f3n al XXIV aniversario de la enc\u00edclica \u00abMulieris dignitatem\u00bb que public\u00f3 Juan Pablo II en 1988.<\/p>\n<p>Para terminar su alocuci\u00f3n, el obispo de Roma record\u00f3 que la Iglesia siempre est\u00e1 en marcha, a la b\u00fasqueda de nuevas v\u00edas y nuevos m\u00e9todos para el anuncio del Evangelio.<\/p>\n","protected":false},"excerpt":{"rendered":"<p>Ciudad del Vaticano, 7 dic (EFE).- El papa Francisco asegur\u00f3 hoy que internet no es suficiente para el anuncio del Evangelio sino que la evangelizaci\u00f3n precisa del contacto directo y personal con personas reales, \u00aba veces heridos o dolidos\u00bb para ofrecerles \u00abreales razones de esperanza\u00bb. En un encuentro con el Pontificio Consejo para los Laicos, [&hellip;]<\/p>\n","protected":false},"author":1,"featured_media":459055,"comment_status":"closed","ping_status":"open","sticky":false,"template":"","format":"standard","meta":{"footnotes":""},"categories":[28],"tags":[],"class_list":["post-459054","post","type-post","status-publish","format-standard","has-post-thumbnail","hentry","category-sociedad"],"aioseo_notices":[],"aioseo_head":"\n\t\t<!-- All in One SEO Pro 5.0.1 - aioseo.com -->\n\t<meta name=\"description\" content=\"Ciudad del Vaticano, 7 dic (EFE).- El papa Francisco asegur\u00f3 hoy que internet no es suficiente para el anuncio del Evangelio sino que la evangelizaci\u00f3n precisa del contacto directo y personal con personas reales, &quot;a veces heridos o dolidos&quot; para ofrecerles &quot;reales razones de esperanza&quot;. En un encuentro con el Pontificio Consejo para los Laicos,\" \/>\n\t<meta name=\"robots\" content=\"max-image-preview:large\" \/>\n\t<meta name=\"author\" content=\"El Digital de Asturias\"\/>\n\t<meta name=\"google-site-verification\" content=\"UA-38556648-1\" \/>\n\t<meta name=\"msvalidate.01\" content=\"7dfe9f3f1b24437ab69f4f2559babe99\" \/>\n\t<meta name=\"keywords\" content=\"sociedad\" \/>\n\t<link rel=\"canonical\" href=\"https:\/\/www.eldigitaldeasturias.com\/noticias\/el-papa-francisco-cree-que-internet-no-es-suficiente-para-el-anuncio-del-evangelio\/\" \/>\n\t<meta name=\"generator\" content=\"All in One SEO Pro (AIOSEO) 5.0.1\" \/>\n\t\t<meta property=\"og:locale\" content=\"es_ES\" \/>\n\t\t<meta property=\"og:site_name\" content=\"El Digital de Asturias\" \/>\n\t\t<meta property=\"og:type\" content=\"article\" \/>\n\t\t<meta property=\"og:title\" content=\"El papa Francisco cree que \u00abInternet no es suficiente para el anuncio del Evangelio\u00bb - El Digital de Asturias\" \/>\n\t\t<meta property=\"og:description\" content=\"Ciudad del Vaticano, 7 dic (EFE).- El papa Francisco asegur\u00f3 hoy que internet no es suficiente para el anuncio del Evangelio sino que la evangelizaci\u00f3n precisa del contacto directo y personal con personas reales, &quot;a veces heridos o dolidos&quot; para ofrecerles &quot;reales razones de esperanza&quot;. En un encuentro con el Pontificio Consejo para los Laicos,\" \/>\n\t\t<meta property=\"og:url\" content=\"https:\/\/www.eldigitaldeasturias.com\/noticias\/el-papa-francisco-cree-que-internet-no-es-suficiente-para-el-anuncio-del-evangelio\/\" \/>\n\t\t<meta property=\"article:tag\" content=\"sociedad\" \/>\n\t\t<meta property=\"article:published_time\" content=\"2013-12-07T18:48:54+00:00\" \/>\n\t\t<meta property=\"article:modified_time\" content=\"2013-12-07T18:48:54+00:00\" \/>\n\t\t<meta property=\"article:publisher\" content=\"https:\/\/facebook.com\/eldigitaldeasturias\" \/>\n\t\t<meta name=\"twitter:card\" content=\"summary_large_image\" \/>\n\t\t<meta name=\"twitter:title\" content=\"El papa Francisco cree que \u00abInternet no es suficiente para el anuncio del Evangelio\u00bb - El Digital de Asturias\" \/>\n\t\t<meta name=\"twitter:description\" content=\"Ciudad del Vaticano, 7 dic (EFE).- El papa Francisco asegur\u00f3 hoy que internet no es suficiente para el anuncio del Evangelio sino que la evangelizaci\u00f3n precisa del contacto directo y personal con personas reales, &quot;a veces heridos o dolidos&quot; para ofrecerles &quot;reales razones de esperanza&quot;. En un encuentro con el Pontificio Consejo para los Laicos,\" \/>\n\t\t<meta name=\"twitter:label1\" content=\"Escrito por\" \/>\n\t\t<meta name=\"twitter:data1\" content=\"El Digital de Asturias\" \/>\n\t\t<meta name=\"twitter:label2\" content=\"Tiempo de lectura estimado\" \/>\n\t\t<meta name=\"twitter:data2\" content=\"2 minutos\" \/>\n\t\t<script type=\"application\/ld+json\" class=\"aioseo-schema\">\n\t\t\t{\"@context\":\"https:\\\/\\\/schema.org\",\"@graph\":[{\"@type\":\"BlogPosting\",\"@id\":\"https:\\\/\\\/www.eldigitaldeasturias.com\\\/noticias\\\/el-papa-francisco-cree-que-internet-no-es-suficiente-para-el-anuncio-del-evangelio\\\/#blogposting\",\"name\":\"El papa Francisco cree que \\u00abInternet no es suficiente para el anuncio del Evangelio\\u00bb - El Digital de Asturias\",\"headline\":\"El papa Francisco cree que \\u00abInternet no es suficiente para el anuncio del Evangelio\\u00bb\",\"author\":{\"@id\":\"https:\\\/\\\/www.eldigitaldeasturias.com\\\/noticias\\\/author\\\/admin\\\/#author\"},\"publisher\":{\"@id\":\"https:\\\/\\\/www.eldigitaldeasturias.com\\\/noticias\\\/#organization\"},\"image\":{\"@type\":\"ImageObject\",\"url\":459055},\"datePublished\":\"2013-12-07T17:48:54+01:00\",\"dateModified\":\"2013-12-07T17:48:54+01:00\",\"inLanguage\":\"es-ES\",\"mainEntityOfPage\":{\"@id\":\"https:\\\/\\\/www.eldigitaldeasturias.com\\\/noticias\\\/el-papa-francisco-cree-que-internet-no-es-suficiente-para-el-anuncio-del-evangelio\\\/#webpage\"},\"isPartOf\":{\"@id\":\"https:\\\/\\\/www.eldigitaldeasturias.com\\\/noticias\\\/el-papa-francisco-cree-que-internet-no-es-suficiente-para-el-anuncio-del-evangelio\\\/#webpage\"},\"articleSection\":\"Sociedad\"},{\"@type\":\"BreadcrumbList\",\"@id\":\"https:\\\/\\\/www.eldigitaldeasturias.com\\\/noticias\\\/el-papa-francisco-cree-que-internet-no-es-suficiente-para-el-anuncio-del-evangelio\\\/#breadcrumblist\",\"itemListElement\":[{\"@type\":\"ListItem\",\"@id\":\"https:\\\/\\\/www.eldigitaldeasturias.com\\\/noticias#listItem\",\"position\":1,\"name\":\"Home\",\"item\":\"https:\\\/\\\/www.eldigitaldeasturias.com\\\/noticias\",\"nextItem\":{\"@type\":\"ListItem\",\"@id\":\"https:\\\/\\\/www.eldigitaldeasturias.com\\\/noticias\\\/category\\\/sociedad\\\/#listItem\",\"name\":\"Sociedad\"}},{\"@type\":\"ListItem\",\"@id\":\"https:\\\/\\\/www.eldigitaldeasturias.com\\\/noticias\\\/category\\\/sociedad\\\/#listItem\",\"position\":2,\"name\":\"Sociedad\",\"item\":\"https:\\\/\\\/www.eldigitaldeasturias.com\\\/noticias\\\/category\\\/sociedad\\\/\",\"nextItem\":{\"@type\":\"ListItem\",\"@id\":\"https:\\\/\\\/www.eldigitaldeasturias.com\\\/noticias\\\/el-papa-francisco-cree-que-internet-no-es-suficiente-para-el-anuncio-del-evangelio\\\/#listItem\",\"name\":\"El papa Francisco cree que \\u00abInternet no es suficiente para el anuncio del Evangelio\\u00bb\"},\"previousItem\":{\"@type\":\"ListItem\",\"@id\":\"https:\\\/\\\/www.eldigitaldeasturias.com\\\/noticias#listItem\",\"name\":\"Home\"}},{\"@type\":\"ListItem\",\"@id\":\"https:\\\/\\\/www.eldigitaldeasturias.com\\\/noticias\\\/el-papa-francisco-cree-que-internet-no-es-suficiente-para-el-anuncio-del-evangelio\\\/#listItem\",\"position\":3,\"name\":\"El papa Francisco cree que \\u00abInternet no es suficiente para el anuncio del Evangelio\\u00bb\",\"previousItem\":{\"@type\":\"ListItem\",\"@id\":\"https:\\\/\\\/www.eldigitaldeasturias.com\\\/noticias\\\/category\\\/sociedad\\\/#listItem\",\"name\":\"Sociedad\"}}]},{\"@type\":\"Organization\",\"@id\":\"https:\\\/\\\/www.eldigitaldeasturias.com\\\/noticias\\\/#organization\",\"name\":\"El Digital de Asturias\",\"description\":\"Hemeroteca\",\"url\":\"https:\\\/\\\/www.eldigitaldeasturias.com\\\/noticias\\\/\",\"email\":\"info@eldigitaldeasturias.com\",\"telephone\":\"+34652131393\",\"logo\":{\"@type\":\"ImageObject\",\"url\":\"https:\\\/\\\/www.eldigitaldeasturias.com\\\/noticias\\\/wp-content\\\/uploads\\\/2020\\\/12\\\/EDA.jpg\",\"@id\":\"https:\\\/\\\/www.eldigitaldeasturias.com\\\/noticias\\\/el-papa-francisco-cree-que-internet-no-es-suficiente-para-el-anuncio-del-evangelio\\\/#organizationLogo\"},\"image\":{\"@id\":\"https:\\\/\\\/www.eldigitaldeasturias.com\\\/noticias\\\/el-papa-francisco-cree-que-internet-no-es-suficiente-para-el-anuncio-del-evangelio\\\/#organizationLogo\"},\"sameAs\":[\"https:\\\/\\\/facebook.com\\\/eldigitaldeasturias\",\"https:\\\/\\\/www.youtube.com\\\/channel\\\/UCZP-2wLEB9Rv6erhFmqVnvg\"],\"address\":{\"@id\":\"https:\\\/\\\/www.eldigitaldeasturias.com\\\/noticias\\\/#postaladdress\",\"@type\":\"PostalAddress\",\"streetAddress\":\"san antonio 4\",\"postalCode\":\"33430\",\"addressLocality\":\"Cand\\u00e1s\",\"addressRegion\":\"Asturias\",\"addressCountry\":\"ES\"}},{\"@type\":\"Person\",\"@id\":\"https:\\\/\\\/www.eldigitaldeasturias.com\\\/noticias\\\/author\\\/admin\\\/#author\",\"url\":\"https:\\\/\\\/www.eldigitaldeasturias.com\\\/noticias\\\/author\\\/admin\\\/\",\"name\":\"El Digital de Asturias\",\"image\":{\"@type\":\"ImageObject\",\"@id\":\"https:\\\/\\\/www.eldigitaldeasturias.com\\\/noticias\\\/el-papa-francisco-cree-que-internet-no-es-suficiente-para-el-anuncio-del-evangelio\\\/#authorImage\",\"url\":\"https:\\\/\\\/secure.gravatar.com\\\/avatar\\\/df2aeffc32bcd13f8d26072ef8a91b623d677766deac7f97ca815868cd41bf5e?s=96&d=mm&r=g\",\"width\":96,\"height\":96,\"caption\":\"El Digital de Asturias\"}},{\"@type\":\"WebPage\",\"@id\":\"https:\\\/\\\/www.eldigitaldeasturias.com\\\/noticias\\\/el-papa-francisco-cree-que-internet-no-es-suficiente-para-el-anuncio-del-evangelio\\\/#webpage\",\"url\":\"https:\\\/\\\/www.eldigitaldeasturias.com\\\/noticias\\\/el-papa-francisco-cree-que-internet-no-es-suficiente-para-el-anuncio-del-evangelio\\\/\",\"name\":\"El papa Francisco cree que \\u00abInternet no es suficiente para el anuncio del Evangelio\\u00bb - El Digital de Asturias\",\"description\":\"Ciudad del Vaticano, 7 dic (EFE).- El papa Francisco asegur\\u00f3 hoy que internet no es suficiente para el anuncio del Evangelio sino que la evangelizaci\\u00f3n precisa del contacto directo y personal con personas reales, \\\"a veces heridos o dolidos\\\" para ofrecerles \\\"reales razones de esperanza\\\". En un encuentro con el Pontificio Consejo para los Laicos,\",\"inLanguage\":\"es-ES\",\"isPartOf\":{\"@id\":\"https:\\\/\\\/www.eldigitaldeasturias.com\\\/noticias\\\/#website\"},\"breadcrumb\":{\"@id\":\"https:\\\/\\\/www.eldigitaldeasturias.com\\\/noticias\\\/el-papa-francisco-cree-que-internet-no-es-suficiente-para-el-anuncio-del-evangelio\\\/#breadcrumblist\"},\"author\":{\"@id\":\"https:\\\/\\\/www.eldigitaldeasturias.com\\\/noticias\\\/author\\\/admin\\\/#author\"},\"creator\":{\"@id\":\"https:\\\/\\\/www.eldigitaldeasturias.com\\\/noticias\\\/author\\\/admin\\\/#author\"},\"image\":{\"@type\":\"ImageObject\",\"url\":459055,\"@id\":\"https:\\\/\\\/www.eldigitaldeasturias.com\\\/noticias\\\/el-papa-francisco-cree-que-internet-no-es-suficiente-para-el-anuncio-del-evangelio\\\/#mainImage\"},\"primaryImageOfPage\":{\"@id\":\"https:\\\/\\\/www.eldigitaldeasturias.com\\\/noticias\\\/el-papa-francisco-cree-que-internet-no-es-suficiente-para-el-anuncio-del-evangelio\\\/#mainImage\"},\"datePublished\":\"2013-12-07T17:48:54+01:00\",\"dateModified\":\"2013-12-07T17:48:54+01:00\"},{\"@type\":\"WebSite\",\"@id\":\"https:\\\/\\\/www.eldigitaldeasturias.com\\\/noticias\\\/#website\",\"url\":\"https:\\\/\\\/www.eldigitaldeasturias.com\\\/noticias\\\/\",\"name\":\"El Digital de Asturias - Diario de actualidad y noticias\",\"alternateName\":\"El Digital de Asturias - Diario de actualidad y noticias\",\"description\":\"Hemeroteca\",\"inLanguage\":\"es-ES\",\"publisher\":{\"@id\":\"https:\\\/\\\/www.eldigitaldeasturias.com\\\/noticias\\\/#organization\"}}]}\n\t\t<\/script>\n\t\t<!-- All in One SEO Pro -->\r\n\t\t<title>El papa Francisco cree que \u00abInternet no es suficiente para el anuncio del Evangelio\u00bb - El Digital de Asturias<\/title>\n\n","aioseo_head_json":{"title":"El papa Francisco cree que \u00abInternet no es suficiente para el anuncio del Evangelio\u00bb - El Digital de Asturias","description":"Ciudad del Vaticano, 7 dic (EFE).- El papa Francisco asegur\u00f3 hoy que internet no es suficiente para el anuncio del Evangelio sino que la evangelizaci\u00f3n precisa del contacto directo y personal con personas reales, \"a veces heridos o dolidos\" para ofrecerles \"reales razones de esperanza\". En un encuentro con el Pontificio Consejo para los Laicos,","canonical_url":"https:\/\/www.eldigitaldeasturias.com\/noticias\/el-papa-francisco-cree-que-internet-no-es-suficiente-para-el-anuncio-del-evangelio\/","robots":"max-image-preview:large","keywords":"sociedad","webmasterTools":{"google-site-verification":"UA-38556648-1","msvalidate.01":"7dfe9f3f1b24437ab69f4f2559babe99","miscellaneous":""},"schema":{"@context":"https:\/\/schema.org","@graph":[{"@type":"BlogPosting","@id":"https:\/\/www.eldigitaldeasturias.com\/noticias\/el-papa-francisco-cree-que-internet-no-es-suficiente-para-el-anuncio-del-evangelio\/#blogposting","name":"El papa Francisco cree que \u00abInternet no es suficiente para el anuncio del Evangelio\u00bb - El Digital de Asturias","headline":"El papa Francisco cree que \u00abInternet no es suficiente para el anuncio del Evangelio\u00bb","author":{"@id":"https:\/\/www.eldigitaldeasturias.com\/noticias\/author\/admin\/#author"},"publisher":{"@id":"https:\/\/www.eldigitaldeasturias.com\/noticias\/#organization"},"image":{"@type":"ImageObject","url":459055},"datePublished":"2013-12-07T17:48:54+01:00","dateModified":"2013-12-07T17:48:54+01:00","inLanguage":"es-ES","mainEntityOfPage":{"@id":"https:\/\/www.eldigitaldeasturias.com\/noticias\/el-papa-francisco-cree-que-internet-no-es-suficiente-para-el-anuncio-del-evangelio\/#webpage"},"isPartOf":{"@id":"https:\/\/www.eldigitaldeasturias.com\/noticias\/el-papa-francisco-cree-que-internet-no-es-suficiente-para-el-anuncio-del-evangelio\/#webpage"},"articleSection":"Sociedad"},{"@type":"BreadcrumbList","@id":"https:\/\/www.eldigitaldeasturias.com\/noticias\/el-papa-francisco-cree-que-internet-no-es-suficiente-para-el-anuncio-del-evangelio\/#breadcrumblist","itemListElement":[{"@type":"ListItem","@id":"https:\/\/www.eldigitaldeasturias.com\/noticias#listItem","position":1,"name":"Home","item":"https:\/\/www.eldigitaldeasturias.com\/noticias","nextItem":{"@type":"ListItem","@id":"https:\/\/www.eldigitaldeasturias.com\/noticias\/category\/sociedad\/#listItem","name":"Sociedad"}},{"@type":"ListItem","@id":"https:\/\/www.eldigitaldeasturias.com\/noticias\/category\/sociedad\/#listItem","position":2,"name":"Sociedad","item":"https:\/\/www.eldigitaldeasturias.com\/noticias\/category\/sociedad\/","nextItem":{"@type":"ListItem","@id":"https:\/\/www.eldigitaldeasturias.com\/noticias\/el-papa-francisco-cree-que-internet-no-es-suficiente-para-el-anuncio-del-evangelio\/#listItem","name":"El papa Francisco cree que \u00abInternet no es suficiente para el anuncio del Evangelio\u00bb"},"previousItem":{"@type":"ListItem","@id":"https:\/\/www.eldigitaldeasturias.com\/noticias#listItem","name":"Home"}},{"@type":"ListItem","@id":"https:\/\/www.eldigitaldeasturias.com\/noticias\/el-papa-francisco-cree-que-internet-no-es-suficiente-para-el-anuncio-del-evangelio\/#listItem","position":3,"name":"El papa Francisco cree que \u00abInternet no es suficiente para el anuncio del Evangelio\u00bb","previousItem":{"@type":"ListItem","@id":"https:\/\/www.eldigitaldeasturias.com\/noticias\/category\/sociedad\/#listItem","name":"Sociedad"}}]},{"@type":"Organization","@id":"https:\/\/www.eldigitaldeasturias.com\/noticias\/#organization","name":"El Digital de Asturias","description":"Hemeroteca","url":"https:\/\/www.eldigitaldeasturias.com\/noticias\/","email":"info@eldigitaldeasturias.com","telephone":"+34652131393","logo":{"@type":"ImageObject","url":"https:\/\/www.eldigitaldeasturias.com\/noticias\/wp-content\/uploads\/2020\/12\/EDA.jpg","@id":"https:\/\/www.eldigitaldeasturias.com\/noticias\/el-papa-francisco-cree-que-internet-no-es-suficiente-para-el-anuncio-del-evangelio\/#organizationLogo"},"image":{"@id":"https:\/\/www.eldigitaldeasturias.com\/noticias\/el-papa-francisco-cree-que-internet-no-es-suficiente-para-el-anuncio-del-evangelio\/#organizationLogo"},"sameAs":["https:\/\/facebook.com\/eldigitaldeasturias","https:\/\/www.youtube.com\/channel\/UCZP-2wLEB9Rv6erhFmqVnvg"],"address":{"@id":"https:\/\/www.eldigitaldeasturias.com\/noticias\/#postaladdress","@type":"PostalAddress","streetAddress":"san antonio 4","postalCode":"33430","addressLocality":"Cand\u00e1s","addressRegion":"Asturias","addressCountry":"ES"}},{"@type":"Person","@id":"https:\/\/www.eldigitaldeasturias.com\/noticias\/author\/admin\/#author","url":"https:\/\/www.eldigitaldeasturias.com\/noticias\/author\/admin\/","name":"El Digital de Asturias","image":{"@type":"ImageObject","@id":"https:\/\/www.eldigitaldeasturias.com\/noticias\/el-papa-francisco-cree-que-internet-no-es-suficiente-para-el-anuncio-del-evangelio\/#authorImage","url":"https:\/\/secure.gravatar.com\/avatar\/df2aeffc32bcd13f8d26072ef8a91b623d677766deac7f97ca815868cd41bf5e?s=96&d=mm&r=g","width":96,"height":96,"caption":"El Digital de Asturias"}},{"@type":"WebPage","@id":"https:\/\/www.eldigitaldeasturias.com\/noticias\/el-papa-francisco-cree-que-internet-no-es-suficiente-para-el-anuncio-del-evangelio\/#webpage","url":"https:\/\/www.eldigitaldeasturias.com\/noticias\/el-papa-francisco-cree-que-internet-no-es-suficiente-para-el-anuncio-del-evangelio\/","name":"El papa Francisco cree que \u00abInternet no es suficiente para el anuncio del Evangelio\u00bb - El Digital de Asturias","description":"Ciudad del Vaticano, 7 dic (EFE).- El papa Francisco asegur\u00f3 hoy que internet no es suficiente para el anuncio del Evangelio sino que la evangelizaci\u00f3n precisa del contacto directo y personal con personas reales, \"a veces heridos o dolidos\" para ofrecerles \"reales razones de esperanza\". En un encuentro con el Pontificio Consejo para los Laicos,","inLanguage":"es-ES","isPartOf":{"@id":"https:\/\/www.eldigitaldeasturias.com\/noticias\/#website"},"breadcrumb":{"@id":"https:\/\/www.eldigitaldeasturias.com\/noticias\/el-papa-francisco-cree-que-internet-no-es-suficiente-para-el-anuncio-del-evangelio\/#breadcrumblist"},"author":{"@id":"https:\/\/www.eldigitaldeasturias.com\/noticias\/author\/admin\/#author"},"creator":{"@id":"https:\/\/www.eldigitaldeasturias.com\/noticias\/author\/admin\/#author"},"image":{"@type":"ImageObject","url":459055,"@id":"https:\/\/www.eldigitaldeasturias.com\/noticias\/el-papa-francisco-cree-que-internet-no-es-suficiente-para-el-anuncio-del-evangelio\/#mainImage"},"primaryImageOfPage":{"@id":"https:\/\/www.eldigitaldeasturias.com\/noticias\/el-papa-francisco-cree-que-internet-no-es-suficiente-para-el-anuncio-del-evangelio\/#mainImage"},"datePublished":"2013-12-07T17:48:54+01:00","dateModified":"2013-12-07T17:48:54+01:00"},{"@type":"WebSite","@id":"https:\/\/www.eldigitaldeasturias.com\/noticias\/#website","url":"https:\/\/www.eldigitaldeasturias.com\/noticias\/","name":"El Digital de Asturias - Diario de actualidad y noticias","alternateName":"El Digital de Asturias - Diario de actualidad y noticias","description":"Hemeroteca","inLanguage":"es-ES","publisher":{"@id":"https:\/\/www.eldigitaldeasturias.com\/noticias\/#organization"}}]},"og:locale":"es_ES","og:site_name":"El Digital de Asturias","og:type":"article","og:title":"El papa Francisco cree que \u00abInternet no es suficiente para el anuncio del Evangelio\u00bb - El Digital de Asturias","og:description":"Ciudad del Vaticano, 7 dic (EFE).- El papa Francisco asegur\u00f3 hoy que internet no es suficiente para el anuncio del Evangelio sino que la evangelizaci\u00f3n precisa del contacto directo y personal con personas reales, &quot;a veces heridos o dolidos&quot; para ofrecerles &quot;reales razones de esperanza&quot;. En un encuentro con el Pontificio Consejo para los Laicos,","og:url":"https:\/\/www.eldigitaldeasturias.com\/noticias\/el-papa-francisco-cree-que-internet-no-es-suficiente-para-el-anuncio-del-evangelio\/","article:tag":["sociedad"],"article:published_time":"2013-12-07T18:48:54+00:00","article:modified_time":"2013-12-07T18:48:54+00:00","article:publisher":"https:\/\/facebook.com\/eldigitaldeasturias","twitter:card":"summary_large_image","twitter:title":"El papa Francisco cree que \u00abInternet no es suficiente para el anuncio del Evangelio\u00bb - El Digital de Asturias","twitter:description":"Ciudad del Vaticano, 7 dic (EFE).- El papa Francisco asegur\u00f3 hoy que internet no es suficiente para el anuncio del Evangelio sino que la evangelizaci\u00f3n precisa del contacto directo y personal con personas reales, &quot;a veces heridos o dolidos&quot; para ofrecerles &quot;reales razones de esperanza&quot;. En un encuentro con el Pontificio Consejo para los Laicos,","twitter:label1":"Escrito por","twitter:data1":"El Digital de Asturias","twitter:label2":"Tiempo de lectura estimado","twitter:data2":"2 minutos"},"aioseo_meta_data":{"post_id":"459054","title":null,"description":null,"keywords":null,"keyphrases":null,"primary_term":null,"canonical_url":null,"og_title":null,"og_description":null,"og_object_type":"default","og_image_type":"default","og_image_url":null,"og_image_width":null,"og_image_height":null,"og_image_custom_url":null,"og_image_custom_fields":null,"og_video":null,"og_custom_url":null,"og_article_section":null,"og_article_tags":null,"twitter_use_og":true,"twitter_card":"default","twitter_image_type":"default","twitter_image_url":null,"twitter_image_custom_url":null,"twitter_image_custom_fields":null,"twitter_title":null,"twitter_description":null,"schema":{"blockGraphs":[],"customGraphs":[],"default":{"data":{"Article":[],"Course":[],"Dataset":[],"FAQPage":[],"Movie":[],"Person":[],"Product":[],"ProductReview":[],"Car":[],"Recipe":[],"Service":[],"SoftwareApplication":[],"WebPage":[]},"graphName":"","isEnabled":true},"graphs":[],"defaultGraph":"","defaultPostTypeGraph":""},"schema_type":null,"schema_type_options":null,"pillar_content":false,"robots_default":true,"robots_noindex":false,"robots_noarchive":false,"robots_nosnippet":false,"robots_nofollow":false,"robots_noimageindex":false,"robots_noodp":false,"robots_notranslate":false,"robots_max_snippet":null,"robots_max_videopreview":null,"robots_max_imagepreview":"none","priority":null,"frequency":null,"local_seo":null,"seo_analyzer_scan_date":"2026-05-30 07:50:07","breadcrumb_settings":null,"limit_modified_date":false,"open_ai":null,"ai":null,"created":"2020-11-14 22:47:31","updated":"2026-05-30 07:50:07","focus_keyword":null,"additional_keywords":null,"truseo_locale":null},"aioseo_breadcrumb":"<div class=\"aioseo-breadcrumbs\"><span class=\"aioseo-breadcrumb\">\n\t<a href=\"https:\/\/www.eldigitaldeasturias.com\/noticias\" title=\"Home\">Home<\/a>\n<\/span><span class=\"aioseo-breadcrumb-separator\">\u2013<\/span><span class=\"aioseo-breadcrumb\">\n\t<a href=\"https:\/\/www.eldigitaldeasturias.com\/noticias\/category\/sociedad\/\" title=\"Sociedad\">Sociedad<\/a>\n<\/span><span class=\"aioseo-breadcrumb-separator\">\u2013<\/span><span class=\"aioseo-breadcrumb\">\n\t<a href=\"https:\/\/www.eldigitaldeasturias.com\/noticias\/el-papa-francisco-cree-que-internet-no-es-suficiente-para-el-anuncio-del-evangelio\/\" title=\"El papa Francisco cree que \u00abInternet no es suficiente para el anuncio del Evangelio\u00bb\">El papa Francisco cree que \u00abInternet no es suficiente para el anuncio del Evangelio\u00bb<\/a>\n<\/span><\/div>","aioseo_breadcrumb_json":[{"label":"Home","link":"https:\/\/www.eldigitaldeasturias.com\/noticias"},{"label":"Sociedad","link":"https:\/\/www.eldigitaldeasturias.com\/noticias\/category\/sociedad\/"},{"label":"El papa Francisco cree que \u00abInternet no es suficiente para el anuncio del Evangelio\u00bb","link":"https:\/\/www.eldigitaldeasturias.com\/noticias\/el-papa-francisco-cree-que-internet-no-es-suficiente-para-el-anuncio-del-evangelio\/"}],"_links":{"self":[{"href":"https:\/\/www.eldigitaldeasturias.com\/noticias\/wp-json\/wp\/v2\/posts\/459054","targetHints":{"allow":["GET"]}}],"collection":[{"href":"https:\/\/www.eldigitaldeasturias.com\/noticias\/wp-json\/wp\/v2\/posts"}],"about":[{"href":"https:\/\/www.eldigitaldeasturias.com\/noticias\/wp-json\/wp\/v2\/types\/post"}],"author":[{"embeddable":true,"href":"https:\/\/www.eldigitaldeasturias.com\/noticias\/wp-json\/wp\/v2\/users\/1"}],"replies":[{"embeddable":true,"href":"https:\/\/www.eldigitaldeasturias.com\/noticias\/wp-json\/wp\/v2\/comments?post=459054"}],"version-history":[{"count":0,"href":"https:\/\/www.eldigitaldeasturias.com\/noticias\/wp-json\/wp\/v2\/posts\/459054\/revisions"}],"wp:attachment":[{"href":"https:\/\/www.eldigitaldeasturias.com\/noticias\/wp-json\/wp\/v2\/media?parent=459054"}],"wp:term":[{"taxonomy":"category","embeddable":true,"href":"https:\/\/www.eldigitaldeasturias.com\/noticias\/wp-json\/wp\/v2\/categories?post=459054"},{"taxonomy":"post_tag","embeddable":true,"href":"https:\/\/www.eldigitaldeasturias.com\/noticias\/wp-json\/wp\/v2\/tags?post=459054"}],"curies":[{"name":"wp","href":"https:\/\/api.w.org\/{rel}","templated":true}]}}