{"id":459048,"date":"2013-12-07T17:44:22","date_gmt":"2013-12-07T18:44:22","guid":{"rendered":"http:\/\/www.eldigitaldeasturias.com\/noticias\/?p=459048"},"modified":"2013-12-07T17:44:22","modified_gmt":"2013-12-07T18:44:22","slug":"el-mal-uso-de-smartphones-tablets-o-whatsapp-puede-fomentar-el-acoso-escolar","status":"publish","type":"post","link":"https:\/\/www.eldigitaldeasturias.com\/noticias\/el-mal-uso-de-smartphones-tablets-o-whatsapp-puede-fomentar-el-acoso-escolar\/","title":{"rendered":"El mal uso de smartphones, tablets o Whatsapp puede fomentar el acoso escolar"},"content":{"rendered":"<p><img loading=\"lazy\" decoding=\"async\" class=\"alignleft size-medium wp-image-459049\" alt=\"5778513w\" src=\"https:\/\/www.eldigitaldeasturias.com\/noticias\/wp-content\/uploads\/2013\/12\/5778513w-235x320.jpg\" width=\"235\" height=\"320\" \/>Madrid, 7 dic (EFE).- Un uso inadecuado de smartphones, tablets, o de aplicaciones como Whatsapp puede convertirse en una peligrosa herramienta que fomente el acoso escolar, como se\u00f1ala la Polic\u00eda Nacional en una nota de prensa.<\/p>\n<p>Esta advertencia se encuadra dentro de \u00abTodos contra el acoso escolar\u00bb, una nueva campa\u00f1a promovida por la Polic\u00eda para intentar atajar este problema.<\/p>\n<p>Las nuevas aplicaciones de comunicaci\u00f3n en manos de escolares pueden posibilitar que el acoso en las aulas se traslade a entornos digitales, convirti\u00e9ndose en una peligrosa herramienta de bullying, seg\u00fan las autoridades.<\/p>\n<p>La Polic\u00eda recomienda a todos los menores que sufran esta situaci\u00f3n que se lo comuniquen a un adulto (padres, profesores o tutores) para intentar poner fin al conflicto en las aulas.<\/p>\n<p>La iniciativa se ha completado con diferentes acciones en las redes sociales, v\u00eddeos y charlas de concienciaci\u00f3n dirigidas a alumnos, padres y profesores con el fin de implicar a todos los relacionados con el desarrollo, educaci\u00f3n y protecci\u00f3n de menores.<\/p>\n<p>Por el momento ya se ha recibido una veintena de correos en seguridadescolar@policia.es, la cuenta que se ha abierto especialmente para denunciar este tipo de violencia.<\/p>\n","protected":false},"excerpt":{"rendered":"<p>Madrid, 7 dic (EFE).- Un uso inadecuado de smartphones, tablets, o de aplicaciones como Whatsapp puede convertirse en una peligrosa herramienta que fomente el acoso escolar, como se\u00f1ala la Polic\u00eda Nacional en una nota de prensa. Esta advertencia se encuadra dentro de \u00abTodos contra el acoso escolar\u00bb, una nueva campa\u00f1a promovida por la Polic\u00eda para [&hellip;]<\/p>\n","protected":false},"author":1,"featured_media":459049,"comment_status":"closed","ping_status":"open","sticky":false,"template":"","format":"standard","meta":{"footnotes":""},"categories":[28],"tags":[],"class_list":["post-459048","post","type-post","status-publish","format-standard","has-post-thumbnail","hentry","category-sociedad"],"aioseo_notices":[],"aioseo_head":"\n\t\t<!-- All in One SEO Pro 5.0.1 - aioseo.com -->\n\t<meta name=\"description\" content=\"Madrid, 7 dic (EFE).- Un uso inadecuado de smartphones, tablets, o de aplicaciones como Whatsapp puede convertirse en una peligrosa herramienta que fomente el acoso escolar, como se\u00f1ala la Polic\u00eda Nacional en una nota de prensa. Esta advertencia se encuadra dentro de &quot;Todos contra el acoso escolar&quot;, una nueva campa\u00f1a promovida por la Polic\u00eda para\" \/>\n\t<meta name=\"robots\" content=\"max-image-preview:large\" \/>\n\t<meta name=\"author\" content=\"El Digital de Asturias\"\/>\n\t<meta name=\"google-site-verification\" content=\"UA-38556648-1\" \/>\n\t<meta name=\"msvalidate.01\" content=\"7dfe9f3f1b24437ab69f4f2559babe99\" \/>\n\t<meta name=\"keywords\" content=\"sociedad\" \/>\n\t<link rel=\"canonical\" href=\"https:\/\/www.eldigitaldeasturias.com\/noticias\/el-mal-uso-de-smartphones-tablets-o-whatsapp-puede-fomentar-el-acoso-escolar\/\" \/>\n\t<meta name=\"generator\" content=\"All in One SEO Pro (AIOSEO) 5.0.1\" \/>\n\t\t<meta property=\"og:locale\" content=\"es_ES\" \/>\n\t\t<meta property=\"og:site_name\" content=\"El Digital de Asturias\" \/>\n\t\t<meta property=\"og:type\" content=\"article\" \/>\n\t\t<meta property=\"og:title\" content=\"El mal uso de smartphones, tablets o Whatsapp puede fomentar el acoso escolar - El Digital de Asturias\" \/>\n\t\t<meta property=\"og:description\" content=\"Madrid, 7 dic (EFE).- Un uso inadecuado de smartphones, tablets, o de aplicaciones como Whatsapp puede convertirse en una peligrosa herramienta que fomente el acoso escolar, como se\u00f1ala la Polic\u00eda Nacional en una nota de prensa. Esta advertencia se encuadra dentro de &quot;Todos contra el acoso escolar&quot;, una nueva campa\u00f1a promovida por la Polic\u00eda para\" \/>\n\t\t<meta property=\"og:url\" content=\"https:\/\/www.eldigitaldeasturias.com\/noticias\/el-mal-uso-de-smartphones-tablets-o-whatsapp-puede-fomentar-el-acoso-escolar\/\" \/>\n\t\t<meta property=\"article:tag\" content=\"sociedad\" \/>\n\t\t<meta property=\"article:published_time\" content=\"2013-12-07T18:44:22+00:00\" \/>\n\t\t<meta property=\"article:modified_time\" content=\"2013-12-07T18:44:22+00:00\" \/>\n\t\t<meta property=\"article:publisher\" content=\"https:\/\/facebook.com\/eldigitaldeasturias\" \/>\n\t\t<meta name=\"twitter:card\" content=\"summary_large_image\" \/>\n\t\t<meta name=\"twitter:title\" content=\"El mal uso de smartphones, tablets o Whatsapp puede fomentar el acoso escolar - El Digital de Asturias\" \/>\n\t\t<meta name=\"twitter:description\" content=\"Madrid, 7 dic (EFE).- Un uso inadecuado de smartphones, tablets, o de aplicaciones como Whatsapp puede convertirse en una peligrosa herramienta que fomente el acoso escolar, como se\u00f1ala la Polic\u00eda Nacional en una nota de prensa. Esta advertencia se encuadra dentro de &quot;Todos contra el acoso escolar&quot;, una nueva campa\u00f1a promovida por la Polic\u00eda para\" \/>\n\t\t<meta name=\"twitter:label1\" content=\"Escrito por\" \/>\n\t\t<meta name=\"twitter:data1\" content=\"El Digital de Asturias\" \/>\n\t\t<meta name=\"twitter:label2\" content=\"Tiempo de lectura estimado\" \/>\n\t\t<meta name=\"twitter:data2\" content=\"1 minuto\" \/>\n\t\t<script type=\"application\/ld+json\" class=\"aioseo-schema\">\n\t\t\t{\"@context\":\"https:\\\/\\\/schema.org\",\"@graph\":[{\"@type\":\"BlogPosting\",\"@id\":\"https:\\\/\\\/www.eldigitaldeasturias.com\\\/noticias\\\/el-mal-uso-de-smartphones-tablets-o-whatsapp-puede-fomentar-el-acoso-escolar\\\/#blogposting\",\"name\":\"El mal uso de smartphones, tablets o Whatsapp puede fomentar el acoso escolar - El Digital de Asturias\",\"headline\":\"El mal uso de smartphones, tablets o Whatsapp puede fomentar el acoso escolar\",\"author\":{\"@id\":\"https:\\\/\\\/www.eldigitaldeasturias.com\\\/noticias\\\/author\\\/admin\\\/#author\"},\"publisher\":{\"@id\":\"https:\\\/\\\/www.eldigitaldeasturias.com\\\/noticias\\\/#organization\"},\"image\":{\"@type\":\"ImageObject\",\"url\":459049},\"datePublished\":\"2013-12-07T17:44:22+01:00\",\"dateModified\":\"2013-12-07T17:44:22+01:00\",\"inLanguage\":\"es-ES\",\"mainEntityOfPage\":{\"@id\":\"https:\\\/\\\/www.eldigitaldeasturias.com\\\/noticias\\\/el-mal-uso-de-smartphones-tablets-o-whatsapp-puede-fomentar-el-acoso-escolar\\\/#webpage\"},\"isPartOf\":{\"@id\":\"https:\\\/\\\/www.eldigitaldeasturias.com\\\/noticias\\\/el-mal-uso-de-smartphones-tablets-o-whatsapp-puede-fomentar-el-acoso-escolar\\\/#webpage\"},\"articleSection\":\"Sociedad\"},{\"@type\":\"BreadcrumbList\",\"@id\":\"https:\\\/\\\/www.eldigitaldeasturias.com\\\/noticias\\\/el-mal-uso-de-smartphones-tablets-o-whatsapp-puede-fomentar-el-acoso-escolar\\\/#breadcrumblist\",\"itemListElement\":[{\"@type\":\"ListItem\",\"@id\":\"https:\\\/\\\/www.eldigitaldeasturias.com\\\/noticias#listItem\",\"position\":1,\"name\":\"Home\",\"item\":\"https:\\\/\\\/www.eldigitaldeasturias.com\\\/noticias\",\"nextItem\":{\"@type\":\"ListItem\",\"@id\":\"https:\\\/\\\/www.eldigitaldeasturias.com\\\/noticias\\\/category\\\/sociedad\\\/#listItem\",\"name\":\"Sociedad\"}},{\"@type\":\"ListItem\",\"@id\":\"https:\\\/\\\/www.eldigitaldeasturias.com\\\/noticias\\\/category\\\/sociedad\\\/#listItem\",\"position\":2,\"name\":\"Sociedad\",\"item\":\"https:\\\/\\\/www.eldigitaldeasturias.com\\\/noticias\\\/category\\\/sociedad\\\/\",\"nextItem\":{\"@type\":\"ListItem\",\"@id\":\"https:\\\/\\\/www.eldigitaldeasturias.com\\\/noticias\\\/el-mal-uso-de-smartphones-tablets-o-whatsapp-puede-fomentar-el-acoso-escolar\\\/#listItem\",\"name\":\"El mal uso de smartphones, tablets o Whatsapp puede fomentar el acoso escolar\"},\"previousItem\":{\"@type\":\"ListItem\",\"@id\":\"https:\\\/\\\/www.eldigitaldeasturias.com\\\/noticias#listItem\",\"name\":\"Home\"}},{\"@type\":\"ListItem\",\"@id\":\"https:\\\/\\\/www.eldigitaldeasturias.com\\\/noticias\\\/el-mal-uso-de-smartphones-tablets-o-whatsapp-puede-fomentar-el-acoso-escolar\\\/#listItem\",\"position\":3,\"name\":\"El mal uso de smartphones, tablets o Whatsapp puede fomentar el acoso escolar\",\"previousItem\":{\"@type\":\"ListItem\",\"@id\":\"https:\\\/\\\/www.eldigitaldeasturias.com\\\/noticias\\\/category\\\/sociedad\\\/#listItem\",\"name\":\"Sociedad\"}}]},{\"@type\":\"Organization\",\"@id\":\"https:\\\/\\\/www.eldigitaldeasturias.com\\\/noticias\\\/#organization\",\"name\":\"El Digital de Asturias\",\"description\":\"Hemeroteca\",\"url\":\"https:\\\/\\\/www.eldigitaldeasturias.com\\\/noticias\\\/\",\"email\":\"info@eldigitaldeasturias.com\",\"telephone\":\"+34652131393\",\"logo\":{\"@type\":\"ImageObject\",\"url\":\"https:\\\/\\\/www.eldigitaldeasturias.com\\\/noticias\\\/wp-content\\\/uploads\\\/2020\\\/12\\\/EDA.jpg\",\"@id\":\"https:\\\/\\\/www.eldigitaldeasturias.com\\\/noticias\\\/el-mal-uso-de-smartphones-tablets-o-whatsapp-puede-fomentar-el-acoso-escolar\\\/#organizationLogo\"},\"image\":{\"@id\":\"https:\\\/\\\/www.eldigitaldeasturias.com\\\/noticias\\\/el-mal-uso-de-smartphones-tablets-o-whatsapp-puede-fomentar-el-acoso-escolar\\\/#organizationLogo\"},\"sameAs\":[\"https:\\\/\\\/facebook.com\\\/eldigitaldeasturias\",\"https:\\\/\\\/www.youtube.com\\\/channel\\\/UCZP-2wLEB9Rv6erhFmqVnvg\"],\"address\":{\"@id\":\"https:\\\/\\\/www.eldigitaldeasturias.com\\\/noticias\\\/#postaladdress\",\"@type\":\"PostalAddress\",\"streetAddress\":\"san antonio 4\",\"postalCode\":\"33430\",\"addressLocality\":\"Cand\\u00e1s\",\"addressRegion\":\"Asturias\",\"addressCountry\":\"ES\"}},{\"@type\":\"Person\",\"@id\":\"https:\\\/\\\/www.eldigitaldeasturias.com\\\/noticias\\\/author\\\/admin\\\/#author\",\"url\":\"https:\\\/\\\/www.eldigitaldeasturias.com\\\/noticias\\\/author\\\/admin\\\/\",\"name\":\"El Digital de Asturias\",\"image\":{\"@type\":\"ImageObject\",\"@id\":\"https:\\\/\\\/www.eldigitaldeasturias.com\\\/noticias\\\/el-mal-uso-de-smartphones-tablets-o-whatsapp-puede-fomentar-el-acoso-escolar\\\/#authorImage\",\"url\":\"https:\\\/\\\/secure.gravatar.com\\\/avatar\\\/df2aeffc32bcd13f8d26072ef8a91b623d677766deac7f97ca815868cd41bf5e?s=96&d=mm&r=g\",\"width\":96,\"height\":96,\"caption\":\"El Digital de Asturias\"}},{\"@type\":\"WebPage\",\"@id\":\"https:\\\/\\\/www.eldigitaldeasturias.com\\\/noticias\\\/el-mal-uso-de-smartphones-tablets-o-whatsapp-puede-fomentar-el-acoso-escolar\\\/#webpage\",\"url\":\"https:\\\/\\\/www.eldigitaldeasturias.com\\\/noticias\\\/el-mal-uso-de-smartphones-tablets-o-whatsapp-puede-fomentar-el-acoso-escolar\\\/\",\"name\":\"El mal uso de smartphones, tablets o Whatsapp puede fomentar el acoso escolar - El Digital de Asturias\",\"description\":\"Madrid, 7 dic (EFE).- Un uso inadecuado de smartphones, tablets, o de aplicaciones como Whatsapp puede convertirse en una peligrosa herramienta que fomente el acoso escolar, como se\\u00f1ala la Polic\\u00eda Nacional en una nota de prensa. Esta advertencia se encuadra dentro de \\\"Todos contra el acoso escolar\\\", una nueva campa\\u00f1a promovida por la Polic\\u00eda para\",\"inLanguage\":\"es-ES\",\"isPartOf\":{\"@id\":\"https:\\\/\\\/www.eldigitaldeasturias.com\\\/noticias\\\/#website\"},\"breadcrumb\":{\"@id\":\"https:\\\/\\\/www.eldigitaldeasturias.com\\\/noticias\\\/el-mal-uso-de-smartphones-tablets-o-whatsapp-puede-fomentar-el-acoso-escolar\\\/#breadcrumblist\"},\"author\":{\"@id\":\"https:\\\/\\\/www.eldigitaldeasturias.com\\\/noticias\\\/author\\\/admin\\\/#author\"},\"creator\":{\"@id\":\"https:\\\/\\\/www.eldigitaldeasturias.com\\\/noticias\\\/author\\\/admin\\\/#author\"},\"image\":{\"@type\":\"ImageObject\",\"url\":459049,\"@id\":\"https:\\\/\\\/www.eldigitaldeasturias.com\\\/noticias\\\/el-mal-uso-de-smartphones-tablets-o-whatsapp-puede-fomentar-el-acoso-escolar\\\/#mainImage\"},\"primaryImageOfPage\":{\"@id\":\"https:\\\/\\\/www.eldigitaldeasturias.com\\\/noticias\\\/el-mal-uso-de-smartphones-tablets-o-whatsapp-puede-fomentar-el-acoso-escolar\\\/#mainImage\"},\"datePublished\":\"2013-12-07T17:44:22+01:00\",\"dateModified\":\"2013-12-07T17:44:22+01:00\"},{\"@type\":\"WebSite\",\"@id\":\"https:\\\/\\\/www.eldigitaldeasturias.com\\\/noticias\\\/#website\",\"url\":\"https:\\\/\\\/www.eldigitaldeasturias.com\\\/noticias\\\/\",\"name\":\"El Digital de Asturias - Diario de actualidad y noticias\",\"alternateName\":\"El Digital de Asturias - Diario de actualidad y noticias\",\"description\":\"Hemeroteca\",\"inLanguage\":\"es-ES\",\"publisher\":{\"@id\":\"https:\\\/\\\/www.eldigitaldeasturias.com\\\/noticias\\\/#organization\"}}]}\n\t\t<\/script>\n\t\t<!-- All in One SEO Pro -->\r\n\t\t<title>El mal uso de smartphones, tablets o Whatsapp puede fomentar el acoso escolar - El Digital de Asturias<\/title>\n\n","aioseo_head_json":{"title":"El mal uso de smartphones, tablets o Whatsapp puede fomentar el acoso escolar - El Digital de Asturias","description":"Madrid, 7 dic (EFE).- Un uso inadecuado de smartphones, tablets, o de aplicaciones como Whatsapp puede convertirse en una peligrosa herramienta que fomente el acoso escolar, como se\u00f1ala la Polic\u00eda Nacional en una nota de prensa. Esta advertencia se encuadra dentro de \"Todos contra el acoso escolar\", una nueva campa\u00f1a promovida por la Polic\u00eda para","canonical_url":"https:\/\/www.eldigitaldeasturias.com\/noticias\/el-mal-uso-de-smartphones-tablets-o-whatsapp-puede-fomentar-el-acoso-escolar\/","robots":"max-image-preview:large","keywords":"sociedad","webmasterTools":{"google-site-verification":"UA-38556648-1","msvalidate.01":"7dfe9f3f1b24437ab69f4f2559babe99","miscellaneous":""},"schema":{"@context":"https:\/\/schema.org","@graph":[{"@type":"BlogPosting","@id":"https:\/\/www.eldigitaldeasturias.com\/noticias\/el-mal-uso-de-smartphones-tablets-o-whatsapp-puede-fomentar-el-acoso-escolar\/#blogposting","name":"El mal uso de smartphones, tablets o Whatsapp puede fomentar el acoso escolar - El Digital de Asturias","headline":"El mal uso de smartphones, tablets o Whatsapp puede fomentar el acoso escolar","author":{"@id":"https:\/\/www.eldigitaldeasturias.com\/noticias\/author\/admin\/#author"},"publisher":{"@id":"https:\/\/www.eldigitaldeasturias.com\/noticias\/#organization"},"image":{"@type":"ImageObject","url":459049},"datePublished":"2013-12-07T17:44:22+01:00","dateModified":"2013-12-07T17:44:22+01:00","inLanguage":"es-ES","mainEntityOfPage":{"@id":"https:\/\/www.eldigitaldeasturias.com\/noticias\/el-mal-uso-de-smartphones-tablets-o-whatsapp-puede-fomentar-el-acoso-escolar\/#webpage"},"isPartOf":{"@id":"https:\/\/www.eldigitaldeasturias.com\/noticias\/el-mal-uso-de-smartphones-tablets-o-whatsapp-puede-fomentar-el-acoso-escolar\/#webpage"},"articleSection":"Sociedad"},{"@type":"BreadcrumbList","@id":"https:\/\/www.eldigitaldeasturias.com\/noticias\/el-mal-uso-de-smartphones-tablets-o-whatsapp-puede-fomentar-el-acoso-escolar\/#breadcrumblist","itemListElement":[{"@type":"ListItem","@id":"https:\/\/www.eldigitaldeasturias.com\/noticias#listItem","position":1,"name":"Home","item":"https:\/\/www.eldigitaldeasturias.com\/noticias","nextItem":{"@type":"ListItem","@id":"https:\/\/www.eldigitaldeasturias.com\/noticias\/category\/sociedad\/#listItem","name":"Sociedad"}},{"@type":"ListItem","@id":"https:\/\/www.eldigitaldeasturias.com\/noticias\/category\/sociedad\/#listItem","position":2,"name":"Sociedad","item":"https:\/\/www.eldigitaldeasturias.com\/noticias\/category\/sociedad\/","nextItem":{"@type":"ListItem","@id":"https:\/\/www.eldigitaldeasturias.com\/noticias\/el-mal-uso-de-smartphones-tablets-o-whatsapp-puede-fomentar-el-acoso-escolar\/#listItem","name":"El mal uso de smartphones, tablets o Whatsapp puede fomentar el acoso escolar"},"previousItem":{"@type":"ListItem","@id":"https:\/\/www.eldigitaldeasturias.com\/noticias#listItem","name":"Home"}},{"@type":"ListItem","@id":"https:\/\/www.eldigitaldeasturias.com\/noticias\/el-mal-uso-de-smartphones-tablets-o-whatsapp-puede-fomentar-el-acoso-escolar\/#listItem","position":3,"name":"El mal uso de smartphones, tablets o Whatsapp puede fomentar el acoso escolar","previousItem":{"@type":"ListItem","@id":"https:\/\/www.eldigitaldeasturias.com\/noticias\/category\/sociedad\/#listItem","name":"Sociedad"}}]},{"@type":"Organization","@id":"https:\/\/www.eldigitaldeasturias.com\/noticias\/#organization","name":"El Digital de Asturias","description":"Hemeroteca","url":"https:\/\/www.eldigitaldeasturias.com\/noticias\/","email":"info@eldigitaldeasturias.com","telephone":"+34652131393","logo":{"@type":"ImageObject","url":"https:\/\/www.eldigitaldeasturias.com\/noticias\/wp-content\/uploads\/2020\/12\/EDA.jpg","@id":"https:\/\/www.eldigitaldeasturias.com\/noticias\/el-mal-uso-de-smartphones-tablets-o-whatsapp-puede-fomentar-el-acoso-escolar\/#organizationLogo"},"image":{"@id":"https:\/\/www.eldigitaldeasturias.com\/noticias\/el-mal-uso-de-smartphones-tablets-o-whatsapp-puede-fomentar-el-acoso-escolar\/#organizationLogo"},"sameAs":["https:\/\/facebook.com\/eldigitaldeasturias","https:\/\/www.youtube.com\/channel\/UCZP-2wLEB9Rv6erhFmqVnvg"],"address":{"@id":"https:\/\/www.eldigitaldeasturias.com\/noticias\/#postaladdress","@type":"PostalAddress","streetAddress":"san antonio 4","postalCode":"33430","addressLocality":"Cand\u00e1s","addressRegion":"Asturias","addressCountry":"ES"}},{"@type":"Person","@id":"https:\/\/www.eldigitaldeasturias.com\/noticias\/author\/admin\/#author","url":"https:\/\/www.eldigitaldeasturias.com\/noticias\/author\/admin\/","name":"El Digital de Asturias","image":{"@type":"ImageObject","@id":"https:\/\/www.eldigitaldeasturias.com\/noticias\/el-mal-uso-de-smartphones-tablets-o-whatsapp-puede-fomentar-el-acoso-escolar\/#authorImage","url":"https:\/\/secure.gravatar.com\/avatar\/df2aeffc32bcd13f8d26072ef8a91b623d677766deac7f97ca815868cd41bf5e?s=96&d=mm&r=g","width":96,"height":96,"caption":"El Digital de Asturias"}},{"@type":"WebPage","@id":"https:\/\/www.eldigitaldeasturias.com\/noticias\/el-mal-uso-de-smartphones-tablets-o-whatsapp-puede-fomentar-el-acoso-escolar\/#webpage","url":"https:\/\/www.eldigitaldeasturias.com\/noticias\/el-mal-uso-de-smartphones-tablets-o-whatsapp-puede-fomentar-el-acoso-escolar\/","name":"El mal uso de smartphones, tablets o Whatsapp puede fomentar el acoso escolar - El Digital de Asturias","description":"Madrid, 7 dic (EFE).- Un uso inadecuado de smartphones, tablets, o de aplicaciones como Whatsapp puede convertirse en una peligrosa herramienta que fomente el acoso escolar, como se\u00f1ala la Polic\u00eda Nacional en una nota de prensa. Esta advertencia se encuadra dentro de \"Todos contra el acoso escolar\", una nueva campa\u00f1a promovida por la Polic\u00eda para","inLanguage":"es-ES","isPartOf":{"@id":"https:\/\/www.eldigitaldeasturias.com\/noticias\/#website"},"breadcrumb":{"@id":"https:\/\/www.eldigitaldeasturias.com\/noticias\/el-mal-uso-de-smartphones-tablets-o-whatsapp-puede-fomentar-el-acoso-escolar\/#breadcrumblist"},"author":{"@id":"https:\/\/www.eldigitaldeasturias.com\/noticias\/author\/admin\/#author"},"creator":{"@id":"https:\/\/www.eldigitaldeasturias.com\/noticias\/author\/admin\/#author"},"image":{"@type":"ImageObject","url":459049,"@id":"https:\/\/www.eldigitaldeasturias.com\/noticias\/el-mal-uso-de-smartphones-tablets-o-whatsapp-puede-fomentar-el-acoso-escolar\/#mainImage"},"primaryImageOfPage":{"@id":"https:\/\/www.eldigitaldeasturias.com\/noticias\/el-mal-uso-de-smartphones-tablets-o-whatsapp-puede-fomentar-el-acoso-escolar\/#mainImage"},"datePublished":"2013-12-07T17:44:22+01:00","dateModified":"2013-12-07T17:44:22+01:00"},{"@type":"WebSite","@id":"https:\/\/www.eldigitaldeasturias.com\/noticias\/#website","url":"https:\/\/www.eldigitaldeasturias.com\/noticias\/","name":"El Digital de Asturias - Diario de actualidad y noticias","alternateName":"El Digital de Asturias - Diario de actualidad y noticias","description":"Hemeroteca","inLanguage":"es-ES","publisher":{"@id":"https:\/\/www.eldigitaldeasturias.com\/noticias\/#organization"}}]},"og:locale":"es_ES","og:site_name":"El Digital de Asturias","og:type":"article","og:title":"El mal uso de smartphones, tablets o Whatsapp puede fomentar el acoso escolar - El Digital de Asturias","og:description":"Madrid, 7 dic (EFE).- Un uso inadecuado de smartphones, tablets, o de aplicaciones como Whatsapp puede convertirse en una peligrosa herramienta que fomente el acoso escolar, como se\u00f1ala la Polic\u00eda Nacional en una nota de prensa. Esta advertencia se encuadra dentro de &quot;Todos contra el acoso escolar&quot;, una nueva campa\u00f1a promovida por la Polic\u00eda para","og:url":"https:\/\/www.eldigitaldeasturias.com\/noticias\/el-mal-uso-de-smartphones-tablets-o-whatsapp-puede-fomentar-el-acoso-escolar\/","article:tag":["sociedad"],"article:published_time":"2013-12-07T18:44:22+00:00","article:modified_time":"2013-12-07T18:44:22+00:00","article:publisher":"https:\/\/facebook.com\/eldigitaldeasturias","twitter:card":"summary_large_image","twitter:title":"El mal uso de smartphones, tablets o Whatsapp puede fomentar el acoso escolar - El Digital de Asturias","twitter:description":"Madrid, 7 dic (EFE).- Un uso inadecuado de smartphones, tablets, o de aplicaciones como Whatsapp puede convertirse en una peligrosa herramienta que fomente el acoso escolar, como se\u00f1ala la Polic\u00eda Nacional en una nota de prensa. Esta advertencia se encuadra dentro de &quot;Todos contra el acoso escolar&quot;, una nueva campa\u00f1a promovida por la Polic\u00eda para","twitter:label1":"Escrito por","twitter:data1":"El Digital de Asturias","twitter:label2":"Tiempo de lectura estimado","twitter:data2":"1 minuto"},"aioseo_meta_data":{"post_id":"459048","title":null,"description":null,"keywords":null,"keyphrases":null,"primary_term":null,"canonical_url":null,"og_title":null,"og_description":null,"og_object_type":"default","og_image_type":"default","og_image_url":null,"og_image_width":null,"og_image_height":null,"og_image_custom_url":null,"og_image_custom_fields":null,"og_video":null,"og_custom_url":null,"og_article_section":null,"og_article_tags":null,"twitter_use_og":true,"twitter_card":"default","twitter_image_type":"default","twitter_image_url":null,"twitter_image_custom_url":null,"twitter_image_custom_fields":null,"twitter_title":null,"twitter_description":null,"schema":{"blockGraphs":[],"customGraphs":[],"default":{"data":{"Article":[],"Course":[],"Dataset":[],"FAQPage":[],"Movie":[],"Person":[],"Product":[],"ProductReview":[],"Car":[],"Recipe":[],"Service":[],"SoftwareApplication":[],"WebPage":[]},"graphName":"","isEnabled":true},"graphs":[],"defaultGraph":"","defaultPostTypeGraph":""},"schema_type":null,"schema_type_options":null,"pillar_content":false,"robots_default":true,"robots_noindex":false,"robots_noarchive":false,"robots_nosnippet":false,"robots_nofollow":false,"robots_noimageindex":false,"robots_noodp":false,"robots_notranslate":false,"robots_max_snippet":null,"robots_max_videopreview":null,"robots_max_imagepreview":"none","priority":null,"frequency":null,"local_seo":null,"seo_analyzer_scan_date":"2026-05-30 07:50:06","breadcrumb_settings":null,"limit_modified_date":false,"open_ai":null,"ai":null,"created":"2020-11-14 22:47:31","updated":"2026-05-30 07:50:06","focus_keyword":null,"additional_keywords":null,"truseo_locale":null},"aioseo_breadcrumb":"<div class=\"aioseo-breadcrumbs\"><span class=\"aioseo-breadcrumb\">\n\t<a href=\"https:\/\/www.eldigitaldeasturias.com\/noticias\" title=\"Home\">Home<\/a>\n<\/span><span class=\"aioseo-breadcrumb-separator\">\u2013<\/span><span class=\"aioseo-breadcrumb\">\n\t<a href=\"https:\/\/www.eldigitaldeasturias.com\/noticias\/category\/sociedad\/\" title=\"Sociedad\">Sociedad<\/a>\n<\/span><span class=\"aioseo-breadcrumb-separator\">\u2013<\/span><span class=\"aioseo-breadcrumb\">\n\t<a href=\"https:\/\/www.eldigitaldeasturias.com\/noticias\/el-mal-uso-de-smartphones-tablets-o-whatsapp-puede-fomentar-el-acoso-escolar\/\" title=\"El mal uso de smartphones, tablets o Whatsapp puede fomentar el acoso escolar\">El mal uso de smartphones, tablets o Whatsapp puede fomentar el acoso escolar<\/a>\n<\/span><\/div>","aioseo_breadcrumb_json":[{"label":"Home","link":"https:\/\/www.eldigitaldeasturias.com\/noticias"},{"label":"Sociedad","link":"https:\/\/www.eldigitaldeasturias.com\/noticias\/category\/sociedad\/"},{"label":"El mal uso de smartphones, tablets o Whatsapp puede fomentar el acoso escolar","link":"https:\/\/www.eldigitaldeasturias.com\/noticias\/el-mal-uso-de-smartphones-tablets-o-whatsapp-puede-fomentar-el-acoso-escolar\/"}],"_links":{"self":[{"href":"https:\/\/www.eldigitaldeasturias.com\/noticias\/wp-json\/wp\/v2\/posts\/459048","targetHints":{"allow":["GET"]}}],"collection":[{"href":"https:\/\/www.eldigitaldeasturias.com\/noticias\/wp-json\/wp\/v2\/posts"}],"about":[{"href":"https:\/\/www.eldigitaldeasturias.com\/noticias\/wp-json\/wp\/v2\/types\/post"}],"author":[{"embeddable":true,"href":"https:\/\/www.eldigitaldeasturias.com\/noticias\/wp-json\/wp\/v2\/users\/1"}],"replies":[{"embeddable":true,"href":"https:\/\/www.eldigitaldeasturias.com\/noticias\/wp-json\/wp\/v2\/comments?post=459048"}],"version-history":[{"count":0,"href":"https:\/\/www.eldigitaldeasturias.com\/noticias\/wp-json\/wp\/v2\/posts\/459048\/revisions"}],"wp:attachment":[{"href":"https:\/\/www.eldigitaldeasturias.com\/noticias\/wp-json\/wp\/v2\/media?parent=459048"}],"wp:term":[{"taxonomy":"category","embeddable":true,"href":"https:\/\/www.eldigitaldeasturias.com\/noticias\/wp-json\/wp\/v2\/categories?post=459048"},{"taxonomy":"post_tag","embeddable":true,"href":"https:\/\/www.eldigitaldeasturias.com\/noticias\/wp-json\/wp\/v2\/tags?post=459048"}],"curies":[{"name":"wp","href":"https:\/\/api.w.org\/{rel}","templated":true}]}}