{"id":459039,"date":"2013-12-07T17:39:57","date_gmt":"2013-12-07T18:39:57","guid":{"rendered":"http:\/\/www.eldigitaldeasturias.com\/noticias\/?p=459039"},"modified":"2013-12-07T17:39:57","modified_gmt":"2013-12-07T18:39:57","slug":"el-ayuntamiento-de-suria-decreta-hoy-dia-de-duelo-por-la-muerte-de-dos-mineros","status":"publish","type":"post","link":"https:\/\/www.eldigitaldeasturias.com\/noticias\/el-ayuntamiento-de-suria-decreta-hoy-dia-de-duelo-por-la-muerte-de-dos-mineros\/","title":{"rendered":"El Ayuntamiento de S\u00faria decreta hoy d\u00eda de duelo por la muerte de dos mineros"},"content":{"rendered":"<p><img loading=\"lazy\" decoding=\"async\" class=\"alignleft size-medium wp-image-459040\" alt=\"5778502w\" src=\"https:\/\/www.eldigitaldeasturias.com\/noticias\/wp-content\/uploads\/2013\/12\/5778502w-360x235.jpg\" width=\"360\" height=\"235\" \/>Barcelona, 7 dic (EFE).- El Ayuntamiento de S\u00faria (Barcelona) ha decretado hoy un d\u00eda de duelo en el municipio por la muerte ayer de dos mineros en el interior del pozo de Cabanasses de las instalaciones de Iberpotash.<\/p>\n<p>Dos mineros vecinos de S\u00faria murieron ayer al desprenderse el techo de la galer\u00eda de una mina en la localidad mientras realizaban tareas de mantenimiento en una m\u00e1quina de extracci\u00f3n.<\/p>\n<p>El Ayuntamiento informa en su p\u00e1gina web de que el alcalde se desplaz\u00f3 ayer a las instalaciones mineras y dio el p\u00e9same a las familias, compa\u00f1eros de trabajo y responsables de la empresa.<\/p>\n<p>Hasta el momento, se desconocen las causa del desprendimiento aunque se ha abierto una investigaci\u00f3n para esclarecer los hechos.<\/p>\n","protected":false},"excerpt":{"rendered":"<p>Barcelona, 7 dic (EFE).- El Ayuntamiento de S\u00faria (Barcelona) ha decretado hoy un d\u00eda de duelo en el municipio por la muerte ayer de dos mineros en el interior del pozo de Cabanasses de las instalaciones de Iberpotash. Dos mineros vecinos de S\u00faria murieron ayer al desprenderse el techo de la galer\u00eda de una mina [&hellip;]<\/p>\n","protected":false},"author":1,"featured_media":459040,"comment_status":"closed","ping_status":"open","sticky":false,"template":"","format":"standard","meta":{"footnotes":""},"categories":[5],"tags":[],"class_list":["post-459039","post","type-post","status-publish","format-standard","has-post-thumbnail","hentry","category-sucesos"],"aioseo_notices":[],"aioseo_head":"\n\t\t<!-- All in One SEO Pro 5.0.1 - aioseo.com -->\n\t<meta name=\"description\" content=\"Barcelona, 7 dic (EFE).- El Ayuntamiento de S\u00faria (Barcelona) ha decretado hoy un d\u00eda de duelo en el municipio por la muerte ayer de dos mineros en el interior del pozo de Cabanasses de las instalaciones de Iberpotash. Dos mineros vecinos de S\u00faria murieron ayer al desprenderse el techo de la galer\u00eda de una mina\" \/>\n\t<meta name=\"robots\" content=\"max-image-preview:large\" \/>\n\t<meta name=\"author\" content=\"El Digital de Asturias\"\/>\n\t<meta name=\"google-site-verification\" content=\"UA-38556648-1\" \/>\n\t<meta name=\"msvalidate.01\" content=\"7dfe9f3f1b24437ab69f4f2559babe99\" \/>\n\t<meta name=\"keywords\" content=\"sucesos\" \/>\n\t<link rel=\"canonical\" href=\"https:\/\/www.eldigitaldeasturias.com\/noticias\/el-ayuntamiento-de-suria-decreta-hoy-dia-de-duelo-por-la-muerte-de-dos-mineros\/\" \/>\n\t<meta name=\"generator\" content=\"All in One SEO Pro (AIOSEO) 5.0.1\" \/>\n\t\t<meta property=\"og:locale\" content=\"es_ES\" \/>\n\t\t<meta property=\"og:site_name\" content=\"El Digital de Asturias\" \/>\n\t\t<meta property=\"og:type\" content=\"article\" \/>\n\t\t<meta property=\"og:title\" content=\"El Ayuntamiento de S\u00faria decreta hoy d\u00eda de duelo por la muerte de dos mineros - El Digital de Asturias\" \/>\n\t\t<meta property=\"og:description\" content=\"Barcelona, 7 dic (EFE).- El Ayuntamiento de S\u00faria (Barcelona) ha decretado hoy un d\u00eda de duelo en el municipio por la muerte ayer de dos mineros en el interior del pozo de Cabanasses de las instalaciones de Iberpotash. Dos mineros vecinos de S\u00faria murieron ayer al desprenderse el techo de la galer\u00eda de una mina\" \/>\n\t\t<meta property=\"og:url\" content=\"https:\/\/www.eldigitaldeasturias.com\/noticias\/el-ayuntamiento-de-suria-decreta-hoy-dia-de-duelo-por-la-muerte-de-dos-mineros\/\" \/>\n\t\t<meta property=\"article:tag\" content=\"sucesos\" \/>\n\t\t<meta property=\"article:published_time\" content=\"2013-12-07T18:39:57+00:00\" \/>\n\t\t<meta property=\"article:modified_time\" content=\"2013-12-07T18:39:57+00:00\" \/>\n\t\t<meta property=\"article:publisher\" content=\"https:\/\/facebook.com\/eldigitaldeasturias\" \/>\n\t\t<meta name=\"twitter:card\" content=\"summary_large_image\" \/>\n\t\t<meta name=\"twitter:title\" content=\"El Ayuntamiento de S\u00faria decreta hoy d\u00eda de duelo por la muerte de dos mineros - El Digital de Asturias\" \/>\n\t\t<meta name=\"twitter:description\" content=\"Barcelona, 7 dic (EFE).- El Ayuntamiento de S\u00faria (Barcelona) ha decretado hoy un d\u00eda de duelo en el municipio por la muerte ayer de dos mineros en el interior del pozo de Cabanasses de las instalaciones de Iberpotash. Dos mineros vecinos de S\u00faria murieron ayer al desprenderse el techo de la galer\u00eda de una mina\" \/>\n\t\t<meta name=\"twitter:label1\" content=\"Escrito por\" \/>\n\t\t<meta name=\"twitter:data1\" content=\"El Digital de Asturias\" \/>\n\t\t<meta name=\"twitter:label2\" content=\"Tiempo de lectura estimado\" \/>\n\t\t<meta name=\"twitter:data2\" content=\"1 minuto\" \/>\n\t\t<script type=\"application\/ld+json\" class=\"aioseo-schema\">\n\t\t\t{\"@context\":\"https:\\\/\\\/schema.org\",\"@graph\":[{\"@type\":\"BlogPosting\",\"@id\":\"https:\\\/\\\/www.eldigitaldeasturias.com\\\/noticias\\\/el-ayuntamiento-de-suria-decreta-hoy-dia-de-duelo-por-la-muerte-de-dos-mineros\\\/#blogposting\",\"name\":\"El Ayuntamiento de S\\u00faria decreta hoy d\\u00eda de duelo por la muerte de dos mineros - El Digital de Asturias\",\"headline\":\"El Ayuntamiento de S\\u00faria decreta hoy d\\u00eda de duelo por la muerte de dos mineros\",\"author\":{\"@id\":\"https:\\\/\\\/www.eldigitaldeasturias.com\\\/noticias\\\/author\\\/admin\\\/#author\"},\"publisher\":{\"@id\":\"https:\\\/\\\/www.eldigitaldeasturias.com\\\/noticias\\\/#organization\"},\"image\":{\"@type\":\"ImageObject\",\"url\":459040},\"datePublished\":\"2013-12-07T17:39:57+01:00\",\"dateModified\":\"2013-12-07T17:39:57+01:00\",\"inLanguage\":\"es-ES\",\"mainEntityOfPage\":{\"@id\":\"https:\\\/\\\/www.eldigitaldeasturias.com\\\/noticias\\\/el-ayuntamiento-de-suria-decreta-hoy-dia-de-duelo-por-la-muerte-de-dos-mineros\\\/#webpage\"},\"isPartOf\":{\"@id\":\"https:\\\/\\\/www.eldigitaldeasturias.com\\\/noticias\\\/el-ayuntamiento-de-suria-decreta-hoy-dia-de-duelo-por-la-muerte-de-dos-mineros\\\/#webpage\"},\"articleSection\":\"Sucesos\"},{\"@type\":\"BreadcrumbList\",\"@id\":\"https:\\\/\\\/www.eldigitaldeasturias.com\\\/noticias\\\/el-ayuntamiento-de-suria-decreta-hoy-dia-de-duelo-por-la-muerte-de-dos-mineros\\\/#breadcrumblist\",\"itemListElement\":[{\"@type\":\"ListItem\",\"@id\":\"https:\\\/\\\/www.eldigitaldeasturias.com\\\/noticias#listItem\",\"position\":1,\"name\":\"Home\",\"item\":\"https:\\\/\\\/www.eldigitaldeasturias.com\\\/noticias\",\"nextItem\":{\"@type\":\"ListItem\",\"@id\":\"https:\\\/\\\/www.eldigitaldeasturias.com\\\/noticias\\\/category\\\/sucesos\\\/#listItem\",\"name\":\"Sucesos\"}},{\"@type\":\"ListItem\",\"@id\":\"https:\\\/\\\/www.eldigitaldeasturias.com\\\/noticias\\\/category\\\/sucesos\\\/#listItem\",\"position\":2,\"name\":\"Sucesos\",\"item\":\"https:\\\/\\\/www.eldigitaldeasturias.com\\\/noticias\\\/category\\\/sucesos\\\/\",\"nextItem\":{\"@type\":\"ListItem\",\"@id\":\"https:\\\/\\\/www.eldigitaldeasturias.com\\\/noticias\\\/el-ayuntamiento-de-suria-decreta-hoy-dia-de-duelo-por-la-muerte-de-dos-mineros\\\/#listItem\",\"name\":\"El Ayuntamiento de S\\u00faria decreta hoy d\\u00eda de duelo por la muerte de dos mineros\"},\"previousItem\":{\"@type\":\"ListItem\",\"@id\":\"https:\\\/\\\/www.eldigitaldeasturias.com\\\/noticias#listItem\",\"name\":\"Home\"}},{\"@type\":\"ListItem\",\"@id\":\"https:\\\/\\\/www.eldigitaldeasturias.com\\\/noticias\\\/el-ayuntamiento-de-suria-decreta-hoy-dia-de-duelo-por-la-muerte-de-dos-mineros\\\/#listItem\",\"position\":3,\"name\":\"El Ayuntamiento de S\\u00faria decreta hoy d\\u00eda de duelo por la muerte de dos mineros\",\"previousItem\":{\"@type\":\"ListItem\",\"@id\":\"https:\\\/\\\/www.eldigitaldeasturias.com\\\/noticias\\\/category\\\/sucesos\\\/#listItem\",\"name\":\"Sucesos\"}}]},{\"@type\":\"Organization\",\"@id\":\"https:\\\/\\\/www.eldigitaldeasturias.com\\\/noticias\\\/#organization\",\"name\":\"El Digital de Asturias\",\"description\":\"Hemeroteca\",\"url\":\"https:\\\/\\\/www.eldigitaldeasturias.com\\\/noticias\\\/\",\"email\":\"info@eldigitaldeasturias.com\",\"telephone\":\"+34652131393\",\"logo\":{\"@type\":\"ImageObject\",\"url\":\"https:\\\/\\\/www.eldigitaldeasturias.com\\\/noticias\\\/wp-content\\\/uploads\\\/2020\\\/12\\\/EDA.jpg\",\"@id\":\"https:\\\/\\\/www.eldigitaldeasturias.com\\\/noticias\\\/el-ayuntamiento-de-suria-decreta-hoy-dia-de-duelo-por-la-muerte-de-dos-mineros\\\/#organizationLogo\"},\"image\":{\"@id\":\"https:\\\/\\\/www.eldigitaldeasturias.com\\\/noticias\\\/el-ayuntamiento-de-suria-decreta-hoy-dia-de-duelo-por-la-muerte-de-dos-mineros\\\/#organizationLogo\"},\"sameAs\":[\"https:\\\/\\\/facebook.com\\\/eldigitaldeasturias\",\"https:\\\/\\\/www.youtube.com\\\/channel\\\/UCZP-2wLEB9Rv6erhFmqVnvg\"],\"address\":{\"@id\":\"https:\\\/\\\/www.eldigitaldeasturias.com\\\/noticias\\\/#postaladdress\",\"@type\":\"PostalAddress\",\"streetAddress\":\"san antonio 4\",\"postalCode\":\"33430\",\"addressLocality\":\"Cand\\u00e1s\",\"addressRegion\":\"Asturias\",\"addressCountry\":\"ES\"}},{\"@type\":\"Person\",\"@id\":\"https:\\\/\\\/www.eldigitaldeasturias.com\\\/noticias\\\/author\\\/admin\\\/#author\",\"url\":\"https:\\\/\\\/www.eldigitaldeasturias.com\\\/noticias\\\/author\\\/admin\\\/\",\"name\":\"El Digital de Asturias\",\"image\":{\"@type\":\"ImageObject\",\"@id\":\"https:\\\/\\\/www.eldigitaldeasturias.com\\\/noticias\\\/el-ayuntamiento-de-suria-decreta-hoy-dia-de-duelo-por-la-muerte-de-dos-mineros\\\/#authorImage\",\"url\":\"https:\\\/\\\/secure.gravatar.com\\\/avatar\\\/df2aeffc32bcd13f8d26072ef8a91b623d677766deac7f97ca815868cd41bf5e?s=96&d=mm&r=g\",\"width\":96,\"height\":96,\"caption\":\"El Digital de Asturias\"}},{\"@type\":\"WebPage\",\"@id\":\"https:\\\/\\\/www.eldigitaldeasturias.com\\\/noticias\\\/el-ayuntamiento-de-suria-decreta-hoy-dia-de-duelo-por-la-muerte-de-dos-mineros\\\/#webpage\",\"url\":\"https:\\\/\\\/www.eldigitaldeasturias.com\\\/noticias\\\/el-ayuntamiento-de-suria-decreta-hoy-dia-de-duelo-por-la-muerte-de-dos-mineros\\\/\",\"name\":\"El Ayuntamiento de S\\u00faria decreta hoy d\\u00eda de duelo por la muerte de dos mineros - El Digital de Asturias\",\"description\":\"Barcelona, 7 dic (EFE).- El Ayuntamiento de S\\u00faria (Barcelona) ha decretado hoy un d\\u00eda de duelo en el municipio por la muerte ayer de dos mineros en el interior del pozo de Cabanasses de las instalaciones de Iberpotash. Dos mineros vecinos de S\\u00faria murieron ayer al desprenderse el techo de la galer\\u00eda de una mina\",\"inLanguage\":\"es-ES\",\"isPartOf\":{\"@id\":\"https:\\\/\\\/www.eldigitaldeasturias.com\\\/noticias\\\/#website\"},\"breadcrumb\":{\"@id\":\"https:\\\/\\\/www.eldigitaldeasturias.com\\\/noticias\\\/el-ayuntamiento-de-suria-decreta-hoy-dia-de-duelo-por-la-muerte-de-dos-mineros\\\/#breadcrumblist\"},\"author\":{\"@id\":\"https:\\\/\\\/www.eldigitaldeasturias.com\\\/noticias\\\/author\\\/admin\\\/#author\"},\"creator\":{\"@id\":\"https:\\\/\\\/www.eldigitaldeasturias.com\\\/noticias\\\/author\\\/admin\\\/#author\"},\"image\":{\"@type\":\"ImageObject\",\"url\":459040,\"@id\":\"https:\\\/\\\/www.eldigitaldeasturias.com\\\/noticias\\\/el-ayuntamiento-de-suria-decreta-hoy-dia-de-duelo-por-la-muerte-de-dos-mineros\\\/#mainImage\"},\"primaryImageOfPage\":{\"@id\":\"https:\\\/\\\/www.eldigitaldeasturias.com\\\/noticias\\\/el-ayuntamiento-de-suria-decreta-hoy-dia-de-duelo-por-la-muerte-de-dos-mineros\\\/#mainImage\"},\"datePublished\":\"2013-12-07T17:39:57+01:00\",\"dateModified\":\"2013-12-07T17:39:57+01:00\"},{\"@type\":\"WebSite\",\"@id\":\"https:\\\/\\\/www.eldigitaldeasturias.com\\\/noticias\\\/#website\",\"url\":\"https:\\\/\\\/www.eldigitaldeasturias.com\\\/noticias\\\/\",\"name\":\"El Digital de Asturias - Diario de actualidad y noticias\",\"alternateName\":\"El Digital de Asturias - Diario de actualidad y noticias\",\"description\":\"Hemeroteca\",\"inLanguage\":\"es-ES\",\"publisher\":{\"@id\":\"https:\\\/\\\/www.eldigitaldeasturias.com\\\/noticias\\\/#organization\"}}]}\n\t\t<\/script>\n\t\t<!-- All in One SEO Pro -->\r\n\t\t<title>El Ayuntamiento de S\u00faria decreta hoy d\u00eda de duelo por la muerte de dos mineros - El Digital de Asturias<\/title>\n\n","aioseo_head_json":{"title":"El Ayuntamiento de S\u00faria decreta hoy d\u00eda de duelo por la muerte de dos mineros - El Digital de Asturias","description":"Barcelona, 7 dic (EFE).- El Ayuntamiento de S\u00faria (Barcelona) ha decretado hoy un d\u00eda de duelo en el municipio por la muerte ayer de dos mineros en el interior del pozo de Cabanasses de las instalaciones de Iberpotash. Dos mineros vecinos de S\u00faria murieron ayer al desprenderse el techo de la galer\u00eda de una mina","canonical_url":"https:\/\/www.eldigitaldeasturias.com\/noticias\/el-ayuntamiento-de-suria-decreta-hoy-dia-de-duelo-por-la-muerte-de-dos-mineros\/","robots":"max-image-preview:large","keywords":"sucesos","webmasterTools":{"google-site-verification":"UA-38556648-1","msvalidate.01":"7dfe9f3f1b24437ab69f4f2559babe99","miscellaneous":""},"schema":{"@context":"https:\/\/schema.org","@graph":[{"@type":"BlogPosting","@id":"https:\/\/www.eldigitaldeasturias.com\/noticias\/el-ayuntamiento-de-suria-decreta-hoy-dia-de-duelo-por-la-muerte-de-dos-mineros\/#blogposting","name":"El Ayuntamiento de S\u00faria decreta hoy d\u00eda de duelo por la muerte de dos mineros - El Digital de Asturias","headline":"El Ayuntamiento de S\u00faria decreta hoy d\u00eda de duelo por la muerte de dos mineros","author":{"@id":"https:\/\/www.eldigitaldeasturias.com\/noticias\/author\/admin\/#author"},"publisher":{"@id":"https:\/\/www.eldigitaldeasturias.com\/noticias\/#organization"},"image":{"@type":"ImageObject","url":459040},"datePublished":"2013-12-07T17:39:57+01:00","dateModified":"2013-12-07T17:39:57+01:00","inLanguage":"es-ES","mainEntityOfPage":{"@id":"https:\/\/www.eldigitaldeasturias.com\/noticias\/el-ayuntamiento-de-suria-decreta-hoy-dia-de-duelo-por-la-muerte-de-dos-mineros\/#webpage"},"isPartOf":{"@id":"https:\/\/www.eldigitaldeasturias.com\/noticias\/el-ayuntamiento-de-suria-decreta-hoy-dia-de-duelo-por-la-muerte-de-dos-mineros\/#webpage"},"articleSection":"Sucesos"},{"@type":"BreadcrumbList","@id":"https:\/\/www.eldigitaldeasturias.com\/noticias\/el-ayuntamiento-de-suria-decreta-hoy-dia-de-duelo-por-la-muerte-de-dos-mineros\/#breadcrumblist","itemListElement":[{"@type":"ListItem","@id":"https:\/\/www.eldigitaldeasturias.com\/noticias#listItem","position":1,"name":"Home","item":"https:\/\/www.eldigitaldeasturias.com\/noticias","nextItem":{"@type":"ListItem","@id":"https:\/\/www.eldigitaldeasturias.com\/noticias\/category\/sucesos\/#listItem","name":"Sucesos"}},{"@type":"ListItem","@id":"https:\/\/www.eldigitaldeasturias.com\/noticias\/category\/sucesos\/#listItem","position":2,"name":"Sucesos","item":"https:\/\/www.eldigitaldeasturias.com\/noticias\/category\/sucesos\/","nextItem":{"@type":"ListItem","@id":"https:\/\/www.eldigitaldeasturias.com\/noticias\/el-ayuntamiento-de-suria-decreta-hoy-dia-de-duelo-por-la-muerte-de-dos-mineros\/#listItem","name":"El Ayuntamiento de S\u00faria decreta hoy d\u00eda de duelo por la muerte de dos mineros"},"previousItem":{"@type":"ListItem","@id":"https:\/\/www.eldigitaldeasturias.com\/noticias#listItem","name":"Home"}},{"@type":"ListItem","@id":"https:\/\/www.eldigitaldeasturias.com\/noticias\/el-ayuntamiento-de-suria-decreta-hoy-dia-de-duelo-por-la-muerte-de-dos-mineros\/#listItem","position":3,"name":"El Ayuntamiento de S\u00faria decreta hoy d\u00eda de duelo por la muerte de dos mineros","previousItem":{"@type":"ListItem","@id":"https:\/\/www.eldigitaldeasturias.com\/noticias\/category\/sucesos\/#listItem","name":"Sucesos"}}]},{"@type":"Organization","@id":"https:\/\/www.eldigitaldeasturias.com\/noticias\/#organization","name":"El Digital de Asturias","description":"Hemeroteca","url":"https:\/\/www.eldigitaldeasturias.com\/noticias\/","email":"info@eldigitaldeasturias.com","telephone":"+34652131393","logo":{"@type":"ImageObject","url":"https:\/\/www.eldigitaldeasturias.com\/noticias\/wp-content\/uploads\/2020\/12\/EDA.jpg","@id":"https:\/\/www.eldigitaldeasturias.com\/noticias\/el-ayuntamiento-de-suria-decreta-hoy-dia-de-duelo-por-la-muerte-de-dos-mineros\/#organizationLogo"},"image":{"@id":"https:\/\/www.eldigitaldeasturias.com\/noticias\/el-ayuntamiento-de-suria-decreta-hoy-dia-de-duelo-por-la-muerte-de-dos-mineros\/#organizationLogo"},"sameAs":["https:\/\/facebook.com\/eldigitaldeasturias","https:\/\/www.youtube.com\/channel\/UCZP-2wLEB9Rv6erhFmqVnvg"],"address":{"@id":"https:\/\/www.eldigitaldeasturias.com\/noticias\/#postaladdress","@type":"PostalAddress","streetAddress":"san antonio 4","postalCode":"33430","addressLocality":"Cand\u00e1s","addressRegion":"Asturias","addressCountry":"ES"}},{"@type":"Person","@id":"https:\/\/www.eldigitaldeasturias.com\/noticias\/author\/admin\/#author","url":"https:\/\/www.eldigitaldeasturias.com\/noticias\/author\/admin\/","name":"El Digital de Asturias","image":{"@type":"ImageObject","@id":"https:\/\/www.eldigitaldeasturias.com\/noticias\/el-ayuntamiento-de-suria-decreta-hoy-dia-de-duelo-por-la-muerte-de-dos-mineros\/#authorImage","url":"https:\/\/secure.gravatar.com\/avatar\/df2aeffc32bcd13f8d26072ef8a91b623d677766deac7f97ca815868cd41bf5e?s=96&d=mm&r=g","width":96,"height":96,"caption":"El Digital de Asturias"}},{"@type":"WebPage","@id":"https:\/\/www.eldigitaldeasturias.com\/noticias\/el-ayuntamiento-de-suria-decreta-hoy-dia-de-duelo-por-la-muerte-de-dos-mineros\/#webpage","url":"https:\/\/www.eldigitaldeasturias.com\/noticias\/el-ayuntamiento-de-suria-decreta-hoy-dia-de-duelo-por-la-muerte-de-dos-mineros\/","name":"El Ayuntamiento de S\u00faria decreta hoy d\u00eda de duelo por la muerte de dos mineros - El Digital de Asturias","description":"Barcelona, 7 dic (EFE).- El Ayuntamiento de S\u00faria (Barcelona) ha decretado hoy un d\u00eda de duelo en el municipio por la muerte ayer de dos mineros en el interior del pozo de Cabanasses de las instalaciones de Iberpotash. Dos mineros vecinos de S\u00faria murieron ayer al desprenderse el techo de la galer\u00eda de una mina","inLanguage":"es-ES","isPartOf":{"@id":"https:\/\/www.eldigitaldeasturias.com\/noticias\/#website"},"breadcrumb":{"@id":"https:\/\/www.eldigitaldeasturias.com\/noticias\/el-ayuntamiento-de-suria-decreta-hoy-dia-de-duelo-por-la-muerte-de-dos-mineros\/#breadcrumblist"},"author":{"@id":"https:\/\/www.eldigitaldeasturias.com\/noticias\/author\/admin\/#author"},"creator":{"@id":"https:\/\/www.eldigitaldeasturias.com\/noticias\/author\/admin\/#author"},"image":{"@type":"ImageObject","url":459040,"@id":"https:\/\/www.eldigitaldeasturias.com\/noticias\/el-ayuntamiento-de-suria-decreta-hoy-dia-de-duelo-por-la-muerte-de-dos-mineros\/#mainImage"},"primaryImageOfPage":{"@id":"https:\/\/www.eldigitaldeasturias.com\/noticias\/el-ayuntamiento-de-suria-decreta-hoy-dia-de-duelo-por-la-muerte-de-dos-mineros\/#mainImage"},"datePublished":"2013-12-07T17:39:57+01:00","dateModified":"2013-12-07T17:39:57+01:00"},{"@type":"WebSite","@id":"https:\/\/www.eldigitaldeasturias.com\/noticias\/#website","url":"https:\/\/www.eldigitaldeasturias.com\/noticias\/","name":"El Digital de Asturias - Diario de actualidad y noticias","alternateName":"El Digital de Asturias - Diario de actualidad y noticias","description":"Hemeroteca","inLanguage":"es-ES","publisher":{"@id":"https:\/\/www.eldigitaldeasturias.com\/noticias\/#organization"}}]},"og:locale":"es_ES","og:site_name":"El Digital de Asturias","og:type":"article","og:title":"El Ayuntamiento de S\u00faria decreta hoy d\u00eda de duelo por la muerte de dos mineros - El Digital de Asturias","og:description":"Barcelona, 7 dic (EFE).- El Ayuntamiento de S\u00faria (Barcelona) ha decretado hoy un d\u00eda de duelo en el municipio por la muerte ayer de dos mineros en el interior del pozo de Cabanasses de las instalaciones de Iberpotash. Dos mineros vecinos de S\u00faria murieron ayer al desprenderse el techo de la galer\u00eda de una mina","og:url":"https:\/\/www.eldigitaldeasturias.com\/noticias\/el-ayuntamiento-de-suria-decreta-hoy-dia-de-duelo-por-la-muerte-de-dos-mineros\/","article:tag":["sucesos"],"article:published_time":"2013-12-07T18:39:57+00:00","article:modified_time":"2013-12-07T18:39:57+00:00","article:publisher":"https:\/\/facebook.com\/eldigitaldeasturias","twitter:card":"summary_large_image","twitter:title":"El Ayuntamiento de S\u00faria decreta hoy d\u00eda de duelo por la muerte de dos mineros - El Digital de Asturias","twitter:description":"Barcelona, 7 dic (EFE).- El Ayuntamiento de S\u00faria (Barcelona) ha decretado hoy un d\u00eda de duelo en el municipio por la muerte ayer de dos mineros en el interior del pozo de Cabanasses de las instalaciones de Iberpotash. Dos mineros vecinos de S\u00faria murieron ayer al desprenderse el techo de la galer\u00eda de una mina","twitter:label1":"Escrito por","twitter:data1":"El Digital de Asturias","twitter:label2":"Tiempo de lectura estimado","twitter:data2":"1 minuto"},"aioseo_meta_data":{"post_id":"459039","title":null,"description":null,"keywords":null,"keyphrases":null,"primary_term":null,"canonical_url":null,"og_title":null,"og_description":null,"og_object_type":"default","og_image_type":"default","og_image_url":null,"og_image_width":null,"og_image_height":null,"og_image_custom_url":null,"og_image_custom_fields":null,"og_video":null,"og_custom_url":null,"og_article_section":null,"og_article_tags":null,"twitter_use_og":true,"twitter_card":"default","twitter_image_type":"default","twitter_image_url":null,"twitter_image_custom_url":null,"twitter_image_custom_fields":null,"twitter_title":null,"twitter_description":null,"schema":{"blockGraphs":[],"customGraphs":[],"default":{"data":{"Article":[],"Course":[],"Dataset":[],"FAQPage":[],"Movie":[],"Person":[],"Product":[],"ProductReview":[],"Car":[],"Recipe":[],"Service":[],"SoftwareApplication":[],"WebPage":[]},"graphName":"","isEnabled":true},"graphs":[],"defaultGraph":"","defaultPostTypeGraph":""},"schema_type":null,"schema_type_options":null,"pillar_content":false,"robots_default":true,"robots_noindex":false,"robots_noarchive":false,"robots_nosnippet":false,"robots_nofollow":false,"robots_noimageindex":false,"robots_noodp":false,"robots_notranslate":false,"robots_max_snippet":null,"robots_max_videopreview":null,"robots_max_imagepreview":"none","priority":null,"frequency":null,"local_seo":null,"seo_analyzer_scan_date":"2026-05-30 07:48:01","breadcrumb_settings":null,"limit_modified_date":false,"open_ai":null,"ai":null,"created":"2020-11-14 22:47:31","updated":"2026-05-30 07:48:01","focus_keyword":null,"additional_keywords":null,"truseo_locale":null},"aioseo_breadcrumb":"<div class=\"aioseo-breadcrumbs\"><span class=\"aioseo-breadcrumb\">\n\t<a href=\"https:\/\/www.eldigitaldeasturias.com\/noticias\" title=\"Home\">Home<\/a>\n<\/span><span class=\"aioseo-breadcrumb-separator\">\u2013<\/span><span class=\"aioseo-breadcrumb\">\n\t<a href=\"https:\/\/www.eldigitaldeasturias.com\/noticias\/category\/sucesos\/\" title=\"Sucesos\">Sucesos<\/a>\n<\/span><span class=\"aioseo-breadcrumb-separator\">\u2013<\/span><span class=\"aioseo-breadcrumb\">\n\t<a href=\"https:\/\/www.eldigitaldeasturias.com\/noticias\/el-ayuntamiento-de-suria-decreta-hoy-dia-de-duelo-por-la-muerte-de-dos-mineros\/\" title=\"El Ayuntamiento de S\u00faria decreta hoy d\u00eda de duelo por la muerte de dos mineros\">El Ayuntamiento de S\u00faria decreta hoy d\u00eda de duelo por la muerte de dos mineros<\/a>\n<\/span><\/div>","aioseo_breadcrumb_json":[{"label":"Home","link":"https:\/\/www.eldigitaldeasturias.com\/noticias"},{"label":"Sucesos","link":"https:\/\/www.eldigitaldeasturias.com\/noticias\/category\/sucesos\/"},{"label":"El Ayuntamiento de S\u00faria decreta hoy d\u00eda de duelo por la muerte de dos mineros","link":"https:\/\/www.eldigitaldeasturias.com\/noticias\/el-ayuntamiento-de-suria-decreta-hoy-dia-de-duelo-por-la-muerte-de-dos-mineros\/"}],"_links":{"self":[{"href":"https:\/\/www.eldigitaldeasturias.com\/noticias\/wp-json\/wp\/v2\/posts\/459039","targetHints":{"allow":["GET"]}}],"collection":[{"href":"https:\/\/www.eldigitaldeasturias.com\/noticias\/wp-json\/wp\/v2\/posts"}],"about":[{"href":"https:\/\/www.eldigitaldeasturias.com\/noticias\/wp-json\/wp\/v2\/types\/post"}],"author":[{"embeddable":true,"href":"https:\/\/www.eldigitaldeasturias.com\/noticias\/wp-json\/wp\/v2\/users\/1"}],"replies":[{"embeddable":true,"href":"https:\/\/www.eldigitaldeasturias.com\/noticias\/wp-json\/wp\/v2\/comments?post=459039"}],"version-history":[{"count":0,"href":"https:\/\/www.eldigitaldeasturias.com\/noticias\/wp-json\/wp\/v2\/posts\/459039\/revisions"}],"wp:attachment":[{"href":"https:\/\/www.eldigitaldeasturias.com\/noticias\/wp-json\/wp\/v2\/media?parent=459039"}],"wp:term":[{"taxonomy":"category","embeddable":true,"href":"https:\/\/www.eldigitaldeasturias.com\/noticias\/wp-json\/wp\/v2\/categories?post=459039"},{"taxonomy":"post_tag","embeddable":true,"href":"https:\/\/www.eldigitaldeasturias.com\/noticias\/wp-json\/wp\/v2\/tags?post=459039"}],"curies":[{"name":"wp","href":"https:\/\/api.w.org\/{rel}","templated":true}]}}