{"id":459033,"date":"2013-12-07T17:35:21","date_gmt":"2013-12-07T18:35:21","guid":{"rendered":"http:\/\/www.eldigitaldeasturias.com\/noticias\/?p=459033"},"modified":"2013-12-07T17:35:21","modified_gmt":"2013-12-07T18:35:21","slug":"la-cascara-amarga-de-ruiz-mantilla-la-novela-que-fue-primero-noticia","status":"publish","type":"post","link":"https:\/\/www.eldigitaldeasturias.com\/noticias\/la-cascara-amarga-de-ruiz-mantilla-la-novela-que-fue-primero-noticia\/","title":{"rendered":"\u00abLa c\u00e1scara amarga\u00bb, de Ruiz Mantilla, la novela que fue primero noticia"},"content":{"rendered":"<p><img loading=\"lazy\" decoding=\"async\" class=\"alignleft size-medium wp-image-459034\" alt=\"5778496w\" src=\"https:\/\/www.eldigitaldeasturias.com\/noticias\/wp-content\/uploads\/2013\/12\/5778496w-320x320.jpg\" width=\"320\" height=\"320\" \/>Madrid, 7 dic (EFE).- Jes\u00fas Ruiz Mantilla supo de Emilia, de su historia como v\u00edctima inocente de la Guerra Civil, tras entrevistarla para el peri\u00f3dico en el que trabaja, pero el relato que escuch\u00f3 fue tan impactante que no dud\u00f3 en hacer de \u00e9l una novela. Una obra que tiene mucho de reportaje period\u00edstico.<\/p>\n<p>El resultado es \u00abLa c\u00e1scara amarga\u00bb, la sexta novela de este periodista de El Pa\u00eds que se maneja igual de bien como entrevistador que como reportero, y que como c\u00e1ntabro que es ten\u00eda noticias desde hac\u00eda tiempo de que en la localidad de Santo\u00f1a viv\u00eda Emilia Fuentes Ruiz, hoy una anciana de 84 a\u00f1os a quien el azar situ\u00f3 de ni\u00f1a del lado de los vencidos.<\/p>\n<p>Una mujer a quien una infancia tr\u00e1gica, de soledad, abandono y penurias, no logr\u00f3 marcar una madurez de \u00e9xitos personales y profesionales -su empresa conservera da trabajo a m\u00e1s de cien personas-. \u00abEn la vida, milita y ha militado siempre en el bando de los vencedores\u00bb, advierte Ruiz Mantilla en una entrevista con Efe.<\/p>\n<p>Aunque en un primer momento, el periodista y novelista pens\u00f3 en titular su nueva novela, editada por Planeta, con el nombre de su protagonista, fue escuchar de su boca las palabras \u00abc\u00e1scara amarga\u00bb y decidirse por \u00e9l.<\/p>\n<p>Dos palabras que Emilia oy\u00f3 muchas veces de ni\u00f1a, cuando vecinos del bando de los vencedores se refer\u00edan as\u00ed a su madre, Mar\u00eda \u00abLa Chila\u00bb, una vendedora ambulante cuyo \u00fanico delito, por el que fue encerrada en el penal de Saturrar\u00e1n, en el pueblo guipuzcoano de Motrico, un antiguo balneario reconvertido en c\u00e1rcel para mujeres, fue ayudar a otros republicanos.<\/p>\n<p>El ingreso en prisi\u00f3n de \u00abLa Chila\u00bb, quien por muy poco se libr\u00f3 de morir fusilada, dej\u00f3 a sus cuatro hijos vivos -otra hab\u00eda muerto poco antes- en la calle, sin techo ni nada que llevarse a la boca, abandonados por un padre borrach\u00edn que se olvid\u00f3 de ellos.<\/p>\n<p>\u00abEn el libro hay algo de ficci\u00f3n, pero la mayor\u00eda de lo que cuento es pura realidad. Incluso, he tenido que suavizar la historia, porque hay aspectos de ella que son insoportables\u00bb, confiesa el autor. \u00abQuer\u00eda escribir algo m\u00e1s verdadero que real\u00bb, recalca.<\/p>\n<p>La historia de una ni\u00f1a \u00abat\u00f3nita ante lo que le pasa\u00bb, un \u00abperfil novelado\u00bb, un relato \u00abejemplar para la \u00e9poca actual que nos ha tocado vivir\u00bb. \u00abLo que Emilia nos viene a poner de manifiesto -contin\u00faa- es que si entonces ella logr\u00f3 salir de una \u00e9poca negra, podemos salir de la actual, gris\u00bb.<\/p>\n<p>Y ello, como Emilia hizo de ni\u00f1a, con \u00abvitalidad, voluntad, con mucho sacrificio, mucho empe\u00f1o en el trabajo y en la vida\u00bb, destaca Jes\u00fas Ruiz Mantilla, a quien le result\u00f3 muy dif\u00edcil evitar no implicarse emocionalmente con lo que escuchaba. \u00abPaulativamente -dice- me fui distanciando, para tratar de comprender lo que le ocurri\u00f3, lo que me contaba, y luego escribirlo\u00bb.<\/p>\n<p>Una distancia muy parecida a la que Emilia, ya anciana, ha querido poner con su tragedia infantil. \u00abElla ahora lo ve como si se tratara de otra persona. Hay que tener una fortaleza muy grande -recalca- para que algo tan fuerte no te acabe hundiendo la vida\u00bb.<\/p>\n<p>\u00abEn Santo\u00f1a la adoran. Lo que m\u00e1s me fascina de ella -contin\u00faa Ruiz Mantilla- es su bondad. Lleg\u00f3 a dar trabajo en su f\u00e1brica a personas que no se portaron bien con ella. Me admira que pudiendo ser una asesina en serie, v\u00edctima del odio, sea y haya sido una buena persona, una mujer solidaria, emprendedora&#8230; Siempre ha tenido ese orgullo, esa capacidad de superaci\u00f3n, ese talento para salir adelante\u00bb.<\/p>\n<p>\u00abLa c\u00e1scara amarga\u00bb, al igual que su anterior novela, \u00abAhogada en llamas\u00bb, cuyos derechos fueron adquiridos por una exitosa productora de televisi\u00f3n para convertirla en serie, transcurre en Cantabria. Y no por casualidad. Ruiz Mantilla est\u00e1 empe\u00f1ado en convertir historias locales en relatos universales.<\/p>\n<p>Historias que, ante todo, hablen de sentimientos, de emociones, como la de Emilia, perteneciente a una generaci\u00f3n que vivi\u00f3 y sufri\u00f3 la Guerra Civil. \u00abPersonas que todav\u00eda est\u00e1n entre nosotros, con una historia detr\u00e1s que es nuestra obligaci\u00f3n contar\u00bb.<\/p>\n","protected":false},"excerpt":{"rendered":"<p>Madrid, 7 dic (EFE).- Jes\u00fas Ruiz Mantilla supo de Emilia, de su historia como v\u00edctima inocente de la Guerra Civil, tras entrevistarla para el peri\u00f3dico en el que trabaja, pero el relato que escuch\u00f3 fue tan impactante que no dud\u00f3 en hacer de \u00e9l una novela. Una obra que tiene mucho de reportaje period\u00edstico. El [&hellip;]<\/p>\n","protected":false},"author":1,"featured_media":459034,"comment_status":"closed","ping_status":"open","sticky":false,"template":"","format":"standard","meta":{"footnotes":""},"categories":[50],"tags":[],"class_list":["post-459033","post","type-post","status-publish","format-standard","has-post-thumbnail","hentry","category-revista-de-ocio"],"aioseo_notices":[],"aioseo_head":"\n\t\t<!-- All in One SEO Pro 5.0.1 - aioseo.com -->\n\t<meta name=\"description\" content=\"Madrid, 7 dic (EFE).- Jes\u00fas Ruiz Mantilla supo de Emilia, de su historia como v\u00edctima inocente de la Guerra Civil, tras entrevistarla para el peri\u00f3dico en el que trabaja, pero el relato que escuch\u00f3 fue tan impactante que no dud\u00f3 en hacer de \u00e9l una novela. Una obra que tiene mucho de reportaje period\u00edstico. El\" \/>\n\t<meta name=\"robots\" content=\"max-image-preview:large\" \/>\n\t<meta name=\"author\" content=\"El Digital de Asturias\"\/>\n\t<meta name=\"google-site-verification\" content=\"UA-38556648-1\" \/>\n\t<meta name=\"msvalidate.01\" content=\"7dfe9f3f1b24437ab69f4f2559babe99\" \/>\n\t<meta name=\"keywords\" content=\"revista de ocio\" \/>\n\t<link rel=\"canonical\" href=\"https:\/\/www.eldigitaldeasturias.com\/noticias\/la-cascara-amarga-de-ruiz-mantilla-la-novela-que-fue-primero-noticia\/\" \/>\n\t<meta name=\"generator\" content=\"All in One SEO Pro (AIOSEO) 5.0.1\" \/>\n\t\t<meta property=\"og:locale\" content=\"es_ES\" \/>\n\t\t<meta property=\"og:site_name\" content=\"El Digital de Asturias\" \/>\n\t\t<meta property=\"og:type\" content=\"article\" \/>\n\t\t<meta property=\"og:title\" content=\"\u00abLa c\u00e1scara amarga\u00bb, de Ruiz Mantilla, la novela que fue primero noticia - El Digital de Asturias\" \/>\n\t\t<meta property=\"og:description\" content=\"Madrid, 7 dic (EFE).- Jes\u00fas Ruiz Mantilla supo de Emilia, de su historia como v\u00edctima inocente de la Guerra Civil, tras entrevistarla para el peri\u00f3dico en el que trabaja, pero el relato que escuch\u00f3 fue tan impactante que no dud\u00f3 en hacer de \u00e9l una novela. Una obra que tiene mucho de reportaje period\u00edstico. El\" \/>\n\t\t<meta property=\"og:url\" content=\"https:\/\/www.eldigitaldeasturias.com\/noticias\/la-cascara-amarga-de-ruiz-mantilla-la-novela-que-fue-primero-noticia\/\" \/>\n\t\t<meta property=\"article:tag\" content=\"revista de ocio\" \/>\n\t\t<meta property=\"article:published_time\" content=\"2013-12-07T18:35:21+00:00\" \/>\n\t\t<meta property=\"article:modified_time\" content=\"2013-12-07T18:35:21+00:00\" \/>\n\t\t<meta property=\"article:publisher\" content=\"https:\/\/facebook.com\/eldigitaldeasturias\" \/>\n\t\t<meta name=\"twitter:card\" content=\"summary_large_image\" \/>\n\t\t<meta name=\"twitter:title\" content=\"\u00abLa c\u00e1scara amarga\u00bb, de Ruiz Mantilla, la novela que fue primero noticia - El Digital de Asturias\" \/>\n\t\t<meta name=\"twitter:description\" content=\"Madrid, 7 dic (EFE).- Jes\u00fas Ruiz Mantilla supo de Emilia, de su historia como v\u00edctima inocente de la Guerra Civil, tras entrevistarla para el peri\u00f3dico en el que trabaja, pero el relato que escuch\u00f3 fue tan impactante que no dud\u00f3 en hacer de \u00e9l una novela. Una obra que tiene mucho de reportaje period\u00edstico. El\" \/>\n\t\t<meta name=\"twitter:label1\" content=\"Escrito por\" \/>\n\t\t<meta name=\"twitter:data1\" content=\"El Digital de Asturias\" \/>\n\t\t<meta name=\"twitter:label2\" content=\"Tiempo de lectura estimado\" \/>\n\t\t<meta name=\"twitter:data2\" content=\"4 minutos\" \/>\n\t\t<script type=\"application\/ld+json\" class=\"aioseo-schema\">\n\t\t\t{\"@context\":\"https:\\\/\\\/schema.org\",\"@graph\":[{\"@type\":\"BlogPosting\",\"@id\":\"https:\\\/\\\/www.eldigitaldeasturias.com\\\/noticias\\\/la-cascara-amarga-de-ruiz-mantilla-la-novela-que-fue-primero-noticia\\\/#blogposting\",\"name\":\"\\u00abLa c\\u00e1scara amarga\\u00bb, de Ruiz Mantilla, la novela que fue primero noticia - El Digital de Asturias\",\"headline\":\"\\u00abLa c\\u00e1scara amarga\\u00bb, de Ruiz Mantilla, la novela que fue primero noticia\",\"author\":{\"@id\":\"https:\\\/\\\/www.eldigitaldeasturias.com\\\/noticias\\\/author\\\/admin\\\/#author\"},\"publisher\":{\"@id\":\"https:\\\/\\\/www.eldigitaldeasturias.com\\\/noticias\\\/#organization\"},\"image\":{\"@type\":\"ImageObject\",\"url\":459034},\"datePublished\":\"2013-12-07T17:35:21+01:00\",\"dateModified\":\"2013-12-07T17:35:21+01:00\",\"inLanguage\":\"es-ES\",\"mainEntityOfPage\":{\"@id\":\"https:\\\/\\\/www.eldigitaldeasturias.com\\\/noticias\\\/la-cascara-amarga-de-ruiz-mantilla-la-novela-que-fue-primero-noticia\\\/#webpage\"},\"isPartOf\":{\"@id\":\"https:\\\/\\\/www.eldigitaldeasturias.com\\\/noticias\\\/la-cascara-amarga-de-ruiz-mantilla-la-novela-que-fue-primero-noticia\\\/#webpage\"},\"articleSection\":\"Revista de Ocio\"},{\"@type\":\"BreadcrumbList\",\"@id\":\"https:\\\/\\\/www.eldigitaldeasturias.com\\\/noticias\\\/la-cascara-amarga-de-ruiz-mantilla-la-novela-que-fue-primero-noticia\\\/#breadcrumblist\",\"itemListElement\":[{\"@type\":\"ListItem\",\"@id\":\"https:\\\/\\\/www.eldigitaldeasturias.com\\\/noticias#listItem\",\"position\":1,\"name\":\"Home\",\"item\":\"https:\\\/\\\/www.eldigitaldeasturias.com\\\/noticias\",\"nextItem\":{\"@type\":\"ListItem\",\"@id\":\"https:\\\/\\\/www.eldigitaldeasturias.com\\\/noticias\\\/category\\\/revista-de-ocio\\\/#listItem\",\"name\":\"Revista de Ocio\"}},{\"@type\":\"ListItem\",\"@id\":\"https:\\\/\\\/www.eldigitaldeasturias.com\\\/noticias\\\/category\\\/revista-de-ocio\\\/#listItem\",\"position\":2,\"name\":\"Revista de Ocio\",\"item\":\"https:\\\/\\\/www.eldigitaldeasturias.com\\\/noticias\\\/category\\\/revista-de-ocio\\\/\",\"nextItem\":{\"@type\":\"ListItem\",\"@id\":\"https:\\\/\\\/www.eldigitaldeasturias.com\\\/noticias\\\/la-cascara-amarga-de-ruiz-mantilla-la-novela-que-fue-primero-noticia\\\/#listItem\",\"name\":\"\\u00abLa c\\u00e1scara amarga\\u00bb, de Ruiz Mantilla, la novela que fue primero noticia\"},\"previousItem\":{\"@type\":\"ListItem\",\"@id\":\"https:\\\/\\\/www.eldigitaldeasturias.com\\\/noticias#listItem\",\"name\":\"Home\"}},{\"@type\":\"ListItem\",\"@id\":\"https:\\\/\\\/www.eldigitaldeasturias.com\\\/noticias\\\/la-cascara-amarga-de-ruiz-mantilla-la-novela-que-fue-primero-noticia\\\/#listItem\",\"position\":3,\"name\":\"\\u00abLa c\\u00e1scara amarga\\u00bb, de Ruiz Mantilla, la novela que fue primero noticia\",\"previousItem\":{\"@type\":\"ListItem\",\"@id\":\"https:\\\/\\\/www.eldigitaldeasturias.com\\\/noticias\\\/category\\\/revista-de-ocio\\\/#listItem\",\"name\":\"Revista de Ocio\"}}]},{\"@type\":\"Organization\",\"@id\":\"https:\\\/\\\/www.eldigitaldeasturias.com\\\/noticias\\\/#organization\",\"name\":\"El Digital de Asturias\",\"description\":\"Hemeroteca\",\"url\":\"https:\\\/\\\/www.eldigitaldeasturias.com\\\/noticias\\\/\",\"email\":\"info@eldigitaldeasturias.com\",\"telephone\":\"+34652131393\",\"logo\":{\"@type\":\"ImageObject\",\"url\":\"https:\\\/\\\/www.eldigitaldeasturias.com\\\/noticias\\\/wp-content\\\/uploads\\\/2020\\\/12\\\/EDA.jpg\",\"@id\":\"https:\\\/\\\/www.eldigitaldeasturias.com\\\/noticias\\\/la-cascara-amarga-de-ruiz-mantilla-la-novela-que-fue-primero-noticia\\\/#organizationLogo\"},\"image\":{\"@id\":\"https:\\\/\\\/www.eldigitaldeasturias.com\\\/noticias\\\/la-cascara-amarga-de-ruiz-mantilla-la-novela-que-fue-primero-noticia\\\/#organizationLogo\"},\"sameAs\":[\"https:\\\/\\\/facebook.com\\\/eldigitaldeasturias\",\"https:\\\/\\\/www.youtube.com\\\/channel\\\/UCZP-2wLEB9Rv6erhFmqVnvg\"],\"address\":{\"@id\":\"https:\\\/\\\/www.eldigitaldeasturias.com\\\/noticias\\\/#postaladdress\",\"@type\":\"PostalAddress\",\"streetAddress\":\"san antonio 4\",\"postalCode\":\"33430\",\"addressLocality\":\"Cand\\u00e1s\",\"addressRegion\":\"Asturias\",\"addressCountry\":\"ES\"}},{\"@type\":\"Person\",\"@id\":\"https:\\\/\\\/www.eldigitaldeasturias.com\\\/noticias\\\/author\\\/admin\\\/#author\",\"url\":\"https:\\\/\\\/www.eldigitaldeasturias.com\\\/noticias\\\/author\\\/admin\\\/\",\"name\":\"El Digital de Asturias\",\"image\":{\"@type\":\"ImageObject\",\"@id\":\"https:\\\/\\\/www.eldigitaldeasturias.com\\\/noticias\\\/la-cascara-amarga-de-ruiz-mantilla-la-novela-que-fue-primero-noticia\\\/#authorImage\",\"url\":\"https:\\\/\\\/secure.gravatar.com\\\/avatar\\\/df2aeffc32bcd13f8d26072ef8a91b623d677766deac7f97ca815868cd41bf5e?s=96&d=mm&r=g\",\"width\":96,\"height\":96,\"caption\":\"El Digital de Asturias\"}},{\"@type\":\"WebPage\",\"@id\":\"https:\\\/\\\/www.eldigitaldeasturias.com\\\/noticias\\\/la-cascara-amarga-de-ruiz-mantilla-la-novela-que-fue-primero-noticia\\\/#webpage\",\"url\":\"https:\\\/\\\/www.eldigitaldeasturias.com\\\/noticias\\\/la-cascara-amarga-de-ruiz-mantilla-la-novela-que-fue-primero-noticia\\\/\",\"name\":\"\\u00abLa c\\u00e1scara amarga\\u00bb, de Ruiz Mantilla, la novela que fue primero noticia - El Digital de Asturias\",\"description\":\"Madrid, 7 dic (EFE).- Jes\\u00fas Ruiz Mantilla supo de Emilia, de su historia como v\\u00edctima inocente de la Guerra Civil, tras entrevistarla para el peri\\u00f3dico en el que trabaja, pero el relato que escuch\\u00f3 fue tan impactante que no dud\\u00f3 en hacer de \\u00e9l una novela. Una obra que tiene mucho de reportaje period\\u00edstico. El\",\"inLanguage\":\"es-ES\",\"isPartOf\":{\"@id\":\"https:\\\/\\\/www.eldigitaldeasturias.com\\\/noticias\\\/#website\"},\"breadcrumb\":{\"@id\":\"https:\\\/\\\/www.eldigitaldeasturias.com\\\/noticias\\\/la-cascara-amarga-de-ruiz-mantilla-la-novela-que-fue-primero-noticia\\\/#breadcrumblist\"},\"author\":{\"@id\":\"https:\\\/\\\/www.eldigitaldeasturias.com\\\/noticias\\\/author\\\/admin\\\/#author\"},\"creator\":{\"@id\":\"https:\\\/\\\/www.eldigitaldeasturias.com\\\/noticias\\\/author\\\/admin\\\/#author\"},\"image\":{\"@type\":\"ImageObject\",\"url\":459034,\"@id\":\"https:\\\/\\\/www.eldigitaldeasturias.com\\\/noticias\\\/la-cascara-amarga-de-ruiz-mantilla-la-novela-que-fue-primero-noticia\\\/#mainImage\"},\"primaryImageOfPage\":{\"@id\":\"https:\\\/\\\/www.eldigitaldeasturias.com\\\/noticias\\\/la-cascara-amarga-de-ruiz-mantilla-la-novela-que-fue-primero-noticia\\\/#mainImage\"},\"datePublished\":\"2013-12-07T17:35:21+01:00\",\"dateModified\":\"2013-12-07T17:35:21+01:00\"},{\"@type\":\"WebSite\",\"@id\":\"https:\\\/\\\/www.eldigitaldeasturias.com\\\/noticias\\\/#website\",\"url\":\"https:\\\/\\\/www.eldigitaldeasturias.com\\\/noticias\\\/\",\"name\":\"El Digital de Asturias - Diario de actualidad y noticias\",\"alternateName\":\"El Digital de Asturias - Diario de actualidad y noticias\",\"description\":\"Hemeroteca\",\"inLanguage\":\"es-ES\",\"publisher\":{\"@id\":\"https:\\\/\\\/www.eldigitaldeasturias.com\\\/noticias\\\/#organization\"}}]}\n\t\t<\/script>\n\t\t<!-- All in One SEO Pro -->\r\n\t\t<title>\u00abLa c\u00e1scara amarga\u00bb, de Ruiz Mantilla, la novela que fue primero noticia - El Digital de Asturias<\/title>\n\n","aioseo_head_json":{"title":"\u00abLa c\u00e1scara amarga\u00bb, de Ruiz Mantilla, la novela que fue primero noticia - El Digital de Asturias","description":"Madrid, 7 dic (EFE).- Jes\u00fas Ruiz Mantilla supo de Emilia, de su historia como v\u00edctima inocente de la Guerra Civil, tras entrevistarla para el peri\u00f3dico en el que trabaja, pero el relato que escuch\u00f3 fue tan impactante que no dud\u00f3 en hacer de \u00e9l una novela. Una obra que tiene mucho de reportaje period\u00edstico. El","canonical_url":"https:\/\/www.eldigitaldeasturias.com\/noticias\/la-cascara-amarga-de-ruiz-mantilla-la-novela-que-fue-primero-noticia\/","robots":"max-image-preview:large","keywords":"revista de ocio","webmasterTools":{"google-site-verification":"UA-38556648-1","msvalidate.01":"7dfe9f3f1b24437ab69f4f2559babe99","miscellaneous":""},"schema":{"@context":"https:\/\/schema.org","@graph":[{"@type":"BlogPosting","@id":"https:\/\/www.eldigitaldeasturias.com\/noticias\/la-cascara-amarga-de-ruiz-mantilla-la-novela-que-fue-primero-noticia\/#blogposting","name":"\u00abLa c\u00e1scara amarga\u00bb, de Ruiz Mantilla, la novela que fue primero noticia - El Digital de Asturias","headline":"\u00abLa c\u00e1scara amarga\u00bb, de Ruiz Mantilla, la novela que fue primero noticia","author":{"@id":"https:\/\/www.eldigitaldeasturias.com\/noticias\/author\/admin\/#author"},"publisher":{"@id":"https:\/\/www.eldigitaldeasturias.com\/noticias\/#organization"},"image":{"@type":"ImageObject","url":459034},"datePublished":"2013-12-07T17:35:21+01:00","dateModified":"2013-12-07T17:35:21+01:00","inLanguage":"es-ES","mainEntityOfPage":{"@id":"https:\/\/www.eldigitaldeasturias.com\/noticias\/la-cascara-amarga-de-ruiz-mantilla-la-novela-que-fue-primero-noticia\/#webpage"},"isPartOf":{"@id":"https:\/\/www.eldigitaldeasturias.com\/noticias\/la-cascara-amarga-de-ruiz-mantilla-la-novela-que-fue-primero-noticia\/#webpage"},"articleSection":"Revista de Ocio"},{"@type":"BreadcrumbList","@id":"https:\/\/www.eldigitaldeasturias.com\/noticias\/la-cascara-amarga-de-ruiz-mantilla-la-novela-que-fue-primero-noticia\/#breadcrumblist","itemListElement":[{"@type":"ListItem","@id":"https:\/\/www.eldigitaldeasturias.com\/noticias#listItem","position":1,"name":"Home","item":"https:\/\/www.eldigitaldeasturias.com\/noticias","nextItem":{"@type":"ListItem","@id":"https:\/\/www.eldigitaldeasturias.com\/noticias\/category\/revista-de-ocio\/#listItem","name":"Revista de Ocio"}},{"@type":"ListItem","@id":"https:\/\/www.eldigitaldeasturias.com\/noticias\/category\/revista-de-ocio\/#listItem","position":2,"name":"Revista de Ocio","item":"https:\/\/www.eldigitaldeasturias.com\/noticias\/category\/revista-de-ocio\/","nextItem":{"@type":"ListItem","@id":"https:\/\/www.eldigitaldeasturias.com\/noticias\/la-cascara-amarga-de-ruiz-mantilla-la-novela-que-fue-primero-noticia\/#listItem","name":"\u00abLa c\u00e1scara amarga\u00bb, de Ruiz Mantilla, la novela que fue primero noticia"},"previousItem":{"@type":"ListItem","@id":"https:\/\/www.eldigitaldeasturias.com\/noticias#listItem","name":"Home"}},{"@type":"ListItem","@id":"https:\/\/www.eldigitaldeasturias.com\/noticias\/la-cascara-amarga-de-ruiz-mantilla-la-novela-que-fue-primero-noticia\/#listItem","position":3,"name":"\u00abLa c\u00e1scara amarga\u00bb, de Ruiz Mantilla, la novela que fue primero noticia","previousItem":{"@type":"ListItem","@id":"https:\/\/www.eldigitaldeasturias.com\/noticias\/category\/revista-de-ocio\/#listItem","name":"Revista de Ocio"}}]},{"@type":"Organization","@id":"https:\/\/www.eldigitaldeasturias.com\/noticias\/#organization","name":"El Digital de Asturias","description":"Hemeroteca","url":"https:\/\/www.eldigitaldeasturias.com\/noticias\/","email":"info@eldigitaldeasturias.com","telephone":"+34652131393","logo":{"@type":"ImageObject","url":"https:\/\/www.eldigitaldeasturias.com\/noticias\/wp-content\/uploads\/2020\/12\/EDA.jpg","@id":"https:\/\/www.eldigitaldeasturias.com\/noticias\/la-cascara-amarga-de-ruiz-mantilla-la-novela-que-fue-primero-noticia\/#organizationLogo"},"image":{"@id":"https:\/\/www.eldigitaldeasturias.com\/noticias\/la-cascara-amarga-de-ruiz-mantilla-la-novela-que-fue-primero-noticia\/#organizationLogo"},"sameAs":["https:\/\/facebook.com\/eldigitaldeasturias","https:\/\/www.youtube.com\/channel\/UCZP-2wLEB9Rv6erhFmqVnvg"],"address":{"@id":"https:\/\/www.eldigitaldeasturias.com\/noticias\/#postaladdress","@type":"PostalAddress","streetAddress":"san antonio 4","postalCode":"33430","addressLocality":"Cand\u00e1s","addressRegion":"Asturias","addressCountry":"ES"}},{"@type":"Person","@id":"https:\/\/www.eldigitaldeasturias.com\/noticias\/author\/admin\/#author","url":"https:\/\/www.eldigitaldeasturias.com\/noticias\/author\/admin\/","name":"El Digital de Asturias","image":{"@type":"ImageObject","@id":"https:\/\/www.eldigitaldeasturias.com\/noticias\/la-cascara-amarga-de-ruiz-mantilla-la-novela-que-fue-primero-noticia\/#authorImage","url":"https:\/\/secure.gravatar.com\/avatar\/df2aeffc32bcd13f8d26072ef8a91b623d677766deac7f97ca815868cd41bf5e?s=96&d=mm&r=g","width":96,"height":96,"caption":"El Digital de Asturias"}},{"@type":"WebPage","@id":"https:\/\/www.eldigitaldeasturias.com\/noticias\/la-cascara-amarga-de-ruiz-mantilla-la-novela-que-fue-primero-noticia\/#webpage","url":"https:\/\/www.eldigitaldeasturias.com\/noticias\/la-cascara-amarga-de-ruiz-mantilla-la-novela-que-fue-primero-noticia\/","name":"\u00abLa c\u00e1scara amarga\u00bb, de Ruiz Mantilla, la novela que fue primero noticia - El Digital de Asturias","description":"Madrid, 7 dic (EFE).- Jes\u00fas Ruiz Mantilla supo de Emilia, de su historia como v\u00edctima inocente de la Guerra Civil, tras entrevistarla para el peri\u00f3dico en el que trabaja, pero el relato que escuch\u00f3 fue tan impactante que no dud\u00f3 en hacer de \u00e9l una novela. Una obra que tiene mucho de reportaje period\u00edstico. El","inLanguage":"es-ES","isPartOf":{"@id":"https:\/\/www.eldigitaldeasturias.com\/noticias\/#website"},"breadcrumb":{"@id":"https:\/\/www.eldigitaldeasturias.com\/noticias\/la-cascara-amarga-de-ruiz-mantilla-la-novela-que-fue-primero-noticia\/#breadcrumblist"},"author":{"@id":"https:\/\/www.eldigitaldeasturias.com\/noticias\/author\/admin\/#author"},"creator":{"@id":"https:\/\/www.eldigitaldeasturias.com\/noticias\/author\/admin\/#author"},"image":{"@type":"ImageObject","url":459034,"@id":"https:\/\/www.eldigitaldeasturias.com\/noticias\/la-cascara-amarga-de-ruiz-mantilla-la-novela-que-fue-primero-noticia\/#mainImage"},"primaryImageOfPage":{"@id":"https:\/\/www.eldigitaldeasturias.com\/noticias\/la-cascara-amarga-de-ruiz-mantilla-la-novela-que-fue-primero-noticia\/#mainImage"},"datePublished":"2013-12-07T17:35:21+01:00","dateModified":"2013-12-07T17:35:21+01:00"},{"@type":"WebSite","@id":"https:\/\/www.eldigitaldeasturias.com\/noticias\/#website","url":"https:\/\/www.eldigitaldeasturias.com\/noticias\/","name":"El Digital de Asturias - Diario de actualidad y noticias","alternateName":"El Digital de Asturias - Diario de actualidad y noticias","description":"Hemeroteca","inLanguage":"es-ES","publisher":{"@id":"https:\/\/www.eldigitaldeasturias.com\/noticias\/#organization"}}]},"og:locale":"es_ES","og:site_name":"El Digital de Asturias","og:type":"article","og:title":"\u00abLa c\u00e1scara amarga\u00bb, de Ruiz Mantilla, la novela que fue primero noticia - El Digital de Asturias","og:description":"Madrid, 7 dic (EFE).- Jes\u00fas Ruiz Mantilla supo de Emilia, de su historia como v\u00edctima inocente de la Guerra Civil, tras entrevistarla para el peri\u00f3dico en el que trabaja, pero el relato que escuch\u00f3 fue tan impactante que no dud\u00f3 en hacer de \u00e9l una novela. Una obra que tiene mucho de reportaje period\u00edstico. El","og:url":"https:\/\/www.eldigitaldeasturias.com\/noticias\/la-cascara-amarga-de-ruiz-mantilla-la-novela-que-fue-primero-noticia\/","article:tag":["revista de ocio"],"article:published_time":"2013-12-07T18:35:21+00:00","article:modified_time":"2013-12-07T18:35:21+00:00","article:publisher":"https:\/\/facebook.com\/eldigitaldeasturias","twitter:card":"summary_large_image","twitter:title":"\u00abLa c\u00e1scara amarga\u00bb, de Ruiz Mantilla, la novela que fue primero noticia - El Digital de Asturias","twitter:description":"Madrid, 7 dic (EFE).- Jes\u00fas Ruiz Mantilla supo de Emilia, de su historia como v\u00edctima inocente de la Guerra Civil, tras entrevistarla para el peri\u00f3dico en el que trabaja, pero el relato que escuch\u00f3 fue tan impactante que no dud\u00f3 en hacer de \u00e9l una novela. Una obra que tiene mucho de reportaje period\u00edstico. El","twitter:label1":"Escrito por","twitter:data1":"El Digital de Asturias","twitter:label2":"Tiempo de lectura estimado","twitter:data2":"4 minutos"},"aioseo_meta_data":{"post_id":"459033","title":null,"description":null,"keywords":null,"keyphrases":null,"primary_term":null,"canonical_url":null,"og_title":null,"og_description":null,"og_object_type":"default","og_image_type":"default","og_image_url":null,"og_image_width":null,"og_image_height":null,"og_image_custom_url":null,"og_image_custom_fields":null,"og_video":null,"og_custom_url":null,"og_article_section":null,"og_article_tags":null,"twitter_use_og":true,"twitter_card":"default","twitter_image_type":"default","twitter_image_url":null,"twitter_image_custom_url":null,"twitter_image_custom_fields":null,"twitter_title":null,"twitter_description":null,"schema":{"blockGraphs":[],"customGraphs":[],"default":{"data":{"Article":[],"Course":[],"Dataset":[],"FAQPage":[],"Movie":[],"Person":[],"Product":[],"ProductReview":[],"Car":[],"Recipe":[],"Service":[],"SoftwareApplication":[],"WebPage":[]},"graphName":"","isEnabled":true},"graphs":[],"defaultGraph":"","defaultPostTypeGraph":""},"schema_type":null,"schema_type_options":null,"pillar_content":false,"robots_default":true,"robots_noindex":false,"robots_noarchive":false,"robots_nosnippet":false,"robots_nofollow":false,"robots_noimageindex":false,"robots_noodp":false,"robots_notranslate":false,"robots_max_snippet":null,"robots_max_videopreview":null,"robots_max_imagepreview":"none","priority":null,"frequency":null,"local_seo":null,"seo_analyzer_scan_date":"2026-05-30 07:48:00","breadcrumb_settings":null,"limit_modified_date":false,"open_ai":null,"ai":null,"created":"2020-11-14 22:47:31","updated":"2026-05-30 07:48:00","focus_keyword":null,"additional_keywords":null,"truseo_locale":null},"aioseo_breadcrumb":"<div class=\"aioseo-breadcrumbs\"><span class=\"aioseo-breadcrumb\">\n\t<a href=\"https:\/\/www.eldigitaldeasturias.com\/noticias\" title=\"Home\">Home<\/a>\n<\/span><span class=\"aioseo-breadcrumb-separator\">\u2013<\/span><span class=\"aioseo-breadcrumb\">\n\t<a href=\"https:\/\/www.eldigitaldeasturias.com\/noticias\/category\/revista-de-ocio\/\" title=\"Revista de Ocio\">Revista de Ocio<\/a>\n<\/span><span class=\"aioseo-breadcrumb-separator\">\u2013<\/span><span class=\"aioseo-breadcrumb\">\n\t<a href=\"https:\/\/www.eldigitaldeasturias.com\/noticias\/la-cascara-amarga-de-ruiz-mantilla-la-novela-que-fue-primero-noticia\/\" title=\"\u00abLa c\u00e1scara amarga\u00bb, de Ruiz Mantilla, la novela que fue primero noticia\">\u00abLa c\u00e1scara amarga\u00bb, de Ruiz Mantilla, la novela que fue primero noticia<\/a>\n<\/span><\/div>","aioseo_breadcrumb_json":[{"label":"Home","link":"https:\/\/www.eldigitaldeasturias.com\/noticias"},{"label":"Revista de Ocio","link":"https:\/\/www.eldigitaldeasturias.com\/noticias\/category\/revista-de-ocio\/"},{"label":"\u00abLa c\u00e1scara amarga\u00bb, de Ruiz Mantilla, la novela que fue primero noticia","link":"https:\/\/www.eldigitaldeasturias.com\/noticias\/la-cascara-amarga-de-ruiz-mantilla-la-novela-que-fue-primero-noticia\/"}],"_links":{"self":[{"href":"https:\/\/www.eldigitaldeasturias.com\/noticias\/wp-json\/wp\/v2\/posts\/459033","targetHints":{"allow":["GET"]}}],"collection":[{"href":"https:\/\/www.eldigitaldeasturias.com\/noticias\/wp-json\/wp\/v2\/posts"}],"about":[{"href":"https:\/\/www.eldigitaldeasturias.com\/noticias\/wp-json\/wp\/v2\/types\/post"}],"author":[{"embeddable":true,"href":"https:\/\/www.eldigitaldeasturias.com\/noticias\/wp-json\/wp\/v2\/users\/1"}],"replies":[{"embeddable":true,"href":"https:\/\/www.eldigitaldeasturias.com\/noticias\/wp-json\/wp\/v2\/comments?post=459033"}],"version-history":[{"count":0,"href":"https:\/\/www.eldigitaldeasturias.com\/noticias\/wp-json\/wp\/v2\/posts\/459033\/revisions"}],"wp:attachment":[{"href":"https:\/\/www.eldigitaldeasturias.com\/noticias\/wp-json\/wp\/v2\/media?parent=459033"}],"wp:term":[{"taxonomy":"category","embeddable":true,"href":"https:\/\/www.eldigitaldeasturias.com\/noticias\/wp-json\/wp\/v2\/categories?post=459033"},{"taxonomy":"post_tag","embeddable":true,"href":"https:\/\/www.eldigitaldeasturias.com\/noticias\/wp-json\/wp\/v2\/tags?post=459033"}],"curies":[{"name":"wp","href":"https:\/\/api.w.org\/{rel}","templated":true}]}}