{"id":458979,"date":"2013-12-07T16:45:04","date_gmt":"2013-12-07T17:45:04","guid":{"rendered":"http:\/\/www.eldigitaldeasturias.com\/noticias\/?p=458979"},"modified":"2013-12-07T16:45:04","modified_gmt":"2013-12-07T17:45:04","slug":"verasur-films-reflota-la-pelicula-de-pablo-escobar-con-aspiraciones-de-oscar","status":"publish","type":"post","link":"https:\/\/www.eldigitaldeasturias.com\/noticias\/verasur-films-reflota-la-pelicula-de-pablo-escobar-con-aspiraciones-de-oscar\/","title":{"rendered":"Verasur Films reflota la pel\u00edcula de Pablo Escobar con aspiraciones de \u00d3scar"},"content":{"rendered":"<p><img loading=\"lazy\" decoding=\"async\" class=\"alignleft size-medium wp-image-458980\" alt=\"5778192w\" src=\"https:\/\/www.eldigitaldeasturias.com\/noticias\/wp-content\/uploads\/2013\/12\/5778192w-360x291.jpg\" width=\"360\" height=\"291\" \/>Los \u00c1ngeles, 7 dic (EFE).- La productora Verasur Films retom\u00f3 el hasta ahora frustrado proyecto de adaptar a la gran pantalla la vida del narcotraficante colombiano Pablo Escobar, un filme que se realizar\u00e1 para aspirar al \u00d3scar, seg\u00fan confirm\u00f3 hoy a Efe la empresa, y que tendr\u00e1 un presupuesto de entre 25 y 30 millones de d\u00f3lares.<\/p>\n<p>La pr\u00f3xima semana est\u00e1 previsto que se cierre la contrataci\u00f3n del director Antoine Fuqua (\u00abTraining Day\u00bb), que se pondr\u00e1 al frente de una pel\u00edcula con la que ya se comprometi\u00f3 en 2007, cuando por entonces Oliver Stone ejerc\u00eda como productor.<\/p>\n<p>\u00abEs un proyecto que lleva 7 a\u00f1os dando vueltas por Hollywood. Le pas\u00f3 como a &#8216;Black Swan&#8217;, que estuvo doce a\u00f1os hasta que se hizo\u00bb, coment\u00f3 Antonio Merlano, actor y productor colombiano, fundador de Verasur Films junto con Jaime G\u00f3mez Castro.<\/p>\n<p>\u00abLa pel\u00edcula estaba muerta en cierto sentido y nosotros retomamos los contactos. Soy muy fan de la historia de Pablo y siempre he cre\u00eddo en hacer una pel\u00edcula que por lo menos aspire a llegar a un \u00d3scar\u00bb, declar\u00f3 Merlano.<\/p>\n<p>Verasur Films trabaja con \u00abfondos de inversi\u00f3n muy grandes\u00bb, apunt\u00f3 Merlano que una vez resuelto el problema econ\u00f3mico conf\u00eda en poder completar el reparto con estrellas de renombre.<\/p>\n<p>El espa\u00f1ol Javier Bardem, que en el pasado ya estuvo involucrado con otro filme sobre Pablo Escobar que tampoco vio la luz (\u00abKilling Pablo\u00bb), es la primera opci\u00f3n para encarnar al narcotraficante.<\/p>\n<p>\u00abNo hay ning\u00fan otro actor en el planeta que pueda hacer de Pablo Escobar como Javier Bardem. Creo que supondr\u00eda un segundo \u00d3scar para \u00e9l\u00bb, coment\u00f3 Merlano, que asegur\u00f3 que ya hab\u00edan contactado con los representantes del ganador de una estatuilla por \u00abNo Country for Old Men\u00bb.<\/p>\n<p>Si Bardem no estuviera disponible, se barajan los nombres del venezolano \u00c9dgar Ram\u00edrez y del mexicano Demi\u00e1n Bichir para el papel.<\/p>\n<p>En esa lista de deseables se encuentra tambi\u00e9n Al Pacino, para ejercer como agente de narc\u00f3ticos estadounidense, y Sof\u00eda Vergara para uno de los personajes femeninos principales.<\/p>\n<p>Los productores no se han decidido a\u00fan sobre el nombre final del filme, que se rodar\u00e1 en ingl\u00e9s, \u00edntegramente en Colombia y posiblemente en septiembre de 2014, y llevar\u00e1 por t\u00edtulo \u00abThe Balad of Pablo\u00bb o \u00abThe King of Cocaine\u00bb.<\/p>\n<p>David McKenna (\u00abBlow\u00bb, \u00abAmerican History X\u00bb) fue el encargado de escribir el gui\u00f3n.<\/p>\n<p>Verasur Films estrenar\u00e1 en marzo del pr\u00f3ximo a\u00f1o la comedia sobre un mundial de f\u00fatbol callejero (\u00abBolaetrapo\u00bb), y la cinta de terror \u00abLa Noche\u00bb, que sigue el estilo de \u00abThe Blair Witch Project\u00bb; y producir\u00e1n, entre otras, \u00abMexican Ninja\u00bb del director Carlos Rincones, que Merlano describi\u00f3 como \u00abun &#8216;Kill Bill&#8217; de comedia\u00bb.<\/p>\n","protected":false},"excerpt":{"rendered":"<p>Los \u00c1ngeles, 7 dic (EFE).- La productora Verasur Films retom\u00f3 el hasta ahora frustrado proyecto de adaptar a la gran pantalla la vida del narcotraficante colombiano Pablo Escobar, un filme que se realizar\u00e1 para aspirar al \u00d3scar, seg\u00fan confirm\u00f3 hoy a Efe la empresa, y que tendr\u00e1 un presupuesto de entre 25 y 30 millones [&hellip;]<\/p>\n","protected":false},"author":1,"featured_media":458980,"comment_status":"closed","ping_status":"open","sticky":false,"template":"","format":"standard","meta":{"footnotes":""},"categories":[50],"tags":[],"class_list":["post-458979","post","type-post","status-publish","format-standard","has-post-thumbnail","hentry","category-revista-de-ocio"],"aioseo_notices":[],"aioseo_head":"\n\t\t<!-- All in One SEO Pro 5.0.1 - aioseo.com -->\n\t<meta name=\"description\" content=\"Los \u00c1ngeles, 7 dic (EFE).- La productora Verasur Films retom\u00f3 el hasta ahora frustrado proyecto de adaptar a la gran pantalla la vida del narcotraficante colombiano Pablo Escobar, un filme que se realizar\u00e1 para aspirar al \u00d3scar, seg\u00fan confirm\u00f3 hoy a Efe la empresa, y que tendr\u00e1 un presupuesto de entre 25 y 30 millones\" \/>\n\t<meta name=\"robots\" content=\"max-image-preview:large\" \/>\n\t<meta name=\"author\" content=\"El Digital de Asturias\"\/>\n\t<meta name=\"google-site-verification\" content=\"UA-38556648-1\" \/>\n\t<meta name=\"msvalidate.01\" content=\"7dfe9f3f1b24437ab69f4f2559babe99\" \/>\n\t<meta name=\"keywords\" content=\"revista de ocio\" \/>\n\t<link rel=\"canonical\" href=\"https:\/\/www.eldigitaldeasturias.com\/noticias\/verasur-films-reflota-la-pelicula-de-pablo-escobar-con-aspiraciones-de-oscar\/\" \/>\n\t<meta name=\"generator\" content=\"All in One SEO Pro (AIOSEO) 5.0.1\" \/>\n\t\t<meta property=\"og:locale\" content=\"es_ES\" \/>\n\t\t<meta property=\"og:site_name\" content=\"El Digital de Asturias\" \/>\n\t\t<meta property=\"og:type\" content=\"article\" \/>\n\t\t<meta property=\"og:title\" content=\"Verasur Films reflota la pel\u00edcula de Pablo Escobar con aspiraciones de \u00d3scar - El Digital de Asturias\" \/>\n\t\t<meta property=\"og:description\" content=\"Los \u00c1ngeles, 7 dic (EFE).- La productora Verasur Films retom\u00f3 el hasta ahora frustrado proyecto de adaptar a la gran pantalla la vida del narcotraficante colombiano Pablo Escobar, un filme que se realizar\u00e1 para aspirar al \u00d3scar, seg\u00fan confirm\u00f3 hoy a Efe la empresa, y que tendr\u00e1 un presupuesto de entre 25 y 30 millones\" \/>\n\t\t<meta property=\"og:url\" content=\"https:\/\/www.eldigitaldeasturias.com\/noticias\/verasur-films-reflota-la-pelicula-de-pablo-escobar-con-aspiraciones-de-oscar\/\" \/>\n\t\t<meta property=\"article:tag\" content=\"revista de ocio\" \/>\n\t\t<meta property=\"article:published_time\" content=\"2013-12-07T17:45:04+00:00\" \/>\n\t\t<meta property=\"article:modified_time\" content=\"2013-12-07T17:45:04+00:00\" \/>\n\t\t<meta property=\"article:publisher\" content=\"https:\/\/facebook.com\/eldigitaldeasturias\" \/>\n\t\t<meta name=\"twitter:card\" content=\"summary_large_image\" \/>\n\t\t<meta name=\"twitter:title\" content=\"Verasur Films reflota la pel\u00edcula de Pablo Escobar con aspiraciones de \u00d3scar - El Digital de Asturias\" \/>\n\t\t<meta name=\"twitter:description\" content=\"Los \u00c1ngeles, 7 dic (EFE).- La productora Verasur Films retom\u00f3 el hasta ahora frustrado proyecto de adaptar a la gran pantalla la vida del narcotraficante colombiano Pablo Escobar, un filme que se realizar\u00e1 para aspirar al \u00d3scar, seg\u00fan confirm\u00f3 hoy a Efe la empresa, y que tendr\u00e1 un presupuesto de entre 25 y 30 millones\" \/>\n\t\t<meta name=\"twitter:label1\" content=\"Escrito por\" \/>\n\t\t<meta name=\"twitter:data1\" content=\"El Digital de Asturias\" \/>\n\t\t<meta name=\"twitter:label2\" content=\"Tiempo de lectura estimado\" \/>\n\t\t<meta name=\"twitter:data2\" content=\"2 minutos\" \/>\n\t\t<script type=\"application\/ld+json\" class=\"aioseo-schema\">\n\t\t\t{\"@context\":\"https:\\\/\\\/schema.org\",\"@graph\":[{\"@type\":\"BlogPosting\",\"@id\":\"https:\\\/\\\/www.eldigitaldeasturias.com\\\/noticias\\\/verasur-films-reflota-la-pelicula-de-pablo-escobar-con-aspiraciones-de-oscar\\\/#blogposting\",\"name\":\"Verasur Films reflota la pel\\u00edcula de Pablo Escobar con aspiraciones de \\u00d3scar - El Digital de Asturias\",\"headline\":\"Verasur Films reflota la pel\\u00edcula de Pablo Escobar con aspiraciones de \\u00d3scar\",\"author\":{\"@id\":\"https:\\\/\\\/www.eldigitaldeasturias.com\\\/noticias\\\/author\\\/admin\\\/#author\"},\"publisher\":{\"@id\":\"https:\\\/\\\/www.eldigitaldeasturias.com\\\/noticias\\\/#organization\"},\"image\":{\"@type\":\"ImageObject\",\"url\":458980},\"datePublished\":\"2013-12-07T16:45:04+01:00\",\"dateModified\":\"2013-12-07T16:45:04+01:00\",\"inLanguage\":\"es-ES\",\"mainEntityOfPage\":{\"@id\":\"https:\\\/\\\/www.eldigitaldeasturias.com\\\/noticias\\\/verasur-films-reflota-la-pelicula-de-pablo-escobar-con-aspiraciones-de-oscar\\\/#webpage\"},\"isPartOf\":{\"@id\":\"https:\\\/\\\/www.eldigitaldeasturias.com\\\/noticias\\\/verasur-films-reflota-la-pelicula-de-pablo-escobar-con-aspiraciones-de-oscar\\\/#webpage\"},\"articleSection\":\"Revista de Ocio\"},{\"@type\":\"BreadcrumbList\",\"@id\":\"https:\\\/\\\/www.eldigitaldeasturias.com\\\/noticias\\\/verasur-films-reflota-la-pelicula-de-pablo-escobar-con-aspiraciones-de-oscar\\\/#breadcrumblist\",\"itemListElement\":[{\"@type\":\"ListItem\",\"@id\":\"https:\\\/\\\/www.eldigitaldeasturias.com\\\/noticias#listItem\",\"position\":1,\"name\":\"Home\",\"item\":\"https:\\\/\\\/www.eldigitaldeasturias.com\\\/noticias\",\"nextItem\":{\"@type\":\"ListItem\",\"@id\":\"https:\\\/\\\/www.eldigitaldeasturias.com\\\/noticias\\\/category\\\/revista-de-ocio\\\/#listItem\",\"name\":\"Revista de Ocio\"}},{\"@type\":\"ListItem\",\"@id\":\"https:\\\/\\\/www.eldigitaldeasturias.com\\\/noticias\\\/category\\\/revista-de-ocio\\\/#listItem\",\"position\":2,\"name\":\"Revista de Ocio\",\"item\":\"https:\\\/\\\/www.eldigitaldeasturias.com\\\/noticias\\\/category\\\/revista-de-ocio\\\/\",\"nextItem\":{\"@type\":\"ListItem\",\"@id\":\"https:\\\/\\\/www.eldigitaldeasturias.com\\\/noticias\\\/verasur-films-reflota-la-pelicula-de-pablo-escobar-con-aspiraciones-de-oscar\\\/#listItem\",\"name\":\"Verasur Films reflota la pel\\u00edcula de Pablo Escobar con aspiraciones de \\u00d3scar\"},\"previousItem\":{\"@type\":\"ListItem\",\"@id\":\"https:\\\/\\\/www.eldigitaldeasturias.com\\\/noticias#listItem\",\"name\":\"Home\"}},{\"@type\":\"ListItem\",\"@id\":\"https:\\\/\\\/www.eldigitaldeasturias.com\\\/noticias\\\/verasur-films-reflota-la-pelicula-de-pablo-escobar-con-aspiraciones-de-oscar\\\/#listItem\",\"position\":3,\"name\":\"Verasur Films reflota la pel\\u00edcula de Pablo Escobar con aspiraciones de \\u00d3scar\",\"previousItem\":{\"@type\":\"ListItem\",\"@id\":\"https:\\\/\\\/www.eldigitaldeasturias.com\\\/noticias\\\/category\\\/revista-de-ocio\\\/#listItem\",\"name\":\"Revista de Ocio\"}}]},{\"@type\":\"Organization\",\"@id\":\"https:\\\/\\\/www.eldigitaldeasturias.com\\\/noticias\\\/#organization\",\"name\":\"El Digital de Asturias\",\"description\":\"Hemeroteca\",\"url\":\"https:\\\/\\\/www.eldigitaldeasturias.com\\\/noticias\\\/\",\"email\":\"info@eldigitaldeasturias.com\",\"telephone\":\"+34652131393\",\"logo\":{\"@type\":\"ImageObject\",\"url\":\"https:\\\/\\\/www.eldigitaldeasturias.com\\\/noticias\\\/wp-content\\\/uploads\\\/2020\\\/12\\\/EDA.jpg\",\"@id\":\"https:\\\/\\\/www.eldigitaldeasturias.com\\\/noticias\\\/verasur-films-reflota-la-pelicula-de-pablo-escobar-con-aspiraciones-de-oscar\\\/#organizationLogo\"},\"image\":{\"@id\":\"https:\\\/\\\/www.eldigitaldeasturias.com\\\/noticias\\\/verasur-films-reflota-la-pelicula-de-pablo-escobar-con-aspiraciones-de-oscar\\\/#organizationLogo\"},\"sameAs\":[\"https:\\\/\\\/facebook.com\\\/eldigitaldeasturias\",\"https:\\\/\\\/www.youtube.com\\\/channel\\\/UCZP-2wLEB9Rv6erhFmqVnvg\"],\"address\":{\"@id\":\"https:\\\/\\\/www.eldigitaldeasturias.com\\\/noticias\\\/#postaladdress\",\"@type\":\"PostalAddress\",\"streetAddress\":\"san antonio 4\",\"postalCode\":\"33430\",\"addressLocality\":\"Cand\\u00e1s\",\"addressRegion\":\"Asturias\",\"addressCountry\":\"ES\"}},{\"@type\":\"Person\",\"@id\":\"https:\\\/\\\/www.eldigitaldeasturias.com\\\/noticias\\\/author\\\/admin\\\/#author\",\"url\":\"https:\\\/\\\/www.eldigitaldeasturias.com\\\/noticias\\\/author\\\/admin\\\/\",\"name\":\"El Digital de Asturias\",\"image\":{\"@type\":\"ImageObject\",\"@id\":\"https:\\\/\\\/www.eldigitaldeasturias.com\\\/noticias\\\/verasur-films-reflota-la-pelicula-de-pablo-escobar-con-aspiraciones-de-oscar\\\/#authorImage\",\"url\":\"https:\\\/\\\/secure.gravatar.com\\\/avatar\\\/df2aeffc32bcd13f8d26072ef8a91b623d677766deac7f97ca815868cd41bf5e?s=96&d=mm&r=g\",\"width\":96,\"height\":96,\"caption\":\"El Digital de Asturias\"}},{\"@type\":\"WebPage\",\"@id\":\"https:\\\/\\\/www.eldigitaldeasturias.com\\\/noticias\\\/verasur-films-reflota-la-pelicula-de-pablo-escobar-con-aspiraciones-de-oscar\\\/#webpage\",\"url\":\"https:\\\/\\\/www.eldigitaldeasturias.com\\\/noticias\\\/verasur-films-reflota-la-pelicula-de-pablo-escobar-con-aspiraciones-de-oscar\\\/\",\"name\":\"Verasur Films reflota la pel\\u00edcula de Pablo Escobar con aspiraciones de \\u00d3scar - El Digital de Asturias\",\"description\":\"Los \\u00c1ngeles, 7 dic (EFE).- La productora Verasur Films retom\\u00f3 el hasta ahora frustrado proyecto de adaptar a la gran pantalla la vida del narcotraficante colombiano Pablo Escobar, un filme que se realizar\\u00e1 para aspirar al \\u00d3scar, seg\\u00fan confirm\\u00f3 hoy a Efe la empresa, y que tendr\\u00e1 un presupuesto de entre 25 y 30 millones\",\"inLanguage\":\"es-ES\",\"isPartOf\":{\"@id\":\"https:\\\/\\\/www.eldigitaldeasturias.com\\\/noticias\\\/#website\"},\"breadcrumb\":{\"@id\":\"https:\\\/\\\/www.eldigitaldeasturias.com\\\/noticias\\\/verasur-films-reflota-la-pelicula-de-pablo-escobar-con-aspiraciones-de-oscar\\\/#breadcrumblist\"},\"author\":{\"@id\":\"https:\\\/\\\/www.eldigitaldeasturias.com\\\/noticias\\\/author\\\/admin\\\/#author\"},\"creator\":{\"@id\":\"https:\\\/\\\/www.eldigitaldeasturias.com\\\/noticias\\\/author\\\/admin\\\/#author\"},\"image\":{\"@type\":\"ImageObject\",\"url\":458980,\"@id\":\"https:\\\/\\\/www.eldigitaldeasturias.com\\\/noticias\\\/verasur-films-reflota-la-pelicula-de-pablo-escobar-con-aspiraciones-de-oscar\\\/#mainImage\"},\"primaryImageOfPage\":{\"@id\":\"https:\\\/\\\/www.eldigitaldeasturias.com\\\/noticias\\\/verasur-films-reflota-la-pelicula-de-pablo-escobar-con-aspiraciones-de-oscar\\\/#mainImage\"},\"datePublished\":\"2013-12-07T16:45:04+01:00\",\"dateModified\":\"2013-12-07T16:45:04+01:00\"},{\"@type\":\"WebSite\",\"@id\":\"https:\\\/\\\/www.eldigitaldeasturias.com\\\/noticias\\\/#website\",\"url\":\"https:\\\/\\\/www.eldigitaldeasturias.com\\\/noticias\\\/\",\"name\":\"El Digital de Asturias - Diario de actualidad y noticias\",\"alternateName\":\"El Digital de Asturias - Diario de actualidad y noticias\",\"description\":\"Hemeroteca\",\"inLanguage\":\"es-ES\",\"publisher\":{\"@id\":\"https:\\\/\\\/www.eldigitaldeasturias.com\\\/noticias\\\/#organization\"}}]}\n\t\t<\/script>\n\t\t<!-- All in One SEO Pro -->\r\n\t\t<title>Verasur Films reflota la pel\u00edcula de Pablo Escobar con aspiraciones de \u00d3scar - El Digital de Asturias<\/title>\n\n","aioseo_head_json":{"title":"Verasur Films reflota la pel\u00edcula de Pablo Escobar con aspiraciones de \u00d3scar - El Digital de Asturias","description":"Los \u00c1ngeles, 7 dic (EFE).- La productora Verasur Films retom\u00f3 el hasta ahora frustrado proyecto de adaptar a la gran pantalla la vida del narcotraficante colombiano Pablo Escobar, un filme que se realizar\u00e1 para aspirar al \u00d3scar, seg\u00fan confirm\u00f3 hoy a Efe la empresa, y que tendr\u00e1 un presupuesto de entre 25 y 30 millones","canonical_url":"https:\/\/www.eldigitaldeasturias.com\/noticias\/verasur-films-reflota-la-pelicula-de-pablo-escobar-con-aspiraciones-de-oscar\/","robots":"max-image-preview:large","keywords":"revista de ocio","webmasterTools":{"google-site-verification":"UA-38556648-1","msvalidate.01":"7dfe9f3f1b24437ab69f4f2559babe99","miscellaneous":""},"schema":{"@context":"https:\/\/schema.org","@graph":[{"@type":"BlogPosting","@id":"https:\/\/www.eldigitaldeasturias.com\/noticias\/verasur-films-reflota-la-pelicula-de-pablo-escobar-con-aspiraciones-de-oscar\/#blogposting","name":"Verasur Films reflota la pel\u00edcula de Pablo Escobar con aspiraciones de \u00d3scar - El Digital de Asturias","headline":"Verasur Films reflota la pel\u00edcula de Pablo Escobar con aspiraciones de \u00d3scar","author":{"@id":"https:\/\/www.eldigitaldeasturias.com\/noticias\/author\/admin\/#author"},"publisher":{"@id":"https:\/\/www.eldigitaldeasturias.com\/noticias\/#organization"},"image":{"@type":"ImageObject","url":458980},"datePublished":"2013-12-07T16:45:04+01:00","dateModified":"2013-12-07T16:45:04+01:00","inLanguage":"es-ES","mainEntityOfPage":{"@id":"https:\/\/www.eldigitaldeasturias.com\/noticias\/verasur-films-reflota-la-pelicula-de-pablo-escobar-con-aspiraciones-de-oscar\/#webpage"},"isPartOf":{"@id":"https:\/\/www.eldigitaldeasturias.com\/noticias\/verasur-films-reflota-la-pelicula-de-pablo-escobar-con-aspiraciones-de-oscar\/#webpage"},"articleSection":"Revista de Ocio"},{"@type":"BreadcrumbList","@id":"https:\/\/www.eldigitaldeasturias.com\/noticias\/verasur-films-reflota-la-pelicula-de-pablo-escobar-con-aspiraciones-de-oscar\/#breadcrumblist","itemListElement":[{"@type":"ListItem","@id":"https:\/\/www.eldigitaldeasturias.com\/noticias#listItem","position":1,"name":"Home","item":"https:\/\/www.eldigitaldeasturias.com\/noticias","nextItem":{"@type":"ListItem","@id":"https:\/\/www.eldigitaldeasturias.com\/noticias\/category\/revista-de-ocio\/#listItem","name":"Revista de Ocio"}},{"@type":"ListItem","@id":"https:\/\/www.eldigitaldeasturias.com\/noticias\/category\/revista-de-ocio\/#listItem","position":2,"name":"Revista de Ocio","item":"https:\/\/www.eldigitaldeasturias.com\/noticias\/category\/revista-de-ocio\/","nextItem":{"@type":"ListItem","@id":"https:\/\/www.eldigitaldeasturias.com\/noticias\/verasur-films-reflota-la-pelicula-de-pablo-escobar-con-aspiraciones-de-oscar\/#listItem","name":"Verasur Films reflota la pel\u00edcula de Pablo Escobar con aspiraciones de \u00d3scar"},"previousItem":{"@type":"ListItem","@id":"https:\/\/www.eldigitaldeasturias.com\/noticias#listItem","name":"Home"}},{"@type":"ListItem","@id":"https:\/\/www.eldigitaldeasturias.com\/noticias\/verasur-films-reflota-la-pelicula-de-pablo-escobar-con-aspiraciones-de-oscar\/#listItem","position":3,"name":"Verasur Films reflota la pel\u00edcula de Pablo Escobar con aspiraciones de \u00d3scar","previousItem":{"@type":"ListItem","@id":"https:\/\/www.eldigitaldeasturias.com\/noticias\/category\/revista-de-ocio\/#listItem","name":"Revista de Ocio"}}]},{"@type":"Organization","@id":"https:\/\/www.eldigitaldeasturias.com\/noticias\/#organization","name":"El Digital de Asturias","description":"Hemeroteca","url":"https:\/\/www.eldigitaldeasturias.com\/noticias\/","email":"info@eldigitaldeasturias.com","telephone":"+34652131393","logo":{"@type":"ImageObject","url":"https:\/\/www.eldigitaldeasturias.com\/noticias\/wp-content\/uploads\/2020\/12\/EDA.jpg","@id":"https:\/\/www.eldigitaldeasturias.com\/noticias\/verasur-films-reflota-la-pelicula-de-pablo-escobar-con-aspiraciones-de-oscar\/#organizationLogo"},"image":{"@id":"https:\/\/www.eldigitaldeasturias.com\/noticias\/verasur-films-reflota-la-pelicula-de-pablo-escobar-con-aspiraciones-de-oscar\/#organizationLogo"},"sameAs":["https:\/\/facebook.com\/eldigitaldeasturias","https:\/\/www.youtube.com\/channel\/UCZP-2wLEB9Rv6erhFmqVnvg"],"address":{"@id":"https:\/\/www.eldigitaldeasturias.com\/noticias\/#postaladdress","@type":"PostalAddress","streetAddress":"san antonio 4","postalCode":"33430","addressLocality":"Cand\u00e1s","addressRegion":"Asturias","addressCountry":"ES"}},{"@type":"Person","@id":"https:\/\/www.eldigitaldeasturias.com\/noticias\/author\/admin\/#author","url":"https:\/\/www.eldigitaldeasturias.com\/noticias\/author\/admin\/","name":"El Digital de Asturias","image":{"@type":"ImageObject","@id":"https:\/\/www.eldigitaldeasturias.com\/noticias\/verasur-films-reflota-la-pelicula-de-pablo-escobar-con-aspiraciones-de-oscar\/#authorImage","url":"https:\/\/secure.gravatar.com\/avatar\/df2aeffc32bcd13f8d26072ef8a91b623d677766deac7f97ca815868cd41bf5e?s=96&d=mm&r=g","width":96,"height":96,"caption":"El Digital de Asturias"}},{"@type":"WebPage","@id":"https:\/\/www.eldigitaldeasturias.com\/noticias\/verasur-films-reflota-la-pelicula-de-pablo-escobar-con-aspiraciones-de-oscar\/#webpage","url":"https:\/\/www.eldigitaldeasturias.com\/noticias\/verasur-films-reflota-la-pelicula-de-pablo-escobar-con-aspiraciones-de-oscar\/","name":"Verasur Films reflota la pel\u00edcula de Pablo Escobar con aspiraciones de \u00d3scar - El Digital de Asturias","description":"Los \u00c1ngeles, 7 dic (EFE).- La productora Verasur Films retom\u00f3 el hasta ahora frustrado proyecto de adaptar a la gran pantalla la vida del narcotraficante colombiano Pablo Escobar, un filme que se realizar\u00e1 para aspirar al \u00d3scar, seg\u00fan confirm\u00f3 hoy a Efe la empresa, y que tendr\u00e1 un presupuesto de entre 25 y 30 millones","inLanguage":"es-ES","isPartOf":{"@id":"https:\/\/www.eldigitaldeasturias.com\/noticias\/#website"},"breadcrumb":{"@id":"https:\/\/www.eldigitaldeasturias.com\/noticias\/verasur-films-reflota-la-pelicula-de-pablo-escobar-con-aspiraciones-de-oscar\/#breadcrumblist"},"author":{"@id":"https:\/\/www.eldigitaldeasturias.com\/noticias\/author\/admin\/#author"},"creator":{"@id":"https:\/\/www.eldigitaldeasturias.com\/noticias\/author\/admin\/#author"},"image":{"@type":"ImageObject","url":458980,"@id":"https:\/\/www.eldigitaldeasturias.com\/noticias\/verasur-films-reflota-la-pelicula-de-pablo-escobar-con-aspiraciones-de-oscar\/#mainImage"},"primaryImageOfPage":{"@id":"https:\/\/www.eldigitaldeasturias.com\/noticias\/verasur-films-reflota-la-pelicula-de-pablo-escobar-con-aspiraciones-de-oscar\/#mainImage"},"datePublished":"2013-12-07T16:45:04+01:00","dateModified":"2013-12-07T16:45:04+01:00"},{"@type":"WebSite","@id":"https:\/\/www.eldigitaldeasturias.com\/noticias\/#website","url":"https:\/\/www.eldigitaldeasturias.com\/noticias\/","name":"El Digital de Asturias - Diario de actualidad y noticias","alternateName":"El Digital de Asturias - Diario de actualidad y noticias","description":"Hemeroteca","inLanguage":"es-ES","publisher":{"@id":"https:\/\/www.eldigitaldeasturias.com\/noticias\/#organization"}}]},"og:locale":"es_ES","og:site_name":"El Digital de Asturias","og:type":"article","og:title":"Verasur Films reflota la pel\u00edcula de Pablo Escobar con aspiraciones de \u00d3scar - El Digital de Asturias","og:description":"Los \u00c1ngeles, 7 dic (EFE).- La productora Verasur Films retom\u00f3 el hasta ahora frustrado proyecto de adaptar a la gran pantalla la vida del narcotraficante colombiano Pablo Escobar, un filme que se realizar\u00e1 para aspirar al \u00d3scar, seg\u00fan confirm\u00f3 hoy a Efe la empresa, y que tendr\u00e1 un presupuesto de entre 25 y 30 millones","og:url":"https:\/\/www.eldigitaldeasturias.com\/noticias\/verasur-films-reflota-la-pelicula-de-pablo-escobar-con-aspiraciones-de-oscar\/","article:tag":["revista de ocio"],"article:published_time":"2013-12-07T17:45:04+00:00","article:modified_time":"2013-12-07T17:45:04+00:00","article:publisher":"https:\/\/facebook.com\/eldigitaldeasturias","twitter:card":"summary_large_image","twitter:title":"Verasur Films reflota la pel\u00edcula de Pablo Escobar con aspiraciones de \u00d3scar - El Digital de Asturias","twitter:description":"Los \u00c1ngeles, 7 dic (EFE).- La productora Verasur Films retom\u00f3 el hasta ahora frustrado proyecto de adaptar a la gran pantalla la vida del narcotraficante colombiano Pablo Escobar, un filme que se realizar\u00e1 para aspirar al \u00d3scar, seg\u00fan confirm\u00f3 hoy a Efe la empresa, y que tendr\u00e1 un presupuesto de entre 25 y 30 millones","twitter:label1":"Escrito por","twitter:data1":"El Digital de Asturias","twitter:label2":"Tiempo de lectura estimado","twitter:data2":"2 minutos"},"aioseo_meta_data":{"post_id":"458979","title":null,"description":null,"keywords":null,"keyphrases":null,"primary_term":null,"canonical_url":null,"og_title":null,"og_description":null,"og_object_type":"default","og_image_type":"default","og_image_url":null,"og_image_width":null,"og_image_height":null,"og_image_custom_url":null,"og_image_custom_fields":null,"og_video":null,"og_custom_url":null,"og_article_section":null,"og_article_tags":null,"twitter_use_og":true,"twitter_card":"default","twitter_image_type":"default","twitter_image_url":null,"twitter_image_custom_url":null,"twitter_image_custom_fields":null,"twitter_title":null,"twitter_description":null,"schema":{"blockGraphs":[],"customGraphs":[],"default":{"data":{"Article":[],"Course":[],"Dataset":[],"FAQPage":[],"Movie":[],"Person":[],"Product":[],"ProductReview":[],"Car":[],"Recipe":[],"Service":[],"SoftwareApplication":[],"WebPage":[]},"graphName":"","isEnabled":true},"graphs":[],"defaultGraph":"","defaultPostTypeGraph":""},"schema_type":null,"schema_type_options":null,"pillar_content":false,"robots_default":true,"robots_noindex":false,"robots_noarchive":false,"robots_nosnippet":false,"robots_nofollow":false,"robots_noimageindex":false,"robots_noodp":false,"robots_notranslate":false,"robots_max_snippet":null,"robots_max_videopreview":null,"robots_max_imagepreview":"none","priority":null,"frequency":null,"local_seo":null,"seo_analyzer_scan_date":"2026-05-30 07:34:06","breadcrumb_settings":null,"limit_modified_date":false,"open_ai":null,"ai":null,"created":"2020-11-14 22:46:26","updated":"2026-05-30 07:34:06","focus_keyword":null,"additional_keywords":null,"truseo_locale":null},"aioseo_breadcrumb":"<div class=\"aioseo-breadcrumbs\"><span class=\"aioseo-breadcrumb\">\n\t<a href=\"https:\/\/www.eldigitaldeasturias.com\/noticias\" title=\"Home\">Home<\/a>\n<\/span><span class=\"aioseo-breadcrumb-separator\">\u2013<\/span><span class=\"aioseo-breadcrumb\">\n\t<a href=\"https:\/\/www.eldigitaldeasturias.com\/noticias\/category\/revista-de-ocio\/\" title=\"Revista de Ocio\">Revista de Ocio<\/a>\n<\/span><span class=\"aioseo-breadcrumb-separator\">\u2013<\/span><span class=\"aioseo-breadcrumb\">\n\t<a href=\"https:\/\/www.eldigitaldeasturias.com\/noticias\/verasur-films-reflota-la-pelicula-de-pablo-escobar-con-aspiraciones-de-oscar\/\" title=\"Verasur Films reflota la pel\u00edcula de Pablo Escobar con aspiraciones de \u00d3scar\">Verasur Films reflota la pel\u00edcula de Pablo Escobar con aspiraciones de \u00d3scar<\/a>\n<\/span><\/div>","aioseo_breadcrumb_json":[{"label":"Home","link":"https:\/\/www.eldigitaldeasturias.com\/noticias"},{"label":"Revista de Ocio","link":"https:\/\/www.eldigitaldeasturias.com\/noticias\/category\/revista-de-ocio\/"},{"label":"Verasur Films reflota la pel\u00edcula de Pablo Escobar con aspiraciones de \u00d3scar","link":"https:\/\/www.eldigitaldeasturias.com\/noticias\/verasur-films-reflota-la-pelicula-de-pablo-escobar-con-aspiraciones-de-oscar\/"}],"_links":{"self":[{"href":"https:\/\/www.eldigitaldeasturias.com\/noticias\/wp-json\/wp\/v2\/posts\/458979","targetHints":{"allow":["GET"]}}],"collection":[{"href":"https:\/\/www.eldigitaldeasturias.com\/noticias\/wp-json\/wp\/v2\/posts"}],"about":[{"href":"https:\/\/www.eldigitaldeasturias.com\/noticias\/wp-json\/wp\/v2\/types\/post"}],"author":[{"embeddable":true,"href":"https:\/\/www.eldigitaldeasturias.com\/noticias\/wp-json\/wp\/v2\/users\/1"}],"replies":[{"embeddable":true,"href":"https:\/\/www.eldigitaldeasturias.com\/noticias\/wp-json\/wp\/v2\/comments?post=458979"}],"version-history":[{"count":0,"href":"https:\/\/www.eldigitaldeasturias.com\/noticias\/wp-json\/wp\/v2\/posts\/458979\/revisions"}],"wp:attachment":[{"href":"https:\/\/www.eldigitaldeasturias.com\/noticias\/wp-json\/wp\/v2\/media?parent=458979"}],"wp:term":[{"taxonomy":"category","embeddable":true,"href":"https:\/\/www.eldigitaldeasturias.com\/noticias\/wp-json\/wp\/v2\/categories?post=458979"},{"taxonomy":"post_tag","embeddable":true,"href":"https:\/\/www.eldigitaldeasturias.com\/noticias\/wp-json\/wp\/v2\/tags?post=458979"}],"curies":[{"name":"wp","href":"https:\/\/api.w.org\/{rel}","templated":true}]}}