{"id":458973,"date":"2013-12-07T16:42:21","date_gmt":"2013-12-07T17:42:21","guid":{"rendered":"http:\/\/www.eldigitaldeasturias.com\/noticias\/?p=458973"},"modified":"2013-12-07T16:42:21","modified_gmt":"2013-12-07T17:42:21","slug":"jay-z-copa-las-nominaciones-de-los-grammy","status":"publish","type":"post","link":"https:\/\/www.eldigitaldeasturias.com\/noticias\/jay-z-copa-las-nominaciones-de-los-grammy\/","title":{"rendered":"Jay Z copa las nominaciones de los Grammy"},"content":{"rendered":"<p><img loading=\"lazy\" decoding=\"async\" class=\"alignleft size-medium wp-image-458974\" alt=\"5778318w\" src=\"https:\/\/www.eldigitaldeasturias.com\/noticias\/wp-content\/uploads\/2013\/12\/5778318w-360x271.jpg\" width=\"360\" height=\"271\" \/>Los \u00c1ngeles, 7 dic (EFE).- El rapero Jay Z cosech\u00f3 el mayor n\u00famero de candidaturas para la 56 edici\u00f3n de los premios Grammy, 9 en total, seg\u00fan anunci\u00f3 este viernes la Academia de la Grabaci\u00f3n de EEUU, si bien qued\u00f3 fuera de las categor\u00edas principales donde Macklemore &amp; Ryan Lewis, Daft Punk y Lorde llevaron la voz cantante.<\/p>\n<p>Entre los latinos resultaron nominados el m\u00fasico cubano Paquito D&#8217;Rivera, que logr\u00f3 dos menciones en jazz, as\u00ed como Gloria Estefan, Marc Anthony, Carlos Vives y la espa\u00f1ola Buika, entre otros.<\/p>\n<p>Daft Punk es el \u00fanico artista que podr\u00eda lograr el doble premio de mejor \u00e1lbum y mejor grabaci\u00f3n del a\u00f1o, los Grammy m\u00e1s relevantes, gracias a su disco \u00abRandom Access Memories\u00bb y su tema \u00abGet Lucky\u00bb.<\/p>\n<p>El grupo, sin embargo, no fue reconocido en la categor\u00eda de mejor canci\u00f3n (que destaca las composiciones) donde s\u00ed est\u00e1 Macklemore &amp; Ryan Lewis con \u00abSame Love\u00bb, y no su sonado \u00abThrift Shop\u00bb, que s\u00ed puede hacerse con un Grammy como mejor actuaci\u00f3n de rap.<\/p>\n<p>Ese d\u00fao se hizo con 7 nominaciones, lo mismo que Kendrick Lamar, Pharrell y Justin Timberlake, que se alzaron con tres m\u00e1s que Daft Punk, Lorde, Bruno Mars y Taylor Swift, que tambi\u00e9n opta al mejor \u00e1lbum del a\u00f1o por \u00abRed\u00bb.<\/p>\n<p>Esa categor\u00eda la completaron Macklemore &amp; Ryan Lewis (\u00abThe Heist\u00bb), Kendrick Lamar (\u00abGood Kid, M.A.A.D. City\u00bb) y Sara Bareilles (\u00abThe Blessed Unrest\u00bb).<\/p>\n<p>\u00abGet Lucky\u00bb, cuya melod\u00eda son\u00f3 de fondo durante el concierto televisado desde Los \u00c1ngeles en el que se dieron a conocer hoy los nominados, parte como favorita a grabaci\u00f3n del a\u00f1o, donde se medir\u00e1 con \u00abRadioactive\u00bb de Imagine Dragons, \u00abRoyals\u00bb de Lorde, \u00abLocked Out of Heaven\u00bb de Bruno Mars, as\u00ed como con \u00abBlurred Lines\u00bb (Robin Thicke con T.I. y Pharrell Williams).<\/p>\n<p>Mars y Lorde repiten con esos mismos temas para el Grammy de mejor canci\u00f3n donde, adem\u00e1s de Macklemore &amp; Ryan Lewis, figuran Pink por \u00abJust Give Me A Reason\u00bb y Katy Perry por \u00abRoar\u00bb.<\/p>\n<p>Jay Z arras\u00f3 en rap, incluida una menci\u00f3n al mejor \u00e1lbum con \u00abMagna Carta&#8230;Holy Grail\u00bb, y competir\u00e1 por varios premios de interpretaci\u00f3n.<\/p>\n<p>Gloria Estefan se hizo con \u00abThe Standards\u00bb con opciones para llevarse el Grammy de mejor \u00e1lbum tradicional pop, mientras que en pop latino las nominaciones se las repartieron Frankie J. (\u00abFaith, Hope y Amor\u00bb), Ricardo Montaner (\u00abViajero Frecuente\u00bb), Draco Rosa (\u00abVida\u00bb), Aleks Syntek (\u00abSyntek\u00bb) y Tommy Torres (\u00abHistorias\u00bb).<\/p>\n<p>Los mexicanos Caf\u00e9 Tacvba entraron en la disputa por el gram\u00f3fono dorado en la categor\u00eda de mejor \u00e1lbum latino de m\u00fasica rock, urbana o alternativa por \u00abEl objeto antes llamado disco\u00bb.<\/p>\n<p>Ese galard\u00f3n tambi\u00e9n podr\u00eda ir a parar a las manos de El Tri (\u00abOjo por ojo\u00bb), Illya Kuryaki and The Valderramas (\u00abChances\u00bb), La Santa Cecilia (\u00abTreinta d\u00edas\u00bb) y Los Amigos Invisibles (\u00abRepeat After Me\u00bb).<\/p>\n<p>Marc Anthony tiene opciones al Grammy de mejor \u00e1lbum tropical latino con \u00ab3.0\u00bb, lo mismo que Carlos Vives con su \u00abCoraz\u00f3n profundo\u00bb, entre otros.<\/p>\n<p>La espa\u00f1ola Buika y su \u00abLa noche m\u00e1s larga\u00bb se medir\u00e1 por el mejor \u00e1lbum de jazz latino con los cubanos Paquito D&#8217;Rivera y Tr\u00edo Corrente (\u00abSong for Maura\u00bb), Roberto Fonseca (\u00abYo\u00bb), Omar Sosa (\u00abEggun\u00bb) y los estadounidenses Wayne Wallace Latin Jazz Quintet (\u00abLatin Jazz-Jazz Latin\u00bb).<\/p>\n<p>El flamenco estuvo representado por los franceses Gipsy Kings con su disco \u00abSabor flamenco\u00bb, candidato al mejor \u00e1lbum de m\u00fasicas del mundo.<\/p>\n<p>En la lista de candidatos a los Grammy no faltaron leyendas como Mick Jagger y Keith Richards, o Paul McCartney, que optar\u00e1n a mejor canci\u00f3n (composici\u00f3n) de rock por \u00abDoom and Gloom\u00bb y \u00abCut Me Some Slack\u00bb, respectivamente; as\u00ed como David Bowie, Led Zeppelin y Neil Young, que compiten por el mejor \u00e1lbum rock.<\/p>\n<p>El anuncio de nominaciones estuvo aderezado por una gala concierto en el teatro Nokia de Los \u00c1ngeles en la que se escucharon los \u00e9xitos de Katy Perry, Taylor Swift, Keith Urban y Miguel (artista de ascendencia mexicana y candidato a dos Grammy), Lorde, Macklermore &amp; Ryan Lewis y Robin Thicke con su \u00abBlurred Lines\u00bb.<\/p>\n<p>La entrega de los galardones para las 82 categor\u00edas que componen la presente edici\u00f3n de los Grammy ser\u00e1 el pr\u00f3ximo 26 de enero en el pabell\u00f3n Staples Center de Los \u00c1ngeles.<\/p>\n","protected":false},"excerpt":{"rendered":"<p>Los \u00c1ngeles, 7 dic (EFE).- El rapero Jay Z cosech\u00f3 el mayor n\u00famero de candidaturas para la 56 edici\u00f3n de los premios Grammy, 9 en total, seg\u00fan anunci\u00f3 este viernes la Academia de la Grabaci\u00f3n de EEUU, si bien qued\u00f3 fuera de las categor\u00edas principales donde Macklemore &amp; Ryan Lewis, Daft Punk y Lorde llevaron [&hellip;]<\/p>\n","protected":false},"author":1,"featured_media":458974,"comment_status":"closed","ping_status":"open","sticky":false,"template":"","format":"standard","meta":{"footnotes":""},"categories":[50],"tags":[],"class_list":["post-458973","post","type-post","status-publish","format-standard","has-post-thumbnail","hentry","category-revista-de-ocio"],"aioseo_notices":[],"aioseo_head":"\n\t\t<!-- All in One SEO Pro 5.0.1 - aioseo.com -->\n\t<meta name=\"description\" content=\"Los \u00c1ngeles, 7 dic (EFE).- El rapero Jay Z cosech\u00f3 el mayor n\u00famero de candidaturas para la 56 edici\u00f3n de los premios Grammy, 9 en total, seg\u00fan anunci\u00f3 este viernes la Academia de la Grabaci\u00f3n de EEUU, si bien qued\u00f3 fuera de las categor\u00edas principales donde Macklemore &amp; Ryan Lewis, Daft Punk y Lorde llevaron\" \/>\n\t<meta name=\"robots\" content=\"max-image-preview:large\" \/>\n\t<meta name=\"author\" content=\"El Digital de Asturias\"\/>\n\t<meta name=\"google-site-verification\" content=\"UA-38556648-1\" \/>\n\t<meta name=\"msvalidate.01\" content=\"7dfe9f3f1b24437ab69f4f2559babe99\" \/>\n\t<meta name=\"keywords\" content=\"revista de ocio\" \/>\n\t<link rel=\"canonical\" href=\"https:\/\/www.eldigitaldeasturias.com\/noticias\/jay-z-copa-las-nominaciones-de-los-grammy\/\" \/>\n\t<meta name=\"generator\" content=\"All in One SEO Pro (AIOSEO) 5.0.1\" \/>\n\t\t<meta property=\"og:locale\" content=\"es_ES\" \/>\n\t\t<meta property=\"og:site_name\" content=\"El Digital de Asturias\" \/>\n\t\t<meta property=\"og:type\" content=\"article\" \/>\n\t\t<meta property=\"og:title\" content=\"Jay Z copa las nominaciones de los Grammy - El Digital de Asturias\" \/>\n\t\t<meta property=\"og:description\" content=\"Los \u00c1ngeles, 7 dic (EFE).- El rapero Jay Z cosech\u00f3 el mayor n\u00famero de candidaturas para la 56 edici\u00f3n de los premios Grammy, 9 en total, seg\u00fan anunci\u00f3 este viernes la Academia de la Grabaci\u00f3n de EEUU, si bien qued\u00f3 fuera de las categor\u00edas principales donde Macklemore &amp; Ryan Lewis, Daft Punk y Lorde llevaron\" \/>\n\t\t<meta property=\"og:url\" content=\"https:\/\/www.eldigitaldeasturias.com\/noticias\/jay-z-copa-las-nominaciones-de-los-grammy\/\" \/>\n\t\t<meta property=\"article:tag\" content=\"revista de ocio\" \/>\n\t\t<meta property=\"article:published_time\" content=\"2013-12-07T17:42:21+00:00\" \/>\n\t\t<meta property=\"article:modified_time\" content=\"2013-12-07T17:42:21+00:00\" \/>\n\t\t<meta property=\"article:publisher\" content=\"https:\/\/facebook.com\/eldigitaldeasturias\" \/>\n\t\t<meta name=\"twitter:card\" content=\"summary_large_image\" \/>\n\t\t<meta name=\"twitter:title\" content=\"Jay Z copa las nominaciones de los Grammy - El Digital de Asturias\" \/>\n\t\t<meta name=\"twitter:description\" content=\"Los \u00c1ngeles, 7 dic (EFE).- El rapero Jay Z cosech\u00f3 el mayor n\u00famero de candidaturas para la 56 edici\u00f3n de los premios Grammy, 9 en total, seg\u00fan anunci\u00f3 este viernes la Academia de la Grabaci\u00f3n de EEUU, si bien qued\u00f3 fuera de las categor\u00edas principales donde Macklemore &amp; Ryan Lewis, Daft Punk y Lorde llevaron\" \/>\n\t\t<meta name=\"twitter:label1\" content=\"Escrito por\" \/>\n\t\t<meta name=\"twitter:data1\" content=\"El Digital de Asturias\" \/>\n\t\t<meta name=\"twitter:label2\" content=\"Tiempo de lectura estimado\" \/>\n\t\t<meta name=\"twitter:data2\" content=\"4 minutos\" \/>\n\t\t<script type=\"application\/ld+json\" class=\"aioseo-schema\">\n\t\t\t{\"@context\":\"https:\\\/\\\/schema.org\",\"@graph\":[{\"@type\":\"BlogPosting\",\"@id\":\"https:\\\/\\\/www.eldigitaldeasturias.com\\\/noticias\\\/jay-z-copa-las-nominaciones-de-los-grammy\\\/#blogposting\",\"name\":\"Jay Z copa las nominaciones de los Grammy - El Digital de Asturias\",\"headline\":\"Jay Z copa las nominaciones de los Grammy\",\"author\":{\"@id\":\"https:\\\/\\\/www.eldigitaldeasturias.com\\\/noticias\\\/author\\\/admin\\\/#author\"},\"publisher\":{\"@id\":\"https:\\\/\\\/www.eldigitaldeasturias.com\\\/noticias\\\/#organization\"},\"image\":{\"@type\":\"ImageObject\",\"url\":458974},\"datePublished\":\"2013-12-07T16:42:21+01:00\",\"dateModified\":\"2013-12-07T16:42:21+01:00\",\"inLanguage\":\"es-ES\",\"mainEntityOfPage\":{\"@id\":\"https:\\\/\\\/www.eldigitaldeasturias.com\\\/noticias\\\/jay-z-copa-las-nominaciones-de-los-grammy\\\/#webpage\"},\"isPartOf\":{\"@id\":\"https:\\\/\\\/www.eldigitaldeasturias.com\\\/noticias\\\/jay-z-copa-las-nominaciones-de-los-grammy\\\/#webpage\"},\"articleSection\":\"Revista de Ocio\"},{\"@type\":\"BreadcrumbList\",\"@id\":\"https:\\\/\\\/www.eldigitaldeasturias.com\\\/noticias\\\/jay-z-copa-las-nominaciones-de-los-grammy\\\/#breadcrumblist\",\"itemListElement\":[{\"@type\":\"ListItem\",\"@id\":\"https:\\\/\\\/www.eldigitaldeasturias.com\\\/noticias#listItem\",\"position\":1,\"name\":\"Home\",\"item\":\"https:\\\/\\\/www.eldigitaldeasturias.com\\\/noticias\",\"nextItem\":{\"@type\":\"ListItem\",\"@id\":\"https:\\\/\\\/www.eldigitaldeasturias.com\\\/noticias\\\/category\\\/revista-de-ocio\\\/#listItem\",\"name\":\"Revista de Ocio\"}},{\"@type\":\"ListItem\",\"@id\":\"https:\\\/\\\/www.eldigitaldeasturias.com\\\/noticias\\\/category\\\/revista-de-ocio\\\/#listItem\",\"position\":2,\"name\":\"Revista de Ocio\",\"item\":\"https:\\\/\\\/www.eldigitaldeasturias.com\\\/noticias\\\/category\\\/revista-de-ocio\\\/\",\"nextItem\":{\"@type\":\"ListItem\",\"@id\":\"https:\\\/\\\/www.eldigitaldeasturias.com\\\/noticias\\\/jay-z-copa-las-nominaciones-de-los-grammy\\\/#listItem\",\"name\":\"Jay Z copa las nominaciones de los Grammy\"},\"previousItem\":{\"@type\":\"ListItem\",\"@id\":\"https:\\\/\\\/www.eldigitaldeasturias.com\\\/noticias#listItem\",\"name\":\"Home\"}},{\"@type\":\"ListItem\",\"@id\":\"https:\\\/\\\/www.eldigitaldeasturias.com\\\/noticias\\\/jay-z-copa-las-nominaciones-de-los-grammy\\\/#listItem\",\"position\":3,\"name\":\"Jay Z copa las nominaciones de los Grammy\",\"previousItem\":{\"@type\":\"ListItem\",\"@id\":\"https:\\\/\\\/www.eldigitaldeasturias.com\\\/noticias\\\/category\\\/revista-de-ocio\\\/#listItem\",\"name\":\"Revista de Ocio\"}}]},{\"@type\":\"Organization\",\"@id\":\"https:\\\/\\\/www.eldigitaldeasturias.com\\\/noticias\\\/#organization\",\"name\":\"El Digital de Asturias\",\"description\":\"Hemeroteca\",\"url\":\"https:\\\/\\\/www.eldigitaldeasturias.com\\\/noticias\\\/\",\"email\":\"info@eldigitaldeasturias.com\",\"telephone\":\"+34652131393\",\"logo\":{\"@type\":\"ImageObject\",\"url\":\"https:\\\/\\\/www.eldigitaldeasturias.com\\\/noticias\\\/wp-content\\\/uploads\\\/2020\\\/12\\\/EDA.jpg\",\"@id\":\"https:\\\/\\\/www.eldigitaldeasturias.com\\\/noticias\\\/jay-z-copa-las-nominaciones-de-los-grammy\\\/#organizationLogo\"},\"image\":{\"@id\":\"https:\\\/\\\/www.eldigitaldeasturias.com\\\/noticias\\\/jay-z-copa-las-nominaciones-de-los-grammy\\\/#organizationLogo\"},\"sameAs\":[\"https:\\\/\\\/facebook.com\\\/eldigitaldeasturias\",\"https:\\\/\\\/www.youtube.com\\\/channel\\\/UCZP-2wLEB9Rv6erhFmqVnvg\"],\"address\":{\"@id\":\"https:\\\/\\\/www.eldigitaldeasturias.com\\\/noticias\\\/#postaladdress\",\"@type\":\"PostalAddress\",\"streetAddress\":\"san antonio 4\",\"postalCode\":\"33430\",\"addressLocality\":\"Cand\\u00e1s\",\"addressRegion\":\"Asturias\",\"addressCountry\":\"ES\"}},{\"@type\":\"Person\",\"@id\":\"https:\\\/\\\/www.eldigitaldeasturias.com\\\/noticias\\\/author\\\/admin\\\/#author\",\"url\":\"https:\\\/\\\/www.eldigitaldeasturias.com\\\/noticias\\\/author\\\/admin\\\/\",\"name\":\"El Digital de Asturias\",\"image\":{\"@type\":\"ImageObject\",\"@id\":\"https:\\\/\\\/www.eldigitaldeasturias.com\\\/noticias\\\/jay-z-copa-las-nominaciones-de-los-grammy\\\/#authorImage\",\"url\":\"https:\\\/\\\/secure.gravatar.com\\\/avatar\\\/df2aeffc32bcd13f8d26072ef8a91b623d677766deac7f97ca815868cd41bf5e?s=96&d=mm&r=g\",\"width\":96,\"height\":96,\"caption\":\"El Digital de Asturias\"}},{\"@type\":\"WebPage\",\"@id\":\"https:\\\/\\\/www.eldigitaldeasturias.com\\\/noticias\\\/jay-z-copa-las-nominaciones-de-los-grammy\\\/#webpage\",\"url\":\"https:\\\/\\\/www.eldigitaldeasturias.com\\\/noticias\\\/jay-z-copa-las-nominaciones-de-los-grammy\\\/\",\"name\":\"Jay Z copa las nominaciones de los Grammy - El Digital de Asturias\",\"description\":\"Los \\u00c1ngeles, 7 dic (EFE).- El rapero Jay Z cosech\\u00f3 el mayor n\\u00famero de candidaturas para la 56 edici\\u00f3n de los premios Grammy, 9 en total, seg\\u00fan anunci\\u00f3 este viernes la Academia de la Grabaci\\u00f3n de EEUU, si bien qued\\u00f3 fuera de las categor\\u00edas principales donde Macklemore & Ryan Lewis, Daft Punk y Lorde llevaron\",\"inLanguage\":\"es-ES\",\"isPartOf\":{\"@id\":\"https:\\\/\\\/www.eldigitaldeasturias.com\\\/noticias\\\/#website\"},\"breadcrumb\":{\"@id\":\"https:\\\/\\\/www.eldigitaldeasturias.com\\\/noticias\\\/jay-z-copa-las-nominaciones-de-los-grammy\\\/#breadcrumblist\"},\"author\":{\"@id\":\"https:\\\/\\\/www.eldigitaldeasturias.com\\\/noticias\\\/author\\\/admin\\\/#author\"},\"creator\":{\"@id\":\"https:\\\/\\\/www.eldigitaldeasturias.com\\\/noticias\\\/author\\\/admin\\\/#author\"},\"image\":{\"@type\":\"ImageObject\",\"url\":458974,\"@id\":\"https:\\\/\\\/www.eldigitaldeasturias.com\\\/noticias\\\/jay-z-copa-las-nominaciones-de-los-grammy\\\/#mainImage\"},\"primaryImageOfPage\":{\"@id\":\"https:\\\/\\\/www.eldigitaldeasturias.com\\\/noticias\\\/jay-z-copa-las-nominaciones-de-los-grammy\\\/#mainImage\"},\"datePublished\":\"2013-12-07T16:42:21+01:00\",\"dateModified\":\"2013-12-07T16:42:21+01:00\"},{\"@type\":\"WebSite\",\"@id\":\"https:\\\/\\\/www.eldigitaldeasturias.com\\\/noticias\\\/#website\",\"url\":\"https:\\\/\\\/www.eldigitaldeasturias.com\\\/noticias\\\/\",\"name\":\"El Digital de Asturias - Diario de actualidad y noticias\",\"alternateName\":\"El Digital de Asturias - Diario de actualidad y noticias\",\"description\":\"Hemeroteca\",\"inLanguage\":\"es-ES\",\"publisher\":{\"@id\":\"https:\\\/\\\/www.eldigitaldeasturias.com\\\/noticias\\\/#organization\"}}]}\n\t\t<\/script>\n\t\t<!-- All in One SEO Pro -->\r\n\t\t<title>Jay Z copa las nominaciones de los Grammy - El Digital de Asturias<\/title>\n\n","aioseo_head_json":{"title":"Jay Z copa las nominaciones de los Grammy - El Digital de Asturias","description":"Los \u00c1ngeles, 7 dic (EFE).- El rapero Jay Z cosech\u00f3 el mayor n\u00famero de candidaturas para la 56 edici\u00f3n de los premios Grammy, 9 en total, seg\u00fan anunci\u00f3 este viernes la Academia de la Grabaci\u00f3n de EEUU, si bien qued\u00f3 fuera de las categor\u00edas principales donde Macklemore & Ryan Lewis, Daft Punk y Lorde llevaron","canonical_url":"https:\/\/www.eldigitaldeasturias.com\/noticias\/jay-z-copa-las-nominaciones-de-los-grammy\/","robots":"max-image-preview:large","keywords":"revista de ocio","webmasterTools":{"google-site-verification":"UA-38556648-1","msvalidate.01":"7dfe9f3f1b24437ab69f4f2559babe99","miscellaneous":""},"schema":{"@context":"https:\/\/schema.org","@graph":[{"@type":"BlogPosting","@id":"https:\/\/www.eldigitaldeasturias.com\/noticias\/jay-z-copa-las-nominaciones-de-los-grammy\/#blogposting","name":"Jay Z copa las nominaciones de los Grammy - El Digital de Asturias","headline":"Jay Z copa las nominaciones de los Grammy","author":{"@id":"https:\/\/www.eldigitaldeasturias.com\/noticias\/author\/admin\/#author"},"publisher":{"@id":"https:\/\/www.eldigitaldeasturias.com\/noticias\/#organization"},"image":{"@type":"ImageObject","url":458974},"datePublished":"2013-12-07T16:42:21+01:00","dateModified":"2013-12-07T16:42:21+01:00","inLanguage":"es-ES","mainEntityOfPage":{"@id":"https:\/\/www.eldigitaldeasturias.com\/noticias\/jay-z-copa-las-nominaciones-de-los-grammy\/#webpage"},"isPartOf":{"@id":"https:\/\/www.eldigitaldeasturias.com\/noticias\/jay-z-copa-las-nominaciones-de-los-grammy\/#webpage"},"articleSection":"Revista de Ocio"},{"@type":"BreadcrumbList","@id":"https:\/\/www.eldigitaldeasturias.com\/noticias\/jay-z-copa-las-nominaciones-de-los-grammy\/#breadcrumblist","itemListElement":[{"@type":"ListItem","@id":"https:\/\/www.eldigitaldeasturias.com\/noticias#listItem","position":1,"name":"Home","item":"https:\/\/www.eldigitaldeasturias.com\/noticias","nextItem":{"@type":"ListItem","@id":"https:\/\/www.eldigitaldeasturias.com\/noticias\/category\/revista-de-ocio\/#listItem","name":"Revista de Ocio"}},{"@type":"ListItem","@id":"https:\/\/www.eldigitaldeasturias.com\/noticias\/category\/revista-de-ocio\/#listItem","position":2,"name":"Revista de Ocio","item":"https:\/\/www.eldigitaldeasturias.com\/noticias\/category\/revista-de-ocio\/","nextItem":{"@type":"ListItem","@id":"https:\/\/www.eldigitaldeasturias.com\/noticias\/jay-z-copa-las-nominaciones-de-los-grammy\/#listItem","name":"Jay Z copa las nominaciones de los Grammy"},"previousItem":{"@type":"ListItem","@id":"https:\/\/www.eldigitaldeasturias.com\/noticias#listItem","name":"Home"}},{"@type":"ListItem","@id":"https:\/\/www.eldigitaldeasturias.com\/noticias\/jay-z-copa-las-nominaciones-de-los-grammy\/#listItem","position":3,"name":"Jay Z copa las nominaciones de los Grammy","previousItem":{"@type":"ListItem","@id":"https:\/\/www.eldigitaldeasturias.com\/noticias\/category\/revista-de-ocio\/#listItem","name":"Revista de Ocio"}}]},{"@type":"Organization","@id":"https:\/\/www.eldigitaldeasturias.com\/noticias\/#organization","name":"El Digital de Asturias","description":"Hemeroteca","url":"https:\/\/www.eldigitaldeasturias.com\/noticias\/","email":"info@eldigitaldeasturias.com","telephone":"+34652131393","logo":{"@type":"ImageObject","url":"https:\/\/www.eldigitaldeasturias.com\/noticias\/wp-content\/uploads\/2020\/12\/EDA.jpg","@id":"https:\/\/www.eldigitaldeasturias.com\/noticias\/jay-z-copa-las-nominaciones-de-los-grammy\/#organizationLogo"},"image":{"@id":"https:\/\/www.eldigitaldeasturias.com\/noticias\/jay-z-copa-las-nominaciones-de-los-grammy\/#organizationLogo"},"sameAs":["https:\/\/facebook.com\/eldigitaldeasturias","https:\/\/www.youtube.com\/channel\/UCZP-2wLEB9Rv6erhFmqVnvg"],"address":{"@id":"https:\/\/www.eldigitaldeasturias.com\/noticias\/#postaladdress","@type":"PostalAddress","streetAddress":"san antonio 4","postalCode":"33430","addressLocality":"Cand\u00e1s","addressRegion":"Asturias","addressCountry":"ES"}},{"@type":"Person","@id":"https:\/\/www.eldigitaldeasturias.com\/noticias\/author\/admin\/#author","url":"https:\/\/www.eldigitaldeasturias.com\/noticias\/author\/admin\/","name":"El Digital de Asturias","image":{"@type":"ImageObject","@id":"https:\/\/www.eldigitaldeasturias.com\/noticias\/jay-z-copa-las-nominaciones-de-los-grammy\/#authorImage","url":"https:\/\/secure.gravatar.com\/avatar\/df2aeffc32bcd13f8d26072ef8a91b623d677766deac7f97ca815868cd41bf5e?s=96&d=mm&r=g","width":96,"height":96,"caption":"El Digital de Asturias"}},{"@type":"WebPage","@id":"https:\/\/www.eldigitaldeasturias.com\/noticias\/jay-z-copa-las-nominaciones-de-los-grammy\/#webpage","url":"https:\/\/www.eldigitaldeasturias.com\/noticias\/jay-z-copa-las-nominaciones-de-los-grammy\/","name":"Jay Z copa las nominaciones de los Grammy - El Digital de Asturias","description":"Los \u00c1ngeles, 7 dic (EFE).- El rapero Jay Z cosech\u00f3 el mayor n\u00famero de candidaturas para la 56 edici\u00f3n de los premios Grammy, 9 en total, seg\u00fan anunci\u00f3 este viernes la Academia de la Grabaci\u00f3n de EEUU, si bien qued\u00f3 fuera de las categor\u00edas principales donde Macklemore & Ryan Lewis, Daft Punk y Lorde llevaron","inLanguage":"es-ES","isPartOf":{"@id":"https:\/\/www.eldigitaldeasturias.com\/noticias\/#website"},"breadcrumb":{"@id":"https:\/\/www.eldigitaldeasturias.com\/noticias\/jay-z-copa-las-nominaciones-de-los-grammy\/#breadcrumblist"},"author":{"@id":"https:\/\/www.eldigitaldeasturias.com\/noticias\/author\/admin\/#author"},"creator":{"@id":"https:\/\/www.eldigitaldeasturias.com\/noticias\/author\/admin\/#author"},"image":{"@type":"ImageObject","url":458974,"@id":"https:\/\/www.eldigitaldeasturias.com\/noticias\/jay-z-copa-las-nominaciones-de-los-grammy\/#mainImage"},"primaryImageOfPage":{"@id":"https:\/\/www.eldigitaldeasturias.com\/noticias\/jay-z-copa-las-nominaciones-de-los-grammy\/#mainImage"},"datePublished":"2013-12-07T16:42:21+01:00","dateModified":"2013-12-07T16:42:21+01:00"},{"@type":"WebSite","@id":"https:\/\/www.eldigitaldeasturias.com\/noticias\/#website","url":"https:\/\/www.eldigitaldeasturias.com\/noticias\/","name":"El Digital de Asturias - Diario de actualidad y noticias","alternateName":"El Digital de Asturias - Diario de actualidad y noticias","description":"Hemeroteca","inLanguage":"es-ES","publisher":{"@id":"https:\/\/www.eldigitaldeasturias.com\/noticias\/#organization"}}]},"og:locale":"es_ES","og:site_name":"El Digital de Asturias","og:type":"article","og:title":"Jay Z copa las nominaciones de los Grammy - El Digital de Asturias","og:description":"Los \u00c1ngeles, 7 dic (EFE).- El rapero Jay Z cosech\u00f3 el mayor n\u00famero de candidaturas para la 56 edici\u00f3n de los premios Grammy, 9 en total, seg\u00fan anunci\u00f3 este viernes la Academia de la Grabaci\u00f3n de EEUU, si bien qued\u00f3 fuera de las categor\u00edas principales donde Macklemore &amp; Ryan Lewis, Daft Punk y Lorde llevaron","og:url":"https:\/\/www.eldigitaldeasturias.com\/noticias\/jay-z-copa-las-nominaciones-de-los-grammy\/","article:tag":["revista de ocio"],"article:published_time":"2013-12-07T17:42:21+00:00","article:modified_time":"2013-12-07T17:42:21+00:00","article:publisher":"https:\/\/facebook.com\/eldigitaldeasturias","twitter:card":"summary_large_image","twitter:title":"Jay Z copa las nominaciones de los Grammy - El Digital de Asturias","twitter:description":"Los \u00c1ngeles, 7 dic (EFE).- El rapero Jay Z cosech\u00f3 el mayor n\u00famero de candidaturas para la 56 edici\u00f3n de los premios Grammy, 9 en total, seg\u00fan anunci\u00f3 este viernes la Academia de la Grabaci\u00f3n de EEUU, si bien qued\u00f3 fuera de las categor\u00edas principales donde Macklemore &amp; Ryan Lewis, Daft Punk y Lorde llevaron","twitter:label1":"Escrito por","twitter:data1":"El Digital de Asturias","twitter:label2":"Tiempo de lectura estimado","twitter:data2":"4 minutos"},"aioseo_meta_data":{"post_id":"458973","title":null,"description":null,"keywords":null,"keyphrases":null,"primary_term":null,"canonical_url":null,"og_title":null,"og_description":null,"og_object_type":"default","og_image_type":"default","og_image_url":null,"og_image_width":null,"og_image_height":null,"og_image_custom_url":null,"og_image_custom_fields":null,"og_video":null,"og_custom_url":null,"og_article_section":null,"og_article_tags":null,"twitter_use_og":true,"twitter_card":"default","twitter_image_type":"default","twitter_image_url":null,"twitter_image_custom_url":null,"twitter_image_custom_fields":null,"twitter_title":null,"twitter_description":null,"schema":{"blockGraphs":[],"customGraphs":[],"default":{"data":{"Article":[],"Course":[],"Dataset":[],"FAQPage":[],"Movie":[],"Person":[],"Product":[],"ProductReview":[],"Car":[],"Recipe":[],"Service":[],"SoftwareApplication":[],"WebPage":[]},"graphName":"","isEnabled":true},"graphs":[],"defaultGraph":"","defaultPostTypeGraph":""},"schema_type":null,"schema_type_options":null,"pillar_content":false,"robots_default":true,"robots_noindex":false,"robots_noarchive":false,"robots_nosnippet":false,"robots_nofollow":false,"robots_noimageindex":false,"robots_noodp":false,"robots_notranslate":false,"robots_max_snippet":null,"robots_max_videopreview":null,"robots_max_imagepreview":"none","priority":null,"frequency":null,"local_seo":null,"seo_analyzer_scan_date":"2026-05-30 07:34:05","breadcrumb_settings":null,"limit_modified_date":false,"open_ai":null,"ai":null,"created":"2020-11-14 22:46:26","updated":"2026-05-30 07:34:05","focus_keyword":null,"additional_keywords":null,"truseo_locale":null},"aioseo_breadcrumb":"<div class=\"aioseo-breadcrumbs\"><span class=\"aioseo-breadcrumb\">\n\t<a href=\"https:\/\/www.eldigitaldeasturias.com\/noticias\" title=\"Home\">Home<\/a>\n<\/span><span class=\"aioseo-breadcrumb-separator\">\u2013<\/span><span class=\"aioseo-breadcrumb\">\n\t<a href=\"https:\/\/www.eldigitaldeasturias.com\/noticias\/category\/revista-de-ocio\/\" title=\"Revista de Ocio\">Revista de Ocio<\/a>\n<\/span><span class=\"aioseo-breadcrumb-separator\">\u2013<\/span><span class=\"aioseo-breadcrumb\">\n\t<a href=\"https:\/\/www.eldigitaldeasturias.com\/noticias\/jay-z-copa-las-nominaciones-de-los-grammy\/\" title=\"Jay Z copa las nominaciones de los Grammy\">Jay Z copa las nominaciones de los Grammy<\/a>\n<\/span><\/div>","aioseo_breadcrumb_json":[{"label":"Home","link":"https:\/\/www.eldigitaldeasturias.com\/noticias"},{"label":"Revista de Ocio","link":"https:\/\/www.eldigitaldeasturias.com\/noticias\/category\/revista-de-ocio\/"},{"label":"Jay Z copa las nominaciones de los Grammy","link":"https:\/\/www.eldigitaldeasturias.com\/noticias\/jay-z-copa-las-nominaciones-de-los-grammy\/"}],"_links":{"self":[{"href":"https:\/\/www.eldigitaldeasturias.com\/noticias\/wp-json\/wp\/v2\/posts\/458973","targetHints":{"allow":["GET"]}}],"collection":[{"href":"https:\/\/www.eldigitaldeasturias.com\/noticias\/wp-json\/wp\/v2\/posts"}],"about":[{"href":"https:\/\/www.eldigitaldeasturias.com\/noticias\/wp-json\/wp\/v2\/types\/post"}],"author":[{"embeddable":true,"href":"https:\/\/www.eldigitaldeasturias.com\/noticias\/wp-json\/wp\/v2\/users\/1"}],"replies":[{"embeddable":true,"href":"https:\/\/www.eldigitaldeasturias.com\/noticias\/wp-json\/wp\/v2\/comments?post=458973"}],"version-history":[{"count":0,"href":"https:\/\/www.eldigitaldeasturias.com\/noticias\/wp-json\/wp\/v2\/posts\/458973\/revisions"}],"wp:attachment":[{"href":"https:\/\/www.eldigitaldeasturias.com\/noticias\/wp-json\/wp\/v2\/media?parent=458973"}],"wp:term":[{"taxonomy":"category","embeddable":true,"href":"https:\/\/www.eldigitaldeasturias.com\/noticias\/wp-json\/wp\/v2\/categories?post=458973"},{"taxonomy":"post_tag","embeddable":true,"href":"https:\/\/www.eldigitaldeasturias.com\/noticias\/wp-json\/wp\/v2\/tags?post=458973"}],"curies":[{"name":"wp","href":"https:\/\/api.w.org\/{rel}","templated":true}]}}