{"id":458960,"date":"2013-12-07T16:36:39","date_gmt":"2013-12-07T17:36:39","guid":{"rendered":"http:\/\/www.eldigitaldeasturias.com\/noticias\/?p=458960"},"modified":"2013-12-07T16:36:39","modified_gmt":"2013-12-07T17:36:39","slug":"jordi-molla-exhibe-sus-pinturas-en-miami","status":"publish","type":"post","link":"https:\/\/www.eldigitaldeasturias.com\/noticias\/jordi-molla-exhibe-sus-pinturas-en-miami\/","title":{"rendered":"Jordi Moll\u00e0 exhibe sus pinturas en Miami"},"content":{"rendered":"<p><img loading=\"lazy\" decoding=\"async\" class=\"alignleft size-medium wp-image-458961\" alt=\"5778297w\" src=\"https:\/\/www.eldigitaldeasturias.com\/noticias\/wp-content\/uploads\/2013\/12\/5778297w-360x224.jpg\" width=\"360\" height=\"224\" \/>Miami, 7 dic (EFE).- El actor espa\u00f1ol Jordi Moll\u00e0 tambi\u00e9n quiere mostrar al p\u00fablico su faceta como pintor y aprovech\u00f3 la feria Art Basel Miami Beach para exponer sus lienzos en conocidos restaurantes y hoteles de la ciudad.<\/p>\n<p>En declaraciones a EFE, Moll\u00e0 explic\u00f3 las ideas maestras la serie \u00abTiros\u00bb, que define como ir\u00f3nica y c\u00f3mica, y que expone en el restaurante espa\u00f1ol \u00abPerfecto\u00bb en Brickell Miami.<\/p>\n<p>\u00abYo disparo en las pel\u00edculas pero es de fogueo. Lo hice de verdad en un campo de tiro en Los \u00c1ngeles y me llev\u00e9 las dianas para escribir la raz\u00f3n por la cual le disparar\u00eda a alguien\u00bb, dijo el actor.<\/p>\n<p>Las dianas fueron su lienzo para crear una explosi\u00f3n de colores y escribir \u00abrazones est\u00fapidas\u00bb, como por ejemplo \u00abno est\u00e1s en la lista\u00bb, \u00abll\u00e1mame un poco m\u00e1s tarde\u00bb, \u00abtu tarjeta de cr\u00e9dito fue rechazada\u00bb, entre otras leyendas que \u00abson divertidas\u00bb y \u00absin violencia\u00bb.<\/p>\n<p>La serie, compuesta por unas diez piezas de medio tama\u00f1o, son parte de las treinta obras que Moll\u00e1 trajo a Miami y que pertenece a su trabajo pl\u00e1stico de los \u00faltimos cuatro a\u00f1os.<\/p>\n<p>Otros de los trabajos que ser\u00e1n vistos en la ciudad del sol son la pieza que combina pintura y fotograma del cl\u00e1sico filme \u00abUn perro andaluz\u00bb (1929) dirigido por Luis Bu\u00f1uel.<\/p>\n<p>\u00abUs\u00e9 una de las im\u00e1genes m\u00e1s famosas de la historia del cine que es cuando le cortan el ojo a una mujer con una navaja y la combin\u00e9 con la frase que empieza la pel\u00edcula \u00c9rase una vez\u00bb, explic\u00f3 Moll\u00e0.<\/p>\n<p>Sus pinturas son exhibidas regularmente en Madrid (Espa\u00f1a) en las galer\u00edas Picasso Mio Galleries, Sotheby y Carmen de la Guerra.<\/p>\n<p>As\u00ed mismo ha concretado exitosas exhibiciones en Londres, Italia, Rusia, Argentina, Barcelona, Valencia, Beverly Hills y Nueva York.<\/p>\n<p>En Miami, para \u00e9ste fin de semana, Moll\u00e1 decidi\u00f3 invitar a su amigo el pintor italiano Antonio del Prete quien combina el arte cl\u00e1sico con el mundo contempor\u00e1neo.<\/p>\n<p>Y aunque al tambi\u00e9n actor de Hollywood y escritor le gustar\u00eda disfrutar de las ferias que suceden esta semana para Art Basel e ir a la playa, mostrar su obra es parte de esa necesidad de plasmar las historias que va imaginando.<\/p>\n<p>\u00abEs bueno alternar las cosas (pintura\/actuaci\u00f3n\/escritura). Me lo paso mejor. Es como tener cuatro o cinco novias\u00bb, y esto se logra \u00abadministrando muy bien mi tiempo\u00bb, ya que la creatividad \u00abes mi m\u00e1xima prioridad\u00bb.<\/p>\n<p>Aparte de la nueva serie de pinturas que se encuentra creando y que trata sobre su versi\u00f3n de obras cl\u00e1sicas, tambi\u00e9n est\u00e1 escribiendo un gui\u00f3n de terror y finalizando sus actuaciones en las pel\u00edculas \u00abThursday\u00bb y \u00abThe heart of the sea\u00bb, que ser\u00e1n proyectadas para el 2014.<\/p>\n<p>Moll\u00e0, quien empez\u00f3 su carrera cinematogr\u00e1fica en Espa\u00f1a con los filmes \u00abJam\u00f3n Jam\u00f3n\u00bb, \u00abHistorias de la puta mili\u00bb, \u00abLa Celestina\u00bb y \u00abLa flor de mi secreto\u00bb, so\u00f1aba con ser actor desde ni\u00f1o aunque cre\u00eda que era \u00abuna chifla que no iba a ning\u00fan lado\u00bb.<\/p>\n<p>Pero en cuanto lleg\u00f3 al Instituto de Teatro en Barcelona, encauz\u00f3 su pasi\u00f3n y \u00abse cumpli\u00f3 como ten\u00eda que cumplirse\u00bb.<\/p>\n<p>Esto lo ha llevado a rodar en Espa\u00f1a, Italia, Francia y los Estados Unidos.<\/p>\n<p>En Estados Unidos, a partir del 2001, ha brillado en largometrajes como \u00abQueen Elizabeth\u00bb con Cate Blanchet, \u00abBlow\u00bb con Johnny Depp, \u00abEl \u00e1lamo\u00bb con Dennis Quaid, \u00abColombiana\u00bb con Zoe Salda\u00f1a, \u00abBad boys II\u00bb con Will Smith, y \u00abRiddick\u00bb con Vin Diesel.<\/p>\n","protected":false},"excerpt":{"rendered":"<p>Miami, 7 dic (EFE).- El actor espa\u00f1ol Jordi Moll\u00e0 tambi\u00e9n quiere mostrar al p\u00fablico su faceta como pintor y aprovech\u00f3 la feria Art Basel Miami Beach para exponer sus lienzos en conocidos restaurantes y hoteles de la ciudad. En declaraciones a EFE, Moll\u00e0 explic\u00f3 las ideas maestras la serie \u00abTiros\u00bb, que define como ir\u00f3nica y [&hellip;]<\/p>\n","protected":false},"author":1,"featured_media":458961,"comment_status":"closed","ping_status":"open","sticky":false,"template":"","format":"standard","meta":{"footnotes":""},"categories":[28],"tags":[],"class_list":["post-458960","post","type-post","status-publish","format-standard","has-post-thumbnail","hentry","category-sociedad"],"aioseo_notices":[],"aioseo_head":"\n\t\t<!-- All in One SEO Pro 5.0.1 - aioseo.com -->\n\t<meta name=\"description\" content=\"Miami, 7 dic (EFE).- El actor espa\u00f1ol Jordi Moll\u00e0 tambi\u00e9n quiere mostrar al p\u00fablico su faceta como pintor y aprovech\u00f3 la feria Art Basel Miami Beach para exponer sus lienzos en conocidos restaurantes y hoteles de la ciudad. En declaraciones a EFE, Moll\u00e0 explic\u00f3 las ideas maestras la serie &quot;Tiros&quot;, que define como ir\u00f3nica y\" \/>\n\t<meta name=\"robots\" content=\"max-image-preview:large\" \/>\n\t<meta name=\"author\" content=\"El Digital de Asturias\"\/>\n\t<meta name=\"google-site-verification\" content=\"UA-38556648-1\" \/>\n\t<meta name=\"msvalidate.01\" content=\"7dfe9f3f1b24437ab69f4f2559babe99\" \/>\n\t<meta name=\"keywords\" content=\"sociedad\" \/>\n\t<link rel=\"canonical\" href=\"https:\/\/www.eldigitaldeasturias.com\/noticias\/jordi-molla-exhibe-sus-pinturas-en-miami\/\" \/>\n\t<meta name=\"generator\" content=\"All in One SEO Pro (AIOSEO) 5.0.1\" \/>\n\t\t<meta property=\"og:locale\" content=\"es_ES\" \/>\n\t\t<meta property=\"og:site_name\" content=\"El Digital de Asturias\" \/>\n\t\t<meta property=\"og:type\" content=\"article\" \/>\n\t\t<meta property=\"og:title\" content=\"Jordi Moll\u00e0 exhibe sus pinturas en Miami - El Digital de Asturias\" \/>\n\t\t<meta property=\"og:description\" content=\"Miami, 7 dic (EFE).- El actor espa\u00f1ol Jordi Moll\u00e0 tambi\u00e9n quiere mostrar al p\u00fablico su faceta como pintor y aprovech\u00f3 la feria Art Basel Miami Beach para exponer sus lienzos en conocidos restaurantes y hoteles de la ciudad. En declaraciones a EFE, Moll\u00e0 explic\u00f3 las ideas maestras la serie &quot;Tiros&quot;, que define como ir\u00f3nica y\" \/>\n\t\t<meta property=\"og:url\" content=\"https:\/\/www.eldigitaldeasturias.com\/noticias\/jordi-molla-exhibe-sus-pinturas-en-miami\/\" \/>\n\t\t<meta property=\"article:tag\" content=\"sociedad\" \/>\n\t\t<meta property=\"article:published_time\" content=\"2013-12-07T17:36:39+00:00\" \/>\n\t\t<meta property=\"article:modified_time\" content=\"2013-12-07T17:36:39+00:00\" \/>\n\t\t<meta property=\"article:publisher\" content=\"https:\/\/facebook.com\/eldigitaldeasturias\" \/>\n\t\t<meta name=\"twitter:card\" content=\"summary_large_image\" \/>\n\t\t<meta name=\"twitter:title\" content=\"Jordi Moll\u00e0 exhibe sus pinturas en Miami - El Digital de Asturias\" \/>\n\t\t<meta name=\"twitter:description\" content=\"Miami, 7 dic (EFE).- El actor espa\u00f1ol Jordi Moll\u00e0 tambi\u00e9n quiere mostrar al p\u00fablico su faceta como pintor y aprovech\u00f3 la feria Art Basel Miami Beach para exponer sus lienzos en conocidos restaurantes y hoteles de la ciudad. En declaraciones a EFE, Moll\u00e0 explic\u00f3 las ideas maestras la serie &quot;Tiros&quot;, que define como ir\u00f3nica y\" \/>\n\t\t<meta name=\"twitter:label1\" content=\"Escrito por\" \/>\n\t\t<meta name=\"twitter:data1\" content=\"El Digital de Asturias\" \/>\n\t\t<meta name=\"twitter:label2\" content=\"Tiempo de lectura estimado\" \/>\n\t\t<meta name=\"twitter:data2\" content=\"3 minutos\" \/>\n\t\t<script type=\"application\/ld+json\" class=\"aioseo-schema\">\n\t\t\t{\"@context\":\"https:\\\/\\\/schema.org\",\"@graph\":[{\"@type\":\"BlogPosting\",\"@id\":\"https:\\\/\\\/www.eldigitaldeasturias.com\\\/noticias\\\/jordi-molla-exhibe-sus-pinturas-en-miami\\\/#blogposting\",\"name\":\"Jordi Moll\\u00e0 exhibe sus pinturas en Miami - El Digital de Asturias\",\"headline\":\"Jordi Moll\\u00e0 exhibe sus pinturas en Miami\",\"author\":{\"@id\":\"https:\\\/\\\/www.eldigitaldeasturias.com\\\/noticias\\\/author\\\/admin\\\/#author\"},\"publisher\":{\"@id\":\"https:\\\/\\\/www.eldigitaldeasturias.com\\\/noticias\\\/#organization\"},\"image\":{\"@type\":\"ImageObject\",\"url\":458961},\"datePublished\":\"2013-12-07T16:36:39+01:00\",\"dateModified\":\"2013-12-07T16:36:39+01:00\",\"inLanguage\":\"es-ES\",\"mainEntityOfPage\":{\"@id\":\"https:\\\/\\\/www.eldigitaldeasturias.com\\\/noticias\\\/jordi-molla-exhibe-sus-pinturas-en-miami\\\/#webpage\"},\"isPartOf\":{\"@id\":\"https:\\\/\\\/www.eldigitaldeasturias.com\\\/noticias\\\/jordi-molla-exhibe-sus-pinturas-en-miami\\\/#webpage\"},\"articleSection\":\"Sociedad\"},{\"@type\":\"BreadcrumbList\",\"@id\":\"https:\\\/\\\/www.eldigitaldeasturias.com\\\/noticias\\\/jordi-molla-exhibe-sus-pinturas-en-miami\\\/#breadcrumblist\",\"itemListElement\":[{\"@type\":\"ListItem\",\"@id\":\"https:\\\/\\\/www.eldigitaldeasturias.com\\\/noticias#listItem\",\"position\":1,\"name\":\"Home\",\"item\":\"https:\\\/\\\/www.eldigitaldeasturias.com\\\/noticias\",\"nextItem\":{\"@type\":\"ListItem\",\"@id\":\"https:\\\/\\\/www.eldigitaldeasturias.com\\\/noticias\\\/category\\\/sociedad\\\/#listItem\",\"name\":\"Sociedad\"}},{\"@type\":\"ListItem\",\"@id\":\"https:\\\/\\\/www.eldigitaldeasturias.com\\\/noticias\\\/category\\\/sociedad\\\/#listItem\",\"position\":2,\"name\":\"Sociedad\",\"item\":\"https:\\\/\\\/www.eldigitaldeasturias.com\\\/noticias\\\/category\\\/sociedad\\\/\",\"nextItem\":{\"@type\":\"ListItem\",\"@id\":\"https:\\\/\\\/www.eldigitaldeasturias.com\\\/noticias\\\/jordi-molla-exhibe-sus-pinturas-en-miami\\\/#listItem\",\"name\":\"Jordi Moll\\u00e0 exhibe sus pinturas en Miami\"},\"previousItem\":{\"@type\":\"ListItem\",\"@id\":\"https:\\\/\\\/www.eldigitaldeasturias.com\\\/noticias#listItem\",\"name\":\"Home\"}},{\"@type\":\"ListItem\",\"@id\":\"https:\\\/\\\/www.eldigitaldeasturias.com\\\/noticias\\\/jordi-molla-exhibe-sus-pinturas-en-miami\\\/#listItem\",\"position\":3,\"name\":\"Jordi Moll\\u00e0 exhibe sus pinturas en Miami\",\"previousItem\":{\"@type\":\"ListItem\",\"@id\":\"https:\\\/\\\/www.eldigitaldeasturias.com\\\/noticias\\\/category\\\/sociedad\\\/#listItem\",\"name\":\"Sociedad\"}}]},{\"@type\":\"Organization\",\"@id\":\"https:\\\/\\\/www.eldigitaldeasturias.com\\\/noticias\\\/#organization\",\"name\":\"El Digital de Asturias\",\"description\":\"Hemeroteca\",\"url\":\"https:\\\/\\\/www.eldigitaldeasturias.com\\\/noticias\\\/\",\"email\":\"info@eldigitaldeasturias.com\",\"telephone\":\"+34652131393\",\"logo\":{\"@type\":\"ImageObject\",\"url\":\"https:\\\/\\\/www.eldigitaldeasturias.com\\\/noticias\\\/wp-content\\\/uploads\\\/2020\\\/12\\\/EDA.jpg\",\"@id\":\"https:\\\/\\\/www.eldigitaldeasturias.com\\\/noticias\\\/jordi-molla-exhibe-sus-pinturas-en-miami\\\/#organizationLogo\"},\"image\":{\"@id\":\"https:\\\/\\\/www.eldigitaldeasturias.com\\\/noticias\\\/jordi-molla-exhibe-sus-pinturas-en-miami\\\/#organizationLogo\"},\"sameAs\":[\"https:\\\/\\\/facebook.com\\\/eldigitaldeasturias\",\"https:\\\/\\\/www.youtube.com\\\/channel\\\/UCZP-2wLEB9Rv6erhFmqVnvg\"],\"address\":{\"@id\":\"https:\\\/\\\/www.eldigitaldeasturias.com\\\/noticias\\\/#postaladdress\",\"@type\":\"PostalAddress\",\"streetAddress\":\"san antonio 4\",\"postalCode\":\"33430\",\"addressLocality\":\"Cand\\u00e1s\",\"addressRegion\":\"Asturias\",\"addressCountry\":\"ES\"}},{\"@type\":\"Person\",\"@id\":\"https:\\\/\\\/www.eldigitaldeasturias.com\\\/noticias\\\/author\\\/admin\\\/#author\",\"url\":\"https:\\\/\\\/www.eldigitaldeasturias.com\\\/noticias\\\/author\\\/admin\\\/\",\"name\":\"El Digital de Asturias\",\"image\":{\"@type\":\"ImageObject\",\"@id\":\"https:\\\/\\\/www.eldigitaldeasturias.com\\\/noticias\\\/jordi-molla-exhibe-sus-pinturas-en-miami\\\/#authorImage\",\"url\":\"https:\\\/\\\/secure.gravatar.com\\\/avatar\\\/df2aeffc32bcd13f8d26072ef8a91b623d677766deac7f97ca815868cd41bf5e?s=96&d=mm&r=g\",\"width\":96,\"height\":96,\"caption\":\"El Digital de Asturias\"}},{\"@type\":\"WebPage\",\"@id\":\"https:\\\/\\\/www.eldigitaldeasturias.com\\\/noticias\\\/jordi-molla-exhibe-sus-pinturas-en-miami\\\/#webpage\",\"url\":\"https:\\\/\\\/www.eldigitaldeasturias.com\\\/noticias\\\/jordi-molla-exhibe-sus-pinturas-en-miami\\\/\",\"name\":\"Jordi Moll\\u00e0 exhibe sus pinturas en Miami - El Digital de Asturias\",\"description\":\"Miami, 7 dic (EFE).- El actor espa\\u00f1ol Jordi Moll\\u00e0 tambi\\u00e9n quiere mostrar al p\\u00fablico su faceta como pintor y aprovech\\u00f3 la feria Art Basel Miami Beach para exponer sus lienzos en conocidos restaurantes y hoteles de la ciudad. En declaraciones a EFE, Moll\\u00e0 explic\\u00f3 las ideas maestras la serie \\\"Tiros\\\", que define como ir\\u00f3nica y\",\"inLanguage\":\"es-ES\",\"isPartOf\":{\"@id\":\"https:\\\/\\\/www.eldigitaldeasturias.com\\\/noticias\\\/#website\"},\"breadcrumb\":{\"@id\":\"https:\\\/\\\/www.eldigitaldeasturias.com\\\/noticias\\\/jordi-molla-exhibe-sus-pinturas-en-miami\\\/#breadcrumblist\"},\"author\":{\"@id\":\"https:\\\/\\\/www.eldigitaldeasturias.com\\\/noticias\\\/author\\\/admin\\\/#author\"},\"creator\":{\"@id\":\"https:\\\/\\\/www.eldigitaldeasturias.com\\\/noticias\\\/author\\\/admin\\\/#author\"},\"image\":{\"@type\":\"ImageObject\",\"url\":458961,\"@id\":\"https:\\\/\\\/www.eldigitaldeasturias.com\\\/noticias\\\/jordi-molla-exhibe-sus-pinturas-en-miami\\\/#mainImage\"},\"primaryImageOfPage\":{\"@id\":\"https:\\\/\\\/www.eldigitaldeasturias.com\\\/noticias\\\/jordi-molla-exhibe-sus-pinturas-en-miami\\\/#mainImage\"},\"datePublished\":\"2013-12-07T16:36:39+01:00\",\"dateModified\":\"2013-12-07T16:36:39+01:00\"},{\"@type\":\"WebSite\",\"@id\":\"https:\\\/\\\/www.eldigitaldeasturias.com\\\/noticias\\\/#website\",\"url\":\"https:\\\/\\\/www.eldigitaldeasturias.com\\\/noticias\\\/\",\"name\":\"El Digital de Asturias - Diario de actualidad y noticias\",\"alternateName\":\"El Digital de Asturias - Diario de actualidad y noticias\",\"description\":\"Hemeroteca\",\"inLanguage\":\"es-ES\",\"publisher\":{\"@id\":\"https:\\\/\\\/www.eldigitaldeasturias.com\\\/noticias\\\/#organization\"}}]}\n\t\t<\/script>\n\t\t<!-- All in One SEO Pro -->\r\n\t\t<title>Jordi Moll\u00e0 exhibe sus pinturas en Miami - El Digital de Asturias<\/title>\n\n","aioseo_head_json":{"title":"Jordi Moll\u00e0 exhibe sus pinturas en Miami - El Digital de Asturias","description":"Miami, 7 dic (EFE).- El actor espa\u00f1ol Jordi Moll\u00e0 tambi\u00e9n quiere mostrar al p\u00fablico su faceta como pintor y aprovech\u00f3 la feria Art Basel Miami Beach para exponer sus lienzos en conocidos restaurantes y hoteles de la ciudad. En declaraciones a EFE, Moll\u00e0 explic\u00f3 las ideas maestras la serie \"Tiros\", que define como ir\u00f3nica y","canonical_url":"https:\/\/www.eldigitaldeasturias.com\/noticias\/jordi-molla-exhibe-sus-pinturas-en-miami\/","robots":"max-image-preview:large","keywords":"sociedad","webmasterTools":{"google-site-verification":"UA-38556648-1","msvalidate.01":"7dfe9f3f1b24437ab69f4f2559babe99","miscellaneous":""},"schema":{"@context":"https:\/\/schema.org","@graph":[{"@type":"BlogPosting","@id":"https:\/\/www.eldigitaldeasturias.com\/noticias\/jordi-molla-exhibe-sus-pinturas-en-miami\/#blogposting","name":"Jordi Moll\u00e0 exhibe sus pinturas en Miami - El Digital de Asturias","headline":"Jordi Moll\u00e0 exhibe sus pinturas en Miami","author":{"@id":"https:\/\/www.eldigitaldeasturias.com\/noticias\/author\/admin\/#author"},"publisher":{"@id":"https:\/\/www.eldigitaldeasturias.com\/noticias\/#organization"},"image":{"@type":"ImageObject","url":458961},"datePublished":"2013-12-07T16:36:39+01:00","dateModified":"2013-12-07T16:36:39+01:00","inLanguage":"es-ES","mainEntityOfPage":{"@id":"https:\/\/www.eldigitaldeasturias.com\/noticias\/jordi-molla-exhibe-sus-pinturas-en-miami\/#webpage"},"isPartOf":{"@id":"https:\/\/www.eldigitaldeasturias.com\/noticias\/jordi-molla-exhibe-sus-pinturas-en-miami\/#webpage"},"articleSection":"Sociedad"},{"@type":"BreadcrumbList","@id":"https:\/\/www.eldigitaldeasturias.com\/noticias\/jordi-molla-exhibe-sus-pinturas-en-miami\/#breadcrumblist","itemListElement":[{"@type":"ListItem","@id":"https:\/\/www.eldigitaldeasturias.com\/noticias#listItem","position":1,"name":"Home","item":"https:\/\/www.eldigitaldeasturias.com\/noticias","nextItem":{"@type":"ListItem","@id":"https:\/\/www.eldigitaldeasturias.com\/noticias\/category\/sociedad\/#listItem","name":"Sociedad"}},{"@type":"ListItem","@id":"https:\/\/www.eldigitaldeasturias.com\/noticias\/category\/sociedad\/#listItem","position":2,"name":"Sociedad","item":"https:\/\/www.eldigitaldeasturias.com\/noticias\/category\/sociedad\/","nextItem":{"@type":"ListItem","@id":"https:\/\/www.eldigitaldeasturias.com\/noticias\/jordi-molla-exhibe-sus-pinturas-en-miami\/#listItem","name":"Jordi Moll\u00e0 exhibe sus pinturas en Miami"},"previousItem":{"@type":"ListItem","@id":"https:\/\/www.eldigitaldeasturias.com\/noticias#listItem","name":"Home"}},{"@type":"ListItem","@id":"https:\/\/www.eldigitaldeasturias.com\/noticias\/jordi-molla-exhibe-sus-pinturas-en-miami\/#listItem","position":3,"name":"Jordi Moll\u00e0 exhibe sus pinturas en Miami","previousItem":{"@type":"ListItem","@id":"https:\/\/www.eldigitaldeasturias.com\/noticias\/category\/sociedad\/#listItem","name":"Sociedad"}}]},{"@type":"Organization","@id":"https:\/\/www.eldigitaldeasturias.com\/noticias\/#organization","name":"El Digital de Asturias","description":"Hemeroteca","url":"https:\/\/www.eldigitaldeasturias.com\/noticias\/","email":"info@eldigitaldeasturias.com","telephone":"+34652131393","logo":{"@type":"ImageObject","url":"https:\/\/www.eldigitaldeasturias.com\/noticias\/wp-content\/uploads\/2020\/12\/EDA.jpg","@id":"https:\/\/www.eldigitaldeasturias.com\/noticias\/jordi-molla-exhibe-sus-pinturas-en-miami\/#organizationLogo"},"image":{"@id":"https:\/\/www.eldigitaldeasturias.com\/noticias\/jordi-molla-exhibe-sus-pinturas-en-miami\/#organizationLogo"},"sameAs":["https:\/\/facebook.com\/eldigitaldeasturias","https:\/\/www.youtube.com\/channel\/UCZP-2wLEB9Rv6erhFmqVnvg"],"address":{"@id":"https:\/\/www.eldigitaldeasturias.com\/noticias\/#postaladdress","@type":"PostalAddress","streetAddress":"san antonio 4","postalCode":"33430","addressLocality":"Cand\u00e1s","addressRegion":"Asturias","addressCountry":"ES"}},{"@type":"Person","@id":"https:\/\/www.eldigitaldeasturias.com\/noticias\/author\/admin\/#author","url":"https:\/\/www.eldigitaldeasturias.com\/noticias\/author\/admin\/","name":"El Digital de Asturias","image":{"@type":"ImageObject","@id":"https:\/\/www.eldigitaldeasturias.com\/noticias\/jordi-molla-exhibe-sus-pinturas-en-miami\/#authorImage","url":"https:\/\/secure.gravatar.com\/avatar\/df2aeffc32bcd13f8d26072ef8a91b623d677766deac7f97ca815868cd41bf5e?s=96&d=mm&r=g","width":96,"height":96,"caption":"El Digital de Asturias"}},{"@type":"WebPage","@id":"https:\/\/www.eldigitaldeasturias.com\/noticias\/jordi-molla-exhibe-sus-pinturas-en-miami\/#webpage","url":"https:\/\/www.eldigitaldeasturias.com\/noticias\/jordi-molla-exhibe-sus-pinturas-en-miami\/","name":"Jordi Moll\u00e0 exhibe sus pinturas en Miami - El Digital de Asturias","description":"Miami, 7 dic (EFE).- El actor espa\u00f1ol Jordi Moll\u00e0 tambi\u00e9n quiere mostrar al p\u00fablico su faceta como pintor y aprovech\u00f3 la feria Art Basel Miami Beach para exponer sus lienzos en conocidos restaurantes y hoteles de la ciudad. En declaraciones a EFE, Moll\u00e0 explic\u00f3 las ideas maestras la serie \"Tiros\", que define como ir\u00f3nica y","inLanguage":"es-ES","isPartOf":{"@id":"https:\/\/www.eldigitaldeasturias.com\/noticias\/#website"},"breadcrumb":{"@id":"https:\/\/www.eldigitaldeasturias.com\/noticias\/jordi-molla-exhibe-sus-pinturas-en-miami\/#breadcrumblist"},"author":{"@id":"https:\/\/www.eldigitaldeasturias.com\/noticias\/author\/admin\/#author"},"creator":{"@id":"https:\/\/www.eldigitaldeasturias.com\/noticias\/author\/admin\/#author"},"image":{"@type":"ImageObject","url":458961,"@id":"https:\/\/www.eldigitaldeasturias.com\/noticias\/jordi-molla-exhibe-sus-pinturas-en-miami\/#mainImage"},"primaryImageOfPage":{"@id":"https:\/\/www.eldigitaldeasturias.com\/noticias\/jordi-molla-exhibe-sus-pinturas-en-miami\/#mainImage"},"datePublished":"2013-12-07T16:36:39+01:00","dateModified":"2013-12-07T16:36:39+01:00"},{"@type":"WebSite","@id":"https:\/\/www.eldigitaldeasturias.com\/noticias\/#website","url":"https:\/\/www.eldigitaldeasturias.com\/noticias\/","name":"El Digital de Asturias - Diario de actualidad y noticias","alternateName":"El Digital de Asturias - Diario de actualidad y noticias","description":"Hemeroteca","inLanguage":"es-ES","publisher":{"@id":"https:\/\/www.eldigitaldeasturias.com\/noticias\/#organization"}}]},"og:locale":"es_ES","og:site_name":"El Digital de Asturias","og:type":"article","og:title":"Jordi Moll\u00e0 exhibe sus pinturas en Miami - El Digital de Asturias","og:description":"Miami, 7 dic (EFE).- El actor espa\u00f1ol Jordi Moll\u00e0 tambi\u00e9n quiere mostrar al p\u00fablico su faceta como pintor y aprovech\u00f3 la feria Art Basel Miami Beach para exponer sus lienzos en conocidos restaurantes y hoteles de la ciudad. En declaraciones a EFE, Moll\u00e0 explic\u00f3 las ideas maestras la serie &quot;Tiros&quot;, que define como ir\u00f3nica y","og:url":"https:\/\/www.eldigitaldeasturias.com\/noticias\/jordi-molla-exhibe-sus-pinturas-en-miami\/","article:tag":["sociedad"],"article:published_time":"2013-12-07T17:36:39+00:00","article:modified_time":"2013-12-07T17:36:39+00:00","article:publisher":"https:\/\/facebook.com\/eldigitaldeasturias","twitter:card":"summary_large_image","twitter:title":"Jordi Moll\u00e0 exhibe sus pinturas en Miami - El Digital de Asturias","twitter:description":"Miami, 7 dic (EFE).- El actor espa\u00f1ol Jordi Moll\u00e0 tambi\u00e9n quiere mostrar al p\u00fablico su faceta como pintor y aprovech\u00f3 la feria Art Basel Miami Beach para exponer sus lienzos en conocidos restaurantes y hoteles de la ciudad. En declaraciones a EFE, Moll\u00e0 explic\u00f3 las ideas maestras la serie &quot;Tiros&quot;, que define como ir\u00f3nica y","twitter:label1":"Escrito por","twitter:data1":"El Digital de Asturias","twitter:label2":"Tiempo de lectura estimado","twitter:data2":"3 minutos"},"aioseo_meta_data":{"post_id":"458960","title":null,"description":null,"keywords":null,"keyphrases":null,"primary_term":null,"canonical_url":null,"og_title":null,"og_description":null,"og_object_type":"default","og_image_type":"default","og_image_url":null,"og_image_width":null,"og_image_height":null,"og_image_custom_url":null,"og_image_custom_fields":null,"og_video":null,"og_custom_url":null,"og_article_section":null,"og_article_tags":null,"twitter_use_og":true,"twitter_card":"default","twitter_image_type":"default","twitter_image_url":null,"twitter_image_custom_url":null,"twitter_image_custom_fields":null,"twitter_title":null,"twitter_description":null,"schema":{"blockGraphs":[],"customGraphs":[],"default":{"data":{"Article":[],"Course":[],"Dataset":[],"FAQPage":[],"Movie":[],"Person":[],"Product":[],"ProductReview":[],"Car":[],"Recipe":[],"Service":[],"SoftwareApplication":[],"WebPage":[]},"graphName":"","isEnabled":true},"graphs":[],"defaultGraph":"","defaultPostTypeGraph":""},"schema_type":null,"schema_type_options":null,"pillar_content":false,"robots_default":true,"robots_noindex":false,"robots_noarchive":false,"robots_nosnippet":false,"robots_nofollow":false,"robots_noimageindex":false,"robots_noodp":false,"robots_notranslate":false,"robots_max_snippet":null,"robots_max_videopreview":null,"robots_max_imagepreview":"none","priority":null,"frequency":null,"local_seo":null,"seo_analyzer_scan_date":"2026-05-30 07:32:02","breadcrumb_settings":null,"limit_modified_date":false,"open_ai":null,"ai":null,"created":"2020-11-14 22:46:26","updated":"2026-05-30 07:32:02","focus_keyword":null,"additional_keywords":null,"truseo_locale":null},"aioseo_breadcrumb":"<div class=\"aioseo-breadcrumbs\"><span class=\"aioseo-breadcrumb\">\n\t<a href=\"https:\/\/www.eldigitaldeasturias.com\/noticias\" title=\"Home\">Home<\/a>\n<\/span><span class=\"aioseo-breadcrumb-separator\">\u2013<\/span><span class=\"aioseo-breadcrumb\">\n\t<a href=\"https:\/\/www.eldigitaldeasturias.com\/noticias\/category\/sociedad\/\" title=\"Sociedad\">Sociedad<\/a>\n<\/span><span class=\"aioseo-breadcrumb-separator\">\u2013<\/span><span class=\"aioseo-breadcrumb\">\n\t<a href=\"https:\/\/www.eldigitaldeasturias.com\/noticias\/jordi-molla-exhibe-sus-pinturas-en-miami\/\" title=\"Jordi Moll\u00e0 exhibe sus pinturas en Miami\">Jordi Moll\u00e0 exhibe sus pinturas en Miami<\/a>\n<\/span><\/div>","aioseo_breadcrumb_json":[{"label":"Home","link":"https:\/\/www.eldigitaldeasturias.com\/noticias"},{"label":"Sociedad","link":"https:\/\/www.eldigitaldeasturias.com\/noticias\/category\/sociedad\/"},{"label":"Jordi Moll\u00e0 exhibe sus pinturas en Miami","link":"https:\/\/www.eldigitaldeasturias.com\/noticias\/jordi-molla-exhibe-sus-pinturas-en-miami\/"}],"_links":{"self":[{"href":"https:\/\/www.eldigitaldeasturias.com\/noticias\/wp-json\/wp\/v2\/posts\/458960","targetHints":{"allow":["GET"]}}],"collection":[{"href":"https:\/\/www.eldigitaldeasturias.com\/noticias\/wp-json\/wp\/v2\/posts"}],"about":[{"href":"https:\/\/www.eldigitaldeasturias.com\/noticias\/wp-json\/wp\/v2\/types\/post"}],"author":[{"embeddable":true,"href":"https:\/\/www.eldigitaldeasturias.com\/noticias\/wp-json\/wp\/v2\/users\/1"}],"replies":[{"embeddable":true,"href":"https:\/\/www.eldigitaldeasturias.com\/noticias\/wp-json\/wp\/v2\/comments?post=458960"}],"version-history":[{"count":0,"href":"https:\/\/www.eldigitaldeasturias.com\/noticias\/wp-json\/wp\/v2\/posts\/458960\/revisions"}],"wp:attachment":[{"href":"https:\/\/www.eldigitaldeasturias.com\/noticias\/wp-json\/wp\/v2\/media?parent=458960"}],"wp:term":[{"taxonomy":"category","embeddable":true,"href":"https:\/\/www.eldigitaldeasturias.com\/noticias\/wp-json\/wp\/v2\/categories?post=458960"},{"taxonomy":"post_tag","embeddable":true,"href":"https:\/\/www.eldigitaldeasturias.com\/noticias\/wp-json\/wp\/v2\/tags?post=458960"}],"curies":[{"name":"wp","href":"https:\/\/api.w.org\/{rel}","templated":true}]}}