{"id":458927,"date":"2013-12-07T15:35:22","date_gmt":"2013-12-07T16:35:22","guid":{"rendered":"http:\/\/www.eldigitaldeasturias.com\/noticias\/?p=458927"},"modified":"2013-12-07T15:35:22","modified_gmt":"2013-12-07T16:35:22","slug":"el-pp-reclama-una-reforma-mas-ambiciosa-del-sector-publico-asturiano","status":"publish","type":"post","link":"https:\/\/www.eldigitaldeasturias.com\/noticias\/el-pp-reclama-una-reforma-mas-ambiciosa-del-sector-publico-asturiano\/","title":{"rendered":"El PP reclama una reforma m\u00e1s ambiciosa del sector p\u00fablico asturiano"},"content":{"rendered":"<p><img loading=\"lazy\" decoding=\"async\" class=\"alignleft size-medium wp-image-681\" alt=\"palamento_20130913133437_8001\" src=\"https:\/\/www.eldigitaldeasturias.com\/noticias\/wp-content\/uploads\/2013\/09\/palamento_20130913133437_8001-360x240.jpg\" width=\"360\" height=\"240\" \/>Oviedo, 7 dic (EFE).- El PP asturiano ha asegurado hoy que el contenido de la segunda reforma del sector p\u00fablico asturiano que se est\u00e1 tramitando en el Parlamento regional es \u00abadecuada y acertada\u00bb, si bien considera que \u00abdeber\u00eda ir m\u00e1s all\u00e1\u00bb y que el Gobierno de Javier Fern\u00e1ndez mantiene una \u00abfalta de ambici\u00f3n y convicci\u00f3n\u00bb para reducirlo.<\/p>\n<p>El Consejo de Gobierno del Principado aprobado el pasado 13 de noviembre el segundo proyecto de ley de reestructuraci\u00f3n del sector p\u00fablico, que se centra en la reorganizaci\u00f3n de la televisi\u00f3n auton\u00f3mica, que refundir\u00e1 en una las cuatro sociedades actuales, reducir\u00e1 consejeros y ver\u00e1 marcados sus objetivos por el Parlamento para los pr\u00f3ximo 9 a\u00f1os.<\/p>\n<p>Ante este proyecto, la presidenta del PP de Asturias ha se\u00f1alado hoy en rueda de prensa que la unificaci\u00f3n de las sociedades de comunicaci\u00f3n es acertada, si bien ha criticado que no se aproveche la ocasi\u00f3n para hacer un \u00abbuen texto legal\u00bb que no limite la gesti\u00f3n de la televisi\u00f3n auton\u00f3mica.<\/p>\n<p>En su opini\u00f3n, la ley deber\u00eda contemplar la posibilidad de otras formas de gesti\u00f3n de la televisi\u00f3n p\u00fablica con el fin de que pueda garantizarse su pervivencia en el futuro.<\/p>\n<p>Fern\u00e1ndez ha asegurado que el PP va a presentar un \u00abelevado numero de en enmiendas a este proyecto de ley\u00bb, entre ellas una en la que pedir\u00e1n una reducci\u00f3n a\u00fan mayor del n\u00famero de miembros del consejo de administraci\u00f3n del ente de comunicaci\u00f3n.<\/p>\n<p>Sobre esta cuesti\u00f3n, el diputado regional Jos\u00e9 Agust\u00edn Cuervas-Mons ha precisado que aunque el proyecto prev\u00e9 reducir de 15 a diez el n\u00famero de integrantes, desde el PP consideran que hay margen para bajar m\u00e1s su composici\u00f3n, hasta siete.<\/p>\n<p>Tras recordar que el PP decidi\u00f3 no participar de este consejo por no estar de acuerdo con su composici\u00f3n, Cuervas-Mons ha afirmado que la formaci\u00f3n a\u00fan no ha decidido si volver\u00e1 a ocupar los asientos que les corresponden en uno m\u00e1s reducido.<\/p>\n<p>El parlamentario popular ha criticado tambi\u00e9n que el proyecto de reforma de la televisi\u00f3n auton\u00f3mica haya sido copiado de la ley estatal, hasta el n\u00famero de art\u00edculos, as\u00ed como la falta de claridad del texto que, en su opini\u00f3n \u00abes farragoso y debe simplificarse\u00bb.<\/p>\n<p>Cuervas-Mons tambi\u00e9n ha cuestionado al Ejecutivo socialista por su falta de ambici\u00f3n a la hora de afrontar la reforma del sector p\u00fablico.<\/p>\n<p>Sobre esta cuesti\u00f3n, la presidenta de los populares asturianos hab\u00eda se\u00f1alado previamente que en Asturias sigue siendo necesaria la \u00abreducci\u00f3n de su mastod\u00f3ntico sector p\u00fablico\u00bb ya que la primera reforma abordada por el Ejecutivo regional \u00abfue insuficiente\u00bb y la segunda s\u00f3lo se centra en la reorganizaci\u00f3n de la televisi\u00f3n auton\u00f3mica.<\/p>\n<p>En su opini\u00f3n, la reforma del sector p\u00fablico debe girar en torno a la creaci\u00f3n de unos servicios eficientes y en una reducci\u00f3n de los recursos p\u00fablicos que se destinan a su mantenimiento.<\/p>\n<p>Fern\u00e1ndez tambi\u00e9n ha criticado que esta segunda reforma, que deber\u00eda haberse presentado en el primer semestre del a\u00f1o, a\u00fan no haya sido tramitada.<\/p>\n<p>Para la presidenta del PP asturiano, est\u00e1 claro que los socialistas no est\u00e1n por la labor de afrontar reformas estructurales y siguen \u00abapostando por el inmovilismo y por planteamientos obsoletos, anticuados y equivocados\u00bb.<\/p>\n","protected":false},"excerpt":{"rendered":"<p>Oviedo, 7 dic (EFE).- El PP asturiano ha asegurado hoy que el contenido de la segunda reforma del sector p\u00fablico asturiano que se est\u00e1 tramitando en el Parlamento regional es \u00abadecuada y acertada\u00bb, si bien considera que \u00abdeber\u00eda ir m\u00e1s all\u00e1\u00bb y que el Gobierno de Javier Fern\u00e1ndez mantiene una \u00abfalta de ambici\u00f3n y convicci\u00f3n\u00bb [&hellip;]<\/p>\n","protected":false},"author":1,"featured_media":1132184,"comment_status":"closed","ping_status":"open","sticky":false,"template":"","format":"standard","meta":{"footnotes":""},"categories":[12],"tags":[],"class_list":["post-458927","post","type-post","status-publish","format-standard","has-post-thumbnail","hentry","category-actualidad-asturias"],"aioseo_notices":[],"aioseo_head":"\n\t\t<!-- All in One SEO Pro 5.0.1 - aioseo.com -->\n\t<meta name=\"description\" content=\"Oviedo, 7 dic (EFE).- El PP asturiano ha asegurado hoy que el contenido de la segunda reforma del sector p\u00fablico asturiano que se est\u00e1 tramitando en el Parlamento regional es &quot;adecuada y acertada&quot;, si bien considera que &quot;deber\u00eda ir m\u00e1s all\u00e1&quot; y que el Gobierno de Javier Fern\u00e1ndez mantiene una &quot;falta de ambici\u00f3n y convicci\u00f3n&quot;\" \/>\n\t<meta name=\"robots\" content=\"max-image-preview:large\" \/>\n\t<meta name=\"author\" content=\"El Digital de Asturias\"\/>\n\t<meta name=\"google-site-verification\" content=\"UA-38556648-1\" \/>\n\t<meta name=\"msvalidate.01\" content=\"7dfe9f3f1b24437ab69f4f2559babe99\" \/>\n\t<meta name=\"keywords\" content=\"actualidad asturias\" \/>\n\t<link rel=\"canonical\" href=\"https:\/\/www.eldigitaldeasturias.com\/noticias\/el-pp-reclama-una-reforma-mas-ambiciosa-del-sector-publico-asturiano\/\" \/>\n\t<meta name=\"generator\" content=\"All in One SEO Pro (AIOSEO) 5.0.1\" \/>\n\t\t<meta property=\"og:locale\" content=\"es_ES\" \/>\n\t\t<meta property=\"og:site_name\" content=\"El Digital de Asturias\" \/>\n\t\t<meta property=\"og:type\" content=\"article\" \/>\n\t\t<meta property=\"og:title\" content=\"El PP reclama una reforma m\u00e1s ambiciosa del sector p\u00fablico asturiano - El Digital de Asturias\" \/>\n\t\t<meta property=\"og:description\" content=\"Oviedo, 7 dic (EFE).- El PP asturiano ha asegurado hoy que el contenido de la segunda reforma del sector p\u00fablico asturiano que se est\u00e1 tramitando en el Parlamento regional es &quot;adecuada y acertada&quot;, si bien considera que &quot;deber\u00eda ir m\u00e1s all\u00e1&quot; y que el Gobierno de Javier Fern\u00e1ndez mantiene una &quot;falta de ambici\u00f3n y convicci\u00f3n&quot;\" \/>\n\t\t<meta property=\"og:url\" content=\"https:\/\/www.eldigitaldeasturias.com\/noticias\/el-pp-reclama-una-reforma-mas-ambiciosa-del-sector-publico-asturiano\/\" \/>\n\t\t<meta property=\"og:image\" content=\"https:\/\/www.eldigitaldeasturias.com\/noticias\/wp-content\/uploads\/2026\/06\/Contenidos.jpg\" \/>\n\t\t<meta property=\"og:image:secure_url\" content=\"https:\/\/www.eldigitaldeasturias.com\/noticias\/wp-content\/uploads\/2026\/06\/Contenidos.jpg\" \/>\n\t\t<meta property=\"og:image:width\" content=\"1265\" \/>\n\t\t<meta property=\"og:image:height\" content=\"697\" \/>\n\t\t<meta property=\"article:tag\" content=\"actualidad asturias\" \/>\n\t\t<meta property=\"article:published_time\" content=\"2013-12-07T16:35:22+00:00\" \/>\n\t\t<meta property=\"article:modified_time\" content=\"2013-12-07T16:35:22+00:00\" \/>\n\t\t<meta property=\"article:publisher\" content=\"https:\/\/facebook.com\/eldigitaldeasturias\" \/>\n\t\t<meta name=\"twitter:card\" content=\"summary_large_image\" \/>\n\t\t<meta name=\"twitter:title\" content=\"El PP reclama una reforma m\u00e1s ambiciosa del sector p\u00fablico asturiano - El Digital de Asturias\" \/>\n\t\t<meta name=\"twitter:description\" content=\"Oviedo, 7 dic (EFE).- El PP asturiano ha asegurado hoy que el contenido de la segunda reforma del sector p\u00fablico asturiano que se est\u00e1 tramitando en el Parlamento regional es &quot;adecuada y acertada&quot;, si bien considera que &quot;deber\u00eda ir m\u00e1s all\u00e1&quot; y que el Gobierno de Javier Fern\u00e1ndez mantiene una &quot;falta de ambici\u00f3n y convicci\u00f3n&quot;\" \/>\n\t\t<meta name=\"twitter:image\" content=\"https:\/\/www.eldigitaldeasturias.com\/noticias\/wp-content\/uploads\/2026\/06\/Contenidos.jpg\" \/>\n\t\t<meta name=\"twitter:label1\" content=\"Escrito por\" \/>\n\t\t<meta name=\"twitter:data1\" content=\"El Digital de Asturias\" \/>\n\t\t<meta name=\"twitter:label2\" content=\"Tiempo de lectura estimado\" \/>\n\t\t<meta name=\"twitter:data2\" content=\"3 minutos\" \/>\n\t\t<script type=\"application\/ld+json\" class=\"aioseo-schema\">\n\t\t\t{\"@context\":\"https:\\\/\\\/schema.org\",\"@graph\":[{\"@type\":\"BlogPosting\",\"@id\":\"https:\\\/\\\/www.eldigitaldeasturias.com\\\/noticias\\\/el-pp-reclama-una-reforma-mas-ambiciosa-del-sector-publico-asturiano\\\/#blogposting\",\"name\":\"El PP reclama una reforma m\\u00e1s ambiciosa del sector p\\u00fablico asturiano - El Digital de Asturias\",\"headline\":\"El PP reclama una reforma m\\u00e1s ambiciosa del sector p\\u00fablico asturiano\",\"author\":{\"@id\":\"https:\\\/\\\/www.eldigitaldeasturias.com\\\/noticias\\\/author\\\/admin\\\/#author\"},\"publisher\":{\"@id\":\"https:\\\/\\\/www.eldigitaldeasturias.com\\\/noticias\\\/#organization\"},\"image\":{\"@type\":\"ImageObject\",\"url\":\"https:\\\/\\\/www.eldigitaldeasturias.com\\\/noticias\\\/wp-content\\\/uploads\\\/2026\\\/06\\\/Contenidos.jpg\",\"width\":1265,\"height\":697,\"caption\":\"Contenidos\"},\"datePublished\":\"2013-12-07T15:35:22+01:00\",\"dateModified\":\"2013-12-07T15:35:22+01:00\",\"inLanguage\":\"es-ES\",\"mainEntityOfPage\":{\"@id\":\"https:\\\/\\\/www.eldigitaldeasturias.com\\\/noticias\\\/el-pp-reclama-una-reforma-mas-ambiciosa-del-sector-publico-asturiano\\\/#webpage\"},\"isPartOf\":{\"@id\":\"https:\\\/\\\/www.eldigitaldeasturias.com\\\/noticias\\\/el-pp-reclama-una-reforma-mas-ambiciosa-del-sector-publico-asturiano\\\/#webpage\"},\"articleSection\":\"Actualidad Asturias\"},{\"@type\":\"BreadcrumbList\",\"@id\":\"https:\\\/\\\/www.eldigitaldeasturias.com\\\/noticias\\\/el-pp-reclama-una-reforma-mas-ambiciosa-del-sector-publico-asturiano\\\/#breadcrumblist\",\"itemListElement\":[{\"@type\":\"ListItem\",\"@id\":\"https:\\\/\\\/www.eldigitaldeasturias.com\\\/noticias#listItem\",\"position\":1,\"name\":\"Home\",\"item\":\"https:\\\/\\\/www.eldigitaldeasturias.com\\\/noticias\",\"nextItem\":{\"@type\":\"ListItem\",\"@id\":\"https:\\\/\\\/www.eldigitaldeasturias.com\\\/noticias\\\/category\\\/actualidad-asturias\\\/#listItem\",\"name\":\"Actualidad Asturias\"}},{\"@type\":\"ListItem\",\"@id\":\"https:\\\/\\\/www.eldigitaldeasturias.com\\\/noticias\\\/category\\\/actualidad-asturias\\\/#listItem\",\"position\":2,\"name\":\"Actualidad Asturias\",\"item\":\"https:\\\/\\\/www.eldigitaldeasturias.com\\\/noticias\\\/category\\\/actualidad-asturias\\\/\",\"nextItem\":{\"@type\":\"ListItem\",\"@id\":\"https:\\\/\\\/www.eldigitaldeasturias.com\\\/noticias\\\/el-pp-reclama-una-reforma-mas-ambiciosa-del-sector-publico-asturiano\\\/#listItem\",\"name\":\"El PP reclama una reforma m\\u00e1s ambiciosa del sector p\\u00fablico asturiano\"},\"previousItem\":{\"@type\":\"ListItem\",\"@id\":\"https:\\\/\\\/www.eldigitaldeasturias.com\\\/noticias#listItem\",\"name\":\"Home\"}},{\"@type\":\"ListItem\",\"@id\":\"https:\\\/\\\/www.eldigitaldeasturias.com\\\/noticias\\\/el-pp-reclama-una-reforma-mas-ambiciosa-del-sector-publico-asturiano\\\/#listItem\",\"position\":3,\"name\":\"El PP reclama una reforma m\\u00e1s ambiciosa del sector p\\u00fablico asturiano\",\"previousItem\":{\"@type\":\"ListItem\",\"@id\":\"https:\\\/\\\/www.eldigitaldeasturias.com\\\/noticias\\\/category\\\/actualidad-asturias\\\/#listItem\",\"name\":\"Actualidad Asturias\"}}]},{\"@type\":\"Organization\",\"@id\":\"https:\\\/\\\/www.eldigitaldeasturias.com\\\/noticias\\\/#organization\",\"name\":\"El Digital de Asturias\",\"description\":\"Hemeroteca\",\"url\":\"https:\\\/\\\/www.eldigitaldeasturias.com\\\/noticias\\\/\",\"email\":\"info@eldigitaldeasturias.com\",\"telephone\":\"+34652131393\",\"logo\":{\"@type\":\"ImageObject\",\"url\":\"https:\\\/\\\/www.eldigitaldeasturias.com\\\/noticias\\\/wp-content\\\/uploads\\\/2020\\\/12\\\/EDA.jpg\",\"@id\":\"https:\\\/\\\/www.eldigitaldeasturias.com\\\/noticias\\\/el-pp-reclama-una-reforma-mas-ambiciosa-del-sector-publico-asturiano\\\/#organizationLogo\"},\"image\":{\"@id\":\"https:\\\/\\\/www.eldigitaldeasturias.com\\\/noticias\\\/el-pp-reclama-una-reforma-mas-ambiciosa-del-sector-publico-asturiano\\\/#organizationLogo\"},\"sameAs\":[\"https:\\\/\\\/facebook.com\\\/eldigitaldeasturias\",\"https:\\\/\\\/www.youtube.com\\\/channel\\\/UCZP-2wLEB9Rv6erhFmqVnvg\"],\"address\":{\"@id\":\"https:\\\/\\\/www.eldigitaldeasturias.com\\\/noticias\\\/#postaladdress\",\"@type\":\"PostalAddress\",\"streetAddress\":\"san antonio 4\",\"postalCode\":\"33430\",\"addressLocality\":\"Cand\\u00e1s\",\"addressRegion\":\"Asturias\",\"addressCountry\":\"ES\"}},{\"@type\":\"Person\",\"@id\":\"https:\\\/\\\/www.eldigitaldeasturias.com\\\/noticias\\\/author\\\/admin\\\/#author\",\"url\":\"https:\\\/\\\/www.eldigitaldeasturias.com\\\/noticias\\\/author\\\/admin\\\/\",\"name\":\"El Digital de Asturias\",\"image\":{\"@type\":\"ImageObject\",\"@id\":\"https:\\\/\\\/www.eldigitaldeasturias.com\\\/noticias\\\/el-pp-reclama-una-reforma-mas-ambiciosa-del-sector-publico-asturiano\\\/#authorImage\",\"url\":\"https:\\\/\\\/secure.gravatar.com\\\/avatar\\\/df2aeffc32bcd13f8d26072ef8a91b623d677766deac7f97ca815868cd41bf5e?s=96&d=mm&r=g\",\"width\":96,\"height\":96,\"caption\":\"El Digital de Asturias\"}},{\"@type\":\"WebPage\",\"@id\":\"https:\\\/\\\/www.eldigitaldeasturias.com\\\/noticias\\\/el-pp-reclama-una-reforma-mas-ambiciosa-del-sector-publico-asturiano\\\/#webpage\",\"url\":\"https:\\\/\\\/www.eldigitaldeasturias.com\\\/noticias\\\/el-pp-reclama-una-reforma-mas-ambiciosa-del-sector-publico-asturiano\\\/\",\"name\":\"El PP reclama una reforma m\\u00e1s ambiciosa del sector p\\u00fablico asturiano - El Digital de Asturias\",\"description\":\"Oviedo, 7 dic (EFE).- El PP asturiano ha asegurado hoy que el contenido de la segunda reforma del sector p\\u00fablico asturiano que se est\\u00e1 tramitando en el Parlamento regional es \\\"adecuada y acertada\\\", si bien considera que \\\"deber\\u00eda ir m\\u00e1s all\\u00e1\\\" y que el Gobierno de Javier Fern\\u00e1ndez mantiene una \\\"falta de ambici\\u00f3n y convicci\\u00f3n\\\"\",\"inLanguage\":\"es-ES\",\"isPartOf\":{\"@id\":\"https:\\\/\\\/www.eldigitaldeasturias.com\\\/noticias\\\/#website\"},\"breadcrumb\":{\"@id\":\"https:\\\/\\\/www.eldigitaldeasturias.com\\\/noticias\\\/el-pp-reclama-una-reforma-mas-ambiciosa-del-sector-publico-asturiano\\\/#breadcrumblist\"},\"author\":{\"@id\":\"https:\\\/\\\/www.eldigitaldeasturias.com\\\/noticias\\\/author\\\/admin\\\/#author\"},\"creator\":{\"@id\":\"https:\\\/\\\/www.eldigitaldeasturias.com\\\/noticias\\\/author\\\/admin\\\/#author\"},\"image\":{\"@type\":\"ImageObject\",\"url\":\"https:\\\/\\\/www.eldigitaldeasturias.com\\\/noticias\\\/wp-content\\\/uploads\\\/2026\\\/06\\\/Contenidos.jpg\",\"@id\":\"https:\\\/\\\/www.eldigitaldeasturias.com\\\/noticias\\\/el-pp-reclama-una-reforma-mas-ambiciosa-del-sector-publico-asturiano\\\/#mainImage\",\"width\":1265,\"height\":697,\"caption\":\"Contenidos\"},\"primaryImageOfPage\":{\"@id\":\"https:\\\/\\\/www.eldigitaldeasturias.com\\\/noticias\\\/el-pp-reclama-una-reforma-mas-ambiciosa-del-sector-publico-asturiano\\\/#mainImage\"},\"datePublished\":\"2013-12-07T15:35:22+01:00\",\"dateModified\":\"2013-12-07T15:35:22+01:00\"},{\"@type\":\"WebSite\",\"@id\":\"https:\\\/\\\/www.eldigitaldeasturias.com\\\/noticias\\\/#website\",\"url\":\"https:\\\/\\\/www.eldigitaldeasturias.com\\\/noticias\\\/\",\"name\":\"El Digital de Asturias - Diario de actualidad y noticias\",\"alternateName\":\"El Digital de Asturias - Diario de actualidad y noticias\",\"description\":\"Hemeroteca\",\"inLanguage\":\"es-ES\",\"publisher\":{\"@id\":\"https:\\\/\\\/www.eldigitaldeasturias.com\\\/noticias\\\/#organization\"}}]}\n\t\t<\/script>\n\t\t<!-- All in One SEO Pro -->\r\n\t\t<title>El PP reclama una reforma m\u00e1s ambiciosa del sector p\u00fablico asturiano - El Digital de Asturias<\/title>\n\n","aioseo_head_json":{"title":"El PP reclama una reforma m\u00e1s ambiciosa del sector p\u00fablico asturiano - El Digital de Asturias","description":"Oviedo, 7 dic (EFE).- El PP asturiano ha asegurado hoy que el contenido de la segunda reforma del sector p\u00fablico asturiano que se est\u00e1 tramitando en el Parlamento regional es \"adecuada y acertada\", si bien considera que \"deber\u00eda ir m\u00e1s all\u00e1\" y que el Gobierno de Javier Fern\u00e1ndez mantiene una \"falta de ambici\u00f3n y convicci\u00f3n\"","canonical_url":"https:\/\/www.eldigitaldeasturias.com\/noticias\/el-pp-reclama-una-reforma-mas-ambiciosa-del-sector-publico-asturiano\/","robots":"max-image-preview:large","keywords":"actualidad asturias","webmasterTools":{"google-site-verification":"UA-38556648-1","msvalidate.01":"7dfe9f3f1b24437ab69f4f2559babe99","miscellaneous":""},"schema":{"@context":"https:\/\/schema.org","@graph":[{"@type":"BlogPosting","@id":"https:\/\/www.eldigitaldeasturias.com\/noticias\/el-pp-reclama-una-reforma-mas-ambiciosa-del-sector-publico-asturiano\/#blogposting","name":"El PP reclama una reforma m\u00e1s ambiciosa del sector p\u00fablico asturiano - El Digital de Asturias","headline":"El PP reclama una reforma m\u00e1s ambiciosa del sector p\u00fablico asturiano","author":{"@id":"https:\/\/www.eldigitaldeasturias.com\/noticias\/author\/admin\/#author"},"publisher":{"@id":"https:\/\/www.eldigitaldeasturias.com\/noticias\/#organization"},"image":{"@type":"ImageObject","url":"https:\/\/www.eldigitaldeasturias.com\/noticias\/wp-content\/uploads\/2026\/06\/Contenidos.jpg","width":1265,"height":697,"caption":"Contenidos"},"datePublished":"2013-12-07T15:35:22+01:00","dateModified":"2013-12-07T15:35:22+01:00","inLanguage":"es-ES","mainEntityOfPage":{"@id":"https:\/\/www.eldigitaldeasturias.com\/noticias\/el-pp-reclama-una-reforma-mas-ambiciosa-del-sector-publico-asturiano\/#webpage"},"isPartOf":{"@id":"https:\/\/www.eldigitaldeasturias.com\/noticias\/el-pp-reclama-una-reforma-mas-ambiciosa-del-sector-publico-asturiano\/#webpage"},"articleSection":"Actualidad Asturias"},{"@type":"BreadcrumbList","@id":"https:\/\/www.eldigitaldeasturias.com\/noticias\/el-pp-reclama-una-reforma-mas-ambiciosa-del-sector-publico-asturiano\/#breadcrumblist","itemListElement":[{"@type":"ListItem","@id":"https:\/\/www.eldigitaldeasturias.com\/noticias#listItem","position":1,"name":"Home","item":"https:\/\/www.eldigitaldeasturias.com\/noticias","nextItem":{"@type":"ListItem","@id":"https:\/\/www.eldigitaldeasturias.com\/noticias\/category\/actualidad-asturias\/#listItem","name":"Actualidad Asturias"}},{"@type":"ListItem","@id":"https:\/\/www.eldigitaldeasturias.com\/noticias\/category\/actualidad-asturias\/#listItem","position":2,"name":"Actualidad Asturias","item":"https:\/\/www.eldigitaldeasturias.com\/noticias\/category\/actualidad-asturias\/","nextItem":{"@type":"ListItem","@id":"https:\/\/www.eldigitaldeasturias.com\/noticias\/el-pp-reclama-una-reforma-mas-ambiciosa-del-sector-publico-asturiano\/#listItem","name":"El PP reclama una reforma m\u00e1s ambiciosa del sector p\u00fablico asturiano"},"previousItem":{"@type":"ListItem","@id":"https:\/\/www.eldigitaldeasturias.com\/noticias#listItem","name":"Home"}},{"@type":"ListItem","@id":"https:\/\/www.eldigitaldeasturias.com\/noticias\/el-pp-reclama-una-reforma-mas-ambiciosa-del-sector-publico-asturiano\/#listItem","position":3,"name":"El PP reclama una reforma m\u00e1s ambiciosa del sector p\u00fablico asturiano","previousItem":{"@type":"ListItem","@id":"https:\/\/www.eldigitaldeasturias.com\/noticias\/category\/actualidad-asturias\/#listItem","name":"Actualidad Asturias"}}]},{"@type":"Organization","@id":"https:\/\/www.eldigitaldeasturias.com\/noticias\/#organization","name":"El Digital de Asturias","description":"Hemeroteca","url":"https:\/\/www.eldigitaldeasturias.com\/noticias\/","email":"info@eldigitaldeasturias.com","telephone":"+34652131393","logo":{"@type":"ImageObject","url":"https:\/\/www.eldigitaldeasturias.com\/noticias\/wp-content\/uploads\/2020\/12\/EDA.jpg","@id":"https:\/\/www.eldigitaldeasturias.com\/noticias\/el-pp-reclama-una-reforma-mas-ambiciosa-del-sector-publico-asturiano\/#organizationLogo"},"image":{"@id":"https:\/\/www.eldigitaldeasturias.com\/noticias\/el-pp-reclama-una-reforma-mas-ambiciosa-del-sector-publico-asturiano\/#organizationLogo"},"sameAs":["https:\/\/facebook.com\/eldigitaldeasturias","https:\/\/www.youtube.com\/channel\/UCZP-2wLEB9Rv6erhFmqVnvg"],"address":{"@id":"https:\/\/www.eldigitaldeasturias.com\/noticias\/#postaladdress","@type":"PostalAddress","streetAddress":"san antonio 4","postalCode":"33430","addressLocality":"Cand\u00e1s","addressRegion":"Asturias","addressCountry":"ES"}},{"@type":"Person","@id":"https:\/\/www.eldigitaldeasturias.com\/noticias\/author\/admin\/#author","url":"https:\/\/www.eldigitaldeasturias.com\/noticias\/author\/admin\/","name":"El Digital de Asturias","image":{"@type":"ImageObject","@id":"https:\/\/www.eldigitaldeasturias.com\/noticias\/el-pp-reclama-una-reforma-mas-ambiciosa-del-sector-publico-asturiano\/#authorImage","url":"https:\/\/secure.gravatar.com\/avatar\/df2aeffc32bcd13f8d26072ef8a91b623d677766deac7f97ca815868cd41bf5e?s=96&d=mm&r=g","width":96,"height":96,"caption":"El Digital de Asturias"}},{"@type":"WebPage","@id":"https:\/\/www.eldigitaldeasturias.com\/noticias\/el-pp-reclama-una-reforma-mas-ambiciosa-del-sector-publico-asturiano\/#webpage","url":"https:\/\/www.eldigitaldeasturias.com\/noticias\/el-pp-reclama-una-reforma-mas-ambiciosa-del-sector-publico-asturiano\/","name":"El PP reclama una reforma m\u00e1s ambiciosa del sector p\u00fablico asturiano - El Digital de Asturias","description":"Oviedo, 7 dic (EFE).- El PP asturiano ha asegurado hoy que el contenido de la segunda reforma del sector p\u00fablico asturiano que se est\u00e1 tramitando en el Parlamento regional es \"adecuada y acertada\", si bien considera que \"deber\u00eda ir m\u00e1s all\u00e1\" y que el Gobierno de Javier Fern\u00e1ndez mantiene una \"falta de ambici\u00f3n y convicci\u00f3n\"","inLanguage":"es-ES","isPartOf":{"@id":"https:\/\/www.eldigitaldeasturias.com\/noticias\/#website"},"breadcrumb":{"@id":"https:\/\/www.eldigitaldeasturias.com\/noticias\/el-pp-reclama-una-reforma-mas-ambiciosa-del-sector-publico-asturiano\/#breadcrumblist"},"author":{"@id":"https:\/\/www.eldigitaldeasturias.com\/noticias\/author\/admin\/#author"},"creator":{"@id":"https:\/\/www.eldigitaldeasturias.com\/noticias\/author\/admin\/#author"},"image":{"@type":"ImageObject","url":"https:\/\/www.eldigitaldeasturias.com\/noticias\/wp-content\/uploads\/2026\/06\/Contenidos.jpg","@id":"https:\/\/www.eldigitaldeasturias.com\/noticias\/el-pp-reclama-una-reforma-mas-ambiciosa-del-sector-publico-asturiano\/#mainImage","width":1265,"height":697,"caption":"Contenidos"},"primaryImageOfPage":{"@id":"https:\/\/www.eldigitaldeasturias.com\/noticias\/el-pp-reclama-una-reforma-mas-ambiciosa-del-sector-publico-asturiano\/#mainImage"},"datePublished":"2013-12-07T15:35:22+01:00","dateModified":"2013-12-07T15:35:22+01:00"},{"@type":"WebSite","@id":"https:\/\/www.eldigitaldeasturias.com\/noticias\/#website","url":"https:\/\/www.eldigitaldeasturias.com\/noticias\/","name":"El Digital de Asturias - Diario de actualidad y noticias","alternateName":"El Digital de Asturias - Diario de actualidad y noticias","description":"Hemeroteca","inLanguage":"es-ES","publisher":{"@id":"https:\/\/www.eldigitaldeasturias.com\/noticias\/#organization"}}]},"og:locale":"es_ES","og:site_name":"El Digital de Asturias","og:type":"article","og:title":"El PP reclama una reforma m\u00e1s ambiciosa del sector p\u00fablico asturiano - El Digital de Asturias","og:description":"Oviedo, 7 dic (EFE).- El PP asturiano ha asegurado hoy que el contenido de la segunda reforma del sector p\u00fablico asturiano que se est\u00e1 tramitando en el Parlamento regional es &quot;adecuada y acertada&quot;, si bien considera que &quot;deber\u00eda ir m\u00e1s all\u00e1&quot; y que el Gobierno de Javier Fern\u00e1ndez mantiene una &quot;falta de ambici\u00f3n y convicci\u00f3n&quot;","og:url":"https:\/\/www.eldigitaldeasturias.com\/noticias\/el-pp-reclama-una-reforma-mas-ambiciosa-del-sector-publico-asturiano\/","og:image":"https:\/\/www.eldigitaldeasturias.com\/noticias\/wp-content\/uploads\/2026\/06\/Contenidos.jpg","og:image:secure_url":"https:\/\/www.eldigitaldeasturias.com\/noticias\/wp-content\/uploads\/2026\/06\/Contenidos.jpg","og:image:width":1265,"og:image:height":697,"article:tag":["actualidad asturias"],"article:published_time":"2013-12-07T16:35:22+00:00","article:modified_time":"2013-12-07T16:35:22+00:00","article:publisher":"https:\/\/facebook.com\/eldigitaldeasturias","twitter:card":"summary_large_image","twitter:title":"El PP reclama una reforma m\u00e1s ambiciosa del sector p\u00fablico asturiano - El Digital de Asturias","twitter:description":"Oviedo, 7 dic (EFE).- El PP asturiano ha asegurado hoy que el contenido de la segunda reforma del sector p\u00fablico asturiano que se est\u00e1 tramitando en el Parlamento regional es &quot;adecuada y acertada&quot;, si bien considera que &quot;deber\u00eda ir m\u00e1s all\u00e1&quot; y que el Gobierno de Javier Fern\u00e1ndez mantiene una &quot;falta de ambici\u00f3n y convicci\u00f3n&quot;","twitter:image":"https:\/\/www.eldigitaldeasturias.com\/noticias\/wp-content\/uploads\/2026\/06\/Contenidos.jpg","twitter:label1":"Escrito por","twitter:data1":"El Digital de Asturias","twitter:label2":"Tiempo de lectura estimado","twitter:data2":"3 minutos"},"aioseo_meta_data":{"post_id":"458927","title":null,"description":null,"keywords":null,"keyphrases":null,"primary_term":null,"canonical_url":null,"og_title":null,"og_description":null,"og_object_type":"default","og_image_type":"default","og_image_url":null,"og_image_width":null,"og_image_height":null,"og_image_custom_url":null,"og_image_custom_fields":null,"og_video":null,"og_custom_url":null,"og_article_section":null,"og_article_tags":null,"twitter_use_og":true,"twitter_card":"default","twitter_image_type":"default","twitter_image_url":null,"twitter_image_custom_url":null,"twitter_image_custom_fields":null,"twitter_title":null,"twitter_description":null,"schema":{"blockGraphs":[],"customGraphs":[],"default":{"data":{"Article":[],"Course":[],"Dataset":[],"FAQPage":[],"Movie":[],"Person":[],"Product":[],"ProductReview":[],"Car":[],"Recipe":[],"Service":[],"SoftwareApplication":[],"WebPage":[]},"graphName":"","isEnabled":true},"graphs":[],"defaultGraph":"","defaultPostTypeGraph":""},"schema_type":null,"schema_type_options":null,"pillar_content":false,"robots_default":true,"robots_noindex":false,"robots_noarchive":false,"robots_nosnippet":false,"robots_nofollow":false,"robots_noimageindex":false,"robots_noodp":false,"robots_notranslate":false,"robots_max_snippet":null,"robots_max_videopreview":null,"robots_max_imagepreview":"none","priority":null,"frequency":null,"local_seo":null,"seo_analyzer_scan_date":"2026-05-30 07:20:38","breadcrumb_settings":null,"limit_modified_date":false,"open_ai":null,"ai":null,"created":"2020-11-14 22:46:26","updated":"2026-05-30 07:20:38","focus_keyword":null,"additional_keywords":null,"truseo_locale":null},"aioseo_breadcrumb":"<div class=\"aioseo-breadcrumbs\"><span class=\"aioseo-breadcrumb\">\n\t<a href=\"https:\/\/www.eldigitaldeasturias.com\/noticias\" title=\"Home\">Home<\/a>\n<\/span><span class=\"aioseo-breadcrumb-separator\">\u2013<\/span><span class=\"aioseo-breadcrumb\">\n\t<a href=\"https:\/\/www.eldigitaldeasturias.com\/noticias\/category\/actualidad-asturias\/\" title=\"Actualidad Asturias\">Actualidad Asturias<\/a>\n<\/span><span class=\"aioseo-breadcrumb-separator\">\u2013<\/span><span class=\"aioseo-breadcrumb\">\n\t<a href=\"https:\/\/www.eldigitaldeasturias.com\/noticias\/el-pp-reclama-una-reforma-mas-ambiciosa-del-sector-publico-asturiano\/\" title=\"El PP reclama una reforma m\u00e1s ambiciosa del sector p\u00fablico asturiano\">El PP reclama una reforma m\u00e1s ambiciosa del sector p\u00fablico asturiano<\/a>\n<\/span><\/div>","aioseo_breadcrumb_json":[{"label":"Home","link":"https:\/\/www.eldigitaldeasturias.com\/noticias"},{"label":"Actualidad Asturias","link":"https:\/\/www.eldigitaldeasturias.com\/noticias\/category\/actualidad-asturias\/"},{"label":"El PP reclama una reforma m\u00e1s ambiciosa del sector p\u00fablico asturiano","link":"https:\/\/www.eldigitaldeasturias.com\/noticias\/el-pp-reclama-una-reforma-mas-ambiciosa-del-sector-publico-asturiano\/"}],"_links":{"self":[{"href":"https:\/\/www.eldigitaldeasturias.com\/noticias\/wp-json\/wp\/v2\/posts\/458927","targetHints":{"allow":["GET"]}}],"collection":[{"href":"https:\/\/www.eldigitaldeasturias.com\/noticias\/wp-json\/wp\/v2\/posts"}],"about":[{"href":"https:\/\/www.eldigitaldeasturias.com\/noticias\/wp-json\/wp\/v2\/types\/post"}],"author":[{"embeddable":true,"href":"https:\/\/www.eldigitaldeasturias.com\/noticias\/wp-json\/wp\/v2\/users\/1"}],"replies":[{"embeddable":true,"href":"https:\/\/www.eldigitaldeasturias.com\/noticias\/wp-json\/wp\/v2\/comments?post=458927"}],"version-history":[{"count":0,"href":"https:\/\/www.eldigitaldeasturias.com\/noticias\/wp-json\/wp\/v2\/posts\/458927\/revisions"}],"wp:featuredmedia":[{"embeddable":true,"href":"https:\/\/www.eldigitaldeasturias.com\/noticias\/wp-json\/wp\/v2\/media\/1132184"}],"wp:attachment":[{"href":"https:\/\/www.eldigitaldeasturias.com\/noticias\/wp-json\/wp\/v2\/media?parent=458927"}],"wp:term":[{"taxonomy":"category","embeddable":true,"href":"https:\/\/www.eldigitaldeasturias.com\/noticias\/wp-json\/wp\/v2\/categories?post=458927"},{"taxonomy":"post_tag","embeddable":true,"href":"https:\/\/www.eldigitaldeasturias.com\/noticias\/wp-json\/wp\/v2\/tags?post=458927"}],"curies":[{"name":"wp","href":"https:\/\/api.w.org\/{rel}","templated":true}]}}