{"id":458923,"date":"2013-12-07T15:31:44","date_gmt":"2013-12-07T16:31:44","guid":{"rendered":"http:\/\/www.eldigitaldeasturias.com\/noticias\/?p=458923"},"modified":"2013-12-07T15:31:44","modified_gmt":"2013-12-07T16:31:44","slug":"foro-asegura-que-el-plan-de-acceso-a-los-lagos-es-un-castigo-para-el-turismo","status":"publish","type":"post","link":"https:\/\/www.eldigitaldeasturias.com\/noticias\/foro-asegura-que-el-plan-de-acceso-a-los-lagos-es-un-castigo-para-el-turismo\/","title":{"rendered":"Foro asegura que el plan de acceso a Los Lagos es un castigo para el turismo"},"content":{"rendered":"<p><img loading=\"lazy\" decoding=\"async\" class=\"alignleft size-medium wp-image-681\" alt=\"palamento_20130913133437_8001\" src=\"https:\/\/www.eldigitaldeasturias.com\/noticias\/wp-content\/uploads\/2013\/09\/palamento_20130913133437_8001-360x240.jpg\" width=\"360\" height=\"240\" \/>Oviedo, 7 dic (EFE).- La diputada regional de Foro por el oriente Marina Huerta ha mostrado hoy su malestar por la puesta en marcha de nuevo del Plan de Transporte a Los Lagos durante este puente que, en su opini\u00f3n, \u00abcastiga al turismo en Cangas de On\u00eds\u00bb.<\/p>\n<p>\u00abNos parece una verg\u00fcenza que, cuando empresarios, industriales y vecinos reclaman una revisi\u00f3n del Plan de Transporte a Los Lagos que pasar\u00eda, entre otras cosas, por disminuir los d\u00edas en el que se aplica, la respuesta del Consorcio haya sido nuevamente cerrar la carretera este puente\u00bb, ha se\u00f1alado Huerta en un comunicado.<\/p>\n<p>Para la diputada de Foro, si la climatolog\u00eda y la nieve ya dificulta la llegada de turistas en diciembre a Picos de Europa, \u00e9stos desistir\u00e1n m\u00e1s si adem\u00e1s tienen que pagar 8 euros por persona para subir en autob\u00fas.<\/p>\n<p>En su opini\u00f3n, este plan s\u00f3lo deber\u00eda ponerse en marcha durante el mes de agosto y, como mucho, en Semana Santa\u00bb.<\/p>\n","protected":false},"excerpt":{"rendered":"<p>Oviedo, 7 dic (EFE).- La diputada regional de Foro por el oriente Marina Huerta ha mostrado hoy su malestar por la puesta en marcha de nuevo del Plan de Transporte a Los Lagos durante este puente que, en su opini\u00f3n, \u00abcastiga al turismo en Cangas de On\u00eds\u00bb. \u00abNos parece una verg\u00fcenza que, cuando empresarios, industriales [&hellip;]<\/p>\n","protected":false},"author":1,"featured_media":1132184,"comment_status":"closed","ping_status":"open","sticky":false,"template":"","format":"standard","meta":{"footnotes":""},"categories":[12],"tags":[],"class_list":["post-458923","post","type-post","status-publish","format-standard","has-post-thumbnail","hentry","category-actualidad-asturias"],"aioseo_notices":[],"aioseo_head":"\n\t\t<!-- All in One SEO Pro 5.0.1 - aioseo.com -->\n\t<meta name=\"description\" content=\"Oviedo, 7 dic (EFE).- La diputada regional de Foro por el oriente Marina Huerta ha mostrado hoy su malestar por la puesta en marcha de nuevo del Plan de Transporte a Los Lagos durante este puente que, en su opini\u00f3n, &quot;castiga al turismo en Cangas de On\u00eds&quot;. &quot;Nos parece una verg\u00fcenza que, cuando empresarios, industriales\" \/>\n\t<meta name=\"robots\" content=\"max-image-preview:large\" \/>\n\t<meta name=\"author\" content=\"El Digital de Asturias\"\/>\n\t<meta name=\"google-site-verification\" content=\"UA-38556648-1\" \/>\n\t<meta name=\"msvalidate.01\" content=\"7dfe9f3f1b24437ab69f4f2559babe99\" \/>\n\t<meta name=\"keywords\" content=\"actualidad asturias\" \/>\n\t<link rel=\"canonical\" href=\"https:\/\/www.eldigitaldeasturias.com\/noticias\/foro-asegura-que-el-plan-de-acceso-a-los-lagos-es-un-castigo-para-el-turismo\/\" \/>\n\t<meta name=\"generator\" content=\"All in One SEO Pro (AIOSEO) 5.0.1\" \/>\n\t\t<meta property=\"og:locale\" content=\"es_ES\" \/>\n\t\t<meta property=\"og:site_name\" content=\"El Digital de Asturias\" \/>\n\t\t<meta property=\"og:type\" content=\"article\" \/>\n\t\t<meta property=\"og:title\" content=\"Foro asegura que el plan de acceso a Los Lagos es un castigo para el turismo - El Digital de Asturias\" \/>\n\t\t<meta property=\"og:description\" content=\"Oviedo, 7 dic (EFE).- La diputada regional de Foro por el oriente Marina Huerta ha mostrado hoy su malestar por la puesta en marcha de nuevo del Plan de Transporte a Los Lagos durante este puente que, en su opini\u00f3n, &quot;castiga al turismo en Cangas de On\u00eds&quot;. &quot;Nos parece una verg\u00fcenza que, cuando empresarios, industriales\" \/>\n\t\t<meta property=\"og:url\" content=\"https:\/\/www.eldigitaldeasturias.com\/noticias\/foro-asegura-que-el-plan-de-acceso-a-los-lagos-es-un-castigo-para-el-turismo\/\" \/>\n\t\t<meta property=\"og:image\" content=\"https:\/\/www.eldigitaldeasturias.com\/noticias\/wp-content\/uploads\/2026\/06\/Contenidos.jpg\" \/>\n\t\t<meta property=\"og:image:secure_url\" content=\"https:\/\/www.eldigitaldeasturias.com\/noticias\/wp-content\/uploads\/2026\/06\/Contenidos.jpg\" \/>\n\t\t<meta property=\"og:image:width\" content=\"1265\" \/>\n\t\t<meta property=\"og:image:height\" content=\"697\" \/>\n\t\t<meta property=\"article:tag\" content=\"actualidad asturias\" \/>\n\t\t<meta property=\"article:published_time\" content=\"2013-12-07T16:31:44+00:00\" \/>\n\t\t<meta property=\"article:modified_time\" content=\"2013-12-07T16:31:44+00:00\" \/>\n\t\t<meta property=\"article:publisher\" content=\"https:\/\/facebook.com\/eldigitaldeasturias\" \/>\n\t\t<meta name=\"twitter:card\" content=\"summary_large_image\" \/>\n\t\t<meta name=\"twitter:title\" content=\"Foro asegura que el plan de acceso a Los Lagos es un castigo para el turismo - El Digital de Asturias\" \/>\n\t\t<meta name=\"twitter:description\" content=\"Oviedo, 7 dic (EFE).- La diputada regional de Foro por el oriente Marina Huerta ha mostrado hoy su malestar por la puesta en marcha de nuevo del Plan de Transporte a Los Lagos durante este puente que, en su opini\u00f3n, &quot;castiga al turismo en Cangas de On\u00eds&quot;. &quot;Nos parece una verg\u00fcenza que, cuando empresarios, industriales\" \/>\n\t\t<meta name=\"twitter:image\" content=\"https:\/\/www.eldigitaldeasturias.com\/noticias\/wp-content\/uploads\/2026\/06\/Contenidos.jpg\" \/>\n\t\t<meta name=\"twitter:label1\" content=\"Escrito por\" \/>\n\t\t<meta name=\"twitter:data1\" content=\"El Digital de Asturias\" \/>\n\t\t<meta name=\"twitter:label2\" content=\"Tiempo de lectura estimado\" \/>\n\t\t<meta name=\"twitter:data2\" content=\"1 minuto\" \/>\n\t\t<script type=\"application\/ld+json\" class=\"aioseo-schema\">\n\t\t\t{\"@context\":\"https:\\\/\\\/schema.org\",\"@graph\":[{\"@type\":\"BlogPosting\",\"@id\":\"https:\\\/\\\/www.eldigitaldeasturias.com\\\/noticias\\\/foro-asegura-que-el-plan-de-acceso-a-los-lagos-es-un-castigo-para-el-turismo\\\/#blogposting\",\"name\":\"Foro asegura que el plan de acceso a Los Lagos es un castigo para el turismo - El Digital de Asturias\",\"headline\":\"Foro asegura que el plan de acceso a Los Lagos es un castigo para el turismo\",\"author\":{\"@id\":\"https:\\\/\\\/www.eldigitaldeasturias.com\\\/noticias\\\/author\\\/admin\\\/#author\"},\"publisher\":{\"@id\":\"https:\\\/\\\/www.eldigitaldeasturias.com\\\/noticias\\\/#organization\"},\"image\":{\"@type\":\"ImageObject\",\"url\":\"https:\\\/\\\/www.eldigitaldeasturias.com\\\/noticias\\\/wp-content\\\/uploads\\\/2026\\\/06\\\/Contenidos.jpg\",\"width\":1265,\"height\":697,\"caption\":\"Contenidos\"},\"datePublished\":\"2013-12-07T15:31:44+01:00\",\"dateModified\":\"2013-12-07T15:31:44+01:00\",\"inLanguage\":\"es-ES\",\"mainEntityOfPage\":{\"@id\":\"https:\\\/\\\/www.eldigitaldeasturias.com\\\/noticias\\\/foro-asegura-que-el-plan-de-acceso-a-los-lagos-es-un-castigo-para-el-turismo\\\/#webpage\"},\"isPartOf\":{\"@id\":\"https:\\\/\\\/www.eldigitaldeasturias.com\\\/noticias\\\/foro-asegura-que-el-plan-de-acceso-a-los-lagos-es-un-castigo-para-el-turismo\\\/#webpage\"},\"articleSection\":\"Actualidad Asturias\"},{\"@type\":\"BreadcrumbList\",\"@id\":\"https:\\\/\\\/www.eldigitaldeasturias.com\\\/noticias\\\/foro-asegura-que-el-plan-de-acceso-a-los-lagos-es-un-castigo-para-el-turismo\\\/#breadcrumblist\",\"itemListElement\":[{\"@type\":\"ListItem\",\"@id\":\"https:\\\/\\\/www.eldigitaldeasturias.com\\\/noticias#listItem\",\"position\":1,\"name\":\"Home\",\"item\":\"https:\\\/\\\/www.eldigitaldeasturias.com\\\/noticias\",\"nextItem\":{\"@type\":\"ListItem\",\"@id\":\"https:\\\/\\\/www.eldigitaldeasturias.com\\\/noticias\\\/category\\\/actualidad-asturias\\\/#listItem\",\"name\":\"Actualidad Asturias\"}},{\"@type\":\"ListItem\",\"@id\":\"https:\\\/\\\/www.eldigitaldeasturias.com\\\/noticias\\\/category\\\/actualidad-asturias\\\/#listItem\",\"position\":2,\"name\":\"Actualidad Asturias\",\"item\":\"https:\\\/\\\/www.eldigitaldeasturias.com\\\/noticias\\\/category\\\/actualidad-asturias\\\/\",\"nextItem\":{\"@type\":\"ListItem\",\"@id\":\"https:\\\/\\\/www.eldigitaldeasturias.com\\\/noticias\\\/foro-asegura-que-el-plan-de-acceso-a-los-lagos-es-un-castigo-para-el-turismo\\\/#listItem\",\"name\":\"Foro asegura que el plan de acceso a Los Lagos es un castigo para el turismo\"},\"previousItem\":{\"@type\":\"ListItem\",\"@id\":\"https:\\\/\\\/www.eldigitaldeasturias.com\\\/noticias#listItem\",\"name\":\"Home\"}},{\"@type\":\"ListItem\",\"@id\":\"https:\\\/\\\/www.eldigitaldeasturias.com\\\/noticias\\\/foro-asegura-que-el-plan-de-acceso-a-los-lagos-es-un-castigo-para-el-turismo\\\/#listItem\",\"position\":3,\"name\":\"Foro asegura que el plan de acceso a Los Lagos es un castigo para el turismo\",\"previousItem\":{\"@type\":\"ListItem\",\"@id\":\"https:\\\/\\\/www.eldigitaldeasturias.com\\\/noticias\\\/category\\\/actualidad-asturias\\\/#listItem\",\"name\":\"Actualidad Asturias\"}}]},{\"@type\":\"Organization\",\"@id\":\"https:\\\/\\\/www.eldigitaldeasturias.com\\\/noticias\\\/#organization\",\"name\":\"El Digital de Asturias\",\"description\":\"Hemeroteca\",\"url\":\"https:\\\/\\\/www.eldigitaldeasturias.com\\\/noticias\\\/\",\"email\":\"info@eldigitaldeasturias.com\",\"telephone\":\"+34652131393\",\"logo\":{\"@type\":\"ImageObject\",\"url\":\"https:\\\/\\\/www.eldigitaldeasturias.com\\\/noticias\\\/wp-content\\\/uploads\\\/2020\\\/12\\\/EDA.jpg\",\"@id\":\"https:\\\/\\\/www.eldigitaldeasturias.com\\\/noticias\\\/foro-asegura-que-el-plan-de-acceso-a-los-lagos-es-un-castigo-para-el-turismo\\\/#organizationLogo\"},\"image\":{\"@id\":\"https:\\\/\\\/www.eldigitaldeasturias.com\\\/noticias\\\/foro-asegura-que-el-plan-de-acceso-a-los-lagos-es-un-castigo-para-el-turismo\\\/#organizationLogo\"},\"sameAs\":[\"https:\\\/\\\/facebook.com\\\/eldigitaldeasturias\",\"https:\\\/\\\/www.youtube.com\\\/channel\\\/UCZP-2wLEB9Rv6erhFmqVnvg\"],\"address\":{\"@id\":\"https:\\\/\\\/www.eldigitaldeasturias.com\\\/noticias\\\/#postaladdress\",\"@type\":\"PostalAddress\",\"streetAddress\":\"san antonio 4\",\"postalCode\":\"33430\",\"addressLocality\":\"Cand\\u00e1s\",\"addressRegion\":\"Asturias\",\"addressCountry\":\"ES\"}},{\"@type\":\"Person\",\"@id\":\"https:\\\/\\\/www.eldigitaldeasturias.com\\\/noticias\\\/author\\\/admin\\\/#author\",\"url\":\"https:\\\/\\\/www.eldigitaldeasturias.com\\\/noticias\\\/author\\\/admin\\\/\",\"name\":\"El Digital de Asturias\",\"image\":{\"@type\":\"ImageObject\",\"@id\":\"https:\\\/\\\/www.eldigitaldeasturias.com\\\/noticias\\\/foro-asegura-que-el-plan-de-acceso-a-los-lagos-es-un-castigo-para-el-turismo\\\/#authorImage\",\"url\":\"https:\\\/\\\/secure.gravatar.com\\\/avatar\\\/df2aeffc32bcd13f8d26072ef8a91b623d677766deac7f97ca815868cd41bf5e?s=96&d=mm&r=g\",\"width\":96,\"height\":96,\"caption\":\"El Digital de Asturias\"}},{\"@type\":\"WebPage\",\"@id\":\"https:\\\/\\\/www.eldigitaldeasturias.com\\\/noticias\\\/foro-asegura-que-el-plan-de-acceso-a-los-lagos-es-un-castigo-para-el-turismo\\\/#webpage\",\"url\":\"https:\\\/\\\/www.eldigitaldeasturias.com\\\/noticias\\\/foro-asegura-que-el-plan-de-acceso-a-los-lagos-es-un-castigo-para-el-turismo\\\/\",\"name\":\"Foro asegura que el plan de acceso a Los Lagos es un castigo para el turismo - El Digital de Asturias\",\"description\":\"Oviedo, 7 dic (EFE).- La diputada regional de Foro por el oriente Marina Huerta ha mostrado hoy su malestar por la puesta en marcha de nuevo del Plan de Transporte a Los Lagos durante este puente que, en su opini\\u00f3n, \\\"castiga al turismo en Cangas de On\\u00eds\\\". \\\"Nos parece una verg\\u00fcenza que, cuando empresarios, industriales\",\"inLanguage\":\"es-ES\",\"isPartOf\":{\"@id\":\"https:\\\/\\\/www.eldigitaldeasturias.com\\\/noticias\\\/#website\"},\"breadcrumb\":{\"@id\":\"https:\\\/\\\/www.eldigitaldeasturias.com\\\/noticias\\\/foro-asegura-que-el-plan-de-acceso-a-los-lagos-es-un-castigo-para-el-turismo\\\/#breadcrumblist\"},\"author\":{\"@id\":\"https:\\\/\\\/www.eldigitaldeasturias.com\\\/noticias\\\/author\\\/admin\\\/#author\"},\"creator\":{\"@id\":\"https:\\\/\\\/www.eldigitaldeasturias.com\\\/noticias\\\/author\\\/admin\\\/#author\"},\"image\":{\"@type\":\"ImageObject\",\"url\":\"https:\\\/\\\/www.eldigitaldeasturias.com\\\/noticias\\\/wp-content\\\/uploads\\\/2026\\\/06\\\/Contenidos.jpg\",\"@id\":\"https:\\\/\\\/www.eldigitaldeasturias.com\\\/noticias\\\/foro-asegura-que-el-plan-de-acceso-a-los-lagos-es-un-castigo-para-el-turismo\\\/#mainImage\",\"width\":1265,\"height\":697,\"caption\":\"Contenidos\"},\"primaryImageOfPage\":{\"@id\":\"https:\\\/\\\/www.eldigitaldeasturias.com\\\/noticias\\\/foro-asegura-que-el-plan-de-acceso-a-los-lagos-es-un-castigo-para-el-turismo\\\/#mainImage\"},\"datePublished\":\"2013-12-07T15:31:44+01:00\",\"dateModified\":\"2013-12-07T15:31:44+01:00\"},{\"@type\":\"WebSite\",\"@id\":\"https:\\\/\\\/www.eldigitaldeasturias.com\\\/noticias\\\/#website\",\"url\":\"https:\\\/\\\/www.eldigitaldeasturias.com\\\/noticias\\\/\",\"name\":\"El Digital de Asturias - Diario de actualidad y noticias\",\"alternateName\":\"El Digital de Asturias - Diario de actualidad y noticias\",\"description\":\"Hemeroteca\",\"inLanguage\":\"es-ES\",\"publisher\":{\"@id\":\"https:\\\/\\\/www.eldigitaldeasturias.com\\\/noticias\\\/#organization\"}}]}\n\t\t<\/script>\n\t\t<!-- All in One SEO Pro -->\r\n\t\t<title>Foro asegura que el plan de acceso a Los Lagos es un castigo para el turismo - El Digital de Asturias<\/title>\n\n","aioseo_head_json":{"title":"Foro asegura que el plan de acceso a Los Lagos es un castigo para el turismo - El Digital de Asturias","description":"Oviedo, 7 dic (EFE).- La diputada regional de Foro por el oriente Marina Huerta ha mostrado hoy su malestar por la puesta en marcha de nuevo del Plan de Transporte a Los Lagos durante este puente que, en su opini\u00f3n, \"castiga al turismo en Cangas de On\u00eds\". \"Nos parece una verg\u00fcenza que, cuando empresarios, industriales","canonical_url":"https:\/\/www.eldigitaldeasturias.com\/noticias\/foro-asegura-que-el-plan-de-acceso-a-los-lagos-es-un-castigo-para-el-turismo\/","robots":"max-image-preview:large","keywords":"actualidad asturias","webmasterTools":{"google-site-verification":"UA-38556648-1","msvalidate.01":"7dfe9f3f1b24437ab69f4f2559babe99","miscellaneous":""},"schema":{"@context":"https:\/\/schema.org","@graph":[{"@type":"BlogPosting","@id":"https:\/\/www.eldigitaldeasturias.com\/noticias\/foro-asegura-que-el-plan-de-acceso-a-los-lagos-es-un-castigo-para-el-turismo\/#blogposting","name":"Foro asegura que el plan de acceso a Los Lagos es un castigo para el turismo - El Digital de Asturias","headline":"Foro asegura que el plan de acceso a Los Lagos es un castigo para el turismo","author":{"@id":"https:\/\/www.eldigitaldeasturias.com\/noticias\/author\/admin\/#author"},"publisher":{"@id":"https:\/\/www.eldigitaldeasturias.com\/noticias\/#organization"},"image":{"@type":"ImageObject","url":"https:\/\/www.eldigitaldeasturias.com\/noticias\/wp-content\/uploads\/2026\/06\/Contenidos.jpg","width":1265,"height":697,"caption":"Contenidos"},"datePublished":"2013-12-07T15:31:44+01:00","dateModified":"2013-12-07T15:31:44+01:00","inLanguage":"es-ES","mainEntityOfPage":{"@id":"https:\/\/www.eldigitaldeasturias.com\/noticias\/foro-asegura-que-el-plan-de-acceso-a-los-lagos-es-un-castigo-para-el-turismo\/#webpage"},"isPartOf":{"@id":"https:\/\/www.eldigitaldeasturias.com\/noticias\/foro-asegura-que-el-plan-de-acceso-a-los-lagos-es-un-castigo-para-el-turismo\/#webpage"},"articleSection":"Actualidad Asturias"},{"@type":"BreadcrumbList","@id":"https:\/\/www.eldigitaldeasturias.com\/noticias\/foro-asegura-que-el-plan-de-acceso-a-los-lagos-es-un-castigo-para-el-turismo\/#breadcrumblist","itemListElement":[{"@type":"ListItem","@id":"https:\/\/www.eldigitaldeasturias.com\/noticias#listItem","position":1,"name":"Home","item":"https:\/\/www.eldigitaldeasturias.com\/noticias","nextItem":{"@type":"ListItem","@id":"https:\/\/www.eldigitaldeasturias.com\/noticias\/category\/actualidad-asturias\/#listItem","name":"Actualidad Asturias"}},{"@type":"ListItem","@id":"https:\/\/www.eldigitaldeasturias.com\/noticias\/category\/actualidad-asturias\/#listItem","position":2,"name":"Actualidad Asturias","item":"https:\/\/www.eldigitaldeasturias.com\/noticias\/category\/actualidad-asturias\/","nextItem":{"@type":"ListItem","@id":"https:\/\/www.eldigitaldeasturias.com\/noticias\/foro-asegura-que-el-plan-de-acceso-a-los-lagos-es-un-castigo-para-el-turismo\/#listItem","name":"Foro asegura que el plan de acceso a Los Lagos es un castigo para el turismo"},"previousItem":{"@type":"ListItem","@id":"https:\/\/www.eldigitaldeasturias.com\/noticias#listItem","name":"Home"}},{"@type":"ListItem","@id":"https:\/\/www.eldigitaldeasturias.com\/noticias\/foro-asegura-que-el-plan-de-acceso-a-los-lagos-es-un-castigo-para-el-turismo\/#listItem","position":3,"name":"Foro asegura que el plan de acceso a Los Lagos es un castigo para el turismo","previousItem":{"@type":"ListItem","@id":"https:\/\/www.eldigitaldeasturias.com\/noticias\/category\/actualidad-asturias\/#listItem","name":"Actualidad Asturias"}}]},{"@type":"Organization","@id":"https:\/\/www.eldigitaldeasturias.com\/noticias\/#organization","name":"El Digital de Asturias","description":"Hemeroteca","url":"https:\/\/www.eldigitaldeasturias.com\/noticias\/","email":"info@eldigitaldeasturias.com","telephone":"+34652131393","logo":{"@type":"ImageObject","url":"https:\/\/www.eldigitaldeasturias.com\/noticias\/wp-content\/uploads\/2020\/12\/EDA.jpg","@id":"https:\/\/www.eldigitaldeasturias.com\/noticias\/foro-asegura-que-el-plan-de-acceso-a-los-lagos-es-un-castigo-para-el-turismo\/#organizationLogo"},"image":{"@id":"https:\/\/www.eldigitaldeasturias.com\/noticias\/foro-asegura-que-el-plan-de-acceso-a-los-lagos-es-un-castigo-para-el-turismo\/#organizationLogo"},"sameAs":["https:\/\/facebook.com\/eldigitaldeasturias","https:\/\/www.youtube.com\/channel\/UCZP-2wLEB9Rv6erhFmqVnvg"],"address":{"@id":"https:\/\/www.eldigitaldeasturias.com\/noticias\/#postaladdress","@type":"PostalAddress","streetAddress":"san antonio 4","postalCode":"33430","addressLocality":"Cand\u00e1s","addressRegion":"Asturias","addressCountry":"ES"}},{"@type":"Person","@id":"https:\/\/www.eldigitaldeasturias.com\/noticias\/author\/admin\/#author","url":"https:\/\/www.eldigitaldeasturias.com\/noticias\/author\/admin\/","name":"El Digital de Asturias","image":{"@type":"ImageObject","@id":"https:\/\/www.eldigitaldeasturias.com\/noticias\/foro-asegura-que-el-plan-de-acceso-a-los-lagos-es-un-castigo-para-el-turismo\/#authorImage","url":"https:\/\/secure.gravatar.com\/avatar\/df2aeffc32bcd13f8d26072ef8a91b623d677766deac7f97ca815868cd41bf5e?s=96&d=mm&r=g","width":96,"height":96,"caption":"El Digital de Asturias"}},{"@type":"WebPage","@id":"https:\/\/www.eldigitaldeasturias.com\/noticias\/foro-asegura-que-el-plan-de-acceso-a-los-lagos-es-un-castigo-para-el-turismo\/#webpage","url":"https:\/\/www.eldigitaldeasturias.com\/noticias\/foro-asegura-que-el-plan-de-acceso-a-los-lagos-es-un-castigo-para-el-turismo\/","name":"Foro asegura que el plan de acceso a Los Lagos es un castigo para el turismo - El Digital de Asturias","description":"Oviedo, 7 dic (EFE).- La diputada regional de Foro por el oriente Marina Huerta ha mostrado hoy su malestar por la puesta en marcha de nuevo del Plan de Transporte a Los Lagos durante este puente que, en su opini\u00f3n, \"castiga al turismo en Cangas de On\u00eds\". \"Nos parece una verg\u00fcenza que, cuando empresarios, industriales","inLanguage":"es-ES","isPartOf":{"@id":"https:\/\/www.eldigitaldeasturias.com\/noticias\/#website"},"breadcrumb":{"@id":"https:\/\/www.eldigitaldeasturias.com\/noticias\/foro-asegura-que-el-plan-de-acceso-a-los-lagos-es-un-castigo-para-el-turismo\/#breadcrumblist"},"author":{"@id":"https:\/\/www.eldigitaldeasturias.com\/noticias\/author\/admin\/#author"},"creator":{"@id":"https:\/\/www.eldigitaldeasturias.com\/noticias\/author\/admin\/#author"},"image":{"@type":"ImageObject","url":"https:\/\/www.eldigitaldeasturias.com\/noticias\/wp-content\/uploads\/2026\/06\/Contenidos.jpg","@id":"https:\/\/www.eldigitaldeasturias.com\/noticias\/foro-asegura-que-el-plan-de-acceso-a-los-lagos-es-un-castigo-para-el-turismo\/#mainImage","width":1265,"height":697,"caption":"Contenidos"},"primaryImageOfPage":{"@id":"https:\/\/www.eldigitaldeasturias.com\/noticias\/foro-asegura-que-el-plan-de-acceso-a-los-lagos-es-un-castigo-para-el-turismo\/#mainImage"},"datePublished":"2013-12-07T15:31:44+01:00","dateModified":"2013-12-07T15:31:44+01:00"},{"@type":"WebSite","@id":"https:\/\/www.eldigitaldeasturias.com\/noticias\/#website","url":"https:\/\/www.eldigitaldeasturias.com\/noticias\/","name":"El Digital de Asturias - Diario de actualidad y noticias","alternateName":"El Digital de Asturias - Diario de actualidad y noticias","description":"Hemeroteca","inLanguage":"es-ES","publisher":{"@id":"https:\/\/www.eldigitaldeasturias.com\/noticias\/#organization"}}]},"og:locale":"es_ES","og:site_name":"El Digital de Asturias","og:type":"article","og:title":"Foro asegura que el plan de acceso a Los Lagos es un castigo para el turismo - El Digital de Asturias","og:description":"Oviedo, 7 dic (EFE).- La diputada regional de Foro por el oriente Marina Huerta ha mostrado hoy su malestar por la puesta en marcha de nuevo del Plan de Transporte a Los Lagos durante este puente que, en su opini\u00f3n, &quot;castiga al turismo en Cangas de On\u00eds&quot;. &quot;Nos parece una verg\u00fcenza que, cuando empresarios, industriales","og:url":"https:\/\/www.eldigitaldeasturias.com\/noticias\/foro-asegura-que-el-plan-de-acceso-a-los-lagos-es-un-castigo-para-el-turismo\/","og:image":"https:\/\/www.eldigitaldeasturias.com\/noticias\/wp-content\/uploads\/2026\/06\/Contenidos.jpg","og:image:secure_url":"https:\/\/www.eldigitaldeasturias.com\/noticias\/wp-content\/uploads\/2026\/06\/Contenidos.jpg","og:image:width":1265,"og:image:height":697,"article:tag":["actualidad asturias"],"article:published_time":"2013-12-07T16:31:44+00:00","article:modified_time":"2013-12-07T16:31:44+00:00","article:publisher":"https:\/\/facebook.com\/eldigitaldeasturias","twitter:card":"summary_large_image","twitter:title":"Foro asegura que el plan de acceso a Los Lagos es un castigo para el turismo - El Digital de Asturias","twitter:description":"Oviedo, 7 dic (EFE).- La diputada regional de Foro por el oriente Marina Huerta ha mostrado hoy su malestar por la puesta en marcha de nuevo del Plan de Transporte a Los Lagos durante este puente que, en su opini\u00f3n, &quot;castiga al turismo en Cangas de On\u00eds&quot;. &quot;Nos parece una verg\u00fcenza que, cuando empresarios, industriales","twitter:image":"https:\/\/www.eldigitaldeasturias.com\/noticias\/wp-content\/uploads\/2026\/06\/Contenidos.jpg","twitter:label1":"Escrito por","twitter:data1":"El Digital de Asturias","twitter:label2":"Tiempo de lectura estimado","twitter:data2":"1 minuto"},"aioseo_meta_data":{"post_id":"458923","title":null,"description":null,"keywords":null,"keyphrases":null,"primary_term":null,"canonical_url":null,"og_title":null,"og_description":null,"og_object_type":"default","og_image_type":"default","og_image_url":null,"og_image_width":null,"og_image_height":null,"og_image_custom_url":null,"og_image_custom_fields":null,"og_video":null,"og_custom_url":null,"og_article_section":null,"og_article_tags":null,"twitter_use_og":true,"twitter_card":"default","twitter_image_type":"default","twitter_image_url":null,"twitter_image_custom_url":null,"twitter_image_custom_fields":null,"twitter_title":null,"twitter_description":null,"schema":{"blockGraphs":[],"customGraphs":[],"default":{"data":{"Article":[],"Course":[],"Dataset":[],"FAQPage":[],"Movie":[],"Person":[],"Product":[],"ProductReview":[],"Car":[],"Recipe":[],"Service":[],"SoftwareApplication":[],"WebPage":[]},"graphName":"","isEnabled":true},"graphs":[],"defaultGraph":"","defaultPostTypeGraph":""},"schema_type":null,"schema_type_options":null,"pillar_content":false,"robots_default":true,"robots_noindex":false,"robots_noarchive":false,"robots_nosnippet":false,"robots_nofollow":false,"robots_noimageindex":false,"robots_noodp":false,"robots_notranslate":false,"robots_max_snippet":null,"robots_max_videopreview":null,"robots_max_imagepreview":"none","priority":null,"frequency":null,"local_seo":null,"seo_analyzer_scan_date":"2026-05-30 07:17:14","breadcrumb_settings":null,"limit_modified_date":false,"open_ai":null,"ai":null,"created":"2020-11-14 22:46:26","updated":"2026-05-30 07:17:14","focus_keyword":null,"additional_keywords":null,"truseo_locale":null},"aioseo_breadcrumb":"<div class=\"aioseo-breadcrumbs\"><span class=\"aioseo-breadcrumb\">\n\t<a href=\"https:\/\/www.eldigitaldeasturias.com\/noticias\" title=\"Home\">Home<\/a>\n<\/span><span class=\"aioseo-breadcrumb-separator\">\u2013<\/span><span class=\"aioseo-breadcrumb\">\n\t<a href=\"https:\/\/www.eldigitaldeasturias.com\/noticias\/category\/actualidad-asturias\/\" title=\"Actualidad Asturias\">Actualidad Asturias<\/a>\n<\/span><span class=\"aioseo-breadcrumb-separator\">\u2013<\/span><span class=\"aioseo-breadcrumb\">\n\t<a href=\"https:\/\/www.eldigitaldeasturias.com\/noticias\/foro-asegura-que-el-plan-de-acceso-a-los-lagos-es-un-castigo-para-el-turismo\/\" title=\"Foro asegura que el plan de acceso a Los Lagos es un castigo para el turismo\">Foro asegura que el plan de acceso a Los Lagos es un castigo para el turismo<\/a>\n<\/span><\/div>","aioseo_breadcrumb_json":[{"label":"Home","link":"https:\/\/www.eldigitaldeasturias.com\/noticias"},{"label":"Actualidad Asturias","link":"https:\/\/www.eldigitaldeasturias.com\/noticias\/category\/actualidad-asturias\/"},{"label":"Foro asegura que el plan de acceso a Los Lagos es un castigo para el turismo","link":"https:\/\/www.eldigitaldeasturias.com\/noticias\/foro-asegura-que-el-plan-de-acceso-a-los-lagos-es-un-castigo-para-el-turismo\/"}],"_links":{"self":[{"href":"https:\/\/www.eldigitaldeasturias.com\/noticias\/wp-json\/wp\/v2\/posts\/458923","targetHints":{"allow":["GET"]}}],"collection":[{"href":"https:\/\/www.eldigitaldeasturias.com\/noticias\/wp-json\/wp\/v2\/posts"}],"about":[{"href":"https:\/\/www.eldigitaldeasturias.com\/noticias\/wp-json\/wp\/v2\/types\/post"}],"author":[{"embeddable":true,"href":"https:\/\/www.eldigitaldeasturias.com\/noticias\/wp-json\/wp\/v2\/users\/1"}],"replies":[{"embeddable":true,"href":"https:\/\/www.eldigitaldeasturias.com\/noticias\/wp-json\/wp\/v2\/comments?post=458923"}],"version-history":[{"count":0,"href":"https:\/\/www.eldigitaldeasturias.com\/noticias\/wp-json\/wp\/v2\/posts\/458923\/revisions"}],"wp:featuredmedia":[{"embeddable":true,"href":"https:\/\/www.eldigitaldeasturias.com\/noticias\/wp-json\/wp\/v2\/media\/1132184"}],"wp:attachment":[{"href":"https:\/\/www.eldigitaldeasturias.com\/noticias\/wp-json\/wp\/v2\/media?parent=458923"}],"wp:term":[{"taxonomy":"category","embeddable":true,"href":"https:\/\/www.eldigitaldeasturias.com\/noticias\/wp-json\/wp\/v2\/categories?post=458923"},{"taxonomy":"post_tag","embeddable":true,"href":"https:\/\/www.eldigitaldeasturias.com\/noticias\/wp-json\/wp\/v2\/tags?post=458923"}],"curies":[{"name":"wp","href":"https:\/\/api.w.org\/{rel}","templated":true}]}}