{"id":458897,"date":"2013-12-07T00:23:16","date_gmt":"2013-12-07T01:23:16","guid":{"rendered":"http:\/\/www.eldigitaldeasturias.com\/noticias\/?p=458897"},"modified":"2013-12-07T00:23:16","modified_gmt":"2013-12-07T01:23:16","slug":"estacion-gourmet-donde-el-deleite-se-une-con-la-formacion-gastronomica","status":"publish","type":"post","link":"https:\/\/www.eldigitaldeasturias.com\/noticias\/estacion-gourmet-donde-el-deleite-se-une-con-la-formacion-gastronomica\/","title":{"rendered":"Estaci\u00f3n Gourmet, donde el deleite se une con la formaci\u00f3n gastron\u00f3mica"},"content":{"rendered":"<p><img loading=\"lazy\" decoding=\"async\" class=\"alignleft size-medium wp-image-458898\" alt=\"5778010w\" src=\"https:\/\/www.eldigitaldeasturias.com\/noticias\/wp-content\/uploads\/2013\/12\/5778010w-360x239.jpg\" width=\"360\" height=\"239\" \/>Valladolid, 6 dic (EFE).- El espacio Estaci\u00f3n Gourmet Valladolid, que se inaugura en breve, aspira a conjugar el deleite por la gastronom\u00eda con la oferta de una formaci\u00f3n a sus visitantes en fogones y cocteler\u00eda.<\/p>\n<p>Ubicado junto a la centenaria estaci\u00f3n de ferrocarril del Campo Grande de Valladolid, el nuevo espacio de ocio se instala en una antigua nave que inicialmente fue un taller de Renfe y m\u00e1s recientemente sala de exposiciones de Adif, y que ha sufrido una amplia transformaci\u00f3n para adaptarla a su nuevo cometido.<\/p>\n<p>El director del proyecto, Alberto L\u00e1zaro, ha asegurado a EFE que la iniciativa pretende dotar a Castilla y Le\u00f3n de su primer sal\u00f3n gastron\u00f3mico permanente en el que se conjugue el deleite por las tapas y la alta cocina con la formaci\u00f3n culinaria y en la creaci\u00f3n de c\u00f3cteles.<\/p>\n<p>El nuevo proyecto, que se abre al p\u00fablico el pr\u00f3ximo d\u00eda 10, pretender aprovechar su situaci\u00f3n y ser una atractivo para los m\u00e1s de tres millones y medio de viajeros que al a\u00f1o recibe la estaci\u00f3n de ferrocarril de Valladolid.<\/p>\n<p>\u00abEn tiempos de crisis hay que azuzar las ideas\u00bb, ha reconocido \u00c1lberto L\u00e1zaro, promotor de la iniciativa, junto con otros tres empresarios vallisoletanos, en la que se ha hecho una inversi\u00f3n que supera los dos millones de euros.<\/p>\n<p>Desde las m\u00e1s sencillas tapas hasta la cocina m\u00e1s elaborada se pueden encontrar en los 32 establecimientos de que consta Estaci\u00f3n Gourmet, seg\u00fan ha resaltado Alberto L\u00e1zaro, quien ha rechazado cualquier parecido con un mercado de abastos.<\/p>\n<p>Tambi\u00e9n tendr\u00e1n cabida los establecimientos de bebida, en los que se podr\u00e1n encontrar desde el vino de mayor calidad de Castilla y Le\u00f3n hasta la cerveza artesana de reciente elaboraci\u00f3n o el c\u00f3ctel m\u00e1s ex\u00f3tico.<\/p>\n<p>El modelo que defiende Estaci\u00f3n Gourmet Valladolid tiene una gran implantaci\u00f3n en otros pa\u00edses de Europa y recientemente se ha trasladado a varias ciudades espa\u00f1olas, aunque el espacio vallisoletana ser\u00e1 el primero de estas caracter\u00edsticas en Castilla y Le\u00f3n, ha puesto de manifiesto el director del proyecto.<\/p>\n<p>Alberto L\u00e1zaro ha explicado que este modelo de ocio \u00abno suplanta\u00bb a la restauraci\u00f3n tradicional, de la que Valladolid es \u00abun adalid\u00bb, sino que es \u00abm\u00e1s din\u00e1mico\u00bb y pretende estar \u00abal alcance de la mayor\u00eda\u00bb, porque, a juicio del director del proyecto, \u00aben tiempo de crisis tambi\u00e9n hay negocio\u00bb.<\/p>\n<p>El nuevo espacio de ocio cuenta con la llamada \u00abEscuela Gourmet\u00bb, constituida a modo de aula de formaci\u00f3n que acerca la cocina al usuario y ofrece catas y degustaciones de distintos productos, desde vinos hasta quesos, y presentaciones y firmas de libros de gastronom\u00eda.<\/p>\n<p>Incluso, en las clases de cocteler\u00eda se puede tener acceso a las nuevas t\u00e9cnicas y conocer los preparados m\u00e1s ex\u00f3ticos.<\/p>\n<p>El nuevo espacio facilitar\u00e1 tambi\u00e9n informaci\u00f3n tur\u00edstica de Valladolid y programar\u00e1 actividades extraordinarias coincidiendo con los principales acontecimientos culturales de la ciudad, entre ellos la Semana Internacional de Cine (Seminci).<\/p>\n<p>La puesta en marcha de Estaci\u00f3n Gourmet Valladolid supone la creaci\u00f3n de m\u00e1s de 200 puestos de trabajo en 32 establecimientos que ocupan una superficie de 1.700 metros cuadrados.<\/p>\n","protected":false},"excerpt":{"rendered":"<p>Valladolid, 6 dic (EFE).- El espacio Estaci\u00f3n Gourmet Valladolid, que se inaugura en breve, aspira a conjugar el deleite por la gastronom\u00eda con la oferta de una formaci\u00f3n a sus visitantes en fogones y cocteler\u00eda. Ubicado junto a la centenaria estaci\u00f3n de ferrocarril del Campo Grande de Valladolid, el nuevo espacio de ocio se instala [&hellip;]<\/p>\n","protected":false},"author":1,"featured_media":458898,"comment_status":"closed","ping_status":"open","sticky":false,"template":"","format":"standard","meta":{"footnotes":""},"categories":[50],"tags":[],"class_list":["post-458897","post","type-post","status-publish","format-standard","has-post-thumbnail","hentry","category-revista-de-ocio"],"aioseo_notices":[],"aioseo_head":"\n\t\t<!-- All in One SEO Pro 5.0.1 - aioseo.com -->\n\t<meta name=\"description\" content=\"Valladolid, 6 dic (EFE).- El espacio Estaci\u00f3n Gourmet Valladolid, que se inaugura en breve, aspira a conjugar el deleite por la gastronom\u00eda con la oferta de una formaci\u00f3n a sus visitantes en fogones y cocteler\u00eda. Ubicado junto a la centenaria estaci\u00f3n de ferrocarril del Campo Grande de Valladolid, el nuevo espacio de ocio se instala\" \/>\n\t<meta name=\"robots\" content=\"max-image-preview:large\" \/>\n\t<meta name=\"author\" content=\"El Digital de Asturias\"\/>\n\t<meta name=\"google-site-verification\" content=\"UA-38556648-1\" \/>\n\t<meta name=\"msvalidate.01\" content=\"7dfe9f3f1b24437ab69f4f2559babe99\" \/>\n\t<meta name=\"keywords\" content=\"revista de ocio\" \/>\n\t<link rel=\"canonical\" href=\"https:\/\/www.eldigitaldeasturias.com\/noticias\/estacion-gourmet-donde-el-deleite-se-une-con-la-formacion-gastronomica\/\" \/>\n\t<meta name=\"generator\" content=\"All in One SEO Pro (AIOSEO) 5.0.1\" \/>\n\t\t<meta property=\"og:locale\" content=\"es_ES\" \/>\n\t\t<meta property=\"og:site_name\" content=\"El Digital de Asturias\" \/>\n\t\t<meta property=\"og:type\" content=\"article\" \/>\n\t\t<meta property=\"og:title\" content=\"Estaci\u00f3n Gourmet, donde el deleite se une con la formaci\u00f3n gastron\u00f3mica - El Digital de Asturias\" \/>\n\t\t<meta property=\"og:description\" content=\"Valladolid, 6 dic (EFE).- El espacio Estaci\u00f3n Gourmet Valladolid, que se inaugura en breve, aspira a conjugar el deleite por la gastronom\u00eda con la oferta de una formaci\u00f3n a sus visitantes en fogones y cocteler\u00eda. Ubicado junto a la centenaria estaci\u00f3n de ferrocarril del Campo Grande de Valladolid, el nuevo espacio de ocio se instala\" \/>\n\t\t<meta property=\"og:url\" content=\"https:\/\/www.eldigitaldeasturias.com\/noticias\/estacion-gourmet-donde-el-deleite-se-une-con-la-formacion-gastronomica\/\" \/>\n\t\t<meta property=\"article:tag\" content=\"revista de ocio\" \/>\n\t\t<meta property=\"article:published_time\" content=\"2013-12-07T01:23:16+00:00\" \/>\n\t\t<meta property=\"article:modified_time\" content=\"2013-12-07T01:23:16+00:00\" \/>\n\t\t<meta property=\"article:publisher\" content=\"https:\/\/facebook.com\/eldigitaldeasturias\" \/>\n\t\t<meta name=\"twitter:card\" content=\"summary_large_image\" \/>\n\t\t<meta name=\"twitter:title\" content=\"Estaci\u00f3n Gourmet, donde el deleite se une con la formaci\u00f3n gastron\u00f3mica - El Digital de Asturias\" \/>\n\t\t<meta name=\"twitter:description\" content=\"Valladolid, 6 dic (EFE).- El espacio Estaci\u00f3n Gourmet Valladolid, que se inaugura en breve, aspira a conjugar el deleite por la gastronom\u00eda con la oferta de una formaci\u00f3n a sus visitantes en fogones y cocteler\u00eda. Ubicado junto a la centenaria estaci\u00f3n de ferrocarril del Campo Grande de Valladolid, el nuevo espacio de ocio se instala\" \/>\n\t\t<meta name=\"twitter:label1\" content=\"Escrito por\" \/>\n\t\t<meta name=\"twitter:data1\" content=\"El Digital de Asturias\" \/>\n\t\t<meta name=\"twitter:label2\" content=\"Tiempo de lectura estimado\" \/>\n\t\t<meta name=\"twitter:data2\" content=\"3 minutos\" \/>\n\t\t<script type=\"application\/ld+json\" class=\"aioseo-schema\">\n\t\t\t{\"@context\":\"https:\\\/\\\/schema.org\",\"@graph\":[{\"@type\":\"BlogPosting\",\"@id\":\"https:\\\/\\\/www.eldigitaldeasturias.com\\\/noticias\\\/estacion-gourmet-donde-el-deleite-se-une-con-la-formacion-gastronomica\\\/#blogposting\",\"name\":\"Estaci\\u00f3n Gourmet, donde el deleite se une con la formaci\\u00f3n gastron\\u00f3mica - El Digital de Asturias\",\"headline\":\"Estaci\\u00f3n Gourmet, donde el deleite se une con la formaci\\u00f3n gastron\\u00f3mica\",\"author\":{\"@id\":\"https:\\\/\\\/www.eldigitaldeasturias.com\\\/noticias\\\/author\\\/admin\\\/#author\"},\"publisher\":{\"@id\":\"https:\\\/\\\/www.eldigitaldeasturias.com\\\/noticias\\\/#organization\"},\"image\":{\"@type\":\"ImageObject\",\"url\":458898},\"datePublished\":\"2013-12-07T00:23:16+01:00\",\"dateModified\":\"2013-12-07T00:23:16+01:00\",\"inLanguage\":\"es-ES\",\"mainEntityOfPage\":{\"@id\":\"https:\\\/\\\/www.eldigitaldeasturias.com\\\/noticias\\\/estacion-gourmet-donde-el-deleite-se-une-con-la-formacion-gastronomica\\\/#webpage\"},\"isPartOf\":{\"@id\":\"https:\\\/\\\/www.eldigitaldeasturias.com\\\/noticias\\\/estacion-gourmet-donde-el-deleite-se-une-con-la-formacion-gastronomica\\\/#webpage\"},\"articleSection\":\"Revista de Ocio\"},{\"@type\":\"BreadcrumbList\",\"@id\":\"https:\\\/\\\/www.eldigitaldeasturias.com\\\/noticias\\\/estacion-gourmet-donde-el-deleite-se-une-con-la-formacion-gastronomica\\\/#breadcrumblist\",\"itemListElement\":[{\"@type\":\"ListItem\",\"@id\":\"https:\\\/\\\/www.eldigitaldeasturias.com\\\/noticias#listItem\",\"position\":1,\"name\":\"Home\",\"item\":\"https:\\\/\\\/www.eldigitaldeasturias.com\\\/noticias\",\"nextItem\":{\"@type\":\"ListItem\",\"@id\":\"https:\\\/\\\/www.eldigitaldeasturias.com\\\/noticias\\\/category\\\/revista-de-ocio\\\/#listItem\",\"name\":\"Revista de Ocio\"}},{\"@type\":\"ListItem\",\"@id\":\"https:\\\/\\\/www.eldigitaldeasturias.com\\\/noticias\\\/category\\\/revista-de-ocio\\\/#listItem\",\"position\":2,\"name\":\"Revista de Ocio\",\"item\":\"https:\\\/\\\/www.eldigitaldeasturias.com\\\/noticias\\\/category\\\/revista-de-ocio\\\/\",\"nextItem\":{\"@type\":\"ListItem\",\"@id\":\"https:\\\/\\\/www.eldigitaldeasturias.com\\\/noticias\\\/estacion-gourmet-donde-el-deleite-se-une-con-la-formacion-gastronomica\\\/#listItem\",\"name\":\"Estaci\\u00f3n Gourmet, donde el deleite se une con la formaci\\u00f3n gastron\\u00f3mica\"},\"previousItem\":{\"@type\":\"ListItem\",\"@id\":\"https:\\\/\\\/www.eldigitaldeasturias.com\\\/noticias#listItem\",\"name\":\"Home\"}},{\"@type\":\"ListItem\",\"@id\":\"https:\\\/\\\/www.eldigitaldeasturias.com\\\/noticias\\\/estacion-gourmet-donde-el-deleite-se-une-con-la-formacion-gastronomica\\\/#listItem\",\"position\":3,\"name\":\"Estaci\\u00f3n Gourmet, donde el deleite se une con la formaci\\u00f3n gastron\\u00f3mica\",\"previousItem\":{\"@type\":\"ListItem\",\"@id\":\"https:\\\/\\\/www.eldigitaldeasturias.com\\\/noticias\\\/category\\\/revista-de-ocio\\\/#listItem\",\"name\":\"Revista de Ocio\"}}]},{\"@type\":\"Organization\",\"@id\":\"https:\\\/\\\/www.eldigitaldeasturias.com\\\/noticias\\\/#organization\",\"name\":\"El Digital de Asturias\",\"description\":\"Hemeroteca\",\"url\":\"https:\\\/\\\/www.eldigitaldeasturias.com\\\/noticias\\\/\",\"email\":\"info@eldigitaldeasturias.com\",\"telephone\":\"+34652131393\",\"logo\":{\"@type\":\"ImageObject\",\"url\":\"https:\\\/\\\/www.eldigitaldeasturias.com\\\/noticias\\\/wp-content\\\/uploads\\\/2020\\\/12\\\/EDA.jpg\",\"@id\":\"https:\\\/\\\/www.eldigitaldeasturias.com\\\/noticias\\\/estacion-gourmet-donde-el-deleite-se-une-con-la-formacion-gastronomica\\\/#organizationLogo\"},\"image\":{\"@id\":\"https:\\\/\\\/www.eldigitaldeasturias.com\\\/noticias\\\/estacion-gourmet-donde-el-deleite-se-une-con-la-formacion-gastronomica\\\/#organizationLogo\"},\"sameAs\":[\"https:\\\/\\\/facebook.com\\\/eldigitaldeasturias\",\"https:\\\/\\\/www.youtube.com\\\/channel\\\/UCZP-2wLEB9Rv6erhFmqVnvg\"],\"address\":{\"@id\":\"https:\\\/\\\/www.eldigitaldeasturias.com\\\/noticias\\\/#postaladdress\",\"@type\":\"PostalAddress\",\"streetAddress\":\"san antonio 4\",\"postalCode\":\"33430\",\"addressLocality\":\"Cand\\u00e1s\",\"addressRegion\":\"Asturias\",\"addressCountry\":\"ES\"}},{\"@type\":\"Person\",\"@id\":\"https:\\\/\\\/www.eldigitaldeasturias.com\\\/noticias\\\/author\\\/admin\\\/#author\",\"url\":\"https:\\\/\\\/www.eldigitaldeasturias.com\\\/noticias\\\/author\\\/admin\\\/\",\"name\":\"El Digital de Asturias\",\"image\":{\"@type\":\"ImageObject\",\"@id\":\"https:\\\/\\\/www.eldigitaldeasturias.com\\\/noticias\\\/estacion-gourmet-donde-el-deleite-se-une-con-la-formacion-gastronomica\\\/#authorImage\",\"url\":\"https:\\\/\\\/secure.gravatar.com\\\/avatar\\\/df2aeffc32bcd13f8d26072ef8a91b623d677766deac7f97ca815868cd41bf5e?s=96&d=mm&r=g\",\"width\":96,\"height\":96,\"caption\":\"El Digital de Asturias\"}},{\"@type\":\"WebPage\",\"@id\":\"https:\\\/\\\/www.eldigitaldeasturias.com\\\/noticias\\\/estacion-gourmet-donde-el-deleite-se-une-con-la-formacion-gastronomica\\\/#webpage\",\"url\":\"https:\\\/\\\/www.eldigitaldeasturias.com\\\/noticias\\\/estacion-gourmet-donde-el-deleite-se-une-con-la-formacion-gastronomica\\\/\",\"name\":\"Estaci\\u00f3n Gourmet, donde el deleite se une con la formaci\\u00f3n gastron\\u00f3mica - El Digital de Asturias\",\"description\":\"Valladolid, 6 dic (EFE).- El espacio Estaci\\u00f3n Gourmet Valladolid, que se inaugura en breve, aspira a conjugar el deleite por la gastronom\\u00eda con la oferta de una formaci\\u00f3n a sus visitantes en fogones y cocteler\\u00eda. Ubicado junto a la centenaria estaci\\u00f3n de ferrocarril del Campo Grande de Valladolid, el nuevo espacio de ocio se instala\",\"inLanguage\":\"es-ES\",\"isPartOf\":{\"@id\":\"https:\\\/\\\/www.eldigitaldeasturias.com\\\/noticias\\\/#website\"},\"breadcrumb\":{\"@id\":\"https:\\\/\\\/www.eldigitaldeasturias.com\\\/noticias\\\/estacion-gourmet-donde-el-deleite-se-une-con-la-formacion-gastronomica\\\/#breadcrumblist\"},\"author\":{\"@id\":\"https:\\\/\\\/www.eldigitaldeasturias.com\\\/noticias\\\/author\\\/admin\\\/#author\"},\"creator\":{\"@id\":\"https:\\\/\\\/www.eldigitaldeasturias.com\\\/noticias\\\/author\\\/admin\\\/#author\"},\"image\":{\"@type\":\"ImageObject\",\"url\":458898,\"@id\":\"https:\\\/\\\/www.eldigitaldeasturias.com\\\/noticias\\\/estacion-gourmet-donde-el-deleite-se-une-con-la-formacion-gastronomica\\\/#mainImage\"},\"primaryImageOfPage\":{\"@id\":\"https:\\\/\\\/www.eldigitaldeasturias.com\\\/noticias\\\/estacion-gourmet-donde-el-deleite-se-une-con-la-formacion-gastronomica\\\/#mainImage\"},\"datePublished\":\"2013-12-07T00:23:16+01:00\",\"dateModified\":\"2013-12-07T00:23:16+01:00\"},{\"@type\":\"WebSite\",\"@id\":\"https:\\\/\\\/www.eldigitaldeasturias.com\\\/noticias\\\/#website\",\"url\":\"https:\\\/\\\/www.eldigitaldeasturias.com\\\/noticias\\\/\",\"name\":\"El Digital de Asturias - Diario de actualidad y noticias\",\"alternateName\":\"El Digital de Asturias - Diario de actualidad y noticias\",\"description\":\"Hemeroteca\",\"inLanguage\":\"es-ES\",\"publisher\":{\"@id\":\"https:\\\/\\\/www.eldigitaldeasturias.com\\\/noticias\\\/#organization\"}}]}\n\t\t<\/script>\n\t\t<!-- All in One SEO Pro -->\r\n\t\t<title>Estaci\u00f3n Gourmet, donde el deleite se une con la formaci\u00f3n gastron\u00f3mica - El Digital de Asturias<\/title>\n\n","aioseo_head_json":{"title":"Estaci\u00f3n Gourmet, donde el deleite se une con la formaci\u00f3n gastron\u00f3mica - El Digital de Asturias","description":"Valladolid, 6 dic (EFE).- El espacio Estaci\u00f3n Gourmet Valladolid, que se inaugura en breve, aspira a conjugar el deleite por la gastronom\u00eda con la oferta de una formaci\u00f3n a sus visitantes en fogones y cocteler\u00eda. Ubicado junto a la centenaria estaci\u00f3n de ferrocarril del Campo Grande de Valladolid, el nuevo espacio de ocio se instala","canonical_url":"https:\/\/www.eldigitaldeasturias.com\/noticias\/estacion-gourmet-donde-el-deleite-se-une-con-la-formacion-gastronomica\/","robots":"max-image-preview:large","keywords":"revista de ocio","webmasterTools":{"google-site-verification":"UA-38556648-1","msvalidate.01":"7dfe9f3f1b24437ab69f4f2559babe99","miscellaneous":""},"schema":{"@context":"https:\/\/schema.org","@graph":[{"@type":"BlogPosting","@id":"https:\/\/www.eldigitaldeasturias.com\/noticias\/estacion-gourmet-donde-el-deleite-se-une-con-la-formacion-gastronomica\/#blogposting","name":"Estaci\u00f3n Gourmet, donde el deleite se une con la formaci\u00f3n gastron\u00f3mica - El Digital de Asturias","headline":"Estaci\u00f3n Gourmet, donde el deleite se une con la formaci\u00f3n gastron\u00f3mica","author":{"@id":"https:\/\/www.eldigitaldeasturias.com\/noticias\/author\/admin\/#author"},"publisher":{"@id":"https:\/\/www.eldigitaldeasturias.com\/noticias\/#organization"},"image":{"@type":"ImageObject","url":458898},"datePublished":"2013-12-07T00:23:16+01:00","dateModified":"2013-12-07T00:23:16+01:00","inLanguage":"es-ES","mainEntityOfPage":{"@id":"https:\/\/www.eldigitaldeasturias.com\/noticias\/estacion-gourmet-donde-el-deleite-se-une-con-la-formacion-gastronomica\/#webpage"},"isPartOf":{"@id":"https:\/\/www.eldigitaldeasturias.com\/noticias\/estacion-gourmet-donde-el-deleite-se-une-con-la-formacion-gastronomica\/#webpage"},"articleSection":"Revista de Ocio"},{"@type":"BreadcrumbList","@id":"https:\/\/www.eldigitaldeasturias.com\/noticias\/estacion-gourmet-donde-el-deleite-se-une-con-la-formacion-gastronomica\/#breadcrumblist","itemListElement":[{"@type":"ListItem","@id":"https:\/\/www.eldigitaldeasturias.com\/noticias#listItem","position":1,"name":"Home","item":"https:\/\/www.eldigitaldeasturias.com\/noticias","nextItem":{"@type":"ListItem","@id":"https:\/\/www.eldigitaldeasturias.com\/noticias\/category\/revista-de-ocio\/#listItem","name":"Revista de Ocio"}},{"@type":"ListItem","@id":"https:\/\/www.eldigitaldeasturias.com\/noticias\/category\/revista-de-ocio\/#listItem","position":2,"name":"Revista de Ocio","item":"https:\/\/www.eldigitaldeasturias.com\/noticias\/category\/revista-de-ocio\/","nextItem":{"@type":"ListItem","@id":"https:\/\/www.eldigitaldeasturias.com\/noticias\/estacion-gourmet-donde-el-deleite-se-une-con-la-formacion-gastronomica\/#listItem","name":"Estaci\u00f3n Gourmet, donde el deleite se une con la formaci\u00f3n gastron\u00f3mica"},"previousItem":{"@type":"ListItem","@id":"https:\/\/www.eldigitaldeasturias.com\/noticias#listItem","name":"Home"}},{"@type":"ListItem","@id":"https:\/\/www.eldigitaldeasturias.com\/noticias\/estacion-gourmet-donde-el-deleite-se-une-con-la-formacion-gastronomica\/#listItem","position":3,"name":"Estaci\u00f3n Gourmet, donde el deleite se une con la formaci\u00f3n gastron\u00f3mica","previousItem":{"@type":"ListItem","@id":"https:\/\/www.eldigitaldeasturias.com\/noticias\/category\/revista-de-ocio\/#listItem","name":"Revista de Ocio"}}]},{"@type":"Organization","@id":"https:\/\/www.eldigitaldeasturias.com\/noticias\/#organization","name":"El Digital de Asturias","description":"Hemeroteca","url":"https:\/\/www.eldigitaldeasturias.com\/noticias\/","email":"info@eldigitaldeasturias.com","telephone":"+34652131393","logo":{"@type":"ImageObject","url":"https:\/\/www.eldigitaldeasturias.com\/noticias\/wp-content\/uploads\/2020\/12\/EDA.jpg","@id":"https:\/\/www.eldigitaldeasturias.com\/noticias\/estacion-gourmet-donde-el-deleite-se-une-con-la-formacion-gastronomica\/#organizationLogo"},"image":{"@id":"https:\/\/www.eldigitaldeasturias.com\/noticias\/estacion-gourmet-donde-el-deleite-se-une-con-la-formacion-gastronomica\/#organizationLogo"},"sameAs":["https:\/\/facebook.com\/eldigitaldeasturias","https:\/\/www.youtube.com\/channel\/UCZP-2wLEB9Rv6erhFmqVnvg"],"address":{"@id":"https:\/\/www.eldigitaldeasturias.com\/noticias\/#postaladdress","@type":"PostalAddress","streetAddress":"san antonio 4","postalCode":"33430","addressLocality":"Cand\u00e1s","addressRegion":"Asturias","addressCountry":"ES"}},{"@type":"Person","@id":"https:\/\/www.eldigitaldeasturias.com\/noticias\/author\/admin\/#author","url":"https:\/\/www.eldigitaldeasturias.com\/noticias\/author\/admin\/","name":"El Digital de Asturias","image":{"@type":"ImageObject","@id":"https:\/\/www.eldigitaldeasturias.com\/noticias\/estacion-gourmet-donde-el-deleite-se-une-con-la-formacion-gastronomica\/#authorImage","url":"https:\/\/secure.gravatar.com\/avatar\/df2aeffc32bcd13f8d26072ef8a91b623d677766deac7f97ca815868cd41bf5e?s=96&d=mm&r=g","width":96,"height":96,"caption":"El Digital de Asturias"}},{"@type":"WebPage","@id":"https:\/\/www.eldigitaldeasturias.com\/noticias\/estacion-gourmet-donde-el-deleite-se-une-con-la-formacion-gastronomica\/#webpage","url":"https:\/\/www.eldigitaldeasturias.com\/noticias\/estacion-gourmet-donde-el-deleite-se-une-con-la-formacion-gastronomica\/","name":"Estaci\u00f3n Gourmet, donde el deleite se une con la formaci\u00f3n gastron\u00f3mica - El Digital de Asturias","description":"Valladolid, 6 dic (EFE).- El espacio Estaci\u00f3n Gourmet Valladolid, que se inaugura en breve, aspira a conjugar el deleite por la gastronom\u00eda con la oferta de una formaci\u00f3n a sus visitantes en fogones y cocteler\u00eda. Ubicado junto a la centenaria estaci\u00f3n de ferrocarril del Campo Grande de Valladolid, el nuevo espacio de ocio se instala","inLanguage":"es-ES","isPartOf":{"@id":"https:\/\/www.eldigitaldeasturias.com\/noticias\/#website"},"breadcrumb":{"@id":"https:\/\/www.eldigitaldeasturias.com\/noticias\/estacion-gourmet-donde-el-deleite-se-une-con-la-formacion-gastronomica\/#breadcrumblist"},"author":{"@id":"https:\/\/www.eldigitaldeasturias.com\/noticias\/author\/admin\/#author"},"creator":{"@id":"https:\/\/www.eldigitaldeasturias.com\/noticias\/author\/admin\/#author"},"image":{"@type":"ImageObject","url":458898,"@id":"https:\/\/www.eldigitaldeasturias.com\/noticias\/estacion-gourmet-donde-el-deleite-se-une-con-la-formacion-gastronomica\/#mainImage"},"primaryImageOfPage":{"@id":"https:\/\/www.eldigitaldeasturias.com\/noticias\/estacion-gourmet-donde-el-deleite-se-une-con-la-formacion-gastronomica\/#mainImage"},"datePublished":"2013-12-07T00:23:16+01:00","dateModified":"2013-12-07T00:23:16+01:00"},{"@type":"WebSite","@id":"https:\/\/www.eldigitaldeasturias.com\/noticias\/#website","url":"https:\/\/www.eldigitaldeasturias.com\/noticias\/","name":"El Digital de Asturias - Diario de actualidad y noticias","alternateName":"El Digital de Asturias - Diario de actualidad y noticias","description":"Hemeroteca","inLanguage":"es-ES","publisher":{"@id":"https:\/\/www.eldigitaldeasturias.com\/noticias\/#organization"}}]},"og:locale":"es_ES","og:site_name":"El Digital de Asturias","og:type":"article","og:title":"Estaci\u00f3n Gourmet, donde el deleite se une con la formaci\u00f3n gastron\u00f3mica - El Digital de Asturias","og:description":"Valladolid, 6 dic (EFE).- El espacio Estaci\u00f3n Gourmet Valladolid, que se inaugura en breve, aspira a conjugar el deleite por la gastronom\u00eda con la oferta de una formaci\u00f3n a sus visitantes en fogones y cocteler\u00eda. Ubicado junto a la centenaria estaci\u00f3n de ferrocarril del Campo Grande de Valladolid, el nuevo espacio de ocio se instala","og:url":"https:\/\/www.eldigitaldeasturias.com\/noticias\/estacion-gourmet-donde-el-deleite-se-une-con-la-formacion-gastronomica\/","article:tag":["revista de ocio"],"article:published_time":"2013-12-07T01:23:16+00:00","article:modified_time":"2013-12-07T01:23:16+00:00","article:publisher":"https:\/\/facebook.com\/eldigitaldeasturias","twitter:card":"summary_large_image","twitter:title":"Estaci\u00f3n Gourmet, donde el deleite se une con la formaci\u00f3n gastron\u00f3mica - El Digital de Asturias","twitter:description":"Valladolid, 6 dic (EFE).- El espacio Estaci\u00f3n Gourmet Valladolid, que se inaugura en breve, aspira a conjugar el deleite por la gastronom\u00eda con la oferta de una formaci\u00f3n a sus visitantes en fogones y cocteler\u00eda. Ubicado junto a la centenaria estaci\u00f3n de ferrocarril del Campo Grande de Valladolid, el nuevo espacio de ocio se instala","twitter:label1":"Escrito por","twitter:data1":"El Digital de Asturias","twitter:label2":"Tiempo de lectura estimado","twitter:data2":"3 minutos"},"aioseo_meta_data":{"post_id":"458897","title":null,"description":null,"keywords":null,"keyphrases":null,"primary_term":null,"canonical_url":null,"og_title":null,"og_description":null,"og_object_type":"default","og_image_type":"default","og_image_url":null,"og_image_width":null,"og_image_height":null,"og_image_custom_url":null,"og_image_custom_fields":null,"og_video":null,"og_custom_url":null,"og_article_section":null,"og_article_tags":null,"twitter_use_og":true,"twitter_card":"default","twitter_image_type":"default","twitter_image_url":null,"twitter_image_custom_url":null,"twitter_image_custom_fields":null,"twitter_title":null,"twitter_description":null,"schema":{"blockGraphs":[],"customGraphs":[],"default":{"data":{"Article":[],"Course":[],"Dataset":[],"FAQPage":[],"Movie":[],"Person":[],"Product":[],"ProductReview":[],"Car":[],"Recipe":[],"Service":[],"SoftwareApplication":[],"WebPage":[]},"graphName":"","isEnabled":true},"graphs":[],"defaultGraph":"","defaultPostTypeGraph":""},"schema_type":null,"schema_type_options":null,"pillar_content":false,"robots_default":true,"robots_noindex":false,"robots_noarchive":false,"robots_nosnippet":false,"robots_nofollow":false,"robots_noimageindex":false,"robots_noodp":false,"robots_notranslate":false,"robots_max_snippet":null,"robots_max_videopreview":null,"robots_max_imagepreview":"none","priority":null,"frequency":null,"local_seo":null,"seo_analyzer_scan_date":"2026-05-30 07:12:54","breadcrumb_settings":null,"limit_modified_date":false,"open_ai":null,"ai":null,"created":"2020-11-14 22:46:26","updated":"2026-05-30 07:12:54","focus_keyword":null,"additional_keywords":null,"truseo_locale":null},"aioseo_breadcrumb":"<div class=\"aioseo-breadcrumbs\"><span class=\"aioseo-breadcrumb\">\n\t<a href=\"https:\/\/www.eldigitaldeasturias.com\/noticias\" title=\"Home\">Home<\/a>\n<\/span><span class=\"aioseo-breadcrumb-separator\">\u2013<\/span><span class=\"aioseo-breadcrumb\">\n\t<a href=\"https:\/\/www.eldigitaldeasturias.com\/noticias\/category\/revista-de-ocio\/\" title=\"Revista de Ocio\">Revista de Ocio<\/a>\n<\/span><span class=\"aioseo-breadcrumb-separator\">\u2013<\/span><span class=\"aioseo-breadcrumb\">\n\t<a href=\"https:\/\/www.eldigitaldeasturias.com\/noticias\/estacion-gourmet-donde-el-deleite-se-une-con-la-formacion-gastronomica\/\" title=\"Estaci\u00f3n Gourmet, donde el deleite se une con la formaci\u00f3n gastron\u00f3mica\">Estaci\u00f3n Gourmet, donde el deleite se une con la formaci\u00f3n gastron\u00f3mica<\/a>\n<\/span><\/div>","aioseo_breadcrumb_json":[{"label":"Home","link":"https:\/\/www.eldigitaldeasturias.com\/noticias"},{"label":"Revista de Ocio","link":"https:\/\/www.eldigitaldeasturias.com\/noticias\/category\/revista-de-ocio\/"},{"label":"Estaci\u00f3n Gourmet, donde el deleite se une con la formaci\u00f3n gastron\u00f3mica","link":"https:\/\/www.eldigitaldeasturias.com\/noticias\/estacion-gourmet-donde-el-deleite-se-une-con-la-formacion-gastronomica\/"}],"_links":{"self":[{"href":"https:\/\/www.eldigitaldeasturias.com\/noticias\/wp-json\/wp\/v2\/posts\/458897","targetHints":{"allow":["GET"]}}],"collection":[{"href":"https:\/\/www.eldigitaldeasturias.com\/noticias\/wp-json\/wp\/v2\/posts"}],"about":[{"href":"https:\/\/www.eldigitaldeasturias.com\/noticias\/wp-json\/wp\/v2\/types\/post"}],"author":[{"embeddable":true,"href":"https:\/\/www.eldigitaldeasturias.com\/noticias\/wp-json\/wp\/v2\/users\/1"}],"replies":[{"embeddable":true,"href":"https:\/\/www.eldigitaldeasturias.com\/noticias\/wp-json\/wp\/v2\/comments?post=458897"}],"version-history":[{"count":0,"href":"https:\/\/www.eldigitaldeasturias.com\/noticias\/wp-json\/wp\/v2\/posts\/458897\/revisions"}],"wp:attachment":[{"href":"https:\/\/www.eldigitaldeasturias.com\/noticias\/wp-json\/wp\/v2\/media?parent=458897"}],"wp:term":[{"taxonomy":"category","embeddable":true,"href":"https:\/\/www.eldigitaldeasturias.com\/noticias\/wp-json\/wp\/v2\/categories?post=458897"},{"taxonomy":"post_tag","embeddable":true,"href":"https:\/\/www.eldigitaldeasturias.com\/noticias\/wp-json\/wp\/v2\/tags?post=458897"}],"curies":[{"name":"wp","href":"https:\/\/api.w.org\/{rel}","templated":true}]}}