{"id":458895,"date":"2013-12-07T00:19:57","date_gmt":"2013-12-07T01:19:57","guid":{"rendered":"http:\/\/www.eldigitaldeasturias.com\/noticias\/?p=458895"},"modified":"2013-12-07T00:19:57","modified_gmt":"2013-12-07T01:19:57","slug":"christo-brand-mandela-fue-mi-prisionero-mi-amigo-mi-presidente-y-mi-padre","status":"publish","type":"post","link":"https:\/\/www.eldigitaldeasturias.com\/noticias\/christo-brand-mandela-fue-mi-prisionero-mi-amigo-mi-presidente-y-mi-padre\/","title":{"rendered":"Christo Brand : Mandela fue mi prisionero, mi amigo, mi presidente y mi padre"},"content":{"rendered":"<p><img loading=\"lazy\" decoding=\"async\" class=\"alignleft size-medium wp-image-458570\" alt=\"sud-mandela-carcel\" src=\"https:\/\/www.eldigitaldeasturias.com\/noticias\/wp-content\/uploads\/2013\/12\/sud-mandela-carcel-360x240.jpg\" width=\"360\" height=\"240\" \/>Johannesburgo, 6 dic (dpa) &#8211; \u00abMandela fue mi prisionero, mi amigo, mi presidente y mi padre\u00bb, dijo a dpa Christo Brand, de 53 a\u00f1os, el guardia de prisi\u00f3n de Nelson Mandela en Robben Island.<\/p>\n<p>Brand sigui\u00f3 siendo el guardia de prisi\u00f3n de Mandela cuando fue transferido a Pollsmoor, en Ciudad del Cabo, y a la prisi\u00f3n Victor Verster, en la provincia de Cabo Occidental.<\/p>\n<p>\u00abCuando fue liberado la prisi\u00f3n me pareci\u00f3 vac\u00eda. Pero seguimos en contacto. Fue como un padre para m\u00ed. Ten\u00eda los pies en la tierra. Cuando yo ten\u00eda un problema, \u00e9l me aconsejaba. Era mi prisionero, pero era mi padre\u00bb, confes\u00f3 Brand.<\/p>\n<p>\u00abNo hab\u00eda barrera de color entre nosotros. Era un ser humano\u00bb, a\u00f1adi\u00f3. \u00abNo ten\u00eda permiso para hacerme su amigo. Ten\u00edamos que hacer nuestro trabajo. Pero si te hac\u00edas amigo, lo hac\u00edas en horas\u00bb.<\/p>\n<p>Por su parte, el personal de la prisi\u00f3n Pollsmoor, en la que Mandela pas\u00f3 cuatro a\u00f1os, record\u00f3 hoy que los funcionarios del apartheid les dijeron que se trataba de un terrorista.<\/p>\n<p>\u00abNos dijeron que deb\u00edamos ser cuidadosos, que ese hombre era un terrorista. Pero entonces Mandela nos pregunt\u00f3 por nuestras familias. Ten\u00eda tanta humanidad, nos sorprendi\u00f3 de inmediato\u00bb, dijo el director regional de servicios penitenciarios Delekile Klaas.<\/p>\n<p>Mandela fue transferido a Pollsmoor en 1982, despu\u00e9s de haber estado tras las rejas en Robben Island durante 18 a\u00f1os. Varias decenas de funcionarios, muchos de los cuales conocieron a Mandela en Pollmoor, rezaban y cantaban hoy en honor del luchador por la libertad.<\/p>\n<p>\u00abSe ha ca\u00eddo un gran \u00e1rbol. El amor nunca acaba, pero lamentablemente la vida s\u00ed\u00bb, afirm\u00f3 Klaas. \u00abEl largo camino de Madiba lleg\u00f3 a su fin. Su viaje fue completado. Misi\u00f3n cumplida\u00bb, a\u00f1adi\u00f3.<\/p>\n<p>\u00abIncluso en las situaciones m\u00e1s provocadoras, Mandela se mantuvo firme y trabaj\u00f3 por la justicia y la reconciliaci\u00f3n\u00bb, dijo Klaas. \u00abNos alent\u00f3 a construir una sociedad inclusiva. Si vivimos nuestras vidas en el esp\u00edritu de Mandela, haremos justicia a su legado\u00bb.<\/p>\n","protected":false},"excerpt":{"rendered":"<p>Johannesburgo, 6 dic (dpa) &#8211; \u00abMandela fue mi prisionero, mi amigo, mi presidente y mi padre\u00bb, dijo a dpa Christo Brand, de 53 a\u00f1os, el guardia de prisi\u00f3n de Nelson Mandela en Robben Island. Brand sigui\u00f3 siendo el guardia de prisi\u00f3n de Mandela cuando fue transferido a Pollsmoor, en Ciudad del Cabo, y a la [&hellip;]<\/p>\n","protected":false},"author":1,"featured_media":458570,"comment_status":"closed","ping_status":"open","sticky":false,"template":"","format":"standard","meta":{"footnotes":""},"categories":[28],"tags":[],"class_list":["post-458895","post","type-post","status-publish","format-standard","has-post-thumbnail","hentry","category-sociedad"],"aioseo_notices":[],"aioseo_head":"\n\t\t<!-- All in One SEO Pro 5.0.1 - aioseo.com -->\n\t<meta name=\"description\" content=\"Johannesburgo, 6 dic (dpa) - &quot;Mandela fue mi prisionero, mi amigo, mi presidente y mi padre&quot;, dijo a dpa Christo Brand, de 53 a\u00f1os, el guardia de prisi\u00f3n de Nelson Mandela en Robben Island. Brand sigui\u00f3 siendo el guardia de prisi\u00f3n de Mandela cuando fue transferido a Pollsmoor, en Ciudad del Cabo, y a la\" \/>\n\t<meta name=\"robots\" content=\"max-image-preview:large\" \/>\n\t<meta name=\"author\" content=\"El Digital de Asturias\"\/>\n\t<meta name=\"google-site-verification\" content=\"UA-38556648-1\" \/>\n\t<meta name=\"msvalidate.01\" content=\"7dfe9f3f1b24437ab69f4f2559babe99\" \/>\n\t<meta name=\"keywords\" content=\"sociedad\" \/>\n\t<link rel=\"canonical\" href=\"https:\/\/www.eldigitaldeasturias.com\/noticias\/christo-brand-mandela-fue-mi-prisionero-mi-amigo-mi-presidente-y-mi-padre\/\" \/>\n\t<meta name=\"generator\" content=\"All in One SEO Pro (AIOSEO) 5.0.1\" \/>\n\t\t<meta property=\"og:locale\" content=\"es_ES\" \/>\n\t\t<meta property=\"og:site_name\" content=\"El Digital de Asturias\" \/>\n\t\t<meta property=\"og:type\" content=\"article\" \/>\n\t\t<meta property=\"og:title\" content=\"Christo Brand : Mandela fue mi prisionero, mi amigo, mi presidente y mi padre - El Digital de Asturias\" \/>\n\t\t<meta property=\"og:description\" content=\"Johannesburgo, 6 dic (dpa) - &quot;Mandela fue mi prisionero, mi amigo, mi presidente y mi padre&quot;, dijo a dpa Christo Brand, de 53 a\u00f1os, el guardia de prisi\u00f3n de Nelson Mandela en Robben Island. Brand sigui\u00f3 siendo el guardia de prisi\u00f3n de Mandela cuando fue transferido a Pollsmoor, en Ciudad del Cabo, y a la\" \/>\n\t\t<meta property=\"og:url\" content=\"https:\/\/www.eldigitaldeasturias.com\/noticias\/christo-brand-mandela-fue-mi-prisionero-mi-amigo-mi-presidente-y-mi-padre\/\" \/>\n\t\t<meta property=\"article:tag\" content=\"sociedad\" \/>\n\t\t<meta property=\"article:published_time\" content=\"2013-12-07T01:19:57+00:00\" \/>\n\t\t<meta property=\"article:modified_time\" content=\"2013-12-07T01:19:57+00:00\" \/>\n\t\t<meta property=\"article:publisher\" content=\"https:\/\/facebook.com\/eldigitaldeasturias\" \/>\n\t\t<meta name=\"twitter:card\" content=\"summary_large_image\" \/>\n\t\t<meta name=\"twitter:title\" content=\"Christo Brand : Mandela fue mi prisionero, mi amigo, mi presidente y mi padre - El Digital de Asturias\" \/>\n\t\t<meta name=\"twitter:description\" content=\"Johannesburgo, 6 dic (dpa) - &quot;Mandela fue mi prisionero, mi amigo, mi presidente y mi padre&quot;, dijo a dpa Christo Brand, de 53 a\u00f1os, el guardia de prisi\u00f3n de Nelson Mandela en Robben Island. Brand sigui\u00f3 siendo el guardia de prisi\u00f3n de Mandela cuando fue transferido a Pollsmoor, en Ciudad del Cabo, y a la\" \/>\n\t\t<meta name=\"twitter:label1\" content=\"Escrito por\" \/>\n\t\t<meta name=\"twitter:data1\" content=\"El Digital de Asturias\" \/>\n\t\t<meta name=\"twitter:label2\" content=\"Tiempo de lectura estimado\" \/>\n\t\t<meta name=\"twitter:data2\" content=\"2 minutos\" \/>\n\t\t<script type=\"application\/ld+json\" class=\"aioseo-schema\">\n\t\t\t{\"@context\":\"https:\\\/\\\/schema.org\",\"@graph\":[{\"@type\":\"BlogPosting\",\"@id\":\"https:\\\/\\\/www.eldigitaldeasturias.com\\\/noticias\\\/christo-brand-mandela-fue-mi-prisionero-mi-amigo-mi-presidente-y-mi-padre\\\/#blogposting\",\"name\":\"Christo Brand : Mandela fue mi prisionero, mi amigo, mi presidente y mi padre - El Digital de Asturias\",\"headline\":\"Christo Brand : Mandela fue mi prisionero, mi amigo, mi presidente y mi padre\",\"author\":{\"@id\":\"https:\\\/\\\/www.eldigitaldeasturias.com\\\/noticias\\\/author\\\/admin\\\/#author\"},\"publisher\":{\"@id\":\"https:\\\/\\\/www.eldigitaldeasturias.com\\\/noticias\\\/#organization\"},\"image\":{\"@type\":\"ImageObject\",\"url\":458570},\"datePublished\":\"2013-12-07T00:19:57+01:00\",\"dateModified\":\"2013-12-07T00:19:57+01:00\",\"inLanguage\":\"es-ES\",\"mainEntityOfPage\":{\"@id\":\"https:\\\/\\\/www.eldigitaldeasturias.com\\\/noticias\\\/christo-brand-mandela-fue-mi-prisionero-mi-amigo-mi-presidente-y-mi-padre\\\/#webpage\"},\"isPartOf\":{\"@id\":\"https:\\\/\\\/www.eldigitaldeasturias.com\\\/noticias\\\/christo-brand-mandela-fue-mi-prisionero-mi-amigo-mi-presidente-y-mi-padre\\\/#webpage\"},\"articleSection\":\"Sociedad\"},{\"@type\":\"BreadcrumbList\",\"@id\":\"https:\\\/\\\/www.eldigitaldeasturias.com\\\/noticias\\\/christo-brand-mandela-fue-mi-prisionero-mi-amigo-mi-presidente-y-mi-padre\\\/#breadcrumblist\",\"itemListElement\":[{\"@type\":\"ListItem\",\"@id\":\"https:\\\/\\\/www.eldigitaldeasturias.com\\\/noticias#listItem\",\"position\":1,\"name\":\"Home\",\"item\":\"https:\\\/\\\/www.eldigitaldeasturias.com\\\/noticias\",\"nextItem\":{\"@type\":\"ListItem\",\"@id\":\"https:\\\/\\\/www.eldigitaldeasturias.com\\\/noticias\\\/category\\\/sociedad\\\/#listItem\",\"name\":\"Sociedad\"}},{\"@type\":\"ListItem\",\"@id\":\"https:\\\/\\\/www.eldigitaldeasturias.com\\\/noticias\\\/category\\\/sociedad\\\/#listItem\",\"position\":2,\"name\":\"Sociedad\",\"item\":\"https:\\\/\\\/www.eldigitaldeasturias.com\\\/noticias\\\/category\\\/sociedad\\\/\",\"nextItem\":{\"@type\":\"ListItem\",\"@id\":\"https:\\\/\\\/www.eldigitaldeasturias.com\\\/noticias\\\/christo-brand-mandela-fue-mi-prisionero-mi-amigo-mi-presidente-y-mi-padre\\\/#listItem\",\"name\":\"Christo Brand : Mandela fue mi prisionero, mi amigo, mi presidente y mi padre\"},\"previousItem\":{\"@type\":\"ListItem\",\"@id\":\"https:\\\/\\\/www.eldigitaldeasturias.com\\\/noticias#listItem\",\"name\":\"Home\"}},{\"@type\":\"ListItem\",\"@id\":\"https:\\\/\\\/www.eldigitaldeasturias.com\\\/noticias\\\/christo-brand-mandela-fue-mi-prisionero-mi-amigo-mi-presidente-y-mi-padre\\\/#listItem\",\"position\":3,\"name\":\"Christo Brand : Mandela fue mi prisionero, mi amigo, mi presidente y mi padre\",\"previousItem\":{\"@type\":\"ListItem\",\"@id\":\"https:\\\/\\\/www.eldigitaldeasturias.com\\\/noticias\\\/category\\\/sociedad\\\/#listItem\",\"name\":\"Sociedad\"}}]},{\"@type\":\"Organization\",\"@id\":\"https:\\\/\\\/www.eldigitaldeasturias.com\\\/noticias\\\/#organization\",\"name\":\"El Digital de Asturias\",\"description\":\"Hemeroteca\",\"url\":\"https:\\\/\\\/www.eldigitaldeasturias.com\\\/noticias\\\/\",\"email\":\"info@eldigitaldeasturias.com\",\"telephone\":\"+34652131393\",\"logo\":{\"@type\":\"ImageObject\",\"url\":\"https:\\\/\\\/www.eldigitaldeasturias.com\\\/noticias\\\/wp-content\\\/uploads\\\/2020\\\/12\\\/EDA.jpg\",\"@id\":\"https:\\\/\\\/www.eldigitaldeasturias.com\\\/noticias\\\/christo-brand-mandela-fue-mi-prisionero-mi-amigo-mi-presidente-y-mi-padre\\\/#organizationLogo\"},\"image\":{\"@id\":\"https:\\\/\\\/www.eldigitaldeasturias.com\\\/noticias\\\/christo-brand-mandela-fue-mi-prisionero-mi-amigo-mi-presidente-y-mi-padre\\\/#organizationLogo\"},\"sameAs\":[\"https:\\\/\\\/facebook.com\\\/eldigitaldeasturias\",\"https:\\\/\\\/www.youtube.com\\\/channel\\\/UCZP-2wLEB9Rv6erhFmqVnvg\"],\"address\":{\"@id\":\"https:\\\/\\\/www.eldigitaldeasturias.com\\\/noticias\\\/#postaladdress\",\"@type\":\"PostalAddress\",\"streetAddress\":\"san antonio 4\",\"postalCode\":\"33430\",\"addressLocality\":\"Cand\\u00e1s\",\"addressRegion\":\"Asturias\",\"addressCountry\":\"ES\"}},{\"@type\":\"Person\",\"@id\":\"https:\\\/\\\/www.eldigitaldeasturias.com\\\/noticias\\\/author\\\/admin\\\/#author\",\"url\":\"https:\\\/\\\/www.eldigitaldeasturias.com\\\/noticias\\\/author\\\/admin\\\/\",\"name\":\"El Digital de Asturias\",\"image\":{\"@type\":\"ImageObject\",\"@id\":\"https:\\\/\\\/www.eldigitaldeasturias.com\\\/noticias\\\/christo-brand-mandela-fue-mi-prisionero-mi-amigo-mi-presidente-y-mi-padre\\\/#authorImage\",\"url\":\"https:\\\/\\\/secure.gravatar.com\\\/avatar\\\/df2aeffc32bcd13f8d26072ef8a91b623d677766deac7f97ca815868cd41bf5e?s=96&d=mm&r=g\",\"width\":96,\"height\":96,\"caption\":\"El Digital de Asturias\"}},{\"@type\":\"WebPage\",\"@id\":\"https:\\\/\\\/www.eldigitaldeasturias.com\\\/noticias\\\/christo-brand-mandela-fue-mi-prisionero-mi-amigo-mi-presidente-y-mi-padre\\\/#webpage\",\"url\":\"https:\\\/\\\/www.eldigitaldeasturias.com\\\/noticias\\\/christo-brand-mandela-fue-mi-prisionero-mi-amigo-mi-presidente-y-mi-padre\\\/\",\"name\":\"Christo Brand : Mandela fue mi prisionero, mi amigo, mi presidente y mi padre - El Digital de Asturias\",\"description\":\"Johannesburgo, 6 dic (dpa) - \\\"Mandela fue mi prisionero, mi amigo, mi presidente y mi padre\\\", dijo a dpa Christo Brand, de 53 a\\u00f1os, el guardia de prisi\\u00f3n de Nelson Mandela en Robben Island. Brand sigui\\u00f3 siendo el guardia de prisi\\u00f3n de Mandela cuando fue transferido a Pollsmoor, en Ciudad del Cabo, y a la\",\"inLanguage\":\"es-ES\",\"isPartOf\":{\"@id\":\"https:\\\/\\\/www.eldigitaldeasturias.com\\\/noticias\\\/#website\"},\"breadcrumb\":{\"@id\":\"https:\\\/\\\/www.eldigitaldeasturias.com\\\/noticias\\\/christo-brand-mandela-fue-mi-prisionero-mi-amigo-mi-presidente-y-mi-padre\\\/#breadcrumblist\"},\"author\":{\"@id\":\"https:\\\/\\\/www.eldigitaldeasturias.com\\\/noticias\\\/author\\\/admin\\\/#author\"},\"creator\":{\"@id\":\"https:\\\/\\\/www.eldigitaldeasturias.com\\\/noticias\\\/author\\\/admin\\\/#author\"},\"image\":{\"@type\":\"ImageObject\",\"url\":458570,\"@id\":\"https:\\\/\\\/www.eldigitaldeasturias.com\\\/noticias\\\/christo-brand-mandela-fue-mi-prisionero-mi-amigo-mi-presidente-y-mi-padre\\\/#mainImage\"},\"primaryImageOfPage\":{\"@id\":\"https:\\\/\\\/www.eldigitaldeasturias.com\\\/noticias\\\/christo-brand-mandela-fue-mi-prisionero-mi-amigo-mi-presidente-y-mi-padre\\\/#mainImage\"},\"datePublished\":\"2013-12-07T00:19:57+01:00\",\"dateModified\":\"2013-12-07T00:19:57+01:00\"},{\"@type\":\"WebSite\",\"@id\":\"https:\\\/\\\/www.eldigitaldeasturias.com\\\/noticias\\\/#website\",\"url\":\"https:\\\/\\\/www.eldigitaldeasturias.com\\\/noticias\\\/\",\"name\":\"El Digital de Asturias - Diario de actualidad y noticias\",\"alternateName\":\"El Digital de Asturias - Diario de actualidad y noticias\",\"description\":\"Hemeroteca\",\"inLanguage\":\"es-ES\",\"publisher\":{\"@id\":\"https:\\\/\\\/www.eldigitaldeasturias.com\\\/noticias\\\/#organization\"}}]}\n\t\t<\/script>\n\t\t<!-- All in One SEO Pro -->\r\n\t\t<title>Christo Brand : Mandela fue mi prisionero, mi amigo, mi presidente y mi padre - El Digital de Asturias<\/title>\n\n","aioseo_head_json":{"title":"Christo Brand : Mandela fue mi prisionero, mi amigo, mi presidente y mi padre - El Digital de Asturias","description":"Johannesburgo, 6 dic (dpa) - \"Mandela fue mi prisionero, mi amigo, mi presidente y mi padre\", dijo a dpa Christo Brand, de 53 a\u00f1os, el guardia de prisi\u00f3n de Nelson Mandela en Robben Island. Brand sigui\u00f3 siendo el guardia de prisi\u00f3n de Mandela cuando fue transferido a Pollsmoor, en Ciudad del Cabo, y a la","canonical_url":"https:\/\/www.eldigitaldeasturias.com\/noticias\/christo-brand-mandela-fue-mi-prisionero-mi-amigo-mi-presidente-y-mi-padre\/","robots":"max-image-preview:large","keywords":"sociedad","webmasterTools":{"google-site-verification":"UA-38556648-1","msvalidate.01":"7dfe9f3f1b24437ab69f4f2559babe99","miscellaneous":""},"schema":{"@context":"https:\/\/schema.org","@graph":[{"@type":"BlogPosting","@id":"https:\/\/www.eldigitaldeasturias.com\/noticias\/christo-brand-mandela-fue-mi-prisionero-mi-amigo-mi-presidente-y-mi-padre\/#blogposting","name":"Christo Brand : Mandela fue mi prisionero, mi amigo, mi presidente y mi padre - El Digital de Asturias","headline":"Christo Brand : Mandela fue mi prisionero, mi amigo, mi presidente y mi padre","author":{"@id":"https:\/\/www.eldigitaldeasturias.com\/noticias\/author\/admin\/#author"},"publisher":{"@id":"https:\/\/www.eldigitaldeasturias.com\/noticias\/#organization"},"image":{"@type":"ImageObject","url":458570},"datePublished":"2013-12-07T00:19:57+01:00","dateModified":"2013-12-07T00:19:57+01:00","inLanguage":"es-ES","mainEntityOfPage":{"@id":"https:\/\/www.eldigitaldeasturias.com\/noticias\/christo-brand-mandela-fue-mi-prisionero-mi-amigo-mi-presidente-y-mi-padre\/#webpage"},"isPartOf":{"@id":"https:\/\/www.eldigitaldeasturias.com\/noticias\/christo-brand-mandela-fue-mi-prisionero-mi-amigo-mi-presidente-y-mi-padre\/#webpage"},"articleSection":"Sociedad"},{"@type":"BreadcrumbList","@id":"https:\/\/www.eldigitaldeasturias.com\/noticias\/christo-brand-mandela-fue-mi-prisionero-mi-amigo-mi-presidente-y-mi-padre\/#breadcrumblist","itemListElement":[{"@type":"ListItem","@id":"https:\/\/www.eldigitaldeasturias.com\/noticias#listItem","position":1,"name":"Home","item":"https:\/\/www.eldigitaldeasturias.com\/noticias","nextItem":{"@type":"ListItem","@id":"https:\/\/www.eldigitaldeasturias.com\/noticias\/category\/sociedad\/#listItem","name":"Sociedad"}},{"@type":"ListItem","@id":"https:\/\/www.eldigitaldeasturias.com\/noticias\/category\/sociedad\/#listItem","position":2,"name":"Sociedad","item":"https:\/\/www.eldigitaldeasturias.com\/noticias\/category\/sociedad\/","nextItem":{"@type":"ListItem","@id":"https:\/\/www.eldigitaldeasturias.com\/noticias\/christo-brand-mandela-fue-mi-prisionero-mi-amigo-mi-presidente-y-mi-padre\/#listItem","name":"Christo Brand : Mandela fue mi prisionero, mi amigo, mi presidente y mi padre"},"previousItem":{"@type":"ListItem","@id":"https:\/\/www.eldigitaldeasturias.com\/noticias#listItem","name":"Home"}},{"@type":"ListItem","@id":"https:\/\/www.eldigitaldeasturias.com\/noticias\/christo-brand-mandela-fue-mi-prisionero-mi-amigo-mi-presidente-y-mi-padre\/#listItem","position":3,"name":"Christo Brand : Mandela fue mi prisionero, mi amigo, mi presidente y mi padre","previousItem":{"@type":"ListItem","@id":"https:\/\/www.eldigitaldeasturias.com\/noticias\/category\/sociedad\/#listItem","name":"Sociedad"}}]},{"@type":"Organization","@id":"https:\/\/www.eldigitaldeasturias.com\/noticias\/#organization","name":"El Digital de Asturias","description":"Hemeroteca","url":"https:\/\/www.eldigitaldeasturias.com\/noticias\/","email":"info@eldigitaldeasturias.com","telephone":"+34652131393","logo":{"@type":"ImageObject","url":"https:\/\/www.eldigitaldeasturias.com\/noticias\/wp-content\/uploads\/2020\/12\/EDA.jpg","@id":"https:\/\/www.eldigitaldeasturias.com\/noticias\/christo-brand-mandela-fue-mi-prisionero-mi-amigo-mi-presidente-y-mi-padre\/#organizationLogo"},"image":{"@id":"https:\/\/www.eldigitaldeasturias.com\/noticias\/christo-brand-mandela-fue-mi-prisionero-mi-amigo-mi-presidente-y-mi-padre\/#organizationLogo"},"sameAs":["https:\/\/facebook.com\/eldigitaldeasturias","https:\/\/www.youtube.com\/channel\/UCZP-2wLEB9Rv6erhFmqVnvg"],"address":{"@id":"https:\/\/www.eldigitaldeasturias.com\/noticias\/#postaladdress","@type":"PostalAddress","streetAddress":"san antonio 4","postalCode":"33430","addressLocality":"Cand\u00e1s","addressRegion":"Asturias","addressCountry":"ES"}},{"@type":"Person","@id":"https:\/\/www.eldigitaldeasturias.com\/noticias\/author\/admin\/#author","url":"https:\/\/www.eldigitaldeasturias.com\/noticias\/author\/admin\/","name":"El Digital de Asturias","image":{"@type":"ImageObject","@id":"https:\/\/www.eldigitaldeasturias.com\/noticias\/christo-brand-mandela-fue-mi-prisionero-mi-amigo-mi-presidente-y-mi-padre\/#authorImage","url":"https:\/\/secure.gravatar.com\/avatar\/df2aeffc32bcd13f8d26072ef8a91b623d677766deac7f97ca815868cd41bf5e?s=96&d=mm&r=g","width":96,"height":96,"caption":"El Digital de Asturias"}},{"@type":"WebPage","@id":"https:\/\/www.eldigitaldeasturias.com\/noticias\/christo-brand-mandela-fue-mi-prisionero-mi-amigo-mi-presidente-y-mi-padre\/#webpage","url":"https:\/\/www.eldigitaldeasturias.com\/noticias\/christo-brand-mandela-fue-mi-prisionero-mi-amigo-mi-presidente-y-mi-padre\/","name":"Christo Brand : Mandela fue mi prisionero, mi amigo, mi presidente y mi padre - El Digital de Asturias","description":"Johannesburgo, 6 dic (dpa) - \"Mandela fue mi prisionero, mi amigo, mi presidente y mi padre\", dijo a dpa Christo Brand, de 53 a\u00f1os, el guardia de prisi\u00f3n de Nelson Mandela en Robben Island. Brand sigui\u00f3 siendo el guardia de prisi\u00f3n de Mandela cuando fue transferido a Pollsmoor, en Ciudad del Cabo, y a la","inLanguage":"es-ES","isPartOf":{"@id":"https:\/\/www.eldigitaldeasturias.com\/noticias\/#website"},"breadcrumb":{"@id":"https:\/\/www.eldigitaldeasturias.com\/noticias\/christo-brand-mandela-fue-mi-prisionero-mi-amigo-mi-presidente-y-mi-padre\/#breadcrumblist"},"author":{"@id":"https:\/\/www.eldigitaldeasturias.com\/noticias\/author\/admin\/#author"},"creator":{"@id":"https:\/\/www.eldigitaldeasturias.com\/noticias\/author\/admin\/#author"},"image":{"@type":"ImageObject","url":458570,"@id":"https:\/\/www.eldigitaldeasturias.com\/noticias\/christo-brand-mandela-fue-mi-prisionero-mi-amigo-mi-presidente-y-mi-padre\/#mainImage"},"primaryImageOfPage":{"@id":"https:\/\/www.eldigitaldeasturias.com\/noticias\/christo-brand-mandela-fue-mi-prisionero-mi-amigo-mi-presidente-y-mi-padre\/#mainImage"},"datePublished":"2013-12-07T00:19:57+01:00","dateModified":"2013-12-07T00:19:57+01:00"},{"@type":"WebSite","@id":"https:\/\/www.eldigitaldeasturias.com\/noticias\/#website","url":"https:\/\/www.eldigitaldeasturias.com\/noticias\/","name":"El Digital de Asturias - Diario de actualidad y noticias","alternateName":"El Digital de Asturias - Diario de actualidad y noticias","description":"Hemeroteca","inLanguage":"es-ES","publisher":{"@id":"https:\/\/www.eldigitaldeasturias.com\/noticias\/#organization"}}]},"og:locale":"es_ES","og:site_name":"El Digital de Asturias","og:type":"article","og:title":"Christo Brand : Mandela fue mi prisionero, mi amigo, mi presidente y mi padre - El Digital de Asturias","og:description":"Johannesburgo, 6 dic (dpa) - &quot;Mandela fue mi prisionero, mi amigo, mi presidente y mi padre&quot;, dijo a dpa Christo Brand, de 53 a\u00f1os, el guardia de prisi\u00f3n de Nelson Mandela en Robben Island. Brand sigui\u00f3 siendo el guardia de prisi\u00f3n de Mandela cuando fue transferido a Pollsmoor, en Ciudad del Cabo, y a la","og:url":"https:\/\/www.eldigitaldeasturias.com\/noticias\/christo-brand-mandela-fue-mi-prisionero-mi-amigo-mi-presidente-y-mi-padre\/","article:tag":["sociedad"],"article:published_time":"2013-12-07T01:19:57+00:00","article:modified_time":"2013-12-07T01:19:57+00:00","article:publisher":"https:\/\/facebook.com\/eldigitaldeasturias","twitter:card":"summary_large_image","twitter:title":"Christo Brand : Mandela fue mi prisionero, mi amigo, mi presidente y mi padre - El Digital de Asturias","twitter:description":"Johannesburgo, 6 dic (dpa) - &quot;Mandela fue mi prisionero, mi amigo, mi presidente y mi padre&quot;, dijo a dpa Christo Brand, de 53 a\u00f1os, el guardia de prisi\u00f3n de Nelson Mandela en Robben Island. Brand sigui\u00f3 siendo el guardia de prisi\u00f3n de Mandela cuando fue transferido a Pollsmoor, en Ciudad del Cabo, y a la","twitter:label1":"Escrito por","twitter:data1":"El Digital de Asturias","twitter:label2":"Tiempo de lectura estimado","twitter:data2":"2 minutos"},"aioseo_meta_data":{"post_id":"458895","title":null,"description":null,"keywords":null,"keyphrases":null,"primary_term":null,"canonical_url":null,"og_title":null,"og_description":null,"og_object_type":"default","og_image_type":"default","og_image_url":null,"og_image_width":null,"og_image_height":null,"og_image_custom_url":null,"og_image_custom_fields":null,"og_video":null,"og_custom_url":null,"og_article_section":null,"og_article_tags":null,"twitter_use_og":true,"twitter_card":"default","twitter_image_type":"default","twitter_image_url":null,"twitter_image_custom_url":null,"twitter_image_custom_fields":null,"twitter_title":null,"twitter_description":null,"schema":{"blockGraphs":[],"customGraphs":[],"default":{"data":{"Article":[],"Course":[],"Dataset":[],"FAQPage":[],"Movie":[],"Person":[],"Product":[],"ProductReview":[],"Car":[],"Recipe":[],"Service":[],"SoftwareApplication":[],"WebPage":[]},"graphName":"","isEnabled":true},"graphs":[],"defaultGraph":"","defaultPostTypeGraph":""},"schema_type":null,"schema_type_options":null,"pillar_content":false,"robots_default":true,"robots_noindex":false,"robots_noarchive":false,"robots_nosnippet":false,"robots_nofollow":false,"robots_noimageindex":false,"robots_noodp":false,"robots_notranslate":false,"robots_max_snippet":null,"robots_max_videopreview":null,"robots_max_imagepreview":"none","priority":null,"frequency":null,"local_seo":null,"seo_analyzer_scan_date":"2026-05-30 07:10:53","breadcrumb_settings":null,"limit_modified_date":false,"open_ai":null,"ai":null,"created":"2020-11-14 22:46:25","updated":"2026-05-30 07:10:53","focus_keyword":null,"additional_keywords":null,"truseo_locale":null},"aioseo_breadcrumb":"<div class=\"aioseo-breadcrumbs\"><span class=\"aioseo-breadcrumb\">\n\t<a href=\"https:\/\/www.eldigitaldeasturias.com\/noticias\" title=\"Home\">Home<\/a>\n<\/span><span class=\"aioseo-breadcrumb-separator\">\u2013<\/span><span class=\"aioseo-breadcrumb\">\n\t<a href=\"https:\/\/www.eldigitaldeasturias.com\/noticias\/category\/sociedad\/\" title=\"Sociedad\">Sociedad<\/a>\n<\/span><span class=\"aioseo-breadcrumb-separator\">\u2013<\/span><span class=\"aioseo-breadcrumb\">\n\t<a href=\"https:\/\/www.eldigitaldeasturias.com\/noticias\/christo-brand-mandela-fue-mi-prisionero-mi-amigo-mi-presidente-y-mi-padre\/\" title=\"Christo Brand : Mandela fue mi prisionero, mi amigo, mi presidente y mi padre\">Christo Brand : Mandela fue mi prisionero, mi amigo, mi presidente y mi padre<\/a>\n<\/span><\/div>","aioseo_breadcrumb_json":[{"label":"Home","link":"https:\/\/www.eldigitaldeasturias.com\/noticias"},{"label":"Sociedad","link":"https:\/\/www.eldigitaldeasturias.com\/noticias\/category\/sociedad\/"},{"label":"Christo Brand : Mandela fue mi prisionero, mi amigo, mi presidente y mi padre","link":"https:\/\/www.eldigitaldeasturias.com\/noticias\/christo-brand-mandela-fue-mi-prisionero-mi-amigo-mi-presidente-y-mi-padre\/"}],"_links":{"self":[{"href":"https:\/\/www.eldigitaldeasturias.com\/noticias\/wp-json\/wp\/v2\/posts\/458895","targetHints":{"allow":["GET"]}}],"collection":[{"href":"https:\/\/www.eldigitaldeasturias.com\/noticias\/wp-json\/wp\/v2\/posts"}],"about":[{"href":"https:\/\/www.eldigitaldeasturias.com\/noticias\/wp-json\/wp\/v2\/types\/post"}],"author":[{"embeddable":true,"href":"https:\/\/www.eldigitaldeasturias.com\/noticias\/wp-json\/wp\/v2\/users\/1"}],"replies":[{"embeddable":true,"href":"https:\/\/www.eldigitaldeasturias.com\/noticias\/wp-json\/wp\/v2\/comments?post=458895"}],"version-history":[{"count":0,"href":"https:\/\/www.eldigitaldeasturias.com\/noticias\/wp-json\/wp\/v2\/posts\/458895\/revisions"}],"wp:attachment":[{"href":"https:\/\/www.eldigitaldeasturias.com\/noticias\/wp-json\/wp\/v2\/media?parent=458895"}],"wp:term":[{"taxonomy":"category","embeddable":true,"href":"https:\/\/www.eldigitaldeasturias.com\/noticias\/wp-json\/wp\/v2\/categories?post=458895"},{"taxonomy":"post_tag","embeddable":true,"href":"https:\/\/www.eldigitaldeasturias.com\/noticias\/wp-json\/wp\/v2\/tags?post=458895"}],"curies":[{"name":"wp","href":"https:\/\/api.w.org\/{rel}","templated":true}]}}