{"id":458883,"date":"2013-12-07T00:06:29","date_gmt":"2013-12-07T01:06:29","guid":{"rendered":"http:\/\/www.eldigitaldeasturias.com\/noticias\/?p=458883"},"modified":"2013-12-07T00:06:29","modified_gmt":"2013-12-07T01:06:29","slug":"admiracion-y-dolor-los-famosos-lamentan-la-muerte-de-nelson-mandela","status":"publish","type":"post","link":"https:\/\/www.eldigitaldeasturias.com\/noticias\/admiracion-y-dolor-los-famosos-lamentan-la-muerte-de-nelson-mandela\/","title":{"rendered":"Admiraci\u00f3n y dolor : los famosos lamentan la muerte de Nelson Mandela"},"content":{"rendered":"<p><img loading=\"lazy\" decoding=\"async\" class=\"alignleft size-medium wp-image-458567\" alt=\"5775836wmandela\" src=\"https:\/\/www.eldigitaldeasturias.com\/noticias\/wp-content\/uploads\/2013\/12\/5775836w1-360x243.jpg\" width=\"360\" height=\"243\" \/>Madrid (Centro de Edici\u00f3n), 6 dic (dpa) &#8211; Personalidades de todo el mundo lamentan la muerte del l\u00edder sudafricano Nelson Mandela. Tambi\u00e9n muchos actores, m\u00fasicos y presentadores han querido expresar su p\u00e9same.<\/p>\n<p>&#8211; El oscarizado actor MORGAN FREEMAN (de 76 a\u00f1os) encarn\u00f3 a Mandela en la pel\u00edcula \u00abInvictus\u00bb. En su facebook colg\u00f3 una foto suya con el h\u00e9roe sudafricano y escribi\u00f3: \u00abNelson Mandela fue un hombre de un honor incomparable, una fuerza invencibe y una firmeza inflexible. Para muchos era un santo, un h\u00e9roe para todos aquellos que valoran la libertad y la dignidad\u00bb.<\/p>\n<p>&#8211; La reina del talkshow en Estados Unidos OPRAH WINFREY (de 59 a\u00f1os) coloc\u00f3 una foto en Instagram, en la que se la ve del brazo de Mandela. \u00c9l era precisamente como uno se lo imagina: \u00abModesto y libre de amargura. Y siempre le encant\u00f3 contar un buen chiste\u00bb.<\/p>\n<p>&#8211; La cantante estadounidense BRITNEY SPEARS (de 32 a\u00f1os) tuite\u00f3: \u00abNelson Mandela fue una verdadera inspiraci\u00f3n para toda la humanidad. Seguro que se lo va a echar de menos\u00bb.<\/p>\n<p>&#8211; El astro de Hollywood HUGH JACKMAN (de 45 a\u00f1os) tambi\u00e9n tuvo palabras de alabanza para los logros de Mandela en Twitter: \u00abLa definici\u00f3n de gallard\u00eda, dignidad e inspiraci\u00f3n. Su luz seguir\u00e1 brillando\u00bb.<\/p>\n<p>&#8211; El cofundador de Microsoft BILL GATES (de 58 a\u00f1os) record\u00f3 los numerosos encuentros con el ex presidente sudafricano. \u00abSu gallard\u00eda y su valor cambiaron el mundo. Es un d\u00eda triste\u00bb, se\u00f1al\u00f3.<\/p>\n<p>&#8211; La cantante de Soul ALICIA KEYS (de 32 a\u00f1os) rememor\u00f3 su actuaci\u00f3n en el cumplea\u00f1os de Mandela hace cuatro a\u00f1os: \u00abAdmiro a un hombre cuya alma esta colmada de un amor extraordinario e inagotable\u00bb.<\/p>\n<p>&#8211; El actor brit\u00e1nico IDRIS ELBA (de 41 a\u00f1os) encarna al Nobel de la Paz en la pel\u00edcula que se estrena estos d\u00edas \u00abMandela: Long Walk to Freedom\u00bb. En un comunicado publicado por varios medios se\u00f1al\u00f3: \u00abHa sido para m\u00ed un honor meterme en la piel de Nelson Mandela y retratar a un hombre que desprecia la inequidad, que derrib\u00f3 barricadas y que luch\u00f3 por los derechos humanos a la vista de todo el mundo\u00bb.<\/p>\n","protected":false},"excerpt":{"rendered":"<p>Madrid (Centro de Edici\u00f3n), 6 dic (dpa) &#8211; Personalidades de todo el mundo lamentan la muerte del l\u00edder sudafricano Nelson Mandela. Tambi\u00e9n muchos actores, m\u00fasicos y presentadores han querido expresar su p\u00e9same. &#8211; El oscarizado actor MORGAN FREEMAN (de 76 a\u00f1os) encarn\u00f3 a Mandela en la pel\u00edcula \u00abInvictus\u00bb. En su facebook colg\u00f3 una foto suya [&hellip;]<\/p>\n","protected":false},"author":1,"featured_media":458567,"comment_status":"closed","ping_status":"open","sticky":false,"template":"","format":"standard","meta":{"footnotes":""},"categories":[28],"tags":[],"class_list":["post-458883","post","type-post","status-publish","format-standard","has-post-thumbnail","hentry","category-sociedad"],"aioseo_notices":[],"aioseo_head":"\n\t\t<!-- All in One SEO Pro 5.0.1 - aioseo.com -->\n\t<meta name=\"description\" content=\"Madrid (Centro de Edici\u00f3n), 6 dic (dpa) - Personalidades de todo el mundo lamentan la muerte del l\u00edder sudafricano Nelson Mandela. Tambi\u00e9n muchos actores, m\u00fasicos y presentadores han querido expresar su p\u00e9same. - El oscarizado actor MORGAN FREEMAN (de 76 a\u00f1os) encarn\u00f3 a Mandela en la pel\u00edcula &quot;Invictus&quot;. En su facebook colg\u00f3 una foto suya\" \/>\n\t<meta name=\"robots\" content=\"max-image-preview:large\" \/>\n\t<meta name=\"author\" content=\"El Digital de Asturias\"\/>\n\t<meta name=\"google-site-verification\" content=\"UA-38556648-1\" \/>\n\t<meta name=\"msvalidate.01\" content=\"7dfe9f3f1b24437ab69f4f2559babe99\" \/>\n\t<meta name=\"keywords\" content=\"sociedad\" \/>\n\t<link rel=\"canonical\" href=\"https:\/\/www.eldigitaldeasturias.com\/noticias\/admiracion-y-dolor-los-famosos-lamentan-la-muerte-de-nelson-mandela\/\" \/>\n\t<meta name=\"generator\" content=\"All in One SEO Pro (AIOSEO) 5.0.1\" \/>\n\t\t<meta property=\"og:locale\" content=\"es_ES\" \/>\n\t\t<meta property=\"og:site_name\" content=\"El Digital de Asturias\" \/>\n\t\t<meta property=\"og:type\" content=\"article\" \/>\n\t\t<meta property=\"og:title\" content=\"Admiraci\u00f3n y dolor : los famosos lamentan la muerte de Nelson Mandela - El Digital de Asturias\" \/>\n\t\t<meta property=\"og:description\" content=\"Madrid (Centro de Edici\u00f3n), 6 dic (dpa) - Personalidades de todo el mundo lamentan la muerte del l\u00edder sudafricano Nelson Mandela. Tambi\u00e9n muchos actores, m\u00fasicos y presentadores han querido expresar su p\u00e9same. - El oscarizado actor MORGAN FREEMAN (de 76 a\u00f1os) encarn\u00f3 a Mandela en la pel\u00edcula &quot;Invictus&quot;. En su facebook colg\u00f3 una foto suya\" \/>\n\t\t<meta property=\"og:url\" content=\"https:\/\/www.eldigitaldeasturias.com\/noticias\/admiracion-y-dolor-los-famosos-lamentan-la-muerte-de-nelson-mandela\/\" \/>\n\t\t<meta property=\"article:tag\" content=\"sociedad\" \/>\n\t\t<meta property=\"article:published_time\" content=\"2013-12-07T01:06:29+00:00\" \/>\n\t\t<meta property=\"article:modified_time\" content=\"2013-12-07T01:06:29+00:00\" \/>\n\t\t<meta property=\"article:publisher\" content=\"https:\/\/facebook.com\/eldigitaldeasturias\" \/>\n\t\t<meta name=\"twitter:card\" content=\"summary_large_image\" \/>\n\t\t<meta name=\"twitter:title\" content=\"Admiraci\u00f3n y dolor : los famosos lamentan la muerte de Nelson Mandela - El Digital de Asturias\" \/>\n\t\t<meta name=\"twitter:description\" content=\"Madrid (Centro de Edici\u00f3n), 6 dic (dpa) - Personalidades de todo el mundo lamentan la muerte del l\u00edder sudafricano Nelson Mandela. Tambi\u00e9n muchos actores, m\u00fasicos y presentadores han querido expresar su p\u00e9same. - El oscarizado actor MORGAN FREEMAN (de 76 a\u00f1os) encarn\u00f3 a Mandela en la pel\u00edcula &quot;Invictus&quot;. En su facebook colg\u00f3 una foto suya\" \/>\n\t\t<meta name=\"twitter:label1\" content=\"Escrito por\" \/>\n\t\t<meta name=\"twitter:data1\" content=\"El Digital de Asturias\" \/>\n\t\t<meta name=\"twitter:label2\" content=\"Tiempo de lectura estimado\" \/>\n\t\t<meta name=\"twitter:data2\" content=\"2 minutos\" \/>\n\t\t<script type=\"application\/ld+json\" class=\"aioseo-schema\">\n\t\t\t{\"@context\":\"https:\\\/\\\/schema.org\",\"@graph\":[{\"@type\":\"BlogPosting\",\"@id\":\"https:\\\/\\\/www.eldigitaldeasturias.com\\\/noticias\\\/admiracion-y-dolor-los-famosos-lamentan-la-muerte-de-nelson-mandela\\\/#blogposting\",\"name\":\"Admiraci\\u00f3n y dolor : los famosos lamentan la muerte de Nelson Mandela - El Digital de Asturias\",\"headline\":\"Admiraci\\u00f3n y dolor : los famosos lamentan la muerte de Nelson Mandela\",\"author\":{\"@id\":\"https:\\\/\\\/www.eldigitaldeasturias.com\\\/noticias\\\/author\\\/admin\\\/#author\"},\"publisher\":{\"@id\":\"https:\\\/\\\/www.eldigitaldeasturias.com\\\/noticias\\\/#organization\"},\"image\":{\"@type\":\"ImageObject\",\"url\":458567},\"datePublished\":\"2013-12-07T00:06:29+01:00\",\"dateModified\":\"2013-12-07T00:06:29+01:00\",\"inLanguage\":\"es-ES\",\"mainEntityOfPage\":{\"@id\":\"https:\\\/\\\/www.eldigitaldeasturias.com\\\/noticias\\\/admiracion-y-dolor-los-famosos-lamentan-la-muerte-de-nelson-mandela\\\/#webpage\"},\"isPartOf\":{\"@id\":\"https:\\\/\\\/www.eldigitaldeasturias.com\\\/noticias\\\/admiracion-y-dolor-los-famosos-lamentan-la-muerte-de-nelson-mandela\\\/#webpage\"},\"articleSection\":\"Sociedad\"},{\"@type\":\"BreadcrumbList\",\"@id\":\"https:\\\/\\\/www.eldigitaldeasturias.com\\\/noticias\\\/admiracion-y-dolor-los-famosos-lamentan-la-muerte-de-nelson-mandela\\\/#breadcrumblist\",\"itemListElement\":[{\"@type\":\"ListItem\",\"@id\":\"https:\\\/\\\/www.eldigitaldeasturias.com\\\/noticias#listItem\",\"position\":1,\"name\":\"Home\",\"item\":\"https:\\\/\\\/www.eldigitaldeasturias.com\\\/noticias\",\"nextItem\":{\"@type\":\"ListItem\",\"@id\":\"https:\\\/\\\/www.eldigitaldeasturias.com\\\/noticias\\\/category\\\/sociedad\\\/#listItem\",\"name\":\"Sociedad\"}},{\"@type\":\"ListItem\",\"@id\":\"https:\\\/\\\/www.eldigitaldeasturias.com\\\/noticias\\\/category\\\/sociedad\\\/#listItem\",\"position\":2,\"name\":\"Sociedad\",\"item\":\"https:\\\/\\\/www.eldigitaldeasturias.com\\\/noticias\\\/category\\\/sociedad\\\/\",\"nextItem\":{\"@type\":\"ListItem\",\"@id\":\"https:\\\/\\\/www.eldigitaldeasturias.com\\\/noticias\\\/admiracion-y-dolor-los-famosos-lamentan-la-muerte-de-nelson-mandela\\\/#listItem\",\"name\":\"Admiraci\\u00f3n y dolor : los famosos lamentan la muerte de Nelson Mandela\"},\"previousItem\":{\"@type\":\"ListItem\",\"@id\":\"https:\\\/\\\/www.eldigitaldeasturias.com\\\/noticias#listItem\",\"name\":\"Home\"}},{\"@type\":\"ListItem\",\"@id\":\"https:\\\/\\\/www.eldigitaldeasturias.com\\\/noticias\\\/admiracion-y-dolor-los-famosos-lamentan-la-muerte-de-nelson-mandela\\\/#listItem\",\"position\":3,\"name\":\"Admiraci\\u00f3n y dolor : los famosos lamentan la muerte de Nelson Mandela\",\"previousItem\":{\"@type\":\"ListItem\",\"@id\":\"https:\\\/\\\/www.eldigitaldeasturias.com\\\/noticias\\\/category\\\/sociedad\\\/#listItem\",\"name\":\"Sociedad\"}}]},{\"@type\":\"Organization\",\"@id\":\"https:\\\/\\\/www.eldigitaldeasturias.com\\\/noticias\\\/#organization\",\"name\":\"El Digital de Asturias\",\"description\":\"Hemeroteca\",\"url\":\"https:\\\/\\\/www.eldigitaldeasturias.com\\\/noticias\\\/\",\"email\":\"info@eldigitaldeasturias.com\",\"telephone\":\"+34652131393\",\"logo\":{\"@type\":\"ImageObject\",\"url\":\"https:\\\/\\\/www.eldigitaldeasturias.com\\\/noticias\\\/wp-content\\\/uploads\\\/2020\\\/12\\\/EDA.jpg\",\"@id\":\"https:\\\/\\\/www.eldigitaldeasturias.com\\\/noticias\\\/admiracion-y-dolor-los-famosos-lamentan-la-muerte-de-nelson-mandela\\\/#organizationLogo\"},\"image\":{\"@id\":\"https:\\\/\\\/www.eldigitaldeasturias.com\\\/noticias\\\/admiracion-y-dolor-los-famosos-lamentan-la-muerte-de-nelson-mandela\\\/#organizationLogo\"},\"sameAs\":[\"https:\\\/\\\/facebook.com\\\/eldigitaldeasturias\",\"https:\\\/\\\/www.youtube.com\\\/channel\\\/UCZP-2wLEB9Rv6erhFmqVnvg\"],\"address\":{\"@id\":\"https:\\\/\\\/www.eldigitaldeasturias.com\\\/noticias\\\/#postaladdress\",\"@type\":\"PostalAddress\",\"streetAddress\":\"san antonio 4\",\"postalCode\":\"33430\",\"addressLocality\":\"Cand\\u00e1s\",\"addressRegion\":\"Asturias\",\"addressCountry\":\"ES\"}},{\"@type\":\"Person\",\"@id\":\"https:\\\/\\\/www.eldigitaldeasturias.com\\\/noticias\\\/author\\\/admin\\\/#author\",\"url\":\"https:\\\/\\\/www.eldigitaldeasturias.com\\\/noticias\\\/author\\\/admin\\\/\",\"name\":\"El Digital de Asturias\",\"image\":{\"@type\":\"ImageObject\",\"@id\":\"https:\\\/\\\/www.eldigitaldeasturias.com\\\/noticias\\\/admiracion-y-dolor-los-famosos-lamentan-la-muerte-de-nelson-mandela\\\/#authorImage\",\"url\":\"https:\\\/\\\/secure.gravatar.com\\\/avatar\\\/df2aeffc32bcd13f8d26072ef8a91b623d677766deac7f97ca815868cd41bf5e?s=96&d=mm&r=g\",\"width\":96,\"height\":96,\"caption\":\"El Digital de Asturias\"}},{\"@type\":\"WebPage\",\"@id\":\"https:\\\/\\\/www.eldigitaldeasturias.com\\\/noticias\\\/admiracion-y-dolor-los-famosos-lamentan-la-muerte-de-nelson-mandela\\\/#webpage\",\"url\":\"https:\\\/\\\/www.eldigitaldeasturias.com\\\/noticias\\\/admiracion-y-dolor-los-famosos-lamentan-la-muerte-de-nelson-mandela\\\/\",\"name\":\"Admiraci\\u00f3n y dolor : los famosos lamentan la muerte de Nelson Mandela - El Digital de Asturias\",\"description\":\"Madrid (Centro de Edici\\u00f3n), 6 dic (dpa) - Personalidades de todo el mundo lamentan la muerte del l\\u00edder sudafricano Nelson Mandela. Tambi\\u00e9n muchos actores, m\\u00fasicos y presentadores han querido expresar su p\\u00e9same. - El oscarizado actor MORGAN FREEMAN (de 76 a\\u00f1os) encarn\\u00f3 a Mandela en la pel\\u00edcula \\\"Invictus\\\". En su facebook colg\\u00f3 una foto suya\",\"inLanguage\":\"es-ES\",\"isPartOf\":{\"@id\":\"https:\\\/\\\/www.eldigitaldeasturias.com\\\/noticias\\\/#website\"},\"breadcrumb\":{\"@id\":\"https:\\\/\\\/www.eldigitaldeasturias.com\\\/noticias\\\/admiracion-y-dolor-los-famosos-lamentan-la-muerte-de-nelson-mandela\\\/#breadcrumblist\"},\"author\":{\"@id\":\"https:\\\/\\\/www.eldigitaldeasturias.com\\\/noticias\\\/author\\\/admin\\\/#author\"},\"creator\":{\"@id\":\"https:\\\/\\\/www.eldigitaldeasturias.com\\\/noticias\\\/author\\\/admin\\\/#author\"},\"image\":{\"@type\":\"ImageObject\",\"url\":458567,\"@id\":\"https:\\\/\\\/www.eldigitaldeasturias.com\\\/noticias\\\/admiracion-y-dolor-los-famosos-lamentan-la-muerte-de-nelson-mandela\\\/#mainImage\"},\"primaryImageOfPage\":{\"@id\":\"https:\\\/\\\/www.eldigitaldeasturias.com\\\/noticias\\\/admiracion-y-dolor-los-famosos-lamentan-la-muerte-de-nelson-mandela\\\/#mainImage\"},\"datePublished\":\"2013-12-07T00:06:29+01:00\",\"dateModified\":\"2013-12-07T00:06:29+01:00\"},{\"@type\":\"WebSite\",\"@id\":\"https:\\\/\\\/www.eldigitaldeasturias.com\\\/noticias\\\/#website\",\"url\":\"https:\\\/\\\/www.eldigitaldeasturias.com\\\/noticias\\\/\",\"name\":\"El Digital de Asturias - Diario de actualidad y noticias\",\"alternateName\":\"El Digital de Asturias - Diario de actualidad y noticias\",\"description\":\"Hemeroteca\",\"inLanguage\":\"es-ES\",\"publisher\":{\"@id\":\"https:\\\/\\\/www.eldigitaldeasturias.com\\\/noticias\\\/#organization\"}}]}\n\t\t<\/script>\n\t\t<!-- All in One SEO Pro -->\r\n\t\t<title>Admiraci\u00f3n y dolor : los famosos lamentan la muerte de Nelson Mandela - El Digital de Asturias<\/title>\n\n","aioseo_head_json":{"title":"Admiraci\u00f3n y dolor : los famosos lamentan la muerte de Nelson Mandela - El Digital de Asturias","description":"Madrid (Centro de Edici\u00f3n), 6 dic (dpa) - Personalidades de todo el mundo lamentan la muerte del l\u00edder sudafricano Nelson Mandela. Tambi\u00e9n muchos actores, m\u00fasicos y presentadores han querido expresar su p\u00e9same. - El oscarizado actor MORGAN FREEMAN (de 76 a\u00f1os) encarn\u00f3 a Mandela en la pel\u00edcula \"Invictus\". En su facebook colg\u00f3 una foto suya","canonical_url":"https:\/\/www.eldigitaldeasturias.com\/noticias\/admiracion-y-dolor-los-famosos-lamentan-la-muerte-de-nelson-mandela\/","robots":"max-image-preview:large","keywords":"sociedad","webmasterTools":{"google-site-verification":"UA-38556648-1","msvalidate.01":"7dfe9f3f1b24437ab69f4f2559babe99","miscellaneous":""},"schema":{"@context":"https:\/\/schema.org","@graph":[{"@type":"BlogPosting","@id":"https:\/\/www.eldigitaldeasturias.com\/noticias\/admiracion-y-dolor-los-famosos-lamentan-la-muerte-de-nelson-mandela\/#blogposting","name":"Admiraci\u00f3n y dolor : los famosos lamentan la muerte de Nelson Mandela - El Digital de Asturias","headline":"Admiraci\u00f3n y dolor : los famosos lamentan la muerte de Nelson Mandela","author":{"@id":"https:\/\/www.eldigitaldeasturias.com\/noticias\/author\/admin\/#author"},"publisher":{"@id":"https:\/\/www.eldigitaldeasturias.com\/noticias\/#organization"},"image":{"@type":"ImageObject","url":458567},"datePublished":"2013-12-07T00:06:29+01:00","dateModified":"2013-12-07T00:06:29+01:00","inLanguage":"es-ES","mainEntityOfPage":{"@id":"https:\/\/www.eldigitaldeasturias.com\/noticias\/admiracion-y-dolor-los-famosos-lamentan-la-muerte-de-nelson-mandela\/#webpage"},"isPartOf":{"@id":"https:\/\/www.eldigitaldeasturias.com\/noticias\/admiracion-y-dolor-los-famosos-lamentan-la-muerte-de-nelson-mandela\/#webpage"},"articleSection":"Sociedad"},{"@type":"BreadcrumbList","@id":"https:\/\/www.eldigitaldeasturias.com\/noticias\/admiracion-y-dolor-los-famosos-lamentan-la-muerte-de-nelson-mandela\/#breadcrumblist","itemListElement":[{"@type":"ListItem","@id":"https:\/\/www.eldigitaldeasturias.com\/noticias#listItem","position":1,"name":"Home","item":"https:\/\/www.eldigitaldeasturias.com\/noticias","nextItem":{"@type":"ListItem","@id":"https:\/\/www.eldigitaldeasturias.com\/noticias\/category\/sociedad\/#listItem","name":"Sociedad"}},{"@type":"ListItem","@id":"https:\/\/www.eldigitaldeasturias.com\/noticias\/category\/sociedad\/#listItem","position":2,"name":"Sociedad","item":"https:\/\/www.eldigitaldeasturias.com\/noticias\/category\/sociedad\/","nextItem":{"@type":"ListItem","@id":"https:\/\/www.eldigitaldeasturias.com\/noticias\/admiracion-y-dolor-los-famosos-lamentan-la-muerte-de-nelson-mandela\/#listItem","name":"Admiraci\u00f3n y dolor : los famosos lamentan la muerte de Nelson Mandela"},"previousItem":{"@type":"ListItem","@id":"https:\/\/www.eldigitaldeasturias.com\/noticias#listItem","name":"Home"}},{"@type":"ListItem","@id":"https:\/\/www.eldigitaldeasturias.com\/noticias\/admiracion-y-dolor-los-famosos-lamentan-la-muerte-de-nelson-mandela\/#listItem","position":3,"name":"Admiraci\u00f3n y dolor : los famosos lamentan la muerte de Nelson Mandela","previousItem":{"@type":"ListItem","@id":"https:\/\/www.eldigitaldeasturias.com\/noticias\/category\/sociedad\/#listItem","name":"Sociedad"}}]},{"@type":"Organization","@id":"https:\/\/www.eldigitaldeasturias.com\/noticias\/#organization","name":"El Digital de Asturias","description":"Hemeroteca","url":"https:\/\/www.eldigitaldeasturias.com\/noticias\/","email":"info@eldigitaldeasturias.com","telephone":"+34652131393","logo":{"@type":"ImageObject","url":"https:\/\/www.eldigitaldeasturias.com\/noticias\/wp-content\/uploads\/2020\/12\/EDA.jpg","@id":"https:\/\/www.eldigitaldeasturias.com\/noticias\/admiracion-y-dolor-los-famosos-lamentan-la-muerte-de-nelson-mandela\/#organizationLogo"},"image":{"@id":"https:\/\/www.eldigitaldeasturias.com\/noticias\/admiracion-y-dolor-los-famosos-lamentan-la-muerte-de-nelson-mandela\/#organizationLogo"},"sameAs":["https:\/\/facebook.com\/eldigitaldeasturias","https:\/\/www.youtube.com\/channel\/UCZP-2wLEB9Rv6erhFmqVnvg"],"address":{"@id":"https:\/\/www.eldigitaldeasturias.com\/noticias\/#postaladdress","@type":"PostalAddress","streetAddress":"san antonio 4","postalCode":"33430","addressLocality":"Cand\u00e1s","addressRegion":"Asturias","addressCountry":"ES"}},{"@type":"Person","@id":"https:\/\/www.eldigitaldeasturias.com\/noticias\/author\/admin\/#author","url":"https:\/\/www.eldigitaldeasturias.com\/noticias\/author\/admin\/","name":"El Digital de Asturias","image":{"@type":"ImageObject","@id":"https:\/\/www.eldigitaldeasturias.com\/noticias\/admiracion-y-dolor-los-famosos-lamentan-la-muerte-de-nelson-mandela\/#authorImage","url":"https:\/\/secure.gravatar.com\/avatar\/df2aeffc32bcd13f8d26072ef8a91b623d677766deac7f97ca815868cd41bf5e?s=96&d=mm&r=g","width":96,"height":96,"caption":"El Digital de Asturias"}},{"@type":"WebPage","@id":"https:\/\/www.eldigitaldeasturias.com\/noticias\/admiracion-y-dolor-los-famosos-lamentan-la-muerte-de-nelson-mandela\/#webpage","url":"https:\/\/www.eldigitaldeasturias.com\/noticias\/admiracion-y-dolor-los-famosos-lamentan-la-muerte-de-nelson-mandela\/","name":"Admiraci\u00f3n y dolor : los famosos lamentan la muerte de Nelson Mandela - El Digital de Asturias","description":"Madrid (Centro de Edici\u00f3n), 6 dic (dpa) - Personalidades de todo el mundo lamentan la muerte del l\u00edder sudafricano Nelson Mandela. Tambi\u00e9n muchos actores, m\u00fasicos y presentadores han querido expresar su p\u00e9same. - El oscarizado actor MORGAN FREEMAN (de 76 a\u00f1os) encarn\u00f3 a Mandela en la pel\u00edcula \"Invictus\". En su facebook colg\u00f3 una foto suya","inLanguage":"es-ES","isPartOf":{"@id":"https:\/\/www.eldigitaldeasturias.com\/noticias\/#website"},"breadcrumb":{"@id":"https:\/\/www.eldigitaldeasturias.com\/noticias\/admiracion-y-dolor-los-famosos-lamentan-la-muerte-de-nelson-mandela\/#breadcrumblist"},"author":{"@id":"https:\/\/www.eldigitaldeasturias.com\/noticias\/author\/admin\/#author"},"creator":{"@id":"https:\/\/www.eldigitaldeasturias.com\/noticias\/author\/admin\/#author"},"image":{"@type":"ImageObject","url":458567,"@id":"https:\/\/www.eldigitaldeasturias.com\/noticias\/admiracion-y-dolor-los-famosos-lamentan-la-muerte-de-nelson-mandela\/#mainImage"},"primaryImageOfPage":{"@id":"https:\/\/www.eldigitaldeasturias.com\/noticias\/admiracion-y-dolor-los-famosos-lamentan-la-muerte-de-nelson-mandela\/#mainImage"},"datePublished":"2013-12-07T00:06:29+01:00","dateModified":"2013-12-07T00:06:29+01:00"},{"@type":"WebSite","@id":"https:\/\/www.eldigitaldeasturias.com\/noticias\/#website","url":"https:\/\/www.eldigitaldeasturias.com\/noticias\/","name":"El Digital de Asturias - Diario de actualidad y noticias","alternateName":"El Digital de Asturias - Diario de actualidad y noticias","description":"Hemeroteca","inLanguage":"es-ES","publisher":{"@id":"https:\/\/www.eldigitaldeasturias.com\/noticias\/#organization"}}]},"og:locale":"es_ES","og:site_name":"El Digital de Asturias","og:type":"article","og:title":"Admiraci\u00f3n y dolor : los famosos lamentan la muerte de Nelson Mandela - El Digital de Asturias","og:description":"Madrid (Centro de Edici\u00f3n), 6 dic (dpa) - Personalidades de todo el mundo lamentan la muerte del l\u00edder sudafricano Nelson Mandela. Tambi\u00e9n muchos actores, m\u00fasicos y presentadores han querido expresar su p\u00e9same. - El oscarizado actor MORGAN FREEMAN (de 76 a\u00f1os) encarn\u00f3 a Mandela en la pel\u00edcula &quot;Invictus&quot;. En su facebook colg\u00f3 una foto suya","og:url":"https:\/\/www.eldigitaldeasturias.com\/noticias\/admiracion-y-dolor-los-famosos-lamentan-la-muerte-de-nelson-mandela\/","article:tag":["sociedad"],"article:published_time":"2013-12-07T01:06:29+00:00","article:modified_time":"2013-12-07T01:06:29+00:00","article:publisher":"https:\/\/facebook.com\/eldigitaldeasturias","twitter:card":"summary_large_image","twitter:title":"Admiraci\u00f3n y dolor : los famosos lamentan la muerte de Nelson Mandela - El Digital de Asturias","twitter:description":"Madrid (Centro de Edici\u00f3n), 6 dic (dpa) - Personalidades de todo el mundo lamentan la muerte del l\u00edder sudafricano Nelson Mandela. Tambi\u00e9n muchos actores, m\u00fasicos y presentadores han querido expresar su p\u00e9same. - El oscarizado actor MORGAN FREEMAN (de 76 a\u00f1os) encarn\u00f3 a Mandela en la pel\u00edcula &quot;Invictus&quot;. En su facebook colg\u00f3 una foto suya","twitter:label1":"Escrito por","twitter:data1":"El Digital de Asturias","twitter:label2":"Tiempo de lectura estimado","twitter:data2":"2 minutos"},"aioseo_meta_data":{"post_id":"458883","title":null,"description":null,"keywords":null,"keyphrases":null,"primary_term":null,"canonical_url":null,"og_title":null,"og_description":null,"og_object_type":"default","og_image_type":"default","og_image_url":null,"og_image_width":null,"og_image_height":null,"og_image_custom_url":null,"og_image_custom_fields":null,"og_video":null,"og_custom_url":null,"og_article_section":null,"og_article_tags":null,"twitter_use_og":true,"twitter_card":"default","twitter_image_type":"default","twitter_image_url":null,"twitter_image_custom_url":null,"twitter_image_custom_fields":null,"twitter_title":null,"twitter_description":null,"schema":{"blockGraphs":[],"customGraphs":[],"default":{"data":{"Article":[],"Course":[],"Dataset":[],"FAQPage":[],"Movie":[],"Person":[],"Product":[],"ProductReview":[],"Car":[],"Recipe":[],"Service":[],"SoftwareApplication":[],"WebPage":[]},"graphName":"","isEnabled":true},"graphs":[],"defaultGraph":"","defaultPostTypeGraph":""},"schema_type":null,"schema_type_options":null,"pillar_content":false,"robots_default":true,"robots_noindex":false,"robots_noarchive":false,"robots_nosnippet":false,"robots_nofollow":false,"robots_noimageindex":false,"robots_noodp":false,"robots_notranslate":false,"robots_max_snippet":null,"robots_max_videopreview":null,"robots_max_imagepreview":"none","priority":null,"frequency":null,"local_seo":null,"seo_analyzer_scan_date":"2026-05-30 07:08:59","breadcrumb_settings":null,"limit_modified_date":false,"open_ai":null,"ai":null,"created":"2020-11-14 22:46:25","updated":"2026-05-30 07:08:59","focus_keyword":null,"additional_keywords":null,"truseo_locale":null},"aioseo_breadcrumb":"<div class=\"aioseo-breadcrumbs\"><span class=\"aioseo-breadcrumb\">\n\t<a href=\"https:\/\/www.eldigitaldeasturias.com\/noticias\" title=\"Home\">Home<\/a>\n<\/span><span class=\"aioseo-breadcrumb-separator\">\u2013<\/span><span class=\"aioseo-breadcrumb\">\n\t<a href=\"https:\/\/www.eldigitaldeasturias.com\/noticias\/category\/sociedad\/\" title=\"Sociedad\">Sociedad<\/a>\n<\/span><span class=\"aioseo-breadcrumb-separator\">\u2013<\/span><span class=\"aioseo-breadcrumb\">\n\t<a href=\"https:\/\/www.eldigitaldeasturias.com\/noticias\/admiracion-y-dolor-los-famosos-lamentan-la-muerte-de-nelson-mandela\/\" title=\"Admiraci\u00f3n y dolor : los famosos lamentan la muerte de Nelson Mandela\">Admiraci\u00f3n y dolor : los famosos lamentan la muerte de Nelson Mandela<\/a>\n<\/span><\/div>","aioseo_breadcrumb_json":[{"label":"Home","link":"https:\/\/www.eldigitaldeasturias.com\/noticias"},{"label":"Sociedad","link":"https:\/\/www.eldigitaldeasturias.com\/noticias\/category\/sociedad\/"},{"label":"Admiraci\u00f3n y dolor : los famosos lamentan la muerte de Nelson Mandela","link":"https:\/\/www.eldigitaldeasturias.com\/noticias\/admiracion-y-dolor-los-famosos-lamentan-la-muerte-de-nelson-mandela\/"}],"_links":{"self":[{"href":"https:\/\/www.eldigitaldeasturias.com\/noticias\/wp-json\/wp\/v2\/posts\/458883","targetHints":{"allow":["GET"]}}],"collection":[{"href":"https:\/\/www.eldigitaldeasturias.com\/noticias\/wp-json\/wp\/v2\/posts"}],"about":[{"href":"https:\/\/www.eldigitaldeasturias.com\/noticias\/wp-json\/wp\/v2\/types\/post"}],"author":[{"embeddable":true,"href":"https:\/\/www.eldigitaldeasturias.com\/noticias\/wp-json\/wp\/v2\/users\/1"}],"replies":[{"embeddable":true,"href":"https:\/\/www.eldigitaldeasturias.com\/noticias\/wp-json\/wp\/v2\/comments?post=458883"}],"version-history":[{"count":0,"href":"https:\/\/www.eldigitaldeasturias.com\/noticias\/wp-json\/wp\/v2\/posts\/458883\/revisions"}],"wp:attachment":[{"href":"https:\/\/www.eldigitaldeasturias.com\/noticias\/wp-json\/wp\/v2\/media?parent=458883"}],"wp:term":[{"taxonomy":"category","embeddable":true,"href":"https:\/\/www.eldigitaldeasturias.com\/noticias\/wp-json\/wp\/v2\/categories?post=458883"},{"taxonomy":"post_tag","embeddable":true,"href":"https:\/\/www.eldigitaldeasturias.com\/noticias\/wp-json\/wp\/v2\/tags?post=458883"}],"curies":[{"name":"wp","href":"https:\/\/api.w.org\/{rel}","templated":true}]}}