{"id":458875,"date":"2013-12-06T23:55:52","date_gmt":"2013-12-07T00:55:52","guid":{"rendered":"http:\/\/www.eldigitaldeasturias.com\/noticias\/?p=458875"},"modified":"2013-12-06T23:55:52","modified_gmt":"2013-12-07T00:55:52","slug":"cinco-muertos-en-las-carreteras-desde-el-inicio-del-puente-de-la-constitucion","status":"publish","type":"post","link":"https:\/\/www.eldigitaldeasturias.com\/noticias\/cinco-muertos-en-las-carreteras-desde-el-inicio-del-puente-de-la-constitucion\/","title":{"rendered":"Cinco muertos en las carreteras desde el inicio del puente de la Constituci\u00f3n"},"content":{"rendered":"<p><img loading=\"lazy\" decoding=\"async\" class=\"alignleft size-medium wp-image-458876\" alt=\"5777907w\" src=\"https:\/\/www.eldigitaldeasturias.com\/noticias\/wp-content\/uploads\/2013\/12\/5777907w-360x211.jpg\" width=\"360\" height=\"211\" \/>Madrid, 6 dic (EFE).- Cinco personas han muerto en las carreteras en los tres accidentes mortales que se han registrado desde que comenz\u00f3 la operaci\u00f3n especial de tr\u00e1fico con motivo del puente de la Constituci\u00f3n y la Inmaculada, en el que se prev\u00e9n cinco millones de desplazamientos.<\/p>\n<p>Adem\u00e1s, 4 personas han resultado heridas de gravedad en estos siniestros desde el inicio, ayer a las tres de la tarde, de la operaci\u00f3n especial de tr\u00e1fico.<\/p>\n<p>El d\u00eda de mayor siniestralidad en las carreteras fue ayer, ya que se registr\u00f3 un accidente mortal en el que perdieron la vida tres personas y otras tantas resultaron heridas de gravedad.<\/p>\n<p>Durante este viernes, y hasta las 20:00 horas, se han producido dos accidentes en los que han fallecido dos personas y una ha resultado herida grave.<\/p>\n<p>La operaci\u00f3n especial de tr\u00e1fico comenz\u00f3 a las tres de la tarde de ayer y concluir\u00e1 a la medianoche del domingo, excepto en siete comunidades -Andaluc\u00eda, Arag\u00f3n, Asturias, Castilla y Le\u00f3n, Extremadura, Murcia y La Rioja- en las que se extender\u00e1 tambi\u00e9n al coincidir al festividad de la Inmaculada en domingo.<\/p>\n<p>Uno de los accidentes de hoy viernes se ha producido en Sevilla por un atropello en el que falleci\u00f3 un persona.<\/p>\n<p>El segundo accidente mortal de hoy ha tenido lugar en Valencia, donde un joven de 20 a\u00f1os ha muerto tras salirse de la v\u00eda el veh\u00edculo en el que circulaba.<\/p>\n<p>El accidente mortal que se registr\u00f3 el jueves ocurri\u00f3 sobre las 16:30 horas en el kil\u00f3metro 20 de la carretera A-364, que une las localidades sevillanas de Marchena y \u00c9cija.<\/p>\n","protected":false},"excerpt":{"rendered":"<p>Madrid, 6 dic (EFE).- Cinco personas han muerto en las carreteras en los tres accidentes mortales que se han registrado desde que comenz\u00f3 la operaci\u00f3n especial de tr\u00e1fico con motivo del puente de la Constituci\u00f3n y la Inmaculada, en el que se prev\u00e9n cinco millones de desplazamientos. Adem\u00e1s, 4 personas han resultado heridas de gravedad [&hellip;]<\/p>\n","protected":false},"author":1,"featured_media":458876,"comment_status":"closed","ping_status":"open","sticky":false,"template":"","format":"standard","meta":{"footnotes":""},"categories":[5],"tags":[],"class_list":["post-458875","post","type-post","status-publish","format-standard","has-post-thumbnail","hentry","category-sucesos"],"aioseo_notices":[],"aioseo_head":"\n\t\t<!-- All in One SEO Pro 5.0.1 - aioseo.com -->\n\t<meta name=\"description\" content=\"Madrid, 6 dic (EFE).- Cinco personas han muerto en las carreteras en los tres accidentes mortales que se han registrado desde que comenz\u00f3 la operaci\u00f3n especial de tr\u00e1fico con motivo del puente de la Constituci\u00f3n y la Inmaculada, en el que se prev\u00e9n cinco millones de desplazamientos. Adem\u00e1s, 4 personas han resultado heridas de gravedad\" \/>\n\t<meta name=\"robots\" content=\"max-image-preview:large\" \/>\n\t<meta name=\"author\" content=\"El Digital de Asturias\"\/>\n\t<meta name=\"google-site-verification\" content=\"UA-38556648-1\" \/>\n\t<meta name=\"msvalidate.01\" content=\"7dfe9f3f1b24437ab69f4f2559babe99\" \/>\n\t<meta name=\"keywords\" content=\"sucesos\" \/>\n\t<link rel=\"canonical\" href=\"https:\/\/www.eldigitaldeasturias.com\/noticias\/cinco-muertos-en-las-carreteras-desde-el-inicio-del-puente-de-la-constitucion\/\" \/>\n\t<meta name=\"generator\" content=\"All in One SEO Pro (AIOSEO) 5.0.1\" \/>\n\t\t<meta property=\"og:locale\" content=\"es_ES\" \/>\n\t\t<meta property=\"og:site_name\" content=\"El Digital de Asturias\" \/>\n\t\t<meta property=\"og:type\" content=\"article\" \/>\n\t\t<meta property=\"og:title\" content=\"Cinco muertos en las carreteras desde el inicio del puente de la Constituci\u00f3n - El Digital de Asturias\" \/>\n\t\t<meta property=\"og:description\" content=\"Madrid, 6 dic (EFE).- Cinco personas han muerto en las carreteras en los tres accidentes mortales que se han registrado desde que comenz\u00f3 la operaci\u00f3n especial de tr\u00e1fico con motivo del puente de la Constituci\u00f3n y la Inmaculada, en el que se prev\u00e9n cinco millones de desplazamientos. Adem\u00e1s, 4 personas han resultado heridas de gravedad\" \/>\n\t\t<meta property=\"og:url\" content=\"https:\/\/www.eldigitaldeasturias.com\/noticias\/cinco-muertos-en-las-carreteras-desde-el-inicio-del-puente-de-la-constitucion\/\" \/>\n\t\t<meta property=\"article:tag\" content=\"sucesos\" \/>\n\t\t<meta property=\"article:published_time\" content=\"2013-12-07T00:55:52+00:00\" \/>\n\t\t<meta property=\"article:modified_time\" content=\"2013-12-07T00:55:52+00:00\" \/>\n\t\t<meta property=\"article:publisher\" content=\"https:\/\/facebook.com\/eldigitaldeasturias\" \/>\n\t\t<meta name=\"twitter:card\" content=\"summary_large_image\" \/>\n\t\t<meta name=\"twitter:title\" content=\"Cinco muertos en las carreteras desde el inicio del puente de la Constituci\u00f3n - El Digital de Asturias\" \/>\n\t\t<meta name=\"twitter:description\" content=\"Madrid, 6 dic (EFE).- Cinco personas han muerto en las carreteras en los tres accidentes mortales que se han registrado desde que comenz\u00f3 la operaci\u00f3n especial de tr\u00e1fico con motivo del puente de la Constituci\u00f3n y la Inmaculada, en el que se prev\u00e9n cinco millones de desplazamientos. Adem\u00e1s, 4 personas han resultado heridas de gravedad\" \/>\n\t\t<meta name=\"twitter:label1\" content=\"Escrito por\" \/>\n\t\t<meta name=\"twitter:data1\" content=\"El Digital de Asturias\" \/>\n\t\t<meta name=\"twitter:label2\" content=\"Tiempo de lectura estimado\" \/>\n\t\t<meta name=\"twitter:data2\" content=\"1 minuto\" \/>\n\t\t<script type=\"application\/ld+json\" class=\"aioseo-schema\">\n\t\t\t{\"@context\":\"https:\\\/\\\/schema.org\",\"@graph\":[{\"@type\":\"BlogPosting\",\"@id\":\"https:\\\/\\\/www.eldigitaldeasturias.com\\\/noticias\\\/cinco-muertos-en-las-carreteras-desde-el-inicio-del-puente-de-la-constitucion\\\/#blogposting\",\"name\":\"Cinco muertos en las carreteras desde el inicio del puente de la Constituci\\u00f3n - El Digital de Asturias\",\"headline\":\"Cinco muertos en las carreteras desde el inicio del puente de la Constituci\\u00f3n\",\"author\":{\"@id\":\"https:\\\/\\\/www.eldigitaldeasturias.com\\\/noticias\\\/author\\\/admin\\\/#author\"},\"publisher\":{\"@id\":\"https:\\\/\\\/www.eldigitaldeasturias.com\\\/noticias\\\/#organization\"},\"image\":{\"@type\":\"ImageObject\",\"url\":458876},\"datePublished\":\"2013-12-06T23:55:52+01:00\",\"dateModified\":\"2013-12-06T23:55:52+01:00\",\"inLanguage\":\"es-ES\",\"mainEntityOfPage\":{\"@id\":\"https:\\\/\\\/www.eldigitaldeasturias.com\\\/noticias\\\/cinco-muertos-en-las-carreteras-desde-el-inicio-del-puente-de-la-constitucion\\\/#webpage\"},\"isPartOf\":{\"@id\":\"https:\\\/\\\/www.eldigitaldeasturias.com\\\/noticias\\\/cinco-muertos-en-las-carreteras-desde-el-inicio-del-puente-de-la-constitucion\\\/#webpage\"},\"articleSection\":\"Sucesos\"},{\"@type\":\"BreadcrumbList\",\"@id\":\"https:\\\/\\\/www.eldigitaldeasturias.com\\\/noticias\\\/cinco-muertos-en-las-carreteras-desde-el-inicio-del-puente-de-la-constitucion\\\/#breadcrumblist\",\"itemListElement\":[{\"@type\":\"ListItem\",\"@id\":\"https:\\\/\\\/www.eldigitaldeasturias.com\\\/noticias#listItem\",\"position\":1,\"name\":\"Home\",\"item\":\"https:\\\/\\\/www.eldigitaldeasturias.com\\\/noticias\",\"nextItem\":{\"@type\":\"ListItem\",\"@id\":\"https:\\\/\\\/www.eldigitaldeasturias.com\\\/noticias\\\/category\\\/sucesos\\\/#listItem\",\"name\":\"Sucesos\"}},{\"@type\":\"ListItem\",\"@id\":\"https:\\\/\\\/www.eldigitaldeasturias.com\\\/noticias\\\/category\\\/sucesos\\\/#listItem\",\"position\":2,\"name\":\"Sucesos\",\"item\":\"https:\\\/\\\/www.eldigitaldeasturias.com\\\/noticias\\\/category\\\/sucesos\\\/\",\"nextItem\":{\"@type\":\"ListItem\",\"@id\":\"https:\\\/\\\/www.eldigitaldeasturias.com\\\/noticias\\\/cinco-muertos-en-las-carreteras-desde-el-inicio-del-puente-de-la-constitucion\\\/#listItem\",\"name\":\"Cinco muertos en las carreteras desde el inicio del puente de la Constituci\\u00f3n\"},\"previousItem\":{\"@type\":\"ListItem\",\"@id\":\"https:\\\/\\\/www.eldigitaldeasturias.com\\\/noticias#listItem\",\"name\":\"Home\"}},{\"@type\":\"ListItem\",\"@id\":\"https:\\\/\\\/www.eldigitaldeasturias.com\\\/noticias\\\/cinco-muertos-en-las-carreteras-desde-el-inicio-del-puente-de-la-constitucion\\\/#listItem\",\"position\":3,\"name\":\"Cinco muertos en las carreteras desde el inicio del puente de la Constituci\\u00f3n\",\"previousItem\":{\"@type\":\"ListItem\",\"@id\":\"https:\\\/\\\/www.eldigitaldeasturias.com\\\/noticias\\\/category\\\/sucesos\\\/#listItem\",\"name\":\"Sucesos\"}}]},{\"@type\":\"Organization\",\"@id\":\"https:\\\/\\\/www.eldigitaldeasturias.com\\\/noticias\\\/#organization\",\"name\":\"El Digital de Asturias\",\"description\":\"Hemeroteca\",\"url\":\"https:\\\/\\\/www.eldigitaldeasturias.com\\\/noticias\\\/\",\"email\":\"info@eldigitaldeasturias.com\",\"telephone\":\"+34652131393\",\"logo\":{\"@type\":\"ImageObject\",\"url\":\"https:\\\/\\\/www.eldigitaldeasturias.com\\\/noticias\\\/wp-content\\\/uploads\\\/2020\\\/12\\\/EDA.jpg\",\"@id\":\"https:\\\/\\\/www.eldigitaldeasturias.com\\\/noticias\\\/cinco-muertos-en-las-carreteras-desde-el-inicio-del-puente-de-la-constitucion\\\/#organizationLogo\"},\"image\":{\"@id\":\"https:\\\/\\\/www.eldigitaldeasturias.com\\\/noticias\\\/cinco-muertos-en-las-carreteras-desde-el-inicio-del-puente-de-la-constitucion\\\/#organizationLogo\"},\"sameAs\":[\"https:\\\/\\\/facebook.com\\\/eldigitaldeasturias\",\"https:\\\/\\\/www.youtube.com\\\/channel\\\/UCZP-2wLEB9Rv6erhFmqVnvg\"],\"address\":{\"@id\":\"https:\\\/\\\/www.eldigitaldeasturias.com\\\/noticias\\\/#postaladdress\",\"@type\":\"PostalAddress\",\"streetAddress\":\"san antonio 4\",\"postalCode\":\"33430\",\"addressLocality\":\"Cand\\u00e1s\",\"addressRegion\":\"Asturias\",\"addressCountry\":\"ES\"}},{\"@type\":\"Person\",\"@id\":\"https:\\\/\\\/www.eldigitaldeasturias.com\\\/noticias\\\/author\\\/admin\\\/#author\",\"url\":\"https:\\\/\\\/www.eldigitaldeasturias.com\\\/noticias\\\/author\\\/admin\\\/\",\"name\":\"El Digital de Asturias\",\"image\":{\"@type\":\"ImageObject\",\"@id\":\"https:\\\/\\\/www.eldigitaldeasturias.com\\\/noticias\\\/cinco-muertos-en-las-carreteras-desde-el-inicio-del-puente-de-la-constitucion\\\/#authorImage\",\"url\":\"https:\\\/\\\/secure.gravatar.com\\\/avatar\\\/df2aeffc32bcd13f8d26072ef8a91b623d677766deac7f97ca815868cd41bf5e?s=96&d=mm&r=g\",\"width\":96,\"height\":96,\"caption\":\"El Digital de Asturias\"}},{\"@type\":\"WebPage\",\"@id\":\"https:\\\/\\\/www.eldigitaldeasturias.com\\\/noticias\\\/cinco-muertos-en-las-carreteras-desde-el-inicio-del-puente-de-la-constitucion\\\/#webpage\",\"url\":\"https:\\\/\\\/www.eldigitaldeasturias.com\\\/noticias\\\/cinco-muertos-en-las-carreteras-desde-el-inicio-del-puente-de-la-constitucion\\\/\",\"name\":\"Cinco muertos en las carreteras desde el inicio del puente de la Constituci\\u00f3n - El Digital de Asturias\",\"description\":\"Madrid, 6 dic (EFE).- Cinco personas han muerto en las carreteras en los tres accidentes mortales que se han registrado desde que comenz\\u00f3 la operaci\\u00f3n especial de tr\\u00e1fico con motivo del puente de la Constituci\\u00f3n y la Inmaculada, en el que se prev\\u00e9n cinco millones de desplazamientos. Adem\\u00e1s, 4 personas han resultado heridas de gravedad\",\"inLanguage\":\"es-ES\",\"isPartOf\":{\"@id\":\"https:\\\/\\\/www.eldigitaldeasturias.com\\\/noticias\\\/#website\"},\"breadcrumb\":{\"@id\":\"https:\\\/\\\/www.eldigitaldeasturias.com\\\/noticias\\\/cinco-muertos-en-las-carreteras-desde-el-inicio-del-puente-de-la-constitucion\\\/#breadcrumblist\"},\"author\":{\"@id\":\"https:\\\/\\\/www.eldigitaldeasturias.com\\\/noticias\\\/author\\\/admin\\\/#author\"},\"creator\":{\"@id\":\"https:\\\/\\\/www.eldigitaldeasturias.com\\\/noticias\\\/author\\\/admin\\\/#author\"},\"image\":{\"@type\":\"ImageObject\",\"url\":458876,\"@id\":\"https:\\\/\\\/www.eldigitaldeasturias.com\\\/noticias\\\/cinco-muertos-en-las-carreteras-desde-el-inicio-del-puente-de-la-constitucion\\\/#mainImage\"},\"primaryImageOfPage\":{\"@id\":\"https:\\\/\\\/www.eldigitaldeasturias.com\\\/noticias\\\/cinco-muertos-en-las-carreteras-desde-el-inicio-del-puente-de-la-constitucion\\\/#mainImage\"},\"datePublished\":\"2013-12-06T23:55:52+01:00\",\"dateModified\":\"2013-12-06T23:55:52+01:00\"},{\"@type\":\"WebSite\",\"@id\":\"https:\\\/\\\/www.eldigitaldeasturias.com\\\/noticias\\\/#website\",\"url\":\"https:\\\/\\\/www.eldigitaldeasturias.com\\\/noticias\\\/\",\"name\":\"El Digital de Asturias - Diario de actualidad y noticias\",\"alternateName\":\"El Digital de Asturias - Diario de actualidad y noticias\",\"description\":\"Hemeroteca\",\"inLanguage\":\"es-ES\",\"publisher\":{\"@id\":\"https:\\\/\\\/www.eldigitaldeasturias.com\\\/noticias\\\/#organization\"}}]}\n\t\t<\/script>\n\t\t<!-- All in One SEO Pro -->\r\n\t\t<title>Cinco muertos en las carreteras desde el inicio del puente de la Constituci\u00f3n - El Digital de Asturias<\/title>\n\n","aioseo_head_json":{"title":"Cinco muertos en las carreteras desde el inicio del puente de la Constituci\u00f3n - El Digital de Asturias","description":"Madrid, 6 dic (EFE).- Cinco personas han muerto en las carreteras en los tres accidentes mortales que se han registrado desde que comenz\u00f3 la operaci\u00f3n especial de tr\u00e1fico con motivo del puente de la Constituci\u00f3n y la Inmaculada, en el que se prev\u00e9n cinco millones de desplazamientos. Adem\u00e1s, 4 personas han resultado heridas de gravedad","canonical_url":"https:\/\/www.eldigitaldeasturias.com\/noticias\/cinco-muertos-en-las-carreteras-desde-el-inicio-del-puente-de-la-constitucion\/","robots":"max-image-preview:large","keywords":"sucesos","webmasterTools":{"google-site-verification":"UA-38556648-1","msvalidate.01":"7dfe9f3f1b24437ab69f4f2559babe99","miscellaneous":""},"schema":{"@context":"https:\/\/schema.org","@graph":[{"@type":"BlogPosting","@id":"https:\/\/www.eldigitaldeasturias.com\/noticias\/cinco-muertos-en-las-carreteras-desde-el-inicio-del-puente-de-la-constitucion\/#blogposting","name":"Cinco muertos en las carreteras desde el inicio del puente de la Constituci\u00f3n - El Digital de Asturias","headline":"Cinco muertos en las carreteras desde el inicio del puente de la Constituci\u00f3n","author":{"@id":"https:\/\/www.eldigitaldeasturias.com\/noticias\/author\/admin\/#author"},"publisher":{"@id":"https:\/\/www.eldigitaldeasturias.com\/noticias\/#organization"},"image":{"@type":"ImageObject","url":458876},"datePublished":"2013-12-06T23:55:52+01:00","dateModified":"2013-12-06T23:55:52+01:00","inLanguage":"es-ES","mainEntityOfPage":{"@id":"https:\/\/www.eldigitaldeasturias.com\/noticias\/cinco-muertos-en-las-carreteras-desde-el-inicio-del-puente-de-la-constitucion\/#webpage"},"isPartOf":{"@id":"https:\/\/www.eldigitaldeasturias.com\/noticias\/cinco-muertos-en-las-carreteras-desde-el-inicio-del-puente-de-la-constitucion\/#webpage"},"articleSection":"Sucesos"},{"@type":"BreadcrumbList","@id":"https:\/\/www.eldigitaldeasturias.com\/noticias\/cinco-muertos-en-las-carreteras-desde-el-inicio-del-puente-de-la-constitucion\/#breadcrumblist","itemListElement":[{"@type":"ListItem","@id":"https:\/\/www.eldigitaldeasturias.com\/noticias#listItem","position":1,"name":"Home","item":"https:\/\/www.eldigitaldeasturias.com\/noticias","nextItem":{"@type":"ListItem","@id":"https:\/\/www.eldigitaldeasturias.com\/noticias\/category\/sucesos\/#listItem","name":"Sucesos"}},{"@type":"ListItem","@id":"https:\/\/www.eldigitaldeasturias.com\/noticias\/category\/sucesos\/#listItem","position":2,"name":"Sucesos","item":"https:\/\/www.eldigitaldeasturias.com\/noticias\/category\/sucesos\/","nextItem":{"@type":"ListItem","@id":"https:\/\/www.eldigitaldeasturias.com\/noticias\/cinco-muertos-en-las-carreteras-desde-el-inicio-del-puente-de-la-constitucion\/#listItem","name":"Cinco muertos en las carreteras desde el inicio del puente de la Constituci\u00f3n"},"previousItem":{"@type":"ListItem","@id":"https:\/\/www.eldigitaldeasturias.com\/noticias#listItem","name":"Home"}},{"@type":"ListItem","@id":"https:\/\/www.eldigitaldeasturias.com\/noticias\/cinco-muertos-en-las-carreteras-desde-el-inicio-del-puente-de-la-constitucion\/#listItem","position":3,"name":"Cinco muertos en las carreteras desde el inicio del puente de la Constituci\u00f3n","previousItem":{"@type":"ListItem","@id":"https:\/\/www.eldigitaldeasturias.com\/noticias\/category\/sucesos\/#listItem","name":"Sucesos"}}]},{"@type":"Organization","@id":"https:\/\/www.eldigitaldeasturias.com\/noticias\/#organization","name":"El Digital de Asturias","description":"Hemeroteca","url":"https:\/\/www.eldigitaldeasturias.com\/noticias\/","email":"info@eldigitaldeasturias.com","telephone":"+34652131393","logo":{"@type":"ImageObject","url":"https:\/\/www.eldigitaldeasturias.com\/noticias\/wp-content\/uploads\/2020\/12\/EDA.jpg","@id":"https:\/\/www.eldigitaldeasturias.com\/noticias\/cinco-muertos-en-las-carreteras-desde-el-inicio-del-puente-de-la-constitucion\/#organizationLogo"},"image":{"@id":"https:\/\/www.eldigitaldeasturias.com\/noticias\/cinco-muertos-en-las-carreteras-desde-el-inicio-del-puente-de-la-constitucion\/#organizationLogo"},"sameAs":["https:\/\/facebook.com\/eldigitaldeasturias","https:\/\/www.youtube.com\/channel\/UCZP-2wLEB9Rv6erhFmqVnvg"],"address":{"@id":"https:\/\/www.eldigitaldeasturias.com\/noticias\/#postaladdress","@type":"PostalAddress","streetAddress":"san antonio 4","postalCode":"33430","addressLocality":"Cand\u00e1s","addressRegion":"Asturias","addressCountry":"ES"}},{"@type":"Person","@id":"https:\/\/www.eldigitaldeasturias.com\/noticias\/author\/admin\/#author","url":"https:\/\/www.eldigitaldeasturias.com\/noticias\/author\/admin\/","name":"El Digital de Asturias","image":{"@type":"ImageObject","@id":"https:\/\/www.eldigitaldeasturias.com\/noticias\/cinco-muertos-en-las-carreteras-desde-el-inicio-del-puente-de-la-constitucion\/#authorImage","url":"https:\/\/secure.gravatar.com\/avatar\/df2aeffc32bcd13f8d26072ef8a91b623d677766deac7f97ca815868cd41bf5e?s=96&d=mm&r=g","width":96,"height":96,"caption":"El Digital de Asturias"}},{"@type":"WebPage","@id":"https:\/\/www.eldigitaldeasturias.com\/noticias\/cinco-muertos-en-las-carreteras-desde-el-inicio-del-puente-de-la-constitucion\/#webpage","url":"https:\/\/www.eldigitaldeasturias.com\/noticias\/cinco-muertos-en-las-carreteras-desde-el-inicio-del-puente-de-la-constitucion\/","name":"Cinco muertos en las carreteras desde el inicio del puente de la Constituci\u00f3n - El Digital de Asturias","description":"Madrid, 6 dic (EFE).- Cinco personas han muerto en las carreteras en los tres accidentes mortales que se han registrado desde que comenz\u00f3 la operaci\u00f3n especial de tr\u00e1fico con motivo del puente de la Constituci\u00f3n y la Inmaculada, en el que se prev\u00e9n cinco millones de desplazamientos. Adem\u00e1s, 4 personas han resultado heridas de gravedad","inLanguage":"es-ES","isPartOf":{"@id":"https:\/\/www.eldigitaldeasturias.com\/noticias\/#website"},"breadcrumb":{"@id":"https:\/\/www.eldigitaldeasturias.com\/noticias\/cinco-muertos-en-las-carreteras-desde-el-inicio-del-puente-de-la-constitucion\/#breadcrumblist"},"author":{"@id":"https:\/\/www.eldigitaldeasturias.com\/noticias\/author\/admin\/#author"},"creator":{"@id":"https:\/\/www.eldigitaldeasturias.com\/noticias\/author\/admin\/#author"},"image":{"@type":"ImageObject","url":458876,"@id":"https:\/\/www.eldigitaldeasturias.com\/noticias\/cinco-muertos-en-las-carreteras-desde-el-inicio-del-puente-de-la-constitucion\/#mainImage"},"primaryImageOfPage":{"@id":"https:\/\/www.eldigitaldeasturias.com\/noticias\/cinco-muertos-en-las-carreteras-desde-el-inicio-del-puente-de-la-constitucion\/#mainImage"},"datePublished":"2013-12-06T23:55:52+01:00","dateModified":"2013-12-06T23:55:52+01:00"},{"@type":"WebSite","@id":"https:\/\/www.eldigitaldeasturias.com\/noticias\/#website","url":"https:\/\/www.eldigitaldeasturias.com\/noticias\/","name":"El Digital de Asturias - Diario de actualidad y noticias","alternateName":"El Digital de Asturias - Diario de actualidad y noticias","description":"Hemeroteca","inLanguage":"es-ES","publisher":{"@id":"https:\/\/www.eldigitaldeasturias.com\/noticias\/#organization"}}]},"og:locale":"es_ES","og:site_name":"El Digital de Asturias","og:type":"article","og:title":"Cinco muertos en las carreteras desde el inicio del puente de la Constituci\u00f3n - El Digital de Asturias","og:description":"Madrid, 6 dic (EFE).- Cinco personas han muerto en las carreteras en los tres accidentes mortales que se han registrado desde que comenz\u00f3 la operaci\u00f3n especial de tr\u00e1fico con motivo del puente de la Constituci\u00f3n y la Inmaculada, en el que se prev\u00e9n cinco millones de desplazamientos. Adem\u00e1s, 4 personas han resultado heridas de gravedad","og:url":"https:\/\/www.eldigitaldeasturias.com\/noticias\/cinco-muertos-en-las-carreteras-desde-el-inicio-del-puente-de-la-constitucion\/","article:tag":["sucesos"],"article:published_time":"2013-12-07T00:55:52+00:00","article:modified_time":"2013-12-07T00:55:52+00:00","article:publisher":"https:\/\/facebook.com\/eldigitaldeasturias","twitter:card":"summary_large_image","twitter:title":"Cinco muertos en las carreteras desde el inicio del puente de la Constituci\u00f3n - El Digital de Asturias","twitter:description":"Madrid, 6 dic (EFE).- Cinco personas han muerto en las carreteras en los tres accidentes mortales que se han registrado desde que comenz\u00f3 la operaci\u00f3n especial de tr\u00e1fico con motivo del puente de la Constituci\u00f3n y la Inmaculada, en el que se prev\u00e9n cinco millones de desplazamientos. Adem\u00e1s, 4 personas han resultado heridas de gravedad","twitter:label1":"Escrito por","twitter:data1":"El Digital de Asturias","twitter:label2":"Tiempo de lectura estimado","twitter:data2":"1 minuto"},"aioseo_meta_data":{"post_id":"458875","title":null,"description":null,"keywords":null,"keyphrases":null,"primary_term":null,"canonical_url":null,"og_title":null,"og_description":null,"og_object_type":"default","og_image_type":"default","og_image_url":null,"og_image_width":null,"og_image_height":null,"og_image_custom_url":null,"og_image_custom_fields":null,"og_video":null,"og_custom_url":null,"og_article_section":null,"og_article_tags":null,"twitter_use_og":true,"twitter_card":"default","twitter_image_type":"default","twitter_image_url":null,"twitter_image_custom_url":null,"twitter_image_custom_fields":null,"twitter_title":null,"twitter_description":null,"schema":{"blockGraphs":[],"customGraphs":[],"default":{"data":{"Article":[],"Course":[],"Dataset":[],"FAQPage":[],"Movie":[],"Person":[],"Product":[],"ProductReview":[],"Car":[],"Recipe":[],"Service":[],"SoftwareApplication":[],"WebPage":[]},"graphName":"","isEnabled":true},"graphs":[],"defaultGraph":"","defaultPostTypeGraph":""},"schema_type":null,"schema_type_options":null,"pillar_content":false,"robots_default":true,"robots_noindex":false,"robots_noarchive":false,"robots_nosnippet":false,"robots_nofollow":false,"robots_noimageindex":false,"robots_noodp":false,"robots_notranslate":false,"robots_max_snippet":null,"robots_max_videopreview":null,"robots_max_imagepreview":"none","priority":null,"frequency":null,"local_seo":null,"seo_analyzer_scan_date":"2026-05-30 07:06:20","breadcrumb_settings":null,"limit_modified_date":false,"open_ai":null,"ai":null,"created":"2020-11-14 22:46:25","updated":"2026-05-30 07:06:20","focus_keyword":null,"additional_keywords":null,"truseo_locale":null},"aioseo_breadcrumb":"<div class=\"aioseo-breadcrumbs\"><span class=\"aioseo-breadcrumb\">\n\t<a href=\"https:\/\/www.eldigitaldeasturias.com\/noticias\" title=\"Home\">Home<\/a>\n<\/span><span class=\"aioseo-breadcrumb-separator\">\u2013<\/span><span class=\"aioseo-breadcrumb\">\n\t<a href=\"https:\/\/www.eldigitaldeasturias.com\/noticias\/category\/sucesos\/\" title=\"Sucesos\">Sucesos<\/a>\n<\/span><span class=\"aioseo-breadcrumb-separator\">\u2013<\/span><span class=\"aioseo-breadcrumb\">\n\t<a href=\"https:\/\/www.eldigitaldeasturias.com\/noticias\/cinco-muertos-en-las-carreteras-desde-el-inicio-del-puente-de-la-constitucion\/\" title=\"Cinco muertos en las carreteras desde el inicio del puente de la Constituci\u00f3n\">Cinco muertos en las carreteras desde el inicio del puente de la Constituci\u00f3n<\/a>\n<\/span><\/div>","aioseo_breadcrumb_json":[{"label":"Home","link":"https:\/\/www.eldigitaldeasturias.com\/noticias"},{"label":"Sucesos","link":"https:\/\/www.eldigitaldeasturias.com\/noticias\/category\/sucesos\/"},{"label":"Cinco muertos en las carreteras desde el inicio del puente de la Constituci\u00f3n","link":"https:\/\/www.eldigitaldeasturias.com\/noticias\/cinco-muertos-en-las-carreteras-desde-el-inicio-del-puente-de-la-constitucion\/"}],"_links":{"self":[{"href":"https:\/\/www.eldigitaldeasturias.com\/noticias\/wp-json\/wp\/v2\/posts\/458875","targetHints":{"allow":["GET"]}}],"collection":[{"href":"https:\/\/www.eldigitaldeasturias.com\/noticias\/wp-json\/wp\/v2\/posts"}],"about":[{"href":"https:\/\/www.eldigitaldeasturias.com\/noticias\/wp-json\/wp\/v2\/types\/post"}],"author":[{"embeddable":true,"href":"https:\/\/www.eldigitaldeasturias.com\/noticias\/wp-json\/wp\/v2\/users\/1"}],"replies":[{"embeddable":true,"href":"https:\/\/www.eldigitaldeasturias.com\/noticias\/wp-json\/wp\/v2\/comments?post=458875"}],"version-history":[{"count":0,"href":"https:\/\/www.eldigitaldeasturias.com\/noticias\/wp-json\/wp\/v2\/posts\/458875\/revisions"}],"wp:attachment":[{"href":"https:\/\/www.eldigitaldeasturias.com\/noticias\/wp-json\/wp\/v2\/media?parent=458875"}],"wp:term":[{"taxonomy":"category","embeddable":true,"href":"https:\/\/www.eldigitaldeasturias.com\/noticias\/wp-json\/wp\/v2\/categories?post=458875"},{"taxonomy":"post_tag","embeddable":true,"href":"https:\/\/www.eldigitaldeasturias.com\/noticias\/wp-json\/wp\/v2\/tags?post=458875"}],"curies":[{"name":"wp","href":"https:\/\/api.w.org\/{rel}","templated":true}]}}