{"id":458851,"date":"2013-12-06T23:32:47","date_gmt":"2013-12-07T00:32:47","guid":{"rendered":"http:\/\/www.eldigitaldeasturias.com\/noticias\/?p=458851"},"modified":"2013-12-06T23:32:47","modified_gmt":"2013-12-07T00:32:47","slug":"dos-mineros-mueren-al-caerse-el-techo-de-una-galeria-de-una-mina-en-suria","status":"publish","type":"post","link":"https:\/\/www.eldigitaldeasturias.com\/noticias\/dos-mineros-mueren-al-caerse-el-techo-de-una-galeria-de-una-mina-en-suria\/","title":{"rendered":"Dos mineros mueren al caerse el techo de una galer\u00eda de una mina en S\u00faria"},"content":{"rendered":"<p><img loading=\"lazy\" decoding=\"async\" class=\"alignleft size-medium wp-image-458852\" alt=\"5777297w\" src=\"https:\/\/www.eldigitaldeasturias.com\/noticias\/wp-content\/uploads\/2013\/12\/5777297w-360x235.jpg\" width=\"360\" height=\"235\" \/>Barcelona, 6 dic (EFE).- Dos mineros han muerto hoy al desprenderse el techo de la galer\u00eda de una mina de Iberpotash en S\u00faria (Barcelona) mientras realizaban tareas de mantenimiento en una m\u00e1quina de extracci\u00f3n.<\/p>\n<p>Seg\u00fan ha informado la empresa, el accidente se ha producido sobre las cuatro de la madrugada de hoy al quedar los dos operarios sepultados por el desprendimiento.<\/p>\n<p>Los dos trabajadores muertos son Joan Ramon Mitjans, de 49 a\u00f1os, e Isaac Closa, de 37 a\u00f1os, ambos vecinos de S\u00faria.<\/p>\n<p>Los dos operarios se encontraban con otros compa\u00f1eros en una zona del frente de extracci\u00f3n del mineral haciendo tareas de reparaci\u00f3n y mantenimiento de la m\u00e1quina en la mina de Cabanasses de S\u00faria cuando se ha producido el desprendimiento del techo de la galer\u00eda minera que los ha sepultado.<\/p>\n<p>Los dem\u00e1s mineros que se encontraban en el lugar del suceso resultaron ilesos en el accidente, cuyas causas se desconocen hasta el momento, y tanto la empresa como las autoridades competentes ya han abierto una investigaci\u00f3n.<\/p>\n<p>Las minas de S\u00faria y Sallent han interrumpido su actividad de forma inmediata y \u00e9sta no se reanudar\u00e1 hasta despu\u00e9s del entierro de los dos operarios.<\/p>\n<p>Seg\u00fan el comunicado de la compa\u00f1\u00eda, la empresa est\u00e1 consternada por este accidente, el primero a causa de un desprendimiento que se produce desde hace m\u00e1s de 10 a\u00f1os en el interior de la mina.<\/p>\n<p>La direcci\u00f3n de la compa\u00f1\u00eda ha expresado el p\u00e9same a las familias y compa\u00f1eros de los mineros muertos.<\/p>\n","protected":false},"excerpt":{"rendered":"<p>Barcelona, 6 dic (EFE).- Dos mineros han muerto hoy al desprenderse el techo de la galer\u00eda de una mina de Iberpotash en S\u00faria (Barcelona) mientras realizaban tareas de mantenimiento en una m\u00e1quina de extracci\u00f3n. Seg\u00fan ha informado la empresa, el accidente se ha producido sobre las cuatro de la madrugada de hoy al quedar los [&hellip;]<\/p>\n","protected":false},"author":1,"featured_media":458852,"comment_status":"closed","ping_status":"open","sticky":false,"template":"","format":"standard","meta":{"footnotes":""},"categories":[5],"tags":[],"class_list":["post-458851","post","type-post","status-publish","format-standard","has-post-thumbnail","hentry","category-sucesos"],"aioseo_notices":[],"aioseo_head":"\n\t\t<!-- All in One SEO Pro 5.0.1 - aioseo.com -->\n\t<meta name=\"description\" content=\"Barcelona, 6 dic (EFE).- Dos mineros han muerto hoy al desprenderse el techo de la galer\u00eda de una mina de Iberpotash en S\u00faria (Barcelona) mientras realizaban tareas de mantenimiento en una m\u00e1quina de extracci\u00f3n. Seg\u00fan ha informado la empresa, el accidente se ha producido sobre las cuatro de la madrugada de hoy al quedar los\" \/>\n\t<meta name=\"robots\" content=\"max-image-preview:large\" \/>\n\t<meta name=\"author\" content=\"El Digital de Asturias\"\/>\n\t<meta name=\"google-site-verification\" content=\"UA-38556648-1\" \/>\n\t<meta name=\"msvalidate.01\" content=\"7dfe9f3f1b24437ab69f4f2559babe99\" \/>\n\t<meta name=\"keywords\" content=\"sucesos\" \/>\n\t<link rel=\"canonical\" href=\"https:\/\/www.eldigitaldeasturias.com\/noticias\/dos-mineros-mueren-al-caerse-el-techo-de-una-galeria-de-una-mina-en-suria\/\" \/>\n\t<meta name=\"generator\" content=\"All in One SEO Pro (AIOSEO) 5.0.1\" \/>\n\t\t<meta property=\"og:locale\" content=\"es_ES\" \/>\n\t\t<meta property=\"og:site_name\" content=\"El Digital de Asturias\" \/>\n\t\t<meta property=\"og:type\" content=\"article\" \/>\n\t\t<meta property=\"og:title\" content=\"Dos mineros mueren al caerse el techo de una galer\u00eda de una mina en S\u00faria - El Digital de Asturias\" \/>\n\t\t<meta property=\"og:description\" content=\"Barcelona, 6 dic (EFE).- Dos mineros han muerto hoy al desprenderse el techo de la galer\u00eda de una mina de Iberpotash en S\u00faria (Barcelona) mientras realizaban tareas de mantenimiento en una m\u00e1quina de extracci\u00f3n. Seg\u00fan ha informado la empresa, el accidente se ha producido sobre las cuatro de la madrugada de hoy al quedar los\" \/>\n\t\t<meta property=\"og:url\" content=\"https:\/\/www.eldigitaldeasturias.com\/noticias\/dos-mineros-mueren-al-caerse-el-techo-de-una-galeria-de-una-mina-en-suria\/\" \/>\n\t\t<meta property=\"article:tag\" content=\"sucesos\" \/>\n\t\t<meta property=\"article:published_time\" content=\"2013-12-07T00:32:47+00:00\" \/>\n\t\t<meta property=\"article:modified_time\" content=\"2013-12-07T00:32:47+00:00\" \/>\n\t\t<meta property=\"article:publisher\" content=\"https:\/\/facebook.com\/eldigitaldeasturias\" \/>\n\t\t<meta name=\"twitter:card\" content=\"summary_large_image\" \/>\n\t\t<meta name=\"twitter:title\" content=\"Dos mineros mueren al caerse el techo de una galer\u00eda de una mina en S\u00faria - El Digital de Asturias\" \/>\n\t\t<meta name=\"twitter:description\" content=\"Barcelona, 6 dic (EFE).- Dos mineros han muerto hoy al desprenderse el techo de la galer\u00eda de una mina de Iberpotash en S\u00faria (Barcelona) mientras realizaban tareas de mantenimiento en una m\u00e1quina de extracci\u00f3n. Seg\u00fan ha informado la empresa, el accidente se ha producido sobre las cuatro de la madrugada de hoy al quedar los\" \/>\n\t\t<meta name=\"twitter:label1\" content=\"Escrito por\" \/>\n\t\t<meta name=\"twitter:data1\" content=\"El Digital de Asturias\" \/>\n\t\t<meta name=\"twitter:label2\" content=\"Tiempo de lectura estimado\" \/>\n\t\t<meta name=\"twitter:data2\" content=\"1 minuto\" \/>\n\t\t<script type=\"application\/ld+json\" class=\"aioseo-schema\">\n\t\t\t{\"@context\":\"https:\\\/\\\/schema.org\",\"@graph\":[{\"@type\":\"BlogPosting\",\"@id\":\"https:\\\/\\\/www.eldigitaldeasturias.com\\\/noticias\\\/dos-mineros-mueren-al-caerse-el-techo-de-una-galeria-de-una-mina-en-suria\\\/#blogposting\",\"name\":\"Dos mineros mueren al caerse el techo de una galer\\u00eda de una mina en S\\u00faria - El Digital de Asturias\",\"headline\":\"Dos mineros mueren al caerse el techo de una galer\\u00eda de una mina en S\\u00faria\",\"author\":{\"@id\":\"https:\\\/\\\/www.eldigitaldeasturias.com\\\/noticias\\\/author\\\/admin\\\/#author\"},\"publisher\":{\"@id\":\"https:\\\/\\\/www.eldigitaldeasturias.com\\\/noticias\\\/#organization\"},\"image\":{\"@type\":\"ImageObject\",\"url\":458852},\"datePublished\":\"2013-12-06T23:32:47+01:00\",\"dateModified\":\"2013-12-06T23:32:47+01:00\",\"inLanguage\":\"es-ES\",\"mainEntityOfPage\":{\"@id\":\"https:\\\/\\\/www.eldigitaldeasturias.com\\\/noticias\\\/dos-mineros-mueren-al-caerse-el-techo-de-una-galeria-de-una-mina-en-suria\\\/#webpage\"},\"isPartOf\":{\"@id\":\"https:\\\/\\\/www.eldigitaldeasturias.com\\\/noticias\\\/dos-mineros-mueren-al-caerse-el-techo-de-una-galeria-de-una-mina-en-suria\\\/#webpage\"},\"articleSection\":\"Sucesos\"},{\"@type\":\"BreadcrumbList\",\"@id\":\"https:\\\/\\\/www.eldigitaldeasturias.com\\\/noticias\\\/dos-mineros-mueren-al-caerse-el-techo-de-una-galeria-de-una-mina-en-suria\\\/#breadcrumblist\",\"itemListElement\":[{\"@type\":\"ListItem\",\"@id\":\"https:\\\/\\\/www.eldigitaldeasturias.com\\\/noticias#listItem\",\"position\":1,\"name\":\"Home\",\"item\":\"https:\\\/\\\/www.eldigitaldeasturias.com\\\/noticias\",\"nextItem\":{\"@type\":\"ListItem\",\"@id\":\"https:\\\/\\\/www.eldigitaldeasturias.com\\\/noticias\\\/category\\\/sucesos\\\/#listItem\",\"name\":\"Sucesos\"}},{\"@type\":\"ListItem\",\"@id\":\"https:\\\/\\\/www.eldigitaldeasturias.com\\\/noticias\\\/category\\\/sucesos\\\/#listItem\",\"position\":2,\"name\":\"Sucesos\",\"item\":\"https:\\\/\\\/www.eldigitaldeasturias.com\\\/noticias\\\/category\\\/sucesos\\\/\",\"nextItem\":{\"@type\":\"ListItem\",\"@id\":\"https:\\\/\\\/www.eldigitaldeasturias.com\\\/noticias\\\/dos-mineros-mueren-al-caerse-el-techo-de-una-galeria-de-una-mina-en-suria\\\/#listItem\",\"name\":\"Dos mineros mueren al caerse el techo de una galer\\u00eda de una mina en S\\u00faria\"},\"previousItem\":{\"@type\":\"ListItem\",\"@id\":\"https:\\\/\\\/www.eldigitaldeasturias.com\\\/noticias#listItem\",\"name\":\"Home\"}},{\"@type\":\"ListItem\",\"@id\":\"https:\\\/\\\/www.eldigitaldeasturias.com\\\/noticias\\\/dos-mineros-mueren-al-caerse-el-techo-de-una-galeria-de-una-mina-en-suria\\\/#listItem\",\"position\":3,\"name\":\"Dos mineros mueren al caerse el techo de una galer\\u00eda de una mina en S\\u00faria\",\"previousItem\":{\"@type\":\"ListItem\",\"@id\":\"https:\\\/\\\/www.eldigitaldeasturias.com\\\/noticias\\\/category\\\/sucesos\\\/#listItem\",\"name\":\"Sucesos\"}}]},{\"@type\":\"Organization\",\"@id\":\"https:\\\/\\\/www.eldigitaldeasturias.com\\\/noticias\\\/#organization\",\"name\":\"El Digital de Asturias\",\"description\":\"Hemeroteca\",\"url\":\"https:\\\/\\\/www.eldigitaldeasturias.com\\\/noticias\\\/\",\"email\":\"info@eldigitaldeasturias.com\",\"telephone\":\"+34652131393\",\"logo\":{\"@type\":\"ImageObject\",\"url\":\"https:\\\/\\\/www.eldigitaldeasturias.com\\\/noticias\\\/wp-content\\\/uploads\\\/2020\\\/12\\\/EDA.jpg\",\"@id\":\"https:\\\/\\\/www.eldigitaldeasturias.com\\\/noticias\\\/dos-mineros-mueren-al-caerse-el-techo-de-una-galeria-de-una-mina-en-suria\\\/#organizationLogo\"},\"image\":{\"@id\":\"https:\\\/\\\/www.eldigitaldeasturias.com\\\/noticias\\\/dos-mineros-mueren-al-caerse-el-techo-de-una-galeria-de-una-mina-en-suria\\\/#organizationLogo\"},\"sameAs\":[\"https:\\\/\\\/facebook.com\\\/eldigitaldeasturias\",\"https:\\\/\\\/www.youtube.com\\\/channel\\\/UCZP-2wLEB9Rv6erhFmqVnvg\"],\"address\":{\"@id\":\"https:\\\/\\\/www.eldigitaldeasturias.com\\\/noticias\\\/#postaladdress\",\"@type\":\"PostalAddress\",\"streetAddress\":\"san antonio 4\",\"postalCode\":\"33430\",\"addressLocality\":\"Cand\\u00e1s\",\"addressRegion\":\"Asturias\",\"addressCountry\":\"ES\"}},{\"@type\":\"Person\",\"@id\":\"https:\\\/\\\/www.eldigitaldeasturias.com\\\/noticias\\\/author\\\/admin\\\/#author\",\"url\":\"https:\\\/\\\/www.eldigitaldeasturias.com\\\/noticias\\\/author\\\/admin\\\/\",\"name\":\"El Digital de Asturias\",\"image\":{\"@type\":\"ImageObject\",\"@id\":\"https:\\\/\\\/www.eldigitaldeasturias.com\\\/noticias\\\/dos-mineros-mueren-al-caerse-el-techo-de-una-galeria-de-una-mina-en-suria\\\/#authorImage\",\"url\":\"https:\\\/\\\/secure.gravatar.com\\\/avatar\\\/df2aeffc32bcd13f8d26072ef8a91b623d677766deac7f97ca815868cd41bf5e?s=96&d=mm&r=g\",\"width\":96,\"height\":96,\"caption\":\"El Digital de Asturias\"}},{\"@type\":\"WebPage\",\"@id\":\"https:\\\/\\\/www.eldigitaldeasturias.com\\\/noticias\\\/dos-mineros-mueren-al-caerse-el-techo-de-una-galeria-de-una-mina-en-suria\\\/#webpage\",\"url\":\"https:\\\/\\\/www.eldigitaldeasturias.com\\\/noticias\\\/dos-mineros-mueren-al-caerse-el-techo-de-una-galeria-de-una-mina-en-suria\\\/\",\"name\":\"Dos mineros mueren al caerse el techo de una galer\\u00eda de una mina en S\\u00faria - El Digital de Asturias\",\"description\":\"Barcelona, 6 dic (EFE).- Dos mineros han muerto hoy al desprenderse el techo de la galer\\u00eda de una mina de Iberpotash en S\\u00faria (Barcelona) mientras realizaban tareas de mantenimiento en una m\\u00e1quina de extracci\\u00f3n. Seg\\u00fan ha informado la empresa, el accidente se ha producido sobre las cuatro de la madrugada de hoy al quedar los\",\"inLanguage\":\"es-ES\",\"isPartOf\":{\"@id\":\"https:\\\/\\\/www.eldigitaldeasturias.com\\\/noticias\\\/#website\"},\"breadcrumb\":{\"@id\":\"https:\\\/\\\/www.eldigitaldeasturias.com\\\/noticias\\\/dos-mineros-mueren-al-caerse-el-techo-de-una-galeria-de-una-mina-en-suria\\\/#breadcrumblist\"},\"author\":{\"@id\":\"https:\\\/\\\/www.eldigitaldeasturias.com\\\/noticias\\\/author\\\/admin\\\/#author\"},\"creator\":{\"@id\":\"https:\\\/\\\/www.eldigitaldeasturias.com\\\/noticias\\\/author\\\/admin\\\/#author\"},\"image\":{\"@type\":\"ImageObject\",\"url\":458852,\"@id\":\"https:\\\/\\\/www.eldigitaldeasturias.com\\\/noticias\\\/dos-mineros-mueren-al-caerse-el-techo-de-una-galeria-de-una-mina-en-suria\\\/#mainImage\"},\"primaryImageOfPage\":{\"@id\":\"https:\\\/\\\/www.eldigitaldeasturias.com\\\/noticias\\\/dos-mineros-mueren-al-caerse-el-techo-de-una-galeria-de-una-mina-en-suria\\\/#mainImage\"},\"datePublished\":\"2013-12-06T23:32:47+01:00\",\"dateModified\":\"2013-12-06T23:32:47+01:00\"},{\"@type\":\"WebSite\",\"@id\":\"https:\\\/\\\/www.eldigitaldeasturias.com\\\/noticias\\\/#website\",\"url\":\"https:\\\/\\\/www.eldigitaldeasturias.com\\\/noticias\\\/\",\"name\":\"El Digital de Asturias - Diario de actualidad y noticias\",\"alternateName\":\"El Digital de Asturias - Diario de actualidad y noticias\",\"description\":\"Hemeroteca\",\"inLanguage\":\"es-ES\",\"publisher\":{\"@id\":\"https:\\\/\\\/www.eldigitaldeasturias.com\\\/noticias\\\/#organization\"}}]}\n\t\t<\/script>\n\t\t<!-- All in One SEO Pro -->\r\n\t\t<title>Dos mineros mueren al caerse el techo de una galer\u00eda de una mina en S\u00faria - El Digital de Asturias<\/title>\n\n","aioseo_head_json":{"title":"Dos mineros mueren al caerse el techo de una galer\u00eda de una mina en S\u00faria - El Digital de Asturias","description":"Barcelona, 6 dic (EFE).- Dos mineros han muerto hoy al desprenderse el techo de la galer\u00eda de una mina de Iberpotash en S\u00faria (Barcelona) mientras realizaban tareas de mantenimiento en una m\u00e1quina de extracci\u00f3n. Seg\u00fan ha informado la empresa, el accidente se ha producido sobre las cuatro de la madrugada de hoy al quedar los","canonical_url":"https:\/\/www.eldigitaldeasturias.com\/noticias\/dos-mineros-mueren-al-caerse-el-techo-de-una-galeria-de-una-mina-en-suria\/","robots":"max-image-preview:large","keywords":"sucesos","webmasterTools":{"google-site-verification":"UA-38556648-1","msvalidate.01":"7dfe9f3f1b24437ab69f4f2559babe99","miscellaneous":""},"schema":{"@context":"https:\/\/schema.org","@graph":[{"@type":"BlogPosting","@id":"https:\/\/www.eldigitaldeasturias.com\/noticias\/dos-mineros-mueren-al-caerse-el-techo-de-una-galeria-de-una-mina-en-suria\/#blogposting","name":"Dos mineros mueren al caerse el techo de una galer\u00eda de una mina en S\u00faria - El Digital de Asturias","headline":"Dos mineros mueren al caerse el techo de una galer\u00eda de una mina en S\u00faria","author":{"@id":"https:\/\/www.eldigitaldeasturias.com\/noticias\/author\/admin\/#author"},"publisher":{"@id":"https:\/\/www.eldigitaldeasturias.com\/noticias\/#organization"},"image":{"@type":"ImageObject","url":458852},"datePublished":"2013-12-06T23:32:47+01:00","dateModified":"2013-12-06T23:32:47+01:00","inLanguage":"es-ES","mainEntityOfPage":{"@id":"https:\/\/www.eldigitaldeasturias.com\/noticias\/dos-mineros-mueren-al-caerse-el-techo-de-una-galeria-de-una-mina-en-suria\/#webpage"},"isPartOf":{"@id":"https:\/\/www.eldigitaldeasturias.com\/noticias\/dos-mineros-mueren-al-caerse-el-techo-de-una-galeria-de-una-mina-en-suria\/#webpage"},"articleSection":"Sucesos"},{"@type":"BreadcrumbList","@id":"https:\/\/www.eldigitaldeasturias.com\/noticias\/dos-mineros-mueren-al-caerse-el-techo-de-una-galeria-de-una-mina-en-suria\/#breadcrumblist","itemListElement":[{"@type":"ListItem","@id":"https:\/\/www.eldigitaldeasturias.com\/noticias#listItem","position":1,"name":"Home","item":"https:\/\/www.eldigitaldeasturias.com\/noticias","nextItem":{"@type":"ListItem","@id":"https:\/\/www.eldigitaldeasturias.com\/noticias\/category\/sucesos\/#listItem","name":"Sucesos"}},{"@type":"ListItem","@id":"https:\/\/www.eldigitaldeasturias.com\/noticias\/category\/sucesos\/#listItem","position":2,"name":"Sucesos","item":"https:\/\/www.eldigitaldeasturias.com\/noticias\/category\/sucesos\/","nextItem":{"@type":"ListItem","@id":"https:\/\/www.eldigitaldeasturias.com\/noticias\/dos-mineros-mueren-al-caerse-el-techo-de-una-galeria-de-una-mina-en-suria\/#listItem","name":"Dos mineros mueren al caerse el techo de una galer\u00eda de una mina en S\u00faria"},"previousItem":{"@type":"ListItem","@id":"https:\/\/www.eldigitaldeasturias.com\/noticias#listItem","name":"Home"}},{"@type":"ListItem","@id":"https:\/\/www.eldigitaldeasturias.com\/noticias\/dos-mineros-mueren-al-caerse-el-techo-de-una-galeria-de-una-mina-en-suria\/#listItem","position":3,"name":"Dos mineros mueren al caerse el techo de una galer\u00eda de una mina en S\u00faria","previousItem":{"@type":"ListItem","@id":"https:\/\/www.eldigitaldeasturias.com\/noticias\/category\/sucesos\/#listItem","name":"Sucesos"}}]},{"@type":"Organization","@id":"https:\/\/www.eldigitaldeasturias.com\/noticias\/#organization","name":"El Digital de Asturias","description":"Hemeroteca","url":"https:\/\/www.eldigitaldeasturias.com\/noticias\/","email":"info@eldigitaldeasturias.com","telephone":"+34652131393","logo":{"@type":"ImageObject","url":"https:\/\/www.eldigitaldeasturias.com\/noticias\/wp-content\/uploads\/2020\/12\/EDA.jpg","@id":"https:\/\/www.eldigitaldeasturias.com\/noticias\/dos-mineros-mueren-al-caerse-el-techo-de-una-galeria-de-una-mina-en-suria\/#organizationLogo"},"image":{"@id":"https:\/\/www.eldigitaldeasturias.com\/noticias\/dos-mineros-mueren-al-caerse-el-techo-de-una-galeria-de-una-mina-en-suria\/#organizationLogo"},"sameAs":["https:\/\/facebook.com\/eldigitaldeasturias","https:\/\/www.youtube.com\/channel\/UCZP-2wLEB9Rv6erhFmqVnvg"],"address":{"@id":"https:\/\/www.eldigitaldeasturias.com\/noticias\/#postaladdress","@type":"PostalAddress","streetAddress":"san antonio 4","postalCode":"33430","addressLocality":"Cand\u00e1s","addressRegion":"Asturias","addressCountry":"ES"}},{"@type":"Person","@id":"https:\/\/www.eldigitaldeasturias.com\/noticias\/author\/admin\/#author","url":"https:\/\/www.eldigitaldeasturias.com\/noticias\/author\/admin\/","name":"El Digital de Asturias","image":{"@type":"ImageObject","@id":"https:\/\/www.eldigitaldeasturias.com\/noticias\/dos-mineros-mueren-al-caerse-el-techo-de-una-galeria-de-una-mina-en-suria\/#authorImage","url":"https:\/\/secure.gravatar.com\/avatar\/df2aeffc32bcd13f8d26072ef8a91b623d677766deac7f97ca815868cd41bf5e?s=96&d=mm&r=g","width":96,"height":96,"caption":"El Digital de Asturias"}},{"@type":"WebPage","@id":"https:\/\/www.eldigitaldeasturias.com\/noticias\/dos-mineros-mueren-al-caerse-el-techo-de-una-galeria-de-una-mina-en-suria\/#webpage","url":"https:\/\/www.eldigitaldeasturias.com\/noticias\/dos-mineros-mueren-al-caerse-el-techo-de-una-galeria-de-una-mina-en-suria\/","name":"Dos mineros mueren al caerse el techo de una galer\u00eda de una mina en S\u00faria - El Digital de Asturias","description":"Barcelona, 6 dic (EFE).- Dos mineros han muerto hoy al desprenderse el techo de la galer\u00eda de una mina de Iberpotash en S\u00faria (Barcelona) mientras realizaban tareas de mantenimiento en una m\u00e1quina de extracci\u00f3n. Seg\u00fan ha informado la empresa, el accidente se ha producido sobre las cuatro de la madrugada de hoy al quedar los","inLanguage":"es-ES","isPartOf":{"@id":"https:\/\/www.eldigitaldeasturias.com\/noticias\/#website"},"breadcrumb":{"@id":"https:\/\/www.eldigitaldeasturias.com\/noticias\/dos-mineros-mueren-al-caerse-el-techo-de-una-galeria-de-una-mina-en-suria\/#breadcrumblist"},"author":{"@id":"https:\/\/www.eldigitaldeasturias.com\/noticias\/author\/admin\/#author"},"creator":{"@id":"https:\/\/www.eldigitaldeasturias.com\/noticias\/author\/admin\/#author"},"image":{"@type":"ImageObject","url":458852,"@id":"https:\/\/www.eldigitaldeasturias.com\/noticias\/dos-mineros-mueren-al-caerse-el-techo-de-una-galeria-de-una-mina-en-suria\/#mainImage"},"primaryImageOfPage":{"@id":"https:\/\/www.eldigitaldeasturias.com\/noticias\/dos-mineros-mueren-al-caerse-el-techo-de-una-galeria-de-una-mina-en-suria\/#mainImage"},"datePublished":"2013-12-06T23:32:47+01:00","dateModified":"2013-12-06T23:32:47+01:00"},{"@type":"WebSite","@id":"https:\/\/www.eldigitaldeasturias.com\/noticias\/#website","url":"https:\/\/www.eldigitaldeasturias.com\/noticias\/","name":"El Digital de Asturias - Diario de actualidad y noticias","alternateName":"El Digital de Asturias - Diario de actualidad y noticias","description":"Hemeroteca","inLanguage":"es-ES","publisher":{"@id":"https:\/\/www.eldigitaldeasturias.com\/noticias\/#organization"}}]},"og:locale":"es_ES","og:site_name":"El Digital de Asturias","og:type":"article","og:title":"Dos mineros mueren al caerse el techo de una galer\u00eda de una mina en S\u00faria - El Digital de Asturias","og:description":"Barcelona, 6 dic (EFE).- Dos mineros han muerto hoy al desprenderse el techo de la galer\u00eda de una mina de Iberpotash en S\u00faria (Barcelona) mientras realizaban tareas de mantenimiento en una m\u00e1quina de extracci\u00f3n. Seg\u00fan ha informado la empresa, el accidente se ha producido sobre las cuatro de la madrugada de hoy al quedar los","og:url":"https:\/\/www.eldigitaldeasturias.com\/noticias\/dos-mineros-mueren-al-caerse-el-techo-de-una-galeria-de-una-mina-en-suria\/","article:tag":["sucesos"],"article:published_time":"2013-12-07T00:32:47+00:00","article:modified_time":"2013-12-07T00:32:47+00:00","article:publisher":"https:\/\/facebook.com\/eldigitaldeasturias","twitter:card":"summary_large_image","twitter:title":"Dos mineros mueren al caerse el techo de una galer\u00eda de una mina en S\u00faria - El Digital de Asturias","twitter:description":"Barcelona, 6 dic (EFE).- Dos mineros han muerto hoy al desprenderse el techo de la galer\u00eda de una mina de Iberpotash en S\u00faria (Barcelona) mientras realizaban tareas de mantenimiento en una m\u00e1quina de extracci\u00f3n. Seg\u00fan ha informado la empresa, el accidente se ha producido sobre las cuatro de la madrugada de hoy al quedar los","twitter:label1":"Escrito por","twitter:data1":"El Digital de Asturias","twitter:label2":"Tiempo de lectura estimado","twitter:data2":"1 minuto"},"aioseo_meta_data":{"post_id":"458851","title":null,"description":null,"keywords":null,"keyphrases":null,"primary_term":null,"canonical_url":null,"og_title":null,"og_description":null,"og_object_type":"default","og_image_type":"default","og_image_url":null,"og_image_width":null,"og_image_height":null,"og_image_custom_url":null,"og_image_custom_fields":null,"og_video":null,"og_custom_url":null,"og_article_section":null,"og_article_tags":null,"twitter_use_og":true,"twitter_card":"default","twitter_image_type":"default","twitter_image_url":null,"twitter_image_custom_url":null,"twitter_image_custom_fields":null,"twitter_title":null,"twitter_description":null,"schema":{"blockGraphs":[],"customGraphs":[],"default":{"data":{"Article":[],"Course":[],"Dataset":[],"FAQPage":[],"Movie":[],"Person":[],"Product":[],"ProductReview":[],"Car":[],"Recipe":[],"Service":[],"SoftwareApplication":[],"WebPage":[]},"graphName":"","isEnabled":true},"graphs":[],"defaultGraph":"","defaultPostTypeGraph":""},"schema_type":null,"schema_type_options":null,"pillar_content":false,"robots_default":true,"robots_noindex":false,"robots_noarchive":false,"robots_nosnippet":false,"robots_nofollow":false,"robots_noimageindex":false,"robots_noodp":false,"robots_notranslate":false,"robots_max_snippet":null,"robots_max_videopreview":null,"robots_max_imagepreview":"none","priority":null,"frequency":null,"local_seo":null,"seo_analyzer_scan_date":"2026-05-30 07:00:59","breadcrumb_settings":null,"limit_modified_date":false,"open_ai":null,"ai":null,"created":"2020-11-14 22:46:25","updated":"2026-05-30 07:00:59","focus_keyword":null,"additional_keywords":null,"truseo_locale":null},"aioseo_breadcrumb":"<div class=\"aioseo-breadcrumbs\"><span class=\"aioseo-breadcrumb\">\n\t<a href=\"https:\/\/www.eldigitaldeasturias.com\/noticias\" title=\"Home\">Home<\/a>\n<\/span><span class=\"aioseo-breadcrumb-separator\">\u2013<\/span><span class=\"aioseo-breadcrumb\">\n\t<a href=\"https:\/\/www.eldigitaldeasturias.com\/noticias\/category\/sucesos\/\" title=\"Sucesos\">Sucesos<\/a>\n<\/span><span class=\"aioseo-breadcrumb-separator\">\u2013<\/span><span class=\"aioseo-breadcrumb\">\n\t<a href=\"https:\/\/www.eldigitaldeasturias.com\/noticias\/dos-mineros-mueren-al-caerse-el-techo-de-una-galeria-de-una-mina-en-suria\/\" title=\"Dos mineros mueren al caerse el techo de una galer\u00eda de una mina en S\u00faria\">Dos mineros mueren al caerse el techo de una galer\u00eda de una mina en S\u00faria<\/a>\n<\/span><\/div>","aioseo_breadcrumb_json":[{"label":"Home","link":"https:\/\/www.eldigitaldeasturias.com\/noticias"},{"label":"Sucesos","link":"https:\/\/www.eldigitaldeasturias.com\/noticias\/category\/sucesos\/"},{"label":"Dos mineros mueren al caerse el techo de una galer\u00eda de una mina en S\u00faria","link":"https:\/\/www.eldigitaldeasturias.com\/noticias\/dos-mineros-mueren-al-caerse-el-techo-de-una-galeria-de-una-mina-en-suria\/"}],"_links":{"self":[{"href":"https:\/\/www.eldigitaldeasturias.com\/noticias\/wp-json\/wp\/v2\/posts\/458851","targetHints":{"allow":["GET"]}}],"collection":[{"href":"https:\/\/www.eldigitaldeasturias.com\/noticias\/wp-json\/wp\/v2\/posts"}],"about":[{"href":"https:\/\/www.eldigitaldeasturias.com\/noticias\/wp-json\/wp\/v2\/types\/post"}],"author":[{"embeddable":true,"href":"https:\/\/www.eldigitaldeasturias.com\/noticias\/wp-json\/wp\/v2\/users\/1"}],"replies":[{"embeddable":true,"href":"https:\/\/www.eldigitaldeasturias.com\/noticias\/wp-json\/wp\/v2\/comments?post=458851"}],"version-history":[{"count":0,"href":"https:\/\/www.eldigitaldeasturias.com\/noticias\/wp-json\/wp\/v2\/posts\/458851\/revisions"}],"wp:attachment":[{"href":"https:\/\/www.eldigitaldeasturias.com\/noticias\/wp-json\/wp\/v2\/media?parent=458851"}],"wp:term":[{"taxonomy":"category","embeddable":true,"href":"https:\/\/www.eldigitaldeasturias.com\/noticias\/wp-json\/wp\/v2\/categories?post=458851"},{"taxonomy":"post_tag","embeddable":true,"href":"https:\/\/www.eldigitaldeasturias.com\/noticias\/wp-json\/wp\/v2\/tags?post=458851"}],"curies":[{"name":"wp","href":"https:\/\/api.w.org\/{rel}","templated":true}]}}