{"id":458839,"date":"2013-12-06T23:09:10","date_gmt":"2013-12-07T00:09:10","guid":{"rendered":"http:\/\/www.eldigitaldeasturias.com\/noticias\/?p=458839"},"modified":"2013-12-06T23:09:36","modified_gmt":"2013-12-07T00:09:36","slug":"cafe-quijano-nos-da-verguenza-hablar-publicamente-del-amor","status":"publish","type":"post","link":"https:\/\/www.eldigitaldeasturias.com\/noticias\/cafe-quijano-nos-da-verguenza-hablar-publicamente-del-amor\/","title":{"rendered":"Caf\u00e9 Quijano : \u00abNos da verg\u00fcenza hablar p\u00fablicamente del amor\u00bb"},"content":{"rendered":"<p><img loading=\"lazy\" decoding=\"async\" class=\"alignleft size-medium wp-image-458840\" alt=\"5777161w\" src=\"https:\/\/www.eldigitaldeasturias.com\/noticias\/wp-content\/uploads\/2013\/12\/5777161w-360x266.jpg\" width=\"360\" height=\"266\" \/>Madrid, 6 dic (EFE).- Con su segundo disco de boleros reci\u00e9n estrenado, Manuel, \u00d3scar y Ra\u00fal, los tres componentes de \u00abCaf\u00e9 Quijano\u00bb reconocen que les da \u00abverg\u00fcenza\u00bb hablar \u00abp\u00fablicamente del amor\u00bb pero que se sienten \u00abplenos y felices\u00bb tras retomar su carrera musical, que dejaron durante ocho a\u00f1os (2004-2012).<\/p>\n<p>Con este segundo volumen de \u00abOr\u00edgenes; El Bolero\u00bb, grabado en sus propios estudios de Le\u00f3n, los hermanos Quijano cumplen con uno de sus deseos: \u00abcantar boleros\u00bb, y con su filosof\u00eda de \u00abdisfrutar de la vida\u00bb (dice Ra\u00fal) y buscar una oportunidad all\u00e1 d\u00f3nde vas (apunta Manuel).<\/p>\n<p>Mientras, ambos, solteros, confiesan que les da \u00abverg\u00fcenza hablar p\u00fablicamente del amor, de la solter\u00eda\u00bb. \u00abNo lo hacemos nunca\u00bb, sentencia Manuel.<\/p>\n<p>Entrevistados por Luj\u00e1n Arg\u00fcelles en el programa \u00abLa hora de Luj\u00e1n\u00bb, en EfeRadio, los leoneses explican que su meta \u00abes enamorarse de tu trabajo y seguir haci\u00e9ndolo con todo el cari\u00f1o\u00bb, que tienen la sensaci\u00f3n de que \u00abno han hecho nada\u00bb y que, entre sus proyectos personales, est\u00e1 el de ser padres.<\/p>\n<p>Llevan 17 a\u00f1os en la profesi\u00f3n, g\u00e9nero que les inculc\u00f3 desde peque\u00f1os su padre, profesor de m\u00fasica, y dicen que al hacer una canci\u00f3n tratan de ver \u00abc\u00f3mo te sentir\u00edas en una situaci\u00f3n concreta\u00bb para explicarse a s\u00ed mismos \u00abc\u00f3mo la vivir\u00edas\u00bb.<\/p>\n<p>\u00abEntonces, no necesariamente has de haber vivido lo que cuenta una canci\u00f3n para poder sentirla. Al final, las palabras son las mismas para lo que imaginas que para lo que has vivido\u00bb, explica Manuel.<\/p>\n<p>Aseguran que llevan \u00abbien\u00bb el paso del tiempo porque \u00abcada uno se siente como se puede ver desde fuera\u00bb, y recitan el refr\u00e1n de \u00abla cara es el espejo del alma\u00bb.<\/p>\n<p>Una felicidad que reconocen que han obtenido por \u00abla suerte de viajar, de conocer, de vivir, de sentir, de disfrutar y un mont\u00f3n de adjetivos que se pueden acu\u00f1ar a esta experiencia que hemos tenido con la m\u00fasica y nos ha dado tanto\u00bb.<\/p>\n<p>Ante la pregunta de que mucha gente se ha sorprendido con sus boleros, los Caf\u00e9 Quijano contestan que \u00absiempre\u00bb han estado en contacto con el bolero \u00abdesde bien ni\u00f1os\u00bb y argumentan que \u00aben cada una de nuestras producciones ha habido un bolero como testimonio\u00bb.<\/p>\n<p>Dicen que su meta es \u00abenamorarse\u00bb de su trabajo y \u00abseguir haci\u00e9ndolo con todo el cari\u00f1o\u00bb, aunque tienen la \u00absensaci\u00f3n\u00bb de que no han hecho \u00abnada\u00bb; y precisan: \u00abQu\u00e9 no suene a falta modestia\u00bb.<\/p>\n<p>Sobre sus ocho a\u00f1os separados, los m\u00fasicos dicen que \u00abtocaba parar\u00bb, lo mismo que ahora \u00abtoca darlo todo\u00bb.<\/p>\n","protected":false},"excerpt":{"rendered":"<p>Madrid, 6 dic (EFE).- Con su segundo disco de boleros reci\u00e9n estrenado, Manuel, \u00d3scar y Ra\u00fal, los tres componentes de \u00abCaf\u00e9 Quijano\u00bb reconocen que les da \u00abverg\u00fcenza\u00bb hablar \u00abp\u00fablicamente del amor\u00bb pero que se sienten \u00abplenos y felices\u00bb tras retomar su carrera musical, que dejaron durante ocho a\u00f1os (2004-2012). Con este segundo volumen de \u00abOr\u00edgenes; [&hellip;]<\/p>\n","protected":false},"author":1,"featured_media":458840,"comment_status":"closed","ping_status":"open","sticky":false,"template":"","format":"standard","meta":{"footnotes":""},"categories":[50],"tags":[],"class_list":["post-458839","post","type-post","status-publish","format-standard","has-post-thumbnail","hentry","category-revista-de-ocio"],"aioseo_notices":[],"aioseo_head":"\n\t\t<!-- All in One SEO Pro 5.0.1 - aioseo.com -->\n\t<meta name=\"description\" content=\"Madrid, 6 dic (EFE).- Con su segundo disco de boleros reci\u00e9n estrenado, Manuel, \u00d3scar y Ra\u00fal, los tres componentes de &quot;Caf\u00e9 Quijano&quot; reconocen que les da &quot;verg\u00fcenza&quot; hablar &quot;p\u00fablicamente del amor&quot; pero que se sienten &quot;plenos y felices&quot; tras retomar su carrera musical, que dejaron durante ocho a\u00f1os (2004-2012). Con este segundo volumen de &quot;Or\u00edgenes;\" \/>\n\t<meta name=\"robots\" content=\"max-image-preview:large\" \/>\n\t<meta name=\"author\" content=\"El Digital de Asturias\"\/>\n\t<meta name=\"google-site-verification\" content=\"UA-38556648-1\" \/>\n\t<meta name=\"msvalidate.01\" content=\"7dfe9f3f1b24437ab69f4f2559babe99\" \/>\n\t<meta name=\"keywords\" content=\"revista de ocio\" \/>\n\t<link rel=\"canonical\" href=\"https:\/\/www.eldigitaldeasturias.com\/noticias\/cafe-quijano-nos-da-verguenza-hablar-publicamente-del-amor\/\" \/>\n\t<meta name=\"generator\" content=\"All in One SEO Pro (AIOSEO) 5.0.1\" \/>\n\t\t<meta property=\"og:locale\" content=\"es_ES\" \/>\n\t\t<meta property=\"og:site_name\" content=\"El Digital de Asturias\" \/>\n\t\t<meta property=\"og:type\" content=\"article\" \/>\n\t\t<meta property=\"og:title\" content=\"Caf\u00e9 Quijano : \u00abNos da verg\u00fcenza hablar p\u00fablicamente del amor\u00bb - El Digital de Asturias\" \/>\n\t\t<meta property=\"og:description\" content=\"Madrid, 6 dic (EFE).- Con su segundo disco de boleros reci\u00e9n estrenado, Manuel, \u00d3scar y Ra\u00fal, los tres componentes de &quot;Caf\u00e9 Quijano&quot; reconocen que les da &quot;verg\u00fcenza&quot; hablar &quot;p\u00fablicamente del amor&quot; pero que se sienten &quot;plenos y felices&quot; tras retomar su carrera musical, que dejaron durante ocho a\u00f1os (2004-2012). Con este segundo volumen de &quot;Or\u00edgenes;\" \/>\n\t\t<meta property=\"og:url\" content=\"https:\/\/www.eldigitaldeasturias.com\/noticias\/cafe-quijano-nos-da-verguenza-hablar-publicamente-del-amor\/\" \/>\n\t\t<meta property=\"article:tag\" content=\"revista de ocio\" \/>\n\t\t<meta property=\"article:published_time\" content=\"2013-12-07T00:09:10+00:00\" \/>\n\t\t<meta property=\"article:modified_time\" content=\"2013-12-07T00:09:36+00:00\" \/>\n\t\t<meta property=\"article:publisher\" content=\"https:\/\/facebook.com\/eldigitaldeasturias\" \/>\n\t\t<meta name=\"twitter:card\" content=\"summary_large_image\" \/>\n\t\t<meta name=\"twitter:title\" content=\"Caf\u00e9 Quijano : \u00abNos da verg\u00fcenza hablar p\u00fablicamente del amor\u00bb - El Digital de Asturias\" \/>\n\t\t<meta name=\"twitter:description\" content=\"Madrid, 6 dic (EFE).- Con su segundo disco de boleros reci\u00e9n estrenado, Manuel, \u00d3scar y Ra\u00fal, los tres componentes de &quot;Caf\u00e9 Quijano&quot; reconocen que les da &quot;verg\u00fcenza&quot; hablar &quot;p\u00fablicamente del amor&quot; pero que se sienten &quot;plenos y felices&quot; tras retomar su carrera musical, que dejaron durante ocho a\u00f1os (2004-2012). Con este segundo volumen de &quot;Or\u00edgenes;\" \/>\n\t\t<meta name=\"twitter:label1\" content=\"Escrito por\" \/>\n\t\t<meta name=\"twitter:data1\" content=\"El Digital de Asturias\" \/>\n\t\t<meta name=\"twitter:label2\" content=\"Tiempo de lectura estimado\" \/>\n\t\t<meta name=\"twitter:data2\" content=\"2 minutos\" \/>\n\t\t<script type=\"application\/ld+json\" class=\"aioseo-schema\">\n\t\t\t{\"@context\":\"https:\\\/\\\/schema.org\",\"@graph\":[{\"@type\":\"BlogPosting\",\"@id\":\"https:\\\/\\\/www.eldigitaldeasturias.com\\\/noticias\\\/cafe-quijano-nos-da-verguenza-hablar-publicamente-del-amor\\\/#blogposting\",\"name\":\"Caf\\u00e9 Quijano : \\u00abNos da verg\\u00fcenza hablar p\\u00fablicamente del amor\\u00bb - El Digital de Asturias\",\"headline\":\"Caf\\u00e9 Quijano : \\u00abNos da verg\\u00fcenza hablar p\\u00fablicamente del amor\\u00bb\",\"author\":{\"@id\":\"https:\\\/\\\/www.eldigitaldeasturias.com\\\/noticias\\\/author\\\/admin\\\/#author\"},\"publisher\":{\"@id\":\"https:\\\/\\\/www.eldigitaldeasturias.com\\\/noticias\\\/#organization\"},\"image\":{\"@type\":\"ImageObject\",\"url\":458840},\"datePublished\":\"2013-12-06T23:09:10+01:00\",\"dateModified\":\"2013-12-06T23:09:36+01:00\",\"inLanguage\":\"es-ES\",\"mainEntityOfPage\":{\"@id\":\"https:\\\/\\\/www.eldigitaldeasturias.com\\\/noticias\\\/cafe-quijano-nos-da-verguenza-hablar-publicamente-del-amor\\\/#webpage\"},\"isPartOf\":{\"@id\":\"https:\\\/\\\/www.eldigitaldeasturias.com\\\/noticias\\\/cafe-quijano-nos-da-verguenza-hablar-publicamente-del-amor\\\/#webpage\"},\"articleSection\":\"Revista de Ocio\"},{\"@type\":\"BreadcrumbList\",\"@id\":\"https:\\\/\\\/www.eldigitaldeasturias.com\\\/noticias\\\/cafe-quijano-nos-da-verguenza-hablar-publicamente-del-amor\\\/#breadcrumblist\",\"itemListElement\":[{\"@type\":\"ListItem\",\"@id\":\"https:\\\/\\\/www.eldigitaldeasturias.com\\\/noticias#listItem\",\"position\":1,\"name\":\"Home\",\"item\":\"https:\\\/\\\/www.eldigitaldeasturias.com\\\/noticias\",\"nextItem\":{\"@type\":\"ListItem\",\"@id\":\"https:\\\/\\\/www.eldigitaldeasturias.com\\\/noticias\\\/category\\\/revista-de-ocio\\\/#listItem\",\"name\":\"Revista de Ocio\"}},{\"@type\":\"ListItem\",\"@id\":\"https:\\\/\\\/www.eldigitaldeasturias.com\\\/noticias\\\/category\\\/revista-de-ocio\\\/#listItem\",\"position\":2,\"name\":\"Revista de Ocio\",\"item\":\"https:\\\/\\\/www.eldigitaldeasturias.com\\\/noticias\\\/category\\\/revista-de-ocio\\\/\",\"nextItem\":{\"@type\":\"ListItem\",\"@id\":\"https:\\\/\\\/www.eldigitaldeasturias.com\\\/noticias\\\/cafe-quijano-nos-da-verguenza-hablar-publicamente-del-amor\\\/#listItem\",\"name\":\"Caf\\u00e9 Quijano : \\u00abNos da verg\\u00fcenza hablar p\\u00fablicamente del amor\\u00bb\"},\"previousItem\":{\"@type\":\"ListItem\",\"@id\":\"https:\\\/\\\/www.eldigitaldeasturias.com\\\/noticias#listItem\",\"name\":\"Home\"}},{\"@type\":\"ListItem\",\"@id\":\"https:\\\/\\\/www.eldigitaldeasturias.com\\\/noticias\\\/cafe-quijano-nos-da-verguenza-hablar-publicamente-del-amor\\\/#listItem\",\"position\":3,\"name\":\"Caf\\u00e9 Quijano : \\u00abNos da verg\\u00fcenza hablar p\\u00fablicamente del amor\\u00bb\",\"previousItem\":{\"@type\":\"ListItem\",\"@id\":\"https:\\\/\\\/www.eldigitaldeasturias.com\\\/noticias\\\/category\\\/revista-de-ocio\\\/#listItem\",\"name\":\"Revista de Ocio\"}}]},{\"@type\":\"Organization\",\"@id\":\"https:\\\/\\\/www.eldigitaldeasturias.com\\\/noticias\\\/#organization\",\"name\":\"El Digital de Asturias\",\"description\":\"Hemeroteca\",\"url\":\"https:\\\/\\\/www.eldigitaldeasturias.com\\\/noticias\\\/\",\"email\":\"info@eldigitaldeasturias.com\",\"telephone\":\"+34652131393\",\"logo\":{\"@type\":\"ImageObject\",\"url\":\"https:\\\/\\\/www.eldigitaldeasturias.com\\\/noticias\\\/wp-content\\\/uploads\\\/2020\\\/12\\\/EDA.jpg\",\"@id\":\"https:\\\/\\\/www.eldigitaldeasturias.com\\\/noticias\\\/cafe-quijano-nos-da-verguenza-hablar-publicamente-del-amor\\\/#organizationLogo\"},\"image\":{\"@id\":\"https:\\\/\\\/www.eldigitaldeasturias.com\\\/noticias\\\/cafe-quijano-nos-da-verguenza-hablar-publicamente-del-amor\\\/#organizationLogo\"},\"sameAs\":[\"https:\\\/\\\/facebook.com\\\/eldigitaldeasturias\",\"https:\\\/\\\/www.youtube.com\\\/channel\\\/UCZP-2wLEB9Rv6erhFmqVnvg\"],\"address\":{\"@id\":\"https:\\\/\\\/www.eldigitaldeasturias.com\\\/noticias\\\/#postaladdress\",\"@type\":\"PostalAddress\",\"streetAddress\":\"san antonio 4\",\"postalCode\":\"33430\",\"addressLocality\":\"Cand\\u00e1s\",\"addressRegion\":\"Asturias\",\"addressCountry\":\"ES\"}},{\"@type\":\"Person\",\"@id\":\"https:\\\/\\\/www.eldigitaldeasturias.com\\\/noticias\\\/author\\\/admin\\\/#author\",\"url\":\"https:\\\/\\\/www.eldigitaldeasturias.com\\\/noticias\\\/author\\\/admin\\\/\",\"name\":\"El Digital de Asturias\",\"image\":{\"@type\":\"ImageObject\",\"@id\":\"https:\\\/\\\/www.eldigitaldeasturias.com\\\/noticias\\\/cafe-quijano-nos-da-verguenza-hablar-publicamente-del-amor\\\/#authorImage\",\"url\":\"https:\\\/\\\/secure.gravatar.com\\\/avatar\\\/df2aeffc32bcd13f8d26072ef8a91b623d677766deac7f97ca815868cd41bf5e?s=96&d=mm&r=g\",\"width\":96,\"height\":96,\"caption\":\"El Digital de Asturias\"}},{\"@type\":\"WebPage\",\"@id\":\"https:\\\/\\\/www.eldigitaldeasturias.com\\\/noticias\\\/cafe-quijano-nos-da-verguenza-hablar-publicamente-del-amor\\\/#webpage\",\"url\":\"https:\\\/\\\/www.eldigitaldeasturias.com\\\/noticias\\\/cafe-quijano-nos-da-verguenza-hablar-publicamente-del-amor\\\/\",\"name\":\"Caf\\u00e9 Quijano : \\u00abNos da verg\\u00fcenza hablar p\\u00fablicamente del amor\\u00bb - El Digital de Asturias\",\"description\":\"Madrid, 6 dic (EFE).- Con su segundo disco de boleros reci\\u00e9n estrenado, Manuel, \\u00d3scar y Ra\\u00fal, los tres componentes de \\\"Caf\\u00e9 Quijano\\\" reconocen que les da \\\"verg\\u00fcenza\\\" hablar \\\"p\\u00fablicamente del amor\\\" pero que se sienten \\\"plenos y felices\\\" tras retomar su carrera musical, que dejaron durante ocho a\\u00f1os (2004-2012). Con este segundo volumen de \\\"Or\\u00edgenes;\",\"inLanguage\":\"es-ES\",\"isPartOf\":{\"@id\":\"https:\\\/\\\/www.eldigitaldeasturias.com\\\/noticias\\\/#website\"},\"breadcrumb\":{\"@id\":\"https:\\\/\\\/www.eldigitaldeasturias.com\\\/noticias\\\/cafe-quijano-nos-da-verguenza-hablar-publicamente-del-amor\\\/#breadcrumblist\"},\"author\":{\"@id\":\"https:\\\/\\\/www.eldigitaldeasturias.com\\\/noticias\\\/author\\\/admin\\\/#author\"},\"creator\":{\"@id\":\"https:\\\/\\\/www.eldigitaldeasturias.com\\\/noticias\\\/author\\\/admin\\\/#author\"},\"image\":{\"@type\":\"ImageObject\",\"url\":458840,\"@id\":\"https:\\\/\\\/www.eldigitaldeasturias.com\\\/noticias\\\/cafe-quijano-nos-da-verguenza-hablar-publicamente-del-amor\\\/#mainImage\"},\"primaryImageOfPage\":{\"@id\":\"https:\\\/\\\/www.eldigitaldeasturias.com\\\/noticias\\\/cafe-quijano-nos-da-verguenza-hablar-publicamente-del-amor\\\/#mainImage\"},\"datePublished\":\"2013-12-06T23:09:10+01:00\",\"dateModified\":\"2013-12-06T23:09:36+01:00\"},{\"@type\":\"WebSite\",\"@id\":\"https:\\\/\\\/www.eldigitaldeasturias.com\\\/noticias\\\/#website\",\"url\":\"https:\\\/\\\/www.eldigitaldeasturias.com\\\/noticias\\\/\",\"name\":\"El Digital de Asturias - Diario de actualidad y noticias\",\"alternateName\":\"El Digital de Asturias - Diario de actualidad y noticias\",\"description\":\"Hemeroteca\",\"inLanguage\":\"es-ES\",\"publisher\":{\"@id\":\"https:\\\/\\\/www.eldigitaldeasturias.com\\\/noticias\\\/#organization\"}}]}\n\t\t<\/script>\n\t\t<!-- All in One SEO Pro -->\r\n\t\t<title>Caf\u00e9 Quijano : \u00abNos da verg\u00fcenza hablar p\u00fablicamente del amor\u00bb - El Digital de Asturias<\/title>\n\n","aioseo_head_json":{"title":"Caf\u00e9 Quijano : \u00abNos da verg\u00fcenza hablar p\u00fablicamente del amor\u00bb - El Digital de Asturias","description":"Madrid, 6 dic (EFE).- Con su segundo disco de boleros reci\u00e9n estrenado, Manuel, \u00d3scar y Ra\u00fal, los tres componentes de \"Caf\u00e9 Quijano\" reconocen que les da \"verg\u00fcenza\" hablar \"p\u00fablicamente del amor\" pero que se sienten \"plenos y felices\" tras retomar su carrera musical, que dejaron durante ocho a\u00f1os (2004-2012). Con este segundo volumen de \"Or\u00edgenes;","canonical_url":"https:\/\/www.eldigitaldeasturias.com\/noticias\/cafe-quijano-nos-da-verguenza-hablar-publicamente-del-amor\/","robots":"max-image-preview:large","keywords":"revista de ocio","webmasterTools":{"google-site-verification":"UA-38556648-1","msvalidate.01":"7dfe9f3f1b24437ab69f4f2559babe99","miscellaneous":""},"schema":{"@context":"https:\/\/schema.org","@graph":[{"@type":"BlogPosting","@id":"https:\/\/www.eldigitaldeasturias.com\/noticias\/cafe-quijano-nos-da-verguenza-hablar-publicamente-del-amor\/#blogposting","name":"Caf\u00e9 Quijano : \u00abNos da verg\u00fcenza hablar p\u00fablicamente del amor\u00bb - El Digital de Asturias","headline":"Caf\u00e9 Quijano : \u00abNos da verg\u00fcenza hablar p\u00fablicamente del amor\u00bb","author":{"@id":"https:\/\/www.eldigitaldeasturias.com\/noticias\/author\/admin\/#author"},"publisher":{"@id":"https:\/\/www.eldigitaldeasturias.com\/noticias\/#organization"},"image":{"@type":"ImageObject","url":458840},"datePublished":"2013-12-06T23:09:10+01:00","dateModified":"2013-12-06T23:09:36+01:00","inLanguage":"es-ES","mainEntityOfPage":{"@id":"https:\/\/www.eldigitaldeasturias.com\/noticias\/cafe-quijano-nos-da-verguenza-hablar-publicamente-del-amor\/#webpage"},"isPartOf":{"@id":"https:\/\/www.eldigitaldeasturias.com\/noticias\/cafe-quijano-nos-da-verguenza-hablar-publicamente-del-amor\/#webpage"},"articleSection":"Revista de Ocio"},{"@type":"BreadcrumbList","@id":"https:\/\/www.eldigitaldeasturias.com\/noticias\/cafe-quijano-nos-da-verguenza-hablar-publicamente-del-amor\/#breadcrumblist","itemListElement":[{"@type":"ListItem","@id":"https:\/\/www.eldigitaldeasturias.com\/noticias#listItem","position":1,"name":"Home","item":"https:\/\/www.eldigitaldeasturias.com\/noticias","nextItem":{"@type":"ListItem","@id":"https:\/\/www.eldigitaldeasturias.com\/noticias\/category\/revista-de-ocio\/#listItem","name":"Revista de Ocio"}},{"@type":"ListItem","@id":"https:\/\/www.eldigitaldeasturias.com\/noticias\/category\/revista-de-ocio\/#listItem","position":2,"name":"Revista de Ocio","item":"https:\/\/www.eldigitaldeasturias.com\/noticias\/category\/revista-de-ocio\/","nextItem":{"@type":"ListItem","@id":"https:\/\/www.eldigitaldeasturias.com\/noticias\/cafe-quijano-nos-da-verguenza-hablar-publicamente-del-amor\/#listItem","name":"Caf\u00e9 Quijano : \u00abNos da verg\u00fcenza hablar p\u00fablicamente del amor\u00bb"},"previousItem":{"@type":"ListItem","@id":"https:\/\/www.eldigitaldeasturias.com\/noticias#listItem","name":"Home"}},{"@type":"ListItem","@id":"https:\/\/www.eldigitaldeasturias.com\/noticias\/cafe-quijano-nos-da-verguenza-hablar-publicamente-del-amor\/#listItem","position":3,"name":"Caf\u00e9 Quijano : \u00abNos da verg\u00fcenza hablar p\u00fablicamente del amor\u00bb","previousItem":{"@type":"ListItem","@id":"https:\/\/www.eldigitaldeasturias.com\/noticias\/category\/revista-de-ocio\/#listItem","name":"Revista de Ocio"}}]},{"@type":"Organization","@id":"https:\/\/www.eldigitaldeasturias.com\/noticias\/#organization","name":"El Digital de Asturias","description":"Hemeroteca","url":"https:\/\/www.eldigitaldeasturias.com\/noticias\/","email":"info@eldigitaldeasturias.com","telephone":"+34652131393","logo":{"@type":"ImageObject","url":"https:\/\/www.eldigitaldeasturias.com\/noticias\/wp-content\/uploads\/2020\/12\/EDA.jpg","@id":"https:\/\/www.eldigitaldeasturias.com\/noticias\/cafe-quijano-nos-da-verguenza-hablar-publicamente-del-amor\/#organizationLogo"},"image":{"@id":"https:\/\/www.eldigitaldeasturias.com\/noticias\/cafe-quijano-nos-da-verguenza-hablar-publicamente-del-amor\/#organizationLogo"},"sameAs":["https:\/\/facebook.com\/eldigitaldeasturias","https:\/\/www.youtube.com\/channel\/UCZP-2wLEB9Rv6erhFmqVnvg"],"address":{"@id":"https:\/\/www.eldigitaldeasturias.com\/noticias\/#postaladdress","@type":"PostalAddress","streetAddress":"san antonio 4","postalCode":"33430","addressLocality":"Cand\u00e1s","addressRegion":"Asturias","addressCountry":"ES"}},{"@type":"Person","@id":"https:\/\/www.eldigitaldeasturias.com\/noticias\/author\/admin\/#author","url":"https:\/\/www.eldigitaldeasturias.com\/noticias\/author\/admin\/","name":"El Digital de Asturias","image":{"@type":"ImageObject","@id":"https:\/\/www.eldigitaldeasturias.com\/noticias\/cafe-quijano-nos-da-verguenza-hablar-publicamente-del-amor\/#authorImage","url":"https:\/\/secure.gravatar.com\/avatar\/df2aeffc32bcd13f8d26072ef8a91b623d677766deac7f97ca815868cd41bf5e?s=96&d=mm&r=g","width":96,"height":96,"caption":"El Digital de Asturias"}},{"@type":"WebPage","@id":"https:\/\/www.eldigitaldeasturias.com\/noticias\/cafe-quijano-nos-da-verguenza-hablar-publicamente-del-amor\/#webpage","url":"https:\/\/www.eldigitaldeasturias.com\/noticias\/cafe-quijano-nos-da-verguenza-hablar-publicamente-del-amor\/","name":"Caf\u00e9 Quijano : \u00abNos da verg\u00fcenza hablar p\u00fablicamente del amor\u00bb - El Digital de Asturias","description":"Madrid, 6 dic (EFE).- Con su segundo disco de boleros reci\u00e9n estrenado, Manuel, \u00d3scar y Ra\u00fal, los tres componentes de \"Caf\u00e9 Quijano\" reconocen que les da \"verg\u00fcenza\" hablar \"p\u00fablicamente del amor\" pero que se sienten \"plenos y felices\" tras retomar su carrera musical, que dejaron durante ocho a\u00f1os (2004-2012). Con este segundo volumen de \"Or\u00edgenes;","inLanguage":"es-ES","isPartOf":{"@id":"https:\/\/www.eldigitaldeasturias.com\/noticias\/#website"},"breadcrumb":{"@id":"https:\/\/www.eldigitaldeasturias.com\/noticias\/cafe-quijano-nos-da-verguenza-hablar-publicamente-del-amor\/#breadcrumblist"},"author":{"@id":"https:\/\/www.eldigitaldeasturias.com\/noticias\/author\/admin\/#author"},"creator":{"@id":"https:\/\/www.eldigitaldeasturias.com\/noticias\/author\/admin\/#author"},"image":{"@type":"ImageObject","url":458840,"@id":"https:\/\/www.eldigitaldeasturias.com\/noticias\/cafe-quijano-nos-da-verguenza-hablar-publicamente-del-amor\/#mainImage"},"primaryImageOfPage":{"@id":"https:\/\/www.eldigitaldeasturias.com\/noticias\/cafe-quijano-nos-da-verguenza-hablar-publicamente-del-amor\/#mainImage"},"datePublished":"2013-12-06T23:09:10+01:00","dateModified":"2013-12-06T23:09:36+01:00"},{"@type":"WebSite","@id":"https:\/\/www.eldigitaldeasturias.com\/noticias\/#website","url":"https:\/\/www.eldigitaldeasturias.com\/noticias\/","name":"El Digital de Asturias - Diario de actualidad y noticias","alternateName":"El Digital de Asturias - Diario de actualidad y noticias","description":"Hemeroteca","inLanguage":"es-ES","publisher":{"@id":"https:\/\/www.eldigitaldeasturias.com\/noticias\/#organization"}}]},"og:locale":"es_ES","og:site_name":"El Digital de Asturias","og:type":"article","og:title":"Caf\u00e9 Quijano : \u00abNos da verg\u00fcenza hablar p\u00fablicamente del amor\u00bb - El Digital de Asturias","og:description":"Madrid, 6 dic (EFE).- Con su segundo disco de boleros reci\u00e9n estrenado, Manuel, \u00d3scar y Ra\u00fal, los tres componentes de &quot;Caf\u00e9 Quijano&quot; reconocen que les da &quot;verg\u00fcenza&quot; hablar &quot;p\u00fablicamente del amor&quot; pero que se sienten &quot;plenos y felices&quot; tras retomar su carrera musical, que dejaron durante ocho a\u00f1os (2004-2012). Con este segundo volumen de &quot;Or\u00edgenes;","og:url":"https:\/\/www.eldigitaldeasturias.com\/noticias\/cafe-quijano-nos-da-verguenza-hablar-publicamente-del-amor\/","article:tag":["revista de ocio"],"article:published_time":"2013-12-07T00:09:10+00:00","article:modified_time":"2013-12-07T00:09:36+00:00","article:publisher":"https:\/\/facebook.com\/eldigitaldeasturias","twitter:card":"summary_large_image","twitter:title":"Caf\u00e9 Quijano : \u00abNos da verg\u00fcenza hablar p\u00fablicamente del amor\u00bb - El Digital de Asturias","twitter:description":"Madrid, 6 dic (EFE).- Con su segundo disco de boleros reci\u00e9n estrenado, Manuel, \u00d3scar y Ra\u00fal, los tres componentes de &quot;Caf\u00e9 Quijano&quot; reconocen que les da &quot;verg\u00fcenza&quot; hablar &quot;p\u00fablicamente del amor&quot; pero que se sienten &quot;plenos y felices&quot; tras retomar su carrera musical, que dejaron durante ocho a\u00f1os (2004-2012). Con este segundo volumen de &quot;Or\u00edgenes;","twitter:label1":"Escrito por","twitter:data1":"El Digital de Asturias","twitter:label2":"Tiempo de lectura estimado","twitter:data2":"2 minutos"},"aioseo_meta_data":{"post_id":"458839","title":null,"description":null,"keywords":null,"keyphrases":null,"primary_term":null,"canonical_url":null,"og_title":null,"og_description":null,"og_object_type":"default","og_image_type":"default","og_image_url":null,"og_image_width":null,"og_image_height":null,"og_image_custom_url":null,"og_image_custom_fields":null,"og_video":null,"og_custom_url":null,"og_article_section":null,"og_article_tags":null,"twitter_use_og":true,"twitter_card":"default","twitter_image_type":"default","twitter_image_url":null,"twitter_image_custom_url":null,"twitter_image_custom_fields":null,"twitter_title":null,"twitter_description":null,"schema":{"blockGraphs":[],"customGraphs":[],"default":{"data":{"Article":[],"Course":[],"Dataset":[],"FAQPage":[],"Movie":[],"Person":[],"Product":[],"ProductReview":[],"Car":[],"Recipe":[],"Service":[],"SoftwareApplication":[],"WebPage":[]},"graphName":"","isEnabled":true},"graphs":[],"defaultGraph":"","defaultPostTypeGraph":""},"schema_type":null,"schema_type_options":null,"pillar_content":false,"robots_default":true,"robots_noindex":false,"robots_noarchive":false,"robots_nosnippet":false,"robots_nofollow":false,"robots_noimageindex":false,"robots_noodp":false,"robots_notranslate":false,"robots_max_snippet":null,"robots_max_videopreview":null,"robots_max_imagepreview":"none","priority":null,"frequency":null,"local_seo":null,"seo_analyzer_scan_date":"2026-05-30 06:59:04","breadcrumb_settings":null,"limit_modified_date":false,"open_ai":null,"ai":null,"created":"2020-11-14 22:46:25","updated":"2026-05-30 06:59:04","focus_keyword":null,"additional_keywords":null,"truseo_locale":null},"aioseo_breadcrumb":"<div class=\"aioseo-breadcrumbs\"><span class=\"aioseo-breadcrumb\">\n\t<a href=\"https:\/\/www.eldigitaldeasturias.com\/noticias\" title=\"Home\">Home<\/a>\n<\/span><span class=\"aioseo-breadcrumb-separator\">\u2013<\/span><span class=\"aioseo-breadcrumb\">\n\t<a href=\"https:\/\/www.eldigitaldeasturias.com\/noticias\/category\/revista-de-ocio\/\" title=\"Revista de Ocio\">Revista de Ocio<\/a>\n<\/span><span class=\"aioseo-breadcrumb-separator\">\u2013<\/span><span class=\"aioseo-breadcrumb\">\n\t<a href=\"https:\/\/www.eldigitaldeasturias.com\/noticias\/cafe-quijano-nos-da-verguenza-hablar-publicamente-del-amor\/\" title=\"Caf\u00e9 Quijano : \u00abNos da verg\u00fcenza hablar p\u00fablicamente del amor\u00bb\">Caf\u00e9 Quijano : \u00abNos da verg\u00fcenza hablar p\u00fablicamente del amor\u00bb<\/a>\n<\/span><\/div>","aioseo_breadcrumb_json":[{"label":"Home","link":"https:\/\/www.eldigitaldeasturias.com\/noticias"},{"label":"Revista de Ocio","link":"https:\/\/www.eldigitaldeasturias.com\/noticias\/category\/revista-de-ocio\/"},{"label":"Caf\u00e9 Quijano : \u00abNos da verg\u00fcenza hablar p\u00fablicamente del amor\u00bb","link":"https:\/\/www.eldigitaldeasturias.com\/noticias\/cafe-quijano-nos-da-verguenza-hablar-publicamente-del-amor\/"}],"_links":{"self":[{"href":"https:\/\/www.eldigitaldeasturias.com\/noticias\/wp-json\/wp\/v2\/posts\/458839","targetHints":{"allow":["GET"]}}],"collection":[{"href":"https:\/\/www.eldigitaldeasturias.com\/noticias\/wp-json\/wp\/v2\/posts"}],"about":[{"href":"https:\/\/www.eldigitaldeasturias.com\/noticias\/wp-json\/wp\/v2\/types\/post"}],"author":[{"embeddable":true,"href":"https:\/\/www.eldigitaldeasturias.com\/noticias\/wp-json\/wp\/v2\/users\/1"}],"replies":[{"embeddable":true,"href":"https:\/\/www.eldigitaldeasturias.com\/noticias\/wp-json\/wp\/v2\/comments?post=458839"}],"version-history":[{"count":0,"href":"https:\/\/www.eldigitaldeasturias.com\/noticias\/wp-json\/wp\/v2\/posts\/458839\/revisions"}],"wp:attachment":[{"href":"https:\/\/www.eldigitaldeasturias.com\/noticias\/wp-json\/wp\/v2\/media?parent=458839"}],"wp:term":[{"taxonomy":"category","embeddable":true,"href":"https:\/\/www.eldigitaldeasturias.com\/noticias\/wp-json\/wp\/v2\/categories?post=458839"},{"taxonomy":"post_tag","embeddable":true,"href":"https:\/\/www.eldigitaldeasturias.com\/noticias\/wp-json\/wp\/v2\/tags?post=458839"}],"curies":[{"name":"wp","href":"https:\/\/api.w.org\/{rel}","templated":true}]}}