{"id":458836,"date":"2013-12-06T23:07:53","date_gmt":"2013-12-07T00:07:53","guid":{"rendered":"http:\/\/www.eldigitaldeasturias.com\/noticias\/?p=458836"},"modified":"2013-12-06T23:07:53","modified_gmt":"2013-12-07T00:07:53","slug":"flores-y-cantos-en-un-festivo-homenaje-a-mandela-en-londres","status":"publish","type":"post","link":"https:\/\/www.eldigitaldeasturias.com\/noticias\/flores-y-cantos-en-un-festivo-homenaje-a-mandela-en-londres\/","title":{"rendered":"Flores y cantos en un festivo homenaje a Mandela en Londres"},"content":{"rendered":"<p><img loading=\"lazy\" decoding=\"async\" class=\"alignleft size-medium wp-image-458837\" alt=\"5777166w\" src=\"https:\/\/www.eldigitaldeasturias.com\/noticias\/wp-content\/uploads\/2013\/12\/5777166w-360x230.jpg\" width=\"360\" height=\"230\" \/>Londres, 6 dic (EFE).- Flores, banderas sudafricanas, tarjetas y velas son colocadas hoy en recuerdo de Nelson Mandela ante la Casa de Sud\u00e1frica, en la c\u00e9ntrica plaza de Trafalgar de Londres, centro de protestas durante d\u00e9cadas contra el \u00abapartheid\u00bb.<\/p>\n<p>Decenas de personas en la capital inglesa rindieron un festivo homenaje para \u00abcelebrar la vida\u00bb de Mandela y conmemorar su lucha con cantos por la libertad.<\/p>\n<p>En Londres muchas banderas ondean hoy a media asta en recuerdo del fallecido pol\u00edtico sudafricano, como en Downing Street, residencia oficial del primer ministro brit\u00e1nico, David Cameron.<\/p>\n<p>Adem\u00e1s de Trafalgar Square, otro de los lugares de homenaje a Mandela en la capital brit\u00e1nica era frente a su estatua, ante el Parlamento de Westminster, donde se o\u00edan gritos de \u00abViva Mandela\u00bb.<\/p>\n<p>All\u00ed, el belga Daniel explicaba a Efe que el expresidente sudafricano y premio Nobel de la Paz \u00abtransform\u00f3 el rencor en acogida al enemigo\u00bb mientras su amigo John, de Londres, aseguraba que deja \u00abun legado de fortaleza y justicia\u00bb.<\/p>\n<p>Por lo general los asistentes en Londres a estos improvisados actos de homenaje, entre ellos muchos sudafricanos pero tambi\u00e9n turistas, se centraban en celebrar la vida de Mandela y su legado, m\u00e1s que expresar tristeza por su muerte a los 95 a\u00f1os.<\/p>\n<p>\u00abNo es momento para llorar o estar tristes, es tiempo para celebrar que nuestro futuro brilla gracias a Mandela\u00bb, asegur\u00f3 a Efe un sudafricano de 32 a\u00f1os.<\/p>\n<p>Su compatriota Celine comentaba tambi\u00e9n, ante la Casa de Sud\u00e1frica, que sent\u00eda \u00abuna inmensa alegr\u00eda y tristeza\u00bb al tiempo y que su deseo era \u00abcelebrar la vida de Mandela\u00bb.<\/p>\n<p>Durante d\u00e9cadas, mientras Nelson Mandela estuvo preso en Robben Island, la plaza de Trafalgar de Londres fue uno de los lugares que simboliz\u00f3 la lucha contra el r\u00e9gimen de segregaci\u00f3n racial del \u00abapartheid\u00bb.<\/p>\n","protected":false},"excerpt":{"rendered":"<p>Londres, 6 dic (EFE).- Flores, banderas sudafricanas, tarjetas y velas son colocadas hoy en recuerdo de Nelson Mandela ante la Casa de Sud\u00e1frica, en la c\u00e9ntrica plaza de Trafalgar de Londres, centro de protestas durante d\u00e9cadas contra el \u00abapartheid\u00bb. Decenas de personas en la capital inglesa rindieron un festivo homenaje para \u00abcelebrar la vida\u00bb de [&hellip;]<\/p>\n","protected":false},"author":1,"featured_media":458837,"comment_status":"closed","ping_status":"open","sticky":false,"template":"","format":"standard","meta":{"footnotes":""},"categories":[28],"tags":[],"class_list":["post-458836","post","type-post","status-publish","format-standard","has-post-thumbnail","hentry","category-sociedad"],"aioseo_notices":[],"aioseo_head":"\n\t\t<!-- All in One SEO Pro 5.0.1 - aioseo.com -->\n\t<meta name=\"description\" content=\"Londres, 6 dic (EFE).- Flores, banderas sudafricanas, tarjetas y velas son colocadas hoy en recuerdo de Nelson Mandela ante la Casa de Sud\u00e1frica, en la c\u00e9ntrica plaza de Trafalgar de Londres, centro de protestas durante d\u00e9cadas contra el &quot;apartheid&quot;. Decenas de personas en la capital inglesa rindieron un festivo homenaje para &quot;celebrar la vida&quot; de\" \/>\n\t<meta name=\"robots\" content=\"max-image-preview:large\" \/>\n\t<meta name=\"author\" content=\"El Digital de Asturias\"\/>\n\t<meta name=\"google-site-verification\" content=\"UA-38556648-1\" \/>\n\t<meta name=\"msvalidate.01\" content=\"7dfe9f3f1b24437ab69f4f2559babe99\" \/>\n\t<meta name=\"keywords\" content=\"sociedad\" \/>\n\t<link rel=\"canonical\" href=\"https:\/\/www.eldigitaldeasturias.com\/noticias\/flores-y-cantos-en-un-festivo-homenaje-a-mandela-en-londres\/\" \/>\n\t<meta name=\"generator\" content=\"All in One SEO Pro (AIOSEO) 5.0.1\" \/>\n\t\t<meta property=\"og:locale\" content=\"es_ES\" \/>\n\t\t<meta property=\"og:site_name\" content=\"El Digital de Asturias\" \/>\n\t\t<meta property=\"og:type\" content=\"article\" \/>\n\t\t<meta property=\"og:title\" content=\"Flores y cantos en un festivo homenaje a Mandela en Londres - El Digital de Asturias\" \/>\n\t\t<meta property=\"og:description\" content=\"Londres, 6 dic (EFE).- Flores, banderas sudafricanas, tarjetas y velas son colocadas hoy en recuerdo de Nelson Mandela ante la Casa de Sud\u00e1frica, en la c\u00e9ntrica plaza de Trafalgar de Londres, centro de protestas durante d\u00e9cadas contra el &quot;apartheid&quot;. Decenas de personas en la capital inglesa rindieron un festivo homenaje para &quot;celebrar la vida&quot; de\" \/>\n\t\t<meta property=\"og:url\" content=\"https:\/\/www.eldigitaldeasturias.com\/noticias\/flores-y-cantos-en-un-festivo-homenaje-a-mandela-en-londres\/\" \/>\n\t\t<meta property=\"article:tag\" content=\"sociedad\" \/>\n\t\t<meta property=\"article:published_time\" content=\"2013-12-07T00:07:53+00:00\" \/>\n\t\t<meta property=\"article:modified_time\" content=\"2013-12-07T00:07:53+00:00\" \/>\n\t\t<meta property=\"article:publisher\" content=\"https:\/\/facebook.com\/eldigitaldeasturias\" \/>\n\t\t<meta name=\"twitter:card\" content=\"summary_large_image\" \/>\n\t\t<meta name=\"twitter:title\" content=\"Flores y cantos en un festivo homenaje a Mandela en Londres - El Digital de Asturias\" \/>\n\t\t<meta name=\"twitter:description\" content=\"Londres, 6 dic (EFE).- Flores, banderas sudafricanas, tarjetas y velas son colocadas hoy en recuerdo de Nelson Mandela ante la Casa de Sud\u00e1frica, en la c\u00e9ntrica plaza de Trafalgar de Londres, centro de protestas durante d\u00e9cadas contra el &quot;apartheid&quot;. Decenas de personas en la capital inglesa rindieron un festivo homenaje para &quot;celebrar la vida&quot; de\" \/>\n\t\t<meta name=\"twitter:label1\" content=\"Escrito por\" \/>\n\t\t<meta name=\"twitter:data1\" content=\"El Digital de Asturias\" \/>\n\t\t<meta name=\"twitter:label2\" content=\"Tiempo de lectura estimado\" \/>\n\t\t<meta name=\"twitter:data2\" content=\"2 minutos\" \/>\n\t\t<script type=\"application\/ld+json\" class=\"aioseo-schema\">\n\t\t\t{\"@context\":\"https:\\\/\\\/schema.org\",\"@graph\":[{\"@type\":\"BlogPosting\",\"@id\":\"https:\\\/\\\/www.eldigitaldeasturias.com\\\/noticias\\\/flores-y-cantos-en-un-festivo-homenaje-a-mandela-en-londres\\\/#blogposting\",\"name\":\"Flores y cantos en un festivo homenaje a Mandela en Londres - El Digital de Asturias\",\"headline\":\"Flores y cantos en un festivo homenaje a Mandela en Londres\",\"author\":{\"@id\":\"https:\\\/\\\/www.eldigitaldeasturias.com\\\/noticias\\\/author\\\/admin\\\/#author\"},\"publisher\":{\"@id\":\"https:\\\/\\\/www.eldigitaldeasturias.com\\\/noticias\\\/#organization\"},\"image\":{\"@type\":\"ImageObject\",\"url\":458837},\"datePublished\":\"2013-12-06T23:07:53+01:00\",\"dateModified\":\"2013-12-06T23:07:53+01:00\",\"inLanguage\":\"es-ES\",\"mainEntityOfPage\":{\"@id\":\"https:\\\/\\\/www.eldigitaldeasturias.com\\\/noticias\\\/flores-y-cantos-en-un-festivo-homenaje-a-mandela-en-londres\\\/#webpage\"},\"isPartOf\":{\"@id\":\"https:\\\/\\\/www.eldigitaldeasturias.com\\\/noticias\\\/flores-y-cantos-en-un-festivo-homenaje-a-mandela-en-londres\\\/#webpage\"},\"articleSection\":\"Sociedad\"},{\"@type\":\"BreadcrumbList\",\"@id\":\"https:\\\/\\\/www.eldigitaldeasturias.com\\\/noticias\\\/flores-y-cantos-en-un-festivo-homenaje-a-mandela-en-londres\\\/#breadcrumblist\",\"itemListElement\":[{\"@type\":\"ListItem\",\"@id\":\"https:\\\/\\\/www.eldigitaldeasturias.com\\\/noticias#listItem\",\"position\":1,\"name\":\"Home\",\"item\":\"https:\\\/\\\/www.eldigitaldeasturias.com\\\/noticias\",\"nextItem\":{\"@type\":\"ListItem\",\"@id\":\"https:\\\/\\\/www.eldigitaldeasturias.com\\\/noticias\\\/category\\\/sociedad\\\/#listItem\",\"name\":\"Sociedad\"}},{\"@type\":\"ListItem\",\"@id\":\"https:\\\/\\\/www.eldigitaldeasturias.com\\\/noticias\\\/category\\\/sociedad\\\/#listItem\",\"position\":2,\"name\":\"Sociedad\",\"item\":\"https:\\\/\\\/www.eldigitaldeasturias.com\\\/noticias\\\/category\\\/sociedad\\\/\",\"nextItem\":{\"@type\":\"ListItem\",\"@id\":\"https:\\\/\\\/www.eldigitaldeasturias.com\\\/noticias\\\/flores-y-cantos-en-un-festivo-homenaje-a-mandela-en-londres\\\/#listItem\",\"name\":\"Flores y cantos en un festivo homenaje a Mandela en Londres\"},\"previousItem\":{\"@type\":\"ListItem\",\"@id\":\"https:\\\/\\\/www.eldigitaldeasturias.com\\\/noticias#listItem\",\"name\":\"Home\"}},{\"@type\":\"ListItem\",\"@id\":\"https:\\\/\\\/www.eldigitaldeasturias.com\\\/noticias\\\/flores-y-cantos-en-un-festivo-homenaje-a-mandela-en-londres\\\/#listItem\",\"position\":3,\"name\":\"Flores y cantos en un festivo homenaje a Mandela en Londres\",\"previousItem\":{\"@type\":\"ListItem\",\"@id\":\"https:\\\/\\\/www.eldigitaldeasturias.com\\\/noticias\\\/category\\\/sociedad\\\/#listItem\",\"name\":\"Sociedad\"}}]},{\"@type\":\"Organization\",\"@id\":\"https:\\\/\\\/www.eldigitaldeasturias.com\\\/noticias\\\/#organization\",\"name\":\"El Digital de Asturias\",\"description\":\"Hemeroteca\",\"url\":\"https:\\\/\\\/www.eldigitaldeasturias.com\\\/noticias\\\/\",\"email\":\"info@eldigitaldeasturias.com\",\"telephone\":\"+34652131393\",\"logo\":{\"@type\":\"ImageObject\",\"url\":\"https:\\\/\\\/www.eldigitaldeasturias.com\\\/noticias\\\/wp-content\\\/uploads\\\/2020\\\/12\\\/EDA.jpg\",\"@id\":\"https:\\\/\\\/www.eldigitaldeasturias.com\\\/noticias\\\/flores-y-cantos-en-un-festivo-homenaje-a-mandela-en-londres\\\/#organizationLogo\"},\"image\":{\"@id\":\"https:\\\/\\\/www.eldigitaldeasturias.com\\\/noticias\\\/flores-y-cantos-en-un-festivo-homenaje-a-mandela-en-londres\\\/#organizationLogo\"},\"sameAs\":[\"https:\\\/\\\/facebook.com\\\/eldigitaldeasturias\",\"https:\\\/\\\/www.youtube.com\\\/channel\\\/UCZP-2wLEB9Rv6erhFmqVnvg\"],\"address\":{\"@id\":\"https:\\\/\\\/www.eldigitaldeasturias.com\\\/noticias\\\/#postaladdress\",\"@type\":\"PostalAddress\",\"streetAddress\":\"san antonio 4\",\"postalCode\":\"33430\",\"addressLocality\":\"Cand\\u00e1s\",\"addressRegion\":\"Asturias\",\"addressCountry\":\"ES\"}},{\"@type\":\"Person\",\"@id\":\"https:\\\/\\\/www.eldigitaldeasturias.com\\\/noticias\\\/author\\\/admin\\\/#author\",\"url\":\"https:\\\/\\\/www.eldigitaldeasturias.com\\\/noticias\\\/author\\\/admin\\\/\",\"name\":\"El Digital de Asturias\",\"image\":{\"@type\":\"ImageObject\",\"@id\":\"https:\\\/\\\/www.eldigitaldeasturias.com\\\/noticias\\\/flores-y-cantos-en-un-festivo-homenaje-a-mandela-en-londres\\\/#authorImage\",\"url\":\"https:\\\/\\\/secure.gravatar.com\\\/avatar\\\/df2aeffc32bcd13f8d26072ef8a91b623d677766deac7f97ca815868cd41bf5e?s=96&d=mm&r=g\",\"width\":96,\"height\":96,\"caption\":\"El Digital de Asturias\"}},{\"@type\":\"WebPage\",\"@id\":\"https:\\\/\\\/www.eldigitaldeasturias.com\\\/noticias\\\/flores-y-cantos-en-un-festivo-homenaje-a-mandela-en-londres\\\/#webpage\",\"url\":\"https:\\\/\\\/www.eldigitaldeasturias.com\\\/noticias\\\/flores-y-cantos-en-un-festivo-homenaje-a-mandela-en-londres\\\/\",\"name\":\"Flores y cantos en un festivo homenaje a Mandela en Londres - El Digital de Asturias\",\"description\":\"Londres, 6 dic (EFE).- Flores, banderas sudafricanas, tarjetas y velas son colocadas hoy en recuerdo de Nelson Mandela ante la Casa de Sud\\u00e1frica, en la c\\u00e9ntrica plaza de Trafalgar de Londres, centro de protestas durante d\\u00e9cadas contra el \\\"apartheid\\\". Decenas de personas en la capital inglesa rindieron un festivo homenaje para \\\"celebrar la vida\\\" de\",\"inLanguage\":\"es-ES\",\"isPartOf\":{\"@id\":\"https:\\\/\\\/www.eldigitaldeasturias.com\\\/noticias\\\/#website\"},\"breadcrumb\":{\"@id\":\"https:\\\/\\\/www.eldigitaldeasturias.com\\\/noticias\\\/flores-y-cantos-en-un-festivo-homenaje-a-mandela-en-londres\\\/#breadcrumblist\"},\"author\":{\"@id\":\"https:\\\/\\\/www.eldigitaldeasturias.com\\\/noticias\\\/author\\\/admin\\\/#author\"},\"creator\":{\"@id\":\"https:\\\/\\\/www.eldigitaldeasturias.com\\\/noticias\\\/author\\\/admin\\\/#author\"},\"image\":{\"@type\":\"ImageObject\",\"url\":458837,\"@id\":\"https:\\\/\\\/www.eldigitaldeasturias.com\\\/noticias\\\/flores-y-cantos-en-un-festivo-homenaje-a-mandela-en-londres\\\/#mainImage\"},\"primaryImageOfPage\":{\"@id\":\"https:\\\/\\\/www.eldigitaldeasturias.com\\\/noticias\\\/flores-y-cantos-en-un-festivo-homenaje-a-mandela-en-londres\\\/#mainImage\"},\"datePublished\":\"2013-12-06T23:07:53+01:00\",\"dateModified\":\"2013-12-06T23:07:53+01:00\"},{\"@type\":\"WebSite\",\"@id\":\"https:\\\/\\\/www.eldigitaldeasturias.com\\\/noticias\\\/#website\",\"url\":\"https:\\\/\\\/www.eldigitaldeasturias.com\\\/noticias\\\/\",\"name\":\"El Digital de Asturias - Diario de actualidad y noticias\",\"alternateName\":\"El Digital de Asturias - Diario de actualidad y noticias\",\"description\":\"Hemeroteca\",\"inLanguage\":\"es-ES\",\"publisher\":{\"@id\":\"https:\\\/\\\/www.eldigitaldeasturias.com\\\/noticias\\\/#organization\"}}]}\n\t\t<\/script>\n\t\t<!-- All in One SEO Pro -->\r\n\t\t<title>Flores y cantos en un festivo homenaje a Mandela en Londres - El Digital de Asturias<\/title>\n\n","aioseo_head_json":{"title":"Flores y cantos en un festivo homenaje a Mandela en Londres - El Digital de Asturias","description":"Londres, 6 dic (EFE).- Flores, banderas sudafricanas, tarjetas y velas son colocadas hoy en recuerdo de Nelson Mandela ante la Casa de Sud\u00e1frica, en la c\u00e9ntrica plaza de Trafalgar de Londres, centro de protestas durante d\u00e9cadas contra el \"apartheid\". Decenas de personas en la capital inglesa rindieron un festivo homenaje para \"celebrar la vida\" de","canonical_url":"https:\/\/www.eldigitaldeasturias.com\/noticias\/flores-y-cantos-en-un-festivo-homenaje-a-mandela-en-londres\/","robots":"max-image-preview:large","keywords":"sociedad","webmasterTools":{"google-site-verification":"UA-38556648-1","msvalidate.01":"7dfe9f3f1b24437ab69f4f2559babe99","miscellaneous":""},"schema":{"@context":"https:\/\/schema.org","@graph":[{"@type":"BlogPosting","@id":"https:\/\/www.eldigitaldeasturias.com\/noticias\/flores-y-cantos-en-un-festivo-homenaje-a-mandela-en-londres\/#blogposting","name":"Flores y cantos en un festivo homenaje a Mandela en Londres - El Digital de Asturias","headline":"Flores y cantos en un festivo homenaje a Mandela en Londres","author":{"@id":"https:\/\/www.eldigitaldeasturias.com\/noticias\/author\/admin\/#author"},"publisher":{"@id":"https:\/\/www.eldigitaldeasturias.com\/noticias\/#organization"},"image":{"@type":"ImageObject","url":458837},"datePublished":"2013-12-06T23:07:53+01:00","dateModified":"2013-12-06T23:07:53+01:00","inLanguage":"es-ES","mainEntityOfPage":{"@id":"https:\/\/www.eldigitaldeasturias.com\/noticias\/flores-y-cantos-en-un-festivo-homenaje-a-mandela-en-londres\/#webpage"},"isPartOf":{"@id":"https:\/\/www.eldigitaldeasturias.com\/noticias\/flores-y-cantos-en-un-festivo-homenaje-a-mandela-en-londres\/#webpage"},"articleSection":"Sociedad"},{"@type":"BreadcrumbList","@id":"https:\/\/www.eldigitaldeasturias.com\/noticias\/flores-y-cantos-en-un-festivo-homenaje-a-mandela-en-londres\/#breadcrumblist","itemListElement":[{"@type":"ListItem","@id":"https:\/\/www.eldigitaldeasturias.com\/noticias#listItem","position":1,"name":"Home","item":"https:\/\/www.eldigitaldeasturias.com\/noticias","nextItem":{"@type":"ListItem","@id":"https:\/\/www.eldigitaldeasturias.com\/noticias\/category\/sociedad\/#listItem","name":"Sociedad"}},{"@type":"ListItem","@id":"https:\/\/www.eldigitaldeasturias.com\/noticias\/category\/sociedad\/#listItem","position":2,"name":"Sociedad","item":"https:\/\/www.eldigitaldeasturias.com\/noticias\/category\/sociedad\/","nextItem":{"@type":"ListItem","@id":"https:\/\/www.eldigitaldeasturias.com\/noticias\/flores-y-cantos-en-un-festivo-homenaje-a-mandela-en-londres\/#listItem","name":"Flores y cantos en un festivo homenaje a Mandela en Londres"},"previousItem":{"@type":"ListItem","@id":"https:\/\/www.eldigitaldeasturias.com\/noticias#listItem","name":"Home"}},{"@type":"ListItem","@id":"https:\/\/www.eldigitaldeasturias.com\/noticias\/flores-y-cantos-en-un-festivo-homenaje-a-mandela-en-londres\/#listItem","position":3,"name":"Flores y cantos en un festivo homenaje a Mandela en Londres","previousItem":{"@type":"ListItem","@id":"https:\/\/www.eldigitaldeasturias.com\/noticias\/category\/sociedad\/#listItem","name":"Sociedad"}}]},{"@type":"Organization","@id":"https:\/\/www.eldigitaldeasturias.com\/noticias\/#organization","name":"El Digital de Asturias","description":"Hemeroteca","url":"https:\/\/www.eldigitaldeasturias.com\/noticias\/","email":"info@eldigitaldeasturias.com","telephone":"+34652131393","logo":{"@type":"ImageObject","url":"https:\/\/www.eldigitaldeasturias.com\/noticias\/wp-content\/uploads\/2020\/12\/EDA.jpg","@id":"https:\/\/www.eldigitaldeasturias.com\/noticias\/flores-y-cantos-en-un-festivo-homenaje-a-mandela-en-londres\/#organizationLogo"},"image":{"@id":"https:\/\/www.eldigitaldeasturias.com\/noticias\/flores-y-cantos-en-un-festivo-homenaje-a-mandela-en-londres\/#organizationLogo"},"sameAs":["https:\/\/facebook.com\/eldigitaldeasturias","https:\/\/www.youtube.com\/channel\/UCZP-2wLEB9Rv6erhFmqVnvg"],"address":{"@id":"https:\/\/www.eldigitaldeasturias.com\/noticias\/#postaladdress","@type":"PostalAddress","streetAddress":"san antonio 4","postalCode":"33430","addressLocality":"Cand\u00e1s","addressRegion":"Asturias","addressCountry":"ES"}},{"@type":"Person","@id":"https:\/\/www.eldigitaldeasturias.com\/noticias\/author\/admin\/#author","url":"https:\/\/www.eldigitaldeasturias.com\/noticias\/author\/admin\/","name":"El Digital de Asturias","image":{"@type":"ImageObject","@id":"https:\/\/www.eldigitaldeasturias.com\/noticias\/flores-y-cantos-en-un-festivo-homenaje-a-mandela-en-londres\/#authorImage","url":"https:\/\/secure.gravatar.com\/avatar\/df2aeffc32bcd13f8d26072ef8a91b623d677766deac7f97ca815868cd41bf5e?s=96&d=mm&r=g","width":96,"height":96,"caption":"El Digital de Asturias"}},{"@type":"WebPage","@id":"https:\/\/www.eldigitaldeasturias.com\/noticias\/flores-y-cantos-en-un-festivo-homenaje-a-mandela-en-londres\/#webpage","url":"https:\/\/www.eldigitaldeasturias.com\/noticias\/flores-y-cantos-en-un-festivo-homenaje-a-mandela-en-londres\/","name":"Flores y cantos en un festivo homenaje a Mandela en Londres - El Digital de Asturias","description":"Londres, 6 dic (EFE).- Flores, banderas sudafricanas, tarjetas y velas son colocadas hoy en recuerdo de Nelson Mandela ante la Casa de Sud\u00e1frica, en la c\u00e9ntrica plaza de Trafalgar de Londres, centro de protestas durante d\u00e9cadas contra el \"apartheid\". Decenas de personas en la capital inglesa rindieron un festivo homenaje para \"celebrar la vida\" de","inLanguage":"es-ES","isPartOf":{"@id":"https:\/\/www.eldigitaldeasturias.com\/noticias\/#website"},"breadcrumb":{"@id":"https:\/\/www.eldigitaldeasturias.com\/noticias\/flores-y-cantos-en-un-festivo-homenaje-a-mandela-en-londres\/#breadcrumblist"},"author":{"@id":"https:\/\/www.eldigitaldeasturias.com\/noticias\/author\/admin\/#author"},"creator":{"@id":"https:\/\/www.eldigitaldeasturias.com\/noticias\/author\/admin\/#author"},"image":{"@type":"ImageObject","url":458837,"@id":"https:\/\/www.eldigitaldeasturias.com\/noticias\/flores-y-cantos-en-un-festivo-homenaje-a-mandela-en-londres\/#mainImage"},"primaryImageOfPage":{"@id":"https:\/\/www.eldigitaldeasturias.com\/noticias\/flores-y-cantos-en-un-festivo-homenaje-a-mandela-en-londres\/#mainImage"},"datePublished":"2013-12-06T23:07:53+01:00","dateModified":"2013-12-06T23:07:53+01:00"},{"@type":"WebSite","@id":"https:\/\/www.eldigitaldeasturias.com\/noticias\/#website","url":"https:\/\/www.eldigitaldeasturias.com\/noticias\/","name":"El Digital de Asturias - Diario de actualidad y noticias","alternateName":"El Digital de Asturias - Diario de actualidad y noticias","description":"Hemeroteca","inLanguage":"es-ES","publisher":{"@id":"https:\/\/www.eldigitaldeasturias.com\/noticias\/#organization"}}]},"og:locale":"es_ES","og:site_name":"El Digital de Asturias","og:type":"article","og:title":"Flores y cantos en un festivo homenaje a Mandela en Londres - El Digital de Asturias","og:description":"Londres, 6 dic (EFE).- Flores, banderas sudafricanas, tarjetas y velas son colocadas hoy en recuerdo de Nelson Mandela ante la Casa de Sud\u00e1frica, en la c\u00e9ntrica plaza de Trafalgar de Londres, centro de protestas durante d\u00e9cadas contra el &quot;apartheid&quot;. Decenas de personas en la capital inglesa rindieron un festivo homenaje para &quot;celebrar la vida&quot; de","og:url":"https:\/\/www.eldigitaldeasturias.com\/noticias\/flores-y-cantos-en-un-festivo-homenaje-a-mandela-en-londres\/","article:tag":["sociedad"],"article:published_time":"2013-12-07T00:07:53+00:00","article:modified_time":"2013-12-07T00:07:53+00:00","article:publisher":"https:\/\/facebook.com\/eldigitaldeasturias","twitter:card":"summary_large_image","twitter:title":"Flores y cantos en un festivo homenaje a Mandela en Londres - El Digital de Asturias","twitter:description":"Londres, 6 dic (EFE).- Flores, banderas sudafricanas, tarjetas y velas son colocadas hoy en recuerdo de Nelson Mandela ante la Casa de Sud\u00e1frica, en la c\u00e9ntrica plaza de Trafalgar de Londres, centro de protestas durante d\u00e9cadas contra el &quot;apartheid&quot;. Decenas de personas en la capital inglesa rindieron un festivo homenaje para &quot;celebrar la vida&quot; de","twitter:label1":"Escrito por","twitter:data1":"El Digital de Asturias","twitter:label2":"Tiempo de lectura estimado","twitter:data2":"2 minutos"},"aioseo_meta_data":{"post_id":"458836","title":null,"description":null,"keywords":null,"keyphrases":null,"primary_term":null,"canonical_url":null,"og_title":null,"og_description":null,"og_object_type":"default","og_image_type":"default","og_image_url":null,"og_image_width":null,"og_image_height":null,"og_image_custom_url":null,"og_image_custom_fields":null,"og_video":null,"og_custom_url":null,"og_article_section":null,"og_article_tags":null,"twitter_use_og":true,"twitter_card":"default","twitter_image_type":"default","twitter_image_url":null,"twitter_image_custom_url":null,"twitter_image_custom_fields":null,"twitter_title":null,"twitter_description":null,"schema":{"blockGraphs":[],"customGraphs":[],"default":{"data":{"Article":[],"Course":[],"Dataset":[],"FAQPage":[],"Movie":[],"Person":[],"Product":[],"ProductReview":[],"Car":[],"Recipe":[],"Service":[],"SoftwareApplication":[],"WebPage":[]},"graphName":"","isEnabled":true},"graphs":[],"defaultGraph":"","defaultPostTypeGraph":""},"schema_type":null,"schema_type_options":null,"pillar_content":false,"robots_default":true,"robots_noindex":false,"robots_noarchive":false,"robots_nosnippet":false,"robots_nofollow":false,"robots_noimageindex":false,"robots_noodp":false,"robots_notranslate":false,"robots_max_snippet":null,"robots_max_videopreview":null,"robots_max_imagepreview":"none","priority":null,"frequency":null,"local_seo":null,"seo_analyzer_scan_date":"2026-05-30 06:59:03","breadcrumb_settings":null,"limit_modified_date":false,"open_ai":null,"ai":null,"created":"2020-11-14 22:46:25","updated":"2026-05-30 06:59:03","focus_keyword":null,"additional_keywords":null,"truseo_locale":null},"aioseo_breadcrumb":"<div class=\"aioseo-breadcrumbs\"><span class=\"aioseo-breadcrumb\">\n\t<a href=\"https:\/\/www.eldigitaldeasturias.com\/noticias\" title=\"Home\">Home<\/a>\n<\/span><span class=\"aioseo-breadcrumb-separator\">\u2013<\/span><span class=\"aioseo-breadcrumb\">\n\t<a href=\"https:\/\/www.eldigitaldeasturias.com\/noticias\/category\/sociedad\/\" title=\"Sociedad\">Sociedad<\/a>\n<\/span><span class=\"aioseo-breadcrumb-separator\">\u2013<\/span><span class=\"aioseo-breadcrumb\">\n\t<a href=\"https:\/\/www.eldigitaldeasturias.com\/noticias\/flores-y-cantos-en-un-festivo-homenaje-a-mandela-en-londres\/\" title=\"Flores y cantos en un festivo homenaje a Mandela en Londres\">Flores y cantos en un festivo homenaje a Mandela en Londres<\/a>\n<\/span><\/div>","aioseo_breadcrumb_json":[{"label":"Home","link":"https:\/\/www.eldigitaldeasturias.com\/noticias"},{"label":"Sociedad","link":"https:\/\/www.eldigitaldeasturias.com\/noticias\/category\/sociedad\/"},{"label":"Flores y cantos en un festivo homenaje a Mandela en Londres","link":"https:\/\/www.eldigitaldeasturias.com\/noticias\/flores-y-cantos-en-un-festivo-homenaje-a-mandela-en-londres\/"}],"_links":{"self":[{"href":"https:\/\/www.eldigitaldeasturias.com\/noticias\/wp-json\/wp\/v2\/posts\/458836","targetHints":{"allow":["GET"]}}],"collection":[{"href":"https:\/\/www.eldigitaldeasturias.com\/noticias\/wp-json\/wp\/v2\/posts"}],"about":[{"href":"https:\/\/www.eldigitaldeasturias.com\/noticias\/wp-json\/wp\/v2\/types\/post"}],"author":[{"embeddable":true,"href":"https:\/\/www.eldigitaldeasturias.com\/noticias\/wp-json\/wp\/v2\/users\/1"}],"replies":[{"embeddable":true,"href":"https:\/\/www.eldigitaldeasturias.com\/noticias\/wp-json\/wp\/v2\/comments?post=458836"}],"version-history":[{"count":0,"href":"https:\/\/www.eldigitaldeasturias.com\/noticias\/wp-json\/wp\/v2\/posts\/458836\/revisions"}],"wp:attachment":[{"href":"https:\/\/www.eldigitaldeasturias.com\/noticias\/wp-json\/wp\/v2\/media?parent=458836"}],"wp:term":[{"taxonomy":"category","embeddable":true,"href":"https:\/\/www.eldigitaldeasturias.com\/noticias\/wp-json\/wp\/v2\/categories?post=458836"},{"taxonomy":"post_tag","embeddable":true,"href":"https:\/\/www.eldigitaldeasturias.com\/noticias\/wp-json\/wp\/v2\/tags?post=458836"}],"curies":[{"name":"wp","href":"https:\/\/api.w.org\/{rel}","templated":true}]}}