{"id":458833,"date":"2013-12-06T23:05:47","date_gmt":"2013-12-07T00:05:47","guid":{"rendered":"http:\/\/www.eldigitaldeasturias.com\/noticias\/?p=458833"},"modified":"2013-12-06T23:05:47","modified_gmt":"2013-12-07T00:05:47","slug":"el-cantante-yandel-es-hospitalizado-tras-sufrir-un-accidente-automovilistico","status":"publish","type":"post","link":"https:\/\/www.eldigitaldeasturias.com\/noticias\/el-cantante-yandel-es-hospitalizado-tras-sufrir-un-accidente-automovilistico\/","title":{"rendered":"El cantante Yandel es hospitalizado tras sufrir un accidente automovil\u00edstico"},"content":{"rendered":"<p><img loading=\"lazy\" decoding=\"async\" class=\"alignleft size-medium wp-image-458834\" alt=\"5777151w\" src=\"https:\/\/www.eldigitaldeasturias.com\/noticias\/wp-content\/uploads\/2013\/12\/5777151w-360x238.jpg\" width=\"360\" height=\"238\" \/>M\u00e9xico, 6 dic (EFE).- El cantante puertorrique\u00f1o Yandel, que participa en M\u00e9xico en el programa \u00abLa Voz\u00bb, fue hospitalizado tras sufrir un accidente automovil\u00edstico cuando regresaba de la localidad de Valle de Bravo, en el centro del pa\u00eds.<\/p>\n<p>Una fuente de la cadena Televisa confirm\u00f3 a Efe que Yandel sufri\u00f3 el percance, aunque dijo que no hab\u00eda sido muy grave y que el pr\u00f3ximo domingo estar\u00eda en la semifinal del programa en el que lucha junto con Wisin por descubrir a la mejor voz del pa\u00eds.<\/p>\n<p>En declaraciones a la cadena de televisi\u00f3n, el representante del int\u00e9rprete, Armando Lozano, dijo que sufri\u00f3 varios golpes pero \u00abest\u00e1 bien\u00bb, por lo que solo permanecer\u00eda dos d\u00edas m\u00e1s en el hospital.<\/p>\n<p>Explic\u00f3 que en el regreso a la capital mexicana, despu\u00e9s de una grabaci\u00f3n para el programa \u00abLa Voz\u00bb en Valle de Bravo, su veh\u00edculo derrap\u00f3 en una curva.<\/p>\n<p>Adem\u00e1s de participar como entrenador en el programa de Televisa, que terminar\u00e1 el pr\u00f3ximo 15 de diciembre, Yandel est\u00e1 en plena promoci\u00f3n de su \u00faltimo disco, \u00abDe l\u00edder a leyenda\u00bb.<\/p>\n","protected":false},"excerpt":{"rendered":"<p>M\u00e9xico, 6 dic (EFE).- El cantante puertorrique\u00f1o Yandel, que participa en M\u00e9xico en el programa \u00abLa Voz\u00bb, fue hospitalizado tras sufrir un accidente automovil\u00edstico cuando regresaba de la localidad de Valle de Bravo, en el centro del pa\u00eds. Una fuente de la cadena Televisa confirm\u00f3 a Efe que Yandel sufri\u00f3 el percance, aunque dijo que [&hellip;]<\/p>\n","protected":false},"author":1,"featured_media":458834,"comment_status":"closed","ping_status":"open","sticky":false,"template":"","format":"standard","meta":{"footnotes":""},"categories":[28],"tags":[],"class_list":["post-458833","post","type-post","status-publish","format-standard","has-post-thumbnail","hentry","category-sociedad"],"aioseo_notices":[],"aioseo_head":"\n\t\t<!-- All in One SEO Pro 5.0.1 - aioseo.com -->\n\t<meta name=\"description\" content=\"M\u00e9xico, 6 dic (EFE).- El cantante puertorrique\u00f1o Yandel, que participa en M\u00e9xico en el programa &quot;La Voz&quot;, fue hospitalizado tras sufrir un accidente automovil\u00edstico cuando regresaba de la localidad de Valle de Bravo, en el centro del pa\u00eds. Una fuente de la cadena Televisa confirm\u00f3 a Efe que Yandel sufri\u00f3 el percance, aunque dijo que\" \/>\n\t<meta name=\"robots\" content=\"max-image-preview:large\" \/>\n\t<meta name=\"author\" content=\"El Digital de Asturias\"\/>\n\t<meta name=\"google-site-verification\" content=\"UA-38556648-1\" \/>\n\t<meta name=\"msvalidate.01\" content=\"7dfe9f3f1b24437ab69f4f2559babe99\" \/>\n\t<meta name=\"keywords\" content=\"sociedad\" \/>\n\t<link rel=\"canonical\" href=\"https:\/\/www.eldigitaldeasturias.com\/noticias\/el-cantante-yandel-es-hospitalizado-tras-sufrir-un-accidente-automovilistico\/\" \/>\n\t<meta name=\"generator\" content=\"All in One SEO Pro (AIOSEO) 5.0.1\" \/>\n\t\t<meta property=\"og:locale\" content=\"es_ES\" \/>\n\t\t<meta property=\"og:site_name\" content=\"El Digital de Asturias\" \/>\n\t\t<meta property=\"og:type\" content=\"article\" \/>\n\t\t<meta property=\"og:title\" content=\"El cantante Yandel es hospitalizado tras sufrir un accidente automovil\u00edstico - El Digital de Asturias\" \/>\n\t\t<meta property=\"og:description\" content=\"M\u00e9xico, 6 dic (EFE).- El cantante puertorrique\u00f1o Yandel, que participa en M\u00e9xico en el programa &quot;La Voz&quot;, fue hospitalizado tras sufrir un accidente automovil\u00edstico cuando regresaba de la localidad de Valle de Bravo, en el centro del pa\u00eds. Una fuente de la cadena Televisa confirm\u00f3 a Efe que Yandel sufri\u00f3 el percance, aunque dijo que\" \/>\n\t\t<meta property=\"og:url\" content=\"https:\/\/www.eldigitaldeasturias.com\/noticias\/el-cantante-yandel-es-hospitalizado-tras-sufrir-un-accidente-automovilistico\/\" \/>\n\t\t<meta property=\"article:tag\" content=\"sociedad\" \/>\n\t\t<meta property=\"article:published_time\" content=\"2013-12-07T00:05:47+00:00\" \/>\n\t\t<meta property=\"article:modified_time\" content=\"2013-12-07T00:05:47+00:00\" \/>\n\t\t<meta property=\"article:publisher\" content=\"https:\/\/facebook.com\/eldigitaldeasturias\" \/>\n\t\t<meta name=\"twitter:card\" content=\"summary_large_image\" \/>\n\t\t<meta name=\"twitter:title\" content=\"El cantante Yandel es hospitalizado tras sufrir un accidente automovil\u00edstico - El Digital de Asturias\" \/>\n\t\t<meta name=\"twitter:description\" content=\"M\u00e9xico, 6 dic (EFE).- El cantante puertorrique\u00f1o Yandel, que participa en M\u00e9xico en el programa &quot;La Voz&quot;, fue hospitalizado tras sufrir un accidente automovil\u00edstico cuando regresaba de la localidad de Valle de Bravo, en el centro del pa\u00eds. Una fuente de la cadena Televisa confirm\u00f3 a Efe que Yandel sufri\u00f3 el percance, aunque dijo que\" \/>\n\t\t<meta name=\"twitter:label1\" content=\"Escrito por\" \/>\n\t\t<meta name=\"twitter:data1\" content=\"El Digital de Asturias\" \/>\n\t\t<meta name=\"twitter:label2\" content=\"Tiempo de lectura estimado\" \/>\n\t\t<meta name=\"twitter:data2\" content=\"1 minuto\" \/>\n\t\t<script type=\"application\/ld+json\" class=\"aioseo-schema\">\n\t\t\t{\"@context\":\"https:\\\/\\\/schema.org\",\"@graph\":[{\"@type\":\"BlogPosting\",\"@id\":\"https:\\\/\\\/www.eldigitaldeasturias.com\\\/noticias\\\/el-cantante-yandel-es-hospitalizado-tras-sufrir-un-accidente-automovilistico\\\/#blogposting\",\"name\":\"El cantante Yandel es hospitalizado tras sufrir un accidente automovil\\u00edstico - El Digital de Asturias\",\"headline\":\"El cantante Yandel es hospitalizado tras sufrir un accidente automovil\\u00edstico\",\"author\":{\"@id\":\"https:\\\/\\\/www.eldigitaldeasturias.com\\\/noticias\\\/author\\\/admin\\\/#author\"},\"publisher\":{\"@id\":\"https:\\\/\\\/www.eldigitaldeasturias.com\\\/noticias\\\/#organization\"},\"image\":{\"@type\":\"ImageObject\",\"url\":458834},\"datePublished\":\"2013-12-06T23:05:47+01:00\",\"dateModified\":\"2013-12-06T23:05:47+01:00\",\"inLanguage\":\"es-ES\",\"mainEntityOfPage\":{\"@id\":\"https:\\\/\\\/www.eldigitaldeasturias.com\\\/noticias\\\/el-cantante-yandel-es-hospitalizado-tras-sufrir-un-accidente-automovilistico\\\/#webpage\"},\"isPartOf\":{\"@id\":\"https:\\\/\\\/www.eldigitaldeasturias.com\\\/noticias\\\/el-cantante-yandel-es-hospitalizado-tras-sufrir-un-accidente-automovilistico\\\/#webpage\"},\"articleSection\":\"Sociedad\"},{\"@type\":\"BreadcrumbList\",\"@id\":\"https:\\\/\\\/www.eldigitaldeasturias.com\\\/noticias\\\/el-cantante-yandel-es-hospitalizado-tras-sufrir-un-accidente-automovilistico\\\/#breadcrumblist\",\"itemListElement\":[{\"@type\":\"ListItem\",\"@id\":\"https:\\\/\\\/www.eldigitaldeasturias.com\\\/noticias#listItem\",\"position\":1,\"name\":\"Home\",\"item\":\"https:\\\/\\\/www.eldigitaldeasturias.com\\\/noticias\",\"nextItem\":{\"@type\":\"ListItem\",\"@id\":\"https:\\\/\\\/www.eldigitaldeasturias.com\\\/noticias\\\/category\\\/sociedad\\\/#listItem\",\"name\":\"Sociedad\"}},{\"@type\":\"ListItem\",\"@id\":\"https:\\\/\\\/www.eldigitaldeasturias.com\\\/noticias\\\/category\\\/sociedad\\\/#listItem\",\"position\":2,\"name\":\"Sociedad\",\"item\":\"https:\\\/\\\/www.eldigitaldeasturias.com\\\/noticias\\\/category\\\/sociedad\\\/\",\"nextItem\":{\"@type\":\"ListItem\",\"@id\":\"https:\\\/\\\/www.eldigitaldeasturias.com\\\/noticias\\\/el-cantante-yandel-es-hospitalizado-tras-sufrir-un-accidente-automovilistico\\\/#listItem\",\"name\":\"El cantante Yandel es hospitalizado tras sufrir un accidente automovil\\u00edstico\"},\"previousItem\":{\"@type\":\"ListItem\",\"@id\":\"https:\\\/\\\/www.eldigitaldeasturias.com\\\/noticias#listItem\",\"name\":\"Home\"}},{\"@type\":\"ListItem\",\"@id\":\"https:\\\/\\\/www.eldigitaldeasturias.com\\\/noticias\\\/el-cantante-yandel-es-hospitalizado-tras-sufrir-un-accidente-automovilistico\\\/#listItem\",\"position\":3,\"name\":\"El cantante Yandel es hospitalizado tras sufrir un accidente automovil\\u00edstico\",\"previousItem\":{\"@type\":\"ListItem\",\"@id\":\"https:\\\/\\\/www.eldigitaldeasturias.com\\\/noticias\\\/category\\\/sociedad\\\/#listItem\",\"name\":\"Sociedad\"}}]},{\"@type\":\"Organization\",\"@id\":\"https:\\\/\\\/www.eldigitaldeasturias.com\\\/noticias\\\/#organization\",\"name\":\"El Digital de Asturias\",\"description\":\"Hemeroteca\",\"url\":\"https:\\\/\\\/www.eldigitaldeasturias.com\\\/noticias\\\/\",\"email\":\"info@eldigitaldeasturias.com\",\"telephone\":\"+34652131393\",\"logo\":{\"@type\":\"ImageObject\",\"url\":\"https:\\\/\\\/www.eldigitaldeasturias.com\\\/noticias\\\/wp-content\\\/uploads\\\/2020\\\/12\\\/EDA.jpg\",\"@id\":\"https:\\\/\\\/www.eldigitaldeasturias.com\\\/noticias\\\/el-cantante-yandel-es-hospitalizado-tras-sufrir-un-accidente-automovilistico\\\/#organizationLogo\"},\"image\":{\"@id\":\"https:\\\/\\\/www.eldigitaldeasturias.com\\\/noticias\\\/el-cantante-yandel-es-hospitalizado-tras-sufrir-un-accidente-automovilistico\\\/#organizationLogo\"},\"sameAs\":[\"https:\\\/\\\/facebook.com\\\/eldigitaldeasturias\",\"https:\\\/\\\/www.youtube.com\\\/channel\\\/UCZP-2wLEB9Rv6erhFmqVnvg\"],\"address\":{\"@id\":\"https:\\\/\\\/www.eldigitaldeasturias.com\\\/noticias\\\/#postaladdress\",\"@type\":\"PostalAddress\",\"streetAddress\":\"san antonio 4\",\"postalCode\":\"33430\",\"addressLocality\":\"Cand\\u00e1s\",\"addressRegion\":\"Asturias\",\"addressCountry\":\"ES\"}},{\"@type\":\"Person\",\"@id\":\"https:\\\/\\\/www.eldigitaldeasturias.com\\\/noticias\\\/author\\\/admin\\\/#author\",\"url\":\"https:\\\/\\\/www.eldigitaldeasturias.com\\\/noticias\\\/author\\\/admin\\\/\",\"name\":\"El Digital de Asturias\",\"image\":{\"@type\":\"ImageObject\",\"@id\":\"https:\\\/\\\/www.eldigitaldeasturias.com\\\/noticias\\\/el-cantante-yandel-es-hospitalizado-tras-sufrir-un-accidente-automovilistico\\\/#authorImage\",\"url\":\"https:\\\/\\\/secure.gravatar.com\\\/avatar\\\/df2aeffc32bcd13f8d26072ef8a91b623d677766deac7f97ca815868cd41bf5e?s=96&d=mm&r=g\",\"width\":96,\"height\":96,\"caption\":\"El Digital de Asturias\"}},{\"@type\":\"WebPage\",\"@id\":\"https:\\\/\\\/www.eldigitaldeasturias.com\\\/noticias\\\/el-cantante-yandel-es-hospitalizado-tras-sufrir-un-accidente-automovilistico\\\/#webpage\",\"url\":\"https:\\\/\\\/www.eldigitaldeasturias.com\\\/noticias\\\/el-cantante-yandel-es-hospitalizado-tras-sufrir-un-accidente-automovilistico\\\/\",\"name\":\"El cantante Yandel es hospitalizado tras sufrir un accidente automovil\\u00edstico - El Digital de Asturias\",\"description\":\"M\\u00e9xico, 6 dic (EFE).- El cantante puertorrique\\u00f1o Yandel, que participa en M\\u00e9xico en el programa \\\"La Voz\\\", fue hospitalizado tras sufrir un accidente automovil\\u00edstico cuando regresaba de la localidad de Valle de Bravo, en el centro del pa\\u00eds. Una fuente de la cadena Televisa confirm\\u00f3 a Efe que Yandel sufri\\u00f3 el percance, aunque dijo que\",\"inLanguage\":\"es-ES\",\"isPartOf\":{\"@id\":\"https:\\\/\\\/www.eldigitaldeasturias.com\\\/noticias\\\/#website\"},\"breadcrumb\":{\"@id\":\"https:\\\/\\\/www.eldigitaldeasturias.com\\\/noticias\\\/el-cantante-yandel-es-hospitalizado-tras-sufrir-un-accidente-automovilistico\\\/#breadcrumblist\"},\"author\":{\"@id\":\"https:\\\/\\\/www.eldigitaldeasturias.com\\\/noticias\\\/author\\\/admin\\\/#author\"},\"creator\":{\"@id\":\"https:\\\/\\\/www.eldigitaldeasturias.com\\\/noticias\\\/author\\\/admin\\\/#author\"},\"image\":{\"@type\":\"ImageObject\",\"url\":458834,\"@id\":\"https:\\\/\\\/www.eldigitaldeasturias.com\\\/noticias\\\/el-cantante-yandel-es-hospitalizado-tras-sufrir-un-accidente-automovilistico\\\/#mainImage\"},\"primaryImageOfPage\":{\"@id\":\"https:\\\/\\\/www.eldigitaldeasturias.com\\\/noticias\\\/el-cantante-yandel-es-hospitalizado-tras-sufrir-un-accidente-automovilistico\\\/#mainImage\"},\"datePublished\":\"2013-12-06T23:05:47+01:00\",\"dateModified\":\"2013-12-06T23:05:47+01:00\"},{\"@type\":\"WebSite\",\"@id\":\"https:\\\/\\\/www.eldigitaldeasturias.com\\\/noticias\\\/#website\",\"url\":\"https:\\\/\\\/www.eldigitaldeasturias.com\\\/noticias\\\/\",\"name\":\"El Digital de Asturias - Diario de actualidad y noticias\",\"alternateName\":\"El Digital de Asturias - Diario de actualidad y noticias\",\"description\":\"Hemeroteca\",\"inLanguage\":\"es-ES\",\"publisher\":{\"@id\":\"https:\\\/\\\/www.eldigitaldeasturias.com\\\/noticias\\\/#organization\"}}]}\n\t\t<\/script>\n\t\t<!-- All in One SEO Pro -->\r\n\t\t<title>El cantante Yandel es hospitalizado tras sufrir un accidente automovil\u00edstico - El Digital de Asturias<\/title>\n\n","aioseo_head_json":{"title":"El cantante Yandel es hospitalizado tras sufrir un accidente automovil\u00edstico - El Digital de Asturias","description":"M\u00e9xico, 6 dic (EFE).- El cantante puertorrique\u00f1o Yandel, que participa en M\u00e9xico en el programa \"La Voz\", fue hospitalizado tras sufrir un accidente automovil\u00edstico cuando regresaba de la localidad de Valle de Bravo, en el centro del pa\u00eds. Una fuente de la cadena Televisa confirm\u00f3 a Efe que Yandel sufri\u00f3 el percance, aunque dijo que","canonical_url":"https:\/\/www.eldigitaldeasturias.com\/noticias\/el-cantante-yandel-es-hospitalizado-tras-sufrir-un-accidente-automovilistico\/","robots":"max-image-preview:large","keywords":"sociedad","webmasterTools":{"google-site-verification":"UA-38556648-1","msvalidate.01":"7dfe9f3f1b24437ab69f4f2559babe99","miscellaneous":""},"schema":{"@context":"https:\/\/schema.org","@graph":[{"@type":"BlogPosting","@id":"https:\/\/www.eldigitaldeasturias.com\/noticias\/el-cantante-yandel-es-hospitalizado-tras-sufrir-un-accidente-automovilistico\/#blogposting","name":"El cantante Yandel es hospitalizado tras sufrir un accidente automovil\u00edstico - El Digital de Asturias","headline":"El cantante Yandel es hospitalizado tras sufrir un accidente automovil\u00edstico","author":{"@id":"https:\/\/www.eldigitaldeasturias.com\/noticias\/author\/admin\/#author"},"publisher":{"@id":"https:\/\/www.eldigitaldeasturias.com\/noticias\/#organization"},"image":{"@type":"ImageObject","url":458834},"datePublished":"2013-12-06T23:05:47+01:00","dateModified":"2013-12-06T23:05:47+01:00","inLanguage":"es-ES","mainEntityOfPage":{"@id":"https:\/\/www.eldigitaldeasturias.com\/noticias\/el-cantante-yandel-es-hospitalizado-tras-sufrir-un-accidente-automovilistico\/#webpage"},"isPartOf":{"@id":"https:\/\/www.eldigitaldeasturias.com\/noticias\/el-cantante-yandel-es-hospitalizado-tras-sufrir-un-accidente-automovilistico\/#webpage"},"articleSection":"Sociedad"},{"@type":"BreadcrumbList","@id":"https:\/\/www.eldigitaldeasturias.com\/noticias\/el-cantante-yandel-es-hospitalizado-tras-sufrir-un-accidente-automovilistico\/#breadcrumblist","itemListElement":[{"@type":"ListItem","@id":"https:\/\/www.eldigitaldeasturias.com\/noticias#listItem","position":1,"name":"Home","item":"https:\/\/www.eldigitaldeasturias.com\/noticias","nextItem":{"@type":"ListItem","@id":"https:\/\/www.eldigitaldeasturias.com\/noticias\/category\/sociedad\/#listItem","name":"Sociedad"}},{"@type":"ListItem","@id":"https:\/\/www.eldigitaldeasturias.com\/noticias\/category\/sociedad\/#listItem","position":2,"name":"Sociedad","item":"https:\/\/www.eldigitaldeasturias.com\/noticias\/category\/sociedad\/","nextItem":{"@type":"ListItem","@id":"https:\/\/www.eldigitaldeasturias.com\/noticias\/el-cantante-yandel-es-hospitalizado-tras-sufrir-un-accidente-automovilistico\/#listItem","name":"El cantante Yandel es hospitalizado tras sufrir un accidente automovil\u00edstico"},"previousItem":{"@type":"ListItem","@id":"https:\/\/www.eldigitaldeasturias.com\/noticias#listItem","name":"Home"}},{"@type":"ListItem","@id":"https:\/\/www.eldigitaldeasturias.com\/noticias\/el-cantante-yandel-es-hospitalizado-tras-sufrir-un-accidente-automovilistico\/#listItem","position":3,"name":"El cantante Yandel es hospitalizado tras sufrir un accidente automovil\u00edstico","previousItem":{"@type":"ListItem","@id":"https:\/\/www.eldigitaldeasturias.com\/noticias\/category\/sociedad\/#listItem","name":"Sociedad"}}]},{"@type":"Organization","@id":"https:\/\/www.eldigitaldeasturias.com\/noticias\/#organization","name":"El Digital de Asturias","description":"Hemeroteca","url":"https:\/\/www.eldigitaldeasturias.com\/noticias\/","email":"info@eldigitaldeasturias.com","telephone":"+34652131393","logo":{"@type":"ImageObject","url":"https:\/\/www.eldigitaldeasturias.com\/noticias\/wp-content\/uploads\/2020\/12\/EDA.jpg","@id":"https:\/\/www.eldigitaldeasturias.com\/noticias\/el-cantante-yandel-es-hospitalizado-tras-sufrir-un-accidente-automovilistico\/#organizationLogo"},"image":{"@id":"https:\/\/www.eldigitaldeasturias.com\/noticias\/el-cantante-yandel-es-hospitalizado-tras-sufrir-un-accidente-automovilistico\/#organizationLogo"},"sameAs":["https:\/\/facebook.com\/eldigitaldeasturias","https:\/\/www.youtube.com\/channel\/UCZP-2wLEB9Rv6erhFmqVnvg"],"address":{"@id":"https:\/\/www.eldigitaldeasturias.com\/noticias\/#postaladdress","@type":"PostalAddress","streetAddress":"san antonio 4","postalCode":"33430","addressLocality":"Cand\u00e1s","addressRegion":"Asturias","addressCountry":"ES"}},{"@type":"Person","@id":"https:\/\/www.eldigitaldeasturias.com\/noticias\/author\/admin\/#author","url":"https:\/\/www.eldigitaldeasturias.com\/noticias\/author\/admin\/","name":"El Digital de Asturias","image":{"@type":"ImageObject","@id":"https:\/\/www.eldigitaldeasturias.com\/noticias\/el-cantante-yandel-es-hospitalizado-tras-sufrir-un-accidente-automovilistico\/#authorImage","url":"https:\/\/secure.gravatar.com\/avatar\/df2aeffc32bcd13f8d26072ef8a91b623d677766deac7f97ca815868cd41bf5e?s=96&d=mm&r=g","width":96,"height":96,"caption":"El Digital de Asturias"}},{"@type":"WebPage","@id":"https:\/\/www.eldigitaldeasturias.com\/noticias\/el-cantante-yandel-es-hospitalizado-tras-sufrir-un-accidente-automovilistico\/#webpage","url":"https:\/\/www.eldigitaldeasturias.com\/noticias\/el-cantante-yandel-es-hospitalizado-tras-sufrir-un-accidente-automovilistico\/","name":"El cantante Yandel es hospitalizado tras sufrir un accidente automovil\u00edstico - El Digital de Asturias","description":"M\u00e9xico, 6 dic (EFE).- El cantante puertorrique\u00f1o Yandel, que participa en M\u00e9xico en el programa \"La Voz\", fue hospitalizado tras sufrir un accidente automovil\u00edstico cuando regresaba de la localidad de Valle de Bravo, en el centro del pa\u00eds. Una fuente de la cadena Televisa confirm\u00f3 a Efe que Yandel sufri\u00f3 el percance, aunque dijo que","inLanguage":"es-ES","isPartOf":{"@id":"https:\/\/www.eldigitaldeasturias.com\/noticias\/#website"},"breadcrumb":{"@id":"https:\/\/www.eldigitaldeasturias.com\/noticias\/el-cantante-yandel-es-hospitalizado-tras-sufrir-un-accidente-automovilistico\/#breadcrumblist"},"author":{"@id":"https:\/\/www.eldigitaldeasturias.com\/noticias\/author\/admin\/#author"},"creator":{"@id":"https:\/\/www.eldigitaldeasturias.com\/noticias\/author\/admin\/#author"},"image":{"@type":"ImageObject","url":458834,"@id":"https:\/\/www.eldigitaldeasturias.com\/noticias\/el-cantante-yandel-es-hospitalizado-tras-sufrir-un-accidente-automovilistico\/#mainImage"},"primaryImageOfPage":{"@id":"https:\/\/www.eldigitaldeasturias.com\/noticias\/el-cantante-yandel-es-hospitalizado-tras-sufrir-un-accidente-automovilistico\/#mainImage"},"datePublished":"2013-12-06T23:05:47+01:00","dateModified":"2013-12-06T23:05:47+01:00"},{"@type":"WebSite","@id":"https:\/\/www.eldigitaldeasturias.com\/noticias\/#website","url":"https:\/\/www.eldigitaldeasturias.com\/noticias\/","name":"El Digital de Asturias - Diario de actualidad y noticias","alternateName":"El Digital de Asturias - Diario de actualidad y noticias","description":"Hemeroteca","inLanguage":"es-ES","publisher":{"@id":"https:\/\/www.eldigitaldeasturias.com\/noticias\/#organization"}}]},"og:locale":"es_ES","og:site_name":"El Digital de Asturias","og:type":"article","og:title":"El cantante Yandel es hospitalizado tras sufrir un accidente automovil\u00edstico - El Digital de Asturias","og:description":"M\u00e9xico, 6 dic (EFE).- El cantante puertorrique\u00f1o Yandel, que participa en M\u00e9xico en el programa &quot;La Voz&quot;, fue hospitalizado tras sufrir un accidente automovil\u00edstico cuando regresaba de la localidad de Valle de Bravo, en el centro del pa\u00eds. Una fuente de la cadena Televisa confirm\u00f3 a Efe que Yandel sufri\u00f3 el percance, aunque dijo que","og:url":"https:\/\/www.eldigitaldeasturias.com\/noticias\/el-cantante-yandel-es-hospitalizado-tras-sufrir-un-accidente-automovilistico\/","article:tag":["sociedad"],"article:published_time":"2013-12-07T00:05:47+00:00","article:modified_time":"2013-12-07T00:05:47+00:00","article:publisher":"https:\/\/facebook.com\/eldigitaldeasturias","twitter:card":"summary_large_image","twitter:title":"El cantante Yandel es hospitalizado tras sufrir un accidente automovil\u00edstico - El Digital de Asturias","twitter:description":"M\u00e9xico, 6 dic (EFE).- El cantante puertorrique\u00f1o Yandel, que participa en M\u00e9xico en el programa &quot;La Voz&quot;, fue hospitalizado tras sufrir un accidente automovil\u00edstico cuando regresaba de la localidad de Valle de Bravo, en el centro del pa\u00eds. Una fuente de la cadena Televisa confirm\u00f3 a Efe que Yandel sufri\u00f3 el percance, aunque dijo que","twitter:label1":"Escrito por","twitter:data1":"El Digital de Asturias","twitter:label2":"Tiempo de lectura estimado","twitter:data2":"1 minuto"},"aioseo_meta_data":{"post_id":"458833","title":null,"description":null,"keywords":null,"keyphrases":null,"primary_term":null,"canonical_url":null,"og_title":null,"og_description":null,"og_object_type":"default","og_image_type":"default","og_image_url":null,"og_image_width":null,"og_image_height":null,"og_image_custom_url":null,"og_image_custom_fields":null,"og_video":null,"og_custom_url":null,"og_article_section":null,"og_article_tags":null,"twitter_use_og":true,"twitter_card":"default","twitter_image_type":"default","twitter_image_url":null,"twitter_image_custom_url":null,"twitter_image_custom_fields":null,"twitter_title":null,"twitter_description":null,"schema":{"blockGraphs":[],"customGraphs":[],"default":{"data":{"Article":[],"Course":[],"Dataset":[],"FAQPage":[],"Movie":[],"Person":[],"Product":[],"ProductReview":[],"Car":[],"Recipe":[],"Service":[],"SoftwareApplication":[],"WebPage":[]},"graphName":"","isEnabled":true},"graphs":[],"defaultGraph":"","defaultPostTypeGraph":""},"schema_type":null,"schema_type_options":null,"pillar_content":false,"robots_default":true,"robots_noindex":false,"robots_noarchive":false,"robots_nosnippet":false,"robots_nofollow":false,"robots_noimageindex":false,"robots_noodp":false,"robots_notranslate":false,"robots_max_snippet":null,"robots_max_videopreview":null,"robots_max_imagepreview":"none","priority":null,"frequency":null,"local_seo":null,"seo_analyzer_scan_date":"2026-05-30 06:59:02","breadcrumb_settings":null,"limit_modified_date":false,"open_ai":null,"ai":null,"created":"2020-11-14 22:46:25","updated":"2026-05-30 06:59:02","focus_keyword":null,"additional_keywords":null,"truseo_locale":null},"aioseo_breadcrumb":"<div class=\"aioseo-breadcrumbs\"><span class=\"aioseo-breadcrumb\">\n\t<a href=\"https:\/\/www.eldigitaldeasturias.com\/noticias\" title=\"Home\">Home<\/a>\n<\/span><span class=\"aioseo-breadcrumb-separator\">\u2013<\/span><span class=\"aioseo-breadcrumb\">\n\t<a href=\"https:\/\/www.eldigitaldeasturias.com\/noticias\/category\/sociedad\/\" title=\"Sociedad\">Sociedad<\/a>\n<\/span><span class=\"aioseo-breadcrumb-separator\">\u2013<\/span><span class=\"aioseo-breadcrumb\">\n\t<a href=\"https:\/\/www.eldigitaldeasturias.com\/noticias\/el-cantante-yandel-es-hospitalizado-tras-sufrir-un-accidente-automovilistico\/\" title=\"El cantante Yandel es hospitalizado tras sufrir un accidente automovil\u00edstico\">El cantante Yandel es hospitalizado tras sufrir un accidente automovil\u00edstico<\/a>\n<\/span><\/div>","aioseo_breadcrumb_json":[{"label":"Home","link":"https:\/\/www.eldigitaldeasturias.com\/noticias"},{"label":"Sociedad","link":"https:\/\/www.eldigitaldeasturias.com\/noticias\/category\/sociedad\/"},{"label":"El cantante Yandel es hospitalizado tras sufrir un accidente automovil\u00edstico","link":"https:\/\/www.eldigitaldeasturias.com\/noticias\/el-cantante-yandel-es-hospitalizado-tras-sufrir-un-accidente-automovilistico\/"}],"_links":{"self":[{"href":"https:\/\/www.eldigitaldeasturias.com\/noticias\/wp-json\/wp\/v2\/posts\/458833","targetHints":{"allow":["GET"]}}],"collection":[{"href":"https:\/\/www.eldigitaldeasturias.com\/noticias\/wp-json\/wp\/v2\/posts"}],"about":[{"href":"https:\/\/www.eldigitaldeasturias.com\/noticias\/wp-json\/wp\/v2\/types\/post"}],"author":[{"embeddable":true,"href":"https:\/\/www.eldigitaldeasturias.com\/noticias\/wp-json\/wp\/v2\/users\/1"}],"replies":[{"embeddable":true,"href":"https:\/\/www.eldigitaldeasturias.com\/noticias\/wp-json\/wp\/v2\/comments?post=458833"}],"version-history":[{"count":0,"href":"https:\/\/www.eldigitaldeasturias.com\/noticias\/wp-json\/wp\/v2\/posts\/458833\/revisions"}],"wp:attachment":[{"href":"https:\/\/www.eldigitaldeasturias.com\/noticias\/wp-json\/wp\/v2\/media?parent=458833"}],"wp:term":[{"taxonomy":"category","embeddable":true,"href":"https:\/\/www.eldigitaldeasturias.com\/noticias\/wp-json\/wp\/v2\/categories?post=458833"},{"taxonomy":"post_tag","embeddable":true,"href":"https:\/\/www.eldigitaldeasturias.com\/noticias\/wp-json\/wp\/v2\/tags?post=458833"}],"curies":[{"name":"wp","href":"https:\/\/api.w.org\/{rel}","templated":true}]}}